{"id":1485,"date":"2019-10-14T12:00:11","date_gmt":"2019-10-14T10:00:11","guid":{"rendered":"http:\/\/www.anovapeneira.gal\/?p=1485"},"modified":"2019-10-13T22:13:07","modified_gmt":"2019-10-13T20:13:07","slug":"comezan-as-obras-de-mellora-da-accesibilidade-as-praias-de-pescadoira-e-petis","status":"publish","type":"post","link":"https:\/\/www.anovapeneira.gal\/index.php\/2019\/10\/14\/comezan-as-obras-de-mellora-da-accesibilidade-as-praias-de-pescadoira-e-petis\/","title":{"rendered":"Comezan as obras de mellora da accesibilidade \u00e1s praias de Pescadoira e Pet\u00eds"},"content":{"rendered":"\n<p><strong>Bueu, a 10 de outubro de 2019<\/strong><\/p>\n\n\n\n<p>As praias urbanas de Pescadoira e Pet\u00eds ver\u00e1n mellorados os seus accesos nos pr\u00f3ximos meses, tras o remate das obras que se est\u00e1n levando a cabo na contorna da Nave de Deportes N\u00e1uticos. A actuaci\u00f3n, subvencionada pola Axencia Galega de Turismo da Xunta de Galicia e con cargo aos remanentes do Plan Concellos 2017 da Deputaci\u00f3n de Pontevedra, permitir\u00e1 pavimentar con formig\u00f3n impreso arredor de 780 metros cadrados.<\/p>\n\n\n\n<p>\nO\nalcalde de Bueu, F\u00e9lix Juncal, visitou esta semana as obras que est\u00e1\nlevando a cabo a empresa Pavimentos Industriais Fonteca SLU, que\nresultou adxudicataria cun orzamento de 30.855 \u20ac. Segundo o\nrexedor, \u201ctr\u00e1tase de acometer a mellora ambiental da fronte\nmar\u00edtima de toda a Avenida Montero R\u00edos a trav\u00e9s de diversas\nactuaci\u00f3ns\u201d. \n<\/p>\n\n\n\n<p>\nCon\nesta actuaci\u00f3n pret\u00e9ndese mellorar a accesibilidade a estes dous\nareais situados no centro da vila e moi visitados pola cidadan\u00eda\nlocal e tam\u00e9n polos turistas que ve\u00f1en ano a ano, revalorizar\nurbanisticamente o entorno ata convertelo nun elemento potenciador do\nextreme este do paseo mar\u00edtimo, e renovar as instalaci\u00f3ns\ndeportivas co fin de contribu\u00edr \u00e1 promoci\u00f3n e desenvolvemento do\ndeporte n\u00e1utico. \n<\/p>\n\n\n\n<p>\nOs\ntraballos que se levar\u00e1n a cabo son: a limpeza mec\u00e1nica mediante a\naplicaci\u00f3n sobre a superficie de lanza de auga a presi\u00f3n, e o\npavimento continuo de formig\u00f3n impreso. \n<\/p>\n","protected":false},"excerpt":{"rendered":"<div class=\"mh-excerpt\"><p>As praias urbanas de Pescadoira e Pet\u00eds ver\u00e1n mellorados os seus accesos nos pr\u00f3ximos meses, tras o remate das obras que se est\u00e1n levando a cabo na contorna da Nave de Deportes N\u00e1uticos <a class=\"mh-excerpt-more\" href=\"https:\/\/www.anovapeneira.gal\/index.php\/2019\/10\/14\/comezan-as-obras-de-mellora-da-accesibilidade-as-praias-de-pescadoira-e-petis\/\" title=\"Comezan as obras de mellora da accesibilidade \u00e1s praias de Pescadoira e Pet\u00eds\">[&#8230;]<\/a><\/p>\n<\/div>","protected":false},"author":3,"featured_media":1486,"comment_status":"open","ping_status":"open","sticky":false,"template":"","format":"standard","meta":{"_exactmetrics_skip_tracking":false,"_exactmetrics_sitenote_active":false,"_exactmetrics_sitenote_note":"","_exactmetrics_sitenote_category":0,"footnotes":""},"categories":[22],"tags":[440,657,658,28],"class_list":{"0":"post-1485","1":"post","2":"type-post","3":"status-publish","4":"format-standard","5":"has-post-thumbnail","7":"category-morrazo","8":"tag-concello-de-bueu","9":"tag-praia-de-pescadoira","10":"tag-praia-petis","11":"tag-turismo"},"yoast_head":"<!-- This site is optimized with the Yoast SEO plugin v27.4 - https:\/\/yoast.com\/product\/yoast-seo-wordpress\/ -->\n<title>Comezan as obras de mellora da accesibilidade \u00e1s praias de Pescadoira e Pet\u00eds -<\/title>\n<meta name=\"robots\" content=\"index, follow, max-snippet:-1, max-image-preview:large, max-video-preview:-1\" \/>\n<link rel=\"canonical\" href=\"https:\/\/www.anovapeneira.gal\/index.php\/2019\/10\/14\/comezan-as-obras-de-mellora-da-accesibilidade-as-praias-de-pescadoira-e-petis\/\" \/>\n<meta property=\"og:locale\" content=\"gl_ES\" \/>\n<meta property=\"og:type\" content=\"article\" \/>\n<meta property=\"og:title\" content=\"Comezan as obras de mellora da accesibilidade \u00e1s praias de Pescadoira e Pet\u00eds -\" \/>\n<meta property=\"og:description\" content=\"As praias urbanas de Pescadoira e Pet\u00eds ver\u00e1n mellorados os seus accesos nos pr\u00f3ximos meses, tras o remate das obras que se est\u00e1n levando a cabo na contorna da Nave de Deportes N\u00e1uticos [...]\" \/>\n<meta property=\"og:url\" content=\"https:\/\/www.anovapeneira.gal\/index.php\/2019\/10\/14\/comezan-as-obras-de-mellora-da-accesibilidade-as-praias-de-pescadoira-e-petis\/\" \/>\n<meta property=\"article:publisher\" content=\"https:\/\/www.facebook.com\/anovapeneira\" \/>\n<meta property=\"article:published_time\" content=\"2019-10-14T10:00:11+00:00\" \/>\n<meta property=\"og:image\" content=\"https:\/\/www.anovapeneira.gal\/wp-content\/uploads\/2019\/10\/bueu_a_nova_peneira.jpeg\" \/>\n\t<meta property=\"og:image:width\" content=\"720\" \/>\n\t<meta property=\"og:image:height\" content=\"473\" \/>\n\t<meta property=\"og:image:type\" content=\"image\/jpeg\" \/>\n<meta name=\"author\" content=\"Redacci\u00f3n A Nova Peneira\" \/>\n<meta name=\"twitter:card\" content=\"summary_large_image\" \/>\n<meta name=\"twitter:creator\" content=\"@APeneira\" \/>\n<meta name=\"twitter:site\" content=\"@APeneira\" \/>\n<meta name=\"twitter:label1\" content=\"Escrito por\" \/>\n\t<meta name=\"twitter:data1\" content=\"Redacci\u00f3n A Nova Peneira\" \/>\n\t<meta name=\"twitter:label2\" content=\"Tempo de lectura\" \/>\n\t<meta name=\"twitter:data2\" content=\"1 minuto\" \/>\n<script type=\"application\/ld+json\" class=\"yoast-schema-graph\">{\"@context\":\"https:\\\/\\\/schema.org\",\"@graph\":[{\"@type\":\"Article\",\"@id\":\"https:\\\/\\\/www.anovapeneira.gal\\\/index.php\\\/2019\\\/10\\\/14\\\/comezan-as-obras-de-mellora-da-accesibilidade-as-praias-de-pescadoira-e-petis\\\/#article\",\"isPartOf\":{\"@id\":\"https:\\\/\\\/www.anovapeneira.gal\\\/index.php\\\/2019\\\/10\\\/14\\\/comezan-as-obras-de-mellora-da-accesibilidade-as-praias-de-pescadoira-e-petis\\\/\"},\"author\":{\"name\":\"Redacci\u00f3n A Nova Peneira\",\"@id\":\"https:\\\/\\\/www.anovapeneira.gal\\\/#\\\/schema\\\/person\\\/b93e3f8932e3f8da96334607eb6ac6aa\"},\"headline\":\"Comezan as obras de mellora da accesibilidade \u00e1s praias de Pescadoira e Pet\u00eds\",\"datePublished\":\"2019-10-14T10:00:11+00:00\",\"mainEntityOfPage\":{\"@id\":\"https:\\\/\\\/www.anovapeneira.gal\\\/index.php\\\/2019\\\/10\\\/14\\\/comezan-as-obras-de-mellora-da-accesibilidade-as-praias-de-pescadoira-e-petis\\\/\"},\"wordCount\":256,\"commentCount\":0,\"publisher\":{\"@id\":\"https:\\\/\\\/www.anovapeneira.gal\\\/#organization\"},\"image\":{\"@id\":\"https:\\\/\\\/www.anovapeneira.gal\\\/index.php\\\/2019\\\/10\\\/14\\\/comezan-as-obras-de-mellora-da-accesibilidade-as-praias-de-pescadoira-e-petis\\\/#primaryimage\"},\"thumbnailUrl\":\"https:\\\/\\\/www.anovapeneira.gal\\\/wp-content\\\/uploads\\\/2019\\\/10\\\/bueu_a_nova_peneira.jpeg\",\"keywords\":[\"Concello de Bueu\",\"Praia de Pescadoira\",\"Praia Pet\u00eds\",\"Turismo\"],\"articleSection\":[\"Morrazo\"],\"inLanguage\":\"gl-ES\",\"potentialAction\":[{\"@type\":\"CommentAction\",\"name\":\"Comment\",\"target\":[\"https:\\\/\\\/www.anovapeneira.gal\\\/index.php\\\/2019\\\/10\\\/14\\\/comezan-as-obras-de-mellora-da-accesibilidade-as-praias-de-pescadoira-e-petis\\\/#respond\"]}]},{\"@type\":\"WebPage\",\"@id\":\"https:\\\/\\\/www.anovapeneira.gal\\\/index.php\\\/2019\\\/10\\\/14\\\/comezan-as-obras-de-mellora-da-accesibilidade-as-praias-de-pescadoira-e-petis\\\/\",\"url\":\"https:\\\/\\\/www.anovapeneira.gal\\\/index.php\\\/2019\\\/10\\\/14\\\/comezan-as-obras-de-mellora-da-accesibilidade-as-praias-de-pescadoira-e-petis\\\/\",\"name\":\"Comezan as obras de mellora da accesibilidade \u00e1s praias de Pescadoira e Pet\u00eds -\",\"isPartOf\":{\"@id\":\"https:\\\/\\\/www.anovapeneira.gal\\\/#website\"},\"primaryImageOfPage\":{\"@id\":\"https:\\\/\\\/www.anovapeneira.gal\\\/index.php\\\/2019\\\/10\\\/14\\\/comezan-as-obras-de-mellora-da-accesibilidade-as-praias-de-pescadoira-e-petis\\\/#primaryimage\"},\"image\":{\"@id\":\"https:\\\/\\\/www.anovapeneira.gal\\\/index.php\\\/2019\\\/10\\\/14\\\/comezan-as-obras-de-mellora-da-accesibilidade-as-praias-de-pescadoira-e-petis\\\/#primaryimage\"},\"thumbnailUrl\":\"https:\\\/\\\/www.anovapeneira.gal\\\/wp-content\\\/uploads\\\/2019\\\/10\\\/bueu_a_nova_peneira.jpeg\",\"datePublished\":\"2019-10-14T10:00:11+00:00\",\"breadcrumb\":{\"@id\":\"https:\\\/\\\/www.anovapeneira.gal\\\/index.php\\\/2019\\\/10\\\/14\\\/comezan-as-obras-de-mellora-da-accesibilidade-as-praias-de-pescadoira-e-petis\\\/#breadcrumb\"},\"inLanguage\":\"gl-ES\",\"potentialAction\":[{\"@type\":\"ReadAction\",\"target\":[\"https:\\\/\\\/www.anovapeneira.gal\\\/index.php\\\/2019\\\/10\\\/14\\\/comezan-as-obras-de-mellora-da-accesibilidade-as-praias-de-pescadoira-e-petis\\\/\"]}]},{\"@type\":\"ImageObject\",\"inLanguage\":\"gl-ES\",\"@id\":\"https:\\\/\\\/www.anovapeneira.gal\\\/index.php\\\/2019\\\/10\\\/14\\\/comezan-as-obras-de-mellora-da-accesibilidade-as-praias-de-pescadoira-e-petis\\\/#primaryimage\",\"url\":\"https:\\\/\\\/www.anovapeneira.gal\\\/wp-content\\\/uploads\\\/2019\\\/10\\\/bueu_a_nova_peneira.jpeg\",\"contentUrl\":\"https:\\\/\\\/www.anovapeneira.gal\\\/wp-content\\\/uploads\\\/2019\\\/10\\\/bueu_a_nova_peneira.jpeg\",\"width\":720,\"height\":473,\"caption\":\"Prais Bueu A Nova Peneira\"},{\"@type\":\"BreadcrumbList\",\"@id\":\"https:\\\/\\\/www.anovapeneira.gal\\\/index.php\\\/2019\\\/10\\\/14\\\/comezan-as-obras-de-mellora-da-accesibilidade-as-praias-de-pescadoira-e-petis\\\/#breadcrumb\",\"itemListElement\":[{\"@type\":\"ListItem\",\"position\":1,\"name\":\"Portada\",\"item\":\"https:\\\/\\\/www.anovapeneira.gal\\\/\"},{\"@type\":\"ListItem\",\"position\":2,\"name\":\"Comezan as obras de mellora da accesibilidade \u00e1s praias de Pescadoira e Pet\u00eds\"}]},{\"@type\":\"WebSite\",\"@id\":\"https:\\\/\\\/www.anovapeneira.gal\\\/#website\",\"url\":\"https:\\\/\\\/www.anovapeneira.gal\\\/\",\"name\":\"\",\"description\":\"Xornal galego de informaci\u00f3n xeral Publicaci\u00f3n mensual de novas de Galicia e en especial dos Concellos da sur da provincia de Pontevedra.\",\"publisher\":{\"@id\":\"https:\\\/\\\/www.anovapeneira.gal\\\/#organization\"},\"potentialAction\":[{\"@type\":\"SearchAction\",\"target\":{\"@type\":\"EntryPoint\",\"urlTemplate\":\"https:\\\/\\\/www.anovapeneira.gal\\\/?s={search_term_string}\"},\"query-input\":{\"@type\":\"PropertyValueSpecification\",\"valueRequired\":true,\"valueName\":\"search_term_string\"}}],\"inLanguage\":\"gl-ES\"},{\"@type\":\"Organization\",\"@id\":\"https:\\\/\\\/www.anovapeneira.gal\\\/#organization\",\"name\":\"A Nova Peneira\",\"url\":\"https:\\\/\\\/www.anovapeneira.gal\\\/\",\"logo\":{\"@type\":\"ImageObject\",\"inLanguage\":\"gl-ES\",\"@id\":\"https:\\\/\\\/www.anovapeneira.gal\\\/#\\\/schema\\\/logo\\\/image\\\/\",\"url\":\"http:\\\/\\\/www.anovapeneira.gal\\\/wp-content\\\/uploads\\\/2019\\\/06\\\/logo_a_nova_peneira_portal_web.png\",\"contentUrl\":\"http:\\\/\\\/www.anovapeneira.gal\\\/wp-content\\\/uploads\\\/2019\\\/06\\\/logo_a_nova_peneira_portal_web.png\",\"width\":300,\"height\":100,\"caption\":\"A Nova Peneira\"},\"image\":{\"@id\":\"https:\\\/\\\/www.anovapeneira.gal\\\/#\\\/schema\\\/logo\\\/image\\\/\"},\"sameAs\":[\"https:\\\/\\\/www.facebook.com\\\/anovapeneira\",\"https:\\\/\\\/x.com\\\/APeneira\"]},{\"@type\":\"Person\",\"@id\":\"https:\\\/\\\/www.anovapeneira.gal\\\/#\\\/schema\\\/person\\\/b93e3f8932e3f8da96334607eb6ac6aa\",\"name\":\"Redacci\u00f3n A Nova Peneira\",\"image\":{\"@type\":\"ImageObject\",\"inLanguage\":\"gl-ES\",\"@id\":\"https:\\\/\\\/secure.gravatar.com\\\/avatar\\\/c052a2551a06e23fac63626232eaa90abd78dbcf1700fc46a2b2c89fd27b735f?s=96&d=mm&r=g\",\"url\":\"https:\\\/\\\/secure.gravatar.com\\\/avatar\\\/c052a2551a06e23fac63626232eaa90abd78dbcf1700fc46a2b2c89fd27b735f?s=96&d=mm&r=g\",\"contentUrl\":\"https:\\\/\\\/secure.gravatar.com\\\/avatar\\\/c052a2551a06e23fac63626232eaa90abd78dbcf1700fc46a2b2c89fd27b735f?s=96&d=mm&r=g\",\"caption\":\"Redacci\u00f3n A Nova Peneira\"},\"sameAs\":[\"http:\\\/\\\/www.anovapeneira.gal\\\/\"],\"url\":\"https:\\\/\\\/www.anovapeneira.gal\\\/index.php\\\/author\\\/redactor\\\/\"}]}<\/script>\n<!-- \/ Yoast SEO plugin. -->","yoast_head_json":{"title":"Comezan as obras de mellora da accesibilidade \u00e1s praias de Pescadoira e Pet\u00eds -","robots":{"index":"index","follow":"follow","max-snippet":"max-snippet:-1","max-image-preview":"max-image-preview:large","max-video-preview":"max-video-preview:-1"},"canonical":"https:\/\/www.anovapeneira.gal\/index.php\/2019\/10\/14\/comezan-as-obras-de-mellora-da-accesibilidade-as-praias-de-pescadoira-e-petis\/","og_locale":"gl_ES","og_type":"article","og_title":"Comezan as obras de mellora da accesibilidade \u00e1s praias de Pescadoira e Pet\u00eds -","og_description":"As praias urbanas de Pescadoira e Pet\u00eds ver\u00e1n mellorados os seus accesos nos pr\u00f3ximos meses, tras o remate das obras que se est\u00e1n levando a cabo na contorna da Nave de Deportes N\u00e1uticos [...]","og_url":"https:\/\/www.anovapeneira.gal\/index.php\/2019\/10\/14\/comezan-as-obras-de-mellora-da-accesibilidade-as-praias-de-pescadoira-e-petis\/","article_publisher":"https:\/\/www.facebook.com\/anovapeneira","article_published_time":"2019-10-14T10:00:11+00:00","og_image":[{"width":720,"height":473,"url":"https:\/\/www.anovapeneira.gal\/wp-content\/uploads\/2019\/10\/bueu_a_nova_peneira.jpeg","type":"image\/jpeg"}],"author":"Redacci\u00f3n A Nova Peneira","twitter_card":"summary_large_image","twitter_creator":"@APeneira","twitter_site":"@APeneira","twitter_misc":{"Escrito por":"Redacci\u00f3n A Nova Peneira","Tempo de lectura":"1 minuto"},"schema":{"@context":"https:\/\/schema.org","@graph":[{"@type":"Article","@id":"https:\/\/www.anovapeneira.gal\/index.php\/2019\/10\/14\/comezan-as-obras-de-mellora-da-accesibilidade-as-praias-de-pescadoira-e-petis\/#article","isPartOf":{"@id":"https:\/\/www.anovapeneira.gal\/index.php\/2019\/10\/14\/comezan-as-obras-de-mellora-da-accesibilidade-as-praias-de-pescadoira-e-petis\/"},"author":{"name":"Redacci\u00f3n A Nova Peneira","@id":"https:\/\/www.anovapeneira.gal\/#\/schema\/person\/b93e3f8932e3f8da96334607eb6ac6aa"},"headline":"Comezan as obras de mellora da accesibilidade \u00e1s praias de Pescadoira e Pet\u00eds","datePublished":"2019-10-14T10:00:11+00:00","mainEntityOfPage":{"@id":"https:\/\/www.anovapeneira.gal\/index.php\/2019\/10\/14\/comezan-as-obras-de-mellora-da-accesibilidade-as-praias-de-pescadoira-e-petis\/"},"wordCount":256,"commentCount":0,"publisher":{"@id":"https:\/\/www.anovapeneira.gal\/#organization"},"image":{"@id":"https:\/\/www.anovapeneira.gal\/index.php\/2019\/10\/14\/comezan-as-obras-de-mellora-da-accesibilidade-as-praias-de-pescadoira-e-petis\/#primaryimage"},"thumbnailUrl":"https:\/\/www.anovapeneira.gal\/wp-content\/uploads\/2019\/10\/bueu_a_nova_peneira.jpeg","keywords":["Concello de Bueu","Praia de Pescadoira","Praia Pet\u00eds","Turismo"],"articleSection":["Morrazo"],"inLanguage":"gl-ES","potentialAction":[{"@type":"CommentAction","name":"Comment","target":["https:\/\/www.anovapeneira.gal\/index.php\/2019\/10\/14\/comezan-as-obras-de-mellora-da-accesibilidade-as-praias-de-pescadoira-e-petis\/#respond"]}]},{"@type":"WebPage","@id":"https:\/\/www.anovapeneira.gal\/index.php\/2019\/10\/14\/comezan-as-obras-de-mellora-da-accesibilidade-as-praias-de-pescadoira-e-petis\/","url":"https:\/\/www.anovapeneira.gal\/index.php\/2019\/10\/14\/comezan-as-obras-de-mellora-da-accesibilidade-as-praias-de-pescadoira-e-petis\/","name":"Comezan as obras de mellora da accesibilidade \u00e1s praias de Pescadoira e Pet\u00eds -","isPartOf":{"@id":"https:\/\/www.anovapeneira.gal\/#website"},"primaryImageOfPage":{"@id":"https:\/\/www.anovapeneira.gal\/index.php\/2019\/10\/14\/comezan-as-obras-de-mellora-da-accesibilidade-as-praias-de-pescadoira-e-petis\/#primaryimage"},"image":{"@id":"https:\/\/www.anovapeneira.gal\/index.php\/2019\/10\/14\/comezan-as-obras-de-mellora-da-accesibilidade-as-praias-de-pescadoira-e-petis\/#primaryimage"},"thumbnailUrl":"https:\/\/www.anovapeneira.gal\/wp-content\/uploads\/2019\/10\/bueu_a_nova_peneira.jpeg","datePublished":"2019-10-14T10:00:11+00:00","breadcrumb":{"@id":"https:\/\/www.anovapeneira.gal\/index.php\/2019\/10\/14\/comezan-as-obras-de-mellora-da-accesibilidade-as-praias-de-pescadoira-e-petis\/#breadcrumb"},"inLanguage":"gl-ES","potentialAction":[{"@type":"ReadAction","target":["https:\/\/www.anovapeneira.gal\/index.php\/2019\/10\/14\/comezan-as-obras-de-mellora-da-accesibilidade-as-praias-de-pescadoira-e-petis\/"]}]},{"@type":"ImageObject","inLanguage":"gl-ES","@id":"https:\/\/www.anovapeneira.gal\/index.php\/2019\/10\/14\/comezan-as-obras-de-mellora-da-accesibilidade-as-praias-de-pescadoira-e-petis\/#primaryimage","url":"https:\/\/www.anovapeneira.gal\/wp-content\/uploads\/2019\/10\/bueu_a_nova_peneira.jpeg","contentUrl":"https:\/\/www.anovapeneira.gal\/wp-content\/uploads\/2019\/10\/bueu_a_nova_peneira.jpeg","width":720,"height":473,"caption":"Prais Bueu A Nova Peneira"},{"@type":"BreadcrumbList","@id":"https:\/\/www.anovapeneira.gal\/index.php\/2019\/10\/14\/comezan-as-obras-de-mellora-da-accesibilidade-as-praias-de-pescadoira-e-petis\/#breadcrumb","itemListElement":[{"@type":"ListItem","position":1,"name":"Portada","item":"https:\/\/www.anovapeneira.gal\/"},{"@type":"ListItem","position":2,"name":"Comezan as obras de mellora da accesibilidade \u00e1s praias de Pescadoira e Pet\u00eds"}]},{"@type":"WebSite","@id":"https:\/\/www.anovapeneira.gal\/#website","url":"https:\/\/www.anovapeneira.gal\/","name":"","description":"Xornal galego de informaci\u00f3n xeral Publicaci\u00f3n mensual de novas de Galicia e en especial dos Concellos da sur da provincia de Pontevedra.","publisher":{"@id":"https:\/\/www.anovapeneira.gal\/#organization"},"potentialAction":[{"@type":"SearchAction","target":{"@type":"EntryPoint","urlTemplate":"https:\/\/www.anovapeneira.gal\/?s={search_term_string}"},"query-input":{"@type":"PropertyValueSpecification","valueRequired":true,"valueName":"search_term_string"}}],"inLanguage":"gl-ES"},{"@type":"Organization","@id":"https:\/\/www.anovapeneira.gal\/#organization","name":"A Nova Peneira","url":"https:\/\/www.anovapeneira.gal\/","logo":{"@type":"ImageObject","inLanguage":"gl-ES","@id":"https:\/\/www.anovapeneira.gal\/#\/schema\/logo\/image\/","url":"http:\/\/www.anovapeneira.gal\/wp-content\/uploads\/2019\/06\/logo_a_nova_peneira_portal_web.png","contentUrl":"http:\/\/www.anovapeneira.gal\/wp-content\/uploads\/2019\/06\/logo_a_nova_peneira_portal_web.png","width":300,"height":100,"caption":"A Nova Peneira"},"image":{"@id":"https:\/\/www.anovapeneira.gal\/#\/schema\/logo\/image\/"},"sameAs":["https:\/\/www.facebook.com\/anovapeneira","https:\/\/x.com\/APeneira"]},{"@type":"Person","@id":"https:\/\/www.anovapeneira.gal\/#\/schema\/person\/b93e3f8932e3f8da96334607eb6ac6aa","name":"Redacci\u00f3n A Nova Peneira","image":{"@type":"ImageObject","inLanguage":"gl-ES","@id":"https:\/\/secure.gravatar.com\/avatar\/c052a2551a06e23fac63626232eaa90abd78dbcf1700fc46a2b2c89fd27b735f?s=96&d=mm&r=g","url":"https:\/\/secure.gravatar.com\/avatar\/c052a2551a06e23fac63626232eaa90abd78dbcf1700fc46a2b2c89fd27b735f?s=96&d=mm&r=g","contentUrl":"https:\/\/secure.gravatar.com\/avatar\/c052a2551a06e23fac63626232eaa90abd78dbcf1700fc46a2b2c89fd27b735f?s=96&d=mm&r=g","caption":"Redacci\u00f3n A Nova Peneira"},"sameAs":["http:\/\/www.anovapeneira.gal\/"],"url":"https:\/\/www.anovapeneira.gal\/index.php\/author\/redactor\/"}]}},"jetpack_featured_media_url":"https:\/\/www.anovapeneira.gal\/wp-content\/uploads\/2019\/10\/bueu_a_nova_peneira.jpeg","_links":{"self":[{"href":"https:\/\/www.anovapeneira.gal\/index.php\/wp-json\/wp\/v2\/posts\/1485","targetHints":{"allow":["GET"]}}],"collection":[{"href":"https:\/\/www.anovapeneira.gal\/index.php\/wp-json\/wp\/v2\/posts"}],"about":[{"href":"https:\/\/www.anovapeneira.gal\/index.php\/wp-json\/wp\/v2\/types\/post"}],"author":[{"embeddable":true,"href":"https:\/\/www.anovapeneira.gal\/index.php\/wp-json\/wp\/v2\/users\/3"}],"replies":[{"embeddable":true,"href":"https:\/\/www.anovapeneira.gal\/index.php\/wp-json\/wp\/v2\/comments?post=1485"}],"version-history":[{"count":2,"href":"https:\/\/www.anovapeneira.gal\/index.php\/wp-json\/wp\/v2\/posts\/1485\/revisions"}],"predecessor-version":[{"id":1488,"href":"https:\/\/www.anovapeneira.gal\/index.php\/wp-json\/wp\/v2\/posts\/1485\/revisions\/1488"}],"wp:featuredmedia":[{"embeddable":true,"href":"https:\/\/www.anovapeneira.gal\/index.php\/wp-json\/wp\/v2\/media\/1486"}],"wp:attachment":[{"href":"https:\/\/www.anovapeneira.gal\/index.php\/wp-json\/wp\/v2\/media?parent=1485"}],"wp:term":[{"taxonomy":"category","embeddable":true,"href":"https:\/\/www.anovapeneira.gal\/index.php\/wp-json\/wp\/v2\/categories?post=1485"},{"taxonomy":"post_tag","embeddable":true,"href":"https:\/\/www.anovapeneira.gal\/index.php\/wp-json\/wp\/v2\/tags?post=1485"}],"curies":[{"name":"wp","href":"https:\/\/api.w.org\/{rel}","templated":true}]}}