{"id":14851,"date":"2025-10-29T10:00:15","date_gmt":"2025-10-29T09:00:15","guid":{"rendered":"https:\/\/www.anovapeneira.gal\/?p=14851"},"modified":"2025-10-21T20:06:48","modified_gmt":"2025-10-21T18:06:48","slug":"o-bng-calcula-un-aforro-de-150-000e-a-negociacion-do-concello-con-adif-na-ponte-de-casal-do-monte","status":"publish","type":"post","link":"https:\/\/www.anovapeneira.gal\/index.php\/2025\/10\/29\/o-bng-calcula-un-aforro-de-150-000e-a-negociacion-do-concello-con-adif-na-ponte-de-casal-do-monte\/","title":{"rendered":"O BNG calcula un aforro de 150.000\u20ac a negociaci\u00f3n do concello con ADIF na ponte de Casal do Monte"},"content":{"rendered":"\n<p>O BNG calcula un aforro de 150.000\u20ac a negociaci\u00f3n do concello con ADIF na ponte de Casal do Monte<\/p>\n\n\n\n<p><em><strong>Xo\u00e1n Carlos Gonz\u00e1lez \u201cEn abril o ente ferroviario respostou positivamente a unha iniciativa do BNG no Congreso a abrir un proceso de negociaci\u00f3n\u201d<\/strong><\/em><\/p>\n\n\n\n<p>Dende o Bloque Nacionalista Galego anuncian a posibilidade de que o concello chegue a un acordo co administrador de infraestructuras ferroviarias, ADIF para afrontar a renovaci\u00f3n da ponte de Casal do Monte en Saxamonde. As\u00ed se recolle na resposta do ministerio a unha iniciativa parlamentaria do deputado nacionalista N\u00e9stor Rego. Deste xeito o concello aforrar\u00eda 150.000\u20ac que est\u00e1n consignados para esta obra.<\/p>\n\n\n\n<p>O voceiro nacionalista Xo\u00e1n Carlos Gonz\u00e1lez, insta \u00e1 alcaldesa Digna Rivas a que se po\u00f1a mans \u00e1 obra para chegar a un acordo beneficioso para Redondela. \u201cEstamos ante un claro caso de deixadez institucional dende o concello\u201d, afirma. Considera que para poder acadar un resultado beneficioso para o concello, a alcaldesa debe por todo o seu empe\u00f1o.<\/p>\n\n\n\n<p>\u201cTivemos a iniciativa de que ADIF asumir\u00e1 os custes de renovaci\u00f3n da ponte de Casal do Monte, cun orzamento de 150.000\u20ac\u201d, anuncia o edil nacionalista. A resposta do gobern\u00f3 do estado prantexaba que deber\u00eda ser o concello quen realizara a solicitude. Esta proposta do BNG data xa de abril do ano 2025, polo que tempo houbo suficiente para negociar co administrador ferroviario.<\/p>\n\n\n\n<p>B\u00f3talle en cara igualmente Xo\u00e1n Carlos Gonz\u00e1lez, a Javier Bas o vergo\u00f1ento episodio no que en nome da deputaci\u00f3n afirmaba que iban arranxar a ponte. \u201cDeber\u00eda ter tirado dos seus contactos no Congreso para saber a opini\u00f3n de ADIF, mais s\u00f3 lle interesou o lucimento persoal\u201d, sinala.<\/p>\n\n\n\n<p>Xo\u00e1n Carlos Gonz\u00e1lez considera que ADIF asuma a renovaci\u00f3n da ponte de Casal do Monte, tratar\u00edase dunha oportunidade que non se pode deixar escapar. Deste xeito poder\u00edase aforrar unha importante partida econ\u00f3mica e reinvertila noutras necesidades das parroquias de Redondela. \u201cFrente \u00e1 propaganda do bipartidismo, n\u00f3s, o BNG propomos soluci\u00f3ns beneficiosasa para os veci\u00f1os e veci\u00f1as\u201d, insiste.<\/p>\n\n\n\n<p>A pol\u00e9mica obra da ponte de Casal do Monte rem\u00f3ntase ao ano 2018, cando se iniciaron os traballos. Por diversas problem\u00e1ticas, desinterese das administraci\u00f3ns e porque non lles era rend\u00edbel eleitoralmente non se rematou. Agora \u00e1brese a posibilidade de que se compense \u00e1 veci\u00f1anza, remata Xo\u00e1n Carlos Gonz\u00e1lez.<\/p>\n","protected":false},"excerpt":{"rendered":"<div class=\"mh-excerpt\"><p>Xo\u00e1n Carlos Gonz\u00e1lez \u201cEn abril o ente ferroviario respostou positivamente a unha iniciativa do BNG no Congreso a abrir un proceso de negociaci\u00f3n\u201d <a class=\"mh-excerpt-more\" href=\"https:\/\/www.anovapeneira.gal\/index.php\/2025\/10\/29\/o-bng-calcula-un-aforro-de-150-000e-a-negociacion-do-concello-con-adif-na-ponte-de-casal-do-monte\/\" title=\"O BNG calcula un aforro de 150.000\u20ac a negociaci\u00f3n do concello con ADIF na ponte de Casal do Monte\">[&#8230;]<\/a><\/p>\n<\/div>","protected":false},"author":3,"featured_media":14852,"comment_status":"open","ping_status":"open","sticky":false,"template":"","format":"standard","meta":{"_exactmetrics_skip_tracking":false,"_exactmetrics_sitenote_active":false,"_exactmetrics_sitenote_note":"","_exactmetrics_sitenote_category":0,"footnotes":""},"categories":[24],"tags":[171],"class_list":{"0":"post-14851","1":"post","2":"type-post","3":"status-publish","4":"format-standard","5":"has-post-thumbnail","7":"category-redondela","8":"tag-concello-de-redondela"},"yoast_head":"<!-- This site is optimized with the Yoast SEO plugin v27.4 - https:\/\/yoast.com\/product\/yoast-seo-wordpress\/ -->\n<title>O BNG calcula un aforro de 150.000\u20ac a negociaci\u00f3n do concello con ADIF na ponte de Casal do Monte -<\/title>\n<meta name=\"robots\" content=\"index, follow, max-snippet:-1, max-image-preview:large, max-video-preview:-1\" \/>\n<link rel=\"canonical\" href=\"https:\/\/www.anovapeneira.gal\/index.php\/2025\/10\/29\/o-bng-calcula-un-aforro-de-150-000e-a-negociacion-do-concello-con-adif-na-ponte-de-casal-do-monte\/\" \/>\n<meta property=\"og:locale\" content=\"gl_ES\" \/>\n<meta property=\"og:type\" content=\"article\" \/>\n<meta property=\"og:title\" content=\"O BNG calcula un aforro de 150.000\u20ac a negociaci\u00f3n do concello con ADIF na ponte de Casal do Monte -\" \/>\n<meta property=\"og:description\" content=\"Xo\u00e1n Carlos Gonz\u00e1lez \u201cEn abril o ente ferroviario respostou positivamente a unha iniciativa do BNG no Congreso a abrir un proceso de negociaci\u00f3n\u201d [...]\" \/>\n<meta property=\"og:url\" content=\"https:\/\/www.anovapeneira.gal\/index.php\/2025\/10\/29\/o-bng-calcula-un-aforro-de-150-000e-a-negociacion-do-concello-con-adif-na-ponte-de-casal-do-monte\/\" \/>\n<meta property=\"article:publisher\" content=\"https:\/\/www.facebook.com\/anovapeneira\" \/>\n<meta property=\"article:published_time\" content=\"2025-10-29T09:00:15+00:00\" \/>\n<meta property=\"og:image\" content=\"https:\/\/www.anovapeneira.gal\/wp-content\/uploads\/2025\/10\/ponte_do_casal.jpg\" \/>\n\t<meta property=\"og:image:width\" content=\"720\" \/>\n\t<meta property=\"og:image:height\" content=\"432\" \/>\n\t<meta property=\"og:image:type\" content=\"image\/jpeg\" \/>\n<meta name=\"author\" content=\"Redacci\u00f3n A Nova Peneira\" \/>\n<meta name=\"twitter:card\" content=\"summary_large_image\" \/>\n<meta name=\"twitter:creator\" content=\"@APeneira\" \/>\n<meta name=\"twitter:site\" content=\"@APeneira\" \/>\n<meta name=\"twitter:label1\" content=\"Escrito por\" \/>\n\t<meta name=\"twitter:data1\" content=\"Redacci\u00f3n A Nova Peneira\" \/>\n\t<meta name=\"twitter:label2\" content=\"Tempo de lectura\" \/>\n\t<meta name=\"twitter:data2\" content=\"3 minutos\" \/>\n<script type=\"application\/ld+json\" class=\"yoast-schema-graph\">{\"@context\":\"https:\\\/\\\/schema.org\",\"@graph\":[{\"@type\":\"Article\",\"@id\":\"https:\\\/\\\/www.anovapeneira.gal\\\/index.php\\\/2025\\\/10\\\/29\\\/o-bng-calcula-un-aforro-de-150-000e-a-negociacion-do-concello-con-adif-na-ponte-de-casal-do-monte\\\/#article\",\"isPartOf\":{\"@id\":\"https:\\\/\\\/www.anovapeneira.gal\\\/index.php\\\/2025\\\/10\\\/29\\\/o-bng-calcula-un-aforro-de-150-000e-a-negociacion-do-concello-con-adif-na-ponte-de-casal-do-monte\\\/\"},\"author\":{\"name\":\"Redacci\u00f3n A Nova Peneira\",\"@id\":\"https:\\\/\\\/www.anovapeneira.gal\\\/#\\\/schema\\\/person\\\/b93e3f8932e3f8da96334607eb6ac6aa\"},\"headline\":\"O BNG calcula un aforro de 150.000\u20ac a negociaci\u00f3n do concello con ADIF na ponte de Casal do Monte\",\"datePublished\":\"2025-10-29T09:00:15+00:00\",\"mainEntityOfPage\":{\"@id\":\"https:\\\/\\\/www.anovapeneira.gal\\\/index.php\\\/2025\\\/10\\\/29\\\/o-bng-calcula-un-aforro-de-150-000e-a-negociacion-do-concello-con-adif-na-ponte-de-casal-do-monte\\\/\"},\"wordCount\":424,\"commentCount\":0,\"publisher\":{\"@id\":\"https:\\\/\\\/www.anovapeneira.gal\\\/#organization\"},\"image\":{\"@id\":\"https:\\\/\\\/www.anovapeneira.gal\\\/index.php\\\/2025\\\/10\\\/29\\\/o-bng-calcula-un-aforro-de-150-000e-a-negociacion-do-concello-con-adif-na-ponte-de-casal-do-monte\\\/#primaryimage\"},\"thumbnailUrl\":\"https:\\\/\\\/www.anovapeneira.gal\\\/wp-content\\\/uploads\\\/2025\\\/10\\\/ponte_do_casal.jpg\",\"keywords\":[\"Concello de Redondela\"],\"articleSection\":[\"Redondela\"],\"inLanguage\":\"gl-ES\",\"potentialAction\":[{\"@type\":\"CommentAction\",\"name\":\"Comment\",\"target\":[\"https:\\\/\\\/www.anovapeneira.gal\\\/index.php\\\/2025\\\/10\\\/29\\\/o-bng-calcula-un-aforro-de-150-000e-a-negociacion-do-concello-con-adif-na-ponte-de-casal-do-monte\\\/#respond\"]}]},{\"@type\":\"WebPage\",\"@id\":\"https:\\\/\\\/www.anovapeneira.gal\\\/index.php\\\/2025\\\/10\\\/29\\\/o-bng-calcula-un-aforro-de-150-000e-a-negociacion-do-concello-con-adif-na-ponte-de-casal-do-monte\\\/\",\"url\":\"https:\\\/\\\/www.anovapeneira.gal\\\/index.php\\\/2025\\\/10\\\/29\\\/o-bng-calcula-un-aforro-de-150-000e-a-negociacion-do-concello-con-adif-na-ponte-de-casal-do-monte\\\/\",\"name\":\"O BNG calcula un aforro de 150.000\u20ac a negociaci\u00f3n do concello con ADIF na ponte de Casal do Monte -\",\"isPartOf\":{\"@id\":\"https:\\\/\\\/www.anovapeneira.gal\\\/#website\"},\"primaryImageOfPage\":{\"@id\":\"https:\\\/\\\/www.anovapeneira.gal\\\/index.php\\\/2025\\\/10\\\/29\\\/o-bng-calcula-un-aforro-de-150-000e-a-negociacion-do-concello-con-adif-na-ponte-de-casal-do-monte\\\/#primaryimage\"},\"image\":{\"@id\":\"https:\\\/\\\/www.anovapeneira.gal\\\/index.php\\\/2025\\\/10\\\/29\\\/o-bng-calcula-un-aforro-de-150-000e-a-negociacion-do-concello-con-adif-na-ponte-de-casal-do-monte\\\/#primaryimage\"},\"thumbnailUrl\":\"https:\\\/\\\/www.anovapeneira.gal\\\/wp-content\\\/uploads\\\/2025\\\/10\\\/ponte_do_casal.jpg\",\"datePublished\":\"2025-10-29T09:00:15+00:00\",\"breadcrumb\":{\"@id\":\"https:\\\/\\\/www.anovapeneira.gal\\\/index.php\\\/2025\\\/10\\\/29\\\/o-bng-calcula-un-aforro-de-150-000e-a-negociacion-do-concello-con-adif-na-ponte-de-casal-do-monte\\\/#breadcrumb\"},\"inLanguage\":\"gl-ES\",\"potentialAction\":[{\"@type\":\"ReadAction\",\"target\":[\"https:\\\/\\\/www.anovapeneira.gal\\\/index.php\\\/2025\\\/10\\\/29\\\/o-bng-calcula-un-aforro-de-150-000e-a-negociacion-do-concello-con-adif-na-ponte-de-casal-do-monte\\\/\"]}]},{\"@type\":\"ImageObject\",\"inLanguage\":\"gl-ES\",\"@id\":\"https:\\\/\\\/www.anovapeneira.gal\\\/index.php\\\/2025\\\/10\\\/29\\\/o-bng-calcula-un-aforro-de-150-000e-a-negociacion-do-concello-con-adif-na-ponte-de-casal-do-monte\\\/#primaryimage\",\"url\":\"https:\\\/\\\/www.anovapeneira.gal\\\/wp-content\\\/uploads\\\/2025\\\/10\\\/ponte_do_casal.jpg\",\"contentUrl\":\"https:\\\/\\\/www.anovapeneira.gal\\\/wp-content\\\/uploads\\\/2025\\\/10\\\/ponte_do_casal.jpg\",\"width\":720,\"height\":432},{\"@type\":\"BreadcrumbList\",\"@id\":\"https:\\\/\\\/www.anovapeneira.gal\\\/index.php\\\/2025\\\/10\\\/29\\\/o-bng-calcula-un-aforro-de-150-000e-a-negociacion-do-concello-con-adif-na-ponte-de-casal-do-monte\\\/#breadcrumb\",\"itemListElement\":[{\"@type\":\"ListItem\",\"position\":1,\"name\":\"Portada\",\"item\":\"https:\\\/\\\/www.anovapeneira.gal\\\/\"},{\"@type\":\"ListItem\",\"position\":2,\"name\":\"O BNG calcula un aforro de 150.000\u20ac a negociaci\u00f3n do concello con ADIF na ponte de Casal do Monte\"}]},{\"@type\":\"WebSite\",\"@id\":\"https:\\\/\\\/www.anovapeneira.gal\\\/#website\",\"url\":\"https:\\\/\\\/www.anovapeneira.gal\\\/\",\"name\":\"\",\"description\":\"Xornal galego de informaci\u00f3n xeral Publicaci\u00f3n mensual de novas de Galicia e en especial dos Concellos da sur da provincia de Pontevedra.\",\"publisher\":{\"@id\":\"https:\\\/\\\/www.anovapeneira.gal\\\/#organization\"},\"potentialAction\":[{\"@type\":\"SearchAction\",\"target\":{\"@type\":\"EntryPoint\",\"urlTemplate\":\"https:\\\/\\\/www.anovapeneira.gal\\\/?s={search_term_string}\"},\"query-input\":{\"@type\":\"PropertyValueSpecification\",\"valueRequired\":true,\"valueName\":\"search_term_string\"}}],\"inLanguage\":\"gl-ES\"},{\"@type\":\"Organization\",\"@id\":\"https:\\\/\\\/www.anovapeneira.gal\\\/#organization\",\"name\":\"A Nova Peneira\",\"url\":\"https:\\\/\\\/www.anovapeneira.gal\\\/\",\"logo\":{\"@type\":\"ImageObject\",\"inLanguage\":\"gl-ES\",\"@id\":\"https:\\\/\\\/www.anovapeneira.gal\\\/#\\\/schema\\\/logo\\\/image\\\/\",\"url\":\"http:\\\/\\\/www.anovapeneira.gal\\\/wp-content\\\/uploads\\\/2019\\\/06\\\/logo_a_nova_peneira_portal_web.png\",\"contentUrl\":\"http:\\\/\\\/www.anovapeneira.gal\\\/wp-content\\\/uploads\\\/2019\\\/06\\\/logo_a_nova_peneira_portal_web.png\",\"width\":300,\"height\":100,\"caption\":\"A Nova Peneira\"},\"image\":{\"@id\":\"https:\\\/\\\/www.anovapeneira.gal\\\/#\\\/schema\\\/logo\\\/image\\\/\"},\"sameAs\":[\"https:\\\/\\\/www.facebook.com\\\/anovapeneira\",\"https:\\\/\\\/x.com\\\/APeneira\"]},{\"@type\":\"Person\",\"@id\":\"https:\\\/\\\/www.anovapeneira.gal\\\/#\\\/schema\\\/person\\\/b93e3f8932e3f8da96334607eb6ac6aa\",\"name\":\"Redacci\u00f3n A Nova Peneira\",\"image\":{\"@type\":\"ImageObject\",\"inLanguage\":\"gl-ES\",\"@id\":\"https:\\\/\\\/secure.gravatar.com\\\/avatar\\\/c052a2551a06e23fac63626232eaa90abd78dbcf1700fc46a2b2c89fd27b735f?s=96&d=mm&r=g\",\"url\":\"https:\\\/\\\/secure.gravatar.com\\\/avatar\\\/c052a2551a06e23fac63626232eaa90abd78dbcf1700fc46a2b2c89fd27b735f?s=96&d=mm&r=g\",\"contentUrl\":\"https:\\\/\\\/secure.gravatar.com\\\/avatar\\\/c052a2551a06e23fac63626232eaa90abd78dbcf1700fc46a2b2c89fd27b735f?s=96&d=mm&r=g\",\"caption\":\"Redacci\u00f3n A Nova Peneira\"},\"sameAs\":[\"http:\\\/\\\/www.anovapeneira.gal\\\/\"],\"url\":\"https:\\\/\\\/www.anovapeneira.gal\\\/index.php\\\/author\\\/redactor\\\/\"}]}<\/script>\n<!-- \/ Yoast SEO plugin. -->","yoast_head_json":{"title":"O BNG calcula un aforro de 150.000\u20ac a negociaci\u00f3n do concello con ADIF na ponte de Casal do Monte -","robots":{"index":"index","follow":"follow","max-snippet":"max-snippet:-1","max-image-preview":"max-image-preview:large","max-video-preview":"max-video-preview:-1"},"canonical":"https:\/\/www.anovapeneira.gal\/index.php\/2025\/10\/29\/o-bng-calcula-un-aforro-de-150-000e-a-negociacion-do-concello-con-adif-na-ponte-de-casal-do-monte\/","og_locale":"gl_ES","og_type":"article","og_title":"O BNG calcula un aforro de 150.000\u20ac a negociaci\u00f3n do concello con ADIF na ponte de Casal do Monte -","og_description":"Xo\u00e1n Carlos Gonz\u00e1lez \u201cEn abril o ente ferroviario respostou positivamente a unha iniciativa do BNG no Congreso a abrir un proceso de negociaci\u00f3n\u201d [...]","og_url":"https:\/\/www.anovapeneira.gal\/index.php\/2025\/10\/29\/o-bng-calcula-un-aforro-de-150-000e-a-negociacion-do-concello-con-adif-na-ponte-de-casal-do-monte\/","article_publisher":"https:\/\/www.facebook.com\/anovapeneira","article_published_time":"2025-10-29T09:00:15+00:00","og_image":[{"width":720,"height":432,"url":"https:\/\/www.anovapeneira.gal\/wp-content\/uploads\/2025\/10\/ponte_do_casal.jpg","type":"image\/jpeg"}],"author":"Redacci\u00f3n A Nova Peneira","twitter_card":"summary_large_image","twitter_creator":"@APeneira","twitter_site":"@APeneira","twitter_misc":{"Escrito por":"Redacci\u00f3n A Nova Peneira","Tempo de lectura":"3 minutos"},"schema":{"@context":"https:\/\/schema.org","@graph":[{"@type":"Article","@id":"https:\/\/www.anovapeneira.gal\/index.php\/2025\/10\/29\/o-bng-calcula-un-aforro-de-150-000e-a-negociacion-do-concello-con-adif-na-ponte-de-casal-do-monte\/#article","isPartOf":{"@id":"https:\/\/www.anovapeneira.gal\/index.php\/2025\/10\/29\/o-bng-calcula-un-aforro-de-150-000e-a-negociacion-do-concello-con-adif-na-ponte-de-casal-do-monte\/"},"author":{"name":"Redacci\u00f3n A Nova Peneira","@id":"https:\/\/www.anovapeneira.gal\/#\/schema\/person\/b93e3f8932e3f8da96334607eb6ac6aa"},"headline":"O BNG calcula un aforro de 150.000\u20ac a negociaci\u00f3n do concello con ADIF na ponte de Casal do Monte","datePublished":"2025-10-29T09:00:15+00:00","mainEntityOfPage":{"@id":"https:\/\/www.anovapeneira.gal\/index.php\/2025\/10\/29\/o-bng-calcula-un-aforro-de-150-000e-a-negociacion-do-concello-con-adif-na-ponte-de-casal-do-monte\/"},"wordCount":424,"commentCount":0,"publisher":{"@id":"https:\/\/www.anovapeneira.gal\/#organization"},"image":{"@id":"https:\/\/www.anovapeneira.gal\/index.php\/2025\/10\/29\/o-bng-calcula-un-aforro-de-150-000e-a-negociacion-do-concello-con-adif-na-ponte-de-casal-do-monte\/#primaryimage"},"thumbnailUrl":"https:\/\/www.anovapeneira.gal\/wp-content\/uploads\/2025\/10\/ponte_do_casal.jpg","keywords":["Concello de Redondela"],"articleSection":["Redondela"],"inLanguage":"gl-ES","potentialAction":[{"@type":"CommentAction","name":"Comment","target":["https:\/\/www.anovapeneira.gal\/index.php\/2025\/10\/29\/o-bng-calcula-un-aforro-de-150-000e-a-negociacion-do-concello-con-adif-na-ponte-de-casal-do-monte\/#respond"]}]},{"@type":"WebPage","@id":"https:\/\/www.anovapeneira.gal\/index.php\/2025\/10\/29\/o-bng-calcula-un-aforro-de-150-000e-a-negociacion-do-concello-con-adif-na-ponte-de-casal-do-monte\/","url":"https:\/\/www.anovapeneira.gal\/index.php\/2025\/10\/29\/o-bng-calcula-un-aforro-de-150-000e-a-negociacion-do-concello-con-adif-na-ponte-de-casal-do-monte\/","name":"O BNG calcula un aforro de 150.000\u20ac a negociaci\u00f3n do concello con ADIF na ponte de Casal do Monte -","isPartOf":{"@id":"https:\/\/www.anovapeneira.gal\/#website"},"primaryImageOfPage":{"@id":"https:\/\/www.anovapeneira.gal\/index.php\/2025\/10\/29\/o-bng-calcula-un-aforro-de-150-000e-a-negociacion-do-concello-con-adif-na-ponte-de-casal-do-monte\/#primaryimage"},"image":{"@id":"https:\/\/www.anovapeneira.gal\/index.php\/2025\/10\/29\/o-bng-calcula-un-aforro-de-150-000e-a-negociacion-do-concello-con-adif-na-ponte-de-casal-do-monte\/#primaryimage"},"thumbnailUrl":"https:\/\/www.anovapeneira.gal\/wp-content\/uploads\/2025\/10\/ponte_do_casal.jpg","datePublished":"2025-10-29T09:00:15+00:00","breadcrumb":{"@id":"https:\/\/www.anovapeneira.gal\/index.php\/2025\/10\/29\/o-bng-calcula-un-aforro-de-150-000e-a-negociacion-do-concello-con-adif-na-ponte-de-casal-do-monte\/#breadcrumb"},"inLanguage":"gl-ES","potentialAction":[{"@type":"ReadAction","target":["https:\/\/www.anovapeneira.gal\/index.php\/2025\/10\/29\/o-bng-calcula-un-aforro-de-150-000e-a-negociacion-do-concello-con-adif-na-ponte-de-casal-do-monte\/"]}]},{"@type":"ImageObject","inLanguage":"gl-ES","@id":"https:\/\/www.anovapeneira.gal\/index.php\/2025\/10\/29\/o-bng-calcula-un-aforro-de-150-000e-a-negociacion-do-concello-con-adif-na-ponte-de-casal-do-monte\/#primaryimage","url":"https:\/\/www.anovapeneira.gal\/wp-content\/uploads\/2025\/10\/ponte_do_casal.jpg","contentUrl":"https:\/\/www.anovapeneira.gal\/wp-content\/uploads\/2025\/10\/ponte_do_casal.jpg","width":720,"height":432},{"@type":"BreadcrumbList","@id":"https:\/\/www.anovapeneira.gal\/index.php\/2025\/10\/29\/o-bng-calcula-un-aforro-de-150-000e-a-negociacion-do-concello-con-adif-na-ponte-de-casal-do-monte\/#breadcrumb","itemListElement":[{"@type":"ListItem","position":1,"name":"Portada","item":"https:\/\/www.anovapeneira.gal\/"},{"@type":"ListItem","position":2,"name":"O BNG calcula un aforro de 150.000\u20ac a negociaci\u00f3n do concello con ADIF na ponte de Casal do Monte"}]},{"@type":"WebSite","@id":"https:\/\/www.anovapeneira.gal\/#website","url":"https:\/\/www.anovapeneira.gal\/","name":"","description":"Xornal galego de informaci\u00f3n xeral Publicaci\u00f3n mensual de novas de Galicia e en especial dos Concellos da sur da provincia de Pontevedra.","publisher":{"@id":"https:\/\/www.anovapeneira.gal\/#organization"},"potentialAction":[{"@type":"SearchAction","target":{"@type":"EntryPoint","urlTemplate":"https:\/\/www.anovapeneira.gal\/?s={search_term_string}"},"query-input":{"@type":"PropertyValueSpecification","valueRequired":true,"valueName":"search_term_string"}}],"inLanguage":"gl-ES"},{"@type":"Organization","@id":"https:\/\/www.anovapeneira.gal\/#organization","name":"A Nova Peneira","url":"https:\/\/www.anovapeneira.gal\/","logo":{"@type":"ImageObject","inLanguage":"gl-ES","@id":"https:\/\/www.anovapeneira.gal\/#\/schema\/logo\/image\/","url":"http:\/\/www.anovapeneira.gal\/wp-content\/uploads\/2019\/06\/logo_a_nova_peneira_portal_web.png","contentUrl":"http:\/\/www.anovapeneira.gal\/wp-content\/uploads\/2019\/06\/logo_a_nova_peneira_portal_web.png","width":300,"height":100,"caption":"A Nova Peneira"},"image":{"@id":"https:\/\/www.anovapeneira.gal\/#\/schema\/logo\/image\/"},"sameAs":["https:\/\/www.facebook.com\/anovapeneira","https:\/\/x.com\/APeneira"]},{"@type":"Person","@id":"https:\/\/www.anovapeneira.gal\/#\/schema\/person\/b93e3f8932e3f8da96334607eb6ac6aa","name":"Redacci\u00f3n A Nova Peneira","image":{"@type":"ImageObject","inLanguage":"gl-ES","@id":"https:\/\/secure.gravatar.com\/avatar\/c052a2551a06e23fac63626232eaa90abd78dbcf1700fc46a2b2c89fd27b735f?s=96&d=mm&r=g","url":"https:\/\/secure.gravatar.com\/avatar\/c052a2551a06e23fac63626232eaa90abd78dbcf1700fc46a2b2c89fd27b735f?s=96&d=mm&r=g","contentUrl":"https:\/\/secure.gravatar.com\/avatar\/c052a2551a06e23fac63626232eaa90abd78dbcf1700fc46a2b2c89fd27b735f?s=96&d=mm&r=g","caption":"Redacci\u00f3n A Nova Peneira"},"sameAs":["http:\/\/www.anovapeneira.gal\/"],"url":"https:\/\/www.anovapeneira.gal\/index.php\/author\/redactor\/"}]}},"jetpack_featured_media_url":"https:\/\/www.anovapeneira.gal\/wp-content\/uploads\/2025\/10\/ponte_do_casal.jpg","_links":{"self":[{"href":"https:\/\/www.anovapeneira.gal\/index.php\/wp-json\/wp\/v2\/posts\/14851","targetHints":{"allow":["GET"]}}],"collection":[{"href":"https:\/\/www.anovapeneira.gal\/index.php\/wp-json\/wp\/v2\/posts"}],"about":[{"href":"https:\/\/www.anovapeneira.gal\/index.php\/wp-json\/wp\/v2\/types\/post"}],"author":[{"embeddable":true,"href":"https:\/\/www.anovapeneira.gal\/index.php\/wp-json\/wp\/v2\/users\/3"}],"replies":[{"embeddable":true,"href":"https:\/\/www.anovapeneira.gal\/index.php\/wp-json\/wp\/v2\/comments?post=14851"}],"version-history":[{"count":1,"href":"https:\/\/www.anovapeneira.gal\/index.php\/wp-json\/wp\/v2\/posts\/14851\/revisions"}],"predecessor-version":[{"id":14853,"href":"https:\/\/www.anovapeneira.gal\/index.php\/wp-json\/wp\/v2\/posts\/14851\/revisions\/14853"}],"wp:featuredmedia":[{"embeddable":true,"href":"https:\/\/www.anovapeneira.gal\/index.php\/wp-json\/wp\/v2\/media\/14852"}],"wp:attachment":[{"href":"https:\/\/www.anovapeneira.gal\/index.php\/wp-json\/wp\/v2\/media?parent=14851"}],"wp:term":[{"taxonomy":"category","embeddable":true,"href":"https:\/\/www.anovapeneira.gal\/index.php\/wp-json\/wp\/v2\/categories?post=14851"},{"taxonomy":"post_tag","embeddable":true,"href":"https:\/\/www.anovapeneira.gal\/index.php\/wp-json\/wp\/v2\/tags?post=14851"}],"curies":[{"name":"wp","href":"https:\/\/api.w.org\/{rel}","templated":true}]}}