{"id":14854,"date":"2025-10-28T12:00:42","date_gmt":"2025-10-28T11:00:42","guid":{"rendered":"https:\/\/www.anovapeneira.gal\/?p=14854"},"modified":"2025-10-21T20:06:19","modified_gmt":"2025-10-21T18:06:19","slug":"os-orzamentos-da-xunta-para-o-ano-2026-borran-do-mapa-a-redondela","status":"publish","type":"post","link":"https:\/\/www.anovapeneira.gal\/index.php\/2025\/10\/28\/os-orzamentos-da-xunta-para-o-ano-2026-borran-do-mapa-a-redondela\/","title":{"rendered":"Os orzamentos da Xunta para o ano 2026 borran do mapa a Redondela"},"content":{"rendered":"\n<p><strong>A Agrupaci\u00f3n do PSdeG de Redondela denuncia que os orzamentos da Xunta para o ano 2026 esquecen un ano m\u00e1is este municipio. Entre as demandas que o PSdG presenta \u00e1s contas est\u00e1n \u201cservizos prioritarios para a cidadan\u00eda como a Escola Infantil de Chapela\u201d e investimentos que a Xunta anunciou hai anos como a segunda fase da avda de Vigo ou o comedor do CEP Santa Mari\u00f1a.<\/strong><\/p>\n\n\n\n<p><strong>&#8211; As contas do goberno galego incl\u00faen unha partida de 670 mill\u00f3ns de euros para financiar \u00e1s entidades locais \u201cpero curiosamente o Concello de Redondela, que \u00e9 o cuarto da provincia en poboaci\u00f3n, non aparece por ning\u00fan lado\u201d, denuncia a secretaria xeral do partido, Digna Rivas.<\/strong><\/p>\n\n\n\n<p><strong>Redondela, 21 de outubro de 2025<\/strong><\/p>\n\n\n\n<p>A Agrupaci\u00f3n do PSdeG de Redondela cualifica os orzamentos da Xunta de Galicia para o ano 2026 como \u201cunha burla para o Concello e unha falta de respecto total para os veci\u00f1os e veci\u00f1as do cuarto municipio da provincia\u201d. A secretaria xeral do partido, Digna Rivas, denuncia que unha vez m\u00e1is a Xunta de Galicia \u201cborra do mapa a Redondela\u201d e non consigna \u201cnin s\u00f3 euro para atender as necesidades deste municipio e da s\u00faa cidadan\u00eda\u201d. Rivas lembra que hai servizos \u201cprioritarios\u201d que a propia Xunta anunciou hai anos como a Escola Infantil de Chapela \u201ce nos orzamentos non aparece\u201d. \u00c9 unha demanda hist\u00f3rica que segue sen ter resposta por parte da Xunta. Chapela \u00e9 un gran n\u00facleo de poboaci\u00f3n con 9.000 habitantes \u201ce precisa un centro para crianzas de 0 a 3 anos\u201d. Deixar a Chapela unha veza m\u00e1is sen fondos para construir unha guarder\u00eda \u00e9 especialmente sangrante nesta ocasi\u00f3n, xa que a Xunta de Galicia devolveu este anl m\u00e1is de 22 millones de euros de fondos europeos que estaban destinados a crear novas escolasla de educaci\u00f3n infantil (0-3 a\u00f1os). En materia de Ensino esixen tam\u00e9n a creaci\u00f3n de comedorores escolares na EEI A Marisma e no CEP Santa Mari\u00f1a. \u201c\u00c9 dun servizo moi demandado polas familias e outra promesa incumprida da Xunta\u201d. Actualmente, malia ser competencia exclusiva da Xunta, o servizo faise nunhas instalaci\u00f3ns cedidas polo Concello.<\/p>\n\n\n\n<p>En materia de Infraestruturas e Mobilidade o PSdeG solicita que se incl\u00faa unha partida para constru\u00edr a segunda fase da avenida de Vig, en Chapela, desde o Alto da Encarnaci\u00f3n tal como comprometeu a Xunta. Dem\u00e1ndase tam\u00e9n a mellora da seguridade e mobilidade na estrada de Reboreda e na PO-250 na converxencia coa r\u00faa Xoan Manuel Pereira coa mellora de beirarr\u00faas e a ampliaci\u00f3n da v\u00eda .<\/p>\n\n\n\n<p>A nivel medioambiental as demandas dos socialistas pasan polo soterramento da depuradora situada na Marisma \u201cpara a mellora da contorna as\u00ed como para evitar os vertidos e malos cheiros nesta zona do casco urbano\u201d. Esixen tam\u00e9n a reparaci\u00f3n e creaci\u00f3n de novas redes de pluviais. Outra das demandas a Augas de Galicia \u00e9 a limpeza e mellora das canles dos r\u00edos Maceiras, Pexegueiro, Alvedosa, Pugari\u00f1o e Fond\u00f3n. \u201cO mal estado destas canles fluviais provoca risco de desbordamentos que poder\u00edan afectar a vivendas\u201d, advirte a secretaria xeral do PSdG no municipio.<\/p>\n\n\n\n<p><strong>A Xunta consigna 670 <\/strong><strong>mill\u00f3ns <\/strong><strong>para os Concello<\/strong><strong>s<\/strong><strong> e \u201c0\u201d para Redondela<\/strong><\/p>\n\n\n\n<p>O Goberno galego dixo onte que &#8220;reafirma o seu compromiso coas entidades locais\u201d cunha partida duns 670 mill\u00f3ns de euros para financiar aos Concellos. \u201cPois lamentablemente o seu compromiso con Redondela \u00e9 \u201c0\u201d, igual que nos \u00faltimos 6 anos, desde que son alcaldesa\u201d, afirma Digna Rivas. Nas contas de 2026 da Xunta si aparecen importantes sumas para outros municipios, m\u00e1is pequenos que Redondela \u201ce curiosamente gobernados polo PP\u201d. \u00c9 o caso de Baiona, con 700.000 euros, O Porri\u00f1o con 370.000 euros, Sanxenxo con case 1,3 mill\u00f3ns ou Lal\u00edn con preto de 6 mill\u00f3ns.<\/p>\n","protected":false},"excerpt":{"rendered":"<div class=\"mh-excerpt\"><p>A Agrupaci\u00f3n do PSdeG de Redondela denuncia que os orzamentos da Xunta para o ano 2026 esquecen un ano m\u00e1is este municipio <a class=\"mh-excerpt-more\" href=\"https:\/\/www.anovapeneira.gal\/index.php\/2025\/10\/28\/os-orzamentos-da-xunta-para-o-ano-2026-borran-do-mapa-a-redondela\/\" title=\"Os orzamentos da Xunta para o ano 2026 borran do mapa a Redondela\">[&#8230;]<\/a><\/p>\n<\/div>","protected":false},"author":3,"featured_media":1456,"comment_status":"open","ping_status":"open","sticky":false,"template":"","format":"standard","meta":{"_exactmetrics_skip_tracking":false,"_exactmetrics_sitenote_active":false,"_exactmetrics_sitenote_note":"","_exactmetrics_sitenote_category":0,"footnotes":""},"categories":[24,1],"tags":[171],"class_list":{"0":"post-14854","1":"post","2":"type-post","3":"status-publish","4":"format-standard","5":"has-post-thumbnail","7":"category-redondela","8":"category-sin-categoria","9":"tag-concello-de-redondela"},"yoast_head":"<!-- This site is optimized with the Yoast SEO plugin v27.4 - https:\/\/yoast.com\/product\/yoast-seo-wordpress\/ -->\n<title>Os orzamentos da Xunta para o ano 2026 borran do mapa a Redondela -<\/title>\n<meta name=\"robots\" content=\"index, follow, max-snippet:-1, max-image-preview:large, max-video-preview:-1\" \/>\n<link rel=\"canonical\" href=\"https:\/\/www.anovapeneira.gal\/index.php\/2025\/10\/28\/os-orzamentos-da-xunta-para-o-ano-2026-borran-do-mapa-a-redondela\/\" \/>\n<meta property=\"og:locale\" content=\"gl_ES\" \/>\n<meta property=\"og:type\" content=\"article\" \/>\n<meta property=\"og:title\" content=\"Os orzamentos da Xunta para o ano 2026 borran do mapa a Redondela -\" \/>\n<meta property=\"og:description\" content=\"A Agrupaci\u00f3n do PSdeG de Redondela denuncia que os orzamentos da Xunta para o ano 2026 esquecen un ano m\u00e1is este municipio [...]\" \/>\n<meta property=\"og:url\" content=\"https:\/\/www.anovapeneira.gal\/index.php\/2025\/10\/28\/os-orzamentos-da-xunta-para-o-ano-2026-borran-do-mapa-a-redondela\/\" \/>\n<meta property=\"article:publisher\" content=\"https:\/\/www.facebook.com\/anovapeneira\" \/>\n<meta property=\"article:published_time\" content=\"2025-10-28T11:00:42+00:00\" \/>\n<meta property=\"og:image\" content=\"https:\/\/www.anovapeneira.gal\/wp-content\/uploads\/2019\/10\/concelloredondela_a_nova_peneira.jpg\" \/>\n\t<meta property=\"og:image:width\" content=\"720\" \/>\n\t<meta property=\"og:image:height\" content=\"473\" \/>\n\t<meta property=\"og:image:type\" content=\"image\/jpeg\" \/>\n<meta name=\"author\" content=\"Redacci\u00f3n A Nova Peneira\" \/>\n<meta name=\"twitter:card\" content=\"summary_large_image\" \/>\n<meta name=\"twitter:creator\" content=\"@APeneira\" \/>\n<meta name=\"twitter:site\" content=\"@APeneira\" \/>\n<meta name=\"twitter:label1\" content=\"Escrito por\" \/>\n\t<meta name=\"twitter:data1\" content=\"Redacci\u00f3n A Nova Peneira\" \/>\n\t<meta name=\"twitter:label2\" content=\"Tempo de lectura\" \/>\n\t<meta name=\"twitter:data2\" content=\"4 minutos\" \/>\n<script type=\"application\/ld+json\" class=\"yoast-schema-graph\">{\"@context\":\"https:\\\/\\\/schema.org\",\"@graph\":[{\"@type\":\"Article\",\"@id\":\"https:\\\/\\\/www.anovapeneira.gal\\\/index.php\\\/2025\\\/10\\\/28\\\/os-orzamentos-da-xunta-para-o-ano-2026-borran-do-mapa-a-redondela\\\/#article\",\"isPartOf\":{\"@id\":\"https:\\\/\\\/www.anovapeneira.gal\\\/index.php\\\/2025\\\/10\\\/28\\\/os-orzamentos-da-xunta-para-o-ano-2026-borran-do-mapa-a-redondela\\\/\"},\"author\":{\"name\":\"Redacci\u00f3n A Nova Peneira\",\"@id\":\"https:\\\/\\\/www.anovapeneira.gal\\\/#\\\/schema\\\/person\\\/b93e3f8932e3f8da96334607eb6ac6aa\"},\"headline\":\"Os orzamentos da Xunta para o ano 2026 borran do mapa a Redondela\",\"datePublished\":\"2025-10-28T11:00:42+00:00\",\"mainEntityOfPage\":{\"@id\":\"https:\\\/\\\/www.anovapeneira.gal\\\/index.php\\\/2025\\\/10\\\/28\\\/os-orzamentos-da-xunta-para-o-ano-2026-borran-do-mapa-a-redondela\\\/\"},\"wordCount\":645,\"commentCount\":0,\"publisher\":{\"@id\":\"https:\\\/\\\/www.anovapeneira.gal\\\/#organization\"},\"image\":{\"@id\":\"https:\\\/\\\/www.anovapeneira.gal\\\/index.php\\\/2025\\\/10\\\/28\\\/os-orzamentos-da-xunta-para-o-ano-2026-borran-do-mapa-a-redondela\\\/#primaryimage\"},\"thumbnailUrl\":\"https:\\\/\\\/www.anovapeneira.gal\\\/wp-content\\\/uploads\\\/2019\\\/10\\\/concelloredondela_a_nova_peneira.jpg\",\"keywords\":[\"Concello de Redondela\"],\"articleSection\":[\"Redondela\",\"Sin categor\u00eda\"],\"inLanguage\":\"gl-ES\",\"potentialAction\":[{\"@type\":\"CommentAction\",\"name\":\"Comment\",\"target\":[\"https:\\\/\\\/www.anovapeneira.gal\\\/index.php\\\/2025\\\/10\\\/28\\\/os-orzamentos-da-xunta-para-o-ano-2026-borran-do-mapa-a-redondela\\\/#respond\"]}]},{\"@type\":\"WebPage\",\"@id\":\"https:\\\/\\\/www.anovapeneira.gal\\\/index.php\\\/2025\\\/10\\\/28\\\/os-orzamentos-da-xunta-para-o-ano-2026-borran-do-mapa-a-redondela\\\/\",\"url\":\"https:\\\/\\\/www.anovapeneira.gal\\\/index.php\\\/2025\\\/10\\\/28\\\/os-orzamentos-da-xunta-para-o-ano-2026-borran-do-mapa-a-redondela\\\/\",\"name\":\"Os orzamentos da Xunta para o ano 2026 borran do mapa a Redondela -\",\"isPartOf\":{\"@id\":\"https:\\\/\\\/www.anovapeneira.gal\\\/#website\"},\"primaryImageOfPage\":{\"@id\":\"https:\\\/\\\/www.anovapeneira.gal\\\/index.php\\\/2025\\\/10\\\/28\\\/os-orzamentos-da-xunta-para-o-ano-2026-borran-do-mapa-a-redondela\\\/#primaryimage\"},\"image\":{\"@id\":\"https:\\\/\\\/www.anovapeneira.gal\\\/index.php\\\/2025\\\/10\\\/28\\\/os-orzamentos-da-xunta-para-o-ano-2026-borran-do-mapa-a-redondela\\\/#primaryimage\"},\"thumbnailUrl\":\"https:\\\/\\\/www.anovapeneira.gal\\\/wp-content\\\/uploads\\\/2019\\\/10\\\/concelloredondela_a_nova_peneira.jpg\",\"datePublished\":\"2025-10-28T11:00:42+00:00\",\"breadcrumb\":{\"@id\":\"https:\\\/\\\/www.anovapeneira.gal\\\/index.php\\\/2025\\\/10\\\/28\\\/os-orzamentos-da-xunta-para-o-ano-2026-borran-do-mapa-a-redondela\\\/#breadcrumb\"},\"inLanguage\":\"gl-ES\",\"potentialAction\":[{\"@type\":\"ReadAction\",\"target\":[\"https:\\\/\\\/www.anovapeneira.gal\\\/index.php\\\/2025\\\/10\\\/28\\\/os-orzamentos-da-xunta-para-o-ano-2026-borran-do-mapa-a-redondela\\\/\"]}]},{\"@type\":\"ImageObject\",\"inLanguage\":\"gl-ES\",\"@id\":\"https:\\\/\\\/www.anovapeneira.gal\\\/index.php\\\/2025\\\/10\\\/28\\\/os-orzamentos-da-xunta-para-o-ano-2026-borran-do-mapa-a-redondela\\\/#primaryimage\",\"url\":\"https:\\\/\\\/www.anovapeneira.gal\\\/wp-content\\\/uploads\\\/2019\\\/10\\\/concelloredondela_a_nova_peneira.jpg\",\"contentUrl\":\"https:\\\/\\\/www.anovapeneira.gal\\\/wp-content\\\/uploads\\\/2019\\\/10\\\/concelloredondela_a_nova_peneira.jpg\",\"width\":720,\"height\":473,\"caption\":\"Concello de Redondela A Nova Peneira\"},{\"@type\":\"BreadcrumbList\",\"@id\":\"https:\\\/\\\/www.anovapeneira.gal\\\/index.php\\\/2025\\\/10\\\/28\\\/os-orzamentos-da-xunta-para-o-ano-2026-borran-do-mapa-a-redondela\\\/#breadcrumb\",\"itemListElement\":[{\"@type\":\"ListItem\",\"position\":1,\"name\":\"Portada\",\"item\":\"https:\\\/\\\/www.anovapeneira.gal\\\/\"},{\"@type\":\"ListItem\",\"position\":2,\"name\":\"Os orzamentos da Xunta para o ano 2026 borran do mapa a Redondela\"}]},{\"@type\":\"WebSite\",\"@id\":\"https:\\\/\\\/www.anovapeneira.gal\\\/#website\",\"url\":\"https:\\\/\\\/www.anovapeneira.gal\\\/\",\"name\":\"\",\"description\":\"Xornal galego de informaci\u00f3n xeral Publicaci\u00f3n mensual de novas de Galicia e en especial dos Concellos da sur da provincia de Pontevedra.\",\"publisher\":{\"@id\":\"https:\\\/\\\/www.anovapeneira.gal\\\/#organization\"},\"potentialAction\":[{\"@type\":\"SearchAction\",\"target\":{\"@type\":\"EntryPoint\",\"urlTemplate\":\"https:\\\/\\\/www.anovapeneira.gal\\\/?s={search_term_string}\"},\"query-input\":{\"@type\":\"PropertyValueSpecification\",\"valueRequired\":true,\"valueName\":\"search_term_string\"}}],\"inLanguage\":\"gl-ES\"},{\"@type\":\"Organization\",\"@id\":\"https:\\\/\\\/www.anovapeneira.gal\\\/#organization\",\"name\":\"A Nova Peneira\",\"url\":\"https:\\\/\\\/www.anovapeneira.gal\\\/\",\"logo\":{\"@type\":\"ImageObject\",\"inLanguage\":\"gl-ES\",\"@id\":\"https:\\\/\\\/www.anovapeneira.gal\\\/#\\\/schema\\\/logo\\\/image\\\/\",\"url\":\"http:\\\/\\\/www.anovapeneira.gal\\\/wp-content\\\/uploads\\\/2019\\\/06\\\/logo_a_nova_peneira_portal_web.png\",\"contentUrl\":\"http:\\\/\\\/www.anovapeneira.gal\\\/wp-content\\\/uploads\\\/2019\\\/06\\\/logo_a_nova_peneira_portal_web.png\",\"width\":300,\"height\":100,\"caption\":\"A Nova Peneira\"},\"image\":{\"@id\":\"https:\\\/\\\/www.anovapeneira.gal\\\/#\\\/schema\\\/logo\\\/image\\\/\"},\"sameAs\":[\"https:\\\/\\\/www.facebook.com\\\/anovapeneira\",\"https:\\\/\\\/x.com\\\/APeneira\"]},{\"@type\":\"Person\",\"@id\":\"https:\\\/\\\/www.anovapeneira.gal\\\/#\\\/schema\\\/person\\\/b93e3f8932e3f8da96334607eb6ac6aa\",\"name\":\"Redacci\u00f3n A Nova Peneira\",\"image\":{\"@type\":\"ImageObject\",\"inLanguage\":\"gl-ES\",\"@id\":\"https:\\\/\\\/secure.gravatar.com\\\/avatar\\\/c052a2551a06e23fac63626232eaa90abd78dbcf1700fc46a2b2c89fd27b735f?s=96&d=mm&r=g\",\"url\":\"https:\\\/\\\/secure.gravatar.com\\\/avatar\\\/c052a2551a06e23fac63626232eaa90abd78dbcf1700fc46a2b2c89fd27b735f?s=96&d=mm&r=g\",\"contentUrl\":\"https:\\\/\\\/secure.gravatar.com\\\/avatar\\\/c052a2551a06e23fac63626232eaa90abd78dbcf1700fc46a2b2c89fd27b735f?s=96&d=mm&r=g\",\"caption\":\"Redacci\u00f3n A Nova Peneira\"},\"sameAs\":[\"http:\\\/\\\/www.anovapeneira.gal\\\/\"],\"url\":\"https:\\\/\\\/www.anovapeneira.gal\\\/index.php\\\/author\\\/redactor\\\/\"}]}<\/script>\n<!-- \/ Yoast SEO plugin. -->","yoast_head_json":{"title":"Os orzamentos da Xunta para o ano 2026 borran do mapa a Redondela -","robots":{"index":"index","follow":"follow","max-snippet":"max-snippet:-1","max-image-preview":"max-image-preview:large","max-video-preview":"max-video-preview:-1"},"canonical":"https:\/\/www.anovapeneira.gal\/index.php\/2025\/10\/28\/os-orzamentos-da-xunta-para-o-ano-2026-borran-do-mapa-a-redondela\/","og_locale":"gl_ES","og_type":"article","og_title":"Os orzamentos da Xunta para o ano 2026 borran do mapa a Redondela -","og_description":"A Agrupaci\u00f3n do PSdeG de Redondela denuncia que os orzamentos da Xunta para o ano 2026 esquecen un ano m\u00e1is este municipio [...]","og_url":"https:\/\/www.anovapeneira.gal\/index.php\/2025\/10\/28\/os-orzamentos-da-xunta-para-o-ano-2026-borran-do-mapa-a-redondela\/","article_publisher":"https:\/\/www.facebook.com\/anovapeneira","article_published_time":"2025-10-28T11:00:42+00:00","og_image":[{"width":720,"height":473,"url":"https:\/\/www.anovapeneira.gal\/wp-content\/uploads\/2019\/10\/concelloredondela_a_nova_peneira.jpg","type":"image\/jpeg"}],"author":"Redacci\u00f3n A Nova Peneira","twitter_card":"summary_large_image","twitter_creator":"@APeneira","twitter_site":"@APeneira","twitter_misc":{"Escrito por":"Redacci\u00f3n A Nova Peneira","Tempo de lectura":"4 minutos"},"schema":{"@context":"https:\/\/schema.org","@graph":[{"@type":"Article","@id":"https:\/\/www.anovapeneira.gal\/index.php\/2025\/10\/28\/os-orzamentos-da-xunta-para-o-ano-2026-borran-do-mapa-a-redondela\/#article","isPartOf":{"@id":"https:\/\/www.anovapeneira.gal\/index.php\/2025\/10\/28\/os-orzamentos-da-xunta-para-o-ano-2026-borran-do-mapa-a-redondela\/"},"author":{"name":"Redacci\u00f3n A Nova Peneira","@id":"https:\/\/www.anovapeneira.gal\/#\/schema\/person\/b93e3f8932e3f8da96334607eb6ac6aa"},"headline":"Os orzamentos da Xunta para o ano 2026 borran do mapa a Redondela","datePublished":"2025-10-28T11:00:42+00:00","mainEntityOfPage":{"@id":"https:\/\/www.anovapeneira.gal\/index.php\/2025\/10\/28\/os-orzamentos-da-xunta-para-o-ano-2026-borran-do-mapa-a-redondela\/"},"wordCount":645,"commentCount":0,"publisher":{"@id":"https:\/\/www.anovapeneira.gal\/#organization"},"image":{"@id":"https:\/\/www.anovapeneira.gal\/index.php\/2025\/10\/28\/os-orzamentos-da-xunta-para-o-ano-2026-borran-do-mapa-a-redondela\/#primaryimage"},"thumbnailUrl":"https:\/\/www.anovapeneira.gal\/wp-content\/uploads\/2019\/10\/concelloredondela_a_nova_peneira.jpg","keywords":["Concello de Redondela"],"articleSection":["Redondela","Sin categor\u00eda"],"inLanguage":"gl-ES","potentialAction":[{"@type":"CommentAction","name":"Comment","target":["https:\/\/www.anovapeneira.gal\/index.php\/2025\/10\/28\/os-orzamentos-da-xunta-para-o-ano-2026-borran-do-mapa-a-redondela\/#respond"]}]},{"@type":"WebPage","@id":"https:\/\/www.anovapeneira.gal\/index.php\/2025\/10\/28\/os-orzamentos-da-xunta-para-o-ano-2026-borran-do-mapa-a-redondela\/","url":"https:\/\/www.anovapeneira.gal\/index.php\/2025\/10\/28\/os-orzamentos-da-xunta-para-o-ano-2026-borran-do-mapa-a-redondela\/","name":"Os orzamentos da Xunta para o ano 2026 borran do mapa a Redondela -","isPartOf":{"@id":"https:\/\/www.anovapeneira.gal\/#website"},"primaryImageOfPage":{"@id":"https:\/\/www.anovapeneira.gal\/index.php\/2025\/10\/28\/os-orzamentos-da-xunta-para-o-ano-2026-borran-do-mapa-a-redondela\/#primaryimage"},"image":{"@id":"https:\/\/www.anovapeneira.gal\/index.php\/2025\/10\/28\/os-orzamentos-da-xunta-para-o-ano-2026-borran-do-mapa-a-redondela\/#primaryimage"},"thumbnailUrl":"https:\/\/www.anovapeneira.gal\/wp-content\/uploads\/2019\/10\/concelloredondela_a_nova_peneira.jpg","datePublished":"2025-10-28T11:00:42+00:00","breadcrumb":{"@id":"https:\/\/www.anovapeneira.gal\/index.php\/2025\/10\/28\/os-orzamentos-da-xunta-para-o-ano-2026-borran-do-mapa-a-redondela\/#breadcrumb"},"inLanguage":"gl-ES","potentialAction":[{"@type":"ReadAction","target":["https:\/\/www.anovapeneira.gal\/index.php\/2025\/10\/28\/os-orzamentos-da-xunta-para-o-ano-2026-borran-do-mapa-a-redondela\/"]}]},{"@type":"ImageObject","inLanguage":"gl-ES","@id":"https:\/\/www.anovapeneira.gal\/index.php\/2025\/10\/28\/os-orzamentos-da-xunta-para-o-ano-2026-borran-do-mapa-a-redondela\/#primaryimage","url":"https:\/\/www.anovapeneira.gal\/wp-content\/uploads\/2019\/10\/concelloredondela_a_nova_peneira.jpg","contentUrl":"https:\/\/www.anovapeneira.gal\/wp-content\/uploads\/2019\/10\/concelloredondela_a_nova_peneira.jpg","width":720,"height":473,"caption":"Concello de Redondela A Nova Peneira"},{"@type":"BreadcrumbList","@id":"https:\/\/www.anovapeneira.gal\/index.php\/2025\/10\/28\/os-orzamentos-da-xunta-para-o-ano-2026-borran-do-mapa-a-redondela\/#breadcrumb","itemListElement":[{"@type":"ListItem","position":1,"name":"Portada","item":"https:\/\/www.anovapeneira.gal\/"},{"@type":"ListItem","position":2,"name":"Os orzamentos da Xunta para o ano 2026 borran do mapa a Redondela"}]},{"@type":"WebSite","@id":"https:\/\/www.anovapeneira.gal\/#website","url":"https:\/\/www.anovapeneira.gal\/","name":"","description":"Xornal galego de informaci\u00f3n xeral Publicaci\u00f3n mensual de novas de Galicia e en especial dos Concellos da sur da provincia de Pontevedra.","publisher":{"@id":"https:\/\/www.anovapeneira.gal\/#organization"},"potentialAction":[{"@type":"SearchAction","target":{"@type":"EntryPoint","urlTemplate":"https:\/\/www.anovapeneira.gal\/?s={search_term_string}"},"query-input":{"@type":"PropertyValueSpecification","valueRequired":true,"valueName":"search_term_string"}}],"inLanguage":"gl-ES"},{"@type":"Organization","@id":"https:\/\/www.anovapeneira.gal\/#organization","name":"A Nova Peneira","url":"https:\/\/www.anovapeneira.gal\/","logo":{"@type":"ImageObject","inLanguage":"gl-ES","@id":"https:\/\/www.anovapeneira.gal\/#\/schema\/logo\/image\/","url":"http:\/\/www.anovapeneira.gal\/wp-content\/uploads\/2019\/06\/logo_a_nova_peneira_portal_web.png","contentUrl":"http:\/\/www.anovapeneira.gal\/wp-content\/uploads\/2019\/06\/logo_a_nova_peneira_portal_web.png","width":300,"height":100,"caption":"A Nova Peneira"},"image":{"@id":"https:\/\/www.anovapeneira.gal\/#\/schema\/logo\/image\/"},"sameAs":["https:\/\/www.facebook.com\/anovapeneira","https:\/\/x.com\/APeneira"]},{"@type":"Person","@id":"https:\/\/www.anovapeneira.gal\/#\/schema\/person\/b93e3f8932e3f8da96334607eb6ac6aa","name":"Redacci\u00f3n A Nova Peneira","image":{"@type":"ImageObject","inLanguage":"gl-ES","@id":"https:\/\/secure.gravatar.com\/avatar\/c052a2551a06e23fac63626232eaa90abd78dbcf1700fc46a2b2c89fd27b735f?s=96&d=mm&r=g","url":"https:\/\/secure.gravatar.com\/avatar\/c052a2551a06e23fac63626232eaa90abd78dbcf1700fc46a2b2c89fd27b735f?s=96&d=mm&r=g","contentUrl":"https:\/\/secure.gravatar.com\/avatar\/c052a2551a06e23fac63626232eaa90abd78dbcf1700fc46a2b2c89fd27b735f?s=96&d=mm&r=g","caption":"Redacci\u00f3n A Nova Peneira"},"sameAs":["http:\/\/www.anovapeneira.gal\/"],"url":"https:\/\/www.anovapeneira.gal\/index.php\/author\/redactor\/"}]}},"jetpack_featured_media_url":"https:\/\/www.anovapeneira.gal\/wp-content\/uploads\/2019\/10\/concelloredondela_a_nova_peneira.jpg","_links":{"self":[{"href":"https:\/\/www.anovapeneira.gal\/index.php\/wp-json\/wp\/v2\/posts\/14854","targetHints":{"allow":["GET"]}}],"collection":[{"href":"https:\/\/www.anovapeneira.gal\/index.php\/wp-json\/wp\/v2\/posts"}],"about":[{"href":"https:\/\/www.anovapeneira.gal\/index.php\/wp-json\/wp\/v2\/types\/post"}],"author":[{"embeddable":true,"href":"https:\/\/www.anovapeneira.gal\/index.php\/wp-json\/wp\/v2\/users\/3"}],"replies":[{"embeddable":true,"href":"https:\/\/www.anovapeneira.gal\/index.php\/wp-json\/wp\/v2\/comments?post=14854"}],"version-history":[{"count":1,"href":"https:\/\/www.anovapeneira.gal\/index.php\/wp-json\/wp\/v2\/posts\/14854\/revisions"}],"predecessor-version":[{"id":14855,"href":"https:\/\/www.anovapeneira.gal\/index.php\/wp-json\/wp\/v2\/posts\/14854\/revisions\/14855"}],"wp:featuredmedia":[{"embeddable":true,"href":"https:\/\/www.anovapeneira.gal\/index.php\/wp-json\/wp\/v2\/media\/1456"}],"wp:attachment":[{"href":"https:\/\/www.anovapeneira.gal\/index.php\/wp-json\/wp\/v2\/media?parent=14854"}],"wp:term":[{"taxonomy":"category","embeddable":true,"href":"https:\/\/www.anovapeneira.gal\/index.php\/wp-json\/wp\/v2\/categories?post=14854"},{"taxonomy":"post_tag","embeddable":true,"href":"https:\/\/www.anovapeneira.gal\/index.php\/wp-json\/wp\/v2\/tags?post=14854"}],"curies":[{"name":"wp","href":"https:\/\/api.w.org\/{rel}","templated":true}]}}