{"id":14861,"date":"2025-10-30T10:00:00","date_gmt":"2025-10-30T09:00:00","guid":{"rendered":"https:\/\/www.anovapeneira.gal\/?p=14861"},"modified":"2025-10-24T13:06:35","modified_gmt":"2025-10-24T11:06:35","slug":"pp-e-psoe-non-apoian-a-iniciativa-do-bng-para-evitar-o-bloqueo-indiscriminado-de-webs-por-parte-de-la-liga-e-movistar","status":"publish","type":"post","link":"https:\/\/www.anovapeneira.gal\/index.php\/2025\/10\/30\/pp-e-psoe-non-apoian-a-iniciativa-do-bng-para-evitar-o-bloqueo-indiscriminado-de-webs-por-parte-de-la-liga-e-movistar\/","title":{"rendered":"PP e PSOE non apoian a iniciativa do BNG para evitar o bloqueo indiscriminado de webs por parte de La Liga e Movistar"},"content":{"rendered":"\n<h2 class=\"wp-block-heading\"><strong>A proposta nacionalista de estabelecer un marco de actuaci\u00f3n claro e xusto que protexa os dereitos de autor sen causar danos colaterais a milleiros de webs legais contou co voto en contra de PP e Vox e a abstenci\u00f3n de PSOE<\/strong><\/h2>\n\n\n\n<p><strong>Madrid, 22 de outubro de 2025. <\/strong><\/p>\n\n\n\n<p>A Comisi\u00f3n de Econom\u00eda, Comercio e Transformaci\u00f3n Dixital do Congreso v\u00e9n de impedir -co voto en contra de PP e Vox e a abstenci\u00f3n do PSOE- a aprobaci\u00f3n da iniciativa do BNG para reclamar ao Goberno do Estado actuar para evitar os bloqueos indiscriminadosde p\u00e1xinas web lex\u00edtimas que est\u00e1n a executar La Ligar e Movistar.<\/p>\n\n\n\n<p>\u201cAs forzas pol\u00edticas deben de pronunciarse sobre os bloqueos indiscriminados. O feito de combater a pirater\u00eda non pode ser pretexto para o bloqueo de p\u00e1xinas lex\u00edtimas tendo graves consecuencias para moitos negocios e p\u00e1xinas institucionais\u201d afirma o deputado do BNG no Congreso. Segundo explica Rego, La Liga e Movistar proced\u00edan a bloquear URLs mais, agora, est\u00e1n a bloquear IP\u00b4s de forma indiscriminada.<\/p>\n\n\n\n<p>\u201cNas sentenzas existentes en que se habilita o fechamento de p\u00e1xinas web con contidos que vulneran dereitos audiovisuais tam\u00e9n se di que esta actuaci\u00f3n \u201cnon pode repercutir de maneira negativa en terceiros\u201d, cuesti\u00f3n que non se est\u00e1 a respectar e, mesmo est\u00e1 a afectar \u00e1 reputaci\u00f3n de negocios lex\u00edtimos que se ven tam\u00e9n bloqueados coa advertencia de albergar contidos pirata.<\/p>\n\n\n\n<p>\u201cO BNG reclama que se act\u00fae. O Goberno ten competencias na materia. Hai que estabelecer unha regulaci\u00f3n diferente e protexer os dereitos das persoas usuarias e dos comercios e instituci\u00f3ns que se est\u00e1n vendo afectadas\u201d defende N\u00e9stor Rego.<\/p>\n\n\n\n<p>\u201cEntendemos que \u00e9 lex\u00edtimo protexer a propiedade intelectual pero non pode levar a que se estabelezan bloqueos a p\u00e1xinas que est\u00e1n dentro da legalidade\u201d sinala o deputado do BNG.<\/p>\n\n\n\n<p><strong>Prohibir o bloqueo masivo e un marco de actuaci\u00f3n claro e xusto<\/strong><\/p>\n\n\n\n<p>A iniciativa do BNG, precisamente, instaba o Goberno a adoptar as medidas necesarias -dentro das s\u00faas competencias- para asegurar que os bloqueos de webs que emiten ilicitamente contidos protexidos non afecten a p\u00e1xinas ou portais lex\u00edtimos.<\/p>\n\n\n\n<p>\u201cHai que estabelecer unha colaboraci\u00f3n cos hostings, a trav\u00e9s de protocolos, para que os servizos de hospedaxe poidan retirar unicamente os contidos il\u00edcitos ou suspender as contas infractoras, preservando o funcionamento de p\u00e1xinas lex\u00edtimas\u201d enfatiza Rego. Do mesmo xeito, engade o deputado, d\u00e9bense artellar mecanismos que impidan \u00e1s compa\u00f1\u00edas de telecomunicaci\u00f3ns bloquear enderezos IP de maneira masiva, o que prexudica tanto a empresas como a persoas usuarias sen relaci\u00f3n coa pirater\u00eda.<\/p>\n\n\n\n<p>Lamentabelmente, a proposta do BNG non contou co voto favor\u00e1bel do bipartidismo estatal -PP e PSOE- polo que a iniciativa non prosperou.<\/p>\n","protected":false},"excerpt":{"rendered":"<div class=\"mh-excerpt\"><p>A proposta nacionalista de estabelecer un marco de actuaci\u00f3n claro e xusto que protexa os dereitos de autor sen causar danos colaterais a milleiros de webs legais contou co voto en contra de PP e Vox e a abstenci\u00f3n de PSOE <a class=\"mh-excerpt-more\" href=\"https:\/\/www.anovapeneira.gal\/index.php\/2025\/10\/30\/pp-e-psoe-non-apoian-a-iniciativa-do-bng-para-evitar-o-bloqueo-indiscriminado-de-webs-por-parte-de-la-liga-e-movistar\/\" title=\"PP e PSOE non apoian a iniciativa do BNG para evitar o bloqueo indiscriminado de webs por parte de La Liga e Movistar\">[&#8230;]<\/a><\/p>\n<\/div>","protected":false},"author":3,"featured_media":14862,"comment_status":"open","ping_status":"open","sticky":false,"template":"","format":"standard","meta":{"_exactmetrics_skip_tracking":false,"_exactmetrics_sitenote_active":false,"_exactmetrics_sitenote_note":"","_exactmetrics_sitenote_category":0,"footnotes":""},"categories":[263],"tags":[],"class_list":{"0":"post-14861","1":"post","2":"type-post","3":"status-publish","4":"format-standard","5":"has-post-thumbnail","7":"category-novas"},"yoast_head":"<!-- This site is optimized with the Yoast SEO plugin v27.5 - https:\/\/yoast.com\/product\/yoast-seo-wordpress\/ -->\n<title>PP e PSOE non apoian a iniciativa do BNG para evitar o bloqueo indiscriminado de webs por parte de La Liga e Movistar -<\/title>\n<meta name=\"robots\" content=\"index, follow, max-snippet:-1, max-image-preview:large, max-video-preview:-1\" \/>\n<link rel=\"canonical\" href=\"https:\/\/www.anovapeneira.gal\/index.php\/2025\/10\/30\/pp-e-psoe-non-apoian-a-iniciativa-do-bng-para-evitar-o-bloqueo-indiscriminado-de-webs-por-parte-de-la-liga-e-movistar\/\" \/>\n<meta property=\"og:locale\" content=\"gl_ES\" \/>\n<meta property=\"og:type\" content=\"article\" \/>\n<meta property=\"og:title\" content=\"PP e PSOE non apoian a iniciativa do BNG para evitar o bloqueo indiscriminado de webs por parte de La Liga e Movistar -\" \/>\n<meta property=\"og:description\" content=\"A proposta nacionalista de estabelecer un marco de actuaci\u00f3n claro e xusto que protexa os dereitos de autor sen causar danos colaterais a milleiros de webs legais contou co voto en contra de PP e Vox e a abstenci\u00f3n de PSOE [...]\" \/>\n<meta property=\"og:url\" content=\"https:\/\/www.anovapeneira.gal\/index.php\/2025\/10\/30\/pp-e-psoe-non-apoian-a-iniciativa-do-bng-para-evitar-o-bloqueo-indiscriminado-de-webs-por-parte-de-la-liga-e-movistar\/\" \/>\n<meta property=\"article:publisher\" content=\"https:\/\/www.facebook.com\/anovapeneira\" \/>\n<meta property=\"article:published_time\" content=\"2025-10-30T09:00:00+00:00\" \/>\n<meta property=\"og:image\" content=\"https:\/\/www.anovapeneira.gal\/wp-content\/uploads\/2025\/10\/nestor_Rego.jpg\" \/>\n\t<meta property=\"og:image:width\" content=\"720\" \/>\n\t<meta property=\"og:image:height\" content=\"432\" \/>\n\t<meta property=\"og:image:type\" content=\"image\/jpeg\" \/>\n<meta name=\"author\" content=\"Redacci\u00f3n A Nova Peneira\" \/>\n<meta name=\"twitter:card\" content=\"summary_large_image\" \/>\n<meta name=\"twitter:creator\" content=\"@APeneira\" \/>\n<meta name=\"twitter:site\" content=\"@APeneira\" \/>\n<meta name=\"twitter:label1\" content=\"Escrito por\" \/>\n\t<meta name=\"twitter:data1\" content=\"Redacci\u00f3n A Nova Peneira\" \/>\n\t<meta name=\"twitter:label2\" content=\"Tempo de lectura\" \/>\n\t<meta name=\"twitter:data2\" content=\"3 minutos\" \/>\n<script type=\"application\/ld+json\" class=\"yoast-schema-graph\">{\"@context\":\"https:\\\/\\\/schema.org\",\"@graph\":[{\"@type\":\"Article\",\"@id\":\"https:\\\/\\\/www.anovapeneira.gal\\\/index.php\\\/2025\\\/10\\\/30\\\/pp-e-psoe-non-apoian-a-iniciativa-do-bng-para-evitar-o-bloqueo-indiscriminado-de-webs-por-parte-de-la-liga-e-movistar\\\/#article\",\"isPartOf\":{\"@id\":\"https:\\\/\\\/www.anovapeneira.gal\\\/index.php\\\/2025\\\/10\\\/30\\\/pp-e-psoe-non-apoian-a-iniciativa-do-bng-para-evitar-o-bloqueo-indiscriminado-de-webs-por-parte-de-la-liga-e-movistar\\\/\"},\"author\":{\"name\":\"Redacci\u00f3n A Nova Peneira\",\"@id\":\"https:\\\/\\\/www.anovapeneira.gal\\\/#\\\/schema\\\/person\\\/b93e3f8932e3f8da96334607eb6ac6aa\"},\"headline\":\"PP e PSOE non apoian a iniciativa do BNG para evitar o bloqueo indiscriminado de webs por parte de La Liga e Movistar\",\"datePublished\":\"2025-10-30T09:00:00+00:00\",\"mainEntityOfPage\":{\"@id\":\"https:\\\/\\\/www.anovapeneira.gal\\\/index.php\\\/2025\\\/10\\\/30\\\/pp-e-psoe-non-apoian-a-iniciativa-do-bng-para-evitar-o-bloqueo-indiscriminado-de-webs-por-parte-de-la-liga-e-movistar\\\/\"},\"wordCount\":500,\"commentCount\":0,\"publisher\":{\"@id\":\"https:\\\/\\\/www.anovapeneira.gal\\\/#organization\"},\"image\":{\"@id\":\"https:\\\/\\\/www.anovapeneira.gal\\\/index.php\\\/2025\\\/10\\\/30\\\/pp-e-psoe-non-apoian-a-iniciativa-do-bng-para-evitar-o-bloqueo-indiscriminado-de-webs-por-parte-de-la-liga-e-movistar\\\/#primaryimage\"},\"thumbnailUrl\":\"https:\\\/\\\/www.anovapeneira.gal\\\/wp-content\\\/uploads\\\/2025\\\/10\\\/nestor_Rego.jpg\",\"articleSection\":[\"Novas\"],\"inLanguage\":\"gl-ES\",\"potentialAction\":[{\"@type\":\"CommentAction\",\"name\":\"Comment\",\"target\":[\"https:\\\/\\\/www.anovapeneira.gal\\\/index.php\\\/2025\\\/10\\\/30\\\/pp-e-psoe-non-apoian-a-iniciativa-do-bng-para-evitar-o-bloqueo-indiscriminado-de-webs-por-parte-de-la-liga-e-movistar\\\/#respond\"]}]},{\"@type\":\"WebPage\",\"@id\":\"https:\\\/\\\/www.anovapeneira.gal\\\/index.php\\\/2025\\\/10\\\/30\\\/pp-e-psoe-non-apoian-a-iniciativa-do-bng-para-evitar-o-bloqueo-indiscriminado-de-webs-por-parte-de-la-liga-e-movistar\\\/\",\"url\":\"https:\\\/\\\/www.anovapeneira.gal\\\/index.php\\\/2025\\\/10\\\/30\\\/pp-e-psoe-non-apoian-a-iniciativa-do-bng-para-evitar-o-bloqueo-indiscriminado-de-webs-por-parte-de-la-liga-e-movistar\\\/\",\"name\":\"PP e PSOE non apoian a iniciativa do BNG para evitar o bloqueo indiscriminado de webs por parte de La Liga e Movistar -\",\"isPartOf\":{\"@id\":\"https:\\\/\\\/www.anovapeneira.gal\\\/#website\"},\"primaryImageOfPage\":{\"@id\":\"https:\\\/\\\/www.anovapeneira.gal\\\/index.php\\\/2025\\\/10\\\/30\\\/pp-e-psoe-non-apoian-a-iniciativa-do-bng-para-evitar-o-bloqueo-indiscriminado-de-webs-por-parte-de-la-liga-e-movistar\\\/#primaryimage\"},\"image\":{\"@id\":\"https:\\\/\\\/www.anovapeneira.gal\\\/index.php\\\/2025\\\/10\\\/30\\\/pp-e-psoe-non-apoian-a-iniciativa-do-bng-para-evitar-o-bloqueo-indiscriminado-de-webs-por-parte-de-la-liga-e-movistar\\\/#primaryimage\"},\"thumbnailUrl\":\"https:\\\/\\\/www.anovapeneira.gal\\\/wp-content\\\/uploads\\\/2025\\\/10\\\/nestor_Rego.jpg\",\"datePublished\":\"2025-10-30T09:00:00+00:00\",\"breadcrumb\":{\"@id\":\"https:\\\/\\\/www.anovapeneira.gal\\\/index.php\\\/2025\\\/10\\\/30\\\/pp-e-psoe-non-apoian-a-iniciativa-do-bng-para-evitar-o-bloqueo-indiscriminado-de-webs-por-parte-de-la-liga-e-movistar\\\/#breadcrumb\"},\"inLanguage\":\"gl-ES\",\"potentialAction\":[{\"@type\":\"ReadAction\",\"target\":[\"https:\\\/\\\/www.anovapeneira.gal\\\/index.php\\\/2025\\\/10\\\/30\\\/pp-e-psoe-non-apoian-a-iniciativa-do-bng-para-evitar-o-bloqueo-indiscriminado-de-webs-por-parte-de-la-liga-e-movistar\\\/\"]}]},{\"@type\":\"ImageObject\",\"inLanguage\":\"gl-ES\",\"@id\":\"https:\\\/\\\/www.anovapeneira.gal\\\/index.php\\\/2025\\\/10\\\/30\\\/pp-e-psoe-non-apoian-a-iniciativa-do-bng-para-evitar-o-bloqueo-indiscriminado-de-webs-por-parte-de-la-liga-e-movistar\\\/#primaryimage\",\"url\":\"https:\\\/\\\/www.anovapeneira.gal\\\/wp-content\\\/uploads\\\/2025\\\/10\\\/nestor_Rego.jpg\",\"contentUrl\":\"https:\\\/\\\/www.anovapeneira.gal\\\/wp-content\\\/uploads\\\/2025\\\/10\\\/nestor_Rego.jpg\",\"width\":720,\"height\":432},{\"@type\":\"BreadcrumbList\",\"@id\":\"https:\\\/\\\/www.anovapeneira.gal\\\/index.php\\\/2025\\\/10\\\/30\\\/pp-e-psoe-non-apoian-a-iniciativa-do-bng-para-evitar-o-bloqueo-indiscriminado-de-webs-por-parte-de-la-liga-e-movistar\\\/#breadcrumb\",\"itemListElement\":[{\"@type\":\"ListItem\",\"position\":1,\"name\":\"Portada\",\"item\":\"https:\\\/\\\/www.anovapeneira.gal\\\/\"},{\"@type\":\"ListItem\",\"position\":2,\"name\":\"PP e PSOE non apoian a iniciativa do BNG para evitar o bloqueo indiscriminado de webs por parte de La Liga e Movistar\"}]},{\"@type\":\"WebSite\",\"@id\":\"https:\\\/\\\/www.anovapeneira.gal\\\/#website\",\"url\":\"https:\\\/\\\/www.anovapeneira.gal\\\/\",\"name\":\"\",\"description\":\"Xornal galego de informaci\u00f3n xeral Publicaci\u00f3n mensual de novas de Galicia e en especial dos Concellos da sur da provincia de Pontevedra.\",\"publisher\":{\"@id\":\"https:\\\/\\\/www.anovapeneira.gal\\\/#organization\"},\"potentialAction\":[{\"@type\":\"SearchAction\",\"target\":{\"@type\":\"EntryPoint\",\"urlTemplate\":\"https:\\\/\\\/www.anovapeneira.gal\\\/?s={search_term_string}\"},\"query-input\":{\"@type\":\"PropertyValueSpecification\",\"valueRequired\":true,\"valueName\":\"search_term_string\"}}],\"inLanguage\":\"gl-ES\"},{\"@type\":\"Organization\",\"@id\":\"https:\\\/\\\/www.anovapeneira.gal\\\/#organization\",\"name\":\"A Nova Peneira\",\"url\":\"https:\\\/\\\/www.anovapeneira.gal\\\/\",\"logo\":{\"@type\":\"ImageObject\",\"inLanguage\":\"gl-ES\",\"@id\":\"https:\\\/\\\/www.anovapeneira.gal\\\/#\\\/schema\\\/logo\\\/image\\\/\",\"url\":\"http:\\\/\\\/www.anovapeneira.gal\\\/wp-content\\\/uploads\\\/2019\\\/06\\\/logo_a_nova_peneira_portal_web.png\",\"contentUrl\":\"http:\\\/\\\/www.anovapeneira.gal\\\/wp-content\\\/uploads\\\/2019\\\/06\\\/logo_a_nova_peneira_portal_web.png\",\"width\":300,\"height\":100,\"caption\":\"A Nova Peneira\"},\"image\":{\"@id\":\"https:\\\/\\\/www.anovapeneira.gal\\\/#\\\/schema\\\/logo\\\/image\\\/\"},\"sameAs\":[\"https:\\\/\\\/www.facebook.com\\\/anovapeneira\",\"https:\\\/\\\/x.com\\\/APeneira\"]},{\"@type\":\"Person\",\"@id\":\"https:\\\/\\\/www.anovapeneira.gal\\\/#\\\/schema\\\/person\\\/b93e3f8932e3f8da96334607eb6ac6aa\",\"name\":\"Redacci\u00f3n A Nova Peneira\",\"image\":{\"@type\":\"ImageObject\",\"inLanguage\":\"gl-ES\",\"@id\":\"https:\\\/\\\/secure.gravatar.com\\\/avatar\\\/c052a2551a06e23fac63626232eaa90abd78dbcf1700fc46a2b2c89fd27b735f?s=96&d=mm&r=g\",\"url\":\"https:\\\/\\\/secure.gravatar.com\\\/avatar\\\/c052a2551a06e23fac63626232eaa90abd78dbcf1700fc46a2b2c89fd27b735f?s=96&d=mm&r=g\",\"contentUrl\":\"https:\\\/\\\/secure.gravatar.com\\\/avatar\\\/c052a2551a06e23fac63626232eaa90abd78dbcf1700fc46a2b2c89fd27b735f?s=96&d=mm&r=g\",\"caption\":\"Redacci\u00f3n A Nova Peneira\"},\"sameAs\":[\"http:\\\/\\\/www.anovapeneira.gal\\\/\"],\"url\":\"https:\\\/\\\/www.anovapeneira.gal\\\/index.php\\\/author\\\/redactor\\\/\"}]}<\/script>\n<!-- \/ Yoast SEO plugin. -->","yoast_head_json":{"title":"PP e PSOE non apoian a iniciativa do BNG para evitar o bloqueo indiscriminado de webs por parte de La Liga e Movistar -","robots":{"index":"index","follow":"follow","max-snippet":"max-snippet:-1","max-image-preview":"max-image-preview:large","max-video-preview":"max-video-preview:-1"},"canonical":"https:\/\/www.anovapeneira.gal\/index.php\/2025\/10\/30\/pp-e-psoe-non-apoian-a-iniciativa-do-bng-para-evitar-o-bloqueo-indiscriminado-de-webs-por-parte-de-la-liga-e-movistar\/","og_locale":"gl_ES","og_type":"article","og_title":"PP e PSOE non apoian a iniciativa do BNG para evitar o bloqueo indiscriminado de webs por parte de La Liga e Movistar -","og_description":"A proposta nacionalista de estabelecer un marco de actuaci\u00f3n claro e xusto que protexa os dereitos de autor sen causar danos colaterais a milleiros de webs legais contou co voto en contra de PP e Vox e a abstenci\u00f3n de PSOE [...]","og_url":"https:\/\/www.anovapeneira.gal\/index.php\/2025\/10\/30\/pp-e-psoe-non-apoian-a-iniciativa-do-bng-para-evitar-o-bloqueo-indiscriminado-de-webs-por-parte-de-la-liga-e-movistar\/","article_publisher":"https:\/\/www.facebook.com\/anovapeneira","article_published_time":"2025-10-30T09:00:00+00:00","og_image":[{"width":720,"height":432,"url":"https:\/\/www.anovapeneira.gal\/wp-content\/uploads\/2025\/10\/nestor_Rego.jpg","type":"image\/jpeg"}],"author":"Redacci\u00f3n A Nova Peneira","twitter_card":"summary_large_image","twitter_creator":"@APeneira","twitter_site":"@APeneira","twitter_misc":{"Escrito por":"Redacci\u00f3n A Nova Peneira","Tempo de lectura":"3 minutos"},"schema":{"@context":"https:\/\/schema.org","@graph":[{"@type":"Article","@id":"https:\/\/www.anovapeneira.gal\/index.php\/2025\/10\/30\/pp-e-psoe-non-apoian-a-iniciativa-do-bng-para-evitar-o-bloqueo-indiscriminado-de-webs-por-parte-de-la-liga-e-movistar\/#article","isPartOf":{"@id":"https:\/\/www.anovapeneira.gal\/index.php\/2025\/10\/30\/pp-e-psoe-non-apoian-a-iniciativa-do-bng-para-evitar-o-bloqueo-indiscriminado-de-webs-por-parte-de-la-liga-e-movistar\/"},"author":{"name":"Redacci\u00f3n A Nova Peneira","@id":"https:\/\/www.anovapeneira.gal\/#\/schema\/person\/b93e3f8932e3f8da96334607eb6ac6aa"},"headline":"PP e PSOE non apoian a iniciativa do BNG para evitar o bloqueo indiscriminado de webs por parte de La Liga e Movistar","datePublished":"2025-10-30T09:00:00+00:00","mainEntityOfPage":{"@id":"https:\/\/www.anovapeneira.gal\/index.php\/2025\/10\/30\/pp-e-psoe-non-apoian-a-iniciativa-do-bng-para-evitar-o-bloqueo-indiscriminado-de-webs-por-parte-de-la-liga-e-movistar\/"},"wordCount":500,"commentCount":0,"publisher":{"@id":"https:\/\/www.anovapeneira.gal\/#organization"},"image":{"@id":"https:\/\/www.anovapeneira.gal\/index.php\/2025\/10\/30\/pp-e-psoe-non-apoian-a-iniciativa-do-bng-para-evitar-o-bloqueo-indiscriminado-de-webs-por-parte-de-la-liga-e-movistar\/#primaryimage"},"thumbnailUrl":"https:\/\/www.anovapeneira.gal\/wp-content\/uploads\/2025\/10\/nestor_Rego.jpg","articleSection":["Novas"],"inLanguage":"gl-ES","potentialAction":[{"@type":"CommentAction","name":"Comment","target":["https:\/\/www.anovapeneira.gal\/index.php\/2025\/10\/30\/pp-e-psoe-non-apoian-a-iniciativa-do-bng-para-evitar-o-bloqueo-indiscriminado-de-webs-por-parte-de-la-liga-e-movistar\/#respond"]}]},{"@type":"WebPage","@id":"https:\/\/www.anovapeneira.gal\/index.php\/2025\/10\/30\/pp-e-psoe-non-apoian-a-iniciativa-do-bng-para-evitar-o-bloqueo-indiscriminado-de-webs-por-parte-de-la-liga-e-movistar\/","url":"https:\/\/www.anovapeneira.gal\/index.php\/2025\/10\/30\/pp-e-psoe-non-apoian-a-iniciativa-do-bng-para-evitar-o-bloqueo-indiscriminado-de-webs-por-parte-de-la-liga-e-movistar\/","name":"PP e PSOE non apoian a iniciativa do BNG para evitar o bloqueo indiscriminado de webs por parte de La Liga e Movistar -","isPartOf":{"@id":"https:\/\/www.anovapeneira.gal\/#website"},"primaryImageOfPage":{"@id":"https:\/\/www.anovapeneira.gal\/index.php\/2025\/10\/30\/pp-e-psoe-non-apoian-a-iniciativa-do-bng-para-evitar-o-bloqueo-indiscriminado-de-webs-por-parte-de-la-liga-e-movistar\/#primaryimage"},"image":{"@id":"https:\/\/www.anovapeneira.gal\/index.php\/2025\/10\/30\/pp-e-psoe-non-apoian-a-iniciativa-do-bng-para-evitar-o-bloqueo-indiscriminado-de-webs-por-parte-de-la-liga-e-movistar\/#primaryimage"},"thumbnailUrl":"https:\/\/www.anovapeneira.gal\/wp-content\/uploads\/2025\/10\/nestor_Rego.jpg","datePublished":"2025-10-30T09:00:00+00:00","breadcrumb":{"@id":"https:\/\/www.anovapeneira.gal\/index.php\/2025\/10\/30\/pp-e-psoe-non-apoian-a-iniciativa-do-bng-para-evitar-o-bloqueo-indiscriminado-de-webs-por-parte-de-la-liga-e-movistar\/#breadcrumb"},"inLanguage":"gl-ES","potentialAction":[{"@type":"ReadAction","target":["https:\/\/www.anovapeneira.gal\/index.php\/2025\/10\/30\/pp-e-psoe-non-apoian-a-iniciativa-do-bng-para-evitar-o-bloqueo-indiscriminado-de-webs-por-parte-de-la-liga-e-movistar\/"]}]},{"@type":"ImageObject","inLanguage":"gl-ES","@id":"https:\/\/www.anovapeneira.gal\/index.php\/2025\/10\/30\/pp-e-psoe-non-apoian-a-iniciativa-do-bng-para-evitar-o-bloqueo-indiscriminado-de-webs-por-parte-de-la-liga-e-movistar\/#primaryimage","url":"https:\/\/www.anovapeneira.gal\/wp-content\/uploads\/2025\/10\/nestor_Rego.jpg","contentUrl":"https:\/\/www.anovapeneira.gal\/wp-content\/uploads\/2025\/10\/nestor_Rego.jpg","width":720,"height":432},{"@type":"BreadcrumbList","@id":"https:\/\/www.anovapeneira.gal\/index.php\/2025\/10\/30\/pp-e-psoe-non-apoian-a-iniciativa-do-bng-para-evitar-o-bloqueo-indiscriminado-de-webs-por-parte-de-la-liga-e-movistar\/#breadcrumb","itemListElement":[{"@type":"ListItem","position":1,"name":"Portada","item":"https:\/\/www.anovapeneira.gal\/"},{"@type":"ListItem","position":2,"name":"PP e PSOE non apoian a iniciativa do BNG para evitar o bloqueo indiscriminado de webs por parte de La Liga e Movistar"}]},{"@type":"WebSite","@id":"https:\/\/www.anovapeneira.gal\/#website","url":"https:\/\/www.anovapeneira.gal\/","name":"","description":"Xornal galego de informaci\u00f3n xeral Publicaci\u00f3n mensual de novas de Galicia e en especial dos Concellos da sur da provincia de Pontevedra.","publisher":{"@id":"https:\/\/www.anovapeneira.gal\/#organization"},"potentialAction":[{"@type":"SearchAction","target":{"@type":"EntryPoint","urlTemplate":"https:\/\/www.anovapeneira.gal\/?s={search_term_string}"},"query-input":{"@type":"PropertyValueSpecification","valueRequired":true,"valueName":"search_term_string"}}],"inLanguage":"gl-ES"},{"@type":"Organization","@id":"https:\/\/www.anovapeneira.gal\/#organization","name":"A Nova Peneira","url":"https:\/\/www.anovapeneira.gal\/","logo":{"@type":"ImageObject","inLanguage":"gl-ES","@id":"https:\/\/www.anovapeneira.gal\/#\/schema\/logo\/image\/","url":"http:\/\/www.anovapeneira.gal\/wp-content\/uploads\/2019\/06\/logo_a_nova_peneira_portal_web.png","contentUrl":"http:\/\/www.anovapeneira.gal\/wp-content\/uploads\/2019\/06\/logo_a_nova_peneira_portal_web.png","width":300,"height":100,"caption":"A Nova Peneira"},"image":{"@id":"https:\/\/www.anovapeneira.gal\/#\/schema\/logo\/image\/"},"sameAs":["https:\/\/www.facebook.com\/anovapeneira","https:\/\/x.com\/APeneira"]},{"@type":"Person","@id":"https:\/\/www.anovapeneira.gal\/#\/schema\/person\/b93e3f8932e3f8da96334607eb6ac6aa","name":"Redacci\u00f3n A Nova Peneira","image":{"@type":"ImageObject","inLanguage":"gl-ES","@id":"https:\/\/secure.gravatar.com\/avatar\/c052a2551a06e23fac63626232eaa90abd78dbcf1700fc46a2b2c89fd27b735f?s=96&d=mm&r=g","url":"https:\/\/secure.gravatar.com\/avatar\/c052a2551a06e23fac63626232eaa90abd78dbcf1700fc46a2b2c89fd27b735f?s=96&d=mm&r=g","contentUrl":"https:\/\/secure.gravatar.com\/avatar\/c052a2551a06e23fac63626232eaa90abd78dbcf1700fc46a2b2c89fd27b735f?s=96&d=mm&r=g","caption":"Redacci\u00f3n A Nova Peneira"},"sameAs":["http:\/\/www.anovapeneira.gal\/"],"url":"https:\/\/www.anovapeneira.gal\/index.php\/author\/redactor\/"}]}},"jetpack_featured_media_url":"https:\/\/www.anovapeneira.gal\/wp-content\/uploads\/2025\/10\/nestor_Rego.jpg","_links":{"self":[{"href":"https:\/\/www.anovapeneira.gal\/index.php\/wp-json\/wp\/v2\/posts\/14861","targetHints":{"allow":["GET"]}}],"collection":[{"href":"https:\/\/www.anovapeneira.gal\/index.php\/wp-json\/wp\/v2\/posts"}],"about":[{"href":"https:\/\/www.anovapeneira.gal\/index.php\/wp-json\/wp\/v2\/types\/post"}],"author":[{"embeddable":true,"href":"https:\/\/www.anovapeneira.gal\/index.php\/wp-json\/wp\/v2\/users\/3"}],"replies":[{"embeddable":true,"href":"https:\/\/www.anovapeneira.gal\/index.php\/wp-json\/wp\/v2\/comments?post=14861"}],"version-history":[{"count":1,"href":"https:\/\/www.anovapeneira.gal\/index.php\/wp-json\/wp\/v2\/posts\/14861\/revisions"}],"predecessor-version":[{"id":14863,"href":"https:\/\/www.anovapeneira.gal\/index.php\/wp-json\/wp\/v2\/posts\/14861\/revisions\/14863"}],"wp:featuredmedia":[{"embeddable":true,"href":"https:\/\/www.anovapeneira.gal\/index.php\/wp-json\/wp\/v2\/media\/14862"}],"wp:attachment":[{"href":"https:\/\/www.anovapeneira.gal\/index.php\/wp-json\/wp\/v2\/media?parent=14861"}],"wp:term":[{"taxonomy":"category","embeddable":true,"href":"https:\/\/www.anovapeneira.gal\/index.php\/wp-json\/wp\/v2\/categories?post=14861"},{"taxonomy":"post_tag","embeddable":true,"href":"https:\/\/www.anovapeneira.gal\/index.php\/wp-json\/wp\/v2\/tags?post=14861"}],"curies":[{"name":"wp","href":"https:\/\/api.w.org\/{rel}","templated":true}]}}