{"id":14869,"date":"2025-10-30T16:25:28","date_gmt":"2025-10-30T15:25:28","guid":{"rendered":"https:\/\/www.anovapeneira.gal\/?p=14869"},"modified":"2025-10-30T16:25:29","modified_gmt":"2025-10-30T15:25:29","slug":"o-pp-de-tui-incorporara-a-jorge-lima-ao-grupo-municipal-en-substitucion-da-concelleira-pilar-gregores-que-acaba-de-rexistrar-a-sua-renuncia-a-acta-no-concello","status":"publish","type":"post","link":"https:\/\/www.anovapeneira.gal\/index.php\/2025\/10\/30\/o-pp-de-tui-incorporara-a-jorge-lima-ao-grupo-municipal-en-substitucion-da-concelleira-pilar-gregores-que-acaba-de-rexistrar-a-sua-renuncia-a-acta-no-concello\/","title":{"rendered":"O PP de Tui incorporar\u00e1 a Jorge Lima ao grupo municipal en substituci\u00f3n da Concelleira Pilar Gregores, que acaba de rexistrar a s\u00faa renuncia \u00e1 acta no concello"},"content":{"rendered":"\n<ul class=\"wp-block-list\">\n<li><em>O voceiro municipal, Nico Montes, aclara que se produciu un malentendido e unha interpretaci\u00f3n err\u00f3nea sobre o futuro da edil, que expresou a s\u00faa intenci\u00f3n de abandonar o grupo municipal e manterse no PP<\/em><\/li>\n\n\n\n<li><em>O tam\u00e9n presidente do PP tudense explica que as achegas e o debate interno, po\u00f1endo en valor posturas diferentes, \u201cao final sempre enriquecen e fan m\u00e1is grande e m\u00e1is amplo o proxecto que queremos para o futuro de Tui\u201d<\/em><\/li>\n<\/ul>\n\n\n\n<p><a><\/a> O grupo municipal do PP de Tui v\u00e9n de anunciar a pr\u00f3xima incorporaci\u00f3n de Jorge Lima Dur\u00e1n, en substituci\u00f3n da concelleira Pilar Gregores, que acaba de formalizar a s\u00faa renuncia \u00e1 acta co correspondente rexistro no Concello.<\/p>\n\n\n\n<p>O voceiro municipal, Nico Montes, aclarou que nesta situaci\u00f3n produciuse un malentendido sobre o futuro pol\u00edtico da edil, que expresou publicamente a s\u00faa intenci\u00f3n de deixar o grupo municipal, pero que deixou ben claro que manti\u00f1a o seu compromiso co PP e con Tui.<\/p>\n\n\n\n<p>\u201cPilar decidiu ceder a s\u00faa acta para facilitar a renovaci\u00f3n do grupo, posto que temos maneiras distintas de afrontar o labor pol\u00edtico, e \u00e9 algo respectable e que enriquece e engrandece ao PP de Tui porque creo moito na diversidade. N\u00f3s respectamos a s\u00faa decisi\u00f3n\u201d, revelou o tam\u00e9n presidente do PP local.<\/p>\n\n\n\n<p>Nico Montes agarda que, tras a renuncia de Pilar Gregores, se cursen canto antes as credenciais de Jorge Lima para facilitar a s\u00faa inmediata incorporaci\u00f3n \u201cco obxectivo de manter un grupo municipal forte, de seis concelleiros, tantos como ten o goberno local, para defender todos os d\u00edas e na r\u00faa aos veci\u00f1os fronte a unha situaci\u00f3n de par\u00e1lise que est\u00e1 a levar a Tui por un mal cami\u00f1o\u201d.<\/p>\n\n\n\n<p>Finalmente, o voceiro quixo deixar claro que as distintas achegas e o debate interno que se producen no PP tudense, ao igual que en decenas de agrupaci\u00f3ns locais de todos os partidos da provincia, e a posta en valor de posturas diferentes \u201cao final sempre enriquecen e fan m\u00e1is grande e m\u00e1is amplo o proxecto que queremos para o futuro de Tui\u201d. Ademais, agradeceu a concelleira o seu gran traballo e adicaci\u00f3n destes anos e desexou sorte a Jorge Lima na s\u00faa pr\u00f3xima incorporaci\u00f3n.<\/p>\n","protected":false},"excerpt":{"rendered":"<div class=\"mh-excerpt\"><p>O voceiro municipal, Nico Montes, aclara que se produciu un malentendido e unha interpretaci\u00f3n err\u00f3nea sobre o futuro da edil, que expresou a s\u00faa intenci\u00f3n de abandonar o grupo municipal e manterse no PP <a class=\"mh-excerpt-more\" href=\"https:\/\/www.anovapeneira.gal\/index.php\/2025\/10\/30\/o-pp-de-tui-incorporara-a-jorge-lima-ao-grupo-municipal-en-substitucion-da-concelleira-pilar-gregores-que-acaba-de-rexistrar-a-sua-renuncia-a-acta-no-concello\/\" title=\"O PP de Tui incorporar\u00e1 a Jorge Lima ao grupo municipal en substituci\u00f3n da Concelleira Pilar Gregores, que acaba de rexistrar a s\u00faa renuncia \u00e1 acta no concello\">[&#8230;]<\/a><\/p>\n<\/div>","protected":false},"author":3,"featured_media":14870,"comment_status":"open","ping_status":"open","sticky":false,"template":"","format":"standard","meta":{"_exactmetrics_skip_tracking":false,"_exactmetrics_sitenote_active":false,"_exactmetrics_sitenote_note":"","_exactmetrics_sitenote_category":0,"footnotes":""},"categories":[21],"tags":[426],"class_list":{"0":"post-14869","1":"post","2":"type-post","3":"status-publish","4":"format-standard","5":"has-post-thumbnail","7":"category-baixo-mino","8":"tag-concello-de-tui"},"yoast_head":"<!-- This site is optimized with the Yoast SEO plugin v27.4 - https:\/\/yoast.com\/product\/yoast-seo-wordpress\/ -->\n<title>O PP de Tui incorporar\u00e1 a Jorge Lima ao grupo municipal en substituci\u00f3n da Concelleira Pilar Gregores, que acaba de rexistrar a s\u00faa renuncia \u00e1 acta no concello -<\/title>\n<meta name=\"robots\" content=\"index, follow, max-snippet:-1, max-image-preview:large, max-video-preview:-1\" \/>\n<link rel=\"canonical\" href=\"https:\/\/www.anovapeneira.gal\/index.php\/2025\/10\/30\/o-pp-de-tui-incorporara-a-jorge-lima-ao-grupo-municipal-en-substitucion-da-concelleira-pilar-gregores-que-acaba-de-rexistrar-a-sua-renuncia-a-acta-no-concello\/\" \/>\n<meta property=\"og:locale\" content=\"gl_ES\" \/>\n<meta property=\"og:type\" content=\"article\" \/>\n<meta property=\"og:title\" content=\"O PP de Tui incorporar\u00e1 a Jorge Lima ao grupo municipal en substituci\u00f3n da Concelleira Pilar Gregores, que acaba de rexistrar a s\u00faa renuncia \u00e1 acta no concello -\" \/>\n<meta property=\"og:description\" content=\"O voceiro municipal, Nico Montes, aclara que se produciu un malentendido e unha interpretaci\u00f3n err\u00f3nea sobre o futuro da edil, que expresou a s\u00faa intenci\u00f3n de abandonar o grupo municipal e manterse no PP [...]\" \/>\n<meta property=\"og:url\" content=\"https:\/\/www.anovapeneira.gal\/index.php\/2025\/10\/30\/o-pp-de-tui-incorporara-a-jorge-lima-ao-grupo-municipal-en-substitucion-da-concelleira-pilar-gregores-que-acaba-de-rexistrar-a-sua-renuncia-a-acta-no-concello\/\" \/>\n<meta property=\"article:publisher\" content=\"https:\/\/www.facebook.com\/anovapeneira\" \/>\n<meta property=\"article:published_time\" content=\"2025-10-30T15:25:28+00:00\" \/>\n<meta property=\"article:modified_time\" content=\"2025-10-30T15:25:29+00:00\" \/>\n<meta property=\"og:image\" content=\"https:\/\/www.anovapeneira.gal\/wp-content\/uploads\/2025\/10\/Nico-Montes-e-Jorge-Lima-PP-Tui.jpg\" \/>\n\t<meta property=\"og:image:width\" content=\"1000\" \/>\n\t<meta property=\"og:image:height\" content=\"600\" \/>\n\t<meta property=\"og:image:type\" content=\"image\/jpeg\" \/>\n<meta name=\"author\" content=\"Redacci\u00f3n A Nova Peneira\" \/>\n<meta name=\"twitter:card\" content=\"summary_large_image\" \/>\n<meta name=\"twitter:creator\" content=\"@APeneira\" \/>\n<meta name=\"twitter:site\" content=\"@APeneira\" \/>\n<meta name=\"twitter:label1\" content=\"Escrito por\" \/>\n\t<meta name=\"twitter:data1\" content=\"Redacci\u00f3n A Nova Peneira\" \/>\n\t<meta name=\"twitter:label2\" content=\"Tempo de lectura\" \/>\n\t<meta name=\"twitter:data2\" content=\"3 minutos\" \/>\n<script type=\"application\/ld+json\" class=\"yoast-schema-graph\">{\"@context\":\"https:\\\/\\\/schema.org\",\"@graph\":[{\"@type\":\"Article\",\"@id\":\"https:\\\/\\\/www.anovapeneira.gal\\\/index.php\\\/2025\\\/10\\\/30\\\/o-pp-de-tui-incorporara-a-jorge-lima-ao-grupo-municipal-en-substitucion-da-concelleira-pilar-gregores-que-acaba-de-rexistrar-a-sua-renuncia-a-acta-no-concello\\\/#article\",\"isPartOf\":{\"@id\":\"https:\\\/\\\/www.anovapeneira.gal\\\/index.php\\\/2025\\\/10\\\/30\\\/o-pp-de-tui-incorporara-a-jorge-lima-ao-grupo-municipal-en-substitucion-da-concelleira-pilar-gregores-que-acaba-de-rexistrar-a-sua-renuncia-a-acta-no-concello\\\/\"},\"author\":{\"name\":\"Redacci\u00f3n A Nova Peneira\",\"@id\":\"https:\\\/\\\/www.anovapeneira.gal\\\/#\\\/schema\\\/person\\\/b93e3f8932e3f8da96334607eb6ac6aa\"},\"headline\":\"O PP de Tui incorporar\u00e1 a Jorge Lima ao grupo municipal en substituci\u00f3n da Concelleira Pilar Gregores, que acaba de rexistrar a s\u00faa renuncia \u00e1 acta no concello\",\"datePublished\":\"2025-10-30T15:25:28+00:00\",\"dateModified\":\"2025-10-30T15:25:29+00:00\",\"mainEntityOfPage\":{\"@id\":\"https:\\\/\\\/www.anovapeneira.gal\\\/index.php\\\/2025\\\/10\\\/30\\\/o-pp-de-tui-incorporara-a-jorge-lima-ao-grupo-municipal-en-substitucion-da-concelleira-pilar-gregores-que-acaba-de-rexistrar-a-sua-renuncia-a-acta-no-concello\\\/\"},\"wordCount\":426,\"commentCount\":0,\"publisher\":{\"@id\":\"https:\\\/\\\/www.anovapeneira.gal\\\/#organization\"},\"image\":{\"@id\":\"https:\\\/\\\/www.anovapeneira.gal\\\/index.php\\\/2025\\\/10\\\/30\\\/o-pp-de-tui-incorporara-a-jorge-lima-ao-grupo-municipal-en-substitucion-da-concelleira-pilar-gregores-que-acaba-de-rexistrar-a-sua-renuncia-a-acta-no-concello\\\/#primaryimage\"},\"thumbnailUrl\":\"https:\\\/\\\/www.anovapeneira.gal\\\/wp-content\\\/uploads\\\/2025\\\/10\\\/Nico-Montes-e-Jorge-Lima-PP-Tui.jpg\",\"keywords\":[\"Concello de Tui\"],\"articleSection\":[\"Baixo Mi\u00f1o\"],\"inLanguage\":\"gl-ES\",\"potentialAction\":[{\"@type\":\"CommentAction\",\"name\":\"Comment\",\"target\":[\"https:\\\/\\\/www.anovapeneira.gal\\\/index.php\\\/2025\\\/10\\\/30\\\/o-pp-de-tui-incorporara-a-jorge-lima-ao-grupo-municipal-en-substitucion-da-concelleira-pilar-gregores-que-acaba-de-rexistrar-a-sua-renuncia-a-acta-no-concello\\\/#respond\"]}]},{\"@type\":\"WebPage\",\"@id\":\"https:\\\/\\\/www.anovapeneira.gal\\\/index.php\\\/2025\\\/10\\\/30\\\/o-pp-de-tui-incorporara-a-jorge-lima-ao-grupo-municipal-en-substitucion-da-concelleira-pilar-gregores-que-acaba-de-rexistrar-a-sua-renuncia-a-acta-no-concello\\\/\",\"url\":\"https:\\\/\\\/www.anovapeneira.gal\\\/index.php\\\/2025\\\/10\\\/30\\\/o-pp-de-tui-incorporara-a-jorge-lima-ao-grupo-municipal-en-substitucion-da-concelleira-pilar-gregores-que-acaba-de-rexistrar-a-sua-renuncia-a-acta-no-concello\\\/\",\"name\":\"O PP de Tui incorporar\u00e1 a Jorge Lima ao grupo municipal en substituci\u00f3n da Concelleira Pilar Gregores, que acaba de rexistrar a s\u00faa renuncia \u00e1 acta no concello -\",\"isPartOf\":{\"@id\":\"https:\\\/\\\/www.anovapeneira.gal\\\/#website\"},\"primaryImageOfPage\":{\"@id\":\"https:\\\/\\\/www.anovapeneira.gal\\\/index.php\\\/2025\\\/10\\\/30\\\/o-pp-de-tui-incorporara-a-jorge-lima-ao-grupo-municipal-en-substitucion-da-concelleira-pilar-gregores-que-acaba-de-rexistrar-a-sua-renuncia-a-acta-no-concello\\\/#primaryimage\"},\"image\":{\"@id\":\"https:\\\/\\\/www.anovapeneira.gal\\\/index.php\\\/2025\\\/10\\\/30\\\/o-pp-de-tui-incorporara-a-jorge-lima-ao-grupo-municipal-en-substitucion-da-concelleira-pilar-gregores-que-acaba-de-rexistrar-a-sua-renuncia-a-acta-no-concello\\\/#primaryimage\"},\"thumbnailUrl\":\"https:\\\/\\\/www.anovapeneira.gal\\\/wp-content\\\/uploads\\\/2025\\\/10\\\/Nico-Montes-e-Jorge-Lima-PP-Tui.jpg\",\"datePublished\":\"2025-10-30T15:25:28+00:00\",\"dateModified\":\"2025-10-30T15:25:29+00:00\",\"breadcrumb\":{\"@id\":\"https:\\\/\\\/www.anovapeneira.gal\\\/index.php\\\/2025\\\/10\\\/30\\\/o-pp-de-tui-incorporara-a-jorge-lima-ao-grupo-municipal-en-substitucion-da-concelleira-pilar-gregores-que-acaba-de-rexistrar-a-sua-renuncia-a-acta-no-concello\\\/#breadcrumb\"},\"inLanguage\":\"gl-ES\",\"potentialAction\":[{\"@type\":\"ReadAction\",\"target\":[\"https:\\\/\\\/www.anovapeneira.gal\\\/index.php\\\/2025\\\/10\\\/30\\\/o-pp-de-tui-incorporara-a-jorge-lima-ao-grupo-municipal-en-substitucion-da-concelleira-pilar-gregores-que-acaba-de-rexistrar-a-sua-renuncia-a-acta-no-concello\\\/\"]}]},{\"@type\":\"ImageObject\",\"inLanguage\":\"gl-ES\",\"@id\":\"https:\\\/\\\/www.anovapeneira.gal\\\/index.php\\\/2025\\\/10\\\/30\\\/o-pp-de-tui-incorporara-a-jorge-lima-ao-grupo-municipal-en-substitucion-da-concelleira-pilar-gregores-que-acaba-de-rexistrar-a-sua-renuncia-a-acta-no-concello\\\/#primaryimage\",\"url\":\"https:\\\/\\\/www.anovapeneira.gal\\\/wp-content\\\/uploads\\\/2025\\\/10\\\/Nico-Montes-e-Jorge-Lima-PP-Tui.jpg\",\"contentUrl\":\"https:\\\/\\\/www.anovapeneira.gal\\\/wp-content\\\/uploads\\\/2025\\\/10\\\/Nico-Montes-e-Jorge-Lima-PP-Tui.jpg\",\"width\":1000,\"height\":600},{\"@type\":\"BreadcrumbList\",\"@id\":\"https:\\\/\\\/www.anovapeneira.gal\\\/index.php\\\/2025\\\/10\\\/30\\\/o-pp-de-tui-incorporara-a-jorge-lima-ao-grupo-municipal-en-substitucion-da-concelleira-pilar-gregores-que-acaba-de-rexistrar-a-sua-renuncia-a-acta-no-concello\\\/#breadcrumb\",\"itemListElement\":[{\"@type\":\"ListItem\",\"position\":1,\"name\":\"Portada\",\"item\":\"https:\\\/\\\/www.anovapeneira.gal\\\/\"},{\"@type\":\"ListItem\",\"position\":2,\"name\":\"O PP de Tui incorporar\u00e1 a Jorge Lima ao grupo municipal en substituci\u00f3n da Concelleira Pilar Gregores, que acaba de rexistrar a s\u00faa renuncia \u00e1 acta no concello\"}]},{\"@type\":\"WebSite\",\"@id\":\"https:\\\/\\\/www.anovapeneira.gal\\\/#website\",\"url\":\"https:\\\/\\\/www.anovapeneira.gal\\\/\",\"name\":\"\",\"description\":\"Xornal galego de informaci\u00f3n xeral Publicaci\u00f3n mensual de novas de Galicia e en especial dos Concellos da sur da provincia de Pontevedra.\",\"publisher\":{\"@id\":\"https:\\\/\\\/www.anovapeneira.gal\\\/#organization\"},\"potentialAction\":[{\"@type\":\"SearchAction\",\"target\":{\"@type\":\"EntryPoint\",\"urlTemplate\":\"https:\\\/\\\/www.anovapeneira.gal\\\/?s={search_term_string}\"},\"query-input\":{\"@type\":\"PropertyValueSpecification\",\"valueRequired\":true,\"valueName\":\"search_term_string\"}}],\"inLanguage\":\"gl-ES\"},{\"@type\":\"Organization\",\"@id\":\"https:\\\/\\\/www.anovapeneira.gal\\\/#organization\",\"name\":\"A Nova Peneira\",\"url\":\"https:\\\/\\\/www.anovapeneira.gal\\\/\",\"logo\":{\"@type\":\"ImageObject\",\"inLanguage\":\"gl-ES\",\"@id\":\"https:\\\/\\\/www.anovapeneira.gal\\\/#\\\/schema\\\/logo\\\/image\\\/\",\"url\":\"http:\\\/\\\/www.anovapeneira.gal\\\/wp-content\\\/uploads\\\/2019\\\/06\\\/logo_a_nova_peneira_portal_web.png\",\"contentUrl\":\"http:\\\/\\\/www.anovapeneira.gal\\\/wp-content\\\/uploads\\\/2019\\\/06\\\/logo_a_nova_peneira_portal_web.png\",\"width\":300,\"height\":100,\"caption\":\"A Nova Peneira\"},\"image\":{\"@id\":\"https:\\\/\\\/www.anovapeneira.gal\\\/#\\\/schema\\\/logo\\\/image\\\/\"},\"sameAs\":[\"https:\\\/\\\/www.facebook.com\\\/anovapeneira\",\"https:\\\/\\\/x.com\\\/APeneira\"]},{\"@type\":\"Person\",\"@id\":\"https:\\\/\\\/www.anovapeneira.gal\\\/#\\\/schema\\\/person\\\/b93e3f8932e3f8da96334607eb6ac6aa\",\"name\":\"Redacci\u00f3n A Nova Peneira\",\"image\":{\"@type\":\"ImageObject\",\"inLanguage\":\"gl-ES\",\"@id\":\"https:\\\/\\\/secure.gravatar.com\\\/avatar\\\/c052a2551a06e23fac63626232eaa90abd78dbcf1700fc46a2b2c89fd27b735f?s=96&d=mm&r=g\",\"url\":\"https:\\\/\\\/secure.gravatar.com\\\/avatar\\\/c052a2551a06e23fac63626232eaa90abd78dbcf1700fc46a2b2c89fd27b735f?s=96&d=mm&r=g\",\"contentUrl\":\"https:\\\/\\\/secure.gravatar.com\\\/avatar\\\/c052a2551a06e23fac63626232eaa90abd78dbcf1700fc46a2b2c89fd27b735f?s=96&d=mm&r=g\",\"caption\":\"Redacci\u00f3n A Nova Peneira\"},\"sameAs\":[\"http:\\\/\\\/www.anovapeneira.gal\\\/\"],\"url\":\"https:\\\/\\\/www.anovapeneira.gal\\\/index.php\\\/author\\\/redactor\\\/\"}]}<\/script>\n<!-- \/ Yoast SEO plugin. -->","yoast_head_json":{"title":"O PP de Tui incorporar\u00e1 a Jorge Lima ao grupo municipal en substituci\u00f3n da Concelleira Pilar Gregores, que acaba de rexistrar a s\u00faa renuncia \u00e1 acta no concello -","robots":{"index":"index","follow":"follow","max-snippet":"max-snippet:-1","max-image-preview":"max-image-preview:large","max-video-preview":"max-video-preview:-1"},"canonical":"https:\/\/www.anovapeneira.gal\/index.php\/2025\/10\/30\/o-pp-de-tui-incorporara-a-jorge-lima-ao-grupo-municipal-en-substitucion-da-concelleira-pilar-gregores-que-acaba-de-rexistrar-a-sua-renuncia-a-acta-no-concello\/","og_locale":"gl_ES","og_type":"article","og_title":"O PP de Tui incorporar\u00e1 a Jorge Lima ao grupo municipal en substituci\u00f3n da Concelleira Pilar Gregores, que acaba de rexistrar a s\u00faa renuncia \u00e1 acta no concello -","og_description":"O voceiro municipal, Nico Montes, aclara que se produciu un malentendido e unha interpretaci\u00f3n err\u00f3nea sobre o futuro da edil, que expresou a s\u00faa intenci\u00f3n de abandonar o grupo municipal e manterse no PP [...]","og_url":"https:\/\/www.anovapeneira.gal\/index.php\/2025\/10\/30\/o-pp-de-tui-incorporara-a-jorge-lima-ao-grupo-municipal-en-substitucion-da-concelleira-pilar-gregores-que-acaba-de-rexistrar-a-sua-renuncia-a-acta-no-concello\/","article_publisher":"https:\/\/www.facebook.com\/anovapeneira","article_published_time":"2025-10-30T15:25:28+00:00","article_modified_time":"2025-10-30T15:25:29+00:00","og_image":[{"width":1000,"height":600,"url":"https:\/\/www.anovapeneira.gal\/wp-content\/uploads\/2025\/10\/Nico-Montes-e-Jorge-Lima-PP-Tui.jpg","type":"image\/jpeg"}],"author":"Redacci\u00f3n A Nova Peneira","twitter_card":"summary_large_image","twitter_creator":"@APeneira","twitter_site":"@APeneira","twitter_misc":{"Escrito por":"Redacci\u00f3n A Nova Peneira","Tempo de lectura":"3 minutos"},"schema":{"@context":"https:\/\/schema.org","@graph":[{"@type":"Article","@id":"https:\/\/www.anovapeneira.gal\/index.php\/2025\/10\/30\/o-pp-de-tui-incorporara-a-jorge-lima-ao-grupo-municipal-en-substitucion-da-concelleira-pilar-gregores-que-acaba-de-rexistrar-a-sua-renuncia-a-acta-no-concello\/#article","isPartOf":{"@id":"https:\/\/www.anovapeneira.gal\/index.php\/2025\/10\/30\/o-pp-de-tui-incorporara-a-jorge-lima-ao-grupo-municipal-en-substitucion-da-concelleira-pilar-gregores-que-acaba-de-rexistrar-a-sua-renuncia-a-acta-no-concello\/"},"author":{"name":"Redacci\u00f3n A Nova Peneira","@id":"https:\/\/www.anovapeneira.gal\/#\/schema\/person\/b93e3f8932e3f8da96334607eb6ac6aa"},"headline":"O PP de Tui incorporar\u00e1 a Jorge Lima ao grupo municipal en substituci\u00f3n da Concelleira Pilar Gregores, que acaba de rexistrar a s\u00faa renuncia \u00e1 acta no concello","datePublished":"2025-10-30T15:25:28+00:00","dateModified":"2025-10-30T15:25:29+00:00","mainEntityOfPage":{"@id":"https:\/\/www.anovapeneira.gal\/index.php\/2025\/10\/30\/o-pp-de-tui-incorporara-a-jorge-lima-ao-grupo-municipal-en-substitucion-da-concelleira-pilar-gregores-que-acaba-de-rexistrar-a-sua-renuncia-a-acta-no-concello\/"},"wordCount":426,"commentCount":0,"publisher":{"@id":"https:\/\/www.anovapeneira.gal\/#organization"},"image":{"@id":"https:\/\/www.anovapeneira.gal\/index.php\/2025\/10\/30\/o-pp-de-tui-incorporara-a-jorge-lima-ao-grupo-municipal-en-substitucion-da-concelleira-pilar-gregores-que-acaba-de-rexistrar-a-sua-renuncia-a-acta-no-concello\/#primaryimage"},"thumbnailUrl":"https:\/\/www.anovapeneira.gal\/wp-content\/uploads\/2025\/10\/Nico-Montes-e-Jorge-Lima-PP-Tui.jpg","keywords":["Concello de Tui"],"articleSection":["Baixo Mi\u00f1o"],"inLanguage":"gl-ES","potentialAction":[{"@type":"CommentAction","name":"Comment","target":["https:\/\/www.anovapeneira.gal\/index.php\/2025\/10\/30\/o-pp-de-tui-incorporara-a-jorge-lima-ao-grupo-municipal-en-substitucion-da-concelleira-pilar-gregores-que-acaba-de-rexistrar-a-sua-renuncia-a-acta-no-concello\/#respond"]}]},{"@type":"WebPage","@id":"https:\/\/www.anovapeneira.gal\/index.php\/2025\/10\/30\/o-pp-de-tui-incorporara-a-jorge-lima-ao-grupo-municipal-en-substitucion-da-concelleira-pilar-gregores-que-acaba-de-rexistrar-a-sua-renuncia-a-acta-no-concello\/","url":"https:\/\/www.anovapeneira.gal\/index.php\/2025\/10\/30\/o-pp-de-tui-incorporara-a-jorge-lima-ao-grupo-municipal-en-substitucion-da-concelleira-pilar-gregores-que-acaba-de-rexistrar-a-sua-renuncia-a-acta-no-concello\/","name":"O PP de Tui incorporar\u00e1 a Jorge Lima ao grupo municipal en substituci\u00f3n da Concelleira Pilar Gregores, que acaba de rexistrar a s\u00faa renuncia \u00e1 acta no concello -","isPartOf":{"@id":"https:\/\/www.anovapeneira.gal\/#website"},"primaryImageOfPage":{"@id":"https:\/\/www.anovapeneira.gal\/index.php\/2025\/10\/30\/o-pp-de-tui-incorporara-a-jorge-lima-ao-grupo-municipal-en-substitucion-da-concelleira-pilar-gregores-que-acaba-de-rexistrar-a-sua-renuncia-a-acta-no-concello\/#primaryimage"},"image":{"@id":"https:\/\/www.anovapeneira.gal\/index.php\/2025\/10\/30\/o-pp-de-tui-incorporara-a-jorge-lima-ao-grupo-municipal-en-substitucion-da-concelleira-pilar-gregores-que-acaba-de-rexistrar-a-sua-renuncia-a-acta-no-concello\/#primaryimage"},"thumbnailUrl":"https:\/\/www.anovapeneira.gal\/wp-content\/uploads\/2025\/10\/Nico-Montes-e-Jorge-Lima-PP-Tui.jpg","datePublished":"2025-10-30T15:25:28+00:00","dateModified":"2025-10-30T15:25:29+00:00","breadcrumb":{"@id":"https:\/\/www.anovapeneira.gal\/index.php\/2025\/10\/30\/o-pp-de-tui-incorporara-a-jorge-lima-ao-grupo-municipal-en-substitucion-da-concelleira-pilar-gregores-que-acaba-de-rexistrar-a-sua-renuncia-a-acta-no-concello\/#breadcrumb"},"inLanguage":"gl-ES","potentialAction":[{"@type":"ReadAction","target":["https:\/\/www.anovapeneira.gal\/index.php\/2025\/10\/30\/o-pp-de-tui-incorporara-a-jorge-lima-ao-grupo-municipal-en-substitucion-da-concelleira-pilar-gregores-que-acaba-de-rexistrar-a-sua-renuncia-a-acta-no-concello\/"]}]},{"@type":"ImageObject","inLanguage":"gl-ES","@id":"https:\/\/www.anovapeneira.gal\/index.php\/2025\/10\/30\/o-pp-de-tui-incorporara-a-jorge-lima-ao-grupo-municipal-en-substitucion-da-concelleira-pilar-gregores-que-acaba-de-rexistrar-a-sua-renuncia-a-acta-no-concello\/#primaryimage","url":"https:\/\/www.anovapeneira.gal\/wp-content\/uploads\/2025\/10\/Nico-Montes-e-Jorge-Lima-PP-Tui.jpg","contentUrl":"https:\/\/www.anovapeneira.gal\/wp-content\/uploads\/2025\/10\/Nico-Montes-e-Jorge-Lima-PP-Tui.jpg","width":1000,"height":600},{"@type":"BreadcrumbList","@id":"https:\/\/www.anovapeneira.gal\/index.php\/2025\/10\/30\/o-pp-de-tui-incorporara-a-jorge-lima-ao-grupo-municipal-en-substitucion-da-concelleira-pilar-gregores-que-acaba-de-rexistrar-a-sua-renuncia-a-acta-no-concello\/#breadcrumb","itemListElement":[{"@type":"ListItem","position":1,"name":"Portada","item":"https:\/\/www.anovapeneira.gal\/"},{"@type":"ListItem","position":2,"name":"O PP de Tui incorporar\u00e1 a Jorge Lima ao grupo municipal en substituci\u00f3n da Concelleira Pilar Gregores, que acaba de rexistrar a s\u00faa renuncia \u00e1 acta no concello"}]},{"@type":"WebSite","@id":"https:\/\/www.anovapeneira.gal\/#website","url":"https:\/\/www.anovapeneira.gal\/","name":"","description":"Xornal galego de informaci\u00f3n xeral Publicaci\u00f3n mensual de novas de Galicia e en especial dos Concellos da sur da provincia de Pontevedra.","publisher":{"@id":"https:\/\/www.anovapeneira.gal\/#organization"},"potentialAction":[{"@type":"SearchAction","target":{"@type":"EntryPoint","urlTemplate":"https:\/\/www.anovapeneira.gal\/?s={search_term_string}"},"query-input":{"@type":"PropertyValueSpecification","valueRequired":true,"valueName":"search_term_string"}}],"inLanguage":"gl-ES"},{"@type":"Organization","@id":"https:\/\/www.anovapeneira.gal\/#organization","name":"A Nova Peneira","url":"https:\/\/www.anovapeneira.gal\/","logo":{"@type":"ImageObject","inLanguage":"gl-ES","@id":"https:\/\/www.anovapeneira.gal\/#\/schema\/logo\/image\/","url":"http:\/\/www.anovapeneira.gal\/wp-content\/uploads\/2019\/06\/logo_a_nova_peneira_portal_web.png","contentUrl":"http:\/\/www.anovapeneira.gal\/wp-content\/uploads\/2019\/06\/logo_a_nova_peneira_portal_web.png","width":300,"height":100,"caption":"A Nova Peneira"},"image":{"@id":"https:\/\/www.anovapeneira.gal\/#\/schema\/logo\/image\/"},"sameAs":["https:\/\/www.facebook.com\/anovapeneira","https:\/\/x.com\/APeneira"]},{"@type":"Person","@id":"https:\/\/www.anovapeneira.gal\/#\/schema\/person\/b93e3f8932e3f8da96334607eb6ac6aa","name":"Redacci\u00f3n A Nova Peneira","image":{"@type":"ImageObject","inLanguage":"gl-ES","@id":"https:\/\/secure.gravatar.com\/avatar\/c052a2551a06e23fac63626232eaa90abd78dbcf1700fc46a2b2c89fd27b735f?s=96&d=mm&r=g","url":"https:\/\/secure.gravatar.com\/avatar\/c052a2551a06e23fac63626232eaa90abd78dbcf1700fc46a2b2c89fd27b735f?s=96&d=mm&r=g","contentUrl":"https:\/\/secure.gravatar.com\/avatar\/c052a2551a06e23fac63626232eaa90abd78dbcf1700fc46a2b2c89fd27b735f?s=96&d=mm&r=g","caption":"Redacci\u00f3n A Nova Peneira"},"sameAs":["http:\/\/www.anovapeneira.gal\/"],"url":"https:\/\/www.anovapeneira.gal\/index.php\/author\/redactor\/"}]}},"jetpack_featured_media_url":"https:\/\/www.anovapeneira.gal\/wp-content\/uploads\/2025\/10\/Nico-Montes-e-Jorge-Lima-PP-Tui.jpg","_links":{"self":[{"href":"https:\/\/www.anovapeneira.gal\/index.php\/wp-json\/wp\/v2\/posts\/14869","targetHints":{"allow":["GET"]}}],"collection":[{"href":"https:\/\/www.anovapeneira.gal\/index.php\/wp-json\/wp\/v2\/posts"}],"about":[{"href":"https:\/\/www.anovapeneira.gal\/index.php\/wp-json\/wp\/v2\/types\/post"}],"author":[{"embeddable":true,"href":"https:\/\/www.anovapeneira.gal\/index.php\/wp-json\/wp\/v2\/users\/3"}],"replies":[{"embeddable":true,"href":"https:\/\/www.anovapeneira.gal\/index.php\/wp-json\/wp\/v2\/comments?post=14869"}],"version-history":[{"count":1,"href":"https:\/\/www.anovapeneira.gal\/index.php\/wp-json\/wp\/v2\/posts\/14869\/revisions"}],"predecessor-version":[{"id":14871,"href":"https:\/\/www.anovapeneira.gal\/index.php\/wp-json\/wp\/v2\/posts\/14869\/revisions\/14871"}],"wp:featuredmedia":[{"embeddable":true,"href":"https:\/\/www.anovapeneira.gal\/index.php\/wp-json\/wp\/v2\/media\/14870"}],"wp:attachment":[{"href":"https:\/\/www.anovapeneira.gal\/index.php\/wp-json\/wp\/v2\/media?parent=14869"}],"wp:term":[{"taxonomy":"category","embeddable":true,"href":"https:\/\/www.anovapeneira.gal\/index.php\/wp-json\/wp\/v2\/categories?post=14869"},{"taxonomy":"post_tag","embeddable":true,"href":"https:\/\/www.anovapeneira.gal\/index.php\/wp-json\/wp\/v2\/tags?post=14869"}],"curies":[{"name":"wp","href":"https:\/\/api.w.org\/{rel}","templated":true}]}}