{"id":14875,"date":"2025-10-31T12:00:04","date_gmt":"2025-10-31T11:00:04","guid":{"rendered":"https:\/\/www.anovapeneira.gal\/?p=14875"},"modified":"2025-10-30T16:45:28","modified_gmt":"2025-10-30T15:45:28","slug":"redondela-crea-a-concelleria-de-memoria-democratica-para-difundir-a-historia-de-san-simon-e-frear-o-discurso-da-ultradereita","status":"publish","type":"post","link":"https:\/\/www.anovapeneira.gal\/index.php\/2025\/10\/31\/redondela-crea-a-concelleria-de-memoria-democratica-para-difundir-a-historia-de-san-simon-e-frear-o-discurso-da-ultradereita\/","title":{"rendered":"Redondela crea a conceller\u00eda de Memoria Democr\u00e1tica para difundir a historia de San Sim\u00f3n e frear o discurso da ultradereita"},"content":{"rendered":"\n<p><em>&#8211; A alcaldesa, Digna Rivas, farase cargo da nova \u00e1rea que ter\u00e1 entre as s\u00faas funci\u00f3ns difundir e dar a co\u00f1ecer os valores democr\u00e1ticos, as\u00ed como dignificar \u00e1s v\u00edtimas da represi\u00f3n. Para Rivas \u201co co\u00f1ecemento da historia \u00e9 agora m\u00e1is importante ca nunca ante os auxe dos discursos da extrema dereita e a ideolox\u00eda neo fascista\u201d.<\/em><\/p>\n\n\n\n<p><em>&#8211; A nova \u00e1rea por\u00e1 en valor a historia da illa de San Sim\u00f3n, s\u00edmbolo da represi\u00f3n franquista e declarada Lugar de Memoria Democr\u00e1tica. O Concello decide as\u00ed asumir esta responsabilidade \u201cante o desinterese da Xunta de Galicia neste asunto e a negativa a que Redondela participe no \u00f3rgano de xesti\u00f3n da illa\u201d.<\/em><\/p>\n\n\n\n<p><strong>Redondela, 25 de outubro de 2025. <\/strong><\/p>\n\n\n\n<p>O Concello de Redondela anuncia a creaci\u00f3n dunha nova \u00e1rea: a conceller\u00eda de Memoria Democr\u00e1tica. A alcaldesa, Digna Rivas, ser\u00e1 a responsable desta \u00e1rea \u201cxa que desde o Concello levamos anos facendo actividades relacionados con memoria democr\u00e1tica, pero non estaban unificados nunha \u00fanica \u00e1rea espec\u00edfica\u201d. O obxectivo principal \u00e9 \u201co co\u00f1ecemento e a aprendizaxe en valores democr\u00e1ticos, sobre todo para as novas xeraci\u00f3ns\u201d, explica a alcaldesa. \u201cCo\u00f1ecer a historia \u00e9 agora m\u00e1is importante ca nunha\u201d, afirma Rivas \u201cante o auxe dos discursos de extrema dereita e o crecemento da ideolox\u00eda neo fascista\u201d. A nova conceller\u00eda far\u00e1 unha labor \u201cpedag\u00f3xica\u201d para que os m\u00e1is novos saiban que os dereitos e liberdades dos que hoxe disfrutamos \u201cnon chegaron de xeito gratu\u00edto\u201d. A democracia e a xustiza social \u201choubo que loitalos\u201d e milleiros de persoas \u201csufriron represi\u00f3n, torturas ou foron asasinadas por defender a liberdade\u201d, advirte Digna Rivas.<\/p>\n\n\n\n<p>Unha vez que o Goberno de Espa\u00f1a confirmou a declaraci\u00f3n da illa como Lugar de Memoria Democr\u00e1tica, o goberno local entende que \u00e9 necesario crear esta nova conceller\u00eda. A alcaldesa lembra que a Xunta de Galicia negou reiteradamente a participaci\u00f3n do Concello no \u00f3rgano de xesti\u00f3n da illa, \u201cpolo que teremos que encargarnos desde a administraci\u00f3n local de divulgar o que aconteceu al\u00ed\u201d, sinala Rivas. A rexedora redondel\u00e1 lamenta \u201co desleixo e o desinterese da Xunta de Galicia con todo o relacionado coa Memoria Democr\u00e1tica\u201d. En abril deste ano mantivo unha xuntanza co conselleiro de Cultura, Jos\u00e9 L\u00f3pez, que se comprometeu a realizar actividades de memoria democr\u00e1tica na illa \u201cpero seis meses despois non tivemos ningunha noticia\u201d. A ocultaci\u00f3n do que supuxo a represi\u00f3n en Redondela levou a que no Parlamento Galego se negase os mortos en San Sim\u00f3n, onde ademais dos fusilados faleceron m\u00e1is de 500 presos por desnutrici\u00f3n ou enfermidades.<\/p>\n\n\n\n<p><strong>O Concello traballa da man do Ministerio de Memoria Democr\u00e1tica<\/strong><\/p>\n\n\n\n<p>Unha das li\u00f1as de traballo da conceller\u00eda ser\u00e1 crear unha base de datos sobre a represi\u00f3n en Redondela, con informaci\u00f3n que se incluir\u00e1 na web do Concello. \u201cPretendemos recoller o acontecido durante a Guerra Civil e o franquismo e inclu\u00edr tam\u00e9n a historia das madri\u00f1as de San Sim\u00f3n e de tantas mulleres solidarias coas v\u00edtimas da represi\u00f3n\u201d avanza Rivas. Desde o Concello de Redondela xa se est\u00e1 a traballar co Ministerio de Memoria Democr\u00e1tica. A pasada semana a alcaldesa mantivo unha reuni\u00f3n informal co ministro \u00c1ngel V\u00edctor Torres, quen lle trasladou o apoio do Goberno \u00e1s iniciativas do Concello en canto \u00e1 memoria democr\u00e1tica. Torres anunciou tam\u00e9n que avanzar\u00e1n nos tr\u00e1mites para que San Sim\u00f3n sexa lugar de memoria \u201cantes dun ano\u201d.<\/p>\n","protected":false},"excerpt":{"rendered":"<div class=\"mh-excerpt\"><p>A alcaldesa, Digna Rivas, farase cargo da nova \u00e1rea que ter\u00e1 entre as s\u00faas funci\u00f3ns difundir e dar a co\u00f1ecer os valores democr\u00e1ticos, as\u00ed como dignificar \u00e1s v\u00edtimas da represi\u00f3n <a class=\"mh-excerpt-more\" href=\"https:\/\/www.anovapeneira.gal\/index.php\/2025\/10\/31\/redondela-crea-a-concelleria-de-memoria-democratica-para-difundir-a-historia-de-san-simon-e-frear-o-discurso-da-ultradereita\/\" title=\"Redondela crea a conceller\u00eda de Memoria Democr\u00e1tica para difundir a historia de San Sim\u00f3n e frear o discurso da ultradereita\">[&#8230;]<\/a><\/p>\n<\/div>","protected":false},"author":3,"featured_media":14876,"comment_status":"open","ping_status":"open","sticky":false,"template":"","format":"standard","meta":{"_exactmetrics_skip_tracking":false,"_exactmetrics_sitenote_active":false,"_exactmetrics_sitenote_note":"","_exactmetrics_sitenote_category":0,"footnotes":""},"categories":[24],"tags":[171],"class_list":{"0":"post-14875","1":"post","2":"type-post","3":"status-publish","4":"format-standard","5":"has-post-thumbnail","7":"category-redondela","8":"tag-concello-de-redondela"},"yoast_head":"<!-- This site is optimized with the Yoast SEO plugin v27.5 - https:\/\/yoast.com\/product\/yoast-seo-wordpress\/ -->\n<title>Redondela crea a conceller\u00eda de Memoria Democr\u00e1tica para difundir a historia de San Sim\u00f3n e frear o discurso da ultradereita -<\/title>\n<meta name=\"robots\" content=\"index, follow, max-snippet:-1, max-image-preview:large, max-video-preview:-1\" \/>\n<link rel=\"canonical\" href=\"https:\/\/www.anovapeneira.gal\/index.php\/2025\/10\/31\/redondela-crea-a-concelleria-de-memoria-democratica-para-difundir-a-historia-de-san-simon-e-frear-o-discurso-da-ultradereita\/\" \/>\n<meta property=\"og:locale\" content=\"gl_ES\" \/>\n<meta property=\"og:type\" content=\"article\" \/>\n<meta property=\"og:title\" content=\"Redondela crea a conceller\u00eda de Memoria Democr\u00e1tica para difundir a historia de San Sim\u00f3n e frear o discurso da ultradereita -\" \/>\n<meta property=\"og:description\" content=\"A alcaldesa, Digna Rivas, farase cargo da nova \u00e1rea que ter\u00e1 entre as s\u00faas funci\u00f3ns difundir e dar a co\u00f1ecer os valores democr\u00e1ticos, as\u00ed como dignificar \u00e1s v\u00edtimas da represi\u00f3n [...]\" \/>\n<meta property=\"og:url\" content=\"https:\/\/www.anovapeneira.gal\/index.php\/2025\/10\/31\/redondela-crea-a-concelleria-de-memoria-democratica-para-difundir-a-historia-de-san-simon-e-frear-o-discurso-da-ultradereita\/\" \/>\n<meta property=\"article:publisher\" content=\"https:\/\/www.facebook.com\/anovapeneira\" \/>\n<meta property=\"article:published_time\" content=\"2025-10-31T11:00:04+00:00\" \/>\n<meta property=\"og:image\" content=\"https:\/\/www.anovapeneira.gal\/wp-content\/uploads\/2025\/10\/digna_ministro_territorial.jpg\" \/>\n\t<meta property=\"og:image:width\" content=\"1235\" \/>\n\t<meta property=\"og:image:height\" content=\"741\" \/>\n\t<meta property=\"og:image:type\" content=\"image\/jpeg\" \/>\n<meta name=\"author\" content=\"Redacci\u00f3n A Nova Peneira\" \/>\n<meta name=\"twitter:card\" content=\"summary_large_image\" \/>\n<meta name=\"twitter:creator\" content=\"@APeneira\" \/>\n<meta name=\"twitter:site\" content=\"@APeneira\" \/>\n<meta name=\"twitter:label1\" content=\"Escrito por\" \/>\n\t<meta name=\"twitter:data1\" content=\"Redacci\u00f3n A Nova Peneira\" \/>\n\t<meta name=\"twitter:label2\" content=\"Tempo de lectura\" \/>\n\t<meta name=\"twitter:data2\" content=\"4 minutos\" \/>\n<script type=\"application\/ld+json\" class=\"yoast-schema-graph\">{\"@context\":\"https:\\\/\\\/schema.org\",\"@graph\":[{\"@type\":\"Article\",\"@id\":\"https:\\\/\\\/www.anovapeneira.gal\\\/index.php\\\/2025\\\/10\\\/31\\\/redondela-crea-a-concelleria-de-memoria-democratica-para-difundir-a-historia-de-san-simon-e-frear-o-discurso-da-ultradereita\\\/#article\",\"isPartOf\":{\"@id\":\"https:\\\/\\\/www.anovapeneira.gal\\\/index.php\\\/2025\\\/10\\\/31\\\/redondela-crea-a-concelleria-de-memoria-democratica-para-difundir-a-historia-de-san-simon-e-frear-o-discurso-da-ultradereita\\\/\"},\"author\":{\"name\":\"Redacci\u00f3n A Nova Peneira\",\"@id\":\"https:\\\/\\\/www.anovapeneira.gal\\\/#\\\/schema\\\/person\\\/b93e3f8932e3f8da96334607eb6ac6aa\"},\"headline\":\"Redondela crea a conceller\u00eda de Memoria Democr\u00e1tica para difundir a historia de San Sim\u00f3n e frear o discurso da ultradereita\",\"datePublished\":\"2025-10-31T11:00:04+00:00\",\"mainEntityOfPage\":{\"@id\":\"https:\\\/\\\/www.anovapeneira.gal\\\/index.php\\\/2025\\\/10\\\/31\\\/redondela-crea-a-concelleria-de-memoria-democratica-para-difundir-a-historia-de-san-simon-e-frear-o-discurso-da-ultradereita\\\/\"},\"wordCount\":623,\"commentCount\":0,\"publisher\":{\"@id\":\"https:\\\/\\\/www.anovapeneira.gal\\\/#organization\"},\"image\":{\"@id\":\"https:\\\/\\\/www.anovapeneira.gal\\\/index.php\\\/2025\\\/10\\\/31\\\/redondela-crea-a-concelleria-de-memoria-democratica-para-difundir-a-historia-de-san-simon-e-frear-o-discurso-da-ultradereita\\\/#primaryimage\"},\"thumbnailUrl\":\"https:\\\/\\\/www.anovapeneira.gal\\\/wp-content\\\/uploads\\\/2025\\\/10\\\/digna_ministro_territorial.jpg\",\"keywords\":[\"Concello de Redondela\"],\"articleSection\":[\"Redondela\"],\"inLanguage\":\"gl-ES\",\"potentialAction\":[{\"@type\":\"CommentAction\",\"name\":\"Comment\",\"target\":[\"https:\\\/\\\/www.anovapeneira.gal\\\/index.php\\\/2025\\\/10\\\/31\\\/redondela-crea-a-concelleria-de-memoria-democratica-para-difundir-a-historia-de-san-simon-e-frear-o-discurso-da-ultradereita\\\/#respond\"]}]},{\"@type\":\"WebPage\",\"@id\":\"https:\\\/\\\/www.anovapeneira.gal\\\/index.php\\\/2025\\\/10\\\/31\\\/redondela-crea-a-concelleria-de-memoria-democratica-para-difundir-a-historia-de-san-simon-e-frear-o-discurso-da-ultradereita\\\/\",\"url\":\"https:\\\/\\\/www.anovapeneira.gal\\\/index.php\\\/2025\\\/10\\\/31\\\/redondela-crea-a-concelleria-de-memoria-democratica-para-difundir-a-historia-de-san-simon-e-frear-o-discurso-da-ultradereita\\\/\",\"name\":\"Redondela crea a conceller\u00eda de Memoria Democr\u00e1tica para difundir a historia de San Sim\u00f3n e frear o discurso da ultradereita -\",\"isPartOf\":{\"@id\":\"https:\\\/\\\/www.anovapeneira.gal\\\/#website\"},\"primaryImageOfPage\":{\"@id\":\"https:\\\/\\\/www.anovapeneira.gal\\\/index.php\\\/2025\\\/10\\\/31\\\/redondela-crea-a-concelleria-de-memoria-democratica-para-difundir-a-historia-de-san-simon-e-frear-o-discurso-da-ultradereita\\\/#primaryimage\"},\"image\":{\"@id\":\"https:\\\/\\\/www.anovapeneira.gal\\\/index.php\\\/2025\\\/10\\\/31\\\/redondela-crea-a-concelleria-de-memoria-democratica-para-difundir-a-historia-de-san-simon-e-frear-o-discurso-da-ultradereita\\\/#primaryimage\"},\"thumbnailUrl\":\"https:\\\/\\\/www.anovapeneira.gal\\\/wp-content\\\/uploads\\\/2025\\\/10\\\/digna_ministro_territorial.jpg\",\"datePublished\":\"2025-10-31T11:00:04+00:00\",\"breadcrumb\":{\"@id\":\"https:\\\/\\\/www.anovapeneira.gal\\\/index.php\\\/2025\\\/10\\\/31\\\/redondela-crea-a-concelleria-de-memoria-democratica-para-difundir-a-historia-de-san-simon-e-frear-o-discurso-da-ultradereita\\\/#breadcrumb\"},\"inLanguage\":\"gl-ES\",\"potentialAction\":[{\"@type\":\"ReadAction\",\"target\":[\"https:\\\/\\\/www.anovapeneira.gal\\\/index.php\\\/2025\\\/10\\\/31\\\/redondela-crea-a-concelleria-de-memoria-democratica-para-difundir-a-historia-de-san-simon-e-frear-o-discurso-da-ultradereita\\\/\"]}]},{\"@type\":\"ImageObject\",\"inLanguage\":\"gl-ES\",\"@id\":\"https:\\\/\\\/www.anovapeneira.gal\\\/index.php\\\/2025\\\/10\\\/31\\\/redondela-crea-a-concelleria-de-memoria-democratica-para-difundir-a-historia-de-san-simon-e-frear-o-discurso-da-ultradereita\\\/#primaryimage\",\"url\":\"https:\\\/\\\/www.anovapeneira.gal\\\/wp-content\\\/uploads\\\/2025\\\/10\\\/digna_ministro_territorial.jpg\",\"contentUrl\":\"https:\\\/\\\/www.anovapeneira.gal\\\/wp-content\\\/uploads\\\/2025\\\/10\\\/digna_ministro_territorial.jpg\",\"width\":1235,\"height\":741},{\"@type\":\"BreadcrumbList\",\"@id\":\"https:\\\/\\\/www.anovapeneira.gal\\\/index.php\\\/2025\\\/10\\\/31\\\/redondela-crea-a-concelleria-de-memoria-democratica-para-difundir-a-historia-de-san-simon-e-frear-o-discurso-da-ultradereita\\\/#breadcrumb\",\"itemListElement\":[{\"@type\":\"ListItem\",\"position\":1,\"name\":\"Portada\",\"item\":\"https:\\\/\\\/www.anovapeneira.gal\\\/\"},{\"@type\":\"ListItem\",\"position\":2,\"name\":\"Redondela crea a conceller\u00eda de Memoria Democr\u00e1tica para difundir a historia de San Sim\u00f3n e frear o discurso da ultradereita\"}]},{\"@type\":\"WebSite\",\"@id\":\"https:\\\/\\\/www.anovapeneira.gal\\\/#website\",\"url\":\"https:\\\/\\\/www.anovapeneira.gal\\\/\",\"name\":\"\",\"description\":\"Xornal galego de informaci\u00f3n xeral Publicaci\u00f3n mensual de novas de Galicia e en especial dos Concellos da sur da provincia de Pontevedra.\",\"publisher\":{\"@id\":\"https:\\\/\\\/www.anovapeneira.gal\\\/#organization\"},\"potentialAction\":[{\"@type\":\"SearchAction\",\"target\":{\"@type\":\"EntryPoint\",\"urlTemplate\":\"https:\\\/\\\/www.anovapeneira.gal\\\/?s={search_term_string}\"},\"query-input\":{\"@type\":\"PropertyValueSpecification\",\"valueRequired\":true,\"valueName\":\"search_term_string\"}}],\"inLanguage\":\"gl-ES\"},{\"@type\":\"Organization\",\"@id\":\"https:\\\/\\\/www.anovapeneira.gal\\\/#organization\",\"name\":\"A Nova Peneira\",\"url\":\"https:\\\/\\\/www.anovapeneira.gal\\\/\",\"logo\":{\"@type\":\"ImageObject\",\"inLanguage\":\"gl-ES\",\"@id\":\"https:\\\/\\\/www.anovapeneira.gal\\\/#\\\/schema\\\/logo\\\/image\\\/\",\"url\":\"http:\\\/\\\/www.anovapeneira.gal\\\/wp-content\\\/uploads\\\/2019\\\/06\\\/logo_a_nova_peneira_portal_web.png\",\"contentUrl\":\"http:\\\/\\\/www.anovapeneira.gal\\\/wp-content\\\/uploads\\\/2019\\\/06\\\/logo_a_nova_peneira_portal_web.png\",\"width\":300,\"height\":100,\"caption\":\"A Nova Peneira\"},\"image\":{\"@id\":\"https:\\\/\\\/www.anovapeneira.gal\\\/#\\\/schema\\\/logo\\\/image\\\/\"},\"sameAs\":[\"https:\\\/\\\/www.facebook.com\\\/anovapeneira\",\"https:\\\/\\\/x.com\\\/APeneira\"]},{\"@type\":\"Person\",\"@id\":\"https:\\\/\\\/www.anovapeneira.gal\\\/#\\\/schema\\\/person\\\/b93e3f8932e3f8da96334607eb6ac6aa\",\"name\":\"Redacci\u00f3n A Nova Peneira\",\"image\":{\"@type\":\"ImageObject\",\"inLanguage\":\"gl-ES\",\"@id\":\"https:\\\/\\\/secure.gravatar.com\\\/avatar\\\/c052a2551a06e23fac63626232eaa90abd78dbcf1700fc46a2b2c89fd27b735f?s=96&d=mm&r=g\",\"url\":\"https:\\\/\\\/secure.gravatar.com\\\/avatar\\\/c052a2551a06e23fac63626232eaa90abd78dbcf1700fc46a2b2c89fd27b735f?s=96&d=mm&r=g\",\"contentUrl\":\"https:\\\/\\\/secure.gravatar.com\\\/avatar\\\/c052a2551a06e23fac63626232eaa90abd78dbcf1700fc46a2b2c89fd27b735f?s=96&d=mm&r=g\",\"caption\":\"Redacci\u00f3n A Nova Peneira\"},\"sameAs\":[\"http:\\\/\\\/www.anovapeneira.gal\\\/\"],\"url\":\"https:\\\/\\\/www.anovapeneira.gal\\\/index.php\\\/author\\\/redactor\\\/\"}]}<\/script>\n<!-- \/ Yoast SEO plugin. -->","yoast_head_json":{"title":"Redondela crea a conceller\u00eda de Memoria Democr\u00e1tica para difundir a historia de San Sim\u00f3n e frear o discurso da ultradereita -","robots":{"index":"index","follow":"follow","max-snippet":"max-snippet:-1","max-image-preview":"max-image-preview:large","max-video-preview":"max-video-preview:-1"},"canonical":"https:\/\/www.anovapeneira.gal\/index.php\/2025\/10\/31\/redondela-crea-a-concelleria-de-memoria-democratica-para-difundir-a-historia-de-san-simon-e-frear-o-discurso-da-ultradereita\/","og_locale":"gl_ES","og_type":"article","og_title":"Redondela crea a conceller\u00eda de Memoria Democr\u00e1tica para difundir a historia de San Sim\u00f3n e frear o discurso da ultradereita -","og_description":"A alcaldesa, Digna Rivas, farase cargo da nova \u00e1rea que ter\u00e1 entre as s\u00faas funci\u00f3ns difundir e dar a co\u00f1ecer os valores democr\u00e1ticos, as\u00ed como dignificar \u00e1s v\u00edtimas da represi\u00f3n [...]","og_url":"https:\/\/www.anovapeneira.gal\/index.php\/2025\/10\/31\/redondela-crea-a-concelleria-de-memoria-democratica-para-difundir-a-historia-de-san-simon-e-frear-o-discurso-da-ultradereita\/","article_publisher":"https:\/\/www.facebook.com\/anovapeneira","article_published_time":"2025-10-31T11:00:04+00:00","og_image":[{"width":1235,"height":741,"url":"https:\/\/www.anovapeneira.gal\/wp-content\/uploads\/2025\/10\/digna_ministro_territorial.jpg","type":"image\/jpeg"}],"author":"Redacci\u00f3n A Nova Peneira","twitter_card":"summary_large_image","twitter_creator":"@APeneira","twitter_site":"@APeneira","twitter_misc":{"Escrito por":"Redacci\u00f3n A Nova Peneira","Tempo de lectura":"4 minutos"},"schema":{"@context":"https:\/\/schema.org","@graph":[{"@type":"Article","@id":"https:\/\/www.anovapeneira.gal\/index.php\/2025\/10\/31\/redondela-crea-a-concelleria-de-memoria-democratica-para-difundir-a-historia-de-san-simon-e-frear-o-discurso-da-ultradereita\/#article","isPartOf":{"@id":"https:\/\/www.anovapeneira.gal\/index.php\/2025\/10\/31\/redondela-crea-a-concelleria-de-memoria-democratica-para-difundir-a-historia-de-san-simon-e-frear-o-discurso-da-ultradereita\/"},"author":{"name":"Redacci\u00f3n A Nova Peneira","@id":"https:\/\/www.anovapeneira.gal\/#\/schema\/person\/b93e3f8932e3f8da96334607eb6ac6aa"},"headline":"Redondela crea a conceller\u00eda de Memoria Democr\u00e1tica para difundir a historia de San Sim\u00f3n e frear o discurso da ultradereita","datePublished":"2025-10-31T11:00:04+00:00","mainEntityOfPage":{"@id":"https:\/\/www.anovapeneira.gal\/index.php\/2025\/10\/31\/redondela-crea-a-concelleria-de-memoria-democratica-para-difundir-a-historia-de-san-simon-e-frear-o-discurso-da-ultradereita\/"},"wordCount":623,"commentCount":0,"publisher":{"@id":"https:\/\/www.anovapeneira.gal\/#organization"},"image":{"@id":"https:\/\/www.anovapeneira.gal\/index.php\/2025\/10\/31\/redondela-crea-a-concelleria-de-memoria-democratica-para-difundir-a-historia-de-san-simon-e-frear-o-discurso-da-ultradereita\/#primaryimage"},"thumbnailUrl":"https:\/\/www.anovapeneira.gal\/wp-content\/uploads\/2025\/10\/digna_ministro_territorial.jpg","keywords":["Concello de Redondela"],"articleSection":["Redondela"],"inLanguage":"gl-ES","potentialAction":[{"@type":"CommentAction","name":"Comment","target":["https:\/\/www.anovapeneira.gal\/index.php\/2025\/10\/31\/redondela-crea-a-concelleria-de-memoria-democratica-para-difundir-a-historia-de-san-simon-e-frear-o-discurso-da-ultradereita\/#respond"]}]},{"@type":"WebPage","@id":"https:\/\/www.anovapeneira.gal\/index.php\/2025\/10\/31\/redondela-crea-a-concelleria-de-memoria-democratica-para-difundir-a-historia-de-san-simon-e-frear-o-discurso-da-ultradereita\/","url":"https:\/\/www.anovapeneira.gal\/index.php\/2025\/10\/31\/redondela-crea-a-concelleria-de-memoria-democratica-para-difundir-a-historia-de-san-simon-e-frear-o-discurso-da-ultradereita\/","name":"Redondela crea a conceller\u00eda de Memoria Democr\u00e1tica para difundir a historia de San Sim\u00f3n e frear o discurso da ultradereita -","isPartOf":{"@id":"https:\/\/www.anovapeneira.gal\/#website"},"primaryImageOfPage":{"@id":"https:\/\/www.anovapeneira.gal\/index.php\/2025\/10\/31\/redondela-crea-a-concelleria-de-memoria-democratica-para-difundir-a-historia-de-san-simon-e-frear-o-discurso-da-ultradereita\/#primaryimage"},"image":{"@id":"https:\/\/www.anovapeneira.gal\/index.php\/2025\/10\/31\/redondela-crea-a-concelleria-de-memoria-democratica-para-difundir-a-historia-de-san-simon-e-frear-o-discurso-da-ultradereita\/#primaryimage"},"thumbnailUrl":"https:\/\/www.anovapeneira.gal\/wp-content\/uploads\/2025\/10\/digna_ministro_territorial.jpg","datePublished":"2025-10-31T11:00:04+00:00","breadcrumb":{"@id":"https:\/\/www.anovapeneira.gal\/index.php\/2025\/10\/31\/redondela-crea-a-concelleria-de-memoria-democratica-para-difundir-a-historia-de-san-simon-e-frear-o-discurso-da-ultradereita\/#breadcrumb"},"inLanguage":"gl-ES","potentialAction":[{"@type":"ReadAction","target":["https:\/\/www.anovapeneira.gal\/index.php\/2025\/10\/31\/redondela-crea-a-concelleria-de-memoria-democratica-para-difundir-a-historia-de-san-simon-e-frear-o-discurso-da-ultradereita\/"]}]},{"@type":"ImageObject","inLanguage":"gl-ES","@id":"https:\/\/www.anovapeneira.gal\/index.php\/2025\/10\/31\/redondela-crea-a-concelleria-de-memoria-democratica-para-difundir-a-historia-de-san-simon-e-frear-o-discurso-da-ultradereita\/#primaryimage","url":"https:\/\/www.anovapeneira.gal\/wp-content\/uploads\/2025\/10\/digna_ministro_territorial.jpg","contentUrl":"https:\/\/www.anovapeneira.gal\/wp-content\/uploads\/2025\/10\/digna_ministro_territorial.jpg","width":1235,"height":741},{"@type":"BreadcrumbList","@id":"https:\/\/www.anovapeneira.gal\/index.php\/2025\/10\/31\/redondela-crea-a-concelleria-de-memoria-democratica-para-difundir-a-historia-de-san-simon-e-frear-o-discurso-da-ultradereita\/#breadcrumb","itemListElement":[{"@type":"ListItem","position":1,"name":"Portada","item":"https:\/\/www.anovapeneira.gal\/"},{"@type":"ListItem","position":2,"name":"Redondela crea a conceller\u00eda de Memoria Democr\u00e1tica para difundir a historia de San Sim\u00f3n e frear o discurso da ultradereita"}]},{"@type":"WebSite","@id":"https:\/\/www.anovapeneira.gal\/#website","url":"https:\/\/www.anovapeneira.gal\/","name":"","description":"Xornal galego de informaci\u00f3n xeral Publicaci\u00f3n mensual de novas de Galicia e en especial dos Concellos da sur da provincia de Pontevedra.","publisher":{"@id":"https:\/\/www.anovapeneira.gal\/#organization"},"potentialAction":[{"@type":"SearchAction","target":{"@type":"EntryPoint","urlTemplate":"https:\/\/www.anovapeneira.gal\/?s={search_term_string}"},"query-input":{"@type":"PropertyValueSpecification","valueRequired":true,"valueName":"search_term_string"}}],"inLanguage":"gl-ES"},{"@type":"Organization","@id":"https:\/\/www.anovapeneira.gal\/#organization","name":"A Nova Peneira","url":"https:\/\/www.anovapeneira.gal\/","logo":{"@type":"ImageObject","inLanguage":"gl-ES","@id":"https:\/\/www.anovapeneira.gal\/#\/schema\/logo\/image\/","url":"http:\/\/www.anovapeneira.gal\/wp-content\/uploads\/2019\/06\/logo_a_nova_peneira_portal_web.png","contentUrl":"http:\/\/www.anovapeneira.gal\/wp-content\/uploads\/2019\/06\/logo_a_nova_peneira_portal_web.png","width":300,"height":100,"caption":"A Nova Peneira"},"image":{"@id":"https:\/\/www.anovapeneira.gal\/#\/schema\/logo\/image\/"},"sameAs":["https:\/\/www.facebook.com\/anovapeneira","https:\/\/x.com\/APeneira"]},{"@type":"Person","@id":"https:\/\/www.anovapeneira.gal\/#\/schema\/person\/b93e3f8932e3f8da96334607eb6ac6aa","name":"Redacci\u00f3n A Nova Peneira","image":{"@type":"ImageObject","inLanguage":"gl-ES","@id":"https:\/\/secure.gravatar.com\/avatar\/c052a2551a06e23fac63626232eaa90abd78dbcf1700fc46a2b2c89fd27b735f?s=96&d=mm&r=g","url":"https:\/\/secure.gravatar.com\/avatar\/c052a2551a06e23fac63626232eaa90abd78dbcf1700fc46a2b2c89fd27b735f?s=96&d=mm&r=g","contentUrl":"https:\/\/secure.gravatar.com\/avatar\/c052a2551a06e23fac63626232eaa90abd78dbcf1700fc46a2b2c89fd27b735f?s=96&d=mm&r=g","caption":"Redacci\u00f3n A Nova Peneira"},"sameAs":["http:\/\/www.anovapeneira.gal\/"],"url":"https:\/\/www.anovapeneira.gal\/index.php\/author\/redactor\/"}]}},"jetpack_featured_media_url":"https:\/\/www.anovapeneira.gal\/wp-content\/uploads\/2025\/10\/digna_ministro_territorial.jpg","_links":{"self":[{"href":"https:\/\/www.anovapeneira.gal\/index.php\/wp-json\/wp\/v2\/posts\/14875","targetHints":{"allow":["GET"]}}],"collection":[{"href":"https:\/\/www.anovapeneira.gal\/index.php\/wp-json\/wp\/v2\/posts"}],"about":[{"href":"https:\/\/www.anovapeneira.gal\/index.php\/wp-json\/wp\/v2\/types\/post"}],"author":[{"embeddable":true,"href":"https:\/\/www.anovapeneira.gal\/index.php\/wp-json\/wp\/v2\/users\/3"}],"replies":[{"embeddable":true,"href":"https:\/\/www.anovapeneira.gal\/index.php\/wp-json\/wp\/v2\/comments?post=14875"}],"version-history":[{"count":1,"href":"https:\/\/www.anovapeneira.gal\/index.php\/wp-json\/wp\/v2\/posts\/14875\/revisions"}],"predecessor-version":[{"id":14877,"href":"https:\/\/www.anovapeneira.gal\/index.php\/wp-json\/wp\/v2\/posts\/14875\/revisions\/14877"}],"wp:featuredmedia":[{"embeddable":true,"href":"https:\/\/www.anovapeneira.gal\/index.php\/wp-json\/wp\/v2\/media\/14876"}],"wp:attachment":[{"href":"https:\/\/www.anovapeneira.gal\/index.php\/wp-json\/wp\/v2\/media?parent=14875"}],"wp:term":[{"taxonomy":"category","embeddable":true,"href":"https:\/\/www.anovapeneira.gal\/index.php\/wp-json\/wp\/v2\/categories?post=14875"},{"taxonomy":"post_tag","embeddable":true,"href":"https:\/\/www.anovapeneira.gal\/index.php\/wp-json\/wp\/v2\/tags?post=14875"}],"curies":[{"name":"wp","href":"https:\/\/api.w.org\/{rel}","templated":true}]}}