{"id":14878,"date":"2025-11-03T10:00:16","date_gmt":"2025-11-03T09:00:16","guid":{"rendered":"https:\/\/www.anovapeneira.gal\/?p=14878"},"modified":"2025-10-30T16:49:51","modified_gmt":"2025-10-30T15:49:51","slug":"un-xeito-de-ser-marin-a-toda-vida","status":"publish","type":"post","link":"https:\/\/www.anovapeneira.gal\/index.php\/2025\/11\/03\/un-xeito-de-ser-marin-a-toda-vida\/","title":{"rendered":"Un xeito de ser, Mar\u00edn a toda vida"},"content":{"rendered":"\n<figure class=\"wp-block-image size-full is-resized\"><img loading=\"lazy\" decoding=\"async\" width=\"190\" height=\"222\" src=\"https:\/\/www.anovapeneira.gal\/wp-content\/uploads\/2019\/07\/pedro_cortegoso_opinion_a_nova_peneira_bn.jpg\" alt=\"Pedro M. Cortegoso Gago Artigo Opini\u00f3n A Nova Peneira\" class=\"wp-image-464\" style=\"width:112px;height:auto\"\/><figcaption class=\"wp-element-caption\">Pedro M. Cortegoso Gago\nTraballador do Sergas<\/figcaption><\/figure>\n\n\n\n<p>Se un visitante chega por primeira vez a Mar\u00edn e da un paseo polas nosas r\u00faas poder\u00e1 comprobar como a maior parte delas te\u00f1en un ou varias construci\u00f3ns abandonadas, ruinosas ou a medio facer. Se pregunta o por que desta situaci\u00f3n algu\u00e9n lle informar\u00e1 que o caos urban\u00edstico que padecemos ven motivado polo abandon nas s\u00faas funci\u00f3ns por parte do concelleiro de urbanismo. Parece ser que ten moita ocupaci\u00f3n no do Parlamento Galego, e non ten tempo para cumprir coas s\u00faas obrigas como concelleiro.<\/p>\n\n\n\n<p>Continuando o paseo tam\u00e9n poder\u00e1 observar o dinamismo do comercio e a hostaler\u00eda locais. R\u00faas con case todos os baixos fechados; v\u00e9ndense, trasp\u00e1sanse ou al\u00faganse.<\/p>\n\n\n\n<p>A poucos metros da casa do Concello observar\u00e1 abraiado un enorme solar a monte cheo de entullos poboado por unha colonia de gatos sen control. Recomend\u00e1moslle que non se achegue moito aos gatos para non verse afectado por unha praga de pulgas que ataca ao alumnado do colexio da Inmaculada.<\/p>\n\n\n\n<p>Poder\u00e1 darse unha volta polo porto e comprobar\u00e1 como temos un \u201cauditorio\u201d a medio facer e sen data para a inauguraci\u00f3n. A beira desta obra desfrutar\u00e1 dunha piscina non-piscina que n\u00f3s vai custar unha millonada para maior beneficio da Autoridade Portuaria, exemplo do que non se debe facer co patrimonio mar\u00edtimo hist\u00f3rico dunha vila como Mar\u00edn.<\/p>\n\n\n\n<p>Se quere co\u00f1ecer o r\u00edo Lameira deleitar\u00e1 os seus ollos coa desfeita dunhas obras que estiveron case un ano paradas e se recomezan intermitentemente. Unha semana podemos ver aos operarios traballar e \u00e1 seguinte non.<\/p>\n\n\n\n<p>Durante este paseo deber\u00e1 ir atento, cun ollo para riba para ver estas cousas e outro ollo para abaixo para poder ir esquivando a gran variedade de excrementos caninos que decoran as nosas r\u00faas. Cami\u00f1ar por Mar\u00edn \u00e9 unha carreira de obst\u00e1culos.<\/p>\n\n\n\n<p>Recomend\u00e1moslle ao visitante que ve\u00f1a en transporte p\u00fablico, pois de vir no seu veh\u00edculo comprobar\u00e1 o dif\u00edcil que \u00e9 moverse e aparcar nas r\u00faas de Mar\u00edn. M\u00e1is se ven un xoves ou un s\u00e1bado, onde o mercado concentra case todo o tr\u00e1fico rodado sen ning\u00fan tipo de control.<\/p>\n\n\n\n<p>Este \u00e9 o noso \u201cXeito de Ser\u201d, o \u201cMar\u00edn a toda vida\u201d que promove o goberno local do PP. Moito lema bonito, moita foto e moitas festas para agochar a realidade de Mar\u00edn. Nula xesti\u00f3n dunha equipa esgotada que s\u00f3 sabe sacarse fotos cos \u201cachegados\u201d cando o concello organiza algunha festa-evento.<\/p>\n\n\n\n<p>Titulares de prensa e fotos nas redes sociais, unha realidade virtual que non pode tapar todas as obras intermin\u00e1beis e mal feitas, as r\u00faas porcas, os baixos fechados, os edificios a medio facer e unha mobilidade propia de algunha cidade italiana (con perd\u00f3n pola comparaci\u00f3n).<\/p>\n\n\n\n<p>Unha incapacidade do goberno municipal do PP para solucionar os problemas reais de Mar\u00edn. Unha xesti\u00f3n que \u00e9 fume, m\u00e1is n\u00f3s \u00faltimos tempos este fume \u00e9 m\u00e1is espeso e deixa ver o desgaste dunha equipa acostumada a non ter oposici\u00f3n. A nosa alcaldesa xa leva tanto tempo gobernando con c\u00f3modas maior\u00edas absolutas que se sinte como unha ra\u00ed\u00f1a absolutista arrodeada de s\u00fabditos aduladores que non lle din que anda espida, que Mar\u00edn xa non \u00e9 o que era e a decadencia non se pode meter debaixo da alfombra.<\/p>\n\n\n\n<p>Mar\u00edn, 28 de outubro de 2025<\/p>\n","protected":false},"excerpt":{"rendered":"<div class=\"mh-excerpt\"><p>Se un visitante chega por primeira vez a Mar\u00edn e da un paseo polas nosas r\u00faas poder\u00e1 comprobar como a maior parte delas te\u00f1en un ou varias construci\u00f3ns abandonadas, ruinosas ou a medio facer. Se pregunta o por que desta situaci\u00f3n algu\u00e9n lle informar\u00e1 que o caos urban\u00edstico que padecemos ven motivado polo abandon nas s\u00faas funci\u00f3ns por parte do concelleiro de urbanismo <a class=\"mh-excerpt-more\" href=\"https:\/\/www.anovapeneira.gal\/index.php\/2025\/11\/03\/un-xeito-de-ser-marin-a-toda-vida\/\" title=\"Un xeito de ser, Mar\u00edn a toda vida\">[&#8230;]<\/a><\/p>\n<\/div>","protected":false},"author":4,"featured_media":584,"comment_status":"open","ping_status":"open","sticky":false,"template":"","format":"standard","meta":{"_exactmetrics_skip_tracking":false,"_exactmetrics_sitenote_active":false,"_exactmetrics_sitenote_note":"","_exactmetrics_sitenote_category":0,"footnotes":""},"categories":[7],"tags":[],"class_list":{"0":"post-14878","1":"post","2":"type-post","3":"status-publish","4":"format-standard","5":"has-post-thumbnail","7":"category-artigos-de-opinion"},"yoast_head":"<!-- This site is optimized with the Yoast SEO plugin v27.4 - https:\/\/yoast.com\/product\/yoast-seo-wordpress\/ -->\n<title>Un xeito de ser, Mar\u00edn a toda vida -<\/title>\n<meta name=\"robots\" content=\"index, follow, max-snippet:-1, max-image-preview:large, max-video-preview:-1\" \/>\n<link rel=\"canonical\" href=\"https:\/\/www.anovapeneira.gal\/index.php\/2025\/11\/03\/un-xeito-de-ser-marin-a-toda-vida\/\" \/>\n<meta property=\"og:locale\" content=\"gl_ES\" \/>\n<meta property=\"og:type\" content=\"article\" \/>\n<meta property=\"og:title\" content=\"Un xeito de ser, Mar\u00edn a toda vida -\" \/>\n<meta property=\"og:description\" content=\"Se un visitante chega por primeira vez a Mar\u00edn e da un paseo polas nosas r\u00faas poder\u00e1 comprobar como a maior parte delas te\u00f1en un ou varias construci\u00f3ns abandonadas, ruinosas ou a medio facer. Se pregunta o por que desta situaci\u00f3n algu\u00e9n lle informar\u00e1 que o caos urban\u00edstico que padecemos ven motivado polo abandon nas s\u00faas funci\u00f3ns por parte do concelleiro de urbanismo [...]\" \/>\n<meta property=\"og:url\" content=\"https:\/\/www.anovapeneira.gal\/index.php\/2025\/11\/03\/un-xeito-de-ser-marin-a-toda-vida\/\" \/>\n<meta property=\"article:publisher\" content=\"https:\/\/www.facebook.com\/anovapeneira\" \/>\n<meta property=\"article:published_time\" content=\"2025-11-03T09:00:16+00:00\" \/>\n<meta property=\"og:image\" content=\"https:\/\/www.anovapeneira.gal\/wp-content\/uploads\/2019\/07\/ARTIGO_DE_OPINION_A_NOVA_PENEIRA.jpg\" \/>\n\t<meta property=\"og:image:width\" content=\"720\" \/>\n\t<meta property=\"og:image:height\" content=\"473\" \/>\n\t<meta property=\"og:image:type\" content=\"image\/jpeg\" \/>\n<meta name=\"author\" content=\"Pedro M. Cortegoso Gago\" \/>\n<meta name=\"twitter:card\" content=\"summary_large_image\" \/>\n<meta name=\"twitter:creator\" content=\"@APeneira\" \/>\n<meta name=\"twitter:site\" content=\"@APeneira\" \/>\n<meta name=\"twitter:label1\" content=\"Escrito por\" \/>\n\t<meta name=\"twitter:data1\" content=\"Pedro M. Cortegoso Gago\" \/>\n\t<meta name=\"twitter:label2\" content=\"Tempo de lectura\" \/>\n\t<meta name=\"twitter:data2\" content=\"4 minutos\" \/>\n<script type=\"application\/ld+json\" class=\"yoast-schema-graph\">{\"@context\":\"https:\\\/\\\/schema.org\",\"@graph\":[{\"@type\":\"Article\",\"@id\":\"https:\\\/\\\/www.anovapeneira.gal\\\/index.php\\\/2025\\\/11\\\/03\\\/un-xeito-de-ser-marin-a-toda-vida\\\/#article\",\"isPartOf\":{\"@id\":\"https:\\\/\\\/www.anovapeneira.gal\\\/index.php\\\/2025\\\/11\\\/03\\\/un-xeito-de-ser-marin-a-toda-vida\\\/\"},\"author\":{\"name\":\"Pedro M. Cortegoso Gago\",\"@id\":\"https:\\\/\\\/www.anovapeneira.gal\\\/#\\\/schema\\\/person\\\/c04a9c9f722c9446e71ae434c0353337\"},\"headline\":\"Un xeito de ser, Mar\u00edn a toda vida\",\"datePublished\":\"2025-11-03T09:00:16+00:00\",\"mainEntityOfPage\":{\"@id\":\"https:\\\/\\\/www.anovapeneira.gal\\\/index.php\\\/2025\\\/11\\\/03\\\/un-xeito-de-ser-marin-a-toda-vida\\\/\"},\"wordCount\":596,\"commentCount\":0,\"publisher\":{\"@id\":\"https:\\\/\\\/www.anovapeneira.gal\\\/#organization\"},\"image\":{\"@id\":\"https:\\\/\\\/www.anovapeneira.gal\\\/index.php\\\/2025\\\/11\\\/03\\\/un-xeito-de-ser-marin-a-toda-vida\\\/#primaryimage\"},\"thumbnailUrl\":\"https:\\\/\\\/www.anovapeneira.gal\\\/wp-content\\\/uploads\\\/2019\\\/07\\\/ARTIGO_DE_OPINION_A_NOVA_PENEIRA.jpg\",\"articleSection\":[\"Artigos de opini\u00f3n\"],\"inLanguage\":\"gl-ES\",\"potentialAction\":[{\"@type\":\"CommentAction\",\"name\":\"Comment\",\"target\":[\"https:\\\/\\\/www.anovapeneira.gal\\\/index.php\\\/2025\\\/11\\\/03\\\/un-xeito-de-ser-marin-a-toda-vida\\\/#respond\"]}]},{\"@type\":\"WebPage\",\"@id\":\"https:\\\/\\\/www.anovapeneira.gal\\\/index.php\\\/2025\\\/11\\\/03\\\/un-xeito-de-ser-marin-a-toda-vida\\\/\",\"url\":\"https:\\\/\\\/www.anovapeneira.gal\\\/index.php\\\/2025\\\/11\\\/03\\\/un-xeito-de-ser-marin-a-toda-vida\\\/\",\"name\":\"Un xeito de ser, Mar\u00edn a toda vida -\",\"isPartOf\":{\"@id\":\"https:\\\/\\\/www.anovapeneira.gal\\\/#website\"},\"primaryImageOfPage\":{\"@id\":\"https:\\\/\\\/www.anovapeneira.gal\\\/index.php\\\/2025\\\/11\\\/03\\\/un-xeito-de-ser-marin-a-toda-vida\\\/#primaryimage\"},\"image\":{\"@id\":\"https:\\\/\\\/www.anovapeneira.gal\\\/index.php\\\/2025\\\/11\\\/03\\\/un-xeito-de-ser-marin-a-toda-vida\\\/#primaryimage\"},\"thumbnailUrl\":\"https:\\\/\\\/www.anovapeneira.gal\\\/wp-content\\\/uploads\\\/2019\\\/07\\\/ARTIGO_DE_OPINION_A_NOVA_PENEIRA.jpg\",\"datePublished\":\"2025-11-03T09:00:16+00:00\",\"breadcrumb\":{\"@id\":\"https:\\\/\\\/www.anovapeneira.gal\\\/index.php\\\/2025\\\/11\\\/03\\\/un-xeito-de-ser-marin-a-toda-vida\\\/#breadcrumb\"},\"inLanguage\":\"gl-ES\",\"potentialAction\":[{\"@type\":\"ReadAction\",\"target\":[\"https:\\\/\\\/www.anovapeneira.gal\\\/index.php\\\/2025\\\/11\\\/03\\\/un-xeito-de-ser-marin-a-toda-vida\\\/\"]}]},{\"@type\":\"ImageObject\",\"inLanguage\":\"gl-ES\",\"@id\":\"https:\\\/\\\/www.anovapeneira.gal\\\/index.php\\\/2025\\\/11\\\/03\\\/un-xeito-de-ser-marin-a-toda-vida\\\/#primaryimage\",\"url\":\"https:\\\/\\\/www.anovapeneira.gal\\\/wp-content\\\/uploads\\\/2019\\\/07\\\/ARTIGO_DE_OPINION_A_NOVA_PENEIRA.jpg\",\"contentUrl\":\"https:\\\/\\\/www.anovapeneira.gal\\\/wp-content\\\/uploads\\\/2019\\\/07\\\/ARTIGO_DE_OPINION_A_NOVA_PENEIRA.jpg\",\"width\":720,\"height\":473,\"caption\":\"Artigo de opini\u00f3n A Nova Peneira\"},{\"@type\":\"BreadcrumbList\",\"@id\":\"https:\\\/\\\/www.anovapeneira.gal\\\/index.php\\\/2025\\\/11\\\/03\\\/un-xeito-de-ser-marin-a-toda-vida\\\/#breadcrumb\",\"itemListElement\":[{\"@type\":\"ListItem\",\"position\":1,\"name\":\"Portada\",\"item\":\"https:\\\/\\\/www.anovapeneira.gal\\\/\"},{\"@type\":\"ListItem\",\"position\":2,\"name\":\"Un xeito de ser, Mar\u00edn a toda vida\"}]},{\"@type\":\"WebSite\",\"@id\":\"https:\\\/\\\/www.anovapeneira.gal\\\/#website\",\"url\":\"https:\\\/\\\/www.anovapeneira.gal\\\/\",\"name\":\"\",\"description\":\"Xornal galego de informaci\u00f3n xeral Publicaci\u00f3n mensual de novas de Galicia e en especial dos Concellos da sur da provincia de Pontevedra.\",\"publisher\":{\"@id\":\"https:\\\/\\\/www.anovapeneira.gal\\\/#organization\"},\"potentialAction\":[{\"@type\":\"SearchAction\",\"target\":{\"@type\":\"EntryPoint\",\"urlTemplate\":\"https:\\\/\\\/www.anovapeneira.gal\\\/?s={search_term_string}\"},\"query-input\":{\"@type\":\"PropertyValueSpecification\",\"valueRequired\":true,\"valueName\":\"search_term_string\"}}],\"inLanguage\":\"gl-ES\"},{\"@type\":\"Organization\",\"@id\":\"https:\\\/\\\/www.anovapeneira.gal\\\/#organization\",\"name\":\"A Nova Peneira\",\"url\":\"https:\\\/\\\/www.anovapeneira.gal\\\/\",\"logo\":{\"@type\":\"ImageObject\",\"inLanguage\":\"gl-ES\",\"@id\":\"https:\\\/\\\/www.anovapeneira.gal\\\/#\\\/schema\\\/logo\\\/image\\\/\",\"url\":\"http:\\\/\\\/www.anovapeneira.gal\\\/wp-content\\\/uploads\\\/2019\\\/06\\\/logo_a_nova_peneira_portal_web.png\",\"contentUrl\":\"http:\\\/\\\/www.anovapeneira.gal\\\/wp-content\\\/uploads\\\/2019\\\/06\\\/logo_a_nova_peneira_portal_web.png\",\"width\":300,\"height\":100,\"caption\":\"A Nova Peneira\"},\"image\":{\"@id\":\"https:\\\/\\\/www.anovapeneira.gal\\\/#\\\/schema\\\/logo\\\/image\\\/\"},\"sameAs\":[\"https:\\\/\\\/www.facebook.com\\\/anovapeneira\",\"https:\\\/\\\/x.com\\\/APeneira\"]},{\"@type\":\"Person\",\"@id\":\"https:\\\/\\\/www.anovapeneira.gal\\\/#\\\/schema\\\/person\\\/c04a9c9f722c9446e71ae434c0353337\",\"name\":\"Pedro M. Cortegoso Gago\",\"image\":{\"@type\":\"ImageObject\",\"inLanguage\":\"gl-ES\",\"@id\":\"https:\\\/\\\/secure.gravatar.com\\\/avatar\\\/1613b27278a972c04db5c2f04fb2cbfa9edb58d6c3e2547817ecb8240eb58381?s=96&d=mm&r=g\",\"url\":\"https:\\\/\\\/secure.gravatar.com\\\/avatar\\\/1613b27278a972c04db5c2f04fb2cbfa9edb58d6c3e2547817ecb8240eb58381?s=96&d=mm&r=g\",\"contentUrl\":\"https:\\\/\\\/secure.gravatar.com\\\/avatar\\\/1613b27278a972c04db5c2f04fb2cbfa9edb58d6c3e2547817ecb8240eb58381?s=96&d=mm&r=g\",\"caption\":\"Pedro M. Cortegoso Gago\"},\"sameAs\":[\"http:\\\/\\\/anovapeneira.gal\"],\"url\":\"https:\\\/\\\/www.anovapeneira.gal\\\/index.php\\\/author\\\/opinionpcortegoso\\\/\"}]}<\/script>\n<!-- \/ Yoast SEO plugin. -->","yoast_head_json":{"title":"Un xeito de ser, Mar\u00edn a toda vida -","robots":{"index":"index","follow":"follow","max-snippet":"max-snippet:-1","max-image-preview":"max-image-preview:large","max-video-preview":"max-video-preview:-1"},"canonical":"https:\/\/www.anovapeneira.gal\/index.php\/2025\/11\/03\/un-xeito-de-ser-marin-a-toda-vida\/","og_locale":"gl_ES","og_type":"article","og_title":"Un xeito de ser, Mar\u00edn a toda vida -","og_description":"Se un visitante chega por primeira vez a Mar\u00edn e da un paseo polas nosas r\u00faas poder\u00e1 comprobar como a maior parte delas te\u00f1en un ou varias construci\u00f3ns abandonadas, ruinosas ou a medio facer. Se pregunta o por que desta situaci\u00f3n algu\u00e9n lle informar\u00e1 que o caos urban\u00edstico que padecemos ven motivado polo abandon nas s\u00faas funci\u00f3ns por parte do concelleiro de urbanismo [...]","og_url":"https:\/\/www.anovapeneira.gal\/index.php\/2025\/11\/03\/un-xeito-de-ser-marin-a-toda-vida\/","article_publisher":"https:\/\/www.facebook.com\/anovapeneira","article_published_time":"2025-11-03T09:00:16+00:00","og_image":[{"width":720,"height":473,"url":"https:\/\/www.anovapeneira.gal\/wp-content\/uploads\/2019\/07\/ARTIGO_DE_OPINION_A_NOVA_PENEIRA.jpg","type":"image\/jpeg"}],"author":"Pedro M. Cortegoso Gago","twitter_card":"summary_large_image","twitter_creator":"@APeneira","twitter_site":"@APeneira","twitter_misc":{"Escrito por":"Pedro M. Cortegoso Gago","Tempo de lectura":"4 minutos"},"schema":{"@context":"https:\/\/schema.org","@graph":[{"@type":"Article","@id":"https:\/\/www.anovapeneira.gal\/index.php\/2025\/11\/03\/un-xeito-de-ser-marin-a-toda-vida\/#article","isPartOf":{"@id":"https:\/\/www.anovapeneira.gal\/index.php\/2025\/11\/03\/un-xeito-de-ser-marin-a-toda-vida\/"},"author":{"name":"Pedro M. Cortegoso Gago","@id":"https:\/\/www.anovapeneira.gal\/#\/schema\/person\/c04a9c9f722c9446e71ae434c0353337"},"headline":"Un xeito de ser, Mar\u00edn a toda vida","datePublished":"2025-11-03T09:00:16+00:00","mainEntityOfPage":{"@id":"https:\/\/www.anovapeneira.gal\/index.php\/2025\/11\/03\/un-xeito-de-ser-marin-a-toda-vida\/"},"wordCount":596,"commentCount":0,"publisher":{"@id":"https:\/\/www.anovapeneira.gal\/#organization"},"image":{"@id":"https:\/\/www.anovapeneira.gal\/index.php\/2025\/11\/03\/un-xeito-de-ser-marin-a-toda-vida\/#primaryimage"},"thumbnailUrl":"https:\/\/www.anovapeneira.gal\/wp-content\/uploads\/2019\/07\/ARTIGO_DE_OPINION_A_NOVA_PENEIRA.jpg","articleSection":["Artigos de opini\u00f3n"],"inLanguage":"gl-ES","potentialAction":[{"@type":"CommentAction","name":"Comment","target":["https:\/\/www.anovapeneira.gal\/index.php\/2025\/11\/03\/un-xeito-de-ser-marin-a-toda-vida\/#respond"]}]},{"@type":"WebPage","@id":"https:\/\/www.anovapeneira.gal\/index.php\/2025\/11\/03\/un-xeito-de-ser-marin-a-toda-vida\/","url":"https:\/\/www.anovapeneira.gal\/index.php\/2025\/11\/03\/un-xeito-de-ser-marin-a-toda-vida\/","name":"Un xeito de ser, Mar\u00edn a toda vida -","isPartOf":{"@id":"https:\/\/www.anovapeneira.gal\/#website"},"primaryImageOfPage":{"@id":"https:\/\/www.anovapeneira.gal\/index.php\/2025\/11\/03\/un-xeito-de-ser-marin-a-toda-vida\/#primaryimage"},"image":{"@id":"https:\/\/www.anovapeneira.gal\/index.php\/2025\/11\/03\/un-xeito-de-ser-marin-a-toda-vida\/#primaryimage"},"thumbnailUrl":"https:\/\/www.anovapeneira.gal\/wp-content\/uploads\/2019\/07\/ARTIGO_DE_OPINION_A_NOVA_PENEIRA.jpg","datePublished":"2025-11-03T09:00:16+00:00","breadcrumb":{"@id":"https:\/\/www.anovapeneira.gal\/index.php\/2025\/11\/03\/un-xeito-de-ser-marin-a-toda-vida\/#breadcrumb"},"inLanguage":"gl-ES","potentialAction":[{"@type":"ReadAction","target":["https:\/\/www.anovapeneira.gal\/index.php\/2025\/11\/03\/un-xeito-de-ser-marin-a-toda-vida\/"]}]},{"@type":"ImageObject","inLanguage":"gl-ES","@id":"https:\/\/www.anovapeneira.gal\/index.php\/2025\/11\/03\/un-xeito-de-ser-marin-a-toda-vida\/#primaryimage","url":"https:\/\/www.anovapeneira.gal\/wp-content\/uploads\/2019\/07\/ARTIGO_DE_OPINION_A_NOVA_PENEIRA.jpg","contentUrl":"https:\/\/www.anovapeneira.gal\/wp-content\/uploads\/2019\/07\/ARTIGO_DE_OPINION_A_NOVA_PENEIRA.jpg","width":720,"height":473,"caption":"Artigo de opini\u00f3n A Nova Peneira"},{"@type":"BreadcrumbList","@id":"https:\/\/www.anovapeneira.gal\/index.php\/2025\/11\/03\/un-xeito-de-ser-marin-a-toda-vida\/#breadcrumb","itemListElement":[{"@type":"ListItem","position":1,"name":"Portada","item":"https:\/\/www.anovapeneira.gal\/"},{"@type":"ListItem","position":2,"name":"Un xeito de ser, Mar\u00edn a toda vida"}]},{"@type":"WebSite","@id":"https:\/\/www.anovapeneira.gal\/#website","url":"https:\/\/www.anovapeneira.gal\/","name":"","description":"Xornal galego de informaci\u00f3n xeral Publicaci\u00f3n mensual de novas de Galicia e en especial dos Concellos da sur da provincia de Pontevedra.","publisher":{"@id":"https:\/\/www.anovapeneira.gal\/#organization"},"potentialAction":[{"@type":"SearchAction","target":{"@type":"EntryPoint","urlTemplate":"https:\/\/www.anovapeneira.gal\/?s={search_term_string}"},"query-input":{"@type":"PropertyValueSpecification","valueRequired":true,"valueName":"search_term_string"}}],"inLanguage":"gl-ES"},{"@type":"Organization","@id":"https:\/\/www.anovapeneira.gal\/#organization","name":"A Nova Peneira","url":"https:\/\/www.anovapeneira.gal\/","logo":{"@type":"ImageObject","inLanguage":"gl-ES","@id":"https:\/\/www.anovapeneira.gal\/#\/schema\/logo\/image\/","url":"http:\/\/www.anovapeneira.gal\/wp-content\/uploads\/2019\/06\/logo_a_nova_peneira_portal_web.png","contentUrl":"http:\/\/www.anovapeneira.gal\/wp-content\/uploads\/2019\/06\/logo_a_nova_peneira_portal_web.png","width":300,"height":100,"caption":"A Nova Peneira"},"image":{"@id":"https:\/\/www.anovapeneira.gal\/#\/schema\/logo\/image\/"},"sameAs":["https:\/\/www.facebook.com\/anovapeneira","https:\/\/x.com\/APeneira"]},{"@type":"Person","@id":"https:\/\/www.anovapeneira.gal\/#\/schema\/person\/c04a9c9f722c9446e71ae434c0353337","name":"Pedro M. Cortegoso Gago","image":{"@type":"ImageObject","inLanguage":"gl-ES","@id":"https:\/\/secure.gravatar.com\/avatar\/1613b27278a972c04db5c2f04fb2cbfa9edb58d6c3e2547817ecb8240eb58381?s=96&d=mm&r=g","url":"https:\/\/secure.gravatar.com\/avatar\/1613b27278a972c04db5c2f04fb2cbfa9edb58d6c3e2547817ecb8240eb58381?s=96&d=mm&r=g","contentUrl":"https:\/\/secure.gravatar.com\/avatar\/1613b27278a972c04db5c2f04fb2cbfa9edb58d6c3e2547817ecb8240eb58381?s=96&d=mm&r=g","caption":"Pedro M. Cortegoso Gago"},"sameAs":["http:\/\/anovapeneira.gal"],"url":"https:\/\/www.anovapeneira.gal\/index.php\/author\/opinionpcortegoso\/"}]}},"jetpack_featured_media_url":"https:\/\/www.anovapeneira.gal\/wp-content\/uploads\/2019\/07\/ARTIGO_DE_OPINION_A_NOVA_PENEIRA.jpg","_links":{"self":[{"href":"https:\/\/www.anovapeneira.gal\/index.php\/wp-json\/wp\/v2\/posts\/14878","targetHints":{"allow":["GET"]}}],"collection":[{"href":"https:\/\/www.anovapeneira.gal\/index.php\/wp-json\/wp\/v2\/posts"}],"about":[{"href":"https:\/\/www.anovapeneira.gal\/index.php\/wp-json\/wp\/v2\/types\/post"}],"author":[{"embeddable":true,"href":"https:\/\/www.anovapeneira.gal\/index.php\/wp-json\/wp\/v2\/users\/4"}],"replies":[{"embeddable":true,"href":"https:\/\/www.anovapeneira.gal\/index.php\/wp-json\/wp\/v2\/comments?post=14878"}],"version-history":[{"count":1,"href":"https:\/\/www.anovapeneira.gal\/index.php\/wp-json\/wp\/v2\/posts\/14878\/revisions"}],"predecessor-version":[{"id":14879,"href":"https:\/\/www.anovapeneira.gal\/index.php\/wp-json\/wp\/v2\/posts\/14878\/revisions\/14879"}],"wp:featuredmedia":[{"embeddable":true,"href":"https:\/\/www.anovapeneira.gal\/index.php\/wp-json\/wp\/v2\/media\/584"}],"wp:attachment":[{"href":"https:\/\/www.anovapeneira.gal\/index.php\/wp-json\/wp\/v2\/media?parent=14878"}],"wp:term":[{"taxonomy":"category","embeddable":true,"href":"https:\/\/www.anovapeneira.gal\/index.php\/wp-json\/wp\/v2\/categories?post=14878"},{"taxonomy":"post_tag","embeddable":true,"href":"https:\/\/www.anovapeneira.gal\/index.php\/wp-json\/wp\/v2\/tags?post=14878"}],"curies":[{"name":"wp","href":"https:\/\/api.w.org\/{rel}","templated":true}]}}