{"id":14880,"date":"2025-11-03T12:00:10","date_gmt":"2025-11-03T11:00:10","guid":{"rendered":"https:\/\/www.anovapeneira.gal\/?p=14880"},"modified":"2025-10-30T16:56:36","modified_gmt":"2025-10-30T15:56:36","slug":"o-bng-pide-a-xunta-que-inclua-nos-orzamentos-de-2026-partidas-para-proxectos-fundamentais-para-salvaterra-de-mino-como-a-ponte-da-plisan-e-a-ampliacion-do-instituto","status":"publish","type":"post","link":"https:\/\/www.anovapeneira.gal\/index.php\/2025\/11\/03\/o-bng-pide-a-xunta-que-inclua-nos-orzamentos-de-2026-partidas-para-proxectos-fundamentais-para-salvaterra-de-mino-como-a-ponte-da-plisan-e-a-ampliacion-do-instituto\/","title":{"rendered":"O BNG pide \u00e1 Xunta que incl\u00faa nos orzamentos de 2026 partidas para proxectos \u201cfundamentais\u201d para Salvaterra de Mi\u00f1o como a ponte da Plisan e a ampliaci\u00f3n do instituto"},"content":{"rendered":"\n<h2 class=\"wp-block-heading\"><strong>A voceira Patricia Mari\u00f1o destaca que un impulso do novo viaduto permitir\u00eda eliminar o tr\u00e1fico pesado do centro da vila<\/strong><\/h2>\n\n\n\n<p><strong>O Bloque pide tam\u00e9n urxencias de tarde no centro de sa\u00fade e a xesti\u00f3n e financiamento do SAF directamente pola Xunta<\/strong><\/p>\n\n\n\n<p>O BNG de Salvaterra asegurou hoxe que a Xunta de Galicia \u201cdeixa totalmente abandonada\u201d a comarca do Condado en xeral e o Concello de Salvaterra en particular nos orzamentos auton\u00f3micos para o ano 2026. Segundo a voceira Patricia Mari\u00f1o, \u201cen Salvaterra non se ve por ning\u00fan lado a tan cacarexada aposta do goberno galego pola pol\u00edtica social, a sanidade, a educaci\u00f3n, a vivenda e o emprego\u201d, xa que as contas do pr\u00f3ximo ano \u201ccoxean por unha total falta de investimento efectivo en \u00e1reas chave para o benestar da nosa veci\u00f1anza\u201d. Por isto, o Bloque v\u00e9n de presentar catro emendas aos orzamentos para proxectos que considera \u201cfundamentais\u201d para atender problemas \u201cvitais\u201d no municipio.<\/p>\n\n\n\n<p>No que respecta \u00e1s infraestruturas, a portavoz do BNG pide \u00e1 Xunta que reserve fondos suficientes para iniciar a execuci\u00f3n da nova ponte internacional que debe dar servizo \u00e1 Plataforma Log\u00edstica e Industrial de Salvaterra-As Neves (PLISAN). Segundo Mari\u00f1o, esta ponte, que a\u00ednda est\u00e1 en fase de proposta e debate, \u00e9 fundamental para desconxestionar o tr\u00e1fico pesado que diariamente pasa polo centro de Salvaterra e cruza o tr\u00e1fico cara Mon\u00e7ao a trav\u00e9s da r\u00faa Mi\u00f1o, que vertebra o n\u00facleo urbano. \u201cA construci\u00f3n desta ponte ser\u00eda o punto de partida para poder desenvolver unha vila pensada para as persoas. Permitir\u00eda sacar o tr\u00e1fico pesado, coa mellora de seguridade e as posibilidades que iso supor\u00eda para facer m\u00e1is c\u00f3modo e de calidade o noso espazo p\u00fablico\u201d, sinala a nacionalista.<\/p>\n\n\n\n<p>Mari\u00f1o tam\u00e9n subli\u00f1a a necesidade de que a Xunta se encargue da xesti\u00f3n e financiamento do 100% dos CEIP, CEP, CRA e IES do municipio atendendo \u00e1s necesidades reais dos centros educativos. Advirte a nacionalista que a situaci\u00f3n xeral \u00e9 de falta de profesorado e de medios, ademais de ser preciso ampliar o instituto, constru\u00edr un patio cuberto e un auditorio e aumentar os ciclos formativos, moi demandados debido ao continuo medre de alumnado e poboaci\u00f3n.<\/p>\n\n\n\n<p>Por outra parte, a voceira do BNG fai causa nas emendas da necesidade de dotar de urxencias pola tarde o centro de sa\u00fade de Salvaterra con atenci\u00f3n de d\u00faas persoas m\u00e9dicas e unha praza de Enfermer\u00eda. Destaca que o servizo de emerxencias \u00e9 vital para un concello con 11.000 habitantes e unha poboaci\u00f3n que est\u00e1 a incrementarse de maneira constante. \u201cNo ver\u00e1n a situaci\u00f3n do noso centro de sa\u00fade foi insostible por falta de persoal, non se pode xogar coa vida da xente agardando por atenci\u00f3n m\u00e9dica b\u00e1sica\u201d, advirte.<\/p>\n\n\n\n<p>Finalmente, o Bloque tam\u00e9n demanda \u00e1 Xunta que se faga cargo da xesti\u00f3n directa do Servizo de Atenci\u00f3n no Fogar (SAF) por ser unha competencia propia do goberno galego. En calquera caso, mentres o Concello te\u00f1a que facerse cargo do servizo, solicita que o goberno auton\u00f3mico afronte a totalidade do financiamento, que anualmente sup\u00f3n para as arcas municipais de Salvaterra un gasto de 300.000 euros que poder\u00edan destinarse a outros investimentos e servizos.<\/p>\n\n\n\n<p>Mari\u00f1o foi especialmente dura non s\u00f3 coa ausencia total de investimentos da Xunta en Salvaterra nos orzamentos para 2026, sen\u00f3n tam\u00e9n coa alcaldesa e o seu equipo de goberno. \u201cAqu\u00ed temos un novo exemplo do seguidismo e complacencia do PP local, que aplaude a total amnesia do PP galego co seu concello en vez de reivindicar as actuaci\u00f3ns necesarias para a veci\u00f1anza do municipio\u201d, subli\u00f1ou, advertindo que as e os populares da localidade deber\u00edan \u201cavergo\u00f1arse\u201d da s\u00faa falta de ambici\u00f3n para coa vila.<\/p>\n","protected":false},"excerpt":{"rendered":"<div class=\"mh-excerpt\"><p>A voceira Patricia Mari\u00f1o destaca que un impulso do novo viaduto permitir\u00eda eliminar o tr\u00e1fico pesado do centro da vila <a class=\"mh-excerpt-more\" href=\"https:\/\/www.anovapeneira.gal\/index.php\/2025\/11\/03\/o-bng-pide-a-xunta-que-inclua-nos-orzamentos-de-2026-partidas-para-proxectos-fundamentais-para-salvaterra-de-mino-como-a-ponte-da-plisan-e-a-ampliacion-do-instituto\/\" title=\"O BNG pide \u00e1 Xunta que incl\u00faa nos orzamentos de 2026 partidas para proxectos \u201cfundamentais\u201d para Salvaterra de Mi\u00f1o como a ponte da Plisan e a ampliaci\u00f3n do instituto\">[&#8230;]<\/a><\/p>\n<\/div>","protected":false},"author":3,"featured_media":14881,"comment_status":"open","ping_status":"open","sticky":false,"template":"","format":"standard","meta":{"_exactmetrics_skip_tracking":false,"_exactmetrics_sitenote_active":false,"_exactmetrics_sitenote_note":"","_exactmetrics_sitenote_category":0,"footnotes":""},"categories":[25],"tags":[186],"class_list":{"0":"post-14880","1":"post","2":"type-post","3":"status-publish","4":"format-standard","5":"has-post-thumbnail","7":"category-condado","8":"tag-concello-de-salvaterra-do-mino"},"yoast_head":"<!-- This site is optimized with the Yoast SEO plugin v27.4 - https:\/\/yoast.com\/product\/yoast-seo-wordpress\/ -->\n<title>O BNG pide \u00e1 Xunta que incl\u00faa nos orzamentos de 2026 partidas para proxectos \u201cfundamentais\u201d para Salvaterra de Mi\u00f1o como a ponte da Plisan e a ampliaci\u00f3n do instituto -<\/title>\n<meta name=\"robots\" content=\"index, follow, max-snippet:-1, max-image-preview:large, max-video-preview:-1\" \/>\n<link rel=\"canonical\" href=\"https:\/\/www.anovapeneira.gal\/index.php\/2025\/11\/03\/o-bng-pide-a-xunta-que-inclua-nos-orzamentos-de-2026-partidas-para-proxectos-fundamentais-para-salvaterra-de-mino-como-a-ponte-da-plisan-e-a-ampliacion-do-instituto\/\" \/>\n<meta property=\"og:locale\" content=\"gl_ES\" \/>\n<meta property=\"og:type\" content=\"article\" \/>\n<meta property=\"og:title\" content=\"O BNG pide \u00e1 Xunta que incl\u00faa nos orzamentos de 2026 partidas para proxectos \u201cfundamentais\u201d para Salvaterra de Mi\u00f1o como a ponte da Plisan e a ampliaci\u00f3n do instituto -\" \/>\n<meta property=\"og:description\" content=\"A voceira Patricia Mari\u00f1o destaca que un impulso do novo viaduto permitir\u00eda eliminar o tr\u00e1fico pesado do centro da vila [...]\" \/>\n<meta property=\"og:url\" content=\"https:\/\/www.anovapeneira.gal\/index.php\/2025\/11\/03\/o-bng-pide-a-xunta-que-inclua-nos-orzamentos-de-2026-partidas-para-proxectos-fundamentais-para-salvaterra-de-mino-como-a-ponte-da-plisan-e-a-ampliacion-do-instituto\/\" \/>\n<meta property=\"article:publisher\" content=\"https:\/\/www.facebook.com\/anovapeneira\" \/>\n<meta property=\"article:published_time\" content=\"2025-11-03T11:00:10+00:00\" \/>\n<meta property=\"og:image\" content=\"https:\/\/www.anovapeneira.gal\/wp-content\/uploads\/2025\/10\/Patricia_Marino_op.jpg\" \/>\n\t<meta property=\"og:image:width\" content=\"1066\" \/>\n\t<meta property=\"og:image:height\" content=\"640\" \/>\n\t<meta property=\"og:image:type\" content=\"image\/jpeg\" \/>\n<meta name=\"author\" content=\"Redacci\u00f3n A Nova Peneira\" \/>\n<meta name=\"twitter:card\" content=\"summary_large_image\" \/>\n<meta name=\"twitter:creator\" content=\"@APeneira\" \/>\n<meta name=\"twitter:site\" content=\"@APeneira\" \/>\n<meta name=\"twitter:label1\" content=\"Escrito por\" \/>\n\t<meta name=\"twitter:data1\" content=\"Redacci\u00f3n A Nova Peneira\" \/>\n\t<meta name=\"twitter:label2\" content=\"Tempo de lectura\" \/>\n\t<meta name=\"twitter:data2\" content=\"4 minutos\" \/>\n<script type=\"application\/ld+json\" class=\"yoast-schema-graph\">{\"@context\":\"https:\\\/\\\/schema.org\",\"@graph\":[{\"@type\":\"Article\",\"@id\":\"https:\\\/\\\/www.anovapeneira.gal\\\/index.php\\\/2025\\\/11\\\/03\\\/o-bng-pide-a-xunta-que-inclua-nos-orzamentos-de-2026-partidas-para-proxectos-fundamentais-para-salvaterra-de-mino-como-a-ponte-da-plisan-e-a-ampliacion-do-instituto\\\/#article\",\"isPartOf\":{\"@id\":\"https:\\\/\\\/www.anovapeneira.gal\\\/index.php\\\/2025\\\/11\\\/03\\\/o-bng-pide-a-xunta-que-inclua-nos-orzamentos-de-2026-partidas-para-proxectos-fundamentais-para-salvaterra-de-mino-como-a-ponte-da-plisan-e-a-ampliacion-do-instituto\\\/\"},\"author\":{\"name\":\"Redacci\u00f3n A Nova Peneira\",\"@id\":\"https:\\\/\\\/www.anovapeneira.gal\\\/#\\\/schema\\\/person\\\/b93e3f8932e3f8da96334607eb6ac6aa\"},\"headline\":\"O BNG pide \u00e1 Xunta que incl\u00faa nos orzamentos de 2026 partidas para proxectos \u201cfundamentais\u201d para Salvaterra de Mi\u00f1o como a ponte da Plisan e a ampliaci\u00f3n do instituto\",\"datePublished\":\"2025-11-03T11:00:10+00:00\",\"mainEntityOfPage\":{\"@id\":\"https:\\\/\\\/www.anovapeneira.gal\\\/index.php\\\/2025\\\/11\\\/03\\\/o-bng-pide-a-xunta-que-inclua-nos-orzamentos-de-2026-partidas-para-proxectos-fundamentais-para-salvaterra-de-mino-como-a-ponte-da-plisan-e-a-ampliacion-do-instituto\\\/\"},\"wordCount\":689,\"commentCount\":0,\"publisher\":{\"@id\":\"https:\\\/\\\/www.anovapeneira.gal\\\/#organization\"},\"image\":{\"@id\":\"https:\\\/\\\/www.anovapeneira.gal\\\/index.php\\\/2025\\\/11\\\/03\\\/o-bng-pide-a-xunta-que-inclua-nos-orzamentos-de-2026-partidas-para-proxectos-fundamentais-para-salvaterra-de-mino-como-a-ponte-da-plisan-e-a-ampliacion-do-instituto\\\/#primaryimage\"},\"thumbnailUrl\":\"https:\\\/\\\/www.anovapeneira.gal\\\/wp-content\\\/uploads\\\/2025\\\/10\\\/Patricia_Marino_op.jpg\",\"keywords\":[\"Concello de Salvaterra do Mi\u00f1o\"],\"articleSection\":[\"Condado\"],\"inLanguage\":\"gl-ES\",\"potentialAction\":[{\"@type\":\"CommentAction\",\"name\":\"Comment\",\"target\":[\"https:\\\/\\\/www.anovapeneira.gal\\\/index.php\\\/2025\\\/11\\\/03\\\/o-bng-pide-a-xunta-que-inclua-nos-orzamentos-de-2026-partidas-para-proxectos-fundamentais-para-salvaterra-de-mino-como-a-ponte-da-plisan-e-a-ampliacion-do-instituto\\\/#respond\"]}]},{\"@type\":\"WebPage\",\"@id\":\"https:\\\/\\\/www.anovapeneira.gal\\\/index.php\\\/2025\\\/11\\\/03\\\/o-bng-pide-a-xunta-que-inclua-nos-orzamentos-de-2026-partidas-para-proxectos-fundamentais-para-salvaterra-de-mino-como-a-ponte-da-plisan-e-a-ampliacion-do-instituto\\\/\",\"url\":\"https:\\\/\\\/www.anovapeneira.gal\\\/index.php\\\/2025\\\/11\\\/03\\\/o-bng-pide-a-xunta-que-inclua-nos-orzamentos-de-2026-partidas-para-proxectos-fundamentais-para-salvaterra-de-mino-como-a-ponte-da-plisan-e-a-ampliacion-do-instituto\\\/\",\"name\":\"O BNG pide \u00e1 Xunta que incl\u00faa nos orzamentos de 2026 partidas para proxectos \u201cfundamentais\u201d para Salvaterra de Mi\u00f1o como a ponte da Plisan e a ampliaci\u00f3n do instituto -\",\"isPartOf\":{\"@id\":\"https:\\\/\\\/www.anovapeneira.gal\\\/#website\"},\"primaryImageOfPage\":{\"@id\":\"https:\\\/\\\/www.anovapeneira.gal\\\/index.php\\\/2025\\\/11\\\/03\\\/o-bng-pide-a-xunta-que-inclua-nos-orzamentos-de-2026-partidas-para-proxectos-fundamentais-para-salvaterra-de-mino-como-a-ponte-da-plisan-e-a-ampliacion-do-instituto\\\/#primaryimage\"},\"image\":{\"@id\":\"https:\\\/\\\/www.anovapeneira.gal\\\/index.php\\\/2025\\\/11\\\/03\\\/o-bng-pide-a-xunta-que-inclua-nos-orzamentos-de-2026-partidas-para-proxectos-fundamentais-para-salvaterra-de-mino-como-a-ponte-da-plisan-e-a-ampliacion-do-instituto\\\/#primaryimage\"},\"thumbnailUrl\":\"https:\\\/\\\/www.anovapeneira.gal\\\/wp-content\\\/uploads\\\/2025\\\/10\\\/Patricia_Marino_op.jpg\",\"datePublished\":\"2025-11-03T11:00:10+00:00\",\"breadcrumb\":{\"@id\":\"https:\\\/\\\/www.anovapeneira.gal\\\/index.php\\\/2025\\\/11\\\/03\\\/o-bng-pide-a-xunta-que-inclua-nos-orzamentos-de-2026-partidas-para-proxectos-fundamentais-para-salvaterra-de-mino-como-a-ponte-da-plisan-e-a-ampliacion-do-instituto\\\/#breadcrumb\"},\"inLanguage\":\"gl-ES\",\"potentialAction\":[{\"@type\":\"ReadAction\",\"target\":[\"https:\\\/\\\/www.anovapeneira.gal\\\/index.php\\\/2025\\\/11\\\/03\\\/o-bng-pide-a-xunta-que-inclua-nos-orzamentos-de-2026-partidas-para-proxectos-fundamentais-para-salvaterra-de-mino-como-a-ponte-da-plisan-e-a-ampliacion-do-instituto\\\/\"]}]},{\"@type\":\"ImageObject\",\"inLanguage\":\"gl-ES\",\"@id\":\"https:\\\/\\\/www.anovapeneira.gal\\\/index.php\\\/2025\\\/11\\\/03\\\/o-bng-pide-a-xunta-que-inclua-nos-orzamentos-de-2026-partidas-para-proxectos-fundamentais-para-salvaterra-de-mino-como-a-ponte-da-plisan-e-a-ampliacion-do-instituto\\\/#primaryimage\",\"url\":\"https:\\\/\\\/www.anovapeneira.gal\\\/wp-content\\\/uploads\\\/2025\\\/10\\\/Patricia_Marino_op.jpg\",\"contentUrl\":\"https:\\\/\\\/www.anovapeneira.gal\\\/wp-content\\\/uploads\\\/2025\\\/10\\\/Patricia_Marino_op.jpg\",\"width\":1066,\"height\":640},{\"@type\":\"BreadcrumbList\",\"@id\":\"https:\\\/\\\/www.anovapeneira.gal\\\/index.php\\\/2025\\\/11\\\/03\\\/o-bng-pide-a-xunta-que-inclua-nos-orzamentos-de-2026-partidas-para-proxectos-fundamentais-para-salvaterra-de-mino-como-a-ponte-da-plisan-e-a-ampliacion-do-instituto\\\/#breadcrumb\",\"itemListElement\":[{\"@type\":\"ListItem\",\"position\":1,\"name\":\"Portada\",\"item\":\"https:\\\/\\\/www.anovapeneira.gal\\\/\"},{\"@type\":\"ListItem\",\"position\":2,\"name\":\"O BNG pide \u00e1 Xunta que incl\u00faa nos orzamentos de 2026 partidas para proxectos \u201cfundamentais\u201d para Salvaterra de Mi\u00f1o como a ponte da Plisan e a ampliaci\u00f3n do instituto\"}]},{\"@type\":\"WebSite\",\"@id\":\"https:\\\/\\\/www.anovapeneira.gal\\\/#website\",\"url\":\"https:\\\/\\\/www.anovapeneira.gal\\\/\",\"name\":\"\",\"description\":\"Xornal galego de informaci\u00f3n xeral Publicaci\u00f3n mensual de novas de Galicia e en especial dos Concellos da sur da provincia de Pontevedra.\",\"publisher\":{\"@id\":\"https:\\\/\\\/www.anovapeneira.gal\\\/#organization\"},\"potentialAction\":[{\"@type\":\"SearchAction\",\"target\":{\"@type\":\"EntryPoint\",\"urlTemplate\":\"https:\\\/\\\/www.anovapeneira.gal\\\/?s={search_term_string}\"},\"query-input\":{\"@type\":\"PropertyValueSpecification\",\"valueRequired\":true,\"valueName\":\"search_term_string\"}}],\"inLanguage\":\"gl-ES\"},{\"@type\":\"Organization\",\"@id\":\"https:\\\/\\\/www.anovapeneira.gal\\\/#organization\",\"name\":\"A Nova Peneira\",\"url\":\"https:\\\/\\\/www.anovapeneira.gal\\\/\",\"logo\":{\"@type\":\"ImageObject\",\"inLanguage\":\"gl-ES\",\"@id\":\"https:\\\/\\\/www.anovapeneira.gal\\\/#\\\/schema\\\/logo\\\/image\\\/\",\"url\":\"http:\\\/\\\/www.anovapeneira.gal\\\/wp-content\\\/uploads\\\/2019\\\/06\\\/logo_a_nova_peneira_portal_web.png\",\"contentUrl\":\"http:\\\/\\\/www.anovapeneira.gal\\\/wp-content\\\/uploads\\\/2019\\\/06\\\/logo_a_nova_peneira_portal_web.png\",\"width\":300,\"height\":100,\"caption\":\"A Nova Peneira\"},\"image\":{\"@id\":\"https:\\\/\\\/www.anovapeneira.gal\\\/#\\\/schema\\\/logo\\\/image\\\/\"},\"sameAs\":[\"https:\\\/\\\/www.facebook.com\\\/anovapeneira\",\"https:\\\/\\\/x.com\\\/APeneira\"]},{\"@type\":\"Person\",\"@id\":\"https:\\\/\\\/www.anovapeneira.gal\\\/#\\\/schema\\\/person\\\/b93e3f8932e3f8da96334607eb6ac6aa\",\"name\":\"Redacci\u00f3n A Nova Peneira\",\"image\":{\"@type\":\"ImageObject\",\"inLanguage\":\"gl-ES\",\"@id\":\"https:\\\/\\\/secure.gravatar.com\\\/avatar\\\/c052a2551a06e23fac63626232eaa90abd78dbcf1700fc46a2b2c89fd27b735f?s=96&d=mm&r=g\",\"url\":\"https:\\\/\\\/secure.gravatar.com\\\/avatar\\\/c052a2551a06e23fac63626232eaa90abd78dbcf1700fc46a2b2c89fd27b735f?s=96&d=mm&r=g\",\"contentUrl\":\"https:\\\/\\\/secure.gravatar.com\\\/avatar\\\/c052a2551a06e23fac63626232eaa90abd78dbcf1700fc46a2b2c89fd27b735f?s=96&d=mm&r=g\",\"caption\":\"Redacci\u00f3n A Nova Peneira\"},\"sameAs\":[\"http:\\\/\\\/www.anovapeneira.gal\\\/\"],\"url\":\"https:\\\/\\\/www.anovapeneira.gal\\\/index.php\\\/author\\\/redactor\\\/\"}]}<\/script>\n<!-- \/ Yoast SEO plugin. -->","yoast_head_json":{"title":"O BNG pide \u00e1 Xunta que incl\u00faa nos orzamentos de 2026 partidas para proxectos \u201cfundamentais\u201d para Salvaterra de Mi\u00f1o como a ponte da Plisan e a ampliaci\u00f3n do instituto -","robots":{"index":"index","follow":"follow","max-snippet":"max-snippet:-1","max-image-preview":"max-image-preview:large","max-video-preview":"max-video-preview:-1"},"canonical":"https:\/\/www.anovapeneira.gal\/index.php\/2025\/11\/03\/o-bng-pide-a-xunta-que-inclua-nos-orzamentos-de-2026-partidas-para-proxectos-fundamentais-para-salvaterra-de-mino-como-a-ponte-da-plisan-e-a-ampliacion-do-instituto\/","og_locale":"gl_ES","og_type":"article","og_title":"O BNG pide \u00e1 Xunta que incl\u00faa nos orzamentos de 2026 partidas para proxectos \u201cfundamentais\u201d para Salvaterra de Mi\u00f1o como a ponte da Plisan e a ampliaci\u00f3n do instituto -","og_description":"A voceira Patricia Mari\u00f1o destaca que un impulso do novo viaduto permitir\u00eda eliminar o tr\u00e1fico pesado do centro da vila [...]","og_url":"https:\/\/www.anovapeneira.gal\/index.php\/2025\/11\/03\/o-bng-pide-a-xunta-que-inclua-nos-orzamentos-de-2026-partidas-para-proxectos-fundamentais-para-salvaterra-de-mino-como-a-ponte-da-plisan-e-a-ampliacion-do-instituto\/","article_publisher":"https:\/\/www.facebook.com\/anovapeneira","article_published_time":"2025-11-03T11:00:10+00:00","og_image":[{"width":1066,"height":640,"url":"https:\/\/www.anovapeneira.gal\/wp-content\/uploads\/2025\/10\/Patricia_Marino_op.jpg","type":"image\/jpeg"}],"author":"Redacci\u00f3n A Nova Peneira","twitter_card":"summary_large_image","twitter_creator":"@APeneira","twitter_site":"@APeneira","twitter_misc":{"Escrito por":"Redacci\u00f3n A Nova Peneira","Tempo de lectura":"4 minutos"},"schema":{"@context":"https:\/\/schema.org","@graph":[{"@type":"Article","@id":"https:\/\/www.anovapeneira.gal\/index.php\/2025\/11\/03\/o-bng-pide-a-xunta-que-inclua-nos-orzamentos-de-2026-partidas-para-proxectos-fundamentais-para-salvaterra-de-mino-como-a-ponte-da-plisan-e-a-ampliacion-do-instituto\/#article","isPartOf":{"@id":"https:\/\/www.anovapeneira.gal\/index.php\/2025\/11\/03\/o-bng-pide-a-xunta-que-inclua-nos-orzamentos-de-2026-partidas-para-proxectos-fundamentais-para-salvaterra-de-mino-como-a-ponte-da-plisan-e-a-ampliacion-do-instituto\/"},"author":{"name":"Redacci\u00f3n A Nova Peneira","@id":"https:\/\/www.anovapeneira.gal\/#\/schema\/person\/b93e3f8932e3f8da96334607eb6ac6aa"},"headline":"O BNG pide \u00e1 Xunta que incl\u00faa nos orzamentos de 2026 partidas para proxectos \u201cfundamentais\u201d para Salvaterra de Mi\u00f1o como a ponte da Plisan e a ampliaci\u00f3n do instituto","datePublished":"2025-11-03T11:00:10+00:00","mainEntityOfPage":{"@id":"https:\/\/www.anovapeneira.gal\/index.php\/2025\/11\/03\/o-bng-pide-a-xunta-que-inclua-nos-orzamentos-de-2026-partidas-para-proxectos-fundamentais-para-salvaterra-de-mino-como-a-ponte-da-plisan-e-a-ampliacion-do-instituto\/"},"wordCount":689,"commentCount":0,"publisher":{"@id":"https:\/\/www.anovapeneira.gal\/#organization"},"image":{"@id":"https:\/\/www.anovapeneira.gal\/index.php\/2025\/11\/03\/o-bng-pide-a-xunta-que-inclua-nos-orzamentos-de-2026-partidas-para-proxectos-fundamentais-para-salvaterra-de-mino-como-a-ponte-da-plisan-e-a-ampliacion-do-instituto\/#primaryimage"},"thumbnailUrl":"https:\/\/www.anovapeneira.gal\/wp-content\/uploads\/2025\/10\/Patricia_Marino_op.jpg","keywords":["Concello de Salvaterra do Mi\u00f1o"],"articleSection":["Condado"],"inLanguage":"gl-ES","potentialAction":[{"@type":"CommentAction","name":"Comment","target":["https:\/\/www.anovapeneira.gal\/index.php\/2025\/11\/03\/o-bng-pide-a-xunta-que-inclua-nos-orzamentos-de-2026-partidas-para-proxectos-fundamentais-para-salvaterra-de-mino-como-a-ponte-da-plisan-e-a-ampliacion-do-instituto\/#respond"]}]},{"@type":"WebPage","@id":"https:\/\/www.anovapeneira.gal\/index.php\/2025\/11\/03\/o-bng-pide-a-xunta-que-inclua-nos-orzamentos-de-2026-partidas-para-proxectos-fundamentais-para-salvaterra-de-mino-como-a-ponte-da-plisan-e-a-ampliacion-do-instituto\/","url":"https:\/\/www.anovapeneira.gal\/index.php\/2025\/11\/03\/o-bng-pide-a-xunta-que-inclua-nos-orzamentos-de-2026-partidas-para-proxectos-fundamentais-para-salvaterra-de-mino-como-a-ponte-da-plisan-e-a-ampliacion-do-instituto\/","name":"O BNG pide \u00e1 Xunta que incl\u00faa nos orzamentos de 2026 partidas para proxectos \u201cfundamentais\u201d para Salvaterra de Mi\u00f1o como a ponte da Plisan e a ampliaci\u00f3n do instituto -","isPartOf":{"@id":"https:\/\/www.anovapeneira.gal\/#website"},"primaryImageOfPage":{"@id":"https:\/\/www.anovapeneira.gal\/index.php\/2025\/11\/03\/o-bng-pide-a-xunta-que-inclua-nos-orzamentos-de-2026-partidas-para-proxectos-fundamentais-para-salvaterra-de-mino-como-a-ponte-da-plisan-e-a-ampliacion-do-instituto\/#primaryimage"},"image":{"@id":"https:\/\/www.anovapeneira.gal\/index.php\/2025\/11\/03\/o-bng-pide-a-xunta-que-inclua-nos-orzamentos-de-2026-partidas-para-proxectos-fundamentais-para-salvaterra-de-mino-como-a-ponte-da-plisan-e-a-ampliacion-do-instituto\/#primaryimage"},"thumbnailUrl":"https:\/\/www.anovapeneira.gal\/wp-content\/uploads\/2025\/10\/Patricia_Marino_op.jpg","datePublished":"2025-11-03T11:00:10+00:00","breadcrumb":{"@id":"https:\/\/www.anovapeneira.gal\/index.php\/2025\/11\/03\/o-bng-pide-a-xunta-que-inclua-nos-orzamentos-de-2026-partidas-para-proxectos-fundamentais-para-salvaterra-de-mino-como-a-ponte-da-plisan-e-a-ampliacion-do-instituto\/#breadcrumb"},"inLanguage":"gl-ES","potentialAction":[{"@type":"ReadAction","target":["https:\/\/www.anovapeneira.gal\/index.php\/2025\/11\/03\/o-bng-pide-a-xunta-que-inclua-nos-orzamentos-de-2026-partidas-para-proxectos-fundamentais-para-salvaterra-de-mino-como-a-ponte-da-plisan-e-a-ampliacion-do-instituto\/"]}]},{"@type":"ImageObject","inLanguage":"gl-ES","@id":"https:\/\/www.anovapeneira.gal\/index.php\/2025\/11\/03\/o-bng-pide-a-xunta-que-inclua-nos-orzamentos-de-2026-partidas-para-proxectos-fundamentais-para-salvaterra-de-mino-como-a-ponte-da-plisan-e-a-ampliacion-do-instituto\/#primaryimage","url":"https:\/\/www.anovapeneira.gal\/wp-content\/uploads\/2025\/10\/Patricia_Marino_op.jpg","contentUrl":"https:\/\/www.anovapeneira.gal\/wp-content\/uploads\/2025\/10\/Patricia_Marino_op.jpg","width":1066,"height":640},{"@type":"BreadcrumbList","@id":"https:\/\/www.anovapeneira.gal\/index.php\/2025\/11\/03\/o-bng-pide-a-xunta-que-inclua-nos-orzamentos-de-2026-partidas-para-proxectos-fundamentais-para-salvaterra-de-mino-como-a-ponte-da-plisan-e-a-ampliacion-do-instituto\/#breadcrumb","itemListElement":[{"@type":"ListItem","position":1,"name":"Portada","item":"https:\/\/www.anovapeneira.gal\/"},{"@type":"ListItem","position":2,"name":"O BNG pide \u00e1 Xunta que incl\u00faa nos orzamentos de 2026 partidas para proxectos \u201cfundamentais\u201d para Salvaterra de Mi\u00f1o como a ponte da Plisan e a ampliaci\u00f3n do instituto"}]},{"@type":"WebSite","@id":"https:\/\/www.anovapeneira.gal\/#website","url":"https:\/\/www.anovapeneira.gal\/","name":"","description":"Xornal galego de informaci\u00f3n xeral Publicaci\u00f3n mensual de novas de Galicia e en especial dos Concellos da sur da provincia de Pontevedra.","publisher":{"@id":"https:\/\/www.anovapeneira.gal\/#organization"},"potentialAction":[{"@type":"SearchAction","target":{"@type":"EntryPoint","urlTemplate":"https:\/\/www.anovapeneira.gal\/?s={search_term_string}"},"query-input":{"@type":"PropertyValueSpecification","valueRequired":true,"valueName":"search_term_string"}}],"inLanguage":"gl-ES"},{"@type":"Organization","@id":"https:\/\/www.anovapeneira.gal\/#organization","name":"A Nova Peneira","url":"https:\/\/www.anovapeneira.gal\/","logo":{"@type":"ImageObject","inLanguage":"gl-ES","@id":"https:\/\/www.anovapeneira.gal\/#\/schema\/logo\/image\/","url":"http:\/\/www.anovapeneira.gal\/wp-content\/uploads\/2019\/06\/logo_a_nova_peneira_portal_web.png","contentUrl":"http:\/\/www.anovapeneira.gal\/wp-content\/uploads\/2019\/06\/logo_a_nova_peneira_portal_web.png","width":300,"height":100,"caption":"A Nova Peneira"},"image":{"@id":"https:\/\/www.anovapeneira.gal\/#\/schema\/logo\/image\/"},"sameAs":["https:\/\/www.facebook.com\/anovapeneira","https:\/\/x.com\/APeneira"]},{"@type":"Person","@id":"https:\/\/www.anovapeneira.gal\/#\/schema\/person\/b93e3f8932e3f8da96334607eb6ac6aa","name":"Redacci\u00f3n A Nova Peneira","image":{"@type":"ImageObject","inLanguage":"gl-ES","@id":"https:\/\/secure.gravatar.com\/avatar\/c052a2551a06e23fac63626232eaa90abd78dbcf1700fc46a2b2c89fd27b735f?s=96&d=mm&r=g","url":"https:\/\/secure.gravatar.com\/avatar\/c052a2551a06e23fac63626232eaa90abd78dbcf1700fc46a2b2c89fd27b735f?s=96&d=mm&r=g","contentUrl":"https:\/\/secure.gravatar.com\/avatar\/c052a2551a06e23fac63626232eaa90abd78dbcf1700fc46a2b2c89fd27b735f?s=96&d=mm&r=g","caption":"Redacci\u00f3n A Nova Peneira"},"sameAs":["http:\/\/www.anovapeneira.gal\/"],"url":"https:\/\/www.anovapeneira.gal\/index.php\/author\/redactor\/"}]}},"jetpack_featured_media_url":"https:\/\/www.anovapeneira.gal\/wp-content\/uploads\/2025\/10\/Patricia_Marino_op.jpg","_links":{"self":[{"href":"https:\/\/www.anovapeneira.gal\/index.php\/wp-json\/wp\/v2\/posts\/14880","targetHints":{"allow":["GET"]}}],"collection":[{"href":"https:\/\/www.anovapeneira.gal\/index.php\/wp-json\/wp\/v2\/posts"}],"about":[{"href":"https:\/\/www.anovapeneira.gal\/index.php\/wp-json\/wp\/v2\/types\/post"}],"author":[{"embeddable":true,"href":"https:\/\/www.anovapeneira.gal\/index.php\/wp-json\/wp\/v2\/users\/3"}],"replies":[{"embeddable":true,"href":"https:\/\/www.anovapeneira.gal\/index.php\/wp-json\/wp\/v2\/comments?post=14880"}],"version-history":[{"count":1,"href":"https:\/\/www.anovapeneira.gal\/index.php\/wp-json\/wp\/v2\/posts\/14880\/revisions"}],"predecessor-version":[{"id":14882,"href":"https:\/\/www.anovapeneira.gal\/index.php\/wp-json\/wp\/v2\/posts\/14880\/revisions\/14882"}],"wp:featuredmedia":[{"embeddable":true,"href":"https:\/\/www.anovapeneira.gal\/index.php\/wp-json\/wp\/v2\/media\/14881"}],"wp:attachment":[{"href":"https:\/\/www.anovapeneira.gal\/index.php\/wp-json\/wp\/v2\/media?parent=14880"}],"wp:term":[{"taxonomy":"category","embeddable":true,"href":"https:\/\/www.anovapeneira.gal\/index.php\/wp-json\/wp\/v2\/categories?post=14880"},{"taxonomy":"post_tag","embeddable":true,"href":"https:\/\/www.anovapeneira.gal\/index.php\/wp-json\/wp\/v2\/tags?post=14880"}],"curies":[{"name":"wp","href":"https:\/\/api.w.org\/{rel}","templated":true}]}}