{"id":14883,"date":"2025-11-04T10:00:17","date_gmt":"2025-11-04T09:00:17","guid":{"rendered":"https:\/\/www.anovapeneira.gal\/?p=14883"},"modified":"2025-10-30T17:04:36","modified_gmt":"2025-10-30T16:04:36","slug":"carta-ao-director","status":"publish","type":"post","link":"https:\/\/www.anovapeneira.gal\/index.php\/2025\/11\/04\/carta-ao-director\/","title":{"rendered":"Carta ao director"},"content":{"rendered":"\n<p>Estimado director,<\/p>\n\n\n\n<p>Tras varias semanas d\u00e1ndolle unha e mil voltas, decid\u00edn, escribir esta carta, non solo para manifestar o meu pesar, desanimo e anoxo, cara o que considero unha inxustiza e infamia de cara o que eu m\u00e1is quero, os meus fillos, sen\u00f3n tam\u00e9n para manifestar a situaci\u00f3n l\u00edmite da EDUCACI\u00d3N P\u00daBLICA.<\/p>\n\n\n\n<p>Dende o 8 de setembro, d\u00eda que como ben sabemos todos, empeza o colexio. Un d\u00eda cheo de nervios, ilusi\u00f3ns e reencontros, este ano, tam\u00e9n cheo de recortes, mentiras e ameazas.<\/p>\n\n\n\n<p>Como nai dunha nena con NEE ( necesidades educativas especiais), s\u00edntome rechazada e ninguneada. \u00c9nchense a boca falando de inclusi\u00f3n, presumindo de que Galicia \u00e9 a \u00fanica comunidade aut\u00f3noma onde os nenos e nenas con discapacidade computan como doble ou triplo, pero despois non o levan a cabo, base\u00e1ndose nunha lei, que para min ten unha libre interpretaci\u00f3n en funci\u00f3n da cara da moeda.<\/p>\n\n\n\n<p>Levamos casi dous meses con diferentes acci\u00f3ns ( manifestaci\u00f3ns diante do cole, participaci\u00f3n no pleno do Goberno, reuni\u00f3ns con inspecci\u00f3n, martes negros\u2026). Nunha destas reuni\u00f3ns co inspector, inspector xefe e xefe territorial, posta dun d\u00eda para outro, marcando eles os criterios, as formas e os modos, chegaron a dicir que o centro non deb\u00eda queixarse, xa que hab\u00eda d\u00faas aulas desdobladas, digamos de forma ilegal. Que se eles quer\u00edan, eses desdobles poder\u00edase desfacer, polo que xa sobrar\u00eda m\u00e1is persoal.<\/p>\n\n\n\n<p>Nesas d\u00faas aulas, existen nenos e nenas con discapacidade reco\u00f1ecida,\u00e9 dicir, que computan como doble ou triplo en funci\u00f3n do grado, como mencionei anteriormente. Polo tanto, eses desdobles est\u00e1n feitos dentro da legalidade. Remit\u00edmonos a lei que eles tanto promulgan e que a continuaci\u00f3n expo\u00f1o.<\/p>\n\n\n\n<p><em>A reduci\u00f3n das cocientes das etapas de educaci\u00f3n infantil e educaci\u00f3n primaria de 25 a 20 alumnos por aula e a de educaci\u00f3n secundaria obrigatoria e bacharelato a 25 e 30, respectivamente, favorecer\u00e1 a consecuci\u00f3n dos obxectivos destas etapas. Por outra banda, o feito de que cada alumno ou alumna cunha discapacidade reco\u00f1ecida igual ou superior ao 33&nbsp;%, ou cun grao I de dependencia acreditada ou cun trastorno grave da conduta acreditada compute, a efectos desta cociente, como dous, e que cada alumno ou alumna cunha discapacidade reco\u00f1ecida igual ou superior ao 65&nbsp;% ou cun grao II ou III de dependencia acreditada compute, a estes mesmos efectos da cociente, como tres, \u00e9 unha medida moi potente de aposta pola inclusi\u00f3n educativa, de atenci\u00f3n \u00e1 diversidade e de protecci\u00f3n das familias m\u00e1is desfavorecidas.<\/em><em><\/em><\/p>\n\n\n\n<p>O ano pasado, cont\u00e1bamos cun apoio en educaci\u00f3n infantil, dada a casu\u00edstica existente, cont\u00e1bamos cun mestre a tempo completo, este ano, \u00e9 medio titor para a clase de 3\u00ba e cont\u00e1bamos cun medio PT ( pedagox\u00eda terap\u00e9utica) para traballar con dous nenos con NEE, unha delas, a mi\u00f1a filla. Todo eso desapareceu.<\/p>\n\n\n\n<p>Cada curso aumentan as necesidades, cada vez hai m\u00e1is diversidade na aula, pero hai menos mestres de apoio. Isto non solo atinxe aos alumnos e alumnas con NEE, tam\u00e9n a aqueles que non te\u00f1en dificultades, xa que a atenci\u00f3n non va a ser a mesma. O centro Mestre Mart\u00ednez Alonso,sendo un centro de atenci\u00f3n preferente (instituci\u00f3n acad\u00e9mica para facilitar a normalizaci\u00f3n dos procesos de escolarizaci\u00f3n para alumnos e alumnas con necesidades especiais), conta con menos recursos que outro centro que non o \u00e9. O Claustro est\u00e1 saturado, est\u00e1 cansado e \u00e9 moi dif\u00edcil garantir unha educaci\u00f3n de calidade, cando os seus maiores representantes, atopan todas a portas pechadas.<\/p>\n\n\n\n<p>Despois de dous meses, seguimos igual, ben, non, a data do 27 de outubro, dende inspecci\u00f3n confirman que non va a enviar a ning\u00fan profesor m\u00e1is, nin medio, nin enteiro.<\/p>\n\n\n\n<p>Mentres,o noso Conselleiro de Educaci\u00f3n segue facendo propaganda enganosa do ben que funciona o noso sistema educativo.<\/p>\n\n\n\n<p>Volveremos a loitar como xa fixeron os nosos pais e av\u00f3s, todo por eles, polos nosos nenos e nenas, con necesidades ou sen elas, porque a EDUCACI\u00d3N P\u00daBLICA \u00c9 UN DEREITO E NON UN PRIVILEXIO.<\/p>\n\n\n\n<p>Atentamente<\/p>\n\n\n\n<p>Montse Rodr\u00edguez Garc\u00eda.<\/p>\n","protected":false},"excerpt":{"rendered":"<div class=\"mh-excerpt\"><p>Tras varias semanas d\u00e1ndolle unha e mil voltas, decid\u00edn, escribir esta carta, non solo para manifestar o meu pesar, desanimo e anoxo, cara o que considero unha inxustiza e infamia de cara o que eu m\u00e1is quero, os meus fillos, sen\u00f3n tam\u00e9n para manifestar a situaci\u00f3n l\u00edmite da EDUCACI\u00d3N P\u00daBLICA <a class=\"mh-excerpt-more\" href=\"https:\/\/www.anovapeneira.gal\/index.php\/2025\/11\/04\/carta-ao-director\/\" title=\"Carta ao director\">[&#8230;]<\/a><\/p>\n<\/div>","protected":false},"author":12,"featured_media":584,"comment_status":"open","ping_status":"open","sticky":false,"template":"","format":"standard","meta":{"_exactmetrics_skip_tracking":false,"_exactmetrics_sitenote_active":false,"_exactmetrics_sitenote_note":"","_exactmetrics_sitenote_category":0,"footnotes":""},"categories":[7],"tags":[],"class_list":{"0":"post-14883","1":"post","2":"type-post","3":"status-publish","4":"format-standard","5":"has-post-thumbnail","7":"category-artigos-de-opinion"},"yoast_head":"<!-- This site is optimized with the Yoast SEO plugin v27.4 - https:\/\/yoast.com\/product\/yoast-seo-wordpress\/ -->\n<title>Carta ao director -<\/title>\n<meta name=\"robots\" content=\"index, follow, max-snippet:-1, max-image-preview:large, max-video-preview:-1\" \/>\n<link rel=\"canonical\" href=\"https:\/\/www.anovapeneira.gal\/index.php\/2025\/11\/04\/carta-ao-director\/\" \/>\n<meta property=\"og:locale\" content=\"gl_ES\" \/>\n<meta property=\"og:type\" content=\"article\" \/>\n<meta property=\"og:title\" content=\"Carta ao director -\" \/>\n<meta property=\"og:description\" content=\"Tras varias semanas d\u00e1ndolle unha e mil voltas, decid\u00edn, escribir esta carta, non solo para manifestar o meu pesar, desanimo e anoxo, cara o que considero unha inxustiza e infamia de cara o que eu m\u00e1is quero, os meus fillos, sen\u00f3n tam\u00e9n para manifestar a situaci\u00f3n l\u00edmite da EDUCACI\u00d3N P\u00daBLICA [...]\" \/>\n<meta property=\"og:url\" content=\"https:\/\/www.anovapeneira.gal\/index.php\/2025\/11\/04\/carta-ao-director\/\" \/>\n<meta property=\"article:publisher\" content=\"https:\/\/www.facebook.com\/anovapeneira\" \/>\n<meta property=\"article:published_time\" content=\"2025-11-04T09:00:17+00:00\" \/>\n<meta property=\"og:image\" content=\"https:\/\/www.anovapeneira.gal\/wp-content\/uploads\/2019\/07\/ARTIGO_DE_OPINION_A_NOVA_PENEIRA.jpg\" \/>\n\t<meta property=\"og:image:width\" content=\"720\" \/>\n\t<meta property=\"og:image:height\" content=\"473\" \/>\n\t<meta property=\"og:image:type\" content=\"image\/jpeg\" \/>\n<meta name=\"author\" content=\"Artigos Opini\u00f3n\" \/>\n<meta name=\"twitter:card\" content=\"summary_large_image\" \/>\n<meta name=\"twitter:creator\" content=\"@APeneira\" \/>\n<meta name=\"twitter:site\" content=\"@APeneira\" \/>\n<meta name=\"twitter:label1\" content=\"Escrito por\" \/>\n\t<meta name=\"twitter:data1\" content=\"Artigos Opini\u00f3n\" \/>\n\t<meta name=\"twitter:label2\" content=\"Tempo de lectura\" \/>\n\t<meta name=\"twitter:data2\" content=\"4 minutos\" \/>\n<script type=\"application\/ld+json\" class=\"yoast-schema-graph\">{\"@context\":\"https:\\\/\\\/schema.org\",\"@graph\":[{\"@type\":\"Article\",\"@id\":\"https:\\\/\\\/www.anovapeneira.gal\\\/index.php\\\/2025\\\/11\\\/04\\\/carta-ao-director\\\/#article\",\"isPartOf\":{\"@id\":\"https:\\\/\\\/www.anovapeneira.gal\\\/index.php\\\/2025\\\/11\\\/04\\\/carta-ao-director\\\/\"},\"author\":{\"name\":\"Artigos Opini\u00f3n\",\"@id\":\"https:\\\/\\\/www.anovapeneira.gal\\\/#\\\/schema\\\/person\\\/f18a4feb302e8f20bcef4490b5b60bb3\"},\"headline\":\"Carta ao director\",\"datePublished\":\"2025-11-04T09:00:17+00:00\",\"mainEntityOfPage\":{\"@id\":\"https:\\\/\\\/www.anovapeneira.gal\\\/index.php\\\/2025\\\/11\\\/04\\\/carta-ao-director\\\/\"},\"wordCount\":717,\"commentCount\":0,\"publisher\":{\"@id\":\"https:\\\/\\\/www.anovapeneira.gal\\\/#organization\"},\"image\":{\"@id\":\"https:\\\/\\\/www.anovapeneira.gal\\\/index.php\\\/2025\\\/11\\\/04\\\/carta-ao-director\\\/#primaryimage\"},\"thumbnailUrl\":\"https:\\\/\\\/www.anovapeneira.gal\\\/wp-content\\\/uploads\\\/2019\\\/07\\\/ARTIGO_DE_OPINION_A_NOVA_PENEIRA.jpg\",\"articleSection\":[\"Artigos de opini\u00f3n\"],\"inLanguage\":\"gl-ES\",\"potentialAction\":[{\"@type\":\"CommentAction\",\"name\":\"Comment\",\"target\":[\"https:\\\/\\\/www.anovapeneira.gal\\\/index.php\\\/2025\\\/11\\\/04\\\/carta-ao-director\\\/#respond\"]}]},{\"@type\":\"WebPage\",\"@id\":\"https:\\\/\\\/www.anovapeneira.gal\\\/index.php\\\/2025\\\/11\\\/04\\\/carta-ao-director\\\/\",\"url\":\"https:\\\/\\\/www.anovapeneira.gal\\\/index.php\\\/2025\\\/11\\\/04\\\/carta-ao-director\\\/\",\"name\":\"Carta ao director -\",\"isPartOf\":{\"@id\":\"https:\\\/\\\/www.anovapeneira.gal\\\/#website\"},\"primaryImageOfPage\":{\"@id\":\"https:\\\/\\\/www.anovapeneira.gal\\\/index.php\\\/2025\\\/11\\\/04\\\/carta-ao-director\\\/#primaryimage\"},\"image\":{\"@id\":\"https:\\\/\\\/www.anovapeneira.gal\\\/index.php\\\/2025\\\/11\\\/04\\\/carta-ao-director\\\/#primaryimage\"},\"thumbnailUrl\":\"https:\\\/\\\/www.anovapeneira.gal\\\/wp-content\\\/uploads\\\/2019\\\/07\\\/ARTIGO_DE_OPINION_A_NOVA_PENEIRA.jpg\",\"datePublished\":\"2025-11-04T09:00:17+00:00\",\"breadcrumb\":{\"@id\":\"https:\\\/\\\/www.anovapeneira.gal\\\/index.php\\\/2025\\\/11\\\/04\\\/carta-ao-director\\\/#breadcrumb\"},\"inLanguage\":\"gl-ES\",\"potentialAction\":[{\"@type\":\"ReadAction\",\"target\":[\"https:\\\/\\\/www.anovapeneira.gal\\\/index.php\\\/2025\\\/11\\\/04\\\/carta-ao-director\\\/\"]}]},{\"@type\":\"ImageObject\",\"inLanguage\":\"gl-ES\",\"@id\":\"https:\\\/\\\/www.anovapeneira.gal\\\/index.php\\\/2025\\\/11\\\/04\\\/carta-ao-director\\\/#primaryimage\",\"url\":\"https:\\\/\\\/www.anovapeneira.gal\\\/wp-content\\\/uploads\\\/2019\\\/07\\\/ARTIGO_DE_OPINION_A_NOVA_PENEIRA.jpg\",\"contentUrl\":\"https:\\\/\\\/www.anovapeneira.gal\\\/wp-content\\\/uploads\\\/2019\\\/07\\\/ARTIGO_DE_OPINION_A_NOVA_PENEIRA.jpg\",\"width\":720,\"height\":473,\"caption\":\"Artigo de opini\u00f3n A Nova Peneira\"},{\"@type\":\"BreadcrumbList\",\"@id\":\"https:\\\/\\\/www.anovapeneira.gal\\\/index.php\\\/2025\\\/11\\\/04\\\/carta-ao-director\\\/#breadcrumb\",\"itemListElement\":[{\"@type\":\"ListItem\",\"position\":1,\"name\":\"Portada\",\"item\":\"https:\\\/\\\/www.anovapeneira.gal\\\/\"},{\"@type\":\"ListItem\",\"position\":2,\"name\":\"Carta ao director\"}]},{\"@type\":\"WebSite\",\"@id\":\"https:\\\/\\\/www.anovapeneira.gal\\\/#website\",\"url\":\"https:\\\/\\\/www.anovapeneira.gal\\\/\",\"name\":\"\",\"description\":\"Xornal galego de informaci\u00f3n xeral Publicaci\u00f3n mensual de novas de Galicia e en especial dos Concellos da sur da provincia de Pontevedra.\",\"publisher\":{\"@id\":\"https:\\\/\\\/www.anovapeneira.gal\\\/#organization\"},\"potentialAction\":[{\"@type\":\"SearchAction\",\"target\":{\"@type\":\"EntryPoint\",\"urlTemplate\":\"https:\\\/\\\/www.anovapeneira.gal\\\/?s={search_term_string}\"},\"query-input\":{\"@type\":\"PropertyValueSpecification\",\"valueRequired\":true,\"valueName\":\"search_term_string\"}}],\"inLanguage\":\"gl-ES\"},{\"@type\":\"Organization\",\"@id\":\"https:\\\/\\\/www.anovapeneira.gal\\\/#organization\",\"name\":\"A Nova Peneira\",\"url\":\"https:\\\/\\\/www.anovapeneira.gal\\\/\",\"logo\":{\"@type\":\"ImageObject\",\"inLanguage\":\"gl-ES\",\"@id\":\"https:\\\/\\\/www.anovapeneira.gal\\\/#\\\/schema\\\/logo\\\/image\\\/\",\"url\":\"http:\\\/\\\/www.anovapeneira.gal\\\/wp-content\\\/uploads\\\/2019\\\/06\\\/logo_a_nova_peneira_portal_web.png\",\"contentUrl\":\"http:\\\/\\\/www.anovapeneira.gal\\\/wp-content\\\/uploads\\\/2019\\\/06\\\/logo_a_nova_peneira_portal_web.png\",\"width\":300,\"height\":100,\"caption\":\"A Nova Peneira\"},\"image\":{\"@id\":\"https:\\\/\\\/www.anovapeneira.gal\\\/#\\\/schema\\\/logo\\\/image\\\/\"},\"sameAs\":[\"https:\\\/\\\/www.facebook.com\\\/anovapeneira\",\"https:\\\/\\\/x.com\\\/APeneira\"]},{\"@type\":\"Person\",\"@id\":\"https:\\\/\\\/www.anovapeneira.gal\\\/#\\\/schema\\\/person\\\/f18a4feb302e8f20bcef4490b5b60bb3\",\"name\":\"Artigos Opini\u00f3n\",\"image\":{\"@type\":\"ImageObject\",\"inLanguage\":\"gl-ES\",\"@id\":\"https:\\\/\\\/secure.gravatar.com\\\/avatar\\\/072844300f4881150aee2da4278f7a65d16eefdf8262eb67085f1e702de2b959?s=96&d=mm&r=g\",\"url\":\"https:\\\/\\\/secure.gravatar.com\\\/avatar\\\/072844300f4881150aee2da4278f7a65d16eefdf8262eb67085f1e702de2b959?s=96&d=mm&r=g\",\"contentUrl\":\"https:\\\/\\\/secure.gravatar.com\\\/avatar\\\/072844300f4881150aee2da4278f7a65d16eefdf8262eb67085f1e702de2b959?s=96&d=mm&r=g\",\"caption\":\"Artigos Opini\u00f3n\"},\"sameAs\":[\"http:\\\/\\\/anovapeneira.gal\"],\"url\":\"https:\\\/\\\/www.anovapeneira.gal\\\/index.php\\\/author\\\/artigosopinion\\\/\"}]}<\/script>\n<!-- \/ Yoast SEO plugin. -->","yoast_head_json":{"title":"Carta ao director -","robots":{"index":"index","follow":"follow","max-snippet":"max-snippet:-1","max-image-preview":"max-image-preview:large","max-video-preview":"max-video-preview:-1"},"canonical":"https:\/\/www.anovapeneira.gal\/index.php\/2025\/11\/04\/carta-ao-director\/","og_locale":"gl_ES","og_type":"article","og_title":"Carta ao director -","og_description":"Tras varias semanas d\u00e1ndolle unha e mil voltas, decid\u00edn, escribir esta carta, non solo para manifestar o meu pesar, desanimo e anoxo, cara o que considero unha inxustiza e infamia de cara o que eu m\u00e1is quero, os meus fillos, sen\u00f3n tam\u00e9n para manifestar a situaci\u00f3n l\u00edmite da EDUCACI\u00d3N P\u00daBLICA [...]","og_url":"https:\/\/www.anovapeneira.gal\/index.php\/2025\/11\/04\/carta-ao-director\/","article_publisher":"https:\/\/www.facebook.com\/anovapeneira","article_published_time":"2025-11-04T09:00:17+00:00","og_image":[{"width":720,"height":473,"url":"https:\/\/www.anovapeneira.gal\/wp-content\/uploads\/2019\/07\/ARTIGO_DE_OPINION_A_NOVA_PENEIRA.jpg","type":"image\/jpeg"}],"author":"Artigos Opini\u00f3n","twitter_card":"summary_large_image","twitter_creator":"@APeneira","twitter_site":"@APeneira","twitter_misc":{"Escrito por":"Artigos Opini\u00f3n","Tempo de lectura":"4 minutos"},"schema":{"@context":"https:\/\/schema.org","@graph":[{"@type":"Article","@id":"https:\/\/www.anovapeneira.gal\/index.php\/2025\/11\/04\/carta-ao-director\/#article","isPartOf":{"@id":"https:\/\/www.anovapeneira.gal\/index.php\/2025\/11\/04\/carta-ao-director\/"},"author":{"name":"Artigos Opini\u00f3n","@id":"https:\/\/www.anovapeneira.gal\/#\/schema\/person\/f18a4feb302e8f20bcef4490b5b60bb3"},"headline":"Carta ao director","datePublished":"2025-11-04T09:00:17+00:00","mainEntityOfPage":{"@id":"https:\/\/www.anovapeneira.gal\/index.php\/2025\/11\/04\/carta-ao-director\/"},"wordCount":717,"commentCount":0,"publisher":{"@id":"https:\/\/www.anovapeneira.gal\/#organization"},"image":{"@id":"https:\/\/www.anovapeneira.gal\/index.php\/2025\/11\/04\/carta-ao-director\/#primaryimage"},"thumbnailUrl":"https:\/\/www.anovapeneira.gal\/wp-content\/uploads\/2019\/07\/ARTIGO_DE_OPINION_A_NOVA_PENEIRA.jpg","articleSection":["Artigos de opini\u00f3n"],"inLanguage":"gl-ES","potentialAction":[{"@type":"CommentAction","name":"Comment","target":["https:\/\/www.anovapeneira.gal\/index.php\/2025\/11\/04\/carta-ao-director\/#respond"]}]},{"@type":"WebPage","@id":"https:\/\/www.anovapeneira.gal\/index.php\/2025\/11\/04\/carta-ao-director\/","url":"https:\/\/www.anovapeneira.gal\/index.php\/2025\/11\/04\/carta-ao-director\/","name":"Carta ao director -","isPartOf":{"@id":"https:\/\/www.anovapeneira.gal\/#website"},"primaryImageOfPage":{"@id":"https:\/\/www.anovapeneira.gal\/index.php\/2025\/11\/04\/carta-ao-director\/#primaryimage"},"image":{"@id":"https:\/\/www.anovapeneira.gal\/index.php\/2025\/11\/04\/carta-ao-director\/#primaryimage"},"thumbnailUrl":"https:\/\/www.anovapeneira.gal\/wp-content\/uploads\/2019\/07\/ARTIGO_DE_OPINION_A_NOVA_PENEIRA.jpg","datePublished":"2025-11-04T09:00:17+00:00","breadcrumb":{"@id":"https:\/\/www.anovapeneira.gal\/index.php\/2025\/11\/04\/carta-ao-director\/#breadcrumb"},"inLanguage":"gl-ES","potentialAction":[{"@type":"ReadAction","target":["https:\/\/www.anovapeneira.gal\/index.php\/2025\/11\/04\/carta-ao-director\/"]}]},{"@type":"ImageObject","inLanguage":"gl-ES","@id":"https:\/\/www.anovapeneira.gal\/index.php\/2025\/11\/04\/carta-ao-director\/#primaryimage","url":"https:\/\/www.anovapeneira.gal\/wp-content\/uploads\/2019\/07\/ARTIGO_DE_OPINION_A_NOVA_PENEIRA.jpg","contentUrl":"https:\/\/www.anovapeneira.gal\/wp-content\/uploads\/2019\/07\/ARTIGO_DE_OPINION_A_NOVA_PENEIRA.jpg","width":720,"height":473,"caption":"Artigo de opini\u00f3n A Nova Peneira"},{"@type":"BreadcrumbList","@id":"https:\/\/www.anovapeneira.gal\/index.php\/2025\/11\/04\/carta-ao-director\/#breadcrumb","itemListElement":[{"@type":"ListItem","position":1,"name":"Portada","item":"https:\/\/www.anovapeneira.gal\/"},{"@type":"ListItem","position":2,"name":"Carta ao director"}]},{"@type":"WebSite","@id":"https:\/\/www.anovapeneira.gal\/#website","url":"https:\/\/www.anovapeneira.gal\/","name":"","description":"Xornal galego de informaci\u00f3n xeral Publicaci\u00f3n mensual de novas de Galicia e en especial dos Concellos da sur da provincia de Pontevedra.","publisher":{"@id":"https:\/\/www.anovapeneira.gal\/#organization"},"potentialAction":[{"@type":"SearchAction","target":{"@type":"EntryPoint","urlTemplate":"https:\/\/www.anovapeneira.gal\/?s={search_term_string}"},"query-input":{"@type":"PropertyValueSpecification","valueRequired":true,"valueName":"search_term_string"}}],"inLanguage":"gl-ES"},{"@type":"Organization","@id":"https:\/\/www.anovapeneira.gal\/#organization","name":"A Nova Peneira","url":"https:\/\/www.anovapeneira.gal\/","logo":{"@type":"ImageObject","inLanguage":"gl-ES","@id":"https:\/\/www.anovapeneira.gal\/#\/schema\/logo\/image\/","url":"http:\/\/www.anovapeneira.gal\/wp-content\/uploads\/2019\/06\/logo_a_nova_peneira_portal_web.png","contentUrl":"http:\/\/www.anovapeneira.gal\/wp-content\/uploads\/2019\/06\/logo_a_nova_peneira_portal_web.png","width":300,"height":100,"caption":"A Nova Peneira"},"image":{"@id":"https:\/\/www.anovapeneira.gal\/#\/schema\/logo\/image\/"},"sameAs":["https:\/\/www.facebook.com\/anovapeneira","https:\/\/x.com\/APeneira"]},{"@type":"Person","@id":"https:\/\/www.anovapeneira.gal\/#\/schema\/person\/f18a4feb302e8f20bcef4490b5b60bb3","name":"Artigos Opini\u00f3n","image":{"@type":"ImageObject","inLanguage":"gl-ES","@id":"https:\/\/secure.gravatar.com\/avatar\/072844300f4881150aee2da4278f7a65d16eefdf8262eb67085f1e702de2b959?s=96&d=mm&r=g","url":"https:\/\/secure.gravatar.com\/avatar\/072844300f4881150aee2da4278f7a65d16eefdf8262eb67085f1e702de2b959?s=96&d=mm&r=g","contentUrl":"https:\/\/secure.gravatar.com\/avatar\/072844300f4881150aee2da4278f7a65d16eefdf8262eb67085f1e702de2b959?s=96&d=mm&r=g","caption":"Artigos Opini\u00f3n"},"sameAs":["http:\/\/anovapeneira.gal"],"url":"https:\/\/www.anovapeneira.gal\/index.php\/author\/artigosopinion\/"}]}},"jetpack_featured_media_url":"https:\/\/www.anovapeneira.gal\/wp-content\/uploads\/2019\/07\/ARTIGO_DE_OPINION_A_NOVA_PENEIRA.jpg","_links":{"self":[{"href":"https:\/\/www.anovapeneira.gal\/index.php\/wp-json\/wp\/v2\/posts\/14883","targetHints":{"allow":["GET"]}}],"collection":[{"href":"https:\/\/www.anovapeneira.gal\/index.php\/wp-json\/wp\/v2\/posts"}],"about":[{"href":"https:\/\/www.anovapeneira.gal\/index.php\/wp-json\/wp\/v2\/types\/post"}],"author":[{"embeddable":true,"href":"https:\/\/www.anovapeneira.gal\/index.php\/wp-json\/wp\/v2\/users\/12"}],"replies":[{"embeddable":true,"href":"https:\/\/www.anovapeneira.gal\/index.php\/wp-json\/wp\/v2\/comments?post=14883"}],"version-history":[{"count":1,"href":"https:\/\/www.anovapeneira.gal\/index.php\/wp-json\/wp\/v2\/posts\/14883\/revisions"}],"predecessor-version":[{"id":14884,"href":"https:\/\/www.anovapeneira.gal\/index.php\/wp-json\/wp\/v2\/posts\/14883\/revisions\/14884"}],"wp:featuredmedia":[{"embeddable":true,"href":"https:\/\/www.anovapeneira.gal\/index.php\/wp-json\/wp\/v2\/media\/584"}],"wp:attachment":[{"href":"https:\/\/www.anovapeneira.gal\/index.php\/wp-json\/wp\/v2\/media?parent=14883"}],"wp:term":[{"taxonomy":"category","embeddable":true,"href":"https:\/\/www.anovapeneira.gal\/index.php\/wp-json\/wp\/v2\/categories?post=14883"},{"taxonomy":"post_tag","embeddable":true,"href":"https:\/\/www.anovapeneira.gal\/index.php\/wp-json\/wp\/v2\/tags?post=14883"}],"curies":[{"name":"wp","href":"https:\/\/api.w.org\/{rel}","templated":true}]}}