{"id":14885,"date":"2025-11-05T10:00:57","date_gmt":"2025-11-05T09:00:57","guid":{"rendered":"https:\/\/www.anovapeneira.gal\/?p=14885"},"modified":"2025-11-02T08:59:17","modified_gmt":"2025-11-02T07:59:17","slug":"a-orgaccmm-denuncia-que-a-medio-rural-non-lle-preocupa-moito-acabar-coslumes-no-territorio","status":"publish","type":"post","link":"https:\/\/www.anovapeneira.gal\/index.php\/2025\/11\/05\/a-orgaccmm-denuncia-que-a-medio-rural-non-lle-preocupa-moito-acabar-coslumes-no-territorio\/","title":{"rendered":"A ORGACCMM denuncia que a Medio Rural non lle preocupa moito acabar coslumes no territorio"},"content":{"rendered":"\n<h2 class=\"wp-block-heading\"><strong>A Organizaci\u00f3n Galega de Comunidade de Montes (ORGACCMM) denuncia que \u00e1 Conseller\u00eda de Medio Rural semella que non lle preocupa moito acabar cos lumes no territorio.<\/strong><\/h2>\n\n\n\n<p>A Organizaci\u00f3n Galega de Comunidade de Montes sinala quelogo da traxedia social, econ\u00f3mica, medioambiental e cultural que si\u00f1ificaron para o territorio, e para as persoas que nel habitan, a vaga de lumes que tivo lugar este ver\u00e1n na que, segundo alg\u00fans datos, queimaronse&nbsp; m\u00e1s de 200.000 hect\u00e1reas do territorio, \u00e1 Conseller\u00eda do Medio Rural semella que non lle preocupa moito rematar cos lumes do territorio. \u201cDa a impresi\u00f3n que consideran que estes lumes son algo as\u00ed como unha plaga b\u00edblica que asolar\u00e1n inevitablemente o territorio galego ano tras ano\u201d, denuncia o presidente da ORGACCMM.<\/p>\n\n\n\n<p>Para a organizaci\u00f3n galega de montes veci\u00f1ais s\u00f3 desde esta perspectiva fatalista p\u00f3dese entender que hai uns dias, a conselleira do Medio Rural anunciase que as medidas que vai tomar para combater os lumes do territorio o ano que ven van ser incrementar o orzamento para a prevenci\u00f3n dos lumes (mais non indica en que vai a consistir esta prevenci\u00f3n) e incrementar o tempo de traballo do persoal do servizo de loita contra os lumes. Medidas aca\u00eddas, pero claramente insuficentes para a ORGACCMM: \u201cSe ante un problema concreto, se aplican unhas medidas que se amosan ineficaces por si soas, e ano tras ano se insiste nas mesmas medidas, fica claro que o problema convirtirase en perpetuo\u201d.<\/p>\n\n\n\n<p>Dende a Organizaci\u00f3n Galega de Comunidades de Montes afirman que semella que a Conseller\u00eda do Medio Rural non ten moita preocupaci\u00f3n por rematar cos lumes do territorio. E afirman isto porque nas medidas anunciadas, hai uns dias pola conselleira do Medio Rural, para combater os lumes para o vindeiro ano, nada fala de tomar medidas para ir eliminando as causas estruturais que provocan os lumes do territorio. Causas estruturais como son a forestaci\u00f3n salvaxe do terrritorio, o bicultivo forestal con especies pir\u00f3fitas, a non rotura da continuidade das masas boscosas e o abandono e despoboaci\u00f3n do rural galego.<\/p>\n\n\n\n<p>Denuncian que o que fai a Conseller\u00eda do Medio Rural \u00e9 totalmente o contrario ao que necesita o rural galego. As\u00ed aprobar\u00e1 unha nova moratoria para as plantaci\u00f3ns de&nbsp; eucalipto que vai significar un novo incremento do territorio galego adicado a esta especie forestal. Ademais a Conseller\u00eda pretente elaborar unha nova lei de montes veci\u00f1ais para poder privatizar a xesti\u00f3n do monte veci\u00f1al. \u201cA xesti\u00f3n asemblearia veci\u00f1al non \u00e9 o problema, de feito os montes veci\u00f1ais menos multifuncionais e sustentabeis son aqueles que estan xestionados pola propia Conseller\u00eda do Medio Rural mediante convenios ou consorcios\u201d, recalcan desde la Organizaci\u00f3n Galega de Comunidades de Montes.<\/p>\n\n\n\n<p>Desde a ORGACCMM lembran que o que aconteceu este ano coa li\u00f1a de axudas para a prevenci\u00f3n e loita contra os lumes non pode volver repetirse. Este ano, estas axudas non foron aprobadasa tempo e os traballos de prevenci\u00f3n que se ti\u00f1an que facer nos montes veci\u00f1ais, quedaron sen realizar. Hai varios meses&nbsp; a Conseller\u00eda anunciou que se incrementaba o orzamento para estas axudas para este ano en curso, pero agora resulta que pasar\u00e1 esta axuda ao orzamento para o vindeiro ano. Por tanto, p\u00e9rdese un ano enteiro nos traballos de prevenci\u00f3n dos lumes e os montes veci\u00f1ais quedar\u00e1n m\u00e1is expostos aos lumes forestais o ano que ven por mor da mala xesti\u00f3n da Conseller\u00eda do Medio Rural.&nbsp;&nbsp;<\/p>\n","protected":false},"excerpt":{"rendered":"<div class=\"mh-excerpt\"><p>A Organizaci\u00f3n Galega de Comunidade de Montes (ORGACCMM) denuncia que\u00e1 Conseller\u00eda de Medio Rural semella que non lle preocupa moito acabarcos lumes no territorio <a class=\"mh-excerpt-more\" href=\"https:\/\/www.anovapeneira.gal\/index.php\/2025\/11\/05\/a-orgaccmm-denuncia-que-a-medio-rural-non-lle-preocupa-moito-acabar-coslumes-no-territorio\/\" title=\"A ORGACCMM denuncia que a Medio Rural non lle preocupa moito acabar coslumes no territorio\">[&#8230;]<\/a><\/p>\n<\/div>","protected":false},"author":3,"featured_media":14886,"comment_status":"open","ping_status":"open","sticky":false,"template":"","format":"standard","meta":{"_exactmetrics_skip_tracking":false,"_exactmetrics_sitenote_active":false,"_exactmetrics_sitenote_note":"","_exactmetrics_sitenote_category":0,"footnotes":""},"categories":[263],"tags":[],"class_list":{"0":"post-14885","1":"post","2":"type-post","3":"status-publish","4":"format-standard","5":"has-post-thumbnail","7":"category-novas"},"yoast_head":"<!-- This site is optimized with the Yoast SEO plugin v27.5 - https:\/\/yoast.com\/product\/yoast-seo-wordpress\/ -->\n<title>A ORGACCMM denuncia que a Medio Rural non lle preocupa moito acabar coslumes no territorio -<\/title>\n<meta name=\"robots\" content=\"index, follow, max-snippet:-1, max-image-preview:large, max-video-preview:-1\" \/>\n<link rel=\"canonical\" href=\"https:\/\/www.anovapeneira.gal\/index.php\/2025\/11\/05\/a-orgaccmm-denuncia-que-a-medio-rural-non-lle-preocupa-moito-acabar-coslumes-no-territorio\/\" \/>\n<meta property=\"og:locale\" content=\"gl_ES\" \/>\n<meta property=\"og:type\" content=\"article\" \/>\n<meta property=\"og:title\" content=\"A ORGACCMM denuncia que a Medio Rural non lle preocupa moito acabar coslumes no territorio -\" \/>\n<meta property=\"og:description\" content=\"A Organizaci\u00f3n Galega de Comunidade de Montes (ORGACCMM) denuncia que\u00e1 Conseller\u00eda de Medio Rural semella que non lle preocupa moito acabarcos lumes no territorio [...]\" \/>\n<meta property=\"og:url\" content=\"https:\/\/www.anovapeneira.gal\/index.php\/2025\/11\/05\/a-orgaccmm-denuncia-que-a-medio-rural-non-lle-preocupa-moito-acabar-coslumes-no-territorio\/\" \/>\n<meta property=\"article:publisher\" content=\"https:\/\/www.facebook.com\/anovapeneira\" \/>\n<meta property=\"article:published_time\" content=\"2025-11-05T09:00:57+00:00\" \/>\n<meta property=\"og:image\" content=\"https:\/\/www.anovapeneira.gal\/wp-content\/uploads\/2025\/10\/orgaccmm.jpg\" \/>\n\t<meta property=\"og:image:width\" content=\"280\" \/>\n\t<meta property=\"og:image:height\" content=\"168\" \/>\n\t<meta property=\"og:image:type\" content=\"image\/jpeg\" \/>\n<meta name=\"author\" content=\"Redacci\u00f3n A Nova Peneira\" \/>\n<meta name=\"twitter:card\" content=\"summary_large_image\" \/>\n<meta name=\"twitter:creator\" content=\"@APeneira\" \/>\n<meta name=\"twitter:site\" content=\"@APeneira\" \/>\n<meta name=\"twitter:label1\" content=\"Escrito por\" \/>\n\t<meta name=\"twitter:data1\" content=\"Redacci\u00f3n A Nova Peneira\" \/>\n\t<meta name=\"twitter:label2\" content=\"Tempo de lectura\" \/>\n\t<meta name=\"twitter:data2\" content=\"4 minutos\" \/>\n<script type=\"application\/ld+json\" class=\"yoast-schema-graph\">{\"@context\":\"https:\\\/\\\/schema.org\",\"@graph\":[{\"@type\":\"Article\",\"@id\":\"https:\\\/\\\/www.anovapeneira.gal\\\/index.php\\\/2025\\\/11\\\/05\\\/a-orgaccmm-denuncia-que-a-medio-rural-non-lle-preocupa-moito-acabar-coslumes-no-territorio\\\/#article\",\"isPartOf\":{\"@id\":\"https:\\\/\\\/www.anovapeneira.gal\\\/index.php\\\/2025\\\/11\\\/05\\\/a-orgaccmm-denuncia-que-a-medio-rural-non-lle-preocupa-moito-acabar-coslumes-no-territorio\\\/\"},\"author\":{\"name\":\"Redacci\u00f3n A Nova Peneira\",\"@id\":\"https:\\\/\\\/www.anovapeneira.gal\\\/#\\\/schema\\\/person\\\/b93e3f8932e3f8da96334607eb6ac6aa\"},\"headline\":\"A ORGACCMM denuncia que a Medio Rural non lle preocupa moito acabar coslumes no territorio\",\"datePublished\":\"2025-11-05T09:00:57+00:00\",\"mainEntityOfPage\":{\"@id\":\"https:\\\/\\\/www.anovapeneira.gal\\\/index.php\\\/2025\\\/11\\\/05\\\/a-orgaccmm-denuncia-que-a-medio-rural-non-lle-preocupa-moito-acabar-coslumes-no-territorio\\\/\"},\"wordCount\":620,\"commentCount\":0,\"publisher\":{\"@id\":\"https:\\\/\\\/www.anovapeneira.gal\\\/#organization\"},\"image\":{\"@id\":\"https:\\\/\\\/www.anovapeneira.gal\\\/index.php\\\/2025\\\/11\\\/05\\\/a-orgaccmm-denuncia-que-a-medio-rural-non-lle-preocupa-moito-acabar-coslumes-no-territorio\\\/#primaryimage\"},\"thumbnailUrl\":\"https:\\\/\\\/www.anovapeneira.gal\\\/wp-content\\\/uploads\\\/2025\\\/10\\\/orgaccmm.jpg\",\"articleSection\":[\"Novas\"],\"inLanguage\":\"gl-ES\",\"potentialAction\":[{\"@type\":\"CommentAction\",\"name\":\"Comment\",\"target\":[\"https:\\\/\\\/www.anovapeneira.gal\\\/index.php\\\/2025\\\/11\\\/05\\\/a-orgaccmm-denuncia-que-a-medio-rural-non-lle-preocupa-moito-acabar-coslumes-no-territorio\\\/#respond\"]}]},{\"@type\":\"WebPage\",\"@id\":\"https:\\\/\\\/www.anovapeneira.gal\\\/index.php\\\/2025\\\/11\\\/05\\\/a-orgaccmm-denuncia-que-a-medio-rural-non-lle-preocupa-moito-acabar-coslumes-no-territorio\\\/\",\"url\":\"https:\\\/\\\/www.anovapeneira.gal\\\/index.php\\\/2025\\\/11\\\/05\\\/a-orgaccmm-denuncia-que-a-medio-rural-non-lle-preocupa-moito-acabar-coslumes-no-territorio\\\/\",\"name\":\"A ORGACCMM denuncia que a Medio Rural non lle preocupa moito acabar coslumes no territorio -\",\"isPartOf\":{\"@id\":\"https:\\\/\\\/www.anovapeneira.gal\\\/#website\"},\"primaryImageOfPage\":{\"@id\":\"https:\\\/\\\/www.anovapeneira.gal\\\/index.php\\\/2025\\\/11\\\/05\\\/a-orgaccmm-denuncia-que-a-medio-rural-non-lle-preocupa-moito-acabar-coslumes-no-territorio\\\/#primaryimage\"},\"image\":{\"@id\":\"https:\\\/\\\/www.anovapeneira.gal\\\/index.php\\\/2025\\\/11\\\/05\\\/a-orgaccmm-denuncia-que-a-medio-rural-non-lle-preocupa-moito-acabar-coslumes-no-territorio\\\/#primaryimage\"},\"thumbnailUrl\":\"https:\\\/\\\/www.anovapeneira.gal\\\/wp-content\\\/uploads\\\/2025\\\/10\\\/orgaccmm.jpg\",\"datePublished\":\"2025-11-05T09:00:57+00:00\",\"breadcrumb\":{\"@id\":\"https:\\\/\\\/www.anovapeneira.gal\\\/index.php\\\/2025\\\/11\\\/05\\\/a-orgaccmm-denuncia-que-a-medio-rural-non-lle-preocupa-moito-acabar-coslumes-no-territorio\\\/#breadcrumb\"},\"inLanguage\":\"gl-ES\",\"potentialAction\":[{\"@type\":\"ReadAction\",\"target\":[\"https:\\\/\\\/www.anovapeneira.gal\\\/index.php\\\/2025\\\/11\\\/05\\\/a-orgaccmm-denuncia-que-a-medio-rural-non-lle-preocupa-moito-acabar-coslumes-no-territorio\\\/\"]}]},{\"@type\":\"ImageObject\",\"inLanguage\":\"gl-ES\",\"@id\":\"https:\\\/\\\/www.anovapeneira.gal\\\/index.php\\\/2025\\\/11\\\/05\\\/a-orgaccmm-denuncia-que-a-medio-rural-non-lle-preocupa-moito-acabar-coslumes-no-territorio\\\/#primaryimage\",\"url\":\"https:\\\/\\\/www.anovapeneira.gal\\\/wp-content\\\/uploads\\\/2025\\\/10\\\/orgaccmm.jpg\",\"contentUrl\":\"https:\\\/\\\/www.anovapeneira.gal\\\/wp-content\\\/uploads\\\/2025\\\/10\\\/orgaccmm.jpg\",\"width\":280,\"height\":168},{\"@type\":\"BreadcrumbList\",\"@id\":\"https:\\\/\\\/www.anovapeneira.gal\\\/index.php\\\/2025\\\/11\\\/05\\\/a-orgaccmm-denuncia-que-a-medio-rural-non-lle-preocupa-moito-acabar-coslumes-no-territorio\\\/#breadcrumb\",\"itemListElement\":[{\"@type\":\"ListItem\",\"position\":1,\"name\":\"Portada\",\"item\":\"https:\\\/\\\/www.anovapeneira.gal\\\/\"},{\"@type\":\"ListItem\",\"position\":2,\"name\":\"A ORGACCMM denuncia que a Medio Rural non lle preocupa moito acabar coslumes no territorio\"}]},{\"@type\":\"WebSite\",\"@id\":\"https:\\\/\\\/www.anovapeneira.gal\\\/#website\",\"url\":\"https:\\\/\\\/www.anovapeneira.gal\\\/\",\"name\":\"\",\"description\":\"Xornal galego de informaci\u00f3n xeral Publicaci\u00f3n mensual de novas de Galicia e en especial dos Concellos da sur da provincia de Pontevedra.\",\"publisher\":{\"@id\":\"https:\\\/\\\/www.anovapeneira.gal\\\/#organization\"},\"potentialAction\":[{\"@type\":\"SearchAction\",\"target\":{\"@type\":\"EntryPoint\",\"urlTemplate\":\"https:\\\/\\\/www.anovapeneira.gal\\\/?s={search_term_string}\"},\"query-input\":{\"@type\":\"PropertyValueSpecification\",\"valueRequired\":true,\"valueName\":\"search_term_string\"}}],\"inLanguage\":\"gl-ES\"},{\"@type\":\"Organization\",\"@id\":\"https:\\\/\\\/www.anovapeneira.gal\\\/#organization\",\"name\":\"A Nova Peneira\",\"url\":\"https:\\\/\\\/www.anovapeneira.gal\\\/\",\"logo\":{\"@type\":\"ImageObject\",\"inLanguage\":\"gl-ES\",\"@id\":\"https:\\\/\\\/www.anovapeneira.gal\\\/#\\\/schema\\\/logo\\\/image\\\/\",\"url\":\"http:\\\/\\\/www.anovapeneira.gal\\\/wp-content\\\/uploads\\\/2019\\\/06\\\/logo_a_nova_peneira_portal_web.png\",\"contentUrl\":\"http:\\\/\\\/www.anovapeneira.gal\\\/wp-content\\\/uploads\\\/2019\\\/06\\\/logo_a_nova_peneira_portal_web.png\",\"width\":300,\"height\":100,\"caption\":\"A Nova Peneira\"},\"image\":{\"@id\":\"https:\\\/\\\/www.anovapeneira.gal\\\/#\\\/schema\\\/logo\\\/image\\\/\"},\"sameAs\":[\"https:\\\/\\\/www.facebook.com\\\/anovapeneira\",\"https:\\\/\\\/x.com\\\/APeneira\"]},{\"@type\":\"Person\",\"@id\":\"https:\\\/\\\/www.anovapeneira.gal\\\/#\\\/schema\\\/person\\\/b93e3f8932e3f8da96334607eb6ac6aa\",\"name\":\"Redacci\u00f3n A Nova Peneira\",\"image\":{\"@type\":\"ImageObject\",\"inLanguage\":\"gl-ES\",\"@id\":\"https:\\\/\\\/secure.gravatar.com\\\/avatar\\\/c052a2551a06e23fac63626232eaa90abd78dbcf1700fc46a2b2c89fd27b735f?s=96&d=mm&r=g\",\"url\":\"https:\\\/\\\/secure.gravatar.com\\\/avatar\\\/c052a2551a06e23fac63626232eaa90abd78dbcf1700fc46a2b2c89fd27b735f?s=96&d=mm&r=g\",\"contentUrl\":\"https:\\\/\\\/secure.gravatar.com\\\/avatar\\\/c052a2551a06e23fac63626232eaa90abd78dbcf1700fc46a2b2c89fd27b735f?s=96&d=mm&r=g\",\"caption\":\"Redacci\u00f3n A Nova Peneira\"},\"sameAs\":[\"http:\\\/\\\/www.anovapeneira.gal\\\/\"],\"url\":\"https:\\\/\\\/www.anovapeneira.gal\\\/index.php\\\/author\\\/redactor\\\/\"}]}<\/script>\n<!-- \/ Yoast SEO plugin. -->","yoast_head_json":{"title":"A ORGACCMM denuncia que a Medio Rural non lle preocupa moito acabar coslumes no territorio -","robots":{"index":"index","follow":"follow","max-snippet":"max-snippet:-1","max-image-preview":"max-image-preview:large","max-video-preview":"max-video-preview:-1"},"canonical":"https:\/\/www.anovapeneira.gal\/index.php\/2025\/11\/05\/a-orgaccmm-denuncia-que-a-medio-rural-non-lle-preocupa-moito-acabar-coslumes-no-territorio\/","og_locale":"gl_ES","og_type":"article","og_title":"A ORGACCMM denuncia que a Medio Rural non lle preocupa moito acabar coslumes no territorio -","og_description":"A Organizaci\u00f3n Galega de Comunidade de Montes (ORGACCMM) denuncia que\u00e1 Conseller\u00eda de Medio Rural semella que non lle preocupa moito acabarcos lumes no territorio [...]","og_url":"https:\/\/www.anovapeneira.gal\/index.php\/2025\/11\/05\/a-orgaccmm-denuncia-que-a-medio-rural-non-lle-preocupa-moito-acabar-coslumes-no-territorio\/","article_publisher":"https:\/\/www.facebook.com\/anovapeneira","article_published_time":"2025-11-05T09:00:57+00:00","og_image":[{"width":280,"height":168,"url":"https:\/\/www.anovapeneira.gal\/wp-content\/uploads\/2025\/10\/orgaccmm.jpg","type":"image\/jpeg"}],"author":"Redacci\u00f3n A Nova Peneira","twitter_card":"summary_large_image","twitter_creator":"@APeneira","twitter_site":"@APeneira","twitter_misc":{"Escrito por":"Redacci\u00f3n A Nova Peneira","Tempo de lectura":"4 minutos"},"schema":{"@context":"https:\/\/schema.org","@graph":[{"@type":"Article","@id":"https:\/\/www.anovapeneira.gal\/index.php\/2025\/11\/05\/a-orgaccmm-denuncia-que-a-medio-rural-non-lle-preocupa-moito-acabar-coslumes-no-territorio\/#article","isPartOf":{"@id":"https:\/\/www.anovapeneira.gal\/index.php\/2025\/11\/05\/a-orgaccmm-denuncia-que-a-medio-rural-non-lle-preocupa-moito-acabar-coslumes-no-territorio\/"},"author":{"name":"Redacci\u00f3n A Nova Peneira","@id":"https:\/\/www.anovapeneira.gal\/#\/schema\/person\/b93e3f8932e3f8da96334607eb6ac6aa"},"headline":"A ORGACCMM denuncia que a Medio Rural non lle preocupa moito acabar coslumes no territorio","datePublished":"2025-11-05T09:00:57+00:00","mainEntityOfPage":{"@id":"https:\/\/www.anovapeneira.gal\/index.php\/2025\/11\/05\/a-orgaccmm-denuncia-que-a-medio-rural-non-lle-preocupa-moito-acabar-coslumes-no-territorio\/"},"wordCount":620,"commentCount":0,"publisher":{"@id":"https:\/\/www.anovapeneira.gal\/#organization"},"image":{"@id":"https:\/\/www.anovapeneira.gal\/index.php\/2025\/11\/05\/a-orgaccmm-denuncia-que-a-medio-rural-non-lle-preocupa-moito-acabar-coslumes-no-territorio\/#primaryimage"},"thumbnailUrl":"https:\/\/www.anovapeneira.gal\/wp-content\/uploads\/2025\/10\/orgaccmm.jpg","articleSection":["Novas"],"inLanguage":"gl-ES","potentialAction":[{"@type":"CommentAction","name":"Comment","target":["https:\/\/www.anovapeneira.gal\/index.php\/2025\/11\/05\/a-orgaccmm-denuncia-que-a-medio-rural-non-lle-preocupa-moito-acabar-coslumes-no-territorio\/#respond"]}]},{"@type":"WebPage","@id":"https:\/\/www.anovapeneira.gal\/index.php\/2025\/11\/05\/a-orgaccmm-denuncia-que-a-medio-rural-non-lle-preocupa-moito-acabar-coslumes-no-territorio\/","url":"https:\/\/www.anovapeneira.gal\/index.php\/2025\/11\/05\/a-orgaccmm-denuncia-que-a-medio-rural-non-lle-preocupa-moito-acabar-coslumes-no-territorio\/","name":"A ORGACCMM denuncia que a Medio Rural non lle preocupa moito acabar coslumes no territorio -","isPartOf":{"@id":"https:\/\/www.anovapeneira.gal\/#website"},"primaryImageOfPage":{"@id":"https:\/\/www.anovapeneira.gal\/index.php\/2025\/11\/05\/a-orgaccmm-denuncia-que-a-medio-rural-non-lle-preocupa-moito-acabar-coslumes-no-territorio\/#primaryimage"},"image":{"@id":"https:\/\/www.anovapeneira.gal\/index.php\/2025\/11\/05\/a-orgaccmm-denuncia-que-a-medio-rural-non-lle-preocupa-moito-acabar-coslumes-no-territorio\/#primaryimage"},"thumbnailUrl":"https:\/\/www.anovapeneira.gal\/wp-content\/uploads\/2025\/10\/orgaccmm.jpg","datePublished":"2025-11-05T09:00:57+00:00","breadcrumb":{"@id":"https:\/\/www.anovapeneira.gal\/index.php\/2025\/11\/05\/a-orgaccmm-denuncia-que-a-medio-rural-non-lle-preocupa-moito-acabar-coslumes-no-territorio\/#breadcrumb"},"inLanguage":"gl-ES","potentialAction":[{"@type":"ReadAction","target":["https:\/\/www.anovapeneira.gal\/index.php\/2025\/11\/05\/a-orgaccmm-denuncia-que-a-medio-rural-non-lle-preocupa-moito-acabar-coslumes-no-territorio\/"]}]},{"@type":"ImageObject","inLanguage":"gl-ES","@id":"https:\/\/www.anovapeneira.gal\/index.php\/2025\/11\/05\/a-orgaccmm-denuncia-que-a-medio-rural-non-lle-preocupa-moito-acabar-coslumes-no-territorio\/#primaryimage","url":"https:\/\/www.anovapeneira.gal\/wp-content\/uploads\/2025\/10\/orgaccmm.jpg","contentUrl":"https:\/\/www.anovapeneira.gal\/wp-content\/uploads\/2025\/10\/orgaccmm.jpg","width":280,"height":168},{"@type":"BreadcrumbList","@id":"https:\/\/www.anovapeneira.gal\/index.php\/2025\/11\/05\/a-orgaccmm-denuncia-que-a-medio-rural-non-lle-preocupa-moito-acabar-coslumes-no-territorio\/#breadcrumb","itemListElement":[{"@type":"ListItem","position":1,"name":"Portada","item":"https:\/\/www.anovapeneira.gal\/"},{"@type":"ListItem","position":2,"name":"A ORGACCMM denuncia que a Medio Rural non lle preocupa moito acabar coslumes no territorio"}]},{"@type":"WebSite","@id":"https:\/\/www.anovapeneira.gal\/#website","url":"https:\/\/www.anovapeneira.gal\/","name":"","description":"Xornal galego de informaci\u00f3n xeral Publicaci\u00f3n mensual de novas de Galicia e en especial dos Concellos da sur da provincia de Pontevedra.","publisher":{"@id":"https:\/\/www.anovapeneira.gal\/#organization"},"potentialAction":[{"@type":"SearchAction","target":{"@type":"EntryPoint","urlTemplate":"https:\/\/www.anovapeneira.gal\/?s={search_term_string}"},"query-input":{"@type":"PropertyValueSpecification","valueRequired":true,"valueName":"search_term_string"}}],"inLanguage":"gl-ES"},{"@type":"Organization","@id":"https:\/\/www.anovapeneira.gal\/#organization","name":"A Nova Peneira","url":"https:\/\/www.anovapeneira.gal\/","logo":{"@type":"ImageObject","inLanguage":"gl-ES","@id":"https:\/\/www.anovapeneira.gal\/#\/schema\/logo\/image\/","url":"http:\/\/www.anovapeneira.gal\/wp-content\/uploads\/2019\/06\/logo_a_nova_peneira_portal_web.png","contentUrl":"http:\/\/www.anovapeneira.gal\/wp-content\/uploads\/2019\/06\/logo_a_nova_peneira_portal_web.png","width":300,"height":100,"caption":"A Nova Peneira"},"image":{"@id":"https:\/\/www.anovapeneira.gal\/#\/schema\/logo\/image\/"},"sameAs":["https:\/\/www.facebook.com\/anovapeneira","https:\/\/x.com\/APeneira"]},{"@type":"Person","@id":"https:\/\/www.anovapeneira.gal\/#\/schema\/person\/b93e3f8932e3f8da96334607eb6ac6aa","name":"Redacci\u00f3n A Nova Peneira","image":{"@type":"ImageObject","inLanguage":"gl-ES","@id":"https:\/\/secure.gravatar.com\/avatar\/c052a2551a06e23fac63626232eaa90abd78dbcf1700fc46a2b2c89fd27b735f?s=96&d=mm&r=g","url":"https:\/\/secure.gravatar.com\/avatar\/c052a2551a06e23fac63626232eaa90abd78dbcf1700fc46a2b2c89fd27b735f?s=96&d=mm&r=g","contentUrl":"https:\/\/secure.gravatar.com\/avatar\/c052a2551a06e23fac63626232eaa90abd78dbcf1700fc46a2b2c89fd27b735f?s=96&d=mm&r=g","caption":"Redacci\u00f3n A Nova Peneira"},"sameAs":["http:\/\/www.anovapeneira.gal\/"],"url":"https:\/\/www.anovapeneira.gal\/index.php\/author\/redactor\/"}]}},"jetpack_featured_media_url":"https:\/\/www.anovapeneira.gal\/wp-content\/uploads\/2025\/10\/orgaccmm.jpg","_links":{"self":[{"href":"https:\/\/www.anovapeneira.gal\/index.php\/wp-json\/wp\/v2\/posts\/14885","targetHints":{"allow":["GET"]}}],"collection":[{"href":"https:\/\/www.anovapeneira.gal\/index.php\/wp-json\/wp\/v2\/posts"}],"about":[{"href":"https:\/\/www.anovapeneira.gal\/index.php\/wp-json\/wp\/v2\/types\/post"}],"author":[{"embeddable":true,"href":"https:\/\/www.anovapeneira.gal\/index.php\/wp-json\/wp\/v2\/users\/3"}],"replies":[{"embeddable":true,"href":"https:\/\/www.anovapeneira.gal\/index.php\/wp-json\/wp\/v2\/comments?post=14885"}],"version-history":[{"count":1,"href":"https:\/\/www.anovapeneira.gal\/index.php\/wp-json\/wp\/v2\/posts\/14885\/revisions"}],"predecessor-version":[{"id":14887,"href":"https:\/\/www.anovapeneira.gal\/index.php\/wp-json\/wp\/v2\/posts\/14885\/revisions\/14887"}],"wp:featuredmedia":[{"embeddable":true,"href":"https:\/\/www.anovapeneira.gal\/index.php\/wp-json\/wp\/v2\/media\/14886"}],"wp:attachment":[{"href":"https:\/\/www.anovapeneira.gal\/index.php\/wp-json\/wp\/v2\/media?parent=14885"}],"wp:term":[{"taxonomy":"category","embeddable":true,"href":"https:\/\/www.anovapeneira.gal\/index.php\/wp-json\/wp\/v2\/categories?post=14885"},{"taxonomy":"post_tag","embeddable":true,"href":"https:\/\/www.anovapeneira.gal\/index.php\/wp-json\/wp\/v2\/tags?post=14885"}],"curies":[{"name":"wp","href":"https:\/\/api.w.org\/{rel}","templated":true}]}}