{"id":14888,"date":"2025-11-04T12:00:27","date_gmt":"2025-11-04T11:00:27","guid":{"rendered":"https:\/\/www.anovapeneira.gal\/?p=14888"},"modified":"2025-11-02T08:59:03","modified_gmt":"2025-11-02T07:59:03","slug":"o-rosal-dalle-vida-a-reciclaxe-con-dous-novos-mini-puntos-limpos-en-portecelo-e-tabagon","status":"publish","type":"post","link":"https:\/\/www.anovapeneira.gal\/index.php\/2025\/11\/04\/o-rosal-dalle-vida-a-reciclaxe-con-dous-novos-mini-puntos-limpos-en-portecelo-e-tabagon\/","title":{"rendered":"O Rosal d\u00e1lle vida \u00e1 reciclaxe con dous novos mini puntos limpos en Portecelo e Tabag\u00f3n"},"content":{"rendered":"\n<h2 class=\"wp-block-heading\"><strong>Con estas instalaci\u00f3ns, que se suman \u00e1s do Calvario e P\u00edas e ao punto limpo m\u00f3bil, o Concello busca fomentar a separaci\u00f3n de residuos dun xeito m\u00e1is c\u00f3modo para a veci\u00f1anza<\/strong><\/h2>\n\n\n\n<p><strong>O Rosal, 24 de outubro de 2025.<\/strong><\/p>\n\n\n\n<p>Reciclar \u00e9 cada vez m\u00e1is sinxelo e m\u00e1is pr\u00f3ximo no Rosal. O Concello contin\u00faa avanzando cara a un modelo de municipio sostible coa posta en marcha de <strong>dous novos mini puntos limpos de proximidade<\/strong>, situados <strong>en Portecelo e Tabag\u00f3n<\/strong>, que permitir\u00e1n \u00e1 veci\u00f1anza depositar residuos especiais de pequeno tama\u00f1o sen necesidade de desprazarse ata o punto limpo.<\/p>\n\n\n\n<p>\u201cA mellor reciclaxe \u00e9 a que est\u00e1 preto da xente\u201d, destacou a alcaldesa do Rosal, \u00c1nxela Fern\u00e1ndez Call\u00eds, que destacou que \u201ccon estes novos puntos limpos de proximidade seguimos dando pasos firmes para facer m\u00e1is doado a reciclaxe diaria, eliminando barreiras e ofrecendo soluci\u00f3ns c\u00f3modas e sostibles para todos os fogares rosaleiros\u201d.<\/p>\n\n\n\n<p>Os novos puntos <strong>\u00fanense aos xa instalados no Calvario e P\u00edas, as\u00ed como ao punto limpo m\u00f3bil,<\/strong> reforzando unha rede que busca facilitar \u00e1 veci\u00f1anza o dep\u00f3sito responsable de materiais que non deben ir aos colectores convencionais. Neles poder\u00e1n depositarse material escolar, pequenos aparellos el\u00e9ctricos e electr\u00f3nicos, c\u00e1psulas de caf\u00e9, pilas, acumuladores, cartuchos de impresora e l\u00e1mpadas de baixo consumo, entre outros residuos.<\/p>\n\n\n\n<p>Esta iniciativa o Concello busca ofrecer a rosaleiros e rosaleiras unha nova ferramenta proximidade que favoreza a correcta separaci\u00f3n e eliminaci\u00f3n en orixe dos residuos dom\u00e9sticos dun xeito c\u00f3modo e doado, reducindo os desprazamentos e previndo o abandono de refugallos no medio natural. A rexedora salientou ademais que \u201cesta medida non s\u00f3 facilita o dep\u00f3sito responsable, sen\u00f3n que tam\u00e9n axuda a reducir a cantidade de residuos que acaban no vertedoiro, impulsa o consumo responsable e fortalece a econom\u00eda circular, un dos eixos do noso modelo de xesti\u00f3n ambiental\u201d.<\/p>\n\n\n\n<p>Os mini puntos limpos, estratexicamente situados en zonas con maior densidade de poboaci\u00f3n e tr\u00e1nsito, permitir\u00e1n incrementar a reciclaxe e a concienciaci\u00f3n cidad\u00e1, contribu\u00edndo \u00e1 mitigaci\u00f3n do cambio clim\u00e1tico a trav\u00e9s da correcta xesti\u00f3n dos residuos. \u201cQueremos un Rosal limpo, sostible e consciente, onde cada veci\u00f1o e veci\u00f1a sexa parte activa deste compromiso com\u00fan co planeta\u201d, conclu\u00edu a rexedora.<\/p>\n","protected":false},"excerpt":{"rendered":"<div class=\"mh-excerpt\"><p>Con estas instalaci\u00f3ns, que se suman \u00e1s do Calvario e P\u00edas e ao punto limpo m\u00f3bil, o Concello busca fomentar a separaci\u00f3n de residuos dun xeito m\u00e1is c\u00f3modo para a veci\u00f1anza <a class=\"mh-excerpt-more\" href=\"https:\/\/www.anovapeneira.gal\/index.php\/2025\/11\/04\/o-rosal-dalle-vida-a-reciclaxe-con-dous-novos-mini-puntos-limpos-en-portecelo-e-tabagon\/\" title=\"O Rosal d\u00e1lle vida \u00e1 reciclaxe con dous novos mini puntos limpos en Portecelo e Tabag\u00f3n\">[&#8230;]<\/a><\/p>\n<\/div>","protected":false},"author":3,"featured_media":14889,"comment_status":"open","ping_status":"open","sticky":false,"template":"","format":"standard","meta":{"_exactmetrics_skip_tracking":false,"_exactmetrics_sitenote_active":false,"_exactmetrics_sitenote_note":"","_exactmetrics_sitenote_category":0,"footnotes":""},"categories":[21],"tags":[131],"class_list":{"0":"post-14888","1":"post","2":"type-post","3":"status-publish","4":"format-standard","5":"has-post-thumbnail","7":"category-baixo-mino","8":"tag-concello-do-rosal"},"yoast_head":"<!-- This site is optimized with the Yoast SEO plugin v27.4 - https:\/\/yoast.com\/product\/yoast-seo-wordpress\/ -->\n<title>O Rosal d\u00e1lle vida \u00e1 reciclaxe con dous novos mini puntos limpos en Portecelo e Tabag\u00f3n -<\/title>\n<meta name=\"robots\" content=\"index, follow, max-snippet:-1, max-image-preview:large, max-video-preview:-1\" \/>\n<link rel=\"canonical\" href=\"https:\/\/www.anovapeneira.gal\/index.php\/2025\/11\/04\/o-rosal-dalle-vida-a-reciclaxe-con-dous-novos-mini-puntos-limpos-en-portecelo-e-tabagon\/\" \/>\n<meta property=\"og:locale\" content=\"gl_ES\" \/>\n<meta property=\"og:type\" content=\"article\" \/>\n<meta property=\"og:title\" content=\"O Rosal d\u00e1lle vida \u00e1 reciclaxe con dous novos mini puntos limpos en Portecelo e Tabag\u00f3n -\" \/>\n<meta property=\"og:description\" content=\"Con estas instalaci\u00f3ns, que se suman \u00e1s do Calvario e P\u00edas e ao punto limpo m\u00f3bil, o Concello busca fomentar a separaci\u00f3n de residuos dun xeito m\u00e1is c\u00f3modo para a veci\u00f1anza [...]\" \/>\n<meta property=\"og:url\" content=\"https:\/\/www.anovapeneira.gal\/index.php\/2025\/11\/04\/o-rosal-dalle-vida-a-reciclaxe-con-dous-novos-mini-puntos-limpos-en-portecelo-e-tabagon\/\" \/>\n<meta property=\"article:publisher\" content=\"https:\/\/www.facebook.com\/anovapeneira\" \/>\n<meta property=\"article:published_time\" content=\"2025-11-04T11:00:27+00:00\" \/>\n<meta property=\"og:image\" content=\"https:\/\/www.anovapeneira.gal\/wp-content\/uploads\/2025\/11\/rosal_reciclaxe.jpg\" \/>\n\t<meta property=\"og:image:width\" content=\"934\" \/>\n\t<meta property=\"og:image:height\" content=\"560\" \/>\n\t<meta property=\"og:image:type\" content=\"image\/jpeg\" \/>\n<meta name=\"author\" content=\"Redacci\u00f3n A Nova Peneira\" \/>\n<meta name=\"twitter:card\" content=\"summary_large_image\" \/>\n<meta name=\"twitter:creator\" content=\"@APeneira\" \/>\n<meta name=\"twitter:site\" content=\"@APeneira\" \/>\n<meta name=\"twitter:label1\" content=\"Escrito por\" \/>\n\t<meta name=\"twitter:data1\" content=\"Redacci\u00f3n A Nova Peneira\" \/>\n\t<meta name=\"twitter:label2\" content=\"Tempo de lectura\" \/>\n\t<meta name=\"twitter:data2\" content=\"3 minutos\" \/>\n<script type=\"application\/ld+json\" class=\"yoast-schema-graph\">{\"@context\":\"https:\\\/\\\/schema.org\",\"@graph\":[{\"@type\":\"Article\",\"@id\":\"https:\\\/\\\/www.anovapeneira.gal\\\/index.php\\\/2025\\\/11\\\/04\\\/o-rosal-dalle-vida-a-reciclaxe-con-dous-novos-mini-puntos-limpos-en-portecelo-e-tabagon\\\/#article\",\"isPartOf\":{\"@id\":\"https:\\\/\\\/www.anovapeneira.gal\\\/index.php\\\/2025\\\/11\\\/04\\\/o-rosal-dalle-vida-a-reciclaxe-con-dous-novos-mini-puntos-limpos-en-portecelo-e-tabagon\\\/\"},\"author\":{\"name\":\"Redacci\u00f3n A Nova Peneira\",\"@id\":\"https:\\\/\\\/www.anovapeneira.gal\\\/#\\\/schema\\\/person\\\/b93e3f8932e3f8da96334607eb6ac6aa\"},\"headline\":\"O Rosal d\u00e1lle vida \u00e1 reciclaxe con dous novos mini puntos limpos en Portecelo e Tabag\u00f3n\",\"datePublished\":\"2025-11-04T11:00:27+00:00\",\"mainEntityOfPage\":{\"@id\":\"https:\\\/\\\/www.anovapeneira.gal\\\/index.php\\\/2025\\\/11\\\/04\\\/o-rosal-dalle-vida-a-reciclaxe-con-dous-novos-mini-puntos-limpos-en-portecelo-e-tabagon\\\/\"},\"wordCount\":418,\"commentCount\":0,\"publisher\":{\"@id\":\"https:\\\/\\\/www.anovapeneira.gal\\\/#organization\"},\"image\":{\"@id\":\"https:\\\/\\\/www.anovapeneira.gal\\\/index.php\\\/2025\\\/11\\\/04\\\/o-rosal-dalle-vida-a-reciclaxe-con-dous-novos-mini-puntos-limpos-en-portecelo-e-tabagon\\\/#primaryimage\"},\"thumbnailUrl\":\"https:\\\/\\\/www.anovapeneira.gal\\\/wp-content\\\/uploads\\\/2025\\\/11\\\/rosal_reciclaxe.jpg\",\"keywords\":[\"Concello do Rosal\"],\"articleSection\":[\"Baixo Mi\u00f1o\"],\"inLanguage\":\"gl-ES\",\"potentialAction\":[{\"@type\":\"CommentAction\",\"name\":\"Comment\",\"target\":[\"https:\\\/\\\/www.anovapeneira.gal\\\/index.php\\\/2025\\\/11\\\/04\\\/o-rosal-dalle-vida-a-reciclaxe-con-dous-novos-mini-puntos-limpos-en-portecelo-e-tabagon\\\/#respond\"]}]},{\"@type\":\"WebPage\",\"@id\":\"https:\\\/\\\/www.anovapeneira.gal\\\/index.php\\\/2025\\\/11\\\/04\\\/o-rosal-dalle-vida-a-reciclaxe-con-dous-novos-mini-puntos-limpos-en-portecelo-e-tabagon\\\/\",\"url\":\"https:\\\/\\\/www.anovapeneira.gal\\\/index.php\\\/2025\\\/11\\\/04\\\/o-rosal-dalle-vida-a-reciclaxe-con-dous-novos-mini-puntos-limpos-en-portecelo-e-tabagon\\\/\",\"name\":\"O Rosal d\u00e1lle vida \u00e1 reciclaxe con dous novos mini puntos limpos en Portecelo e Tabag\u00f3n -\",\"isPartOf\":{\"@id\":\"https:\\\/\\\/www.anovapeneira.gal\\\/#website\"},\"primaryImageOfPage\":{\"@id\":\"https:\\\/\\\/www.anovapeneira.gal\\\/index.php\\\/2025\\\/11\\\/04\\\/o-rosal-dalle-vida-a-reciclaxe-con-dous-novos-mini-puntos-limpos-en-portecelo-e-tabagon\\\/#primaryimage\"},\"image\":{\"@id\":\"https:\\\/\\\/www.anovapeneira.gal\\\/index.php\\\/2025\\\/11\\\/04\\\/o-rosal-dalle-vida-a-reciclaxe-con-dous-novos-mini-puntos-limpos-en-portecelo-e-tabagon\\\/#primaryimage\"},\"thumbnailUrl\":\"https:\\\/\\\/www.anovapeneira.gal\\\/wp-content\\\/uploads\\\/2025\\\/11\\\/rosal_reciclaxe.jpg\",\"datePublished\":\"2025-11-04T11:00:27+00:00\",\"breadcrumb\":{\"@id\":\"https:\\\/\\\/www.anovapeneira.gal\\\/index.php\\\/2025\\\/11\\\/04\\\/o-rosal-dalle-vida-a-reciclaxe-con-dous-novos-mini-puntos-limpos-en-portecelo-e-tabagon\\\/#breadcrumb\"},\"inLanguage\":\"gl-ES\",\"potentialAction\":[{\"@type\":\"ReadAction\",\"target\":[\"https:\\\/\\\/www.anovapeneira.gal\\\/index.php\\\/2025\\\/11\\\/04\\\/o-rosal-dalle-vida-a-reciclaxe-con-dous-novos-mini-puntos-limpos-en-portecelo-e-tabagon\\\/\"]}]},{\"@type\":\"ImageObject\",\"inLanguage\":\"gl-ES\",\"@id\":\"https:\\\/\\\/www.anovapeneira.gal\\\/index.php\\\/2025\\\/11\\\/04\\\/o-rosal-dalle-vida-a-reciclaxe-con-dous-novos-mini-puntos-limpos-en-portecelo-e-tabagon\\\/#primaryimage\",\"url\":\"https:\\\/\\\/www.anovapeneira.gal\\\/wp-content\\\/uploads\\\/2025\\\/11\\\/rosal_reciclaxe.jpg\",\"contentUrl\":\"https:\\\/\\\/www.anovapeneira.gal\\\/wp-content\\\/uploads\\\/2025\\\/11\\\/rosal_reciclaxe.jpg\",\"width\":934,\"height\":560},{\"@type\":\"BreadcrumbList\",\"@id\":\"https:\\\/\\\/www.anovapeneira.gal\\\/index.php\\\/2025\\\/11\\\/04\\\/o-rosal-dalle-vida-a-reciclaxe-con-dous-novos-mini-puntos-limpos-en-portecelo-e-tabagon\\\/#breadcrumb\",\"itemListElement\":[{\"@type\":\"ListItem\",\"position\":1,\"name\":\"Portada\",\"item\":\"https:\\\/\\\/www.anovapeneira.gal\\\/\"},{\"@type\":\"ListItem\",\"position\":2,\"name\":\"O Rosal d\u00e1lle vida \u00e1 reciclaxe con dous novos mini puntos limpos en Portecelo e Tabag\u00f3n\"}]},{\"@type\":\"WebSite\",\"@id\":\"https:\\\/\\\/www.anovapeneira.gal\\\/#website\",\"url\":\"https:\\\/\\\/www.anovapeneira.gal\\\/\",\"name\":\"\",\"description\":\"Xornal galego de informaci\u00f3n xeral Publicaci\u00f3n mensual de novas de Galicia e en especial dos Concellos da sur da provincia de Pontevedra.\",\"publisher\":{\"@id\":\"https:\\\/\\\/www.anovapeneira.gal\\\/#organization\"},\"potentialAction\":[{\"@type\":\"SearchAction\",\"target\":{\"@type\":\"EntryPoint\",\"urlTemplate\":\"https:\\\/\\\/www.anovapeneira.gal\\\/?s={search_term_string}\"},\"query-input\":{\"@type\":\"PropertyValueSpecification\",\"valueRequired\":true,\"valueName\":\"search_term_string\"}}],\"inLanguage\":\"gl-ES\"},{\"@type\":\"Organization\",\"@id\":\"https:\\\/\\\/www.anovapeneira.gal\\\/#organization\",\"name\":\"A Nova Peneira\",\"url\":\"https:\\\/\\\/www.anovapeneira.gal\\\/\",\"logo\":{\"@type\":\"ImageObject\",\"inLanguage\":\"gl-ES\",\"@id\":\"https:\\\/\\\/www.anovapeneira.gal\\\/#\\\/schema\\\/logo\\\/image\\\/\",\"url\":\"http:\\\/\\\/www.anovapeneira.gal\\\/wp-content\\\/uploads\\\/2019\\\/06\\\/logo_a_nova_peneira_portal_web.png\",\"contentUrl\":\"http:\\\/\\\/www.anovapeneira.gal\\\/wp-content\\\/uploads\\\/2019\\\/06\\\/logo_a_nova_peneira_portal_web.png\",\"width\":300,\"height\":100,\"caption\":\"A Nova Peneira\"},\"image\":{\"@id\":\"https:\\\/\\\/www.anovapeneira.gal\\\/#\\\/schema\\\/logo\\\/image\\\/\"},\"sameAs\":[\"https:\\\/\\\/www.facebook.com\\\/anovapeneira\",\"https:\\\/\\\/x.com\\\/APeneira\"]},{\"@type\":\"Person\",\"@id\":\"https:\\\/\\\/www.anovapeneira.gal\\\/#\\\/schema\\\/person\\\/b93e3f8932e3f8da96334607eb6ac6aa\",\"name\":\"Redacci\u00f3n A Nova Peneira\",\"image\":{\"@type\":\"ImageObject\",\"inLanguage\":\"gl-ES\",\"@id\":\"https:\\\/\\\/secure.gravatar.com\\\/avatar\\\/c052a2551a06e23fac63626232eaa90abd78dbcf1700fc46a2b2c89fd27b735f?s=96&d=mm&r=g\",\"url\":\"https:\\\/\\\/secure.gravatar.com\\\/avatar\\\/c052a2551a06e23fac63626232eaa90abd78dbcf1700fc46a2b2c89fd27b735f?s=96&d=mm&r=g\",\"contentUrl\":\"https:\\\/\\\/secure.gravatar.com\\\/avatar\\\/c052a2551a06e23fac63626232eaa90abd78dbcf1700fc46a2b2c89fd27b735f?s=96&d=mm&r=g\",\"caption\":\"Redacci\u00f3n A Nova Peneira\"},\"sameAs\":[\"http:\\\/\\\/www.anovapeneira.gal\\\/\"],\"url\":\"https:\\\/\\\/www.anovapeneira.gal\\\/index.php\\\/author\\\/redactor\\\/\"}]}<\/script>\n<!-- \/ Yoast SEO plugin. -->","yoast_head_json":{"title":"O Rosal d\u00e1lle vida \u00e1 reciclaxe con dous novos mini puntos limpos en Portecelo e Tabag\u00f3n -","robots":{"index":"index","follow":"follow","max-snippet":"max-snippet:-1","max-image-preview":"max-image-preview:large","max-video-preview":"max-video-preview:-1"},"canonical":"https:\/\/www.anovapeneira.gal\/index.php\/2025\/11\/04\/o-rosal-dalle-vida-a-reciclaxe-con-dous-novos-mini-puntos-limpos-en-portecelo-e-tabagon\/","og_locale":"gl_ES","og_type":"article","og_title":"O Rosal d\u00e1lle vida \u00e1 reciclaxe con dous novos mini puntos limpos en Portecelo e Tabag\u00f3n -","og_description":"Con estas instalaci\u00f3ns, que se suman \u00e1s do Calvario e P\u00edas e ao punto limpo m\u00f3bil, o Concello busca fomentar a separaci\u00f3n de residuos dun xeito m\u00e1is c\u00f3modo para a veci\u00f1anza [...]","og_url":"https:\/\/www.anovapeneira.gal\/index.php\/2025\/11\/04\/o-rosal-dalle-vida-a-reciclaxe-con-dous-novos-mini-puntos-limpos-en-portecelo-e-tabagon\/","article_publisher":"https:\/\/www.facebook.com\/anovapeneira","article_published_time":"2025-11-04T11:00:27+00:00","og_image":[{"width":934,"height":560,"url":"https:\/\/www.anovapeneira.gal\/wp-content\/uploads\/2025\/11\/rosal_reciclaxe.jpg","type":"image\/jpeg"}],"author":"Redacci\u00f3n A Nova Peneira","twitter_card":"summary_large_image","twitter_creator":"@APeneira","twitter_site":"@APeneira","twitter_misc":{"Escrito por":"Redacci\u00f3n A Nova Peneira","Tempo de lectura":"3 minutos"},"schema":{"@context":"https:\/\/schema.org","@graph":[{"@type":"Article","@id":"https:\/\/www.anovapeneira.gal\/index.php\/2025\/11\/04\/o-rosal-dalle-vida-a-reciclaxe-con-dous-novos-mini-puntos-limpos-en-portecelo-e-tabagon\/#article","isPartOf":{"@id":"https:\/\/www.anovapeneira.gal\/index.php\/2025\/11\/04\/o-rosal-dalle-vida-a-reciclaxe-con-dous-novos-mini-puntos-limpos-en-portecelo-e-tabagon\/"},"author":{"name":"Redacci\u00f3n A Nova Peneira","@id":"https:\/\/www.anovapeneira.gal\/#\/schema\/person\/b93e3f8932e3f8da96334607eb6ac6aa"},"headline":"O Rosal d\u00e1lle vida \u00e1 reciclaxe con dous novos mini puntos limpos en Portecelo e Tabag\u00f3n","datePublished":"2025-11-04T11:00:27+00:00","mainEntityOfPage":{"@id":"https:\/\/www.anovapeneira.gal\/index.php\/2025\/11\/04\/o-rosal-dalle-vida-a-reciclaxe-con-dous-novos-mini-puntos-limpos-en-portecelo-e-tabagon\/"},"wordCount":418,"commentCount":0,"publisher":{"@id":"https:\/\/www.anovapeneira.gal\/#organization"},"image":{"@id":"https:\/\/www.anovapeneira.gal\/index.php\/2025\/11\/04\/o-rosal-dalle-vida-a-reciclaxe-con-dous-novos-mini-puntos-limpos-en-portecelo-e-tabagon\/#primaryimage"},"thumbnailUrl":"https:\/\/www.anovapeneira.gal\/wp-content\/uploads\/2025\/11\/rosal_reciclaxe.jpg","keywords":["Concello do Rosal"],"articleSection":["Baixo Mi\u00f1o"],"inLanguage":"gl-ES","potentialAction":[{"@type":"CommentAction","name":"Comment","target":["https:\/\/www.anovapeneira.gal\/index.php\/2025\/11\/04\/o-rosal-dalle-vida-a-reciclaxe-con-dous-novos-mini-puntos-limpos-en-portecelo-e-tabagon\/#respond"]}]},{"@type":"WebPage","@id":"https:\/\/www.anovapeneira.gal\/index.php\/2025\/11\/04\/o-rosal-dalle-vida-a-reciclaxe-con-dous-novos-mini-puntos-limpos-en-portecelo-e-tabagon\/","url":"https:\/\/www.anovapeneira.gal\/index.php\/2025\/11\/04\/o-rosal-dalle-vida-a-reciclaxe-con-dous-novos-mini-puntos-limpos-en-portecelo-e-tabagon\/","name":"O Rosal d\u00e1lle vida \u00e1 reciclaxe con dous novos mini puntos limpos en Portecelo e Tabag\u00f3n -","isPartOf":{"@id":"https:\/\/www.anovapeneira.gal\/#website"},"primaryImageOfPage":{"@id":"https:\/\/www.anovapeneira.gal\/index.php\/2025\/11\/04\/o-rosal-dalle-vida-a-reciclaxe-con-dous-novos-mini-puntos-limpos-en-portecelo-e-tabagon\/#primaryimage"},"image":{"@id":"https:\/\/www.anovapeneira.gal\/index.php\/2025\/11\/04\/o-rosal-dalle-vida-a-reciclaxe-con-dous-novos-mini-puntos-limpos-en-portecelo-e-tabagon\/#primaryimage"},"thumbnailUrl":"https:\/\/www.anovapeneira.gal\/wp-content\/uploads\/2025\/11\/rosal_reciclaxe.jpg","datePublished":"2025-11-04T11:00:27+00:00","breadcrumb":{"@id":"https:\/\/www.anovapeneira.gal\/index.php\/2025\/11\/04\/o-rosal-dalle-vida-a-reciclaxe-con-dous-novos-mini-puntos-limpos-en-portecelo-e-tabagon\/#breadcrumb"},"inLanguage":"gl-ES","potentialAction":[{"@type":"ReadAction","target":["https:\/\/www.anovapeneira.gal\/index.php\/2025\/11\/04\/o-rosal-dalle-vida-a-reciclaxe-con-dous-novos-mini-puntos-limpos-en-portecelo-e-tabagon\/"]}]},{"@type":"ImageObject","inLanguage":"gl-ES","@id":"https:\/\/www.anovapeneira.gal\/index.php\/2025\/11\/04\/o-rosal-dalle-vida-a-reciclaxe-con-dous-novos-mini-puntos-limpos-en-portecelo-e-tabagon\/#primaryimage","url":"https:\/\/www.anovapeneira.gal\/wp-content\/uploads\/2025\/11\/rosal_reciclaxe.jpg","contentUrl":"https:\/\/www.anovapeneira.gal\/wp-content\/uploads\/2025\/11\/rosal_reciclaxe.jpg","width":934,"height":560},{"@type":"BreadcrumbList","@id":"https:\/\/www.anovapeneira.gal\/index.php\/2025\/11\/04\/o-rosal-dalle-vida-a-reciclaxe-con-dous-novos-mini-puntos-limpos-en-portecelo-e-tabagon\/#breadcrumb","itemListElement":[{"@type":"ListItem","position":1,"name":"Portada","item":"https:\/\/www.anovapeneira.gal\/"},{"@type":"ListItem","position":2,"name":"O Rosal d\u00e1lle vida \u00e1 reciclaxe con dous novos mini puntos limpos en Portecelo e Tabag\u00f3n"}]},{"@type":"WebSite","@id":"https:\/\/www.anovapeneira.gal\/#website","url":"https:\/\/www.anovapeneira.gal\/","name":"","description":"Xornal galego de informaci\u00f3n xeral Publicaci\u00f3n mensual de novas de Galicia e en especial dos Concellos da sur da provincia de Pontevedra.","publisher":{"@id":"https:\/\/www.anovapeneira.gal\/#organization"},"potentialAction":[{"@type":"SearchAction","target":{"@type":"EntryPoint","urlTemplate":"https:\/\/www.anovapeneira.gal\/?s={search_term_string}"},"query-input":{"@type":"PropertyValueSpecification","valueRequired":true,"valueName":"search_term_string"}}],"inLanguage":"gl-ES"},{"@type":"Organization","@id":"https:\/\/www.anovapeneira.gal\/#organization","name":"A Nova Peneira","url":"https:\/\/www.anovapeneira.gal\/","logo":{"@type":"ImageObject","inLanguage":"gl-ES","@id":"https:\/\/www.anovapeneira.gal\/#\/schema\/logo\/image\/","url":"http:\/\/www.anovapeneira.gal\/wp-content\/uploads\/2019\/06\/logo_a_nova_peneira_portal_web.png","contentUrl":"http:\/\/www.anovapeneira.gal\/wp-content\/uploads\/2019\/06\/logo_a_nova_peneira_portal_web.png","width":300,"height":100,"caption":"A Nova Peneira"},"image":{"@id":"https:\/\/www.anovapeneira.gal\/#\/schema\/logo\/image\/"},"sameAs":["https:\/\/www.facebook.com\/anovapeneira","https:\/\/x.com\/APeneira"]},{"@type":"Person","@id":"https:\/\/www.anovapeneira.gal\/#\/schema\/person\/b93e3f8932e3f8da96334607eb6ac6aa","name":"Redacci\u00f3n A Nova Peneira","image":{"@type":"ImageObject","inLanguage":"gl-ES","@id":"https:\/\/secure.gravatar.com\/avatar\/c052a2551a06e23fac63626232eaa90abd78dbcf1700fc46a2b2c89fd27b735f?s=96&d=mm&r=g","url":"https:\/\/secure.gravatar.com\/avatar\/c052a2551a06e23fac63626232eaa90abd78dbcf1700fc46a2b2c89fd27b735f?s=96&d=mm&r=g","contentUrl":"https:\/\/secure.gravatar.com\/avatar\/c052a2551a06e23fac63626232eaa90abd78dbcf1700fc46a2b2c89fd27b735f?s=96&d=mm&r=g","caption":"Redacci\u00f3n A Nova Peneira"},"sameAs":["http:\/\/www.anovapeneira.gal\/"],"url":"https:\/\/www.anovapeneira.gal\/index.php\/author\/redactor\/"}]}},"jetpack_featured_media_url":"https:\/\/www.anovapeneira.gal\/wp-content\/uploads\/2025\/11\/rosal_reciclaxe.jpg","_links":{"self":[{"href":"https:\/\/www.anovapeneira.gal\/index.php\/wp-json\/wp\/v2\/posts\/14888","targetHints":{"allow":["GET"]}}],"collection":[{"href":"https:\/\/www.anovapeneira.gal\/index.php\/wp-json\/wp\/v2\/posts"}],"about":[{"href":"https:\/\/www.anovapeneira.gal\/index.php\/wp-json\/wp\/v2\/types\/post"}],"author":[{"embeddable":true,"href":"https:\/\/www.anovapeneira.gal\/index.php\/wp-json\/wp\/v2\/users\/3"}],"replies":[{"embeddable":true,"href":"https:\/\/www.anovapeneira.gal\/index.php\/wp-json\/wp\/v2\/comments?post=14888"}],"version-history":[{"count":1,"href":"https:\/\/www.anovapeneira.gal\/index.php\/wp-json\/wp\/v2\/posts\/14888\/revisions"}],"predecessor-version":[{"id":14890,"href":"https:\/\/www.anovapeneira.gal\/index.php\/wp-json\/wp\/v2\/posts\/14888\/revisions\/14890"}],"wp:featuredmedia":[{"embeddable":true,"href":"https:\/\/www.anovapeneira.gal\/index.php\/wp-json\/wp\/v2\/media\/14889"}],"wp:attachment":[{"href":"https:\/\/www.anovapeneira.gal\/index.php\/wp-json\/wp\/v2\/media?parent=14888"}],"wp:term":[{"taxonomy":"category","embeddable":true,"href":"https:\/\/www.anovapeneira.gal\/index.php\/wp-json\/wp\/v2\/categories?post=14888"},{"taxonomy":"post_tag","embeddable":true,"href":"https:\/\/www.anovapeneira.gal\/index.php\/wp-json\/wp\/v2\/tags?post=14888"}],"curies":[{"name":"wp","href":"https:\/\/api.w.org\/{rel}","templated":true}]}}