{"id":1489,"date":"2019-10-14T14:00:48","date_gmt":"2019-10-14T12:00:48","guid":{"rendered":"http:\/\/www.anovapeneira.gal\/?p=1489"},"modified":"2019-10-13T22:20:16","modified_gmt":"2019-10-13T20:20:16","slug":"a-asociacion-de-viveiristas-de-tomino-expon-no-mercado-corenta-imaxes-do-sector","status":"publish","type":"post","link":"https:\/\/www.anovapeneira.gal\/index.php\/2019\/10\/14\/a-asociacion-de-viveiristas-de-tomino-expon-no-mercado-corenta-imaxes-do-sector\/","title":{"rendered":"A asociaci\u00f3n de viveiristas de Tomi\u00f1o exp\u00f3n no mercado corenta imaxes do sector"},"content":{"rendered":"\n<h2 class=\"wp-block-heading\"><strong>A mostra, que conta coa colaboraci\u00f3n do Concello, permanecer\u00e1 aberta entre o 11 e o 25 deste mes. A inauguraci\u00f3n ser\u00e1 o m\u00e9rcores 16 \u00e1s 21.00h<\/strong><\/h2>\n\n\n\n<p><strong>Tomi\u00f1o, 10 de outubro de 2019<\/strong><\/p>\n\n\n\n<p>A\nexposici\u00f3n \u201cO territorio do Baixo Mi\u00f1o e o sector agrario: motor\nde desenvolvemento sostible\u201d, organizada pola Asociaci\u00f3n Cultivos\ndo Baixo Mi\u00f1o (acuBam), en colaboraci\u00f3n co Concello, estar\u00e1 aberta\nao p\u00fablico entre o 11 e o 25 de outubro no primeiro andar do Mercado\nMunicipal.<\/p>\n\n\n\n<p>A\nmostra est\u00e1 composta de corenta imaxes actuais do sector agr\u00edcola e\nviveirista, na que se reflicten diversas produci\u00f3ns e hect\u00e1reas de\ncultivo, as\u00ed como elementos xeogr\u00e1ficos caracter\u00edsticos da\ncomarca.<\/p>\n\n\n\n<p>Dende\na directiva de acuBam, explican que o obxectivo desta exposici\u00f3n \u00e9\na posta en valor do territorio e do sector agro da Comarca. \u201cA nosa\nidea \u00e9 destacar o sector agrario da Comarca do Baixo Mi\u00f1o, composto\npor empresas produtoras de planta ornamental, flor, froita e horta,\nas\u00ed coma a posta en valor do territorio do Baixo Mi\u00f1o, que lle\naporta aos produtos do territorio un distintivo de calidade e\nsingularidade. Nesta exposici\u00f3n poderase ver un sector moderno,\nverde, tecnol\u00f3xico e que ofrece posibilidades de desenvolvemento\nprofesional para as persoas do territorio. Un sector que \u00e9 motor de\ndesenvolvemento non s\u00f3 econ\u00f3mico, sen\u00f3n medioambiental e\nprofesional\u201d.<\/p>\n\n\n\n<p>As\nimaxes son propiedade da asociaci\u00f3n, quen investiu nesta acci\u00f3n de\npromoci\u00f3n e posta en valor do sector e do territorio, coa axuda das\nsubvenci\u00f3ns que cada ano publica o Igape para a execuci\u00f3n de\nacci\u00f3ns de promoci\u00f3n e internacionalizaci\u00f3n a trav\u00e9s de\norganismos intermedios, coma neste caso, a Asociaci\u00f3n Cultivos Baixo\nMi\u00f1o &#8211; acuBam.<\/p>\n\n\n\n<p>Tr\u00e1tase\npor tanto dunha exposici\u00f3n en colaboraci\u00f3n co Concello de Tomi\u00f1o,\ninstituci\u00f3n que ven apoiando ao sector ao longo dos \u00faltimos anos de\nmaneira continuada, reco\u00f1ecendo o motor de desenvolvemento sostible\nque conforma o mesmo no territorio.<\/p>\n\n\n\n<p>A inauguraci\u00f3n est\u00e1 prevista para o m\u00e9rcores 16 \u00e1s 21.00 horas.<\/p>\n\n\n\n<figure class=\"wp-block-image\"><img loading=\"lazy\" decoding=\"async\" width=\"1024\" height=\"512\" src=\"http:\/\/www.anovapeneira.gal\/wp-content\/uploads\/2019\/10\/expo_acubam_no-mercado_tominho_a_nova_peneira-1024x512.jpg\" alt=\"Exposici\u00f3n Acubam Concello de Tomi\u00f1o A Nova Peneira\" class=\"wp-image-1491\" srcset=\"https:\/\/www.anovapeneira.gal\/wp-content\/uploads\/2019\/10\/expo_acubam_no-mercado_tominho_a_nova_peneira.jpg 1024w, https:\/\/www.anovapeneira.gal\/wp-content\/uploads\/2019\/10\/expo_acubam_no-mercado_tominho_a_nova_peneira-300x150.jpg 300w, https:\/\/www.anovapeneira.gal\/wp-content\/uploads\/2019\/10\/expo_acubam_no-mercado_tominho_a_nova_peneira-768x384.jpg 768w\" sizes=\"auto, (max-width: 1024px) 100vw, 1024px\" \/><\/figure>\n","protected":false},"excerpt":{"rendered":"<div class=\"mh-excerpt\"><p>A mostra, que conta coa colaboraci\u00f3n do Concello, permanecer\u00e1 aberta entre o 11 e o 25 deste mes. A inauguraci\u00f3n ser\u00e1 o m\u00e9rcores 16 \u00e1s 21.00h <a class=\"mh-excerpt-more\" href=\"https:\/\/www.anovapeneira.gal\/index.php\/2019\/10\/14\/a-asociacion-de-viveiristas-de-tomino-expon-no-mercado-corenta-imaxes-do-sector\/\" title=\"A asociaci\u00f3n de viveiristas de Tomi\u00f1o exp\u00f3n no mercado corenta imaxes do sector\">[&#8230;]<\/a><\/p>\n<\/div>","protected":false},"author":3,"featured_media":1490,"comment_status":"open","ping_status":"open","sticky":false,"template":"","format":"standard","meta":{"_exactmetrics_skip_tracking":false,"_exactmetrics_sitenote_active":false,"_exactmetrics_sitenote_note":"","_exactmetrics_sitenote_category":0,"footnotes":""},"categories":[21],"tags":[660,659,81],"class_list":{"0":"post-1489","1":"post","2":"type-post","3":"status-publish","4":"format-standard","5":"has-post-thumbnail","7":"category-baixo-mino","8":"tag-acubam","9":"tag-asociacion-de-viveiristas","10":"tag-concello-de-tomino"},"yoast_head":"<!-- This site is optimized with the Yoast SEO plugin v27.4 - https:\/\/yoast.com\/product\/yoast-seo-wordpress\/ -->\n<title>A asociaci\u00f3n de viveiristas de Tomi\u00f1o exp\u00f3n no mercado corenta imaxes do sector -<\/title>\n<meta name=\"robots\" content=\"index, follow, max-snippet:-1, max-image-preview:large, max-video-preview:-1\" \/>\n<link rel=\"canonical\" href=\"https:\/\/www.anovapeneira.gal\/index.php\/2019\/10\/14\/a-asociacion-de-viveiristas-de-tomino-expon-no-mercado-corenta-imaxes-do-sector\/\" \/>\n<meta property=\"og:locale\" content=\"gl_ES\" \/>\n<meta property=\"og:type\" content=\"article\" \/>\n<meta property=\"og:title\" content=\"A asociaci\u00f3n de viveiristas de Tomi\u00f1o exp\u00f3n no mercado corenta imaxes do sector -\" \/>\n<meta property=\"og:description\" content=\"A mostra, que conta coa colaboraci\u00f3n do Concello, permanecer\u00e1 aberta entre o 11 e o 25 deste mes. A inauguraci\u00f3n ser\u00e1 o m\u00e9rcores 16 \u00e1s 21.00h [...]\" \/>\n<meta property=\"og:url\" content=\"https:\/\/www.anovapeneira.gal\/index.php\/2019\/10\/14\/a-asociacion-de-viveiristas-de-tomino-expon-no-mercado-corenta-imaxes-do-sector\/\" \/>\n<meta property=\"article:publisher\" content=\"https:\/\/www.facebook.com\/anovapeneira\" \/>\n<meta property=\"article:published_time\" content=\"2019-10-14T12:00:48+00:00\" \/>\n<meta property=\"og:image\" content=\"https:\/\/www.anovapeneira.gal\/wp-content\/uploads\/2019\/10\/expo_acubam_no-mercado_tominho_a_nova_peneira_1.jpg\" \/>\n\t<meta property=\"og:image:width\" content=\"720\" \/>\n\t<meta property=\"og:image:height\" content=\"473\" \/>\n\t<meta property=\"og:image:type\" content=\"image\/jpeg\" \/>\n<meta name=\"author\" content=\"Redacci\u00f3n A Nova Peneira\" \/>\n<meta name=\"twitter:card\" content=\"summary_large_image\" \/>\n<meta name=\"twitter:creator\" content=\"@APeneira\" \/>\n<meta name=\"twitter:site\" content=\"@APeneira\" \/>\n<meta name=\"twitter:label1\" content=\"Escrito por\" \/>\n\t<meta name=\"twitter:data1\" content=\"Redacci\u00f3n A Nova Peneira\" \/>\n\t<meta name=\"twitter:label2\" content=\"Tempo de lectura\" \/>\n\t<meta name=\"twitter:data2\" content=\"2 minutos\" \/>\n<script type=\"application\/ld+json\" class=\"yoast-schema-graph\">{\"@context\":\"https:\\\/\\\/schema.org\",\"@graph\":[{\"@type\":\"Article\",\"@id\":\"https:\\\/\\\/www.anovapeneira.gal\\\/index.php\\\/2019\\\/10\\\/14\\\/a-asociacion-de-viveiristas-de-tomino-expon-no-mercado-corenta-imaxes-do-sector\\\/#article\",\"isPartOf\":{\"@id\":\"https:\\\/\\\/www.anovapeneira.gal\\\/index.php\\\/2019\\\/10\\\/14\\\/a-asociacion-de-viveiristas-de-tomino-expon-no-mercado-corenta-imaxes-do-sector\\\/\"},\"author\":{\"name\":\"Redacci\u00f3n A Nova Peneira\",\"@id\":\"https:\\\/\\\/www.anovapeneira.gal\\\/#\\\/schema\\\/person\\\/b93e3f8932e3f8da96334607eb6ac6aa\"},\"headline\":\"A asociaci\u00f3n de viveiristas de Tomi\u00f1o exp\u00f3n no mercado corenta imaxes do sector\",\"datePublished\":\"2019-10-14T12:00:48+00:00\",\"mainEntityOfPage\":{\"@id\":\"https:\\\/\\\/www.anovapeneira.gal\\\/index.php\\\/2019\\\/10\\\/14\\\/a-asociacion-de-viveiristas-de-tomino-expon-no-mercado-corenta-imaxes-do-sector\\\/\"},\"wordCount\":362,\"commentCount\":0,\"publisher\":{\"@id\":\"https:\\\/\\\/www.anovapeneira.gal\\\/#organization\"},\"image\":{\"@id\":\"https:\\\/\\\/www.anovapeneira.gal\\\/index.php\\\/2019\\\/10\\\/14\\\/a-asociacion-de-viveiristas-de-tomino-expon-no-mercado-corenta-imaxes-do-sector\\\/#primaryimage\"},\"thumbnailUrl\":\"https:\\\/\\\/www.anovapeneira.gal\\\/wp-content\\\/uploads\\\/2019\\\/10\\\/expo_acubam_no-mercado_tominho_a_nova_peneira_1.jpg\",\"keywords\":[\"acuBam\",\"Asociaci\u00f3n de viveiristas\",\"Concello de Tomi\u00f1o\"],\"articleSection\":[\"Baixo Mi\u00f1o\"],\"inLanguage\":\"gl-ES\",\"potentialAction\":[{\"@type\":\"CommentAction\",\"name\":\"Comment\",\"target\":[\"https:\\\/\\\/www.anovapeneira.gal\\\/index.php\\\/2019\\\/10\\\/14\\\/a-asociacion-de-viveiristas-de-tomino-expon-no-mercado-corenta-imaxes-do-sector\\\/#respond\"]}]},{\"@type\":\"WebPage\",\"@id\":\"https:\\\/\\\/www.anovapeneira.gal\\\/index.php\\\/2019\\\/10\\\/14\\\/a-asociacion-de-viveiristas-de-tomino-expon-no-mercado-corenta-imaxes-do-sector\\\/\",\"url\":\"https:\\\/\\\/www.anovapeneira.gal\\\/index.php\\\/2019\\\/10\\\/14\\\/a-asociacion-de-viveiristas-de-tomino-expon-no-mercado-corenta-imaxes-do-sector\\\/\",\"name\":\"A asociaci\u00f3n de viveiristas de Tomi\u00f1o exp\u00f3n no mercado corenta imaxes do sector -\",\"isPartOf\":{\"@id\":\"https:\\\/\\\/www.anovapeneira.gal\\\/#website\"},\"primaryImageOfPage\":{\"@id\":\"https:\\\/\\\/www.anovapeneira.gal\\\/index.php\\\/2019\\\/10\\\/14\\\/a-asociacion-de-viveiristas-de-tomino-expon-no-mercado-corenta-imaxes-do-sector\\\/#primaryimage\"},\"image\":{\"@id\":\"https:\\\/\\\/www.anovapeneira.gal\\\/index.php\\\/2019\\\/10\\\/14\\\/a-asociacion-de-viveiristas-de-tomino-expon-no-mercado-corenta-imaxes-do-sector\\\/#primaryimage\"},\"thumbnailUrl\":\"https:\\\/\\\/www.anovapeneira.gal\\\/wp-content\\\/uploads\\\/2019\\\/10\\\/expo_acubam_no-mercado_tominho_a_nova_peneira_1.jpg\",\"datePublished\":\"2019-10-14T12:00:48+00:00\",\"breadcrumb\":{\"@id\":\"https:\\\/\\\/www.anovapeneira.gal\\\/index.php\\\/2019\\\/10\\\/14\\\/a-asociacion-de-viveiristas-de-tomino-expon-no-mercado-corenta-imaxes-do-sector\\\/#breadcrumb\"},\"inLanguage\":\"gl-ES\",\"potentialAction\":[{\"@type\":\"ReadAction\",\"target\":[\"https:\\\/\\\/www.anovapeneira.gal\\\/index.php\\\/2019\\\/10\\\/14\\\/a-asociacion-de-viveiristas-de-tomino-expon-no-mercado-corenta-imaxes-do-sector\\\/\"]}]},{\"@type\":\"ImageObject\",\"inLanguage\":\"gl-ES\",\"@id\":\"https:\\\/\\\/www.anovapeneira.gal\\\/index.php\\\/2019\\\/10\\\/14\\\/a-asociacion-de-viveiristas-de-tomino-expon-no-mercado-corenta-imaxes-do-sector\\\/#primaryimage\",\"url\":\"https:\\\/\\\/www.anovapeneira.gal\\\/wp-content\\\/uploads\\\/2019\\\/10\\\/expo_acubam_no-mercado_tominho_a_nova_peneira_1.jpg\",\"contentUrl\":\"https:\\\/\\\/www.anovapeneira.gal\\\/wp-content\\\/uploads\\\/2019\\\/10\\\/expo_acubam_no-mercado_tominho_a_nova_peneira_1.jpg\",\"width\":720,\"height\":473,\"caption\":\"Exposici\u00f3n Acubam Concello de Tomi\u00f1o A Nova Peneira\"},{\"@type\":\"BreadcrumbList\",\"@id\":\"https:\\\/\\\/www.anovapeneira.gal\\\/index.php\\\/2019\\\/10\\\/14\\\/a-asociacion-de-viveiristas-de-tomino-expon-no-mercado-corenta-imaxes-do-sector\\\/#breadcrumb\",\"itemListElement\":[{\"@type\":\"ListItem\",\"position\":1,\"name\":\"Portada\",\"item\":\"https:\\\/\\\/www.anovapeneira.gal\\\/\"},{\"@type\":\"ListItem\",\"position\":2,\"name\":\"A asociaci\u00f3n de viveiristas de Tomi\u00f1o exp\u00f3n no mercado corenta imaxes do sector\"}]},{\"@type\":\"WebSite\",\"@id\":\"https:\\\/\\\/www.anovapeneira.gal\\\/#website\",\"url\":\"https:\\\/\\\/www.anovapeneira.gal\\\/\",\"name\":\"\",\"description\":\"Xornal galego de informaci\u00f3n xeral Publicaci\u00f3n mensual de novas de Galicia e en especial dos Concellos da sur da provincia de Pontevedra.\",\"publisher\":{\"@id\":\"https:\\\/\\\/www.anovapeneira.gal\\\/#organization\"},\"potentialAction\":[{\"@type\":\"SearchAction\",\"target\":{\"@type\":\"EntryPoint\",\"urlTemplate\":\"https:\\\/\\\/www.anovapeneira.gal\\\/?s={search_term_string}\"},\"query-input\":{\"@type\":\"PropertyValueSpecification\",\"valueRequired\":true,\"valueName\":\"search_term_string\"}}],\"inLanguage\":\"gl-ES\"},{\"@type\":\"Organization\",\"@id\":\"https:\\\/\\\/www.anovapeneira.gal\\\/#organization\",\"name\":\"A Nova Peneira\",\"url\":\"https:\\\/\\\/www.anovapeneira.gal\\\/\",\"logo\":{\"@type\":\"ImageObject\",\"inLanguage\":\"gl-ES\",\"@id\":\"https:\\\/\\\/www.anovapeneira.gal\\\/#\\\/schema\\\/logo\\\/image\\\/\",\"url\":\"http:\\\/\\\/www.anovapeneira.gal\\\/wp-content\\\/uploads\\\/2019\\\/06\\\/logo_a_nova_peneira_portal_web.png\",\"contentUrl\":\"http:\\\/\\\/www.anovapeneira.gal\\\/wp-content\\\/uploads\\\/2019\\\/06\\\/logo_a_nova_peneira_portal_web.png\",\"width\":300,\"height\":100,\"caption\":\"A Nova Peneira\"},\"image\":{\"@id\":\"https:\\\/\\\/www.anovapeneira.gal\\\/#\\\/schema\\\/logo\\\/image\\\/\"},\"sameAs\":[\"https:\\\/\\\/www.facebook.com\\\/anovapeneira\",\"https:\\\/\\\/x.com\\\/APeneira\"]},{\"@type\":\"Person\",\"@id\":\"https:\\\/\\\/www.anovapeneira.gal\\\/#\\\/schema\\\/person\\\/b93e3f8932e3f8da96334607eb6ac6aa\",\"name\":\"Redacci\u00f3n A Nova Peneira\",\"image\":{\"@type\":\"ImageObject\",\"inLanguage\":\"gl-ES\",\"@id\":\"https:\\\/\\\/secure.gravatar.com\\\/avatar\\\/c052a2551a06e23fac63626232eaa90abd78dbcf1700fc46a2b2c89fd27b735f?s=96&d=mm&r=g\",\"url\":\"https:\\\/\\\/secure.gravatar.com\\\/avatar\\\/c052a2551a06e23fac63626232eaa90abd78dbcf1700fc46a2b2c89fd27b735f?s=96&d=mm&r=g\",\"contentUrl\":\"https:\\\/\\\/secure.gravatar.com\\\/avatar\\\/c052a2551a06e23fac63626232eaa90abd78dbcf1700fc46a2b2c89fd27b735f?s=96&d=mm&r=g\",\"caption\":\"Redacci\u00f3n A Nova Peneira\"},\"sameAs\":[\"http:\\\/\\\/www.anovapeneira.gal\\\/\"],\"url\":\"https:\\\/\\\/www.anovapeneira.gal\\\/index.php\\\/author\\\/redactor\\\/\"}]}<\/script>\n<!-- \/ Yoast SEO plugin. -->","yoast_head_json":{"title":"A asociaci\u00f3n de viveiristas de Tomi\u00f1o exp\u00f3n no mercado corenta imaxes do sector -","robots":{"index":"index","follow":"follow","max-snippet":"max-snippet:-1","max-image-preview":"max-image-preview:large","max-video-preview":"max-video-preview:-1"},"canonical":"https:\/\/www.anovapeneira.gal\/index.php\/2019\/10\/14\/a-asociacion-de-viveiristas-de-tomino-expon-no-mercado-corenta-imaxes-do-sector\/","og_locale":"gl_ES","og_type":"article","og_title":"A asociaci\u00f3n de viveiristas de Tomi\u00f1o exp\u00f3n no mercado corenta imaxes do sector -","og_description":"A mostra, que conta coa colaboraci\u00f3n do Concello, permanecer\u00e1 aberta entre o 11 e o 25 deste mes. A inauguraci\u00f3n ser\u00e1 o m\u00e9rcores 16 \u00e1s 21.00h [...]","og_url":"https:\/\/www.anovapeneira.gal\/index.php\/2019\/10\/14\/a-asociacion-de-viveiristas-de-tomino-expon-no-mercado-corenta-imaxes-do-sector\/","article_publisher":"https:\/\/www.facebook.com\/anovapeneira","article_published_time":"2019-10-14T12:00:48+00:00","og_image":[{"width":720,"height":473,"url":"https:\/\/www.anovapeneira.gal\/wp-content\/uploads\/2019\/10\/expo_acubam_no-mercado_tominho_a_nova_peneira_1.jpg","type":"image\/jpeg"}],"author":"Redacci\u00f3n A Nova Peneira","twitter_card":"summary_large_image","twitter_creator":"@APeneira","twitter_site":"@APeneira","twitter_misc":{"Escrito por":"Redacci\u00f3n A Nova Peneira","Tempo de lectura":"2 minutos"},"schema":{"@context":"https:\/\/schema.org","@graph":[{"@type":"Article","@id":"https:\/\/www.anovapeneira.gal\/index.php\/2019\/10\/14\/a-asociacion-de-viveiristas-de-tomino-expon-no-mercado-corenta-imaxes-do-sector\/#article","isPartOf":{"@id":"https:\/\/www.anovapeneira.gal\/index.php\/2019\/10\/14\/a-asociacion-de-viveiristas-de-tomino-expon-no-mercado-corenta-imaxes-do-sector\/"},"author":{"name":"Redacci\u00f3n A Nova Peneira","@id":"https:\/\/www.anovapeneira.gal\/#\/schema\/person\/b93e3f8932e3f8da96334607eb6ac6aa"},"headline":"A asociaci\u00f3n de viveiristas de Tomi\u00f1o exp\u00f3n no mercado corenta imaxes do sector","datePublished":"2019-10-14T12:00:48+00:00","mainEntityOfPage":{"@id":"https:\/\/www.anovapeneira.gal\/index.php\/2019\/10\/14\/a-asociacion-de-viveiristas-de-tomino-expon-no-mercado-corenta-imaxes-do-sector\/"},"wordCount":362,"commentCount":0,"publisher":{"@id":"https:\/\/www.anovapeneira.gal\/#organization"},"image":{"@id":"https:\/\/www.anovapeneira.gal\/index.php\/2019\/10\/14\/a-asociacion-de-viveiristas-de-tomino-expon-no-mercado-corenta-imaxes-do-sector\/#primaryimage"},"thumbnailUrl":"https:\/\/www.anovapeneira.gal\/wp-content\/uploads\/2019\/10\/expo_acubam_no-mercado_tominho_a_nova_peneira_1.jpg","keywords":["acuBam","Asociaci\u00f3n de viveiristas","Concello de Tomi\u00f1o"],"articleSection":["Baixo Mi\u00f1o"],"inLanguage":"gl-ES","potentialAction":[{"@type":"CommentAction","name":"Comment","target":["https:\/\/www.anovapeneira.gal\/index.php\/2019\/10\/14\/a-asociacion-de-viveiristas-de-tomino-expon-no-mercado-corenta-imaxes-do-sector\/#respond"]}]},{"@type":"WebPage","@id":"https:\/\/www.anovapeneira.gal\/index.php\/2019\/10\/14\/a-asociacion-de-viveiristas-de-tomino-expon-no-mercado-corenta-imaxes-do-sector\/","url":"https:\/\/www.anovapeneira.gal\/index.php\/2019\/10\/14\/a-asociacion-de-viveiristas-de-tomino-expon-no-mercado-corenta-imaxes-do-sector\/","name":"A asociaci\u00f3n de viveiristas de Tomi\u00f1o exp\u00f3n no mercado corenta imaxes do sector -","isPartOf":{"@id":"https:\/\/www.anovapeneira.gal\/#website"},"primaryImageOfPage":{"@id":"https:\/\/www.anovapeneira.gal\/index.php\/2019\/10\/14\/a-asociacion-de-viveiristas-de-tomino-expon-no-mercado-corenta-imaxes-do-sector\/#primaryimage"},"image":{"@id":"https:\/\/www.anovapeneira.gal\/index.php\/2019\/10\/14\/a-asociacion-de-viveiristas-de-tomino-expon-no-mercado-corenta-imaxes-do-sector\/#primaryimage"},"thumbnailUrl":"https:\/\/www.anovapeneira.gal\/wp-content\/uploads\/2019\/10\/expo_acubam_no-mercado_tominho_a_nova_peneira_1.jpg","datePublished":"2019-10-14T12:00:48+00:00","breadcrumb":{"@id":"https:\/\/www.anovapeneira.gal\/index.php\/2019\/10\/14\/a-asociacion-de-viveiristas-de-tomino-expon-no-mercado-corenta-imaxes-do-sector\/#breadcrumb"},"inLanguage":"gl-ES","potentialAction":[{"@type":"ReadAction","target":["https:\/\/www.anovapeneira.gal\/index.php\/2019\/10\/14\/a-asociacion-de-viveiristas-de-tomino-expon-no-mercado-corenta-imaxes-do-sector\/"]}]},{"@type":"ImageObject","inLanguage":"gl-ES","@id":"https:\/\/www.anovapeneira.gal\/index.php\/2019\/10\/14\/a-asociacion-de-viveiristas-de-tomino-expon-no-mercado-corenta-imaxes-do-sector\/#primaryimage","url":"https:\/\/www.anovapeneira.gal\/wp-content\/uploads\/2019\/10\/expo_acubam_no-mercado_tominho_a_nova_peneira_1.jpg","contentUrl":"https:\/\/www.anovapeneira.gal\/wp-content\/uploads\/2019\/10\/expo_acubam_no-mercado_tominho_a_nova_peneira_1.jpg","width":720,"height":473,"caption":"Exposici\u00f3n Acubam Concello de Tomi\u00f1o A Nova Peneira"},{"@type":"BreadcrumbList","@id":"https:\/\/www.anovapeneira.gal\/index.php\/2019\/10\/14\/a-asociacion-de-viveiristas-de-tomino-expon-no-mercado-corenta-imaxes-do-sector\/#breadcrumb","itemListElement":[{"@type":"ListItem","position":1,"name":"Portada","item":"https:\/\/www.anovapeneira.gal\/"},{"@type":"ListItem","position":2,"name":"A asociaci\u00f3n de viveiristas de Tomi\u00f1o exp\u00f3n no mercado corenta imaxes do sector"}]},{"@type":"WebSite","@id":"https:\/\/www.anovapeneira.gal\/#website","url":"https:\/\/www.anovapeneira.gal\/","name":"","description":"Xornal galego de informaci\u00f3n xeral Publicaci\u00f3n mensual de novas de Galicia e en especial dos Concellos da sur da provincia de Pontevedra.","publisher":{"@id":"https:\/\/www.anovapeneira.gal\/#organization"},"potentialAction":[{"@type":"SearchAction","target":{"@type":"EntryPoint","urlTemplate":"https:\/\/www.anovapeneira.gal\/?s={search_term_string}"},"query-input":{"@type":"PropertyValueSpecification","valueRequired":true,"valueName":"search_term_string"}}],"inLanguage":"gl-ES"},{"@type":"Organization","@id":"https:\/\/www.anovapeneira.gal\/#organization","name":"A Nova Peneira","url":"https:\/\/www.anovapeneira.gal\/","logo":{"@type":"ImageObject","inLanguage":"gl-ES","@id":"https:\/\/www.anovapeneira.gal\/#\/schema\/logo\/image\/","url":"http:\/\/www.anovapeneira.gal\/wp-content\/uploads\/2019\/06\/logo_a_nova_peneira_portal_web.png","contentUrl":"http:\/\/www.anovapeneira.gal\/wp-content\/uploads\/2019\/06\/logo_a_nova_peneira_portal_web.png","width":300,"height":100,"caption":"A Nova Peneira"},"image":{"@id":"https:\/\/www.anovapeneira.gal\/#\/schema\/logo\/image\/"},"sameAs":["https:\/\/www.facebook.com\/anovapeneira","https:\/\/x.com\/APeneira"]},{"@type":"Person","@id":"https:\/\/www.anovapeneira.gal\/#\/schema\/person\/b93e3f8932e3f8da96334607eb6ac6aa","name":"Redacci\u00f3n A Nova Peneira","image":{"@type":"ImageObject","inLanguage":"gl-ES","@id":"https:\/\/secure.gravatar.com\/avatar\/c052a2551a06e23fac63626232eaa90abd78dbcf1700fc46a2b2c89fd27b735f?s=96&d=mm&r=g","url":"https:\/\/secure.gravatar.com\/avatar\/c052a2551a06e23fac63626232eaa90abd78dbcf1700fc46a2b2c89fd27b735f?s=96&d=mm&r=g","contentUrl":"https:\/\/secure.gravatar.com\/avatar\/c052a2551a06e23fac63626232eaa90abd78dbcf1700fc46a2b2c89fd27b735f?s=96&d=mm&r=g","caption":"Redacci\u00f3n A Nova Peneira"},"sameAs":["http:\/\/www.anovapeneira.gal\/"],"url":"https:\/\/www.anovapeneira.gal\/index.php\/author\/redactor\/"}]}},"jetpack_featured_media_url":"https:\/\/www.anovapeneira.gal\/wp-content\/uploads\/2019\/10\/expo_acubam_no-mercado_tominho_a_nova_peneira_1.jpg","_links":{"self":[{"href":"https:\/\/www.anovapeneira.gal\/index.php\/wp-json\/wp\/v2\/posts\/1489","targetHints":{"allow":["GET"]}}],"collection":[{"href":"https:\/\/www.anovapeneira.gal\/index.php\/wp-json\/wp\/v2\/posts"}],"about":[{"href":"https:\/\/www.anovapeneira.gal\/index.php\/wp-json\/wp\/v2\/types\/post"}],"author":[{"embeddable":true,"href":"https:\/\/www.anovapeneira.gal\/index.php\/wp-json\/wp\/v2\/users\/3"}],"replies":[{"embeddable":true,"href":"https:\/\/www.anovapeneira.gal\/index.php\/wp-json\/wp\/v2\/comments?post=1489"}],"version-history":[{"count":1,"href":"https:\/\/www.anovapeneira.gal\/index.php\/wp-json\/wp\/v2\/posts\/1489\/revisions"}],"predecessor-version":[{"id":1492,"href":"https:\/\/www.anovapeneira.gal\/index.php\/wp-json\/wp\/v2\/posts\/1489\/revisions\/1492"}],"wp:featuredmedia":[{"embeddable":true,"href":"https:\/\/www.anovapeneira.gal\/index.php\/wp-json\/wp\/v2\/media\/1490"}],"wp:attachment":[{"href":"https:\/\/www.anovapeneira.gal\/index.php\/wp-json\/wp\/v2\/media?parent=1489"}],"wp:term":[{"taxonomy":"category","embeddable":true,"href":"https:\/\/www.anovapeneira.gal\/index.php\/wp-json\/wp\/v2\/categories?post=1489"},{"taxonomy":"post_tag","embeddable":true,"href":"https:\/\/www.anovapeneira.gal\/index.php\/wp-json\/wp\/v2\/tags?post=1489"}],"curies":[{"name":"wp","href":"https:\/\/api.w.org\/{rel}","templated":true}]}}