{"id":14891,"date":"2025-11-05T12:00:13","date_gmt":"2025-11-05T11:00:13","guid":{"rendered":"https:\/\/www.anovapeneira.gal\/?p=14891"},"modified":"2025-11-02T09:03:50","modified_gmt":"2025-11-02T08:03:50","slug":"o-pleno-da-corporacion-dara-conta-da-nova-organizacion-das-areas-do-goberno-local-coa-toma-e-posesion-de-vicente-lamas","status":"publish","type":"post","link":"https:\/\/www.anovapeneira.gal\/index.php\/2025\/11\/05\/o-pleno-da-corporacion-dara-conta-da-nova-organizacion-das-areas-do-goberno-local-coa-toma-e-posesion-de-vicente-lamas\/","title":{"rendered":"O pleno da Corporaci\u00f3n dar\u00e1 conta da nova organizaci\u00f3n das \u00e1reas do goberno local coa toma e posesi\u00f3n de Vicente Lamas"},"content":{"rendered":"\n<p><strong>Redondela, 30 de outubro de 2025. <\/strong><\/p>\n\n\n\n<p>Na sesi\u00f3n do pleno ordinario de outubro que esta tarde celebra a Corporaci\u00f3n de Redondela anunciarase a nova organizaci\u00f3n das \u00e1reas do goberno local. Hoxe tomar\u00e1 posesi\u00f3n como membro do grupo municipal do PSdG PSOE Vicente Lamas, quen xa formara parte do goberno local no anterior mandato.<\/p>\n\n\n\n<p>Lamas asumir\u00e1 as conceller\u00edas de Limpeza Viaria, Limpeza de Praias, Mercados e Parroquias. A alcaldesa, Digna Rivas, sumar\u00e1 a Normalizaci\u00f3n Ling\u00fc\u00edstica a nova conceller\u00eda de Memoria Democr\u00e1tica. O edil Alberto \u00c1lvarez mant\u00e9n as \u00e1reas de Medio Ambiente, Sanidade, Transici\u00f3n Enerx\u00e9tica e Participaci\u00f3n Cidad\u00e1, \u00e1s que suma as \u00e1reas de Emprego e Ensino. Antonio Cabaleiro, responsable de Urbanismo, Patrimonio, Transparencia e Novas Tecnolox\u00edas incorpora a \u00e1rea de Deportes. Pedro Villaverde segue como concelleiro de Parques e Xard\u00edns, Feiras e Limpeza e roza de beirav\u00edas. A concelleira Rita P\u00e9rez mant\u00e9n as mesmas competencias con Econom\u00eda e Facenda, Cultura e Turismo, Persoal, Interior e Seguridade. Iria Vilaboa mant\u00e9n as conceller\u00edas de Servizos Sociais, Igualdade, Benestar Comunitario, Persoas Maiores e Infancia, e engade Xuventude. O concelleiro Roberto Villar, de AER, mant\u00e9n as mesmas competencias coas \u00e1reas de Infraestruturas e Sostibilidade, que incl\u00faen os servizos de v\u00edas e obras, alumeado p\u00fablico, abastecemento de auga e saneamento, residuos s\u00f3lidos urbanos e Rescate e control de especies.<\/p>\n","protected":false},"excerpt":{"rendered":"<div class=\"mh-excerpt\"><p>Na sesi\u00f3n do pleno ordinario de outubro que esta tarde celebra a Corporaci\u00f3n de Redondela anunciarase a nova organizaci\u00f3n das \u00e1reas do goberno local <a class=\"mh-excerpt-more\" href=\"https:\/\/www.anovapeneira.gal\/index.php\/2025\/11\/05\/o-pleno-da-corporacion-dara-conta-da-nova-organizacion-das-areas-do-goberno-local-coa-toma-e-posesion-de-vicente-lamas\/\" title=\"O pleno da Corporaci\u00f3n dar\u00e1 conta da nova organizaci\u00f3n das \u00e1reas do goberno local coa toma e posesi\u00f3n de Vicente Lamas\">[&#8230;]<\/a><\/p>\n<\/div>","protected":false},"author":3,"featured_media":1456,"comment_status":"open","ping_status":"open","sticky":false,"template":"","format":"standard","meta":{"_exactmetrics_skip_tracking":false,"_exactmetrics_sitenote_active":false,"_exactmetrics_sitenote_note":"","_exactmetrics_sitenote_category":0,"footnotes":""},"categories":[24],"tags":[171],"class_list":{"0":"post-14891","1":"post","2":"type-post","3":"status-publish","4":"format-standard","5":"has-post-thumbnail","7":"category-redondela","8":"tag-concello-de-redondela"},"yoast_head":"<!-- This site is optimized with the Yoast SEO plugin v27.4 - https:\/\/yoast.com\/product\/yoast-seo-wordpress\/ -->\n<title>O pleno da Corporaci\u00f3n dar\u00e1 conta da nova organizaci\u00f3n das \u00e1reas do goberno local coa toma e posesi\u00f3n de Vicente Lamas -<\/title>\n<meta name=\"robots\" content=\"index, follow, max-snippet:-1, max-image-preview:large, max-video-preview:-1\" \/>\n<link rel=\"canonical\" href=\"https:\/\/www.anovapeneira.gal\/index.php\/2025\/11\/05\/o-pleno-da-corporacion-dara-conta-da-nova-organizacion-das-areas-do-goberno-local-coa-toma-e-posesion-de-vicente-lamas\/\" \/>\n<meta property=\"og:locale\" content=\"gl_ES\" \/>\n<meta property=\"og:type\" content=\"article\" \/>\n<meta property=\"og:title\" content=\"O pleno da Corporaci\u00f3n dar\u00e1 conta da nova organizaci\u00f3n das \u00e1reas do goberno local coa toma e posesi\u00f3n de Vicente Lamas -\" \/>\n<meta property=\"og:description\" content=\"Na sesi\u00f3n do pleno ordinario de outubro que esta tarde celebra a Corporaci\u00f3n de Redondela anunciarase a nova organizaci\u00f3n das \u00e1reas do goberno local [...]\" \/>\n<meta property=\"og:url\" content=\"https:\/\/www.anovapeneira.gal\/index.php\/2025\/11\/05\/o-pleno-da-corporacion-dara-conta-da-nova-organizacion-das-areas-do-goberno-local-coa-toma-e-posesion-de-vicente-lamas\/\" \/>\n<meta property=\"article:publisher\" content=\"https:\/\/www.facebook.com\/anovapeneira\" \/>\n<meta property=\"article:published_time\" content=\"2025-11-05T11:00:13+00:00\" \/>\n<meta property=\"og:image\" content=\"https:\/\/www.anovapeneira.gal\/wp-content\/uploads\/2019\/10\/concelloredondela_a_nova_peneira.jpg\" \/>\n\t<meta property=\"og:image:width\" content=\"720\" \/>\n\t<meta property=\"og:image:height\" content=\"473\" \/>\n\t<meta property=\"og:image:type\" content=\"image\/jpeg\" \/>\n<meta name=\"author\" content=\"Redacci\u00f3n A Nova Peneira\" \/>\n<meta name=\"twitter:card\" content=\"summary_large_image\" \/>\n<meta name=\"twitter:creator\" content=\"@APeneira\" \/>\n<meta name=\"twitter:site\" content=\"@APeneira\" \/>\n<meta name=\"twitter:label1\" content=\"Escrito por\" \/>\n\t<meta name=\"twitter:data1\" content=\"Redacci\u00f3n A Nova Peneira\" \/>\n\t<meta name=\"twitter:label2\" content=\"Tempo de lectura\" \/>\n\t<meta name=\"twitter:data2\" content=\"2 minutos\" \/>\n<script type=\"application\/ld+json\" class=\"yoast-schema-graph\">{\"@context\":\"https:\\\/\\\/schema.org\",\"@graph\":[{\"@type\":\"Article\",\"@id\":\"https:\\\/\\\/www.anovapeneira.gal\\\/index.php\\\/2025\\\/11\\\/05\\\/o-pleno-da-corporacion-dara-conta-da-nova-organizacion-das-areas-do-goberno-local-coa-toma-e-posesion-de-vicente-lamas\\\/#article\",\"isPartOf\":{\"@id\":\"https:\\\/\\\/www.anovapeneira.gal\\\/index.php\\\/2025\\\/11\\\/05\\\/o-pleno-da-corporacion-dara-conta-da-nova-organizacion-das-areas-do-goberno-local-coa-toma-e-posesion-de-vicente-lamas\\\/\"},\"author\":{\"name\":\"Redacci\u00f3n A Nova Peneira\",\"@id\":\"https:\\\/\\\/www.anovapeneira.gal\\\/#\\\/schema\\\/person\\\/b93e3f8932e3f8da96334607eb6ac6aa\"},\"headline\":\"O pleno da Corporaci\u00f3n dar\u00e1 conta da nova organizaci\u00f3n das \u00e1reas do goberno local coa toma e posesi\u00f3n de Vicente Lamas\",\"datePublished\":\"2025-11-05T11:00:13+00:00\",\"mainEntityOfPage\":{\"@id\":\"https:\\\/\\\/www.anovapeneira.gal\\\/index.php\\\/2025\\\/11\\\/05\\\/o-pleno-da-corporacion-dara-conta-da-nova-organizacion-das-areas-do-goberno-local-coa-toma-e-posesion-de-vicente-lamas\\\/\"},\"wordCount\":261,\"commentCount\":0,\"publisher\":{\"@id\":\"https:\\\/\\\/www.anovapeneira.gal\\\/#organization\"},\"image\":{\"@id\":\"https:\\\/\\\/www.anovapeneira.gal\\\/index.php\\\/2025\\\/11\\\/05\\\/o-pleno-da-corporacion-dara-conta-da-nova-organizacion-das-areas-do-goberno-local-coa-toma-e-posesion-de-vicente-lamas\\\/#primaryimage\"},\"thumbnailUrl\":\"https:\\\/\\\/www.anovapeneira.gal\\\/wp-content\\\/uploads\\\/2019\\\/10\\\/concelloredondela_a_nova_peneira.jpg\",\"keywords\":[\"Concello de Redondela\"],\"articleSection\":[\"Redondela\"],\"inLanguage\":\"gl-ES\",\"potentialAction\":[{\"@type\":\"CommentAction\",\"name\":\"Comment\",\"target\":[\"https:\\\/\\\/www.anovapeneira.gal\\\/index.php\\\/2025\\\/11\\\/05\\\/o-pleno-da-corporacion-dara-conta-da-nova-organizacion-das-areas-do-goberno-local-coa-toma-e-posesion-de-vicente-lamas\\\/#respond\"]}]},{\"@type\":\"WebPage\",\"@id\":\"https:\\\/\\\/www.anovapeneira.gal\\\/index.php\\\/2025\\\/11\\\/05\\\/o-pleno-da-corporacion-dara-conta-da-nova-organizacion-das-areas-do-goberno-local-coa-toma-e-posesion-de-vicente-lamas\\\/\",\"url\":\"https:\\\/\\\/www.anovapeneira.gal\\\/index.php\\\/2025\\\/11\\\/05\\\/o-pleno-da-corporacion-dara-conta-da-nova-organizacion-das-areas-do-goberno-local-coa-toma-e-posesion-de-vicente-lamas\\\/\",\"name\":\"O pleno da Corporaci\u00f3n dar\u00e1 conta da nova organizaci\u00f3n das \u00e1reas do goberno local coa toma e posesi\u00f3n de Vicente Lamas -\",\"isPartOf\":{\"@id\":\"https:\\\/\\\/www.anovapeneira.gal\\\/#website\"},\"primaryImageOfPage\":{\"@id\":\"https:\\\/\\\/www.anovapeneira.gal\\\/index.php\\\/2025\\\/11\\\/05\\\/o-pleno-da-corporacion-dara-conta-da-nova-organizacion-das-areas-do-goberno-local-coa-toma-e-posesion-de-vicente-lamas\\\/#primaryimage\"},\"image\":{\"@id\":\"https:\\\/\\\/www.anovapeneira.gal\\\/index.php\\\/2025\\\/11\\\/05\\\/o-pleno-da-corporacion-dara-conta-da-nova-organizacion-das-areas-do-goberno-local-coa-toma-e-posesion-de-vicente-lamas\\\/#primaryimage\"},\"thumbnailUrl\":\"https:\\\/\\\/www.anovapeneira.gal\\\/wp-content\\\/uploads\\\/2019\\\/10\\\/concelloredondela_a_nova_peneira.jpg\",\"datePublished\":\"2025-11-05T11:00:13+00:00\",\"breadcrumb\":{\"@id\":\"https:\\\/\\\/www.anovapeneira.gal\\\/index.php\\\/2025\\\/11\\\/05\\\/o-pleno-da-corporacion-dara-conta-da-nova-organizacion-das-areas-do-goberno-local-coa-toma-e-posesion-de-vicente-lamas\\\/#breadcrumb\"},\"inLanguage\":\"gl-ES\",\"potentialAction\":[{\"@type\":\"ReadAction\",\"target\":[\"https:\\\/\\\/www.anovapeneira.gal\\\/index.php\\\/2025\\\/11\\\/05\\\/o-pleno-da-corporacion-dara-conta-da-nova-organizacion-das-areas-do-goberno-local-coa-toma-e-posesion-de-vicente-lamas\\\/\"]}]},{\"@type\":\"ImageObject\",\"inLanguage\":\"gl-ES\",\"@id\":\"https:\\\/\\\/www.anovapeneira.gal\\\/index.php\\\/2025\\\/11\\\/05\\\/o-pleno-da-corporacion-dara-conta-da-nova-organizacion-das-areas-do-goberno-local-coa-toma-e-posesion-de-vicente-lamas\\\/#primaryimage\",\"url\":\"https:\\\/\\\/www.anovapeneira.gal\\\/wp-content\\\/uploads\\\/2019\\\/10\\\/concelloredondela_a_nova_peneira.jpg\",\"contentUrl\":\"https:\\\/\\\/www.anovapeneira.gal\\\/wp-content\\\/uploads\\\/2019\\\/10\\\/concelloredondela_a_nova_peneira.jpg\",\"width\":720,\"height\":473,\"caption\":\"Concello de Redondela A Nova Peneira\"},{\"@type\":\"BreadcrumbList\",\"@id\":\"https:\\\/\\\/www.anovapeneira.gal\\\/index.php\\\/2025\\\/11\\\/05\\\/o-pleno-da-corporacion-dara-conta-da-nova-organizacion-das-areas-do-goberno-local-coa-toma-e-posesion-de-vicente-lamas\\\/#breadcrumb\",\"itemListElement\":[{\"@type\":\"ListItem\",\"position\":1,\"name\":\"Portada\",\"item\":\"https:\\\/\\\/www.anovapeneira.gal\\\/\"},{\"@type\":\"ListItem\",\"position\":2,\"name\":\"O pleno da Corporaci\u00f3n dar\u00e1 conta da nova organizaci\u00f3n das \u00e1reas do goberno local coa toma e posesi\u00f3n de Vicente Lamas\"}]},{\"@type\":\"WebSite\",\"@id\":\"https:\\\/\\\/www.anovapeneira.gal\\\/#website\",\"url\":\"https:\\\/\\\/www.anovapeneira.gal\\\/\",\"name\":\"\",\"description\":\"Xornal galego de informaci\u00f3n xeral Publicaci\u00f3n mensual de novas de Galicia e en especial dos Concellos da sur da provincia de Pontevedra.\",\"publisher\":{\"@id\":\"https:\\\/\\\/www.anovapeneira.gal\\\/#organization\"},\"potentialAction\":[{\"@type\":\"SearchAction\",\"target\":{\"@type\":\"EntryPoint\",\"urlTemplate\":\"https:\\\/\\\/www.anovapeneira.gal\\\/?s={search_term_string}\"},\"query-input\":{\"@type\":\"PropertyValueSpecification\",\"valueRequired\":true,\"valueName\":\"search_term_string\"}}],\"inLanguage\":\"gl-ES\"},{\"@type\":\"Organization\",\"@id\":\"https:\\\/\\\/www.anovapeneira.gal\\\/#organization\",\"name\":\"A Nova Peneira\",\"url\":\"https:\\\/\\\/www.anovapeneira.gal\\\/\",\"logo\":{\"@type\":\"ImageObject\",\"inLanguage\":\"gl-ES\",\"@id\":\"https:\\\/\\\/www.anovapeneira.gal\\\/#\\\/schema\\\/logo\\\/image\\\/\",\"url\":\"http:\\\/\\\/www.anovapeneira.gal\\\/wp-content\\\/uploads\\\/2019\\\/06\\\/logo_a_nova_peneira_portal_web.png\",\"contentUrl\":\"http:\\\/\\\/www.anovapeneira.gal\\\/wp-content\\\/uploads\\\/2019\\\/06\\\/logo_a_nova_peneira_portal_web.png\",\"width\":300,\"height\":100,\"caption\":\"A Nova Peneira\"},\"image\":{\"@id\":\"https:\\\/\\\/www.anovapeneira.gal\\\/#\\\/schema\\\/logo\\\/image\\\/\"},\"sameAs\":[\"https:\\\/\\\/www.facebook.com\\\/anovapeneira\",\"https:\\\/\\\/x.com\\\/APeneira\"]},{\"@type\":\"Person\",\"@id\":\"https:\\\/\\\/www.anovapeneira.gal\\\/#\\\/schema\\\/person\\\/b93e3f8932e3f8da96334607eb6ac6aa\",\"name\":\"Redacci\u00f3n A Nova Peneira\",\"image\":{\"@type\":\"ImageObject\",\"inLanguage\":\"gl-ES\",\"@id\":\"https:\\\/\\\/secure.gravatar.com\\\/avatar\\\/c052a2551a06e23fac63626232eaa90abd78dbcf1700fc46a2b2c89fd27b735f?s=96&d=mm&r=g\",\"url\":\"https:\\\/\\\/secure.gravatar.com\\\/avatar\\\/c052a2551a06e23fac63626232eaa90abd78dbcf1700fc46a2b2c89fd27b735f?s=96&d=mm&r=g\",\"contentUrl\":\"https:\\\/\\\/secure.gravatar.com\\\/avatar\\\/c052a2551a06e23fac63626232eaa90abd78dbcf1700fc46a2b2c89fd27b735f?s=96&d=mm&r=g\",\"caption\":\"Redacci\u00f3n A Nova Peneira\"},\"sameAs\":[\"http:\\\/\\\/www.anovapeneira.gal\\\/\"],\"url\":\"https:\\\/\\\/www.anovapeneira.gal\\\/index.php\\\/author\\\/redactor\\\/\"}]}<\/script>\n<!-- \/ Yoast SEO plugin. -->","yoast_head_json":{"title":"O pleno da Corporaci\u00f3n dar\u00e1 conta da nova organizaci\u00f3n das \u00e1reas do goberno local coa toma e posesi\u00f3n de Vicente Lamas -","robots":{"index":"index","follow":"follow","max-snippet":"max-snippet:-1","max-image-preview":"max-image-preview:large","max-video-preview":"max-video-preview:-1"},"canonical":"https:\/\/www.anovapeneira.gal\/index.php\/2025\/11\/05\/o-pleno-da-corporacion-dara-conta-da-nova-organizacion-das-areas-do-goberno-local-coa-toma-e-posesion-de-vicente-lamas\/","og_locale":"gl_ES","og_type":"article","og_title":"O pleno da Corporaci\u00f3n dar\u00e1 conta da nova organizaci\u00f3n das \u00e1reas do goberno local coa toma e posesi\u00f3n de Vicente Lamas -","og_description":"Na sesi\u00f3n do pleno ordinario de outubro que esta tarde celebra a Corporaci\u00f3n de Redondela anunciarase a nova organizaci\u00f3n das \u00e1reas do goberno local [...]","og_url":"https:\/\/www.anovapeneira.gal\/index.php\/2025\/11\/05\/o-pleno-da-corporacion-dara-conta-da-nova-organizacion-das-areas-do-goberno-local-coa-toma-e-posesion-de-vicente-lamas\/","article_publisher":"https:\/\/www.facebook.com\/anovapeneira","article_published_time":"2025-11-05T11:00:13+00:00","og_image":[{"width":720,"height":473,"url":"https:\/\/www.anovapeneira.gal\/wp-content\/uploads\/2019\/10\/concelloredondela_a_nova_peneira.jpg","type":"image\/jpeg"}],"author":"Redacci\u00f3n A Nova Peneira","twitter_card":"summary_large_image","twitter_creator":"@APeneira","twitter_site":"@APeneira","twitter_misc":{"Escrito por":"Redacci\u00f3n A Nova Peneira","Tempo de lectura":"2 minutos"},"schema":{"@context":"https:\/\/schema.org","@graph":[{"@type":"Article","@id":"https:\/\/www.anovapeneira.gal\/index.php\/2025\/11\/05\/o-pleno-da-corporacion-dara-conta-da-nova-organizacion-das-areas-do-goberno-local-coa-toma-e-posesion-de-vicente-lamas\/#article","isPartOf":{"@id":"https:\/\/www.anovapeneira.gal\/index.php\/2025\/11\/05\/o-pleno-da-corporacion-dara-conta-da-nova-organizacion-das-areas-do-goberno-local-coa-toma-e-posesion-de-vicente-lamas\/"},"author":{"name":"Redacci\u00f3n A Nova Peneira","@id":"https:\/\/www.anovapeneira.gal\/#\/schema\/person\/b93e3f8932e3f8da96334607eb6ac6aa"},"headline":"O pleno da Corporaci\u00f3n dar\u00e1 conta da nova organizaci\u00f3n das \u00e1reas do goberno local coa toma e posesi\u00f3n de Vicente Lamas","datePublished":"2025-11-05T11:00:13+00:00","mainEntityOfPage":{"@id":"https:\/\/www.anovapeneira.gal\/index.php\/2025\/11\/05\/o-pleno-da-corporacion-dara-conta-da-nova-organizacion-das-areas-do-goberno-local-coa-toma-e-posesion-de-vicente-lamas\/"},"wordCount":261,"commentCount":0,"publisher":{"@id":"https:\/\/www.anovapeneira.gal\/#organization"},"image":{"@id":"https:\/\/www.anovapeneira.gal\/index.php\/2025\/11\/05\/o-pleno-da-corporacion-dara-conta-da-nova-organizacion-das-areas-do-goberno-local-coa-toma-e-posesion-de-vicente-lamas\/#primaryimage"},"thumbnailUrl":"https:\/\/www.anovapeneira.gal\/wp-content\/uploads\/2019\/10\/concelloredondela_a_nova_peneira.jpg","keywords":["Concello de Redondela"],"articleSection":["Redondela"],"inLanguage":"gl-ES","potentialAction":[{"@type":"CommentAction","name":"Comment","target":["https:\/\/www.anovapeneira.gal\/index.php\/2025\/11\/05\/o-pleno-da-corporacion-dara-conta-da-nova-organizacion-das-areas-do-goberno-local-coa-toma-e-posesion-de-vicente-lamas\/#respond"]}]},{"@type":"WebPage","@id":"https:\/\/www.anovapeneira.gal\/index.php\/2025\/11\/05\/o-pleno-da-corporacion-dara-conta-da-nova-organizacion-das-areas-do-goberno-local-coa-toma-e-posesion-de-vicente-lamas\/","url":"https:\/\/www.anovapeneira.gal\/index.php\/2025\/11\/05\/o-pleno-da-corporacion-dara-conta-da-nova-organizacion-das-areas-do-goberno-local-coa-toma-e-posesion-de-vicente-lamas\/","name":"O pleno da Corporaci\u00f3n dar\u00e1 conta da nova organizaci\u00f3n das \u00e1reas do goberno local coa toma e posesi\u00f3n de Vicente Lamas -","isPartOf":{"@id":"https:\/\/www.anovapeneira.gal\/#website"},"primaryImageOfPage":{"@id":"https:\/\/www.anovapeneira.gal\/index.php\/2025\/11\/05\/o-pleno-da-corporacion-dara-conta-da-nova-organizacion-das-areas-do-goberno-local-coa-toma-e-posesion-de-vicente-lamas\/#primaryimage"},"image":{"@id":"https:\/\/www.anovapeneira.gal\/index.php\/2025\/11\/05\/o-pleno-da-corporacion-dara-conta-da-nova-organizacion-das-areas-do-goberno-local-coa-toma-e-posesion-de-vicente-lamas\/#primaryimage"},"thumbnailUrl":"https:\/\/www.anovapeneira.gal\/wp-content\/uploads\/2019\/10\/concelloredondela_a_nova_peneira.jpg","datePublished":"2025-11-05T11:00:13+00:00","breadcrumb":{"@id":"https:\/\/www.anovapeneira.gal\/index.php\/2025\/11\/05\/o-pleno-da-corporacion-dara-conta-da-nova-organizacion-das-areas-do-goberno-local-coa-toma-e-posesion-de-vicente-lamas\/#breadcrumb"},"inLanguage":"gl-ES","potentialAction":[{"@type":"ReadAction","target":["https:\/\/www.anovapeneira.gal\/index.php\/2025\/11\/05\/o-pleno-da-corporacion-dara-conta-da-nova-organizacion-das-areas-do-goberno-local-coa-toma-e-posesion-de-vicente-lamas\/"]}]},{"@type":"ImageObject","inLanguage":"gl-ES","@id":"https:\/\/www.anovapeneira.gal\/index.php\/2025\/11\/05\/o-pleno-da-corporacion-dara-conta-da-nova-organizacion-das-areas-do-goberno-local-coa-toma-e-posesion-de-vicente-lamas\/#primaryimage","url":"https:\/\/www.anovapeneira.gal\/wp-content\/uploads\/2019\/10\/concelloredondela_a_nova_peneira.jpg","contentUrl":"https:\/\/www.anovapeneira.gal\/wp-content\/uploads\/2019\/10\/concelloredondela_a_nova_peneira.jpg","width":720,"height":473,"caption":"Concello de Redondela A Nova Peneira"},{"@type":"BreadcrumbList","@id":"https:\/\/www.anovapeneira.gal\/index.php\/2025\/11\/05\/o-pleno-da-corporacion-dara-conta-da-nova-organizacion-das-areas-do-goberno-local-coa-toma-e-posesion-de-vicente-lamas\/#breadcrumb","itemListElement":[{"@type":"ListItem","position":1,"name":"Portada","item":"https:\/\/www.anovapeneira.gal\/"},{"@type":"ListItem","position":2,"name":"O pleno da Corporaci\u00f3n dar\u00e1 conta da nova organizaci\u00f3n das \u00e1reas do goberno local coa toma e posesi\u00f3n de Vicente Lamas"}]},{"@type":"WebSite","@id":"https:\/\/www.anovapeneira.gal\/#website","url":"https:\/\/www.anovapeneira.gal\/","name":"","description":"Xornal galego de informaci\u00f3n xeral Publicaci\u00f3n mensual de novas de Galicia e en especial dos Concellos da sur da provincia de Pontevedra.","publisher":{"@id":"https:\/\/www.anovapeneira.gal\/#organization"},"potentialAction":[{"@type":"SearchAction","target":{"@type":"EntryPoint","urlTemplate":"https:\/\/www.anovapeneira.gal\/?s={search_term_string}"},"query-input":{"@type":"PropertyValueSpecification","valueRequired":true,"valueName":"search_term_string"}}],"inLanguage":"gl-ES"},{"@type":"Organization","@id":"https:\/\/www.anovapeneira.gal\/#organization","name":"A Nova Peneira","url":"https:\/\/www.anovapeneira.gal\/","logo":{"@type":"ImageObject","inLanguage":"gl-ES","@id":"https:\/\/www.anovapeneira.gal\/#\/schema\/logo\/image\/","url":"http:\/\/www.anovapeneira.gal\/wp-content\/uploads\/2019\/06\/logo_a_nova_peneira_portal_web.png","contentUrl":"http:\/\/www.anovapeneira.gal\/wp-content\/uploads\/2019\/06\/logo_a_nova_peneira_portal_web.png","width":300,"height":100,"caption":"A Nova Peneira"},"image":{"@id":"https:\/\/www.anovapeneira.gal\/#\/schema\/logo\/image\/"},"sameAs":["https:\/\/www.facebook.com\/anovapeneira","https:\/\/x.com\/APeneira"]},{"@type":"Person","@id":"https:\/\/www.anovapeneira.gal\/#\/schema\/person\/b93e3f8932e3f8da96334607eb6ac6aa","name":"Redacci\u00f3n A Nova Peneira","image":{"@type":"ImageObject","inLanguage":"gl-ES","@id":"https:\/\/secure.gravatar.com\/avatar\/c052a2551a06e23fac63626232eaa90abd78dbcf1700fc46a2b2c89fd27b735f?s=96&d=mm&r=g","url":"https:\/\/secure.gravatar.com\/avatar\/c052a2551a06e23fac63626232eaa90abd78dbcf1700fc46a2b2c89fd27b735f?s=96&d=mm&r=g","contentUrl":"https:\/\/secure.gravatar.com\/avatar\/c052a2551a06e23fac63626232eaa90abd78dbcf1700fc46a2b2c89fd27b735f?s=96&d=mm&r=g","caption":"Redacci\u00f3n A Nova Peneira"},"sameAs":["http:\/\/www.anovapeneira.gal\/"],"url":"https:\/\/www.anovapeneira.gal\/index.php\/author\/redactor\/"}]}},"jetpack_featured_media_url":"https:\/\/www.anovapeneira.gal\/wp-content\/uploads\/2019\/10\/concelloredondela_a_nova_peneira.jpg","_links":{"self":[{"href":"https:\/\/www.anovapeneira.gal\/index.php\/wp-json\/wp\/v2\/posts\/14891","targetHints":{"allow":["GET"]}}],"collection":[{"href":"https:\/\/www.anovapeneira.gal\/index.php\/wp-json\/wp\/v2\/posts"}],"about":[{"href":"https:\/\/www.anovapeneira.gal\/index.php\/wp-json\/wp\/v2\/types\/post"}],"author":[{"embeddable":true,"href":"https:\/\/www.anovapeneira.gal\/index.php\/wp-json\/wp\/v2\/users\/3"}],"replies":[{"embeddable":true,"href":"https:\/\/www.anovapeneira.gal\/index.php\/wp-json\/wp\/v2\/comments?post=14891"}],"version-history":[{"count":1,"href":"https:\/\/www.anovapeneira.gal\/index.php\/wp-json\/wp\/v2\/posts\/14891\/revisions"}],"predecessor-version":[{"id":14892,"href":"https:\/\/www.anovapeneira.gal\/index.php\/wp-json\/wp\/v2\/posts\/14891\/revisions\/14892"}],"wp:featuredmedia":[{"embeddable":true,"href":"https:\/\/www.anovapeneira.gal\/index.php\/wp-json\/wp\/v2\/media\/1456"}],"wp:attachment":[{"href":"https:\/\/www.anovapeneira.gal\/index.php\/wp-json\/wp\/v2\/media?parent=14891"}],"wp:term":[{"taxonomy":"category","embeddable":true,"href":"https:\/\/www.anovapeneira.gal\/index.php\/wp-json\/wp\/v2\/categories?post=14891"},{"taxonomy":"post_tag","embeddable":true,"href":"https:\/\/www.anovapeneira.gal\/index.php\/wp-json\/wp\/v2\/tags?post=14891"}],"curies":[{"name":"wp","href":"https:\/\/api.w.org\/{rel}","templated":true}]}}