{"id":14893,"date":"2025-11-06T10:00:26","date_gmt":"2025-11-06T09:00:26","guid":{"rendered":"https:\/\/www.anovapeneira.gal\/?p=14893"},"modified":"2025-11-02T09:20:51","modified_gmt":"2025-11-02T08:20:51","slug":"asemblea-de-persoas-traballadoras-a-cut-denuncia-autilizacion-premeditada-da-flexibilidade-laboral-paramaximizar-beneficios-a-costa-das-condicions-das-traballadoras","status":"publish","type":"post","link":"https:\/\/www.anovapeneira.gal\/index.php\/2025\/11\/06\/asemblea-de-persoas-traballadoras-a-cut-denuncia-autilizacion-premeditada-da-flexibilidade-laboral-paramaximizar-beneficios-a-costa-das-condicions-das-traballadoras\/","title":{"rendered":"Asemblea de persoas traballadoras: a CUT denuncia autilizaci\u00f3n premeditada da flexibilidade laboral paramaximizar beneficios a costa das condici\u00f3ns das traballadoras"},"content":{"rendered":"\n<h2 class=\"wp-block-heading\">a cut denuncia a utilizaci\u00f3n premeditada da flexibilidade laboral paramaximizar beneficios a costa das condici\u00f3ns das traballadoras.<\/h2>\n\n\n\n<p>A Central Unitaria de Traballadoras (CUT) celebrou no d\u00eda de hoxe unha asemblea xeral de afiliadas e afiliados na que se abordou a situaci\u00f3n actual de paradas produtivas e sobreproduci\u00f3n previstas para o mes de novembro, per\u00edodo no que a empresa ten previsto traballar seis d\u00edas de cada sete.<\/p>\n\n\n\n<p>A CUT denuncia que esta situaci\u00f3n se repite ciclicamente cada ano, o que evidenciaunha falla de planificaci\u00f3n deliberada por parte da direcci\u00f3n. en lugar de asumir a s\u00faaresponsabilidade organizativa, a empresa descarga o peso da s\u00faa descoordinaci\u00f3nsobre a clase traballadora, val\u00e9ndose de mecanismos de flexibilidade como a bolsa dehoras e os erte, convertidos xa nunha ferramenta estrutural para xestionar o que \u00e9, enrealidade, unha estratexia produtiva premeditada.<\/p>\n\n\n\n<p>A organizaci\u00f3n sindical critica tam\u00e9n a complicidade das administraci\u00f3ns p\u00fablicas, queaproban sistematicamente estes erte, a pesar de que a s\u00faa reiteraci\u00f3n eprevisibilidade desmenten o argumento da suposta \u201cimprevisibilidade\u201d que a empresamant\u00e9n desde a pandemia.<\/p>\n\n\n\n<p>Desde aquela, todo vale para xustificar a desorganizaci\u00f3n produtiva: primeiro foi a faltade compo\u00f1entes, despois os microchips, m\u00e1is tarde o encarecemento das materiasprimas e agora \u2014de novo\u2014 an\u00fanciase a posibilidade de novos problemas desubministraci\u00f3n de microchips. a cut considera que este discurso de incerteza serveunicamente de coartada para seguir flexibilizando as relaci\u00f3ns laborais, deteriorardereitos e deslocalizar a carga de traballo, tanto na empresa principal como nasauxiliares.<\/p>\n\n\n\n<p>Paralelamente, cando se trata de solicitar axudas p\u00fablicas, a empresa non escatimaesforzos ante os gobernos central e auton\u00f3mico; mais, unha vez recibidos os fondos,desaparece calquera compromiso de mantemento do emprego, mentres contin\u00faa apresi\u00f3n sobre o persoal e o deterioro das condici\u00f3ns laborais.<\/p>\n\n\n\n<p>A CUT entende que esta estratexia responde exclusivamente ao obxectivo deincrementar o rendemento produtivo e econ\u00f3mico do grupo, aumentando as marxesde beneficio a costa das condici\u00f3ns sociais e laborais das persoas traballadoras e,especialmente, da s\u00faa conciliaci\u00f3n familiar e persoal.<\/p>\n\n\n\n<p>A central unitaria de traballadoras reafirma a s\u00faa oposici\u00f3n frontal \u00e1 utilizaci\u00f3nfraudulenta dos mecanismos de flexibilidade laboral e chama ao conxunto da clasetraballadora a organizarse e responder colectivamente fronte a esta din\u00e1mica de abusopermanente.<\/p>\n\n\n\n<p>No mesmo encontro, a cut aprobou formalmente o regulamento do fondo desolidariedade obreira, un instrumento de apoio destinado a todas as persoastraballadoras de stellantis que sexan represaliadas pola empresa mediante sanci\u00f3nscon suspensi\u00f3n de emprego e soldo. este fondo garante un salario diario de 25 eurosata un m\u00e1ximo de 30 d\u00edas, reforzando as\u00ed a solidariedade e a protecci\u00f3n mutua da clasetraballadora.<\/p>\n\n\n\n<p>A asemblea tam\u00e9n analizou a recente sentenza do xulgado do social n\u00ba 5, relativa aoprotocolo de calor vixente no centro de traballo, que a cut considera claramenteinsuficiente e incumpridor do real decreto en materia de prevenci\u00f3n de riscoslaborais. o sindicato denuncia que, unha vez m\u00e1is, a empresa prioriza a produtividadesobre a sa\u00fade das persoas traballadoras, mantendo un sistema de aireaci\u00f3n obsoleto,da mesma antig\u00fcidade que as naves, sen realizar investimentos reais en mellorar asinstalaci\u00f3ns. pola contra, s\u00f3 se inviste en aumentar a produtividade e eliminar postos detraballo.<\/p>\n\n\n\n<p>Neste sentido, o gabinete xur\u00eddico da CUT xa formalizou o pertinente recurso fronte a esta sentenza, por considerar que non garante adecuadamente a protecci\u00f3n da sa\u00fade das persoas traballadoras nin o cumprimento efectivo da normativa vixente.<\/p>\n","protected":false},"excerpt":{"rendered":"<div class=\"mh-excerpt\"><p>a cut denuncia a utilizaci\u00f3n premeditada da flexibilidade laboral paramaximizar beneficios a costa das condici\u00f3ns das traballadoras. <a class=\"mh-excerpt-more\" href=\"https:\/\/www.anovapeneira.gal\/index.php\/2025\/11\/06\/asemblea-de-persoas-traballadoras-a-cut-denuncia-autilizacion-premeditada-da-flexibilidade-laboral-paramaximizar-beneficios-a-costa-das-condicions-das-traballadoras\/\" title=\"Asemblea de persoas traballadoras: a CUT denuncia autilizaci\u00f3n premeditada da flexibilidade laboral paramaximizar beneficios a costa das condici\u00f3ns das traballadoras\">[&#8230;]<\/a><\/p>\n<\/div>","protected":false},"author":3,"featured_media":14895,"comment_status":"open","ping_status":"open","sticky":false,"template":"","format":"standard","meta":{"_exactmetrics_skip_tracking":false,"_exactmetrics_sitenote_active":false,"_exactmetrics_sitenote_note":"","_exactmetrics_sitenote_category":0,"footnotes":""},"categories":[19],"tags":[227],"class_list":{"0":"post-14893","1":"post","2":"type-post","3":"status-publish","4":"format-standard","5":"has-post-thumbnail","7":"category-vigo","8":"tag-concello-de-vigo"},"yoast_head":"<!-- This site is optimized with the Yoast SEO plugin v27.5 - https:\/\/yoast.com\/product\/yoast-seo-wordpress\/ -->\n<title>Asemblea de persoas traballadoras: a CUT denuncia autilizaci\u00f3n premeditada da flexibilidade laboral paramaximizar beneficios a costa das condici\u00f3ns das traballadoras -<\/title>\n<meta name=\"robots\" content=\"index, follow, max-snippet:-1, max-image-preview:large, max-video-preview:-1\" \/>\n<link rel=\"canonical\" href=\"https:\/\/www.anovapeneira.gal\/index.php\/2025\/11\/06\/asemblea-de-persoas-traballadoras-a-cut-denuncia-autilizacion-premeditada-da-flexibilidade-laboral-paramaximizar-beneficios-a-costa-das-condicions-das-traballadoras\/\" \/>\n<meta property=\"og:locale\" content=\"gl_ES\" \/>\n<meta property=\"og:type\" content=\"article\" \/>\n<meta property=\"og:title\" content=\"Asemblea de persoas traballadoras: a CUT denuncia autilizaci\u00f3n premeditada da flexibilidade laboral paramaximizar beneficios a costa das condici\u00f3ns das traballadoras -\" \/>\n<meta property=\"og:description\" content=\"a cut denuncia a utilizaci\u00f3n premeditada da flexibilidade laboral paramaximizar beneficios a costa das condici\u00f3ns das traballadoras. [...]\" \/>\n<meta property=\"og:url\" content=\"https:\/\/www.anovapeneira.gal\/index.php\/2025\/11\/06\/asemblea-de-persoas-traballadoras-a-cut-denuncia-autilizacion-premeditada-da-flexibilidade-laboral-paramaximizar-beneficios-a-costa-das-condicions-das-traballadoras\/\" \/>\n<meta property=\"article:publisher\" content=\"https:\/\/www.facebook.com\/anovapeneira\" \/>\n<meta property=\"article:published_time\" content=\"2025-11-06T09:00:26+00:00\" \/>\n<meta property=\"og:image\" content=\"https:\/\/www.anovapeneira.gal\/wp-content\/uploads\/2025\/11\/CUT-asemblea.jpg\" \/>\n\t<meta property=\"og:image:width\" content=\"2000\" \/>\n\t<meta property=\"og:image:height\" content=\"1200\" \/>\n\t<meta property=\"og:image:type\" content=\"image\/jpeg\" \/>\n<meta name=\"author\" content=\"Redacci\u00f3n A Nova Peneira\" \/>\n<meta name=\"twitter:card\" content=\"summary_large_image\" \/>\n<meta name=\"twitter:creator\" content=\"@APeneira\" \/>\n<meta name=\"twitter:site\" content=\"@APeneira\" \/>\n<meta name=\"twitter:label1\" content=\"Escrito por\" \/>\n\t<meta name=\"twitter:data1\" content=\"Redacci\u00f3n A Nova Peneira\" \/>\n\t<meta name=\"twitter:label2\" content=\"Tempo de lectura\" \/>\n\t<meta name=\"twitter:data2\" content=\"4 minutos\" \/>\n<script type=\"application\/ld+json\" class=\"yoast-schema-graph\">{\"@context\":\"https:\\\/\\\/schema.org\",\"@graph\":[{\"@type\":\"Article\",\"@id\":\"https:\\\/\\\/www.anovapeneira.gal\\\/index.php\\\/2025\\\/11\\\/06\\\/asemblea-de-persoas-traballadoras-a-cut-denuncia-autilizacion-premeditada-da-flexibilidade-laboral-paramaximizar-beneficios-a-costa-das-condicions-das-traballadoras\\\/#article\",\"isPartOf\":{\"@id\":\"https:\\\/\\\/www.anovapeneira.gal\\\/index.php\\\/2025\\\/11\\\/06\\\/asemblea-de-persoas-traballadoras-a-cut-denuncia-autilizacion-premeditada-da-flexibilidade-laboral-paramaximizar-beneficios-a-costa-das-condicions-das-traballadoras\\\/\"},\"author\":{\"name\":\"Redacci\u00f3n A Nova Peneira\",\"@id\":\"https:\\\/\\\/www.anovapeneira.gal\\\/#\\\/schema\\\/person\\\/b93e3f8932e3f8da96334607eb6ac6aa\"},\"headline\":\"Asemblea de persoas traballadoras: a CUT denuncia autilizaci\u00f3n premeditada da flexibilidade laboral paramaximizar beneficios a costa das condici\u00f3ns das traballadoras\",\"datePublished\":\"2025-11-06T09:00:26+00:00\",\"mainEntityOfPage\":{\"@id\":\"https:\\\/\\\/www.anovapeneira.gal\\\/index.php\\\/2025\\\/11\\\/06\\\/asemblea-de-persoas-traballadoras-a-cut-denuncia-autilizacion-premeditada-da-flexibilidade-laboral-paramaximizar-beneficios-a-costa-das-condicions-das-traballadoras\\\/\"},\"wordCount\":605,\"commentCount\":0,\"publisher\":{\"@id\":\"https:\\\/\\\/www.anovapeneira.gal\\\/#organization\"},\"image\":{\"@id\":\"https:\\\/\\\/www.anovapeneira.gal\\\/index.php\\\/2025\\\/11\\\/06\\\/asemblea-de-persoas-traballadoras-a-cut-denuncia-autilizacion-premeditada-da-flexibilidade-laboral-paramaximizar-beneficios-a-costa-das-condicions-das-traballadoras\\\/#primaryimage\"},\"thumbnailUrl\":\"https:\\\/\\\/www.anovapeneira.gal\\\/wp-content\\\/uploads\\\/2025\\\/11\\\/CUT-asemblea.jpg\",\"keywords\":[\"Concello de Vigo\"],\"articleSection\":[\"Vigo\"],\"inLanguage\":\"gl-ES\",\"potentialAction\":[{\"@type\":\"CommentAction\",\"name\":\"Comment\",\"target\":[\"https:\\\/\\\/www.anovapeneira.gal\\\/index.php\\\/2025\\\/11\\\/06\\\/asemblea-de-persoas-traballadoras-a-cut-denuncia-autilizacion-premeditada-da-flexibilidade-laboral-paramaximizar-beneficios-a-costa-das-condicions-das-traballadoras\\\/#respond\"]}]},{\"@type\":\"WebPage\",\"@id\":\"https:\\\/\\\/www.anovapeneira.gal\\\/index.php\\\/2025\\\/11\\\/06\\\/asemblea-de-persoas-traballadoras-a-cut-denuncia-autilizacion-premeditada-da-flexibilidade-laboral-paramaximizar-beneficios-a-costa-das-condicions-das-traballadoras\\\/\",\"url\":\"https:\\\/\\\/www.anovapeneira.gal\\\/index.php\\\/2025\\\/11\\\/06\\\/asemblea-de-persoas-traballadoras-a-cut-denuncia-autilizacion-premeditada-da-flexibilidade-laboral-paramaximizar-beneficios-a-costa-das-condicions-das-traballadoras\\\/\",\"name\":\"Asemblea de persoas traballadoras: a CUT denuncia autilizaci\u00f3n premeditada da flexibilidade laboral paramaximizar beneficios a costa das condici\u00f3ns das traballadoras -\",\"isPartOf\":{\"@id\":\"https:\\\/\\\/www.anovapeneira.gal\\\/#website\"},\"primaryImageOfPage\":{\"@id\":\"https:\\\/\\\/www.anovapeneira.gal\\\/index.php\\\/2025\\\/11\\\/06\\\/asemblea-de-persoas-traballadoras-a-cut-denuncia-autilizacion-premeditada-da-flexibilidade-laboral-paramaximizar-beneficios-a-costa-das-condicions-das-traballadoras\\\/#primaryimage\"},\"image\":{\"@id\":\"https:\\\/\\\/www.anovapeneira.gal\\\/index.php\\\/2025\\\/11\\\/06\\\/asemblea-de-persoas-traballadoras-a-cut-denuncia-autilizacion-premeditada-da-flexibilidade-laboral-paramaximizar-beneficios-a-costa-das-condicions-das-traballadoras\\\/#primaryimage\"},\"thumbnailUrl\":\"https:\\\/\\\/www.anovapeneira.gal\\\/wp-content\\\/uploads\\\/2025\\\/11\\\/CUT-asemblea.jpg\",\"datePublished\":\"2025-11-06T09:00:26+00:00\",\"breadcrumb\":{\"@id\":\"https:\\\/\\\/www.anovapeneira.gal\\\/index.php\\\/2025\\\/11\\\/06\\\/asemblea-de-persoas-traballadoras-a-cut-denuncia-autilizacion-premeditada-da-flexibilidade-laboral-paramaximizar-beneficios-a-costa-das-condicions-das-traballadoras\\\/#breadcrumb\"},\"inLanguage\":\"gl-ES\",\"potentialAction\":[{\"@type\":\"ReadAction\",\"target\":[\"https:\\\/\\\/www.anovapeneira.gal\\\/index.php\\\/2025\\\/11\\\/06\\\/asemblea-de-persoas-traballadoras-a-cut-denuncia-autilizacion-premeditada-da-flexibilidade-laboral-paramaximizar-beneficios-a-costa-das-condicions-das-traballadoras\\\/\"]}]},{\"@type\":\"ImageObject\",\"inLanguage\":\"gl-ES\",\"@id\":\"https:\\\/\\\/www.anovapeneira.gal\\\/index.php\\\/2025\\\/11\\\/06\\\/asemblea-de-persoas-traballadoras-a-cut-denuncia-autilizacion-premeditada-da-flexibilidade-laboral-paramaximizar-beneficios-a-costa-das-condicions-das-traballadoras\\\/#primaryimage\",\"url\":\"https:\\\/\\\/www.anovapeneira.gal\\\/wp-content\\\/uploads\\\/2025\\\/11\\\/CUT-asemblea.jpg\",\"contentUrl\":\"https:\\\/\\\/www.anovapeneira.gal\\\/wp-content\\\/uploads\\\/2025\\\/11\\\/CUT-asemblea.jpg\",\"width\":2000,\"height\":1200},{\"@type\":\"BreadcrumbList\",\"@id\":\"https:\\\/\\\/www.anovapeneira.gal\\\/index.php\\\/2025\\\/11\\\/06\\\/asemblea-de-persoas-traballadoras-a-cut-denuncia-autilizacion-premeditada-da-flexibilidade-laboral-paramaximizar-beneficios-a-costa-das-condicions-das-traballadoras\\\/#breadcrumb\",\"itemListElement\":[{\"@type\":\"ListItem\",\"position\":1,\"name\":\"Portada\",\"item\":\"https:\\\/\\\/www.anovapeneira.gal\\\/\"},{\"@type\":\"ListItem\",\"position\":2,\"name\":\"Asemblea de persoas traballadoras: a CUT denuncia autilizaci\u00f3n premeditada da flexibilidade laboral paramaximizar beneficios a costa das condici\u00f3ns das traballadoras\"}]},{\"@type\":\"WebSite\",\"@id\":\"https:\\\/\\\/www.anovapeneira.gal\\\/#website\",\"url\":\"https:\\\/\\\/www.anovapeneira.gal\\\/\",\"name\":\"\",\"description\":\"Xornal galego de informaci\u00f3n xeral Publicaci\u00f3n mensual de novas de Galicia e en especial dos Concellos da sur da provincia de Pontevedra.\",\"publisher\":{\"@id\":\"https:\\\/\\\/www.anovapeneira.gal\\\/#organization\"},\"potentialAction\":[{\"@type\":\"SearchAction\",\"target\":{\"@type\":\"EntryPoint\",\"urlTemplate\":\"https:\\\/\\\/www.anovapeneira.gal\\\/?s={search_term_string}\"},\"query-input\":{\"@type\":\"PropertyValueSpecification\",\"valueRequired\":true,\"valueName\":\"search_term_string\"}}],\"inLanguage\":\"gl-ES\"},{\"@type\":\"Organization\",\"@id\":\"https:\\\/\\\/www.anovapeneira.gal\\\/#organization\",\"name\":\"A Nova Peneira\",\"url\":\"https:\\\/\\\/www.anovapeneira.gal\\\/\",\"logo\":{\"@type\":\"ImageObject\",\"inLanguage\":\"gl-ES\",\"@id\":\"https:\\\/\\\/www.anovapeneira.gal\\\/#\\\/schema\\\/logo\\\/image\\\/\",\"url\":\"http:\\\/\\\/www.anovapeneira.gal\\\/wp-content\\\/uploads\\\/2019\\\/06\\\/logo_a_nova_peneira_portal_web.png\",\"contentUrl\":\"http:\\\/\\\/www.anovapeneira.gal\\\/wp-content\\\/uploads\\\/2019\\\/06\\\/logo_a_nova_peneira_portal_web.png\",\"width\":300,\"height\":100,\"caption\":\"A Nova Peneira\"},\"image\":{\"@id\":\"https:\\\/\\\/www.anovapeneira.gal\\\/#\\\/schema\\\/logo\\\/image\\\/\"},\"sameAs\":[\"https:\\\/\\\/www.facebook.com\\\/anovapeneira\",\"https:\\\/\\\/x.com\\\/APeneira\"]},{\"@type\":\"Person\",\"@id\":\"https:\\\/\\\/www.anovapeneira.gal\\\/#\\\/schema\\\/person\\\/b93e3f8932e3f8da96334607eb6ac6aa\",\"name\":\"Redacci\u00f3n A Nova Peneira\",\"image\":{\"@type\":\"ImageObject\",\"inLanguage\":\"gl-ES\",\"@id\":\"https:\\\/\\\/secure.gravatar.com\\\/avatar\\\/c052a2551a06e23fac63626232eaa90abd78dbcf1700fc46a2b2c89fd27b735f?s=96&d=mm&r=g\",\"url\":\"https:\\\/\\\/secure.gravatar.com\\\/avatar\\\/c052a2551a06e23fac63626232eaa90abd78dbcf1700fc46a2b2c89fd27b735f?s=96&d=mm&r=g\",\"contentUrl\":\"https:\\\/\\\/secure.gravatar.com\\\/avatar\\\/c052a2551a06e23fac63626232eaa90abd78dbcf1700fc46a2b2c89fd27b735f?s=96&d=mm&r=g\",\"caption\":\"Redacci\u00f3n A Nova Peneira\"},\"sameAs\":[\"http:\\\/\\\/www.anovapeneira.gal\\\/\"],\"url\":\"https:\\\/\\\/www.anovapeneira.gal\\\/index.php\\\/author\\\/redactor\\\/\"}]}<\/script>\n<!-- \/ Yoast SEO plugin. -->","yoast_head_json":{"title":"Asemblea de persoas traballadoras: a CUT denuncia autilizaci\u00f3n premeditada da flexibilidade laboral paramaximizar beneficios a costa das condici\u00f3ns das traballadoras -","robots":{"index":"index","follow":"follow","max-snippet":"max-snippet:-1","max-image-preview":"max-image-preview:large","max-video-preview":"max-video-preview:-1"},"canonical":"https:\/\/www.anovapeneira.gal\/index.php\/2025\/11\/06\/asemblea-de-persoas-traballadoras-a-cut-denuncia-autilizacion-premeditada-da-flexibilidade-laboral-paramaximizar-beneficios-a-costa-das-condicions-das-traballadoras\/","og_locale":"gl_ES","og_type":"article","og_title":"Asemblea de persoas traballadoras: a CUT denuncia autilizaci\u00f3n premeditada da flexibilidade laboral paramaximizar beneficios a costa das condici\u00f3ns das traballadoras -","og_description":"a cut denuncia a utilizaci\u00f3n premeditada da flexibilidade laboral paramaximizar beneficios a costa das condici\u00f3ns das traballadoras. [...]","og_url":"https:\/\/www.anovapeneira.gal\/index.php\/2025\/11\/06\/asemblea-de-persoas-traballadoras-a-cut-denuncia-autilizacion-premeditada-da-flexibilidade-laboral-paramaximizar-beneficios-a-costa-das-condicions-das-traballadoras\/","article_publisher":"https:\/\/www.facebook.com\/anovapeneira","article_published_time":"2025-11-06T09:00:26+00:00","og_image":[{"width":2000,"height":1200,"url":"https:\/\/www.anovapeneira.gal\/wp-content\/uploads\/2025\/11\/CUT-asemblea.jpg","type":"image\/jpeg"}],"author":"Redacci\u00f3n A Nova Peneira","twitter_card":"summary_large_image","twitter_creator":"@APeneira","twitter_site":"@APeneira","twitter_misc":{"Escrito por":"Redacci\u00f3n A Nova Peneira","Tempo de lectura":"4 minutos"},"schema":{"@context":"https:\/\/schema.org","@graph":[{"@type":"Article","@id":"https:\/\/www.anovapeneira.gal\/index.php\/2025\/11\/06\/asemblea-de-persoas-traballadoras-a-cut-denuncia-autilizacion-premeditada-da-flexibilidade-laboral-paramaximizar-beneficios-a-costa-das-condicions-das-traballadoras\/#article","isPartOf":{"@id":"https:\/\/www.anovapeneira.gal\/index.php\/2025\/11\/06\/asemblea-de-persoas-traballadoras-a-cut-denuncia-autilizacion-premeditada-da-flexibilidade-laboral-paramaximizar-beneficios-a-costa-das-condicions-das-traballadoras\/"},"author":{"name":"Redacci\u00f3n A Nova Peneira","@id":"https:\/\/www.anovapeneira.gal\/#\/schema\/person\/b93e3f8932e3f8da96334607eb6ac6aa"},"headline":"Asemblea de persoas traballadoras: a CUT denuncia autilizaci\u00f3n premeditada da flexibilidade laboral paramaximizar beneficios a costa das condici\u00f3ns das traballadoras","datePublished":"2025-11-06T09:00:26+00:00","mainEntityOfPage":{"@id":"https:\/\/www.anovapeneira.gal\/index.php\/2025\/11\/06\/asemblea-de-persoas-traballadoras-a-cut-denuncia-autilizacion-premeditada-da-flexibilidade-laboral-paramaximizar-beneficios-a-costa-das-condicions-das-traballadoras\/"},"wordCount":605,"commentCount":0,"publisher":{"@id":"https:\/\/www.anovapeneira.gal\/#organization"},"image":{"@id":"https:\/\/www.anovapeneira.gal\/index.php\/2025\/11\/06\/asemblea-de-persoas-traballadoras-a-cut-denuncia-autilizacion-premeditada-da-flexibilidade-laboral-paramaximizar-beneficios-a-costa-das-condicions-das-traballadoras\/#primaryimage"},"thumbnailUrl":"https:\/\/www.anovapeneira.gal\/wp-content\/uploads\/2025\/11\/CUT-asemblea.jpg","keywords":["Concello de Vigo"],"articleSection":["Vigo"],"inLanguage":"gl-ES","potentialAction":[{"@type":"CommentAction","name":"Comment","target":["https:\/\/www.anovapeneira.gal\/index.php\/2025\/11\/06\/asemblea-de-persoas-traballadoras-a-cut-denuncia-autilizacion-premeditada-da-flexibilidade-laboral-paramaximizar-beneficios-a-costa-das-condicions-das-traballadoras\/#respond"]}]},{"@type":"WebPage","@id":"https:\/\/www.anovapeneira.gal\/index.php\/2025\/11\/06\/asemblea-de-persoas-traballadoras-a-cut-denuncia-autilizacion-premeditada-da-flexibilidade-laboral-paramaximizar-beneficios-a-costa-das-condicions-das-traballadoras\/","url":"https:\/\/www.anovapeneira.gal\/index.php\/2025\/11\/06\/asemblea-de-persoas-traballadoras-a-cut-denuncia-autilizacion-premeditada-da-flexibilidade-laboral-paramaximizar-beneficios-a-costa-das-condicions-das-traballadoras\/","name":"Asemblea de persoas traballadoras: a CUT denuncia autilizaci\u00f3n premeditada da flexibilidade laboral paramaximizar beneficios a costa das condici\u00f3ns das traballadoras -","isPartOf":{"@id":"https:\/\/www.anovapeneira.gal\/#website"},"primaryImageOfPage":{"@id":"https:\/\/www.anovapeneira.gal\/index.php\/2025\/11\/06\/asemblea-de-persoas-traballadoras-a-cut-denuncia-autilizacion-premeditada-da-flexibilidade-laboral-paramaximizar-beneficios-a-costa-das-condicions-das-traballadoras\/#primaryimage"},"image":{"@id":"https:\/\/www.anovapeneira.gal\/index.php\/2025\/11\/06\/asemblea-de-persoas-traballadoras-a-cut-denuncia-autilizacion-premeditada-da-flexibilidade-laboral-paramaximizar-beneficios-a-costa-das-condicions-das-traballadoras\/#primaryimage"},"thumbnailUrl":"https:\/\/www.anovapeneira.gal\/wp-content\/uploads\/2025\/11\/CUT-asemblea.jpg","datePublished":"2025-11-06T09:00:26+00:00","breadcrumb":{"@id":"https:\/\/www.anovapeneira.gal\/index.php\/2025\/11\/06\/asemblea-de-persoas-traballadoras-a-cut-denuncia-autilizacion-premeditada-da-flexibilidade-laboral-paramaximizar-beneficios-a-costa-das-condicions-das-traballadoras\/#breadcrumb"},"inLanguage":"gl-ES","potentialAction":[{"@type":"ReadAction","target":["https:\/\/www.anovapeneira.gal\/index.php\/2025\/11\/06\/asemblea-de-persoas-traballadoras-a-cut-denuncia-autilizacion-premeditada-da-flexibilidade-laboral-paramaximizar-beneficios-a-costa-das-condicions-das-traballadoras\/"]}]},{"@type":"ImageObject","inLanguage":"gl-ES","@id":"https:\/\/www.anovapeneira.gal\/index.php\/2025\/11\/06\/asemblea-de-persoas-traballadoras-a-cut-denuncia-autilizacion-premeditada-da-flexibilidade-laboral-paramaximizar-beneficios-a-costa-das-condicions-das-traballadoras\/#primaryimage","url":"https:\/\/www.anovapeneira.gal\/wp-content\/uploads\/2025\/11\/CUT-asemblea.jpg","contentUrl":"https:\/\/www.anovapeneira.gal\/wp-content\/uploads\/2025\/11\/CUT-asemblea.jpg","width":2000,"height":1200},{"@type":"BreadcrumbList","@id":"https:\/\/www.anovapeneira.gal\/index.php\/2025\/11\/06\/asemblea-de-persoas-traballadoras-a-cut-denuncia-autilizacion-premeditada-da-flexibilidade-laboral-paramaximizar-beneficios-a-costa-das-condicions-das-traballadoras\/#breadcrumb","itemListElement":[{"@type":"ListItem","position":1,"name":"Portada","item":"https:\/\/www.anovapeneira.gal\/"},{"@type":"ListItem","position":2,"name":"Asemblea de persoas traballadoras: a CUT denuncia autilizaci\u00f3n premeditada da flexibilidade laboral paramaximizar beneficios a costa das condici\u00f3ns das traballadoras"}]},{"@type":"WebSite","@id":"https:\/\/www.anovapeneira.gal\/#website","url":"https:\/\/www.anovapeneira.gal\/","name":"","description":"Xornal galego de informaci\u00f3n xeral Publicaci\u00f3n mensual de novas de Galicia e en especial dos Concellos da sur da provincia de Pontevedra.","publisher":{"@id":"https:\/\/www.anovapeneira.gal\/#organization"},"potentialAction":[{"@type":"SearchAction","target":{"@type":"EntryPoint","urlTemplate":"https:\/\/www.anovapeneira.gal\/?s={search_term_string}"},"query-input":{"@type":"PropertyValueSpecification","valueRequired":true,"valueName":"search_term_string"}}],"inLanguage":"gl-ES"},{"@type":"Organization","@id":"https:\/\/www.anovapeneira.gal\/#organization","name":"A Nova Peneira","url":"https:\/\/www.anovapeneira.gal\/","logo":{"@type":"ImageObject","inLanguage":"gl-ES","@id":"https:\/\/www.anovapeneira.gal\/#\/schema\/logo\/image\/","url":"http:\/\/www.anovapeneira.gal\/wp-content\/uploads\/2019\/06\/logo_a_nova_peneira_portal_web.png","contentUrl":"http:\/\/www.anovapeneira.gal\/wp-content\/uploads\/2019\/06\/logo_a_nova_peneira_portal_web.png","width":300,"height":100,"caption":"A Nova Peneira"},"image":{"@id":"https:\/\/www.anovapeneira.gal\/#\/schema\/logo\/image\/"},"sameAs":["https:\/\/www.facebook.com\/anovapeneira","https:\/\/x.com\/APeneira"]},{"@type":"Person","@id":"https:\/\/www.anovapeneira.gal\/#\/schema\/person\/b93e3f8932e3f8da96334607eb6ac6aa","name":"Redacci\u00f3n A Nova Peneira","image":{"@type":"ImageObject","inLanguage":"gl-ES","@id":"https:\/\/secure.gravatar.com\/avatar\/c052a2551a06e23fac63626232eaa90abd78dbcf1700fc46a2b2c89fd27b735f?s=96&d=mm&r=g","url":"https:\/\/secure.gravatar.com\/avatar\/c052a2551a06e23fac63626232eaa90abd78dbcf1700fc46a2b2c89fd27b735f?s=96&d=mm&r=g","contentUrl":"https:\/\/secure.gravatar.com\/avatar\/c052a2551a06e23fac63626232eaa90abd78dbcf1700fc46a2b2c89fd27b735f?s=96&d=mm&r=g","caption":"Redacci\u00f3n A Nova Peneira"},"sameAs":["http:\/\/www.anovapeneira.gal\/"],"url":"https:\/\/www.anovapeneira.gal\/index.php\/author\/redactor\/"}]}},"jetpack_featured_media_url":"https:\/\/www.anovapeneira.gal\/wp-content\/uploads\/2025\/11\/CUT-asemblea.jpg","_links":{"self":[{"href":"https:\/\/www.anovapeneira.gal\/index.php\/wp-json\/wp\/v2\/posts\/14893","targetHints":{"allow":["GET"]}}],"collection":[{"href":"https:\/\/www.anovapeneira.gal\/index.php\/wp-json\/wp\/v2\/posts"}],"about":[{"href":"https:\/\/www.anovapeneira.gal\/index.php\/wp-json\/wp\/v2\/types\/post"}],"author":[{"embeddable":true,"href":"https:\/\/www.anovapeneira.gal\/index.php\/wp-json\/wp\/v2\/users\/3"}],"replies":[{"embeddable":true,"href":"https:\/\/www.anovapeneira.gal\/index.php\/wp-json\/wp\/v2\/comments?post=14893"}],"version-history":[{"count":2,"href":"https:\/\/www.anovapeneira.gal\/index.php\/wp-json\/wp\/v2\/posts\/14893\/revisions"}],"predecessor-version":[{"id":14896,"href":"https:\/\/www.anovapeneira.gal\/index.php\/wp-json\/wp\/v2\/posts\/14893\/revisions\/14896"}],"wp:featuredmedia":[{"embeddable":true,"href":"https:\/\/www.anovapeneira.gal\/index.php\/wp-json\/wp\/v2\/media\/14895"}],"wp:attachment":[{"href":"https:\/\/www.anovapeneira.gal\/index.php\/wp-json\/wp\/v2\/media?parent=14893"}],"wp:term":[{"taxonomy":"category","embeddable":true,"href":"https:\/\/www.anovapeneira.gal\/index.php\/wp-json\/wp\/v2\/categories?post=14893"},{"taxonomy":"post_tag","embeddable":true,"href":"https:\/\/www.anovapeneira.gal\/index.php\/wp-json\/wp\/v2\/tags?post=14893"}],"curies":[{"name":"wp","href":"https:\/\/api.w.org\/{rel}","templated":true}]}}