{"id":14902,"date":"2025-11-07T10:00:23","date_gmt":"2025-11-07T09:00:23","guid":{"rendered":"https:\/\/www.anovapeneira.gal\/?p=14902"},"modified":"2025-11-02T09:35:59","modified_gmt":"2025-11-02T08:35:59","slug":"o-pp-de-salceda-rompe-relacions-con-ms-e-esixe-a-dimision-da-alcaldesa-por-manipular-unha-fotografia-oficial-do-concello-para-eliminar-da-mesma-ao-voceiro-santi-davila","status":"publish","type":"post","link":"https:\/\/www.anovapeneira.gal\/index.php\/2025\/11\/07\/o-pp-de-salceda-rompe-relacions-con-ms-e-esixe-a-dimision-da-alcaldesa-por-manipular-unha-fotografia-oficial-do-concello-para-eliminar-da-mesma-ao-voceiro-santi-davila\/","title":{"rendered":"O PP de Salceda rompe relaci\u00f3ns con MS e esixe a dimisi\u00f3n da alcaldesa por manipular unha fotograf\u00eda oficial do Concello para eliminar da mesma ao voceiro, Santi Davila"},"content":{"rendered":"\n<ul class=\"wp-block-list\">\n<li>Os populares cren que as desculpas da rexedora son insuficientes e que a s\u00faa xustificaci\u00f3n de que foi un erro que est\u00e1 investigando \u201cpretende facernos parvos, porque todo o mundo sabe que foi Dolores Casti\u00f1eira quen ordenou colgar a imaxe trucada nas redes sociais\u201d<\/li>\n\n\n\n<li>\u201cFoi unha decisi\u00f3n tomada adrede, cun traballo detallado de Photoshop para substitu\u00edr a Davila por outro concelleiro, que sup\u00f3n un atentado \u00e1 democracia e \u00e1 representatividade dos veci\u00f1os contra o voceiro do grupo m\u00e1is votado e ten que haber responsabilidades\u201d, din desde o PP<\/li>\n<\/ul>\n\n\n\n<p><strong>Venres, 31 de outubro de 2025.<\/strong><\/p>\n\n\n\n<p>O grupo municipal do PP de Salceda de Caselas anunciou onte no pleno a ruptura total de relaci\u00f3ns institucionais con MS, o partido que goberna en minor\u00eda, e a esixencia de dimisi\u00f3n inmediata da alcaldesa, Dolores Casti\u00f1eira, por manipular unha fotograf\u00eda oficial do Concello para eliminar da mesma ao voceiro popular, Santi Davila, e substitu\u00edlo por un concelleiro do executivo e proceder a colgala posteriormente nas redes sociais oficiais co gallgo do investimento da Xunta para o saneamento de Cerquido.<\/p>\n\n\n\n<p>Ante esta grave situaci\u00f3n, os populares levaron a cuesti\u00f3n ao pleno esixindo a depuraci\u00f3n inmediata de responsabilidades pol\u00edticas e achacando as mesmas directamente \u00e1 rexedora, \u00e1 que acusaron de desculparse de xeito insuficiente e de tentar de xustificar estes feitos nun erro que se est\u00e1 investigando. \u201cNon sabemos se nos pretende facer parvos, pero todo o mundo en Salceda sabe que foi Dolores Casti\u00f1eira quen deu a orde de trucar a foto para invisibilizar a Santi Davila antes de colgala nas redes, porque a ning\u00fan concelleiro ou traballador se lle ocorre facer tremenda cacicada sen o permito da alcaldesa\u201d, advertiron desde o PP.<\/p>\n\n\n\n<p>Os populares engadiron, ademais, que a excusa do erro non cola, posto que a fotograf\u00eda dos membros da corporaci\u00f3n diante do Concello foi obxecto dun detallado traballo de Photoshop ou dalg\u00fan outro programa de tratamento de imaxes, posto que Santi Davila ocupaba un dos postos centrais da primeira fila e foi eliminado totalmente e, no seu sitio, colocouse, de corpo enteiro e como se ocupase ese lugar, outro concelleiro do goberno local.<\/p>\n\n\n\n<p>\u201cFoi unha decisi\u00f3n tomada adrede, cunha orde que todos sabemos de onde sa\u00edu por moito que se negue cun traballo espec\u00edfico, e isto sup\u00f3n un atentado moi grave \u00e1 democracia e \u00e1 representatividade dos veci\u00f1os contra o voceiro do grupo m\u00e1is votado, de longo, de Salceda, polo que ten que haber responsabilidades\u201d, sinalaron desde o PP, que apelaron aos demais grupos municipais e socios de MS, o PSOE e o BNG, a que act\u00faen en consecuencia \u201cpara non ser c\u00f3mplices dun goberno de mentira que vive da manipulaci\u00f3n e da mentira\u201d.<\/p>\n\n\n\n<p>Para o PP de Salceda, esta actuaci\u00f3n do goberno de MS demostra que son un \u201cuns ru\u00edns, uns indignos e unhas persoas desautorizadas para falar de respecto xa que s\u00f3 act\u00faan por xenreira, rabia e medo ante o partido pol\u00edtico que sempre lles ga\u00f1a as elecci\u00f3ns e que fiscaliza unha xesti\u00f3n que est\u00e1 a ser a m\u00e1is nefasta da historia da democracia no noso Concello\u201d.<\/p>\n\n\n\n<p>Por todo iso, os populares cren que a alcaldesa queda \u201ctotalmente deslexitimada\u201d e debe renunciar de inmediato ao seu cargo, \u201cposto que \u00e9 a \u00fanica responsable desta manipulaci\u00f3n feita contra os veci\u00f1os de Salceda aos que quer\u00eda enganar burdamente invisibilizando aos seus lex\u00edtimos representantes\u201d. Neste senso, desde o PP engadiron que emprender\u00e1n todas as acci\u00f3ns que sexan necesarias sobre este asunto \u201cpola enorme gravidade dos feitos\u201d.<\/p>\n\n\n\n<figure class=\"wp-block-image size-full\"><img loading=\"lazy\" decoding=\"async\" width=\"563\" height=\"505\" src=\"https:\/\/www.anovapeneira.gal\/wp-content\/uploads\/2025\/11\/Fotografia-Manipulada-Salceda.jpg\" alt=\"\" class=\"wp-image-14904\" srcset=\"https:\/\/www.anovapeneira.gal\/wp-content\/uploads\/2025\/11\/Fotografia-Manipulada-Salceda.jpg 563w, https:\/\/www.anovapeneira.gal\/wp-content\/uploads\/2025\/11\/Fotografia-Manipulada-Salceda-300x269.jpg 300w\" sizes=\"auto, (max-width: 563px) 100vw, 563px\" \/><\/figure>\n","protected":false},"excerpt":{"rendered":"<div class=\"mh-excerpt\"><p>Os populares cren que as desculpas da rexedora son insuficientes e que a s\u00faa xustificaci\u00f3n de que foi un erro que est\u00e1 investigando \u201cpretende facernos parvos, porque todo o mundo sabe que foi Dolores Casti\u00f1eira quen ordenou colgar a imaxe trucada nas redes sociais\u201d <a class=\"mh-excerpt-more\" href=\"https:\/\/www.anovapeneira.gal\/index.php\/2025\/11\/07\/o-pp-de-salceda-rompe-relacions-con-ms-e-esixe-a-dimision-da-alcaldesa-por-manipular-unha-fotografia-oficial-do-concello-para-eliminar-da-mesma-ao-voceiro-santi-davila\/\" title=\"O PP de Salceda rompe relaci\u00f3ns con MS e esixe a dimisi\u00f3n da alcaldesa por manipular unha fotograf\u00eda oficial do Concello para eliminar da mesma ao voceiro, Santi Davila\">[&#8230;]<\/a><\/p>\n<\/div>","protected":false},"author":1,"featured_media":14903,"comment_status":"open","ping_status":"open","sticky":false,"template":"","format":"standard","meta":{"_exactmetrics_skip_tracking":false,"_exactmetrics_sitenote_active":false,"_exactmetrics_sitenote_note":"","_exactmetrics_sitenote_category":0,"footnotes":""},"categories":[1],"tags":[],"class_list":{"0":"post-14902","1":"post","2":"type-post","3":"status-publish","4":"format-standard","5":"has-post-thumbnail","7":"category-sin-categoria"},"yoast_head":"<!-- This site is optimized with the Yoast SEO plugin v27.4 - https:\/\/yoast.com\/product\/yoast-seo-wordpress\/ -->\n<title>O PP de Salceda rompe relaci\u00f3ns con MS e esixe a dimisi\u00f3n da alcaldesa por manipular unha fotograf\u00eda oficial do Concello para eliminar da mesma ao voceiro, Santi Davila -<\/title>\n<meta name=\"robots\" content=\"index, follow, max-snippet:-1, max-image-preview:large, max-video-preview:-1\" \/>\n<link rel=\"canonical\" href=\"https:\/\/www.anovapeneira.gal\/index.php\/2025\/11\/07\/o-pp-de-salceda-rompe-relacions-con-ms-e-esixe-a-dimision-da-alcaldesa-por-manipular-unha-fotografia-oficial-do-concello-para-eliminar-da-mesma-ao-voceiro-santi-davila\/\" \/>\n<meta property=\"og:locale\" content=\"gl_ES\" \/>\n<meta property=\"og:type\" content=\"article\" \/>\n<meta property=\"og:title\" content=\"O PP de Salceda rompe relaci\u00f3ns con MS e esixe a dimisi\u00f3n da alcaldesa por manipular unha fotograf\u00eda oficial do Concello para eliminar da mesma ao voceiro, Santi Davila -\" \/>\n<meta property=\"og:description\" content=\"Os populares cren que as desculpas da rexedora son insuficientes e que a s\u00faa xustificaci\u00f3n de que foi un erro que est\u00e1 investigando \u201cpretende facernos parvos, porque todo o mundo sabe que foi Dolores Casti\u00f1eira quen ordenou colgar a imaxe trucada nas redes sociais\u201d [...]\" \/>\n<meta property=\"og:url\" content=\"https:\/\/www.anovapeneira.gal\/index.php\/2025\/11\/07\/o-pp-de-salceda-rompe-relacions-con-ms-e-esixe-a-dimision-da-alcaldesa-por-manipular-unha-fotografia-oficial-do-concello-para-eliminar-da-mesma-ao-voceiro-santi-davila\/\" \/>\n<meta property=\"article:publisher\" content=\"https:\/\/www.facebook.com\/anovapeneira\" \/>\n<meta property=\"article:author\" content=\"https:\/\/www.facebook.com\/anovapeneira\/\" \/>\n<meta property=\"article:published_time\" content=\"2025-11-07T09:00:23+00:00\" \/>\n<meta property=\"og:image\" content=\"https:\/\/www.anovapeneira.gal\/wp-content\/uploads\/2025\/11\/orixinal_salceda.jpg\" \/>\n\t<meta property=\"og:image:width\" content=\"698\" \/>\n\t<meta property=\"og:image:height\" content=\"419\" \/>\n\t<meta property=\"og:image:type\" content=\"image\/jpeg\" \/>\n<meta name=\"author\" content=\"admin\" \/>\n<meta name=\"twitter:card\" content=\"summary_large_image\" \/>\n<meta name=\"twitter:creator\" content=\"@APeneira\" \/>\n<meta name=\"twitter:site\" content=\"@APeneira\" \/>\n<meta name=\"twitter:label1\" content=\"Escrito por\" \/>\n\t<meta name=\"twitter:data1\" content=\"admin\" \/>\n\t<meta name=\"twitter:label2\" content=\"Tempo de lectura\" \/>\n\t<meta name=\"twitter:data2\" content=\"4 minutos\" \/>\n<script type=\"application\/ld+json\" class=\"yoast-schema-graph\">{\"@context\":\"https:\\\/\\\/schema.org\",\"@graph\":[{\"@type\":\"Article\",\"@id\":\"https:\\\/\\\/www.anovapeneira.gal\\\/index.php\\\/2025\\\/11\\\/07\\\/o-pp-de-salceda-rompe-relacions-con-ms-e-esixe-a-dimision-da-alcaldesa-por-manipular-unha-fotografia-oficial-do-concello-para-eliminar-da-mesma-ao-voceiro-santi-davila\\\/#article\",\"isPartOf\":{\"@id\":\"https:\\\/\\\/www.anovapeneira.gal\\\/index.php\\\/2025\\\/11\\\/07\\\/o-pp-de-salceda-rompe-relacions-con-ms-e-esixe-a-dimision-da-alcaldesa-por-manipular-unha-fotografia-oficial-do-concello-para-eliminar-da-mesma-ao-voceiro-santi-davila\\\/\"},\"author\":{\"name\":\"admin\",\"@id\":\"https:\\\/\\\/www.anovapeneira.gal\\\/#\\\/schema\\\/person\\\/fb77575328c93684dae4b0075f90c2cb\"},\"headline\":\"O PP de Salceda rompe relaci\u00f3ns con MS e esixe a dimisi\u00f3n da alcaldesa por manipular unha fotograf\u00eda oficial do Concello para eliminar da mesma ao voceiro, Santi Davila\",\"datePublished\":\"2025-11-07T09:00:23+00:00\",\"mainEntityOfPage\":{\"@id\":\"https:\\\/\\\/www.anovapeneira.gal\\\/index.php\\\/2025\\\/11\\\/07\\\/o-pp-de-salceda-rompe-relacions-con-ms-e-esixe-a-dimision-da-alcaldesa-por-manipular-unha-fotografia-oficial-do-concello-para-eliminar-da-mesma-ao-voceiro-santi-davila\\\/\"},\"wordCount\":640,\"commentCount\":0,\"publisher\":{\"@id\":\"https:\\\/\\\/www.anovapeneira.gal\\\/#organization\"},\"image\":{\"@id\":\"https:\\\/\\\/www.anovapeneira.gal\\\/index.php\\\/2025\\\/11\\\/07\\\/o-pp-de-salceda-rompe-relacions-con-ms-e-esixe-a-dimision-da-alcaldesa-por-manipular-unha-fotografia-oficial-do-concello-para-eliminar-da-mesma-ao-voceiro-santi-davila\\\/#primaryimage\"},\"thumbnailUrl\":\"https:\\\/\\\/www.anovapeneira.gal\\\/wp-content\\\/uploads\\\/2025\\\/11\\\/orixinal_salceda.jpg\",\"articleSection\":[\"Sin categor\u00eda\"],\"inLanguage\":\"gl-ES\",\"potentialAction\":[{\"@type\":\"CommentAction\",\"name\":\"Comment\",\"target\":[\"https:\\\/\\\/www.anovapeneira.gal\\\/index.php\\\/2025\\\/11\\\/07\\\/o-pp-de-salceda-rompe-relacions-con-ms-e-esixe-a-dimision-da-alcaldesa-por-manipular-unha-fotografia-oficial-do-concello-para-eliminar-da-mesma-ao-voceiro-santi-davila\\\/#respond\"]}]},{\"@type\":\"WebPage\",\"@id\":\"https:\\\/\\\/www.anovapeneira.gal\\\/index.php\\\/2025\\\/11\\\/07\\\/o-pp-de-salceda-rompe-relacions-con-ms-e-esixe-a-dimision-da-alcaldesa-por-manipular-unha-fotografia-oficial-do-concello-para-eliminar-da-mesma-ao-voceiro-santi-davila\\\/\",\"url\":\"https:\\\/\\\/www.anovapeneira.gal\\\/index.php\\\/2025\\\/11\\\/07\\\/o-pp-de-salceda-rompe-relacions-con-ms-e-esixe-a-dimision-da-alcaldesa-por-manipular-unha-fotografia-oficial-do-concello-para-eliminar-da-mesma-ao-voceiro-santi-davila\\\/\",\"name\":\"O PP de Salceda rompe relaci\u00f3ns con MS e esixe a dimisi\u00f3n da alcaldesa por manipular unha fotograf\u00eda oficial do Concello para eliminar da mesma ao voceiro, Santi Davila -\",\"isPartOf\":{\"@id\":\"https:\\\/\\\/www.anovapeneira.gal\\\/#website\"},\"primaryImageOfPage\":{\"@id\":\"https:\\\/\\\/www.anovapeneira.gal\\\/index.php\\\/2025\\\/11\\\/07\\\/o-pp-de-salceda-rompe-relacions-con-ms-e-esixe-a-dimision-da-alcaldesa-por-manipular-unha-fotografia-oficial-do-concello-para-eliminar-da-mesma-ao-voceiro-santi-davila\\\/#primaryimage\"},\"image\":{\"@id\":\"https:\\\/\\\/www.anovapeneira.gal\\\/index.php\\\/2025\\\/11\\\/07\\\/o-pp-de-salceda-rompe-relacions-con-ms-e-esixe-a-dimision-da-alcaldesa-por-manipular-unha-fotografia-oficial-do-concello-para-eliminar-da-mesma-ao-voceiro-santi-davila\\\/#primaryimage\"},\"thumbnailUrl\":\"https:\\\/\\\/www.anovapeneira.gal\\\/wp-content\\\/uploads\\\/2025\\\/11\\\/orixinal_salceda.jpg\",\"datePublished\":\"2025-11-07T09:00:23+00:00\",\"breadcrumb\":{\"@id\":\"https:\\\/\\\/www.anovapeneira.gal\\\/index.php\\\/2025\\\/11\\\/07\\\/o-pp-de-salceda-rompe-relacions-con-ms-e-esixe-a-dimision-da-alcaldesa-por-manipular-unha-fotografia-oficial-do-concello-para-eliminar-da-mesma-ao-voceiro-santi-davila\\\/#breadcrumb\"},\"inLanguage\":\"gl-ES\",\"potentialAction\":[{\"@type\":\"ReadAction\",\"target\":[\"https:\\\/\\\/www.anovapeneira.gal\\\/index.php\\\/2025\\\/11\\\/07\\\/o-pp-de-salceda-rompe-relacions-con-ms-e-esixe-a-dimision-da-alcaldesa-por-manipular-unha-fotografia-oficial-do-concello-para-eliminar-da-mesma-ao-voceiro-santi-davila\\\/\"]}]},{\"@type\":\"ImageObject\",\"inLanguage\":\"gl-ES\",\"@id\":\"https:\\\/\\\/www.anovapeneira.gal\\\/index.php\\\/2025\\\/11\\\/07\\\/o-pp-de-salceda-rompe-relacions-con-ms-e-esixe-a-dimision-da-alcaldesa-por-manipular-unha-fotografia-oficial-do-concello-para-eliminar-da-mesma-ao-voceiro-santi-davila\\\/#primaryimage\",\"url\":\"https:\\\/\\\/www.anovapeneira.gal\\\/wp-content\\\/uploads\\\/2025\\\/11\\\/orixinal_salceda.jpg\",\"contentUrl\":\"https:\\\/\\\/www.anovapeneira.gal\\\/wp-content\\\/uploads\\\/2025\\\/11\\\/orixinal_salceda.jpg\",\"width\":698,\"height\":419,\"caption\":\"Fotograf\u00eda orixinal\"},{\"@type\":\"BreadcrumbList\",\"@id\":\"https:\\\/\\\/www.anovapeneira.gal\\\/index.php\\\/2025\\\/11\\\/07\\\/o-pp-de-salceda-rompe-relacions-con-ms-e-esixe-a-dimision-da-alcaldesa-por-manipular-unha-fotografia-oficial-do-concello-para-eliminar-da-mesma-ao-voceiro-santi-davila\\\/#breadcrumb\",\"itemListElement\":[{\"@type\":\"ListItem\",\"position\":1,\"name\":\"Portada\",\"item\":\"https:\\\/\\\/www.anovapeneira.gal\\\/\"},{\"@type\":\"ListItem\",\"position\":2,\"name\":\"O PP de Salceda rompe relaci\u00f3ns con MS e esixe a dimisi\u00f3n da alcaldesa por manipular unha fotograf\u00eda oficial do Concello para eliminar da mesma ao voceiro, Santi Davila\"}]},{\"@type\":\"WebSite\",\"@id\":\"https:\\\/\\\/www.anovapeneira.gal\\\/#website\",\"url\":\"https:\\\/\\\/www.anovapeneira.gal\\\/\",\"name\":\"\",\"description\":\"Xornal galego de informaci\u00f3n xeral Publicaci\u00f3n mensual de novas de Galicia e en especial dos Concellos da sur da provincia de Pontevedra.\",\"publisher\":{\"@id\":\"https:\\\/\\\/www.anovapeneira.gal\\\/#organization\"},\"potentialAction\":[{\"@type\":\"SearchAction\",\"target\":{\"@type\":\"EntryPoint\",\"urlTemplate\":\"https:\\\/\\\/www.anovapeneira.gal\\\/?s={search_term_string}\"},\"query-input\":{\"@type\":\"PropertyValueSpecification\",\"valueRequired\":true,\"valueName\":\"search_term_string\"}}],\"inLanguage\":\"gl-ES\"},{\"@type\":\"Organization\",\"@id\":\"https:\\\/\\\/www.anovapeneira.gal\\\/#organization\",\"name\":\"A Nova Peneira\",\"url\":\"https:\\\/\\\/www.anovapeneira.gal\\\/\",\"logo\":{\"@type\":\"ImageObject\",\"inLanguage\":\"gl-ES\",\"@id\":\"https:\\\/\\\/www.anovapeneira.gal\\\/#\\\/schema\\\/logo\\\/image\\\/\",\"url\":\"http:\\\/\\\/www.anovapeneira.gal\\\/wp-content\\\/uploads\\\/2019\\\/06\\\/logo_a_nova_peneira_portal_web.png\",\"contentUrl\":\"http:\\\/\\\/www.anovapeneira.gal\\\/wp-content\\\/uploads\\\/2019\\\/06\\\/logo_a_nova_peneira_portal_web.png\",\"width\":300,\"height\":100,\"caption\":\"A Nova Peneira\"},\"image\":{\"@id\":\"https:\\\/\\\/www.anovapeneira.gal\\\/#\\\/schema\\\/logo\\\/image\\\/\"},\"sameAs\":[\"https:\\\/\\\/www.facebook.com\\\/anovapeneira\",\"https:\\\/\\\/x.com\\\/APeneira\"]},{\"@type\":\"Person\",\"@id\":\"https:\\\/\\\/www.anovapeneira.gal\\\/#\\\/schema\\\/person\\\/fb77575328c93684dae4b0075f90c2cb\",\"name\":\"admin\",\"image\":{\"@type\":\"ImageObject\",\"inLanguage\":\"gl-ES\",\"@id\":\"https:\\\/\\\/secure.gravatar.com\\\/avatar\\\/df15c36ce375448325e0bc870e91bbee95947a002eb98dcfd6c2b053e18843e9?s=96&d=mm&r=g\",\"url\":\"https:\\\/\\\/secure.gravatar.com\\\/avatar\\\/df15c36ce375448325e0bc870e91bbee95947a002eb98dcfd6c2b053e18843e9?s=96&d=mm&r=g\",\"contentUrl\":\"https:\\\/\\\/secure.gravatar.com\\\/avatar\\\/df15c36ce375448325e0bc870e91bbee95947a002eb98dcfd6c2b053e18843e9?s=96&d=mm&r=g\",\"caption\":\"admin\"},\"description\":\"Xornal galego de informaci\u00f3n xeral Publicaci\u00f3n mensual de novas de Galicia e en especial dos Concellos da sur da provincia de Pontevedra.\",\"sameAs\":[\"http:\\\/\\\/www.anovapeneira.gal\\\/\",\"https:\\\/\\\/www.facebook.com\\\/anovapeneira\\\/\"],\"url\":\"https:\\\/\\\/www.anovapeneira.gal\\\/index.php\\\/author\\\/admin\\\/\"}]}<\/script>\n<!-- \/ Yoast SEO plugin. -->","yoast_head_json":{"title":"O PP de Salceda rompe relaci\u00f3ns con MS e esixe a dimisi\u00f3n da alcaldesa por manipular unha fotograf\u00eda oficial do Concello para eliminar da mesma ao voceiro, Santi Davila -","robots":{"index":"index","follow":"follow","max-snippet":"max-snippet:-1","max-image-preview":"max-image-preview:large","max-video-preview":"max-video-preview:-1"},"canonical":"https:\/\/www.anovapeneira.gal\/index.php\/2025\/11\/07\/o-pp-de-salceda-rompe-relacions-con-ms-e-esixe-a-dimision-da-alcaldesa-por-manipular-unha-fotografia-oficial-do-concello-para-eliminar-da-mesma-ao-voceiro-santi-davila\/","og_locale":"gl_ES","og_type":"article","og_title":"O PP de Salceda rompe relaci\u00f3ns con MS e esixe a dimisi\u00f3n da alcaldesa por manipular unha fotograf\u00eda oficial do Concello para eliminar da mesma ao voceiro, Santi Davila -","og_description":"Os populares cren que as desculpas da rexedora son insuficientes e que a s\u00faa xustificaci\u00f3n de que foi un erro que est\u00e1 investigando \u201cpretende facernos parvos, porque todo o mundo sabe que foi Dolores Casti\u00f1eira quen ordenou colgar a imaxe trucada nas redes sociais\u201d [...]","og_url":"https:\/\/www.anovapeneira.gal\/index.php\/2025\/11\/07\/o-pp-de-salceda-rompe-relacions-con-ms-e-esixe-a-dimision-da-alcaldesa-por-manipular-unha-fotografia-oficial-do-concello-para-eliminar-da-mesma-ao-voceiro-santi-davila\/","article_publisher":"https:\/\/www.facebook.com\/anovapeneira","article_author":"https:\/\/www.facebook.com\/anovapeneira\/","article_published_time":"2025-11-07T09:00:23+00:00","og_image":[{"width":698,"height":419,"url":"https:\/\/www.anovapeneira.gal\/wp-content\/uploads\/2025\/11\/orixinal_salceda.jpg","type":"image\/jpeg"}],"author":"admin","twitter_card":"summary_large_image","twitter_creator":"@APeneira","twitter_site":"@APeneira","twitter_misc":{"Escrito por":"admin","Tempo de lectura":"4 minutos"},"schema":{"@context":"https:\/\/schema.org","@graph":[{"@type":"Article","@id":"https:\/\/www.anovapeneira.gal\/index.php\/2025\/11\/07\/o-pp-de-salceda-rompe-relacions-con-ms-e-esixe-a-dimision-da-alcaldesa-por-manipular-unha-fotografia-oficial-do-concello-para-eliminar-da-mesma-ao-voceiro-santi-davila\/#article","isPartOf":{"@id":"https:\/\/www.anovapeneira.gal\/index.php\/2025\/11\/07\/o-pp-de-salceda-rompe-relacions-con-ms-e-esixe-a-dimision-da-alcaldesa-por-manipular-unha-fotografia-oficial-do-concello-para-eliminar-da-mesma-ao-voceiro-santi-davila\/"},"author":{"name":"admin","@id":"https:\/\/www.anovapeneira.gal\/#\/schema\/person\/fb77575328c93684dae4b0075f90c2cb"},"headline":"O PP de Salceda rompe relaci\u00f3ns con MS e esixe a dimisi\u00f3n da alcaldesa por manipular unha fotograf\u00eda oficial do Concello para eliminar da mesma ao voceiro, Santi Davila","datePublished":"2025-11-07T09:00:23+00:00","mainEntityOfPage":{"@id":"https:\/\/www.anovapeneira.gal\/index.php\/2025\/11\/07\/o-pp-de-salceda-rompe-relacions-con-ms-e-esixe-a-dimision-da-alcaldesa-por-manipular-unha-fotografia-oficial-do-concello-para-eliminar-da-mesma-ao-voceiro-santi-davila\/"},"wordCount":640,"commentCount":0,"publisher":{"@id":"https:\/\/www.anovapeneira.gal\/#organization"},"image":{"@id":"https:\/\/www.anovapeneira.gal\/index.php\/2025\/11\/07\/o-pp-de-salceda-rompe-relacions-con-ms-e-esixe-a-dimision-da-alcaldesa-por-manipular-unha-fotografia-oficial-do-concello-para-eliminar-da-mesma-ao-voceiro-santi-davila\/#primaryimage"},"thumbnailUrl":"https:\/\/www.anovapeneira.gal\/wp-content\/uploads\/2025\/11\/orixinal_salceda.jpg","articleSection":["Sin categor\u00eda"],"inLanguage":"gl-ES","potentialAction":[{"@type":"CommentAction","name":"Comment","target":["https:\/\/www.anovapeneira.gal\/index.php\/2025\/11\/07\/o-pp-de-salceda-rompe-relacions-con-ms-e-esixe-a-dimision-da-alcaldesa-por-manipular-unha-fotografia-oficial-do-concello-para-eliminar-da-mesma-ao-voceiro-santi-davila\/#respond"]}]},{"@type":"WebPage","@id":"https:\/\/www.anovapeneira.gal\/index.php\/2025\/11\/07\/o-pp-de-salceda-rompe-relacions-con-ms-e-esixe-a-dimision-da-alcaldesa-por-manipular-unha-fotografia-oficial-do-concello-para-eliminar-da-mesma-ao-voceiro-santi-davila\/","url":"https:\/\/www.anovapeneira.gal\/index.php\/2025\/11\/07\/o-pp-de-salceda-rompe-relacions-con-ms-e-esixe-a-dimision-da-alcaldesa-por-manipular-unha-fotografia-oficial-do-concello-para-eliminar-da-mesma-ao-voceiro-santi-davila\/","name":"O PP de Salceda rompe relaci\u00f3ns con MS e esixe a dimisi\u00f3n da alcaldesa por manipular unha fotograf\u00eda oficial do Concello para eliminar da mesma ao voceiro, Santi Davila -","isPartOf":{"@id":"https:\/\/www.anovapeneira.gal\/#website"},"primaryImageOfPage":{"@id":"https:\/\/www.anovapeneira.gal\/index.php\/2025\/11\/07\/o-pp-de-salceda-rompe-relacions-con-ms-e-esixe-a-dimision-da-alcaldesa-por-manipular-unha-fotografia-oficial-do-concello-para-eliminar-da-mesma-ao-voceiro-santi-davila\/#primaryimage"},"image":{"@id":"https:\/\/www.anovapeneira.gal\/index.php\/2025\/11\/07\/o-pp-de-salceda-rompe-relacions-con-ms-e-esixe-a-dimision-da-alcaldesa-por-manipular-unha-fotografia-oficial-do-concello-para-eliminar-da-mesma-ao-voceiro-santi-davila\/#primaryimage"},"thumbnailUrl":"https:\/\/www.anovapeneira.gal\/wp-content\/uploads\/2025\/11\/orixinal_salceda.jpg","datePublished":"2025-11-07T09:00:23+00:00","breadcrumb":{"@id":"https:\/\/www.anovapeneira.gal\/index.php\/2025\/11\/07\/o-pp-de-salceda-rompe-relacions-con-ms-e-esixe-a-dimision-da-alcaldesa-por-manipular-unha-fotografia-oficial-do-concello-para-eliminar-da-mesma-ao-voceiro-santi-davila\/#breadcrumb"},"inLanguage":"gl-ES","potentialAction":[{"@type":"ReadAction","target":["https:\/\/www.anovapeneira.gal\/index.php\/2025\/11\/07\/o-pp-de-salceda-rompe-relacions-con-ms-e-esixe-a-dimision-da-alcaldesa-por-manipular-unha-fotografia-oficial-do-concello-para-eliminar-da-mesma-ao-voceiro-santi-davila\/"]}]},{"@type":"ImageObject","inLanguage":"gl-ES","@id":"https:\/\/www.anovapeneira.gal\/index.php\/2025\/11\/07\/o-pp-de-salceda-rompe-relacions-con-ms-e-esixe-a-dimision-da-alcaldesa-por-manipular-unha-fotografia-oficial-do-concello-para-eliminar-da-mesma-ao-voceiro-santi-davila\/#primaryimage","url":"https:\/\/www.anovapeneira.gal\/wp-content\/uploads\/2025\/11\/orixinal_salceda.jpg","contentUrl":"https:\/\/www.anovapeneira.gal\/wp-content\/uploads\/2025\/11\/orixinal_salceda.jpg","width":698,"height":419,"caption":"Fotograf\u00eda orixinal"},{"@type":"BreadcrumbList","@id":"https:\/\/www.anovapeneira.gal\/index.php\/2025\/11\/07\/o-pp-de-salceda-rompe-relacions-con-ms-e-esixe-a-dimision-da-alcaldesa-por-manipular-unha-fotografia-oficial-do-concello-para-eliminar-da-mesma-ao-voceiro-santi-davila\/#breadcrumb","itemListElement":[{"@type":"ListItem","position":1,"name":"Portada","item":"https:\/\/www.anovapeneira.gal\/"},{"@type":"ListItem","position":2,"name":"O PP de Salceda rompe relaci\u00f3ns con MS e esixe a dimisi\u00f3n da alcaldesa por manipular unha fotograf\u00eda oficial do Concello para eliminar da mesma ao voceiro, Santi Davila"}]},{"@type":"WebSite","@id":"https:\/\/www.anovapeneira.gal\/#website","url":"https:\/\/www.anovapeneira.gal\/","name":"","description":"Xornal galego de informaci\u00f3n xeral Publicaci\u00f3n mensual de novas de Galicia e en especial dos Concellos da sur da provincia de Pontevedra.","publisher":{"@id":"https:\/\/www.anovapeneira.gal\/#organization"},"potentialAction":[{"@type":"SearchAction","target":{"@type":"EntryPoint","urlTemplate":"https:\/\/www.anovapeneira.gal\/?s={search_term_string}"},"query-input":{"@type":"PropertyValueSpecification","valueRequired":true,"valueName":"search_term_string"}}],"inLanguage":"gl-ES"},{"@type":"Organization","@id":"https:\/\/www.anovapeneira.gal\/#organization","name":"A Nova Peneira","url":"https:\/\/www.anovapeneira.gal\/","logo":{"@type":"ImageObject","inLanguage":"gl-ES","@id":"https:\/\/www.anovapeneira.gal\/#\/schema\/logo\/image\/","url":"http:\/\/www.anovapeneira.gal\/wp-content\/uploads\/2019\/06\/logo_a_nova_peneira_portal_web.png","contentUrl":"http:\/\/www.anovapeneira.gal\/wp-content\/uploads\/2019\/06\/logo_a_nova_peneira_portal_web.png","width":300,"height":100,"caption":"A Nova Peneira"},"image":{"@id":"https:\/\/www.anovapeneira.gal\/#\/schema\/logo\/image\/"},"sameAs":["https:\/\/www.facebook.com\/anovapeneira","https:\/\/x.com\/APeneira"]},{"@type":"Person","@id":"https:\/\/www.anovapeneira.gal\/#\/schema\/person\/fb77575328c93684dae4b0075f90c2cb","name":"admin","image":{"@type":"ImageObject","inLanguage":"gl-ES","@id":"https:\/\/secure.gravatar.com\/avatar\/df15c36ce375448325e0bc870e91bbee95947a002eb98dcfd6c2b053e18843e9?s=96&d=mm&r=g","url":"https:\/\/secure.gravatar.com\/avatar\/df15c36ce375448325e0bc870e91bbee95947a002eb98dcfd6c2b053e18843e9?s=96&d=mm&r=g","contentUrl":"https:\/\/secure.gravatar.com\/avatar\/df15c36ce375448325e0bc870e91bbee95947a002eb98dcfd6c2b053e18843e9?s=96&d=mm&r=g","caption":"admin"},"description":"Xornal galego de informaci\u00f3n xeral Publicaci\u00f3n mensual de novas de Galicia e en especial dos Concellos da sur da provincia de Pontevedra.","sameAs":["http:\/\/www.anovapeneira.gal\/","https:\/\/www.facebook.com\/anovapeneira\/"],"url":"https:\/\/www.anovapeneira.gal\/index.php\/author\/admin\/"}]}},"jetpack_featured_media_url":"https:\/\/www.anovapeneira.gal\/wp-content\/uploads\/2025\/11\/orixinal_salceda.jpg","_links":{"self":[{"href":"https:\/\/www.anovapeneira.gal\/index.php\/wp-json\/wp\/v2\/posts\/14902","targetHints":{"allow":["GET"]}}],"collection":[{"href":"https:\/\/www.anovapeneira.gal\/index.php\/wp-json\/wp\/v2\/posts"}],"about":[{"href":"https:\/\/www.anovapeneira.gal\/index.php\/wp-json\/wp\/v2\/types\/post"}],"author":[{"embeddable":true,"href":"https:\/\/www.anovapeneira.gal\/index.php\/wp-json\/wp\/v2\/users\/1"}],"replies":[{"embeddable":true,"href":"https:\/\/www.anovapeneira.gal\/index.php\/wp-json\/wp\/v2\/comments?post=14902"}],"version-history":[{"count":1,"href":"https:\/\/www.anovapeneira.gal\/index.php\/wp-json\/wp\/v2\/posts\/14902\/revisions"}],"predecessor-version":[{"id":14905,"href":"https:\/\/www.anovapeneira.gal\/index.php\/wp-json\/wp\/v2\/posts\/14902\/revisions\/14905"}],"wp:featuredmedia":[{"embeddable":true,"href":"https:\/\/www.anovapeneira.gal\/index.php\/wp-json\/wp\/v2\/media\/14903"}],"wp:attachment":[{"href":"https:\/\/www.anovapeneira.gal\/index.php\/wp-json\/wp\/v2\/media?parent=14902"}],"wp:term":[{"taxonomy":"category","embeddable":true,"href":"https:\/\/www.anovapeneira.gal\/index.php\/wp-json\/wp\/v2\/categories?post=14902"},{"taxonomy":"post_tag","embeddable":true,"href":"https:\/\/www.anovapeneira.gal\/index.php\/wp-json\/wp\/v2\/tags?post=14902"}],"curies":[{"name":"wp","href":"https:\/\/api.w.org\/{rel}","templated":true}]}}