{"id":14909,"date":"2025-11-10T10:00:33","date_gmt":"2025-11-10T09:00:33","guid":{"rendered":"https:\/\/www.anovapeneira.gal\/?p=14909"},"modified":"2025-11-02T09:50:03","modified_gmt":"2025-11-02T08:50:03","slug":"enrique-cabaleiro-alcalde-de-tui-4","status":"publish","type":"post","link":"https:\/\/www.anovapeneira.gal\/index.php\/2025\/11\/10\/enrique-cabaleiro-alcalde-de-tui-4\/","title":{"rendered":"Enrique Cabaleiro, alcalde de Tui"},"content":{"rendered":"\n<p><strong>Como \u00e9 tradici\u00f3n nesta casa, acheg\u00e1monos \u00e1 cidade de Tui para conversar co seu alcalde e co\u00f1ecer a s\u00faa valoraci\u00f3n sobre a situaci\u00f3n pol\u00edtica da s\u00faa cidade. Te\u00f1o que dicir que vin ao socialista Enrique Cabaleiro moito mellor que no anterior mandato. O alcalde de Tui est\u00e1 animado, con folgos, convencido de que o cami\u00f1o pol\u00edtico polo que est\u00e1n transitando \u00e9 o m\u00e1is adecuado para as maior\u00edas sociais de Tui, e coa intenci\u00f3n de mellorar relaci\u00f3ns co Bng de maneira que a a incontestable maior\u00eda progresista que na actualidade existe na corporaci\u00f3n tudense, 10 actas de esquerda fronte a 7 actas de forzas de dereitas, non perigue de forma que a dereita local non poida volver gobernar esta localidade do Baixo Mi\u00f1o. Vela\u00ed vai o que deu de si a nosa conversa.<\/strong><\/p>\n\n\n\n<h2 class=\"wp-block-heading\">\u201c <strong>O PP de Tui est\u00e1 radicalizado. Non achega nada \u00e1 gobernabilidade e non te\u00f1o esperanzas de que o faga no que queda de mandato\u201d<\/strong><\/h2>\n\n\n\n<p><strong>Este \u00e9 o teu segundo mandato como alcalde de Tui, como o valoras?<\/strong><\/p>\n\n\n\n<blockquote class=\"wp-block-quote is-layout-flow wp-block-quote-is-layout-flow\">\n<p>Estamos materializando os proxectos que iniciamos no mandato anterior e a valoraci\u00f3n de como est\u00e1n indo as cousas \u00e9 moi positiva.<\/p>\n<\/blockquote>\n\n\n\n<p><strong>De que proxectos en concreto estamos falando?<\/strong><\/p>\n\n\n\n<blockquote class=\"wp-block-quote is-layout-flow wp-block-quote-is-layout-flow\">\n<p>A modo de exemplo:<\/p>\n<\/blockquote>\n\n\n\n<ul class=\"wp-block-list\">\n<li>-A apertura da r\u00faa Ourense, unha obra que levaba m\u00e1is de 40 anos pendente de ser materializada<\/li>\n\n\n\n<li>-Avanzamos na recuperaci\u00f3n de espazo p\u00fablico no centro do noso casco urbano, ref\u00edrome \u00e1 humanizaci\u00f3n da Corredoira e de Augusto Gonz\u00e1lez Besada.<\/li>\n\n\n\n<li>-Humanizamos o acceso ao casco hist\u00f3rico en Antero Rub\u00edn e a traves\u00eda Santo Domingo<\/li>\n\n\n\n<li>-Rematamos as obras dunha das entradas hist\u00f3ricas de Tui, a avenida de Portugal<\/li>\n\n\n\n<li>-Seguimos avanzando nos equipamentos de uso p\u00fablico como por exemplo o edificio Camilo Jos\u00e9 Cela<\/li>\n\n\n\n<li>-No remate do mandato teremos desenvolto actuaci\u00f3ns moi importantes nos pavill\u00f3ns deportivos de Guillarei, Randufe,Pazos de Rei( estamos agora aqu\u00ed), e continuaremos con Rebord\u00e1ns, e Caldelas<\/li>\n<\/ul>\n\n\n\n<p><strong>Ben, agora que falas de actuaci\u00f3ns nas parroquias: a oposici\u00f3n acusa ao teu goberno de telas desatendidas. Que tes que dicir ao respecto?<\/strong><\/p>\n\n\n\n<blockquote class=\"wp-block-quote is-layout-flow wp-block-quote-is-layout-flow\">\n<p>Te\u00f1o que dicir que iso \u00e9 un t\u00f3pico que todas as oposici\u00f3ns de case todas as localidades de Galicia utilizan para tratar de desgastar aos gobernos. Eu comprendo que a oposici\u00f3n ten que facer oposici\u00f3n, e tratar de sustentala con argumentos. Pero no caso de Tui a suposta desatenci\u00f3n \u00e1s parroquias non se corresponde coa realidade.<\/p>\n<\/blockquote>\n\n\n\n<p><strong>Podes citar actuaci\u00f3ns significativas do teu goberno en parroquias de Tui para amosar que ese \u201c non se corresponde coa realidade\u201d \u00e9 verdade?<\/strong><\/p>\n\n\n\n<blockquote class=\"wp-block-quote is-layout-flow wp-block-quote-is-layout-flow\">\n<p>Si, claro que si. Cito as d\u00faas m\u00e1is importantes:<\/p>\n<\/blockquote>\n\n\n\n<blockquote class=\"wp-block-quote is-layout-flow wp-block-quote-is-layout-flow\">\n<p>-Acabamos de ser beneficiarios de fondos FEDER, nun proxecto quepresentamos en conxunto con Salvaterra. Van ser 7 mill\u00f3ns de \u20ac en total, dos que 4,2 son para Tui. O 100% deses 4,2 mill\u00f3ns de \u20ac que imos recibir van ser para actuaci\u00f3ns nas parroquias, neste caso son para as parroquias do r\u00edo Mi\u00f1o: Areas, Paramos, Baldr\u00e1ns e Caldelas ser\u00e1n as parroquias beneficiadas desta importante partida econ\u00f3mica.<\/p>\n<\/blockquote>\n\n\n\n<blockquote class=\"wp-block-quote is-layout-flow wp-block-quote-is-layout-flow\">\n<p>-Cambiamos a LED a iluminaci\u00f3n de todo o rural, cun investimento de arredor de 3 mill\u00f3ns de \u20ac e que supor\u00e1 un aforro estimado para o Concello de entre o 60 e o 70% do custe da electricidade.<\/p>\n<\/blockquote>\n\n\n\n<blockquote class=\"wp-block-quote is-layout-flow wp-block-quote-is-layout-flow\">\n<p>Nestes dous anos conseguimos un investimento de m\u00e1is de 7 mill\u00f3ns de \u20ac para o rural, un investimento superior ao do casco urbano. A suposta desatenci\u00f3n \u00e1s parroquias non \u00e9 verdade.<\/p>\n<\/blockquote>\n\n\n\n<p><strong>Sobre a relaci\u00f3n coas entidades deportivas do Concello que tes que dicir?<\/strong><\/p>\n\n\n\n<blockquote class=\"wp-block-quote is-layout-flow wp-block-quote-is-layout-flow\">\n<p>N\u00f3s estamos investindo todo o que podemos investir na mellora dos equipamentos do noso Concello, tendo en conta todos os clubs de distintos deportes que hai en Tui. No anterior orzamento sub\u00edmoslle as subvenci\u00f3ns ao deporte, orzamento que todos os grupos votaron en contra e tivemos que ir a unha cuesti\u00f3n de confianza.<\/p>\n<\/blockquote>\n\n\n\n<blockquote class=\"wp-block-quote is-layout-flow wp-block-quote-is-layout-flow\">\n<p>Esta \u00e9 unha cuesti\u00f3n importante para n\u00f3s e creo que estamos \u00e1 altura:Fixemos actuaci\u00f3ns importantes en todos e cada un dos campos de f\u00fatbol que hai en Tui, o novo edificio de pirag\u00fcismo, investimos no edificio de remo, remodelamos o pavill\u00f3n Gustavo Rodr\u00edguez,estamos remodelando os pavill\u00f3ns das parroquias<\/p>\n<\/blockquote>\n\n\n\n<p><strong>Falemos da situaci\u00f3n pol\u00edtica: Por que non sodes capaces de concretar un goberno co BNG que permita unha maior\u00eda progresista moi forte que faga posible abordar pol\u00edticas m\u00e1is ambiciosas ?<\/strong><\/p>\n\n\n\n<blockquote class=\"wp-block-quote is-layout-flow wp-block-quote-is-layout-flow\">\n<p>Separ\u00e1ronos d\u00faas cuesti\u00f3ns concretas: A apertura da r\u00faa Ourense, creo que a realidade dos feitos amosou que n\u00f3s ti\u00f1amos raz\u00f3n, e o tema do aparcadoiro.<\/p>\n<\/blockquote>\n\n\n\n<blockquote class=\"wp-block-quote is-layout-flow wp-block-quote-is-layout-flow\">\n<p>A r\u00faa Ourense xa est\u00e1 aberta e na segunda cuesti\u00f3n estamos avanzando na toma dunha decisi\u00f3n para a que desde logo imos contar coa opini\u00f3n tanto do BNG como do resto de forzas pol\u00edticas.<\/p>\n<\/blockquote>\n\n\n\n<blockquote class=\"wp-block-quote is-layout-flow wp-block-quote-is-layout-flow\">\n<p>En li\u00f1as xerais a relaci\u00f3n co BNG est\u00e1 mellor. Noto un certo achegamento. \u00c9 que debemos de entendernos porque as\u00ed nolo esixen a maior\u00eda dos nosos votantes e porque \u00e9 o que debemos de facer neste contexto terrible en que a ultradereita ga\u00f1a posici\u00f3ns en todo o mundo. Son moderadamente optimista no que se refire a mellorar relaci\u00f3ns co BNG.<\/p>\n<\/blockquote>\n\n\n\n<p><strong>Como valoras a oposici\u00f3n que exerce o PP?<\/strong><\/p>\n\n\n\n<blockquote class=\"wp-block-quote is-layout-flow wp-block-quote-is-layout-flow\">\n<p>En Tui, pasa o mesmo que no resto do estado, o PP est\u00e1 absolutamente radicalizado e botado ao monte.<\/p>\n<\/blockquote>\n\n\n\n<p><strong>Que opina o alcalde de Tui acerca do estra\u00f1o caso da ex concelleira popular Pilar Gregores? (nun d\u00eda pasamos do seu anuncio da s\u00faa marcha do PP e o seu paso \u00e1 situaci\u00f3n de concelleira non adscrita, ao anuncio do grupo popular da dimisi\u00f3n como concelleira de Pilar e en consecuencia da s\u00faa substituci\u00f3n por outro concelleiro do PP)<\/strong><\/p>\n\n\n\n<blockquote class=\"wp-block-quote is-layout-flow wp-block-quote-is-layout-flow\">\n<p>Eu creo que estivo sometida a unha presi\u00f3n brutal e finalmente acabou por ceder. Sexa como sexa, nada achegou o PP \u00e1 gobernabilidade de Tui e te\u00f1o claro que ve\u00f1a quen ve\u00f1a nada achegar\u00e1 tampouco.<\/p>\n<\/blockquote>\n\n\n\n<p><strong>Que proxectos destacados ten o goberno para o tempo que falta para rematar o mandato?<\/strong><\/p>\n\n\n\n<ul class=\"wp-block-list\">\n<li>-Imos investir m\u00e1is de 2 mill\u00f3ns de \u20ac no casco hist\u00f3rico de Tui<\/li>\n\n\n\n<li>-Seguiremos avanzando nos procesos de recuperaci\u00f3n de espazo p\u00fablico<\/li>\n\n\n\n<li>-O tema do aparcadoiro segue a ser unha prioridade para n\u00f3s<\/li>\n<\/ul>\n\n\n\n<p><strong>Como prev\u00e9s que se resolva o asunto do aparcadoiro?<\/strong><\/p>\n\n\n\n<blockquote class=\"wp-block-quote is-layout-flow wp-block-quote-is-layout-flow\">\n<p>N\u00f3s temos o compromiso de zona franca de financialo. Pero estamos en minor\u00eda, necesitariamos o apoio do resto de grupos. Temos unha comisi\u00f3n conformada ao efecto. Se logramos o consenso imos levar o proxecto a pleno. No caso contrario retirar\u00e9molo e veremos que alternativas achegan aqueles que se opo\u00f1en.<\/p>\n<\/blockquote>\n\n\n\n<p><strong>Como est\u00e1 a situaci\u00f3n do t\u00fanel de Areas?<\/strong><\/p>\n\n\n\n<blockquote class=\"wp-block-quote is-layout-flow wp-block-quote-is-layout-flow\">\n<p>Van facer un segundo t\u00fanel para mellorar a comunicaci\u00f3n do pol\u00edgono de Areas coa parroquia de Randufe. Estamos no proceso de construci\u00f3n dese segundo t\u00fanel, e agardo que se poida mellorar a comunicaci\u00f3n.<\/p>\n<\/blockquote>\n\n\n\n<p><strong>En relaci\u00f3n \u00e1 proposta do BNG do transporte interparroquial cal \u00e9 a t\u00faa opini\u00f3n?<\/strong><\/p>\n\n\n\n<blockquote class=\"wp-block-quote is-layout-flow wp-block-quote-is-layout-flow\">\n<p>\u00c9 un tema moi complexo. Non me atrevo a valorar se \u00e9 viable ou non. S\u00f3 dicir que case non hai ningunha experiencia ao respecto, e que sen d\u00fabida \u00e9 un asunto de extrema dificultade. A tremenda dispersi\u00f3n do noso rural fai moi complicado que se puidera levar a cabo.<\/p>\n<\/blockquote>\n\n\n\n<p><strong>No que respecta a conservatorio que tes que dicir?<\/strong><\/p>\n\n\n\n<blockquote class=\"wp-block-quote is-layout-flow wp-block-quote-is-layout-flow\">\n<p>Sempre amosamos un compromiso inequ\u00edvoco co conservatorio. Remodelamos completamente as s\u00faas instalaci\u00f3ns, por primeira vez na historia do noso concello inclu\u00edmos ao conxunto do profesorado na RPT e levamos investido moitos recursos. E c\u00f3mpre salientar que todo iso fix\u00e9molo sen ser unha competencia municipal. A Xunta sempre se desentendeu da carga econ\u00f3mica que lle sup\u00f3n, e n\u00f3s reclam\u00e1moslle que asuma as s\u00faas responsabilidades.<\/p>\n<\/blockquote>\n\n\n\n<p><strong>E se non o fai?<\/strong><\/p>\n\n\n\n<blockquote class=\"wp-block-quote is-layout-flow wp-block-quote-is-layout-flow\">\n<p>Con axuda da Xunta ou sen ela, n\u00f3s sempre imos apostar polo noso conservatorio.<\/p>\n<\/blockquote>\n\n\n\n<p><strong>Moitos alcaldes e alcaldesas que pasaron polas nosas p\u00e1xinas, que non son do PP, l\u00e1ianse de que a Xunta obriga aos concellos a asumir competencias que deberan ser auton\u00f3micas. O alcalde de Tui ten esa mesma visi\u00f3n?<\/strong><\/p>\n\n\n\n<blockquote class=\"wp-block-quote is-layout-flow wp-block-quote-is-layout-flow\">\n<p>Si, si que a te\u00f1o. Eu non estou en contra de que os concellos asumamos cada vez m\u00e1is competencias. Debemos de facelo porque somos a administraci\u00f3n m\u00e1is pr\u00f3xima ao cidad\u00e1n. Pero debemos de facelo con recursos suficientes. O que non pode ser \u00e9 o que est\u00e1 acontecendo agora: temos m\u00e1is competencias pero menos recursos. Esta situaci\u00f3n de afogo financeiro non \u00e9 sostible para os concellos.<\/p>\n<\/blockquote>\n\n\n\n<p><strong>Non sei ser\u00e1 unha impresi\u00f3n equivocada pola mi\u00f1a parte, pero v\u00e9xote mellor, m\u00e1is animado e con m\u00e1is folgos, que o mandato pasado. \u00c9 as\u00ed?<\/strong><\/p>\n\n\n\n<blockquote class=\"wp-block-quote is-layout-flow wp-block-quote-is-layout-flow\">\n<p>O mandato pasado foi moi duro e dif\u00edcil. Ti\u00f1amos unha situaci\u00f3n pol\u00edtica m\u00e1is folgada pero era o momento de arrincar todos os proxectos que remataremos no momento actual. E a situaci\u00f3n foi de moitas tensi\u00f3ns e problemas constantes. Considero que agora xa hai unha ampla maior\u00eda da sociedade tudense que se est\u00e1 dando de conta da pertinencia e necesidade das nosas actuaci\u00f3ns. En consecuencia entendo que a conflitividade e a crispaci\u00f3n diminu\u00edron<\/p>\n<\/blockquote>\n\n\n\n<blockquote class=\"wp-block-quote is-layout-flow wp-block-quote-is-layout-flow\">\n<p>notablemente e xa que logo eu estou mellor, claro que si.<\/p>\n<\/blockquote>\n\n\n\n<p><strong>Rematamos alcalde: Vas ser o candidato do PSOE nas elecci\u00f3ns municipais do 2027?<\/strong><\/p>\n\n\n\n<blockquote class=\"wp-block-quote is-layout-flow wp-block-quote-is-layout-flow\">\n<p>Se os compa\u00f1eiros e compa\u00f1eiras da agrupaci\u00f3n socialista de Tui consideran que debo repetir como candidato, a mi\u00f1a disposici\u00f3n neste momento \u00e9 aceptar a proposta.<\/p>\n<\/blockquote>\n\n\n\n<p><strong>Unha \u00faltima cuesti\u00f3n: Pedro S\u00e1nchez debe esgotar a lexislatura, ou debe de convocar elecci\u00f3ns xa, como lle pide a dereita?<\/strong><\/p>\n\n\n\n<blockquote class=\"wp-block-quote is-layout-flow wp-block-quote-is-layout-flow\">\n<p>Debe de aguantar. O proxecto pol\u00edtico de Pedro S\u00e1nchez e do partido socialista de: convivencia, igualdade, xustiza social e respecto escrupuloso aos dereitos humanos \u00e9 o mellor para o conxunto da sociedade espa\u00f1ola, e non hai motivo alg\u00fan para adiantar as elecci\u00f3ns s\u00f3 porque lle poida interesar \u00e1 dereita. Debe de aguantar si. E a esquerda no seu conxunto debemos facer un exercicio de madurez e lucidez para constru\u00edr os espazos necesarios que permitan que no 2027 Espa\u00f1a volva ter un goberno progresista. A alternativa dun goberno do PP e Vox pode ser terrible.<\/p>\n<\/blockquote>\n","protected":false},"excerpt":{"rendered":"<div class=\"mh-excerpt\"><p>Como \u00e9 tradici\u00f3n nesta casa, acheg\u00e1monos \u00e1 cidade de Tui para conversar co seu alcalde e co\u00f1ecer a s\u00faa valoraci\u00f3n sobre a situaci\u00f3n pol\u00edtica da s\u00faa cidade. Te\u00f1o que dicir que vin ao socialista Enrique <a class=\"mh-excerpt-more\" href=\"https:\/\/www.anovapeneira.gal\/index.php\/2025\/11\/10\/enrique-cabaleiro-alcalde-de-tui-4\/\" title=\"Enrique Cabaleiro, alcalde de Tui\">[&#8230;]<\/a><\/p>\n<\/div>","protected":false},"author":2,"featured_media":14910,"comment_status":"open","ping_status":"open","sticky":false,"template":"","format":"standard","meta":{"_exactmetrics_skip_tracking":false,"_exactmetrics_sitenote_active":false,"_exactmetrics_sitenote_note":"","_exactmetrics_sitenote_category":0,"footnotes":""},"categories":[266],"tags":[426],"class_list":{"0":"post-14909","1":"post","2":"type-post","3":"status-publish","4":"format-standard","5":"has-post-thumbnail","7":"category-baixo-mino-entrevistas","8":"tag-concello-de-tui"},"yoast_head":"<!-- This site is optimized with the Yoast SEO plugin v27.4 - https:\/\/yoast.com\/product\/yoast-seo-wordpress\/ -->\n<title>Enrique Cabaleiro, alcalde de Tui -<\/title>\n<meta name=\"robots\" content=\"index, follow, max-snippet:-1, max-image-preview:large, max-video-preview:-1\" \/>\n<link rel=\"canonical\" href=\"https:\/\/www.anovapeneira.gal\/index.php\/2025\/11\/10\/enrique-cabaleiro-alcalde-de-tui-4\/\" \/>\n<meta property=\"og:locale\" content=\"gl_ES\" \/>\n<meta property=\"og:type\" content=\"article\" \/>\n<meta property=\"og:title\" content=\"Enrique Cabaleiro, alcalde de Tui -\" \/>\n<meta property=\"og:description\" content=\"Como \u00e9 tradici\u00f3n nesta casa, acheg\u00e1monos \u00e1 cidade de Tui para conversar co seu alcalde e co\u00f1ecer a s\u00faa valoraci\u00f3n sobre a situaci\u00f3n pol\u00edtica da s\u00faa cidade. Te\u00f1o que dicir que vin ao socialista Enrique [...]\" \/>\n<meta property=\"og:url\" content=\"https:\/\/www.anovapeneira.gal\/index.php\/2025\/11\/10\/enrique-cabaleiro-alcalde-de-tui-4\/\" \/>\n<meta property=\"article:publisher\" content=\"https:\/\/www.facebook.com\/anovapeneira\" \/>\n<meta property=\"article:published_time\" content=\"2025-11-10T09:00:33+00:00\" \/>\n<meta property=\"og:image\" content=\"https:\/\/www.anovapeneira.gal\/wp-content\/uploads\/2025\/11\/alcalde_tui-scaled.jpg\" \/>\n\t<meta property=\"og:image:width\" content=\"2560\" \/>\n\t<meta property=\"og:image:height\" content=\"1536\" \/>\n\t<meta property=\"og:image:type\" content=\"image\/jpeg\" \/>\n<meta name=\"author\" content=\"Tino Lago\" \/>\n<meta name=\"twitter:card\" content=\"summary_large_image\" \/>\n<meta name=\"twitter:creator\" content=\"@APeneira\" \/>\n<meta name=\"twitter:site\" content=\"@APeneira\" \/>\n<meta name=\"twitter:label1\" content=\"Escrito por\" \/>\n\t<meta name=\"twitter:data1\" content=\"Tino Lago\" \/>\n\t<meta name=\"twitter:label2\" content=\"Tempo de lectura\" \/>\n\t<meta name=\"twitter:data2\" content=\"4 minutos\" \/>\n<script type=\"application\/ld+json\" class=\"yoast-schema-graph\">{\"@context\":\"https:\\\/\\\/schema.org\",\"@graph\":[{\"@type\":\"Article\",\"@id\":\"https:\\\/\\\/www.anovapeneira.gal\\\/index.php\\\/2025\\\/11\\\/10\\\/enrique-cabaleiro-alcalde-de-tui-4\\\/#article\",\"isPartOf\":{\"@id\":\"https:\\\/\\\/www.anovapeneira.gal\\\/index.php\\\/2025\\\/11\\\/10\\\/enrique-cabaleiro-alcalde-de-tui-4\\\/\"},\"author\":{\"name\":\"Tino Lago\",\"@id\":\"https:\\\/\\\/www.anovapeneira.gal\\\/#\\\/schema\\\/person\\\/424dfe65e3070fd8a44d22d2c088762a\"},\"headline\":\"Enrique Cabaleiro, alcalde de Tui\",\"datePublished\":\"2025-11-10T09:00:33+00:00\",\"mainEntityOfPage\":{\"@id\":\"https:\\\/\\\/www.anovapeneira.gal\\\/index.php\\\/2025\\\/11\\\/10\\\/enrique-cabaleiro-alcalde-de-tui-4\\\/\"},\"wordCount\":1750,\"commentCount\":0,\"publisher\":{\"@id\":\"https:\\\/\\\/www.anovapeneira.gal\\\/#organization\"},\"image\":{\"@id\":\"https:\\\/\\\/www.anovapeneira.gal\\\/index.php\\\/2025\\\/11\\\/10\\\/enrique-cabaleiro-alcalde-de-tui-4\\\/#primaryimage\"},\"thumbnailUrl\":\"https:\\\/\\\/www.anovapeneira.gal\\\/wp-content\\\/uploads\\\/2025\\\/11\\\/alcalde_tui-scaled.jpg\",\"keywords\":[\"Concello de Tui\"],\"articleSection\":[\"Baixo Mi\u00f1o\"],\"inLanguage\":\"gl-ES\",\"potentialAction\":[{\"@type\":\"CommentAction\",\"name\":\"Comment\",\"target\":[\"https:\\\/\\\/www.anovapeneira.gal\\\/index.php\\\/2025\\\/11\\\/10\\\/enrique-cabaleiro-alcalde-de-tui-4\\\/#respond\"]}]},{\"@type\":\"WebPage\",\"@id\":\"https:\\\/\\\/www.anovapeneira.gal\\\/index.php\\\/2025\\\/11\\\/10\\\/enrique-cabaleiro-alcalde-de-tui-4\\\/\",\"url\":\"https:\\\/\\\/www.anovapeneira.gal\\\/index.php\\\/2025\\\/11\\\/10\\\/enrique-cabaleiro-alcalde-de-tui-4\\\/\",\"name\":\"Enrique Cabaleiro, alcalde de Tui -\",\"isPartOf\":{\"@id\":\"https:\\\/\\\/www.anovapeneira.gal\\\/#website\"},\"primaryImageOfPage\":{\"@id\":\"https:\\\/\\\/www.anovapeneira.gal\\\/index.php\\\/2025\\\/11\\\/10\\\/enrique-cabaleiro-alcalde-de-tui-4\\\/#primaryimage\"},\"image\":{\"@id\":\"https:\\\/\\\/www.anovapeneira.gal\\\/index.php\\\/2025\\\/11\\\/10\\\/enrique-cabaleiro-alcalde-de-tui-4\\\/#primaryimage\"},\"thumbnailUrl\":\"https:\\\/\\\/www.anovapeneira.gal\\\/wp-content\\\/uploads\\\/2025\\\/11\\\/alcalde_tui-scaled.jpg\",\"datePublished\":\"2025-11-10T09:00:33+00:00\",\"breadcrumb\":{\"@id\":\"https:\\\/\\\/www.anovapeneira.gal\\\/index.php\\\/2025\\\/11\\\/10\\\/enrique-cabaleiro-alcalde-de-tui-4\\\/#breadcrumb\"},\"inLanguage\":\"gl-ES\",\"potentialAction\":[{\"@type\":\"ReadAction\",\"target\":[\"https:\\\/\\\/www.anovapeneira.gal\\\/index.php\\\/2025\\\/11\\\/10\\\/enrique-cabaleiro-alcalde-de-tui-4\\\/\"]}]},{\"@type\":\"ImageObject\",\"inLanguage\":\"gl-ES\",\"@id\":\"https:\\\/\\\/www.anovapeneira.gal\\\/index.php\\\/2025\\\/11\\\/10\\\/enrique-cabaleiro-alcalde-de-tui-4\\\/#primaryimage\",\"url\":\"https:\\\/\\\/www.anovapeneira.gal\\\/wp-content\\\/uploads\\\/2025\\\/11\\\/alcalde_tui-scaled.jpg\",\"contentUrl\":\"https:\\\/\\\/www.anovapeneira.gal\\\/wp-content\\\/uploads\\\/2025\\\/11\\\/alcalde_tui-scaled.jpg\",\"width\":2560,\"height\":1536},{\"@type\":\"BreadcrumbList\",\"@id\":\"https:\\\/\\\/www.anovapeneira.gal\\\/index.php\\\/2025\\\/11\\\/10\\\/enrique-cabaleiro-alcalde-de-tui-4\\\/#breadcrumb\",\"itemListElement\":[{\"@type\":\"ListItem\",\"position\":1,\"name\":\"Portada\",\"item\":\"https:\\\/\\\/www.anovapeneira.gal\\\/\"},{\"@type\":\"ListItem\",\"position\":2,\"name\":\"Enrique Cabaleiro, alcalde de Tui\"}]},{\"@type\":\"WebSite\",\"@id\":\"https:\\\/\\\/www.anovapeneira.gal\\\/#website\",\"url\":\"https:\\\/\\\/www.anovapeneira.gal\\\/\",\"name\":\"\",\"description\":\"Xornal galego de informaci\u00f3n xeral Publicaci\u00f3n mensual de novas de Galicia e en especial dos Concellos da sur da provincia de Pontevedra.\",\"publisher\":{\"@id\":\"https:\\\/\\\/www.anovapeneira.gal\\\/#organization\"},\"potentialAction\":[{\"@type\":\"SearchAction\",\"target\":{\"@type\":\"EntryPoint\",\"urlTemplate\":\"https:\\\/\\\/www.anovapeneira.gal\\\/?s={search_term_string}\"},\"query-input\":{\"@type\":\"PropertyValueSpecification\",\"valueRequired\":true,\"valueName\":\"search_term_string\"}}],\"inLanguage\":\"gl-ES\"},{\"@type\":\"Organization\",\"@id\":\"https:\\\/\\\/www.anovapeneira.gal\\\/#organization\",\"name\":\"A Nova Peneira\",\"url\":\"https:\\\/\\\/www.anovapeneira.gal\\\/\",\"logo\":{\"@type\":\"ImageObject\",\"inLanguage\":\"gl-ES\",\"@id\":\"https:\\\/\\\/www.anovapeneira.gal\\\/#\\\/schema\\\/logo\\\/image\\\/\",\"url\":\"http:\\\/\\\/www.anovapeneira.gal\\\/wp-content\\\/uploads\\\/2019\\\/06\\\/logo_a_nova_peneira_portal_web.png\",\"contentUrl\":\"http:\\\/\\\/www.anovapeneira.gal\\\/wp-content\\\/uploads\\\/2019\\\/06\\\/logo_a_nova_peneira_portal_web.png\",\"width\":300,\"height\":100,\"caption\":\"A Nova Peneira\"},\"image\":{\"@id\":\"https:\\\/\\\/www.anovapeneira.gal\\\/#\\\/schema\\\/logo\\\/image\\\/\"},\"sameAs\":[\"https:\\\/\\\/www.facebook.com\\\/anovapeneira\",\"https:\\\/\\\/x.com\\\/APeneira\"]},{\"@type\":\"Person\",\"@id\":\"https:\\\/\\\/www.anovapeneira.gal\\\/#\\\/schema\\\/person\\\/424dfe65e3070fd8a44d22d2c088762a\",\"name\":\"Tino Lago\",\"image\":{\"@type\":\"ImageObject\",\"inLanguage\":\"gl-ES\",\"@id\":\"https:\\\/\\\/secure.gravatar.com\\\/avatar\\\/b3df6a06e44bab3111583b90f0f33a0379ee5e3d22cbadd232d39f21c30c62be?s=96&d=mm&r=g\",\"url\":\"https:\\\/\\\/secure.gravatar.com\\\/avatar\\\/b3df6a06e44bab3111583b90f0f33a0379ee5e3d22cbadd232d39f21c30c62be?s=96&d=mm&r=g\",\"contentUrl\":\"https:\\\/\\\/secure.gravatar.com\\\/avatar\\\/b3df6a06e44bab3111583b90f0f33a0379ee5e3d22cbadd232d39f21c30c62be?s=96&d=mm&r=g\",\"caption\":\"Tino Lago\"},\"sameAs\":[\"http:\\\/\\\/www.anovapeneira.gal\"],\"url\":\"https:\\\/\\\/www.anovapeneira.gal\\\/index.php\\\/author\\\/director\\\/\"}]}<\/script>\n<!-- \/ Yoast SEO plugin. -->","yoast_head_json":{"title":"Enrique Cabaleiro, alcalde de Tui -","robots":{"index":"index","follow":"follow","max-snippet":"max-snippet:-1","max-image-preview":"max-image-preview:large","max-video-preview":"max-video-preview:-1"},"canonical":"https:\/\/www.anovapeneira.gal\/index.php\/2025\/11\/10\/enrique-cabaleiro-alcalde-de-tui-4\/","og_locale":"gl_ES","og_type":"article","og_title":"Enrique Cabaleiro, alcalde de Tui -","og_description":"Como \u00e9 tradici\u00f3n nesta casa, acheg\u00e1monos \u00e1 cidade de Tui para conversar co seu alcalde e co\u00f1ecer a s\u00faa valoraci\u00f3n sobre a situaci\u00f3n pol\u00edtica da s\u00faa cidade. Te\u00f1o que dicir que vin ao socialista Enrique [...]","og_url":"https:\/\/www.anovapeneira.gal\/index.php\/2025\/11\/10\/enrique-cabaleiro-alcalde-de-tui-4\/","article_publisher":"https:\/\/www.facebook.com\/anovapeneira","article_published_time":"2025-11-10T09:00:33+00:00","og_image":[{"width":2560,"height":1536,"url":"https:\/\/www.anovapeneira.gal\/wp-content\/uploads\/2025\/11\/alcalde_tui-scaled.jpg","type":"image\/jpeg"}],"author":"Tino Lago","twitter_card":"summary_large_image","twitter_creator":"@APeneira","twitter_site":"@APeneira","twitter_misc":{"Escrito por":"Tino Lago","Tempo de lectura":"4 minutos"},"schema":{"@context":"https:\/\/schema.org","@graph":[{"@type":"Article","@id":"https:\/\/www.anovapeneira.gal\/index.php\/2025\/11\/10\/enrique-cabaleiro-alcalde-de-tui-4\/#article","isPartOf":{"@id":"https:\/\/www.anovapeneira.gal\/index.php\/2025\/11\/10\/enrique-cabaleiro-alcalde-de-tui-4\/"},"author":{"name":"Tino Lago","@id":"https:\/\/www.anovapeneira.gal\/#\/schema\/person\/424dfe65e3070fd8a44d22d2c088762a"},"headline":"Enrique Cabaleiro, alcalde de Tui","datePublished":"2025-11-10T09:00:33+00:00","mainEntityOfPage":{"@id":"https:\/\/www.anovapeneira.gal\/index.php\/2025\/11\/10\/enrique-cabaleiro-alcalde-de-tui-4\/"},"wordCount":1750,"commentCount":0,"publisher":{"@id":"https:\/\/www.anovapeneira.gal\/#organization"},"image":{"@id":"https:\/\/www.anovapeneira.gal\/index.php\/2025\/11\/10\/enrique-cabaleiro-alcalde-de-tui-4\/#primaryimage"},"thumbnailUrl":"https:\/\/www.anovapeneira.gal\/wp-content\/uploads\/2025\/11\/alcalde_tui-scaled.jpg","keywords":["Concello de Tui"],"articleSection":["Baixo Mi\u00f1o"],"inLanguage":"gl-ES","potentialAction":[{"@type":"CommentAction","name":"Comment","target":["https:\/\/www.anovapeneira.gal\/index.php\/2025\/11\/10\/enrique-cabaleiro-alcalde-de-tui-4\/#respond"]}]},{"@type":"WebPage","@id":"https:\/\/www.anovapeneira.gal\/index.php\/2025\/11\/10\/enrique-cabaleiro-alcalde-de-tui-4\/","url":"https:\/\/www.anovapeneira.gal\/index.php\/2025\/11\/10\/enrique-cabaleiro-alcalde-de-tui-4\/","name":"Enrique Cabaleiro, alcalde de Tui -","isPartOf":{"@id":"https:\/\/www.anovapeneira.gal\/#website"},"primaryImageOfPage":{"@id":"https:\/\/www.anovapeneira.gal\/index.php\/2025\/11\/10\/enrique-cabaleiro-alcalde-de-tui-4\/#primaryimage"},"image":{"@id":"https:\/\/www.anovapeneira.gal\/index.php\/2025\/11\/10\/enrique-cabaleiro-alcalde-de-tui-4\/#primaryimage"},"thumbnailUrl":"https:\/\/www.anovapeneira.gal\/wp-content\/uploads\/2025\/11\/alcalde_tui-scaled.jpg","datePublished":"2025-11-10T09:00:33+00:00","breadcrumb":{"@id":"https:\/\/www.anovapeneira.gal\/index.php\/2025\/11\/10\/enrique-cabaleiro-alcalde-de-tui-4\/#breadcrumb"},"inLanguage":"gl-ES","potentialAction":[{"@type":"ReadAction","target":["https:\/\/www.anovapeneira.gal\/index.php\/2025\/11\/10\/enrique-cabaleiro-alcalde-de-tui-4\/"]}]},{"@type":"ImageObject","inLanguage":"gl-ES","@id":"https:\/\/www.anovapeneira.gal\/index.php\/2025\/11\/10\/enrique-cabaleiro-alcalde-de-tui-4\/#primaryimage","url":"https:\/\/www.anovapeneira.gal\/wp-content\/uploads\/2025\/11\/alcalde_tui-scaled.jpg","contentUrl":"https:\/\/www.anovapeneira.gal\/wp-content\/uploads\/2025\/11\/alcalde_tui-scaled.jpg","width":2560,"height":1536},{"@type":"BreadcrumbList","@id":"https:\/\/www.anovapeneira.gal\/index.php\/2025\/11\/10\/enrique-cabaleiro-alcalde-de-tui-4\/#breadcrumb","itemListElement":[{"@type":"ListItem","position":1,"name":"Portada","item":"https:\/\/www.anovapeneira.gal\/"},{"@type":"ListItem","position":2,"name":"Enrique Cabaleiro, alcalde de Tui"}]},{"@type":"WebSite","@id":"https:\/\/www.anovapeneira.gal\/#website","url":"https:\/\/www.anovapeneira.gal\/","name":"","description":"Xornal galego de informaci\u00f3n xeral Publicaci\u00f3n mensual de novas de Galicia e en especial dos Concellos da sur da provincia de Pontevedra.","publisher":{"@id":"https:\/\/www.anovapeneira.gal\/#organization"},"potentialAction":[{"@type":"SearchAction","target":{"@type":"EntryPoint","urlTemplate":"https:\/\/www.anovapeneira.gal\/?s={search_term_string}"},"query-input":{"@type":"PropertyValueSpecification","valueRequired":true,"valueName":"search_term_string"}}],"inLanguage":"gl-ES"},{"@type":"Organization","@id":"https:\/\/www.anovapeneira.gal\/#organization","name":"A Nova Peneira","url":"https:\/\/www.anovapeneira.gal\/","logo":{"@type":"ImageObject","inLanguage":"gl-ES","@id":"https:\/\/www.anovapeneira.gal\/#\/schema\/logo\/image\/","url":"http:\/\/www.anovapeneira.gal\/wp-content\/uploads\/2019\/06\/logo_a_nova_peneira_portal_web.png","contentUrl":"http:\/\/www.anovapeneira.gal\/wp-content\/uploads\/2019\/06\/logo_a_nova_peneira_portal_web.png","width":300,"height":100,"caption":"A Nova Peneira"},"image":{"@id":"https:\/\/www.anovapeneira.gal\/#\/schema\/logo\/image\/"},"sameAs":["https:\/\/www.facebook.com\/anovapeneira","https:\/\/x.com\/APeneira"]},{"@type":"Person","@id":"https:\/\/www.anovapeneira.gal\/#\/schema\/person\/424dfe65e3070fd8a44d22d2c088762a","name":"Tino Lago","image":{"@type":"ImageObject","inLanguage":"gl-ES","@id":"https:\/\/secure.gravatar.com\/avatar\/b3df6a06e44bab3111583b90f0f33a0379ee5e3d22cbadd232d39f21c30c62be?s=96&d=mm&r=g","url":"https:\/\/secure.gravatar.com\/avatar\/b3df6a06e44bab3111583b90f0f33a0379ee5e3d22cbadd232d39f21c30c62be?s=96&d=mm&r=g","contentUrl":"https:\/\/secure.gravatar.com\/avatar\/b3df6a06e44bab3111583b90f0f33a0379ee5e3d22cbadd232d39f21c30c62be?s=96&d=mm&r=g","caption":"Tino Lago"},"sameAs":["http:\/\/www.anovapeneira.gal"],"url":"https:\/\/www.anovapeneira.gal\/index.php\/author\/director\/"}]}},"jetpack_featured_media_url":"https:\/\/www.anovapeneira.gal\/wp-content\/uploads\/2025\/11\/alcalde_tui-scaled.jpg","_links":{"self":[{"href":"https:\/\/www.anovapeneira.gal\/index.php\/wp-json\/wp\/v2\/posts\/14909","targetHints":{"allow":["GET"]}}],"collection":[{"href":"https:\/\/www.anovapeneira.gal\/index.php\/wp-json\/wp\/v2\/posts"}],"about":[{"href":"https:\/\/www.anovapeneira.gal\/index.php\/wp-json\/wp\/v2\/types\/post"}],"author":[{"embeddable":true,"href":"https:\/\/www.anovapeneira.gal\/index.php\/wp-json\/wp\/v2\/users\/2"}],"replies":[{"embeddable":true,"href":"https:\/\/www.anovapeneira.gal\/index.php\/wp-json\/wp\/v2\/comments?post=14909"}],"version-history":[{"count":1,"href":"https:\/\/www.anovapeneira.gal\/index.php\/wp-json\/wp\/v2\/posts\/14909\/revisions"}],"predecessor-version":[{"id":14911,"href":"https:\/\/www.anovapeneira.gal\/index.php\/wp-json\/wp\/v2\/posts\/14909\/revisions\/14911"}],"wp:featuredmedia":[{"embeddable":true,"href":"https:\/\/www.anovapeneira.gal\/index.php\/wp-json\/wp\/v2\/media\/14910"}],"wp:attachment":[{"href":"https:\/\/www.anovapeneira.gal\/index.php\/wp-json\/wp\/v2\/media?parent=14909"}],"wp:term":[{"taxonomy":"category","embeddable":true,"href":"https:\/\/www.anovapeneira.gal\/index.php\/wp-json\/wp\/v2\/categories?post=14909"},{"taxonomy":"post_tag","embeddable":true,"href":"https:\/\/www.anovapeneira.gal\/index.php\/wp-json\/wp\/v2\/tags?post=14909"}],"curies":[{"name":"wp","href":"https:\/\/api.w.org\/{rel}","templated":true}]}}