{"id":14912,"date":"2025-11-10T12:00:09","date_gmt":"2025-11-10T11:00:09","guid":{"rendered":"https:\/\/www.anovapeneira.gal\/?p=14912"},"modified":"2025-11-02T09:52:52","modified_gmt":"2025-11-02T08:52:52","slug":"o-estado-e-os-seus-dogmas","status":"publish","type":"post","link":"https:\/\/www.anovapeneira.gal\/index.php\/2025\/11\/10\/o-estado-e-os-seus-dogmas\/","title":{"rendered":"O Estado e os seus dogmas"},"content":{"rendered":"\n<p>Manuel Ruiz Robles<\/p>\n\n\n\n<p>Respectemos a Constituci\u00f3n, pois sen ela non hai patria, pero reco\u00f1ezamos as\u00ed mesmo que cont\u00e9n artigos irracionais, sostidos en crenzas retr\u00f3gadas e privilexios herdados dun pasado ominoso. Un dos m\u00e1is escandalosos, ao meu parecer, \u00e9 a inviolabilidade do Rey, que o fai impune incluso cando delinque.<\/p>\n\n\n\n<p><strong>Ciencia fronte a dogmas<\/strong><\/p>\n\n\n\n<p>\u00c9 sabido que o co\u00f1ecemento cient\u00edfico \u00e9 un co\u00f1ecemento aberto ao cambio, sempre en revisi\u00f3n, apoiado na evidencia emp\u00edrica e no consenso da comunidade cient\u00edfica.<\/p>\n\n\n\n<p>Doutra banda, a ideolox\u00eda \u00e9, segundo a RAE, o &#8220;conxunto de ideas fundamentais que caracterizan o pensamento dunha persoa, colectividade ou \u00e9poca, dun movemento cultural, relixioso ou pol\u00edtico&#8221;.<\/p>\n\n\n\n<p>Con todo, cando un precepto ideol\u00f3xico transf\u00f3rmase en dogma -\u00e9 dicir nunha crenza de car\u00e1cter indiscutible e obrigado para os seguidores de calquera relixi\u00f3n- pode chegar a ser contrario ao co\u00f1ecemento cient\u00edfico e, por tanto, \u00e1 evidencia emp\u00edrica, constitu\u00edndo un obst\u00e1culo que debe ser removido. Tales obst\u00e1culos ideol\u00f3xicos impiden a mi\u00fado o perfeccionamento das leis e o avance en dereitos sociais, como o son, por exemplo, os dereitos sexuais e reprodutivos; en particular o dereito \u00e1 interrupci\u00f3n voluntaria do embarazo, que deber\u00eda estar blindado na Constituci\u00f3n.<\/p>\n\n\n\n<p>Estes dogmas -utilizados a mi\u00fado polo poder para manter o statu quo entorpecen o progreso e provocan enormes inxustizas e sufrimentos.<\/p>\n\n\n\n<p><strong>Dogmas contra o progreso:<\/strong><\/p>\n\n\n\n<p>A historia como advertencia Ao longo da historia, as sociedades oscilaron entre o desexo de avanzar no co\u00f1ecemento e a necesidade de preservar unha orde establecida. Neste conflito constante, os dogmas -xa sexan relixiosos ou ideol\u00f3xicos- actuaron con frecuencia como freos ao pensamento cr\u00edtico, a investigaci\u00f3n libre, o progreso cient\u00edfico e as transformaci\u00f3ns sociais. Lonxe de ser simples erros do pasado, estes episodios revelan como a imposici\u00f3n dun dogma, incuestionable e sancionado pola autoridade, tivo consecuencias profundas e duradeiras no desenvolvemento das sociedades.<\/p>\n\n\n\n<p>Un dos casos m\u00e1is co\u00f1ecidos \u00e9 o de Galileo Galilei, astr\u00f3nomo e f\u00edsico do s\u00e9culo XVII, cuxo apoio Ao heliocentrismio -a teor\u00eda de que a Terra vira ao redor do Sol, proposta inicialmente por Cop\u00e9rnico- enfrontouno coa Igrexa cat\u00f3lica. A pesar de contar con probas emp\u00edricas obtidas mediante o seu telescopio, Galileo foi xulgado pola Inquisici\u00f3n, obrigado a retractarse e condenado a arresto domiciliario para sempre. O problema non era a pretendida falsidade dos seus descubrimentos, sen\u00f3n que contradic\u00edan a interpretaci\u00f3n oficial das Sacras Escrituras. Este exemplo non s\u00f3 evidencia como un dogma relixioso pode suprimir o co\u00f1ecemento, sen\u00f3n tam\u00e9n o medo institucional a perder control sobre a narrativa do mundo.<\/p>\n\n\n\n<p>M\u00e1s tr\u00e1xico a\u00ednda foi o destino de Miguel Servet, m\u00e9dico e te\u00f3logo aragon\u00e9s do s\u00e9culo XVI, que se atreveu a cuestionar tanto a Trindade cristi\u00e1 como algunhas pr\u00e1cticas m\u00e9dicas do seu tempo. Perseguido por cat\u00f3licos e protestantes por igual, foi finalmente arrestado en Xenebra baixo ordes de Juan Calvino e condenado \u00e1 fogueira. Ademais das s\u00faas ideas teol\u00f3xicas, Servet fixo importantes observaci\u00f3ns sobre a circulaci\u00f3n pulmonar do sangue, adiant\u00e1ndose ao seu tempo. Pero o seu pensamento cient\u00edfico foi considerado perigoso non polo que dic\u00eda da medicina, sen\u00f3n polo que implicaba en termos de autoridade relixiosa. A s\u00faa cruel e inxusta execuci\u00f3n, queimado vivo na fogueira, proba como o dogma pode matar tanto ideas como persoas.<\/p>\n\n\n\n<p><strong>A Revoluci\u00f3n Cient\u00edfica e o Movemento Obreiro<\/strong><\/p>\n\n\n\n<p>A Revoluci\u00f3n Cient\u00edfica, iniciada no s\u00e9culo XVI, e a Ilustraci\u00f3n, iniciada no XVII, propiciaron o desenvolvemento das forzas produtivas e o espertar das conciencias. Ambos os movementos priorizaron a raz\u00f3n e a l\u00f3xica sobre a tradici\u00f3n e a superstici\u00f3n. A Ilustraci\u00f3n, de feito, co\u00f1\u00e9cese como o &#8220;S\u00e9culo das Luces&#8221; porque puxo a raz\u00f3n no centro da procura da verdade.<\/p>\n\n\n\n<p>No s\u00e9culo XVIII xorde en Inglaterra o movemento obreiro debido \u00e1 Revoluci\u00f3n Industrial e \u00e1 terrible explotaci\u00f3n laboral, e, en Francia, xa a finais de s\u00e9culo, a burgues\u00eda progresista, co apoio das capas populares, impulsan a s\u00faa Revoluci\u00f3n, proclamando a Rep\u00fablica francesa.<\/p>\n\n\n\n<p>No s\u00e9culo XIX, a medida que o proceso de industrializaci\u00f3n estendeuse, o movemento obreiro expandiuse simultaneamente por Europa. No s\u00e9culo XIX pensadores tales como Karl Marx, Frederic Engels e Lenin, achegaron ao movemento obreiro as bases te\u00f3ricas e pr\u00e1cticas que posibilitaron a Revoluci\u00f3n rusa a principios do s\u00e9culo XX e a implantaci\u00f3n do primeiro Estado obreiro da Historia. Lonxe de marcar unha ruptura definitiva coa superstici\u00f3n e as crenzas contrarias \u00e1 raz\u00f3n, trouxo novas formas de dogmatismo, agora baixo roupaxes ideol\u00f3xicas. Un caso paradigm\u00e1tico foi o do lisenkoismo na extinta URSS.<\/p>\n\n\n\n<p>Trofim Den\u00edsovich Lysenko (1898-1976), un agr\u00f3nomo sen formaci\u00f3n cient\u00edfica s\u00f3lida, promoveu teor\u00edas pseudocient\u00edficas que negaban a xen\u00e9tica mendeliana. Apoiado por Stalin, a s\u00faa doutrina converteuse en pol\u00edtica oficial do Estado. Os xenetistas que se opuxeron -moitos deles destacados cient\u00edficos- foron silenciados ou encarcerados. Como resultado, a biolox\u00eda sovi\u00e9tica sufriu un atraso de d\u00e9cadas, e as fames negras causadas por pol\u00edticas agr\u00edcolas erradas cobraron mill\u00f3ns de vidas. Neste caso, o dogma non era relixioso, sen\u00f3n ideol\u00f3xico, pero o efecto foi o mesmo: o pensamento cr\u00edtico foi suprimido en nome dunha verdade imposta desde o poder.<\/p>\n\n\n\n<p><strong>Conclusi\u00f3n<\/strong><\/p>\n\n\n\n<p>Estes sucesos abominables l\u00e9mbrannos que o co\u00f1ecemento florece s\u00f3 nun ambiente onde se permite a d\u00fabida, a cr\u00edtica e a revisi\u00f3n constante das ideas. Cando se elevan certas crenzas ao rango de incuestionables -sexan de orixe divina ou pol\u00edtica-, cond\u00e9nase \u00e1 sociedade ao estancamento ou mesmo ao retroceso. A historia de Galileo, Servet ou os cient\u00edficos sovi\u00e9ticos perseguidos por Stalin -sen minimizar a achega deste dirixente pol\u00edtico ao desenvolvemento tecnol\u00f3xico da URSS e \u00e1 vitoria europea sobre o nazismo- non \u00e9 s\u00f3 unha lecci\u00f3n do pasado: \u00e9 unha advertencia permanente sobre os perigos de subordinar a raz\u00f3n ao dogma.<\/p>\n","protected":false},"excerpt":{"rendered":"<div class=\"mh-excerpt\"><p>Manuel Ruiz Robles Respectemos a Constituci\u00f3n, pois sen ela non hai patria, pero reco\u00f1ezamos as\u00ed mesmo que cont\u00e9n artigos irracionais, sostidos en crenzas retr\u00f3gadas e privilexios herdados dun pasado ominoso. Un dos m\u00e1is escandalosos, ao <a class=\"mh-excerpt-more\" href=\"https:\/\/www.anovapeneira.gal\/index.php\/2025\/11\/10\/o-estado-e-os-seus-dogmas\/\" title=\"O Estado e os seus dogmas\">[&#8230;]<\/a><\/p>\n<\/div>","protected":false},"author":12,"featured_media":9435,"comment_status":"open","ping_status":"open","sticky":false,"template":"","format":"standard","meta":{"_exactmetrics_skip_tracking":false,"_exactmetrics_sitenote_active":false,"_exactmetrics_sitenote_note":"","_exactmetrics_sitenote_category":0,"footnotes":""},"categories":[7],"tags":[],"class_list":{"0":"post-14912","1":"post","2":"type-post","3":"status-publish","4":"format-standard","5":"has-post-thumbnail","7":"category-artigos-de-opinion"},"yoast_head":"<!-- This site is optimized with the Yoast SEO plugin v27.5 - https:\/\/yoast.com\/product\/yoast-seo-wordpress\/ -->\n<title>O Estado e os seus dogmas -<\/title>\n<meta name=\"robots\" content=\"index, follow, max-snippet:-1, max-image-preview:large, max-video-preview:-1\" \/>\n<link rel=\"canonical\" href=\"https:\/\/www.anovapeneira.gal\/index.php\/2025\/11\/10\/o-estado-e-os-seus-dogmas\/\" \/>\n<meta property=\"og:locale\" content=\"gl_ES\" \/>\n<meta property=\"og:type\" content=\"article\" \/>\n<meta property=\"og:title\" content=\"O Estado e os seus dogmas -\" \/>\n<meta property=\"og:description\" content=\"Manuel Ruiz Robles Respectemos a Constituci\u00f3n, pois sen ela non hai patria, pero reco\u00f1ezamos as\u00ed mesmo que cont\u00e9n artigos irracionais, sostidos en crenzas retr\u00f3gadas e privilexios herdados dun pasado ominoso. Un dos m\u00e1is escandalosos, ao [...]\" \/>\n<meta property=\"og:url\" content=\"https:\/\/www.anovapeneira.gal\/index.php\/2025\/11\/10\/o-estado-e-os-seus-dogmas\/\" \/>\n<meta property=\"article:publisher\" content=\"https:\/\/www.facebook.com\/anovapeneira\" \/>\n<meta property=\"article:published_time\" content=\"2025-11-10T11:00:09+00:00\" \/>\n<meta property=\"og:image\" content=\"https:\/\/www.anovapeneira.gal\/wp-content\/uploads\/2023\/04\/manuel-ruiz.jpg\" \/>\n\t<meta property=\"og:image:width\" content=\"720\" \/>\n\t<meta property=\"og:image:height\" content=\"432\" \/>\n\t<meta property=\"og:image:type\" content=\"image\/jpeg\" \/>\n<meta name=\"author\" content=\"Artigos Opini\u00f3n\" \/>\n<meta name=\"twitter:card\" content=\"summary_large_image\" \/>\n<meta name=\"twitter:creator\" content=\"@APeneira\" \/>\n<meta name=\"twitter:site\" content=\"@APeneira\" \/>\n<meta name=\"twitter:label1\" content=\"Escrito por\" \/>\n\t<meta name=\"twitter:data1\" content=\"Artigos Opini\u00f3n\" \/>\n\t<meta name=\"twitter:label2\" content=\"Tempo de lectura\" \/>\n\t<meta name=\"twitter:data2\" content=\"6 minutos\" \/>\n<script type=\"application\/ld+json\" class=\"yoast-schema-graph\">{\"@context\":\"https:\\\/\\\/schema.org\",\"@graph\":[{\"@type\":\"Article\",\"@id\":\"https:\\\/\\\/www.anovapeneira.gal\\\/index.php\\\/2025\\\/11\\\/10\\\/o-estado-e-os-seus-dogmas\\\/#article\",\"isPartOf\":{\"@id\":\"https:\\\/\\\/www.anovapeneira.gal\\\/index.php\\\/2025\\\/11\\\/10\\\/o-estado-e-os-seus-dogmas\\\/\"},\"author\":{\"name\":\"Artigos Opini\u00f3n\",\"@id\":\"https:\\\/\\\/www.anovapeneira.gal\\\/#\\\/schema\\\/person\\\/f18a4feb302e8f20bcef4490b5b60bb3\"},\"headline\":\"O Estado e os seus dogmas\",\"datePublished\":\"2025-11-10T11:00:09+00:00\",\"mainEntityOfPage\":{\"@id\":\"https:\\\/\\\/www.anovapeneira.gal\\\/index.php\\\/2025\\\/11\\\/10\\\/o-estado-e-os-seus-dogmas\\\/\"},\"wordCount\":1050,\"commentCount\":0,\"publisher\":{\"@id\":\"https:\\\/\\\/www.anovapeneira.gal\\\/#organization\"},\"image\":{\"@id\":\"https:\\\/\\\/www.anovapeneira.gal\\\/index.php\\\/2025\\\/11\\\/10\\\/o-estado-e-os-seus-dogmas\\\/#primaryimage\"},\"thumbnailUrl\":\"https:\\\/\\\/www.anovapeneira.gal\\\/wp-content\\\/uploads\\\/2023\\\/04\\\/manuel-ruiz.jpg\",\"articleSection\":[\"Artigos de opini\u00f3n\"],\"inLanguage\":\"gl-ES\",\"potentialAction\":[{\"@type\":\"CommentAction\",\"name\":\"Comment\",\"target\":[\"https:\\\/\\\/www.anovapeneira.gal\\\/index.php\\\/2025\\\/11\\\/10\\\/o-estado-e-os-seus-dogmas\\\/#respond\"]}]},{\"@type\":\"WebPage\",\"@id\":\"https:\\\/\\\/www.anovapeneira.gal\\\/index.php\\\/2025\\\/11\\\/10\\\/o-estado-e-os-seus-dogmas\\\/\",\"url\":\"https:\\\/\\\/www.anovapeneira.gal\\\/index.php\\\/2025\\\/11\\\/10\\\/o-estado-e-os-seus-dogmas\\\/\",\"name\":\"O Estado e os seus dogmas -\",\"isPartOf\":{\"@id\":\"https:\\\/\\\/www.anovapeneira.gal\\\/#website\"},\"primaryImageOfPage\":{\"@id\":\"https:\\\/\\\/www.anovapeneira.gal\\\/index.php\\\/2025\\\/11\\\/10\\\/o-estado-e-os-seus-dogmas\\\/#primaryimage\"},\"image\":{\"@id\":\"https:\\\/\\\/www.anovapeneira.gal\\\/index.php\\\/2025\\\/11\\\/10\\\/o-estado-e-os-seus-dogmas\\\/#primaryimage\"},\"thumbnailUrl\":\"https:\\\/\\\/www.anovapeneira.gal\\\/wp-content\\\/uploads\\\/2023\\\/04\\\/manuel-ruiz.jpg\",\"datePublished\":\"2025-11-10T11:00:09+00:00\",\"breadcrumb\":{\"@id\":\"https:\\\/\\\/www.anovapeneira.gal\\\/index.php\\\/2025\\\/11\\\/10\\\/o-estado-e-os-seus-dogmas\\\/#breadcrumb\"},\"inLanguage\":\"gl-ES\",\"potentialAction\":[{\"@type\":\"ReadAction\",\"target\":[\"https:\\\/\\\/www.anovapeneira.gal\\\/index.php\\\/2025\\\/11\\\/10\\\/o-estado-e-os-seus-dogmas\\\/\"]}]},{\"@type\":\"ImageObject\",\"inLanguage\":\"gl-ES\",\"@id\":\"https:\\\/\\\/www.anovapeneira.gal\\\/index.php\\\/2025\\\/11\\\/10\\\/o-estado-e-os-seus-dogmas\\\/#primaryimage\",\"url\":\"https:\\\/\\\/www.anovapeneira.gal\\\/wp-content\\\/uploads\\\/2023\\\/04\\\/manuel-ruiz.jpg\",\"contentUrl\":\"https:\\\/\\\/www.anovapeneira.gal\\\/wp-content\\\/uploads\\\/2023\\\/04\\\/manuel-ruiz.jpg\",\"width\":720,\"height\":432,\"caption\":\"Manuel Ruiz\"},{\"@type\":\"BreadcrumbList\",\"@id\":\"https:\\\/\\\/www.anovapeneira.gal\\\/index.php\\\/2025\\\/11\\\/10\\\/o-estado-e-os-seus-dogmas\\\/#breadcrumb\",\"itemListElement\":[{\"@type\":\"ListItem\",\"position\":1,\"name\":\"Portada\",\"item\":\"https:\\\/\\\/www.anovapeneira.gal\\\/\"},{\"@type\":\"ListItem\",\"position\":2,\"name\":\"O Estado e os seus dogmas\"}]},{\"@type\":\"WebSite\",\"@id\":\"https:\\\/\\\/www.anovapeneira.gal\\\/#website\",\"url\":\"https:\\\/\\\/www.anovapeneira.gal\\\/\",\"name\":\"\",\"description\":\"Xornal galego de informaci\u00f3n xeral Publicaci\u00f3n mensual de novas de Galicia e en especial dos Concellos da sur da provincia de Pontevedra.\",\"publisher\":{\"@id\":\"https:\\\/\\\/www.anovapeneira.gal\\\/#organization\"},\"potentialAction\":[{\"@type\":\"SearchAction\",\"target\":{\"@type\":\"EntryPoint\",\"urlTemplate\":\"https:\\\/\\\/www.anovapeneira.gal\\\/?s={search_term_string}\"},\"query-input\":{\"@type\":\"PropertyValueSpecification\",\"valueRequired\":true,\"valueName\":\"search_term_string\"}}],\"inLanguage\":\"gl-ES\"},{\"@type\":\"Organization\",\"@id\":\"https:\\\/\\\/www.anovapeneira.gal\\\/#organization\",\"name\":\"A Nova Peneira\",\"url\":\"https:\\\/\\\/www.anovapeneira.gal\\\/\",\"logo\":{\"@type\":\"ImageObject\",\"inLanguage\":\"gl-ES\",\"@id\":\"https:\\\/\\\/www.anovapeneira.gal\\\/#\\\/schema\\\/logo\\\/image\\\/\",\"url\":\"http:\\\/\\\/www.anovapeneira.gal\\\/wp-content\\\/uploads\\\/2019\\\/06\\\/logo_a_nova_peneira_portal_web.png\",\"contentUrl\":\"http:\\\/\\\/www.anovapeneira.gal\\\/wp-content\\\/uploads\\\/2019\\\/06\\\/logo_a_nova_peneira_portal_web.png\",\"width\":300,\"height\":100,\"caption\":\"A Nova Peneira\"},\"image\":{\"@id\":\"https:\\\/\\\/www.anovapeneira.gal\\\/#\\\/schema\\\/logo\\\/image\\\/\"},\"sameAs\":[\"https:\\\/\\\/www.facebook.com\\\/anovapeneira\",\"https:\\\/\\\/x.com\\\/APeneira\"]},{\"@type\":\"Person\",\"@id\":\"https:\\\/\\\/www.anovapeneira.gal\\\/#\\\/schema\\\/person\\\/f18a4feb302e8f20bcef4490b5b60bb3\",\"name\":\"Artigos Opini\u00f3n\",\"image\":{\"@type\":\"ImageObject\",\"inLanguage\":\"gl-ES\",\"@id\":\"https:\\\/\\\/secure.gravatar.com\\\/avatar\\\/072844300f4881150aee2da4278f7a65d16eefdf8262eb67085f1e702de2b959?s=96&d=mm&r=g\",\"url\":\"https:\\\/\\\/secure.gravatar.com\\\/avatar\\\/072844300f4881150aee2da4278f7a65d16eefdf8262eb67085f1e702de2b959?s=96&d=mm&r=g\",\"contentUrl\":\"https:\\\/\\\/secure.gravatar.com\\\/avatar\\\/072844300f4881150aee2da4278f7a65d16eefdf8262eb67085f1e702de2b959?s=96&d=mm&r=g\",\"caption\":\"Artigos Opini\u00f3n\"},\"sameAs\":[\"http:\\\/\\\/anovapeneira.gal\"],\"url\":\"https:\\\/\\\/www.anovapeneira.gal\\\/index.php\\\/author\\\/artigosopinion\\\/\"}]}<\/script>\n<!-- \/ Yoast SEO plugin. -->","yoast_head_json":{"title":"O Estado e os seus dogmas -","robots":{"index":"index","follow":"follow","max-snippet":"max-snippet:-1","max-image-preview":"max-image-preview:large","max-video-preview":"max-video-preview:-1"},"canonical":"https:\/\/www.anovapeneira.gal\/index.php\/2025\/11\/10\/o-estado-e-os-seus-dogmas\/","og_locale":"gl_ES","og_type":"article","og_title":"O Estado e os seus dogmas -","og_description":"Manuel Ruiz Robles Respectemos a Constituci\u00f3n, pois sen ela non hai patria, pero reco\u00f1ezamos as\u00ed mesmo que cont\u00e9n artigos irracionais, sostidos en crenzas retr\u00f3gadas e privilexios herdados dun pasado ominoso. Un dos m\u00e1is escandalosos, ao [...]","og_url":"https:\/\/www.anovapeneira.gal\/index.php\/2025\/11\/10\/o-estado-e-os-seus-dogmas\/","article_publisher":"https:\/\/www.facebook.com\/anovapeneira","article_published_time":"2025-11-10T11:00:09+00:00","og_image":[{"width":720,"height":432,"url":"https:\/\/www.anovapeneira.gal\/wp-content\/uploads\/2023\/04\/manuel-ruiz.jpg","type":"image\/jpeg"}],"author":"Artigos Opini\u00f3n","twitter_card":"summary_large_image","twitter_creator":"@APeneira","twitter_site":"@APeneira","twitter_misc":{"Escrito por":"Artigos Opini\u00f3n","Tempo de lectura":"6 minutos"},"schema":{"@context":"https:\/\/schema.org","@graph":[{"@type":"Article","@id":"https:\/\/www.anovapeneira.gal\/index.php\/2025\/11\/10\/o-estado-e-os-seus-dogmas\/#article","isPartOf":{"@id":"https:\/\/www.anovapeneira.gal\/index.php\/2025\/11\/10\/o-estado-e-os-seus-dogmas\/"},"author":{"name":"Artigos Opini\u00f3n","@id":"https:\/\/www.anovapeneira.gal\/#\/schema\/person\/f18a4feb302e8f20bcef4490b5b60bb3"},"headline":"O Estado e os seus dogmas","datePublished":"2025-11-10T11:00:09+00:00","mainEntityOfPage":{"@id":"https:\/\/www.anovapeneira.gal\/index.php\/2025\/11\/10\/o-estado-e-os-seus-dogmas\/"},"wordCount":1050,"commentCount":0,"publisher":{"@id":"https:\/\/www.anovapeneira.gal\/#organization"},"image":{"@id":"https:\/\/www.anovapeneira.gal\/index.php\/2025\/11\/10\/o-estado-e-os-seus-dogmas\/#primaryimage"},"thumbnailUrl":"https:\/\/www.anovapeneira.gal\/wp-content\/uploads\/2023\/04\/manuel-ruiz.jpg","articleSection":["Artigos de opini\u00f3n"],"inLanguage":"gl-ES","potentialAction":[{"@type":"CommentAction","name":"Comment","target":["https:\/\/www.anovapeneira.gal\/index.php\/2025\/11\/10\/o-estado-e-os-seus-dogmas\/#respond"]}]},{"@type":"WebPage","@id":"https:\/\/www.anovapeneira.gal\/index.php\/2025\/11\/10\/o-estado-e-os-seus-dogmas\/","url":"https:\/\/www.anovapeneira.gal\/index.php\/2025\/11\/10\/o-estado-e-os-seus-dogmas\/","name":"O Estado e os seus dogmas -","isPartOf":{"@id":"https:\/\/www.anovapeneira.gal\/#website"},"primaryImageOfPage":{"@id":"https:\/\/www.anovapeneira.gal\/index.php\/2025\/11\/10\/o-estado-e-os-seus-dogmas\/#primaryimage"},"image":{"@id":"https:\/\/www.anovapeneira.gal\/index.php\/2025\/11\/10\/o-estado-e-os-seus-dogmas\/#primaryimage"},"thumbnailUrl":"https:\/\/www.anovapeneira.gal\/wp-content\/uploads\/2023\/04\/manuel-ruiz.jpg","datePublished":"2025-11-10T11:00:09+00:00","breadcrumb":{"@id":"https:\/\/www.anovapeneira.gal\/index.php\/2025\/11\/10\/o-estado-e-os-seus-dogmas\/#breadcrumb"},"inLanguage":"gl-ES","potentialAction":[{"@type":"ReadAction","target":["https:\/\/www.anovapeneira.gal\/index.php\/2025\/11\/10\/o-estado-e-os-seus-dogmas\/"]}]},{"@type":"ImageObject","inLanguage":"gl-ES","@id":"https:\/\/www.anovapeneira.gal\/index.php\/2025\/11\/10\/o-estado-e-os-seus-dogmas\/#primaryimage","url":"https:\/\/www.anovapeneira.gal\/wp-content\/uploads\/2023\/04\/manuel-ruiz.jpg","contentUrl":"https:\/\/www.anovapeneira.gal\/wp-content\/uploads\/2023\/04\/manuel-ruiz.jpg","width":720,"height":432,"caption":"Manuel Ruiz"},{"@type":"BreadcrumbList","@id":"https:\/\/www.anovapeneira.gal\/index.php\/2025\/11\/10\/o-estado-e-os-seus-dogmas\/#breadcrumb","itemListElement":[{"@type":"ListItem","position":1,"name":"Portada","item":"https:\/\/www.anovapeneira.gal\/"},{"@type":"ListItem","position":2,"name":"O Estado e os seus dogmas"}]},{"@type":"WebSite","@id":"https:\/\/www.anovapeneira.gal\/#website","url":"https:\/\/www.anovapeneira.gal\/","name":"","description":"Xornal galego de informaci\u00f3n xeral Publicaci\u00f3n mensual de novas de Galicia e en especial dos Concellos da sur da provincia de Pontevedra.","publisher":{"@id":"https:\/\/www.anovapeneira.gal\/#organization"},"potentialAction":[{"@type":"SearchAction","target":{"@type":"EntryPoint","urlTemplate":"https:\/\/www.anovapeneira.gal\/?s={search_term_string}"},"query-input":{"@type":"PropertyValueSpecification","valueRequired":true,"valueName":"search_term_string"}}],"inLanguage":"gl-ES"},{"@type":"Organization","@id":"https:\/\/www.anovapeneira.gal\/#organization","name":"A Nova Peneira","url":"https:\/\/www.anovapeneira.gal\/","logo":{"@type":"ImageObject","inLanguage":"gl-ES","@id":"https:\/\/www.anovapeneira.gal\/#\/schema\/logo\/image\/","url":"http:\/\/www.anovapeneira.gal\/wp-content\/uploads\/2019\/06\/logo_a_nova_peneira_portal_web.png","contentUrl":"http:\/\/www.anovapeneira.gal\/wp-content\/uploads\/2019\/06\/logo_a_nova_peneira_portal_web.png","width":300,"height":100,"caption":"A Nova Peneira"},"image":{"@id":"https:\/\/www.anovapeneira.gal\/#\/schema\/logo\/image\/"},"sameAs":["https:\/\/www.facebook.com\/anovapeneira","https:\/\/x.com\/APeneira"]},{"@type":"Person","@id":"https:\/\/www.anovapeneira.gal\/#\/schema\/person\/f18a4feb302e8f20bcef4490b5b60bb3","name":"Artigos Opini\u00f3n","image":{"@type":"ImageObject","inLanguage":"gl-ES","@id":"https:\/\/secure.gravatar.com\/avatar\/072844300f4881150aee2da4278f7a65d16eefdf8262eb67085f1e702de2b959?s=96&d=mm&r=g","url":"https:\/\/secure.gravatar.com\/avatar\/072844300f4881150aee2da4278f7a65d16eefdf8262eb67085f1e702de2b959?s=96&d=mm&r=g","contentUrl":"https:\/\/secure.gravatar.com\/avatar\/072844300f4881150aee2da4278f7a65d16eefdf8262eb67085f1e702de2b959?s=96&d=mm&r=g","caption":"Artigos Opini\u00f3n"},"sameAs":["http:\/\/anovapeneira.gal"],"url":"https:\/\/www.anovapeneira.gal\/index.php\/author\/artigosopinion\/"}]}},"jetpack_featured_media_url":"https:\/\/www.anovapeneira.gal\/wp-content\/uploads\/2023\/04\/manuel-ruiz.jpg","_links":{"self":[{"href":"https:\/\/www.anovapeneira.gal\/index.php\/wp-json\/wp\/v2\/posts\/14912","targetHints":{"allow":["GET"]}}],"collection":[{"href":"https:\/\/www.anovapeneira.gal\/index.php\/wp-json\/wp\/v2\/posts"}],"about":[{"href":"https:\/\/www.anovapeneira.gal\/index.php\/wp-json\/wp\/v2\/types\/post"}],"author":[{"embeddable":true,"href":"https:\/\/www.anovapeneira.gal\/index.php\/wp-json\/wp\/v2\/users\/12"}],"replies":[{"embeddable":true,"href":"https:\/\/www.anovapeneira.gal\/index.php\/wp-json\/wp\/v2\/comments?post=14912"}],"version-history":[{"count":1,"href":"https:\/\/www.anovapeneira.gal\/index.php\/wp-json\/wp\/v2\/posts\/14912\/revisions"}],"predecessor-version":[{"id":14913,"href":"https:\/\/www.anovapeneira.gal\/index.php\/wp-json\/wp\/v2\/posts\/14912\/revisions\/14913"}],"wp:featuredmedia":[{"embeddable":true,"href":"https:\/\/www.anovapeneira.gal\/index.php\/wp-json\/wp\/v2\/media\/9435"}],"wp:attachment":[{"href":"https:\/\/www.anovapeneira.gal\/index.php\/wp-json\/wp\/v2\/media?parent=14912"}],"wp:term":[{"taxonomy":"category","embeddable":true,"href":"https:\/\/www.anovapeneira.gal\/index.php\/wp-json\/wp\/v2\/categories?post=14912"},{"taxonomy":"post_tag","embeddable":true,"href":"https:\/\/www.anovapeneira.gal\/index.php\/wp-json\/wp\/v2\/tags?post=14912"}],"curies":[{"name":"wp","href":"https:\/\/api.w.org\/{rel}","templated":true}]}}