{"id":14914,"date":"2025-11-11T10:00:55","date_gmt":"2025-11-11T09:00:55","guid":{"rendered":"https:\/\/www.anovapeneira.gal\/?p=14914"},"modified":"2025-11-03T17:34:25","modified_gmt":"2025-11-03T16:34:25","slug":"o-medo-do-ppdeg","status":"publish","type":"post","link":"https:\/\/www.anovapeneira.gal\/index.php\/2025\/11\/11\/o-medo-do-ppdeg\/","title":{"rendered":"O medo do PPdeG"},"content":{"rendered":"\n<figure class=\"wp-block-image size-full is-resized\"><img loading=\"lazy\" decoding=\"async\" width=\"190\" height=\"222\" src=\"https:\/\/www.anovapeneira.gal\/wp-content\/uploads\/2019\/05\/tino_lago_director_a_nova_peneira.jpg\" alt=\"Tino Lago director a Nova Peneira\" class=\"wp-image-189\" style=\"width:105px;height:auto\"\/><figcaption class=\"wp-element-caption\">Tino Lago director a Nova Peneira<\/figcaption><\/figure>\n\n\n\n<p>A mediados de decembro do ano 1998 unha delegaci\u00f3n do partido popular reuniuse con representantes de Herri Batasuna na localidade burgalesa de Juarros. Esta xuntanza produciuse no contexto da declaraci\u00f3n de Lizarra, na que a banda ETA declaraba un alto ao fogo, e cando o presidente Aznar cualificou \u00e1 organizaci\u00f3n armada como \u201c Movimiento de liberaci\u00f3n nacional vasco\u201d.A aquela xuntanza asistiron por parte de HB alg\u00fans dos seus m\u00e1is importantes dirixentes como Arnaldo Otegui e Rafael D\u00edaz Usubiaga. Polo lado do PP foron tres emisarios os que acudiron \u00e1 reuni\u00f3n: Pedro Arriola, Ricardo Mart\u00ed Flux\u00e1, n\u00famero dous do ministerio do interior que dirix\u00eda Mayor Oreja, e Javier Zarzalejos, secretario da presidencia do goberno.<\/p>\n\n\n\n<p>Despois daquela xuntanza ETA seguir\u00eda asasinando e extorsionando persoas varios anos m\u00e1is, pois a fin da s\u00faa actividade non se produciu ata o ano 2011.<\/p>\n\n\n\n<p>15 anos despois de que rematara o pesadelo da violencia pol\u00edtica que sufriu maioritariamente a sociedade vasca, e que non serviu para nada m\u00e1is que para provocar morte, sufrimento e dor a tantas persoas, saen altos cargos do PPdeG a dicir que est\u00e1n asustados entre outras cousas porque o BNG reuniuse\u201d cos herdeiros de ETA desprezando aos 68 asasinados galegos \u201c.<\/p>\n\n\n\n<p>\u00c9 dicir, o PP pode reunirse con HB nun momento en que ETA est\u00e1 activa, pero se o BNG se re\u00fane con BILDU 15 anos despois de que ETA desaparecera resulta que se trata dun desprezo \u00e1 memoria das 68 persoas asasinadas. Se eu fose un familiar dalgunha desas 68 persoas asasinadas por ETA, estar\u00eda terriblemente enfadado co PPdeG porque non se me ocorre unha forma m\u00e1is vil de practicar a pol\u00edtica que utilizar o sufrimento de outros para tratar de obter un beneficio pol\u00edtico.<\/p>\n\n\n\n<p>Esta forma tan repugnante de utilizar \u00e1s v\u00edtimas do terrorismo non \u00e9 nova no PP, as\u00ed por exemplo en outubro do ano pasado Consuelo Ord\u00f3\u00f1ez irm\u00e1 de Gregorio Ord\u00f3\u00f1ez, pol\u00edtico do PP asasinado por ETA, falaba as\u00ed de Miguel Tellado despois de que este amosara no congreso as imaxes de persoas asasinadas pola banda armada :\u201d Esta imagen ser\u00e1 de las m\u00e1s repugnantes que me ha tocado ver en mi vida. Resume a la perfecci\u00f3n lo que significan nuestros familiares asesinados por ETA para vosotros. Quitar vuestras sucias manos de encima de nuestros seres queridos \u00a1.No pod\u00e9is dar m\u00e1s asco\u201d<\/p>\n\n\n\n<p>Pois non, non lle fixeron moito caso \u00e1 irma de Gregorio, e no momento actual altos cargos do PPdeG como Paula Prado e Alberto Pazos manifestan estar \u201c asustados\u201d porque, entre outras parvadas \u201c O BNG reuniuse cos herdeiros de ETA\u201d<\/p>\n\n\n\n<p>O PPdeG non est\u00e1 asustado polo BNG. Esa \u00e9 unha trola que non se cre ningunha persoa das que a formulan. Pero si a poden crer alg\u00fans segmentos da sociedade moi pouco informados, fanatizados ou con nula capacidade para o pensamento cr\u00edtico. A ese tipo de p\u00fablico \u00e9 a onde vai dirixida esa mensaxe tan est\u00fapida, tan falaz e tan vil.<\/p>\n\n\n\n<p>De quen ten medo Paula Prado?.. de Luis Bar\u00e1? de Noa Presas? De Mini?&#8230; Cada vez que coincide con eles inv\u00e1delle ese terror insuperable que describ\u00eda nas s\u00faas redes sociais?. E a Alberto Pazos quen o asusta? Xoan Carlos Gonz\u00e1lez?, Jessica Rodr\u00edguez?, Cecilia P\u00e9rez Orge?&#8230;Cada vez que se cruza con alg\u00fan deles polas r\u00faas de Redondela cambia de beirarr\u00faa?<\/p>\n\n\n\n<p>A pol\u00edtica pode practicarse de moitas maneiras. P\u00f3dese facer de maneira seria e honesta contrastando modelos sociais para que os cidad\u00e1ns e cidad\u00e1s escollamos o que m\u00e1is nos guste, ou p\u00f3dese facer como fai o PPdeG: tratar de confundir a pol\u00edtica coa moral convertendo ao adversario nunha especie de ser inmoral que lles produce medo. E o PPdeG faino as\u00ed porque o que ten que ofrecer \u00e9 a ru\u00edna do pobo galego. \u00c9: Altri, Ence, interminables listaxes de agarda na sanidade p\u00fablica, a morte do idioma galego,as plantaci\u00f3ns masivas de eucalipto, o SMI en 700 e pico \u20ac, os prezos da vivenda imposibles para a maior\u00eda da sociedade, Miguel Tellado dicindo barbaridades un d\u00eda si e outro tam\u00e9n, e un presidente estatal de moi escasa cultura que pensa que 1984 \u00e9 unha obra escrita en 1984, ou que carece de escr\u00fapulos para ser amigo dun narcotraficante ou para mentir descaradamente dicindo, o d\u00eda da terrible cat\u00e1strofe clim\u00e1tica que asolou Valencia, que o presidente Maz\u00f3n estivo inform\u00e1ndoo en tempo real.<\/p>\n","protected":false},"excerpt":{"rendered":"<div class=\"mh-excerpt\"><p>A mediados de decembro do ano 1998 unha delegaci\u00f3n do partido popular reuniuse con representantes de Herri Batasuna na localidade burgalesa de Juarros. Esta xuntanza produciuse no contexto da declaraci\u00f3n de Lizarra, na que a <a class=\"mh-excerpt-more\" href=\"https:\/\/www.anovapeneira.gal\/index.php\/2025\/11\/11\/o-medo-do-ppdeg\/\" title=\"O medo do PPdeG\">[&#8230;]<\/a><\/p>\n<\/div>","protected":false},"author":2,"featured_media":14916,"comment_status":"open","ping_status":"open","sticky":false,"template":"","format":"standard","meta":{"_exactmetrics_skip_tracking":false,"_exactmetrics_sitenote_active":false,"_exactmetrics_sitenote_note":"","_exactmetrics_sitenote_category":0,"footnotes":""},"categories":[61],"tags":[],"class_list":{"0":"post-14914","1":"post","2":"type-post","3":"status-publish","4":"format-standard","5":"has-post-thumbnail","7":"category-artigo-editorial"},"yoast_head":"<!-- This site is optimized with the Yoast SEO plugin v27.4 - https:\/\/yoast.com\/product\/yoast-seo-wordpress\/ -->\n<title>O medo do PPdeG -<\/title>\n<meta name=\"robots\" content=\"index, follow, max-snippet:-1, max-image-preview:large, max-video-preview:-1\" \/>\n<link rel=\"canonical\" href=\"https:\/\/www.anovapeneira.gal\/index.php\/2025\/11\/11\/o-medo-do-ppdeg\/\" \/>\n<meta property=\"og:locale\" content=\"gl_ES\" \/>\n<meta property=\"og:type\" content=\"article\" \/>\n<meta property=\"og:title\" content=\"O medo do PPdeG -\" \/>\n<meta property=\"og:description\" content=\"A mediados de decembro do ano 1998 unha delegaci\u00f3n do partido popular reuniuse con representantes de Herri Batasuna na localidade burgalesa de Juarros. Esta xuntanza produciuse no contexto da declaraci\u00f3n de Lizarra, na que a [...]\" \/>\n<meta property=\"og:url\" content=\"https:\/\/www.anovapeneira.gal\/index.php\/2025\/11\/11\/o-medo-do-ppdeg\/\" \/>\n<meta property=\"article:publisher\" content=\"https:\/\/www.facebook.com\/anovapeneira\" \/>\n<meta property=\"article:published_time\" content=\"2025-11-11T09:00:55+00:00\" \/>\n<meta property=\"og:image\" content=\"https:\/\/www.anovapeneira.gal\/wp-content\/uploads\/2025\/11\/grito.jpg\" \/>\n\t<meta property=\"og:image:width\" content=\"720\" \/>\n\t<meta property=\"og:image:height\" content=\"432\" \/>\n\t<meta property=\"og:image:type\" content=\"image\/jpeg\" \/>\n<meta name=\"author\" content=\"Tino Lago\" \/>\n<meta name=\"twitter:card\" content=\"summary_large_image\" \/>\n<meta name=\"twitter:creator\" content=\"@APeneira\" \/>\n<meta name=\"twitter:site\" content=\"@APeneira\" \/>\n<meta name=\"twitter:label1\" content=\"Escrito por\" \/>\n\t<meta name=\"twitter:data1\" content=\"Tino Lago\" \/>\n\t<meta name=\"twitter:label2\" content=\"Tempo de lectura\" \/>\n\t<meta name=\"twitter:data2\" content=\"5 minutos\" \/>\n<script type=\"application\/ld+json\" class=\"yoast-schema-graph\">{\"@context\":\"https:\\\/\\\/schema.org\",\"@graph\":[{\"@type\":\"Article\",\"@id\":\"https:\\\/\\\/www.anovapeneira.gal\\\/index.php\\\/2025\\\/11\\\/11\\\/o-medo-do-ppdeg\\\/#article\",\"isPartOf\":{\"@id\":\"https:\\\/\\\/www.anovapeneira.gal\\\/index.php\\\/2025\\\/11\\\/11\\\/o-medo-do-ppdeg\\\/\"},\"author\":{\"name\":\"Tino Lago\",\"@id\":\"https:\\\/\\\/www.anovapeneira.gal\\\/#\\\/schema\\\/person\\\/424dfe65e3070fd8a44d22d2c088762a\"},\"headline\":\"O medo do PPdeG\",\"datePublished\":\"2025-11-11T09:00:55+00:00\",\"mainEntityOfPage\":{\"@id\":\"https:\\\/\\\/www.anovapeneira.gal\\\/index.php\\\/2025\\\/11\\\/11\\\/o-medo-do-ppdeg\\\/\"},\"wordCount\":761,\"commentCount\":0,\"publisher\":{\"@id\":\"https:\\\/\\\/www.anovapeneira.gal\\\/#organization\"},\"image\":{\"@id\":\"https:\\\/\\\/www.anovapeneira.gal\\\/index.php\\\/2025\\\/11\\\/11\\\/o-medo-do-ppdeg\\\/#primaryimage\"},\"thumbnailUrl\":\"https:\\\/\\\/www.anovapeneira.gal\\\/wp-content\\\/uploads\\\/2025\\\/11\\\/grito.jpg\",\"articleSection\":[\"Artigo editorial\"],\"inLanguage\":\"gl-ES\",\"potentialAction\":[{\"@type\":\"CommentAction\",\"name\":\"Comment\",\"target\":[\"https:\\\/\\\/www.anovapeneira.gal\\\/index.php\\\/2025\\\/11\\\/11\\\/o-medo-do-ppdeg\\\/#respond\"]}]},{\"@type\":\"WebPage\",\"@id\":\"https:\\\/\\\/www.anovapeneira.gal\\\/index.php\\\/2025\\\/11\\\/11\\\/o-medo-do-ppdeg\\\/\",\"url\":\"https:\\\/\\\/www.anovapeneira.gal\\\/index.php\\\/2025\\\/11\\\/11\\\/o-medo-do-ppdeg\\\/\",\"name\":\"O medo do PPdeG -\",\"isPartOf\":{\"@id\":\"https:\\\/\\\/www.anovapeneira.gal\\\/#website\"},\"primaryImageOfPage\":{\"@id\":\"https:\\\/\\\/www.anovapeneira.gal\\\/index.php\\\/2025\\\/11\\\/11\\\/o-medo-do-ppdeg\\\/#primaryimage\"},\"image\":{\"@id\":\"https:\\\/\\\/www.anovapeneira.gal\\\/index.php\\\/2025\\\/11\\\/11\\\/o-medo-do-ppdeg\\\/#primaryimage\"},\"thumbnailUrl\":\"https:\\\/\\\/www.anovapeneira.gal\\\/wp-content\\\/uploads\\\/2025\\\/11\\\/grito.jpg\",\"datePublished\":\"2025-11-11T09:00:55+00:00\",\"breadcrumb\":{\"@id\":\"https:\\\/\\\/www.anovapeneira.gal\\\/index.php\\\/2025\\\/11\\\/11\\\/o-medo-do-ppdeg\\\/#breadcrumb\"},\"inLanguage\":\"gl-ES\",\"potentialAction\":[{\"@type\":\"ReadAction\",\"target\":[\"https:\\\/\\\/www.anovapeneira.gal\\\/index.php\\\/2025\\\/11\\\/11\\\/o-medo-do-ppdeg\\\/\"]}]},{\"@type\":\"ImageObject\",\"inLanguage\":\"gl-ES\",\"@id\":\"https:\\\/\\\/www.anovapeneira.gal\\\/index.php\\\/2025\\\/11\\\/11\\\/o-medo-do-ppdeg\\\/#primaryimage\",\"url\":\"https:\\\/\\\/www.anovapeneira.gal\\\/wp-content\\\/uploads\\\/2025\\\/11\\\/grito.jpg\",\"contentUrl\":\"https:\\\/\\\/www.anovapeneira.gal\\\/wp-content\\\/uploads\\\/2025\\\/11\\\/grito.jpg\",\"width\":720,\"height\":432},{\"@type\":\"BreadcrumbList\",\"@id\":\"https:\\\/\\\/www.anovapeneira.gal\\\/index.php\\\/2025\\\/11\\\/11\\\/o-medo-do-ppdeg\\\/#breadcrumb\",\"itemListElement\":[{\"@type\":\"ListItem\",\"position\":1,\"name\":\"Portada\",\"item\":\"https:\\\/\\\/www.anovapeneira.gal\\\/\"},{\"@type\":\"ListItem\",\"position\":2,\"name\":\"O medo do PPdeG\"}]},{\"@type\":\"WebSite\",\"@id\":\"https:\\\/\\\/www.anovapeneira.gal\\\/#website\",\"url\":\"https:\\\/\\\/www.anovapeneira.gal\\\/\",\"name\":\"\",\"description\":\"Xornal galego de informaci\u00f3n xeral Publicaci\u00f3n mensual de novas de Galicia e en especial dos Concellos da sur da provincia de Pontevedra.\",\"publisher\":{\"@id\":\"https:\\\/\\\/www.anovapeneira.gal\\\/#organization\"},\"potentialAction\":[{\"@type\":\"SearchAction\",\"target\":{\"@type\":\"EntryPoint\",\"urlTemplate\":\"https:\\\/\\\/www.anovapeneira.gal\\\/?s={search_term_string}\"},\"query-input\":{\"@type\":\"PropertyValueSpecification\",\"valueRequired\":true,\"valueName\":\"search_term_string\"}}],\"inLanguage\":\"gl-ES\"},{\"@type\":\"Organization\",\"@id\":\"https:\\\/\\\/www.anovapeneira.gal\\\/#organization\",\"name\":\"A Nova Peneira\",\"url\":\"https:\\\/\\\/www.anovapeneira.gal\\\/\",\"logo\":{\"@type\":\"ImageObject\",\"inLanguage\":\"gl-ES\",\"@id\":\"https:\\\/\\\/www.anovapeneira.gal\\\/#\\\/schema\\\/logo\\\/image\\\/\",\"url\":\"http:\\\/\\\/www.anovapeneira.gal\\\/wp-content\\\/uploads\\\/2019\\\/06\\\/logo_a_nova_peneira_portal_web.png\",\"contentUrl\":\"http:\\\/\\\/www.anovapeneira.gal\\\/wp-content\\\/uploads\\\/2019\\\/06\\\/logo_a_nova_peneira_portal_web.png\",\"width\":300,\"height\":100,\"caption\":\"A Nova Peneira\"},\"image\":{\"@id\":\"https:\\\/\\\/www.anovapeneira.gal\\\/#\\\/schema\\\/logo\\\/image\\\/\"},\"sameAs\":[\"https:\\\/\\\/www.facebook.com\\\/anovapeneira\",\"https:\\\/\\\/x.com\\\/APeneira\"]},{\"@type\":\"Person\",\"@id\":\"https:\\\/\\\/www.anovapeneira.gal\\\/#\\\/schema\\\/person\\\/424dfe65e3070fd8a44d22d2c088762a\",\"name\":\"Tino Lago\",\"image\":{\"@type\":\"ImageObject\",\"inLanguage\":\"gl-ES\",\"@id\":\"https:\\\/\\\/secure.gravatar.com\\\/avatar\\\/b3df6a06e44bab3111583b90f0f33a0379ee5e3d22cbadd232d39f21c30c62be?s=96&d=mm&r=g\",\"url\":\"https:\\\/\\\/secure.gravatar.com\\\/avatar\\\/b3df6a06e44bab3111583b90f0f33a0379ee5e3d22cbadd232d39f21c30c62be?s=96&d=mm&r=g\",\"contentUrl\":\"https:\\\/\\\/secure.gravatar.com\\\/avatar\\\/b3df6a06e44bab3111583b90f0f33a0379ee5e3d22cbadd232d39f21c30c62be?s=96&d=mm&r=g\",\"caption\":\"Tino Lago\"},\"sameAs\":[\"http:\\\/\\\/www.anovapeneira.gal\"],\"url\":\"https:\\\/\\\/www.anovapeneira.gal\\\/index.php\\\/author\\\/director\\\/\"}]}<\/script>\n<!-- \/ Yoast SEO plugin. -->","yoast_head_json":{"title":"O medo do PPdeG -","robots":{"index":"index","follow":"follow","max-snippet":"max-snippet:-1","max-image-preview":"max-image-preview:large","max-video-preview":"max-video-preview:-1"},"canonical":"https:\/\/www.anovapeneira.gal\/index.php\/2025\/11\/11\/o-medo-do-ppdeg\/","og_locale":"gl_ES","og_type":"article","og_title":"O medo do PPdeG -","og_description":"A mediados de decembro do ano 1998 unha delegaci\u00f3n do partido popular reuniuse con representantes de Herri Batasuna na localidade burgalesa de Juarros. Esta xuntanza produciuse no contexto da declaraci\u00f3n de Lizarra, na que a [...]","og_url":"https:\/\/www.anovapeneira.gal\/index.php\/2025\/11\/11\/o-medo-do-ppdeg\/","article_publisher":"https:\/\/www.facebook.com\/anovapeneira","article_published_time":"2025-11-11T09:00:55+00:00","og_image":[{"width":720,"height":432,"url":"https:\/\/www.anovapeneira.gal\/wp-content\/uploads\/2025\/11\/grito.jpg","type":"image\/jpeg"}],"author":"Tino Lago","twitter_card":"summary_large_image","twitter_creator":"@APeneira","twitter_site":"@APeneira","twitter_misc":{"Escrito por":"Tino Lago","Tempo de lectura":"5 minutos"},"schema":{"@context":"https:\/\/schema.org","@graph":[{"@type":"Article","@id":"https:\/\/www.anovapeneira.gal\/index.php\/2025\/11\/11\/o-medo-do-ppdeg\/#article","isPartOf":{"@id":"https:\/\/www.anovapeneira.gal\/index.php\/2025\/11\/11\/o-medo-do-ppdeg\/"},"author":{"name":"Tino Lago","@id":"https:\/\/www.anovapeneira.gal\/#\/schema\/person\/424dfe65e3070fd8a44d22d2c088762a"},"headline":"O medo do PPdeG","datePublished":"2025-11-11T09:00:55+00:00","mainEntityOfPage":{"@id":"https:\/\/www.anovapeneira.gal\/index.php\/2025\/11\/11\/o-medo-do-ppdeg\/"},"wordCount":761,"commentCount":0,"publisher":{"@id":"https:\/\/www.anovapeneira.gal\/#organization"},"image":{"@id":"https:\/\/www.anovapeneira.gal\/index.php\/2025\/11\/11\/o-medo-do-ppdeg\/#primaryimage"},"thumbnailUrl":"https:\/\/www.anovapeneira.gal\/wp-content\/uploads\/2025\/11\/grito.jpg","articleSection":["Artigo editorial"],"inLanguage":"gl-ES","potentialAction":[{"@type":"CommentAction","name":"Comment","target":["https:\/\/www.anovapeneira.gal\/index.php\/2025\/11\/11\/o-medo-do-ppdeg\/#respond"]}]},{"@type":"WebPage","@id":"https:\/\/www.anovapeneira.gal\/index.php\/2025\/11\/11\/o-medo-do-ppdeg\/","url":"https:\/\/www.anovapeneira.gal\/index.php\/2025\/11\/11\/o-medo-do-ppdeg\/","name":"O medo do PPdeG -","isPartOf":{"@id":"https:\/\/www.anovapeneira.gal\/#website"},"primaryImageOfPage":{"@id":"https:\/\/www.anovapeneira.gal\/index.php\/2025\/11\/11\/o-medo-do-ppdeg\/#primaryimage"},"image":{"@id":"https:\/\/www.anovapeneira.gal\/index.php\/2025\/11\/11\/o-medo-do-ppdeg\/#primaryimage"},"thumbnailUrl":"https:\/\/www.anovapeneira.gal\/wp-content\/uploads\/2025\/11\/grito.jpg","datePublished":"2025-11-11T09:00:55+00:00","breadcrumb":{"@id":"https:\/\/www.anovapeneira.gal\/index.php\/2025\/11\/11\/o-medo-do-ppdeg\/#breadcrumb"},"inLanguage":"gl-ES","potentialAction":[{"@type":"ReadAction","target":["https:\/\/www.anovapeneira.gal\/index.php\/2025\/11\/11\/o-medo-do-ppdeg\/"]}]},{"@type":"ImageObject","inLanguage":"gl-ES","@id":"https:\/\/www.anovapeneira.gal\/index.php\/2025\/11\/11\/o-medo-do-ppdeg\/#primaryimage","url":"https:\/\/www.anovapeneira.gal\/wp-content\/uploads\/2025\/11\/grito.jpg","contentUrl":"https:\/\/www.anovapeneira.gal\/wp-content\/uploads\/2025\/11\/grito.jpg","width":720,"height":432},{"@type":"BreadcrumbList","@id":"https:\/\/www.anovapeneira.gal\/index.php\/2025\/11\/11\/o-medo-do-ppdeg\/#breadcrumb","itemListElement":[{"@type":"ListItem","position":1,"name":"Portada","item":"https:\/\/www.anovapeneira.gal\/"},{"@type":"ListItem","position":2,"name":"O medo do PPdeG"}]},{"@type":"WebSite","@id":"https:\/\/www.anovapeneira.gal\/#website","url":"https:\/\/www.anovapeneira.gal\/","name":"","description":"Xornal galego de informaci\u00f3n xeral Publicaci\u00f3n mensual de novas de Galicia e en especial dos Concellos da sur da provincia de Pontevedra.","publisher":{"@id":"https:\/\/www.anovapeneira.gal\/#organization"},"potentialAction":[{"@type":"SearchAction","target":{"@type":"EntryPoint","urlTemplate":"https:\/\/www.anovapeneira.gal\/?s={search_term_string}"},"query-input":{"@type":"PropertyValueSpecification","valueRequired":true,"valueName":"search_term_string"}}],"inLanguage":"gl-ES"},{"@type":"Organization","@id":"https:\/\/www.anovapeneira.gal\/#organization","name":"A Nova Peneira","url":"https:\/\/www.anovapeneira.gal\/","logo":{"@type":"ImageObject","inLanguage":"gl-ES","@id":"https:\/\/www.anovapeneira.gal\/#\/schema\/logo\/image\/","url":"http:\/\/www.anovapeneira.gal\/wp-content\/uploads\/2019\/06\/logo_a_nova_peneira_portal_web.png","contentUrl":"http:\/\/www.anovapeneira.gal\/wp-content\/uploads\/2019\/06\/logo_a_nova_peneira_portal_web.png","width":300,"height":100,"caption":"A Nova Peneira"},"image":{"@id":"https:\/\/www.anovapeneira.gal\/#\/schema\/logo\/image\/"},"sameAs":["https:\/\/www.facebook.com\/anovapeneira","https:\/\/x.com\/APeneira"]},{"@type":"Person","@id":"https:\/\/www.anovapeneira.gal\/#\/schema\/person\/424dfe65e3070fd8a44d22d2c088762a","name":"Tino Lago","image":{"@type":"ImageObject","inLanguage":"gl-ES","@id":"https:\/\/secure.gravatar.com\/avatar\/b3df6a06e44bab3111583b90f0f33a0379ee5e3d22cbadd232d39f21c30c62be?s=96&d=mm&r=g","url":"https:\/\/secure.gravatar.com\/avatar\/b3df6a06e44bab3111583b90f0f33a0379ee5e3d22cbadd232d39f21c30c62be?s=96&d=mm&r=g","contentUrl":"https:\/\/secure.gravatar.com\/avatar\/b3df6a06e44bab3111583b90f0f33a0379ee5e3d22cbadd232d39f21c30c62be?s=96&d=mm&r=g","caption":"Tino Lago"},"sameAs":["http:\/\/www.anovapeneira.gal"],"url":"https:\/\/www.anovapeneira.gal\/index.php\/author\/director\/"}]}},"jetpack_featured_media_url":"https:\/\/www.anovapeneira.gal\/wp-content\/uploads\/2025\/11\/grito.jpg","_links":{"self":[{"href":"https:\/\/www.anovapeneira.gal\/index.php\/wp-json\/wp\/v2\/posts\/14914","targetHints":{"allow":["GET"]}}],"collection":[{"href":"https:\/\/www.anovapeneira.gal\/index.php\/wp-json\/wp\/v2\/posts"}],"about":[{"href":"https:\/\/www.anovapeneira.gal\/index.php\/wp-json\/wp\/v2\/types\/post"}],"author":[{"embeddable":true,"href":"https:\/\/www.anovapeneira.gal\/index.php\/wp-json\/wp\/v2\/users\/2"}],"replies":[{"embeddable":true,"href":"https:\/\/www.anovapeneira.gal\/index.php\/wp-json\/wp\/v2\/comments?post=14914"}],"version-history":[{"count":2,"href":"https:\/\/www.anovapeneira.gal\/index.php\/wp-json\/wp\/v2\/posts\/14914\/revisions"}],"predecessor-version":[{"id":14917,"href":"https:\/\/www.anovapeneira.gal\/index.php\/wp-json\/wp\/v2\/posts\/14914\/revisions\/14917"}],"wp:featuredmedia":[{"embeddable":true,"href":"https:\/\/www.anovapeneira.gal\/index.php\/wp-json\/wp\/v2\/media\/14916"}],"wp:attachment":[{"href":"https:\/\/www.anovapeneira.gal\/index.php\/wp-json\/wp\/v2\/media?parent=14914"}],"wp:term":[{"taxonomy":"category","embeddable":true,"href":"https:\/\/www.anovapeneira.gal\/index.php\/wp-json\/wp\/v2\/categories?post=14914"},{"taxonomy":"post_tag","embeddable":true,"href":"https:\/\/www.anovapeneira.gal\/index.php\/wp-json\/wp\/v2\/tags?post=14914"}],"curies":[{"name":"wp","href":"https:\/\/api.w.org\/{rel}","templated":true}]}}