{"id":14918,"date":"2025-11-11T12:00:52","date_gmt":"2025-11-11T11:00:52","guid":{"rendered":"https:\/\/www.anovapeneira.gal\/?p=14918"},"modified":"2025-11-03T18:19:57","modified_gmt":"2025-11-03T17:19:57","slug":"bng-acusa-pp-rebentar-os-estandares-de-habitabilidade-en-galiza-permitindo-a-construcion-de-minipisos-para-familias-de-38-m","status":"publish","type":"post","link":"https:\/\/www.anovapeneira.gal\/index.php\/2025\/11\/11\/bng-acusa-pp-rebentar-os-estandares-de-habitabilidade-en-galiza-permitindo-a-construcion-de-minipisos-para-familias-de-38-m\/","title":{"rendered":"BNG acusa PP rebentar os est\u00e1ndares de habitabilidade en Galiza permitindo a construci\u00f3n de minipisos para familias de 38 m"},"content":{"rendered":"\n<h2 class=\"wp-block-heading\"><strong>Alexandra Fern\u00e1ndez: \u201caumenta as marxes de beneficio de inversores e promotores e normaliza vivir en espazos achicados a prezos imposibles\u201d<\/strong><\/h2>\n\n\n\n<p><strong>Santiago de Compostela, 2 de novembro 2025<\/strong>.<\/p>\n\n\n\n<p>A portavoz de Vivenda do BNG, Alexandra Fern\u00e1ndez, denuncia que o Goberno do PP na Xunta \u201cpretende coar\u201d nos orzamentos do pr\u00f3ximo ano \u201cunha gran contrarreforma en materia de vivenda que rebenta os est\u00e1ndares de calidade actuais para favorecer a especulaci\u00f3n de promotores e investidores\u201d.<\/p>\n\n\n\n<p>\u201cTr\u00e1tase dunha gran contrarreforma do PP para beneficiar que os inversores e promotores poidan ga\u00f1ar m\u00e1is ofrecendo moito menos\u201d, criticou.<\/p>\n\n\n\n<p>Fern\u00e1ndez pon foco nunha das propostas, que o PP chama \u201caloxamentos compartidos\u201d e que para a deputada nacionalista sup\u00f3n \u201cun novo mecanismo especulativo\u201d que permitir\u00e1 reducir o tama\u00f1o m\u00ednimo das vivendas dunha forma \u201cabsolutamente desproporcionada\u201d, ao tempo que se presentan como soluci\u00f3n habitacional.<\/p>\n\n\n\n<p>Segundo explica, coa nova regulaci\u00f3n un piso poder\u00e1 ter apenas 30 metros cadrados fronte aos 40 que se esix\u00edan ata o de agora. As vivendas dun dormitorio pasar\u00e1n de ter un m\u00ednimo de 45 a s\u00f3 31 metros cadrados, e se antes unha familia con fillos vivindo nunha vivenda de d\u00faas habitaci\u00f3ns ti\u00f1a que dispor de, como m\u00ednimo, 56 metros cadrados, co modelo de aloxamento compartido que quere impulsar o PP, \u201cter\u00edan que apa\u00f1arse con apenas 38 metros cadrados\u201d.<\/p>\n\n\n\n<p>Tr\u00e1tase ademais de promoci\u00f3ns que poder\u00e1n ser privadas e onde a \u00fanica diferencia cunha vivenda normal \u00e9 que a lavandar\u00eda e a tendedeira son com\u00fans. Tam\u00e9n ten que existir un espazo comunitario que, segundo indica, nin sequera ten que ser de uso exclusivo dos e das residentes.<\/p>\n\n\n\n<p>\u201cEsta \u00e9 a proposta da Xunta de Galiza na que ante unha necesidade como \u00e9 a vivenda, haxa inversores e promotores que ga\u00f1en moit\u00edsimo m\u00e1is constru\u00edndo cada vez peores vivendas, permitindo minipisos que se ofrecen a calquera prezo e cunha soa praza de aparcamento cada cinco unidades habitacionais\u201d, sinala.<\/p>\n\n\n\n<p>A portavoz nacionalista advirte ademais que, a Xunta, con este modelo de aloxamentos compartidos, facilita a s\u00faa tramitaci\u00f3n urban\u00edstica de forma excepcional, po\u00f1\u00e9ndolle unha \u201calfombra vermella\u201d a este modelo que o que busca \u00e9 aumentar as xa de por si altas marxes de rendibilidade inmobiliaria.<\/p>\n\n\n\n<p>\u201cAqu\u00ed o PP converteu esta idea nun produto inmobiliario perfecto para especuladores e que vai normalizar que a xente te\u00f1a que vivir en espazos cada vez m\u00e1is achicados e a prezos imposibles\u201d, denuncia.<\/p>\n\n\n\n<p>Finalmente, Fern\u00e1ndez sinala que esta idea de precarizar a vivenda vai na mesma li\u00f1a que a pol\u00edtica que v\u00e9n desenvolvendo O PP de reducir as normas da habitabilidade en termos de iluminaci\u00f3n, ventilaci\u00f3n, altura ou privacidade para permitir as\u00ed que baixos comerciais que non cumprir\u00edan estes requisitos, se poidan transformar en vivenda. Nestes orzamentos, a Xunta d\u00e1 un paso m\u00e1is, anunciando que ser\u00e1 a propia Administraci\u00f3n quen adquira eses baixos comerciais, precarizando deste xeito a vivenda p\u00fablica.<\/p>\n\n\n\n<p>\u201cNon entendemos que nun Pa\u00eds con medio mill\u00f3n de vivendas baleiras, 90 mil s\u00f3 nas cidades, A Xunta de Galiza non mire cara arriba, cara a todos os pisos baleiros e que diga que o \u00fanico que vai facer \u00e9 adquirir baixos comerciais para ofrecelos como parque p\u00fablico\u201d, afirma.<\/p>\n\n\n\n<p>A portavoz de vivenda do BNG empraza a Xunta a \u201cdar marcha atr\u00e1s a esta contrarreforma\u201d e a \u201capostar pola adquisici\u00f3n p\u00fablica de vivenda digna que nos permitir\u00eda incrementar de forma \u00e1xil o escaso parque p\u00fablico de vivenda que temos neste momento\u201d.<\/p>\n","protected":false},"excerpt":{"rendered":"<div class=\"mh-excerpt\"><p>Alexandra Fern\u00e1ndez: \u201caumenta as marxes de beneficio de inversores e promotores e normaliza vivir en espazos achicados a prezos imposibles\u201d <a class=\"mh-excerpt-more\" href=\"https:\/\/www.anovapeneira.gal\/index.php\/2025\/11\/11\/bng-acusa-pp-rebentar-os-estandares-de-habitabilidade-en-galiza-permitindo-a-construcion-de-minipisos-para-familias-de-38-m\/\" title=\"BNG acusa PP rebentar os est\u00e1ndares de habitabilidade en Galiza permitindo a construci\u00f3n de minipisos para familias de 38 m\">[&#8230;]<\/a><\/p>\n<\/div>","protected":false},"author":3,"featured_media":14919,"comment_status":"open","ping_status":"open","sticky":false,"template":"","format":"standard","meta":{"_exactmetrics_skip_tracking":false,"_exactmetrics_sitenote_active":false,"_exactmetrics_sitenote_note":"","_exactmetrics_sitenote_category":0,"footnotes":""},"categories":[263],"tags":[],"class_list":{"0":"post-14918","1":"post","2":"type-post","3":"status-publish","4":"format-standard","5":"has-post-thumbnail","7":"category-novas"},"yoast_head":"<!-- This site is optimized with the Yoast SEO plugin v27.5 - https:\/\/yoast.com\/product\/yoast-seo-wordpress\/ -->\n<title>BNG acusa PP rebentar os est\u00e1ndares de habitabilidade en Galiza permitindo a construci\u00f3n de minipisos para familias de 38 m -<\/title>\n<meta name=\"robots\" content=\"index, follow, max-snippet:-1, max-image-preview:large, max-video-preview:-1\" \/>\n<link rel=\"canonical\" href=\"https:\/\/www.anovapeneira.gal\/index.php\/2025\/11\/11\/bng-acusa-pp-rebentar-os-estandares-de-habitabilidade-en-galiza-permitindo-a-construcion-de-minipisos-para-familias-de-38-m\/\" \/>\n<meta property=\"og:locale\" content=\"gl_ES\" \/>\n<meta property=\"og:type\" content=\"article\" \/>\n<meta property=\"og:title\" content=\"BNG acusa PP rebentar os est\u00e1ndares de habitabilidade en Galiza permitindo a construci\u00f3n de minipisos para familias de 38 m -\" \/>\n<meta property=\"og:description\" content=\"Alexandra Fern\u00e1ndez: \u201caumenta as marxes de beneficio de inversores e promotores e normaliza vivir en espazos achicados a prezos imposibles\u201d [...]\" \/>\n<meta property=\"og:url\" content=\"https:\/\/www.anovapeneira.gal\/index.php\/2025\/11\/11\/bng-acusa-pp-rebentar-os-estandares-de-habitabilidade-en-galiza-permitindo-a-construcion-de-minipisos-para-familias-de-38-m\/\" \/>\n<meta property=\"article:publisher\" content=\"https:\/\/www.facebook.com\/anovapeneira\" \/>\n<meta property=\"article:published_time\" content=\"2025-11-11T11:00:52+00:00\" \/>\n<meta property=\"og:image\" content=\"https:\/\/www.anovapeneira.gal\/wp-content\/uploads\/2025\/11\/Alexandra_Fernandez_bng.jpg\" \/>\n\t<meta property=\"og:image:width\" content=\"720\" \/>\n\t<meta property=\"og:image:height\" content=\"432\" \/>\n\t<meta property=\"og:image:type\" content=\"image\/jpeg\" \/>\n<meta name=\"author\" content=\"Redacci\u00f3n A Nova Peneira\" \/>\n<meta name=\"twitter:card\" content=\"summary_large_image\" \/>\n<meta name=\"twitter:creator\" content=\"@APeneira\" \/>\n<meta name=\"twitter:site\" content=\"@APeneira\" \/>\n<meta name=\"twitter:label1\" content=\"Escrito por\" \/>\n\t<meta name=\"twitter:data1\" content=\"Redacci\u00f3n A Nova Peneira\" \/>\n\t<meta name=\"twitter:label2\" content=\"Tempo de lectura\" \/>\n\t<meta name=\"twitter:data2\" content=\"4 minutos\" \/>\n<script type=\"application\/ld+json\" class=\"yoast-schema-graph\">{\"@context\":\"https:\\\/\\\/schema.org\",\"@graph\":[{\"@type\":\"Article\",\"@id\":\"https:\\\/\\\/www.anovapeneira.gal\\\/index.php\\\/2025\\\/11\\\/11\\\/bng-acusa-pp-rebentar-os-estandares-de-habitabilidade-en-galiza-permitindo-a-construcion-de-minipisos-para-familias-de-38-m\\\/#article\",\"isPartOf\":{\"@id\":\"https:\\\/\\\/www.anovapeneira.gal\\\/index.php\\\/2025\\\/11\\\/11\\\/bng-acusa-pp-rebentar-os-estandares-de-habitabilidade-en-galiza-permitindo-a-construcion-de-minipisos-para-familias-de-38-m\\\/\"},\"author\":{\"name\":\"Redacci\u00f3n A Nova Peneira\",\"@id\":\"https:\\\/\\\/www.anovapeneira.gal\\\/#\\\/schema\\\/person\\\/b93e3f8932e3f8da96334607eb6ac6aa\"},\"headline\":\"BNG acusa PP rebentar os est\u00e1ndares de habitabilidade en Galiza permitindo a construci\u00f3n de minipisos para familias de 38 m\",\"datePublished\":\"2025-11-11T11:00:52+00:00\",\"mainEntityOfPage\":{\"@id\":\"https:\\\/\\\/www.anovapeneira.gal\\\/index.php\\\/2025\\\/11\\\/11\\\/bng-acusa-pp-rebentar-os-estandares-de-habitabilidade-en-galiza-permitindo-a-construcion-de-minipisos-para-familias-de-38-m\\\/\"},\"wordCount\":620,\"commentCount\":0,\"publisher\":{\"@id\":\"https:\\\/\\\/www.anovapeneira.gal\\\/#organization\"},\"image\":{\"@id\":\"https:\\\/\\\/www.anovapeneira.gal\\\/index.php\\\/2025\\\/11\\\/11\\\/bng-acusa-pp-rebentar-os-estandares-de-habitabilidade-en-galiza-permitindo-a-construcion-de-minipisos-para-familias-de-38-m\\\/#primaryimage\"},\"thumbnailUrl\":\"https:\\\/\\\/www.anovapeneira.gal\\\/wp-content\\\/uploads\\\/2025\\\/11\\\/Alexandra_Fernandez_bng.jpg\",\"articleSection\":[\"Novas\"],\"inLanguage\":\"gl-ES\",\"potentialAction\":[{\"@type\":\"CommentAction\",\"name\":\"Comment\",\"target\":[\"https:\\\/\\\/www.anovapeneira.gal\\\/index.php\\\/2025\\\/11\\\/11\\\/bng-acusa-pp-rebentar-os-estandares-de-habitabilidade-en-galiza-permitindo-a-construcion-de-minipisos-para-familias-de-38-m\\\/#respond\"]}]},{\"@type\":\"WebPage\",\"@id\":\"https:\\\/\\\/www.anovapeneira.gal\\\/index.php\\\/2025\\\/11\\\/11\\\/bng-acusa-pp-rebentar-os-estandares-de-habitabilidade-en-galiza-permitindo-a-construcion-de-minipisos-para-familias-de-38-m\\\/\",\"url\":\"https:\\\/\\\/www.anovapeneira.gal\\\/index.php\\\/2025\\\/11\\\/11\\\/bng-acusa-pp-rebentar-os-estandares-de-habitabilidade-en-galiza-permitindo-a-construcion-de-minipisos-para-familias-de-38-m\\\/\",\"name\":\"BNG acusa PP rebentar os est\u00e1ndares de habitabilidade en Galiza permitindo a construci\u00f3n de minipisos para familias de 38 m -\",\"isPartOf\":{\"@id\":\"https:\\\/\\\/www.anovapeneira.gal\\\/#website\"},\"primaryImageOfPage\":{\"@id\":\"https:\\\/\\\/www.anovapeneira.gal\\\/index.php\\\/2025\\\/11\\\/11\\\/bng-acusa-pp-rebentar-os-estandares-de-habitabilidade-en-galiza-permitindo-a-construcion-de-minipisos-para-familias-de-38-m\\\/#primaryimage\"},\"image\":{\"@id\":\"https:\\\/\\\/www.anovapeneira.gal\\\/index.php\\\/2025\\\/11\\\/11\\\/bng-acusa-pp-rebentar-os-estandares-de-habitabilidade-en-galiza-permitindo-a-construcion-de-minipisos-para-familias-de-38-m\\\/#primaryimage\"},\"thumbnailUrl\":\"https:\\\/\\\/www.anovapeneira.gal\\\/wp-content\\\/uploads\\\/2025\\\/11\\\/Alexandra_Fernandez_bng.jpg\",\"datePublished\":\"2025-11-11T11:00:52+00:00\",\"breadcrumb\":{\"@id\":\"https:\\\/\\\/www.anovapeneira.gal\\\/index.php\\\/2025\\\/11\\\/11\\\/bng-acusa-pp-rebentar-os-estandares-de-habitabilidade-en-galiza-permitindo-a-construcion-de-minipisos-para-familias-de-38-m\\\/#breadcrumb\"},\"inLanguage\":\"gl-ES\",\"potentialAction\":[{\"@type\":\"ReadAction\",\"target\":[\"https:\\\/\\\/www.anovapeneira.gal\\\/index.php\\\/2025\\\/11\\\/11\\\/bng-acusa-pp-rebentar-os-estandares-de-habitabilidade-en-galiza-permitindo-a-construcion-de-minipisos-para-familias-de-38-m\\\/\"]}]},{\"@type\":\"ImageObject\",\"inLanguage\":\"gl-ES\",\"@id\":\"https:\\\/\\\/www.anovapeneira.gal\\\/index.php\\\/2025\\\/11\\\/11\\\/bng-acusa-pp-rebentar-os-estandares-de-habitabilidade-en-galiza-permitindo-a-construcion-de-minipisos-para-familias-de-38-m\\\/#primaryimage\",\"url\":\"https:\\\/\\\/www.anovapeneira.gal\\\/wp-content\\\/uploads\\\/2025\\\/11\\\/Alexandra_Fernandez_bng.jpg\",\"contentUrl\":\"https:\\\/\\\/www.anovapeneira.gal\\\/wp-content\\\/uploads\\\/2025\\\/11\\\/Alexandra_Fernandez_bng.jpg\",\"width\":720,\"height\":432},{\"@type\":\"BreadcrumbList\",\"@id\":\"https:\\\/\\\/www.anovapeneira.gal\\\/index.php\\\/2025\\\/11\\\/11\\\/bng-acusa-pp-rebentar-os-estandares-de-habitabilidade-en-galiza-permitindo-a-construcion-de-minipisos-para-familias-de-38-m\\\/#breadcrumb\",\"itemListElement\":[{\"@type\":\"ListItem\",\"position\":1,\"name\":\"Portada\",\"item\":\"https:\\\/\\\/www.anovapeneira.gal\\\/\"},{\"@type\":\"ListItem\",\"position\":2,\"name\":\"BNG acusa PP rebentar os est\u00e1ndares de habitabilidade en Galiza permitindo a construci\u00f3n de minipisos para familias de 38 m\"}]},{\"@type\":\"WebSite\",\"@id\":\"https:\\\/\\\/www.anovapeneira.gal\\\/#website\",\"url\":\"https:\\\/\\\/www.anovapeneira.gal\\\/\",\"name\":\"\",\"description\":\"Xornal galego de informaci\u00f3n xeral Publicaci\u00f3n mensual de novas de Galicia e en especial dos Concellos da sur da provincia de Pontevedra.\",\"publisher\":{\"@id\":\"https:\\\/\\\/www.anovapeneira.gal\\\/#organization\"},\"potentialAction\":[{\"@type\":\"SearchAction\",\"target\":{\"@type\":\"EntryPoint\",\"urlTemplate\":\"https:\\\/\\\/www.anovapeneira.gal\\\/?s={search_term_string}\"},\"query-input\":{\"@type\":\"PropertyValueSpecification\",\"valueRequired\":true,\"valueName\":\"search_term_string\"}}],\"inLanguage\":\"gl-ES\"},{\"@type\":\"Organization\",\"@id\":\"https:\\\/\\\/www.anovapeneira.gal\\\/#organization\",\"name\":\"A Nova Peneira\",\"url\":\"https:\\\/\\\/www.anovapeneira.gal\\\/\",\"logo\":{\"@type\":\"ImageObject\",\"inLanguage\":\"gl-ES\",\"@id\":\"https:\\\/\\\/www.anovapeneira.gal\\\/#\\\/schema\\\/logo\\\/image\\\/\",\"url\":\"http:\\\/\\\/www.anovapeneira.gal\\\/wp-content\\\/uploads\\\/2019\\\/06\\\/logo_a_nova_peneira_portal_web.png\",\"contentUrl\":\"http:\\\/\\\/www.anovapeneira.gal\\\/wp-content\\\/uploads\\\/2019\\\/06\\\/logo_a_nova_peneira_portal_web.png\",\"width\":300,\"height\":100,\"caption\":\"A Nova Peneira\"},\"image\":{\"@id\":\"https:\\\/\\\/www.anovapeneira.gal\\\/#\\\/schema\\\/logo\\\/image\\\/\"},\"sameAs\":[\"https:\\\/\\\/www.facebook.com\\\/anovapeneira\",\"https:\\\/\\\/x.com\\\/APeneira\"]},{\"@type\":\"Person\",\"@id\":\"https:\\\/\\\/www.anovapeneira.gal\\\/#\\\/schema\\\/person\\\/b93e3f8932e3f8da96334607eb6ac6aa\",\"name\":\"Redacci\u00f3n A Nova Peneira\",\"image\":{\"@type\":\"ImageObject\",\"inLanguage\":\"gl-ES\",\"@id\":\"https:\\\/\\\/secure.gravatar.com\\\/avatar\\\/c052a2551a06e23fac63626232eaa90abd78dbcf1700fc46a2b2c89fd27b735f?s=96&d=mm&r=g\",\"url\":\"https:\\\/\\\/secure.gravatar.com\\\/avatar\\\/c052a2551a06e23fac63626232eaa90abd78dbcf1700fc46a2b2c89fd27b735f?s=96&d=mm&r=g\",\"contentUrl\":\"https:\\\/\\\/secure.gravatar.com\\\/avatar\\\/c052a2551a06e23fac63626232eaa90abd78dbcf1700fc46a2b2c89fd27b735f?s=96&d=mm&r=g\",\"caption\":\"Redacci\u00f3n A Nova Peneira\"},\"sameAs\":[\"http:\\\/\\\/www.anovapeneira.gal\\\/\"],\"url\":\"https:\\\/\\\/www.anovapeneira.gal\\\/index.php\\\/author\\\/redactor\\\/\"}]}<\/script>\n<!-- \/ Yoast SEO plugin. -->","yoast_head_json":{"title":"BNG acusa PP rebentar os est\u00e1ndares de habitabilidade en Galiza permitindo a construci\u00f3n de minipisos para familias de 38 m -","robots":{"index":"index","follow":"follow","max-snippet":"max-snippet:-1","max-image-preview":"max-image-preview:large","max-video-preview":"max-video-preview:-1"},"canonical":"https:\/\/www.anovapeneira.gal\/index.php\/2025\/11\/11\/bng-acusa-pp-rebentar-os-estandares-de-habitabilidade-en-galiza-permitindo-a-construcion-de-minipisos-para-familias-de-38-m\/","og_locale":"gl_ES","og_type":"article","og_title":"BNG acusa PP rebentar os est\u00e1ndares de habitabilidade en Galiza permitindo a construci\u00f3n de minipisos para familias de 38 m -","og_description":"Alexandra Fern\u00e1ndez: \u201caumenta as marxes de beneficio de inversores e promotores e normaliza vivir en espazos achicados a prezos imposibles\u201d [...]","og_url":"https:\/\/www.anovapeneira.gal\/index.php\/2025\/11\/11\/bng-acusa-pp-rebentar-os-estandares-de-habitabilidade-en-galiza-permitindo-a-construcion-de-minipisos-para-familias-de-38-m\/","article_publisher":"https:\/\/www.facebook.com\/anovapeneira","article_published_time":"2025-11-11T11:00:52+00:00","og_image":[{"width":720,"height":432,"url":"https:\/\/www.anovapeneira.gal\/wp-content\/uploads\/2025\/11\/Alexandra_Fernandez_bng.jpg","type":"image\/jpeg"}],"author":"Redacci\u00f3n A Nova Peneira","twitter_card":"summary_large_image","twitter_creator":"@APeneira","twitter_site":"@APeneira","twitter_misc":{"Escrito por":"Redacci\u00f3n A Nova Peneira","Tempo de lectura":"4 minutos"},"schema":{"@context":"https:\/\/schema.org","@graph":[{"@type":"Article","@id":"https:\/\/www.anovapeneira.gal\/index.php\/2025\/11\/11\/bng-acusa-pp-rebentar-os-estandares-de-habitabilidade-en-galiza-permitindo-a-construcion-de-minipisos-para-familias-de-38-m\/#article","isPartOf":{"@id":"https:\/\/www.anovapeneira.gal\/index.php\/2025\/11\/11\/bng-acusa-pp-rebentar-os-estandares-de-habitabilidade-en-galiza-permitindo-a-construcion-de-minipisos-para-familias-de-38-m\/"},"author":{"name":"Redacci\u00f3n A Nova Peneira","@id":"https:\/\/www.anovapeneira.gal\/#\/schema\/person\/b93e3f8932e3f8da96334607eb6ac6aa"},"headline":"BNG acusa PP rebentar os est\u00e1ndares de habitabilidade en Galiza permitindo a construci\u00f3n de minipisos para familias de 38 m","datePublished":"2025-11-11T11:00:52+00:00","mainEntityOfPage":{"@id":"https:\/\/www.anovapeneira.gal\/index.php\/2025\/11\/11\/bng-acusa-pp-rebentar-os-estandares-de-habitabilidade-en-galiza-permitindo-a-construcion-de-minipisos-para-familias-de-38-m\/"},"wordCount":620,"commentCount":0,"publisher":{"@id":"https:\/\/www.anovapeneira.gal\/#organization"},"image":{"@id":"https:\/\/www.anovapeneira.gal\/index.php\/2025\/11\/11\/bng-acusa-pp-rebentar-os-estandares-de-habitabilidade-en-galiza-permitindo-a-construcion-de-minipisos-para-familias-de-38-m\/#primaryimage"},"thumbnailUrl":"https:\/\/www.anovapeneira.gal\/wp-content\/uploads\/2025\/11\/Alexandra_Fernandez_bng.jpg","articleSection":["Novas"],"inLanguage":"gl-ES","potentialAction":[{"@type":"CommentAction","name":"Comment","target":["https:\/\/www.anovapeneira.gal\/index.php\/2025\/11\/11\/bng-acusa-pp-rebentar-os-estandares-de-habitabilidade-en-galiza-permitindo-a-construcion-de-minipisos-para-familias-de-38-m\/#respond"]}]},{"@type":"WebPage","@id":"https:\/\/www.anovapeneira.gal\/index.php\/2025\/11\/11\/bng-acusa-pp-rebentar-os-estandares-de-habitabilidade-en-galiza-permitindo-a-construcion-de-minipisos-para-familias-de-38-m\/","url":"https:\/\/www.anovapeneira.gal\/index.php\/2025\/11\/11\/bng-acusa-pp-rebentar-os-estandares-de-habitabilidade-en-galiza-permitindo-a-construcion-de-minipisos-para-familias-de-38-m\/","name":"BNG acusa PP rebentar os est\u00e1ndares de habitabilidade en Galiza permitindo a construci\u00f3n de minipisos para familias de 38 m -","isPartOf":{"@id":"https:\/\/www.anovapeneira.gal\/#website"},"primaryImageOfPage":{"@id":"https:\/\/www.anovapeneira.gal\/index.php\/2025\/11\/11\/bng-acusa-pp-rebentar-os-estandares-de-habitabilidade-en-galiza-permitindo-a-construcion-de-minipisos-para-familias-de-38-m\/#primaryimage"},"image":{"@id":"https:\/\/www.anovapeneira.gal\/index.php\/2025\/11\/11\/bng-acusa-pp-rebentar-os-estandares-de-habitabilidade-en-galiza-permitindo-a-construcion-de-minipisos-para-familias-de-38-m\/#primaryimage"},"thumbnailUrl":"https:\/\/www.anovapeneira.gal\/wp-content\/uploads\/2025\/11\/Alexandra_Fernandez_bng.jpg","datePublished":"2025-11-11T11:00:52+00:00","breadcrumb":{"@id":"https:\/\/www.anovapeneira.gal\/index.php\/2025\/11\/11\/bng-acusa-pp-rebentar-os-estandares-de-habitabilidade-en-galiza-permitindo-a-construcion-de-minipisos-para-familias-de-38-m\/#breadcrumb"},"inLanguage":"gl-ES","potentialAction":[{"@type":"ReadAction","target":["https:\/\/www.anovapeneira.gal\/index.php\/2025\/11\/11\/bng-acusa-pp-rebentar-os-estandares-de-habitabilidade-en-galiza-permitindo-a-construcion-de-minipisos-para-familias-de-38-m\/"]}]},{"@type":"ImageObject","inLanguage":"gl-ES","@id":"https:\/\/www.anovapeneira.gal\/index.php\/2025\/11\/11\/bng-acusa-pp-rebentar-os-estandares-de-habitabilidade-en-galiza-permitindo-a-construcion-de-minipisos-para-familias-de-38-m\/#primaryimage","url":"https:\/\/www.anovapeneira.gal\/wp-content\/uploads\/2025\/11\/Alexandra_Fernandez_bng.jpg","contentUrl":"https:\/\/www.anovapeneira.gal\/wp-content\/uploads\/2025\/11\/Alexandra_Fernandez_bng.jpg","width":720,"height":432},{"@type":"BreadcrumbList","@id":"https:\/\/www.anovapeneira.gal\/index.php\/2025\/11\/11\/bng-acusa-pp-rebentar-os-estandares-de-habitabilidade-en-galiza-permitindo-a-construcion-de-minipisos-para-familias-de-38-m\/#breadcrumb","itemListElement":[{"@type":"ListItem","position":1,"name":"Portada","item":"https:\/\/www.anovapeneira.gal\/"},{"@type":"ListItem","position":2,"name":"BNG acusa PP rebentar os est\u00e1ndares de habitabilidade en Galiza permitindo a construci\u00f3n de minipisos para familias de 38 m"}]},{"@type":"WebSite","@id":"https:\/\/www.anovapeneira.gal\/#website","url":"https:\/\/www.anovapeneira.gal\/","name":"","description":"Xornal galego de informaci\u00f3n xeral Publicaci\u00f3n mensual de novas de Galicia e en especial dos Concellos da sur da provincia de Pontevedra.","publisher":{"@id":"https:\/\/www.anovapeneira.gal\/#organization"},"potentialAction":[{"@type":"SearchAction","target":{"@type":"EntryPoint","urlTemplate":"https:\/\/www.anovapeneira.gal\/?s={search_term_string}"},"query-input":{"@type":"PropertyValueSpecification","valueRequired":true,"valueName":"search_term_string"}}],"inLanguage":"gl-ES"},{"@type":"Organization","@id":"https:\/\/www.anovapeneira.gal\/#organization","name":"A Nova Peneira","url":"https:\/\/www.anovapeneira.gal\/","logo":{"@type":"ImageObject","inLanguage":"gl-ES","@id":"https:\/\/www.anovapeneira.gal\/#\/schema\/logo\/image\/","url":"http:\/\/www.anovapeneira.gal\/wp-content\/uploads\/2019\/06\/logo_a_nova_peneira_portal_web.png","contentUrl":"http:\/\/www.anovapeneira.gal\/wp-content\/uploads\/2019\/06\/logo_a_nova_peneira_portal_web.png","width":300,"height":100,"caption":"A Nova Peneira"},"image":{"@id":"https:\/\/www.anovapeneira.gal\/#\/schema\/logo\/image\/"},"sameAs":["https:\/\/www.facebook.com\/anovapeneira","https:\/\/x.com\/APeneira"]},{"@type":"Person","@id":"https:\/\/www.anovapeneira.gal\/#\/schema\/person\/b93e3f8932e3f8da96334607eb6ac6aa","name":"Redacci\u00f3n A Nova Peneira","image":{"@type":"ImageObject","inLanguage":"gl-ES","@id":"https:\/\/secure.gravatar.com\/avatar\/c052a2551a06e23fac63626232eaa90abd78dbcf1700fc46a2b2c89fd27b735f?s=96&d=mm&r=g","url":"https:\/\/secure.gravatar.com\/avatar\/c052a2551a06e23fac63626232eaa90abd78dbcf1700fc46a2b2c89fd27b735f?s=96&d=mm&r=g","contentUrl":"https:\/\/secure.gravatar.com\/avatar\/c052a2551a06e23fac63626232eaa90abd78dbcf1700fc46a2b2c89fd27b735f?s=96&d=mm&r=g","caption":"Redacci\u00f3n A Nova Peneira"},"sameAs":["http:\/\/www.anovapeneira.gal\/"],"url":"https:\/\/www.anovapeneira.gal\/index.php\/author\/redactor\/"}]}},"jetpack_featured_media_url":"https:\/\/www.anovapeneira.gal\/wp-content\/uploads\/2025\/11\/Alexandra_Fernandez_bng.jpg","_links":{"self":[{"href":"https:\/\/www.anovapeneira.gal\/index.php\/wp-json\/wp\/v2\/posts\/14918","targetHints":{"allow":["GET"]}}],"collection":[{"href":"https:\/\/www.anovapeneira.gal\/index.php\/wp-json\/wp\/v2\/posts"}],"about":[{"href":"https:\/\/www.anovapeneira.gal\/index.php\/wp-json\/wp\/v2\/types\/post"}],"author":[{"embeddable":true,"href":"https:\/\/www.anovapeneira.gal\/index.php\/wp-json\/wp\/v2\/users\/3"}],"replies":[{"embeddable":true,"href":"https:\/\/www.anovapeneira.gal\/index.php\/wp-json\/wp\/v2\/comments?post=14918"}],"version-history":[{"count":2,"href":"https:\/\/www.anovapeneira.gal\/index.php\/wp-json\/wp\/v2\/posts\/14918\/revisions"}],"predecessor-version":[{"id":14921,"href":"https:\/\/www.anovapeneira.gal\/index.php\/wp-json\/wp\/v2\/posts\/14918\/revisions\/14921"}],"wp:featuredmedia":[{"embeddable":true,"href":"https:\/\/www.anovapeneira.gal\/index.php\/wp-json\/wp\/v2\/media\/14919"}],"wp:attachment":[{"href":"https:\/\/www.anovapeneira.gal\/index.php\/wp-json\/wp\/v2\/media?parent=14918"}],"wp:term":[{"taxonomy":"category","embeddable":true,"href":"https:\/\/www.anovapeneira.gal\/index.php\/wp-json\/wp\/v2\/categories?post=14918"},{"taxonomy":"post_tag","embeddable":true,"href":"https:\/\/www.anovapeneira.gal\/index.php\/wp-json\/wp\/v2\/tags?post=14918"}],"curies":[{"name":"wp","href":"https:\/\/api.w.org\/{rel}","templated":true}]}}