{"id":14922,"date":"2025-11-12T10:00:58","date_gmt":"2025-11-12T09:00:58","guid":{"rendered":"https:\/\/www.anovapeneira.gal\/?p=14922"},"modified":"2025-11-03T18:25:23","modified_gmt":"2025-11-03T17:25:23","slug":"cousas-de-salvaterra-o-crime-de-fornelos-da-ribeira-1920","status":"publish","type":"post","link":"https:\/\/www.anovapeneira.gal\/index.php\/2025\/11\/12\/cousas-de-salvaterra-o-crime-de-fornelos-da-ribeira-1920\/","title":{"rendered":"COUSAS DE SALVATERRA. O crime de Fornelos da Ribeira, 1920"},"content":{"rendered":"\n<figure class=\"wp-block-image size-large is-resized\"><img loading=\"lazy\" decoding=\"async\" width=\"1024\" height=\"1024\" src=\"https:\/\/www.anovapeneira.gal\/wp-content\/uploads\/2025\/02\/xaque_p-1024x1024.jpg\" alt=\"Xaque\" class=\"wp-image-13386\" style=\"width:96px;height:auto\" srcset=\"https:\/\/www.anovapeneira.gal\/wp-content\/uploads\/2025\/02\/xaque_p-1024x1024.jpg 1024w, https:\/\/www.anovapeneira.gal\/wp-content\/uploads\/2025\/02\/xaque_p-300x300.jpg 300w, https:\/\/www.anovapeneira.gal\/wp-content\/uploads\/2025\/02\/xaque_p-150x150.jpg 150w, https:\/\/www.anovapeneira.gal\/wp-content\/uploads\/2025\/02\/xaque_p-768x768.jpg 768w, https:\/\/www.anovapeneira.gal\/wp-content\/uploads\/2025\/02\/xaque_p.jpg 1080w\" sizes=\"auto, (max-width: 1024px) 100vw, 1024px\" \/><figcaption class=\"wp-element-caption\">Ant\u00f3n Lourenzo, veci\u00f1o da Vila<\/figcaption><\/figure>\n\n\n\n<p>Baixo o amparo da \u201cSOCIEDAD DE ASERRADORES MEC\u00c1NICOS\u201d con enderezo na Casa do Pobo de Vigo, a \u201cSociedad de Agricultores\u201d de Fornelos de la Rivera, Salvatierra de Mi\u00f1o, criouse sobre o mes de Decembro de 1925 unha Comisi\u00f3n para tratar de esclarecer un crime ocorrido nesa parroquia case seis anos antes, na persoa do Agrarista JU\u00c1N DOM\u00cdNGUEZ VI\u00c9ITEZ, suceso an\u00e1logo o acontecido en Salvaterra o 02 de Setembro de 1911 na persoa doutro dirixente Agrarista, Francisco Rodr\u00edguez \u201cPancho\u201d, crime cometido o abeiro do negro caciquismo bugallalista. A odiosa historia de impunidade criminal na nosa terra continuaba escrib\u00edndose.<\/p>\n\n\n\n<p>Con tal motivo distribu\u00edronse unhas follas, co relato dos datos co\u00f1ecidos, repartidas entre as m\u00faltiples Sociedades democr\u00e1ticas do pa\u00eds, pedindo axuda moral e econ\u00f3mica, cuxa lectura recomendaban vivamente en pro da causa do Agro Galego. Dic\u00eda as\u00ed:<\/p>\n\n\n\n<p>\u201cEstimados compa\u00f1eiros: Vai para seis anos, o d\u00eda 02 de Febreiro de 1920, cometeuse un crime repugnante en Fornelos da Riveira. Dende o intre no que formamos esta Comisi\u00f3n tivemos conciencia clara do crime, comezamos a traballar para esclarecer o suceso e que foran castigados os culpables. Acudimos a opini\u00f3n p\u00fablica por medio da prensa, e esta, sempre inclinada ao ben, respondeu sen reservas os nosos requerimentos, prest\u00e1ndonos a s\u00faa asistencia na campa\u00f1a, aportando datos que deixaran luz clara sobre o feito perseguido, alent\u00e1ndonos na prosecuci\u00f3n do deber que libremente nos impux\u00e9ramos, axudando con cartos a sufragar os gastos que acarrexaba a nosa acci\u00f3n.<\/p>\n\n\n\n<p>A pesares dos seis anos transcorridos, a\u00ednda non logramos que a nosa voz \u2013de sobra o\u00edda por todos- fora escoitada por aqueles a quen compete administrar a xustiza que a nosa causa dita a calquera conciencia cabal. O mesmo que fai seis anos e co tempo transcorrido, recabamos hoxe novamente o apoio moral e econ\u00f3mico desa Entidade para culminar a xigantesca empresa que sup\u00f3n facerse escoitar polos xordos de conveniencia, nesta terra de xordos voluntarios. Para que poidades obrar con pleno co\u00f1ecemento de causa, narramos agora o odioso suceso cuxo esclarecemento perseguimos.<\/p>\n\n\n\n<p>Na madrugada o d\u00eda 02 de Febreiro de 1920, apareceu morto na charca de Curxido, o prestixioso Agrario desta localidade Ju\u00e1n Dom\u00ednguez Vi\u00e9itez, persoa de avanzada idade e moi apreciado entre os veci\u00f1os. Este home era solteiro, sen fillos naturais co\u00f1ecidos e viv\u00eda s\u00f3. Sent\u00edndose xa vello ditou testamento a favor duns seus sobri\u00f1os nome\u00e1ndoos herdeiros universais. Un d\u00eda caeu doente de certa gravidade, e acudiron onda el para asistilo, os herdeiros. Cavilaron estes que a doenza do t\u00edo era mortal e adiantando codiciosamente a hora na que hab\u00edan de entrar en posesi\u00f3n legal dos cuantiosos bens do Vi\u00e9itez, comezaron a apropiarse deles, despoxando o doente de varios obxectos de valor que atoparon na casa. Mais o anci\u00e1n recuperou a sa\u00fade e decatouse do despoxo do que foi v\u00edtima.<\/p>\n\n\n\n<p>Indignado, deitou fora do seu car\u00f3n os codiciosos parentes, anunci\u00e1ndolles a decisi\u00f3n de desherdalos. Pouco tempo despois, atop\u00e1ndose completamente restablecido, Vi\u00e9itez anunciou as s\u00faas amizades que \u00eda contraer matrimonio, designando o nome da futura esposa e os padri\u00f1os da proxectada voda. Acheg\u00e1base a data do enlace, cando unha ma\u00f1\u00e1, a do d\u00eda 02 de Febreiro de 1920, Ju\u00e1n Dom\u00ednguez Vi\u00e9itez apareceu morto na charca de Curxido.<\/p>\n\n\n\n<p>Aquela ma\u00f1\u00e1 apareceu roubada a casa do morto. Dela desapareceron o suposto testamento ol\u00f3grafo e numerosos recibos de pr\u00e9stamo que ti\u00f1a feito o defunto aos conveci\u00f1os. Este mesmo vecindario congregouse arredor da charca onde apareceu o cad\u00e1ver e puido apreciar e dar testemu\u00f1a verbal e escrita das seguintes circunstancias, no cami\u00f1o de terra que pasa preto da charca, apareceu o bast\u00f3n e o chapeu da v\u00edtima, entre o cami\u00f1o e a charca hai grande cantidade de matas am\u00e9n dun muro, que impiden o paso tranquilo do viandante, a charca, utilizada como poza de regad\u00edo, por causa de ser inverno e non realizarse estes labores, estaba chea de lama, o cad\u00e1ver aparec\u00eda en posici\u00f3n dec\u00fabito prono, \u00e9 dicir, boca abaixo, semienterrada a cabeza at\u00e9 a metade na lama, sobre o cad\u00e1ver, e arredor del, pod\u00edanse apreciar pegadas humanas.<\/p>\n\n\n\n<p>O m\u00e9dico forense limitouse a certificar unha defunci\u00f3n por accidente. Chegou a admitir a posibilidade do suicidio. Enterrouse o cad\u00e1ver&#8230; e eiqu\u00ed paz e despois&#8230; Despois os sobri\u00f1os do morto, os mesmos que como mercaderes deitara fora el da s\u00faa casa, entraron en posesi\u00f3n da cuantiosa herdanza.<\/p>\n\n\n\n<p>O tempo no que o suceso aconteceu foi o dos anos das vacas gordas do fara\u00f3n Bugallal, d\u00e9spota da provincia. In\u00fatiles foron as parrafadas nos xornais, in\u00fatiles foron as estridencias nos m\u00edtines e in\u00fatiles as mensaxes os Poderes&#8230; Unha gran universal xordeira acubillou un nirvana malicioso nas altas esferas. S\u00ed, abriuse o sumario, pero para facernos falar, e \u201cpor falta de probas\u201d, sobreseeuse.<\/p>\n\n\n\n<p>M\u00e1is chegaron auroras de rexeneraci\u00f3n. O fara\u00f3n recibiu un puntap\u00e9 xeral e nos vislumbramos a ocasi\u00f3n de facer prevalecer a nosa demanda de xustiza. Instru\u00eduse novamente a causa\u2026 Pero non est\u00e1bamos asesorados por letrados e perdemos o tempo e os cartos. Non cesamos, nen cesaremos, mentres non se nos demostre que non ten fundamento a certeza de que se cometeu un b\u00e1rbaro asasinato na persoa de Ju\u00e1n Dom\u00ednguez Vi\u00e9itez.<\/p>\n\n\n\n<p>Imos intentar un novo esforzo. Pensamos enviar unha comisi\u00f3n a Madrid, a interesar do Poder p\u00fablico o nomeamento dun xu\u00edz especial. Pensamos nomear un avogado de fama, de talento e honrado, que ben puidera ser o Sr. Barriobero, para que represente a nosa acci\u00f3n. Precisamos dicirvos camaradas, que para logralo, hoxe coma onte, \u00e9 necesario o voso apoio econ\u00f3mico?<\/p>\n\n\n\n<p>Non se vexa nesta campa\u00f1a o prurito vindicatorio dunha morte. Todos os d\u00edas lemos novas de crimes semellantes. Todos estamos fartos de saber que a criminalidade non decrece polo castigo. Pero si, queremos que esta causa, que patrocinan todas as federaci\u00f3ns agrarias, as sociedades obreiras e a prensa democr\u00e1tica da Galiza, sexa lograda con un positivo \u00e9xito, porque do contrario, o fracaso, ser\u00eda pra todos unha confesi\u00f3n paladina de impotencia total para a acci\u00f3n c\u00edvica.<\/p>\n\n\n\n<p>\u00a1Compa\u00f1eiros! \u00a1Pola Xustiza! \u00a1Pola dignidade da Democracia! \u00a1Asist\u00eddenos no noso empe\u00f1o!<\/p>\n\n\n\n<p>Vigo, Decembro de 1925<\/p>\n\n\n\n<p>Pola Comisi\u00f3n: RAM\u00d3N W?? MART\u00cdNEZ, JUAN DOM\u00cdNGUEZ BUGAR\u00cdN, JOS\u00c9 DOM\u00cdNGUEZ.<\/p>\n\n\n\n<p>Os donativos que acordedes facernos debedes envialos contra recibo a Ju\u00e1n Dom\u00ednguez Bugar\u00edn, Casa do Pobo. Secretar\u00eda n\u00fam. 6 Vigo.\u201d<\/p>\n\n\n\n<p>Pasqu\u00edn \u201cJuventud Progresiva Hijos de Fornelos y Anexos\u201d, Vigo 1925. Arq. C. C. G.<\/p>\n\n\n\n<p>Nota: O asunto andou dando voltas durante anos sen resolverse, o golpe de estado de 1936 fixo o resto.<\/p>\n\n\n\n<p>Salvaterra 02 de Novembro do 2025<\/p>\n\n\n\n<p><\/p>\n","protected":false},"excerpt":{"rendered":"<div class=\"mh-excerpt\"><p>Baixo o amparo da \u201cSOCIEDAD DE ASERRADORES MEC\u00c1NICOS\u201d con enderezo na Casa do Pobo de Vigo, a \u201cSociedad de Agricultores\u201d de Fornelos de la Rivera, Salvatierra de Mi\u00f1o, criouse sobre o mes de Decembro de 1925 unha Comisi\u00f3n para tratar de esclarecer un crime ocorrido nesa parroquia case seis anos antes, na persoa do Agrarista JU\u00c1N DOM\u00cdNGUEZ VI\u00c9ITEZ <a class=\"mh-excerpt-more\" href=\"https:\/\/www.anovapeneira.gal\/index.php\/2025\/11\/12\/cousas-de-salvaterra-o-crime-de-fornelos-da-ribeira-1920\/\" title=\"COUSAS DE SALVATERRA. O crime de Fornelos da Ribeira, 1920\">[&#8230;]<\/a><\/p>\n<\/div>","protected":false},"author":34,"featured_media":14924,"comment_status":"open","ping_status":"open","sticky":false,"template":"","format":"standard","meta":{"_exactmetrics_skip_tracking":false,"_exactmetrics_sitenote_active":false,"_exactmetrics_sitenote_note":"","_exactmetrics_sitenote_category":0,"footnotes":""},"categories":[7],"tags":[],"class_list":{"0":"post-14922","1":"post","2":"type-post","3":"status-publish","4":"format-standard","5":"has-post-thumbnail","7":"category-artigos-de-opinion"},"yoast_head":"<!-- This site is optimized with the Yoast SEO plugin v27.4 - https:\/\/yoast.com\/product\/yoast-seo-wordpress\/ -->\n<title>COUSAS DE SALVATERRA. O crime de Fornelos da Ribeira, 1920 -<\/title>\n<meta name=\"robots\" content=\"index, follow, max-snippet:-1, max-image-preview:large, max-video-preview:-1\" \/>\n<link rel=\"canonical\" href=\"https:\/\/www.anovapeneira.gal\/index.php\/2025\/11\/12\/cousas-de-salvaterra-o-crime-de-fornelos-da-ribeira-1920\/\" \/>\n<meta property=\"og:locale\" content=\"gl_ES\" \/>\n<meta property=\"og:type\" content=\"article\" \/>\n<meta property=\"og:title\" content=\"COUSAS DE SALVATERRA. O crime de Fornelos da Ribeira, 1920 -\" \/>\n<meta property=\"og:description\" content=\"Baixo o amparo da \u201cSOCIEDAD DE ASERRADORES MEC\u00c1NICOS\u201d con enderezo na Casa do Pobo de Vigo, a \u201cSociedad de Agricultores\u201d de Fornelos de la Rivera, Salvatierra de Mi\u00f1o, criouse sobre o mes de Decembro de 1925 unha Comisi\u00f3n para tratar de esclarecer un crime ocorrido nesa parroquia case seis anos antes, na persoa do Agrarista JU\u00c1N DOM\u00cdNGUEZ VI\u00c9ITEZ [...]\" \/>\n<meta property=\"og:url\" content=\"https:\/\/www.anovapeneira.gal\/index.php\/2025\/11\/12\/cousas-de-salvaterra-o-crime-de-fornelos-da-ribeira-1920\/\" \/>\n<meta property=\"article:publisher\" content=\"https:\/\/www.facebook.com\/anovapeneira\" \/>\n<meta property=\"article:published_time\" content=\"2025-11-12T09:00:58+00:00\" \/>\n<meta property=\"og:image\" content=\"https:\/\/www.anovapeneira.gal\/wp-content\/uploads\/2025\/11\/juventud_progresiva.jpg\" \/>\n\t<meta property=\"og:image:width\" content=\"720\" \/>\n\t<meta property=\"og:image:height\" content=\"432\" \/>\n\t<meta property=\"og:image:type\" content=\"image\/jpeg\" \/>\n<meta name=\"author\" content=\"Ant\u00f3n Lorenzo Gonz\u00e1lez\" \/>\n<meta name=\"twitter:card\" content=\"summary_large_image\" \/>\n<meta name=\"twitter:creator\" content=\"@APeneira\" \/>\n<meta name=\"twitter:site\" content=\"@APeneira\" \/>\n<meta name=\"twitter:label1\" content=\"Escrito por\" \/>\n\t<meta name=\"twitter:data1\" content=\"Ant\u00f3n Lorenzo Gonz\u00e1lez\" \/>\n\t<meta name=\"twitter:label2\" content=\"Tempo de lectura\" \/>\n\t<meta name=\"twitter:data2\" content=\"7 minutos\" \/>\n<script type=\"application\/ld+json\" class=\"yoast-schema-graph\">{\"@context\":\"https:\\\/\\\/schema.org\",\"@graph\":[{\"@type\":\"Article\",\"@id\":\"https:\\\/\\\/www.anovapeneira.gal\\\/index.php\\\/2025\\\/11\\\/12\\\/cousas-de-salvaterra-o-crime-de-fornelos-da-ribeira-1920\\\/#article\",\"isPartOf\":{\"@id\":\"https:\\\/\\\/www.anovapeneira.gal\\\/index.php\\\/2025\\\/11\\\/12\\\/cousas-de-salvaterra-o-crime-de-fornelos-da-ribeira-1920\\\/\"},\"author\":{\"name\":\"Ant\u00f3n Lorenzo Gonz\u00e1lez\",\"@id\":\"https:\\\/\\\/www.anovapeneira.gal\\\/#\\\/schema\\\/person\\\/1bf91cd240796d05b6522e3d8a6e2d8e\"},\"headline\":\"COUSAS DE SALVATERRA. O crime de Fornelos da Ribeira, 1920\",\"datePublished\":\"2025-11-12T09:00:58+00:00\",\"mainEntityOfPage\":{\"@id\":\"https:\\\/\\\/www.anovapeneira.gal\\\/index.php\\\/2025\\\/11\\\/12\\\/cousas-de-salvaterra-o-crime-de-fornelos-da-ribeira-1920\\\/\"},\"wordCount\":1189,\"commentCount\":0,\"publisher\":{\"@id\":\"https:\\\/\\\/www.anovapeneira.gal\\\/#organization\"},\"image\":{\"@id\":\"https:\\\/\\\/www.anovapeneira.gal\\\/index.php\\\/2025\\\/11\\\/12\\\/cousas-de-salvaterra-o-crime-de-fornelos-da-ribeira-1920\\\/#primaryimage\"},\"thumbnailUrl\":\"https:\\\/\\\/www.anovapeneira.gal\\\/wp-content\\\/uploads\\\/2025\\\/11\\\/juventud_progresiva.jpg\",\"articleSection\":[\"Artigos de opini\u00f3n\"],\"inLanguage\":\"gl-ES\",\"potentialAction\":[{\"@type\":\"CommentAction\",\"name\":\"Comment\",\"target\":[\"https:\\\/\\\/www.anovapeneira.gal\\\/index.php\\\/2025\\\/11\\\/12\\\/cousas-de-salvaterra-o-crime-de-fornelos-da-ribeira-1920\\\/#respond\"]}]},{\"@type\":\"WebPage\",\"@id\":\"https:\\\/\\\/www.anovapeneira.gal\\\/index.php\\\/2025\\\/11\\\/12\\\/cousas-de-salvaterra-o-crime-de-fornelos-da-ribeira-1920\\\/\",\"url\":\"https:\\\/\\\/www.anovapeneira.gal\\\/index.php\\\/2025\\\/11\\\/12\\\/cousas-de-salvaterra-o-crime-de-fornelos-da-ribeira-1920\\\/\",\"name\":\"COUSAS DE SALVATERRA. O crime de Fornelos da Ribeira, 1920 -\",\"isPartOf\":{\"@id\":\"https:\\\/\\\/www.anovapeneira.gal\\\/#website\"},\"primaryImageOfPage\":{\"@id\":\"https:\\\/\\\/www.anovapeneira.gal\\\/index.php\\\/2025\\\/11\\\/12\\\/cousas-de-salvaterra-o-crime-de-fornelos-da-ribeira-1920\\\/#primaryimage\"},\"image\":{\"@id\":\"https:\\\/\\\/www.anovapeneira.gal\\\/index.php\\\/2025\\\/11\\\/12\\\/cousas-de-salvaterra-o-crime-de-fornelos-da-ribeira-1920\\\/#primaryimage\"},\"thumbnailUrl\":\"https:\\\/\\\/www.anovapeneira.gal\\\/wp-content\\\/uploads\\\/2025\\\/11\\\/juventud_progresiva.jpg\",\"datePublished\":\"2025-11-12T09:00:58+00:00\",\"breadcrumb\":{\"@id\":\"https:\\\/\\\/www.anovapeneira.gal\\\/index.php\\\/2025\\\/11\\\/12\\\/cousas-de-salvaterra-o-crime-de-fornelos-da-ribeira-1920\\\/#breadcrumb\"},\"inLanguage\":\"gl-ES\",\"potentialAction\":[{\"@type\":\"ReadAction\",\"target\":[\"https:\\\/\\\/www.anovapeneira.gal\\\/index.php\\\/2025\\\/11\\\/12\\\/cousas-de-salvaterra-o-crime-de-fornelos-da-ribeira-1920\\\/\"]}]},{\"@type\":\"ImageObject\",\"inLanguage\":\"gl-ES\",\"@id\":\"https:\\\/\\\/www.anovapeneira.gal\\\/index.php\\\/2025\\\/11\\\/12\\\/cousas-de-salvaterra-o-crime-de-fornelos-da-ribeira-1920\\\/#primaryimage\",\"url\":\"https:\\\/\\\/www.anovapeneira.gal\\\/wp-content\\\/uploads\\\/2025\\\/11\\\/juventud_progresiva.jpg\",\"contentUrl\":\"https:\\\/\\\/www.anovapeneira.gal\\\/wp-content\\\/uploads\\\/2025\\\/11\\\/juventud_progresiva.jpg\",\"width\":720,\"height\":432},{\"@type\":\"BreadcrumbList\",\"@id\":\"https:\\\/\\\/www.anovapeneira.gal\\\/index.php\\\/2025\\\/11\\\/12\\\/cousas-de-salvaterra-o-crime-de-fornelos-da-ribeira-1920\\\/#breadcrumb\",\"itemListElement\":[{\"@type\":\"ListItem\",\"position\":1,\"name\":\"Portada\",\"item\":\"https:\\\/\\\/www.anovapeneira.gal\\\/\"},{\"@type\":\"ListItem\",\"position\":2,\"name\":\"COUSAS DE SALVATERRA. O crime de Fornelos da Ribeira, 1920\"}]},{\"@type\":\"WebSite\",\"@id\":\"https:\\\/\\\/www.anovapeneira.gal\\\/#website\",\"url\":\"https:\\\/\\\/www.anovapeneira.gal\\\/\",\"name\":\"\",\"description\":\"Xornal galego de informaci\u00f3n xeral Publicaci\u00f3n mensual de novas de Galicia e en especial dos Concellos da sur da provincia de Pontevedra.\",\"publisher\":{\"@id\":\"https:\\\/\\\/www.anovapeneira.gal\\\/#organization\"},\"potentialAction\":[{\"@type\":\"SearchAction\",\"target\":{\"@type\":\"EntryPoint\",\"urlTemplate\":\"https:\\\/\\\/www.anovapeneira.gal\\\/?s={search_term_string}\"},\"query-input\":{\"@type\":\"PropertyValueSpecification\",\"valueRequired\":true,\"valueName\":\"search_term_string\"}}],\"inLanguage\":\"gl-ES\"},{\"@type\":\"Organization\",\"@id\":\"https:\\\/\\\/www.anovapeneira.gal\\\/#organization\",\"name\":\"A Nova Peneira\",\"url\":\"https:\\\/\\\/www.anovapeneira.gal\\\/\",\"logo\":{\"@type\":\"ImageObject\",\"inLanguage\":\"gl-ES\",\"@id\":\"https:\\\/\\\/www.anovapeneira.gal\\\/#\\\/schema\\\/logo\\\/image\\\/\",\"url\":\"http:\\\/\\\/www.anovapeneira.gal\\\/wp-content\\\/uploads\\\/2019\\\/06\\\/logo_a_nova_peneira_portal_web.png\",\"contentUrl\":\"http:\\\/\\\/www.anovapeneira.gal\\\/wp-content\\\/uploads\\\/2019\\\/06\\\/logo_a_nova_peneira_portal_web.png\",\"width\":300,\"height\":100,\"caption\":\"A Nova Peneira\"},\"image\":{\"@id\":\"https:\\\/\\\/www.anovapeneira.gal\\\/#\\\/schema\\\/logo\\\/image\\\/\"},\"sameAs\":[\"https:\\\/\\\/www.facebook.com\\\/anovapeneira\",\"https:\\\/\\\/x.com\\\/APeneira\"]},{\"@type\":\"Person\",\"@id\":\"https:\\\/\\\/www.anovapeneira.gal\\\/#\\\/schema\\\/person\\\/1bf91cd240796d05b6522e3d8a6e2d8e\",\"name\":\"Ant\u00f3n Lorenzo Gonz\u00e1lez\",\"image\":{\"@type\":\"ImageObject\",\"inLanguage\":\"gl-ES\",\"@id\":\"https:\\\/\\\/secure.gravatar.com\\\/avatar\\\/dcd882e8f4338e07610336943426400d525673506eb37ce59442ba704e5cc971?s=96&d=mm&r=g\",\"url\":\"https:\\\/\\\/secure.gravatar.com\\\/avatar\\\/dcd882e8f4338e07610336943426400d525673506eb37ce59442ba704e5cc971?s=96&d=mm&r=g\",\"contentUrl\":\"https:\\\/\\\/secure.gravatar.com\\\/avatar\\\/dcd882e8f4338e07610336943426400d525673506eb37ce59442ba704e5cc971?s=96&d=mm&r=g\",\"caption\":\"Ant\u00f3n Lorenzo Gonz\u00e1lez\"},\"url\":\"https:\\\/\\\/www.anovapeneira.gal\\\/index.php\\\/author\\\/xaque\\\/\"}]}<\/script>\n<!-- \/ Yoast SEO plugin. -->","yoast_head_json":{"title":"COUSAS DE SALVATERRA. O crime de Fornelos da Ribeira, 1920 -","robots":{"index":"index","follow":"follow","max-snippet":"max-snippet:-1","max-image-preview":"max-image-preview:large","max-video-preview":"max-video-preview:-1"},"canonical":"https:\/\/www.anovapeneira.gal\/index.php\/2025\/11\/12\/cousas-de-salvaterra-o-crime-de-fornelos-da-ribeira-1920\/","og_locale":"gl_ES","og_type":"article","og_title":"COUSAS DE SALVATERRA. O crime de Fornelos da Ribeira, 1920 -","og_description":"Baixo o amparo da \u201cSOCIEDAD DE ASERRADORES MEC\u00c1NICOS\u201d con enderezo na Casa do Pobo de Vigo, a \u201cSociedad de Agricultores\u201d de Fornelos de la Rivera, Salvatierra de Mi\u00f1o, criouse sobre o mes de Decembro de 1925 unha Comisi\u00f3n para tratar de esclarecer un crime ocorrido nesa parroquia case seis anos antes, na persoa do Agrarista JU\u00c1N DOM\u00cdNGUEZ VI\u00c9ITEZ [...]","og_url":"https:\/\/www.anovapeneira.gal\/index.php\/2025\/11\/12\/cousas-de-salvaterra-o-crime-de-fornelos-da-ribeira-1920\/","article_publisher":"https:\/\/www.facebook.com\/anovapeneira","article_published_time":"2025-11-12T09:00:58+00:00","og_image":[{"width":720,"height":432,"url":"https:\/\/www.anovapeneira.gal\/wp-content\/uploads\/2025\/11\/juventud_progresiva.jpg","type":"image\/jpeg"}],"author":"Ant\u00f3n Lorenzo Gonz\u00e1lez","twitter_card":"summary_large_image","twitter_creator":"@APeneira","twitter_site":"@APeneira","twitter_misc":{"Escrito por":"Ant\u00f3n Lorenzo Gonz\u00e1lez","Tempo de lectura":"7 minutos"},"schema":{"@context":"https:\/\/schema.org","@graph":[{"@type":"Article","@id":"https:\/\/www.anovapeneira.gal\/index.php\/2025\/11\/12\/cousas-de-salvaterra-o-crime-de-fornelos-da-ribeira-1920\/#article","isPartOf":{"@id":"https:\/\/www.anovapeneira.gal\/index.php\/2025\/11\/12\/cousas-de-salvaterra-o-crime-de-fornelos-da-ribeira-1920\/"},"author":{"name":"Ant\u00f3n Lorenzo Gonz\u00e1lez","@id":"https:\/\/www.anovapeneira.gal\/#\/schema\/person\/1bf91cd240796d05b6522e3d8a6e2d8e"},"headline":"COUSAS DE SALVATERRA. O crime de Fornelos da Ribeira, 1920","datePublished":"2025-11-12T09:00:58+00:00","mainEntityOfPage":{"@id":"https:\/\/www.anovapeneira.gal\/index.php\/2025\/11\/12\/cousas-de-salvaterra-o-crime-de-fornelos-da-ribeira-1920\/"},"wordCount":1189,"commentCount":0,"publisher":{"@id":"https:\/\/www.anovapeneira.gal\/#organization"},"image":{"@id":"https:\/\/www.anovapeneira.gal\/index.php\/2025\/11\/12\/cousas-de-salvaterra-o-crime-de-fornelos-da-ribeira-1920\/#primaryimage"},"thumbnailUrl":"https:\/\/www.anovapeneira.gal\/wp-content\/uploads\/2025\/11\/juventud_progresiva.jpg","articleSection":["Artigos de opini\u00f3n"],"inLanguage":"gl-ES","potentialAction":[{"@type":"CommentAction","name":"Comment","target":["https:\/\/www.anovapeneira.gal\/index.php\/2025\/11\/12\/cousas-de-salvaterra-o-crime-de-fornelos-da-ribeira-1920\/#respond"]}]},{"@type":"WebPage","@id":"https:\/\/www.anovapeneira.gal\/index.php\/2025\/11\/12\/cousas-de-salvaterra-o-crime-de-fornelos-da-ribeira-1920\/","url":"https:\/\/www.anovapeneira.gal\/index.php\/2025\/11\/12\/cousas-de-salvaterra-o-crime-de-fornelos-da-ribeira-1920\/","name":"COUSAS DE SALVATERRA. O crime de Fornelos da Ribeira, 1920 -","isPartOf":{"@id":"https:\/\/www.anovapeneira.gal\/#website"},"primaryImageOfPage":{"@id":"https:\/\/www.anovapeneira.gal\/index.php\/2025\/11\/12\/cousas-de-salvaterra-o-crime-de-fornelos-da-ribeira-1920\/#primaryimage"},"image":{"@id":"https:\/\/www.anovapeneira.gal\/index.php\/2025\/11\/12\/cousas-de-salvaterra-o-crime-de-fornelos-da-ribeira-1920\/#primaryimage"},"thumbnailUrl":"https:\/\/www.anovapeneira.gal\/wp-content\/uploads\/2025\/11\/juventud_progresiva.jpg","datePublished":"2025-11-12T09:00:58+00:00","breadcrumb":{"@id":"https:\/\/www.anovapeneira.gal\/index.php\/2025\/11\/12\/cousas-de-salvaterra-o-crime-de-fornelos-da-ribeira-1920\/#breadcrumb"},"inLanguage":"gl-ES","potentialAction":[{"@type":"ReadAction","target":["https:\/\/www.anovapeneira.gal\/index.php\/2025\/11\/12\/cousas-de-salvaterra-o-crime-de-fornelos-da-ribeira-1920\/"]}]},{"@type":"ImageObject","inLanguage":"gl-ES","@id":"https:\/\/www.anovapeneira.gal\/index.php\/2025\/11\/12\/cousas-de-salvaterra-o-crime-de-fornelos-da-ribeira-1920\/#primaryimage","url":"https:\/\/www.anovapeneira.gal\/wp-content\/uploads\/2025\/11\/juventud_progresiva.jpg","contentUrl":"https:\/\/www.anovapeneira.gal\/wp-content\/uploads\/2025\/11\/juventud_progresiva.jpg","width":720,"height":432},{"@type":"BreadcrumbList","@id":"https:\/\/www.anovapeneira.gal\/index.php\/2025\/11\/12\/cousas-de-salvaterra-o-crime-de-fornelos-da-ribeira-1920\/#breadcrumb","itemListElement":[{"@type":"ListItem","position":1,"name":"Portada","item":"https:\/\/www.anovapeneira.gal\/"},{"@type":"ListItem","position":2,"name":"COUSAS DE SALVATERRA. O crime de Fornelos da Ribeira, 1920"}]},{"@type":"WebSite","@id":"https:\/\/www.anovapeneira.gal\/#website","url":"https:\/\/www.anovapeneira.gal\/","name":"","description":"Xornal galego de informaci\u00f3n xeral Publicaci\u00f3n mensual de novas de Galicia e en especial dos Concellos da sur da provincia de Pontevedra.","publisher":{"@id":"https:\/\/www.anovapeneira.gal\/#organization"},"potentialAction":[{"@type":"SearchAction","target":{"@type":"EntryPoint","urlTemplate":"https:\/\/www.anovapeneira.gal\/?s={search_term_string}"},"query-input":{"@type":"PropertyValueSpecification","valueRequired":true,"valueName":"search_term_string"}}],"inLanguage":"gl-ES"},{"@type":"Organization","@id":"https:\/\/www.anovapeneira.gal\/#organization","name":"A Nova Peneira","url":"https:\/\/www.anovapeneira.gal\/","logo":{"@type":"ImageObject","inLanguage":"gl-ES","@id":"https:\/\/www.anovapeneira.gal\/#\/schema\/logo\/image\/","url":"http:\/\/www.anovapeneira.gal\/wp-content\/uploads\/2019\/06\/logo_a_nova_peneira_portal_web.png","contentUrl":"http:\/\/www.anovapeneira.gal\/wp-content\/uploads\/2019\/06\/logo_a_nova_peneira_portal_web.png","width":300,"height":100,"caption":"A Nova Peneira"},"image":{"@id":"https:\/\/www.anovapeneira.gal\/#\/schema\/logo\/image\/"},"sameAs":["https:\/\/www.facebook.com\/anovapeneira","https:\/\/x.com\/APeneira"]},{"@type":"Person","@id":"https:\/\/www.anovapeneira.gal\/#\/schema\/person\/1bf91cd240796d05b6522e3d8a6e2d8e","name":"Ant\u00f3n Lorenzo Gonz\u00e1lez","image":{"@type":"ImageObject","inLanguage":"gl-ES","@id":"https:\/\/secure.gravatar.com\/avatar\/dcd882e8f4338e07610336943426400d525673506eb37ce59442ba704e5cc971?s=96&d=mm&r=g","url":"https:\/\/secure.gravatar.com\/avatar\/dcd882e8f4338e07610336943426400d525673506eb37ce59442ba704e5cc971?s=96&d=mm&r=g","contentUrl":"https:\/\/secure.gravatar.com\/avatar\/dcd882e8f4338e07610336943426400d525673506eb37ce59442ba704e5cc971?s=96&d=mm&r=g","caption":"Ant\u00f3n Lorenzo Gonz\u00e1lez"},"url":"https:\/\/www.anovapeneira.gal\/index.php\/author\/xaque\/"}]}},"jetpack_featured_media_url":"https:\/\/www.anovapeneira.gal\/wp-content\/uploads\/2025\/11\/juventud_progresiva.jpg","_links":{"self":[{"href":"https:\/\/www.anovapeneira.gal\/index.php\/wp-json\/wp\/v2\/posts\/14922","targetHints":{"allow":["GET"]}}],"collection":[{"href":"https:\/\/www.anovapeneira.gal\/index.php\/wp-json\/wp\/v2\/posts"}],"about":[{"href":"https:\/\/www.anovapeneira.gal\/index.php\/wp-json\/wp\/v2\/types\/post"}],"author":[{"embeddable":true,"href":"https:\/\/www.anovapeneira.gal\/index.php\/wp-json\/wp\/v2\/users\/34"}],"replies":[{"embeddable":true,"href":"https:\/\/www.anovapeneira.gal\/index.php\/wp-json\/wp\/v2\/comments?post=14922"}],"version-history":[{"count":1,"href":"https:\/\/www.anovapeneira.gal\/index.php\/wp-json\/wp\/v2\/posts\/14922\/revisions"}],"predecessor-version":[{"id":14925,"href":"https:\/\/www.anovapeneira.gal\/index.php\/wp-json\/wp\/v2\/posts\/14922\/revisions\/14925"}],"wp:featuredmedia":[{"embeddable":true,"href":"https:\/\/www.anovapeneira.gal\/index.php\/wp-json\/wp\/v2\/media\/14924"}],"wp:attachment":[{"href":"https:\/\/www.anovapeneira.gal\/index.php\/wp-json\/wp\/v2\/media?parent=14922"}],"wp:term":[{"taxonomy":"category","embeddable":true,"href":"https:\/\/www.anovapeneira.gal\/index.php\/wp-json\/wp\/v2\/categories?post=14922"},{"taxonomy":"post_tag","embeddable":true,"href":"https:\/\/www.anovapeneira.gal\/index.php\/wp-json\/wp\/v2\/tags?post=14922"}],"curies":[{"name":"wp","href":"https:\/\/api.w.org\/{rel}","templated":true}]}}