{"id":14927,"date":"2025-11-12T12:49:26","date_gmt":"2025-11-12T11:49:26","guid":{"rendered":"https:\/\/www.anovapeneira.gal\/?p=14927"},"modified":"2025-11-12T12:49:27","modified_gmt":"2025-11-12T11:49:27","slug":"o-cf-caniza-en-disposicion-de-ascender-de-categoria","status":"publish","type":"post","link":"https:\/\/www.anovapeneira.gal\/index.php\/2025\/11\/12\/o-cf-caniza-en-disposicion-de-ascender-de-categoria\/","title":{"rendered":"O CF Ca\u00f1iza en disposici\u00f3n de ascender de categor\u00eda"},"content":{"rendered":"\n<p><strong>A pasada tempada o equipo masculino s\u00e9nior do CF Ca\u00f1iza logrou clasificarse para a fase de ascenso \u00e1 2\u00ba categor\u00eda auton\u00f3mica, pero non a puido superar. Este ano as cousas seica van bastante mellor, e no momento de escribir esta cr\u00f3nica marchan invictos en 2\u00ba posici\u00f3n da t\u00e1boa da s\u00faa categor\u00eda de terceira auton\u00f3mica. Tendo en conta que os dous primeiros ascenden directamente, sen necesidade de disputar ningunha promoci\u00f3n, parece veros\u00edmil pensar que o obxectivo do ascenso \u00e9 esta temporada m\u00e1is que realista. En calquera caso cando se produza, ese ascenso non ser\u00eda m\u00e1is que o primeiro paso. Un equipo dunha localidade da realidade econ\u00f3mica e social como A Caniza non pode conformarse coa 2\u00ba categor\u00eda auton\u00f3mica e debe e de aspirar a constru\u00edr unha base de canteira o suficientemente s\u00f3lida que lle permita ascender, e logo consolidarse na primeira auton\u00f3mica. Acheg\u00e1monos ata a capital da Paradanta a conversarmos con M\u00f3nica, unha muller natural de Crecente, pero residente desde hai moitos anos na Caniza, que \u00e9 a incombustible presidenta do equipo de f\u00fatbol da s\u00faa localidade. Vela\u00ed vai o que deu de si a nosa conversa.<\/strong><\/p>\n\n\n\n<p><strong>M\u00f3nica Almu\u00ed\u00f1a, presidenta do CF Ca\u00f1iza.<\/strong><\/p>\n\n\n\n<h2 class=\"wp-block-heading\">\u201c <strong>A 1\u00ba auton\u00f3mica \u00e9 a categor\u00eda na que debemos aspirar a consolidar os equipos s\u00e9nior\u201d<\/strong><\/h2>\n\n\n\n<p><strong>Este ver\u00e1n tivestes elecci\u00f3ns \u00e1 directiva?<\/strong><\/p>\n\n\n\n<blockquote class=\"wp-block-quote is-layout-flow wp-block-quote-is-layout-flow\">\n<p>Si, presentamos unha candidatura de consenso na que repetimos as persoas do anterior mandato e incorporamos a algunha m\u00e1is.<\/p>\n<\/blockquote>\n\n\n\n<p><strong>Xa levas cerca de 15 anos como directiva .Non est\u00e1s cansa?<\/strong><\/p>\n\n\n\n<blockquote class=\"wp-block-quote is-layout-flow wp-block-quote-is-layout-flow\">\n<p>Este 2025 fago 15 anos. Comecei no ano 2010.Estou cansa si, claro que si. De feito eu as fins de semana non te\u00f1o vida persoal. Vivo no campo de f\u00fatbol. E durante a semana todos os d\u00edas que podo tam\u00e9n te\u00f1o que ocuparme da xesti\u00f3n do d\u00eda a d\u00eda do equipo. En calquera caso g\u00fastame moito o que fago. Estou absolutamente implicada e comprometida emocionalmente co equipo e de momento vou tratar de seguir dando o mellor de min para que o club te\u00f1a a mellor situaci\u00f3n posible.<\/p>\n<\/blockquote>\n\n\n\n<p><strong>Como \u00e9 o teu d\u00eda a d\u00eda?<\/strong><\/p>\n\n\n\n<blockquote class=\"wp-block-quote is-layout-flow wp-block-quote-is-layout-flow\">\n<p>Entre a vida persoal e o f\u00fatbol estou permanentemente ocupada. De feito te\u00f1o d\u00faas nenas que xogan ao balonm\u00e1n en Tui, e un fillo que \u00e9 porteiro dos s\u00e9nior no equipo de f\u00fatbol que presido. Os partidos son a fin de semana. E \u00e1s veces toleo para poder facer todo compatible.<\/p>\n<\/blockquote>\n\n\n\n<p><strong>A \u00faltima ve que falaramos, no 2023, o club ti\u00f1a oito equipos. Cantos tendes na actualidade?<\/strong><\/p>\n\n\n\n<blockquote class=\"wp-block-quote is-layout-flow wp-block-quote-is-layout-flow\">\n<p>Temos 10. Algo medramos. Neste momento temos m\u00e1is de 200 licencias. E ao ter m\u00e1is nenos practicando f\u00fatbol con n\u00f3s, son m\u00e1is os pais e as nais que colaboran, o que incide positivamente na din\u00e1mica do equipo.<\/p>\n<\/blockquote>\n\n\n\n<p><strong>Os rapaces e rapazas son da Caniza?<\/strong><\/p>\n\n\n\n<blockquote class=\"wp-block-quote is-layout-flow wp-block-quote-is-layout-flow\">\n<p>Hai de todo. Hainos da Ca\u00f1iza si, pero tam\u00e9n de Arbo de Covelo, Padrenda, Cortegada, Mel\u00f3n, Quines, Crecente..<\/p>\n<\/blockquote>\n\n\n\n<p><strong>O cambio de nome do Concello que pasar\u00e1 en breve de ser A Ca\u00f1iza a A Caniza, vai ter alg\u00fan efecto no nome do equipo de f\u00fatbol?<\/strong><\/p>\n\n\n\n<blockquote class=\"wp-block-quote is-layout-flow wp-block-quote-is-layout-flow\">\n<p>Non, o nome do equipo non vai cambiar. Vai seguir co seu nome actual CF Ca\u00f1iza.<\/p>\n<\/blockquote>\n\n\n\n<p><strong>Como est\u00e1 a vinculaci\u00f3n do pobo da Caniza co equipo?<\/strong><\/p>\n\n\n\n<blockquote class=\"wp-block-quote is-layout-flow wp-block-quote-is-layout-flow\">\n<p>Moi ben. Estamos realmente satisfeitos do apoio popular que recibimos e da implicaci\u00f3n da sociedade da Ca\u00f1iza co seu equipo de f\u00fatbol.<\/p>\n<\/blockquote>\n\n\n\n<p><strong>Malia que na Caniza tendes unha competencia moi forte co balonm\u00e1n?<\/strong><\/p>\n\n\n\n<blockquote class=\"wp-block-quote is-layout-flow wp-block-quote-is-layout-flow\">\n<p>Si, \u00e9 certo. No noso pobo hai paix\u00f3n polo balonm\u00e1n pero hai sitio para todos.<\/p>\n<\/blockquote>\n\n\n\n<p><strong>Na conversa que tiveramos no 2023 coment\u00e1chesme que non estabas contenta da relaci\u00f3n que tendes co goberno encabezado por Luis Pi\u00f1a. Como est\u00e1n as cousas na actualidade?<\/strong><\/p>\n\n\n\n<blockquote class=\"wp-block-quote is-layout-flow wp-block-quote-is-layout-flow\">\n<p>Est\u00e1n parecidas. As relaci\u00f3ns son manifestamente mellorables. Sempre se queixa dos cartos cando lle pedimos algo, e \u00e9 necesario insistir moito para que nos faga caso.<\/p>\n<\/blockquote>\n\n\n\n<p><strong>O problema \u00e9 s\u00f3 econ\u00f3mico, ou o teu descontento se refire a algunha cuesti\u00f3n m\u00e1is?<\/strong><\/p>\n\n\n\n<blockquote class=\"wp-block-quote is-layout-flow wp-block-quote-is-layout-flow\">\n<p>A m\u00e1is cuesti\u00f3ns.<\/p>\n<\/blockquote>\n\n\n\n<p><strong>Por exemplo?<\/strong><\/p>\n\n\n\n<blockquote class=\"wp-block-quote is-layout-flow wp-block-quote-is-layout-flow\">\n<p>A limpeza dos campos de f\u00fatbol fac\u00e9mola n\u00f3s. No que \u00e9 a xesti\u00f3n dos campos de f\u00fatbol o concello desent\u00e9ndese.<\/p>\n<\/blockquote>\n\n\n\n<p><strong>Quen limpa ent\u00f3n?<\/strong><\/p>\n\n\n\n<blockquote class=\"wp-block-quote is-layout-flow wp-block-quote-is-layout-flow\">\n<p>As persoas da directiva.<\/p>\n<\/blockquote>\n\n\n\n<p><strong>Cantas persoas sodes na directiva?<\/strong><\/p>\n\n\n\n<blockquote class=\"wp-block-quote is-layout-flow wp-block-quote-is-layout-flow\">\n<p>Somos 10. A maneira que temos de organizarnos \u00e9 basicamente facermos todo o que podemos, cando podemos.<\/p>\n<\/blockquote>\n\n\n\n<p><strong>Al\u00e9n da limpeza que tal est\u00e1n as instalaci\u00f3ns en li\u00f1as xerais?<\/strong><\/p>\n\n\n\n<blockquote class=\"wp-block-quote is-layout-flow wp-block-quote-is-layout-flow\">\n<p>Eu creo que deixan bastante que desexar. \u00c9 certo que no de herba artificial mudaron o c\u00e9spede o ano pasado, pero estivo un ano sen cepillalo. Eu creo que \u00e9 desleixo.<\/p>\n<\/blockquote>\n\n\n\n<p><strong>Segues pensando que a 1\u00ba auton\u00f3mica \u00e9 a categor\u00eda natural na que os equipo s\u00e9nior masculino e feminino se deben consolidar?<\/strong><\/p>\n\n\n\n<blockquote class=\"wp-block-quote is-layout-flow wp-block-quote-is-layout-flow\">\n<p>Si,ese \u00e9 o noso obxectivo para ambos equipos.<\/p>\n<\/blockquote>\n\n\n\n<p><strong>Como vai a cousa este ano?<\/strong><\/p>\n\n\n\n<blockquote class=\"wp-block-quote is-layout-flow wp-block-quote-is-layout-flow\">\n<p>No que se refire aos rapaces estamos en 3\u00ba.O ano pasado xogamos a fase de ascenso pero non puidemos subir. Esta temporada imos de segundos na t\u00e1boa, os dous primeiros ascenden directamente, e o obxectivo deportivo \u00e9 claramente \u00e9 o ascenso directo. No que se refire \u00e1s mozas estamos en 2\u00ba galega e esta temporada aspiramos a consolidarnos nesa categor\u00eda. Te\u00f1o que dicir que conseguir xogadoras res\u00faltanos moi dif\u00edcil.<\/p>\n<\/blockquote>\n\n\n\n<p><strong>Acabades de renovar mandato. A\u00ednda che quedan m\u00ednimo catro anos na presidencia. Ser\u00e1n os \u00faltimos?<\/strong><\/p>\n\n\n\n<blockquote class=\"wp-block-quote is-layout-flow wp-block-quote-is-layout-flow\">\n<p>Sempre digo o mesmo, que \u00e9 a \u00faltima vez. Pero non sei que pasa que ao final volvo tirar para adiante. Ser\u00e1n os \u00faltimos?..pois non o sei, s\u00f3 o tempo o vai poder dicir. O que si digo con absoluta certeza \u00e9 que o d\u00eda que deixe a presidencia do equipo vouno botar moito de menos.<\/p>\n<\/blockquote>\n","protected":false},"excerpt":{"rendered":"<div class=\"mh-excerpt\"><p>A pasada tempada o equipo masculino s\u00e9nior do CF Ca\u00f1iza logrou clasificarse para a fase de ascenso \u00e1 2\u00ba categor\u00eda auton\u00f3mica, pero non a puido superar. <a class=\"mh-excerpt-more\" href=\"https:\/\/www.anovapeneira.gal\/index.php\/2025\/11\/12\/o-cf-caniza-en-disposicion-de-ascender-de-categoria\/\" title=\"O CF Ca\u00f1iza en disposici\u00f3n de ascender de categor\u00eda\">[&#8230;]<\/a><\/p>\n<\/div>","protected":false},"author":3,"featured_media":14928,"comment_status":"open","ping_status":"open","sticky":false,"template":"","format":"standard","meta":{"_exactmetrics_skip_tracking":false,"_exactmetrics_sitenote_active":false,"_exactmetrics_sitenote_note":"","_exactmetrics_sitenote_category":0,"footnotes":""},"categories":[1468],"tags":[867],"class_list":{"0":"post-14927","1":"post","2":"type-post","3":"status-publish","4":"format-standard","5":"has-post-thumbnail","7":"category-paradanta-entrevistas","8":"tag-concello-da-caniza"},"yoast_head":"<!-- This site is optimized with the Yoast SEO plugin v27.4 - https:\/\/yoast.com\/product\/yoast-seo-wordpress\/ -->\n<title>O CF Ca\u00f1iza en disposici\u00f3n de ascender de categor\u00eda -<\/title>\n<meta name=\"robots\" content=\"index, follow, max-snippet:-1, max-image-preview:large, max-video-preview:-1\" \/>\n<link rel=\"canonical\" href=\"https:\/\/www.anovapeneira.gal\/index.php\/2025\/11\/12\/o-cf-caniza-en-disposicion-de-ascender-de-categoria\/\" \/>\n<meta property=\"og:locale\" content=\"gl_ES\" \/>\n<meta property=\"og:type\" content=\"article\" \/>\n<meta property=\"og:title\" content=\"O CF Ca\u00f1iza en disposici\u00f3n de ascender de categor\u00eda -\" \/>\n<meta property=\"og:description\" content=\"A pasada tempada o equipo masculino s\u00e9nior do CF Ca\u00f1iza logrou clasificarse para a fase de ascenso \u00e1 2\u00ba categor\u00eda auton\u00f3mica, pero non a puido superar. [...]\" \/>\n<meta property=\"og:url\" content=\"https:\/\/www.anovapeneira.gal\/index.php\/2025\/11\/12\/o-cf-caniza-en-disposicion-de-ascender-de-categoria\/\" \/>\n<meta property=\"article:publisher\" content=\"https:\/\/www.facebook.com\/anovapeneira\" \/>\n<meta property=\"article:published_time\" content=\"2025-11-12T11:49:26+00:00\" \/>\n<meta property=\"article:modified_time\" content=\"2025-11-12T11:49:27+00:00\" \/>\n<meta property=\"og:image\" content=\"https:\/\/www.anovapeneira.gal\/wp-content\/uploads\/2025\/11\/monica-almu.jpg\" \/>\n\t<meta property=\"og:image:width\" content=\"720\" \/>\n\t<meta property=\"og:image:height\" content=\"432\" \/>\n\t<meta property=\"og:image:type\" content=\"image\/jpeg\" \/>\n<meta name=\"author\" content=\"Redacci\u00f3n A Nova Peneira\" \/>\n<meta name=\"twitter:card\" content=\"summary_large_image\" \/>\n<meta name=\"twitter:creator\" content=\"@APeneira\" \/>\n<meta name=\"twitter:site\" content=\"@APeneira\" \/>\n<meta name=\"twitter:label1\" content=\"Escrito por\" \/>\n\t<meta name=\"twitter:data1\" content=\"Redacci\u00f3n A Nova Peneira\" \/>\n\t<meta name=\"twitter:label2\" content=\"Tempo de lectura\" \/>\n\t<meta name=\"twitter:data2\" content=\"3 minutos\" \/>\n<script type=\"application\/ld+json\" class=\"yoast-schema-graph\">{\"@context\":\"https:\\\/\\\/schema.org\",\"@graph\":[{\"@type\":\"Article\",\"@id\":\"https:\\\/\\\/www.anovapeneira.gal\\\/index.php\\\/2025\\\/11\\\/12\\\/o-cf-caniza-en-disposicion-de-ascender-de-categoria\\\/#article\",\"isPartOf\":{\"@id\":\"https:\\\/\\\/www.anovapeneira.gal\\\/index.php\\\/2025\\\/11\\\/12\\\/o-cf-caniza-en-disposicion-de-ascender-de-categoria\\\/\"},\"author\":{\"name\":\"Redacci\u00f3n A Nova Peneira\",\"@id\":\"https:\\\/\\\/www.anovapeneira.gal\\\/#\\\/schema\\\/person\\\/b93e3f8932e3f8da96334607eb6ac6aa\"},\"headline\":\"O CF Ca\u00f1iza en disposici\u00f3n de ascender de categor\u00eda\",\"datePublished\":\"2025-11-12T11:49:26+00:00\",\"dateModified\":\"2025-11-12T11:49:27+00:00\",\"mainEntityOfPage\":{\"@id\":\"https:\\\/\\\/www.anovapeneira.gal\\\/index.php\\\/2025\\\/11\\\/12\\\/o-cf-caniza-en-disposicion-de-ascender-de-categoria\\\/\"},\"wordCount\":998,\"commentCount\":0,\"publisher\":{\"@id\":\"https:\\\/\\\/www.anovapeneira.gal\\\/#organization\"},\"image\":{\"@id\":\"https:\\\/\\\/www.anovapeneira.gal\\\/index.php\\\/2025\\\/11\\\/12\\\/o-cf-caniza-en-disposicion-de-ascender-de-categoria\\\/#primaryimage\"},\"thumbnailUrl\":\"https:\\\/\\\/www.anovapeneira.gal\\\/wp-content\\\/uploads\\\/2025\\\/11\\\/monica-almu.jpg\",\"keywords\":[\"Concello da Ca\u00f1iza\"],\"articleSection\":[\"Paradanta\"],\"inLanguage\":\"gl-ES\",\"potentialAction\":[{\"@type\":\"CommentAction\",\"name\":\"Comment\",\"target\":[\"https:\\\/\\\/www.anovapeneira.gal\\\/index.php\\\/2025\\\/11\\\/12\\\/o-cf-caniza-en-disposicion-de-ascender-de-categoria\\\/#respond\"]}]},{\"@type\":\"WebPage\",\"@id\":\"https:\\\/\\\/www.anovapeneira.gal\\\/index.php\\\/2025\\\/11\\\/12\\\/o-cf-caniza-en-disposicion-de-ascender-de-categoria\\\/\",\"url\":\"https:\\\/\\\/www.anovapeneira.gal\\\/index.php\\\/2025\\\/11\\\/12\\\/o-cf-caniza-en-disposicion-de-ascender-de-categoria\\\/\",\"name\":\"O CF Ca\u00f1iza en disposici\u00f3n de ascender de categor\u00eda -\",\"isPartOf\":{\"@id\":\"https:\\\/\\\/www.anovapeneira.gal\\\/#website\"},\"primaryImageOfPage\":{\"@id\":\"https:\\\/\\\/www.anovapeneira.gal\\\/index.php\\\/2025\\\/11\\\/12\\\/o-cf-caniza-en-disposicion-de-ascender-de-categoria\\\/#primaryimage\"},\"image\":{\"@id\":\"https:\\\/\\\/www.anovapeneira.gal\\\/index.php\\\/2025\\\/11\\\/12\\\/o-cf-caniza-en-disposicion-de-ascender-de-categoria\\\/#primaryimage\"},\"thumbnailUrl\":\"https:\\\/\\\/www.anovapeneira.gal\\\/wp-content\\\/uploads\\\/2025\\\/11\\\/monica-almu.jpg\",\"datePublished\":\"2025-11-12T11:49:26+00:00\",\"dateModified\":\"2025-11-12T11:49:27+00:00\",\"breadcrumb\":{\"@id\":\"https:\\\/\\\/www.anovapeneira.gal\\\/index.php\\\/2025\\\/11\\\/12\\\/o-cf-caniza-en-disposicion-de-ascender-de-categoria\\\/#breadcrumb\"},\"inLanguage\":\"gl-ES\",\"potentialAction\":[{\"@type\":\"ReadAction\",\"target\":[\"https:\\\/\\\/www.anovapeneira.gal\\\/index.php\\\/2025\\\/11\\\/12\\\/o-cf-caniza-en-disposicion-de-ascender-de-categoria\\\/\"]}]},{\"@type\":\"ImageObject\",\"inLanguage\":\"gl-ES\",\"@id\":\"https:\\\/\\\/www.anovapeneira.gal\\\/index.php\\\/2025\\\/11\\\/12\\\/o-cf-caniza-en-disposicion-de-ascender-de-categoria\\\/#primaryimage\",\"url\":\"https:\\\/\\\/www.anovapeneira.gal\\\/wp-content\\\/uploads\\\/2025\\\/11\\\/monica-almu.jpg\",\"contentUrl\":\"https:\\\/\\\/www.anovapeneira.gal\\\/wp-content\\\/uploads\\\/2025\\\/11\\\/monica-almu.jpg\",\"width\":720,\"height\":432},{\"@type\":\"BreadcrumbList\",\"@id\":\"https:\\\/\\\/www.anovapeneira.gal\\\/index.php\\\/2025\\\/11\\\/12\\\/o-cf-caniza-en-disposicion-de-ascender-de-categoria\\\/#breadcrumb\",\"itemListElement\":[{\"@type\":\"ListItem\",\"position\":1,\"name\":\"Portada\",\"item\":\"https:\\\/\\\/www.anovapeneira.gal\\\/\"},{\"@type\":\"ListItem\",\"position\":2,\"name\":\"O CF Ca\u00f1iza en disposici\u00f3n de ascender de categor\u00eda\"}]},{\"@type\":\"WebSite\",\"@id\":\"https:\\\/\\\/www.anovapeneira.gal\\\/#website\",\"url\":\"https:\\\/\\\/www.anovapeneira.gal\\\/\",\"name\":\"\",\"description\":\"Xornal galego de informaci\u00f3n xeral Publicaci\u00f3n mensual de novas de Galicia e en especial dos Concellos da sur da provincia de Pontevedra.\",\"publisher\":{\"@id\":\"https:\\\/\\\/www.anovapeneira.gal\\\/#organization\"},\"potentialAction\":[{\"@type\":\"SearchAction\",\"target\":{\"@type\":\"EntryPoint\",\"urlTemplate\":\"https:\\\/\\\/www.anovapeneira.gal\\\/?s={search_term_string}\"},\"query-input\":{\"@type\":\"PropertyValueSpecification\",\"valueRequired\":true,\"valueName\":\"search_term_string\"}}],\"inLanguage\":\"gl-ES\"},{\"@type\":\"Organization\",\"@id\":\"https:\\\/\\\/www.anovapeneira.gal\\\/#organization\",\"name\":\"A Nova Peneira\",\"url\":\"https:\\\/\\\/www.anovapeneira.gal\\\/\",\"logo\":{\"@type\":\"ImageObject\",\"inLanguage\":\"gl-ES\",\"@id\":\"https:\\\/\\\/www.anovapeneira.gal\\\/#\\\/schema\\\/logo\\\/image\\\/\",\"url\":\"http:\\\/\\\/www.anovapeneira.gal\\\/wp-content\\\/uploads\\\/2019\\\/06\\\/logo_a_nova_peneira_portal_web.png\",\"contentUrl\":\"http:\\\/\\\/www.anovapeneira.gal\\\/wp-content\\\/uploads\\\/2019\\\/06\\\/logo_a_nova_peneira_portal_web.png\",\"width\":300,\"height\":100,\"caption\":\"A Nova Peneira\"},\"image\":{\"@id\":\"https:\\\/\\\/www.anovapeneira.gal\\\/#\\\/schema\\\/logo\\\/image\\\/\"},\"sameAs\":[\"https:\\\/\\\/www.facebook.com\\\/anovapeneira\",\"https:\\\/\\\/x.com\\\/APeneira\"]},{\"@type\":\"Person\",\"@id\":\"https:\\\/\\\/www.anovapeneira.gal\\\/#\\\/schema\\\/person\\\/b93e3f8932e3f8da96334607eb6ac6aa\",\"name\":\"Redacci\u00f3n A Nova Peneira\",\"image\":{\"@type\":\"ImageObject\",\"inLanguage\":\"gl-ES\",\"@id\":\"https:\\\/\\\/secure.gravatar.com\\\/avatar\\\/c052a2551a06e23fac63626232eaa90abd78dbcf1700fc46a2b2c89fd27b735f?s=96&d=mm&r=g\",\"url\":\"https:\\\/\\\/secure.gravatar.com\\\/avatar\\\/c052a2551a06e23fac63626232eaa90abd78dbcf1700fc46a2b2c89fd27b735f?s=96&d=mm&r=g\",\"contentUrl\":\"https:\\\/\\\/secure.gravatar.com\\\/avatar\\\/c052a2551a06e23fac63626232eaa90abd78dbcf1700fc46a2b2c89fd27b735f?s=96&d=mm&r=g\",\"caption\":\"Redacci\u00f3n A Nova Peneira\"},\"sameAs\":[\"http:\\\/\\\/www.anovapeneira.gal\\\/\"],\"url\":\"https:\\\/\\\/www.anovapeneira.gal\\\/index.php\\\/author\\\/redactor\\\/\"}]}<\/script>\n<!-- \/ Yoast SEO plugin. -->","yoast_head_json":{"title":"O CF Ca\u00f1iza en disposici\u00f3n de ascender de categor\u00eda -","robots":{"index":"index","follow":"follow","max-snippet":"max-snippet:-1","max-image-preview":"max-image-preview:large","max-video-preview":"max-video-preview:-1"},"canonical":"https:\/\/www.anovapeneira.gal\/index.php\/2025\/11\/12\/o-cf-caniza-en-disposicion-de-ascender-de-categoria\/","og_locale":"gl_ES","og_type":"article","og_title":"O CF Ca\u00f1iza en disposici\u00f3n de ascender de categor\u00eda -","og_description":"A pasada tempada o equipo masculino s\u00e9nior do CF Ca\u00f1iza logrou clasificarse para a fase de ascenso \u00e1 2\u00ba categor\u00eda auton\u00f3mica, pero non a puido superar. [...]","og_url":"https:\/\/www.anovapeneira.gal\/index.php\/2025\/11\/12\/o-cf-caniza-en-disposicion-de-ascender-de-categoria\/","article_publisher":"https:\/\/www.facebook.com\/anovapeneira","article_published_time":"2025-11-12T11:49:26+00:00","article_modified_time":"2025-11-12T11:49:27+00:00","og_image":[{"width":720,"height":432,"url":"https:\/\/www.anovapeneira.gal\/wp-content\/uploads\/2025\/11\/monica-almu.jpg","type":"image\/jpeg"}],"author":"Redacci\u00f3n A Nova Peneira","twitter_card":"summary_large_image","twitter_creator":"@APeneira","twitter_site":"@APeneira","twitter_misc":{"Escrito por":"Redacci\u00f3n A Nova Peneira","Tempo de lectura":"3 minutos"},"schema":{"@context":"https:\/\/schema.org","@graph":[{"@type":"Article","@id":"https:\/\/www.anovapeneira.gal\/index.php\/2025\/11\/12\/o-cf-caniza-en-disposicion-de-ascender-de-categoria\/#article","isPartOf":{"@id":"https:\/\/www.anovapeneira.gal\/index.php\/2025\/11\/12\/o-cf-caniza-en-disposicion-de-ascender-de-categoria\/"},"author":{"name":"Redacci\u00f3n A Nova Peneira","@id":"https:\/\/www.anovapeneira.gal\/#\/schema\/person\/b93e3f8932e3f8da96334607eb6ac6aa"},"headline":"O CF Ca\u00f1iza en disposici\u00f3n de ascender de categor\u00eda","datePublished":"2025-11-12T11:49:26+00:00","dateModified":"2025-11-12T11:49:27+00:00","mainEntityOfPage":{"@id":"https:\/\/www.anovapeneira.gal\/index.php\/2025\/11\/12\/o-cf-caniza-en-disposicion-de-ascender-de-categoria\/"},"wordCount":998,"commentCount":0,"publisher":{"@id":"https:\/\/www.anovapeneira.gal\/#organization"},"image":{"@id":"https:\/\/www.anovapeneira.gal\/index.php\/2025\/11\/12\/o-cf-caniza-en-disposicion-de-ascender-de-categoria\/#primaryimage"},"thumbnailUrl":"https:\/\/www.anovapeneira.gal\/wp-content\/uploads\/2025\/11\/monica-almu.jpg","keywords":["Concello da Ca\u00f1iza"],"articleSection":["Paradanta"],"inLanguage":"gl-ES","potentialAction":[{"@type":"CommentAction","name":"Comment","target":["https:\/\/www.anovapeneira.gal\/index.php\/2025\/11\/12\/o-cf-caniza-en-disposicion-de-ascender-de-categoria\/#respond"]}]},{"@type":"WebPage","@id":"https:\/\/www.anovapeneira.gal\/index.php\/2025\/11\/12\/o-cf-caniza-en-disposicion-de-ascender-de-categoria\/","url":"https:\/\/www.anovapeneira.gal\/index.php\/2025\/11\/12\/o-cf-caniza-en-disposicion-de-ascender-de-categoria\/","name":"O CF Ca\u00f1iza en disposici\u00f3n de ascender de categor\u00eda -","isPartOf":{"@id":"https:\/\/www.anovapeneira.gal\/#website"},"primaryImageOfPage":{"@id":"https:\/\/www.anovapeneira.gal\/index.php\/2025\/11\/12\/o-cf-caniza-en-disposicion-de-ascender-de-categoria\/#primaryimage"},"image":{"@id":"https:\/\/www.anovapeneira.gal\/index.php\/2025\/11\/12\/o-cf-caniza-en-disposicion-de-ascender-de-categoria\/#primaryimage"},"thumbnailUrl":"https:\/\/www.anovapeneira.gal\/wp-content\/uploads\/2025\/11\/monica-almu.jpg","datePublished":"2025-11-12T11:49:26+00:00","dateModified":"2025-11-12T11:49:27+00:00","breadcrumb":{"@id":"https:\/\/www.anovapeneira.gal\/index.php\/2025\/11\/12\/o-cf-caniza-en-disposicion-de-ascender-de-categoria\/#breadcrumb"},"inLanguage":"gl-ES","potentialAction":[{"@type":"ReadAction","target":["https:\/\/www.anovapeneira.gal\/index.php\/2025\/11\/12\/o-cf-caniza-en-disposicion-de-ascender-de-categoria\/"]}]},{"@type":"ImageObject","inLanguage":"gl-ES","@id":"https:\/\/www.anovapeneira.gal\/index.php\/2025\/11\/12\/o-cf-caniza-en-disposicion-de-ascender-de-categoria\/#primaryimage","url":"https:\/\/www.anovapeneira.gal\/wp-content\/uploads\/2025\/11\/monica-almu.jpg","contentUrl":"https:\/\/www.anovapeneira.gal\/wp-content\/uploads\/2025\/11\/monica-almu.jpg","width":720,"height":432},{"@type":"BreadcrumbList","@id":"https:\/\/www.anovapeneira.gal\/index.php\/2025\/11\/12\/o-cf-caniza-en-disposicion-de-ascender-de-categoria\/#breadcrumb","itemListElement":[{"@type":"ListItem","position":1,"name":"Portada","item":"https:\/\/www.anovapeneira.gal\/"},{"@type":"ListItem","position":2,"name":"O CF Ca\u00f1iza en disposici\u00f3n de ascender de categor\u00eda"}]},{"@type":"WebSite","@id":"https:\/\/www.anovapeneira.gal\/#website","url":"https:\/\/www.anovapeneira.gal\/","name":"","description":"Xornal galego de informaci\u00f3n xeral Publicaci\u00f3n mensual de novas de Galicia e en especial dos Concellos da sur da provincia de Pontevedra.","publisher":{"@id":"https:\/\/www.anovapeneira.gal\/#organization"},"potentialAction":[{"@type":"SearchAction","target":{"@type":"EntryPoint","urlTemplate":"https:\/\/www.anovapeneira.gal\/?s={search_term_string}"},"query-input":{"@type":"PropertyValueSpecification","valueRequired":true,"valueName":"search_term_string"}}],"inLanguage":"gl-ES"},{"@type":"Organization","@id":"https:\/\/www.anovapeneira.gal\/#organization","name":"A Nova Peneira","url":"https:\/\/www.anovapeneira.gal\/","logo":{"@type":"ImageObject","inLanguage":"gl-ES","@id":"https:\/\/www.anovapeneira.gal\/#\/schema\/logo\/image\/","url":"http:\/\/www.anovapeneira.gal\/wp-content\/uploads\/2019\/06\/logo_a_nova_peneira_portal_web.png","contentUrl":"http:\/\/www.anovapeneira.gal\/wp-content\/uploads\/2019\/06\/logo_a_nova_peneira_portal_web.png","width":300,"height":100,"caption":"A Nova Peneira"},"image":{"@id":"https:\/\/www.anovapeneira.gal\/#\/schema\/logo\/image\/"},"sameAs":["https:\/\/www.facebook.com\/anovapeneira","https:\/\/x.com\/APeneira"]},{"@type":"Person","@id":"https:\/\/www.anovapeneira.gal\/#\/schema\/person\/b93e3f8932e3f8da96334607eb6ac6aa","name":"Redacci\u00f3n A Nova Peneira","image":{"@type":"ImageObject","inLanguage":"gl-ES","@id":"https:\/\/secure.gravatar.com\/avatar\/c052a2551a06e23fac63626232eaa90abd78dbcf1700fc46a2b2c89fd27b735f?s=96&d=mm&r=g","url":"https:\/\/secure.gravatar.com\/avatar\/c052a2551a06e23fac63626232eaa90abd78dbcf1700fc46a2b2c89fd27b735f?s=96&d=mm&r=g","contentUrl":"https:\/\/secure.gravatar.com\/avatar\/c052a2551a06e23fac63626232eaa90abd78dbcf1700fc46a2b2c89fd27b735f?s=96&d=mm&r=g","caption":"Redacci\u00f3n A Nova Peneira"},"sameAs":["http:\/\/www.anovapeneira.gal\/"],"url":"https:\/\/www.anovapeneira.gal\/index.php\/author\/redactor\/"}]}},"jetpack_featured_media_url":"https:\/\/www.anovapeneira.gal\/wp-content\/uploads\/2025\/11\/monica-almu.jpg","_links":{"self":[{"href":"https:\/\/www.anovapeneira.gal\/index.php\/wp-json\/wp\/v2\/posts\/14927","targetHints":{"allow":["GET"]}}],"collection":[{"href":"https:\/\/www.anovapeneira.gal\/index.php\/wp-json\/wp\/v2\/posts"}],"about":[{"href":"https:\/\/www.anovapeneira.gal\/index.php\/wp-json\/wp\/v2\/types\/post"}],"author":[{"embeddable":true,"href":"https:\/\/www.anovapeneira.gal\/index.php\/wp-json\/wp\/v2\/users\/3"}],"replies":[{"embeddable":true,"href":"https:\/\/www.anovapeneira.gal\/index.php\/wp-json\/wp\/v2\/comments?post=14927"}],"version-history":[{"count":1,"href":"https:\/\/www.anovapeneira.gal\/index.php\/wp-json\/wp\/v2\/posts\/14927\/revisions"}],"predecessor-version":[{"id":14929,"href":"https:\/\/www.anovapeneira.gal\/index.php\/wp-json\/wp\/v2\/posts\/14927\/revisions\/14929"}],"wp:featuredmedia":[{"embeddable":true,"href":"https:\/\/www.anovapeneira.gal\/index.php\/wp-json\/wp\/v2\/media\/14928"}],"wp:attachment":[{"href":"https:\/\/www.anovapeneira.gal\/index.php\/wp-json\/wp\/v2\/media?parent=14927"}],"wp:term":[{"taxonomy":"category","embeddable":true,"href":"https:\/\/www.anovapeneira.gal\/index.php\/wp-json\/wp\/v2\/categories?post=14927"},{"taxonomy":"post_tag","embeddable":true,"href":"https:\/\/www.anovapeneira.gal\/index.php\/wp-json\/wp\/v2\/tags?post=14927"}],"curies":[{"name":"wp","href":"https:\/\/api.w.org\/{rel}","templated":true}]}}