{"id":14930,"date":"2025-11-13T10:00:49","date_gmt":"2025-11-13T09:00:49","guid":{"rendered":"https:\/\/www.anovapeneira.gal\/?p=14930"},"modified":"2025-11-12T13:03:11","modified_gmt":"2025-11-12T12:03:11","slug":"a-television-de-galicia-do-orgullo-nacional-ao-meme-institucional-cronica-dun-afundimento-pola-sua-prostitucion-mediatica-ao-poder-politico-actual","status":"publish","type":"post","link":"https:\/\/www.anovapeneira.gal\/index.php\/2025\/11\/13\/a-television-de-galicia-do-orgullo-nacional-ao-meme-institucional-cronica-dun-afundimento-pola-sua-prostitucion-mediatica-ao-poder-politico-actual\/","title":{"rendered":"A Televisi\u00f3n de Galicia: do orgullo nacional ao meme institucional. Cr\u00f3nica dun afundimento pola s\u00faa prostituci\u00f3n medi\u00e1tica ao poder pol\u00edtico actual"},"content":{"rendered":"\n<pre class=\"wp-block-verse\">Carmen Santos<\/pre>\n\n\n\n<p>O que lle pasa \u00e1 Televisi\u00f3n de Galicia non \u00e9 un accidente nin unha mala racha: \u00e9 a consecuencia dun proceso de degradaci\u00f3n moral e profesional que dura xa m\u00e1is dunha d\u00e9cada. A TVG, que naceu como s\u00edmbolo de identidade e orgullo galego, \u00e9 hoxe un espello rachado no que xa ningu\u00e9n se reco\u00f1ece. O que era servizo p\u00fablico converteuse nun instrumento ao servizo do poder.<\/p>\n\n\n\n<p>1. Da televisi\u00f3n do pa\u00eds \u00e1 televisi\u00f3n do poder<\/p>\n\n\n\n<p>Nos anos noventa e comezos dos dous mil, a Televisi\u00f3n de Galicia era moito m\u00e1is ca unha canle: era un punto de encontro. Programas de humor, series m\u00edticas, telexornais con prestixio\u2026 a TVG era parte da nosa vida coti\u00e1. Representaba o pa\u00eds, a lingua, a cultura e a pluralidade que somos.<\/p>\n\n\n\n<p>Hoxe, aquela canle p\u00fablica \u00e9 pouco m\u00e1is ca un recordo. A ca\u00edda das audiencias \u00e9 s\u00f3 o s\u00edntoma visible dun mal moito m\u00e1is profundo. En 2005 ti\u00f1a arredor dun 17 % de cota de pantalla; en 2015, caeu por baixo do 10 %; e en 2024 afundiuse ata o 8,6 %, a cifra m\u00e1is baixa da s\u00faa historia. Os informativos, que deber\u00edan ser o motor de credibilidade da casa, perderon m\u00e1is dun 30 % de espectadores nun ano.<\/p>\n\n\n\n<p>Non \u00e9 s\u00f3 unha cuesti\u00f3n de competencia ou de h\u00e1bitos de consumo: \u00e9 unha cuesti\u00f3n de decencia profesional e independencia informativa. A TVG non se afunde por culpa das redes sociais; af\u00fandese porque decidiu deixar de facer xornalismo e po\u00f1erse ao servizo do poder pol\u00edtico que a controla.<\/p>\n\n\n\n<p>2. A manipulaci\u00f3n medi\u00e1tica como m\u00e9todo de goberno<\/p>\n\n\n\n<p>A CRTVG, que deber\u00eda funcionar como un servizo p\u00fablico, converteuse nun instrumento propagand\u00edstico da Xunta e do Partido Popular. Non se trata de opini\u00f3ns: abonda con mirar os informativos para ver como se maquillan os datos negativos do Goberno galego, como se silencian as mobilizaci\u00f3ns sociais e como se amplifican as mensaxes partidarias de quen manda.<\/p>\n\n\n\n<p>Os profesionais que intentaron resistir, alzar a voz ou manter a \u00e9tica xornal\u00edstica foron apartados, silenciados ou relegados. O movemento Defende a Galega leva anos denunciando esta situaci\u00f3n e reclamando algo tan b\u00e1sico como o cumprimento da Lei de Medios P\u00fablicos e a independencia real da direcci\u00f3n.<\/p>\n\n\n\n<p>O resultado \u00e9 un afundimento moral e profesional. Unha canle p\u00fablica que xa non cumpre a s\u00faa funci\u00f3n: informar, educar, entreter e representar \u00e1 sociedade galega. Hoxe, a TVG \u00e9 unha televisi\u00f3n de partido, e iso \u00e9 unha traiz\u00f3n \u00e1 cidadan\u00eda que a financia.<\/p>\n\n\n\n<p>3. A prostituci\u00f3n informativa e o falso feminismo<\/p>\n\n\n\n<p>Hai algo m\u00e1is grave ca a manipulaci\u00f3n pol\u00edtica: a manipulaci\u00f3n moral. Nos \u00faltimos tempos, alg\u00fans dirixentes do PP galego descubriron un novo instrumento de ataque: o falso feminismo utilizado como arma pol\u00edtica.<\/p>\n\n\n\n<p>Non falamos de defender as mulleres, sen\u00f3n de usar o feminismo como escudo e ferramenta de destruci\u00f3n contra quen se quere eliminar do debate p\u00fablico. \u00c9 o que fixo recentemente Paula Prado, n\u00famero d\u00faas do presidente Alfonso Rueda, voceira do Partido Popular no Parlamento Galego e figura co\u00f1ecida polas s\u00faas vellas vinculaci\u00f3ns con causas de corrupci\u00f3n que afectaron ao seu partido. Causas das que non foi absolta, sen\u00f3n simplemente arquivadas, que non \u00e9 o mesmo.<\/p>\n\n\n\n<p>Esta mesma Paula Prado empregou a Televisi\u00f3n de Galicia \u2014a s\u00faa canle amiga, a que lle serve de altofalante\u2014 para lanzar unha campa\u00f1a medi\u00e1tica de desprestixio, sementando falsidades e tentando vincular o nacionalismo galego coa violencia, coa \u201ckale borroka\u201d e con ETA. Un discurso vello, gastado e perigoso, que volve cada vez que o PP se ve sen argumentos e precisa fabricar inimigos.<\/p>\n\n\n\n<p>E, como fixeron comigo no seu momento, escolleron un nome ao azar para converter nunha diana: Rogelio Santos.<\/p>\n\n\n\n<p>4. O caso Rogelio Santos: a mentira como m\u00e9todo<\/p>\n\n\n\n<p>Rogelio Santos \u00e9 co\u00f1ecido en toda Galicia. Non por pol\u00e9micas nin por esc\u00e1ndalos, sen\u00f3n por ser un divulgador e activista comprometido coa defensa do mar, do medio ambiente e de todo o entorno natural galego. Un home profundamente honesto, respectuoso e afectuoso con todo o mundo, co\u00f1ecido precisamente por ser demasiado politicamente correcto, ata o punto de ser obxecto de bromas entre amizades e compa\u00f1eiros por esa educaci\u00f3n extrema.<\/p>\n\n\n\n<p>Nesta ocasi\u00f3n, unha frase popular desafortunada, sacada de contexto, foi suficiente para que o aparato medi\u00e1tico do PP \u2014a trav\u00e9s de Paula Prado\u2014 intentase convertelo en s\u00edmbolo do machismo e da violencia. O que realmente quixo dicir Rogelio Santos era que Paula Prado calase e deixase de dicir barbaridades, porque estaba acusando e etiquetando unha reuni\u00f3n entre o BNG e Bildu \u2014d\u00faas forzas democr\u00e1ticas e pacifistas\u2014 de querer traer bombas e \u201ckale borroka\u201d a Galicia. Non foi unha resposta ofensiva nin violenta, sen\u00f3n unha forma popular e rural de dicir \u201ccala e deixa de dicir burradas\u201d, habitual na linguaxe coti\u00e1 galega, que nada ten que ver co machismo nin coa violencia, a\u00ednda que, evidentemente, ningu\u00e9n pode negar que foi unha expresi\u00f3n vulgar e mesmo desafortunada, porque poder\u00eda dicir o mesmo \u2014que calase e deixase de dicir barbaridades\u2014 sen recorrer a esa retranca coloquial que logo se sacou de contexto para facerlle dano e atribu\u00edr algo que el nunca dixo.<\/p>\n\n\n\n<p>A frase, que non se entendeu f\u00f3ra dese contexto, foi terxiversada e utilizada con mala fe para constru\u00edr un relato completamente falso. O que pretend\u00edan era, unha vez m\u00e1is, vincular o nacionalismo galego coa violencia, con ETA e coa \u201ckale borroka\u201d. Pero o resultado foi o contrario do esperado: a cidadan\u00eda non mercou o relato manipulado. A xente sabe quen \u00e9 Rogelio Santos, e sabe quen \u00e9 Paula Prado.<\/p>\n\n\n\n<p>Mentres nestes dous \u00faltimos meses a audiencia da TVG cae en picado e se afunde en m\u00ednimos hist\u00f3ricos, Rogelio Santos acadou nun s\u00f3 d\u00eda un alcance de m\u00e1is dun mill\u00f3n de persoas, concentradas maioritariamente en Galicia, e cada xornada sumaba medio mill\u00f3n m\u00e1is. O pobo respondeu coa s\u00faa propia voz, nas redes sociais, desmontando a mentira e devolv\u00e9ndolle a dignidade roubada. O efecto foi o contrario ao que pretend\u00edan: o intento de cancelaci\u00f3n acabou sendo un exemplo de resistencia e verdade.<\/p>\n\n\n\n<p>\u00c9 importante lembrar quen fala: Paula Prado, n\u00famero d\u00faas de Alfonso Rueda e voceira do Partido Popular no Parlamento Galego, con antecedentes en causas de corrupci\u00f3n arquivadas pero nunca exculpadas, \u00e9 hoxe un dos rostros m\u00e1is agresivos da propaganda pol\u00edtica en Galicia. E cando o PP sente que o poder se lle escapa ou que pode perder o control institucional, intensifica este tipo de campa\u00f1as nocivas, baseadas no bulo, na distorsi\u00f3n e na mentira como m\u00e9todo de supervivencia pol\u00edtica.<\/p>\n\n\n\n<p>E o m\u00e1is grave \u00e9 que o fai utilizando os medios p\u00fablicos, convertendo a canle de todos nunha ferramenta privada de manipulaci\u00f3n.<\/p>\n\n\n\n<p>5. Cando o poder usa o feminismo como garrote<\/p>\n\n\n\n<p>O que fixeron con Rogelio Santos \u00e9 o mesmo que tentaron facer comigo no pasado: fabricar unha caricatura. Cando fun deputada, tam\u00e9n sufr\u00edn a manipulaci\u00f3n medi\u00e1tica: frases sacadas de contexto, titulares falsos, ataques orquestrados para ridiculizarme e facer dano pol\u00edtico a Marea e a Podemos. Aprend\u00edn ent\u00f3n que, neste pa\u00eds, quen fala claro e non se cala \u00e9 perigoso.<\/p>\n\n\n\n<p>Agora rep\u00edteno con Rogelio. E non \u00e9 casual. O que non puideron derrotar nas urnas, pretenden destru\u00edlo nos medios. E cando a mentira se disfraza de feminismo, o dano \u00e9 dobre: \u00e1 persoa e \u00e1 causa que din defender. Porque o feminismo non \u00e9 unha arma pol\u00edtica: \u00e9 unha loita pola igualdade, non un parapeto para xustificar a mentira.<\/p>\n\n\n\n<p>O feminismo verdadeiro busca liberdade, respeito e xustiza. O falso feminismo que practica certa dereita usa a bandeira violeta para tapar o seu propio machismo e perpetuar o seu poder. \u00c9 unha ofensa para todas as que loitamos de verdade pola igualdade.<\/p>\n\n\n\n<p>6. O prezo da mentira<\/p>\n\n\n\n<p>A Televisi\u00f3n de Galicia xa foi condenada varias veces por manipulaci\u00f3n, pero parece non importarlles. Seguen reincidindo, coa mesma impunidade e a mesma soberbia. Mentres tanto, as s\u00faas audiencias despl\u00f3manse. Xa ningu\u00e9n lles cre. O pobo galego, que non \u00e9 parvo, deu media volta e marchou.<\/p>\n\n\n\n<p>Hoxe, a TVG non \u00e9 un servizo p\u00fablico: \u00e9 un escaparate do poder. E cando un medio p\u00fablico deixa de servir ao pobo e pasa a servir ao partido que goberna, deixa de ter raz\u00f3n de ser. O problema non \u00e9 t\u00e9cnico: \u00e9 moral.<\/p>\n\n\n\n<p>O pa\u00eds precisa unha televisi\u00f3n p\u00fablica galega digna, plural e libre, que sirva para o que foi creada: para contar o que somos, para coidar a nosa lingua, para dar voz a quen non a ten e para mirar a Galicia con ollos limpos.<\/p>\n\n\n\n<p>Pero mentres a CRTVG siga secuestrada pola indecencia e polo control pol\u00edtico, mentres contin\u00fae prostitu\u00edndo a verdade e manipulando a realidade, seguir\u00e1 afund\u00edndose, tanto nas cifras de audiencia como no respeito da cidadan\u00eda.<\/p>\n\n\n\n<p>7. Conclusi\u00f3n: devolverlle a dignidade ao que \u00e9 noso<\/p>\n\n\n\n<p>A Televisi\u00f3n de Galicia non pertence ao PP, nin \u00e1 Xunta, nin a ning\u00fan goberno. Pertence ao pobo galego. E o pobo galego merece informaci\u00f3n veraz, debates abertos, cultura viva e voces diversas. Merece orgullo, non vergo\u00f1a.<\/p>\n\n\n\n<p>Por iso, cando vexamos a canle p\u00fablica convertida nun meme, non riamos: lamentemos o que nos roubaron. Roubaron a independencia, a dignidade e o sentido mesmo da palabra \u201cp\u00fablico\u201d.<\/p>\n\n\n\n<p>Pero tam\u00e9n aprendemos algo novo: xa non vivimos nun tempo no que o poder ten o monopolio da palabra. Agora, a trav\u00e9s das redes sociais, podemos responder, aclarar, desmentir e desmontar o que antes quedaba impune. Antes non ti\u00f1amos espazo para contrarreplicar; hoxe, podemos cancelar a quen intenta cancelarnos.<\/p>\n\n\n\n<p>Porque unha canle p\u00fablica que utiliza o bulo e a mentira como m\u00e9todo de defender o poder que a sost\u00e9n fai un dano inmenso \u00e1 democracia, \u00e1s instituci\u00f3ns e \u00e1 sociedade galega. E mentres iso non cambie, Galicia seguir\u00e1 pagando un prezo demasiado alto pola indecencia dos que confunden gobernar con manipular.<\/p>\n","protected":false},"excerpt":{"rendered":"<div class=\"mh-excerpt\"><p>O que lle pasa \u00e1 Televisi\u00f3n de Galicia non \u00e9 un accidente nin unha mala racha: \u00e9 a consecuencia dun proceso de degradaci\u00f3n moral e profesional que dura xa m\u00e1is dunha d\u00e9cada <a class=\"mh-excerpt-more\" href=\"https:\/\/www.anovapeneira.gal\/index.php\/2025\/11\/13\/a-television-de-galicia-do-orgullo-nacional-ao-meme-institucional-cronica-dun-afundimento-pola-sua-prostitucion-mediatica-ao-poder-politico-actual\/\" title=\"A Televisi\u00f3n de Galicia: do orgullo nacional ao meme institucional. Cr\u00f3nica dun afundimento pola s\u00faa prostituci\u00f3n medi\u00e1tica ao poder pol\u00edtico actual\">[&#8230;]<\/a><\/p>\n<\/div>","protected":false},"author":12,"featured_media":14254,"comment_status":"open","ping_status":"open","sticky":false,"template":"","format":"standard","meta":{"_exactmetrics_skip_tracking":false,"_exactmetrics_sitenote_active":false,"_exactmetrics_sitenote_note":"","_exactmetrics_sitenote_category":0,"footnotes":""},"categories":[7],"tags":[],"class_list":{"0":"post-14930","1":"post","2":"type-post","3":"status-publish","4":"format-standard","5":"has-post-thumbnail","7":"category-artigos-de-opinion"},"yoast_head":"<!-- This site is optimized with the Yoast SEO plugin v27.5 - https:\/\/yoast.com\/product\/yoast-seo-wordpress\/ -->\n<title>A Televisi\u00f3n de Galicia: do orgullo nacional ao meme institucional. Cr\u00f3nica dun afundimento pola s\u00faa prostituci\u00f3n medi\u00e1tica ao poder pol\u00edtico actual -<\/title>\n<meta name=\"robots\" content=\"index, follow, max-snippet:-1, max-image-preview:large, max-video-preview:-1\" \/>\n<link rel=\"canonical\" href=\"https:\/\/www.anovapeneira.gal\/index.php\/2025\/11\/13\/a-television-de-galicia-do-orgullo-nacional-ao-meme-institucional-cronica-dun-afundimento-pola-sua-prostitucion-mediatica-ao-poder-politico-actual\/\" \/>\n<meta property=\"og:locale\" content=\"gl_ES\" \/>\n<meta property=\"og:type\" content=\"article\" \/>\n<meta property=\"og:title\" content=\"A Televisi\u00f3n de Galicia: do orgullo nacional ao meme institucional. Cr\u00f3nica dun afundimento pola s\u00faa prostituci\u00f3n medi\u00e1tica ao poder pol\u00edtico actual -\" \/>\n<meta property=\"og:description\" content=\"O que lle pasa \u00e1 Televisi\u00f3n de Galicia non \u00e9 un accidente nin unha mala racha: \u00e9 a consecuencia dun proceso de degradaci\u00f3n moral e profesional que dura xa m\u00e1is dunha d\u00e9cada [...]\" \/>\n<meta property=\"og:url\" content=\"https:\/\/www.anovapeneira.gal\/index.php\/2025\/11\/13\/a-television-de-galicia-do-orgullo-nacional-ao-meme-institucional-cronica-dun-afundimento-pola-sua-prostitucion-mediatica-ao-poder-politico-actual\/\" \/>\n<meta property=\"article:publisher\" content=\"https:\/\/www.facebook.com\/anovapeneira\" \/>\n<meta property=\"article:published_time\" content=\"2025-11-13T09:00:49+00:00\" \/>\n<meta property=\"og:image\" content=\"https:\/\/www.anovapeneira.gal\/wp-content\/uploads\/2025\/07\/carmen_santos.jpg\" \/>\n\t<meta property=\"og:image:width\" content=\"720\" \/>\n\t<meta property=\"og:image:height\" content=\"432\" \/>\n\t<meta property=\"og:image:type\" content=\"image\/jpeg\" \/>\n<meta name=\"author\" content=\"Artigos Opini\u00f3n\" \/>\n<meta name=\"twitter:card\" content=\"summary_large_image\" \/>\n<meta name=\"twitter:creator\" content=\"@APeneira\" \/>\n<meta name=\"twitter:site\" content=\"@APeneira\" \/>\n<meta name=\"twitter:label1\" content=\"Escrito por\" \/>\n\t<meta name=\"twitter:data1\" content=\"Artigos Opini\u00f3n\" \/>\n\t<meta name=\"twitter:label2\" content=\"Tempo de lectura\" \/>\n\t<meta name=\"twitter:data2\" content=\"9 minutos\" \/>\n<script type=\"application\/ld+json\" class=\"yoast-schema-graph\">{\"@context\":\"https:\\\/\\\/schema.org\",\"@graph\":[{\"@type\":\"Article\",\"@id\":\"https:\\\/\\\/www.anovapeneira.gal\\\/index.php\\\/2025\\\/11\\\/13\\\/a-television-de-galicia-do-orgullo-nacional-ao-meme-institucional-cronica-dun-afundimento-pola-sua-prostitucion-mediatica-ao-poder-politico-actual\\\/#article\",\"isPartOf\":{\"@id\":\"https:\\\/\\\/www.anovapeneira.gal\\\/index.php\\\/2025\\\/11\\\/13\\\/a-television-de-galicia-do-orgullo-nacional-ao-meme-institucional-cronica-dun-afundimento-pola-sua-prostitucion-mediatica-ao-poder-politico-actual\\\/\"},\"author\":{\"name\":\"Artigos Opini\u00f3n\",\"@id\":\"https:\\\/\\\/www.anovapeneira.gal\\\/#\\\/schema\\\/person\\\/f18a4feb302e8f20bcef4490b5b60bb3\"},\"headline\":\"A Televisi\u00f3n de Galicia: do orgullo nacional ao meme institucional. Cr\u00f3nica dun afundimento pola s\u00faa prostituci\u00f3n medi\u00e1tica ao poder pol\u00edtico actual\",\"datePublished\":\"2025-11-13T09:00:49+00:00\",\"mainEntityOfPage\":{\"@id\":\"https:\\\/\\\/www.anovapeneira.gal\\\/index.php\\\/2025\\\/11\\\/13\\\/a-television-de-galicia-do-orgullo-nacional-ao-meme-institucional-cronica-dun-afundimento-pola-sua-prostitucion-mediatica-ao-poder-politico-actual\\\/\"},\"wordCount\":1739,\"commentCount\":0,\"publisher\":{\"@id\":\"https:\\\/\\\/www.anovapeneira.gal\\\/#organization\"},\"image\":{\"@id\":\"https:\\\/\\\/www.anovapeneira.gal\\\/index.php\\\/2025\\\/11\\\/13\\\/a-television-de-galicia-do-orgullo-nacional-ao-meme-institucional-cronica-dun-afundimento-pola-sua-prostitucion-mediatica-ao-poder-politico-actual\\\/#primaryimage\"},\"thumbnailUrl\":\"https:\\\/\\\/www.anovapeneira.gal\\\/wp-content\\\/uploads\\\/2025\\\/07\\\/carmen_santos.jpg\",\"articleSection\":[\"Artigos de opini\u00f3n\"],\"inLanguage\":\"gl-ES\",\"potentialAction\":[{\"@type\":\"CommentAction\",\"name\":\"Comment\",\"target\":[\"https:\\\/\\\/www.anovapeneira.gal\\\/index.php\\\/2025\\\/11\\\/13\\\/a-television-de-galicia-do-orgullo-nacional-ao-meme-institucional-cronica-dun-afundimento-pola-sua-prostitucion-mediatica-ao-poder-politico-actual\\\/#respond\"]}]},{\"@type\":\"WebPage\",\"@id\":\"https:\\\/\\\/www.anovapeneira.gal\\\/index.php\\\/2025\\\/11\\\/13\\\/a-television-de-galicia-do-orgullo-nacional-ao-meme-institucional-cronica-dun-afundimento-pola-sua-prostitucion-mediatica-ao-poder-politico-actual\\\/\",\"url\":\"https:\\\/\\\/www.anovapeneira.gal\\\/index.php\\\/2025\\\/11\\\/13\\\/a-television-de-galicia-do-orgullo-nacional-ao-meme-institucional-cronica-dun-afundimento-pola-sua-prostitucion-mediatica-ao-poder-politico-actual\\\/\",\"name\":\"A Televisi\u00f3n de Galicia: do orgullo nacional ao meme institucional. Cr\u00f3nica dun afundimento pola s\u00faa prostituci\u00f3n medi\u00e1tica ao poder pol\u00edtico actual -\",\"isPartOf\":{\"@id\":\"https:\\\/\\\/www.anovapeneira.gal\\\/#website\"},\"primaryImageOfPage\":{\"@id\":\"https:\\\/\\\/www.anovapeneira.gal\\\/index.php\\\/2025\\\/11\\\/13\\\/a-television-de-galicia-do-orgullo-nacional-ao-meme-institucional-cronica-dun-afundimento-pola-sua-prostitucion-mediatica-ao-poder-politico-actual\\\/#primaryimage\"},\"image\":{\"@id\":\"https:\\\/\\\/www.anovapeneira.gal\\\/index.php\\\/2025\\\/11\\\/13\\\/a-television-de-galicia-do-orgullo-nacional-ao-meme-institucional-cronica-dun-afundimento-pola-sua-prostitucion-mediatica-ao-poder-politico-actual\\\/#primaryimage\"},\"thumbnailUrl\":\"https:\\\/\\\/www.anovapeneira.gal\\\/wp-content\\\/uploads\\\/2025\\\/07\\\/carmen_santos.jpg\",\"datePublished\":\"2025-11-13T09:00:49+00:00\",\"breadcrumb\":{\"@id\":\"https:\\\/\\\/www.anovapeneira.gal\\\/index.php\\\/2025\\\/11\\\/13\\\/a-television-de-galicia-do-orgullo-nacional-ao-meme-institucional-cronica-dun-afundimento-pola-sua-prostitucion-mediatica-ao-poder-politico-actual\\\/#breadcrumb\"},\"inLanguage\":\"gl-ES\",\"potentialAction\":[{\"@type\":\"ReadAction\",\"target\":[\"https:\\\/\\\/www.anovapeneira.gal\\\/index.php\\\/2025\\\/11\\\/13\\\/a-television-de-galicia-do-orgullo-nacional-ao-meme-institucional-cronica-dun-afundimento-pola-sua-prostitucion-mediatica-ao-poder-politico-actual\\\/\"]}]},{\"@type\":\"ImageObject\",\"inLanguage\":\"gl-ES\",\"@id\":\"https:\\\/\\\/www.anovapeneira.gal\\\/index.php\\\/2025\\\/11\\\/13\\\/a-television-de-galicia-do-orgullo-nacional-ao-meme-institucional-cronica-dun-afundimento-pola-sua-prostitucion-mediatica-ao-poder-politico-actual\\\/#primaryimage\",\"url\":\"https:\\\/\\\/www.anovapeneira.gal\\\/wp-content\\\/uploads\\\/2025\\\/07\\\/carmen_santos.jpg\",\"contentUrl\":\"https:\\\/\\\/www.anovapeneira.gal\\\/wp-content\\\/uploads\\\/2025\\\/07\\\/carmen_santos.jpg\",\"width\":720,\"height\":432,\"caption\":\"Carme santos\"},{\"@type\":\"BreadcrumbList\",\"@id\":\"https:\\\/\\\/www.anovapeneira.gal\\\/index.php\\\/2025\\\/11\\\/13\\\/a-television-de-galicia-do-orgullo-nacional-ao-meme-institucional-cronica-dun-afundimento-pola-sua-prostitucion-mediatica-ao-poder-politico-actual\\\/#breadcrumb\",\"itemListElement\":[{\"@type\":\"ListItem\",\"position\":1,\"name\":\"Portada\",\"item\":\"https:\\\/\\\/www.anovapeneira.gal\\\/\"},{\"@type\":\"ListItem\",\"position\":2,\"name\":\"A Televisi\u00f3n de Galicia: do orgullo nacional ao meme institucional. Cr\u00f3nica dun afundimento pola s\u00faa prostituci\u00f3n medi\u00e1tica ao poder pol\u00edtico actual\"}]},{\"@type\":\"WebSite\",\"@id\":\"https:\\\/\\\/www.anovapeneira.gal\\\/#website\",\"url\":\"https:\\\/\\\/www.anovapeneira.gal\\\/\",\"name\":\"\",\"description\":\"Xornal galego de informaci\u00f3n xeral Publicaci\u00f3n mensual de novas de Galicia e en especial dos Concellos da sur da provincia de Pontevedra.\",\"publisher\":{\"@id\":\"https:\\\/\\\/www.anovapeneira.gal\\\/#organization\"},\"potentialAction\":[{\"@type\":\"SearchAction\",\"target\":{\"@type\":\"EntryPoint\",\"urlTemplate\":\"https:\\\/\\\/www.anovapeneira.gal\\\/?s={search_term_string}\"},\"query-input\":{\"@type\":\"PropertyValueSpecification\",\"valueRequired\":true,\"valueName\":\"search_term_string\"}}],\"inLanguage\":\"gl-ES\"},{\"@type\":\"Organization\",\"@id\":\"https:\\\/\\\/www.anovapeneira.gal\\\/#organization\",\"name\":\"A Nova Peneira\",\"url\":\"https:\\\/\\\/www.anovapeneira.gal\\\/\",\"logo\":{\"@type\":\"ImageObject\",\"inLanguage\":\"gl-ES\",\"@id\":\"https:\\\/\\\/www.anovapeneira.gal\\\/#\\\/schema\\\/logo\\\/image\\\/\",\"url\":\"http:\\\/\\\/www.anovapeneira.gal\\\/wp-content\\\/uploads\\\/2019\\\/06\\\/logo_a_nova_peneira_portal_web.png\",\"contentUrl\":\"http:\\\/\\\/www.anovapeneira.gal\\\/wp-content\\\/uploads\\\/2019\\\/06\\\/logo_a_nova_peneira_portal_web.png\",\"width\":300,\"height\":100,\"caption\":\"A Nova Peneira\"},\"image\":{\"@id\":\"https:\\\/\\\/www.anovapeneira.gal\\\/#\\\/schema\\\/logo\\\/image\\\/\"},\"sameAs\":[\"https:\\\/\\\/www.facebook.com\\\/anovapeneira\",\"https:\\\/\\\/x.com\\\/APeneira\"]},{\"@type\":\"Person\",\"@id\":\"https:\\\/\\\/www.anovapeneira.gal\\\/#\\\/schema\\\/person\\\/f18a4feb302e8f20bcef4490b5b60bb3\",\"name\":\"Artigos Opini\u00f3n\",\"image\":{\"@type\":\"ImageObject\",\"inLanguage\":\"gl-ES\",\"@id\":\"https:\\\/\\\/secure.gravatar.com\\\/avatar\\\/072844300f4881150aee2da4278f7a65d16eefdf8262eb67085f1e702de2b959?s=96&d=mm&r=g\",\"url\":\"https:\\\/\\\/secure.gravatar.com\\\/avatar\\\/072844300f4881150aee2da4278f7a65d16eefdf8262eb67085f1e702de2b959?s=96&d=mm&r=g\",\"contentUrl\":\"https:\\\/\\\/secure.gravatar.com\\\/avatar\\\/072844300f4881150aee2da4278f7a65d16eefdf8262eb67085f1e702de2b959?s=96&d=mm&r=g\",\"caption\":\"Artigos Opini\u00f3n\"},\"sameAs\":[\"http:\\\/\\\/anovapeneira.gal\"],\"url\":\"https:\\\/\\\/www.anovapeneira.gal\\\/index.php\\\/author\\\/artigosopinion\\\/\"}]}<\/script>\n<!-- \/ Yoast SEO plugin. -->","yoast_head_json":{"title":"A Televisi\u00f3n de Galicia: do orgullo nacional ao meme institucional. Cr\u00f3nica dun afundimento pola s\u00faa prostituci\u00f3n medi\u00e1tica ao poder pol\u00edtico actual -","robots":{"index":"index","follow":"follow","max-snippet":"max-snippet:-1","max-image-preview":"max-image-preview:large","max-video-preview":"max-video-preview:-1"},"canonical":"https:\/\/www.anovapeneira.gal\/index.php\/2025\/11\/13\/a-television-de-galicia-do-orgullo-nacional-ao-meme-institucional-cronica-dun-afundimento-pola-sua-prostitucion-mediatica-ao-poder-politico-actual\/","og_locale":"gl_ES","og_type":"article","og_title":"A Televisi\u00f3n de Galicia: do orgullo nacional ao meme institucional. Cr\u00f3nica dun afundimento pola s\u00faa prostituci\u00f3n medi\u00e1tica ao poder pol\u00edtico actual -","og_description":"O que lle pasa \u00e1 Televisi\u00f3n de Galicia non \u00e9 un accidente nin unha mala racha: \u00e9 a consecuencia dun proceso de degradaci\u00f3n moral e profesional que dura xa m\u00e1is dunha d\u00e9cada [...]","og_url":"https:\/\/www.anovapeneira.gal\/index.php\/2025\/11\/13\/a-television-de-galicia-do-orgullo-nacional-ao-meme-institucional-cronica-dun-afundimento-pola-sua-prostitucion-mediatica-ao-poder-politico-actual\/","article_publisher":"https:\/\/www.facebook.com\/anovapeneira","article_published_time":"2025-11-13T09:00:49+00:00","og_image":[{"width":720,"height":432,"url":"https:\/\/www.anovapeneira.gal\/wp-content\/uploads\/2025\/07\/carmen_santos.jpg","type":"image\/jpeg"}],"author":"Artigos Opini\u00f3n","twitter_card":"summary_large_image","twitter_creator":"@APeneira","twitter_site":"@APeneira","twitter_misc":{"Escrito por":"Artigos Opini\u00f3n","Tempo de lectura":"9 minutos"},"schema":{"@context":"https:\/\/schema.org","@graph":[{"@type":"Article","@id":"https:\/\/www.anovapeneira.gal\/index.php\/2025\/11\/13\/a-television-de-galicia-do-orgullo-nacional-ao-meme-institucional-cronica-dun-afundimento-pola-sua-prostitucion-mediatica-ao-poder-politico-actual\/#article","isPartOf":{"@id":"https:\/\/www.anovapeneira.gal\/index.php\/2025\/11\/13\/a-television-de-galicia-do-orgullo-nacional-ao-meme-institucional-cronica-dun-afundimento-pola-sua-prostitucion-mediatica-ao-poder-politico-actual\/"},"author":{"name":"Artigos Opini\u00f3n","@id":"https:\/\/www.anovapeneira.gal\/#\/schema\/person\/f18a4feb302e8f20bcef4490b5b60bb3"},"headline":"A Televisi\u00f3n de Galicia: do orgullo nacional ao meme institucional. Cr\u00f3nica dun afundimento pola s\u00faa prostituci\u00f3n medi\u00e1tica ao poder pol\u00edtico actual","datePublished":"2025-11-13T09:00:49+00:00","mainEntityOfPage":{"@id":"https:\/\/www.anovapeneira.gal\/index.php\/2025\/11\/13\/a-television-de-galicia-do-orgullo-nacional-ao-meme-institucional-cronica-dun-afundimento-pola-sua-prostitucion-mediatica-ao-poder-politico-actual\/"},"wordCount":1739,"commentCount":0,"publisher":{"@id":"https:\/\/www.anovapeneira.gal\/#organization"},"image":{"@id":"https:\/\/www.anovapeneira.gal\/index.php\/2025\/11\/13\/a-television-de-galicia-do-orgullo-nacional-ao-meme-institucional-cronica-dun-afundimento-pola-sua-prostitucion-mediatica-ao-poder-politico-actual\/#primaryimage"},"thumbnailUrl":"https:\/\/www.anovapeneira.gal\/wp-content\/uploads\/2025\/07\/carmen_santos.jpg","articleSection":["Artigos de opini\u00f3n"],"inLanguage":"gl-ES","potentialAction":[{"@type":"CommentAction","name":"Comment","target":["https:\/\/www.anovapeneira.gal\/index.php\/2025\/11\/13\/a-television-de-galicia-do-orgullo-nacional-ao-meme-institucional-cronica-dun-afundimento-pola-sua-prostitucion-mediatica-ao-poder-politico-actual\/#respond"]}]},{"@type":"WebPage","@id":"https:\/\/www.anovapeneira.gal\/index.php\/2025\/11\/13\/a-television-de-galicia-do-orgullo-nacional-ao-meme-institucional-cronica-dun-afundimento-pola-sua-prostitucion-mediatica-ao-poder-politico-actual\/","url":"https:\/\/www.anovapeneira.gal\/index.php\/2025\/11\/13\/a-television-de-galicia-do-orgullo-nacional-ao-meme-institucional-cronica-dun-afundimento-pola-sua-prostitucion-mediatica-ao-poder-politico-actual\/","name":"A Televisi\u00f3n de Galicia: do orgullo nacional ao meme institucional. Cr\u00f3nica dun afundimento pola s\u00faa prostituci\u00f3n medi\u00e1tica ao poder pol\u00edtico actual -","isPartOf":{"@id":"https:\/\/www.anovapeneira.gal\/#website"},"primaryImageOfPage":{"@id":"https:\/\/www.anovapeneira.gal\/index.php\/2025\/11\/13\/a-television-de-galicia-do-orgullo-nacional-ao-meme-institucional-cronica-dun-afundimento-pola-sua-prostitucion-mediatica-ao-poder-politico-actual\/#primaryimage"},"image":{"@id":"https:\/\/www.anovapeneira.gal\/index.php\/2025\/11\/13\/a-television-de-galicia-do-orgullo-nacional-ao-meme-institucional-cronica-dun-afundimento-pola-sua-prostitucion-mediatica-ao-poder-politico-actual\/#primaryimage"},"thumbnailUrl":"https:\/\/www.anovapeneira.gal\/wp-content\/uploads\/2025\/07\/carmen_santos.jpg","datePublished":"2025-11-13T09:00:49+00:00","breadcrumb":{"@id":"https:\/\/www.anovapeneira.gal\/index.php\/2025\/11\/13\/a-television-de-galicia-do-orgullo-nacional-ao-meme-institucional-cronica-dun-afundimento-pola-sua-prostitucion-mediatica-ao-poder-politico-actual\/#breadcrumb"},"inLanguage":"gl-ES","potentialAction":[{"@type":"ReadAction","target":["https:\/\/www.anovapeneira.gal\/index.php\/2025\/11\/13\/a-television-de-galicia-do-orgullo-nacional-ao-meme-institucional-cronica-dun-afundimento-pola-sua-prostitucion-mediatica-ao-poder-politico-actual\/"]}]},{"@type":"ImageObject","inLanguage":"gl-ES","@id":"https:\/\/www.anovapeneira.gal\/index.php\/2025\/11\/13\/a-television-de-galicia-do-orgullo-nacional-ao-meme-institucional-cronica-dun-afundimento-pola-sua-prostitucion-mediatica-ao-poder-politico-actual\/#primaryimage","url":"https:\/\/www.anovapeneira.gal\/wp-content\/uploads\/2025\/07\/carmen_santos.jpg","contentUrl":"https:\/\/www.anovapeneira.gal\/wp-content\/uploads\/2025\/07\/carmen_santos.jpg","width":720,"height":432,"caption":"Carme santos"},{"@type":"BreadcrumbList","@id":"https:\/\/www.anovapeneira.gal\/index.php\/2025\/11\/13\/a-television-de-galicia-do-orgullo-nacional-ao-meme-institucional-cronica-dun-afundimento-pola-sua-prostitucion-mediatica-ao-poder-politico-actual\/#breadcrumb","itemListElement":[{"@type":"ListItem","position":1,"name":"Portada","item":"https:\/\/www.anovapeneira.gal\/"},{"@type":"ListItem","position":2,"name":"A Televisi\u00f3n de Galicia: do orgullo nacional ao meme institucional. Cr\u00f3nica dun afundimento pola s\u00faa prostituci\u00f3n medi\u00e1tica ao poder pol\u00edtico actual"}]},{"@type":"WebSite","@id":"https:\/\/www.anovapeneira.gal\/#website","url":"https:\/\/www.anovapeneira.gal\/","name":"","description":"Xornal galego de informaci\u00f3n xeral Publicaci\u00f3n mensual de novas de Galicia e en especial dos Concellos da sur da provincia de Pontevedra.","publisher":{"@id":"https:\/\/www.anovapeneira.gal\/#organization"},"potentialAction":[{"@type":"SearchAction","target":{"@type":"EntryPoint","urlTemplate":"https:\/\/www.anovapeneira.gal\/?s={search_term_string}"},"query-input":{"@type":"PropertyValueSpecification","valueRequired":true,"valueName":"search_term_string"}}],"inLanguage":"gl-ES"},{"@type":"Organization","@id":"https:\/\/www.anovapeneira.gal\/#organization","name":"A Nova Peneira","url":"https:\/\/www.anovapeneira.gal\/","logo":{"@type":"ImageObject","inLanguage":"gl-ES","@id":"https:\/\/www.anovapeneira.gal\/#\/schema\/logo\/image\/","url":"http:\/\/www.anovapeneira.gal\/wp-content\/uploads\/2019\/06\/logo_a_nova_peneira_portal_web.png","contentUrl":"http:\/\/www.anovapeneira.gal\/wp-content\/uploads\/2019\/06\/logo_a_nova_peneira_portal_web.png","width":300,"height":100,"caption":"A Nova Peneira"},"image":{"@id":"https:\/\/www.anovapeneira.gal\/#\/schema\/logo\/image\/"},"sameAs":["https:\/\/www.facebook.com\/anovapeneira","https:\/\/x.com\/APeneira"]},{"@type":"Person","@id":"https:\/\/www.anovapeneira.gal\/#\/schema\/person\/f18a4feb302e8f20bcef4490b5b60bb3","name":"Artigos Opini\u00f3n","image":{"@type":"ImageObject","inLanguage":"gl-ES","@id":"https:\/\/secure.gravatar.com\/avatar\/072844300f4881150aee2da4278f7a65d16eefdf8262eb67085f1e702de2b959?s=96&d=mm&r=g","url":"https:\/\/secure.gravatar.com\/avatar\/072844300f4881150aee2da4278f7a65d16eefdf8262eb67085f1e702de2b959?s=96&d=mm&r=g","contentUrl":"https:\/\/secure.gravatar.com\/avatar\/072844300f4881150aee2da4278f7a65d16eefdf8262eb67085f1e702de2b959?s=96&d=mm&r=g","caption":"Artigos Opini\u00f3n"},"sameAs":["http:\/\/anovapeneira.gal"],"url":"https:\/\/www.anovapeneira.gal\/index.php\/author\/artigosopinion\/"}]}},"jetpack_featured_media_url":"https:\/\/www.anovapeneira.gal\/wp-content\/uploads\/2025\/07\/carmen_santos.jpg","_links":{"self":[{"href":"https:\/\/www.anovapeneira.gal\/index.php\/wp-json\/wp\/v2\/posts\/14930","targetHints":{"allow":["GET"]}}],"collection":[{"href":"https:\/\/www.anovapeneira.gal\/index.php\/wp-json\/wp\/v2\/posts"}],"about":[{"href":"https:\/\/www.anovapeneira.gal\/index.php\/wp-json\/wp\/v2\/types\/post"}],"author":[{"embeddable":true,"href":"https:\/\/www.anovapeneira.gal\/index.php\/wp-json\/wp\/v2\/users\/12"}],"replies":[{"embeddable":true,"href":"https:\/\/www.anovapeneira.gal\/index.php\/wp-json\/wp\/v2\/comments?post=14930"}],"version-history":[{"count":2,"href":"https:\/\/www.anovapeneira.gal\/index.php\/wp-json\/wp\/v2\/posts\/14930\/revisions"}],"predecessor-version":[{"id":14932,"href":"https:\/\/www.anovapeneira.gal\/index.php\/wp-json\/wp\/v2\/posts\/14930\/revisions\/14932"}],"wp:featuredmedia":[{"embeddable":true,"href":"https:\/\/www.anovapeneira.gal\/index.php\/wp-json\/wp\/v2\/media\/14254"}],"wp:attachment":[{"href":"https:\/\/www.anovapeneira.gal\/index.php\/wp-json\/wp\/v2\/media?parent=14930"}],"wp:term":[{"taxonomy":"category","embeddable":true,"href":"https:\/\/www.anovapeneira.gal\/index.php\/wp-json\/wp\/v2\/categories?post=14930"},{"taxonomy":"post_tag","embeddable":true,"href":"https:\/\/www.anovapeneira.gal\/index.php\/wp-json\/wp\/v2\/tags?post=14930"}],"curies":[{"name":"wp","href":"https:\/\/api.w.org\/{rel}","templated":true}]}}