{"id":14933,"date":"2025-11-13T12:00:03","date_gmt":"2025-11-13T11:00:03","guid":{"rendered":"https:\/\/www.anovapeneira.gal\/?p=14933"},"modified":"2025-11-12T13:08:25","modified_gmt":"2025-11-12T12:08:25","slug":"o-autismo","status":"publish","type":"post","link":"https:\/\/www.anovapeneira.gal\/index.php\/2025\/11\/13\/o-autismo\/","title":{"rendered":"O autismo"},"content":{"rendered":"\n<p><strong>O trastorno do espectro autista ( TEA) aparece nos primeiros anos de vida e produce o deterioro da habilidade cerebral para desenvolver as interacci\u00f3ns sociais e a comunicaci\u00f3n normais. Non se sabe a\u00ednda que \u00e9 o que provoca o autismo. Existen diversas teor\u00edas ao respecto, pero as hip\u00f3teses maioritarias incl\u00ednanse por atribu\u00edlo a causas xen\u00e9ticas. Existen tres grados de autismo, sendo o 1 o m\u00e1is leve e o 3 o m\u00e1is severo.<\/strong><\/p>\n\n\n\n<p><strong>Non existe cura para o autismo. O m\u00e1is efectivo no momento actual \u00e9 a atenci\u00f3n terap\u00e9utica temper\u00e1, que traballe sobre a autonom\u00eda persoal e as habilidades ling\u00fc\u00edsticas e sociais dos nenos autistas.<\/strong><\/p>\n\n\n\n<p><strong>Hai moitos m\u00e1is nenos que nenas con diagn\u00f3stico de autismo, arredor de 4 nenos por cada nena. A\u00ednda que esa proporci\u00f3n non est\u00e1 tan claro que sexa en verdade as\u00ed. Hai estudos que afirman que a diferenza pode resultar de que as nenas non son diagnosticadas correctamente, ou de que elas te\u00f1en m\u00e1is habilidades que os nenos para enmascarar os seus s\u00edntomas.<\/strong><\/p>\n\n\n\n<p><strong>Cando un pai ou unha nai recibe o diagn\u00f3stico de autismo a sensaci\u00f3n de desacougo \u00e9 demoledora. Resulta invadido por un tremendo sentimento de soidade e de desamparo. Non se sabe por onde ir, porque entre outras cousas o SERGAS nin sequera ten un protocolo de actuaci\u00f3n para ese tipo de casos.<\/strong><\/p>\n\n\n\n<p><strong>O desacougo comb\u00e1tese coa empat\u00eda e a solidariedade de quen te pode comprender perfectamente pois est\u00e1 na mesma situaci\u00f3n que est\u00e1s ti. Por iso \u00e9 tan importante traballar en rede. De a\u00ed nace \u201c Peques Azules\u201d unha asociaci\u00f3n viguesa de familiares de nenos autistas que traballa en rede para mellorar a vida dos seus fillos e fillas e para aprender e apoiarse mutuamente. N\u00f3s falamos con Raquel, unha muller de Vigo que \u00e9 a tesoureira da asociaci\u00f3n e a nai de Alex, un neno autista de 9 anos de idade.<\/strong><\/p>\n\n\n\n<p><strong>Raquel Mejuto Gayoso, tesoureira da asociaci\u00f3n \u201c Peques Azules\u201d<\/strong><\/p>\n\n\n\n<h2 class=\"wp-block-heading\">\u201c<strong>O noso obxectivo \u00e9 a plena integraci\u00f3n social das persoas autistas\u201d<\/strong><\/h2>\n\n\n\n<p><strong>De onde sodes cando vos constitu\u00edstes e a que vos dedicades?<\/strong><\/p>\n\n\n\n<blockquote class=\"wp-block-quote is-layout-flow wp-block-quote-is-layout-flow\">\n<p>Somos de Vigo, nacemos no ano 2020.E n\u00f3s traballamos para promover a inclusi\u00f3n e a plena participaci\u00f3n social das persoas con autismo.<\/p>\n<\/blockquote>\n\n\n\n<p><strong>Ti es unha das fundadoras?<\/strong><\/p>\n\n\n\n<blockquote class=\"wp-block-quote is-layout-flow wp-block-quote-is-layout-flow\">\n<p>Si, eu te\u00f1o un neno de 9 anos, Alex, con autismo.<\/p>\n<\/blockquote>\n\n\n\n<p><strong>En que consiste o autismo?<\/strong><\/p>\n\n\n\n<blockquote class=\"wp-block-quote is-layout-flow wp-block-quote-is-layout-flow\">\n<p>\u00c9 un trastorno do desenvolvemento. Aparece nos primeiros anos de vida e afecta \u00e1s capacidades do cerebro para desenvolver as habilidades sociais e de comunicaci\u00f3n normais.<\/p>\n<\/blockquote>\n\n\n\n<p><strong>Al\u00e9n de dificultar as habilidades sociais e a capacidade de comunicaci\u00f3n, o autismo pode provocar alg\u00fan tipo de problema adicional de sa\u00fade?<\/strong><\/p>\n\n\n\n<blockquote class=\"wp-block-quote is-layout-flow wp-block-quote-is-layout-flow\">\n<p>Pode levar derivadas epilepsias, depresi\u00f3n e ansiedade.<\/p>\n<\/blockquote>\n\n\n\n<p><strong>Supo\u00f1o que as persoas fundadoras sodes nais e pais de nenos e nenas autistas?<\/strong><\/p>\n\n\n\n<blockquote class=\"wp-block-quote is-layout-flow wp-block-quote-is-layout-flow\">\n<p>Si, as\u00ed \u00e9. Decidimos crear a asociaci\u00f3n para facilitar a inclusi\u00f3n dos nosos fillos e fillas.<\/p>\n<\/blockquote>\n\n\n\n<p><strong>Como contactastes entre v\u00f3s?<\/strong><\/p>\n\n\n\n<blockquote class=\"wp-block-quote is-layout-flow wp-block-quote-is-layout-flow\">\n<p>Co\u00f1ec\u00e9monos por un gabinete de terapia privado. A ra\u00edz de compartirmos experiencias decidimos crear a asociaci\u00f3n.<\/p>\n<\/blockquote>\n\n\n\n<p><strong>Por que \u201c Peques azules\u201d?<\/strong><\/p>\n\n\n\n<blockquote class=\"wp-block-quote is-layout-flow wp-block-quote-is-layout-flow\">\n<p>O de peques \u00e9 polos nosos fillos e fillas e o da cor xorde porque , desde unha campa\u00f1a de concienciaci\u00f3n do ano 2007, a cor azul est\u00e1 vencellada ao autismo.<\/p>\n<\/blockquote>\n\n\n\n<p><strong>Cantas persoas formades parte da asociaci\u00f3n?<\/strong><\/p>\n\n\n\n<blockquote class=\"wp-block-quote is-layout-flow wp-block-quote-is-layout-flow\">\n<p>Somos 70 socios e socias.<\/p>\n<\/blockquote>\n\n\n\n<p><strong>Todos de Vigo?<\/strong><\/p>\n\n\n\n<blockquote class=\"wp-block-quote is-layout-flow wp-block-quote-is-layout-flow\">\n<p>Non, temos socios de moitas outras partes de Galicia.<\/p>\n<\/blockquote>\n\n\n\n<p><strong>Tedes alg\u00fan local?<\/strong><\/p>\n\n\n\n<blockquote class=\"wp-block-quote is-layout-flow wp-block-quote-is-layout-flow\">\n<p>Non, somos unha asociaci\u00f3n modesta e local non temos. Cando temos que xuntarnos por calquera motivo fac\u00e9molo ou nunha cafeter\u00eda ou no lugar de traballo particular dalgunha socia.<\/p>\n<\/blockquote>\n\n\n\n<p><strong>Cando se comeza a notar que o neno ou nena pode padecer autismo?<\/strong><\/p>\n\n\n\n<blockquote class=\"wp-block-quote is-layout-flow wp-block-quote-is-layout-flow\">\n<p>Normalmente a partir dos dous anos. Eu noteino moi pronto. Cando ti\u00f1a un ano comecei a decatarme de que non me v\u00eda aos ollos, unha caracter\u00edstica moi com\u00fan no autismo, e de que cando o chamaba non se sent\u00eda aludido.<\/p>\n<\/blockquote>\n\n\n\n<p><strong>A que te dedicas ti?<\/strong><\/p>\n\n\n\n<blockquote class=\"wp-block-quote is-layout-flow wp-block-quote-is-layout-flow\">\n<p>Eu traballaba nun laboratorio dental, pero cando o meu fillo foi diagnosticado con autismo tiven que deixar o meu traballo para atendelo e coidalo a el.<\/p>\n<\/blockquote>\n\n\n\n<p><strong>Que se debe de facer para tratar a un neno ou a unha nena con autismo de maneira adecuada?<\/strong><\/p>\n\n\n\n<blockquote class=\"wp-block-quote is-layout-flow wp-block-quote-is-layout-flow\">\n<p>O esencial \u00e9 a atenci\u00f3n terap\u00e9utica temper\u00e1: Logopedia, autonom\u00eda persoal e terapia ocupacional. O xogo \u00e9 fundamental para eles.<\/p>\n<\/blockquote>\n\n\n\n<p><strong>Cales son as actividades principais da asociaci\u00f3n?<\/strong><\/p>\n\n\n\n<blockquote class=\"wp-block-quote is-layout-flow wp-block-quote-is-layout-flow\">\n<p>Temos unha escola de familias na que facemos almorzos informativos e procuramos traballar en rede. Compartimos experiencias, apoi\u00e1monos entre n\u00f3s e informamos sobre temas que nos poidan interesar: estratexias, manexo de condutas desafiantes dos nenos, ou como acceder \u00e1s bolsas, dependencias e discapacidades. Tam\u00e9n facemos actividades deportivas porque deporte adaptado practicamente non hai. Agora imos comezar cunha fisioterapeuta.<\/p>\n<\/blockquote>\n\n\n\n<p><strong>Necesitan tratamento de fisioterapia os nenos autistas?<\/strong><\/p>\n\n\n\n<blockquote class=\"wp-block-quote is-layout-flow wp-block-quote-is-layout-flow\">\n<p>A maior parte deles te\u00f1en problemas de mobilidade.<\/p>\n<\/blockquote>\n\n\n\n<p><strong>Supo\u00f1o que no momento que recibes o diagn\u00f3stico de que o teu fillo ou filla ten autismo o golpe \u00e9 brutal?<\/strong><\/p>\n\n\n\n<blockquote class=\"wp-block-quote is-layout-flow wp-block-quote-is-layout-flow\">\n<p>\u00c9 demoledor si. Sobre todo pola sensaci\u00f3n de desacougo que che produce. S\u00e9nteste totalmente desamparada. Non sabes a onde ir, non sabes por onde tirar, non sabes quen te pode axudar. \u00c9 moi duro e \u00e9 moi triste porque o SERGAS non ten un protocolo para este tipo de casos. Cando che dan o diagn\u00f3stico es ti a que tes que buscarte a vida.<\/p>\n<\/blockquote>\n\n\n\n<p><strong>Tedes relaci\u00f3n co Concello de Vigo?<\/strong><\/p>\n\n\n\n<blockquote class=\"wp-block-quote is-layout-flow wp-block-quote-is-layout-flow\">\n<p>O que n\u00f3s lle pedimos ao Concello de Vigo \u00e9 o mesmo que ao resto de administraci\u00f3ns: que nos axuden todo o que poidan. Ao fin e ao cabo a existencia de pol\u00edticas inclusivas cara aos segmentos que m\u00e1is axuda precisan \u00e9 unha das li\u00f1as definitorias dunha sociedade decente.<\/p>\n<\/blockquote>\n\n\n\n<p><strong>Tedes alg\u00fan tipo de subvenci\u00f3n?<\/strong><\/p>\n\n\n\n<blockquote class=\"wp-block-quote is-layout-flow wp-block-quote-is-layout-flow\">\n<p>Temos unha subvenci\u00f3n da Xunta relacionada co voluntariado, outra do Concello e este ano optamos por primeira vez a unha subvenci\u00f3n da DEPO.<\/p>\n<\/blockquote>\n\n\n\n<p><strong>Supo\u00f1o que non dar\u00e1n para moito?<\/strong><\/p>\n\n\n\n<blockquote class=\"wp-block-quote is-layout-flow wp-block-quote-is-layout-flow\">\n<p>Pois non, por desgraza non d\u00e1 para moito. N\u00f3s al\u00e9n do deporte, que antes mencionei, facemos ocio todos os meses. Temos moitas actividades, por exemplo recentemente fixemos unha festa de Sama\u00edn. Alugamos un parque de bolas e os nenos foron disfrazados. Fixemos unha visita ao parque de bombeiros, traballamos cunha academia do Porri\u00f1o en obradoiros de inclusi\u00f3n&#8230;E todo o que facemos en beneficio dos nosos nenos pois, como todo na vida, hai que pagalo.<\/p>\n<\/blockquote>\n\n\n\n<p><strong>Pagades unha cota de socio?<\/strong><\/p>\n\n\n\n<blockquote class=\"wp-block-quote is-layout-flow wp-block-quote-is-layout-flow\">\n<p>Si, pagamos 30\u20ac de cota anual. E desa cota de socio e das subvenci\u00f3ns que temos \u00e9 do que vivimos. Toda persoa que queira asociarse ser\u00e1 benvida, non \u00e9 necesario que te\u00f1a familiares con autismo, s\u00f3 fai falta ter ga\u00f1as de colaborar. N\u00f3s temos un obxectivo que \u00e9 visualizar o autismo para poder axudar \u00e1 plena integraci\u00f3n das persoas autistas, e para que a s\u00faa dignidade persoal sexa escrupulosamente respectada.<\/p>\n<\/blockquote>\n\n\n\n<p><strong>Ao que te refires con isto \u00faltimo?<\/strong><\/p>\n\n\n\n<blockquote class=\"wp-block-quote is-layout-flow wp-block-quote-is-layout-flow\">\n<p>O que non se co\u00f1ece \u00e1s veces asusta e pode provocar, non por mala fe sen\u00f3n por desco\u00f1ecemento, reacci\u00f3ns inadecuadas. Por exemplo a min tenme pasado moitas veces que estando no parque co meu fillo outros nenos e nenas o chaman \u201c tolo \u201c . Nunca vin a ning\u00fan pai ou nai facer nada ao respecto. N\u00f3s queremos que a sociedade en xeral comprenda o que \u00e9 o autismo, que empatice coas persoas autistas e que as trate co respecto e amabilidade con que toda persoa debe de ser tratada.<\/p>\n<\/blockquote>\n\n\n\n<p><strong>No caso de que alg\u00fan lector ou lectora queira colaborar coa asociaci\u00f3n como pode contactar con v\u00f3s?<\/strong><\/p>\n\n\n\n<blockquote class=\"wp-block-quote is-layout-flow wp-block-quote-is-layout-flow\">\n<p>A trav\u00e9s do noso correo electr\u00f3nico: <a href=\"mailto:pequesazules@outlook.es\">pequesazules@outlook.es<\/a> ou a trav\u00e9s do noso instagran.<\/p>\n<\/blockquote>\n\n\n\n<p><strong>A asociaci\u00f3n nace con vontade de continuidade no tempo?<\/strong><\/p>\n\n\n\n<blockquote class=\"wp-block-quote is-layout-flow wp-block-quote-is-layout-flow\">\n<p>Si, indiscutiblemente si.<\/p>\n<\/blockquote>\n\n\n\n<p><strong>Grazas Raquel. Os meus mellores desexos para que poidamos constru\u00edr unha sociedade decente na que todas persoas que o necesiten poidan recibir a axuda necesaria da administraci\u00f3n, que garanta a s\u00faa plena inclusi\u00f3n social. E moita sorte para Alex en particular.<\/strong><\/p>\n\n\n\n<blockquote class=\"wp-block-quote is-layout-flow wp-block-quote-is-layout-flow\">\n<p>Grazas a v\u00f3s.<\/p>\n<\/blockquote>\n","protected":false},"excerpt":{"rendered":"<div class=\"mh-excerpt\"><p>O trastorno do espectro autista ( TEA) aparece nos primeiros anos de vida e produce o deterioro da habilidade cerebral para desenvolver as interacci\u00f3ns sociais e a comunicaci\u00f3n normais <a class=\"mh-excerpt-more\" href=\"https:\/\/www.anovapeneira.gal\/index.php\/2025\/11\/13\/o-autismo\/\" title=\"O autismo\">[&#8230;]<\/a><\/p>\n<\/div>","protected":false},"author":2,"featured_media":14934,"comment_status":"open","ping_status":"open","sticky":false,"template":"","format":"standard","meta":{"_exactmetrics_skip_tracking":false,"_exactmetrics_sitenote_active":false,"_exactmetrics_sitenote_note":"","_exactmetrics_sitenote_category":0,"footnotes":""},"categories":[272],"tags":[227],"class_list":{"0":"post-14933","1":"post","2":"type-post","3":"status-publish","4":"format-standard","5":"has-post-thumbnail","7":"category-vigo-entrevistas","8":"tag-concello-de-vigo"},"yoast_head":"<!-- This site is optimized with the Yoast SEO plugin v27.4 - https:\/\/yoast.com\/product\/yoast-seo-wordpress\/ -->\n<title>O autismo -<\/title>\n<meta name=\"robots\" content=\"index, follow, max-snippet:-1, max-image-preview:large, max-video-preview:-1\" \/>\n<link rel=\"canonical\" href=\"https:\/\/www.anovapeneira.gal\/index.php\/2025\/11\/13\/o-autismo\/\" \/>\n<meta property=\"og:locale\" content=\"gl_ES\" \/>\n<meta property=\"og:type\" content=\"article\" \/>\n<meta property=\"og:title\" content=\"O autismo -\" \/>\n<meta property=\"og:description\" content=\"O trastorno do espectro autista ( TEA) aparece nos primeiros anos de vida e produce o deterioro da habilidade cerebral para desenvolver as interacci\u00f3ns sociais e a comunicaci\u00f3n normais [...]\" \/>\n<meta property=\"og:url\" content=\"https:\/\/www.anovapeneira.gal\/index.php\/2025\/11\/13\/o-autismo\/\" \/>\n<meta property=\"article:publisher\" content=\"https:\/\/www.facebook.com\/anovapeneira\" \/>\n<meta property=\"article:published_time\" content=\"2025-11-13T11:00:03+00:00\" \/>\n<meta property=\"og:image\" content=\"https:\/\/www.anovapeneira.gal\/wp-content\/uploads\/2025\/11\/pes_azuis.jpg\" \/>\n\t<meta property=\"og:image:width\" content=\"720\" \/>\n\t<meta property=\"og:image:height\" content=\"432\" \/>\n\t<meta property=\"og:image:type\" content=\"image\/jpeg\" \/>\n<meta name=\"author\" content=\"Tino Lago\" \/>\n<meta name=\"twitter:card\" content=\"summary_large_image\" \/>\n<meta name=\"twitter:creator\" content=\"@APeneira\" \/>\n<meta name=\"twitter:site\" content=\"@APeneira\" \/>\n<meta name=\"twitter:label1\" content=\"Escrito por\" \/>\n\t<meta name=\"twitter:data1\" content=\"Tino Lago\" \/>\n\t<meta name=\"twitter:label2\" content=\"Tempo de lectura\" \/>\n\t<meta name=\"twitter:data2\" content=\"4 minutos\" \/>\n<script type=\"application\/ld+json\" class=\"yoast-schema-graph\">{\"@context\":\"https:\\\/\\\/schema.org\",\"@graph\":[{\"@type\":\"Article\",\"@id\":\"https:\\\/\\\/www.anovapeneira.gal\\\/index.php\\\/2025\\\/11\\\/13\\\/o-autismo\\\/#article\",\"isPartOf\":{\"@id\":\"https:\\\/\\\/www.anovapeneira.gal\\\/index.php\\\/2025\\\/11\\\/13\\\/o-autismo\\\/\"},\"author\":{\"name\":\"Tino Lago\",\"@id\":\"https:\\\/\\\/www.anovapeneira.gal\\\/#\\\/schema\\\/person\\\/424dfe65e3070fd8a44d22d2c088762a\"},\"headline\":\"O autismo\",\"datePublished\":\"2025-11-13T11:00:03+00:00\",\"mainEntityOfPage\":{\"@id\":\"https:\\\/\\\/www.anovapeneira.gal\\\/index.php\\\/2025\\\/11\\\/13\\\/o-autismo\\\/\"},\"wordCount\":1371,\"commentCount\":0,\"publisher\":{\"@id\":\"https:\\\/\\\/www.anovapeneira.gal\\\/#organization\"},\"image\":{\"@id\":\"https:\\\/\\\/www.anovapeneira.gal\\\/index.php\\\/2025\\\/11\\\/13\\\/o-autismo\\\/#primaryimage\"},\"thumbnailUrl\":\"https:\\\/\\\/www.anovapeneira.gal\\\/wp-content\\\/uploads\\\/2025\\\/11\\\/pes_azuis.jpg\",\"keywords\":[\"Concello de Vigo\"],\"articleSection\":[\"Vigo\"],\"inLanguage\":\"gl-ES\",\"potentialAction\":[{\"@type\":\"CommentAction\",\"name\":\"Comment\",\"target\":[\"https:\\\/\\\/www.anovapeneira.gal\\\/index.php\\\/2025\\\/11\\\/13\\\/o-autismo\\\/#respond\"]}]},{\"@type\":\"WebPage\",\"@id\":\"https:\\\/\\\/www.anovapeneira.gal\\\/index.php\\\/2025\\\/11\\\/13\\\/o-autismo\\\/\",\"url\":\"https:\\\/\\\/www.anovapeneira.gal\\\/index.php\\\/2025\\\/11\\\/13\\\/o-autismo\\\/\",\"name\":\"O autismo -\",\"isPartOf\":{\"@id\":\"https:\\\/\\\/www.anovapeneira.gal\\\/#website\"},\"primaryImageOfPage\":{\"@id\":\"https:\\\/\\\/www.anovapeneira.gal\\\/index.php\\\/2025\\\/11\\\/13\\\/o-autismo\\\/#primaryimage\"},\"image\":{\"@id\":\"https:\\\/\\\/www.anovapeneira.gal\\\/index.php\\\/2025\\\/11\\\/13\\\/o-autismo\\\/#primaryimage\"},\"thumbnailUrl\":\"https:\\\/\\\/www.anovapeneira.gal\\\/wp-content\\\/uploads\\\/2025\\\/11\\\/pes_azuis.jpg\",\"datePublished\":\"2025-11-13T11:00:03+00:00\",\"breadcrumb\":{\"@id\":\"https:\\\/\\\/www.anovapeneira.gal\\\/index.php\\\/2025\\\/11\\\/13\\\/o-autismo\\\/#breadcrumb\"},\"inLanguage\":\"gl-ES\",\"potentialAction\":[{\"@type\":\"ReadAction\",\"target\":[\"https:\\\/\\\/www.anovapeneira.gal\\\/index.php\\\/2025\\\/11\\\/13\\\/o-autismo\\\/\"]}]},{\"@type\":\"ImageObject\",\"inLanguage\":\"gl-ES\",\"@id\":\"https:\\\/\\\/www.anovapeneira.gal\\\/index.php\\\/2025\\\/11\\\/13\\\/o-autismo\\\/#primaryimage\",\"url\":\"https:\\\/\\\/www.anovapeneira.gal\\\/wp-content\\\/uploads\\\/2025\\\/11\\\/pes_azuis.jpg\",\"contentUrl\":\"https:\\\/\\\/www.anovapeneira.gal\\\/wp-content\\\/uploads\\\/2025\\\/11\\\/pes_azuis.jpg\",\"width\":720,\"height\":432},{\"@type\":\"BreadcrumbList\",\"@id\":\"https:\\\/\\\/www.anovapeneira.gal\\\/index.php\\\/2025\\\/11\\\/13\\\/o-autismo\\\/#breadcrumb\",\"itemListElement\":[{\"@type\":\"ListItem\",\"position\":1,\"name\":\"Portada\",\"item\":\"https:\\\/\\\/www.anovapeneira.gal\\\/\"},{\"@type\":\"ListItem\",\"position\":2,\"name\":\"O autismo\"}]},{\"@type\":\"WebSite\",\"@id\":\"https:\\\/\\\/www.anovapeneira.gal\\\/#website\",\"url\":\"https:\\\/\\\/www.anovapeneira.gal\\\/\",\"name\":\"\",\"description\":\"Xornal galego de informaci\u00f3n xeral Publicaci\u00f3n mensual de novas de Galicia e en especial dos Concellos da sur da provincia de Pontevedra.\",\"publisher\":{\"@id\":\"https:\\\/\\\/www.anovapeneira.gal\\\/#organization\"},\"potentialAction\":[{\"@type\":\"SearchAction\",\"target\":{\"@type\":\"EntryPoint\",\"urlTemplate\":\"https:\\\/\\\/www.anovapeneira.gal\\\/?s={search_term_string}\"},\"query-input\":{\"@type\":\"PropertyValueSpecification\",\"valueRequired\":true,\"valueName\":\"search_term_string\"}}],\"inLanguage\":\"gl-ES\"},{\"@type\":\"Organization\",\"@id\":\"https:\\\/\\\/www.anovapeneira.gal\\\/#organization\",\"name\":\"A Nova Peneira\",\"url\":\"https:\\\/\\\/www.anovapeneira.gal\\\/\",\"logo\":{\"@type\":\"ImageObject\",\"inLanguage\":\"gl-ES\",\"@id\":\"https:\\\/\\\/www.anovapeneira.gal\\\/#\\\/schema\\\/logo\\\/image\\\/\",\"url\":\"http:\\\/\\\/www.anovapeneira.gal\\\/wp-content\\\/uploads\\\/2019\\\/06\\\/logo_a_nova_peneira_portal_web.png\",\"contentUrl\":\"http:\\\/\\\/www.anovapeneira.gal\\\/wp-content\\\/uploads\\\/2019\\\/06\\\/logo_a_nova_peneira_portal_web.png\",\"width\":300,\"height\":100,\"caption\":\"A Nova Peneira\"},\"image\":{\"@id\":\"https:\\\/\\\/www.anovapeneira.gal\\\/#\\\/schema\\\/logo\\\/image\\\/\"},\"sameAs\":[\"https:\\\/\\\/www.facebook.com\\\/anovapeneira\",\"https:\\\/\\\/x.com\\\/APeneira\"]},{\"@type\":\"Person\",\"@id\":\"https:\\\/\\\/www.anovapeneira.gal\\\/#\\\/schema\\\/person\\\/424dfe65e3070fd8a44d22d2c088762a\",\"name\":\"Tino Lago\",\"image\":{\"@type\":\"ImageObject\",\"inLanguage\":\"gl-ES\",\"@id\":\"https:\\\/\\\/secure.gravatar.com\\\/avatar\\\/b3df6a06e44bab3111583b90f0f33a0379ee5e3d22cbadd232d39f21c30c62be?s=96&d=mm&r=g\",\"url\":\"https:\\\/\\\/secure.gravatar.com\\\/avatar\\\/b3df6a06e44bab3111583b90f0f33a0379ee5e3d22cbadd232d39f21c30c62be?s=96&d=mm&r=g\",\"contentUrl\":\"https:\\\/\\\/secure.gravatar.com\\\/avatar\\\/b3df6a06e44bab3111583b90f0f33a0379ee5e3d22cbadd232d39f21c30c62be?s=96&d=mm&r=g\",\"caption\":\"Tino Lago\"},\"sameAs\":[\"http:\\\/\\\/www.anovapeneira.gal\"],\"url\":\"https:\\\/\\\/www.anovapeneira.gal\\\/index.php\\\/author\\\/director\\\/\"}]}<\/script>\n<!-- \/ Yoast SEO plugin. -->","yoast_head_json":{"title":"O autismo -","robots":{"index":"index","follow":"follow","max-snippet":"max-snippet:-1","max-image-preview":"max-image-preview:large","max-video-preview":"max-video-preview:-1"},"canonical":"https:\/\/www.anovapeneira.gal\/index.php\/2025\/11\/13\/o-autismo\/","og_locale":"gl_ES","og_type":"article","og_title":"O autismo -","og_description":"O trastorno do espectro autista ( TEA) aparece nos primeiros anos de vida e produce o deterioro da habilidade cerebral para desenvolver as interacci\u00f3ns sociais e a comunicaci\u00f3n normais [...]","og_url":"https:\/\/www.anovapeneira.gal\/index.php\/2025\/11\/13\/o-autismo\/","article_publisher":"https:\/\/www.facebook.com\/anovapeneira","article_published_time":"2025-11-13T11:00:03+00:00","og_image":[{"width":720,"height":432,"url":"https:\/\/www.anovapeneira.gal\/wp-content\/uploads\/2025\/11\/pes_azuis.jpg","type":"image\/jpeg"}],"author":"Tino Lago","twitter_card":"summary_large_image","twitter_creator":"@APeneira","twitter_site":"@APeneira","twitter_misc":{"Escrito por":"Tino Lago","Tempo de lectura":"4 minutos"},"schema":{"@context":"https:\/\/schema.org","@graph":[{"@type":"Article","@id":"https:\/\/www.anovapeneira.gal\/index.php\/2025\/11\/13\/o-autismo\/#article","isPartOf":{"@id":"https:\/\/www.anovapeneira.gal\/index.php\/2025\/11\/13\/o-autismo\/"},"author":{"name":"Tino Lago","@id":"https:\/\/www.anovapeneira.gal\/#\/schema\/person\/424dfe65e3070fd8a44d22d2c088762a"},"headline":"O autismo","datePublished":"2025-11-13T11:00:03+00:00","mainEntityOfPage":{"@id":"https:\/\/www.anovapeneira.gal\/index.php\/2025\/11\/13\/o-autismo\/"},"wordCount":1371,"commentCount":0,"publisher":{"@id":"https:\/\/www.anovapeneira.gal\/#organization"},"image":{"@id":"https:\/\/www.anovapeneira.gal\/index.php\/2025\/11\/13\/o-autismo\/#primaryimage"},"thumbnailUrl":"https:\/\/www.anovapeneira.gal\/wp-content\/uploads\/2025\/11\/pes_azuis.jpg","keywords":["Concello de Vigo"],"articleSection":["Vigo"],"inLanguage":"gl-ES","potentialAction":[{"@type":"CommentAction","name":"Comment","target":["https:\/\/www.anovapeneira.gal\/index.php\/2025\/11\/13\/o-autismo\/#respond"]}]},{"@type":"WebPage","@id":"https:\/\/www.anovapeneira.gal\/index.php\/2025\/11\/13\/o-autismo\/","url":"https:\/\/www.anovapeneira.gal\/index.php\/2025\/11\/13\/o-autismo\/","name":"O autismo -","isPartOf":{"@id":"https:\/\/www.anovapeneira.gal\/#website"},"primaryImageOfPage":{"@id":"https:\/\/www.anovapeneira.gal\/index.php\/2025\/11\/13\/o-autismo\/#primaryimage"},"image":{"@id":"https:\/\/www.anovapeneira.gal\/index.php\/2025\/11\/13\/o-autismo\/#primaryimage"},"thumbnailUrl":"https:\/\/www.anovapeneira.gal\/wp-content\/uploads\/2025\/11\/pes_azuis.jpg","datePublished":"2025-11-13T11:00:03+00:00","breadcrumb":{"@id":"https:\/\/www.anovapeneira.gal\/index.php\/2025\/11\/13\/o-autismo\/#breadcrumb"},"inLanguage":"gl-ES","potentialAction":[{"@type":"ReadAction","target":["https:\/\/www.anovapeneira.gal\/index.php\/2025\/11\/13\/o-autismo\/"]}]},{"@type":"ImageObject","inLanguage":"gl-ES","@id":"https:\/\/www.anovapeneira.gal\/index.php\/2025\/11\/13\/o-autismo\/#primaryimage","url":"https:\/\/www.anovapeneira.gal\/wp-content\/uploads\/2025\/11\/pes_azuis.jpg","contentUrl":"https:\/\/www.anovapeneira.gal\/wp-content\/uploads\/2025\/11\/pes_azuis.jpg","width":720,"height":432},{"@type":"BreadcrumbList","@id":"https:\/\/www.anovapeneira.gal\/index.php\/2025\/11\/13\/o-autismo\/#breadcrumb","itemListElement":[{"@type":"ListItem","position":1,"name":"Portada","item":"https:\/\/www.anovapeneira.gal\/"},{"@type":"ListItem","position":2,"name":"O autismo"}]},{"@type":"WebSite","@id":"https:\/\/www.anovapeneira.gal\/#website","url":"https:\/\/www.anovapeneira.gal\/","name":"","description":"Xornal galego de informaci\u00f3n xeral Publicaci\u00f3n mensual de novas de Galicia e en especial dos Concellos da sur da provincia de Pontevedra.","publisher":{"@id":"https:\/\/www.anovapeneira.gal\/#organization"},"potentialAction":[{"@type":"SearchAction","target":{"@type":"EntryPoint","urlTemplate":"https:\/\/www.anovapeneira.gal\/?s={search_term_string}"},"query-input":{"@type":"PropertyValueSpecification","valueRequired":true,"valueName":"search_term_string"}}],"inLanguage":"gl-ES"},{"@type":"Organization","@id":"https:\/\/www.anovapeneira.gal\/#organization","name":"A Nova Peneira","url":"https:\/\/www.anovapeneira.gal\/","logo":{"@type":"ImageObject","inLanguage":"gl-ES","@id":"https:\/\/www.anovapeneira.gal\/#\/schema\/logo\/image\/","url":"http:\/\/www.anovapeneira.gal\/wp-content\/uploads\/2019\/06\/logo_a_nova_peneira_portal_web.png","contentUrl":"http:\/\/www.anovapeneira.gal\/wp-content\/uploads\/2019\/06\/logo_a_nova_peneira_portal_web.png","width":300,"height":100,"caption":"A Nova Peneira"},"image":{"@id":"https:\/\/www.anovapeneira.gal\/#\/schema\/logo\/image\/"},"sameAs":["https:\/\/www.facebook.com\/anovapeneira","https:\/\/x.com\/APeneira"]},{"@type":"Person","@id":"https:\/\/www.anovapeneira.gal\/#\/schema\/person\/424dfe65e3070fd8a44d22d2c088762a","name":"Tino Lago","image":{"@type":"ImageObject","inLanguage":"gl-ES","@id":"https:\/\/secure.gravatar.com\/avatar\/b3df6a06e44bab3111583b90f0f33a0379ee5e3d22cbadd232d39f21c30c62be?s=96&d=mm&r=g","url":"https:\/\/secure.gravatar.com\/avatar\/b3df6a06e44bab3111583b90f0f33a0379ee5e3d22cbadd232d39f21c30c62be?s=96&d=mm&r=g","contentUrl":"https:\/\/secure.gravatar.com\/avatar\/b3df6a06e44bab3111583b90f0f33a0379ee5e3d22cbadd232d39f21c30c62be?s=96&d=mm&r=g","caption":"Tino Lago"},"sameAs":["http:\/\/www.anovapeneira.gal"],"url":"https:\/\/www.anovapeneira.gal\/index.php\/author\/director\/"}]}},"jetpack_featured_media_url":"https:\/\/www.anovapeneira.gal\/wp-content\/uploads\/2025\/11\/pes_azuis.jpg","_links":{"self":[{"href":"https:\/\/www.anovapeneira.gal\/index.php\/wp-json\/wp\/v2\/posts\/14933","targetHints":{"allow":["GET"]}}],"collection":[{"href":"https:\/\/www.anovapeneira.gal\/index.php\/wp-json\/wp\/v2\/posts"}],"about":[{"href":"https:\/\/www.anovapeneira.gal\/index.php\/wp-json\/wp\/v2\/types\/post"}],"author":[{"embeddable":true,"href":"https:\/\/www.anovapeneira.gal\/index.php\/wp-json\/wp\/v2\/users\/2"}],"replies":[{"embeddable":true,"href":"https:\/\/www.anovapeneira.gal\/index.php\/wp-json\/wp\/v2\/comments?post=14933"}],"version-history":[{"count":1,"href":"https:\/\/www.anovapeneira.gal\/index.php\/wp-json\/wp\/v2\/posts\/14933\/revisions"}],"predecessor-version":[{"id":14935,"href":"https:\/\/www.anovapeneira.gal\/index.php\/wp-json\/wp\/v2\/posts\/14933\/revisions\/14935"}],"wp:featuredmedia":[{"embeddable":true,"href":"https:\/\/www.anovapeneira.gal\/index.php\/wp-json\/wp\/v2\/media\/14934"}],"wp:attachment":[{"href":"https:\/\/www.anovapeneira.gal\/index.php\/wp-json\/wp\/v2\/media?parent=14933"}],"wp:term":[{"taxonomy":"category","embeddable":true,"href":"https:\/\/www.anovapeneira.gal\/index.php\/wp-json\/wp\/v2\/categories?post=14933"},{"taxonomy":"post_tag","embeddable":true,"href":"https:\/\/www.anovapeneira.gal\/index.php\/wp-json\/wp\/v2\/tags?post=14933"}],"curies":[{"name":"wp","href":"https:\/\/api.w.org\/{rel}","templated":true}]}}