{"id":14936,"date":"2025-11-14T12:00:54","date_gmt":"2025-11-14T11:00:54","guid":{"rendered":"https:\/\/www.anovapeneira.gal\/?p=14936"},"modified":"2025-11-12T20:38:16","modified_gmt":"2025-11-12T19:38:16","slug":"abel-losada-felicita-aos-vecinos-de-louredo-mos-pola-sua-implicacion-para-avanzar-cara-a-mellora-do-acceso-desde-a-n-550","status":"publish","type":"post","link":"https:\/\/www.anovapeneira.gal\/index.php\/2025\/11\/14\/abel-losada-felicita-aos-vecinos-de-louredo-mos-pola-sua-implicacion-para-avanzar-cara-a-mellora-do-acceso-desde-a-n-550\/","title":{"rendered":"Abel Losada felicita aos veci\u00f1os de Louredo (Mos) pola s\u00faa implicaci\u00f3n para avanzar cara \u00e1 mellora do acceso desde a N-550"},"content":{"rendered":"\n<h2 class=\"wp-block-heading\"><strong>O subdelegado re\u00fanese cos membros da Plataforma veci\u00f1al e comprom\u00e9tese a transmitir o \u201capoio total\u201d \u00e1 obra<\/strong><\/h2>\n\n\n\n<p><strong>A actuaci\u00f3n, pendente da aprobaci\u00f3n definitiva do proxecto, est\u00e1 estimada en case 600.000 euros<\/strong><\/p>\n\n\n\n<p>O subdelegado do Goberno, Abel Losada, mantivo hoxe unha reuni\u00f3n de traballo cos veci\u00f1os integrantes da Plataforma de Louredo, que levan anos traballando para mellorar o acceso a esta parroquia mosense desde a N-550. O subdelegado felicitou \u00e1 Plataforma veci\u00f1al polo seu compromiso e achega durante o procedemento e comprometeuse a trasladar a necesidade desta obra ante o Ministerio de Transportes.<\/p>\n\n\n\n<p>Losada explicou que a informaci\u00f3n p\u00fablica do proxecto foi aprobada en outubro do ano pasado, cando levaba poucos meses como subdelegado, e, polos antecedentes que revisou cheg\u00e1ronse a dese\u00f1ar ata tres accesos a Louredo ao longo dos \u00faltimos anos. \u201cO importante \u00e9 que agora hai un apoio total da veci\u00f1anza e as\u00ed llo vou a transmitir ao Ministerio de Transportes para que esta actuaci\u00f3n se faga canto antes\u201d.<\/p>\n\n\n\n<p>O subdelegado aplaudiu este clima de colaboraci\u00f3n e entendemento, que \u00e9 o que permite avanzar os proxectos na Rede de Estradas do Estado que, pola s\u00faa complexidade e os seus intensos tr\u00e1ficos, necesita non s\u00f3 dese consenso, sen\u00f3n tam\u00e9n de viabilidade t\u00e9cnica.<\/p>\n\n\n\n<p>O Ministerio de Transportes e Mobilidade Sostible est\u00e1 a traballar para a redacci\u00f3n do proxecto construtivo e as\u00ed facer posible a remodelaci\u00f3n da intersecci\u00f3n situada no km 148,650 da estrada N-550. O orzamento estimado das obras ascende a 582.432,27 euros (IVE inclu\u00eddo).<\/p>\n\n\n\n<p>O obxectivo \u00e9 mellorar a seguridade viaria da intersecci\u00f3n non canalizada, que conecta con n\u00facleos existentes na marxe esquerda da Nacional a trav\u00e9s dun vial municipal. A actuaci\u00f3n proxectada traslada a intersecci\u00f3n actual uns 250 m cara ao sur, ata o km 148,900, para mellorar as condici\u00f3ns de visibilidade e seguridade, executando unha variante do vial secundario e dispo\u00f1endo unha nova intersecci\u00f3n con cu\u00f1as de incorporaci\u00f3n e sa\u00edda, carr\u00eds centrais de almacenamento e espera e posibilidade de cambio de sentido.<\/p>\n","protected":false},"excerpt":{"rendered":"<div class=\"mh-excerpt\"><p>O subdelegado re\u00fanese cos membros da Plataforma veci\u00f1al e comprom\u00e9tese a transmitir o \u201capoio total\u201d \u00e1 obra <a class=\"mh-excerpt-more\" href=\"https:\/\/www.anovapeneira.gal\/index.php\/2025\/11\/14\/abel-losada-felicita-aos-vecinos-de-louredo-mos-pola-sua-implicacion-para-avanzar-cara-a-mellora-do-acceso-desde-a-n-550\/\" title=\"Abel Losada felicita aos veci\u00f1os de Louredo (Mos) pola s\u00faa implicaci\u00f3n para avanzar cara \u00e1 mellora do acceso desde a N-550\">[&#8230;]<\/a><\/p>\n<\/div>","protected":false},"author":3,"featured_media":14937,"comment_status":"open","ping_status":"open","sticky":false,"template":"","format":"standard","meta":{"_exactmetrics_skip_tracking":false,"_exactmetrics_sitenote_active":false,"_exactmetrics_sitenote_note":"","_exactmetrics_sitenote_category":0,"footnotes":""},"categories":[23],"tags":[218],"class_list":{"0":"post-14936","1":"post","2":"type-post","3":"status-publish","4":"format-standard","5":"has-post-thumbnail","7":"category-a-lourina","8":"tag-concello-de-mos"},"yoast_head":"<!-- This site is optimized with the Yoast SEO plugin v27.4 - https:\/\/yoast.com\/product\/yoast-seo-wordpress\/ -->\n<title>Abel Losada felicita aos veci\u00f1os de Louredo (Mos) pola s\u00faa implicaci\u00f3n para avanzar cara \u00e1 mellora do acceso desde a N-550 -<\/title>\n<meta name=\"robots\" content=\"index, follow, max-snippet:-1, max-image-preview:large, max-video-preview:-1\" \/>\n<link rel=\"canonical\" href=\"https:\/\/www.anovapeneira.gal\/index.php\/2025\/11\/14\/abel-losada-felicita-aos-vecinos-de-louredo-mos-pola-sua-implicacion-para-avanzar-cara-a-mellora-do-acceso-desde-a-n-550\/\" \/>\n<meta property=\"og:locale\" content=\"gl_ES\" \/>\n<meta property=\"og:type\" content=\"article\" \/>\n<meta property=\"og:title\" content=\"Abel Losada felicita aos veci\u00f1os de Louredo (Mos) pola s\u00faa implicaci\u00f3n para avanzar cara \u00e1 mellora do acceso desde a N-550 -\" \/>\n<meta property=\"og:description\" content=\"O subdelegado re\u00fanese cos membros da Plataforma veci\u00f1al e comprom\u00e9tese a transmitir o \u201capoio total\u201d \u00e1 obra [...]\" \/>\n<meta property=\"og:url\" content=\"https:\/\/www.anovapeneira.gal\/index.php\/2025\/11\/14\/abel-losada-felicita-aos-vecinos-de-louredo-mos-pola-sua-implicacion-para-avanzar-cara-a-mellora-do-acceso-desde-a-n-550\/\" \/>\n<meta property=\"article:publisher\" content=\"https:\/\/www.facebook.com\/anovapeneira\" \/>\n<meta property=\"article:published_time\" content=\"2025-11-14T11:00:54+00:00\" \/>\n<meta property=\"og:image\" content=\"https:\/\/www.anovapeneira.gal\/wp-content\/uploads\/2025\/11\/anton_losada.jpg\" \/>\n\t<meta property=\"og:image:width\" content=\"720\" \/>\n\t<meta property=\"og:image:height\" content=\"432\" \/>\n\t<meta property=\"og:image:type\" content=\"image\/jpeg\" \/>\n<meta name=\"author\" content=\"Redacci\u00f3n A Nova Peneira\" \/>\n<meta name=\"twitter:card\" content=\"summary_large_image\" \/>\n<meta name=\"twitter:creator\" content=\"@APeneira\" \/>\n<meta name=\"twitter:site\" content=\"@APeneira\" \/>\n<meta name=\"twitter:label1\" content=\"Escrito por\" \/>\n\t<meta name=\"twitter:data1\" content=\"Redacci\u00f3n A Nova Peneira\" \/>\n\t<meta name=\"twitter:label2\" content=\"Tempo de lectura\" \/>\n\t<meta name=\"twitter:data2\" content=\"2 minutos\" \/>\n<script type=\"application\/ld+json\" class=\"yoast-schema-graph\">{\"@context\":\"https:\\\/\\\/schema.org\",\"@graph\":[{\"@type\":\"Article\",\"@id\":\"https:\\\/\\\/www.anovapeneira.gal\\\/index.php\\\/2025\\\/11\\\/14\\\/abel-losada-felicita-aos-vecinos-de-louredo-mos-pola-sua-implicacion-para-avanzar-cara-a-mellora-do-acceso-desde-a-n-550\\\/#article\",\"isPartOf\":{\"@id\":\"https:\\\/\\\/www.anovapeneira.gal\\\/index.php\\\/2025\\\/11\\\/14\\\/abel-losada-felicita-aos-vecinos-de-louredo-mos-pola-sua-implicacion-para-avanzar-cara-a-mellora-do-acceso-desde-a-n-550\\\/\"},\"author\":{\"name\":\"Redacci\u00f3n A Nova Peneira\",\"@id\":\"https:\\\/\\\/www.anovapeneira.gal\\\/#\\\/schema\\\/person\\\/b93e3f8932e3f8da96334607eb6ac6aa\"},\"headline\":\"Abel Losada felicita aos veci\u00f1os de Louredo (Mos) pola s\u00faa implicaci\u00f3n para avanzar cara \u00e1 mellora do acceso desde a N-550\",\"datePublished\":\"2025-11-14T11:00:54+00:00\",\"mainEntityOfPage\":{\"@id\":\"https:\\\/\\\/www.anovapeneira.gal\\\/index.php\\\/2025\\\/11\\\/14\\\/abel-losada-felicita-aos-vecinos-de-louredo-mos-pola-sua-implicacion-para-avanzar-cara-a-mellora-do-acceso-desde-a-n-550\\\/\"},\"wordCount\":373,\"commentCount\":0,\"publisher\":{\"@id\":\"https:\\\/\\\/www.anovapeneira.gal\\\/#organization\"},\"image\":{\"@id\":\"https:\\\/\\\/www.anovapeneira.gal\\\/index.php\\\/2025\\\/11\\\/14\\\/abel-losada-felicita-aos-vecinos-de-louredo-mos-pola-sua-implicacion-para-avanzar-cara-a-mellora-do-acceso-desde-a-n-550\\\/#primaryimage\"},\"thumbnailUrl\":\"https:\\\/\\\/www.anovapeneira.gal\\\/wp-content\\\/uploads\\\/2025\\\/11\\\/anton_losada.jpg\",\"keywords\":[\"Concello de Mos\"],\"articleSection\":[\"A Louri\u00f1a\"],\"inLanguage\":\"gl-ES\",\"potentialAction\":[{\"@type\":\"CommentAction\",\"name\":\"Comment\",\"target\":[\"https:\\\/\\\/www.anovapeneira.gal\\\/index.php\\\/2025\\\/11\\\/14\\\/abel-losada-felicita-aos-vecinos-de-louredo-mos-pola-sua-implicacion-para-avanzar-cara-a-mellora-do-acceso-desde-a-n-550\\\/#respond\"]}]},{\"@type\":\"WebPage\",\"@id\":\"https:\\\/\\\/www.anovapeneira.gal\\\/index.php\\\/2025\\\/11\\\/14\\\/abel-losada-felicita-aos-vecinos-de-louredo-mos-pola-sua-implicacion-para-avanzar-cara-a-mellora-do-acceso-desde-a-n-550\\\/\",\"url\":\"https:\\\/\\\/www.anovapeneira.gal\\\/index.php\\\/2025\\\/11\\\/14\\\/abel-losada-felicita-aos-vecinos-de-louredo-mos-pola-sua-implicacion-para-avanzar-cara-a-mellora-do-acceso-desde-a-n-550\\\/\",\"name\":\"Abel Losada felicita aos veci\u00f1os de Louredo (Mos) pola s\u00faa implicaci\u00f3n para avanzar cara \u00e1 mellora do acceso desde a N-550 -\",\"isPartOf\":{\"@id\":\"https:\\\/\\\/www.anovapeneira.gal\\\/#website\"},\"primaryImageOfPage\":{\"@id\":\"https:\\\/\\\/www.anovapeneira.gal\\\/index.php\\\/2025\\\/11\\\/14\\\/abel-losada-felicita-aos-vecinos-de-louredo-mos-pola-sua-implicacion-para-avanzar-cara-a-mellora-do-acceso-desde-a-n-550\\\/#primaryimage\"},\"image\":{\"@id\":\"https:\\\/\\\/www.anovapeneira.gal\\\/index.php\\\/2025\\\/11\\\/14\\\/abel-losada-felicita-aos-vecinos-de-louredo-mos-pola-sua-implicacion-para-avanzar-cara-a-mellora-do-acceso-desde-a-n-550\\\/#primaryimage\"},\"thumbnailUrl\":\"https:\\\/\\\/www.anovapeneira.gal\\\/wp-content\\\/uploads\\\/2025\\\/11\\\/anton_losada.jpg\",\"datePublished\":\"2025-11-14T11:00:54+00:00\",\"breadcrumb\":{\"@id\":\"https:\\\/\\\/www.anovapeneira.gal\\\/index.php\\\/2025\\\/11\\\/14\\\/abel-losada-felicita-aos-vecinos-de-louredo-mos-pola-sua-implicacion-para-avanzar-cara-a-mellora-do-acceso-desde-a-n-550\\\/#breadcrumb\"},\"inLanguage\":\"gl-ES\",\"potentialAction\":[{\"@type\":\"ReadAction\",\"target\":[\"https:\\\/\\\/www.anovapeneira.gal\\\/index.php\\\/2025\\\/11\\\/14\\\/abel-losada-felicita-aos-vecinos-de-louredo-mos-pola-sua-implicacion-para-avanzar-cara-a-mellora-do-acceso-desde-a-n-550\\\/\"]}]},{\"@type\":\"ImageObject\",\"inLanguage\":\"gl-ES\",\"@id\":\"https:\\\/\\\/www.anovapeneira.gal\\\/index.php\\\/2025\\\/11\\\/14\\\/abel-losada-felicita-aos-vecinos-de-louredo-mos-pola-sua-implicacion-para-avanzar-cara-a-mellora-do-acceso-desde-a-n-550\\\/#primaryimage\",\"url\":\"https:\\\/\\\/www.anovapeneira.gal\\\/wp-content\\\/uploads\\\/2025\\\/11\\\/anton_losada.jpg\",\"contentUrl\":\"https:\\\/\\\/www.anovapeneira.gal\\\/wp-content\\\/uploads\\\/2025\\\/11\\\/anton_losada.jpg\",\"width\":720,\"height\":432},{\"@type\":\"BreadcrumbList\",\"@id\":\"https:\\\/\\\/www.anovapeneira.gal\\\/index.php\\\/2025\\\/11\\\/14\\\/abel-losada-felicita-aos-vecinos-de-louredo-mos-pola-sua-implicacion-para-avanzar-cara-a-mellora-do-acceso-desde-a-n-550\\\/#breadcrumb\",\"itemListElement\":[{\"@type\":\"ListItem\",\"position\":1,\"name\":\"Portada\",\"item\":\"https:\\\/\\\/www.anovapeneira.gal\\\/\"},{\"@type\":\"ListItem\",\"position\":2,\"name\":\"Abel Losada felicita aos veci\u00f1os de Louredo (Mos) pola s\u00faa implicaci\u00f3n para avanzar cara \u00e1 mellora do acceso desde a N-550\"}]},{\"@type\":\"WebSite\",\"@id\":\"https:\\\/\\\/www.anovapeneira.gal\\\/#website\",\"url\":\"https:\\\/\\\/www.anovapeneira.gal\\\/\",\"name\":\"\",\"description\":\"Xornal galego de informaci\u00f3n xeral Publicaci\u00f3n mensual de novas de Galicia e en especial dos Concellos da sur da provincia de Pontevedra.\",\"publisher\":{\"@id\":\"https:\\\/\\\/www.anovapeneira.gal\\\/#organization\"},\"potentialAction\":[{\"@type\":\"SearchAction\",\"target\":{\"@type\":\"EntryPoint\",\"urlTemplate\":\"https:\\\/\\\/www.anovapeneira.gal\\\/?s={search_term_string}\"},\"query-input\":{\"@type\":\"PropertyValueSpecification\",\"valueRequired\":true,\"valueName\":\"search_term_string\"}}],\"inLanguage\":\"gl-ES\"},{\"@type\":\"Organization\",\"@id\":\"https:\\\/\\\/www.anovapeneira.gal\\\/#organization\",\"name\":\"A Nova Peneira\",\"url\":\"https:\\\/\\\/www.anovapeneira.gal\\\/\",\"logo\":{\"@type\":\"ImageObject\",\"inLanguage\":\"gl-ES\",\"@id\":\"https:\\\/\\\/www.anovapeneira.gal\\\/#\\\/schema\\\/logo\\\/image\\\/\",\"url\":\"http:\\\/\\\/www.anovapeneira.gal\\\/wp-content\\\/uploads\\\/2019\\\/06\\\/logo_a_nova_peneira_portal_web.png\",\"contentUrl\":\"http:\\\/\\\/www.anovapeneira.gal\\\/wp-content\\\/uploads\\\/2019\\\/06\\\/logo_a_nova_peneira_portal_web.png\",\"width\":300,\"height\":100,\"caption\":\"A Nova Peneira\"},\"image\":{\"@id\":\"https:\\\/\\\/www.anovapeneira.gal\\\/#\\\/schema\\\/logo\\\/image\\\/\"},\"sameAs\":[\"https:\\\/\\\/www.facebook.com\\\/anovapeneira\",\"https:\\\/\\\/x.com\\\/APeneira\"]},{\"@type\":\"Person\",\"@id\":\"https:\\\/\\\/www.anovapeneira.gal\\\/#\\\/schema\\\/person\\\/b93e3f8932e3f8da96334607eb6ac6aa\",\"name\":\"Redacci\u00f3n A Nova Peneira\",\"image\":{\"@type\":\"ImageObject\",\"inLanguage\":\"gl-ES\",\"@id\":\"https:\\\/\\\/secure.gravatar.com\\\/avatar\\\/c052a2551a06e23fac63626232eaa90abd78dbcf1700fc46a2b2c89fd27b735f?s=96&d=mm&r=g\",\"url\":\"https:\\\/\\\/secure.gravatar.com\\\/avatar\\\/c052a2551a06e23fac63626232eaa90abd78dbcf1700fc46a2b2c89fd27b735f?s=96&d=mm&r=g\",\"contentUrl\":\"https:\\\/\\\/secure.gravatar.com\\\/avatar\\\/c052a2551a06e23fac63626232eaa90abd78dbcf1700fc46a2b2c89fd27b735f?s=96&d=mm&r=g\",\"caption\":\"Redacci\u00f3n A Nova Peneira\"},\"sameAs\":[\"http:\\\/\\\/www.anovapeneira.gal\\\/\"],\"url\":\"https:\\\/\\\/www.anovapeneira.gal\\\/index.php\\\/author\\\/redactor\\\/\"}]}<\/script>\n<!-- \/ Yoast SEO plugin. -->","yoast_head_json":{"title":"Abel Losada felicita aos veci\u00f1os de Louredo (Mos) pola s\u00faa implicaci\u00f3n para avanzar cara \u00e1 mellora do acceso desde a N-550 -","robots":{"index":"index","follow":"follow","max-snippet":"max-snippet:-1","max-image-preview":"max-image-preview:large","max-video-preview":"max-video-preview:-1"},"canonical":"https:\/\/www.anovapeneira.gal\/index.php\/2025\/11\/14\/abel-losada-felicita-aos-vecinos-de-louredo-mos-pola-sua-implicacion-para-avanzar-cara-a-mellora-do-acceso-desde-a-n-550\/","og_locale":"gl_ES","og_type":"article","og_title":"Abel Losada felicita aos veci\u00f1os de Louredo (Mos) pola s\u00faa implicaci\u00f3n para avanzar cara \u00e1 mellora do acceso desde a N-550 -","og_description":"O subdelegado re\u00fanese cos membros da Plataforma veci\u00f1al e comprom\u00e9tese a transmitir o \u201capoio total\u201d \u00e1 obra [...]","og_url":"https:\/\/www.anovapeneira.gal\/index.php\/2025\/11\/14\/abel-losada-felicita-aos-vecinos-de-louredo-mos-pola-sua-implicacion-para-avanzar-cara-a-mellora-do-acceso-desde-a-n-550\/","article_publisher":"https:\/\/www.facebook.com\/anovapeneira","article_published_time":"2025-11-14T11:00:54+00:00","og_image":[{"width":720,"height":432,"url":"https:\/\/www.anovapeneira.gal\/wp-content\/uploads\/2025\/11\/anton_losada.jpg","type":"image\/jpeg"}],"author":"Redacci\u00f3n A Nova Peneira","twitter_card":"summary_large_image","twitter_creator":"@APeneira","twitter_site":"@APeneira","twitter_misc":{"Escrito por":"Redacci\u00f3n A Nova Peneira","Tempo de lectura":"2 minutos"},"schema":{"@context":"https:\/\/schema.org","@graph":[{"@type":"Article","@id":"https:\/\/www.anovapeneira.gal\/index.php\/2025\/11\/14\/abel-losada-felicita-aos-vecinos-de-louredo-mos-pola-sua-implicacion-para-avanzar-cara-a-mellora-do-acceso-desde-a-n-550\/#article","isPartOf":{"@id":"https:\/\/www.anovapeneira.gal\/index.php\/2025\/11\/14\/abel-losada-felicita-aos-vecinos-de-louredo-mos-pola-sua-implicacion-para-avanzar-cara-a-mellora-do-acceso-desde-a-n-550\/"},"author":{"name":"Redacci\u00f3n A Nova Peneira","@id":"https:\/\/www.anovapeneira.gal\/#\/schema\/person\/b93e3f8932e3f8da96334607eb6ac6aa"},"headline":"Abel Losada felicita aos veci\u00f1os de Louredo (Mos) pola s\u00faa implicaci\u00f3n para avanzar cara \u00e1 mellora do acceso desde a N-550","datePublished":"2025-11-14T11:00:54+00:00","mainEntityOfPage":{"@id":"https:\/\/www.anovapeneira.gal\/index.php\/2025\/11\/14\/abel-losada-felicita-aos-vecinos-de-louredo-mos-pola-sua-implicacion-para-avanzar-cara-a-mellora-do-acceso-desde-a-n-550\/"},"wordCount":373,"commentCount":0,"publisher":{"@id":"https:\/\/www.anovapeneira.gal\/#organization"},"image":{"@id":"https:\/\/www.anovapeneira.gal\/index.php\/2025\/11\/14\/abel-losada-felicita-aos-vecinos-de-louredo-mos-pola-sua-implicacion-para-avanzar-cara-a-mellora-do-acceso-desde-a-n-550\/#primaryimage"},"thumbnailUrl":"https:\/\/www.anovapeneira.gal\/wp-content\/uploads\/2025\/11\/anton_losada.jpg","keywords":["Concello de Mos"],"articleSection":["A Louri\u00f1a"],"inLanguage":"gl-ES","potentialAction":[{"@type":"CommentAction","name":"Comment","target":["https:\/\/www.anovapeneira.gal\/index.php\/2025\/11\/14\/abel-losada-felicita-aos-vecinos-de-louredo-mos-pola-sua-implicacion-para-avanzar-cara-a-mellora-do-acceso-desde-a-n-550\/#respond"]}]},{"@type":"WebPage","@id":"https:\/\/www.anovapeneira.gal\/index.php\/2025\/11\/14\/abel-losada-felicita-aos-vecinos-de-louredo-mos-pola-sua-implicacion-para-avanzar-cara-a-mellora-do-acceso-desde-a-n-550\/","url":"https:\/\/www.anovapeneira.gal\/index.php\/2025\/11\/14\/abel-losada-felicita-aos-vecinos-de-louredo-mos-pola-sua-implicacion-para-avanzar-cara-a-mellora-do-acceso-desde-a-n-550\/","name":"Abel Losada felicita aos veci\u00f1os de Louredo (Mos) pola s\u00faa implicaci\u00f3n para avanzar cara \u00e1 mellora do acceso desde a N-550 -","isPartOf":{"@id":"https:\/\/www.anovapeneira.gal\/#website"},"primaryImageOfPage":{"@id":"https:\/\/www.anovapeneira.gal\/index.php\/2025\/11\/14\/abel-losada-felicita-aos-vecinos-de-louredo-mos-pola-sua-implicacion-para-avanzar-cara-a-mellora-do-acceso-desde-a-n-550\/#primaryimage"},"image":{"@id":"https:\/\/www.anovapeneira.gal\/index.php\/2025\/11\/14\/abel-losada-felicita-aos-vecinos-de-louredo-mos-pola-sua-implicacion-para-avanzar-cara-a-mellora-do-acceso-desde-a-n-550\/#primaryimage"},"thumbnailUrl":"https:\/\/www.anovapeneira.gal\/wp-content\/uploads\/2025\/11\/anton_losada.jpg","datePublished":"2025-11-14T11:00:54+00:00","breadcrumb":{"@id":"https:\/\/www.anovapeneira.gal\/index.php\/2025\/11\/14\/abel-losada-felicita-aos-vecinos-de-louredo-mos-pola-sua-implicacion-para-avanzar-cara-a-mellora-do-acceso-desde-a-n-550\/#breadcrumb"},"inLanguage":"gl-ES","potentialAction":[{"@type":"ReadAction","target":["https:\/\/www.anovapeneira.gal\/index.php\/2025\/11\/14\/abel-losada-felicita-aos-vecinos-de-louredo-mos-pola-sua-implicacion-para-avanzar-cara-a-mellora-do-acceso-desde-a-n-550\/"]}]},{"@type":"ImageObject","inLanguage":"gl-ES","@id":"https:\/\/www.anovapeneira.gal\/index.php\/2025\/11\/14\/abel-losada-felicita-aos-vecinos-de-louredo-mos-pola-sua-implicacion-para-avanzar-cara-a-mellora-do-acceso-desde-a-n-550\/#primaryimage","url":"https:\/\/www.anovapeneira.gal\/wp-content\/uploads\/2025\/11\/anton_losada.jpg","contentUrl":"https:\/\/www.anovapeneira.gal\/wp-content\/uploads\/2025\/11\/anton_losada.jpg","width":720,"height":432},{"@type":"BreadcrumbList","@id":"https:\/\/www.anovapeneira.gal\/index.php\/2025\/11\/14\/abel-losada-felicita-aos-vecinos-de-louredo-mos-pola-sua-implicacion-para-avanzar-cara-a-mellora-do-acceso-desde-a-n-550\/#breadcrumb","itemListElement":[{"@type":"ListItem","position":1,"name":"Portada","item":"https:\/\/www.anovapeneira.gal\/"},{"@type":"ListItem","position":2,"name":"Abel Losada felicita aos veci\u00f1os de Louredo (Mos) pola s\u00faa implicaci\u00f3n para avanzar cara \u00e1 mellora do acceso desde a N-550"}]},{"@type":"WebSite","@id":"https:\/\/www.anovapeneira.gal\/#website","url":"https:\/\/www.anovapeneira.gal\/","name":"","description":"Xornal galego de informaci\u00f3n xeral Publicaci\u00f3n mensual de novas de Galicia e en especial dos Concellos da sur da provincia de Pontevedra.","publisher":{"@id":"https:\/\/www.anovapeneira.gal\/#organization"},"potentialAction":[{"@type":"SearchAction","target":{"@type":"EntryPoint","urlTemplate":"https:\/\/www.anovapeneira.gal\/?s={search_term_string}"},"query-input":{"@type":"PropertyValueSpecification","valueRequired":true,"valueName":"search_term_string"}}],"inLanguage":"gl-ES"},{"@type":"Organization","@id":"https:\/\/www.anovapeneira.gal\/#organization","name":"A Nova Peneira","url":"https:\/\/www.anovapeneira.gal\/","logo":{"@type":"ImageObject","inLanguage":"gl-ES","@id":"https:\/\/www.anovapeneira.gal\/#\/schema\/logo\/image\/","url":"http:\/\/www.anovapeneira.gal\/wp-content\/uploads\/2019\/06\/logo_a_nova_peneira_portal_web.png","contentUrl":"http:\/\/www.anovapeneira.gal\/wp-content\/uploads\/2019\/06\/logo_a_nova_peneira_portal_web.png","width":300,"height":100,"caption":"A Nova Peneira"},"image":{"@id":"https:\/\/www.anovapeneira.gal\/#\/schema\/logo\/image\/"},"sameAs":["https:\/\/www.facebook.com\/anovapeneira","https:\/\/x.com\/APeneira"]},{"@type":"Person","@id":"https:\/\/www.anovapeneira.gal\/#\/schema\/person\/b93e3f8932e3f8da96334607eb6ac6aa","name":"Redacci\u00f3n A Nova Peneira","image":{"@type":"ImageObject","inLanguage":"gl-ES","@id":"https:\/\/secure.gravatar.com\/avatar\/c052a2551a06e23fac63626232eaa90abd78dbcf1700fc46a2b2c89fd27b735f?s=96&d=mm&r=g","url":"https:\/\/secure.gravatar.com\/avatar\/c052a2551a06e23fac63626232eaa90abd78dbcf1700fc46a2b2c89fd27b735f?s=96&d=mm&r=g","contentUrl":"https:\/\/secure.gravatar.com\/avatar\/c052a2551a06e23fac63626232eaa90abd78dbcf1700fc46a2b2c89fd27b735f?s=96&d=mm&r=g","caption":"Redacci\u00f3n A Nova Peneira"},"sameAs":["http:\/\/www.anovapeneira.gal\/"],"url":"https:\/\/www.anovapeneira.gal\/index.php\/author\/redactor\/"}]}},"jetpack_featured_media_url":"https:\/\/www.anovapeneira.gal\/wp-content\/uploads\/2025\/11\/anton_losada.jpg","_links":{"self":[{"href":"https:\/\/www.anovapeneira.gal\/index.php\/wp-json\/wp\/v2\/posts\/14936","targetHints":{"allow":["GET"]}}],"collection":[{"href":"https:\/\/www.anovapeneira.gal\/index.php\/wp-json\/wp\/v2\/posts"}],"about":[{"href":"https:\/\/www.anovapeneira.gal\/index.php\/wp-json\/wp\/v2\/types\/post"}],"author":[{"embeddable":true,"href":"https:\/\/www.anovapeneira.gal\/index.php\/wp-json\/wp\/v2\/users\/3"}],"replies":[{"embeddable":true,"href":"https:\/\/www.anovapeneira.gal\/index.php\/wp-json\/wp\/v2\/comments?post=14936"}],"version-history":[{"count":1,"href":"https:\/\/www.anovapeneira.gal\/index.php\/wp-json\/wp\/v2\/posts\/14936\/revisions"}],"predecessor-version":[{"id":14938,"href":"https:\/\/www.anovapeneira.gal\/index.php\/wp-json\/wp\/v2\/posts\/14936\/revisions\/14938"}],"wp:featuredmedia":[{"embeddable":true,"href":"https:\/\/www.anovapeneira.gal\/index.php\/wp-json\/wp\/v2\/media\/14937"}],"wp:attachment":[{"href":"https:\/\/www.anovapeneira.gal\/index.php\/wp-json\/wp\/v2\/media?parent=14936"}],"wp:term":[{"taxonomy":"category","embeddable":true,"href":"https:\/\/www.anovapeneira.gal\/index.php\/wp-json\/wp\/v2\/categories?post=14936"},{"taxonomy":"post_tag","embeddable":true,"href":"https:\/\/www.anovapeneira.gal\/index.php\/wp-json\/wp\/v2\/tags?post=14936"}],"curies":[{"name":"wp","href":"https:\/\/api.w.org\/{rel}","templated":true}]}}