{"id":14945,"date":"2025-11-17T12:00:32","date_gmt":"2025-11-17T11:00:32","guid":{"rendered":"https:\/\/www.anovapeneira.gal\/?p=14945"},"modified":"2025-11-16T11:02:47","modified_gmt":"2025-11-16T10:02:47","slug":"voda-de-aaron-franco","status":"publish","type":"post","link":"https:\/\/www.anovapeneira.gal\/index.php\/2025\/11\/17\/voda-de-aaron-franco\/","title":{"rendered":"Voda de Aar\u00f3n Franco"},"content":{"rendered":"\n<p><strong>O pasado d\u00eda 8 deste mes de novembro, nos xard\u00edns do balneario de Cuntis, casou o noso colaborador, amigo e camarada Aar\u00f3n Franco coa s\u00faa compa\u00f1eira Elena Lameiro.<\/strong><\/p>\n\n\n\n<p>Ao longo da mi\u00f1a vida te\u00f1o asistido a moitos enlaces matrimoniais. Unha vez que os anos comezan a acumularse no lombo, como as capas de neve se amorean no chan despois dunha chuvia de folerpas, este tipo de actos deixan atr\u00e1s a emoci\u00f3ns das primeiras veces e conv\u00e9rtense en acontecementos estereotipados. Pero desta volta foi diferente. O m\u00e1is bonito da voda de Aar\u00f3n e de Elena non foi a comida,que estivo ben, nin o lugar do enlace, que estivo moi ben, nin os agradables momentos de conversa con persoas queridas coas que hab\u00eda tempo que non ti\u00f1a a oportunidade de compartir cami\u00f1o, que foron marabillosos. O m\u00e1is bonito da voda de Aar\u00f3n e Elena, por incrible que pareza, foi a cerimonia en si, pois foi capaz de desenvolver unha carga emotiva de tal intensidade que era realmente dif\u00edcil non emocionarse.<\/p>\n\n\n\n<p>A voda foi oficiada por Luc\u00eda Santos e Tino Iglesias, concelleiros do BNG de Mar\u00edn, foron orixinais, emotivos, divertidos, l\u00facidos e cari\u00f1osos. E as palabras finais que Aaron dedicou a Elena ,e que Elena dedicou a Aar\u00f3n agromaron nas profundidades m\u00e1is insondables da alma de cada un dos dous, ateigadas de emoci\u00f3n e de amor rec\u00edproco sen caer no melindre en ning\u00fan momento.<\/p>\n\n\n\n<p><strong>Parab\u00e9ns Aar\u00f3n e Elena. Des\u00e9xovos que o cami\u00f1o compartido faga mellor as vidas independentes e libres dos dous.<\/strong><\/p>\n\n\n\n<figure class=\"wp-block-gallery has-nested-images columns-default is-cropped wp-block-gallery-1 is-layout-flex wp-block-gallery-is-layout-flex\">\n<figure class=\"wp-block-image size-large\"><img loading=\"lazy\" decoding=\"async\" width=\"635\" height=\"1024\" data-id=\"14950\" src=\"https:\/\/www.anovapeneira.gal\/wp-content\/uploads\/2025\/11\/Xurxo_Agra-635x1024.jpg\" alt=\"\" class=\"wp-image-14950\" srcset=\"https:\/\/www.anovapeneira.gal\/wp-content\/uploads\/2025\/11\/Xurxo_Agra-635x1024.jpg 635w, https:\/\/www.anovapeneira.gal\/wp-content\/uploads\/2025\/11\/Xurxo_Agra-186x300.jpg 186w, https:\/\/www.anovapeneira.gal\/wp-content\/uploads\/2025\/11\/Xurxo_Agra-768x1239.jpg 768w, https:\/\/www.anovapeneira.gal\/wp-content\/uploads\/2025\/11\/Xurxo_Agra-952x1536.jpg 952w, https:\/\/www.anovapeneira.gal\/wp-content\/uploads\/2025\/11\/Xurxo_Agra.jpg 1080w\" sizes=\"auto, (max-width: 635px) 100vw, 635px\" \/><figcaption class=\"wp-element-caption\">Xurxo Agra, responsable local do BNG de Mar\u00edn<\/figcaption><\/figure>\n\n\n\n<figure class=\"wp-block-image size-large\"><img loading=\"lazy\" decoding=\"async\" width=\"473\" height=\"1024\" data-id=\"14947\" src=\"https:\/\/www.anovapeneira.gal\/wp-content\/uploads\/2025\/11\/Voda-de-Aaron-473x1024.jpg\" alt=\"\" class=\"wp-image-14947\" srcset=\"https:\/\/www.anovapeneira.gal\/wp-content\/uploads\/2025\/11\/Voda-de-Aaron-473x1024.jpg 473w, https:\/\/www.anovapeneira.gal\/wp-content\/uploads\/2025\/11\/Voda-de-Aaron-138x300.jpg 138w, https:\/\/www.anovapeneira.gal\/wp-content\/uploads\/2025\/11\/Voda-de-Aaron-768x1664.jpg 768w, https:\/\/www.anovapeneira.gal\/wp-content\/uploads\/2025\/11\/Voda-de-Aaron-709x1536.jpg 709w, https:\/\/www.anovapeneira.gal\/wp-content\/uploads\/2025\/11\/Voda-de-Aaron-945x2048.jpg 945w, https:\/\/www.anovapeneira.gal\/wp-content\/uploads\/2025\/11\/Voda-de-Aaron.jpg 1080w\" sizes=\"auto, (max-width: 473px) 100vw, 473px\" \/><figcaption class=\"wp-element-caption\">Aar\u00f3n e Elena<\/figcaption><\/figure>\n\n\n\n<figure class=\"wp-block-image size-large\"><img loading=\"lazy\" decoding=\"async\" width=\"768\" height=\"1024\" data-id=\"14949\" src=\"https:\/\/www.anovapeneira.gal\/wp-content\/uploads\/2025\/11\/Tino-Iglesias-768x1024.jpg\" alt=\"\" class=\"wp-image-14949\" srcset=\"https:\/\/www.anovapeneira.gal\/wp-content\/uploads\/2025\/11\/Tino-Iglesias-768x1024.jpg 768w, https:\/\/www.anovapeneira.gal\/wp-content\/uploads\/2025\/11\/Tino-Iglesias-225x300.jpg 225w, https:\/\/www.anovapeneira.gal\/wp-content\/uploads\/2025\/11\/Tino-Iglesias-1152x1536.jpg 1152w, https:\/\/www.anovapeneira.gal\/wp-content\/uploads\/2025\/11\/Tino-Iglesias-1536x2048.jpg 1536w, https:\/\/www.anovapeneira.gal\/wp-content\/uploads\/2025\/11\/Tino-Iglesias-scaled.jpg 1920w\" sizes=\"auto, (max-width: 768px) 100vw, 768px\" \/><figcaption class=\"wp-element-caption\">Tino Iglesias, un dos oficiantes da cerimonia<\/figcaption><\/figure>\n<\/figure>\n\n\n\n<p><\/p>\n","protected":false},"excerpt":{"rendered":"<div class=\"mh-excerpt\"><p>O pasado d\u00eda 8 deste mes de novembro, nos xard\u00edns do balneario de Cuntis, casou o noso colaborador, amigo e camarada Aar\u00f3n Franco coa s\u00faa compa\u00f1eira Elena Lameiro <a class=\"mh-excerpt-more\" href=\"https:\/\/www.anovapeneira.gal\/index.php\/2025\/11\/17\/voda-de-aaron-franco\/\" title=\"Voda de Aar\u00f3n Franco\">[&#8230;]<\/a><\/p>\n<\/div>","protected":false},"author":2,"featured_media":14946,"comment_status":"open","ping_status":"open","sticky":false,"template":"","format":"standard","meta":{"_exactmetrics_skip_tracking":false,"_exactmetrics_sitenote_active":false,"_exactmetrics_sitenote_note":"","_exactmetrics_sitenote_category":0,"footnotes":""},"categories":[22],"tags":[144],"class_list":{"0":"post-14945","1":"post","2":"type-post","3":"status-publish","4":"format-standard","5":"has-post-thumbnail","7":"category-morrazo","8":"tag-concello-de-marin"},"yoast_head":"<!-- This site is optimized with the Yoast SEO plugin v27.4 - https:\/\/yoast.com\/product\/yoast-seo-wordpress\/ -->\n<title>Voda de Aar\u00f3n Franco -<\/title>\n<meta name=\"robots\" content=\"index, follow, max-snippet:-1, max-image-preview:large, max-video-preview:-1\" \/>\n<link rel=\"canonical\" href=\"https:\/\/www.anovapeneira.gal\/index.php\/2025\/11\/17\/voda-de-aaron-franco\/\" \/>\n<meta property=\"og:locale\" content=\"gl_ES\" \/>\n<meta property=\"og:type\" content=\"article\" \/>\n<meta property=\"og:title\" content=\"Voda de Aar\u00f3n Franco -\" \/>\n<meta property=\"og:description\" content=\"O pasado d\u00eda 8 deste mes de novembro, nos xard\u00edns do balneario de Cuntis, casou o noso colaborador, amigo e camarada Aar\u00f3n Franco coa s\u00faa compa\u00f1eira Elena Lameiro [...]\" \/>\n<meta property=\"og:url\" content=\"https:\/\/www.anovapeneira.gal\/index.php\/2025\/11\/17\/voda-de-aaron-franco\/\" \/>\n<meta property=\"article:publisher\" content=\"https:\/\/www.facebook.com\/anovapeneira\" \/>\n<meta property=\"article:published_time\" content=\"2025-11-17T11:00:32+00:00\" \/>\n<meta property=\"og:image\" content=\"https:\/\/www.anovapeneira.gal\/wp-content\/uploads\/2025\/11\/voda_aron.jpg\" \/>\n\t<meta property=\"og:image:width\" content=\"1080\" \/>\n\t<meta property=\"og:image:height\" content=\"648\" \/>\n\t<meta property=\"og:image:type\" content=\"image\/jpeg\" \/>\n<meta name=\"author\" content=\"Tino Lago\" \/>\n<meta name=\"twitter:card\" content=\"summary_large_image\" \/>\n<meta name=\"twitter:creator\" content=\"@APeneira\" \/>\n<meta name=\"twitter:site\" content=\"@APeneira\" \/>\n<meta name=\"twitter:label1\" content=\"Escrito por\" \/>\n\t<meta name=\"twitter:data1\" content=\"Tino Lago\" \/>\n\t<meta name=\"twitter:label2\" content=\"Tempo de lectura\" \/>\n\t<meta name=\"twitter:data2\" content=\"3 minutos\" \/>\n<script type=\"application\/ld+json\" class=\"yoast-schema-graph\">{\"@context\":\"https:\\\/\\\/schema.org\",\"@graph\":[{\"@type\":\"Article\",\"@id\":\"https:\\\/\\\/www.anovapeneira.gal\\\/index.php\\\/2025\\\/11\\\/17\\\/voda-de-aaron-franco\\\/#article\",\"isPartOf\":{\"@id\":\"https:\\\/\\\/www.anovapeneira.gal\\\/index.php\\\/2025\\\/11\\\/17\\\/voda-de-aaron-franco\\\/\"},\"author\":{\"name\":\"Tino Lago\",\"@id\":\"https:\\\/\\\/www.anovapeneira.gal\\\/#\\\/schema\\\/person\\\/424dfe65e3070fd8a44d22d2c088762a\"},\"headline\":\"Voda de Aar\u00f3n Franco\",\"datePublished\":\"2025-11-17T11:00:32+00:00\",\"mainEntityOfPage\":{\"@id\":\"https:\\\/\\\/www.anovapeneira.gal\\\/index.php\\\/2025\\\/11\\\/17\\\/voda-de-aaron-franco\\\/\"},\"wordCount\":305,\"commentCount\":0,\"publisher\":{\"@id\":\"https:\\\/\\\/www.anovapeneira.gal\\\/#organization\"},\"image\":{\"@id\":\"https:\\\/\\\/www.anovapeneira.gal\\\/index.php\\\/2025\\\/11\\\/17\\\/voda-de-aaron-franco\\\/#primaryimage\"},\"thumbnailUrl\":\"https:\\\/\\\/www.anovapeneira.gal\\\/wp-content\\\/uploads\\\/2025\\\/11\\\/voda_aron.jpg\",\"keywords\":[\"Concello de Mar\u00edn\"],\"articleSection\":[\"Morrazo\"],\"inLanguage\":\"gl-ES\",\"potentialAction\":[{\"@type\":\"CommentAction\",\"name\":\"Comment\",\"target\":[\"https:\\\/\\\/www.anovapeneira.gal\\\/index.php\\\/2025\\\/11\\\/17\\\/voda-de-aaron-franco\\\/#respond\"]}]},{\"@type\":\"WebPage\",\"@id\":\"https:\\\/\\\/www.anovapeneira.gal\\\/index.php\\\/2025\\\/11\\\/17\\\/voda-de-aaron-franco\\\/\",\"url\":\"https:\\\/\\\/www.anovapeneira.gal\\\/index.php\\\/2025\\\/11\\\/17\\\/voda-de-aaron-franco\\\/\",\"name\":\"Voda de Aar\u00f3n Franco -\",\"isPartOf\":{\"@id\":\"https:\\\/\\\/www.anovapeneira.gal\\\/#website\"},\"primaryImageOfPage\":{\"@id\":\"https:\\\/\\\/www.anovapeneira.gal\\\/index.php\\\/2025\\\/11\\\/17\\\/voda-de-aaron-franco\\\/#primaryimage\"},\"image\":{\"@id\":\"https:\\\/\\\/www.anovapeneira.gal\\\/index.php\\\/2025\\\/11\\\/17\\\/voda-de-aaron-franco\\\/#primaryimage\"},\"thumbnailUrl\":\"https:\\\/\\\/www.anovapeneira.gal\\\/wp-content\\\/uploads\\\/2025\\\/11\\\/voda_aron.jpg\",\"datePublished\":\"2025-11-17T11:00:32+00:00\",\"breadcrumb\":{\"@id\":\"https:\\\/\\\/www.anovapeneira.gal\\\/index.php\\\/2025\\\/11\\\/17\\\/voda-de-aaron-franco\\\/#breadcrumb\"},\"inLanguage\":\"gl-ES\",\"potentialAction\":[{\"@type\":\"ReadAction\",\"target\":[\"https:\\\/\\\/www.anovapeneira.gal\\\/index.php\\\/2025\\\/11\\\/17\\\/voda-de-aaron-franco\\\/\"]}]},{\"@type\":\"ImageObject\",\"inLanguage\":\"gl-ES\",\"@id\":\"https:\\\/\\\/www.anovapeneira.gal\\\/index.php\\\/2025\\\/11\\\/17\\\/voda-de-aaron-franco\\\/#primaryimage\",\"url\":\"https:\\\/\\\/www.anovapeneira.gal\\\/wp-content\\\/uploads\\\/2025\\\/11\\\/voda_aron.jpg\",\"contentUrl\":\"https:\\\/\\\/www.anovapeneira.gal\\\/wp-content\\\/uploads\\\/2025\\\/11\\\/voda_aron.jpg\",\"width\":1080,\"height\":648},{\"@type\":\"BreadcrumbList\",\"@id\":\"https:\\\/\\\/www.anovapeneira.gal\\\/index.php\\\/2025\\\/11\\\/17\\\/voda-de-aaron-franco\\\/#breadcrumb\",\"itemListElement\":[{\"@type\":\"ListItem\",\"position\":1,\"name\":\"Portada\",\"item\":\"https:\\\/\\\/www.anovapeneira.gal\\\/\"},{\"@type\":\"ListItem\",\"position\":2,\"name\":\"Voda de Aar\u00f3n Franco\"}]},{\"@type\":\"WebSite\",\"@id\":\"https:\\\/\\\/www.anovapeneira.gal\\\/#website\",\"url\":\"https:\\\/\\\/www.anovapeneira.gal\\\/\",\"name\":\"\",\"description\":\"Xornal galego de informaci\u00f3n xeral Publicaci\u00f3n mensual de novas de Galicia e en especial dos Concellos da sur da provincia de Pontevedra.\",\"publisher\":{\"@id\":\"https:\\\/\\\/www.anovapeneira.gal\\\/#organization\"},\"potentialAction\":[{\"@type\":\"SearchAction\",\"target\":{\"@type\":\"EntryPoint\",\"urlTemplate\":\"https:\\\/\\\/www.anovapeneira.gal\\\/?s={search_term_string}\"},\"query-input\":{\"@type\":\"PropertyValueSpecification\",\"valueRequired\":true,\"valueName\":\"search_term_string\"}}],\"inLanguage\":\"gl-ES\"},{\"@type\":\"Organization\",\"@id\":\"https:\\\/\\\/www.anovapeneira.gal\\\/#organization\",\"name\":\"A Nova Peneira\",\"url\":\"https:\\\/\\\/www.anovapeneira.gal\\\/\",\"logo\":{\"@type\":\"ImageObject\",\"inLanguage\":\"gl-ES\",\"@id\":\"https:\\\/\\\/www.anovapeneira.gal\\\/#\\\/schema\\\/logo\\\/image\\\/\",\"url\":\"http:\\\/\\\/www.anovapeneira.gal\\\/wp-content\\\/uploads\\\/2019\\\/06\\\/logo_a_nova_peneira_portal_web.png\",\"contentUrl\":\"http:\\\/\\\/www.anovapeneira.gal\\\/wp-content\\\/uploads\\\/2019\\\/06\\\/logo_a_nova_peneira_portal_web.png\",\"width\":300,\"height\":100,\"caption\":\"A Nova Peneira\"},\"image\":{\"@id\":\"https:\\\/\\\/www.anovapeneira.gal\\\/#\\\/schema\\\/logo\\\/image\\\/\"},\"sameAs\":[\"https:\\\/\\\/www.facebook.com\\\/anovapeneira\",\"https:\\\/\\\/x.com\\\/APeneira\"]},{\"@type\":\"Person\",\"@id\":\"https:\\\/\\\/www.anovapeneira.gal\\\/#\\\/schema\\\/person\\\/424dfe65e3070fd8a44d22d2c088762a\",\"name\":\"Tino Lago\",\"image\":{\"@type\":\"ImageObject\",\"inLanguage\":\"gl-ES\",\"@id\":\"https:\\\/\\\/secure.gravatar.com\\\/avatar\\\/b3df6a06e44bab3111583b90f0f33a0379ee5e3d22cbadd232d39f21c30c62be?s=96&d=mm&r=g\",\"url\":\"https:\\\/\\\/secure.gravatar.com\\\/avatar\\\/b3df6a06e44bab3111583b90f0f33a0379ee5e3d22cbadd232d39f21c30c62be?s=96&d=mm&r=g\",\"contentUrl\":\"https:\\\/\\\/secure.gravatar.com\\\/avatar\\\/b3df6a06e44bab3111583b90f0f33a0379ee5e3d22cbadd232d39f21c30c62be?s=96&d=mm&r=g\",\"caption\":\"Tino Lago\"},\"sameAs\":[\"http:\\\/\\\/www.anovapeneira.gal\"],\"url\":\"https:\\\/\\\/www.anovapeneira.gal\\\/index.php\\\/author\\\/director\\\/\"}]}<\/script>\n<!-- \/ Yoast SEO plugin. -->","yoast_head_json":{"title":"Voda de Aar\u00f3n Franco -","robots":{"index":"index","follow":"follow","max-snippet":"max-snippet:-1","max-image-preview":"max-image-preview:large","max-video-preview":"max-video-preview:-1"},"canonical":"https:\/\/www.anovapeneira.gal\/index.php\/2025\/11\/17\/voda-de-aaron-franco\/","og_locale":"gl_ES","og_type":"article","og_title":"Voda de Aar\u00f3n Franco -","og_description":"O pasado d\u00eda 8 deste mes de novembro, nos xard\u00edns do balneario de Cuntis, casou o noso colaborador, amigo e camarada Aar\u00f3n Franco coa s\u00faa compa\u00f1eira Elena Lameiro [...]","og_url":"https:\/\/www.anovapeneira.gal\/index.php\/2025\/11\/17\/voda-de-aaron-franco\/","article_publisher":"https:\/\/www.facebook.com\/anovapeneira","article_published_time":"2025-11-17T11:00:32+00:00","og_image":[{"width":1080,"height":648,"url":"https:\/\/www.anovapeneira.gal\/wp-content\/uploads\/2025\/11\/voda_aron.jpg","type":"image\/jpeg"}],"author":"Tino Lago","twitter_card":"summary_large_image","twitter_creator":"@APeneira","twitter_site":"@APeneira","twitter_misc":{"Escrito por":"Tino Lago","Tempo de lectura":"3 minutos"},"schema":{"@context":"https:\/\/schema.org","@graph":[{"@type":"Article","@id":"https:\/\/www.anovapeneira.gal\/index.php\/2025\/11\/17\/voda-de-aaron-franco\/#article","isPartOf":{"@id":"https:\/\/www.anovapeneira.gal\/index.php\/2025\/11\/17\/voda-de-aaron-franco\/"},"author":{"name":"Tino Lago","@id":"https:\/\/www.anovapeneira.gal\/#\/schema\/person\/424dfe65e3070fd8a44d22d2c088762a"},"headline":"Voda de Aar\u00f3n Franco","datePublished":"2025-11-17T11:00:32+00:00","mainEntityOfPage":{"@id":"https:\/\/www.anovapeneira.gal\/index.php\/2025\/11\/17\/voda-de-aaron-franco\/"},"wordCount":305,"commentCount":0,"publisher":{"@id":"https:\/\/www.anovapeneira.gal\/#organization"},"image":{"@id":"https:\/\/www.anovapeneira.gal\/index.php\/2025\/11\/17\/voda-de-aaron-franco\/#primaryimage"},"thumbnailUrl":"https:\/\/www.anovapeneira.gal\/wp-content\/uploads\/2025\/11\/voda_aron.jpg","keywords":["Concello de Mar\u00edn"],"articleSection":["Morrazo"],"inLanguage":"gl-ES","potentialAction":[{"@type":"CommentAction","name":"Comment","target":["https:\/\/www.anovapeneira.gal\/index.php\/2025\/11\/17\/voda-de-aaron-franco\/#respond"]}]},{"@type":"WebPage","@id":"https:\/\/www.anovapeneira.gal\/index.php\/2025\/11\/17\/voda-de-aaron-franco\/","url":"https:\/\/www.anovapeneira.gal\/index.php\/2025\/11\/17\/voda-de-aaron-franco\/","name":"Voda de Aar\u00f3n Franco -","isPartOf":{"@id":"https:\/\/www.anovapeneira.gal\/#website"},"primaryImageOfPage":{"@id":"https:\/\/www.anovapeneira.gal\/index.php\/2025\/11\/17\/voda-de-aaron-franco\/#primaryimage"},"image":{"@id":"https:\/\/www.anovapeneira.gal\/index.php\/2025\/11\/17\/voda-de-aaron-franco\/#primaryimage"},"thumbnailUrl":"https:\/\/www.anovapeneira.gal\/wp-content\/uploads\/2025\/11\/voda_aron.jpg","datePublished":"2025-11-17T11:00:32+00:00","breadcrumb":{"@id":"https:\/\/www.anovapeneira.gal\/index.php\/2025\/11\/17\/voda-de-aaron-franco\/#breadcrumb"},"inLanguage":"gl-ES","potentialAction":[{"@type":"ReadAction","target":["https:\/\/www.anovapeneira.gal\/index.php\/2025\/11\/17\/voda-de-aaron-franco\/"]}]},{"@type":"ImageObject","inLanguage":"gl-ES","@id":"https:\/\/www.anovapeneira.gal\/index.php\/2025\/11\/17\/voda-de-aaron-franco\/#primaryimage","url":"https:\/\/www.anovapeneira.gal\/wp-content\/uploads\/2025\/11\/voda_aron.jpg","contentUrl":"https:\/\/www.anovapeneira.gal\/wp-content\/uploads\/2025\/11\/voda_aron.jpg","width":1080,"height":648},{"@type":"BreadcrumbList","@id":"https:\/\/www.anovapeneira.gal\/index.php\/2025\/11\/17\/voda-de-aaron-franco\/#breadcrumb","itemListElement":[{"@type":"ListItem","position":1,"name":"Portada","item":"https:\/\/www.anovapeneira.gal\/"},{"@type":"ListItem","position":2,"name":"Voda de Aar\u00f3n Franco"}]},{"@type":"WebSite","@id":"https:\/\/www.anovapeneira.gal\/#website","url":"https:\/\/www.anovapeneira.gal\/","name":"","description":"Xornal galego de informaci\u00f3n xeral Publicaci\u00f3n mensual de novas de Galicia e en especial dos Concellos da sur da provincia de Pontevedra.","publisher":{"@id":"https:\/\/www.anovapeneira.gal\/#organization"},"potentialAction":[{"@type":"SearchAction","target":{"@type":"EntryPoint","urlTemplate":"https:\/\/www.anovapeneira.gal\/?s={search_term_string}"},"query-input":{"@type":"PropertyValueSpecification","valueRequired":true,"valueName":"search_term_string"}}],"inLanguage":"gl-ES"},{"@type":"Organization","@id":"https:\/\/www.anovapeneira.gal\/#organization","name":"A Nova Peneira","url":"https:\/\/www.anovapeneira.gal\/","logo":{"@type":"ImageObject","inLanguage":"gl-ES","@id":"https:\/\/www.anovapeneira.gal\/#\/schema\/logo\/image\/","url":"http:\/\/www.anovapeneira.gal\/wp-content\/uploads\/2019\/06\/logo_a_nova_peneira_portal_web.png","contentUrl":"http:\/\/www.anovapeneira.gal\/wp-content\/uploads\/2019\/06\/logo_a_nova_peneira_portal_web.png","width":300,"height":100,"caption":"A Nova Peneira"},"image":{"@id":"https:\/\/www.anovapeneira.gal\/#\/schema\/logo\/image\/"},"sameAs":["https:\/\/www.facebook.com\/anovapeneira","https:\/\/x.com\/APeneira"]},{"@type":"Person","@id":"https:\/\/www.anovapeneira.gal\/#\/schema\/person\/424dfe65e3070fd8a44d22d2c088762a","name":"Tino Lago","image":{"@type":"ImageObject","inLanguage":"gl-ES","@id":"https:\/\/secure.gravatar.com\/avatar\/b3df6a06e44bab3111583b90f0f33a0379ee5e3d22cbadd232d39f21c30c62be?s=96&d=mm&r=g","url":"https:\/\/secure.gravatar.com\/avatar\/b3df6a06e44bab3111583b90f0f33a0379ee5e3d22cbadd232d39f21c30c62be?s=96&d=mm&r=g","contentUrl":"https:\/\/secure.gravatar.com\/avatar\/b3df6a06e44bab3111583b90f0f33a0379ee5e3d22cbadd232d39f21c30c62be?s=96&d=mm&r=g","caption":"Tino Lago"},"sameAs":["http:\/\/www.anovapeneira.gal"],"url":"https:\/\/www.anovapeneira.gal\/index.php\/author\/director\/"}]}},"jetpack_featured_media_url":"https:\/\/www.anovapeneira.gal\/wp-content\/uploads\/2025\/11\/voda_aron.jpg","_links":{"self":[{"href":"https:\/\/www.anovapeneira.gal\/index.php\/wp-json\/wp\/v2\/posts\/14945","targetHints":{"allow":["GET"]}}],"collection":[{"href":"https:\/\/www.anovapeneira.gal\/index.php\/wp-json\/wp\/v2\/posts"}],"about":[{"href":"https:\/\/www.anovapeneira.gal\/index.php\/wp-json\/wp\/v2\/types\/post"}],"author":[{"embeddable":true,"href":"https:\/\/www.anovapeneira.gal\/index.php\/wp-json\/wp\/v2\/users\/2"}],"replies":[{"embeddable":true,"href":"https:\/\/www.anovapeneira.gal\/index.php\/wp-json\/wp\/v2\/comments?post=14945"}],"version-history":[{"count":1,"href":"https:\/\/www.anovapeneira.gal\/index.php\/wp-json\/wp\/v2\/posts\/14945\/revisions"}],"predecessor-version":[{"id":14951,"href":"https:\/\/www.anovapeneira.gal\/index.php\/wp-json\/wp\/v2\/posts\/14945\/revisions\/14951"}],"wp:featuredmedia":[{"embeddable":true,"href":"https:\/\/www.anovapeneira.gal\/index.php\/wp-json\/wp\/v2\/media\/14946"}],"wp:attachment":[{"href":"https:\/\/www.anovapeneira.gal\/index.php\/wp-json\/wp\/v2\/media?parent=14945"}],"wp:term":[{"taxonomy":"category","embeddable":true,"href":"https:\/\/www.anovapeneira.gal\/index.php\/wp-json\/wp\/v2\/categories?post=14945"},{"taxonomy":"post_tag","embeddable":true,"href":"https:\/\/www.anovapeneira.gal\/index.php\/wp-json\/wp\/v2\/tags?post=14945"}],"curies":[{"name":"wp","href":"https:\/\/api.w.org\/{rel}","templated":true}]}}