{"id":14952,"date":"2025-11-18T10:00:25","date_gmt":"2025-11-18T09:00:25","guid":{"rendered":"https:\/\/www.anovapeneira.gal\/?p=14952"},"modified":"2025-11-17T19:32:45","modified_gmt":"2025-11-17T18:32:45","slug":"a-historia-daqueles-tempos","status":"publish","type":"post","link":"https:\/\/www.anovapeneira.gal\/index.php\/2025\/11\/18\/a-historia-daqueles-tempos\/","title":{"rendered":"A historia daqueles tempos"},"content":{"rendered":"\n<pre class=\"wp-block-verse\">Manuel Alfonso Est\u00e9vez, fillo de Fornelos da Ribeira.<\/pre>\n\n\n\n<p><strong>A historia daqueles tempos<\/strong><\/p>\n\n\n\n<p><strong>Adeus, pai e, adeus nai,<\/strong><\/p>\n\n\n\n<p><strong>adeus, aldea que quero,<\/strong><\/p>\n\n\n\n<p><strong>xa me vou deste mundo,<\/strong><\/p>\n\n\n\n<p><strong>xa sei que me vou de vello.<\/strong><\/p>\n\n\n\n<p>Cando fun a Escola P\u00fablica de San Andr\u00e9 de Lourido,s\u00f3 hab\u00eda fame en Espa\u00f1a. Neses anos tenros nos que as almas se moldeaban cal plastilina, fun educado como tantos outros galegos.<\/p>\n\n\n\n<p>E dicir: Como un imb\u00e9cil: DEUS OU DEMO, INFERNO OU PECADO. E os equivalentes pol\u00edticos eran: FRANCO OU COMUNISMO. E grazas a aquel \u201ccaudillo\u201d nos deron queixo do benvido, \u201cM\u00cdSTER MARSHALL\u201d mentres que o noso \u201cAUXILIO SOCIAL\u201d nos mataba a fame. Todo tan confuso, como o \u201cMisterio da Sant\u00edsima Trinidade\u201d, e os \u201cPrincipios Fundamentais da JONS\u201d e das sete clases de anxos do Ceo, que acompa\u00f1aban o pupitre de AD\u00c1N, descubertos nos vellos pupitres e pizarra: \u201cAnxos, Tronos, Seraf\u00edns, e Yugos e Flechas\u201d. Deus, mesmamente, hab\u00eda unido a Franco, para salvar a cultura das hordas xudeu-marxistas, e roxos-separatistas, que apenas se pod\u00edan reter os nomes tan raros, dos que nunca nos contaron nada, salvo que odiaban os que mataron a Jos\u00e9 Antonio que foi unha especie de anxo, ou profeta de pelo en peito, xa no Ceo.<\/p>\n\n\n\n<p>Logo, misa e salve, t\u00f3dolos d\u00edas, e dobre raci\u00f3n de latigazos en d\u00edas de Paix\u00f3n, Pascuas e Ramos. Menos mal que nas \u201cnovenas\u201d v\u00edas as chavalas dos Colexios das Monxas, todas vestidas de azul, con colecta e calcet\u00edns atas o xeonllos.<\/p>\n\n\n\n<p>L\u00e9mbrome daqueles tempos, e das festas e romar\u00edas, como do \u201cCorpus\u201d custodiado pola Garda Civil: Triunfa Espa\u00f1a, alce os brazos fillos do pobo espa\u00f1ol, que volve a resurxir&#8230; \u00a1Todo tan confuso! E o \u00fanico evidente era o cheiro a colonia dos ricos, cando hab\u00edan votado a \u201ccalderilla\u201d para os pobres. Os demais, cheirabamos a xabr\u00f3n feito na casa, e a \u201cperruqueir\u00eda\u201d enxaugada con vinagre&#8230;<\/p>\n\n\n\n<p>Estaba claro que a \u201cIgrexa\u201d quer\u00eda mais os ricos que os pobres, pero \u00a1Eso si! Eran os que mais met\u00edan a man no cu, mentres os pobres recib\u00edan castigos por non ter auga nas casas. E, cando alg\u00fan neno era castigado de pe, no colexio o mandaba ao fondo da clase. E, a\u00ednda me lembro aos meus 94 anos, aquel cartel que dic\u00eda. Espa\u00f1a: \u201cVinte Anos de Paz\u201d.<\/p>\n\n\n\n<p>Trag\u00e1bamos todo. E hoxe me pregunto: \u00bfPorque ent\u00f3n sa\u00edmos tan atravesados? Si todo era falso. E, foron aqueles anos de \u201cpataleo\u201d os primeiros actos de rebeld\u00eda.<\/p>\n\n\n\n<p>Logo, remexendo polos arquivos descubr\u00edn as causas daquelas algaradas: Si hai que ir o inferno vaise, pero \u00a1Ollo! Que non nos acollan.<\/p>\n\n\n\n<p>Daquela, eran pequenas rebeld\u00edas que non s\u00f3 freaban as clases de Formaci\u00f3n do Esp\u00edrito Nacional, sen\u00f3n, a\u00ednda o estou vendo para reconvertelo.<\/p>\n\n\n\n<p>E pasaron anos e anos, sen responsabilidades pol\u00edticas para aquelas xentes.<\/p>\n\n\n\n<p>Algunhas veces, retorno o meu eido natal, e l\u00e9mbrome daquelas festas e romar\u00edas, do amor o terru\u00f1o, dalgunhas consignas pol\u00edticas e \u00a1Como non! Da tortilla de patacas o car\u00f3n da lareira, de escoitar \u201cRadio Par\u00eds\u201d e dos meus ardores non exentos de contradici\u00f3ns.<\/p>\n\n\n\n<p>E, noso deber dar as grazas \u201cA Nova Peneira\u201d por darnos a oportunidade de que a xente de agora, saiba o que sufriu a xuventude en tempos atr\u00e1s.<\/p>\n\n\n\n<p><strong>Ma\u00f1\u00e1, cando morra<\/strong><\/p>\n\n\n\n<p><strong>no ve\u00f1ades a chorarme.<\/strong><\/p>\n\n\n\n<p><strong>Non estarei baixo terra,<\/strong><\/p>\n\n\n\n<p><strong>o vento a de levarme.<\/strong><\/p>\n\n\n\n<p><strong>&nbsp;Manuel Alfonso Est\u00e9vez,<\/strong><\/p>\n\n\n\n<p><strong>&nbsp;fillo de Fornelos da Ribeira.<\/strong><\/p>\n","protected":false},"excerpt":{"rendered":"<div class=\"mh-excerpt\"><p>Cando fun a Escola P\u00fablica de San Andr\u00e9 de Lourido,s\u00f3 hab\u00eda fame en Espa\u00f1a. <a class=\"mh-excerpt-more\" href=\"https:\/\/www.anovapeneira.gal\/index.php\/2025\/11\/18\/a-historia-daqueles-tempos\/\" title=\"A historia daqueles tempos\">[&#8230;]<\/a><\/p>\n<\/div>","protected":false},"author":40,"featured_media":5108,"comment_status":"open","ping_status":"open","sticky":false,"template":"","format":"standard","meta":{"_exactmetrics_skip_tracking":false,"_exactmetrics_sitenote_active":false,"_exactmetrics_sitenote_note":"","_exactmetrics_sitenote_category":0,"footnotes":""},"categories":[7],"tags":[],"class_list":{"0":"post-14952","1":"post","2":"type-post","3":"status-publish","4":"format-standard","5":"has-post-thumbnail","7":"category-artigos-de-opinion"},"yoast_head":"<!-- This site is optimized with the Yoast SEO plugin v27.4 - https:\/\/yoast.com\/product\/yoast-seo-wordpress\/ -->\n<title>A historia daqueles tempos -<\/title>\n<meta name=\"robots\" content=\"index, follow, max-snippet:-1, max-image-preview:large, max-video-preview:-1\" \/>\n<link rel=\"canonical\" href=\"https:\/\/www.anovapeneira.gal\/index.php\/2025\/11\/18\/a-historia-daqueles-tempos\/\" \/>\n<meta property=\"og:locale\" content=\"gl_ES\" \/>\n<meta property=\"og:type\" content=\"article\" \/>\n<meta property=\"og:title\" content=\"A historia daqueles tempos -\" \/>\n<meta property=\"og:description\" content=\"Cando fun a Escola P\u00fablica de San Andr\u00e9 de Lourido,s\u00f3 hab\u00eda fame en Espa\u00f1a. [...]\" \/>\n<meta property=\"og:url\" content=\"https:\/\/www.anovapeneira.gal\/index.php\/2025\/11\/18\/a-historia-daqueles-tempos\/\" \/>\n<meta property=\"article:publisher\" content=\"https:\/\/www.facebook.com\/anovapeneira\" \/>\n<meta property=\"article:published_time\" content=\"2025-11-18T09:00:25+00:00\" \/>\n<meta property=\"og:image\" content=\"https:\/\/www.anovapeneira.gal\/wp-content\/uploads\/2021\/03\/manuel_alfonso_estevez.jpg\" \/>\n\t<meta property=\"og:image:width\" content=\"720\" \/>\n\t<meta property=\"og:image:height\" content=\"432\" \/>\n\t<meta property=\"og:image:type\" content=\"image\/jpeg\" \/>\n<meta name=\"author\" content=\"Manuel Alfonso Est\u00e9vez\" \/>\n<meta name=\"twitter:card\" content=\"summary_large_image\" \/>\n<meta name=\"twitter:creator\" content=\"@APeneira\" \/>\n<meta name=\"twitter:site\" content=\"@APeneira\" \/>\n<meta name=\"twitter:label1\" content=\"Escrito por\" \/>\n\t<meta name=\"twitter:data1\" content=\"Manuel Alfonso Est\u00e9vez\" \/>\n\t<meta name=\"twitter:label2\" content=\"Tempo de lectura\" \/>\n\t<meta name=\"twitter:data2\" content=\"4 minutos\" \/>\n<script type=\"application\/ld+json\" class=\"yoast-schema-graph\">{\"@context\":\"https:\\\/\\\/schema.org\",\"@graph\":[{\"@type\":\"Article\",\"@id\":\"https:\\\/\\\/www.anovapeneira.gal\\\/index.php\\\/2025\\\/11\\\/18\\\/a-historia-daqueles-tempos\\\/#article\",\"isPartOf\":{\"@id\":\"https:\\\/\\\/www.anovapeneira.gal\\\/index.php\\\/2025\\\/11\\\/18\\\/a-historia-daqueles-tempos\\\/\"},\"author\":{\"name\":\"Manuel Alfonso Est\u00e9vez\",\"@id\":\"https:\\\/\\\/www.anovapeneira.gal\\\/#\\\/schema\\\/person\\\/6561b93d53e7a32f5d814768163bae2a\"},\"headline\":\"A historia daqueles tempos\",\"datePublished\":\"2025-11-18T09:00:25+00:00\",\"mainEntityOfPage\":{\"@id\":\"https:\\\/\\\/www.anovapeneira.gal\\\/index.php\\\/2025\\\/11\\\/18\\\/a-historia-daqueles-tempos\\\/\"},\"wordCount\":602,\"commentCount\":0,\"publisher\":{\"@id\":\"https:\\\/\\\/www.anovapeneira.gal\\\/#organization\"},\"image\":{\"@id\":\"https:\\\/\\\/www.anovapeneira.gal\\\/index.php\\\/2025\\\/11\\\/18\\\/a-historia-daqueles-tempos\\\/#primaryimage\"},\"thumbnailUrl\":\"https:\\\/\\\/www.anovapeneira.gal\\\/wp-content\\\/uploads\\\/2021\\\/03\\\/manuel_alfonso_estevez.jpg\",\"articleSection\":[\"Artigos de opini\u00f3n\"],\"inLanguage\":\"gl-ES\",\"potentialAction\":[{\"@type\":\"CommentAction\",\"name\":\"Comment\",\"target\":[\"https:\\\/\\\/www.anovapeneira.gal\\\/index.php\\\/2025\\\/11\\\/18\\\/a-historia-daqueles-tempos\\\/#respond\"]}]},{\"@type\":\"WebPage\",\"@id\":\"https:\\\/\\\/www.anovapeneira.gal\\\/index.php\\\/2025\\\/11\\\/18\\\/a-historia-daqueles-tempos\\\/\",\"url\":\"https:\\\/\\\/www.anovapeneira.gal\\\/index.php\\\/2025\\\/11\\\/18\\\/a-historia-daqueles-tempos\\\/\",\"name\":\"A historia daqueles tempos -\",\"isPartOf\":{\"@id\":\"https:\\\/\\\/www.anovapeneira.gal\\\/#website\"},\"primaryImageOfPage\":{\"@id\":\"https:\\\/\\\/www.anovapeneira.gal\\\/index.php\\\/2025\\\/11\\\/18\\\/a-historia-daqueles-tempos\\\/#primaryimage\"},\"image\":{\"@id\":\"https:\\\/\\\/www.anovapeneira.gal\\\/index.php\\\/2025\\\/11\\\/18\\\/a-historia-daqueles-tempos\\\/#primaryimage\"},\"thumbnailUrl\":\"https:\\\/\\\/www.anovapeneira.gal\\\/wp-content\\\/uploads\\\/2021\\\/03\\\/manuel_alfonso_estevez.jpg\",\"datePublished\":\"2025-11-18T09:00:25+00:00\",\"breadcrumb\":{\"@id\":\"https:\\\/\\\/www.anovapeneira.gal\\\/index.php\\\/2025\\\/11\\\/18\\\/a-historia-daqueles-tempos\\\/#breadcrumb\"},\"inLanguage\":\"gl-ES\",\"potentialAction\":[{\"@type\":\"ReadAction\",\"target\":[\"https:\\\/\\\/www.anovapeneira.gal\\\/index.php\\\/2025\\\/11\\\/18\\\/a-historia-daqueles-tempos\\\/\"]}]},{\"@type\":\"ImageObject\",\"inLanguage\":\"gl-ES\",\"@id\":\"https:\\\/\\\/www.anovapeneira.gal\\\/index.php\\\/2025\\\/11\\\/18\\\/a-historia-daqueles-tempos\\\/#primaryimage\",\"url\":\"https:\\\/\\\/www.anovapeneira.gal\\\/wp-content\\\/uploads\\\/2021\\\/03\\\/manuel_alfonso_estevez.jpg\",\"contentUrl\":\"https:\\\/\\\/www.anovapeneira.gal\\\/wp-content\\\/uploads\\\/2021\\\/03\\\/manuel_alfonso_estevez.jpg\",\"width\":720,\"height\":432,\"caption\":\"Manuel Alfonso Est\u00e9vez. Historia viva de Fornelos da Ribeira\"},{\"@type\":\"BreadcrumbList\",\"@id\":\"https:\\\/\\\/www.anovapeneira.gal\\\/index.php\\\/2025\\\/11\\\/18\\\/a-historia-daqueles-tempos\\\/#breadcrumb\",\"itemListElement\":[{\"@type\":\"ListItem\",\"position\":1,\"name\":\"Portada\",\"item\":\"https:\\\/\\\/www.anovapeneira.gal\\\/\"},{\"@type\":\"ListItem\",\"position\":2,\"name\":\"A historia daqueles tempos\"}]},{\"@type\":\"WebSite\",\"@id\":\"https:\\\/\\\/www.anovapeneira.gal\\\/#website\",\"url\":\"https:\\\/\\\/www.anovapeneira.gal\\\/\",\"name\":\"\",\"description\":\"Xornal galego de informaci\u00f3n xeral Publicaci\u00f3n mensual de novas de Galicia e en especial dos Concellos da sur da provincia de Pontevedra.\",\"publisher\":{\"@id\":\"https:\\\/\\\/www.anovapeneira.gal\\\/#organization\"},\"potentialAction\":[{\"@type\":\"SearchAction\",\"target\":{\"@type\":\"EntryPoint\",\"urlTemplate\":\"https:\\\/\\\/www.anovapeneira.gal\\\/?s={search_term_string}\"},\"query-input\":{\"@type\":\"PropertyValueSpecification\",\"valueRequired\":true,\"valueName\":\"search_term_string\"}}],\"inLanguage\":\"gl-ES\"},{\"@type\":\"Organization\",\"@id\":\"https:\\\/\\\/www.anovapeneira.gal\\\/#organization\",\"name\":\"A Nova Peneira\",\"url\":\"https:\\\/\\\/www.anovapeneira.gal\\\/\",\"logo\":{\"@type\":\"ImageObject\",\"inLanguage\":\"gl-ES\",\"@id\":\"https:\\\/\\\/www.anovapeneira.gal\\\/#\\\/schema\\\/logo\\\/image\\\/\",\"url\":\"http:\\\/\\\/www.anovapeneira.gal\\\/wp-content\\\/uploads\\\/2019\\\/06\\\/logo_a_nova_peneira_portal_web.png\",\"contentUrl\":\"http:\\\/\\\/www.anovapeneira.gal\\\/wp-content\\\/uploads\\\/2019\\\/06\\\/logo_a_nova_peneira_portal_web.png\",\"width\":300,\"height\":100,\"caption\":\"A Nova Peneira\"},\"image\":{\"@id\":\"https:\\\/\\\/www.anovapeneira.gal\\\/#\\\/schema\\\/logo\\\/image\\\/\"},\"sameAs\":[\"https:\\\/\\\/www.facebook.com\\\/anovapeneira\",\"https:\\\/\\\/x.com\\\/APeneira\"]},{\"@type\":\"Person\",\"@id\":\"https:\\\/\\\/www.anovapeneira.gal\\\/#\\\/schema\\\/person\\\/6561b93d53e7a32f5d814768163bae2a\",\"name\":\"Manuel Alfonso Est\u00e9vez\",\"image\":{\"@type\":\"ImageObject\",\"inLanguage\":\"gl-ES\",\"@id\":\"https:\\\/\\\/secure.gravatar.com\\\/avatar\\\/f5d3e86603a02dabc520fdacad8691552cb5b3b57ede8828ababc7095c054594?s=96&d=mm&r=g\",\"url\":\"https:\\\/\\\/secure.gravatar.com\\\/avatar\\\/f5d3e86603a02dabc520fdacad8691552cb5b3b57ede8828ababc7095c054594?s=96&d=mm&r=g\",\"contentUrl\":\"https:\\\/\\\/secure.gravatar.com\\\/avatar\\\/f5d3e86603a02dabc520fdacad8691552cb5b3b57ede8828ababc7095c054594?s=96&d=mm&r=g\",\"caption\":\"Manuel Alfonso Est\u00e9vez\"},\"url\":\"https:\\\/\\\/www.anovapeneira.gal\\\/index.php\\\/author\\\/manuelalfonso\\\/\"}]}<\/script>\n<!-- \/ Yoast SEO plugin. -->","yoast_head_json":{"title":"A historia daqueles tempos -","robots":{"index":"index","follow":"follow","max-snippet":"max-snippet:-1","max-image-preview":"max-image-preview:large","max-video-preview":"max-video-preview:-1"},"canonical":"https:\/\/www.anovapeneira.gal\/index.php\/2025\/11\/18\/a-historia-daqueles-tempos\/","og_locale":"gl_ES","og_type":"article","og_title":"A historia daqueles tempos -","og_description":"Cando fun a Escola P\u00fablica de San Andr\u00e9 de Lourido,s\u00f3 hab\u00eda fame en Espa\u00f1a. [...]","og_url":"https:\/\/www.anovapeneira.gal\/index.php\/2025\/11\/18\/a-historia-daqueles-tempos\/","article_publisher":"https:\/\/www.facebook.com\/anovapeneira","article_published_time":"2025-11-18T09:00:25+00:00","og_image":[{"width":720,"height":432,"url":"https:\/\/www.anovapeneira.gal\/wp-content\/uploads\/2021\/03\/manuel_alfonso_estevez.jpg","type":"image\/jpeg"}],"author":"Manuel Alfonso Est\u00e9vez","twitter_card":"summary_large_image","twitter_creator":"@APeneira","twitter_site":"@APeneira","twitter_misc":{"Escrito por":"Manuel Alfonso Est\u00e9vez","Tempo de lectura":"4 minutos"},"schema":{"@context":"https:\/\/schema.org","@graph":[{"@type":"Article","@id":"https:\/\/www.anovapeneira.gal\/index.php\/2025\/11\/18\/a-historia-daqueles-tempos\/#article","isPartOf":{"@id":"https:\/\/www.anovapeneira.gal\/index.php\/2025\/11\/18\/a-historia-daqueles-tempos\/"},"author":{"name":"Manuel Alfonso Est\u00e9vez","@id":"https:\/\/www.anovapeneira.gal\/#\/schema\/person\/6561b93d53e7a32f5d814768163bae2a"},"headline":"A historia daqueles tempos","datePublished":"2025-11-18T09:00:25+00:00","mainEntityOfPage":{"@id":"https:\/\/www.anovapeneira.gal\/index.php\/2025\/11\/18\/a-historia-daqueles-tempos\/"},"wordCount":602,"commentCount":0,"publisher":{"@id":"https:\/\/www.anovapeneira.gal\/#organization"},"image":{"@id":"https:\/\/www.anovapeneira.gal\/index.php\/2025\/11\/18\/a-historia-daqueles-tempos\/#primaryimage"},"thumbnailUrl":"https:\/\/www.anovapeneira.gal\/wp-content\/uploads\/2021\/03\/manuel_alfonso_estevez.jpg","articleSection":["Artigos de opini\u00f3n"],"inLanguage":"gl-ES","potentialAction":[{"@type":"CommentAction","name":"Comment","target":["https:\/\/www.anovapeneira.gal\/index.php\/2025\/11\/18\/a-historia-daqueles-tempos\/#respond"]}]},{"@type":"WebPage","@id":"https:\/\/www.anovapeneira.gal\/index.php\/2025\/11\/18\/a-historia-daqueles-tempos\/","url":"https:\/\/www.anovapeneira.gal\/index.php\/2025\/11\/18\/a-historia-daqueles-tempos\/","name":"A historia daqueles tempos -","isPartOf":{"@id":"https:\/\/www.anovapeneira.gal\/#website"},"primaryImageOfPage":{"@id":"https:\/\/www.anovapeneira.gal\/index.php\/2025\/11\/18\/a-historia-daqueles-tempos\/#primaryimage"},"image":{"@id":"https:\/\/www.anovapeneira.gal\/index.php\/2025\/11\/18\/a-historia-daqueles-tempos\/#primaryimage"},"thumbnailUrl":"https:\/\/www.anovapeneira.gal\/wp-content\/uploads\/2021\/03\/manuel_alfonso_estevez.jpg","datePublished":"2025-11-18T09:00:25+00:00","breadcrumb":{"@id":"https:\/\/www.anovapeneira.gal\/index.php\/2025\/11\/18\/a-historia-daqueles-tempos\/#breadcrumb"},"inLanguage":"gl-ES","potentialAction":[{"@type":"ReadAction","target":["https:\/\/www.anovapeneira.gal\/index.php\/2025\/11\/18\/a-historia-daqueles-tempos\/"]}]},{"@type":"ImageObject","inLanguage":"gl-ES","@id":"https:\/\/www.anovapeneira.gal\/index.php\/2025\/11\/18\/a-historia-daqueles-tempos\/#primaryimage","url":"https:\/\/www.anovapeneira.gal\/wp-content\/uploads\/2021\/03\/manuel_alfonso_estevez.jpg","contentUrl":"https:\/\/www.anovapeneira.gal\/wp-content\/uploads\/2021\/03\/manuel_alfonso_estevez.jpg","width":720,"height":432,"caption":"Manuel Alfonso Est\u00e9vez. Historia viva de Fornelos da Ribeira"},{"@type":"BreadcrumbList","@id":"https:\/\/www.anovapeneira.gal\/index.php\/2025\/11\/18\/a-historia-daqueles-tempos\/#breadcrumb","itemListElement":[{"@type":"ListItem","position":1,"name":"Portada","item":"https:\/\/www.anovapeneira.gal\/"},{"@type":"ListItem","position":2,"name":"A historia daqueles tempos"}]},{"@type":"WebSite","@id":"https:\/\/www.anovapeneira.gal\/#website","url":"https:\/\/www.anovapeneira.gal\/","name":"","description":"Xornal galego de informaci\u00f3n xeral Publicaci\u00f3n mensual de novas de Galicia e en especial dos Concellos da sur da provincia de Pontevedra.","publisher":{"@id":"https:\/\/www.anovapeneira.gal\/#organization"},"potentialAction":[{"@type":"SearchAction","target":{"@type":"EntryPoint","urlTemplate":"https:\/\/www.anovapeneira.gal\/?s={search_term_string}"},"query-input":{"@type":"PropertyValueSpecification","valueRequired":true,"valueName":"search_term_string"}}],"inLanguage":"gl-ES"},{"@type":"Organization","@id":"https:\/\/www.anovapeneira.gal\/#organization","name":"A Nova Peneira","url":"https:\/\/www.anovapeneira.gal\/","logo":{"@type":"ImageObject","inLanguage":"gl-ES","@id":"https:\/\/www.anovapeneira.gal\/#\/schema\/logo\/image\/","url":"http:\/\/www.anovapeneira.gal\/wp-content\/uploads\/2019\/06\/logo_a_nova_peneira_portal_web.png","contentUrl":"http:\/\/www.anovapeneira.gal\/wp-content\/uploads\/2019\/06\/logo_a_nova_peneira_portal_web.png","width":300,"height":100,"caption":"A Nova Peneira"},"image":{"@id":"https:\/\/www.anovapeneira.gal\/#\/schema\/logo\/image\/"},"sameAs":["https:\/\/www.facebook.com\/anovapeneira","https:\/\/x.com\/APeneira"]},{"@type":"Person","@id":"https:\/\/www.anovapeneira.gal\/#\/schema\/person\/6561b93d53e7a32f5d814768163bae2a","name":"Manuel Alfonso Est\u00e9vez","image":{"@type":"ImageObject","inLanguage":"gl-ES","@id":"https:\/\/secure.gravatar.com\/avatar\/f5d3e86603a02dabc520fdacad8691552cb5b3b57ede8828ababc7095c054594?s=96&d=mm&r=g","url":"https:\/\/secure.gravatar.com\/avatar\/f5d3e86603a02dabc520fdacad8691552cb5b3b57ede8828ababc7095c054594?s=96&d=mm&r=g","contentUrl":"https:\/\/secure.gravatar.com\/avatar\/f5d3e86603a02dabc520fdacad8691552cb5b3b57ede8828ababc7095c054594?s=96&d=mm&r=g","caption":"Manuel Alfonso Est\u00e9vez"},"url":"https:\/\/www.anovapeneira.gal\/index.php\/author\/manuelalfonso\/"}]}},"jetpack_featured_media_url":"https:\/\/www.anovapeneira.gal\/wp-content\/uploads\/2021\/03\/manuel_alfonso_estevez.jpg","_links":{"self":[{"href":"https:\/\/www.anovapeneira.gal\/index.php\/wp-json\/wp\/v2\/posts\/14952","targetHints":{"allow":["GET"]}}],"collection":[{"href":"https:\/\/www.anovapeneira.gal\/index.php\/wp-json\/wp\/v2\/posts"}],"about":[{"href":"https:\/\/www.anovapeneira.gal\/index.php\/wp-json\/wp\/v2\/types\/post"}],"author":[{"embeddable":true,"href":"https:\/\/www.anovapeneira.gal\/index.php\/wp-json\/wp\/v2\/users\/40"}],"replies":[{"embeddable":true,"href":"https:\/\/www.anovapeneira.gal\/index.php\/wp-json\/wp\/v2\/comments?post=14952"}],"version-history":[{"count":1,"href":"https:\/\/www.anovapeneira.gal\/index.php\/wp-json\/wp\/v2\/posts\/14952\/revisions"}],"predecessor-version":[{"id":14953,"href":"https:\/\/www.anovapeneira.gal\/index.php\/wp-json\/wp\/v2\/posts\/14952\/revisions\/14953"}],"wp:featuredmedia":[{"embeddable":true,"href":"https:\/\/www.anovapeneira.gal\/index.php\/wp-json\/wp\/v2\/media\/5108"}],"wp:attachment":[{"href":"https:\/\/www.anovapeneira.gal\/index.php\/wp-json\/wp\/v2\/media?parent=14952"}],"wp:term":[{"taxonomy":"category","embeddable":true,"href":"https:\/\/www.anovapeneira.gal\/index.php\/wp-json\/wp\/v2\/categories?post=14952"},{"taxonomy":"post_tag","embeddable":true,"href":"https:\/\/www.anovapeneira.gal\/index.php\/wp-json\/wp\/v2\/tags?post=14952"}],"curies":[{"name":"wp","href":"https:\/\/api.w.org\/{rel}","templated":true}]}}