{"id":14957,"date":"2025-11-19T10:00:14","date_gmt":"2025-11-19T09:00:14","guid":{"rendered":"https:\/\/www.anovapeneira.gal\/?p=14957"},"modified":"2025-11-18T14:12:40","modified_gmt":"2025-11-18T13:12:40","slug":"tempos-de-regresion","status":"publish","type":"post","link":"https:\/\/www.anovapeneira.gal\/index.php\/2025\/11\/19\/tempos-de-regresion\/","title":{"rendered":"Tempos de regresi\u00f3n"},"content":{"rendered":"\n<figure class=\"wp-block-image size-full is-resized\"><img loading=\"lazy\" decoding=\"async\" width=\"190\" height=\"222\" src=\"https:\/\/www.anovapeneira.gal\/wp-content\/uploads\/2019\/07\/Baldomero_Iglesias_Dobarrio_Mero.jpg\" alt=\"Baldomero Iglesias Dobarrio Mero artigos de opini\u00f3n A Nova Peneira\" class=\"wp-image-482\" style=\"width:114px;height:auto\"\/><figcaption class=\"wp-element-caption\">Baldomero Iglesias Dobarrio, Mero<\/figcaption><\/figure>\n\n\n\n<p>Cando algu\u00e9n non quere querer tampouco se quere, anque o amor \u00e9 algo traidor e v\u00e9n sen pedirnos permiso. Mentres est\u00e1 as\u00ed, tampouco quere que se lle perdoen as d\u00e9bedas que os seus do arredor te\u00f1en, as d\u00e9bedas da Casa, por exemplo. Tam\u00e9n \u00e9 quen de permitir a contaminaci\u00f3n indiscriminada e mesmo a propia sen p\u00f3r apa\u00f1o ao mal causado. Todo iso sucede porque non hai sentimentos, referencias de orixe, arraigo. Cando se permite unha disposici\u00f3n da casa con elementos que contaxien o mal e produzan efectos negativos, como a eucaliptizaci\u00f3n masiva, que despois pode dar lugar a toda unha alteraci\u00f3n ambiental e a incendios forestais exterminadores das propias esencias da paisaxe, \u00e9 porque non hai aquel afecto, e cando iso sucede en algu\u00e9n que manda \u00e9 porque somos suicidas e o permitimos, ou porque s\u00f3 miramos o que queremos ver, sen doernos prendas, sen doernos no mal que poidan causar, cegos por non querer ver.<\/p>\n\n\n\n<p>Cando despois de non coidar debidamente os n\u00facleos rurais e de permitir que se destr\u00faan h\u00e1bitats mari\u00f1os e rurais, paisax\u00edsticos de alto valor cultural. Como nos sucede, cando por riba de todo iso orientan para que se destr\u00faan as esencias, exercendo o estranxerismo e arredando constantemente de ser quen somos, creando alleamentos e contradici\u00f3ns ata o rid\u00edculo e o esperp\u00e9ntico, como se pode observar nos medios cretinos. Cando se segue coa teima de que aqu\u00ed non pasou nada, que todos os males foron un accidente, ou culpa dos outros, ou do demo e despois se facilita o labor para o atropelo con empresas de alto custo medio-ambiental que contaminan moito e non resolven os problemas de paro tendo, mesmamente, exemplos para ver, e m\u00e1is dos que quixeramos.<\/p>\n\n\n\n<p>Despois de implantar descaradamente empresas de amizades, e\u00f3licas monstruosas e lodos contaminantes, minas escandalosas que destr\u00faen r\u00edos e riquezas, que destr\u00faen o rural e incitan ao abandono das aldeas, das r\u00edas, traballos e esencias nosas que asentan poboaci\u00f3n desde tempos inmemoriais. O abandono \u00e9 unha decisi\u00f3n pol\u00edtica de menos-valoraci\u00f3n, de falta de interese, de non garantir servizos e estar descolgados do mundo sen conexi\u00f3n e sen ningu\u00e9n que ampare. Non lle dan futuro ao campo cando enterran vacas tolas e un longo etc\u00e9tera de porcalladas nas escuras terras de calquera noite. Despois de presumir de ter as pensi\u00f3ns m\u00e1is baratas do estado e de permitir a sangr\u00eda da xente nova que te\u00f1a que marchar buscar traballo. Despois de non facilitar vivenda nas cidades e vilas, de non organizar a integraci\u00f3n social, despois de non dese\u00f1ar os espazos e montes. Despois da sangr\u00eda anual da Cidade da Cultura que, a\u00ednda sen actividade clara, consome orzamentos desorbitados e queima os nosos cartos descaradamente, e ao mesmo tempo precarizar servizos e mandalos para a privada, e as\u00ed destru\u00edr consecuentemente dereitos. Despois de non querer asumir competencias fundamentais para o conforto, que lles obrigar\u00edan a traballar e dar traballo, a xestionar ben os nosos dereitos, que era -supostamente- para o que se presentaban nas elecci\u00f3ns e -se cadra- gobernar.<\/p>\n\n\n\n<p>Despois de decretar tan mal a nosa Lingua, a Educaci\u00f3n, a Sanidade, as dependencias asistenciais, as harmon\u00edas sociais, sequera concertando un xeito posible con outras administraci\u00f3ns. Despois de manipular os medios p\u00fablicos, somet\u00e9ndonos \u00e1 mentira diaria de tantos comentarios deixados \u00e1s amizades, c\u00f3mplices e con subvenci\u00f3ns e silenzos. &nbsp;Despois da falta de liberdade para ser, dunha vez, n\u00f3s, e dunha vez donos do noso, da nosa Lingua, da nosa Cultura, das nosas fames, dos nosos medos. E desde a\u00ed ser capaces de planificar o porvir. Despois de non ser quen, en tanto tempo de goberno de planificar a actividade forestal, agraria, mar\u00edtima, gandeira, industrial e mesmo humana por carecer de criterios solventes diante dos novos retos e do que se agardaba deles.<\/p>\n\n\n\n<p>Despois das malas inversi\u00f3ns e cacicadas, das faltas de persoal e axudas aos m\u00e1is necesitados. Despois de negar evidencias do cambio clim\u00e1tico, da covid, das responsabilidade co Prestige, cos incendios, coa s\u00faa contra\u00edda obriga. Despois de ter baixo o saio \u00e1 Xustiza, aos xu\u00edces e fiscais do ramo, aqueles que deitan do seu lado e crean un poder paralelo, submiso aos designios de quen manexa f\u00edos da pol\u00edtica e os cartos. Seguen cumprindo ditados do ditador, con memorias na vontade daquel se\u00f1or baixi\u00f1o de voz afrautada que deixaba todo atado e ben atado.<\/p>\n\n\n\n<p>E as\u00ed, quen renega e despreza a s\u00faa lingua e s\u00faa cultura, que insiste en seguir agochando o relato da nosa historia reduc\u00edndoa mesmo a unha divisi\u00f3n provincialista, tan espa\u00f1ola. E cando non te\u00f1en a m\u00e1is m\u00ednima preocupaci\u00f3n ou interese por reparar unha terra amputada, queimada, colonizada, esquilmada e desfeita. Que se pode agardar? E \u00e9 as\u00ed que, despois diso e moito m\u00e1is, a pregunta que nos facemos \u00e9: con todo isto, que pretenden estas mentes perversas? A onde nos queren levar? Resulta claro, tratan de rebentar un estado auton\u00f3mico, moi limitado si, quizais o inicio para p\u00f3rse a andar e chegar quizais a alg\u00fan entendemento. Estado auton\u00f3mico que non \u00e9 panacea, ben sabemos, sen\u00f3n espazo administrativo previo que solta un pouco para poder minimamente manifestar e saber das nosas eivas, a\u00ednda sen exercer en propiedade, sup\u00f3n xestionar un pouco mellor adecu\u00e1ndose a n\u00f3s, mais sen ser donos de n\u00f3s, curtos de corda. Faltos de moitas competencias, sobre todo orzamentarias, as urxentes para acudir \u00e1s necesidades propias.<\/p>\n\n\n\n<p>Est\u00e1 claro que o seu proxecto pasa por rebentar este t\u00edmido estado para volver \u00e1 negra sombra, \u00e1s noites de pedra, aquelas da unidade inviolable, da grandeza que non acolle, da s\u00faa liberdade que non libera. Te\u00f1en ansias de volver en saudades a aquela ditadura, aquel xeito de facer \u00e1 forza, de descr\u00e9ditos, de d\u00e9bedas, de insultos, de des-funcionalidade, de inxustizas, de gastos superfluos, de faltas \u00e1 lealdade, ao dereito e \u00e1 raz\u00f3n, \u00e1 cordura. Seguir coa mentira, as perpetuas batallas campais, discrepancias est\u00e9riles que xeran morte e desarraigo. Por iso fan as\u00ed, boicotean todo para so\u00f1arnos m\u00e1is submisos, menos libres. O programa non \u00e9 bo e tende a erros e horrores.<\/p>\n\n\n\n<p><\/p>\n","protected":false},"excerpt":{"rendered":"<div class=\"mh-excerpt\"><p>Cando algu\u00e9n non quere querer tampouco se quere, anque o amor \u00e9 algo traidor e v\u00e9n sen pedirnos permiso <a class=\"mh-excerpt-more\" href=\"https:\/\/www.anovapeneira.gal\/index.php\/2025\/11\/19\/tempos-de-regresion\/\" title=\"Tempos de regresi\u00f3n\">[&#8230;]<\/a><\/p>\n<\/div>","protected":false},"author":12,"featured_media":584,"comment_status":"open","ping_status":"open","sticky":false,"template":"","format":"standard","meta":{"_exactmetrics_skip_tracking":false,"_exactmetrics_sitenote_active":false,"_exactmetrics_sitenote_note":"","_exactmetrics_sitenote_category":0,"footnotes":""},"categories":[7],"tags":[],"class_list":{"0":"post-14957","1":"post","2":"type-post","3":"status-publish","4":"format-standard","5":"has-post-thumbnail","7":"category-artigos-de-opinion"},"yoast_head":"<!-- This site is optimized with the Yoast SEO plugin v27.4 - https:\/\/yoast.com\/product\/yoast-seo-wordpress\/ -->\n<title>Tempos de regresi\u00f3n -<\/title>\n<meta name=\"robots\" content=\"index, follow, max-snippet:-1, max-image-preview:large, max-video-preview:-1\" \/>\n<link rel=\"canonical\" href=\"https:\/\/www.anovapeneira.gal\/index.php\/2025\/11\/19\/tempos-de-regresion\/\" \/>\n<meta property=\"og:locale\" content=\"gl_ES\" \/>\n<meta property=\"og:type\" content=\"article\" \/>\n<meta property=\"og:title\" content=\"Tempos de regresi\u00f3n -\" \/>\n<meta property=\"og:description\" content=\"Cando algu\u00e9n non quere querer tampouco se quere, anque o amor \u00e9 algo traidor e v\u00e9n sen pedirnos permiso [...]\" \/>\n<meta property=\"og:url\" content=\"https:\/\/www.anovapeneira.gal\/index.php\/2025\/11\/19\/tempos-de-regresion\/\" \/>\n<meta property=\"article:publisher\" content=\"https:\/\/www.facebook.com\/anovapeneira\" \/>\n<meta property=\"article:published_time\" content=\"2025-11-19T09:00:14+00:00\" \/>\n<meta property=\"og:image\" content=\"https:\/\/www.anovapeneira.gal\/wp-content\/uploads\/2019\/07\/ARTIGO_DE_OPINION_A_NOVA_PENEIRA.jpg\" \/>\n\t<meta property=\"og:image:width\" content=\"720\" \/>\n\t<meta property=\"og:image:height\" content=\"473\" \/>\n\t<meta property=\"og:image:type\" content=\"image\/jpeg\" \/>\n<meta name=\"author\" content=\"Artigos Opini\u00f3n\" \/>\n<meta name=\"twitter:card\" content=\"summary_large_image\" \/>\n<meta name=\"twitter:creator\" content=\"@APeneira\" \/>\n<meta name=\"twitter:site\" content=\"@APeneira\" \/>\n<meta name=\"twitter:label1\" content=\"Escrito por\" \/>\n\t<meta name=\"twitter:data1\" content=\"Artigos Opini\u00f3n\" \/>\n\t<meta name=\"twitter:label2\" content=\"Tempo de lectura\" \/>\n\t<meta name=\"twitter:data2\" content=\"6 minutos\" \/>\n<script type=\"application\/ld+json\" class=\"yoast-schema-graph\">{\"@context\":\"https:\\\/\\\/schema.org\",\"@graph\":[{\"@type\":\"Article\",\"@id\":\"https:\\\/\\\/www.anovapeneira.gal\\\/index.php\\\/2025\\\/11\\\/19\\\/tempos-de-regresion\\\/#article\",\"isPartOf\":{\"@id\":\"https:\\\/\\\/www.anovapeneira.gal\\\/index.php\\\/2025\\\/11\\\/19\\\/tempos-de-regresion\\\/\"},\"author\":{\"name\":\"Artigos Opini\u00f3n\",\"@id\":\"https:\\\/\\\/www.anovapeneira.gal\\\/#\\\/schema\\\/person\\\/f18a4feb302e8f20bcef4490b5b60bb3\"},\"headline\":\"Tempos de regresi\u00f3n\",\"datePublished\":\"2025-11-19T09:00:14+00:00\",\"mainEntityOfPage\":{\"@id\":\"https:\\\/\\\/www.anovapeneira.gal\\\/index.php\\\/2025\\\/11\\\/19\\\/tempos-de-regresion\\\/\"},\"wordCount\":1079,\"commentCount\":0,\"publisher\":{\"@id\":\"https:\\\/\\\/www.anovapeneira.gal\\\/#organization\"},\"image\":{\"@id\":\"https:\\\/\\\/www.anovapeneira.gal\\\/index.php\\\/2025\\\/11\\\/19\\\/tempos-de-regresion\\\/#primaryimage\"},\"thumbnailUrl\":\"https:\\\/\\\/www.anovapeneira.gal\\\/wp-content\\\/uploads\\\/2019\\\/07\\\/ARTIGO_DE_OPINION_A_NOVA_PENEIRA.jpg\",\"articleSection\":[\"Artigos de opini\u00f3n\"],\"inLanguage\":\"gl-ES\",\"potentialAction\":[{\"@type\":\"CommentAction\",\"name\":\"Comment\",\"target\":[\"https:\\\/\\\/www.anovapeneira.gal\\\/index.php\\\/2025\\\/11\\\/19\\\/tempos-de-regresion\\\/#respond\"]}]},{\"@type\":\"WebPage\",\"@id\":\"https:\\\/\\\/www.anovapeneira.gal\\\/index.php\\\/2025\\\/11\\\/19\\\/tempos-de-regresion\\\/\",\"url\":\"https:\\\/\\\/www.anovapeneira.gal\\\/index.php\\\/2025\\\/11\\\/19\\\/tempos-de-regresion\\\/\",\"name\":\"Tempos de regresi\u00f3n -\",\"isPartOf\":{\"@id\":\"https:\\\/\\\/www.anovapeneira.gal\\\/#website\"},\"primaryImageOfPage\":{\"@id\":\"https:\\\/\\\/www.anovapeneira.gal\\\/index.php\\\/2025\\\/11\\\/19\\\/tempos-de-regresion\\\/#primaryimage\"},\"image\":{\"@id\":\"https:\\\/\\\/www.anovapeneira.gal\\\/index.php\\\/2025\\\/11\\\/19\\\/tempos-de-regresion\\\/#primaryimage\"},\"thumbnailUrl\":\"https:\\\/\\\/www.anovapeneira.gal\\\/wp-content\\\/uploads\\\/2019\\\/07\\\/ARTIGO_DE_OPINION_A_NOVA_PENEIRA.jpg\",\"datePublished\":\"2025-11-19T09:00:14+00:00\",\"breadcrumb\":{\"@id\":\"https:\\\/\\\/www.anovapeneira.gal\\\/index.php\\\/2025\\\/11\\\/19\\\/tempos-de-regresion\\\/#breadcrumb\"},\"inLanguage\":\"gl-ES\",\"potentialAction\":[{\"@type\":\"ReadAction\",\"target\":[\"https:\\\/\\\/www.anovapeneira.gal\\\/index.php\\\/2025\\\/11\\\/19\\\/tempos-de-regresion\\\/\"]}]},{\"@type\":\"ImageObject\",\"inLanguage\":\"gl-ES\",\"@id\":\"https:\\\/\\\/www.anovapeneira.gal\\\/index.php\\\/2025\\\/11\\\/19\\\/tempos-de-regresion\\\/#primaryimage\",\"url\":\"https:\\\/\\\/www.anovapeneira.gal\\\/wp-content\\\/uploads\\\/2019\\\/07\\\/ARTIGO_DE_OPINION_A_NOVA_PENEIRA.jpg\",\"contentUrl\":\"https:\\\/\\\/www.anovapeneira.gal\\\/wp-content\\\/uploads\\\/2019\\\/07\\\/ARTIGO_DE_OPINION_A_NOVA_PENEIRA.jpg\",\"width\":720,\"height\":473,\"caption\":\"Artigo de opini\u00f3n A Nova Peneira\"},{\"@type\":\"BreadcrumbList\",\"@id\":\"https:\\\/\\\/www.anovapeneira.gal\\\/index.php\\\/2025\\\/11\\\/19\\\/tempos-de-regresion\\\/#breadcrumb\",\"itemListElement\":[{\"@type\":\"ListItem\",\"position\":1,\"name\":\"Portada\",\"item\":\"https:\\\/\\\/www.anovapeneira.gal\\\/\"},{\"@type\":\"ListItem\",\"position\":2,\"name\":\"Tempos de regresi\u00f3n\"}]},{\"@type\":\"WebSite\",\"@id\":\"https:\\\/\\\/www.anovapeneira.gal\\\/#website\",\"url\":\"https:\\\/\\\/www.anovapeneira.gal\\\/\",\"name\":\"\",\"description\":\"Xornal galego de informaci\u00f3n xeral Publicaci\u00f3n mensual de novas de Galicia e en especial dos Concellos da sur da provincia de Pontevedra.\",\"publisher\":{\"@id\":\"https:\\\/\\\/www.anovapeneira.gal\\\/#organization\"},\"potentialAction\":[{\"@type\":\"SearchAction\",\"target\":{\"@type\":\"EntryPoint\",\"urlTemplate\":\"https:\\\/\\\/www.anovapeneira.gal\\\/?s={search_term_string}\"},\"query-input\":{\"@type\":\"PropertyValueSpecification\",\"valueRequired\":true,\"valueName\":\"search_term_string\"}}],\"inLanguage\":\"gl-ES\"},{\"@type\":\"Organization\",\"@id\":\"https:\\\/\\\/www.anovapeneira.gal\\\/#organization\",\"name\":\"A Nova Peneira\",\"url\":\"https:\\\/\\\/www.anovapeneira.gal\\\/\",\"logo\":{\"@type\":\"ImageObject\",\"inLanguage\":\"gl-ES\",\"@id\":\"https:\\\/\\\/www.anovapeneira.gal\\\/#\\\/schema\\\/logo\\\/image\\\/\",\"url\":\"http:\\\/\\\/www.anovapeneira.gal\\\/wp-content\\\/uploads\\\/2019\\\/06\\\/logo_a_nova_peneira_portal_web.png\",\"contentUrl\":\"http:\\\/\\\/www.anovapeneira.gal\\\/wp-content\\\/uploads\\\/2019\\\/06\\\/logo_a_nova_peneira_portal_web.png\",\"width\":300,\"height\":100,\"caption\":\"A Nova Peneira\"},\"image\":{\"@id\":\"https:\\\/\\\/www.anovapeneira.gal\\\/#\\\/schema\\\/logo\\\/image\\\/\"},\"sameAs\":[\"https:\\\/\\\/www.facebook.com\\\/anovapeneira\",\"https:\\\/\\\/x.com\\\/APeneira\"]},{\"@type\":\"Person\",\"@id\":\"https:\\\/\\\/www.anovapeneira.gal\\\/#\\\/schema\\\/person\\\/f18a4feb302e8f20bcef4490b5b60bb3\",\"name\":\"Artigos Opini\u00f3n\",\"image\":{\"@type\":\"ImageObject\",\"inLanguage\":\"gl-ES\",\"@id\":\"https:\\\/\\\/secure.gravatar.com\\\/avatar\\\/072844300f4881150aee2da4278f7a65d16eefdf8262eb67085f1e702de2b959?s=96&d=mm&r=g\",\"url\":\"https:\\\/\\\/secure.gravatar.com\\\/avatar\\\/072844300f4881150aee2da4278f7a65d16eefdf8262eb67085f1e702de2b959?s=96&d=mm&r=g\",\"contentUrl\":\"https:\\\/\\\/secure.gravatar.com\\\/avatar\\\/072844300f4881150aee2da4278f7a65d16eefdf8262eb67085f1e702de2b959?s=96&d=mm&r=g\",\"caption\":\"Artigos Opini\u00f3n\"},\"sameAs\":[\"http:\\\/\\\/anovapeneira.gal\"],\"url\":\"https:\\\/\\\/www.anovapeneira.gal\\\/index.php\\\/author\\\/artigosopinion\\\/\"}]}<\/script>\n<!-- \/ Yoast SEO plugin. -->","yoast_head_json":{"title":"Tempos de regresi\u00f3n -","robots":{"index":"index","follow":"follow","max-snippet":"max-snippet:-1","max-image-preview":"max-image-preview:large","max-video-preview":"max-video-preview:-1"},"canonical":"https:\/\/www.anovapeneira.gal\/index.php\/2025\/11\/19\/tempos-de-regresion\/","og_locale":"gl_ES","og_type":"article","og_title":"Tempos de regresi\u00f3n -","og_description":"Cando algu\u00e9n non quere querer tampouco se quere, anque o amor \u00e9 algo traidor e v\u00e9n sen pedirnos permiso [...]","og_url":"https:\/\/www.anovapeneira.gal\/index.php\/2025\/11\/19\/tempos-de-regresion\/","article_publisher":"https:\/\/www.facebook.com\/anovapeneira","article_published_time":"2025-11-19T09:00:14+00:00","og_image":[{"width":720,"height":473,"url":"https:\/\/www.anovapeneira.gal\/wp-content\/uploads\/2019\/07\/ARTIGO_DE_OPINION_A_NOVA_PENEIRA.jpg","type":"image\/jpeg"}],"author":"Artigos Opini\u00f3n","twitter_card":"summary_large_image","twitter_creator":"@APeneira","twitter_site":"@APeneira","twitter_misc":{"Escrito por":"Artigos Opini\u00f3n","Tempo de lectura":"6 minutos"},"schema":{"@context":"https:\/\/schema.org","@graph":[{"@type":"Article","@id":"https:\/\/www.anovapeneira.gal\/index.php\/2025\/11\/19\/tempos-de-regresion\/#article","isPartOf":{"@id":"https:\/\/www.anovapeneira.gal\/index.php\/2025\/11\/19\/tempos-de-regresion\/"},"author":{"name":"Artigos Opini\u00f3n","@id":"https:\/\/www.anovapeneira.gal\/#\/schema\/person\/f18a4feb302e8f20bcef4490b5b60bb3"},"headline":"Tempos de regresi\u00f3n","datePublished":"2025-11-19T09:00:14+00:00","mainEntityOfPage":{"@id":"https:\/\/www.anovapeneira.gal\/index.php\/2025\/11\/19\/tempos-de-regresion\/"},"wordCount":1079,"commentCount":0,"publisher":{"@id":"https:\/\/www.anovapeneira.gal\/#organization"},"image":{"@id":"https:\/\/www.anovapeneira.gal\/index.php\/2025\/11\/19\/tempos-de-regresion\/#primaryimage"},"thumbnailUrl":"https:\/\/www.anovapeneira.gal\/wp-content\/uploads\/2019\/07\/ARTIGO_DE_OPINION_A_NOVA_PENEIRA.jpg","articleSection":["Artigos de opini\u00f3n"],"inLanguage":"gl-ES","potentialAction":[{"@type":"CommentAction","name":"Comment","target":["https:\/\/www.anovapeneira.gal\/index.php\/2025\/11\/19\/tempos-de-regresion\/#respond"]}]},{"@type":"WebPage","@id":"https:\/\/www.anovapeneira.gal\/index.php\/2025\/11\/19\/tempos-de-regresion\/","url":"https:\/\/www.anovapeneira.gal\/index.php\/2025\/11\/19\/tempos-de-regresion\/","name":"Tempos de regresi\u00f3n -","isPartOf":{"@id":"https:\/\/www.anovapeneira.gal\/#website"},"primaryImageOfPage":{"@id":"https:\/\/www.anovapeneira.gal\/index.php\/2025\/11\/19\/tempos-de-regresion\/#primaryimage"},"image":{"@id":"https:\/\/www.anovapeneira.gal\/index.php\/2025\/11\/19\/tempos-de-regresion\/#primaryimage"},"thumbnailUrl":"https:\/\/www.anovapeneira.gal\/wp-content\/uploads\/2019\/07\/ARTIGO_DE_OPINION_A_NOVA_PENEIRA.jpg","datePublished":"2025-11-19T09:00:14+00:00","breadcrumb":{"@id":"https:\/\/www.anovapeneira.gal\/index.php\/2025\/11\/19\/tempos-de-regresion\/#breadcrumb"},"inLanguage":"gl-ES","potentialAction":[{"@type":"ReadAction","target":["https:\/\/www.anovapeneira.gal\/index.php\/2025\/11\/19\/tempos-de-regresion\/"]}]},{"@type":"ImageObject","inLanguage":"gl-ES","@id":"https:\/\/www.anovapeneira.gal\/index.php\/2025\/11\/19\/tempos-de-regresion\/#primaryimage","url":"https:\/\/www.anovapeneira.gal\/wp-content\/uploads\/2019\/07\/ARTIGO_DE_OPINION_A_NOVA_PENEIRA.jpg","contentUrl":"https:\/\/www.anovapeneira.gal\/wp-content\/uploads\/2019\/07\/ARTIGO_DE_OPINION_A_NOVA_PENEIRA.jpg","width":720,"height":473,"caption":"Artigo de opini\u00f3n A Nova Peneira"},{"@type":"BreadcrumbList","@id":"https:\/\/www.anovapeneira.gal\/index.php\/2025\/11\/19\/tempos-de-regresion\/#breadcrumb","itemListElement":[{"@type":"ListItem","position":1,"name":"Portada","item":"https:\/\/www.anovapeneira.gal\/"},{"@type":"ListItem","position":2,"name":"Tempos de regresi\u00f3n"}]},{"@type":"WebSite","@id":"https:\/\/www.anovapeneira.gal\/#website","url":"https:\/\/www.anovapeneira.gal\/","name":"","description":"Xornal galego de informaci\u00f3n xeral Publicaci\u00f3n mensual de novas de Galicia e en especial dos Concellos da sur da provincia de Pontevedra.","publisher":{"@id":"https:\/\/www.anovapeneira.gal\/#organization"},"potentialAction":[{"@type":"SearchAction","target":{"@type":"EntryPoint","urlTemplate":"https:\/\/www.anovapeneira.gal\/?s={search_term_string}"},"query-input":{"@type":"PropertyValueSpecification","valueRequired":true,"valueName":"search_term_string"}}],"inLanguage":"gl-ES"},{"@type":"Organization","@id":"https:\/\/www.anovapeneira.gal\/#organization","name":"A Nova Peneira","url":"https:\/\/www.anovapeneira.gal\/","logo":{"@type":"ImageObject","inLanguage":"gl-ES","@id":"https:\/\/www.anovapeneira.gal\/#\/schema\/logo\/image\/","url":"http:\/\/www.anovapeneira.gal\/wp-content\/uploads\/2019\/06\/logo_a_nova_peneira_portal_web.png","contentUrl":"http:\/\/www.anovapeneira.gal\/wp-content\/uploads\/2019\/06\/logo_a_nova_peneira_portal_web.png","width":300,"height":100,"caption":"A Nova Peneira"},"image":{"@id":"https:\/\/www.anovapeneira.gal\/#\/schema\/logo\/image\/"},"sameAs":["https:\/\/www.facebook.com\/anovapeneira","https:\/\/x.com\/APeneira"]},{"@type":"Person","@id":"https:\/\/www.anovapeneira.gal\/#\/schema\/person\/f18a4feb302e8f20bcef4490b5b60bb3","name":"Artigos Opini\u00f3n","image":{"@type":"ImageObject","inLanguage":"gl-ES","@id":"https:\/\/secure.gravatar.com\/avatar\/072844300f4881150aee2da4278f7a65d16eefdf8262eb67085f1e702de2b959?s=96&d=mm&r=g","url":"https:\/\/secure.gravatar.com\/avatar\/072844300f4881150aee2da4278f7a65d16eefdf8262eb67085f1e702de2b959?s=96&d=mm&r=g","contentUrl":"https:\/\/secure.gravatar.com\/avatar\/072844300f4881150aee2da4278f7a65d16eefdf8262eb67085f1e702de2b959?s=96&d=mm&r=g","caption":"Artigos Opini\u00f3n"},"sameAs":["http:\/\/anovapeneira.gal"],"url":"https:\/\/www.anovapeneira.gal\/index.php\/author\/artigosopinion\/"}]}},"jetpack_featured_media_url":"https:\/\/www.anovapeneira.gal\/wp-content\/uploads\/2019\/07\/ARTIGO_DE_OPINION_A_NOVA_PENEIRA.jpg","_links":{"self":[{"href":"https:\/\/www.anovapeneira.gal\/index.php\/wp-json\/wp\/v2\/posts\/14957","targetHints":{"allow":["GET"]}}],"collection":[{"href":"https:\/\/www.anovapeneira.gal\/index.php\/wp-json\/wp\/v2\/posts"}],"about":[{"href":"https:\/\/www.anovapeneira.gal\/index.php\/wp-json\/wp\/v2\/types\/post"}],"author":[{"embeddable":true,"href":"https:\/\/www.anovapeneira.gal\/index.php\/wp-json\/wp\/v2\/users\/12"}],"replies":[{"embeddable":true,"href":"https:\/\/www.anovapeneira.gal\/index.php\/wp-json\/wp\/v2\/comments?post=14957"}],"version-history":[{"count":1,"href":"https:\/\/www.anovapeneira.gal\/index.php\/wp-json\/wp\/v2\/posts\/14957\/revisions"}],"predecessor-version":[{"id":14958,"href":"https:\/\/www.anovapeneira.gal\/index.php\/wp-json\/wp\/v2\/posts\/14957\/revisions\/14958"}],"wp:featuredmedia":[{"embeddable":true,"href":"https:\/\/www.anovapeneira.gal\/index.php\/wp-json\/wp\/v2\/media\/584"}],"wp:attachment":[{"href":"https:\/\/www.anovapeneira.gal\/index.php\/wp-json\/wp\/v2\/media?parent=14957"}],"wp:term":[{"taxonomy":"category","embeddable":true,"href":"https:\/\/www.anovapeneira.gal\/index.php\/wp-json\/wp\/v2\/categories?post=14957"},{"taxonomy":"post_tag","embeddable":true,"href":"https:\/\/www.anovapeneira.gal\/index.php\/wp-json\/wp\/v2\/tags?post=14957"}],"curies":[{"name":"wp","href":"https:\/\/api.w.org\/{rel}","templated":true}]}}