{"id":14959,"date":"2025-11-19T12:00:04","date_gmt":"2025-11-19T11:00:04","guid":{"rendered":"https:\/\/www.anovapeneira.gal\/?p=14959"},"modified":"2025-11-18T14:19:28","modified_gmt":"2025-11-18T13:19:28","slug":"manoel-ucha-concelleiro-de-ponteareas-en-comun","status":"publish","type":"post","link":"https:\/\/www.anovapeneira.gal\/index.php\/2025\/11\/19\/manoel-ucha-concelleiro-de-ponteareas-en-comun\/","title":{"rendered":"Manoel Ucha, concelleiro de Ponteareas en Com\u00fan"},"content":{"rendered":"\n<p><strong>Manoel \u00e9 un profesor de Ponteareas que exerce a docencia en Baiona. \u00c9 unha persoa nova, ten 35 anos, que no momento de termos esta conversa( 12 de novembro) estaba a piques de ser pai por segunda vez. El \u00e9 militante de Esquerda Unida e concelleiro de PEC(Ponteareas en Com\u00fan) no Concello de Ponteareas. Manoel \u00e9 un cadro pol\u00edtico de primeir\u00edsimo nivel. Dedica parte do seu tempo persoal na procura do ben com\u00fan sen ter a m\u00e1is m\u00ednima necesidade de facelo. E todo \u00e9 a cambio de nada. Ben si, si que \u00e9 a cambio de algo: a cambio de soportar a chuler\u00eda e a mala educaci\u00f3n dos membros do goberno de Ponteareas. Manoel \u00e9 das persoas, hai moitas por a\u00ed, que converten en digna a pr\u00e1ctica pol\u00edtica. Eu des\u00e9xolle que te\u00f1a sorte, que aguante e que se se cansa sexa o m\u00e1is tarde posible. Vela\u00ed vai o que deu de si a nosa conversa.<\/strong><\/p>\n\n\n\n<blockquote class=\"wp-block-quote is-layout-flow wp-block-quote-is-layout-flow\">\n<p>\u201c <strong>O goberno de Ponteareas enl\u00e1mao todo e deshumaniza ao adversario, pero non est\u00e1 disposto a debater sobre ideas\u201d<\/strong><\/p>\n<\/blockquote>\n\n\n\n<p><strong>\u00c9 a primeira vez que visitas as nosas p\u00e1xinas e queremos co\u00f1ecerte un pouco mellor<\/strong><\/p>\n\n\n\n<blockquote class=\"wp-block-quote is-layout-flow wp-block-quote-is-layout-flow\">\n<p>Te\u00f1o 35 anos nac\u00edn en Ponteareas e vivo nunha parroquia do meu pobo. Son profesor de FP, e traballo en Baiona.<\/p>\n<\/blockquote>\n\n\n\n<p><strong>G\u00fastache a docencia?<\/strong><\/p>\n\n\n\n<blockquote class=\"wp-block-quote is-layout-flow wp-block-quote-is-layout-flow\">\n<p>\u00c9 a mi\u00f1a paix\u00f3n.<\/p>\n<\/blockquote>\n\n\n\n<p><strong>A que abano de idades d\u00e1s clase?<\/strong><\/p>\n\n\n\n<blockquote class=\"wp-block-quote is-layout-flow wp-block-quote-is-layout-flow\">\n<p>Entre 15 e 18 anos en FP b\u00e1sica, logo en FP superior que te\u00f1en de 18 para arriba.<\/p>\n<\/blockquote>\n\n\n\n<p><strong>Cal \u00e9 o idioma maioritario dos teus alumnos e alumnas?<\/strong><\/p>\n\n\n\n<blockquote class=\"wp-block-quote is-layout-flow wp-block-quote-is-layout-flow\">\n<p>A ampla maior\u00eda falan en espa\u00f1ol.<\/p>\n<\/blockquote>\n\n\n\n<p><strong>Como e cando comezou a t\u00faa relaci\u00f3n coa pol\u00edtica?<\/strong><\/p>\n\n\n\n<blockquote class=\"wp-block-quote is-layout-flow wp-block-quote-is-layout-flow\">\n<p>Desde sempre. Nac\u00edn nunha familia moi politizada, con fortes v\u00ednculos coa esquerda pol\u00edtica e eu creo que a paix\u00f3n polo ben com\u00fan me vai no sangue. Despois de m\u00faltiples procesos de participaci\u00f3n estudantil de maneira informal, no ano 2011 participei na creaci\u00f3n dunha asociaci\u00f3n de traballo con persoas con problemas socioecon\u00f3micos, Ponte Solidario. E al\u00ed descubr\u00edn a mi\u00f1a vocaci\u00f3n polo sentir com\u00fan<\/p>\n<\/blockquote>\n\n\n\n<p><strong>E a t\u00faa vinculaci\u00f3n org\u00e1nica con Esquerda Unida?<\/strong><\/p>\n\n\n\n<blockquote class=\"wp-block-quote is-layout-flow wp-block-quote-is-layout-flow\">\n<p>No ano 19 ofrec\u00e9ronme ir na s\u00faa lista e eu aceptei. Perdemos o concelleiro que tivemos no mandato entre o 15 e o 19, e ao d\u00eda seguinte daquelas elecci\u00f3ns decid\u00edn afiliarme.<\/p>\n<\/blockquote>\n\n\n\n<p><strong>Nas seguintes municipais, no ano 23, xa fuches cabeza de lista<\/strong><\/p>\n\n\n\n<blockquote class=\"wp-block-quote is-layout-flow wp-block-quote-is-layout-flow\">\n<p>Si. Nese momento decidimos ampliar o espazo e crearmos unha candidatura de coalici\u00f3n. Os meus compa\u00f1eiros e compa\u00f1eiras distingu\u00edronme coa s\u00faa confianza e decidiron que encabezase eu a lista.<\/p>\n<\/blockquote>\n\n\n\n<p><strong>Quitastes un concelleiro, ti. Esperabas sa\u00edr?<\/strong><\/p>\n\n\n\n<blockquote class=\"wp-block-quote is-layout-flow wp-block-quote-is-layout-flow\">\n<p>Si, si que o esperaba. Pero tam\u00e9n ti\u00f1a claro que era moi dif\u00edcil. Era un contexto moi complicado onde hab\u00eda un goberno supostamente progresista<\/p>\n<\/blockquote>\n\n\n\n<p><strong>Por que \u201c supostamente\u201d?Non era progresista o goberno encabezado polo BNG?<\/strong><\/p>\n\n\n\n<blockquote class=\"wp-block-quote is-layout-flow wp-block-quote-is-layout-flow\">\n<p>Si, si que o era, pero menos do que a n\u00f3s nos gustar\u00eda.<\/p>\n<\/blockquote>\n\n\n\n<p><strong>En concreto en que che gustar\u00eda que o anterior goberno tivera sido m\u00e1is progresista?<\/strong><\/p>\n\n\n\n<blockquote class=\"wp-block-quote is-layout-flow wp-block-quote-is-layout-flow\">\n<p>Eu creo que desatenderon \u00e1 r\u00faa en xeral, e aos movementos sociais en particular. E logo houbo unha importante dicotom\u00eda entre o urbano e o rural. Creo que eses dous motivos foron os que lle fixeron perder as elecci\u00f3ns.<\/p>\n<\/blockquote>\n\n\n\n<p><strong>Que separa a PEC do BNG?<\/strong><\/p>\n\n\n\n<blockquote class=\"wp-block-quote is-layout-flow wp-block-quote-is-layout-flow\">\n<p>-O modelo econ\u00f3mico: O BNG \u00e9 unha organizaci\u00f3n complexa na que conviven pulsi\u00f3ns moi diferentes, desde comunistas a liberais. N\u00f3s defendemos un modelo econ\u00f3mico inequivocamente intervencionista.<\/p>\n<\/blockquote>\n\n\n\n<blockquote class=\"wp-block-quote is-layout-flow wp-block-quote-is-layout-flow\">\n<p>-A forma de entender a pol\u00edtica. N\u00f3s temos un modelo m\u00e1is de r\u00faa e de movementos sociais.<\/p>\n<\/blockquote>\n\n\n\n<blockquote class=\"wp-block-quote is-layout-flow wp-block-quote-is-layout-flow\">\n<p>-N\u00f3s somos unha forza internacionalista e o BNG \u00e9 unha forza nacionalista. A\u00ednda que aqu\u00ed estrou seguro de que nos poderiamos entender perfectamente.<\/p>\n<\/blockquote>\n\n\n\n<p><strong>Hai pouco tivestes un acto pol\u00edtico para facer balance da metade do mandato. Como foi ese acto, e como \u00e9 o balance que fai PEC?<\/strong><\/p>\n\n\n\n<blockquote class=\"wp-block-quote is-layout-flow wp-block-quote-is-layout-flow\">\n<p>O acto foi moi emocionante. Unha das caracter\u00edsticas do noso espazo pol\u00edtico \u00e9 que hai moita ilusi\u00f3n por constru\u00edr un mundo mellor, e nesa xuntanza pola que me preguntas houbo ilusi\u00f3n a toneladas. Se cadra esa \u00e9 a raz\u00f3n que a fixo tan emotiva:Ilusi\u00f3n desbordante materializada en propostas e ideas que parten do intenso traballo dun equipo humano marabilloso.<\/p>\n<\/blockquote>\n\n\n\n<blockquote class=\"wp-block-quote is-layout-flow wp-block-quote-is-layout-flow\">\n<p>O balance foi referido tanto a como nos viamos n\u00f3s mesmos como organizaci\u00f3n, como a analizar cal \u00e9 a maneira m\u00e1is adecuada para enfrontarnos a un goberno que \u00e9 moi de dereitas. E a conclusi\u00f3n \u00e9 que estamos facendo un traballo moi duro e cremos que positivo. Lamentamos a falta de tempo para poder chegar a moitos sitios e segmentos sociais aos que non demos chegado de momento. Pero agardamos que o noso traballo se poida reflectir nun aumento das simpat\u00edas na sociedade de Ponteareas. Temos que estar orgullosos pois tendo un s\u00f3 concelleiro somos a forza pol\u00edtica que m\u00e1is propostas presenta.<\/p>\n<\/blockquote>\n\n\n\n<p><strong>Este \u00e9 un dato obxectivo?<\/strong><\/p>\n\n\n\n<blockquote class=\"wp-block-quote is-layout-flow wp-block-quote-is-layout-flow\">\n<p>Absolutamente si.<\/p>\n<\/blockquote>\n\n\n\n<p><strong>Ti s\u00e9nteste c\u00f3modo no Concello?<\/strong><\/p>\n\n\n\n<blockquote class=\"wp-block-quote is-layout-flow wp-block-quote-is-layout-flow\">\n<p>Non.<\/p>\n<\/blockquote>\n\n\n\n<p><strong>Vaia, e por que?<\/strong><\/p>\n\n\n\n<blockquote class=\"wp-block-quote is-layout-flow wp-block-quote-is-layout-flow\">\n<p>Eu s\u00edntome c\u00f3modo na r\u00faa. O traballo institucional \u00e9 moi duro e frustrante tam\u00e9n, pois as persoas do goberno non est\u00e1 dispostas a debater sobre ideas.<\/p>\n<\/blockquote>\n\n\n\n<p><strong>\u00c9 tan terrible como o describes: O goberno de Ponteareas non est\u00e1 disposto a debater sobre ideas?<\/strong><\/p>\n\n\n\n<blockquote class=\"wp-block-quote is-layout-flow wp-block-quote-is-layout-flow\">\n<p>Si, \u00e9 as\u00ed de terrible: O goberno de Ponteareas non est\u00e1 disposto a debater sobre ideas. Est\u00e1 disposto a enlamalo todo, a deshumanizar ao adversario pol\u00edtico, a utilizar a propaganda para agochar a s\u00faa desastrosa xesti\u00f3n e a tratarnos con unha absoluta falta de respecto..<\/p>\n<\/blockquote>\n\n\n\n<p><strong>En que termos se concreta esa suposta falta de respecto?<\/strong><\/p>\n\n\n\n<blockquote class=\"wp-block-quote is-layout-flow wp-block-quote-is-layout-flow\">\n<p>Ch\u00e1mannos \u201ccomunistas\u201d, pero a modo de insulto, como se ser comunista fose un insulto, e m\u00e1ndannos a Corea do Norte, a Cuba ou a Venezuela..<\/p>\n<\/blockquote>\n\n\n\n<p><strong>Pois vaia nivel pol\u00edtico tan lamentable<\/strong><\/p>\n\n\n\n<blockquote class=\"wp-block-quote is-layout-flow wp-block-quote-is-layout-flow\">\n<p>Pois iso \u00e9 o que hai no Concello.E non creas que ese modus operandi d\u00e1se nalg\u00fan momento puntual de especial tensi\u00f3n. \u00c9 as\u00ed moitas veces en moitos contextos diferentes, xa sexan de tensi\u00f3n xa sexan de non tensi\u00f3n.<\/p>\n<\/blockquote>\n\n\n\n<p><strong>Falemos ent\u00f3n de ideas. Cales foron as principais propostas que ten defendido PEC no que vai de mandato?<\/strong><\/p>\n\n\n\n<blockquote class=\"wp-block-quote is-layout-flow wp-block-quote-is-layout-flow\">\n<p>Temos tres puntos esenciais que nos diferencian do resto de forzas pol\u00edticas:<\/p>\n<\/blockquote>\n\n\n\n<blockquote class=\"wp-block-quote is-layout-flow wp-block-quote-is-layout-flow\">\n<p>-A municipalizaci\u00f3n de servizos b\u00e1sicos.<\/p>\n<\/blockquote>\n\n\n\n<p><strong>O BNG non est\u00e1 de acordo con iso?<\/strong><\/p>\n\n\n\n<blockquote class=\"wp-block-quote is-layout-flow wp-block-quote-is-layout-flow\">\n<p>O BNG depende. \u00c1s veces parece que non, \u00e1s veces parece que si. Non acaban de adoptar unha posici\u00f3n clara.<\/p>\n<\/blockquote>\n\n\n\n<p><strong>Ben, cales son os outros dous puntos?<\/strong><\/p>\n\n\n\n<blockquote class=\"wp-block-quote is-layout-flow wp-block-quote-is-layout-flow\">\n<p>-Unha pol\u00edtica de vivenda que aposte con claridade pola intervenci\u00f3n do mercado e por aumentar substancialmente o parque de vivenda p\u00fablica.<\/p>\n<\/blockquote>\n\n\n\n<blockquote class=\"wp-block-quote is-layout-flow wp-block-quote-is-layout-flow\">\n<p>-Unha pol\u00edtica que aposte decididamente pola mocidade. Non \u00e9 tolerable que un mozo ou unha moza de Ponteareas, que queira constru\u00edr o seu proxecto de vida no seu pobo, non o poida facer.<\/p>\n<\/blockquote>\n\n\n\n<blockquote class=\"wp-block-quote is-layout-flow wp-block-quote-is-layout-flow\">\n<p>Ponteareas \u00e9 a vila de m\u00e1is de 20.000 habitantes m\u00e1is pobre de Galicia. \u00c9 dicir: a necesidade de mudar as pol\u00edticas p\u00fablicas en prol da atenci\u00f3n aos segmentos sociais m\u00e1is vulnerables, \u00e9 m\u00e1is que evidente.<\/p>\n<\/blockquote>\n\n\n\n<p><strong>Hai pobres en Ponteareas?<\/strong><\/p>\n\n\n\n<blockquote class=\"wp-block-quote is-layout-flow wp-block-quote-is-layout-flow\">\n<p>Si, si que os hai. E hai unhas elevadas cotas de risco de exclusi\u00f3n social.<\/p>\n<\/blockquote>\n\n\n\n<p><strong>P\u00f3dese facer algo desde o \u00e1mbito municipal?<\/strong><\/p>\n\n\n\n<blockquote class=\"wp-block-quote is-layout-flow wp-block-quote-is-layout-flow\">\n<p>Si, claro que se pode. Os servizos sociais son competencia municipal. Pero neste goberno a concelleira de servizos sociais non ten dedicaci\u00f3n, unha realidade que indica o que lle importa ao goberno este asunto.<\/p>\n<\/blockquote>\n\n\n\n<p><strong>Faime unha valoraci\u00f3n xeral da acci\u00f3n de goberno?<\/strong><\/p>\n\n\n\n<blockquote class=\"wp-block-quote is-layout-flow wp-block-quote-is-layout-flow\">\n<p>Desastrosa. Res\u00famese en d\u00faas palabras: Caciquismo e propaganda. Nava Castro fai o que fixo sempre a dereita de Ponteareas: individualizar os problemas.<\/p>\n<\/blockquote>\n\n\n\n<p><strong>Cal \u00e9 a posici\u00f3n de PEC en relaci\u00f3n co conflito do SAF no Concello?<\/strong><\/p>\n\n\n\n<blockquote class=\"wp-block-quote is-layout-flow wp-block-quote-is-layout-flow\">\n<p>\u00c9 un drama absoluto. Estamos falando do servizo m\u00e1is importante de competencia municipal. O noso Concello gasta m\u00e1is dun mill\u00f3n de \u20ac ao ano neste contrato. As traballadoras xa advertiron cando sa\u00edu a licitaci\u00f3n que o prezo estaba moi por debaixo dun prezo acorde co 2025.E xa dixeron que esta empresa, \u00f3bolo, era pirata. As traballadoras comezaron a advertir problemas desde o minuto 1, problemas realmente graves, e finalmente a situaci\u00f3n acabou por explotar coa maior folga indefinida do Concello de Ponteareas da historia.<\/p>\n<\/blockquote>\n\n\n\n<blockquote class=\"wp-block-quote is-layout-flow wp-block-quote-is-layout-flow\">\n<p>Cal ser\u00eda a nosa posici\u00f3n? Municipalizar o servizo. E ollo, non resultar\u00eda moi complicado pois s\u00f3 haber\u00eda que municipalizar o persoal.<\/p>\n<\/blockquote>\n\n\n\n<p><strong>Que est\u00e1 facendo o goberno ao respecto deste asunto?<\/strong><\/p>\n\n\n\n<blockquote class=\"wp-block-quote is-layout-flow wp-block-quote-is-layout-flow\">\n<p>Est\u00e1 tratando de salvar \u00e1 empresa.<\/p>\n<\/blockquote>\n\n\n\n<p><strong>O concelleiro Francisco Jes\u00fas \u00e9 un maleducado?<\/strong><\/p>\n\n\n\n<blockquote class=\"wp-block-quote is-layout-flow wp-block-quote-is-layout-flow\">\n<p>Si,\u00e9 moi maleducado. A alcaldesa, como sabe que o SAF \u00e9 un problema serio, de maneira moi covarde o que fixo foi pasarlle a el a pataca quente. \u00c9 el o que pon a cara.<\/p>\n<\/blockquote>\n\n\n\n<p><strong>En moi pouco tempo entramos nun novo ciclo electoral. Como o afronta PEC e como o afrontas ti persoalmente?<\/strong><\/p>\n\n\n\n<blockquote class=\"wp-block-quote is-layout-flow wp-block-quote-is-layout-flow\">\n<p>PEC afr\u00f3ntao en moi boas condici\u00f3ns e con moita ilusi\u00f3n por podermos medrar. Temos un programa de goberno moi s\u00f3lido que trataremos de mellorar a partir do 26 en distintas asembleas abertas \u00e1 cidadan\u00eda. \u00c9 un programa inequivocamente de esquerdas que ten a vontade de constru\u00edr unha Ponteareas mellor. Na r\u00faa vexo pulsi\u00f3ns moi positivas cara a PEC.<\/p>\n<\/blockquote>\n\n\n\n<blockquote class=\"wp-block-quote is-layout-flow wp-block-quote-is-layout-flow\">\n<p>En canto \u00e1 mi\u00f1a persoa pois estou nun momento persoal moi bonito. Te\u00f1o un fillo pequeno e outro que est\u00e1 a piques de vir,pode vir en calquera momento. Cando chegue collerei as 17 semanas de baixa paternal e terei que ausentarme do Concello.Perderei catro ou cinco plenos, pero PEC vai manter o traballo institucional desde f\u00f3ra con absoluta intensidade.<\/p>\n<\/blockquote>\n\n\n\n<blockquote class=\"wp-block-quote is-layout-flow wp-block-quote-is-layout-flow\">\n<p>En calquera caso o resumo da situaci\u00f3n \u00e9 que vexo opci\u00f3ns moi elevadas de que PEC poida medrar a s\u00faa representaci\u00f3n.<\/p>\n<\/blockquote>\n\n\n\n<p><strong>E opci\u00f3ns realistas de que a dereita perda a maior\u00eda e o goberno de Ponteareas?<\/strong><\/p>\n\n\n\n<blockquote class=\"wp-block-quote is-layout-flow wp-block-quote-is-layout-flow\">\n<p>Si, son optimista. A verdade vaise acabar por impo\u00f1er. E hai moita xente que est\u00e1 cansa da pol\u00edtica da dereita de Ponteareas.<\/p>\n<\/blockquote>\n","protected":false},"excerpt":{"rendered":"<div class=\"mh-excerpt\"><p>Manoel \u00e9 un profesor de Ponteareas que exerce a docencia en Baiona. \u00c9 unha persoa nova, ten 35 anos <a class=\"mh-excerpt-more\" href=\"https:\/\/www.anovapeneira.gal\/index.php\/2025\/11\/19\/manoel-ucha-concelleiro-de-ponteareas-en-comun\/\" title=\"Manoel Ucha, concelleiro de Ponteareas en Com\u00fan\">[&#8230;]<\/a><\/p>\n<\/div>","protected":false},"author":2,"featured_media":14960,"comment_status":"open","ping_status":"open","sticky":false,"template":"","format":"standard","meta":{"_exactmetrics_skip_tracking":false,"_exactmetrics_sitenote_active":false,"_exactmetrics_sitenote_note":"","_exactmetrics_sitenote_category":0,"footnotes":""},"categories":[267],"tags":[208],"class_list":{"0":"post-14959","1":"post","2":"type-post","3":"status-publish","4":"format-standard","5":"has-post-thumbnail","7":"category-condado-entrevistas","8":"tag-concello-de-ponteareas"},"yoast_head":"<!-- This site is optimized with the Yoast SEO plugin v27.5 - https:\/\/yoast.com\/product\/yoast-seo-wordpress\/ -->\n<title>Manoel Ucha, concelleiro de Ponteareas en Com\u00fan -<\/title>\n<meta name=\"robots\" content=\"index, follow, max-snippet:-1, max-image-preview:large, max-video-preview:-1\" \/>\n<link rel=\"canonical\" href=\"https:\/\/www.anovapeneira.gal\/index.php\/2025\/11\/19\/manoel-ucha-concelleiro-de-ponteareas-en-comun\/\" \/>\n<meta property=\"og:locale\" content=\"gl_ES\" \/>\n<meta property=\"og:type\" content=\"article\" \/>\n<meta property=\"og:title\" content=\"Manoel Ucha, concelleiro de Ponteareas en Com\u00fan -\" \/>\n<meta property=\"og:description\" content=\"Manoel \u00e9 un profesor de Ponteareas que exerce a docencia en Baiona. \u00c9 unha persoa nova, ten 35 anos [...]\" \/>\n<meta property=\"og:url\" content=\"https:\/\/www.anovapeneira.gal\/index.php\/2025\/11\/19\/manoel-ucha-concelleiro-de-ponteareas-en-comun\/\" \/>\n<meta property=\"article:publisher\" content=\"https:\/\/www.facebook.com\/anovapeneira\" \/>\n<meta property=\"article:published_time\" content=\"2025-11-19T11:00:04+00:00\" \/>\n<meta property=\"og:image\" content=\"https:\/\/www.anovapeneira.gal\/wp-content\/uploads\/2025\/11\/manoel_ucha.jpg\" \/>\n\t<meta property=\"og:image:width\" content=\"720\" \/>\n\t<meta property=\"og:image:height\" content=\"432\" \/>\n\t<meta property=\"og:image:type\" content=\"image\/jpeg\" \/>\n<meta name=\"author\" content=\"Tino Lago\" \/>\n<meta name=\"twitter:card\" content=\"summary_large_image\" \/>\n<meta name=\"twitter:creator\" content=\"@APeneira\" \/>\n<meta name=\"twitter:site\" content=\"@APeneira\" \/>\n<meta name=\"twitter:label1\" content=\"Escrito por\" \/>\n\t<meta name=\"twitter:data1\" content=\"Tino Lago\" \/>\n\t<meta name=\"twitter:label2\" content=\"Tempo de lectura\" \/>\n\t<meta name=\"twitter:data2\" content=\"3 minutos\" \/>\n<script type=\"application\/ld+json\" class=\"yoast-schema-graph\">{\"@context\":\"https:\\\/\\\/schema.org\",\"@graph\":[{\"@type\":\"Article\",\"@id\":\"https:\\\/\\\/www.anovapeneira.gal\\\/index.php\\\/2025\\\/11\\\/19\\\/manoel-ucha-concelleiro-de-ponteareas-en-comun\\\/#article\",\"isPartOf\":{\"@id\":\"https:\\\/\\\/www.anovapeneira.gal\\\/index.php\\\/2025\\\/11\\\/19\\\/manoel-ucha-concelleiro-de-ponteareas-en-comun\\\/\"},\"author\":{\"name\":\"Tino Lago\",\"@id\":\"https:\\\/\\\/www.anovapeneira.gal\\\/#\\\/schema\\\/person\\\/424dfe65e3070fd8a44d22d2c088762a\"},\"headline\":\"Manoel Ucha, concelleiro de Ponteareas en Com\u00fan\",\"datePublished\":\"2025-11-19T11:00:04+00:00\",\"mainEntityOfPage\":{\"@id\":\"https:\\\/\\\/www.anovapeneira.gal\\\/index.php\\\/2025\\\/11\\\/19\\\/manoel-ucha-concelleiro-de-ponteareas-en-comun\\\/\"},\"wordCount\":1701,\"commentCount\":0,\"publisher\":{\"@id\":\"https:\\\/\\\/www.anovapeneira.gal\\\/#organization\"},\"image\":{\"@id\":\"https:\\\/\\\/www.anovapeneira.gal\\\/index.php\\\/2025\\\/11\\\/19\\\/manoel-ucha-concelleiro-de-ponteareas-en-comun\\\/#primaryimage\"},\"thumbnailUrl\":\"https:\\\/\\\/www.anovapeneira.gal\\\/wp-content\\\/uploads\\\/2025\\\/11\\\/manoel_ucha.jpg\",\"keywords\":[\"Concello de Ponteareas\"],\"articleSection\":[\"Condado\"],\"inLanguage\":\"gl-ES\",\"potentialAction\":[{\"@type\":\"CommentAction\",\"name\":\"Comment\",\"target\":[\"https:\\\/\\\/www.anovapeneira.gal\\\/index.php\\\/2025\\\/11\\\/19\\\/manoel-ucha-concelleiro-de-ponteareas-en-comun\\\/#respond\"]}]},{\"@type\":\"WebPage\",\"@id\":\"https:\\\/\\\/www.anovapeneira.gal\\\/index.php\\\/2025\\\/11\\\/19\\\/manoel-ucha-concelleiro-de-ponteareas-en-comun\\\/\",\"url\":\"https:\\\/\\\/www.anovapeneira.gal\\\/index.php\\\/2025\\\/11\\\/19\\\/manoel-ucha-concelleiro-de-ponteareas-en-comun\\\/\",\"name\":\"Manoel Ucha, concelleiro de Ponteareas en Com\u00fan -\",\"isPartOf\":{\"@id\":\"https:\\\/\\\/www.anovapeneira.gal\\\/#website\"},\"primaryImageOfPage\":{\"@id\":\"https:\\\/\\\/www.anovapeneira.gal\\\/index.php\\\/2025\\\/11\\\/19\\\/manoel-ucha-concelleiro-de-ponteareas-en-comun\\\/#primaryimage\"},\"image\":{\"@id\":\"https:\\\/\\\/www.anovapeneira.gal\\\/index.php\\\/2025\\\/11\\\/19\\\/manoel-ucha-concelleiro-de-ponteareas-en-comun\\\/#primaryimage\"},\"thumbnailUrl\":\"https:\\\/\\\/www.anovapeneira.gal\\\/wp-content\\\/uploads\\\/2025\\\/11\\\/manoel_ucha.jpg\",\"datePublished\":\"2025-11-19T11:00:04+00:00\",\"breadcrumb\":{\"@id\":\"https:\\\/\\\/www.anovapeneira.gal\\\/index.php\\\/2025\\\/11\\\/19\\\/manoel-ucha-concelleiro-de-ponteareas-en-comun\\\/#breadcrumb\"},\"inLanguage\":\"gl-ES\",\"potentialAction\":[{\"@type\":\"ReadAction\",\"target\":[\"https:\\\/\\\/www.anovapeneira.gal\\\/index.php\\\/2025\\\/11\\\/19\\\/manoel-ucha-concelleiro-de-ponteareas-en-comun\\\/\"]}]},{\"@type\":\"ImageObject\",\"inLanguage\":\"gl-ES\",\"@id\":\"https:\\\/\\\/www.anovapeneira.gal\\\/index.php\\\/2025\\\/11\\\/19\\\/manoel-ucha-concelleiro-de-ponteareas-en-comun\\\/#primaryimage\",\"url\":\"https:\\\/\\\/www.anovapeneira.gal\\\/wp-content\\\/uploads\\\/2025\\\/11\\\/manoel_ucha.jpg\",\"contentUrl\":\"https:\\\/\\\/www.anovapeneira.gal\\\/wp-content\\\/uploads\\\/2025\\\/11\\\/manoel_ucha.jpg\",\"width\":720,\"height\":432},{\"@type\":\"BreadcrumbList\",\"@id\":\"https:\\\/\\\/www.anovapeneira.gal\\\/index.php\\\/2025\\\/11\\\/19\\\/manoel-ucha-concelleiro-de-ponteareas-en-comun\\\/#breadcrumb\",\"itemListElement\":[{\"@type\":\"ListItem\",\"position\":1,\"name\":\"Portada\",\"item\":\"https:\\\/\\\/www.anovapeneira.gal\\\/\"},{\"@type\":\"ListItem\",\"position\":2,\"name\":\"Manoel Ucha, concelleiro de Ponteareas en Com\u00fan\"}]},{\"@type\":\"WebSite\",\"@id\":\"https:\\\/\\\/www.anovapeneira.gal\\\/#website\",\"url\":\"https:\\\/\\\/www.anovapeneira.gal\\\/\",\"name\":\"\",\"description\":\"Xornal galego de informaci\u00f3n xeral Publicaci\u00f3n mensual de novas de Galicia e en especial dos Concellos da sur da provincia de Pontevedra.\",\"publisher\":{\"@id\":\"https:\\\/\\\/www.anovapeneira.gal\\\/#organization\"},\"potentialAction\":[{\"@type\":\"SearchAction\",\"target\":{\"@type\":\"EntryPoint\",\"urlTemplate\":\"https:\\\/\\\/www.anovapeneira.gal\\\/?s={search_term_string}\"},\"query-input\":{\"@type\":\"PropertyValueSpecification\",\"valueRequired\":true,\"valueName\":\"search_term_string\"}}],\"inLanguage\":\"gl-ES\"},{\"@type\":\"Organization\",\"@id\":\"https:\\\/\\\/www.anovapeneira.gal\\\/#organization\",\"name\":\"A Nova Peneira\",\"url\":\"https:\\\/\\\/www.anovapeneira.gal\\\/\",\"logo\":{\"@type\":\"ImageObject\",\"inLanguage\":\"gl-ES\",\"@id\":\"https:\\\/\\\/www.anovapeneira.gal\\\/#\\\/schema\\\/logo\\\/image\\\/\",\"url\":\"http:\\\/\\\/www.anovapeneira.gal\\\/wp-content\\\/uploads\\\/2019\\\/06\\\/logo_a_nova_peneira_portal_web.png\",\"contentUrl\":\"http:\\\/\\\/www.anovapeneira.gal\\\/wp-content\\\/uploads\\\/2019\\\/06\\\/logo_a_nova_peneira_portal_web.png\",\"width\":300,\"height\":100,\"caption\":\"A Nova Peneira\"},\"image\":{\"@id\":\"https:\\\/\\\/www.anovapeneira.gal\\\/#\\\/schema\\\/logo\\\/image\\\/\"},\"sameAs\":[\"https:\\\/\\\/www.facebook.com\\\/anovapeneira\",\"https:\\\/\\\/x.com\\\/APeneira\"]},{\"@type\":\"Person\",\"@id\":\"https:\\\/\\\/www.anovapeneira.gal\\\/#\\\/schema\\\/person\\\/424dfe65e3070fd8a44d22d2c088762a\",\"name\":\"Tino Lago\",\"image\":{\"@type\":\"ImageObject\",\"inLanguage\":\"gl-ES\",\"@id\":\"https:\\\/\\\/secure.gravatar.com\\\/avatar\\\/b3df6a06e44bab3111583b90f0f33a0379ee5e3d22cbadd232d39f21c30c62be?s=96&d=mm&r=g\",\"url\":\"https:\\\/\\\/secure.gravatar.com\\\/avatar\\\/b3df6a06e44bab3111583b90f0f33a0379ee5e3d22cbadd232d39f21c30c62be?s=96&d=mm&r=g\",\"contentUrl\":\"https:\\\/\\\/secure.gravatar.com\\\/avatar\\\/b3df6a06e44bab3111583b90f0f33a0379ee5e3d22cbadd232d39f21c30c62be?s=96&d=mm&r=g\",\"caption\":\"Tino Lago\"},\"sameAs\":[\"http:\\\/\\\/www.anovapeneira.gal\"],\"url\":\"https:\\\/\\\/www.anovapeneira.gal\\\/index.php\\\/author\\\/director\\\/\"}]}<\/script>\n<!-- \/ Yoast SEO plugin. -->","yoast_head_json":{"title":"Manoel Ucha, concelleiro de Ponteareas en Com\u00fan -","robots":{"index":"index","follow":"follow","max-snippet":"max-snippet:-1","max-image-preview":"max-image-preview:large","max-video-preview":"max-video-preview:-1"},"canonical":"https:\/\/www.anovapeneira.gal\/index.php\/2025\/11\/19\/manoel-ucha-concelleiro-de-ponteareas-en-comun\/","og_locale":"gl_ES","og_type":"article","og_title":"Manoel Ucha, concelleiro de Ponteareas en Com\u00fan -","og_description":"Manoel \u00e9 un profesor de Ponteareas que exerce a docencia en Baiona. \u00c9 unha persoa nova, ten 35 anos [...]","og_url":"https:\/\/www.anovapeneira.gal\/index.php\/2025\/11\/19\/manoel-ucha-concelleiro-de-ponteareas-en-comun\/","article_publisher":"https:\/\/www.facebook.com\/anovapeneira","article_published_time":"2025-11-19T11:00:04+00:00","og_image":[{"width":720,"height":432,"url":"https:\/\/www.anovapeneira.gal\/wp-content\/uploads\/2025\/11\/manoel_ucha.jpg","type":"image\/jpeg"}],"author":"Tino Lago","twitter_card":"summary_large_image","twitter_creator":"@APeneira","twitter_site":"@APeneira","twitter_misc":{"Escrito por":"Tino Lago","Tempo de lectura":"3 minutos"},"schema":{"@context":"https:\/\/schema.org","@graph":[{"@type":"Article","@id":"https:\/\/www.anovapeneira.gal\/index.php\/2025\/11\/19\/manoel-ucha-concelleiro-de-ponteareas-en-comun\/#article","isPartOf":{"@id":"https:\/\/www.anovapeneira.gal\/index.php\/2025\/11\/19\/manoel-ucha-concelleiro-de-ponteareas-en-comun\/"},"author":{"name":"Tino Lago","@id":"https:\/\/www.anovapeneira.gal\/#\/schema\/person\/424dfe65e3070fd8a44d22d2c088762a"},"headline":"Manoel Ucha, concelleiro de Ponteareas en Com\u00fan","datePublished":"2025-11-19T11:00:04+00:00","mainEntityOfPage":{"@id":"https:\/\/www.anovapeneira.gal\/index.php\/2025\/11\/19\/manoel-ucha-concelleiro-de-ponteareas-en-comun\/"},"wordCount":1701,"commentCount":0,"publisher":{"@id":"https:\/\/www.anovapeneira.gal\/#organization"},"image":{"@id":"https:\/\/www.anovapeneira.gal\/index.php\/2025\/11\/19\/manoel-ucha-concelleiro-de-ponteareas-en-comun\/#primaryimage"},"thumbnailUrl":"https:\/\/www.anovapeneira.gal\/wp-content\/uploads\/2025\/11\/manoel_ucha.jpg","keywords":["Concello de Ponteareas"],"articleSection":["Condado"],"inLanguage":"gl-ES","potentialAction":[{"@type":"CommentAction","name":"Comment","target":["https:\/\/www.anovapeneira.gal\/index.php\/2025\/11\/19\/manoel-ucha-concelleiro-de-ponteareas-en-comun\/#respond"]}]},{"@type":"WebPage","@id":"https:\/\/www.anovapeneira.gal\/index.php\/2025\/11\/19\/manoel-ucha-concelleiro-de-ponteareas-en-comun\/","url":"https:\/\/www.anovapeneira.gal\/index.php\/2025\/11\/19\/manoel-ucha-concelleiro-de-ponteareas-en-comun\/","name":"Manoel Ucha, concelleiro de Ponteareas en Com\u00fan -","isPartOf":{"@id":"https:\/\/www.anovapeneira.gal\/#website"},"primaryImageOfPage":{"@id":"https:\/\/www.anovapeneira.gal\/index.php\/2025\/11\/19\/manoel-ucha-concelleiro-de-ponteareas-en-comun\/#primaryimage"},"image":{"@id":"https:\/\/www.anovapeneira.gal\/index.php\/2025\/11\/19\/manoel-ucha-concelleiro-de-ponteareas-en-comun\/#primaryimage"},"thumbnailUrl":"https:\/\/www.anovapeneira.gal\/wp-content\/uploads\/2025\/11\/manoel_ucha.jpg","datePublished":"2025-11-19T11:00:04+00:00","breadcrumb":{"@id":"https:\/\/www.anovapeneira.gal\/index.php\/2025\/11\/19\/manoel-ucha-concelleiro-de-ponteareas-en-comun\/#breadcrumb"},"inLanguage":"gl-ES","potentialAction":[{"@type":"ReadAction","target":["https:\/\/www.anovapeneira.gal\/index.php\/2025\/11\/19\/manoel-ucha-concelleiro-de-ponteareas-en-comun\/"]}]},{"@type":"ImageObject","inLanguage":"gl-ES","@id":"https:\/\/www.anovapeneira.gal\/index.php\/2025\/11\/19\/manoel-ucha-concelleiro-de-ponteareas-en-comun\/#primaryimage","url":"https:\/\/www.anovapeneira.gal\/wp-content\/uploads\/2025\/11\/manoel_ucha.jpg","contentUrl":"https:\/\/www.anovapeneira.gal\/wp-content\/uploads\/2025\/11\/manoel_ucha.jpg","width":720,"height":432},{"@type":"BreadcrumbList","@id":"https:\/\/www.anovapeneira.gal\/index.php\/2025\/11\/19\/manoel-ucha-concelleiro-de-ponteareas-en-comun\/#breadcrumb","itemListElement":[{"@type":"ListItem","position":1,"name":"Portada","item":"https:\/\/www.anovapeneira.gal\/"},{"@type":"ListItem","position":2,"name":"Manoel Ucha, concelleiro de Ponteareas en Com\u00fan"}]},{"@type":"WebSite","@id":"https:\/\/www.anovapeneira.gal\/#website","url":"https:\/\/www.anovapeneira.gal\/","name":"","description":"Xornal galego de informaci\u00f3n xeral Publicaci\u00f3n mensual de novas de Galicia e en especial dos Concellos da sur da provincia de Pontevedra.","publisher":{"@id":"https:\/\/www.anovapeneira.gal\/#organization"},"potentialAction":[{"@type":"SearchAction","target":{"@type":"EntryPoint","urlTemplate":"https:\/\/www.anovapeneira.gal\/?s={search_term_string}"},"query-input":{"@type":"PropertyValueSpecification","valueRequired":true,"valueName":"search_term_string"}}],"inLanguage":"gl-ES"},{"@type":"Organization","@id":"https:\/\/www.anovapeneira.gal\/#organization","name":"A Nova Peneira","url":"https:\/\/www.anovapeneira.gal\/","logo":{"@type":"ImageObject","inLanguage":"gl-ES","@id":"https:\/\/www.anovapeneira.gal\/#\/schema\/logo\/image\/","url":"http:\/\/www.anovapeneira.gal\/wp-content\/uploads\/2019\/06\/logo_a_nova_peneira_portal_web.png","contentUrl":"http:\/\/www.anovapeneira.gal\/wp-content\/uploads\/2019\/06\/logo_a_nova_peneira_portal_web.png","width":300,"height":100,"caption":"A Nova Peneira"},"image":{"@id":"https:\/\/www.anovapeneira.gal\/#\/schema\/logo\/image\/"},"sameAs":["https:\/\/www.facebook.com\/anovapeneira","https:\/\/x.com\/APeneira"]},{"@type":"Person","@id":"https:\/\/www.anovapeneira.gal\/#\/schema\/person\/424dfe65e3070fd8a44d22d2c088762a","name":"Tino Lago","image":{"@type":"ImageObject","inLanguage":"gl-ES","@id":"https:\/\/secure.gravatar.com\/avatar\/b3df6a06e44bab3111583b90f0f33a0379ee5e3d22cbadd232d39f21c30c62be?s=96&d=mm&r=g","url":"https:\/\/secure.gravatar.com\/avatar\/b3df6a06e44bab3111583b90f0f33a0379ee5e3d22cbadd232d39f21c30c62be?s=96&d=mm&r=g","contentUrl":"https:\/\/secure.gravatar.com\/avatar\/b3df6a06e44bab3111583b90f0f33a0379ee5e3d22cbadd232d39f21c30c62be?s=96&d=mm&r=g","caption":"Tino Lago"},"sameAs":["http:\/\/www.anovapeneira.gal"],"url":"https:\/\/www.anovapeneira.gal\/index.php\/author\/director\/"}]}},"jetpack_featured_media_url":"https:\/\/www.anovapeneira.gal\/wp-content\/uploads\/2025\/11\/manoel_ucha.jpg","_links":{"self":[{"href":"https:\/\/www.anovapeneira.gal\/index.php\/wp-json\/wp\/v2\/posts\/14959","targetHints":{"allow":["GET"]}}],"collection":[{"href":"https:\/\/www.anovapeneira.gal\/index.php\/wp-json\/wp\/v2\/posts"}],"about":[{"href":"https:\/\/www.anovapeneira.gal\/index.php\/wp-json\/wp\/v2\/types\/post"}],"author":[{"embeddable":true,"href":"https:\/\/www.anovapeneira.gal\/index.php\/wp-json\/wp\/v2\/users\/2"}],"replies":[{"embeddable":true,"href":"https:\/\/www.anovapeneira.gal\/index.php\/wp-json\/wp\/v2\/comments?post=14959"}],"version-history":[{"count":1,"href":"https:\/\/www.anovapeneira.gal\/index.php\/wp-json\/wp\/v2\/posts\/14959\/revisions"}],"predecessor-version":[{"id":14961,"href":"https:\/\/www.anovapeneira.gal\/index.php\/wp-json\/wp\/v2\/posts\/14959\/revisions\/14961"}],"wp:featuredmedia":[{"embeddable":true,"href":"https:\/\/www.anovapeneira.gal\/index.php\/wp-json\/wp\/v2\/media\/14960"}],"wp:attachment":[{"href":"https:\/\/www.anovapeneira.gal\/index.php\/wp-json\/wp\/v2\/media?parent=14959"}],"wp:term":[{"taxonomy":"category","embeddable":true,"href":"https:\/\/www.anovapeneira.gal\/index.php\/wp-json\/wp\/v2\/categories?post=14959"},{"taxonomy":"post_tag","embeddable":true,"href":"https:\/\/www.anovapeneira.gal\/index.php\/wp-json\/wp\/v2\/tags?post=14959"}],"curies":[{"name":"wp","href":"https:\/\/api.w.org\/{rel}","templated":true}]}}