{"id":1496,"date":"2019-10-15T12:00:56","date_gmt":"2019-10-15T10:00:56","guid":{"rendered":"http:\/\/www.anovapeneira.gal\/?p=1496"},"modified":"2019-10-14T22:34:31","modified_gmt":"2019-10-14T20:34:31","slug":"o-bng-de-redondela-considera-un-paso-atras-eliminar-as-concentracions-contra-a-violencia-machista","status":"publish","type":"post","link":"https:\/\/www.anovapeneira.gal\/index.php\/2019\/10\/15\/o-bng-de-redondela-considera-un-paso-atras-eliminar-as-concentracions-contra-a-violencia-machista\/","title":{"rendered":"O BNG de redondela considera \u201cun paso atr\u00e1s eliminar as concentraci\u00f3ns contra a violencia machista\u201d"},"content":{"rendered":"\n<p>O\nConsello Municipal da Muller celebrado recentemente, recolleu entre\nalg\u00fan dos puntos do debate por iniciativa da alcaldesa Digna Rivas,\na eliminaci\u00f3n das concentraci\u00f3ns mensuais en contra da violencia\nmachista. Segundo valora a concelleira nacionalista, Jessica Garc\u00eda,\n\u201cmalia que respetamos a decisi\u00f3n deste \u00f3rgano de participaci\u00f3n,\nconsideramos que se da un paso atr\u00e1s na visualizaci\u00f3n do\nfeminicidio\u201d.<\/p>\n\n\n\n<p>As\nconcentraci\u00f3ns que mensualmente se realizaban nas que se conxugaba o\nacto institucional, coa participaci\u00f3n de vocal\u00edas da muller de\nasociaci\u00f3ns veci\u00f1ais, ou coleitivos que traballan no eido da\nigualdade, celebr\u00e1banse os primeiros luns de cada mes \u00e1s portas do\nConcello. \u201cPara o BNG estes actos permit\u00edanlle a moitas veci\u00f1as\nde Redondela v\u00edtimas do machismo e do patriarcado, que existe unha\nrede de apoio institucional e veci\u00f1al que as pode amparar, apoiar,\nprotexer\u201d, considera a edil nacionalista.<\/p>\n\n\n\n<p>Segundo\nmanifestou Y\u00e9sica Garc\u00eda, \u201co que m\u00e1is nos sorprendeu foi que un\ngoberno denominado progresista, presentara e apoiara a eliminaci\u00f3n\ndestes actos p\u00fablicos. Pola nosa banda, dende o BNG, neg\u00e1monos en\nrotundo a que estas concentraci\u00f3ns desapareceran\u201d, considerando\nque se trata dun erro grav\u00edsimo.<\/p>\n\n\n\n<p>Na\ns\u00faa valoraci\u00f3n, a edil nacionalista sinala elementos preocupantes\nloita pola igualdade  entre homes e mulleres, nos que este goberno\nmunicipal incurre. \u201cPor unha banda AER votou en contra de equiparar\no soldo da alcaldesa ao do anterior alcalde de Redondela,\nrecort\u00e1ndollo en 5.000\u20ac anuais. Por outra, na programaci\u00f3n de\ncultura, non se cumpre co criterio de x\u00e9nero pois os monolguistas\nson todos homes\u201d.<\/p>\n","protected":false},"excerpt":{"rendered":"<div class=\"mh-excerpt\"><p>O Consello Municipal da Muller celebrado recentemente, recolleu entre alg\u00fan dos puntos do debate por iniciativa da alcaldesa Digna Rivas, a eliminaci\u00f3n das concentraci\u00f3ns mensuais en contra da violencia machista <a class=\"mh-excerpt-more\" href=\"https:\/\/www.anovapeneira.gal\/index.php\/2019\/10\/15\/o-bng-de-redondela-considera-un-paso-atras-eliminar-as-concentracions-contra-a-violencia-machista\/\" title=\"O BNG de redondela considera \u201cun paso atr\u00e1s eliminar as concentraci\u00f3ns contra a violencia machista\u201d\">[&#8230;]<\/a><\/p>\n<\/div>","protected":false},"author":3,"featured_media":575,"comment_status":"open","ping_status":"open","sticky":false,"template":"","format":"standard","meta":{"_exactmetrics_skip_tracking":false,"_exactmetrics_sitenote_active":false,"_exactmetrics_sitenote_note":"","_exactmetrics_sitenote_category":0,"footnotes":""},"categories":[24],"tags":[10,171,663],"class_list":{"0":"post-1496","1":"post","2":"type-post","3":"status-publish","4":"format-standard","5":"has-post-thumbnail","7":"category-redondela","8":"tag-bng","9":"tag-concello-de-redondela","10":"tag-violencia-machista"},"yoast_head":"<!-- This site is optimized with the Yoast SEO plugin v27.4 - https:\/\/yoast.com\/product\/yoast-seo-wordpress\/ -->\n<title>O BNG de redondela considera \u201cun paso atr\u00e1s eliminar as concentraci\u00f3ns contra a violencia machista\u201d -<\/title>\n<meta name=\"robots\" content=\"index, follow, max-snippet:-1, max-image-preview:large, max-video-preview:-1\" \/>\n<link rel=\"canonical\" href=\"https:\/\/www.anovapeneira.gal\/index.php\/2019\/10\/15\/o-bng-de-redondela-considera-un-paso-atras-eliminar-as-concentracions-contra-a-violencia-machista\/\" \/>\n<meta property=\"og:locale\" content=\"gl_ES\" \/>\n<meta property=\"og:type\" content=\"article\" \/>\n<meta property=\"og:title\" content=\"O BNG de redondela considera \u201cun paso atr\u00e1s eliminar as concentraci\u00f3ns contra a violencia machista\u201d -\" \/>\n<meta property=\"og:description\" content=\"O Consello Municipal da Muller celebrado recentemente, recolleu entre alg\u00fan dos puntos do debate por iniciativa da alcaldesa Digna Rivas, a eliminaci\u00f3n das concentraci\u00f3ns mensuais en contra da violencia machista [...]\" \/>\n<meta property=\"og:url\" content=\"https:\/\/www.anovapeneira.gal\/index.php\/2019\/10\/15\/o-bng-de-redondela-considera-un-paso-atras-eliminar-as-concentracions-contra-a-violencia-machista\/\" \/>\n<meta property=\"article:publisher\" content=\"https:\/\/www.facebook.com\/anovapeneira\" \/>\n<meta property=\"article:published_time\" content=\"2019-10-15T10:00:56+00:00\" \/>\n<meta property=\"og:image\" content=\"https:\/\/www.anovapeneira.gal\/wp-content\/uploads\/2019\/07\/bng_logo.jpg\" \/>\n\t<meta property=\"og:image:width\" content=\"720\" \/>\n\t<meta property=\"og:image:height\" content=\"473\" \/>\n\t<meta property=\"og:image:type\" content=\"image\/jpeg\" \/>\n<meta name=\"author\" content=\"Redacci\u00f3n A Nova Peneira\" \/>\n<meta name=\"twitter:card\" content=\"summary_large_image\" \/>\n<meta name=\"twitter:creator\" content=\"@APeneira\" \/>\n<meta name=\"twitter:site\" content=\"@APeneira\" \/>\n<meta name=\"twitter:label1\" content=\"Escrito por\" \/>\n\t<meta name=\"twitter:data1\" content=\"Redacci\u00f3n A Nova Peneira\" \/>\n\t<meta name=\"twitter:label2\" content=\"Tempo de lectura\" \/>\n\t<meta name=\"twitter:data2\" content=\"1 minuto\" \/>\n<script type=\"application\/ld+json\" class=\"yoast-schema-graph\">{\"@context\":\"https:\\\/\\\/schema.org\",\"@graph\":[{\"@type\":\"Article\",\"@id\":\"https:\\\/\\\/www.anovapeneira.gal\\\/index.php\\\/2019\\\/10\\\/15\\\/o-bng-de-redondela-considera-un-paso-atras-eliminar-as-concentracions-contra-a-violencia-machista\\\/#article\",\"isPartOf\":{\"@id\":\"https:\\\/\\\/www.anovapeneira.gal\\\/index.php\\\/2019\\\/10\\\/15\\\/o-bng-de-redondela-considera-un-paso-atras-eliminar-as-concentracions-contra-a-violencia-machista\\\/\"},\"author\":{\"name\":\"Redacci\u00f3n A Nova Peneira\",\"@id\":\"https:\\\/\\\/www.anovapeneira.gal\\\/#\\\/schema\\\/person\\\/b93e3f8932e3f8da96334607eb6ac6aa\"},\"headline\":\"O BNG de redondela considera \u201cun paso atr\u00e1s eliminar as concentraci\u00f3ns contra a violencia machista\u201d\",\"datePublished\":\"2019-10-15T10:00:56+00:00\",\"mainEntityOfPage\":{\"@id\":\"https:\\\/\\\/www.anovapeneira.gal\\\/index.php\\\/2019\\\/10\\\/15\\\/o-bng-de-redondela-considera-un-paso-atras-eliminar-as-concentracions-contra-a-violencia-machista\\\/\"},\"wordCount\":289,\"commentCount\":0,\"publisher\":{\"@id\":\"https:\\\/\\\/www.anovapeneira.gal\\\/#organization\"},\"image\":{\"@id\":\"https:\\\/\\\/www.anovapeneira.gal\\\/index.php\\\/2019\\\/10\\\/15\\\/o-bng-de-redondela-considera-un-paso-atras-eliminar-as-concentracions-contra-a-violencia-machista\\\/#primaryimage\"},\"thumbnailUrl\":\"https:\\\/\\\/www.anovapeneira.gal\\\/wp-content\\\/uploads\\\/2019\\\/07\\\/bng_logo.jpg\",\"keywords\":[\"BNG\",\"Concello de Redondela\",\"Violencia Machista\"],\"articleSection\":[\"Redondela\"],\"inLanguage\":\"gl-ES\",\"potentialAction\":[{\"@type\":\"CommentAction\",\"name\":\"Comment\",\"target\":[\"https:\\\/\\\/www.anovapeneira.gal\\\/index.php\\\/2019\\\/10\\\/15\\\/o-bng-de-redondela-considera-un-paso-atras-eliminar-as-concentracions-contra-a-violencia-machista\\\/#respond\"]}]},{\"@type\":\"WebPage\",\"@id\":\"https:\\\/\\\/www.anovapeneira.gal\\\/index.php\\\/2019\\\/10\\\/15\\\/o-bng-de-redondela-considera-un-paso-atras-eliminar-as-concentracions-contra-a-violencia-machista\\\/\",\"url\":\"https:\\\/\\\/www.anovapeneira.gal\\\/index.php\\\/2019\\\/10\\\/15\\\/o-bng-de-redondela-considera-un-paso-atras-eliminar-as-concentracions-contra-a-violencia-machista\\\/\",\"name\":\"O BNG de redondela considera \u201cun paso atr\u00e1s eliminar as concentraci\u00f3ns contra a violencia machista\u201d -\",\"isPartOf\":{\"@id\":\"https:\\\/\\\/www.anovapeneira.gal\\\/#website\"},\"primaryImageOfPage\":{\"@id\":\"https:\\\/\\\/www.anovapeneira.gal\\\/index.php\\\/2019\\\/10\\\/15\\\/o-bng-de-redondela-considera-un-paso-atras-eliminar-as-concentracions-contra-a-violencia-machista\\\/#primaryimage\"},\"image\":{\"@id\":\"https:\\\/\\\/www.anovapeneira.gal\\\/index.php\\\/2019\\\/10\\\/15\\\/o-bng-de-redondela-considera-un-paso-atras-eliminar-as-concentracions-contra-a-violencia-machista\\\/#primaryimage\"},\"thumbnailUrl\":\"https:\\\/\\\/www.anovapeneira.gal\\\/wp-content\\\/uploads\\\/2019\\\/07\\\/bng_logo.jpg\",\"datePublished\":\"2019-10-15T10:00:56+00:00\",\"breadcrumb\":{\"@id\":\"https:\\\/\\\/www.anovapeneira.gal\\\/index.php\\\/2019\\\/10\\\/15\\\/o-bng-de-redondela-considera-un-paso-atras-eliminar-as-concentracions-contra-a-violencia-machista\\\/#breadcrumb\"},\"inLanguage\":\"gl-ES\",\"potentialAction\":[{\"@type\":\"ReadAction\",\"target\":[\"https:\\\/\\\/www.anovapeneira.gal\\\/index.php\\\/2019\\\/10\\\/15\\\/o-bng-de-redondela-considera-un-paso-atras-eliminar-as-concentracions-contra-a-violencia-machista\\\/\"]}]},{\"@type\":\"ImageObject\",\"inLanguage\":\"gl-ES\",\"@id\":\"https:\\\/\\\/www.anovapeneira.gal\\\/index.php\\\/2019\\\/10\\\/15\\\/o-bng-de-redondela-considera-un-paso-atras-eliminar-as-concentracions-contra-a-violencia-machista\\\/#primaryimage\",\"url\":\"https:\\\/\\\/www.anovapeneira.gal\\\/wp-content\\\/uploads\\\/2019\\\/07\\\/bng_logo.jpg\",\"contentUrl\":\"https:\\\/\\\/www.anovapeneira.gal\\\/wp-content\\\/uploads\\\/2019\\\/07\\\/bng_logo.jpg\",\"width\":720,\"height\":473,\"caption\":\"BNG A Nova Peneira\"},{\"@type\":\"BreadcrumbList\",\"@id\":\"https:\\\/\\\/www.anovapeneira.gal\\\/index.php\\\/2019\\\/10\\\/15\\\/o-bng-de-redondela-considera-un-paso-atras-eliminar-as-concentracions-contra-a-violencia-machista\\\/#breadcrumb\",\"itemListElement\":[{\"@type\":\"ListItem\",\"position\":1,\"name\":\"Portada\",\"item\":\"https:\\\/\\\/www.anovapeneira.gal\\\/\"},{\"@type\":\"ListItem\",\"position\":2,\"name\":\"O BNG de redondela considera \u201cun paso atr\u00e1s eliminar as concentraci\u00f3ns contra a violencia machista\u201d\"}]},{\"@type\":\"WebSite\",\"@id\":\"https:\\\/\\\/www.anovapeneira.gal\\\/#website\",\"url\":\"https:\\\/\\\/www.anovapeneira.gal\\\/\",\"name\":\"\",\"description\":\"Xornal galego de informaci\u00f3n xeral Publicaci\u00f3n mensual de novas de Galicia e en especial dos Concellos da sur da provincia de Pontevedra.\",\"publisher\":{\"@id\":\"https:\\\/\\\/www.anovapeneira.gal\\\/#organization\"},\"potentialAction\":[{\"@type\":\"SearchAction\",\"target\":{\"@type\":\"EntryPoint\",\"urlTemplate\":\"https:\\\/\\\/www.anovapeneira.gal\\\/?s={search_term_string}\"},\"query-input\":{\"@type\":\"PropertyValueSpecification\",\"valueRequired\":true,\"valueName\":\"search_term_string\"}}],\"inLanguage\":\"gl-ES\"},{\"@type\":\"Organization\",\"@id\":\"https:\\\/\\\/www.anovapeneira.gal\\\/#organization\",\"name\":\"A Nova Peneira\",\"url\":\"https:\\\/\\\/www.anovapeneira.gal\\\/\",\"logo\":{\"@type\":\"ImageObject\",\"inLanguage\":\"gl-ES\",\"@id\":\"https:\\\/\\\/www.anovapeneira.gal\\\/#\\\/schema\\\/logo\\\/image\\\/\",\"url\":\"http:\\\/\\\/www.anovapeneira.gal\\\/wp-content\\\/uploads\\\/2019\\\/06\\\/logo_a_nova_peneira_portal_web.png\",\"contentUrl\":\"http:\\\/\\\/www.anovapeneira.gal\\\/wp-content\\\/uploads\\\/2019\\\/06\\\/logo_a_nova_peneira_portal_web.png\",\"width\":300,\"height\":100,\"caption\":\"A Nova Peneira\"},\"image\":{\"@id\":\"https:\\\/\\\/www.anovapeneira.gal\\\/#\\\/schema\\\/logo\\\/image\\\/\"},\"sameAs\":[\"https:\\\/\\\/www.facebook.com\\\/anovapeneira\",\"https:\\\/\\\/x.com\\\/APeneira\"]},{\"@type\":\"Person\",\"@id\":\"https:\\\/\\\/www.anovapeneira.gal\\\/#\\\/schema\\\/person\\\/b93e3f8932e3f8da96334607eb6ac6aa\",\"name\":\"Redacci\u00f3n A Nova Peneira\",\"image\":{\"@type\":\"ImageObject\",\"inLanguage\":\"gl-ES\",\"@id\":\"https:\\\/\\\/secure.gravatar.com\\\/avatar\\\/c052a2551a06e23fac63626232eaa90abd78dbcf1700fc46a2b2c89fd27b735f?s=96&d=mm&r=g\",\"url\":\"https:\\\/\\\/secure.gravatar.com\\\/avatar\\\/c052a2551a06e23fac63626232eaa90abd78dbcf1700fc46a2b2c89fd27b735f?s=96&d=mm&r=g\",\"contentUrl\":\"https:\\\/\\\/secure.gravatar.com\\\/avatar\\\/c052a2551a06e23fac63626232eaa90abd78dbcf1700fc46a2b2c89fd27b735f?s=96&d=mm&r=g\",\"caption\":\"Redacci\u00f3n A Nova Peneira\"},\"sameAs\":[\"http:\\\/\\\/www.anovapeneira.gal\\\/\"],\"url\":\"https:\\\/\\\/www.anovapeneira.gal\\\/index.php\\\/author\\\/redactor\\\/\"}]}<\/script>\n<!-- \/ Yoast SEO plugin. -->","yoast_head_json":{"title":"O BNG de redondela considera \u201cun paso atr\u00e1s eliminar as concentraci\u00f3ns contra a violencia machista\u201d -","robots":{"index":"index","follow":"follow","max-snippet":"max-snippet:-1","max-image-preview":"max-image-preview:large","max-video-preview":"max-video-preview:-1"},"canonical":"https:\/\/www.anovapeneira.gal\/index.php\/2019\/10\/15\/o-bng-de-redondela-considera-un-paso-atras-eliminar-as-concentracions-contra-a-violencia-machista\/","og_locale":"gl_ES","og_type":"article","og_title":"O BNG de redondela considera \u201cun paso atr\u00e1s eliminar as concentraci\u00f3ns contra a violencia machista\u201d -","og_description":"O Consello Municipal da Muller celebrado recentemente, recolleu entre alg\u00fan dos puntos do debate por iniciativa da alcaldesa Digna Rivas, a eliminaci\u00f3n das concentraci\u00f3ns mensuais en contra da violencia machista [...]","og_url":"https:\/\/www.anovapeneira.gal\/index.php\/2019\/10\/15\/o-bng-de-redondela-considera-un-paso-atras-eliminar-as-concentracions-contra-a-violencia-machista\/","article_publisher":"https:\/\/www.facebook.com\/anovapeneira","article_published_time":"2019-10-15T10:00:56+00:00","og_image":[{"width":720,"height":473,"url":"https:\/\/www.anovapeneira.gal\/wp-content\/uploads\/2019\/07\/bng_logo.jpg","type":"image\/jpeg"}],"author":"Redacci\u00f3n A Nova Peneira","twitter_card":"summary_large_image","twitter_creator":"@APeneira","twitter_site":"@APeneira","twitter_misc":{"Escrito por":"Redacci\u00f3n A Nova Peneira","Tempo de lectura":"1 minuto"},"schema":{"@context":"https:\/\/schema.org","@graph":[{"@type":"Article","@id":"https:\/\/www.anovapeneira.gal\/index.php\/2019\/10\/15\/o-bng-de-redondela-considera-un-paso-atras-eliminar-as-concentracions-contra-a-violencia-machista\/#article","isPartOf":{"@id":"https:\/\/www.anovapeneira.gal\/index.php\/2019\/10\/15\/o-bng-de-redondela-considera-un-paso-atras-eliminar-as-concentracions-contra-a-violencia-machista\/"},"author":{"name":"Redacci\u00f3n A Nova Peneira","@id":"https:\/\/www.anovapeneira.gal\/#\/schema\/person\/b93e3f8932e3f8da96334607eb6ac6aa"},"headline":"O BNG de redondela considera \u201cun paso atr\u00e1s eliminar as concentraci\u00f3ns contra a violencia machista\u201d","datePublished":"2019-10-15T10:00:56+00:00","mainEntityOfPage":{"@id":"https:\/\/www.anovapeneira.gal\/index.php\/2019\/10\/15\/o-bng-de-redondela-considera-un-paso-atras-eliminar-as-concentracions-contra-a-violencia-machista\/"},"wordCount":289,"commentCount":0,"publisher":{"@id":"https:\/\/www.anovapeneira.gal\/#organization"},"image":{"@id":"https:\/\/www.anovapeneira.gal\/index.php\/2019\/10\/15\/o-bng-de-redondela-considera-un-paso-atras-eliminar-as-concentracions-contra-a-violencia-machista\/#primaryimage"},"thumbnailUrl":"https:\/\/www.anovapeneira.gal\/wp-content\/uploads\/2019\/07\/bng_logo.jpg","keywords":["BNG","Concello de Redondela","Violencia Machista"],"articleSection":["Redondela"],"inLanguage":"gl-ES","potentialAction":[{"@type":"CommentAction","name":"Comment","target":["https:\/\/www.anovapeneira.gal\/index.php\/2019\/10\/15\/o-bng-de-redondela-considera-un-paso-atras-eliminar-as-concentracions-contra-a-violencia-machista\/#respond"]}]},{"@type":"WebPage","@id":"https:\/\/www.anovapeneira.gal\/index.php\/2019\/10\/15\/o-bng-de-redondela-considera-un-paso-atras-eliminar-as-concentracions-contra-a-violencia-machista\/","url":"https:\/\/www.anovapeneira.gal\/index.php\/2019\/10\/15\/o-bng-de-redondela-considera-un-paso-atras-eliminar-as-concentracions-contra-a-violencia-machista\/","name":"O BNG de redondela considera \u201cun paso atr\u00e1s eliminar as concentraci\u00f3ns contra a violencia machista\u201d -","isPartOf":{"@id":"https:\/\/www.anovapeneira.gal\/#website"},"primaryImageOfPage":{"@id":"https:\/\/www.anovapeneira.gal\/index.php\/2019\/10\/15\/o-bng-de-redondela-considera-un-paso-atras-eliminar-as-concentracions-contra-a-violencia-machista\/#primaryimage"},"image":{"@id":"https:\/\/www.anovapeneira.gal\/index.php\/2019\/10\/15\/o-bng-de-redondela-considera-un-paso-atras-eliminar-as-concentracions-contra-a-violencia-machista\/#primaryimage"},"thumbnailUrl":"https:\/\/www.anovapeneira.gal\/wp-content\/uploads\/2019\/07\/bng_logo.jpg","datePublished":"2019-10-15T10:00:56+00:00","breadcrumb":{"@id":"https:\/\/www.anovapeneira.gal\/index.php\/2019\/10\/15\/o-bng-de-redondela-considera-un-paso-atras-eliminar-as-concentracions-contra-a-violencia-machista\/#breadcrumb"},"inLanguage":"gl-ES","potentialAction":[{"@type":"ReadAction","target":["https:\/\/www.anovapeneira.gal\/index.php\/2019\/10\/15\/o-bng-de-redondela-considera-un-paso-atras-eliminar-as-concentracions-contra-a-violencia-machista\/"]}]},{"@type":"ImageObject","inLanguage":"gl-ES","@id":"https:\/\/www.anovapeneira.gal\/index.php\/2019\/10\/15\/o-bng-de-redondela-considera-un-paso-atras-eliminar-as-concentracions-contra-a-violencia-machista\/#primaryimage","url":"https:\/\/www.anovapeneira.gal\/wp-content\/uploads\/2019\/07\/bng_logo.jpg","contentUrl":"https:\/\/www.anovapeneira.gal\/wp-content\/uploads\/2019\/07\/bng_logo.jpg","width":720,"height":473,"caption":"BNG A Nova Peneira"},{"@type":"BreadcrumbList","@id":"https:\/\/www.anovapeneira.gal\/index.php\/2019\/10\/15\/o-bng-de-redondela-considera-un-paso-atras-eliminar-as-concentracions-contra-a-violencia-machista\/#breadcrumb","itemListElement":[{"@type":"ListItem","position":1,"name":"Portada","item":"https:\/\/www.anovapeneira.gal\/"},{"@type":"ListItem","position":2,"name":"O BNG de redondela considera \u201cun paso atr\u00e1s eliminar as concentraci\u00f3ns contra a violencia machista\u201d"}]},{"@type":"WebSite","@id":"https:\/\/www.anovapeneira.gal\/#website","url":"https:\/\/www.anovapeneira.gal\/","name":"","description":"Xornal galego de informaci\u00f3n xeral Publicaci\u00f3n mensual de novas de Galicia e en especial dos Concellos da sur da provincia de Pontevedra.","publisher":{"@id":"https:\/\/www.anovapeneira.gal\/#organization"},"potentialAction":[{"@type":"SearchAction","target":{"@type":"EntryPoint","urlTemplate":"https:\/\/www.anovapeneira.gal\/?s={search_term_string}"},"query-input":{"@type":"PropertyValueSpecification","valueRequired":true,"valueName":"search_term_string"}}],"inLanguage":"gl-ES"},{"@type":"Organization","@id":"https:\/\/www.anovapeneira.gal\/#organization","name":"A Nova Peneira","url":"https:\/\/www.anovapeneira.gal\/","logo":{"@type":"ImageObject","inLanguage":"gl-ES","@id":"https:\/\/www.anovapeneira.gal\/#\/schema\/logo\/image\/","url":"http:\/\/www.anovapeneira.gal\/wp-content\/uploads\/2019\/06\/logo_a_nova_peneira_portal_web.png","contentUrl":"http:\/\/www.anovapeneira.gal\/wp-content\/uploads\/2019\/06\/logo_a_nova_peneira_portal_web.png","width":300,"height":100,"caption":"A Nova Peneira"},"image":{"@id":"https:\/\/www.anovapeneira.gal\/#\/schema\/logo\/image\/"},"sameAs":["https:\/\/www.facebook.com\/anovapeneira","https:\/\/x.com\/APeneira"]},{"@type":"Person","@id":"https:\/\/www.anovapeneira.gal\/#\/schema\/person\/b93e3f8932e3f8da96334607eb6ac6aa","name":"Redacci\u00f3n A Nova Peneira","image":{"@type":"ImageObject","inLanguage":"gl-ES","@id":"https:\/\/secure.gravatar.com\/avatar\/c052a2551a06e23fac63626232eaa90abd78dbcf1700fc46a2b2c89fd27b735f?s=96&d=mm&r=g","url":"https:\/\/secure.gravatar.com\/avatar\/c052a2551a06e23fac63626232eaa90abd78dbcf1700fc46a2b2c89fd27b735f?s=96&d=mm&r=g","contentUrl":"https:\/\/secure.gravatar.com\/avatar\/c052a2551a06e23fac63626232eaa90abd78dbcf1700fc46a2b2c89fd27b735f?s=96&d=mm&r=g","caption":"Redacci\u00f3n A Nova Peneira"},"sameAs":["http:\/\/www.anovapeneira.gal\/"],"url":"https:\/\/www.anovapeneira.gal\/index.php\/author\/redactor\/"}]}},"jetpack_featured_media_url":"https:\/\/www.anovapeneira.gal\/wp-content\/uploads\/2019\/07\/bng_logo.jpg","_links":{"self":[{"href":"https:\/\/www.anovapeneira.gal\/index.php\/wp-json\/wp\/v2\/posts\/1496","targetHints":{"allow":["GET"]}}],"collection":[{"href":"https:\/\/www.anovapeneira.gal\/index.php\/wp-json\/wp\/v2\/posts"}],"about":[{"href":"https:\/\/www.anovapeneira.gal\/index.php\/wp-json\/wp\/v2\/types\/post"}],"author":[{"embeddable":true,"href":"https:\/\/www.anovapeneira.gal\/index.php\/wp-json\/wp\/v2\/users\/3"}],"replies":[{"embeddable":true,"href":"https:\/\/www.anovapeneira.gal\/index.php\/wp-json\/wp\/v2\/comments?post=1496"}],"version-history":[{"count":1,"href":"https:\/\/www.anovapeneira.gal\/index.php\/wp-json\/wp\/v2\/posts\/1496\/revisions"}],"predecessor-version":[{"id":1497,"href":"https:\/\/www.anovapeneira.gal\/index.php\/wp-json\/wp\/v2\/posts\/1496\/revisions\/1497"}],"wp:featuredmedia":[{"embeddable":true,"href":"https:\/\/www.anovapeneira.gal\/index.php\/wp-json\/wp\/v2\/media\/575"}],"wp:attachment":[{"href":"https:\/\/www.anovapeneira.gal\/index.php\/wp-json\/wp\/v2\/media?parent=1496"}],"wp:term":[{"taxonomy":"category","embeddable":true,"href":"https:\/\/www.anovapeneira.gal\/index.php\/wp-json\/wp\/v2\/categories?post=1496"},{"taxonomy":"post_tag","embeddable":true,"href":"https:\/\/www.anovapeneira.gal\/index.php\/wp-json\/wp\/v2\/tags?post=1496"}],"curies":[{"name":"wp","href":"https:\/\/api.w.org\/{rel}","templated":true}]}}