{"id":14962,"date":"2025-11-20T10:00:02","date_gmt":"2025-11-20T09:00:02","guid":{"rendered":"https:\/\/www.anovapeneira.gal\/?p=14962"},"modified":"2025-11-19T14:20:24","modified_gmt":"2025-11-19T13:20:24","slug":"ernesto-filgueira-insta-a-cubela-a-defender-os-intereses-da-vecinanza-e-oponerse-a-instalacion-do-parque-eolico-greco-norte","status":"publish","type":"post","link":"https:\/\/www.anovapeneira.gal\/index.php\/2025\/11\/20\/ernesto-filgueira-insta-a-cubela-a-defender-os-intereses-da-vecinanza-e-oponerse-a-instalacion-do-parque-eolico-greco-norte\/","title":{"rendered":"Ernesto Filgueira insta a Cubela a defender os intereses da veci\u00f1anza e opo\u00f1erse \u00e1 instalaci\u00f3n do parque e\u00f3lico GRECO NORTE"},"content":{"rendered":"\n<p>Estragar\u00eda espazos de grande valor ecol\u00f3xico pola s\u00faa proximidade \u00e1 Rede Natura 2000 (ZEC Serra do Cando), afectar\u00eda a restos arqueol\u00f3xicos catalogados e levariase por diante a piscina p\u00fablica de Caroi<\/p>\n\n\n\n<p><strong>Cerdedo-Cotobade, 10 de novembro de 2025.<\/strong><\/p>\n\n\n\n<p>O BNG levar\u00e1 ao pr\u00f3ximo pleno municipal unha moci\u00f3n de rexeitamento ao parque e\u00f3lico Greco Norte, que afecta \u00e1s parroquias de Caroi, Loureiro, Valongo (aeroxeradores) e Augasantas (li\u00f1a de evacuaci\u00f3n), que actualmente est\u00e1 en fase de avaliaci\u00f3n ambiental, polo grande estrago que producir\u00eda no territorio.<\/p>\n\n\n\n<p>Na moci\u00f3n, Ernesto Filgueira insta ao pleno da corporaci\u00f3n a rexeitar a instalaci\u00f3n do parque e\u00f3lico, presentar alegaci\u00f3ns e po\u00f1elas a disposici\u00f3n das veci\u00f1as e veci\u00f1os, e esixir da Xunta que se revogue a autorizaci\u00f3n que lles deu para instalar este parque f\u00f3ra da \u00e1rea de desenvolvemento e\u00f3lico.<\/p>\n\n\n\n<p>Este Parque e\u00f3lico, de tramitaci\u00f3n estatal, promovido polo grupo Villar Mir, est\u00e1 inclu\u00eddo no marcoproxecto Greco, con graves afectaci\u00f3ns sobre o medio ambiente, a sa\u00fade, a calidade de vida e os usos propios do territorio: residencial, econ\u00f3micos e produtivos, etc., afectando a restos arqueol\u00f3xicos catalogados ubicados no interior da poligonal e levando por diante a piscina p\u00fablica de Caroi.<\/p>\n\n\n\n<p>Recentemente, a Xunta de Galiza ven de autorizar que este parque se poda facer f\u00f3ra da \u00e1rea de desenvolvemento e\u00f3lico, un feito que Filgueira non dubidou en calificar de \u201ccacicada\u201d.<\/p>\n\n\n\n<p>Para o voceiro do BNG \u201c\u00e9 necesario que o alcalde se plante ante esta ameaza de proxectos e\u00f3licos que incidir\u00edan moi negativamente no noso territorio e a calidade de vida dos seus habitantes, e po\u00f1a todos os recursos dispo\u00f1\u00edbeis para frear este novo atentado ambiental e contra a sa\u00fade e o benestar dos nosos veci\u00f1os e veci\u00f1os\u201d.<\/p>\n\n\n\n<p>O portavoz nacionalista lembra que non ten sentido instalar m\u00e1is aeroxeneradores nunha zona xa amplamente saturada e pr\u00f3xima \u00e1 Rede Natura 2000, e que ter\u00eda un impacto directo e cr\u00edtico nunha zona ben conservada e con h\u00e1bitats de interese prioritario.<\/p>\n\n\n\n<p>Polo tanto, \u201cdesde o BNG instamos a sumar esforzos de todas as forzas pol\u00edticas para impedir este novo atentado contra o noso concello, alegando conxuntamente contra a s\u00faa instalaci\u00f3n e esix\u00edndolle \u00e1 Xunta de Galiza que revogue a autorizaci\u00f3n que lle deu para poder instalarse en terreos que est\u00e1n f\u00f3ra da \u00e1rea de desenvolvemento e\u00f3lico\u201d, coclu\u00edu Filgueira.<\/p>\n","protected":false},"excerpt":{"rendered":"<div class=\"mh-excerpt\"><p>Estragar\u00eda espazos de grande valor ecol\u00f3xico pola s\u00faa proximidade \u00e1 Rede Natura 2000  <a class=\"mh-excerpt-more\" href=\"https:\/\/www.anovapeneira.gal\/index.php\/2025\/11\/20\/ernesto-filgueira-insta-a-cubela-a-defender-os-intereses-da-vecinanza-e-oponerse-a-instalacion-do-parque-eolico-greco-norte\/\" title=\"Ernesto Filgueira insta a Cubela a defender os intereses da veci\u00f1anza e opo\u00f1erse \u00e1 instalaci\u00f3n do parque e\u00f3lico GRECO NORTE\">[&#8230;]<\/a><\/p>\n<\/div>","protected":false},"author":3,"featured_media":14963,"comment_status":"open","ping_status":"open","sticky":false,"template":"","format":"standard","meta":{"_exactmetrics_skip_tracking":false,"_exactmetrics_sitenote_active":false,"_exactmetrics_sitenote_note":"","_exactmetrics_sitenote_category":0,"footnotes":""},"categories":[26],"tags":[1203],"class_list":{"0":"post-14962","1":"post","2":"type-post","3":"status-publish","4":"format-standard","5":"has-post-thumbnail","7":"category-pontevedra","8":"tag-concello-de-cerdedo-cotobade"},"yoast_head":"<!-- This site is optimized with the Yoast SEO plugin v27.4 - https:\/\/yoast.com\/product\/yoast-seo-wordpress\/ -->\n<title>Ernesto Filgueira insta a Cubela a defender os intereses da veci\u00f1anza e opo\u00f1erse \u00e1 instalaci\u00f3n do parque e\u00f3lico GRECO NORTE -<\/title>\n<meta name=\"robots\" content=\"index, follow, max-snippet:-1, max-image-preview:large, max-video-preview:-1\" \/>\n<link rel=\"canonical\" href=\"https:\/\/www.anovapeneira.gal\/index.php\/2025\/11\/20\/ernesto-filgueira-insta-a-cubela-a-defender-os-intereses-da-vecinanza-e-oponerse-a-instalacion-do-parque-eolico-greco-norte\/\" \/>\n<meta property=\"og:locale\" content=\"gl_ES\" \/>\n<meta property=\"og:type\" content=\"article\" \/>\n<meta property=\"og:title\" content=\"Ernesto Filgueira insta a Cubela a defender os intereses da veci\u00f1anza e opo\u00f1erse \u00e1 instalaci\u00f3n do parque e\u00f3lico GRECO NORTE -\" \/>\n<meta property=\"og:description\" content=\"Estragar\u00eda espazos de grande valor ecol\u00f3xico pola s\u00faa proximidade \u00e1 Rede Natura 2000 [...]\" \/>\n<meta property=\"og:url\" content=\"https:\/\/www.anovapeneira.gal\/index.php\/2025\/11\/20\/ernesto-filgueira-insta-a-cubela-a-defender-os-intereses-da-vecinanza-e-oponerse-a-instalacion-do-parque-eolico-greco-norte\/\" \/>\n<meta property=\"article:publisher\" content=\"https:\/\/www.facebook.com\/anovapeneira\" \/>\n<meta property=\"article:published_time\" content=\"2025-11-20T09:00:02+00:00\" \/>\n<meta property=\"og:image\" content=\"https:\/\/www.anovapeneira.gal\/wp-content\/uploads\/2025\/11\/Ernesto_Filgueira_Anxo_Santome.-Foto-de-Arquivo.jpg\" \/>\n\t<meta property=\"og:image:width\" content=\"720\" \/>\n\t<meta property=\"og:image:height\" content=\"432\" \/>\n\t<meta property=\"og:image:type\" content=\"image\/jpeg\" \/>\n<meta name=\"author\" content=\"Redacci\u00f3n A Nova Peneira\" \/>\n<meta name=\"twitter:card\" content=\"summary_large_image\" \/>\n<meta name=\"twitter:creator\" content=\"@APeneira\" \/>\n<meta name=\"twitter:site\" content=\"@APeneira\" \/>\n<meta name=\"twitter:label1\" content=\"Escrito por\" \/>\n\t<meta name=\"twitter:data1\" content=\"Redacci\u00f3n A Nova Peneira\" \/>\n\t<meta name=\"twitter:label2\" content=\"Tempo de lectura\" \/>\n\t<meta name=\"twitter:data2\" content=\"3 minutos\" \/>\n<script type=\"application\/ld+json\" class=\"yoast-schema-graph\">{\"@context\":\"https:\\\/\\\/schema.org\",\"@graph\":[{\"@type\":\"Article\",\"@id\":\"https:\\\/\\\/www.anovapeneira.gal\\\/index.php\\\/2025\\\/11\\\/20\\\/ernesto-filgueira-insta-a-cubela-a-defender-os-intereses-da-vecinanza-e-oponerse-a-instalacion-do-parque-eolico-greco-norte\\\/#article\",\"isPartOf\":{\"@id\":\"https:\\\/\\\/www.anovapeneira.gal\\\/index.php\\\/2025\\\/11\\\/20\\\/ernesto-filgueira-insta-a-cubela-a-defender-os-intereses-da-vecinanza-e-oponerse-a-instalacion-do-parque-eolico-greco-norte\\\/\"},\"author\":{\"name\":\"Redacci\u00f3n A Nova Peneira\",\"@id\":\"https:\\\/\\\/www.anovapeneira.gal\\\/#\\\/schema\\\/person\\\/b93e3f8932e3f8da96334607eb6ac6aa\"},\"headline\":\"Ernesto Filgueira insta a Cubela a defender os intereses da veci\u00f1anza e opo\u00f1erse \u00e1 instalaci\u00f3n do parque e\u00f3lico GRECO NORTE\",\"datePublished\":\"2025-11-20T09:00:02+00:00\",\"mainEntityOfPage\":{\"@id\":\"https:\\\/\\\/www.anovapeneira.gal\\\/index.php\\\/2025\\\/11\\\/20\\\/ernesto-filgueira-insta-a-cubela-a-defender-os-intereses-da-vecinanza-e-oponerse-a-instalacion-do-parque-eolico-greco-norte\\\/\"},\"wordCount\":444,\"commentCount\":0,\"publisher\":{\"@id\":\"https:\\\/\\\/www.anovapeneira.gal\\\/#organization\"},\"image\":{\"@id\":\"https:\\\/\\\/www.anovapeneira.gal\\\/index.php\\\/2025\\\/11\\\/20\\\/ernesto-filgueira-insta-a-cubela-a-defender-os-intereses-da-vecinanza-e-oponerse-a-instalacion-do-parque-eolico-greco-norte\\\/#primaryimage\"},\"thumbnailUrl\":\"https:\\\/\\\/www.anovapeneira.gal\\\/wp-content\\\/uploads\\\/2025\\\/11\\\/Ernesto_Filgueira_Anxo_Santome.-Foto-de-Arquivo.jpg\",\"keywords\":[\"Concello de Cerdedo-Cotobade\"],\"articleSection\":[\"Pontevedra\"],\"inLanguage\":\"gl-ES\",\"potentialAction\":[{\"@type\":\"CommentAction\",\"name\":\"Comment\",\"target\":[\"https:\\\/\\\/www.anovapeneira.gal\\\/index.php\\\/2025\\\/11\\\/20\\\/ernesto-filgueira-insta-a-cubela-a-defender-os-intereses-da-vecinanza-e-oponerse-a-instalacion-do-parque-eolico-greco-norte\\\/#respond\"]}]},{\"@type\":\"WebPage\",\"@id\":\"https:\\\/\\\/www.anovapeneira.gal\\\/index.php\\\/2025\\\/11\\\/20\\\/ernesto-filgueira-insta-a-cubela-a-defender-os-intereses-da-vecinanza-e-oponerse-a-instalacion-do-parque-eolico-greco-norte\\\/\",\"url\":\"https:\\\/\\\/www.anovapeneira.gal\\\/index.php\\\/2025\\\/11\\\/20\\\/ernesto-filgueira-insta-a-cubela-a-defender-os-intereses-da-vecinanza-e-oponerse-a-instalacion-do-parque-eolico-greco-norte\\\/\",\"name\":\"Ernesto Filgueira insta a Cubela a defender os intereses da veci\u00f1anza e opo\u00f1erse \u00e1 instalaci\u00f3n do parque e\u00f3lico GRECO NORTE -\",\"isPartOf\":{\"@id\":\"https:\\\/\\\/www.anovapeneira.gal\\\/#website\"},\"primaryImageOfPage\":{\"@id\":\"https:\\\/\\\/www.anovapeneira.gal\\\/index.php\\\/2025\\\/11\\\/20\\\/ernesto-filgueira-insta-a-cubela-a-defender-os-intereses-da-vecinanza-e-oponerse-a-instalacion-do-parque-eolico-greco-norte\\\/#primaryimage\"},\"image\":{\"@id\":\"https:\\\/\\\/www.anovapeneira.gal\\\/index.php\\\/2025\\\/11\\\/20\\\/ernesto-filgueira-insta-a-cubela-a-defender-os-intereses-da-vecinanza-e-oponerse-a-instalacion-do-parque-eolico-greco-norte\\\/#primaryimage\"},\"thumbnailUrl\":\"https:\\\/\\\/www.anovapeneira.gal\\\/wp-content\\\/uploads\\\/2025\\\/11\\\/Ernesto_Filgueira_Anxo_Santome.-Foto-de-Arquivo.jpg\",\"datePublished\":\"2025-11-20T09:00:02+00:00\",\"breadcrumb\":{\"@id\":\"https:\\\/\\\/www.anovapeneira.gal\\\/index.php\\\/2025\\\/11\\\/20\\\/ernesto-filgueira-insta-a-cubela-a-defender-os-intereses-da-vecinanza-e-oponerse-a-instalacion-do-parque-eolico-greco-norte\\\/#breadcrumb\"},\"inLanguage\":\"gl-ES\",\"potentialAction\":[{\"@type\":\"ReadAction\",\"target\":[\"https:\\\/\\\/www.anovapeneira.gal\\\/index.php\\\/2025\\\/11\\\/20\\\/ernesto-filgueira-insta-a-cubela-a-defender-os-intereses-da-vecinanza-e-oponerse-a-instalacion-do-parque-eolico-greco-norte\\\/\"]}]},{\"@type\":\"ImageObject\",\"inLanguage\":\"gl-ES\",\"@id\":\"https:\\\/\\\/www.anovapeneira.gal\\\/index.php\\\/2025\\\/11\\\/20\\\/ernesto-filgueira-insta-a-cubela-a-defender-os-intereses-da-vecinanza-e-oponerse-a-instalacion-do-parque-eolico-greco-norte\\\/#primaryimage\",\"url\":\"https:\\\/\\\/www.anovapeneira.gal\\\/wp-content\\\/uploads\\\/2025\\\/11\\\/Ernesto_Filgueira_Anxo_Santome.-Foto-de-Arquivo.jpg\",\"contentUrl\":\"https:\\\/\\\/www.anovapeneira.gal\\\/wp-content\\\/uploads\\\/2025\\\/11\\\/Ernesto_Filgueira_Anxo_Santome.-Foto-de-Arquivo.jpg\",\"width\":720,\"height\":432},{\"@type\":\"BreadcrumbList\",\"@id\":\"https:\\\/\\\/www.anovapeneira.gal\\\/index.php\\\/2025\\\/11\\\/20\\\/ernesto-filgueira-insta-a-cubela-a-defender-os-intereses-da-vecinanza-e-oponerse-a-instalacion-do-parque-eolico-greco-norte\\\/#breadcrumb\",\"itemListElement\":[{\"@type\":\"ListItem\",\"position\":1,\"name\":\"Portada\",\"item\":\"https:\\\/\\\/www.anovapeneira.gal\\\/\"},{\"@type\":\"ListItem\",\"position\":2,\"name\":\"Ernesto Filgueira insta a Cubela a defender os intereses da veci\u00f1anza e opo\u00f1erse \u00e1 instalaci\u00f3n do parque e\u00f3lico GRECO NORTE\"}]},{\"@type\":\"WebSite\",\"@id\":\"https:\\\/\\\/www.anovapeneira.gal\\\/#website\",\"url\":\"https:\\\/\\\/www.anovapeneira.gal\\\/\",\"name\":\"\",\"description\":\"Xornal galego de informaci\u00f3n xeral Publicaci\u00f3n mensual de novas de Galicia e en especial dos Concellos da sur da provincia de Pontevedra.\",\"publisher\":{\"@id\":\"https:\\\/\\\/www.anovapeneira.gal\\\/#organization\"},\"potentialAction\":[{\"@type\":\"SearchAction\",\"target\":{\"@type\":\"EntryPoint\",\"urlTemplate\":\"https:\\\/\\\/www.anovapeneira.gal\\\/?s={search_term_string}\"},\"query-input\":{\"@type\":\"PropertyValueSpecification\",\"valueRequired\":true,\"valueName\":\"search_term_string\"}}],\"inLanguage\":\"gl-ES\"},{\"@type\":\"Organization\",\"@id\":\"https:\\\/\\\/www.anovapeneira.gal\\\/#organization\",\"name\":\"A Nova Peneira\",\"url\":\"https:\\\/\\\/www.anovapeneira.gal\\\/\",\"logo\":{\"@type\":\"ImageObject\",\"inLanguage\":\"gl-ES\",\"@id\":\"https:\\\/\\\/www.anovapeneira.gal\\\/#\\\/schema\\\/logo\\\/image\\\/\",\"url\":\"http:\\\/\\\/www.anovapeneira.gal\\\/wp-content\\\/uploads\\\/2019\\\/06\\\/logo_a_nova_peneira_portal_web.png\",\"contentUrl\":\"http:\\\/\\\/www.anovapeneira.gal\\\/wp-content\\\/uploads\\\/2019\\\/06\\\/logo_a_nova_peneira_portal_web.png\",\"width\":300,\"height\":100,\"caption\":\"A Nova Peneira\"},\"image\":{\"@id\":\"https:\\\/\\\/www.anovapeneira.gal\\\/#\\\/schema\\\/logo\\\/image\\\/\"},\"sameAs\":[\"https:\\\/\\\/www.facebook.com\\\/anovapeneira\",\"https:\\\/\\\/x.com\\\/APeneira\"]},{\"@type\":\"Person\",\"@id\":\"https:\\\/\\\/www.anovapeneira.gal\\\/#\\\/schema\\\/person\\\/b93e3f8932e3f8da96334607eb6ac6aa\",\"name\":\"Redacci\u00f3n A Nova Peneira\",\"image\":{\"@type\":\"ImageObject\",\"inLanguage\":\"gl-ES\",\"@id\":\"https:\\\/\\\/secure.gravatar.com\\\/avatar\\\/c052a2551a06e23fac63626232eaa90abd78dbcf1700fc46a2b2c89fd27b735f?s=96&d=mm&r=g\",\"url\":\"https:\\\/\\\/secure.gravatar.com\\\/avatar\\\/c052a2551a06e23fac63626232eaa90abd78dbcf1700fc46a2b2c89fd27b735f?s=96&d=mm&r=g\",\"contentUrl\":\"https:\\\/\\\/secure.gravatar.com\\\/avatar\\\/c052a2551a06e23fac63626232eaa90abd78dbcf1700fc46a2b2c89fd27b735f?s=96&d=mm&r=g\",\"caption\":\"Redacci\u00f3n A Nova Peneira\"},\"sameAs\":[\"http:\\\/\\\/www.anovapeneira.gal\\\/\"],\"url\":\"https:\\\/\\\/www.anovapeneira.gal\\\/index.php\\\/author\\\/redactor\\\/\"}]}<\/script>\n<!-- \/ Yoast SEO plugin. -->","yoast_head_json":{"title":"Ernesto Filgueira insta a Cubela a defender os intereses da veci\u00f1anza e opo\u00f1erse \u00e1 instalaci\u00f3n do parque e\u00f3lico GRECO NORTE -","robots":{"index":"index","follow":"follow","max-snippet":"max-snippet:-1","max-image-preview":"max-image-preview:large","max-video-preview":"max-video-preview:-1"},"canonical":"https:\/\/www.anovapeneira.gal\/index.php\/2025\/11\/20\/ernesto-filgueira-insta-a-cubela-a-defender-os-intereses-da-vecinanza-e-oponerse-a-instalacion-do-parque-eolico-greco-norte\/","og_locale":"gl_ES","og_type":"article","og_title":"Ernesto Filgueira insta a Cubela a defender os intereses da veci\u00f1anza e opo\u00f1erse \u00e1 instalaci\u00f3n do parque e\u00f3lico GRECO NORTE -","og_description":"Estragar\u00eda espazos de grande valor ecol\u00f3xico pola s\u00faa proximidade \u00e1 Rede Natura 2000 [...]","og_url":"https:\/\/www.anovapeneira.gal\/index.php\/2025\/11\/20\/ernesto-filgueira-insta-a-cubela-a-defender-os-intereses-da-vecinanza-e-oponerse-a-instalacion-do-parque-eolico-greco-norte\/","article_publisher":"https:\/\/www.facebook.com\/anovapeneira","article_published_time":"2025-11-20T09:00:02+00:00","og_image":[{"width":720,"height":432,"url":"https:\/\/www.anovapeneira.gal\/wp-content\/uploads\/2025\/11\/Ernesto_Filgueira_Anxo_Santome.-Foto-de-Arquivo.jpg","type":"image\/jpeg"}],"author":"Redacci\u00f3n A Nova Peneira","twitter_card":"summary_large_image","twitter_creator":"@APeneira","twitter_site":"@APeneira","twitter_misc":{"Escrito por":"Redacci\u00f3n A Nova Peneira","Tempo de lectura":"3 minutos"},"schema":{"@context":"https:\/\/schema.org","@graph":[{"@type":"Article","@id":"https:\/\/www.anovapeneira.gal\/index.php\/2025\/11\/20\/ernesto-filgueira-insta-a-cubela-a-defender-os-intereses-da-vecinanza-e-oponerse-a-instalacion-do-parque-eolico-greco-norte\/#article","isPartOf":{"@id":"https:\/\/www.anovapeneira.gal\/index.php\/2025\/11\/20\/ernesto-filgueira-insta-a-cubela-a-defender-os-intereses-da-vecinanza-e-oponerse-a-instalacion-do-parque-eolico-greco-norte\/"},"author":{"name":"Redacci\u00f3n A Nova Peneira","@id":"https:\/\/www.anovapeneira.gal\/#\/schema\/person\/b93e3f8932e3f8da96334607eb6ac6aa"},"headline":"Ernesto Filgueira insta a Cubela a defender os intereses da veci\u00f1anza e opo\u00f1erse \u00e1 instalaci\u00f3n do parque e\u00f3lico GRECO NORTE","datePublished":"2025-11-20T09:00:02+00:00","mainEntityOfPage":{"@id":"https:\/\/www.anovapeneira.gal\/index.php\/2025\/11\/20\/ernesto-filgueira-insta-a-cubela-a-defender-os-intereses-da-vecinanza-e-oponerse-a-instalacion-do-parque-eolico-greco-norte\/"},"wordCount":444,"commentCount":0,"publisher":{"@id":"https:\/\/www.anovapeneira.gal\/#organization"},"image":{"@id":"https:\/\/www.anovapeneira.gal\/index.php\/2025\/11\/20\/ernesto-filgueira-insta-a-cubela-a-defender-os-intereses-da-vecinanza-e-oponerse-a-instalacion-do-parque-eolico-greco-norte\/#primaryimage"},"thumbnailUrl":"https:\/\/www.anovapeneira.gal\/wp-content\/uploads\/2025\/11\/Ernesto_Filgueira_Anxo_Santome.-Foto-de-Arquivo.jpg","keywords":["Concello de Cerdedo-Cotobade"],"articleSection":["Pontevedra"],"inLanguage":"gl-ES","potentialAction":[{"@type":"CommentAction","name":"Comment","target":["https:\/\/www.anovapeneira.gal\/index.php\/2025\/11\/20\/ernesto-filgueira-insta-a-cubela-a-defender-os-intereses-da-vecinanza-e-oponerse-a-instalacion-do-parque-eolico-greco-norte\/#respond"]}]},{"@type":"WebPage","@id":"https:\/\/www.anovapeneira.gal\/index.php\/2025\/11\/20\/ernesto-filgueira-insta-a-cubela-a-defender-os-intereses-da-vecinanza-e-oponerse-a-instalacion-do-parque-eolico-greco-norte\/","url":"https:\/\/www.anovapeneira.gal\/index.php\/2025\/11\/20\/ernesto-filgueira-insta-a-cubela-a-defender-os-intereses-da-vecinanza-e-oponerse-a-instalacion-do-parque-eolico-greco-norte\/","name":"Ernesto Filgueira insta a Cubela a defender os intereses da veci\u00f1anza e opo\u00f1erse \u00e1 instalaci\u00f3n do parque e\u00f3lico GRECO NORTE -","isPartOf":{"@id":"https:\/\/www.anovapeneira.gal\/#website"},"primaryImageOfPage":{"@id":"https:\/\/www.anovapeneira.gal\/index.php\/2025\/11\/20\/ernesto-filgueira-insta-a-cubela-a-defender-os-intereses-da-vecinanza-e-oponerse-a-instalacion-do-parque-eolico-greco-norte\/#primaryimage"},"image":{"@id":"https:\/\/www.anovapeneira.gal\/index.php\/2025\/11\/20\/ernesto-filgueira-insta-a-cubela-a-defender-os-intereses-da-vecinanza-e-oponerse-a-instalacion-do-parque-eolico-greco-norte\/#primaryimage"},"thumbnailUrl":"https:\/\/www.anovapeneira.gal\/wp-content\/uploads\/2025\/11\/Ernesto_Filgueira_Anxo_Santome.-Foto-de-Arquivo.jpg","datePublished":"2025-11-20T09:00:02+00:00","breadcrumb":{"@id":"https:\/\/www.anovapeneira.gal\/index.php\/2025\/11\/20\/ernesto-filgueira-insta-a-cubela-a-defender-os-intereses-da-vecinanza-e-oponerse-a-instalacion-do-parque-eolico-greco-norte\/#breadcrumb"},"inLanguage":"gl-ES","potentialAction":[{"@type":"ReadAction","target":["https:\/\/www.anovapeneira.gal\/index.php\/2025\/11\/20\/ernesto-filgueira-insta-a-cubela-a-defender-os-intereses-da-vecinanza-e-oponerse-a-instalacion-do-parque-eolico-greco-norte\/"]}]},{"@type":"ImageObject","inLanguage":"gl-ES","@id":"https:\/\/www.anovapeneira.gal\/index.php\/2025\/11\/20\/ernesto-filgueira-insta-a-cubela-a-defender-os-intereses-da-vecinanza-e-oponerse-a-instalacion-do-parque-eolico-greco-norte\/#primaryimage","url":"https:\/\/www.anovapeneira.gal\/wp-content\/uploads\/2025\/11\/Ernesto_Filgueira_Anxo_Santome.-Foto-de-Arquivo.jpg","contentUrl":"https:\/\/www.anovapeneira.gal\/wp-content\/uploads\/2025\/11\/Ernesto_Filgueira_Anxo_Santome.-Foto-de-Arquivo.jpg","width":720,"height":432},{"@type":"BreadcrumbList","@id":"https:\/\/www.anovapeneira.gal\/index.php\/2025\/11\/20\/ernesto-filgueira-insta-a-cubela-a-defender-os-intereses-da-vecinanza-e-oponerse-a-instalacion-do-parque-eolico-greco-norte\/#breadcrumb","itemListElement":[{"@type":"ListItem","position":1,"name":"Portada","item":"https:\/\/www.anovapeneira.gal\/"},{"@type":"ListItem","position":2,"name":"Ernesto Filgueira insta a Cubela a defender os intereses da veci\u00f1anza e opo\u00f1erse \u00e1 instalaci\u00f3n do parque e\u00f3lico GRECO NORTE"}]},{"@type":"WebSite","@id":"https:\/\/www.anovapeneira.gal\/#website","url":"https:\/\/www.anovapeneira.gal\/","name":"","description":"Xornal galego de informaci\u00f3n xeral Publicaci\u00f3n mensual de novas de Galicia e en especial dos Concellos da sur da provincia de Pontevedra.","publisher":{"@id":"https:\/\/www.anovapeneira.gal\/#organization"},"potentialAction":[{"@type":"SearchAction","target":{"@type":"EntryPoint","urlTemplate":"https:\/\/www.anovapeneira.gal\/?s={search_term_string}"},"query-input":{"@type":"PropertyValueSpecification","valueRequired":true,"valueName":"search_term_string"}}],"inLanguage":"gl-ES"},{"@type":"Organization","@id":"https:\/\/www.anovapeneira.gal\/#organization","name":"A Nova Peneira","url":"https:\/\/www.anovapeneira.gal\/","logo":{"@type":"ImageObject","inLanguage":"gl-ES","@id":"https:\/\/www.anovapeneira.gal\/#\/schema\/logo\/image\/","url":"http:\/\/www.anovapeneira.gal\/wp-content\/uploads\/2019\/06\/logo_a_nova_peneira_portal_web.png","contentUrl":"http:\/\/www.anovapeneira.gal\/wp-content\/uploads\/2019\/06\/logo_a_nova_peneira_portal_web.png","width":300,"height":100,"caption":"A Nova Peneira"},"image":{"@id":"https:\/\/www.anovapeneira.gal\/#\/schema\/logo\/image\/"},"sameAs":["https:\/\/www.facebook.com\/anovapeneira","https:\/\/x.com\/APeneira"]},{"@type":"Person","@id":"https:\/\/www.anovapeneira.gal\/#\/schema\/person\/b93e3f8932e3f8da96334607eb6ac6aa","name":"Redacci\u00f3n A Nova Peneira","image":{"@type":"ImageObject","inLanguage":"gl-ES","@id":"https:\/\/secure.gravatar.com\/avatar\/c052a2551a06e23fac63626232eaa90abd78dbcf1700fc46a2b2c89fd27b735f?s=96&d=mm&r=g","url":"https:\/\/secure.gravatar.com\/avatar\/c052a2551a06e23fac63626232eaa90abd78dbcf1700fc46a2b2c89fd27b735f?s=96&d=mm&r=g","contentUrl":"https:\/\/secure.gravatar.com\/avatar\/c052a2551a06e23fac63626232eaa90abd78dbcf1700fc46a2b2c89fd27b735f?s=96&d=mm&r=g","caption":"Redacci\u00f3n A Nova Peneira"},"sameAs":["http:\/\/www.anovapeneira.gal\/"],"url":"https:\/\/www.anovapeneira.gal\/index.php\/author\/redactor\/"}]}},"jetpack_featured_media_url":"https:\/\/www.anovapeneira.gal\/wp-content\/uploads\/2025\/11\/Ernesto_Filgueira_Anxo_Santome.-Foto-de-Arquivo.jpg","_links":{"self":[{"href":"https:\/\/www.anovapeneira.gal\/index.php\/wp-json\/wp\/v2\/posts\/14962","targetHints":{"allow":["GET"]}}],"collection":[{"href":"https:\/\/www.anovapeneira.gal\/index.php\/wp-json\/wp\/v2\/posts"}],"about":[{"href":"https:\/\/www.anovapeneira.gal\/index.php\/wp-json\/wp\/v2\/types\/post"}],"author":[{"embeddable":true,"href":"https:\/\/www.anovapeneira.gal\/index.php\/wp-json\/wp\/v2\/users\/3"}],"replies":[{"embeddable":true,"href":"https:\/\/www.anovapeneira.gal\/index.php\/wp-json\/wp\/v2\/comments?post=14962"}],"version-history":[{"count":1,"href":"https:\/\/www.anovapeneira.gal\/index.php\/wp-json\/wp\/v2\/posts\/14962\/revisions"}],"predecessor-version":[{"id":14964,"href":"https:\/\/www.anovapeneira.gal\/index.php\/wp-json\/wp\/v2\/posts\/14962\/revisions\/14964"}],"wp:featuredmedia":[{"embeddable":true,"href":"https:\/\/www.anovapeneira.gal\/index.php\/wp-json\/wp\/v2\/media\/14963"}],"wp:attachment":[{"href":"https:\/\/www.anovapeneira.gal\/index.php\/wp-json\/wp\/v2\/media?parent=14962"}],"wp:term":[{"taxonomy":"category","embeddable":true,"href":"https:\/\/www.anovapeneira.gal\/index.php\/wp-json\/wp\/v2\/categories?post=14962"},{"taxonomy":"post_tag","embeddable":true,"href":"https:\/\/www.anovapeneira.gal\/index.php\/wp-json\/wp\/v2\/tags?post=14962"}],"curies":[{"name":"wp","href":"https:\/\/api.w.org\/{rel}","templated":true}]}}