{"id":14967,"date":"2025-11-21T12:00:27","date_gmt":"2025-11-21T11:00:27","guid":{"rendered":"https:\/\/www.anovapeneira.gal\/?p=14967"},"modified":"2025-11-20T10:18:48","modified_gmt":"2025-11-20T09:18:48","slug":"o-dianteiro-do-cesantes-david-alvarez-entra-na-historia-do-futbol-mundial","status":"publish","type":"post","link":"https:\/\/www.anovapeneira.gal\/index.php\/2025\/11\/21\/o-dianteiro-do-cesantes-david-alvarez-entra-na-historia-do-futbol-mundial\/","title":{"rendered":"O dianteiro do Cesantes, David \u00c1lvarez entra na historia do f\u00fatbol mundial"},"content":{"rendered":"\n<p><strong>\u00c1s veces non \u00e9 necesario irmos moi lonxe para sermos testemu\u00f1a de faza\u00f1as deportivas dun valor extraordinario. \u00c1s veces t\u00e9molas a car\u00f3n das nosas casas. Este \u00e9 o caso de David \u00c1lvarez un mozo de Cabeiro de 27 anos de idade que xoga de dianteiro no equipo de f\u00fatbol do Cesantes, equipo que,no momento de facermos esta entrevista, lidera a categor\u00eda de terceira auton\u00f3mica. O pasado 21 de setembro o Cesantes xogou contra o equipo do Santom\u00e9, o resultado foi unha incontestable vitoria por 10 goles a 0 dos de Redondela. E a\u00ednda que pareza incrible todos e cada un dos goles foron anotados por David. Este feito apenas ten antecedentes na propia historia do f\u00fatbol, considerando incluso aos grandes astros deste deporte, e sit\u00faa ao dianteiro do Cesantes nun lugar de honra nos libros de historia do deporte rei. N\u00f3s conversamos con el.<\/strong><\/p>\n\n\n\n<p><strong>David \u00c1lvarez, xogador do Cesantes.<\/strong><\/p>\n\n\n\n<h2 class=\"wp-block-heading\">\u201c <strong>O m\u00e9rito dos 10 goles foi dos meus compa\u00f1eiros\u201d<\/strong><\/h2>\n\n\n\n<p><strong>De onde es ti David?<\/strong><\/p>\n\n\n\n<blockquote class=\"wp-block-quote is-layout-flow wp-block-quote-is-layout-flow\">\n<p>De Cabeiro.<\/p>\n<\/blockquote>\n\n\n\n<p><strong>Cal \u00e9 a t\u00faa traxectoria deportiva?<\/strong><\/p>\n\n\n\n<blockquote class=\"wp-block-quote is-layout-flow wp-block-quote-is-layout-flow\">\n<p>Estiven no Casa Paco, pasei polo Choco, polo Soutomaior e agora polo Cesantes.<\/p>\n<\/blockquote>\n\n\n\n<p><strong>Creo que houbo un momento da t\u00faa vida no que tiveches contactos co Atl\u00e9tico de Madrid?<\/strong><\/p>\n\n\n\n<blockquote class=\"wp-block-quote is-layout-flow wp-block-quote-is-layout-flow\">\n<p>Pois si, nun torneo de f\u00fatbol base. Eu ti\u00f1a entre 10 e 12 anos.<\/p>\n<\/blockquote>\n\n\n\n<p><strong>Por que no marchaches?<\/strong><\/p>\n\n\n\n<blockquote class=\"wp-block-quote is-layout-flow wp-block-quote-is-layout-flow\">\n<p>Eu era un neno. E naquel momento a posibilidade de abandonar a mi\u00f1a casa, a mi\u00f1a familia e o meu entorno parec\u00edame impensable.<\/p>\n<\/blockquote>\n\n\n\n<p><strong>En que posto xogas?<\/strong><\/p>\n\n\n\n<blockquote class=\"wp-block-quote is-layout-flow wp-block-quote-is-layout-flow\">\n<p>Son dianteiro.<\/p>\n<\/blockquote>\n\n\n\n<p><strong>Lembras o motivo de empezares no f\u00fatbol?<\/strong><\/p>\n\n\n\n<blockquote class=\"wp-block-quote is-layout-flow wp-block-quote-is-layout-flow\">\n<p>Si, xa desde moi neno me gustaba moito.<\/p>\n<\/blockquote>\n\n\n\n<p><strong>De que equipo es?<\/strong><\/p>\n\n\n\n<blockquote class=\"wp-block-quote is-layout-flow wp-block-quote-is-layout-flow\">\n<p>Por esta orde: Cesantes, Celta e Real Madrid.<\/p>\n<\/blockquote>\n\n\n\n<p><strong>Non ser\u00eda ese o motivo que explica que non aceptaras a oferta do Atl\u00e9tico de Madrid?<\/strong><\/p>\n\n\n\n<blockquote class=\"wp-block-quote is-layout-flow wp-block-quote-is-layout-flow\">\n<p>Ha, ha, ha. Non. O motivo foi o que antes mencionei: era un neno.<\/p>\n<\/blockquote>\n\n\n\n<p><strong>Ben, seica vas pasar \u00e1 historia. Resulta que ga\u00f1ades 10 a 0 un partido e ti marcas os 10 goles. Como foi iso?<\/strong><\/p>\n\n\n\n<blockquote class=\"wp-block-quote is-layout-flow wp-block-quote-is-layout-flow\">\n<p>O m\u00e9rito foi dos meus compa\u00f1eiros.<\/p>\n<\/blockquote>\n\n\n\n<p><strong>E un carallo\u00a1.\u00c9 dicir marcas 10 goles nun partido e vasme dicir que ti non tes m\u00e9rito?<\/strong><\/p>\n\n\n\n<blockquote class=\"wp-block-quote is-layout-flow wp-block-quote-is-layout-flow\">\n<p>Ha, ha, ha. Pois a verdade nin me dei de conta..\u00cdan caendo os goles e non ti\u00f1a consciencia de cantos eran.<\/p>\n<\/blockquote>\n\n\n\n<p><strong>Cantos foron en cada parte?<\/strong><\/p>\n\n\n\n<blockquote class=\"wp-block-quote is-layout-flow wp-block-quote-is-layout-flow\">\n<p>Catro na primeira e seis na segunda.<\/p>\n<\/blockquote>\n\n\n\n<p><strong>Que raro que o adestrador non te cambiara?<\/strong><\/p>\n\n\n\n<blockquote class=\"wp-block-quote is-layout-flow wp-block-quote-is-layout-flow\">\n<p>Pois seica era esa a s\u00faa intenci\u00f3n, pero finalmente decidiu non facelo. A verdade \u00e9 que a min me fac\u00eda falta confianza. Vi\u00f1a dun ano de moitas lesi\u00f3ns<\/p>\n<\/blockquote>\n\n\n\n<p><strong>Pois vaia doses de confianza..Imaxino que est\u00e1s para comerte o mundo?<\/strong><\/p>\n\n\n\n<blockquote class=\"wp-block-quote is-layout-flow wp-block-quote-is-layout-flow\">\n<p>Ha, ha ha, ha..Home para tanto non. Pero estou en moi boa racha, si. Levo 18 goles en 8 partidos.<\/p>\n<\/blockquote>\n\n\n\n<p><strong>Cales foron os teus sentimentos ao faceres historia, como fixeches, marcando 10 goles no mesmo partido?<\/strong><\/p>\n\n\n\n<blockquote class=\"wp-block-quote is-layout-flow wp-block-quote-is-layout-flow\">\n<p>Nese momento, como antes dixen, non me daba de conta. Para min foi un partido m\u00e1is. Uns d\u00edas despois, cando as chamadas e mensaxes foron tan numerosas foi cando comecei a tomar conciencia da importancia.<\/p>\n<\/blockquote>\n\n\n\n<p><strong>O equipo tam\u00e9n vai moi ben, verdade?<\/strong><\/p>\n\n\n\n<blockquote class=\"wp-block-quote is-layout-flow wp-block-quote-is-layout-flow\">\n<p>Pois si, a\u00ednda que a nosa liga \u00e9 moi dura. Est\u00e1 todo moi igualado. De feito n\u00f3s imos primeiros no momento de realizar esta entrevista( 12 de Novembro)), pero non nos podemos despistar en absoluto porque s\u00f3 levamos 6 puntos de marxe cos postos que nos quitar\u00edan da fase de ascenso.<\/p>\n<\/blockquote>\n\n\n\n<p><strong>O obxectivo deportivo esta temporada \u00e9 o ascenso a segunda auton\u00f3mica?<\/strong><\/p>\n\n\n\n<blockquote class=\"wp-block-quote is-layout-flow wp-block-quote-is-layout-flow\">\n<p>Indiscutiblemente si.<\/p>\n<\/blockquote>\n\n\n\n<p><strong>Cales son os rivais principais?<\/strong><\/p>\n\n\n\n<blockquote class=\"wp-block-quote is-layout-flow wp-block-quote-is-layout-flow\">\n<p>Como antes mencionei est\u00e1 todo moi igualado. Se cadra o Poio e o Sampaio son equipos moi fortes pero calquera che pode dar un susto.<\/p>\n<\/blockquote>\n\n\n\n<p><strong>Como est\u00e1 o campo de f\u00fatbol?<\/strong><\/p>\n\n\n\n<blockquote class=\"wp-block-quote is-layout-flow wp-block-quote-is-layout-flow\">\n<p>O noso campo est\u00e1 moi mal. De feito temos moitas lesi\u00f3ns como resultado do mal estado do terreo de xogo. Os vestiarios fanse pequenos tam\u00e9n. \u00c9 que incluso se levantan tiras de c\u00e9spede enteiras. O noso campo \u00e9 un perigo. Eu levo toda a vida xogando e nunca xoguei nun campo que estivera tan mal como ese.<\/p>\n<\/blockquote>\n\n\n\n<p><strong>Ti tes 27 anos, a\u00ednda che queda corda no f\u00fatbol para tempo, vaste retirar no Cesantes?<\/strong><\/p>\n\n\n\n<blockquote class=\"wp-block-quote is-layout-flow wp-block-quote-is-layout-flow\">\n<p>Iso nunca se sabe. Se chama alg\u00fan equipo de superior categor\u00eda pois poder\u00edao valorar. Pero en principio a mi\u00f1a idea e a mi\u00f1a ilusi\u00f3n \u00e9 ascender co Cesantes. Ascender m\u00e1is que \u00e1 segunda auton\u00f3mica, e retirarme aqu\u00ed, si.<\/p>\n<\/blockquote>\n\n\n\n<p><strong>Un equipo como o Cesantes \u00e9 viable desde o punto de vista econ\u00f3mico en 2\u00ba ou incluso en 1\u00ba auton\u00f3mica?<\/strong><\/p>\n\n\n\n<blockquote class=\"wp-block-quote is-layout-flow wp-block-quote-is-layout-flow\">\n<p>Non ser\u00eda f\u00e1cil, a medida que ascendes de categor\u00eda as esixencias econ\u00f3micas son maiores. Pero eu creo que si ser\u00eda viable. A afecci\u00f3n que ten o noso equipo, co seu entusiasmo e ilusi\u00f3n, far\u00edao posible seguro.<\/p>\n<\/blockquote>\n","protected":false},"excerpt":{"rendered":"<div class=\"mh-excerpt\"><p>\u00c1s veces non \u00e9 necesario irmos moi lonxe para sermos testemu\u00f1a de faza\u00f1as deportivas dun valor extraordinario <a class=\"mh-excerpt-more\" href=\"https:\/\/www.anovapeneira.gal\/index.php\/2025\/11\/21\/o-dianteiro-do-cesantes-david-alvarez-entra-na-historia-do-futbol-mundial\/\" title=\"O dianteiro do Cesantes, David \u00c1lvarez entra na historia do f\u00fatbol mundial\">[&#8230;]<\/a><\/p>\n<\/div>","protected":false},"author":6,"featured_media":14968,"comment_status":"open","ping_status":"open","sticky":false,"template":"","format":"standard","meta":{"_exactmetrics_skip_tracking":false,"_exactmetrics_sitenote_active":false,"_exactmetrics_sitenote_note":"","_exactmetrics_sitenote_category":0,"footnotes":""},"categories":[270],"tags":[171],"class_list":{"0":"post-14967","1":"post","2":"type-post","3":"status-publish","4":"format-standard","5":"has-post-thumbnail","7":"category-redondela-entrevistas","8":"tag-concello-de-redondela"},"yoast_head":"<!-- This site is optimized with the Yoast SEO plugin v27.4 - https:\/\/yoast.com\/product\/yoast-seo-wordpress\/ -->\n<title>O dianteiro do Cesantes, David \u00c1lvarez entra na historia do f\u00fatbol mundial -<\/title>\n<meta name=\"robots\" content=\"index, follow, max-snippet:-1, max-image-preview:large, max-video-preview:-1\" \/>\n<link rel=\"canonical\" href=\"https:\/\/www.anovapeneira.gal\/index.php\/2025\/11\/21\/o-dianteiro-do-cesantes-david-alvarez-entra-na-historia-do-futbol-mundial\/\" \/>\n<meta property=\"og:locale\" content=\"gl_ES\" \/>\n<meta property=\"og:type\" content=\"article\" \/>\n<meta property=\"og:title\" content=\"O dianteiro do Cesantes, David \u00c1lvarez entra na historia do f\u00fatbol mundial -\" \/>\n<meta property=\"og:description\" content=\"\u00c1s veces non \u00e9 necesario irmos moi lonxe para sermos testemu\u00f1a de faza\u00f1as deportivas dun valor extraordinario [...]\" \/>\n<meta property=\"og:url\" content=\"https:\/\/www.anovapeneira.gal\/index.php\/2025\/11\/21\/o-dianteiro-do-cesantes-david-alvarez-entra-na-historia-do-futbol-mundial\/\" \/>\n<meta property=\"article:publisher\" content=\"https:\/\/www.facebook.com\/anovapeneira\" \/>\n<meta property=\"article:published_time\" content=\"2025-11-21T11:00:27+00:00\" \/>\n<meta property=\"og:image\" content=\"https:\/\/www.anovapeneira.gal\/wp-content\/uploads\/2025\/11\/david_alvarez.jpg\" \/>\n\t<meta property=\"og:image:width\" content=\"720\" \/>\n\t<meta property=\"og:image:height\" content=\"432\" \/>\n\t<meta property=\"og:image:type\" content=\"image\/jpeg\" \/>\n<meta name=\"author\" content=\"Marcos Santos\" \/>\n<meta name=\"twitter:card\" content=\"summary_large_image\" \/>\n<meta name=\"twitter:creator\" content=\"@APeneira\" \/>\n<meta name=\"twitter:site\" content=\"@APeneira\" \/>\n<meta name=\"twitter:label1\" content=\"Escrito por\" \/>\n\t<meta name=\"twitter:data1\" content=\"Marcos Santos\" \/>\n\t<meta name=\"twitter:label2\" content=\"Tempo de lectura\" \/>\n\t<meta name=\"twitter:data2\" content=\"3 minutos\" \/>\n<script type=\"application\/ld+json\" class=\"yoast-schema-graph\">{\"@context\":\"https:\\\/\\\/schema.org\",\"@graph\":[{\"@type\":\"Article\",\"@id\":\"https:\\\/\\\/www.anovapeneira.gal\\\/index.php\\\/2025\\\/11\\\/21\\\/o-dianteiro-do-cesantes-david-alvarez-entra-na-historia-do-futbol-mundial\\\/#article\",\"isPartOf\":{\"@id\":\"https:\\\/\\\/www.anovapeneira.gal\\\/index.php\\\/2025\\\/11\\\/21\\\/o-dianteiro-do-cesantes-david-alvarez-entra-na-historia-do-futbol-mundial\\\/\"},\"author\":{\"name\":\"Marcos Santos\",\"@id\":\"https:\\\/\\\/www.anovapeneira.gal\\\/#\\\/schema\\\/person\\\/d9d84823564720e7593293bab054e52d\"},\"headline\":\"O dianteiro do Cesantes, David \u00c1lvarez entra na historia do f\u00fatbol mundial\",\"datePublished\":\"2025-11-21T11:00:27+00:00\",\"mainEntityOfPage\":{\"@id\":\"https:\\\/\\\/www.anovapeneira.gal\\\/index.php\\\/2025\\\/11\\\/21\\\/o-dianteiro-do-cesantes-david-alvarez-entra-na-historia-do-futbol-mundial\\\/\"},\"wordCount\":827,\"commentCount\":0,\"publisher\":{\"@id\":\"https:\\\/\\\/www.anovapeneira.gal\\\/#organization\"},\"image\":{\"@id\":\"https:\\\/\\\/www.anovapeneira.gal\\\/index.php\\\/2025\\\/11\\\/21\\\/o-dianteiro-do-cesantes-david-alvarez-entra-na-historia-do-futbol-mundial\\\/#primaryimage\"},\"thumbnailUrl\":\"https:\\\/\\\/www.anovapeneira.gal\\\/wp-content\\\/uploads\\\/2025\\\/11\\\/david_alvarez.jpg\",\"keywords\":[\"Concello de Redondela\"],\"articleSection\":[\"Redondela\"],\"inLanguage\":\"gl-ES\",\"potentialAction\":[{\"@type\":\"CommentAction\",\"name\":\"Comment\",\"target\":[\"https:\\\/\\\/www.anovapeneira.gal\\\/index.php\\\/2025\\\/11\\\/21\\\/o-dianteiro-do-cesantes-david-alvarez-entra-na-historia-do-futbol-mundial\\\/#respond\"]}]},{\"@type\":\"WebPage\",\"@id\":\"https:\\\/\\\/www.anovapeneira.gal\\\/index.php\\\/2025\\\/11\\\/21\\\/o-dianteiro-do-cesantes-david-alvarez-entra-na-historia-do-futbol-mundial\\\/\",\"url\":\"https:\\\/\\\/www.anovapeneira.gal\\\/index.php\\\/2025\\\/11\\\/21\\\/o-dianteiro-do-cesantes-david-alvarez-entra-na-historia-do-futbol-mundial\\\/\",\"name\":\"O dianteiro do Cesantes, David \u00c1lvarez entra na historia do f\u00fatbol mundial -\",\"isPartOf\":{\"@id\":\"https:\\\/\\\/www.anovapeneira.gal\\\/#website\"},\"primaryImageOfPage\":{\"@id\":\"https:\\\/\\\/www.anovapeneira.gal\\\/index.php\\\/2025\\\/11\\\/21\\\/o-dianteiro-do-cesantes-david-alvarez-entra-na-historia-do-futbol-mundial\\\/#primaryimage\"},\"image\":{\"@id\":\"https:\\\/\\\/www.anovapeneira.gal\\\/index.php\\\/2025\\\/11\\\/21\\\/o-dianteiro-do-cesantes-david-alvarez-entra-na-historia-do-futbol-mundial\\\/#primaryimage\"},\"thumbnailUrl\":\"https:\\\/\\\/www.anovapeneira.gal\\\/wp-content\\\/uploads\\\/2025\\\/11\\\/david_alvarez.jpg\",\"datePublished\":\"2025-11-21T11:00:27+00:00\",\"breadcrumb\":{\"@id\":\"https:\\\/\\\/www.anovapeneira.gal\\\/index.php\\\/2025\\\/11\\\/21\\\/o-dianteiro-do-cesantes-david-alvarez-entra-na-historia-do-futbol-mundial\\\/#breadcrumb\"},\"inLanguage\":\"gl-ES\",\"potentialAction\":[{\"@type\":\"ReadAction\",\"target\":[\"https:\\\/\\\/www.anovapeneira.gal\\\/index.php\\\/2025\\\/11\\\/21\\\/o-dianteiro-do-cesantes-david-alvarez-entra-na-historia-do-futbol-mundial\\\/\"]}]},{\"@type\":\"ImageObject\",\"inLanguage\":\"gl-ES\",\"@id\":\"https:\\\/\\\/www.anovapeneira.gal\\\/index.php\\\/2025\\\/11\\\/21\\\/o-dianteiro-do-cesantes-david-alvarez-entra-na-historia-do-futbol-mundial\\\/#primaryimage\",\"url\":\"https:\\\/\\\/www.anovapeneira.gal\\\/wp-content\\\/uploads\\\/2025\\\/11\\\/david_alvarez.jpg\",\"contentUrl\":\"https:\\\/\\\/www.anovapeneira.gal\\\/wp-content\\\/uploads\\\/2025\\\/11\\\/david_alvarez.jpg\",\"width\":720,\"height\":432},{\"@type\":\"BreadcrumbList\",\"@id\":\"https:\\\/\\\/www.anovapeneira.gal\\\/index.php\\\/2025\\\/11\\\/21\\\/o-dianteiro-do-cesantes-david-alvarez-entra-na-historia-do-futbol-mundial\\\/#breadcrumb\",\"itemListElement\":[{\"@type\":\"ListItem\",\"position\":1,\"name\":\"Portada\",\"item\":\"https:\\\/\\\/www.anovapeneira.gal\\\/\"},{\"@type\":\"ListItem\",\"position\":2,\"name\":\"O dianteiro do Cesantes, David \u00c1lvarez entra na historia do f\u00fatbol mundial\"}]},{\"@type\":\"WebSite\",\"@id\":\"https:\\\/\\\/www.anovapeneira.gal\\\/#website\",\"url\":\"https:\\\/\\\/www.anovapeneira.gal\\\/\",\"name\":\"\",\"description\":\"Xornal galego de informaci\u00f3n xeral Publicaci\u00f3n mensual de novas de Galicia e en especial dos Concellos da sur da provincia de Pontevedra.\",\"publisher\":{\"@id\":\"https:\\\/\\\/www.anovapeneira.gal\\\/#organization\"},\"potentialAction\":[{\"@type\":\"SearchAction\",\"target\":{\"@type\":\"EntryPoint\",\"urlTemplate\":\"https:\\\/\\\/www.anovapeneira.gal\\\/?s={search_term_string}\"},\"query-input\":{\"@type\":\"PropertyValueSpecification\",\"valueRequired\":true,\"valueName\":\"search_term_string\"}}],\"inLanguage\":\"gl-ES\"},{\"@type\":\"Organization\",\"@id\":\"https:\\\/\\\/www.anovapeneira.gal\\\/#organization\",\"name\":\"A Nova Peneira\",\"url\":\"https:\\\/\\\/www.anovapeneira.gal\\\/\",\"logo\":{\"@type\":\"ImageObject\",\"inLanguage\":\"gl-ES\",\"@id\":\"https:\\\/\\\/www.anovapeneira.gal\\\/#\\\/schema\\\/logo\\\/image\\\/\",\"url\":\"http:\\\/\\\/www.anovapeneira.gal\\\/wp-content\\\/uploads\\\/2019\\\/06\\\/logo_a_nova_peneira_portal_web.png\",\"contentUrl\":\"http:\\\/\\\/www.anovapeneira.gal\\\/wp-content\\\/uploads\\\/2019\\\/06\\\/logo_a_nova_peneira_portal_web.png\",\"width\":300,\"height\":100,\"caption\":\"A Nova Peneira\"},\"image\":{\"@id\":\"https:\\\/\\\/www.anovapeneira.gal\\\/#\\\/schema\\\/logo\\\/image\\\/\"},\"sameAs\":[\"https:\\\/\\\/www.facebook.com\\\/anovapeneira\",\"https:\\\/\\\/x.com\\\/APeneira\"]},{\"@type\":\"Person\",\"@id\":\"https:\\\/\\\/www.anovapeneira.gal\\\/#\\\/schema\\\/person\\\/d9d84823564720e7593293bab054e52d\",\"name\":\"Marcos Santos\",\"image\":{\"@type\":\"ImageObject\",\"inLanguage\":\"gl-ES\",\"@id\":\"https:\\\/\\\/secure.gravatar.com\\\/avatar\\\/0e8017099a7a47c0a9d2275e865fe326484561eb3d70649069e4b8e61a8d2e8c?s=96&d=mm&r=g\",\"url\":\"https:\\\/\\\/secure.gravatar.com\\\/avatar\\\/0e8017099a7a47c0a9d2275e865fe326484561eb3d70649069e4b8e61a8d2e8c?s=96&d=mm&r=g\",\"contentUrl\":\"https:\\\/\\\/secure.gravatar.com\\\/avatar\\\/0e8017099a7a47c0a9d2275e865fe326484561eb3d70649069e4b8e61a8d2e8c?s=96&d=mm&r=g\",\"caption\":\"Marcos Santos\"},\"sameAs\":[\"http:\\\/\\\/anovapeneira.gal\"],\"url\":\"https:\\\/\\\/www.anovapeneira.gal\\\/index.php\\\/author\\\/marcos-santos\\\/\"}]}<\/script>\n<!-- \/ Yoast SEO plugin. -->","yoast_head_json":{"title":"O dianteiro do Cesantes, David \u00c1lvarez entra na historia do f\u00fatbol mundial -","robots":{"index":"index","follow":"follow","max-snippet":"max-snippet:-1","max-image-preview":"max-image-preview:large","max-video-preview":"max-video-preview:-1"},"canonical":"https:\/\/www.anovapeneira.gal\/index.php\/2025\/11\/21\/o-dianteiro-do-cesantes-david-alvarez-entra-na-historia-do-futbol-mundial\/","og_locale":"gl_ES","og_type":"article","og_title":"O dianteiro do Cesantes, David \u00c1lvarez entra na historia do f\u00fatbol mundial -","og_description":"\u00c1s veces non \u00e9 necesario irmos moi lonxe para sermos testemu\u00f1a de faza\u00f1as deportivas dun valor extraordinario [...]","og_url":"https:\/\/www.anovapeneira.gal\/index.php\/2025\/11\/21\/o-dianteiro-do-cesantes-david-alvarez-entra-na-historia-do-futbol-mundial\/","article_publisher":"https:\/\/www.facebook.com\/anovapeneira","article_published_time":"2025-11-21T11:00:27+00:00","og_image":[{"width":720,"height":432,"url":"https:\/\/www.anovapeneira.gal\/wp-content\/uploads\/2025\/11\/david_alvarez.jpg","type":"image\/jpeg"}],"author":"Marcos Santos","twitter_card":"summary_large_image","twitter_creator":"@APeneira","twitter_site":"@APeneira","twitter_misc":{"Escrito por":"Marcos Santos","Tempo de lectura":"3 minutos"},"schema":{"@context":"https:\/\/schema.org","@graph":[{"@type":"Article","@id":"https:\/\/www.anovapeneira.gal\/index.php\/2025\/11\/21\/o-dianteiro-do-cesantes-david-alvarez-entra-na-historia-do-futbol-mundial\/#article","isPartOf":{"@id":"https:\/\/www.anovapeneira.gal\/index.php\/2025\/11\/21\/o-dianteiro-do-cesantes-david-alvarez-entra-na-historia-do-futbol-mundial\/"},"author":{"name":"Marcos Santos","@id":"https:\/\/www.anovapeneira.gal\/#\/schema\/person\/d9d84823564720e7593293bab054e52d"},"headline":"O dianteiro do Cesantes, David \u00c1lvarez entra na historia do f\u00fatbol mundial","datePublished":"2025-11-21T11:00:27+00:00","mainEntityOfPage":{"@id":"https:\/\/www.anovapeneira.gal\/index.php\/2025\/11\/21\/o-dianteiro-do-cesantes-david-alvarez-entra-na-historia-do-futbol-mundial\/"},"wordCount":827,"commentCount":0,"publisher":{"@id":"https:\/\/www.anovapeneira.gal\/#organization"},"image":{"@id":"https:\/\/www.anovapeneira.gal\/index.php\/2025\/11\/21\/o-dianteiro-do-cesantes-david-alvarez-entra-na-historia-do-futbol-mundial\/#primaryimage"},"thumbnailUrl":"https:\/\/www.anovapeneira.gal\/wp-content\/uploads\/2025\/11\/david_alvarez.jpg","keywords":["Concello de Redondela"],"articleSection":["Redondela"],"inLanguage":"gl-ES","potentialAction":[{"@type":"CommentAction","name":"Comment","target":["https:\/\/www.anovapeneira.gal\/index.php\/2025\/11\/21\/o-dianteiro-do-cesantes-david-alvarez-entra-na-historia-do-futbol-mundial\/#respond"]}]},{"@type":"WebPage","@id":"https:\/\/www.anovapeneira.gal\/index.php\/2025\/11\/21\/o-dianteiro-do-cesantes-david-alvarez-entra-na-historia-do-futbol-mundial\/","url":"https:\/\/www.anovapeneira.gal\/index.php\/2025\/11\/21\/o-dianteiro-do-cesantes-david-alvarez-entra-na-historia-do-futbol-mundial\/","name":"O dianteiro do Cesantes, David \u00c1lvarez entra na historia do f\u00fatbol mundial -","isPartOf":{"@id":"https:\/\/www.anovapeneira.gal\/#website"},"primaryImageOfPage":{"@id":"https:\/\/www.anovapeneira.gal\/index.php\/2025\/11\/21\/o-dianteiro-do-cesantes-david-alvarez-entra-na-historia-do-futbol-mundial\/#primaryimage"},"image":{"@id":"https:\/\/www.anovapeneira.gal\/index.php\/2025\/11\/21\/o-dianteiro-do-cesantes-david-alvarez-entra-na-historia-do-futbol-mundial\/#primaryimage"},"thumbnailUrl":"https:\/\/www.anovapeneira.gal\/wp-content\/uploads\/2025\/11\/david_alvarez.jpg","datePublished":"2025-11-21T11:00:27+00:00","breadcrumb":{"@id":"https:\/\/www.anovapeneira.gal\/index.php\/2025\/11\/21\/o-dianteiro-do-cesantes-david-alvarez-entra-na-historia-do-futbol-mundial\/#breadcrumb"},"inLanguage":"gl-ES","potentialAction":[{"@type":"ReadAction","target":["https:\/\/www.anovapeneira.gal\/index.php\/2025\/11\/21\/o-dianteiro-do-cesantes-david-alvarez-entra-na-historia-do-futbol-mundial\/"]}]},{"@type":"ImageObject","inLanguage":"gl-ES","@id":"https:\/\/www.anovapeneira.gal\/index.php\/2025\/11\/21\/o-dianteiro-do-cesantes-david-alvarez-entra-na-historia-do-futbol-mundial\/#primaryimage","url":"https:\/\/www.anovapeneira.gal\/wp-content\/uploads\/2025\/11\/david_alvarez.jpg","contentUrl":"https:\/\/www.anovapeneira.gal\/wp-content\/uploads\/2025\/11\/david_alvarez.jpg","width":720,"height":432},{"@type":"BreadcrumbList","@id":"https:\/\/www.anovapeneira.gal\/index.php\/2025\/11\/21\/o-dianteiro-do-cesantes-david-alvarez-entra-na-historia-do-futbol-mundial\/#breadcrumb","itemListElement":[{"@type":"ListItem","position":1,"name":"Portada","item":"https:\/\/www.anovapeneira.gal\/"},{"@type":"ListItem","position":2,"name":"O dianteiro do Cesantes, David \u00c1lvarez entra na historia do f\u00fatbol mundial"}]},{"@type":"WebSite","@id":"https:\/\/www.anovapeneira.gal\/#website","url":"https:\/\/www.anovapeneira.gal\/","name":"","description":"Xornal galego de informaci\u00f3n xeral Publicaci\u00f3n mensual de novas de Galicia e en especial dos Concellos da sur da provincia de Pontevedra.","publisher":{"@id":"https:\/\/www.anovapeneira.gal\/#organization"},"potentialAction":[{"@type":"SearchAction","target":{"@type":"EntryPoint","urlTemplate":"https:\/\/www.anovapeneira.gal\/?s={search_term_string}"},"query-input":{"@type":"PropertyValueSpecification","valueRequired":true,"valueName":"search_term_string"}}],"inLanguage":"gl-ES"},{"@type":"Organization","@id":"https:\/\/www.anovapeneira.gal\/#organization","name":"A Nova Peneira","url":"https:\/\/www.anovapeneira.gal\/","logo":{"@type":"ImageObject","inLanguage":"gl-ES","@id":"https:\/\/www.anovapeneira.gal\/#\/schema\/logo\/image\/","url":"http:\/\/www.anovapeneira.gal\/wp-content\/uploads\/2019\/06\/logo_a_nova_peneira_portal_web.png","contentUrl":"http:\/\/www.anovapeneira.gal\/wp-content\/uploads\/2019\/06\/logo_a_nova_peneira_portal_web.png","width":300,"height":100,"caption":"A Nova Peneira"},"image":{"@id":"https:\/\/www.anovapeneira.gal\/#\/schema\/logo\/image\/"},"sameAs":["https:\/\/www.facebook.com\/anovapeneira","https:\/\/x.com\/APeneira"]},{"@type":"Person","@id":"https:\/\/www.anovapeneira.gal\/#\/schema\/person\/d9d84823564720e7593293bab054e52d","name":"Marcos Santos","image":{"@type":"ImageObject","inLanguage":"gl-ES","@id":"https:\/\/secure.gravatar.com\/avatar\/0e8017099a7a47c0a9d2275e865fe326484561eb3d70649069e4b8e61a8d2e8c?s=96&d=mm&r=g","url":"https:\/\/secure.gravatar.com\/avatar\/0e8017099a7a47c0a9d2275e865fe326484561eb3d70649069e4b8e61a8d2e8c?s=96&d=mm&r=g","contentUrl":"https:\/\/secure.gravatar.com\/avatar\/0e8017099a7a47c0a9d2275e865fe326484561eb3d70649069e4b8e61a8d2e8c?s=96&d=mm&r=g","caption":"Marcos Santos"},"sameAs":["http:\/\/anovapeneira.gal"],"url":"https:\/\/www.anovapeneira.gal\/index.php\/author\/marcos-santos\/"}]}},"jetpack_featured_media_url":"https:\/\/www.anovapeneira.gal\/wp-content\/uploads\/2025\/11\/david_alvarez.jpg","_links":{"self":[{"href":"https:\/\/www.anovapeneira.gal\/index.php\/wp-json\/wp\/v2\/posts\/14967","targetHints":{"allow":["GET"]}}],"collection":[{"href":"https:\/\/www.anovapeneira.gal\/index.php\/wp-json\/wp\/v2\/posts"}],"about":[{"href":"https:\/\/www.anovapeneira.gal\/index.php\/wp-json\/wp\/v2\/types\/post"}],"author":[{"embeddable":true,"href":"https:\/\/www.anovapeneira.gal\/index.php\/wp-json\/wp\/v2\/users\/6"}],"replies":[{"embeddable":true,"href":"https:\/\/www.anovapeneira.gal\/index.php\/wp-json\/wp\/v2\/comments?post=14967"}],"version-history":[{"count":1,"href":"https:\/\/www.anovapeneira.gal\/index.php\/wp-json\/wp\/v2\/posts\/14967\/revisions"}],"predecessor-version":[{"id":14969,"href":"https:\/\/www.anovapeneira.gal\/index.php\/wp-json\/wp\/v2\/posts\/14967\/revisions\/14969"}],"wp:featuredmedia":[{"embeddable":true,"href":"https:\/\/www.anovapeneira.gal\/index.php\/wp-json\/wp\/v2\/media\/14968"}],"wp:attachment":[{"href":"https:\/\/www.anovapeneira.gal\/index.php\/wp-json\/wp\/v2\/media?parent=14967"}],"wp:term":[{"taxonomy":"category","embeddable":true,"href":"https:\/\/www.anovapeneira.gal\/index.php\/wp-json\/wp\/v2\/categories?post=14967"},{"taxonomy":"post_tag","embeddable":true,"href":"https:\/\/www.anovapeneira.gal\/index.php\/wp-json\/wp\/v2\/tags?post=14967"}],"curies":[{"name":"wp","href":"https:\/\/api.w.org\/{rel}","templated":true}]}}