{"id":14970,"date":"2025-11-24T10:00:27","date_gmt":"2025-11-24T09:00:27","guid":{"rendered":"https:\/\/www.anovapeneira.gal\/?p=14970"},"modified":"2025-11-20T10:21:59","modified_gmt":"2025-11-20T09:21:59","slug":"o-25n-e-a-violencia-que-non-cesa","status":"publish","type":"post","link":"https:\/\/www.anovapeneira.gal\/index.php\/2025\/11\/24\/o-25n-e-a-violencia-que-non-cesa\/","title":{"rendered":"O 25N e a violencia que non cesa"},"content":{"rendered":"\n<p>Ach\u00e9gase un novo 25 de novembro e, como cada ano, volveremos ver titulares, actos e campa\u00f1as institucionais que repiten as mesmas mensaxes de condena da \u201clacra\u201d da violencia machista. Pero, mentres todo se concentra nun s\u00f3 d\u00eda, a realidade \u00e9 teimuda: a violencia contra as mulleres persiste \u2014e nalg\u00fans \u00e1mbitos mesmo se agrava\u2014 ao longo de todo o ano.<\/p>\n\n\n\n<p>Os datos m\u00e1is recentes as\u00ed o indican: en 2024, os xulgados espa\u00f1ois rexistraron 544 denuncias diarias por violencia de x\u00e9nero. Nos xulgados galegos tramit\u00e1ronse 21 denuncias diarias, cun total de 7.760 denuncias durante o ano. Preto de 105.000 mulleres espa\u00f1olas est\u00e1n hoxe baixo o seguimento do sistema VioG\u00e9n, onde Galicia \u00e9 a quinta comunidade aut\u00f3noma con m\u00e1is casos activos de v\u00edtimas de violencia de x\u00e9nero: m\u00e1is de 6.000 mulleres. Especialmente preocupante \u00e9 o repunte da violencia entre menores: en 2024, a Fiscal\u00eda tramitou no conxunto do Estado 3.283 causas por delitos contra a liberdade sexual cometidos por menores, e os casos de malos tratos no \u00e1mbito da parella ou exparella entre adolescentes medraron un 10%. En Galicia, tramit\u00e1ronse 131 medidas de protecci\u00f3n ou ordes cautelares para menores.<\/p>\n\n\n\n<p>Por\u00e9n, as estat\u00edsticas oficiais apenas captan a punta do iceberg dunha violencia estrutural que se manifesta en m\u00faltiples formas. As feministas estamos fartas de repetir que a violencia machista vai moito m\u00e1is al\u00e1 do \u00e1mbito da parella e impregna toda a sociedade e todos os \u00e1mbitos nos que se desenvolve a vida das mulleres: acoso sexual en espazos p\u00fablicos ou de lecer, agresi\u00f3ns sexuais en grupo, pornograf\u00eda que normaliza a dominaci\u00f3n, control a trav\u00e9s do m\u00f3bil ou das redes nas relaci\u00f3ns afectivas, difusi\u00f3n non consentida de imaxes, ameazas, coacci\u00f3ns afectivo-sexuais, explotaci\u00f3n sexual e trata. Cada unha destas manifestaci\u00f3ns forma parte dun sistema patriarcal que constr\u00fae a desigualdade como marco relacional e cultural. E fronte a todo isto, as campa\u00f1as dun d\u00eda e os compromisos de manual resultan claramente insuficientes.<\/p>\n\n\n\n<p>A violencia coti\u00e1 \u00e9 cambiable e muta segundo o contexto. Pode ser expl\u00edcita e brutal, ou discreta e insidiosa, camuflada baixo o que se presenta como \u201cnormalidade\u201d. V\u00edstese de amor rom\u00e1ntico, de celos, de bromas ou de costumes que ningu\u00e9n cuestiona. Perpet\u00faase nos comentarios, nas miradas, nas decisi\u00f3ns econ\u00f3micas, nos espazos laborais, nas redes sociais. E o m\u00e1is grave \u00e9 que moitas destas formas de violencia nin sequera se reco\u00f1ecen como tales. As\u00famense como parte da vida, como o prezo inevitable de ser muller nunha sociedade que a\u00ednda nos quere en posici\u00f3n de subordinaci\u00f3n.<\/p>\n\n\n\n<p>Desde As Silveiras denunciamos a hipocris\u00eda dun sistema institucional que se viste de morado e proclama a s\u00faa preocupaci\u00f3n un d\u00eda ao ano, mentres o resto do tempo recorta recursos, banaliza os discursos e tolera o negacionismo da violencia machista nos espazos p\u00fablicos. Non queremos m\u00e1is minutos de silencio: queremos pol\u00edticas efectivas, coeducaci\u00f3n feminista, medios de comunicaci\u00f3n responsables, xustiza con perspectiva de x\u00e9nero e unha sociedade que deixe de mirar para outro lado.<\/p>\n\n\n\n<p>A violencia contra as mulleres non \u00e9 un problema privado nin unha suma de casos illados. \u00c9 un problema pol\u00edtico e estrutural que interpela a todos os poderes e a toda a cidadan\u00eda. Cada feminicidio, cada agresi\u00f3n, cada acto de control, cada acoso, cada silencio c\u00f3mplice son expresi\u00f3ns dun mesmo sistema de dominaci\u00f3n. Por iso, este 25 de novembro, cando regresen os xestos baleiros e as frases de manual, lembraremos que a nosa loita non cabe nun eslogan nin se resolve nun d\u00eda sinalado. Seguiremos mobilizadas para que a violencia machista non quede sepultada pola rutina medi\u00e1tica e a indiferenza institucional. E seguiremos berrando que non queremos ser valentes, sen\u00f3n libres.<\/p>\n","protected":false},"excerpt":{"rendered":"<div class=\"mh-excerpt\"><p>Ach\u00e9gase un novo 25 de novembro e, como cada ano, volveremos ver titulares, <a class=\"mh-excerpt-more\" href=\"https:\/\/www.anovapeneira.gal\/index.php\/2025\/11\/24\/o-25n-e-a-violencia-que-non-cesa\/\" title=\"O 25N e a violencia que non cesa\">[&#8230;]<\/a><\/p>\n<\/div>","protected":false},"author":12,"featured_media":13363,"comment_status":"open","ping_status":"open","sticky":false,"template":"","format":"standard","meta":{"_exactmetrics_skip_tracking":false,"_exactmetrics_sitenote_active":false,"_exactmetrics_sitenote_note":"","_exactmetrics_sitenote_category":0,"footnotes":""},"categories":[7],"tags":[1448],"class_list":{"0":"post-14970","1":"post","2":"type-post","3":"status-publish","4":"format-standard","5":"has-post-thumbnail","7":"category-artigos-de-opinion","8":"tag-as-silveiras"},"yoast_head":"<!-- This site is optimized with the Yoast SEO plugin v27.4 - https:\/\/yoast.com\/product\/yoast-seo-wordpress\/ -->\n<title>O 25N e a violencia que non cesa -<\/title>\n<meta name=\"robots\" content=\"index, follow, max-snippet:-1, max-image-preview:large, max-video-preview:-1\" \/>\n<link rel=\"canonical\" href=\"https:\/\/www.anovapeneira.gal\/index.php\/2025\/11\/24\/o-25n-e-a-violencia-que-non-cesa\/\" \/>\n<meta property=\"og:locale\" content=\"gl_ES\" \/>\n<meta property=\"og:type\" content=\"article\" \/>\n<meta property=\"og:title\" content=\"O 25N e a violencia que non cesa -\" \/>\n<meta property=\"og:description\" content=\"Ach\u00e9gase un novo 25 de novembro e, como cada ano, volveremos ver titulares, [...]\" \/>\n<meta property=\"og:url\" content=\"https:\/\/www.anovapeneira.gal\/index.php\/2025\/11\/24\/o-25n-e-a-violencia-que-non-cesa\/\" \/>\n<meta property=\"article:publisher\" content=\"https:\/\/www.facebook.com\/anovapeneira\" \/>\n<meta property=\"article:published_time\" content=\"2025-11-24T09:00:27+00:00\" \/>\n<meta property=\"og:image\" content=\"https:\/\/www.anovapeneira.gal\/wp-content\/uploads\/2025\/02\/Silveiras.jpg\" \/>\n\t<meta property=\"og:image:width\" content=\"720\" \/>\n\t<meta property=\"og:image:height\" content=\"432\" \/>\n\t<meta property=\"og:image:type\" content=\"image\/jpeg\" \/>\n<meta name=\"author\" content=\"Artigos Opini\u00f3n\" \/>\n<meta name=\"twitter:card\" content=\"summary_large_image\" \/>\n<meta name=\"twitter:creator\" content=\"@APeneira\" \/>\n<meta name=\"twitter:site\" content=\"@APeneira\" \/>\n<meta name=\"twitter:label1\" content=\"Escrito por\" \/>\n\t<meta name=\"twitter:data1\" content=\"Artigos Opini\u00f3n\" \/>\n\t<meta name=\"twitter:label2\" content=\"Tempo de lectura\" \/>\n\t<meta name=\"twitter:data2\" content=\"4 minutos\" \/>\n<script type=\"application\/ld+json\" class=\"yoast-schema-graph\">{\"@context\":\"https:\\\/\\\/schema.org\",\"@graph\":[{\"@type\":\"Article\",\"@id\":\"https:\\\/\\\/www.anovapeneira.gal\\\/index.php\\\/2025\\\/11\\\/24\\\/o-25n-e-a-violencia-que-non-cesa\\\/#article\",\"isPartOf\":{\"@id\":\"https:\\\/\\\/www.anovapeneira.gal\\\/index.php\\\/2025\\\/11\\\/24\\\/o-25n-e-a-violencia-que-non-cesa\\\/\"},\"author\":{\"name\":\"Artigos Opini\u00f3n\",\"@id\":\"https:\\\/\\\/www.anovapeneira.gal\\\/#\\\/schema\\\/person\\\/f18a4feb302e8f20bcef4490b5b60bb3\"},\"headline\":\"O 25N e a violencia que non cesa\",\"datePublished\":\"2025-11-24T09:00:27+00:00\",\"mainEntityOfPage\":{\"@id\":\"https:\\\/\\\/www.anovapeneira.gal\\\/index.php\\\/2025\\\/11\\\/24\\\/o-25n-e-a-violencia-que-non-cesa\\\/\"},\"wordCount\":651,\"commentCount\":0,\"publisher\":{\"@id\":\"https:\\\/\\\/www.anovapeneira.gal\\\/#organization\"},\"image\":{\"@id\":\"https:\\\/\\\/www.anovapeneira.gal\\\/index.php\\\/2025\\\/11\\\/24\\\/o-25n-e-a-violencia-que-non-cesa\\\/#primaryimage\"},\"thumbnailUrl\":\"https:\\\/\\\/www.anovapeneira.gal\\\/wp-content\\\/uploads\\\/2025\\\/02\\\/Silveiras.jpg\",\"keywords\":[\"As silveiras\"],\"articleSection\":[\"Artigos de opini\u00f3n\"],\"inLanguage\":\"gl-ES\",\"potentialAction\":[{\"@type\":\"CommentAction\",\"name\":\"Comment\",\"target\":[\"https:\\\/\\\/www.anovapeneira.gal\\\/index.php\\\/2025\\\/11\\\/24\\\/o-25n-e-a-violencia-que-non-cesa\\\/#respond\"]}]},{\"@type\":\"WebPage\",\"@id\":\"https:\\\/\\\/www.anovapeneira.gal\\\/index.php\\\/2025\\\/11\\\/24\\\/o-25n-e-a-violencia-que-non-cesa\\\/\",\"url\":\"https:\\\/\\\/www.anovapeneira.gal\\\/index.php\\\/2025\\\/11\\\/24\\\/o-25n-e-a-violencia-que-non-cesa\\\/\",\"name\":\"O 25N e a violencia que non cesa -\",\"isPartOf\":{\"@id\":\"https:\\\/\\\/www.anovapeneira.gal\\\/#website\"},\"primaryImageOfPage\":{\"@id\":\"https:\\\/\\\/www.anovapeneira.gal\\\/index.php\\\/2025\\\/11\\\/24\\\/o-25n-e-a-violencia-que-non-cesa\\\/#primaryimage\"},\"image\":{\"@id\":\"https:\\\/\\\/www.anovapeneira.gal\\\/index.php\\\/2025\\\/11\\\/24\\\/o-25n-e-a-violencia-que-non-cesa\\\/#primaryimage\"},\"thumbnailUrl\":\"https:\\\/\\\/www.anovapeneira.gal\\\/wp-content\\\/uploads\\\/2025\\\/02\\\/Silveiras.jpg\",\"datePublished\":\"2025-11-24T09:00:27+00:00\",\"breadcrumb\":{\"@id\":\"https:\\\/\\\/www.anovapeneira.gal\\\/index.php\\\/2025\\\/11\\\/24\\\/o-25n-e-a-violencia-que-non-cesa\\\/#breadcrumb\"},\"inLanguage\":\"gl-ES\",\"potentialAction\":[{\"@type\":\"ReadAction\",\"target\":[\"https:\\\/\\\/www.anovapeneira.gal\\\/index.php\\\/2025\\\/11\\\/24\\\/o-25n-e-a-violencia-que-non-cesa\\\/\"]}]},{\"@type\":\"ImageObject\",\"inLanguage\":\"gl-ES\",\"@id\":\"https:\\\/\\\/www.anovapeneira.gal\\\/index.php\\\/2025\\\/11\\\/24\\\/o-25n-e-a-violencia-que-non-cesa\\\/#primaryimage\",\"url\":\"https:\\\/\\\/www.anovapeneira.gal\\\/wp-content\\\/uploads\\\/2025\\\/02\\\/Silveiras.jpg\",\"contentUrl\":\"https:\\\/\\\/www.anovapeneira.gal\\\/wp-content\\\/uploads\\\/2025\\\/02\\\/Silveiras.jpg\",\"width\":720,\"height\":432,\"caption\":\"Silveiras Asociaci\u00f3n feminista\"},{\"@type\":\"BreadcrumbList\",\"@id\":\"https:\\\/\\\/www.anovapeneira.gal\\\/index.php\\\/2025\\\/11\\\/24\\\/o-25n-e-a-violencia-que-non-cesa\\\/#breadcrumb\",\"itemListElement\":[{\"@type\":\"ListItem\",\"position\":1,\"name\":\"Portada\",\"item\":\"https:\\\/\\\/www.anovapeneira.gal\\\/\"},{\"@type\":\"ListItem\",\"position\":2,\"name\":\"O 25N e a violencia que non cesa\"}]},{\"@type\":\"WebSite\",\"@id\":\"https:\\\/\\\/www.anovapeneira.gal\\\/#website\",\"url\":\"https:\\\/\\\/www.anovapeneira.gal\\\/\",\"name\":\"\",\"description\":\"Xornal galego de informaci\u00f3n xeral Publicaci\u00f3n mensual de novas de Galicia e en especial dos Concellos da sur da provincia de Pontevedra.\",\"publisher\":{\"@id\":\"https:\\\/\\\/www.anovapeneira.gal\\\/#organization\"},\"potentialAction\":[{\"@type\":\"SearchAction\",\"target\":{\"@type\":\"EntryPoint\",\"urlTemplate\":\"https:\\\/\\\/www.anovapeneira.gal\\\/?s={search_term_string}\"},\"query-input\":{\"@type\":\"PropertyValueSpecification\",\"valueRequired\":true,\"valueName\":\"search_term_string\"}}],\"inLanguage\":\"gl-ES\"},{\"@type\":\"Organization\",\"@id\":\"https:\\\/\\\/www.anovapeneira.gal\\\/#organization\",\"name\":\"A Nova Peneira\",\"url\":\"https:\\\/\\\/www.anovapeneira.gal\\\/\",\"logo\":{\"@type\":\"ImageObject\",\"inLanguage\":\"gl-ES\",\"@id\":\"https:\\\/\\\/www.anovapeneira.gal\\\/#\\\/schema\\\/logo\\\/image\\\/\",\"url\":\"http:\\\/\\\/www.anovapeneira.gal\\\/wp-content\\\/uploads\\\/2019\\\/06\\\/logo_a_nova_peneira_portal_web.png\",\"contentUrl\":\"http:\\\/\\\/www.anovapeneira.gal\\\/wp-content\\\/uploads\\\/2019\\\/06\\\/logo_a_nova_peneira_portal_web.png\",\"width\":300,\"height\":100,\"caption\":\"A Nova Peneira\"},\"image\":{\"@id\":\"https:\\\/\\\/www.anovapeneira.gal\\\/#\\\/schema\\\/logo\\\/image\\\/\"},\"sameAs\":[\"https:\\\/\\\/www.facebook.com\\\/anovapeneira\",\"https:\\\/\\\/x.com\\\/APeneira\"]},{\"@type\":\"Person\",\"@id\":\"https:\\\/\\\/www.anovapeneira.gal\\\/#\\\/schema\\\/person\\\/f18a4feb302e8f20bcef4490b5b60bb3\",\"name\":\"Artigos Opini\u00f3n\",\"image\":{\"@type\":\"ImageObject\",\"inLanguage\":\"gl-ES\",\"@id\":\"https:\\\/\\\/secure.gravatar.com\\\/avatar\\\/072844300f4881150aee2da4278f7a65d16eefdf8262eb67085f1e702de2b959?s=96&d=mm&r=g\",\"url\":\"https:\\\/\\\/secure.gravatar.com\\\/avatar\\\/072844300f4881150aee2da4278f7a65d16eefdf8262eb67085f1e702de2b959?s=96&d=mm&r=g\",\"contentUrl\":\"https:\\\/\\\/secure.gravatar.com\\\/avatar\\\/072844300f4881150aee2da4278f7a65d16eefdf8262eb67085f1e702de2b959?s=96&d=mm&r=g\",\"caption\":\"Artigos Opini\u00f3n\"},\"sameAs\":[\"http:\\\/\\\/anovapeneira.gal\"],\"url\":\"https:\\\/\\\/www.anovapeneira.gal\\\/index.php\\\/author\\\/artigosopinion\\\/\"}]}<\/script>\n<!-- \/ Yoast SEO plugin. -->","yoast_head_json":{"title":"O 25N e a violencia que non cesa -","robots":{"index":"index","follow":"follow","max-snippet":"max-snippet:-1","max-image-preview":"max-image-preview:large","max-video-preview":"max-video-preview:-1"},"canonical":"https:\/\/www.anovapeneira.gal\/index.php\/2025\/11\/24\/o-25n-e-a-violencia-que-non-cesa\/","og_locale":"gl_ES","og_type":"article","og_title":"O 25N e a violencia que non cesa -","og_description":"Ach\u00e9gase un novo 25 de novembro e, como cada ano, volveremos ver titulares, [...]","og_url":"https:\/\/www.anovapeneira.gal\/index.php\/2025\/11\/24\/o-25n-e-a-violencia-que-non-cesa\/","article_publisher":"https:\/\/www.facebook.com\/anovapeneira","article_published_time":"2025-11-24T09:00:27+00:00","og_image":[{"width":720,"height":432,"url":"https:\/\/www.anovapeneira.gal\/wp-content\/uploads\/2025\/02\/Silveiras.jpg","type":"image\/jpeg"}],"author":"Artigos Opini\u00f3n","twitter_card":"summary_large_image","twitter_creator":"@APeneira","twitter_site":"@APeneira","twitter_misc":{"Escrito por":"Artigos Opini\u00f3n","Tempo de lectura":"4 minutos"},"schema":{"@context":"https:\/\/schema.org","@graph":[{"@type":"Article","@id":"https:\/\/www.anovapeneira.gal\/index.php\/2025\/11\/24\/o-25n-e-a-violencia-que-non-cesa\/#article","isPartOf":{"@id":"https:\/\/www.anovapeneira.gal\/index.php\/2025\/11\/24\/o-25n-e-a-violencia-que-non-cesa\/"},"author":{"name":"Artigos Opini\u00f3n","@id":"https:\/\/www.anovapeneira.gal\/#\/schema\/person\/f18a4feb302e8f20bcef4490b5b60bb3"},"headline":"O 25N e a violencia que non cesa","datePublished":"2025-11-24T09:00:27+00:00","mainEntityOfPage":{"@id":"https:\/\/www.anovapeneira.gal\/index.php\/2025\/11\/24\/o-25n-e-a-violencia-que-non-cesa\/"},"wordCount":651,"commentCount":0,"publisher":{"@id":"https:\/\/www.anovapeneira.gal\/#organization"},"image":{"@id":"https:\/\/www.anovapeneira.gal\/index.php\/2025\/11\/24\/o-25n-e-a-violencia-que-non-cesa\/#primaryimage"},"thumbnailUrl":"https:\/\/www.anovapeneira.gal\/wp-content\/uploads\/2025\/02\/Silveiras.jpg","keywords":["As silveiras"],"articleSection":["Artigos de opini\u00f3n"],"inLanguage":"gl-ES","potentialAction":[{"@type":"CommentAction","name":"Comment","target":["https:\/\/www.anovapeneira.gal\/index.php\/2025\/11\/24\/o-25n-e-a-violencia-que-non-cesa\/#respond"]}]},{"@type":"WebPage","@id":"https:\/\/www.anovapeneira.gal\/index.php\/2025\/11\/24\/o-25n-e-a-violencia-que-non-cesa\/","url":"https:\/\/www.anovapeneira.gal\/index.php\/2025\/11\/24\/o-25n-e-a-violencia-que-non-cesa\/","name":"O 25N e a violencia que non cesa -","isPartOf":{"@id":"https:\/\/www.anovapeneira.gal\/#website"},"primaryImageOfPage":{"@id":"https:\/\/www.anovapeneira.gal\/index.php\/2025\/11\/24\/o-25n-e-a-violencia-que-non-cesa\/#primaryimage"},"image":{"@id":"https:\/\/www.anovapeneira.gal\/index.php\/2025\/11\/24\/o-25n-e-a-violencia-que-non-cesa\/#primaryimage"},"thumbnailUrl":"https:\/\/www.anovapeneira.gal\/wp-content\/uploads\/2025\/02\/Silveiras.jpg","datePublished":"2025-11-24T09:00:27+00:00","breadcrumb":{"@id":"https:\/\/www.anovapeneira.gal\/index.php\/2025\/11\/24\/o-25n-e-a-violencia-que-non-cesa\/#breadcrumb"},"inLanguage":"gl-ES","potentialAction":[{"@type":"ReadAction","target":["https:\/\/www.anovapeneira.gal\/index.php\/2025\/11\/24\/o-25n-e-a-violencia-que-non-cesa\/"]}]},{"@type":"ImageObject","inLanguage":"gl-ES","@id":"https:\/\/www.anovapeneira.gal\/index.php\/2025\/11\/24\/o-25n-e-a-violencia-que-non-cesa\/#primaryimage","url":"https:\/\/www.anovapeneira.gal\/wp-content\/uploads\/2025\/02\/Silveiras.jpg","contentUrl":"https:\/\/www.anovapeneira.gal\/wp-content\/uploads\/2025\/02\/Silveiras.jpg","width":720,"height":432,"caption":"Silveiras Asociaci\u00f3n feminista"},{"@type":"BreadcrumbList","@id":"https:\/\/www.anovapeneira.gal\/index.php\/2025\/11\/24\/o-25n-e-a-violencia-que-non-cesa\/#breadcrumb","itemListElement":[{"@type":"ListItem","position":1,"name":"Portada","item":"https:\/\/www.anovapeneira.gal\/"},{"@type":"ListItem","position":2,"name":"O 25N e a violencia que non cesa"}]},{"@type":"WebSite","@id":"https:\/\/www.anovapeneira.gal\/#website","url":"https:\/\/www.anovapeneira.gal\/","name":"","description":"Xornal galego de informaci\u00f3n xeral Publicaci\u00f3n mensual de novas de Galicia e en especial dos Concellos da sur da provincia de Pontevedra.","publisher":{"@id":"https:\/\/www.anovapeneira.gal\/#organization"},"potentialAction":[{"@type":"SearchAction","target":{"@type":"EntryPoint","urlTemplate":"https:\/\/www.anovapeneira.gal\/?s={search_term_string}"},"query-input":{"@type":"PropertyValueSpecification","valueRequired":true,"valueName":"search_term_string"}}],"inLanguage":"gl-ES"},{"@type":"Organization","@id":"https:\/\/www.anovapeneira.gal\/#organization","name":"A Nova Peneira","url":"https:\/\/www.anovapeneira.gal\/","logo":{"@type":"ImageObject","inLanguage":"gl-ES","@id":"https:\/\/www.anovapeneira.gal\/#\/schema\/logo\/image\/","url":"http:\/\/www.anovapeneira.gal\/wp-content\/uploads\/2019\/06\/logo_a_nova_peneira_portal_web.png","contentUrl":"http:\/\/www.anovapeneira.gal\/wp-content\/uploads\/2019\/06\/logo_a_nova_peneira_portal_web.png","width":300,"height":100,"caption":"A Nova Peneira"},"image":{"@id":"https:\/\/www.anovapeneira.gal\/#\/schema\/logo\/image\/"},"sameAs":["https:\/\/www.facebook.com\/anovapeneira","https:\/\/x.com\/APeneira"]},{"@type":"Person","@id":"https:\/\/www.anovapeneira.gal\/#\/schema\/person\/f18a4feb302e8f20bcef4490b5b60bb3","name":"Artigos Opini\u00f3n","image":{"@type":"ImageObject","inLanguage":"gl-ES","@id":"https:\/\/secure.gravatar.com\/avatar\/072844300f4881150aee2da4278f7a65d16eefdf8262eb67085f1e702de2b959?s=96&d=mm&r=g","url":"https:\/\/secure.gravatar.com\/avatar\/072844300f4881150aee2da4278f7a65d16eefdf8262eb67085f1e702de2b959?s=96&d=mm&r=g","contentUrl":"https:\/\/secure.gravatar.com\/avatar\/072844300f4881150aee2da4278f7a65d16eefdf8262eb67085f1e702de2b959?s=96&d=mm&r=g","caption":"Artigos Opini\u00f3n"},"sameAs":["http:\/\/anovapeneira.gal"],"url":"https:\/\/www.anovapeneira.gal\/index.php\/author\/artigosopinion\/"}]}},"jetpack_featured_media_url":"https:\/\/www.anovapeneira.gal\/wp-content\/uploads\/2025\/02\/Silveiras.jpg","_links":{"self":[{"href":"https:\/\/www.anovapeneira.gal\/index.php\/wp-json\/wp\/v2\/posts\/14970","targetHints":{"allow":["GET"]}}],"collection":[{"href":"https:\/\/www.anovapeneira.gal\/index.php\/wp-json\/wp\/v2\/posts"}],"about":[{"href":"https:\/\/www.anovapeneira.gal\/index.php\/wp-json\/wp\/v2\/types\/post"}],"author":[{"embeddable":true,"href":"https:\/\/www.anovapeneira.gal\/index.php\/wp-json\/wp\/v2\/users\/12"}],"replies":[{"embeddable":true,"href":"https:\/\/www.anovapeneira.gal\/index.php\/wp-json\/wp\/v2\/comments?post=14970"}],"version-history":[{"count":1,"href":"https:\/\/www.anovapeneira.gal\/index.php\/wp-json\/wp\/v2\/posts\/14970\/revisions"}],"predecessor-version":[{"id":14971,"href":"https:\/\/www.anovapeneira.gal\/index.php\/wp-json\/wp\/v2\/posts\/14970\/revisions\/14971"}],"wp:featuredmedia":[{"embeddable":true,"href":"https:\/\/www.anovapeneira.gal\/index.php\/wp-json\/wp\/v2\/media\/13363"}],"wp:attachment":[{"href":"https:\/\/www.anovapeneira.gal\/index.php\/wp-json\/wp\/v2\/media?parent=14970"}],"wp:term":[{"taxonomy":"category","embeddable":true,"href":"https:\/\/www.anovapeneira.gal\/index.php\/wp-json\/wp\/v2\/categories?post=14970"},{"taxonomy":"post_tag","embeddable":true,"href":"https:\/\/www.anovapeneira.gal\/index.php\/wp-json\/wp\/v2\/tags?post=14970"}],"curies":[{"name":"wp","href":"https:\/\/api.w.org\/{rel}","templated":true}]}}