{"id":14972,"date":"2025-11-24T12:00:11","date_gmt":"2025-11-24T11:00:11","guid":{"rendered":"https:\/\/www.anovapeneira.gal\/?p=14972"},"modified":"2025-11-20T11:04:32","modified_gmt":"2025-11-20T10:04:32","slug":"luis-bara-deputado-do-bng-7","status":"publish","type":"post","link":"https:\/\/www.anovapeneira.gal\/index.php\/2025\/11\/24\/luis-bara-deputado-do-bng-7\/","title":{"rendered":"Luis Bar\u00e1, deputado do BNG"},"content":{"rendered":"\n<p><strong>Unha boa maneira de ir rematando este 2025 foi para min ter unha extensa conversa cun home l\u00facido, amable e cordial como Luis Bar\u00e1 Torres, deputado auton\u00f3mico do BNG desde aqueles tempos escuros nos que a supervivencia do nacionalismo galego como expresi\u00f3n pol\u00edtica aut\u00f3noma correu serio perigo. Alg\u00fan d\u00eda haber\u00e1 que reco\u00f1ecer como se merece o grande traballo daqueles 6 deputados e deputadas do BNG postAmio nas horas m\u00e1is baixas da s\u00faa historia recente, e homenaxear a Ana Pont\u00f3n, Noa Presas, Olalla Rodil, Mini, Montse Prado e ao propio Luis Bar\u00e1 pola s\u00faa decisiva contribuci\u00f3n a situar ao BNG en disposici\u00f3n realista de disputarlle ao PP a hexemon\u00eda social de Galicia. Conversamos con Luis sobre os principais asuntos da actualidade pol\u00edtica galega. Vela\u00ed vai o que deu de si a nosa conversa.<\/strong><\/p>\n\n\n\n<h2 class=\"wp-block-heading\">\u201c <strong>Somos conscientes de que derrotar ao PP nas auton\u00f3micas do 28 pasa porque o BNG obte\u00f1a uns grandes resultados nas municipais do 27\u201d<\/strong><\/h2>\n\n\n\n<p><strong>A pouco m\u00e1s dun ano das \u00faltimas auton\u00f3micas, como est\u00e1 indo a actual lexislatura para o BNG.?<\/strong><\/p>\n\n\n\n<blockquote class=\"wp-block-quote is-layout-flow wp-block-quote-is-layout-flow\">\n<p>No BNG temos un grupo m\u00e1is numeroso, de 25 deputados e deputadas, o que nos permite facer un traballo extenso e intenso con moita presenza a nivel comarcal. Por outra parte danos m\u00e1is capacidade para facer o traballo de oposici\u00f3n e control ao goberno, as\u00ed como para desenvolver a nosa alternativa de goberno.<\/p>\n<\/blockquote>\n\n\n\n<p><strong>Como lembras aqueles tempos nos que s\u00f3 erades 6 os representantes do BNG na c\u00e1mara auton\u00f3mica?<\/strong><\/p>\n\n\n\n<blockquote class=\"wp-block-quote is-layout-flow wp-block-quote-is-layout-flow\">\n<p>Ben, foron tempos moi complicados dun traballo enorme. Por exemplo en Pontevedra s\u00f3 eramos dous; Montse Prado e m\u00e1is eu, co que ti\u00f1amos que facer toda a provincia entre os dous.<\/p>\n<\/blockquote>\n\n\n\n<p><strong>Que che tocaba a ti?<\/strong><\/p>\n\n\n\n<blockquote class=\"wp-block-quote is-layout-flow wp-block-quote-is-layout-flow\">\n<p>Pontevedra, Vigo, O Deza, O Condado Paradanta &#8230;.A verdade foi unha tolemia. Foi unha loucura de traballo, pero foi unha etapa que lembro con cari\u00f1o pois foron uns anos de enorme aprendizaxe. E por outra parte o contacto coa xente, trasladar que o BNG \u00e9 \u00fatil para resolver os seus problemas, \u00e9 a esencia da pol\u00edtica.<\/p>\n<\/blockquote>\n\n\n\n<p><strong>Pouco antes das auton\u00f3micas do 24 hab\u00eda unha pulsi\u00f3n no ambiente que daba como moi probable o cambio pol\u00edtico na Xunta, e que Ana Pont\u00f3n fose a primeira presidenta nacionalista do pa\u00eds. Non se produciu. E ti, na valoraci\u00f3n da noite electoral pronunciaches unhas palabras moi bonitas nas que apelabas a non caer na tristura, porque o ascenso do nacionalismo era imparable e conducir\u00eda m\u00e1is cedo que tarde ao goberno do pa\u00eds. Segues pensando o mesmo?<\/strong><\/p>\n\n\n\n<blockquote class=\"wp-block-quote is-layout-flow wp-block-quote-is-layout-flow\">\n<p>Si, rotundamente si..Estou seguro de que na campa\u00f1a n\u00f3s chegamos a estar por diante do PP. E tam\u00e9n considero que nunca ningu\u00e9n alleo ao nacionalismo pensou que n\u00f3s chegaramos a ese nivel de apoio popular: unha de cada tres persoas votou a BNG.<\/p>\n<\/blockquote>\n\n\n\n<p><strong>A\u00ednda hai espazo para crecer?<\/strong><\/p>\n\n\n\n<blockquote class=\"wp-block-quote is-layout-flow wp-block-quote-is-layout-flow\">\n<p>Si, estou convencido que si o hai. N\u00f3s queremos ser un instrumento para a construci\u00f3n dun pa\u00eds mellor. E iso require dialogar con moitos segmentos da sociedade, non s\u00f3 cos que se senten nacionalistas. Nese traballo estamos: ampliar a nosa base \u00e1s persoas que nunca confiaron en n\u00f3s. E si, con certeza hai espazo para medrar. Temos a favor o liderado de Ana Pont\u00f3n, unha l\u00edder que ten a capacidade de chegar a moita xente. Ela sabe trasladar moi ben os motivos que fan que o nacionalismo sexa beneficioso para o conxunto do pobo galego.<\/p>\n<\/blockquote>\n\n\n\n<p><strong>Notas algunha diferenza entre esta etapa do presidente Rueda e a anterior do presidente Feijoo?<\/strong><\/p>\n\n\n\n<blockquote class=\"wp-block-quote is-layout-flow wp-block-quote-is-layout-flow\">\n<p>Si. Noto un maior nerviosismo no PP, moi preocupado polo ascenso do BNG. En consecuencia o PP botouse ao monte e p\u00faxose en situaci\u00f3ns moi extremas. Est\u00e1n desatados. Comp\u00f3rtanse como un carneiro que escorna. O PP escorna contra todo aquilo que non lle gusta: contra o BNG, contra a CIG, contra o TSXG, contra o Reitor da Universidade da Coru\u00f1a,contra o consello da Cultura galega&#8230;<\/p>\n<\/blockquote>\n\n\n\n<p><strong>Altos cargos do PPdeG manifestan estar asustados polo BNG. Que tes que dicir ao respecto?<\/strong><\/p>\n\n\n\n<blockquote class=\"wp-block-quote is-layout-flow wp-block-quote-is-layout-flow\">\n<p>\u00c9 sobreactuaci\u00f3n e puro teatro. Est\u00e1n falando para un sector moi concreto do electorado coa intenci\u00f3n de meterlles medo.<\/p>\n<\/blockquote>\n\n\n\n<p><strong>A campa\u00f1a que fai o PP contra a caixa de resistencia da CIG present\u00e1ndoa como se o BNG pagase \u00e1s persoas para secundar folgas, enm\u00e1rcala nese mesmo contexto?<\/strong><\/p>\n\n\n\n<blockquote class=\"wp-block-quote is-layout-flow wp-block-quote-is-layout-flow\">\n<p>Si. Evidentemente queren crear mal ambiente. O que pretenden \u00e9 trasladar a idea de que o BNG non \u00e9 unha forza con capacidade para gobernar o pa\u00eds, sen\u00f3n que est\u00e1 na din\u00e1mica do alboroto, do balbordo e do non a todo. Algo que non resulta en absoluto cr\u00edbel para calquera que se tome a molestia de analizar a realidade cun m\u00ednimo de rigor.<\/p>\n<\/blockquote>\n\n\n\n<p><strong>No intento de trasladar \u00e1 sociedade esa visi\u00f3n espuria do nacionalismo, a TVG xoga un papel relevante?<\/strong><\/p>\n\n\n\n<blockquote class=\"wp-block-quote is-layout-flow wp-block-quote-is-layout-flow\">\n<p>A TVG dese\u00f1a a s\u00faa axenda ao servizo do PP. Como se pode interpretar por exemplo que vaian a Soutomaior a preguntarlle a Ana Pont\u00f3n polos bombeiros de Santiago?.Ese modus operandi leva \u00e1 TVG a un absoluto descr\u00e9dito e a que a s\u00faa audiencia estea afundida polo chan.<\/p>\n<\/blockquote>\n\n\n\n<p><strong>Cando denunciades no parlamento a deriva da TVG, que vos responde o PP?<\/strong><\/p>\n\n\n\n<blockquote class=\"wp-block-quote is-layout-flow wp-block-quote-is-layout-flow\">\n<p>Que quen era partidista era o bipartito. Eles sempre te\u00f1en o leitmotiv do bipartito para calquera cuesti\u00f3n que lles xere problemas.<\/p>\n<\/blockquote>\n\n\n\n<p><strong>Como est\u00e1 a cuesti\u00f3n de Altri?<\/strong><\/p>\n\n\n\n<blockquote class=\"wp-block-quote is-layout-flow wp-block-quote-is-layout-flow\">\n<p>Altri est\u00e1 contra as cordas. E o m\u00e9rito teno fundamentalmente a mobilizaci\u00f3n social enorme da sociedade civil. Este nivel de presi\u00f3n social foi o que fixo que incluso na base do PP xurdiran tensi\u00f3ns arredor deste asunto. E logo o goberno central dixo que non \u00eda haber financiamento, e agora di que non \u00eda haber unha subestaci\u00f3n de conexi\u00f3n.<\/p>\n<\/blockquote>\n\n\n\n<p><strong>Esta posici\u00f3n do goberno do estado de negarlles a conexi\u00f3n el\u00e9ctrica non sup\u00f3n a sentenza de morte para o proxecto de Altri na Ulloa?<\/strong><\/p>\n\n\n\n<blockquote class=\"wp-block-quote is-layout-flow wp-block-quote-is-layout-flow\">\n<p>Neste momento o proxecto est\u00e1 en punto morto e sen sa\u00edda, tam\u00e9n lle denegaron subvenci\u00f3ns europeas. Pero pode mudar o goberno do estado e poden cambiar as cousas. Por outra parte a empresa seica investiu 25 mill\u00f3ns de \u20ac, e ningunha empresa se mete niso para acabar perdendo esa enorme cantidade de cartos, xa que logo estamos convencidos de que o van seguir pelexando. De feito no BNG estamos seguros de que existe un acordo segredo entre o PP e Altri xa da \u00e9poca de Feijoo.<\/p>\n<\/blockquote>\n\n\n\n<blockquote class=\"wp-block-quote is-layout-flow wp-block-quote-is-layout-flow\">\n<p>O proxecto de Altri s\u00f3 poder\u00e1 ser derrotado definitivamente, se contin\u00faa a mobilizaci\u00f3n e o rexeitamento social de maneira continua e de forma masiva como ata agora.<\/p>\n<\/blockquote>\n\n\n\n<p><strong>F\u00e1lame da moratoria do eucalipto?<\/strong><\/p>\n\n\n\n<blockquote class=\"wp-block-quote is-layout-flow wp-block-quote-is-layout-flow\">\n<p>Hai unha moratoria do ano 21, que ten que ver coa que aprobara Portugal no ano 18.Esta moratoria significa que non se pode plantar eucalipto onde non o hab\u00eda. Duraba ata finais do ano 25.Pero foi unha aut\u00e9ntica brincadeira porque se fixeron moit\u00edsimas plantaci\u00f3ns ilegais. Tanto \u00e9 as\u00ed que a superficie de eucaliptos subiu m\u00e1is de 20.000 hect\u00e1reas habendo prohibici\u00f3n.<\/p>\n<\/blockquote>\n\n\n\n<blockquote class=\"wp-block-quote is-layout-flow wp-block-quote-is-layout-flow\">\n<p>E que fixeron agora? Unha pseudomoratoria, bastante peor da que hab\u00eda, que consiste en que na provincia de Lugo, nas zonas de pi\u00f1eiros afectadas por un fungo, p\u00f3dense cortar eses pi\u00f1eiros e plantar eucaliptos na metade das parcelas afectadas.<\/p>\n<\/blockquote>\n\n\n\n<blockquote class=\"wp-block-quote is-layout-flow wp-block-quote-is-layout-flow\">\n<p>Por outra parte incl\u00faen un sistema de permuta qua far\u00eda posible que zonas de eucaliptos que est\u00e1n infrautilizadas vendan eses dereitos a outras partes do territorio galego nas que a\u00ednda non penetrou esa \u00e1rbore. Esto vai ser un desastre e supor\u00e1 que se incen de eucaliptos zonas que ata o de agora estaban libres.<\/p>\n<\/blockquote>\n\n\n\n<p><strong>E o asunto dos e\u00f3licos como vai?<\/strong><\/p>\n\n\n\n<blockquote class=\"wp-block-quote is-layout-flow wp-block-quote-is-layout-flow\">\n<p>Despois das paralizaci\u00f3ns xudiciais cautelares houbo como un certo par\u00f3n. Agora nos \u00faltimos meses houbo unha reactivaci\u00f3n de proxectos moito maiores que son de tramitaci\u00f3n estatal. O que fixeron as empresas foi reconverter proxectos que eran de tramitaci\u00f3n auton\u00f3mica, menos de 50 megawatt, nun proxecto que supere esa cifra para podelo pasar a un proxecto de tramitaci\u00f3n estatal..<\/p>\n<\/blockquote>\n\n\n\n<blockquote class=\"wp-block-quote is-layout-flow wp-block-quote-is-layout-flow\">\n<p>Agora este asunto dos e\u00f3licos estase reactivando porque hai unha directiva europea do 24 que lle d\u00e1 absoluta prioridade \u00e1s renovables, e a Xunta tam\u00e9n mudou varias leis para poder facilitar todos estes proxectos. Temo que te\u00f1amos unha avalancha bestial.<\/p>\n<\/blockquote>\n\n\n\n<blockquote class=\"wp-block-quote is-layout-flow wp-block-quote-is-layout-flow\">\n<p>Estamos no mesmo que no asunto de Altri: \u00c9 necesaria unha importante reactivaci\u00f3n da mobilizaci\u00f3n social na defensa do territorio.<\/p>\n<\/blockquote>\n\n\n\n<p><strong>Que supor\u00eda para a realidade do pa\u00eds, a xu\u00edzo do BNG, que todos estes proxectos e\u00f3licos que est\u00e1n cautelarmente paralizados pola xustiza finalmente puideran facerse realidade?<\/strong><\/p>\n\n\n\n<blockquote class=\"wp-block-quote is-layout-flow wp-block-quote-is-layout-flow\">\n<p>Ser\u00eda un desastre a nivel de impacto no territorio. Ser\u00eda multiplicar o espolio da nosa riqueza enerx\u00e9tica para incrementar o negocio da grandes empresas que son as que est\u00e1n detr\u00e1s deses proxectos.<\/p>\n<\/blockquote>\n\n\n\n<p><strong>E fronte a iso?<\/strong><\/p>\n\n\n\n<blockquote class=\"wp-block-quote is-layout-flow wp-block-quote-is-layout-flow\">\n<p>Est\u00e1 o modelo que defende o BNG: que a nosa riqueza quede no pa\u00eds, sen ser necesaria, nin moito menos, esa avalancha de proxectos.<\/p>\n<\/blockquote>\n\n\n\n<p><strong>Sobre a situaci\u00f3n do idioma galego. Como valoras o pacto pola lingua que prop\u00f3n o goberno do PP?<\/strong><\/p>\n\n\n\n<blockquote class=\"wp-block-quote is-layout-flow wp-block-quote-is-layout-flow\">\n<p>\u00c9 un aut\u00e9ntico parip\u00e9. \u00c9 todo teatro. Fan maquillaxe para aparentar que fan algo polo idioma .Os datos de todos os estudos amosan que o idioma se encontra na peor das situaci\u00f3ns posibles: A cadea de transmisi\u00f3n xeracional est\u00e1 rota. Iso \u00e9 responsabilidade das pol\u00edticas do PP. E se a Xunta quixera facer algo de verdade para arranxalo dotar\u00eda de m\u00e1is recursos \u00e1 pol\u00edtica ling\u00fc\u00edstica. Pero por desgraza non \u00e9 as\u00ed. Os orzamentos para a lingua seguen iguais. Mante\u00f1en os 11 mill\u00f3ns, que non chegan para nada. Por outra parte a Conseller\u00eda de cultura e lingua \u00e9 a que menos recibe dos orzamentos da Xunta, o que indica claramente o que lles importa este asunto.<\/p>\n<\/blockquote>\n\n\n\n<p><strong>Como ves o da AP9?<\/strong><\/p>\n\n\n\n<blockquote class=\"wp-block-quote is-layout-flow wp-block-quote-is-layout-flow\">\n<p>V\u00e9xoo complicado porque neste asunto PP e PSOE son exactamente iguais. Ambos defenden unha postura cando est\u00e1n no goberno, e a contraria cando est\u00e1n na oposici\u00f3n. Cando gobernaba o PP negouse a anular a concesi\u00f3n, e agora que goberna o PSOE tam\u00e9n se negan a anulala. E fano con argumentos falsos sobre canto custar\u00eda esa nulidade. N\u00f3s encargamos un estudo a un profesor da Universidade da Coru\u00f1a, e o custe \u00e9 moi inferior ao que manifestan tanto o PP como o PSOE.<\/p>\n<\/blockquote>\n\n\n\n<p><strong>A concesi\u00f3n caduca no 2048.Consideras que a AP9 non se vai poder rescatar ata ese ano?<\/strong><\/p>\n\n\n\n<blockquote class=\"wp-block-quote is-layout-flow wp-block-quote-is-layout-flow\">\n<p>Caduca no 2048, si. E conv\u00e9n recordar que \u00e9 grazas a unha pr\u00f3rroga que lle concedeu o goberno do PP. A concesi\u00f3n se poder\u00e1 anular antes ou non? Depende da capacidade de influencia que te\u00f1a o nacionalismo cos gobernos do estado, e depende da mobilizaci\u00f3n social que haxa.<\/p>\n<\/blockquote>\n\n\n\n<p><strong>Xa non queda moito para o vindeiro ciclo electoral: as municipais do 27.Como as encara o BNG?<\/strong><\/p>\n\n\n\n<blockquote class=\"wp-block-quote is-layout-flow wp-block-quote-is-layout-flow\">\n<p>Estamos traballando con moita ilusi\u00f3n preparando o calendario para dar a sa\u00edda a todo o proceso tan importante para Galiza. A nosa percepci\u00f3n \u00e9 que imos subir en apoios, que imos manter as alcald\u00edas que son referentes para o BNG e que obteremos outras novas. Somos conscientes de que chegar ao 28 con garant\u00edas de derrotar ao PP pasa por obter uns grandes resultados nas municipais do 27.<\/p>\n<\/blockquote>\n\n\n\n<p><strong>Como valoras todas estas moci\u00f3ns de censura que executou o PP coa captaci\u00f3n de tr\u00e1nsfugas doutras forzas pol\u00edticas?<\/strong><\/p>\n\n\n\n<blockquote class=\"wp-block-quote is-layout-flow wp-block-quote-is-layout-flow\">\n<p>O PP utiliza descaradamente o goberno da Xunta para as moci\u00f3ns de censura. Eles van a por todas para tratar de ga\u00f1ar as deputaci\u00f3ns de Lugo e da Coru\u00f1a. F\u00edxate ata que punto chegan que en Sarria chegaron a un acordo co partido gobernante para investir no seu concello, a cambio de que non se presenten \u00e1s seguintes municipais. Maio do 27 vai ser unha batalla bonita e ser\u00e1 unha especie de primeira volta das auton\u00f3micas do 2028.<\/p>\n<\/blockquote>\n\n\n\n<p><strong>E ti tes a\u00ednda o corpo para ese tipo de batallas, Luis?<\/strong><\/p>\n\n\n\n<blockquote class=\"wp-block-quote is-layout-flow wp-block-quote-is-layout-flow\">\n<p>Eu agora mesmo te\u00f1o unha motivaci\u00f3n vital que est\u00e1 por riba de calquera outra: a mi\u00f1a neta. Pero si, de momento a\u00ednda te\u00f1o o corpo para contribu\u00edr, na medida das mi\u00f1as posibilidades, a que o nacionalismo poida gobernar este pa\u00eds o antes posible. Te\u00f1o a convicci\u00f3n persoal de que \u00e9 o mellor que pode acontecer para o ben com\u00fan do pobo galego.<\/p>\n<\/blockquote>\n","protected":false},"excerpt":{"rendered":"<div class=\"mh-excerpt\"><p>Unha boa maneira de ir rematando este 2025 foi para min ter unha extensa conversa cun home l\u00facido, amable e cordial como Luis Bar\u00e1 Torres <a class=\"mh-excerpt-more\" href=\"https:\/\/www.anovapeneira.gal\/index.php\/2025\/11\/24\/luis-bara-deputado-do-bng-7\/\" title=\"Luis Bar\u00e1, deputado do BNG\">[&#8230;]<\/a><\/p>\n<\/div>","protected":false},"author":2,"featured_media":14973,"comment_status":"open","ping_status":"open","sticky":false,"template":"","format":"standard","meta":{"_exactmetrics_skip_tracking":false,"_exactmetrics_sitenote_active":false,"_exactmetrics_sitenote_note":"","_exactmetrics_sitenote_category":0,"footnotes":""},"categories":[264],"tags":[],"class_list":{"0":"post-14972","1":"post","2":"type-post","3":"status-publish","4":"format-standard","5":"has-post-thumbnail","7":"category-entrevistas-galicia"},"yoast_head":"<!-- This site is optimized with the Yoast SEO plugin v27.4 - https:\/\/yoast.com\/product\/yoast-seo-wordpress\/ -->\n<title>Luis Bar\u00e1, deputado do BNG -<\/title>\n<meta name=\"robots\" content=\"index, follow, max-snippet:-1, max-image-preview:large, max-video-preview:-1\" \/>\n<link rel=\"canonical\" href=\"https:\/\/www.anovapeneira.gal\/index.php\/2025\/11\/24\/luis-bara-deputado-do-bng-7\/\" \/>\n<meta property=\"og:locale\" content=\"gl_ES\" \/>\n<meta property=\"og:type\" content=\"article\" \/>\n<meta property=\"og:title\" content=\"Luis Bar\u00e1, deputado do BNG -\" \/>\n<meta property=\"og:description\" content=\"Unha boa maneira de ir rematando este 2025 foi para min ter unha extensa conversa cun home l\u00facido, amable e cordial como Luis Bar\u00e1 Torres [...]\" \/>\n<meta property=\"og:url\" content=\"https:\/\/www.anovapeneira.gal\/index.php\/2025\/11\/24\/luis-bara-deputado-do-bng-7\/\" \/>\n<meta property=\"article:publisher\" content=\"https:\/\/www.facebook.com\/anovapeneira\" \/>\n<meta property=\"article:published_time\" content=\"2025-11-24T11:00:11+00:00\" \/>\n<meta property=\"og:image\" content=\"https:\/\/www.anovapeneira.gal\/wp-content\/uploads\/2025\/11\/luis_bara.jpg\" \/>\n\t<meta property=\"og:image:width\" content=\"720\" \/>\n\t<meta property=\"og:image:height\" content=\"432\" \/>\n\t<meta property=\"og:image:type\" content=\"image\/jpeg\" \/>\n<meta name=\"author\" content=\"Tino Lago\" \/>\n<meta name=\"twitter:card\" content=\"summary_large_image\" \/>\n<meta name=\"twitter:creator\" content=\"@APeneira\" \/>\n<meta name=\"twitter:site\" content=\"@APeneira\" \/>\n<meta name=\"twitter:label1\" content=\"Escrito por\" \/>\n\t<meta name=\"twitter:data1\" content=\"Tino Lago\" \/>\n\t<meta name=\"twitter:label2\" content=\"Tempo de lectura\" \/>\n\t<meta name=\"twitter:data2\" content=\"4 minutos\" \/>\n<script type=\"application\/ld+json\" class=\"yoast-schema-graph\">{\"@context\":\"https:\\\/\\\/schema.org\",\"@graph\":[{\"@type\":\"Article\",\"@id\":\"https:\\\/\\\/www.anovapeneira.gal\\\/index.php\\\/2025\\\/11\\\/24\\\/luis-bara-deputado-do-bng-7\\\/#article\",\"isPartOf\":{\"@id\":\"https:\\\/\\\/www.anovapeneira.gal\\\/index.php\\\/2025\\\/11\\\/24\\\/luis-bara-deputado-do-bng-7\\\/\"},\"author\":{\"name\":\"Tino Lago\",\"@id\":\"https:\\\/\\\/www.anovapeneira.gal\\\/#\\\/schema\\\/person\\\/424dfe65e3070fd8a44d22d2c088762a\"},\"headline\":\"Luis Bar\u00e1, deputado do BNG\",\"datePublished\":\"2025-11-24T11:00:11+00:00\",\"mainEntityOfPage\":{\"@id\":\"https:\\\/\\\/www.anovapeneira.gal\\\/index.php\\\/2025\\\/11\\\/24\\\/luis-bara-deputado-do-bng-7\\\/\"},\"wordCount\":2123,\"commentCount\":0,\"publisher\":{\"@id\":\"https:\\\/\\\/www.anovapeneira.gal\\\/#organization\"},\"image\":{\"@id\":\"https:\\\/\\\/www.anovapeneira.gal\\\/index.php\\\/2025\\\/11\\\/24\\\/luis-bara-deputado-do-bng-7\\\/#primaryimage\"},\"thumbnailUrl\":\"https:\\\/\\\/www.anovapeneira.gal\\\/wp-content\\\/uploads\\\/2025\\\/11\\\/luis_bara.jpg\",\"articleSection\":[\"Entrevistas\"],\"inLanguage\":\"gl-ES\",\"potentialAction\":[{\"@type\":\"CommentAction\",\"name\":\"Comment\",\"target\":[\"https:\\\/\\\/www.anovapeneira.gal\\\/index.php\\\/2025\\\/11\\\/24\\\/luis-bara-deputado-do-bng-7\\\/#respond\"]}]},{\"@type\":\"WebPage\",\"@id\":\"https:\\\/\\\/www.anovapeneira.gal\\\/index.php\\\/2025\\\/11\\\/24\\\/luis-bara-deputado-do-bng-7\\\/\",\"url\":\"https:\\\/\\\/www.anovapeneira.gal\\\/index.php\\\/2025\\\/11\\\/24\\\/luis-bara-deputado-do-bng-7\\\/\",\"name\":\"Luis Bar\u00e1, deputado do BNG -\",\"isPartOf\":{\"@id\":\"https:\\\/\\\/www.anovapeneira.gal\\\/#website\"},\"primaryImageOfPage\":{\"@id\":\"https:\\\/\\\/www.anovapeneira.gal\\\/index.php\\\/2025\\\/11\\\/24\\\/luis-bara-deputado-do-bng-7\\\/#primaryimage\"},\"image\":{\"@id\":\"https:\\\/\\\/www.anovapeneira.gal\\\/index.php\\\/2025\\\/11\\\/24\\\/luis-bara-deputado-do-bng-7\\\/#primaryimage\"},\"thumbnailUrl\":\"https:\\\/\\\/www.anovapeneira.gal\\\/wp-content\\\/uploads\\\/2025\\\/11\\\/luis_bara.jpg\",\"datePublished\":\"2025-11-24T11:00:11+00:00\",\"breadcrumb\":{\"@id\":\"https:\\\/\\\/www.anovapeneira.gal\\\/index.php\\\/2025\\\/11\\\/24\\\/luis-bara-deputado-do-bng-7\\\/#breadcrumb\"},\"inLanguage\":\"gl-ES\",\"potentialAction\":[{\"@type\":\"ReadAction\",\"target\":[\"https:\\\/\\\/www.anovapeneira.gal\\\/index.php\\\/2025\\\/11\\\/24\\\/luis-bara-deputado-do-bng-7\\\/\"]}]},{\"@type\":\"ImageObject\",\"inLanguage\":\"gl-ES\",\"@id\":\"https:\\\/\\\/www.anovapeneira.gal\\\/index.php\\\/2025\\\/11\\\/24\\\/luis-bara-deputado-do-bng-7\\\/#primaryimage\",\"url\":\"https:\\\/\\\/www.anovapeneira.gal\\\/wp-content\\\/uploads\\\/2025\\\/11\\\/luis_bara.jpg\",\"contentUrl\":\"https:\\\/\\\/www.anovapeneira.gal\\\/wp-content\\\/uploads\\\/2025\\\/11\\\/luis_bara.jpg\",\"width\":720,\"height\":432},{\"@type\":\"BreadcrumbList\",\"@id\":\"https:\\\/\\\/www.anovapeneira.gal\\\/index.php\\\/2025\\\/11\\\/24\\\/luis-bara-deputado-do-bng-7\\\/#breadcrumb\",\"itemListElement\":[{\"@type\":\"ListItem\",\"position\":1,\"name\":\"Portada\",\"item\":\"https:\\\/\\\/www.anovapeneira.gal\\\/\"},{\"@type\":\"ListItem\",\"position\":2,\"name\":\"Luis Bar\u00e1, deputado do BNG\"}]},{\"@type\":\"WebSite\",\"@id\":\"https:\\\/\\\/www.anovapeneira.gal\\\/#website\",\"url\":\"https:\\\/\\\/www.anovapeneira.gal\\\/\",\"name\":\"\",\"description\":\"Xornal galego de informaci\u00f3n xeral Publicaci\u00f3n mensual de novas de Galicia e en especial dos Concellos da sur da provincia de Pontevedra.\",\"publisher\":{\"@id\":\"https:\\\/\\\/www.anovapeneira.gal\\\/#organization\"},\"potentialAction\":[{\"@type\":\"SearchAction\",\"target\":{\"@type\":\"EntryPoint\",\"urlTemplate\":\"https:\\\/\\\/www.anovapeneira.gal\\\/?s={search_term_string}\"},\"query-input\":{\"@type\":\"PropertyValueSpecification\",\"valueRequired\":true,\"valueName\":\"search_term_string\"}}],\"inLanguage\":\"gl-ES\"},{\"@type\":\"Organization\",\"@id\":\"https:\\\/\\\/www.anovapeneira.gal\\\/#organization\",\"name\":\"A Nova Peneira\",\"url\":\"https:\\\/\\\/www.anovapeneira.gal\\\/\",\"logo\":{\"@type\":\"ImageObject\",\"inLanguage\":\"gl-ES\",\"@id\":\"https:\\\/\\\/www.anovapeneira.gal\\\/#\\\/schema\\\/logo\\\/image\\\/\",\"url\":\"http:\\\/\\\/www.anovapeneira.gal\\\/wp-content\\\/uploads\\\/2019\\\/06\\\/logo_a_nova_peneira_portal_web.png\",\"contentUrl\":\"http:\\\/\\\/www.anovapeneira.gal\\\/wp-content\\\/uploads\\\/2019\\\/06\\\/logo_a_nova_peneira_portal_web.png\",\"width\":300,\"height\":100,\"caption\":\"A Nova Peneira\"},\"image\":{\"@id\":\"https:\\\/\\\/www.anovapeneira.gal\\\/#\\\/schema\\\/logo\\\/image\\\/\"},\"sameAs\":[\"https:\\\/\\\/www.facebook.com\\\/anovapeneira\",\"https:\\\/\\\/x.com\\\/APeneira\"]},{\"@type\":\"Person\",\"@id\":\"https:\\\/\\\/www.anovapeneira.gal\\\/#\\\/schema\\\/person\\\/424dfe65e3070fd8a44d22d2c088762a\",\"name\":\"Tino Lago\",\"image\":{\"@type\":\"ImageObject\",\"inLanguage\":\"gl-ES\",\"@id\":\"https:\\\/\\\/secure.gravatar.com\\\/avatar\\\/b3df6a06e44bab3111583b90f0f33a0379ee5e3d22cbadd232d39f21c30c62be?s=96&d=mm&r=g\",\"url\":\"https:\\\/\\\/secure.gravatar.com\\\/avatar\\\/b3df6a06e44bab3111583b90f0f33a0379ee5e3d22cbadd232d39f21c30c62be?s=96&d=mm&r=g\",\"contentUrl\":\"https:\\\/\\\/secure.gravatar.com\\\/avatar\\\/b3df6a06e44bab3111583b90f0f33a0379ee5e3d22cbadd232d39f21c30c62be?s=96&d=mm&r=g\",\"caption\":\"Tino Lago\"},\"sameAs\":[\"http:\\\/\\\/www.anovapeneira.gal\"],\"url\":\"https:\\\/\\\/www.anovapeneira.gal\\\/index.php\\\/author\\\/director\\\/\"}]}<\/script>\n<!-- \/ Yoast SEO plugin. -->","yoast_head_json":{"title":"Luis Bar\u00e1, deputado do BNG -","robots":{"index":"index","follow":"follow","max-snippet":"max-snippet:-1","max-image-preview":"max-image-preview:large","max-video-preview":"max-video-preview:-1"},"canonical":"https:\/\/www.anovapeneira.gal\/index.php\/2025\/11\/24\/luis-bara-deputado-do-bng-7\/","og_locale":"gl_ES","og_type":"article","og_title":"Luis Bar\u00e1, deputado do BNG -","og_description":"Unha boa maneira de ir rematando este 2025 foi para min ter unha extensa conversa cun home l\u00facido, amable e cordial como Luis Bar\u00e1 Torres [...]","og_url":"https:\/\/www.anovapeneira.gal\/index.php\/2025\/11\/24\/luis-bara-deputado-do-bng-7\/","article_publisher":"https:\/\/www.facebook.com\/anovapeneira","article_published_time":"2025-11-24T11:00:11+00:00","og_image":[{"width":720,"height":432,"url":"https:\/\/www.anovapeneira.gal\/wp-content\/uploads\/2025\/11\/luis_bara.jpg","type":"image\/jpeg"}],"author":"Tino Lago","twitter_card":"summary_large_image","twitter_creator":"@APeneira","twitter_site":"@APeneira","twitter_misc":{"Escrito por":"Tino Lago","Tempo de lectura":"4 minutos"},"schema":{"@context":"https:\/\/schema.org","@graph":[{"@type":"Article","@id":"https:\/\/www.anovapeneira.gal\/index.php\/2025\/11\/24\/luis-bara-deputado-do-bng-7\/#article","isPartOf":{"@id":"https:\/\/www.anovapeneira.gal\/index.php\/2025\/11\/24\/luis-bara-deputado-do-bng-7\/"},"author":{"name":"Tino Lago","@id":"https:\/\/www.anovapeneira.gal\/#\/schema\/person\/424dfe65e3070fd8a44d22d2c088762a"},"headline":"Luis Bar\u00e1, deputado do BNG","datePublished":"2025-11-24T11:00:11+00:00","mainEntityOfPage":{"@id":"https:\/\/www.anovapeneira.gal\/index.php\/2025\/11\/24\/luis-bara-deputado-do-bng-7\/"},"wordCount":2123,"commentCount":0,"publisher":{"@id":"https:\/\/www.anovapeneira.gal\/#organization"},"image":{"@id":"https:\/\/www.anovapeneira.gal\/index.php\/2025\/11\/24\/luis-bara-deputado-do-bng-7\/#primaryimage"},"thumbnailUrl":"https:\/\/www.anovapeneira.gal\/wp-content\/uploads\/2025\/11\/luis_bara.jpg","articleSection":["Entrevistas"],"inLanguage":"gl-ES","potentialAction":[{"@type":"CommentAction","name":"Comment","target":["https:\/\/www.anovapeneira.gal\/index.php\/2025\/11\/24\/luis-bara-deputado-do-bng-7\/#respond"]}]},{"@type":"WebPage","@id":"https:\/\/www.anovapeneira.gal\/index.php\/2025\/11\/24\/luis-bara-deputado-do-bng-7\/","url":"https:\/\/www.anovapeneira.gal\/index.php\/2025\/11\/24\/luis-bara-deputado-do-bng-7\/","name":"Luis Bar\u00e1, deputado do BNG -","isPartOf":{"@id":"https:\/\/www.anovapeneira.gal\/#website"},"primaryImageOfPage":{"@id":"https:\/\/www.anovapeneira.gal\/index.php\/2025\/11\/24\/luis-bara-deputado-do-bng-7\/#primaryimage"},"image":{"@id":"https:\/\/www.anovapeneira.gal\/index.php\/2025\/11\/24\/luis-bara-deputado-do-bng-7\/#primaryimage"},"thumbnailUrl":"https:\/\/www.anovapeneira.gal\/wp-content\/uploads\/2025\/11\/luis_bara.jpg","datePublished":"2025-11-24T11:00:11+00:00","breadcrumb":{"@id":"https:\/\/www.anovapeneira.gal\/index.php\/2025\/11\/24\/luis-bara-deputado-do-bng-7\/#breadcrumb"},"inLanguage":"gl-ES","potentialAction":[{"@type":"ReadAction","target":["https:\/\/www.anovapeneira.gal\/index.php\/2025\/11\/24\/luis-bara-deputado-do-bng-7\/"]}]},{"@type":"ImageObject","inLanguage":"gl-ES","@id":"https:\/\/www.anovapeneira.gal\/index.php\/2025\/11\/24\/luis-bara-deputado-do-bng-7\/#primaryimage","url":"https:\/\/www.anovapeneira.gal\/wp-content\/uploads\/2025\/11\/luis_bara.jpg","contentUrl":"https:\/\/www.anovapeneira.gal\/wp-content\/uploads\/2025\/11\/luis_bara.jpg","width":720,"height":432},{"@type":"BreadcrumbList","@id":"https:\/\/www.anovapeneira.gal\/index.php\/2025\/11\/24\/luis-bara-deputado-do-bng-7\/#breadcrumb","itemListElement":[{"@type":"ListItem","position":1,"name":"Portada","item":"https:\/\/www.anovapeneira.gal\/"},{"@type":"ListItem","position":2,"name":"Luis Bar\u00e1, deputado do BNG"}]},{"@type":"WebSite","@id":"https:\/\/www.anovapeneira.gal\/#website","url":"https:\/\/www.anovapeneira.gal\/","name":"","description":"Xornal galego de informaci\u00f3n xeral Publicaci\u00f3n mensual de novas de Galicia e en especial dos Concellos da sur da provincia de Pontevedra.","publisher":{"@id":"https:\/\/www.anovapeneira.gal\/#organization"},"potentialAction":[{"@type":"SearchAction","target":{"@type":"EntryPoint","urlTemplate":"https:\/\/www.anovapeneira.gal\/?s={search_term_string}"},"query-input":{"@type":"PropertyValueSpecification","valueRequired":true,"valueName":"search_term_string"}}],"inLanguage":"gl-ES"},{"@type":"Organization","@id":"https:\/\/www.anovapeneira.gal\/#organization","name":"A Nova Peneira","url":"https:\/\/www.anovapeneira.gal\/","logo":{"@type":"ImageObject","inLanguage":"gl-ES","@id":"https:\/\/www.anovapeneira.gal\/#\/schema\/logo\/image\/","url":"http:\/\/www.anovapeneira.gal\/wp-content\/uploads\/2019\/06\/logo_a_nova_peneira_portal_web.png","contentUrl":"http:\/\/www.anovapeneira.gal\/wp-content\/uploads\/2019\/06\/logo_a_nova_peneira_portal_web.png","width":300,"height":100,"caption":"A Nova Peneira"},"image":{"@id":"https:\/\/www.anovapeneira.gal\/#\/schema\/logo\/image\/"},"sameAs":["https:\/\/www.facebook.com\/anovapeneira","https:\/\/x.com\/APeneira"]},{"@type":"Person","@id":"https:\/\/www.anovapeneira.gal\/#\/schema\/person\/424dfe65e3070fd8a44d22d2c088762a","name":"Tino Lago","image":{"@type":"ImageObject","inLanguage":"gl-ES","@id":"https:\/\/secure.gravatar.com\/avatar\/b3df6a06e44bab3111583b90f0f33a0379ee5e3d22cbadd232d39f21c30c62be?s=96&d=mm&r=g","url":"https:\/\/secure.gravatar.com\/avatar\/b3df6a06e44bab3111583b90f0f33a0379ee5e3d22cbadd232d39f21c30c62be?s=96&d=mm&r=g","contentUrl":"https:\/\/secure.gravatar.com\/avatar\/b3df6a06e44bab3111583b90f0f33a0379ee5e3d22cbadd232d39f21c30c62be?s=96&d=mm&r=g","caption":"Tino Lago"},"sameAs":["http:\/\/www.anovapeneira.gal"],"url":"https:\/\/www.anovapeneira.gal\/index.php\/author\/director\/"}]}},"jetpack_featured_media_url":"https:\/\/www.anovapeneira.gal\/wp-content\/uploads\/2025\/11\/luis_bara.jpg","_links":{"self":[{"href":"https:\/\/www.anovapeneira.gal\/index.php\/wp-json\/wp\/v2\/posts\/14972","targetHints":{"allow":["GET"]}}],"collection":[{"href":"https:\/\/www.anovapeneira.gal\/index.php\/wp-json\/wp\/v2\/posts"}],"about":[{"href":"https:\/\/www.anovapeneira.gal\/index.php\/wp-json\/wp\/v2\/types\/post"}],"author":[{"embeddable":true,"href":"https:\/\/www.anovapeneira.gal\/index.php\/wp-json\/wp\/v2\/users\/2"}],"replies":[{"embeddable":true,"href":"https:\/\/www.anovapeneira.gal\/index.php\/wp-json\/wp\/v2\/comments?post=14972"}],"version-history":[{"count":1,"href":"https:\/\/www.anovapeneira.gal\/index.php\/wp-json\/wp\/v2\/posts\/14972\/revisions"}],"predecessor-version":[{"id":14974,"href":"https:\/\/www.anovapeneira.gal\/index.php\/wp-json\/wp\/v2\/posts\/14972\/revisions\/14974"}],"wp:featuredmedia":[{"embeddable":true,"href":"https:\/\/www.anovapeneira.gal\/index.php\/wp-json\/wp\/v2\/media\/14973"}],"wp:attachment":[{"href":"https:\/\/www.anovapeneira.gal\/index.php\/wp-json\/wp\/v2\/media?parent=14972"}],"wp:term":[{"taxonomy":"category","embeddable":true,"href":"https:\/\/www.anovapeneira.gal\/index.php\/wp-json\/wp\/v2\/categories?post=14972"},{"taxonomy":"post_tag","embeddable":true,"href":"https:\/\/www.anovapeneira.gal\/index.php\/wp-json\/wp\/v2\/tags?post=14972"}],"curies":[{"name":"wp","href":"https:\/\/api.w.org\/{rel}","templated":true}]}}