{"id":14977,"date":"2025-11-25T12:00:29","date_gmt":"2025-11-25T11:00:29","guid":{"rendered":"https:\/\/www.anovapeneira.gal\/?p=14977"},"modified":"2025-11-20T11:22:09","modified_gmt":"2025-11-20T10:22:09","slug":"as-guerras","status":"publish","type":"post","link":"https:\/\/www.anovapeneira.gal\/index.php\/2025\/11\/25\/as-guerras\/","title":{"rendered":"As guerras"},"content":{"rendered":"\n<pre class=\"wp-block-verse\"><strong>Paulo Peres Lago [Comit\u00e9 Antifascista da Louri\u00f1a]<\/strong><\/pre>\n\n\n\n<p>T\u00f3dalas guerras esconden os verdadeiros motivos polas que se levan a cabo. Ningunha confesa eu roubo, eu saqueo, eu mudo fronteiras\u2026Todas disfrazan de patri\u00f3tico-nacional os intereses das clases dominantes utilizando unha m\u00e1scara que lubrica o andamiaxe cultural e medi\u00e1tico que sost\u00e9n a dominaci\u00f3n de clase, ocultando que \u00e9 a clase obreira quen pon os mortos, quen fabrica as armas que mediante a explotaci\u00f3n do traballo alleo sufraga e financia ca transferencia das s\u00faas rendas t\u00f3dalas guerras, o Complexo Militar Industrial Atlantista, a intendencia, e a lox\u00edstica fundamental para preparar as agresi\u00f3ns belicistas burguesas.<\/p>\n\n\n\n<p>Cando escoitamos ao brazo pol\u00edtico da OTAN instalado en Bruselas e aos falc\u00f3ns neoliberais dicir \u201cloitaremos ata o \u00faltimo ucra\u00edno\u201d, n\u00f3s como proletariado, sabemos quen non vai ir. Os fillos destes belicistas, non van ir, os fillos da camarilla banderista que controla Ucra\u00edna, non van ir, os fillos da burgues\u00eda ukronazista, non van ir.<\/p>\n\n\n\n<p>Eles foron os primeiros en pagar a viaxe, e fuxir seguros ben lonxe das balas, dos mis\u00eds e dos drons. Non \u00e9 ning\u00fan segredo, ollamos e escoitamos como a f\u00fchrer \u00darsula Von Der Leyen respondeu a esa pregunta cun sorriso c\u00ednico cheo de franqueza, \u201cMeus fillos non van ir.\u201d<\/p>\n\n\n\n<p>A clase obreira \u00e9 sacrificada no altar do lucro. Cando este na avaricia burguesa, non \u00e9 suficiente polas din\u00e1micas e tendencias de ca\u00edda na tasa de ga\u00f1anza, xorden as guerras como soluci\u00f3n, xorde o caos, a desolaci\u00f3n e a destrucci\u00f3n. Son as crises capitalistas, todas absolutamente cun car\u00e1cter de clase inelud\u00edbel, tal e como dixo, o multimillonario Warren Buffet, logo da cat\u00e1strofe programada das hipotecas Sub Prime, a estafa levada a cabo por Wall Street, \u201cIsto \u00e9 loita de clases e n\u00f3s imos ga\u00f1ando.\u201d<\/p>\n\n\n\n<p>Agora estamos envoltos nunha grave crise, na loita entre o imperialismo anglo-ianqui-sionista empurrado polos voitres financieiros, e o mundo multipolar. Este occidente colectivo adicado \u00e1 especulaci\u00f3n e a usura, non crea riqueza real, sen\u00f3n burbullas financieiras que precisan dunha guerra para apagar o seu estoupido co barullo das bombas. Nese contexto xa previsto con antelaci\u00f3n, prepar\u00e1ronse contra toda rebeld\u00eda e insurxencia, militarizaron as forzas de orde, crearon leis represivas, ampliaron censura, e ca complicidade dos medios de comunicaci\u00f3n, enganan, minten, e conseguen confundir e desorientar ao pobo traballador, fac\u00e9ndonos crer que ese suposto inimigo que est\u00e1 f\u00f3ra das nosas fronteiras, \u00e9 un perigo para a nosa \u201ccivilizaci\u00f3n\u201d.<\/p>\n\n\n\n<p>As\u00ed fixeron ca islamofobia, e agora ca rusofobia, ou mesmo no interior, apuntando ao m\u00e1is pobre, o inmigrante, o de distinta cor, ou crenza. A burgues\u00eda nunca \u00e9 sinalada, ela e os seus voceiros e xestores, sempre apontan lonxe ou cara abaixo.<\/p>\n\n\n\n<p>Quen destr\u00fae os servicios p\u00fablicos, quen privatiza as pensi\u00f3ns, quen crea a inflaci\u00f3n, quen nos expulsa das nosas vivendas, quen empobrece a sociedade con precariedade no seu conxunto, non ten ideolox\u00eda, ten intereses. A ideolox\u00eda ollada como falso co\u00f1ecemento \u00e9 para o pobo, para distraernos e confundirnos das verdadeiras causas.<\/p>\n\n\n\n<p>Por iso \u00e9 tan perigosa a conciencia de clase. Ela col\u00f3cate no lugar correcto da barricada, no lugar certo da historia, e tam\u00e9n por iso, \u00e9 onde m\u00e1is invisten para embaucarnos e seducirnos. Crear falsa conciencia que nos empurre a defender intereses alleos a nosa classe, \u00e9 a fabricaci\u00f3n industrial de consenso.<\/p>\n\n\n\n<p>A guerra contra Rusia \u00e9 a cuartada. A escusa para a destrucci\u00f3n do estado de benestar, privatizando absolutamente todo, o carozo da doctrina neoliberal que precisa ser acelerado para efectuar un masivo trasbase de rendas do traballo aos petos capitalistas. A verdadeira guerra \u00e9 contra a clase operaria e o conxunto dos asalariados que encubren ca bandeira patri\u00f3tica e os intereses nacionais para aceptar ese roubo, e ao mesmo tempo, criar as condici\u00f3ns apropiadas para que ollemos como modo de supervivencia, traballar en f\u00e1bricas de armas, constru\u00edndo tanques e fus\u00eds, para morrer f\u00f3ra das nosas fronteiras por intereses alleos a nosa classe.<\/p>\n\n\n\n<p>Primeiro foi o ataque \u00e1 sede da UE en Kiev, logo o ataque de hackers ao avi\u00f3n de Von Der Leyen, agora comenzaron cos drons pantasma sobrevoando instalaci\u00f3ns militares, aeroportos, f\u00e1bricas de armas, etc\u2026Uns drons que non se sabe de onde ve\u00f1en, quen os controla, e cales son os seus obxectivos. Non capturarom ning\u00fan, non te\u00f1en ningunha proba f\u00edsica que o demostre, non hai fotos, non hai evidencias. Como \u00e9 pos\u00edbel que con chips de lavadoras se supere unha tecnolox\u00eda europea tan avanzada como temos? Como \u00e9 pos\u00edbel que non se haxa derrubado ning\u00fan?<\/p>\n\n\n\n<p>O relato sen datos reais \u00e9 pura propaganda que contamina as mentes, fabricando escusas que favorecen a narrativa neoliberal belicista. Debemos entender que a propia guerra, a propia loita est\u00e1 na contradici\u00f3n de intereses de clase, e que unha classe domina \u00e1s outras nom soamente usando a forza, sen\u00f3n buscando aliados aos que confunden nunha guerra cognitiva para que defendan a mansi\u00f3n do amo, namentres eles durmen na caseta.<\/p>\n\n\n\n<p>A guerra \u00e9 o nivel de violencia cruda e vis\u00edbel que se executa contra os traballadores que sufrimos as consecuencias da grave crise do capital, e que agora est\u00e1 ameazando cunha guerra global que pon en perigo a humanidade mesma, e que enfronta a pobos, a naci\u00f3ns e continentes no seu desespero por o monopolio do control.<\/p>\n\n\n\n<p><a><\/a> Os intentos de escalada con provocaci\u00f3ns son constantes, as mentiras e o uso do control informativo mant\u00e9n a poboaci\u00f3n na inopia. Por iso \u00e9 preciso romper o cerco medi\u00e1tico, por iso \u00e9 preciso dicir a verdade con feitos e datos.<\/p>\n\n\n\n<p>As s\u00faas guerras, os seus r\u00e9ditos e ga\u00f1os, que os defendan eles!<\/p>\n\n\n\n<p>Nin guerra entre povos, nin paz entre clases!<\/p>\n","protected":false},"excerpt":{"rendered":"<div class=\"mh-excerpt\"><p>T\u00f3dalas guerras esconden os verdadeiros motivos polas que se levan a cabo <a class=\"mh-excerpt-more\" href=\"https:\/\/www.anovapeneira.gal\/index.php\/2025\/11\/25\/as-guerras\/\" title=\"As guerras\">[&#8230;]<\/a><\/p>\n<\/div>","protected":false},"author":12,"featured_media":14979,"comment_status":"open","ping_status":"open","sticky":false,"template":"","format":"standard","meta":{"_exactmetrics_skip_tracking":false,"_exactmetrics_sitenote_active":false,"_exactmetrics_sitenote_note":"","_exactmetrics_sitenote_category":0,"footnotes":""},"categories":[7],"tags":[],"class_list":{"0":"post-14977","1":"post","2":"type-post","3":"status-publish","4":"format-standard","5":"has-post-thumbnail","7":"category-artigos-de-opinion"},"yoast_head":"<!-- This site is optimized with the Yoast SEO plugin v27.4 - https:\/\/yoast.com\/product\/yoast-seo-wordpress\/ -->\n<title>As guerras -<\/title>\n<meta name=\"robots\" content=\"index, follow, max-snippet:-1, max-image-preview:large, max-video-preview:-1\" \/>\n<link rel=\"canonical\" href=\"https:\/\/www.anovapeneira.gal\/index.php\/2025\/11\/25\/as-guerras\/\" \/>\n<meta property=\"og:locale\" content=\"gl_ES\" \/>\n<meta property=\"og:type\" content=\"article\" \/>\n<meta property=\"og:title\" content=\"As guerras -\" \/>\n<meta property=\"og:description\" content=\"T\u00f3dalas guerras esconden os verdadeiros motivos polas que se levan a cabo [...]\" \/>\n<meta property=\"og:url\" content=\"https:\/\/www.anovapeneira.gal\/index.php\/2025\/11\/25\/as-guerras\/\" \/>\n<meta property=\"article:publisher\" content=\"https:\/\/www.facebook.com\/anovapeneira\" \/>\n<meta property=\"article:published_time\" content=\"2025-11-25T11:00:29+00:00\" \/>\n<meta property=\"og:image\" content=\"https:\/\/www.anovapeneira.gal\/wp-content\/uploads\/2025\/11\/paulo_peres.jpg\" \/>\n\t<meta property=\"og:image:width\" content=\"720\" \/>\n\t<meta property=\"og:image:height\" content=\"432\" \/>\n\t<meta property=\"og:image:type\" content=\"image\/jpeg\" \/>\n<meta name=\"author\" content=\"Artigos Opini\u00f3n\" \/>\n<meta name=\"twitter:card\" content=\"summary_large_image\" \/>\n<meta name=\"twitter:creator\" content=\"@APeneira\" \/>\n<meta name=\"twitter:site\" content=\"@APeneira\" \/>\n<meta name=\"twitter:label1\" content=\"Escrito por\" \/>\n\t<meta name=\"twitter:data1\" content=\"Artigos Opini\u00f3n\" \/>\n\t<meta name=\"twitter:label2\" content=\"Tempo de lectura\" \/>\n\t<meta name=\"twitter:data2\" content=\"6 minutos\" \/>\n<script type=\"application\/ld+json\" class=\"yoast-schema-graph\">{\"@context\":\"https:\\\/\\\/schema.org\",\"@graph\":[{\"@type\":\"Article\",\"@id\":\"https:\\\/\\\/www.anovapeneira.gal\\\/index.php\\\/2025\\\/11\\\/25\\\/as-guerras\\\/#article\",\"isPartOf\":{\"@id\":\"https:\\\/\\\/www.anovapeneira.gal\\\/index.php\\\/2025\\\/11\\\/25\\\/as-guerras\\\/\"},\"author\":{\"name\":\"Artigos Opini\u00f3n\",\"@id\":\"https:\\\/\\\/www.anovapeneira.gal\\\/#\\\/schema\\\/person\\\/f18a4feb302e8f20bcef4490b5b60bb3\"},\"headline\":\"As guerras\",\"datePublished\":\"2025-11-25T11:00:29+00:00\",\"mainEntityOfPage\":{\"@id\":\"https:\\\/\\\/www.anovapeneira.gal\\\/index.php\\\/2025\\\/11\\\/25\\\/as-guerras\\\/\"},\"wordCount\":980,\"commentCount\":0,\"publisher\":{\"@id\":\"https:\\\/\\\/www.anovapeneira.gal\\\/#organization\"},\"image\":{\"@id\":\"https:\\\/\\\/www.anovapeneira.gal\\\/index.php\\\/2025\\\/11\\\/25\\\/as-guerras\\\/#primaryimage\"},\"thumbnailUrl\":\"https:\\\/\\\/www.anovapeneira.gal\\\/wp-content\\\/uploads\\\/2025\\\/11\\\/paulo_peres.jpg\",\"articleSection\":[\"Artigos de opini\u00f3n\"],\"inLanguage\":\"gl-ES\",\"potentialAction\":[{\"@type\":\"CommentAction\",\"name\":\"Comment\",\"target\":[\"https:\\\/\\\/www.anovapeneira.gal\\\/index.php\\\/2025\\\/11\\\/25\\\/as-guerras\\\/#respond\"]}]},{\"@type\":\"WebPage\",\"@id\":\"https:\\\/\\\/www.anovapeneira.gal\\\/index.php\\\/2025\\\/11\\\/25\\\/as-guerras\\\/\",\"url\":\"https:\\\/\\\/www.anovapeneira.gal\\\/index.php\\\/2025\\\/11\\\/25\\\/as-guerras\\\/\",\"name\":\"As guerras -\",\"isPartOf\":{\"@id\":\"https:\\\/\\\/www.anovapeneira.gal\\\/#website\"},\"primaryImageOfPage\":{\"@id\":\"https:\\\/\\\/www.anovapeneira.gal\\\/index.php\\\/2025\\\/11\\\/25\\\/as-guerras\\\/#primaryimage\"},\"image\":{\"@id\":\"https:\\\/\\\/www.anovapeneira.gal\\\/index.php\\\/2025\\\/11\\\/25\\\/as-guerras\\\/#primaryimage\"},\"thumbnailUrl\":\"https:\\\/\\\/www.anovapeneira.gal\\\/wp-content\\\/uploads\\\/2025\\\/11\\\/paulo_peres.jpg\",\"datePublished\":\"2025-11-25T11:00:29+00:00\",\"breadcrumb\":{\"@id\":\"https:\\\/\\\/www.anovapeneira.gal\\\/index.php\\\/2025\\\/11\\\/25\\\/as-guerras\\\/#breadcrumb\"},\"inLanguage\":\"gl-ES\",\"potentialAction\":[{\"@type\":\"ReadAction\",\"target\":[\"https:\\\/\\\/www.anovapeneira.gal\\\/index.php\\\/2025\\\/11\\\/25\\\/as-guerras\\\/\"]}]},{\"@type\":\"ImageObject\",\"inLanguage\":\"gl-ES\",\"@id\":\"https:\\\/\\\/www.anovapeneira.gal\\\/index.php\\\/2025\\\/11\\\/25\\\/as-guerras\\\/#primaryimage\",\"url\":\"https:\\\/\\\/www.anovapeneira.gal\\\/wp-content\\\/uploads\\\/2025\\\/11\\\/paulo_peres.jpg\",\"contentUrl\":\"https:\\\/\\\/www.anovapeneira.gal\\\/wp-content\\\/uploads\\\/2025\\\/11\\\/paulo_peres.jpg\",\"width\":720,\"height\":432},{\"@type\":\"BreadcrumbList\",\"@id\":\"https:\\\/\\\/www.anovapeneira.gal\\\/index.php\\\/2025\\\/11\\\/25\\\/as-guerras\\\/#breadcrumb\",\"itemListElement\":[{\"@type\":\"ListItem\",\"position\":1,\"name\":\"Portada\",\"item\":\"https:\\\/\\\/www.anovapeneira.gal\\\/\"},{\"@type\":\"ListItem\",\"position\":2,\"name\":\"As guerras\"}]},{\"@type\":\"WebSite\",\"@id\":\"https:\\\/\\\/www.anovapeneira.gal\\\/#website\",\"url\":\"https:\\\/\\\/www.anovapeneira.gal\\\/\",\"name\":\"\",\"description\":\"Xornal galego de informaci\u00f3n xeral Publicaci\u00f3n mensual de novas de Galicia e en especial dos Concellos da sur da provincia de Pontevedra.\",\"publisher\":{\"@id\":\"https:\\\/\\\/www.anovapeneira.gal\\\/#organization\"},\"potentialAction\":[{\"@type\":\"SearchAction\",\"target\":{\"@type\":\"EntryPoint\",\"urlTemplate\":\"https:\\\/\\\/www.anovapeneira.gal\\\/?s={search_term_string}\"},\"query-input\":{\"@type\":\"PropertyValueSpecification\",\"valueRequired\":true,\"valueName\":\"search_term_string\"}}],\"inLanguage\":\"gl-ES\"},{\"@type\":\"Organization\",\"@id\":\"https:\\\/\\\/www.anovapeneira.gal\\\/#organization\",\"name\":\"A Nova Peneira\",\"url\":\"https:\\\/\\\/www.anovapeneira.gal\\\/\",\"logo\":{\"@type\":\"ImageObject\",\"inLanguage\":\"gl-ES\",\"@id\":\"https:\\\/\\\/www.anovapeneira.gal\\\/#\\\/schema\\\/logo\\\/image\\\/\",\"url\":\"http:\\\/\\\/www.anovapeneira.gal\\\/wp-content\\\/uploads\\\/2019\\\/06\\\/logo_a_nova_peneira_portal_web.png\",\"contentUrl\":\"http:\\\/\\\/www.anovapeneira.gal\\\/wp-content\\\/uploads\\\/2019\\\/06\\\/logo_a_nova_peneira_portal_web.png\",\"width\":300,\"height\":100,\"caption\":\"A Nova Peneira\"},\"image\":{\"@id\":\"https:\\\/\\\/www.anovapeneira.gal\\\/#\\\/schema\\\/logo\\\/image\\\/\"},\"sameAs\":[\"https:\\\/\\\/www.facebook.com\\\/anovapeneira\",\"https:\\\/\\\/x.com\\\/APeneira\"]},{\"@type\":\"Person\",\"@id\":\"https:\\\/\\\/www.anovapeneira.gal\\\/#\\\/schema\\\/person\\\/f18a4feb302e8f20bcef4490b5b60bb3\",\"name\":\"Artigos Opini\u00f3n\",\"image\":{\"@type\":\"ImageObject\",\"inLanguage\":\"gl-ES\",\"@id\":\"https:\\\/\\\/secure.gravatar.com\\\/avatar\\\/072844300f4881150aee2da4278f7a65d16eefdf8262eb67085f1e702de2b959?s=96&d=mm&r=g\",\"url\":\"https:\\\/\\\/secure.gravatar.com\\\/avatar\\\/072844300f4881150aee2da4278f7a65d16eefdf8262eb67085f1e702de2b959?s=96&d=mm&r=g\",\"contentUrl\":\"https:\\\/\\\/secure.gravatar.com\\\/avatar\\\/072844300f4881150aee2da4278f7a65d16eefdf8262eb67085f1e702de2b959?s=96&d=mm&r=g\",\"caption\":\"Artigos Opini\u00f3n\"},\"sameAs\":[\"http:\\\/\\\/anovapeneira.gal\"],\"url\":\"https:\\\/\\\/www.anovapeneira.gal\\\/index.php\\\/author\\\/artigosopinion\\\/\"}]}<\/script>\n<!-- \/ Yoast SEO plugin. -->","yoast_head_json":{"title":"As guerras -","robots":{"index":"index","follow":"follow","max-snippet":"max-snippet:-1","max-image-preview":"max-image-preview:large","max-video-preview":"max-video-preview:-1"},"canonical":"https:\/\/www.anovapeneira.gal\/index.php\/2025\/11\/25\/as-guerras\/","og_locale":"gl_ES","og_type":"article","og_title":"As guerras -","og_description":"T\u00f3dalas guerras esconden os verdadeiros motivos polas que se levan a cabo [...]","og_url":"https:\/\/www.anovapeneira.gal\/index.php\/2025\/11\/25\/as-guerras\/","article_publisher":"https:\/\/www.facebook.com\/anovapeneira","article_published_time":"2025-11-25T11:00:29+00:00","og_image":[{"width":720,"height":432,"url":"https:\/\/www.anovapeneira.gal\/wp-content\/uploads\/2025\/11\/paulo_peres.jpg","type":"image\/jpeg"}],"author":"Artigos Opini\u00f3n","twitter_card":"summary_large_image","twitter_creator":"@APeneira","twitter_site":"@APeneira","twitter_misc":{"Escrito por":"Artigos Opini\u00f3n","Tempo de lectura":"6 minutos"},"schema":{"@context":"https:\/\/schema.org","@graph":[{"@type":"Article","@id":"https:\/\/www.anovapeneira.gal\/index.php\/2025\/11\/25\/as-guerras\/#article","isPartOf":{"@id":"https:\/\/www.anovapeneira.gal\/index.php\/2025\/11\/25\/as-guerras\/"},"author":{"name":"Artigos Opini\u00f3n","@id":"https:\/\/www.anovapeneira.gal\/#\/schema\/person\/f18a4feb302e8f20bcef4490b5b60bb3"},"headline":"As guerras","datePublished":"2025-11-25T11:00:29+00:00","mainEntityOfPage":{"@id":"https:\/\/www.anovapeneira.gal\/index.php\/2025\/11\/25\/as-guerras\/"},"wordCount":980,"commentCount":0,"publisher":{"@id":"https:\/\/www.anovapeneira.gal\/#organization"},"image":{"@id":"https:\/\/www.anovapeneira.gal\/index.php\/2025\/11\/25\/as-guerras\/#primaryimage"},"thumbnailUrl":"https:\/\/www.anovapeneira.gal\/wp-content\/uploads\/2025\/11\/paulo_peres.jpg","articleSection":["Artigos de opini\u00f3n"],"inLanguage":"gl-ES","potentialAction":[{"@type":"CommentAction","name":"Comment","target":["https:\/\/www.anovapeneira.gal\/index.php\/2025\/11\/25\/as-guerras\/#respond"]}]},{"@type":"WebPage","@id":"https:\/\/www.anovapeneira.gal\/index.php\/2025\/11\/25\/as-guerras\/","url":"https:\/\/www.anovapeneira.gal\/index.php\/2025\/11\/25\/as-guerras\/","name":"As guerras -","isPartOf":{"@id":"https:\/\/www.anovapeneira.gal\/#website"},"primaryImageOfPage":{"@id":"https:\/\/www.anovapeneira.gal\/index.php\/2025\/11\/25\/as-guerras\/#primaryimage"},"image":{"@id":"https:\/\/www.anovapeneira.gal\/index.php\/2025\/11\/25\/as-guerras\/#primaryimage"},"thumbnailUrl":"https:\/\/www.anovapeneira.gal\/wp-content\/uploads\/2025\/11\/paulo_peres.jpg","datePublished":"2025-11-25T11:00:29+00:00","breadcrumb":{"@id":"https:\/\/www.anovapeneira.gal\/index.php\/2025\/11\/25\/as-guerras\/#breadcrumb"},"inLanguage":"gl-ES","potentialAction":[{"@type":"ReadAction","target":["https:\/\/www.anovapeneira.gal\/index.php\/2025\/11\/25\/as-guerras\/"]}]},{"@type":"ImageObject","inLanguage":"gl-ES","@id":"https:\/\/www.anovapeneira.gal\/index.php\/2025\/11\/25\/as-guerras\/#primaryimage","url":"https:\/\/www.anovapeneira.gal\/wp-content\/uploads\/2025\/11\/paulo_peres.jpg","contentUrl":"https:\/\/www.anovapeneira.gal\/wp-content\/uploads\/2025\/11\/paulo_peres.jpg","width":720,"height":432},{"@type":"BreadcrumbList","@id":"https:\/\/www.anovapeneira.gal\/index.php\/2025\/11\/25\/as-guerras\/#breadcrumb","itemListElement":[{"@type":"ListItem","position":1,"name":"Portada","item":"https:\/\/www.anovapeneira.gal\/"},{"@type":"ListItem","position":2,"name":"As guerras"}]},{"@type":"WebSite","@id":"https:\/\/www.anovapeneira.gal\/#website","url":"https:\/\/www.anovapeneira.gal\/","name":"","description":"Xornal galego de informaci\u00f3n xeral Publicaci\u00f3n mensual de novas de Galicia e en especial dos Concellos da sur da provincia de Pontevedra.","publisher":{"@id":"https:\/\/www.anovapeneira.gal\/#organization"},"potentialAction":[{"@type":"SearchAction","target":{"@type":"EntryPoint","urlTemplate":"https:\/\/www.anovapeneira.gal\/?s={search_term_string}"},"query-input":{"@type":"PropertyValueSpecification","valueRequired":true,"valueName":"search_term_string"}}],"inLanguage":"gl-ES"},{"@type":"Organization","@id":"https:\/\/www.anovapeneira.gal\/#organization","name":"A Nova Peneira","url":"https:\/\/www.anovapeneira.gal\/","logo":{"@type":"ImageObject","inLanguage":"gl-ES","@id":"https:\/\/www.anovapeneira.gal\/#\/schema\/logo\/image\/","url":"http:\/\/www.anovapeneira.gal\/wp-content\/uploads\/2019\/06\/logo_a_nova_peneira_portal_web.png","contentUrl":"http:\/\/www.anovapeneira.gal\/wp-content\/uploads\/2019\/06\/logo_a_nova_peneira_portal_web.png","width":300,"height":100,"caption":"A Nova Peneira"},"image":{"@id":"https:\/\/www.anovapeneira.gal\/#\/schema\/logo\/image\/"},"sameAs":["https:\/\/www.facebook.com\/anovapeneira","https:\/\/x.com\/APeneira"]},{"@type":"Person","@id":"https:\/\/www.anovapeneira.gal\/#\/schema\/person\/f18a4feb302e8f20bcef4490b5b60bb3","name":"Artigos Opini\u00f3n","image":{"@type":"ImageObject","inLanguage":"gl-ES","@id":"https:\/\/secure.gravatar.com\/avatar\/072844300f4881150aee2da4278f7a65d16eefdf8262eb67085f1e702de2b959?s=96&d=mm&r=g","url":"https:\/\/secure.gravatar.com\/avatar\/072844300f4881150aee2da4278f7a65d16eefdf8262eb67085f1e702de2b959?s=96&d=mm&r=g","contentUrl":"https:\/\/secure.gravatar.com\/avatar\/072844300f4881150aee2da4278f7a65d16eefdf8262eb67085f1e702de2b959?s=96&d=mm&r=g","caption":"Artigos Opini\u00f3n"},"sameAs":["http:\/\/anovapeneira.gal"],"url":"https:\/\/www.anovapeneira.gal\/index.php\/author\/artigosopinion\/"}]}},"jetpack_featured_media_url":"https:\/\/www.anovapeneira.gal\/wp-content\/uploads\/2025\/11\/paulo_peres.jpg","_links":{"self":[{"href":"https:\/\/www.anovapeneira.gal\/index.php\/wp-json\/wp\/v2\/posts\/14977","targetHints":{"allow":["GET"]}}],"collection":[{"href":"https:\/\/www.anovapeneira.gal\/index.php\/wp-json\/wp\/v2\/posts"}],"about":[{"href":"https:\/\/www.anovapeneira.gal\/index.php\/wp-json\/wp\/v2\/types\/post"}],"author":[{"embeddable":true,"href":"https:\/\/www.anovapeneira.gal\/index.php\/wp-json\/wp\/v2\/users\/12"}],"replies":[{"embeddable":true,"href":"https:\/\/www.anovapeneira.gal\/index.php\/wp-json\/wp\/v2\/comments?post=14977"}],"version-history":[{"count":3,"href":"https:\/\/www.anovapeneira.gal\/index.php\/wp-json\/wp\/v2\/posts\/14977\/revisions"}],"predecessor-version":[{"id":14981,"href":"https:\/\/www.anovapeneira.gal\/index.php\/wp-json\/wp\/v2\/posts\/14977\/revisions\/14981"}],"wp:featuredmedia":[{"embeddable":true,"href":"https:\/\/www.anovapeneira.gal\/index.php\/wp-json\/wp\/v2\/media\/14979"}],"wp:attachment":[{"href":"https:\/\/www.anovapeneira.gal\/index.php\/wp-json\/wp\/v2\/media?parent=14977"}],"wp:term":[{"taxonomy":"category","embeddable":true,"href":"https:\/\/www.anovapeneira.gal\/index.php\/wp-json\/wp\/v2\/categories?post=14977"},{"taxonomy":"post_tag","embeddable":true,"href":"https:\/\/www.anovapeneira.gal\/index.php\/wp-json\/wp\/v2\/tags?post=14977"}],"curies":[{"name":"wp","href":"https:\/\/api.w.org\/{rel}","templated":true}]}}