{"id":14982,"date":"2025-11-21T11:52:26","date_gmt":"2025-11-21T10:52:26","guid":{"rendered":"https:\/\/www.anovapeneira.gal\/?p=14982"},"modified":"2025-11-21T11:52:27","modified_gmt":"2025-11-21T10:52:27","slug":"forcarei-e-a-dificil-realidade","status":"publish","type":"post","link":"https:\/\/www.anovapeneira.gal\/index.php\/2025\/11\/21\/forcarei-e-a-dificil-realidade\/","title":{"rendered":"Forcarei e a dif\u00edcil realidade"},"content":{"rendered":"\n<p>No municipio de Forcarei, un territorio marcado por aldeas dispersas, altitude media cercana aos 625 metros e unha densidade de poboaci\u00f3n de apenas uns 19 habitantes por quil\u00f3metro cadrado. Este contexto de despoboamento e ruralidade profunda resulta enormemente relevante para entender o recente cambio pol\u00edtico e as propostas que o novo goberno local pon enriba da mesa.<\/p>\n\n\n\n<p>Bel\u00e9n Cachafeiro Anta (Partido Popular de Galicia) accedeu a alcald\u00eda tras unha moci\u00f3n de censura que sacudiu o consistorio, acusando ao goberno anterior de abandono.<\/p>\n\n\n\n<p>Forcarei conforma un dos concellos que mellor exemplifican o reto da Galiza rural. Con s\u00f3 3.100 habitantes e terras escasamente habitadas, o concello enfronta os indicadores m\u00e1is duros do despoboamento: poucos nacementos, moitas defunci\u00f3ns, poboaci\u00f3n maioritariamente de idade avanzada. A industria ou o servizo p\u00fablico non te\u00f1en a escala que te\u00f1en nos eixos urbanos, e a contabilidade local revela atrasos \u2013por exemplo, non consta que se tiveran presentado certos datos de liquidaci\u00f3n orzamentaria para o 2024.<\/p>\n\n\n\n<p>As\u00ed mesmo, entre as prioridades que apunta Cachafeiro est\u00e1 o reforzo de servizos sociais como o servizo de axuda ao fogar, a renovaci\u00f3n dun consultorio en Soutelo de Montes ou a activaci\u00f3n de convenios para prevenci\u00f3n de incendios forestais. Espazos urxentes, todos eles, pero con traxectorias que deixan pegadas: listas de espera, ausencia de orzamento aprobado dende 2019 e unha moci\u00f3n de censura que, segundo diversos medios, supuxo a ca\u00edda do goberno en minor\u00eda \u2013o que engade m\u00e1is tensi\u00f3n pol\u00edtica.<\/p>\n\n\n\n<p>Durante a entrevista, a alcaldesa defendeu que non houbo pactos ocultos na moci\u00f3n de censura: \u201co \u00fanico que xustifica a moci\u00f3n \u2026 \u00e9 a situaci\u00f3n de abandono do noso concello\u201d.<\/p>\n\n\n\n<p>Renunciar ao salario da alcald\u00eda, segundo a rexedora, non \u00e9 un xesto simb\u00f3lico sen m\u00e1is, sen\u00f3n unha \u201cresponsabilidade pol\u00edtica\u201d nun momento excepcional, priorizando o pago a provedores en vez de remuneraci\u00f3ns elevadas.<\/p>\n\n\n\n<p>Nos servizos sociais, a alcaldesa compromete aprobar o novo orzamento esta semana para po\u00f1er fin aos atrasos nas facturas da empresa concesionaria do SAF e lanzar\u00e1 a licitaci\u00f3n do novo prego para aumentar horas de servizo. Tam\u00e9n anunciou que os recibos irregulares do copago ser\u00e1n devoltos.<\/p>\n\n\n\n<p>No \u00e1mbito de infraestruturas, no consultorio de Soutelo de Montes as humidades xa estanse corrixindo e os traballos continuar\u00e1n noutras partidas pendentes. En prevenci\u00f3n de incendios, cargou con dureza contra o goberno bipartito anterior por non asinar os convenios necesarios coas brigadas e a motobomba \u2014o devandito convenio est\u00e1 comprometido para 2026 e incl\u00fae a activaci\u00f3n de faixas de biomasa nas parroquias.<\/p>\n\n\n\n<p>Respecto do contencioso do IAE no Monte do Seixo, o concello comprom\u00e9tese a executar a sentenza e devolver aos concellos veci\u00f1os os ~140.000 \u20ac, conxelando intereses para \u201crapidez e acordos\u201d \u2014unha actitude aparentemente pragm\u00e1tica.<\/p>\n\n\n\n<p>Finalmente, no plano demogr\u00e1fico, reco\u00f1ece que \u201cvivir nas nosas aldeas sexa unha excelente opci\u00f3n\u201d, anunciando vivendas a prezo taxado, bolsas de alugueiro e bonificaci\u00f3ns fiscais por empadroamento, vinculadas \u00e1 conciliaci\u00f3n e aos servizos b\u00e1sicos.<\/p>\n\n\n\n<p>Cr\u00edtica e expectativas: onde est\u00e1n os riscos?<\/p>\n\n\n\n<p>Hai varias cuesti\u00f3ns que merecen ser examinadas con ollo cr\u00edtico:<\/p>\n\n\n\n<ol class=\"wp-block-list\">\n<li>Credibilidade vs. transparencia efectiva. A alcaldesa rexeita que existisen \u201cactas de negociaci\u00f3n\u201d no cambio de goberno. Sen embargo, o proceso de moci\u00f3n e o apoio clave dun exconcelleiro socialista semella non totalmente explicado nin documentado ao detalle. A transparencia efectiva depender\u00e1 de que se publiquen os convenios, contratos e actas que o novo goberno anuncia.<\/li>\n\n\n\n<li>Renuncia salarial e impacto real. O xesto \u00e9 valioso, pero non substit\u00fae unha estratexia orzamentaria ou un plan operativo. A clave ser\u00e1 que esa renuncia se traduza en mellora cuantificable no servizo, non s\u00f3 en narrativa simb\u00f3lica.<\/li>\n\n\n\n<li>Servizos sociais en xogo. A historia do SAF \u00e9 de falla de orzamento, listas de espera e recibos achegados aos usuarios. O compromiso de mellora e devoluci\u00f3n de cargos est\u00e1 feito, mais a comunidade vixiar\u00e1 que se concreticen horas, ratios e penalizaci\u00f3ns. Sen indicadores p\u00fablicos, todo pode quedar en declaraci\u00f3ns.<\/li>\n\n\n\n<li>Prevenci\u00f3n de incendios. En Forcarei, con monte amplo e risco certo, a ausencia de convenios con brigadas ou motobomba durante anos \u00e9 significativa. A promesa para 2026 \u00e9 destacable, mais se non se acompa\u00f1a de calendarios, financiamento detallado e actuaci\u00f3ns visibles nas parroquias, o discurso pode quedar en ambici\u00f3n sen cumprimento.<\/li>\n\n\n\n<li>Atracci\u00f3n de poboaci\u00f3n. Anunciar vivendas e bonificaci\u00f3ns \u00e9 moi positivo, pero a pregunta \u00e9: con que servizos se acompa\u00f1an? Teletraballo, transporte, sa\u00fade, educaci\u00f3n\u2026 nunha zona de baixa densidade e forte dispersi\u00f3n, o reto non \u00e9 s\u00f3 constru\u00edr vivendas sen\u00f3n garantir que vivir aqu\u00ed sexa viable, competitivo e atractivo.<\/li>\n<\/ol>\n\n\n\n<p>Os veci\u00f1os de Forcarei te\u00f1en motivos para manter vixiancia: aprobar un novo orzamento antes de fin de ano, lanzar o prego do SAF, avanzar nas infraestruturas en Soutelo e activar o convenio de incendios. Estes ser\u00e1n os indicadores.<br>Se se cumpren estes pasos e se ofrecen datos abertos de contratos, adxudicaci\u00f3ns e execuci\u00f3n de obras \u2014tal e como anuncia o goberno\u2014 teremos un novo ciclo de xesti\u00f3n que pode mellorar unha xeograf\u00eda arredada e vivida desde a precariedade rural. Se, pola contra, quedan en promesas sen cronograma ou medici\u00f3n p\u00fablica, Forcarei pode continuar na inercia dun rural que perde poboaci\u00f3n e oportunidades.<\/p>\n\n\n\n<p>Nun concello de apenas 168 km\u00b2 e pouco m\u00e1is de 3.000 habitantes \u2014cunha alt\u00edsima dispersi\u00f3n e unha alt\u00edsima proporci\u00f3n de persoas maiores\u2014 gobernar aqu\u00ed non \u00e9 xestionar un distrito urbano f\u00e1cil: \u00e9 enfrontarse ao desgaste estrutural da Galiza interior. O novo goberno di escoitar esa diagnose; faltar\u00e1 ver se act\u00faa con vontade, recursos e transparencia.<\/p>\n\n\n\n<p>En definitiva, Forcarei abre un novo tempo pol\u00edtico, cargado de expectativas. O reto ser\u00e1 que as actuaci\u00f3ns se diferencien dos discursos e se transformen en vida concreta nas aldeas. Os veci\u00f1os e a veci\u00f1as\u2014 estiman que non hai marxe para dilaci\u00f3ns: a realidade rural apremia.<\/p>\n\n\n\n<h3 class=\"wp-block-heading\">Bel\u00e9n Cachafeiro, alcaldesa de Forcarei.<\/h3>\n\n\n\n<h2 class=\"wp-block-heading\">\u201cO \u00fanico que xustifica a moci\u00f3n de censura \u00e9 a situaci\u00f3n de abandono que viv\u00eda o noso Concello. Non houbo negociaci\u00f3ns, nin pactos nin acordos.\u201d<\/h2>\n\n\n\n<p><strong>Moci\u00f3n de censura. O PSOE falou de \u201ccompravenda de vontades\u201d no seu acceso \u00e1 alcald\u00eda . Que ten vostede que respostar a iso?<\/strong><\/p>\n\n\n\n<blockquote class=\"wp-block-quote is-layout-flow wp-block-quote-is-layout-flow\">\n<p>Que a nosa \u00fanica vontade e os obxectivos deste goberno \u00e9 o compromiso cos veci\u00f1os e veci\u00f1as<\/p>\n<\/blockquote>\n\n\n\n<blockquote class=\"wp-block-quote is-layout-flow wp-block-quote-is-layout-flow\">\n<p>Vai publicar as actas das negociaci\u00f3ns para desmentir esa afirmaci\u00f3n?<br>Vostede fala de actas e non existen actas de negociaci\u00f3n ningunha, porque non houbo pactos, nin acordos, o \u00fanico que xustifica a moci\u00f3n de censura ao goberno anterior \u00e9 a situaci\u00f3n de abandono do noso concello.<\/p>\n<\/blockquote>\n\n\n\n<p><strong>Vostede renunciou ao salario como alcaldesa. No cre que a mensaxe que se est\u00e1 a lanzar \u00e9 a de que a pol\u00edtica non \u00e9 para todos os petos?<\/strong><\/p>\n\n\n\n<blockquote class=\"wp-block-quote is-layout-flow wp-block-quote-is-layout-flow\">\n<p>Sempre votei a favor dos soldos propostos, inclu\u00edndo o soldo da exalcadesa Ver\u00f3nica Pichel porque creo firmemente na importancia do traballo que se realiza en pol\u00edtica.<br>Sen embargo neste momento, a situaci\u00f3n na que nos enfrontamos fai tan s\u00f3 3 meses esixe de prioridades, e nesas prioridades est\u00e1n pagar as facturas de todos os provedores que levan moitos meses, incluso anos pendentes de pago. A mi\u00f1a decisi\u00f3n de renunciar ao salario \u00e9 un acto de responsablidade pol\u00edtica, coller un concello na situaci\u00f3n na que se atopaba necesitaba de xenerosidade. \u00c9 fundamental que todos traballemos xuntos para superar os retos que temos por diante que non son poucos.<\/p>\n<\/blockquote>\n\n\n\n<p><strong>O Servizo de axuda ao fogar arrastra tensi\u00f3ns e cr\u00edticas. Cando veremos un novo prego que mellore ratios, tempos e salarios, e reduza as listas? Fixar\u00e1n cl\u00e1usulas de penalizaci\u00f3n por incumprimentos da concesionaria e publicaci\u00f3n de tempos de espera en tempo real?<\/strong><\/p>\n\n\n\n<blockquote class=\"wp-block-quote is-layout-flow wp-block-quote-is-layout-flow\">\n<p>Como xa dixen neste concello estivemos 6 anos de goberno bipartito sen xesti\u00f3n algunha o que ocasionou graves problemas aos usuarios e a empresa que presta o servizo, polos atrasos nos pagos.<br>Cunha ampla lista de espera no servizo, por non aprobar en 6 anos nin un s\u00f3 orzamento co que estiveron traballando sen aumentar unha soa hora a maiores dende o ano 2019.<br>Cun atraso no cobro aos usuarios do copago, e cun aumento totalmente irregular nos \u00faltimos recibos nos que pasaron o cobro aos usuarios de libre concorrencia. Por certo, aproveito para anunciar que nestas semanas procederemos a s\u00faa devoluci\u00f3n.<br>Por outra banda, para sacar a licitaci\u00f3n un novo prego, era imprescindible aprobar antes un orzamento e dotalo de financiamento suficiente, que quedar\u00e1 aprobado definitivamente esta semana, co que procederemos de inmediato primeiro a pagar as facturas pendentes \u00e1 empresa dos meses correspondentes a xullo, agosto, setembro e outubro. Despois, unha vez estea regularizado o pago continuaremos coa licitaci\u00f3n para poder aumentar horas de servizos e reducir as listas de agarda.<\/p>\n<\/blockquote>\n\n\n\n<p><strong>Falemos das obras urxentes en Soutelo. Falouse de humidades e desperfectos no centro de sa\u00fade de Soutelo e dun compromiso de arranxo. En que fase est\u00e1n os traballos, con que contrato e prazos?<\/strong><\/p>\n\n\n\n<blockquote class=\"wp-block-quote is-layout-flow wp-block-quote-is-layout-flow\">\n<p>Dende hai varios anos exist\u00eda un problema de humidades no consultorio de Soutelo de montes. Despois de estar tan s\u00f3 3 meses gobernando e unha vez que nos reunimos e trasladamos o problema \u00e1 xerencia, as obras xa est\u00e1n execut\u00e1ndose e o principal problema xa est\u00e1 resolto. Agora seguimos traballando noutras nese consultorio que mellorar\u00e1n os espazos dese consultorio.<\/p>\n<\/blockquote>\n\n\n\n<p><strong>Imos falar agora dos incendios deste ano 2025. Este ver\u00e1n non houbo brigada municipal e houbo focos activos en Forcarei. Quen asume responsabilidades por esa falla de medios? Cal foi o custo en horas extras e medios doutros servizos por esa carencia?<\/strong><\/p>\n\n\n\n<blockquote class=\"wp-block-quote is-layout-flow wp-block-quote-is-layout-flow\">\n<p>O goberno sa\u00ednte do PSOE, goberno bipartito, non asinou no prazo o convenio coa Xunta de Galicia para termos as brigadas e a motobomba, e tampouco o fixera o ver\u00e1n anterior ao ano 2024, polo que como xa dixen era un goberno que non xestionaba nin lle deb\u00eda preocupar a xesti\u00f3n dos incendios.<\/p>\n<\/blockquote>\n\n\n\n<p><strong>De cara a este pr\u00f3ximo ver\u00e1n, cal \u00e9 o seu plan para o 2026? Respecto ao que son brigadas propias, convenios coa Xunta, e limpezas preventivas por parroquias con obxectivos auditables (quilometros de pistas rozadas ou fincas xestionadas)?<\/strong><\/p>\n\n\n\n<blockquote class=\"wp-block-quote is-layout-flow wp-block-quote-is-layout-flow\">\n<p>Para o ano 2026, asinaremos o convenio para p\u00f3r en funcionamento as brigadas e o motobomba asi como tam\u00e9n imos activar o convenio de colaboraci\u00f3n subscrito entre a Xunta de Galicia , a FEGAMP e SEAGA en materia de prevenci\u00f3n e defensa contra incendios forestais para a xesti\u00f3n da biomasa nas faixas secundarias. Te\u00f1o que sinalar que exist\u00eda un convenio asinado polo, no seu momento, goberno do partido popular, concretamente no ano 2019, pero ese convenio estivo totalmente paralizado polo goberno bipartito durante estes anos.<\/p>\n<\/blockquote>\n\n\n\n<p><strong>Penso que xa imaxinaba vostede, que ter\u00edamos que falar do IAE do Monte do Seixo. Cerdedo-Cotobade e A Lama reclamabanlle 140.000 \u20ac ao concello e houbo contencioso. Vai negociar un acordo?<\/strong><\/p>\n\n\n\n<blockquote class=\"wp-block-quote is-layout-flow wp-block-quote-is-layout-flow\">\n<p>O concello de Forcarei, como non pode ser doutra maneira vai executar a sentenza. Sentenza comunicada o d\u00eda 20 de agosto de 2025.<br>Xa se iniciaron os tr\u00e1mites do expediente administrativo correspondente para devolver o que correspond\u00eda aos concellos de A lama e Cerdedo &#8211; Cotobade. O principal foi defender os nosos intereses e as\u00ed o fixemos chegando a un acordo posteriormente a sentenza que considero favorable para o noso concello, e que consiste en conxelar os intereses dende a sentencia ata o momento de pago previsto para o mes de decembro deste mesmo ano<\/p>\n<\/blockquote>\n\n\n\n<p><strong>A Participaci\u00f3n das e\u00f3licas no pa\u00eds \u00e9 cada vez m\u00e1is significativa. Comprometerase a consultas parroquiais antes de apoiar calquera novo proxecto que afecte montes veci\u00f1ais, pistas ou paisaxe do Cand\u00e1n-Seixo?<\/strong><\/p>\n\n\n\n<blockquote class=\"wp-block-quote is-layout-flow wp-block-quote-is-layout-flow\">\n<p>Por suposto que haber\u00e1 total transparencia coa veci\u00f1anza ante calquera novo proxecto.<\/p>\n<\/blockquote>\n\n\n\n<p><strong>A demograf\u00eda en Forcarei vai en ca\u00edda. Con 3.144 habitantes e s\u00f3 3 nacementos fronte a 61 defunci\u00f3ns en 2024, que plan ten para captar familias: vivenda a prezo taxado, bolsas de alugueiro, bonificaci\u00f3ns fiscais por empadroamento, e servizos de conciliaci\u00f3n?<\/strong><\/p>\n\n\n\n<blockquote class=\"wp-block-quote is-layout-flow wp-block-quote-is-layout-flow\">\n<p>O plan para o noso concello incluir\u00e1 un proxecto de futuro para crear vivendas, e por suposto ir\u00e1 aparellado a servizos de conciliaci\u00f3n que permitan que vivir nas nosas aldeas sexa unha excelente opci\u00f3n.<\/p>\n<\/blockquote>\n\n\n\n<p><strong>Para rematar hai que falar de transparencia. Publicar\u00e1 en dato aberto: contratos menores, tempos de tramitaci\u00f3n, adxudicaci\u00f3ns, execuci\u00f3n de obra, e axendas (alcald\u00eda\/concellar\u00edas), inclu\u00edndo reuni\u00f3ns con empresas e consultoras?<\/strong><\/p>\n\n\n\n<blockquote class=\"wp-block-quote is-layout-flow wp-block-quote-is-layout-flow\">\n<p>Desde o d\u00eda 1 de agosto (primeiro dia gobernando), xa amosamos cal era e \u00e9 o noso compromiso coa transparencia, po\u00f1endo en funcionamento os equipos para a gravaci\u00f3n de plenos que a deputaci\u00f3n instalou no concello e que o anterior goberno, decidiu instalalos no sal\u00f3n de actos para non emitir o que suced\u00eda nos plenos e os acordos que al\u00ed se chegaban.<br>Seguiremos avanzando coa transparencia coa veci\u00f1anza para que sexan co\u00f1ecedores do funcionamento do noso concello as\u00ed como dos acordos que se tomen.<\/p>\n<\/blockquote>\n","protected":false},"excerpt":{"rendered":"<div class=\"mh-excerpt\"><p>No municipio de Forcarei, un territorio marcado por aldeas dispersas, altitude media cercana aos 625 metros <a class=\"mh-excerpt-more\" href=\"https:\/\/www.anovapeneira.gal\/index.php\/2025\/11\/21\/forcarei-e-a-dificil-realidade\/\" title=\"Forcarei e a dif\u00edcil realidade\">[&#8230;]<\/a><\/p>\n<\/div>","protected":false},"author":23,"featured_media":14983,"comment_status":"open","ping_status":"open","sticky":false,"template":"","format":"standard","meta":{"_exactmetrics_skip_tracking":false,"_exactmetrics_sitenote_active":false,"_exactmetrics_sitenote_note":"","_exactmetrics_sitenote_category":0,"footnotes":""},"categories":[494],"tags":[1188],"class_list":{"0":"post-14982","1":"post","2":"type-post","3":"status-publish","4":"format-standard","5":"has-post-thumbnail","7":"category-pontevedra-reportaxes","8":"tag-concello-de-forcarei"},"yoast_head":"<!-- This site is optimized with the Yoast SEO plugin v27.4 - https:\/\/yoast.com\/product\/yoast-seo-wordpress\/ -->\n<title>Forcarei e a dif\u00edcil realidade -<\/title>\n<meta name=\"robots\" content=\"index, follow, max-snippet:-1, max-image-preview:large, max-video-preview:-1\" \/>\n<link rel=\"canonical\" href=\"https:\/\/www.anovapeneira.gal\/index.php\/2025\/11\/21\/forcarei-e-a-dificil-realidade\/\" \/>\n<meta property=\"og:locale\" content=\"gl_ES\" \/>\n<meta property=\"og:type\" content=\"article\" \/>\n<meta property=\"og:title\" content=\"Forcarei e a dif\u00edcil realidade -\" \/>\n<meta property=\"og:description\" content=\"No municipio de Forcarei, un territorio marcado por aldeas dispersas, altitude media cercana aos 625 metros [...]\" \/>\n<meta property=\"og:url\" content=\"https:\/\/www.anovapeneira.gal\/index.php\/2025\/11\/21\/forcarei-e-a-dificil-realidade\/\" \/>\n<meta property=\"article:publisher\" content=\"https:\/\/www.facebook.com\/anovapeneira\" \/>\n<meta property=\"article:published_time\" content=\"2025-11-21T10:52:26+00:00\" \/>\n<meta property=\"article:modified_time\" content=\"2025-11-21T10:52:27+00:00\" \/>\n<meta property=\"og:image\" content=\"https:\/\/www.anovapeneira.gal\/wp-content\/uploads\/2025\/11\/Belen_Cachafeirojpg.jpg\" \/>\n\t<meta property=\"og:image:width\" content=\"720\" \/>\n\t<meta property=\"og:image:height\" content=\"432\" \/>\n\t<meta property=\"og:image:type\" content=\"image\/jpeg\" \/>\n<meta name=\"author\" content=\"Aar\u00f3n Franco\" \/>\n<meta name=\"twitter:card\" content=\"summary_large_image\" \/>\n<meta name=\"twitter:creator\" content=\"@APeneira\" \/>\n<meta name=\"twitter:site\" content=\"@APeneira\" \/>\n<meta name=\"twitter:label1\" content=\"Escrito por\" \/>\n\t<meta name=\"twitter:data1\" content=\"Aar\u00f3n Franco\" \/>\n\t<meta name=\"twitter:label2\" content=\"Tempo de lectura\" \/>\n\t<meta name=\"twitter:data2\" content=\"8 minutos\" \/>\n<script type=\"application\/ld+json\" class=\"yoast-schema-graph\">{\"@context\":\"https:\\\/\\\/schema.org\",\"@graph\":[{\"@type\":\"Article\",\"@id\":\"https:\\\/\\\/www.anovapeneira.gal\\\/index.php\\\/2025\\\/11\\\/21\\\/forcarei-e-a-dificil-realidade\\\/#article\",\"isPartOf\":{\"@id\":\"https:\\\/\\\/www.anovapeneira.gal\\\/index.php\\\/2025\\\/11\\\/21\\\/forcarei-e-a-dificil-realidade\\\/\"},\"author\":{\"name\":\"Aar\u00f3n Franco\",\"@id\":\"https:\\\/\\\/www.anovapeneira.gal\\\/#\\\/schema\\\/person\\\/a907e49c1885c12d6f281770afd68766\"},\"headline\":\"Forcarei e a dif\u00edcil realidade\",\"datePublished\":\"2025-11-21T10:52:26+00:00\",\"dateModified\":\"2025-11-21T10:52:27+00:00\",\"mainEntityOfPage\":{\"@id\":\"https:\\\/\\\/www.anovapeneira.gal\\\/index.php\\\/2025\\\/11\\\/21\\\/forcarei-e-a-dificil-realidade\\\/\"},\"wordCount\":2200,\"commentCount\":0,\"publisher\":{\"@id\":\"https:\\\/\\\/www.anovapeneira.gal\\\/#organization\"},\"image\":{\"@id\":\"https:\\\/\\\/www.anovapeneira.gal\\\/index.php\\\/2025\\\/11\\\/21\\\/forcarei-e-a-dificil-realidade\\\/#primaryimage\"},\"thumbnailUrl\":\"https:\\\/\\\/www.anovapeneira.gal\\\/wp-content\\\/uploads\\\/2025\\\/11\\\/Belen_Cachafeirojpg.jpg\",\"keywords\":[\"Concello de Forcarei\"],\"articleSection\":[\"Pontevedra\"],\"inLanguage\":\"gl-ES\",\"potentialAction\":[{\"@type\":\"CommentAction\",\"name\":\"Comment\",\"target\":[\"https:\\\/\\\/www.anovapeneira.gal\\\/index.php\\\/2025\\\/11\\\/21\\\/forcarei-e-a-dificil-realidade\\\/#respond\"]}]},{\"@type\":\"WebPage\",\"@id\":\"https:\\\/\\\/www.anovapeneira.gal\\\/index.php\\\/2025\\\/11\\\/21\\\/forcarei-e-a-dificil-realidade\\\/\",\"url\":\"https:\\\/\\\/www.anovapeneira.gal\\\/index.php\\\/2025\\\/11\\\/21\\\/forcarei-e-a-dificil-realidade\\\/\",\"name\":\"Forcarei e a dif\u00edcil realidade -\",\"isPartOf\":{\"@id\":\"https:\\\/\\\/www.anovapeneira.gal\\\/#website\"},\"primaryImageOfPage\":{\"@id\":\"https:\\\/\\\/www.anovapeneira.gal\\\/index.php\\\/2025\\\/11\\\/21\\\/forcarei-e-a-dificil-realidade\\\/#primaryimage\"},\"image\":{\"@id\":\"https:\\\/\\\/www.anovapeneira.gal\\\/index.php\\\/2025\\\/11\\\/21\\\/forcarei-e-a-dificil-realidade\\\/#primaryimage\"},\"thumbnailUrl\":\"https:\\\/\\\/www.anovapeneira.gal\\\/wp-content\\\/uploads\\\/2025\\\/11\\\/Belen_Cachafeirojpg.jpg\",\"datePublished\":\"2025-11-21T10:52:26+00:00\",\"dateModified\":\"2025-11-21T10:52:27+00:00\",\"breadcrumb\":{\"@id\":\"https:\\\/\\\/www.anovapeneira.gal\\\/index.php\\\/2025\\\/11\\\/21\\\/forcarei-e-a-dificil-realidade\\\/#breadcrumb\"},\"inLanguage\":\"gl-ES\",\"potentialAction\":[{\"@type\":\"ReadAction\",\"target\":[\"https:\\\/\\\/www.anovapeneira.gal\\\/index.php\\\/2025\\\/11\\\/21\\\/forcarei-e-a-dificil-realidade\\\/\"]}]},{\"@type\":\"ImageObject\",\"inLanguage\":\"gl-ES\",\"@id\":\"https:\\\/\\\/www.anovapeneira.gal\\\/index.php\\\/2025\\\/11\\\/21\\\/forcarei-e-a-dificil-realidade\\\/#primaryimage\",\"url\":\"https:\\\/\\\/www.anovapeneira.gal\\\/wp-content\\\/uploads\\\/2025\\\/11\\\/Belen_Cachafeirojpg.jpg\",\"contentUrl\":\"https:\\\/\\\/www.anovapeneira.gal\\\/wp-content\\\/uploads\\\/2025\\\/11\\\/Belen_Cachafeirojpg.jpg\",\"width\":720,\"height\":432},{\"@type\":\"BreadcrumbList\",\"@id\":\"https:\\\/\\\/www.anovapeneira.gal\\\/index.php\\\/2025\\\/11\\\/21\\\/forcarei-e-a-dificil-realidade\\\/#breadcrumb\",\"itemListElement\":[{\"@type\":\"ListItem\",\"position\":1,\"name\":\"Portada\",\"item\":\"https:\\\/\\\/www.anovapeneira.gal\\\/\"},{\"@type\":\"ListItem\",\"position\":2,\"name\":\"Forcarei e a dif\u00edcil realidade\"}]},{\"@type\":\"WebSite\",\"@id\":\"https:\\\/\\\/www.anovapeneira.gal\\\/#website\",\"url\":\"https:\\\/\\\/www.anovapeneira.gal\\\/\",\"name\":\"\",\"description\":\"Xornal galego de informaci\u00f3n xeral Publicaci\u00f3n mensual de novas de Galicia e en especial dos Concellos da sur da provincia de Pontevedra.\",\"publisher\":{\"@id\":\"https:\\\/\\\/www.anovapeneira.gal\\\/#organization\"},\"potentialAction\":[{\"@type\":\"SearchAction\",\"target\":{\"@type\":\"EntryPoint\",\"urlTemplate\":\"https:\\\/\\\/www.anovapeneira.gal\\\/?s={search_term_string}\"},\"query-input\":{\"@type\":\"PropertyValueSpecification\",\"valueRequired\":true,\"valueName\":\"search_term_string\"}}],\"inLanguage\":\"gl-ES\"},{\"@type\":\"Organization\",\"@id\":\"https:\\\/\\\/www.anovapeneira.gal\\\/#organization\",\"name\":\"A Nova Peneira\",\"url\":\"https:\\\/\\\/www.anovapeneira.gal\\\/\",\"logo\":{\"@type\":\"ImageObject\",\"inLanguage\":\"gl-ES\",\"@id\":\"https:\\\/\\\/www.anovapeneira.gal\\\/#\\\/schema\\\/logo\\\/image\\\/\",\"url\":\"http:\\\/\\\/www.anovapeneira.gal\\\/wp-content\\\/uploads\\\/2019\\\/06\\\/logo_a_nova_peneira_portal_web.png\",\"contentUrl\":\"http:\\\/\\\/www.anovapeneira.gal\\\/wp-content\\\/uploads\\\/2019\\\/06\\\/logo_a_nova_peneira_portal_web.png\",\"width\":300,\"height\":100,\"caption\":\"A Nova Peneira\"},\"image\":{\"@id\":\"https:\\\/\\\/www.anovapeneira.gal\\\/#\\\/schema\\\/logo\\\/image\\\/\"},\"sameAs\":[\"https:\\\/\\\/www.facebook.com\\\/anovapeneira\",\"https:\\\/\\\/x.com\\\/APeneira\"]},{\"@type\":\"Person\",\"@id\":\"https:\\\/\\\/www.anovapeneira.gal\\\/#\\\/schema\\\/person\\\/a907e49c1885c12d6f281770afd68766\",\"name\":\"Aar\u00f3n Franco\",\"image\":{\"@type\":\"ImageObject\",\"inLanguage\":\"gl-ES\",\"@id\":\"https:\\\/\\\/secure.gravatar.com\\\/avatar\\\/82f0614fe09ae3f066983f8d670d0ff15a0917fefe52b93ffa425275b87d6102?s=96&d=mm&r=g\",\"url\":\"https:\\\/\\\/secure.gravatar.com\\\/avatar\\\/82f0614fe09ae3f066983f8d670d0ff15a0917fefe52b93ffa425275b87d6102?s=96&d=mm&r=g\",\"contentUrl\":\"https:\\\/\\\/secure.gravatar.com\\\/avatar\\\/82f0614fe09ae3f066983f8d670d0ff15a0917fefe52b93ffa425275b87d6102?s=96&d=mm&r=g\",\"caption\":\"Aar\u00f3n Franco\"},\"sameAs\":[\"http:\\\/\\\/www.anovapeneira.gal\\\/\"],\"url\":\"https:\\\/\\\/www.anovapeneira.gal\\\/index.php\\\/author\\\/aaron-franco\\\/\"}]}<\/script>\n<!-- \/ Yoast SEO plugin. -->","yoast_head_json":{"title":"Forcarei e a dif\u00edcil realidade -","robots":{"index":"index","follow":"follow","max-snippet":"max-snippet:-1","max-image-preview":"max-image-preview:large","max-video-preview":"max-video-preview:-1"},"canonical":"https:\/\/www.anovapeneira.gal\/index.php\/2025\/11\/21\/forcarei-e-a-dificil-realidade\/","og_locale":"gl_ES","og_type":"article","og_title":"Forcarei e a dif\u00edcil realidade -","og_description":"No municipio de Forcarei, un territorio marcado por aldeas dispersas, altitude media cercana aos 625 metros [...]","og_url":"https:\/\/www.anovapeneira.gal\/index.php\/2025\/11\/21\/forcarei-e-a-dificil-realidade\/","article_publisher":"https:\/\/www.facebook.com\/anovapeneira","article_published_time":"2025-11-21T10:52:26+00:00","article_modified_time":"2025-11-21T10:52:27+00:00","og_image":[{"width":720,"height":432,"url":"https:\/\/www.anovapeneira.gal\/wp-content\/uploads\/2025\/11\/Belen_Cachafeirojpg.jpg","type":"image\/jpeg"}],"author":"Aar\u00f3n Franco","twitter_card":"summary_large_image","twitter_creator":"@APeneira","twitter_site":"@APeneira","twitter_misc":{"Escrito por":"Aar\u00f3n Franco","Tempo de lectura":"8 minutos"},"schema":{"@context":"https:\/\/schema.org","@graph":[{"@type":"Article","@id":"https:\/\/www.anovapeneira.gal\/index.php\/2025\/11\/21\/forcarei-e-a-dificil-realidade\/#article","isPartOf":{"@id":"https:\/\/www.anovapeneira.gal\/index.php\/2025\/11\/21\/forcarei-e-a-dificil-realidade\/"},"author":{"name":"Aar\u00f3n Franco","@id":"https:\/\/www.anovapeneira.gal\/#\/schema\/person\/a907e49c1885c12d6f281770afd68766"},"headline":"Forcarei e a dif\u00edcil realidade","datePublished":"2025-11-21T10:52:26+00:00","dateModified":"2025-11-21T10:52:27+00:00","mainEntityOfPage":{"@id":"https:\/\/www.anovapeneira.gal\/index.php\/2025\/11\/21\/forcarei-e-a-dificil-realidade\/"},"wordCount":2200,"commentCount":0,"publisher":{"@id":"https:\/\/www.anovapeneira.gal\/#organization"},"image":{"@id":"https:\/\/www.anovapeneira.gal\/index.php\/2025\/11\/21\/forcarei-e-a-dificil-realidade\/#primaryimage"},"thumbnailUrl":"https:\/\/www.anovapeneira.gal\/wp-content\/uploads\/2025\/11\/Belen_Cachafeirojpg.jpg","keywords":["Concello de Forcarei"],"articleSection":["Pontevedra"],"inLanguage":"gl-ES","potentialAction":[{"@type":"CommentAction","name":"Comment","target":["https:\/\/www.anovapeneira.gal\/index.php\/2025\/11\/21\/forcarei-e-a-dificil-realidade\/#respond"]}]},{"@type":"WebPage","@id":"https:\/\/www.anovapeneira.gal\/index.php\/2025\/11\/21\/forcarei-e-a-dificil-realidade\/","url":"https:\/\/www.anovapeneira.gal\/index.php\/2025\/11\/21\/forcarei-e-a-dificil-realidade\/","name":"Forcarei e a dif\u00edcil realidade -","isPartOf":{"@id":"https:\/\/www.anovapeneira.gal\/#website"},"primaryImageOfPage":{"@id":"https:\/\/www.anovapeneira.gal\/index.php\/2025\/11\/21\/forcarei-e-a-dificil-realidade\/#primaryimage"},"image":{"@id":"https:\/\/www.anovapeneira.gal\/index.php\/2025\/11\/21\/forcarei-e-a-dificil-realidade\/#primaryimage"},"thumbnailUrl":"https:\/\/www.anovapeneira.gal\/wp-content\/uploads\/2025\/11\/Belen_Cachafeirojpg.jpg","datePublished":"2025-11-21T10:52:26+00:00","dateModified":"2025-11-21T10:52:27+00:00","breadcrumb":{"@id":"https:\/\/www.anovapeneira.gal\/index.php\/2025\/11\/21\/forcarei-e-a-dificil-realidade\/#breadcrumb"},"inLanguage":"gl-ES","potentialAction":[{"@type":"ReadAction","target":["https:\/\/www.anovapeneira.gal\/index.php\/2025\/11\/21\/forcarei-e-a-dificil-realidade\/"]}]},{"@type":"ImageObject","inLanguage":"gl-ES","@id":"https:\/\/www.anovapeneira.gal\/index.php\/2025\/11\/21\/forcarei-e-a-dificil-realidade\/#primaryimage","url":"https:\/\/www.anovapeneira.gal\/wp-content\/uploads\/2025\/11\/Belen_Cachafeirojpg.jpg","contentUrl":"https:\/\/www.anovapeneira.gal\/wp-content\/uploads\/2025\/11\/Belen_Cachafeirojpg.jpg","width":720,"height":432},{"@type":"BreadcrumbList","@id":"https:\/\/www.anovapeneira.gal\/index.php\/2025\/11\/21\/forcarei-e-a-dificil-realidade\/#breadcrumb","itemListElement":[{"@type":"ListItem","position":1,"name":"Portada","item":"https:\/\/www.anovapeneira.gal\/"},{"@type":"ListItem","position":2,"name":"Forcarei e a dif\u00edcil realidade"}]},{"@type":"WebSite","@id":"https:\/\/www.anovapeneira.gal\/#website","url":"https:\/\/www.anovapeneira.gal\/","name":"","description":"Xornal galego de informaci\u00f3n xeral Publicaci\u00f3n mensual de novas de Galicia e en especial dos Concellos da sur da provincia de Pontevedra.","publisher":{"@id":"https:\/\/www.anovapeneira.gal\/#organization"},"potentialAction":[{"@type":"SearchAction","target":{"@type":"EntryPoint","urlTemplate":"https:\/\/www.anovapeneira.gal\/?s={search_term_string}"},"query-input":{"@type":"PropertyValueSpecification","valueRequired":true,"valueName":"search_term_string"}}],"inLanguage":"gl-ES"},{"@type":"Organization","@id":"https:\/\/www.anovapeneira.gal\/#organization","name":"A Nova Peneira","url":"https:\/\/www.anovapeneira.gal\/","logo":{"@type":"ImageObject","inLanguage":"gl-ES","@id":"https:\/\/www.anovapeneira.gal\/#\/schema\/logo\/image\/","url":"http:\/\/www.anovapeneira.gal\/wp-content\/uploads\/2019\/06\/logo_a_nova_peneira_portal_web.png","contentUrl":"http:\/\/www.anovapeneira.gal\/wp-content\/uploads\/2019\/06\/logo_a_nova_peneira_portal_web.png","width":300,"height":100,"caption":"A Nova Peneira"},"image":{"@id":"https:\/\/www.anovapeneira.gal\/#\/schema\/logo\/image\/"},"sameAs":["https:\/\/www.facebook.com\/anovapeneira","https:\/\/x.com\/APeneira"]},{"@type":"Person","@id":"https:\/\/www.anovapeneira.gal\/#\/schema\/person\/a907e49c1885c12d6f281770afd68766","name":"Aar\u00f3n Franco","image":{"@type":"ImageObject","inLanguage":"gl-ES","@id":"https:\/\/secure.gravatar.com\/avatar\/82f0614fe09ae3f066983f8d670d0ff15a0917fefe52b93ffa425275b87d6102?s=96&d=mm&r=g","url":"https:\/\/secure.gravatar.com\/avatar\/82f0614fe09ae3f066983f8d670d0ff15a0917fefe52b93ffa425275b87d6102?s=96&d=mm&r=g","contentUrl":"https:\/\/secure.gravatar.com\/avatar\/82f0614fe09ae3f066983f8d670d0ff15a0917fefe52b93ffa425275b87d6102?s=96&d=mm&r=g","caption":"Aar\u00f3n Franco"},"sameAs":["http:\/\/www.anovapeneira.gal\/"],"url":"https:\/\/www.anovapeneira.gal\/index.php\/author\/aaron-franco\/"}]}},"jetpack_featured_media_url":"https:\/\/www.anovapeneira.gal\/wp-content\/uploads\/2025\/11\/Belen_Cachafeirojpg.jpg","_links":{"self":[{"href":"https:\/\/www.anovapeneira.gal\/index.php\/wp-json\/wp\/v2\/posts\/14982","targetHints":{"allow":["GET"]}}],"collection":[{"href":"https:\/\/www.anovapeneira.gal\/index.php\/wp-json\/wp\/v2\/posts"}],"about":[{"href":"https:\/\/www.anovapeneira.gal\/index.php\/wp-json\/wp\/v2\/types\/post"}],"author":[{"embeddable":true,"href":"https:\/\/www.anovapeneira.gal\/index.php\/wp-json\/wp\/v2\/users\/23"}],"replies":[{"embeddable":true,"href":"https:\/\/www.anovapeneira.gal\/index.php\/wp-json\/wp\/v2\/comments?post=14982"}],"version-history":[{"count":1,"href":"https:\/\/www.anovapeneira.gal\/index.php\/wp-json\/wp\/v2\/posts\/14982\/revisions"}],"predecessor-version":[{"id":14984,"href":"https:\/\/www.anovapeneira.gal\/index.php\/wp-json\/wp\/v2\/posts\/14982\/revisions\/14984"}],"wp:featuredmedia":[{"embeddable":true,"href":"https:\/\/www.anovapeneira.gal\/index.php\/wp-json\/wp\/v2\/media\/14983"}],"wp:attachment":[{"href":"https:\/\/www.anovapeneira.gal\/index.php\/wp-json\/wp\/v2\/media?parent=14982"}],"wp:term":[{"taxonomy":"category","embeddable":true,"href":"https:\/\/www.anovapeneira.gal\/index.php\/wp-json\/wp\/v2\/categories?post=14982"},{"taxonomy":"post_tag","embeddable":true,"href":"https:\/\/www.anovapeneira.gal\/index.php\/wp-json\/wp\/v2\/tags?post=14982"}],"curies":[{"name":"wp","href":"https:\/\/api.w.org\/{rel}","templated":true}]}}