{"id":14985,"date":"2025-11-26T10:00:05","date_gmt":"2025-11-26T09:00:05","guid":{"rendered":"https:\/\/www.anovapeneira.gal\/?p=14985"},"modified":"2025-11-25T11:39:24","modified_gmt":"2025-11-25T10:39:24","slug":"a-escritora-elena-comesana-presenta-os-tempos-que-nos-agardan-en-redondela","status":"publish","type":"post","link":"https:\/\/www.anovapeneira.gal\/index.php\/2025\/11\/26\/a-escritora-elena-comesana-presenta-os-tempos-que-nos-agardan-en-redondela\/","title":{"rendered":"A escritora Elena Comesa\u00f1a presenta \u201c Os tempos que nos agardan\u201d en Redondela"},"content":{"rendered":"\n<p><strong>O vindeiro d\u00eda 5 de decembro a escritora viguesa Elena Comesa\u00f1a estar\u00e1 en Redondela para presentar a s\u00faa novela \u201c Os tempos que nos agardan\u201d. Esta obra, a 4\u00ba novela desta autora viguesa, publicada pola editorial Ir Indo est\u00e1 inspirada nun episodio real: Os asasinatos do matrimonio formado por \u00c1nxela Rebollar e Xos\u00e9 Niebla, acontecido en Vigo nos albores do franquismo. Esta parella de evanx\u00e9licos viv\u00eda no barrio vigu\u00e9s de Teis e foron asasinados polos fascistas o 11 de abril de 1937, acusados de dar refuxio \u00e1s persoas que fux\u00edan da represi\u00f3n. A casa de \u00c1nxela e de Xos\u00e9 no Toural foi asaltada polas hordas de asasinos fascistas, e o matrimonio foi asasinado a tiros no monte da Gu\u00eda. Case 90 anos despois Elena Comesa\u00f1a rescata a s\u00faa historia que nos presentar\u00e1 na nosa vila. N\u00f3s conversamos con ela.<\/strong><\/p>\n\n\n\n<p><strong>Vas visitar Redondela o 5 de decembro, verdade?<\/strong><\/p>\n\n\n\n<blockquote class=\"wp-block-quote is-layout-flow wp-block-quote-is-layout-flow\">\n<p>Pois si. Vou presentar a mi\u00f1a \u00faltima novela: \u201c Os tempos que nos agardan\u201d,cunha portada preciosa que fixo o meu querido Evaristo Pereira.<\/p>\n<\/blockquote>\n\n\n\n<p><strong>F\u00e1lanos do libro<\/strong><\/p>\n\n\n\n<blockquote class=\"wp-block-quote is-layout-flow wp-block-quote-is-layout-flow\">\n<p>Bas\u00e9ase nunha historia real. A historia de \u00c1nxela Rebollar e Xos\u00e9 Niebla, un matrimonio asasinado polos fascistas acusados de axudar a persoas perseguidas polos golpistas. Cando por primeira vez me falou desta historia, o meu amigo Victoriano, a verdade quedei impresionada e decid\u00edn escribir sobre ela. Tratei de contactar con familiares e resultoume extraordinariamente dif\u00edcil ata que a casualidade fixo que co\u00f1ecera a un home maior que naceu no casco vello de Vigo e que me puido facilitar moitos datos que desco\u00f1ec\u00eda.<\/p>\n<\/blockquote>\n\n\n\n<p><strong>Desde que \u00f3ptica enfocas o libro?<\/strong><\/p>\n\n\n\n<blockquote class=\"wp-block-quote is-layout-flow wp-block-quote-is-layout-flow\">\n<p>Desde o m\u00e1ximo respecto e agarimo por este matrimonio e coa pretensi\u00f3n de non ferir o m\u00e1is m\u00ednimo a sensibilidade da s\u00faa familia. A intenci\u00f3n \u00e9 honrar a memoria de \u00c1nxela de Xos\u00e9 polo seu papel axudando e agochando \u00e1s persoas perseguidas.<\/p>\n<\/blockquote>\n\n\n\n<p><strong>Chegaches a encontrarte cun neto deles verdade?<\/strong><\/p>\n\n\n\n<blockquote class=\"wp-block-quote is-layout-flow wp-block-quote-is-layout-flow\">\n<p>Pois si. El publicou a historia dos seus av\u00f3s despois de 30 anos investigando e recopilando datos. Foi un encontro enormemente emotivo.<\/p>\n<\/blockquote>\n\n\n\n<p><strong>Esta \u00e9 a t\u00faa 4\u00ba novela, non?<\/strong><\/p>\n\n\n\n<blockquote class=\"wp-block-quote is-layout-flow wp-block-quote-is-layout-flow\">\n<p>Si, e todas me produciron unha satisfacci\u00f3n enorme. Pero esta insisto en que foi especialmente emotiva.<\/p>\n<\/blockquote>\n\n\n\n<p><strong>Os personaxes de todas as t\u00faas novelas corresp\u00f3ndese con persoas desfavorecidas?<\/strong><\/p>\n\n\n\n<blockquote class=\"wp-block-quote is-layout-flow wp-block-quote-is-layout-flow\">\n<p>A mi\u00f1a literatura caracter\u00edzase pola denuncia social, si. E polo tanto os meus personaxes adoitan ser xente inmersa en problemas sociais de calquera tipo: Malos tratos, desigualdade, abuso de poder, ou os represaliados ..son os temas que a parecen nas mi\u00f1as novelas.<\/p>\n<\/blockquote>\n\n\n\n<p><strong>O catro libros son consecutivos. Publ\u00edcanse no 21, 22, 23 e 24<\/strong><\/p>\n\n\n\n<blockquote class=\"wp-block-quote is-layout-flow wp-block-quote-is-layout-flow\">\n<p>Pois si. Ter\u00edame gustado ter escrito m\u00e1is, pero \u00e1s veces \u00e1s circunstancias persoais fix\u00e9rono imposible. De feito para escribir unha das novelas decid\u00edn marchar a Barcelona un tempo e illarme do mundo porque no caso contrario ter\u00edame resultado moi complicado.<\/p>\n<\/blockquote>\n\n\n\n<p><strong>Con que sensaci\u00f3n che gustar\u00eda que se quedara o lector\/a das t\u00faas novelas?<\/strong><\/p>\n\n\n\n<blockquote class=\"wp-block-quote is-layout-flow wp-block-quote-is-layout-flow\">\n<p>Gustar\u00edame que despois de ler o que escribo as persoas que o fagan sentiran a necesidade de reflexionar. Vivimos uns tempos pol\u00edticos moi convulsos e a cultura \u00e9 imprescindible para poder concienciar \u00e1 xente sobre o terrible perigo de involuci\u00f3n democr\u00e1tica que supo\u00f1en personaxes populistas de extrema dereita como Vito Quiles ou Isabel D\u00edaz Ayuso. E ben, se puidera chegar a tocar o m\u00e1is profundo das emoci\u00f3ns dos lectores e lectoras ser\u00eda fant\u00e1stico.<\/p>\n<\/blockquote>\n\n\n\n<p><strong>V\u00e9monos o d\u00eda 5 na casa da cultura de Redondela<\/strong><\/p>\n\n\n\n<blockquote class=\"wp-block-quote is-layout-flow wp-block-quote-is-layout-flow\">\n<p>Pois si, e ser\u00e1 un pracer para min estar en Redondela con v\u00f3s. Convido a todos os lectores e lectoras do teu medio de comunicaci\u00f3n a que ve\u00f1an compartir ese espazo e ese tempo comigo. E conv\u00eddoos sobre todo para renderlle a merecida homenaxe a Xos\u00e9 Niebla e a \u00c1nxela Rebollar. Exactamente igual que os milleiros de persoas represaliadas pola ditadura.<\/p>\n<\/blockquote>\n","protected":false},"excerpt":{"rendered":"<div class=\"mh-excerpt\"><p>O vindeiro d\u00eda 5 de decembro a escritora viguesa Elena Comesa\u00f1a estar\u00e1 en Redondela para presentar a s\u00faa novela \u201c Os tempos que nos agardan\u201d <a class=\"mh-excerpt-more\" href=\"https:\/\/www.anovapeneira.gal\/index.php\/2025\/11\/26\/a-escritora-elena-comesana-presenta-os-tempos-que-nos-agardan-en-redondela\/\" title=\"A escritora Elena Comesa\u00f1a presenta \u201c Os tempos que nos agardan\u201d en Redondela\">[&#8230;]<\/a><\/p>\n<\/div>","protected":false},"author":6,"featured_media":14986,"comment_status":"open","ping_status":"open","sticky":false,"template":"","format":"standard","meta":{"_exactmetrics_skip_tracking":false,"_exactmetrics_sitenote_active":false,"_exactmetrics_sitenote_note":"","_exactmetrics_sitenote_category":0,"footnotes":""},"categories":[270],"tags":[171],"class_list":{"0":"post-14985","1":"post","2":"type-post","3":"status-publish","4":"format-standard","5":"has-post-thumbnail","7":"category-redondela-entrevistas","8":"tag-concello-de-redondela"},"yoast_head":"<!-- This site is optimized with the Yoast SEO plugin v27.4 - https:\/\/yoast.com\/product\/yoast-seo-wordpress\/ -->\n<title>A escritora Elena Comesa\u00f1a presenta \u201c Os tempos que nos agardan\u201d en Redondela -<\/title>\n<meta name=\"robots\" content=\"index, follow, max-snippet:-1, max-image-preview:large, max-video-preview:-1\" \/>\n<link rel=\"canonical\" href=\"https:\/\/www.anovapeneira.gal\/index.php\/2025\/11\/26\/a-escritora-elena-comesana-presenta-os-tempos-que-nos-agardan-en-redondela\/\" \/>\n<meta property=\"og:locale\" content=\"gl_ES\" \/>\n<meta property=\"og:type\" content=\"article\" \/>\n<meta property=\"og:title\" content=\"A escritora Elena Comesa\u00f1a presenta \u201c Os tempos que nos agardan\u201d en Redondela -\" \/>\n<meta property=\"og:description\" content=\"O vindeiro d\u00eda 5 de decembro a escritora viguesa Elena Comesa\u00f1a estar\u00e1 en Redondela para presentar a s\u00faa novela \u201c Os tempos que nos agardan\u201d [...]\" \/>\n<meta property=\"og:url\" content=\"https:\/\/www.anovapeneira.gal\/index.php\/2025\/11\/26\/a-escritora-elena-comesana-presenta-os-tempos-que-nos-agardan-en-redondela\/\" \/>\n<meta property=\"article:publisher\" content=\"https:\/\/www.facebook.com\/anovapeneira\" \/>\n<meta property=\"article:published_time\" content=\"2025-11-26T09:00:05+00:00\" \/>\n<meta property=\"og:image\" content=\"https:\/\/www.anovapeneira.gal\/wp-content\/uploads\/2025\/11\/elena_comesana.jpg\" \/>\n\t<meta property=\"og:image:width\" content=\"720\" \/>\n\t<meta property=\"og:image:height\" content=\"432\" \/>\n\t<meta property=\"og:image:type\" content=\"image\/jpeg\" \/>\n<meta name=\"author\" content=\"Marcos Santos\" \/>\n<meta name=\"twitter:card\" content=\"summary_large_image\" \/>\n<meta name=\"twitter:creator\" content=\"@APeneira\" \/>\n<meta name=\"twitter:site\" content=\"@APeneira\" \/>\n<meta name=\"twitter:label1\" content=\"Escrito por\" \/>\n\t<meta name=\"twitter:data1\" content=\"Marcos Santos\" \/>\n\t<meta name=\"twitter:label2\" content=\"Tempo de lectura\" \/>\n\t<meta name=\"twitter:data2\" content=\"2 minutos\" \/>\n<script type=\"application\/ld+json\" class=\"yoast-schema-graph\">{\"@context\":\"https:\\\/\\\/schema.org\",\"@graph\":[{\"@type\":\"Article\",\"@id\":\"https:\\\/\\\/www.anovapeneira.gal\\\/index.php\\\/2025\\\/11\\\/26\\\/a-escritora-elena-comesana-presenta-os-tempos-que-nos-agardan-en-redondela\\\/#article\",\"isPartOf\":{\"@id\":\"https:\\\/\\\/www.anovapeneira.gal\\\/index.php\\\/2025\\\/11\\\/26\\\/a-escritora-elena-comesana-presenta-os-tempos-que-nos-agardan-en-redondela\\\/\"},\"author\":{\"name\":\"Marcos Santos\",\"@id\":\"https:\\\/\\\/www.anovapeneira.gal\\\/#\\\/schema\\\/person\\\/d9d84823564720e7593293bab054e52d\"},\"headline\":\"A escritora Elena Comesa\u00f1a presenta \u201c Os tempos que nos agardan\u201d en Redondela\",\"datePublished\":\"2025-11-26T09:00:05+00:00\",\"mainEntityOfPage\":{\"@id\":\"https:\\\/\\\/www.anovapeneira.gal\\\/index.php\\\/2025\\\/11\\\/26\\\/a-escritora-elena-comesana-presenta-os-tempos-que-nos-agardan-en-redondela\\\/\"},\"wordCount\":672,\"commentCount\":0,\"publisher\":{\"@id\":\"https:\\\/\\\/www.anovapeneira.gal\\\/#organization\"},\"image\":{\"@id\":\"https:\\\/\\\/www.anovapeneira.gal\\\/index.php\\\/2025\\\/11\\\/26\\\/a-escritora-elena-comesana-presenta-os-tempos-que-nos-agardan-en-redondela\\\/#primaryimage\"},\"thumbnailUrl\":\"https:\\\/\\\/www.anovapeneira.gal\\\/wp-content\\\/uploads\\\/2025\\\/11\\\/elena_comesana.jpg\",\"keywords\":[\"Concello de Redondela\"],\"articleSection\":[\"Redondela\"],\"inLanguage\":\"gl-ES\",\"potentialAction\":[{\"@type\":\"CommentAction\",\"name\":\"Comment\",\"target\":[\"https:\\\/\\\/www.anovapeneira.gal\\\/index.php\\\/2025\\\/11\\\/26\\\/a-escritora-elena-comesana-presenta-os-tempos-que-nos-agardan-en-redondela\\\/#respond\"]}]},{\"@type\":\"WebPage\",\"@id\":\"https:\\\/\\\/www.anovapeneira.gal\\\/index.php\\\/2025\\\/11\\\/26\\\/a-escritora-elena-comesana-presenta-os-tempos-que-nos-agardan-en-redondela\\\/\",\"url\":\"https:\\\/\\\/www.anovapeneira.gal\\\/index.php\\\/2025\\\/11\\\/26\\\/a-escritora-elena-comesana-presenta-os-tempos-que-nos-agardan-en-redondela\\\/\",\"name\":\"A escritora Elena Comesa\u00f1a presenta \u201c Os tempos que nos agardan\u201d en Redondela -\",\"isPartOf\":{\"@id\":\"https:\\\/\\\/www.anovapeneira.gal\\\/#website\"},\"primaryImageOfPage\":{\"@id\":\"https:\\\/\\\/www.anovapeneira.gal\\\/index.php\\\/2025\\\/11\\\/26\\\/a-escritora-elena-comesana-presenta-os-tempos-que-nos-agardan-en-redondela\\\/#primaryimage\"},\"image\":{\"@id\":\"https:\\\/\\\/www.anovapeneira.gal\\\/index.php\\\/2025\\\/11\\\/26\\\/a-escritora-elena-comesana-presenta-os-tempos-que-nos-agardan-en-redondela\\\/#primaryimage\"},\"thumbnailUrl\":\"https:\\\/\\\/www.anovapeneira.gal\\\/wp-content\\\/uploads\\\/2025\\\/11\\\/elena_comesana.jpg\",\"datePublished\":\"2025-11-26T09:00:05+00:00\",\"breadcrumb\":{\"@id\":\"https:\\\/\\\/www.anovapeneira.gal\\\/index.php\\\/2025\\\/11\\\/26\\\/a-escritora-elena-comesana-presenta-os-tempos-que-nos-agardan-en-redondela\\\/#breadcrumb\"},\"inLanguage\":\"gl-ES\",\"potentialAction\":[{\"@type\":\"ReadAction\",\"target\":[\"https:\\\/\\\/www.anovapeneira.gal\\\/index.php\\\/2025\\\/11\\\/26\\\/a-escritora-elena-comesana-presenta-os-tempos-que-nos-agardan-en-redondela\\\/\"]}]},{\"@type\":\"ImageObject\",\"inLanguage\":\"gl-ES\",\"@id\":\"https:\\\/\\\/www.anovapeneira.gal\\\/index.php\\\/2025\\\/11\\\/26\\\/a-escritora-elena-comesana-presenta-os-tempos-que-nos-agardan-en-redondela\\\/#primaryimage\",\"url\":\"https:\\\/\\\/www.anovapeneira.gal\\\/wp-content\\\/uploads\\\/2025\\\/11\\\/elena_comesana.jpg\",\"contentUrl\":\"https:\\\/\\\/www.anovapeneira.gal\\\/wp-content\\\/uploads\\\/2025\\\/11\\\/elena_comesana.jpg\",\"width\":720,\"height\":432},{\"@type\":\"BreadcrumbList\",\"@id\":\"https:\\\/\\\/www.anovapeneira.gal\\\/index.php\\\/2025\\\/11\\\/26\\\/a-escritora-elena-comesana-presenta-os-tempos-que-nos-agardan-en-redondela\\\/#breadcrumb\",\"itemListElement\":[{\"@type\":\"ListItem\",\"position\":1,\"name\":\"Portada\",\"item\":\"https:\\\/\\\/www.anovapeneira.gal\\\/\"},{\"@type\":\"ListItem\",\"position\":2,\"name\":\"A escritora Elena Comesa\u00f1a presenta \u201c Os tempos que nos agardan\u201d en Redondela\"}]},{\"@type\":\"WebSite\",\"@id\":\"https:\\\/\\\/www.anovapeneira.gal\\\/#website\",\"url\":\"https:\\\/\\\/www.anovapeneira.gal\\\/\",\"name\":\"\",\"description\":\"Xornal galego de informaci\u00f3n xeral Publicaci\u00f3n mensual de novas de Galicia e en especial dos Concellos da sur da provincia de Pontevedra.\",\"publisher\":{\"@id\":\"https:\\\/\\\/www.anovapeneira.gal\\\/#organization\"},\"potentialAction\":[{\"@type\":\"SearchAction\",\"target\":{\"@type\":\"EntryPoint\",\"urlTemplate\":\"https:\\\/\\\/www.anovapeneira.gal\\\/?s={search_term_string}\"},\"query-input\":{\"@type\":\"PropertyValueSpecification\",\"valueRequired\":true,\"valueName\":\"search_term_string\"}}],\"inLanguage\":\"gl-ES\"},{\"@type\":\"Organization\",\"@id\":\"https:\\\/\\\/www.anovapeneira.gal\\\/#organization\",\"name\":\"A Nova Peneira\",\"url\":\"https:\\\/\\\/www.anovapeneira.gal\\\/\",\"logo\":{\"@type\":\"ImageObject\",\"inLanguage\":\"gl-ES\",\"@id\":\"https:\\\/\\\/www.anovapeneira.gal\\\/#\\\/schema\\\/logo\\\/image\\\/\",\"url\":\"http:\\\/\\\/www.anovapeneira.gal\\\/wp-content\\\/uploads\\\/2019\\\/06\\\/logo_a_nova_peneira_portal_web.png\",\"contentUrl\":\"http:\\\/\\\/www.anovapeneira.gal\\\/wp-content\\\/uploads\\\/2019\\\/06\\\/logo_a_nova_peneira_portal_web.png\",\"width\":300,\"height\":100,\"caption\":\"A Nova Peneira\"},\"image\":{\"@id\":\"https:\\\/\\\/www.anovapeneira.gal\\\/#\\\/schema\\\/logo\\\/image\\\/\"},\"sameAs\":[\"https:\\\/\\\/www.facebook.com\\\/anovapeneira\",\"https:\\\/\\\/x.com\\\/APeneira\"]},{\"@type\":\"Person\",\"@id\":\"https:\\\/\\\/www.anovapeneira.gal\\\/#\\\/schema\\\/person\\\/d9d84823564720e7593293bab054e52d\",\"name\":\"Marcos Santos\",\"image\":{\"@type\":\"ImageObject\",\"inLanguage\":\"gl-ES\",\"@id\":\"https:\\\/\\\/secure.gravatar.com\\\/avatar\\\/0e8017099a7a47c0a9d2275e865fe326484561eb3d70649069e4b8e61a8d2e8c?s=96&d=mm&r=g\",\"url\":\"https:\\\/\\\/secure.gravatar.com\\\/avatar\\\/0e8017099a7a47c0a9d2275e865fe326484561eb3d70649069e4b8e61a8d2e8c?s=96&d=mm&r=g\",\"contentUrl\":\"https:\\\/\\\/secure.gravatar.com\\\/avatar\\\/0e8017099a7a47c0a9d2275e865fe326484561eb3d70649069e4b8e61a8d2e8c?s=96&d=mm&r=g\",\"caption\":\"Marcos Santos\"},\"sameAs\":[\"http:\\\/\\\/anovapeneira.gal\"],\"url\":\"https:\\\/\\\/www.anovapeneira.gal\\\/index.php\\\/author\\\/marcos-santos\\\/\"}]}<\/script>\n<!-- \/ Yoast SEO plugin. -->","yoast_head_json":{"title":"A escritora Elena Comesa\u00f1a presenta \u201c Os tempos que nos agardan\u201d en Redondela -","robots":{"index":"index","follow":"follow","max-snippet":"max-snippet:-1","max-image-preview":"max-image-preview:large","max-video-preview":"max-video-preview:-1"},"canonical":"https:\/\/www.anovapeneira.gal\/index.php\/2025\/11\/26\/a-escritora-elena-comesana-presenta-os-tempos-que-nos-agardan-en-redondela\/","og_locale":"gl_ES","og_type":"article","og_title":"A escritora Elena Comesa\u00f1a presenta \u201c Os tempos que nos agardan\u201d en Redondela -","og_description":"O vindeiro d\u00eda 5 de decembro a escritora viguesa Elena Comesa\u00f1a estar\u00e1 en Redondela para presentar a s\u00faa novela \u201c Os tempos que nos agardan\u201d [...]","og_url":"https:\/\/www.anovapeneira.gal\/index.php\/2025\/11\/26\/a-escritora-elena-comesana-presenta-os-tempos-que-nos-agardan-en-redondela\/","article_publisher":"https:\/\/www.facebook.com\/anovapeneira","article_published_time":"2025-11-26T09:00:05+00:00","og_image":[{"width":720,"height":432,"url":"https:\/\/www.anovapeneira.gal\/wp-content\/uploads\/2025\/11\/elena_comesana.jpg","type":"image\/jpeg"}],"author":"Marcos Santos","twitter_card":"summary_large_image","twitter_creator":"@APeneira","twitter_site":"@APeneira","twitter_misc":{"Escrito por":"Marcos Santos","Tempo de lectura":"2 minutos"},"schema":{"@context":"https:\/\/schema.org","@graph":[{"@type":"Article","@id":"https:\/\/www.anovapeneira.gal\/index.php\/2025\/11\/26\/a-escritora-elena-comesana-presenta-os-tempos-que-nos-agardan-en-redondela\/#article","isPartOf":{"@id":"https:\/\/www.anovapeneira.gal\/index.php\/2025\/11\/26\/a-escritora-elena-comesana-presenta-os-tempos-que-nos-agardan-en-redondela\/"},"author":{"name":"Marcos Santos","@id":"https:\/\/www.anovapeneira.gal\/#\/schema\/person\/d9d84823564720e7593293bab054e52d"},"headline":"A escritora Elena Comesa\u00f1a presenta \u201c Os tempos que nos agardan\u201d en Redondela","datePublished":"2025-11-26T09:00:05+00:00","mainEntityOfPage":{"@id":"https:\/\/www.anovapeneira.gal\/index.php\/2025\/11\/26\/a-escritora-elena-comesana-presenta-os-tempos-que-nos-agardan-en-redondela\/"},"wordCount":672,"commentCount":0,"publisher":{"@id":"https:\/\/www.anovapeneira.gal\/#organization"},"image":{"@id":"https:\/\/www.anovapeneira.gal\/index.php\/2025\/11\/26\/a-escritora-elena-comesana-presenta-os-tempos-que-nos-agardan-en-redondela\/#primaryimage"},"thumbnailUrl":"https:\/\/www.anovapeneira.gal\/wp-content\/uploads\/2025\/11\/elena_comesana.jpg","keywords":["Concello de Redondela"],"articleSection":["Redondela"],"inLanguage":"gl-ES","potentialAction":[{"@type":"CommentAction","name":"Comment","target":["https:\/\/www.anovapeneira.gal\/index.php\/2025\/11\/26\/a-escritora-elena-comesana-presenta-os-tempos-que-nos-agardan-en-redondela\/#respond"]}]},{"@type":"WebPage","@id":"https:\/\/www.anovapeneira.gal\/index.php\/2025\/11\/26\/a-escritora-elena-comesana-presenta-os-tempos-que-nos-agardan-en-redondela\/","url":"https:\/\/www.anovapeneira.gal\/index.php\/2025\/11\/26\/a-escritora-elena-comesana-presenta-os-tempos-que-nos-agardan-en-redondela\/","name":"A escritora Elena Comesa\u00f1a presenta \u201c Os tempos que nos agardan\u201d en Redondela -","isPartOf":{"@id":"https:\/\/www.anovapeneira.gal\/#website"},"primaryImageOfPage":{"@id":"https:\/\/www.anovapeneira.gal\/index.php\/2025\/11\/26\/a-escritora-elena-comesana-presenta-os-tempos-que-nos-agardan-en-redondela\/#primaryimage"},"image":{"@id":"https:\/\/www.anovapeneira.gal\/index.php\/2025\/11\/26\/a-escritora-elena-comesana-presenta-os-tempos-que-nos-agardan-en-redondela\/#primaryimage"},"thumbnailUrl":"https:\/\/www.anovapeneira.gal\/wp-content\/uploads\/2025\/11\/elena_comesana.jpg","datePublished":"2025-11-26T09:00:05+00:00","breadcrumb":{"@id":"https:\/\/www.anovapeneira.gal\/index.php\/2025\/11\/26\/a-escritora-elena-comesana-presenta-os-tempos-que-nos-agardan-en-redondela\/#breadcrumb"},"inLanguage":"gl-ES","potentialAction":[{"@type":"ReadAction","target":["https:\/\/www.anovapeneira.gal\/index.php\/2025\/11\/26\/a-escritora-elena-comesana-presenta-os-tempos-que-nos-agardan-en-redondela\/"]}]},{"@type":"ImageObject","inLanguage":"gl-ES","@id":"https:\/\/www.anovapeneira.gal\/index.php\/2025\/11\/26\/a-escritora-elena-comesana-presenta-os-tempos-que-nos-agardan-en-redondela\/#primaryimage","url":"https:\/\/www.anovapeneira.gal\/wp-content\/uploads\/2025\/11\/elena_comesana.jpg","contentUrl":"https:\/\/www.anovapeneira.gal\/wp-content\/uploads\/2025\/11\/elena_comesana.jpg","width":720,"height":432},{"@type":"BreadcrumbList","@id":"https:\/\/www.anovapeneira.gal\/index.php\/2025\/11\/26\/a-escritora-elena-comesana-presenta-os-tempos-que-nos-agardan-en-redondela\/#breadcrumb","itemListElement":[{"@type":"ListItem","position":1,"name":"Portada","item":"https:\/\/www.anovapeneira.gal\/"},{"@type":"ListItem","position":2,"name":"A escritora Elena Comesa\u00f1a presenta \u201c Os tempos que nos agardan\u201d en Redondela"}]},{"@type":"WebSite","@id":"https:\/\/www.anovapeneira.gal\/#website","url":"https:\/\/www.anovapeneira.gal\/","name":"","description":"Xornal galego de informaci\u00f3n xeral Publicaci\u00f3n mensual de novas de Galicia e en especial dos Concellos da sur da provincia de Pontevedra.","publisher":{"@id":"https:\/\/www.anovapeneira.gal\/#organization"},"potentialAction":[{"@type":"SearchAction","target":{"@type":"EntryPoint","urlTemplate":"https:\/\/www.anovapeneira.gal\/?s={search_term_string}"},"query-input":{"@type":"PropertyValueSpecification","valueRequired":true,"valueName":"search_term_string"}}],"inLanguage":"gl-ES"},{"@type":"Organization","@id":"https:\/\/www.anovapeneira.gal\/#organization","name":"A Nova Peneira","url":"https:\/\/www.anovapeneira.gal\/","logo":{"@type":"ImageObject","inLanguage":"gl-ES","@id":"https:\/\/www.anovapeneira.gal\/#\/schema\/logo\/image\/","url":"http:\/\/www.anovapeneira.gal\/wp-content\/uploads\/2019\/06\/logo_a_nova_peneira_portal_web.png","contentUrl":"http:\/\/www.anovapeneira.gal\/wp-content\/uploads\/2019\/06\/logo_a_nova_peneira_portal_web.png","width":300,"height":100,"caption":"A Nova Peneira"},"image":{"@id":"https:\/\/www.anovapeneira.gal\/#\/schema\/logo\/image\/"},"sameAs":["https:\/\/www.facebook.com\/anovapeneira","https:\/\/x.com\/APeneira"]},{"@type":"Person","@id":"https:\/\/www.anovapeneira.gal\/#\/schema\/person\/d9d84823564720e7593293bab054e52d","name":"Marcos Santos","image":{"@type":"ImageObject","inLanguage":"gl-ES","@id":"https:\/\/secure.gravatar.com\/avatar\/0e8017099a7a47c0a9d2275e865fe326484561eb3d70649069e4b8e61a8d2e8c?s=96&d=mm&r=g","url":"https:\/\/secure.gravatar.com\/avatar\/0e8017099a7a47c0a9d2275e865fe326484561eb3d70649069e4b8e61a8d2e8c?s=96&d=mm&r=g","contentUrl":"https:\/\/secure.gravatar.com\/avatar\/0e8017099a7a47c0a9d2275e865fe326484561eb3d70649069e4b8e61a8d2e8c?s=96&d=mm&r=g","caption":"Marcos Santos"},"sameAs":["http:\/\/anovapeneira.gal"],"url":"https:\/\/www.anovapeneira.gal\/index.php\/author\/marcos-santos\/"}]}},"jetpack_featured_media_url":"https:\/\/www.anovapeneira.gal\/wp-content\/uploads\/2025\/11\/elena_comesana.jpg","_links":{"self":[{"href":"https:\/\/www.anovapeneira.gal\/index.php\/wp-json\/wp\/v2\/posts\/14985","targetHints":{"allow":["GET"]}}],"collection":[{"href":"https:\/\/www.anovapeneira.gal\/index.php\/wp-json\/wp\/v2\/posts"}],"about":[{"href":"https:\/\/www.anovapeneira.gal\/index.php\/wp-json\/wp\/v2\/types\/post"}],"author":[{"embeddable":true,"href":"https:\/\/www.anovapeneira.gal\/index.php\/wp-json\/wp\/v2\/users\/6"}],"replies":[{"embeddable":true,"href":"https:\/\/www.anovapeneira.gal\/index.php\/wp-json\/wp\/v2\/comments?post=14985"}],"version-history":[{"count":1,"href":"https:\/\/www.anovapeneira.gal\/index.php\/wp-json\/wp\/v2\/posts\/14985\/revisions"}],"predecessor-version":[{"id":14987,"href":"https:\/\/www.anovapeneira.gal\/index.php\/wp-json\/wp\/v2\/posts\/14985\/revisions\/14987"}],"wp:featuredmedia":[{"embeddable":true,"href":"https:\/\/www.anovapeneira.gal\/index.php\/wp-json\/wp\/v2\/media\/14986"}],"wp:attachment":[{"href":"https:\/\/www.anovapeneira.gal\/index.php\/wp-json\/wp\/v2\/media?parent=14985"}],"wp:term":[{"taxonomy":"category","embeddable":true,"href":"https:\/\/www.anovapeneira.gal\/index.php\/wp-json\/wp\/v2\/categories?post=14985"},{"taxonomy":"post_tag","embeddable":true,"href":"https:\/\/www.anovapeneira.gal\/index.php\/wp-json\/wp\/v2\/tags?post=14985"}],"curies":[{"name":"wp","href":"https:\/\/api.w.org\/{rel}","templated":true}]}}