{"id":14988,"date":"2025-11-26T12:00:11","date_gmt":"2025-11-26T11:00:11","guid":{"rendered":"https:\/\/www.anovapeneira.gal\/?p=14988"},"modified":"2025-11-25T11:42:35","modified_gmt":"2025-11-25T10:42:35","slug":"o-bng-demanda-ao-goberno-de-digna-rivas-unhas-podas-da-alameda-axustadas","status":"publish","type":"post","link":"https:\/\/www.anovapeneira.gal\/index.php\/2025\/11\/26\/o-bng-demanda-ao-goberno-de-digna-rivas-unhas-podas-da-alameda-axustadas\/","title":{"rendered":"O BNG demanda ao goberno de Digna Rivas unhas podas da Alameda axustadas"},"content":{"rendered":"\n<p><em><strong>Xo\u00e1n Carlos Gonz\u00e1lez \u201cD\u00e9bese prever a creaci\u00f3n de suficientes espazos con sombra nos meses de primavera e ver\u00e1n\u201d<\/strong><\/em><\/p>\n\n\n\n<p>O inicio das podas do arborado da Alameda Castelao no casco urbano de Redondela, convert\u00eduse nun elemento de preocupaci\u00f3n para a organizaci\u00f3n nacionalista. Consideran que a intervenci\u00f3n debe axustarse \u00e1s necesidades dun mantemento b\u00e1sico do arborado, xunto \u00e1 creaci\u00f3n de espazos con sombras para o lecer no ver\u00e1n.<\/p>\n\n\n\n<p>Neste sentido o voceiro do BNG, Xo\u00e1n Carlos Gonz\u00e1lez demanda ao goberno de Digna Rivas unhas podas o m\u00e1is axustadas \u00e1s necesidades e mantemento do arborado, conxugadas coas necesidades dos nosos vecinos e veci\u00f1as. \u201cDemandamos que se te\u00f1a en conta que durante o periodo estival as altas temperaturas, a radiaci\u00f3n solar provoca que en moitas ocasi\u00f3ns os espazos de sombra sexan prioritarios para permitir que a Alameda sexa un entorno de lecer\u201d.<\/p>\n\n\n\n<p>Considera que se debe manter un necesario equilibrio entre unha intervenci\u00f3n de mantemento das \u00e1rbores da Alameda, e ter en conta as altas temperaturas da primavera e ver\u00e1n. Recolle neste sentido as queixas \u201cl\u00f3xicas\u201d de moitos pa\u00eds e nais sobre a situaci\u00f3n do parque infantil Xohana Torres. \u201cAs agresivas podas provocan que nos meses de primavera e ver\u00e1n, nas hora de maior incidencia solar, exp\u00falsase aos cativos e cativas do parque infantil ao non existir ning\u00fan punto de sombra\u201d, denuncia.<\/p>\n\n\n\n<p>A Alameda Castelao constit\u00fae un dos entornos m\u00e1is singulares do casco urbano de Redondela. Sobre unha superficie aproximada duns dez mil metros cadrados, medran pl\u00e1tanos, arces, magnolios, datileros, a estatua de Castelao, Xan Carall\u00e1s, o Palco da M\u00fasica, cruceiro,\u2026 A sua orixe data de inicios do s\u00e9culo XX, cando se iniciou a canalizaci\u00f3n do R\u00edo Alvedosa.<\/p>\n\n\n\n<p><\/p>\n","protected":false},"excerpt":{"rendered":"<div class=\"mh-excerpt\"><p>Xo\u00e1n Carlos Gonz\u00e1lez \u201cD\u00e9bese prever a creaci\u00f3n de suficientes espazos con sombra nos meses de primavera e ver\u00e1n\u201d <a class=\"mh-excerpt-more\" href=\"https:\/\/www.anovapeneira.gal\/index.php\/2025\/11\/26\/o-bng-demanda-ao-goberno-de-digna-rivas-unhas-podas-da-alameda-axustadas\/\" title=\"O BNG demanda ao goberno de Digna Rivas unhas podas da Alameda axustadas\">[&#8230;]<\/a><\/p>\n<\/div>","protected":false},"author":3,"featured_media":14989,"comment_status":"open","ping_status":"open","sticky":false,"template":"","format":"standard","meta":{"_exactmetrics_skip_tracking":false,"_exactmetrics_sitenote_active":false,"_exactmetrics_sitenote_note":"","_exactmetrics_sitenote_category":0,"footnotes":""},"categories":[24],"tags":[171],"class_list":{"0":"post-14988","1":"post","2":"type-post","3":"status-publish","4":"format-standard","5":"has-post-thumbnail","7":"category-redondela","8":"tag-concello-de-redondela"},"yoast_head":"<!-- This site is optimized with the Yoast SEO plugin v27.4 - https:\/\/yoast.com\/product\/yoast-seo-wordpress\/ -->\n<title>O BNG demanda ao goberno de Digna Rivas unhas podas da Alameda axustadas -<\/title>\n<meta name=\"robots\" content=\"index, follow, max-snippet:-1, max-image-preview:large, max-video-preview:-1\" \/>\n<link rel=\"canonical\" href=\"https:\/\/www.anovapeneira.gal\/index.php\/2025\/11\/26\/o-bng-demanda-ao-goberno-de-digna-rivas-unhas-podas-da-alameda-axustadas\/\" \/>\n<meta property=\"og:locale\" content=\"gl_ES\" \/>\n<meta property=\"og:type\" content=\"article\" \/>\n<meta property=\"og:title\" content=\"O BNG demanda ao goberno de Digna Rivas unhas podas da Alameda axustadas -\" \/>\n<meta property=\"og:description\" content=\"Xo\u00e1n Carlos Gonz\u00e1lez \u201cD\u00e9bese prever a creaci\u00f3n de suficientes espazos con sombra nos meses de primavera e ver\u00e1n\u201d [...]\" \/>\n<meta property=\"og:url\" content=\"https:\/\/www.anovapeneira.gal\/index.php\/2025\/11\/26\/o-bng-demanda-ao-goberno-de-digna-rivas-unhas-podas-da-alameda-axustadas\/\" \/>\n<meta property=\"article:publisher\" content=\"https:\/\/www.facebook.com\/anovapeneira\" \/>\n<meta property=\"article:published_time\" content=\"2025-11-26T11:00:11+00:00\" \/>\n<meta property=\"og:image\" content=\"https:\/\/www.anovapeneira.gal\/wp-content\/uploads\/2025\/11\/alameda_redondela.png\" \/>\n\t<meta property=\"og:image:width\" content=\"720\" \/>\n\t<meta property=\"og:image:height\" content=\"432\" \/>\n\t<meta property=\"og:image:type\" content=\"image\/png\" \/>\n<meta name=\"author\" content=\"Redacci\u00f3n A Nova Peneira\" \/>\n<meta name=\"twitter:card\" content=\"summary_large_image\" \/>\n<meta name=\"twitter:creator\" content=\"@APeneira\" \/>\n<meta name=\"twitter:site\" content=\"@APeneira\" \/>\n<meta name=\"twitter:label1\" content=\"Escrito por\" \/>\n\t<meta name=\"twitter:data1\" content=\"Redacci\u00f3n A Nova Peneira\" \/>\n\t<meta name=\"twitter:label2\" content=\"Tempo de lectura\" \/>\n\t<meta name=\"twitter:data2\" content=\"2 minutos\" \/>\n<script type=\"application\/ld+json\" class=\"yoast-schema-graph\">{\"@context\":\"https:\\\/\\\/schema.org\",\"@graph\":[{\"@type\":\"Article\",\"@id\":\"https:\\\/\\\/www.anovapeneira.gal\\\/index.php\\\/2025\\\/11\\\/26\\\/o-bng-demanda-ao-goberno-de-digna-rivas-unhas-podas-da-alameda-axustadas\\\/#article\",\"isPartOf\":{\"@id\":\"https:\\\/\\\/www.anovapeneira.gal\\\/index.php\\\/2025\\\/11\\\/26\\\/o-bng-demanda-ao-goberno-de-digna-rivas-unhas-podas-da-alameda-axustadas\\\/\"},\"author\":{\"name\":\"Redacci\u00f3n A Nova Peneira\",\"@id\":\"https:\\\/\\\/www.anovapeneira.gal\\\/#\\\/schema\\\/person\\\/b93e3f8932e3f8da96334607eb6ac6aa\"},\"headline\":\"O BNG demanda ao goberno de Digna Rivas unhas podas da Alameda axustadas\",\"datePublished\":\"2025-11-26T11:00:11+00:00\",\"mainEntityOfPage\":{\"@id\":\"https:\\\/\\\/www.anovapeneira.gal\\\/index.php\\\/2025\\\/11\\\/26\\\/o-bng-demanda-ao-goberno-de-digna-rivas-unhas-podas-da-alameda-axustadas\\\/\"},\"wordCount\":321,\"commentCount\":0,\"publisher\":{\"@id\":\"https:\\\/\\\/www.anovapeneira.gal\\\/#organization\"},\"image\":{\"@id\":\"https:\\\/\\\/www.anovapeneira.gal\\\/index.php\\\/2025\\\/11\\\/26\\\/o-bng-demanda-ao-goberno-de-digna-rivas-unhas-podas-da-alameda-axustadas\\\/#primaryimage\"},\"thumbnailUrl\":\"https:\\\/\\\/www.anovapeneira.gal\\\/wp-content\\\/uploads\\\/2025\\\/11\\\/alameda_redondela.png\",\"keywords\":[\"Concello de Redondela\"],\"articleSection\":[\"Redondela\"],\"inLanguage\":\"gl-ES\",\"potentialAction\":[{\"@type\":\"CommentAction\",\"name\":\"Comment\",\"target\":[\"https:\\\/\\\/www.anovapeneira.gal\\\/index.php\\\/2025\\\/11\\\/26\\\/o-bng-demanda-ao-goberno-de-digna-rivas-unhas-podas-da-alameda-axustadas\\\/#respond\"]}]},{\"@type\":\"WebPage\",\"@id\":\"https:\\\/\\\/www.anovapeneira.gal\\\/index.php\\\/2025\\\/11\\\/26\\\/o-bng-demanda-ao-goberno-de-digna-rivas-unhas-podas-da-alameda-axustadas\\\/\",\"url\":\"https:\\\/\\\/www.anovapeneira.gal\\\/index.php\\\/2025\\\/11\\\/26\\\/o-bng-demanda-ao-goberno-de-digna-rivas-unhas-podas-da-alameda-axustadas\\\/\",\"name\":\"O BNG demanda ao goberno de Digna Rivas unhas podas da Alameda axustadas -\",\"isPartOf\":{\"@id\":\"https:\\\/\\\/www.anovapeneira.gal\\\/#website\"},\"primaryImageOfPage\":{\"@id\":\"https:\\\/\\\/www.anovapeneira.gal\\\/index.php\\\/2025\\\/11\\\/26\\\/o-bng-demanda-ao-goberno-de-digna-rivas-unhas-podas-da-alameda-axustadas\\\/#primaryimage\"},\"image\":{\"@id\":\"https:\\\/\\\/www.anovapeneira.gal\\\/index.php\\\/2025\\\/11\\\/26\\\/o-bng-demanda-ao-goberno-de-digna-rivas-unhas-podas-da-alameda-axustadas\\\/#primaryimage\"},\"thumbnailUrl\":\"https:\\\/\\\/www.anovapeneira.gal\\\/wp-content\\\/uploads\\\/2025\\\/11\\\/alameda_redondela.png\",\"datePublished\":\"2025-11-26T11:00:11+00:00\",\"breadcrumb\":{\"@id\":\"https:\\\/\\\/www.anovapeneira.gal\\\/index.php\\\/2025\\\/11\\\/26\\\/o-bng-demanda-ao-goberno-de-digna-rivas-unhas-podas-da-alameda-axustadas\\\/#breadcrumb\"},\"inLanguage\":\"gl-ES\",\"potentialAction\":[{\"@type\":\"ReadAction\",\"target\":[\"https:\\\/\\\/www.anovapeneira.gal\\\/index.php\\\/2025\\\/11\\\/26\\\/o-bng-demanda-ao-goberno-de-digna-rivas-unhas-podas-da-alameda-axustadas\\\/\"]}]},{\"@type\":\"ImageObject\",\"inLanguage\":\"gl-ES\",\"@id\":\"https:\\\/\\\/www.anovapeneira.gal\\\/index.php\\\/2025\\\/11\\\/26\\\/o-bng-demanda-ao-goberno-de-digna-rivas-unhas-podas-da-alameda-axustadas\\\/#primaryimage\",\"url\":\"https:\\\/\\\/www.anovapeneira.gal\\\/wp-content\\\/uploads\\\/2025\\\/11\\\/alameda_redondela.png\",\"contentUrl\":\"https:\\\/\\\/www.anovapeneira.gal\\\/wp-content\\\/uploads\\\/2025\\\/11\\\/alameda_redondela.png\",\"width\":720,\"height\":432},{\"@type\":\"BreadcrumbList\",\"@id\":\"https:\\\/\\\/www.anovapeneira.gal\\\/index.php\\\/2025\\\/11\\\/26\\\/o-bng-demanda-ao-goberno-de-digna-rivas-unhas-podas-da-alameda-axustadas\\\/#breadcrumb\",\"itemListElement\":[{\"@type\":\"ListItem\",\"position\":1,\"name\":\"Portada\",\"item\":\"https:\\\/\\\/www.anovapeneira.gal\\\/\"},{\"@type\":\"ListItem\",\"position\":2,\"name\":\"O BNG demanda ao goberno de Digna Rivas unhas podas da Alameda axustadas\"}]},{\"@type\":\"WebSite\",\"@id\":\"https:\\\/\\\/www.anovapeneira.gal\\\/#website\",\"url\":\"https:\\\/\\\/www.anovapeneira.gal\\\/\",\"name\":\"\",\"description\":\"Xornal galego de informaci\u00f3n xeral Publicaci\u00f3n mensual de novas de Galicia e en especial dos Concellos da sur da provincia de Pontevedra.\",\"publisher\":{\"@id\":\"https:\\\/\\\/www.anovapeneira.gal\\\/#organization\"},\"potentialAction\":[{\"@type\":\"SearchAction\",\"target\":{\"@type\":\"EntryPoint\",\"urlTemplate\":\"https:\\\/\\\/www.anovapeneira.gal\\\/?s={search_term_string}\"},\"query-input\":{\"@type\":\"PropertyValueSpecification\",\"valueRequired\":true,\"valueName\":\"search_term_string\"}}],\"inLanguage\":\"gl-ES\"},{\"@type\":\"Organization\",\"@id\":\"https:\\\/\\\/www.anovapeneira.gal\\\/#organization\",\"name\":\"A Nova Peneira\",\"url\":\"https:\\\/\\\/www.anovapeneira.gal\\\/\",\"logo\":{\"@type\":\"ImageObject\",\"inLanguage\":\"gl-ES\",\"@id\":\"https:\\\/\\\/www.anovapeneira.gal\\\/#\\\/schema\\\/logo\\\/image\\\/\",\"url\":\"http:\\\/\\\/www.anovapeneira.gal\\\/wp-content\\\/uploads\\\/2019\\\/06\\\/logo_a_nova_peneira_portal_web.png\",\"contentUrl\":\"http:\\\/\\\/www.anovapeneira.gal\\\/wp-content\\\/uploads\\\/2019\\\/06\\\/logo_a_nova_peneira_portal_web.png\",\"width\":300,\"height\":100,\"caption\":\"A Nova Peneira\"},\"image\":{\"@id\":\"https:\\\/\\\/www.anovapeneira.gal\\\/#\\\/schema\\\/logo\\\/image\\\/\"},\"sameAs\":[\"https:\\\/\\\/www.facebook.com\\\/anovapeneira\",\"https:\\\/\\\/x.com\\\/APeneira\"]},{\"@type\":\"Person\",\"@id\":\"https:\\\/\\\/www.anovapeneira.gal\\\/#\\\/schema\\\/person\\\/b93e3f8932e3f8da96334607eb6ac6aa\",\"name\":\"Redacci\u00f3n A Nova Peneira\",\"image\":{\"@type\":\"ImageObject\",\"inLanguage\":\"gl-ES\",\"@id\":\"https:\\\/\\\/secure.gravatar.com\\\/avatar\\\/c052a2551a06e23fac63626232eaa90abd78dbcf1700fc46a2b2c89fd27b735f?s=96&d=mm&r=g\",\"url\":\"https:\\\/\\\/secure.gravatar.com\\\/avatar\\\/c052a2551a06e23fac63626232eaa90abd78dbcf1700fc46a2b2c89fd27b735f?s=96&d=mm&r=g\",\"contentUrl\":\"https:\\\/\\\/secure.gravatar.com\\\/avatar\\\/c052a2551a06e23fac63626232eaa90abd78dbcf1700fc46a2b2c89fd27b735f?s=96&d=mm&r=g\",\"caption\":\"Redacci\u00f3n A Nova Peneira\"},\"sameAs\":[\"http:\\\/\\\/www.anovapeneira.gal\\\/\"],\"url\":\"https:\\\/\\\/www.anovapeneira.gal\\\/index.php\\\/author\\\/redactor\\\/\"}]}<\/script>\n<!-- \/ Yoast SEO plugin. -->","yoast_head_json":{"title":"O BNG demanda ao goberno de Digna Rivas unhas podas da Alameda axustadas -","robots":{"index":"index","follow":"follow","max-snippet":"max-snippet:-1","max-image-preview":"max-image-preview:large","max-video-preview":"max-video-preview:-1"},"canonical":"https:\/\/www.anovapeneira.gal\/index.php\/2025\/11\/26\/o-bng-demanda-ao-goberno-de-digna-rivas-unhas-podas-da-alameda-axustadas\/","og_locale":"gl_ES","og_type":"article","og_title":"O BNG demanda ao goberno de Digna Rivas unhas podas da Alameda axustadas -","og_description":"Xo\u00e1n Carlos Gonz\u00e1lez \u201cD\u00e9bese prever a creaci\u00f3n de suficientes espazos con sombra nos meses de primavera e ver\u00e1n\u201d [...]","og_url":"https:\/\/www.anovapeneira.gal\/index.php\/2025\/11\/26\/o-bng-demanda-ao-goberno-de-digna-rivas-unhas-podas-da-alameda-axustadas\/","article_publisher":"https:\/\/www.facebook.com\/anovapeneira","article_published_time":"2025-11-26T11:00:11+00:00","og_image":[{"width":720,"height":432,"url":"https:\/\/www.anovapeneira.gal\/wp-content\/uploads\/2025\/11\/alameda_redondela.png","type":"image\/png"}],"author":"Redacci\u00f3n A Nova Peneira","twitter_card":"summary_large_image","twitter_creator":"@APeneira","twitter_site":"@APeneira","twitter_misc":{"Escrito por":"Redacci\u00f3n A Nova Peneira","Tempo de lectura":"2 minutos"},"schema":{"@context":"https:\/\/schema.org","@graph":[{"@type":"Article","@id":"https:\/\/www.anovapeneira.gal\/index.php\/2025\/11\/26\/o-bng-demanda-ao-goberno-de-digna-rivas-unhas-podas-da-alameda-axustadas\/#article","isPartOf":{"@id":"https:\/\/www.anovapeneira.gal\/index.php\/2025\/11\/26\/o-bng-demanda-ao-goberno-de-digna-rivas-unhas-podas-da-alameda-axustadas\/"},"author":{"name":"Redacci\u00f3n A Nova Peneira","@id":"https:\/\/www.anovapeneira.gal\/#\/schema\/person\/b93e3f8932e3f8da96334607eb6ac6aa"},"headline":"O BNG demanda ao goberno de Digna Rivas unhas podas da Alameda axustadas","datePublished":"2025-11-26T11:00:11+00:00","mainEntityOfPage":{"@id":"https:\/\/www.anovapeneira.gal\/index.php\/2025\/11\/26\/o-bng-demanda-ao-goberno-de-digna-rivas-unhas-podas-da-alameda-axustadas\/"},"wordCount":321,"commentCount":0,"publisher":{"@id":"https:\/\/www.anovapeneira.gal\/#organization"},"image":{"@id":"https:\/\/www.anovapeneira.gal\/index.php\/2025\/11\/26\/o-bng-demanda-ao-goberno-de-digna-rivas-unhas-podas-da-alameda-axustadas\/#primaryimage"},"thumbnailUrl":"https:\/\/www.anovapeneira.gal\/wp-content\/uploads\/2025\/11\/alameda_redondela.png","keywords":["Concello de Redondela"],"articleSection":["Redondela"],"inLanguage":"gl-ES","potentialAction":[{"@type":"CommentAction","name":"Comment","target":["https:\/\/www.anovapeneira.gal\/index.php\/2025\/11\/26\/o-bng-demanda-ao-goberno-de-digna-rivas-unhas-podas-da-alameda-axustadas\/#respond"]}]},{"@type":"WebPage","@id":"https:\/\/www.anovapeneira.gal\/index.php\/2025\/11\/26\/o-bng-demanda-ao-goberno-de-digna-rivas-unhas-podas-da-alameda-axustadas\/","url":"https:\/\/www.anovapeneira.gal\/index.php\/2025\/11\/26\/o-bng-demanda-ao-goberno-de-digna-rivas-unhas-podas-da-alameda-axustadas\/","name":"O BNG demanda ao goberno de Digna Rivas unhas podas da Alameda axustadas -","isPartOf":{"@id":"https:\/\/www.anovapeneira.gal\/#website"},"primaryImageOfPage":{"@id":"https:\/\/www.anovapeneira.gal\/index.php\/2025\/11\/26\/o-bng-demanda-ao-goberno-de-digna-rivas-unhas-podas-da-alameda-axustadas\/#primaryimage"},"image":{"@id":"https:\/\/www.anovapeneira.gal\/index.php\/2025\/11\/26\/o-bng-demanda-ao-goberno-de-digna-rivas-unhas-podas-da-alameda-axustadas\/#primaryimage"},"thumbnailUrl":"https:\/\/www.anovapeneira.gal\/wp-content\/uploads\/2025\/11\/alameda_redondela.png","datePublished":"2025-11-26T11:00:11+00:00","breadcrumb":{"@id":"https:\/\/www.anovapeneira.gal\/index.php\/2025\/11\/26\/o-bng-demanda-ao-goberno-de-digna-rivas-unhas-podas-da-alameda-axustadas\/#breadcrumb"},"inLanguage":"gl-ES","potentialAction":[{"@type":"ReadAction","target":["https:\/\/www.anovapeneira.gal\/index.php\/2025\/11\/26\/o-bng-demanda-ao-goberno-de-digna-rivas-unhas-podas-da-alameda-axustadas\/"]}]},{"@type":"ImageObject","inLanguage":"gl-ES","@id":"https:\/\/www.anovapeneira.gal\/index.php\/2025\/11\/26\/o-bng-demanda-ao-goberno-de-digna-rivas-unhas-podas-da-alameda-axustadas\/#primaryimage","url":"https:\/\/www.anovapeneira.gal\/wp-content\/uploads\/2025\/11\/alameda_redondela.png","contentUrl":"https:\/\/www.anovapeneira.gal\/wp-content\/uploads\/2025\/11\/alameda_redondela.png","width":720,"height":432},{"@type":"BreadcrumbList","@id":"https:\/\/www.anovapeneira.gal\/index.php\/2025\/11\/26\/o-bng-demanda-ao-goberno-de-digna-rivas-unhas-podas-da-alameda-axustadas\/#breadcrumb","itemListElement":[{"@type":"ListItem","position":1,"name":"Portada","item":"https:\/\/www.anovapeneira.gal\/"},{"@type":"ListItem","position":2,"name":"O BNG demanda ao goberno de Digna Rivas unhas podas da Alameda axustadas"}]},{"@type":"WebSite","@id":"https:\/\/www.anovapeneira.gal\/#website","url":"https:\/\/www.anovapeneira.gal\/","name":"","description":"Xornal galego de informaci\u00f3n xeral Publicaci\u00f3n mensual de novas de Galicia e en especial dos Concellos da sur da provincia de Pontevedra.","publisher":{"@id":"https:\/\/www.anovapeneira.gal\/#organization"},"potentialAction":[{"@type":"SearchAction","target":{"@type":"EntryPoint","urlTemplate":"https:\/\/www.anovapeneira.gal\/?s={search_term_string}"},"query-input":{"@type":"PropertyValueSpecification","valueRequired":true,"valueName":"search_term_string"}}],"inLanguage":"gl-ES"},{"@type":"Organization","@id":"https:\/\/www.anovapeneira.gal\/#organization","name":"A Nova Peneira","url":"https:\/\/www.anovapeneira.gal\/","logo":{"@type":"ImageObject","inLanguage":"gl-ES","@id":"https:\/\/www.anovapeneira.gal\/#\/schema\/logo\/image\/","url":"http:\/\/www.anovapeneira.gal\/wp-content\/uploads\/2019\/06\/logo_a_nova_peneira_portal_web.png","contentUrl":"http:\/\/www.anovapeneira.gal\/wp-content\/uploads\/2019\/06\/logo_a_nova_peneira_portal_web.png","width":300,"height":100,"caption":"A Nova Peneira"},"image":{"@id":"https:\/\/www.anovapeneira.gal\/#\/schema\/logo\/image\/"},"sameAs":["https:\/\/www.facebook.com\/anovapeneira","https:\/\/x.com\/APeneira"]},{"@type":"Person","@id":"https:\/\/www.anovapeneira.gal\/#\/schema\/person\/b93e3f8932e3f8da96334607eb6ac6aa","name":"Redacci\u00f3n A Nova Peneira","image":{"@type":"ImageObject","inLanguage":"gl-ES","@id":"https:\/\/secure.gravatar.com\/avatar\/c052a2551a06e23fac63626232eaa90abd78dbcf1700fc46a2b2c89fd27b735f?s=96&d=mm&r=g","url":"https:\/\/secure.gravatar.com\/avatar\/c052a2551a06e23fac63626232eaa90abd78dbcf1700fc46a2b2c89fd27b735f?s=96&d=mm&r=g","contentUrl":"https:\/\/secure.gravatar.com\/avatar\/c052a2551a06e23fac63626232eaa90abd78dbcf1700fc46a2b2c89fd27b735f?s=96&d=mm&r=g","caption":"Redacci\u00f3n A Nova Peneira"},"sameAs":["http:\/\/www.anovapeneira.gal\/"],"url":"https:\/\/www.anovapeneira.gal\/index.php\/author\/redactor\/"}]}},"jetpack_featured_media_url":"https:\/\/www.anovapeneira.gal\/wp-content\/uploads\/2025\/11\/alameda_redondela.png","_links":{"self":[{"href":"https:\/\/www.anovapeneira.gal\/index.php\/wp-json\/wp\/v2\/posts\/14988","targetHints":{"allow":["GET"]}}],"collection":[{"href":"https:\/\/www.anovapeneira.gal\/index.php\/wp-json\/wp\/v2\/posts"}],"about":[{"href":"https:\/\/www.anovapeneira.gal\/index.php\/wp-json\/wp\/v2\/types\/post"}],"author":[{"embeddable":true,"href":"https:\/\/www.anovapeneira.gal\/index.php\/wp-json\/wp\/v2\/users\/3"}],"replies":[{"embeddable":true,"href":"https:\/\/www.anovapeneira.gal\/index.php\/wp-json\/wp\/v2\/comments?post=14988"}],"version-history":[{"count":1,"href":"https:\/\/www.anovapeneira.gal\/index.php\/wp-json\/wp\/v2\/posts\/14988\/revisions"}],"predecessor-version":[{"id":14990,"href":"https:\/\/www.anovapeneira.gal\/index.php\/wp-json\/wp\/v2\/posts\/14988\/revisions\/14990"}],"wp:featuredmedia":[{"embeddable":true,"href":"https:\/\/www.anovapeneira.gal\/index.php\/wp-json\/wp\/v2\/media\/14989"}],"wp:attachment":[{"href":"https:\/\/www.anovapeneira.gal\/index.php\/wp-json\/wp\/v2\/media?parent=14988"}],"wp:term":[{"taxonomy":"category","embeddable":true,"href":"https:\/\/www.anovapeneira.gal\/index.php\/wp-json\/wp\/v2\/categories?post=14988"},{"taxonomy":"post_tag","embeddable":true,"href":"https:\/\/www.anovapeneira.gal\/index.php\/wp-json\/wp\/v2\/tags?post=14988"}],"curies":[{"name":"wp","href":"https:\/\/api.w.org\/{rel}","templated":true}]}}