{"id":14993,"date":"2025-11-27T10:00:30","date_gmt":"2025-11-27T09:00:30","guid":{"rendered":"https:\/\/www.anovapeneira.gal\/?p=14993"},"modified":"2025-11-26T10:15:50","modified_gmt":"2025-11-26T09:15:50","slug":"o-bng-inicia-o-camino-cara-as-municipais-e-abre-o-proceso-de-eleccion-das-persoas-que-encabezaran-as-listas-nas-cidades","status":"publish","type":"post","link":"https:\/\/www.anovapeneira.gal\/index.php\/2025\/11\/27\/o-bng-inicia-o-camino-cara-as-municipais-e-abre-o-proceso-de-eleccion-das-persoas-que-encabezaran-as-listas-nas-cidades\/","title":{"rendered":"O BNG inicia o cami\u00f1o cara \u00e1s municipais e abre o proceso de elecci\u00f3n das persoas que encabezar\u00e1n as listas nas cidades"},"content":{"rendered":"\n<h2 class=\"wp-block-heading\"><a><\/a> <strong>F\u00edxase como obxectivo seguir ampliando a s\u00faa base social: \u201cGobernar un concello tam\u00e9n \u00e9 constru\u00edr Pa\u00eds\u201d, destaca a portavoz nacional<\/strong><\/h2>\n\n\n\n<p><strong>Pont\u00f3n advirte da involuci\u00f3n democr\u00e1tica dun PP ultra que en Galiza s\u00f3 ofrece deslealdade, crispaci\u00f3n e mentiras: \u201c\u00c9 o <\/strong><em><strong>bulogoberno<\/strong><\/em><strong> do PP\u201d<\/strong><\/p>\n\n\n\n<p><strong>Santiago de Compostela, 22 novembro 2025.-<\/strong> <\/p>\n\n\n\n<p>O BNG inicia a preparaci\u00f3n das elecci\u00f3ns municipais de 2027 coa aprobaci\u00f3n no seu Consello Nacional do regulamento para elaborar as candidaturas locais. O calendario de traballo que tam\u00e9n acordou o m\u00e1ximo \u00f3rgano de direcci\u00f3n entre asembleas fixa no horizonte do primeiro semestre de 2026, antes do 25 de xullo, a elecci\u00f3n das candidatas e candidatos nas sete grandes cidades, nun proceso que, en todo caso, est\u00e1 aberto para o conxunto dos concellos en funci\u00f3n do ritmo de cada unha das localidades.<\/p>\n\n\n\n<p>As\u00ed o avanzou a portavoz nacional, Ana Pont\u00f3n, tras a \u00faltima reuni\u00f3n do ano do Consello Nacional e na que explicou que o Bloque traballa cun obxectivo moi claro, o de \u201cseguir ampliando\u201d a s\u00faa base social e electoral \u201cao longo e ancho do Pa\u00eds\u201d como paso previo ao reto de liderar o goberno de Galiza.<\/p>\n\n\n\n<p>Para iso, considerou fundamental traballar coas ideas claras, dirix\u00edndose \u00e1 sociedade coa man tendida e demostr\u00e1ndolle, d\u00eda a d\u00eda, que \u201chai outra forma de facer pol\u00edtica afastada da crispaci\u00f3n, do insulto e da lameira que intoxica desde a pol\u00edtica estatal\u201d.<\/p>\n\n\n\n<p>\u201cP\u00eddovos que non nos desviemos nin un s\u00f3 mil\u00edmetro da nosa folla de ruta e que lle sigamos dando esperanza aos galegos e \u00e1s galegas en torno ao proxecto que representa o BNG, traballando desde a humildade, desde a honestidade e desde a confianza en Galiza e en cada un dos concellos do noso Pa\u00eds\u201d, animou.<\/p>\n\n\n\n<p>Pont\u00f3n alegou que aumentar a representaci\u00f3n nos concellos \u00e9 un obxectivo clave para fortalecer o nacionalismo e que, ademais, contribuir\u00e1 a consolidar o proxecto de goberno alternativo que representa o Bloque, sinalando os exemplos de bo goberno das alcald\u00edas BNG \u201cque transforman en positivo e melloran a vida da veci\u00f1anza\u201d como \u201co mellor aval para pedir a confianza dos veci\u00f1os e das veci\u00f1as\u201d.<\/p>\n\n\n\n<p>\u201cEse modelo municipal de excelencia, que se ve nos nosos gobernos municipais, \u00e9 o mellor aval para pedir a confianza da veci\u00f1anza e seguir ampliando a base social do BNG para liderar un proxecto de Pa\u00eds\u201d, remarcou.<\/p>\n\n\n\n<p>Neste sentido, recordou que os concellos gobernados polo Bloque \u201cprosperan, ga\u00f1an dinamismo econ\u00f3mico e social\u201d e \u201cavanzan en igualdade, en xustiza social, na promoci\u00f3n da lingua e da cultura e na recuperaci\u00f3n do espazo p\u00fablico\u201d como un dereito m\u00e1is que te\u00f1en os cidad\u00e1ns e as cidad\u00e1s porque son gobernos que \u201cpo\u00f1en as persoas no centro\u201d e \u201ctransforman en positivo\u201d.<\/p>\n\n\n\n<p>Un modelo que confrontou co do PP, que fai xusto o contrario a base de recortes e privatizaci\u00f3ns na sanidade, na educaci\u00f3n ou no coidado das persoas maiores. \u201cMentres no BNG defendemos a democracia e a honestidade, o PP fomenta o transfuguismo con moci\u00f3ns de censura espurias, escuras e mesmo con coacci\u00f3ns\u201d, reprobou.<\/p>\n\n\n\n<p>A l\u00edder nacionalista exemplificou esta praxe dos <em>populares<\/em> no caso de Ribeira, onde mostrou o seu convencemento de que ao exrexedor Lu\u00eds P\u00e9rez \u201cfix\u00e9ronlle unha moci\u00f3n por ser un gran alcalde e facer ben o seu traballo\u201d, se ben tam\u00e9n se amosou convencida de que cando a cidadan\u00eda ribeir\u00e1 poda falar nas urnas, \u201crecuperar\u00e1 a dignidade e Lu\u00eds volver\u00e1 ser alcalde\u201d.<\/p>\n\n\n\n<p>Da mesma maneira, afondou, que tentaron promover, \u201ca\u00ednda que neste caso fracasaron\u201d, unha moci\u00f3n en Santiago \u201cporque est\u00e1n dos nervios ante o impulso que lle est\u00e1 dando \u00e1 cidade\u201d Goretti Sanmart\u00edn, da que dixo \u201ccolleu o concello nunha situaci\u00f3n moi dif\u00edcil despois de anos de desnorte\u201d e hoxe a capital galega conta cunha alcaldesa \u201ccon ideas e proxectos para devolverlle o orgullo de cidade\u201d aos veci\u00f1os e veci\u00f1as e po\u00f1er en marcha un novo modelo de desenvolvemento urbano.<\/p>\n\n\n\n<p>Fronte a quen pensa que as municipais son simples antesalas de citas electorais de m\u00e1is importancia, Pont\u00f3n remarcou que para o BNG \u201cgobernar un concello tam\u00e9n \u00e9 constru\u00edr Pa\u00eds\u201d. O que o a organizaci\u00f3n nacionalista fai en cada municipio, alegou, \u00e9 un exemplo do que quere para todo o Pa\u00eds, \u201cunha Galiza m\u00e1is igualitaria, m\u00e1is moderna, m\u00e1is respectuosa co territorio, m\u00e1is innovadora, m\u00e1is feminista e m\u00e1is orgullosa de si mesma\u201d, afondou.<\/p>\n\n\n\n<p>Por iso, apelou a seguir sumando nos municipios facendo chegar o proxecto do Bloque a m\u00e1is sensibilidades e a m\u00e1is sectores sociais, dado que as elecci\u00f3ns locais son \u201cunha nova oportunidade para seguir consolidando o avance do BNG\u201d.<\/p>\n\n\n\n<p><em><strong>Rueda, empe\u00f1ado en importar a lameira pol\u00edtica de Madrid<\/strong><\/em><\/p>\n\n\n\n<p>A portavoz nacional tam\u00e9n se referiu ao complexo momento pol\u00edtico, no que \u201ca crispaci\u00f3n, o insulto e mesmo a destruci\u00f3n persoal do adversario\u201d \u00e9 parte esencial da pol\u00edtica que chega desde Madrid. \u201cUnha aut\u00e9ntica lameira que o Partido Popular de Rueda quere importar a Galiza\u201d, criticou.<\/p>\n\n\n\n<p>Nesta li\u00f1a, advertiu que o contexto actual non \u00e9 froito da casualidade, sen\u00f3n unha \u201cestratexia deliberada dos mesmos de sempre, dos que, ademais, deslexitiman a democracia cando non gobernan\u201d, polo que cualificou de \u201cobsceno\u201d ver aos herdeiros pol\u00edticos do franquismo falar de ditadura e cuestionar o resultado das urnas \u201cporque ese resultado democr\u00e1tico pechou o paso da dereita de <em>ganchete<\/em> coa extrema dereita\u201d.<\/p>\n\n\n\n<p>\u201cVemos ao PP m\u00e1is ultra da historia empe\u00f1ado en deslexitimar a democracia por terra, mar e aire botando man de todos os resortes que ten no \u00e1mbito econ\u00f3mico, no medi\u00e1tico e tam\u00e9n no xur\u00eddico\u201d, sintetizou, aludindo \u00e1 sentenza que condenou ao fiscal xeral do Estado.<\/p>\n\n\n\n<p>\u201cAcabamos de ver a sentenza contra o fiscal xeral do Estado, que non \u00e9 o primeiro caso de <em>lawfare<\/em> no Estado espa\u00f1ol porque hai que lembrar que antes foron a por nacionalistas, a por movementos sociais, a por medios de comunicaci\u00f3n\u201d, enumerou, para indicar a continuaci\u00f3n que \u201clamentablemente nese momento o PSOE miraba para outro lado porque non lle afectaba directamente\u201d.<\/p>\n\n\n\n<p>A portavoz do BNG advertiu que, de non facer nada, este non ser\u00e1 o \u00faltimo caso de utilizaci\u00f3n da xustiza con fins partidistas por parte da dereita. \u201cPorque se lle fan isto a un fiscal xeral do Estado, que non lle far\u00e1n a calquera persoa do com\u00fan?\u201d, cuestionou.<\/p>\n\n\n\n<p>\u201cC\u00famprense 50 anos da morte do ditador, pero non podemos dar por morto o franquismo, ao contrario, vemos con moita preocupaci\u00f3n como rebrota un discurso involucionista\u201d, reflexionou.<\/p>\n\n\n\n<p><em><strong>O Goberno do PP, unha f\u00e1brica de bulos<\/strong><\/em><\/p>\n\n\n\n<p>Unha involuci\u00f3n que, reprochou, o PP traslada tam\u00e9n a Galiza, cun goberno de Rueda \u201cinstalado no insulto e na mentira, empe\u00f1ado en importar a lameira pol\u00edtica de Madrid\u201d e que, en lugar de aportar soluci\u00f3ns, busca a quen botar a culpa, \u201cconvertido nunha f\u00e1brica de <em>bulos<\/em> at\u00e9 extremos de caricatura\u201d.<\/p>\n\n\n\n<p>\u201cInventaron unha nova forma de gobernar, \u00e9 o <em>bulogoberno<\/em> de Rueda, desleal co Pa\u00eds, submiso ao centralismo e tan irrelevante que non conta nin ante o Estado nin ante o seu partido: Madrid manda, Rueda obedece e Galiza perde\u201d, resumiu.<\/p>\n\n\n\n<p>Pont\u00f3n exemplificou a actitude desleal do titular da Xunta na s\u00faa negativa \u00e1 quita de 4.000 mill\u00f3ns de euros na d\u00e9beda p\u00fablica lograda polo BNG no acordo de investidura; no seu xeito de traballar en favor dos poderosos -como o <em>lobby<\/em> el\u00e9ctrico ou Altri- e das empresas amigas do PP, ou nos recortes no p\u00fablico para beneficiar o negocio privado, tam\u00e9n na sanidade.<\/p>\n\n\n\n<p>\u00c1mbito este \u00faltimo no que quixo trasladar todo o apoio do Bloque \u00e1 folga e \u00e1s mobilizaci\u00f3ns convocadas polo persoal de primaria, do que recalcou, \u201cfai un traballo extraordinario, pese \u00e1 precariedade e ao maltrato do Partido Popular\u201d. \u201cE te\u00f1en todo o noso apoio porque estamos falando do m\u00e1is importante, da sa\u00fade dos galegos e das galegas, e con iso, non se xoga\u201d, subli\u00f1ou.<\/p>\n\n\n\n<p>Neste contexto, destacou a importancia de que o BNG act\u00fae, m\u00e1is que nunca, como goberno alternativo fronte a un Executivo de Rueda que \u201cs\u00f3 ofrece deslealdade, crispaci\u00f3n e <em>bulos<\/em>\u201d. \u201cTemos que facelo por responsabilidade co Pa\u00eds, actuando como goberno alternativo na defensa de Galiza, plantando cara a un PP que pon os intereses do partido e das empresas amigas por diante dos galegos e das galegas\u201d, remarcou, para conclu\u00edr a continuaci\u00f3n que o Bloque seguir\u00e1 traballando \u201cpara darlle a este Pa\u00eds o futuro que merece\u201d.<\/p>\n","protected":false},"excerpt":{"rendered":"<div class=\"mh-excerpt\"><p>F\u00edxase como obxectivo seguir ampliando a s\u00faa base social: \u201cGobernar un concello tam\u00e9n \u00e9 constru\u00edr Pa\u00eds\u201d, destaca a portavoz nacional <a class=\"mh-excerpt-more\" href=\"https:\/\/www.anovapeneira.gal\/index.php\/2025\/11\/27\/o-bng-inicia-o-camino-cara-as-municipais-e-abre-o-proceso-de-eleccion-das-persoas-que-encabezaran-as-listas-nas-cidades\/\" title=\"O BNG inicia o cami\u00f1o cara \u00e1s municipais e abre o proceso de elecci\u00f3n das persoas que encabezar\u00e1n as listas nas cidades\">[&#8230;]<\/a><\/p>\n<\/div>","protected":false},"author":3,"featured_media":14994,"comment_status":"open","ping_status":"open","sticky":false,"template":"","format":"standard","meta":{"_exactmetrics_skip_tracking":false,"_exactmetrics_sitenote_active":false,"_exactmetrics_sitenote_note":"","_exactmetrics_sitenote_category":0,"footnotes":""},"categories":[263],"tags":[],"class_list":{"0":"post-14993","1":"post","2":"type-post","3":"status-publish","4":"format-standard","5":"has-post-thumbnail","7":"category-novas"},"yoast_head":"<!-- This site is optimized with the Yoast SEO plugin v27.4 - https:\/\/yoast.com\/product\/yoast-seo-wordpress\/ -->\n<title>O BNG inicia o cami\u00f1o cara \u00e1s municipais e abre o proceso de elecci\u00f3n das persoas que encabezar\u00e1n as listas nas cidades -<\/title>\n<meta name=\"robots\" content=\"index, follow, max-snippet:-1, max-image-preview:large, max-video-preview:-1\" \/>\n<link rel=\"canonical\" href=\"https:\/\/www.anovapeneira.gal\/index.php\/2025\/11\/27\/o-bng-inicia-o-camino-cara-as-municipais-e-abre-o-proceso-de-eleccion-das-persoas-que-encabezaran-as-listas-nas-cidades\/\" \/>\n<meta property=\"og:locale\" content=\"gl_ES\" \/>\n<meta property=\"og:type\" content=\"article\" \/>\n<meta property=\"og:title\" content=\"O BNG inicia o cami\u00f1o cara \u00e1s municipais e abre o proceso de elecci\u00f3n das persoas que encabezar\u00e1n as listas nas cidades -\" \/>\n<meta property=\"og:description\" content=\"F\u00edxase como obxectivo seguir ampliando a s\u00faa base social: \u201cGobernar un concello tam\u00e9n \u00e9 constru\u00edr Pa\u00eds\u201d, destaca a portavoz nacional [...]\" \/>\n<meta property=\"og:url\" content=\"https:\/\/www.anovapeneira.gal\/index.php\/2025\/11\/27\/o-bng-inicia-o-camino-cara-as-municipais-e-abre-o-proceso-de-eleccion-das-persoas-que-encabezaran-as-listas-nas-cidades\/\" \/>\n<meta property=\"article:publisher\" content=\"https:\/\/www.facebook.com\/anovapeneira\" \/>\n<meta property=\"article:published_time\" content=\"2025-11-27T09:00:30+00:00\" \/>\n<meta property=\"og:image\" content=\"https:\/\/www.anovapeneira.gal\/wp-content\/uploads\/2025\/11\/ana_ponton.png\" \/>\n\t<meta property=\"og:image:width\" content=\"720\" \/>\n\t<meta property=\"og:image:height\" content=\"432\" \/>\n\t<meta property=\"og:image:type\" content=\"image\/png\" \/>\n<meta name=\"author\" content=\"Redacci\u00f3n A Nova Peneira\" \/>\n<meta name=\"twitter:card\" content=\"summary_large_image\" \/>\n<meta name=\"twitter:creator\" content=\"@APeneira\" \/>\n<meta name=\"twitter:site\" content=\"@APeneira\" \/>\n<meta name=\"twitter:label1\" content=\"Escrito por\" \/>\n\t<meta name=\"twitter:data1\" content=\"Redacci\u00f3n A Nova Peneira\" \/>\n\t<meta name=\"twitter:label2\" content=\"Tempo de lectura\" \/>\n\t<meta name=\"twitter:data2\" content=\"8 minutos\" \/>\n<script type=\"application\/ld+json\" class=\"yoast-schema-graph\">{\"@context\":\"https:\\\/\\\/schema.org\",\"@graph\":[{\"@type\":\"Article\",\"@id\":\"https:\\\/\\\/www.anovapeneira.gal\\\/index.php\\\/2025\\\/11\\\/27\\\/o-bng-inicia-o-camino-cara-as-municipais-e-abre-o-proceso-de-eleccion-das-persoas-que-encabezaran-as-listas-nas-cidades\\\/#article\",\"isPartOf\":{\"@id\":\"https:\\\/\\\/www.anovapeneira.gal\\\/index.php\\\/2025\\\/11\\\/27\\\/o-bng-inicia-o-camino-cara-as-municipais-e-abre-o-proceso-de-eleccion-das-persoas-que-encabezaran-as-listas-nas-cidades\\\/\"},\"author\":{\"name\":\"Redacci\u00f3n A Nova Peneira\",\"@id\":\"https:\\\/\\\/www.anovapeneira.gal\\\/#\\\/schema\\\/person\\\/b93e3f8932e3f8da96334607eb6ac6aa\"},\"headline\":\"O BNG inicia o cami\u00f1o cara \u00e1s municipais e abre o proceso de elecci\u00f3n das persoas que encabezar\u00e1n as listas nas cidades\",\"datePublished\":\"2025-11-27T09:00:30+00:00\",\"mainEntityOfPage\":{\"@id\":\"https:\\\/\\\/www.anovapeneira.gal\\\/index.php\\\/2025\\\/11\\\/27\\\/o-bng-inicia-o-camino-cara-as-municipais-e-abre-o-proceso-de-eleccion-das-persoas-que-encabezaran-as-listas-nas-cidades\\\/\"},\"wordCount\":1494,\"commentCount\":0,\"publisher\":{\"@id\":\"https:\\\/\\\/www.anovapeneira.gal\\\/#organization\"},\"image\":{\"@id\":\"https:\\\/\\\/www.anovapeneira.gal\\\/index.php\\\/2025\\\/11\\\/27\\\/o-bng-inicia-o-camino-cara-as-municipais-e-abre-o-proceso-de-eleccion-das-persoas-que-encabezaran-as-listas-nas-cidades\\\/#primaryimage\"},\"thumbnailUrl\":\"https:\\\/\\\/www.anovapeneira.gal\\\/wp-content\\\/uploads\\\/2025\\\/11\\\/ana_ponton.png\",\"articleSection\":[\"Novas\"],\"inLanguage\":\"gl-ES\",\"potentialAction\":[{\"@type\":\"CommentAction\",\"name\":\"Comment\",\"target\":[\"https:\\\/\\\/www.anovapeneira.gal\\\/index.php\\\/2025\\\/11\\\/27\\\/o-bng-inicia-o-camino-cara-as-municipais-e-abre-o-proceso-de-eleccion-das-persoas-que-encabezaran-as-listas-nas-cidades\\\/#respond\"]}]},{\"@type\":\"WebPage\",\"@id\":\"https:\\\/\\\/www.anovapeneira.gal\\\/index.php\\\/2025\\\/11\\\/27\\\/o-bng-inicia-o-camino-cara-as-municipais-e-abre-o-proceso-de-eleccion-das-persoas-que-encabezaran-as-listas-nas-cidades\\\/\",\"url\":\"https:\\\/\\\/www.anovapeneira.gal\\\/index.php\\\/2025\\\/11\\\/27\\\/o-bng-inicia-o-camino-cara-as-municipais-e-abre-o-proceso-de-eleccion-das-persoas-que-encabezaran-as-listas-nas-cidades\\\/\",\"name\":\"O BNG inicia o cami\u00f1o cara \u00e1s municipais e abre o proceso de elecci\u00f3n das persoas que encabezar\u00e1n as listas nas cidades -\",\"isPartOf\":{\"@id\":\"https:\\\/\\\/www.anovapeneira.gal\\\/#website\"},\"primaryImageOfPage\":{\"@id\":\"https:\\\/\\\/www.anovapeneira.gal\\\/index.php\\\/2025\\\/11\\\/27\\\/o-bng-inicia-o-camino-cara-as-municipais-e-abre-o-proceso-de-eleccion-das-persoas-que-encabezaran-as-listas-nas-cidades\\\/#primaryimage\"},\"image\":{\"@id\":\"https:\\\/\\\/www.anovapeneira.gal\\\/index.php\\\/2025\\\/11\\\/27\\\/o-bng-inicia-o-camino-cara-as-municipais-e-abre-o-proceso-de-eleccion-das-persoas-que-encabezaran-as-listas-nas-cidades\\\/#primaryimage\"},\"thumbnailUrl\":\"https:\\\/\\\/www.anovapeneira.gal\\\/wp-content\\\/uploads\\\/2025\\\/11\\\/ana_ponton.png\",\"datePublished\":\"2025-11-27T09:00:30+00:00\",\"breadcrumb\":{\"@id\":\"https:\\\/\\\/www.anovapeneira.gal\\\/index.php\\\/2025\\\/11\\\/27\\\/o-bng-inicia-o-camino-cara-as-municipais-e-abre-o-proceso-de-eleccion-das-persoas-que-encabezaran-as-listas-nas-cidades\\\/#breadcrumb\"},\"inLanguage\":\"gl-ES\",\"potentialAction\":[{\"@type\":\"ReadAction\",\"target\":[\"https:\\\/\\\/www.anovapeneira.gal\\\/index.php\\\/2025\\\/11\\\/27\\\/o-bng-inicia-o-camino-cara-as-municipais-e-abre-o-proceso-de-eleccion-das-persoas-que-encabezaran-as-listas-nas-cidades\\\/\"]}]},{\"@type\":\"ImageObject\",\"inLanguage\":\"gl-ES\",\"@id\":\"https:\\\/\\\/www.anovapeneira.gal\\\/index.php\\\/2025\\\/11\\\/27\\\/o-bng-inicia-o-camino-cara-as-municipais-e-abre-o-proceso-de-eleccion-das-persoas-que-encabezaran-as-listas-nas-cidades\\\/#primaryimage\",\"url\":\"https:\\\/\\\/www.anovapeneira.gal\\\/wp-content\\\/uploads\\\/2025\\\/11\\\/ana_ponton.png\",\"contentUrl\":\"https:\\\/\\\/www.anovapeneira.gal\\\/wp-content\\\/uploads\\\/2025\\\/11\\\/ana_ponton.png\",\"width\":720,\"height\":432},{\"@type\":\"BreadcrumbList\",\"@id\":\"https:\\\/\\\/www.anovapeneira.gal\\\/index.php\\\/2025\\\/11\\\/27\\\/o-bng-inicia-o-camino-cara-as-municipais-e-abre-o-proceso-de-eleccion-das-persoas-que-encabezaran-as-listas-nas-cidades\\\/#breadcrumb\",\"itemListElement\":[{\"@type\":\"ListItem\",\"position\":1,\"name\":\"Portada\",\"item\":\"https:\\\/\\\/www.anovapeneira.gal\\\/\"},{\"@type\":\"ListItem\",\"position\":2,\"name\":\"O BNG inicia o cami\u00f1o cara \u00e1s municipais e abre o proceso de elecci\u00f3n das persoas que encabezar\u00e1n as listas nas cidades\"}]},{\"@type\":\"WebSite\",\"@id\":\"https:\\\/\\\/www.anovapeneira.gal\\\/#website\",\"url\":\"https:\\\/\\\/www.anovapeneira.gal\\\/\",\"name\":\"\",\"description\":\"Xornal galego de informaci\u00f3n xeral Publicaci\u00f3n mensual de novas de Galicia e en especial dos Concellos da sur da provincia de Pontevedra.\",\"publisher\":{\"@id\":\"https:\\\/\\\/www.anovapeneira.gal\\\/#organization\"},\"potentialAction\":[{\"@type\":\"SearchAction\",\"target\":{\"@type\":\"EntryPoint\",\"urlTemplate\":\"https:\\\/\\\/www.anovapeneira.gal\\\/?s={search_term_string}\"},\"query-input\":{\"@type\":\"PropertyValueSpecification\",\"valueRequired\":true,\"valueName\":\"search_term_string\"}}],\"inLanguage\":\"gl-ES\"},{\"@type\":\"Organization\",\"@id\":\"https:\\\/\\\/www.anovapeneira.gal\\\/#organization\",\"name\":\"A Nova Peneira\",\"url\":\"https:\\\/\\\/www.anovapeneira.gal\\\/\",\"logo\":{\"@type\":\"ImageObject\",\"inLanguage\":\"gl-ES\",\"@id\":\"https:\\\/\\\/www.anovapeneira.gal\\\/#\\\/schema\\\/logo\\\/image\\\/\",\"url\":\"http:\\\/\\\/www.anovapeneira.gal\\\/wp-content\\\/uploads\\\/2019\\\/06\\\/logo_a_nova_peneira_portal_web.png\",\"contentUrl\":\"http:\\\/\\\/www.anovapeneira.gal\\\/wp-content\\\/uploads\\\/2019\\\/06\\\/logo_a_nova_peneira_portal_web.png\",\"width\":300,\"height\":100,\"caption\":\"A Nova Peneira\"},\"image\":{\"@id\":\"https:\\\/\\\/www.anovapeneira.gal\\\/#\\\/schema\\\/logo\\\/image\\\/\"},\"sameAs\":[\"https:\\\/\\\/www.facebook.com\\\/anovapeneira\",\"https:\\\/\\\/x.com\\\/APeneira\"]},{\"@type\":\"Person\",\"@id\":\"https:\\\/\\\/www.anovapeneira.gal\\\/#\\\/schema\\\/person\\\/b93e3f8932e3f8da96334607eb6ac6aa\",\"name\":\"Redacci\u00f3n A Nova Peneira\",\"image\":{\"@type\":\"ImageObject\",\"inLanguage\":\"gl-ES\",\"@id\":\"https:\\\/\\\/secure.gravatar.com\\\/avatar\\\/c052a2551a06e23fac63626232eaa90abd78dbcf1700fc46a2b2c89fd27b735f?s=96&d=mm&r=g\",\"url\":\"https:\\\/\\\/secure.gravatar.com\\\/avatar\\\/c052a2551a06e23fac63626232eaa90abd78dbcf1700fc46a2b2c89fd27b735f?s=96&d=mm&r=g\",\"contentUrl\":\"https:\\\/\\\/secure.gravatar.com\\\/avatar\\\/c052a2551a06e23fac63626232eaa90abd78dbcf1700fc46a2b2c89fd27b735f?s=96&d=mm&r=g\",\"caption\":\"Redacci\u00f3n A Nova Peneira\"},\"sameAs\":[\"http:\\\/\\\/www.anovapeneira.gal\\\/\"],\"url\":\"https:\\\/\\\/www.anovapeneira.gal\\\/index.php\\\/author\\\/redactor\\\/\"}]}<\/script>\n<!-- \/ Yoast SEO plugin. -->","yoast_head_json":{"title":"O BNG inicia o cami\u00f1o cara \u00e1s municipais e abre o proceso de elecci\u00f3n das persoas que encabezar\u00e1n as listas nas cidades -","robots":{"index":"index","follow":"follow","max-snippet":"max-snippet:-1","max-image-preview":"max-image-preview:large","max-video-preview":"max-video-preview:-1"},"canonical":"https:\/\/www.anovapeneira.gal\/index.php\/2025\/11\/27\/o-bng-inicia-o-camino-cara-as-municipais-e-abre-o-proceso-de-eleccion-das-persoas-que-encabezaran-as-listas-nas-cidades\/","og_locale":"gl_ES","og_type":"article","og_title":"O BNG inicia o cami\u00f1o cara \u00e1s municipais e abre o proceso de elecci\u00f3n das persoas que encabezar\u00e1n as listas nas cidades -","og_description":"F\u00edxase como obxectivo seguir ampliando a s\u00faa base social: \u201cGobernar un concello tam\u00e9n \u00e9 constru\u00edr Pa\u00eds\u201d, destaca a portavoz nacional [...]","og_url":"https:\/\/www.anovapeneira.gal\/index.php\/2025\/11\/27\/o-bng-inicia-o-camino-cara-as-municipais-e-abre-o-proceso-de-eleccion-das-persoas-que-encabezaran-as-listas-nas-cidades\/","article_publisher":"https:\/\/www.facebook.com\/anovapeneira","article_published_time":"2025-11-27T09:00:30+00:00","og_image":[{"width":720,"height":432,"url":"https:\/\/www.anovapeneira.gal\/wp-content\/uploads\/2025\/11\/ana_ponton.png","type":"image\/png"}],"author":"Redacci\u00f3n A Nova Peneira","twitter_card":"summary_large_image","twitter_creator":"@APeneira","twitter_site":"@APeneira","twitter_misc":{"Escrito por":"Redacci\u00f3n A Nova Peneira","Tempo de lectura":"8 minutos"},"schema":{"@context":"https:\/\/schema.org","@graph":[{"@type":"Article","@id":"https:\/\/www.anovapeneira.gal\/index.php\/2025\/11\/27\/o-bng-inicia-o-camino-cara-as-municipais-e-abre-o-proceso-de-eleccion-das-persoas-que-encabezaran-as-listas-nas-cidades\/#article","isPartOf":{"@id":"https:\/\/www.anovapeneira.gal\/index.php\/2025\/11\/27\/o-bng-inicia-o-camino-cara-as-municipais-e-abre-o-proceso-de-eleccion-das-persoas-que-encabezaran-as-listas-nas-cidades\/"},"author":{"name":"Redacci\u00f3n A Nova Peneira","@id":"https:\/\/www.anovapeneira.gal\/#\/schema\/person\/b93e3f8932e3f8da96334607eb6ac6aa"},"headline":"O BNG inicia o cami\u00f1o cara \u00e1s municipais e abre o proceso de elecci\u00f3n das persoas que encabezar\u00e1n as listas nas cidades","datePublished":"2025-11-27T09:00:30+00:00","mainEntityOfPage":{"@id":"https:\/\/www.anovapeneira.gal\/index.php\/2025\/11\/27\/o-bng-inicia-o-camino-cara-as-municipais-e-abre-o-proceso-de-eleccion-das-persoas-que-encabezaran-as-listas-nas-cidades\/"},"wordCount":1494,"commentCount":0,"publisher":{"@id":"https:\/\/www.anovapeneira.gal\/#organization"},"image":{"@id":"https:\/\/www.anovapeneira.gal\/index.php\/2025\/11\/27\/o-bng-inicia-o-camino-cara-as-municipais-e-abre-o-proceso-de-eleccion-das-persoas-que-encabezaran-as-listas-nas-cidades\/#primaryimage"},"thumbnailUrl":"https:\/\/www.anovapeneira.gal\/wp-content\/uploads\/2025\/11\/ana_ponton.png","articleSection":["Novas"],"inLanguage":"gl-ES","potentialAction":[{"@type":"CommentAction","name":"Comment","target":["https:\/\/www.anovapeneira.gal\/index.php\/2025\/11\/27\/o-bng-inicia-o-camino-cara-as-municipais-e-abre-o-proceso-de-eleccion-das-persoas-que-encabezaran-as-listas-nas-cidades\/#respond"]}]},{"@type":"WebPage","@id":"https:\/\/www.anovapeneira.gal\/index.php\/2025\/11\/27\/o-bng-inicia-o-camino-cara-as-municipais-e-abre-o-proceso-de-eleccion-das-persoas-que-encabezaran-as-listas-nas-cidades\/","url":"https:\/\/www.anovapeneira.gal\/index.php\/2025\/11\/27\/o-bng-inicia-o-camino-cara-as-municipais-e-abre-o-proceso-de-eleccion-das-persoas-que-encabezaran-as-listas-nas-cidades\/","name":"O BNG inicia o cami\u00f1o cara \u00e1s municipais e abre o proceso de elecci\u00f3n das persoas que encabezar\u00e1n as listas nas cidades -","isPartOf":{"@id":"https:\/\/www.anovapeneira.gal\/#website"},"primaryImageOfPage":{"@id":"https:\/\/www.anovapeneira.gal\/index.php\/2025\/11\/27\/o-bng-inicia-o-camino-cara-as-municipais-e-abre-o-proceso-de-eleccion-das-persoas-que-encabezaran-as-listas-nas-cidades\/#primaryimage"},"image":{"@id":"https:\/\/www.anovapeneira.gal\/index.php\/2025\/11\/27\/o-bng-inicia-o-camino-cara-as-municipais-e-abre-o-proceso-de-eleccion-das-persoas-que-encabezaran-as-listas-nas-cidades\/#primaryimage"},"thumbnailUrl":"https:\/\/www.anovapeneira.gal\/wp-content\/uploads\/2025\/11\/ana_ponton.png","datePublished":"2025-11-27T09:00:30+00:00","breadcrumb":{"@id":"https:\/\/www.anovapeneira.gal\/index.php\/2025\/11\/27\/o-bng-inicia-o-camino-cara-as-municipais-e-abre-o-proceso-de-eleccion-das-persoas-que-encabezaran-as-listas-nas-cidades\/#breadcrumb"},"inLanguage":"gl-ES","potentialAction":[{"@type":"ReadAction","target":["https:\/\/www.anovapeneira.gal\/index.php\/2025\/11\/27\/o-bng-inicia-o-camino-cara-as-municipais-e-abre-o-proceso-de-eleccion-das-persoas-que-encabezaran-as-listas-nas-cidades\/"]}]},{"@type":"ImageObject","inLanguage":"gl-ES","@id":"https:\/\/www.anovapeneira.gal\/index.php\/2025\/11\/27\/o-bng-inicia-o-camino-cara-as-municipais-e-abre-o-proceso-de-eleccion-das-persoas-que-encabezaran-as-listas-nas-cidades\/#primaryimage","url":"https:\/\/www.anovapeneira.gal\/wp-content\/uploads\/2025\/11\/ana_ponton.png","contentUrl":"https:\/\/www.anovapeneira.gal\/wp-content\/uploads\/2025\/11\/ana_ponton.png","width":720,"height":432},{"@type":"BreadcrumbList","@id":"https:\/\/www.anovapeneira.gal\/index.php\/2025\/11\/27\/o-bng-inicia-o-camino-cara-as-municipais-e-abre-o-proceso-de-eleccion-das-persoas-que-encabezaran-as-listas-nas-cidades\/#breadcrumb","itemListElement":[{"@type":"ListItem","position":1,"name":"Portada","item":"https:\/\/www.anovapeneira.gal\/"},{"@type":"ListItem","position":2,"name":"O BNG inicia o cami\u00f1o cara \u00e1s municipais e abre o proceso de elecci\u00f3n das persoas que encabezar\u00e1n as listas nas cidades"}]},{"@type":"WebSite","@id":"https:\/\/www.anovapeneira.gal\/#website","url":"https:\/\/www.anovapeneira.gal\/","name":"","description":"Xornal galego de informaci\u00f3n xeral Publicaci\u00f3n mensual de novas de Galicia e en especial dos Concellos da sur da provincia de Pontevedra.","publisher":{"@id":"https:\/\/www.anovapeneira.gal\/#organization"},"potentialAction":[{"@type":"SearchAction","target":{"@type":"EntryPoint","urlTemplate":"https:\/\/www.anovapeneira.gal\/?s={search_term_string}"},"query-input":{"@type":"PropertyValueSpecification","valueRequired":true,"valueName":"search_term_string"}}],"inLanguage":"gl-ES"},{"@type":"Organization","@id":"https:\/\/www.anovapeneira.gal\/#organization","name":"A Nova Peneira","url":"https:\/\/www.anovapeneira.gal\/","logo":{"@type":"ImageObject","inLanguage":"gl-ES","@id":"https:\/\/www.anovapeneira.gal\/#\/schema\/logo\/image\/","url":"http:\/\/www.anovapeneira.gal\/wp-content\/uploads\/2019\/06\/logo_a_nova_peneira_portal_web.png","contentUrl":"http:\/\/www.anovapeneira.gal\/wp-content\/uploads\/2019\/06\/logo_a_nova_peneira_portal_web.png","width":300,"height":100,"caption":"A Nova Peneira"},"image":{"@id":"https:\/\/www.anovapeneira.gal\/#\/schema\/logo\/image\/"},"sameAs":["https:\/\/www.facebook.com\/anovapeneira","https:\/\/x.com\/APeneira"]},{"@type":"Person","@id":"https:\/\/www.anovapeneira.gal\/#\/schema\/person\/b93e3f8932e3f8da96334607eb6ac6aa","name":"Redacci\u00f3n A Nova Peneira","image":{"@type":"ImageObject","inLanguage":"gl-ES","@id":"https:\/\/secure.gravatar.com\/avatar\/c052a2551a06e23fac63626232eaa90abd78dbcf1700fc46a2b2c89fd27b735f?s=96&d=mm&r=g","url":"https:\/\/secure.gravatar.com\/avatar\/c052a2551a06e23fac63626232eaa90abd78dbcf1700fc46a2b2c89fd27b735f?s=96&d=mm&r=g","contentUrl":"https:\/\/secure.gravatar.com\/avatar\/c052a2551a06e23fac63626232eaa90abd78dbcf1700fc46a2b2c89fd27b735f?s=96&d=mm&r=g","caption":"Redacci\u00f3n A Nova Peneira"},"sameAs":["http:\/\/www.anovapeneira.gal\/"],"url":"https:\/\/www.anovapeneira.gal\/index.php\/author\/redactor\/"}]}},"jetpack_featured_media_url":"https:\/\/www.anovapeneira.gal\/wp-content\/uploads\/2025\/11\/ana_ponton.png","_links":{"self":[{"href":"https:\/\/www.anovapeneira.gal\/index.php\/wp-json\/wp\/v2\/posts\/14993","targetHints":{"allow":["GET"]}}],"collection":[{"href":"https:\/\/www.anovapeneira.gal\/index.php\/wp-json\/wp\/v2\/posts"}],"about":[{"href":"https:\/\/www.anovapeneira.gal\/index.php\/wp-json\/wp\/v2\/types\/post"}],"author":[{"embeddable":true,"href":"https:\/\/www.anovapeneira.gal\/index.php\/wp-json\/wp\/v2\/users\/3"}],"replies":[{"embeddable":true,"href":"https:\/\/www.anovapeneira.gal\/index.php\/wp-json\/wp\/v2\/comments?post=14993"}],"version-history":[{"count":1,"href":"https:\/\/www.anovapeneira.gal\/index.php\/wp-json\/wp\/v2\/posts\/14993\/revisions"}],"predecessor-version":[{"id":14995,"href":"https:\/\/www.anovapeneira.gal\/index.php\/wp-json\/wp\/v2\/posts\/14993\/revisions\/14995"}],"wp:featuredmedia":[{"embeddable":true,"href":"https:\/\/www.anovapeneira.gal\/index.php\/wp-json\/wp\/v2\/media\/14994"}],"wp:attachment":[{"href":"https:\/\/www.anovapeneira.gal\/index.php\/wp-json\/wp\/v2\/media?parent=14993"}],"wp:term":[{"taxonomy":"category","embeddable":true,"href":"https:\/\/www.anovapeneira.gal\/index.php\/wp-json\/wp\/v2\/categories?post=14993"},{"taxonomy":"post_tag","embeddable":true,"href":"https:\/\/www.anovapeneira.gal\/index.php\/wp-json\/wp\/v2\/tags?post=14993"}],"curies":[{"name":"wp","href":"https:\/\/api.w.org\/{rel}","templated":true}]}}