{"id":14996,"date":"2025-11-27T12:00:46","date_gmt":"2025-11-27T11:00:46","guid":{"rendered":"https:\/\/www.anovapeneira.gal\/?p=14996"},"modified":"2025-11-26T10:20:12","modified_gmt":"2025-11-26T09:20:12","slug":"o-concello-de-bueu-entregou-os-premios-johan-carballeira-a-claudia-moran-e-eugenio-outeiro-lojo","status":"publish","type":"post","link":"https:\/\/www.anovapeneira.gal\/index.php\/2025\/11\/27\/o-concello-de-bueu-entregou-os-premios-johan-carballeira-a-claudia-moran-e-eugenio-outeiro-lojo\/","title":{"rendered":"O Concello de Bueu entregou os premios Johan Carballeira a Cl\u00e1udia Mor\u00e1n e Eugenio Outeiro Lojo"},"content":{"rendered":"\n<ul class=\"wp-block-list\">\n<li><strong>O acto, que se celebrou este s\u00e1bado no sal\u00f3n de plenos da Casa Consistorial, contou coa presenza de ambos premiados<\/strong><\/li>\n\n\n\n<li><strong>F\u00e9lix Juncal, alcalde da vila, salientou que os premiados \u201cte\u00f1en en com\u00fan a preocupaci\u00f3n pola lingua que nos constr\u00fae e nos conforma, esa lingua que nos legaron os nosos maiores e pola que c\u00f3mpre empurrar forte\u201d<\/strong><\/li>\n<\/ul>\n\n\n\n<p><strong>Bueu, a 22 de novembro de 2025<\/strong><\/p>\n\n\n\n<p>O Concello de Bueu celebrou este s\u00e1bado, 22 de novembro, o acto de entrega dos Premios Johan Carballeira de Poes\u00eda e Xornalismo, que tivo lugar pola ao mediod\u00eda no sal\u00f3n de plenos da Casa Consistorial, e ao que asistiron os dous ga\u00f1adores. Nela, Eugenio Outeiro Lojo, ga\u00f1ador na categor\u00eda de poes\u00eda, e Cl\u00e1udia Mor\u00e1n Mato, na de xornalismo, recibiron unha cer\u00e1mica de Carballeira dese\u00f1ada para a ocasi\u00f3n pola artista Cavalinho do Demo.<\/p>\n\n\n\n<p>Carmen Garc\u00eda, concelleira de cultura, foi a encargada de guiar o acto ao que asistiu unha gran cantidade de p\u00fablico nun sal\u00f3n ateigado. O acto contou coa actuaci\u00f3n de Cintaadhesiva, un proxecto literario-musical que se artellou no f\u00edo condutor da m\u00fasica de Jes\u00fas Andr\u00e9s Tejada e os textos de Silvia Penas.<\/p>\n\n\n\n<p>Eugenio Outeiro Lojo, que recibiu o premio de poes\u00eda polo poemario <em>R\u00e9quiem<\/em>, centrou a s\u00faa intervenci\u00f3n nun monte de agradecementos e destacou que \u201cpara min \u00e9 moi importante ser premiado nun pobo de cultura mar\u00edtima e co nome de Johan Carballeira, que foi represaliado igual ca os veci\u00f1os da Arousa aos que canto nos meus versos\u201d. As\u00ed mesmo aludiu a que \u201cse estou aqu\u00ed \u00e9 por unha mar\u00e9 de casualidades, e esa mar\u00e9 \u00e9 a que quixen dalgunha forma retratar facendo memoria e intentando sandar feridas\u201d.<\/p>\n\n\n\n<p>Cl\u00e1udia Mor\u00e1n, galardoada na categor\u00eda de xornalismo canda Manolo Broa coa reportaxe <strong>\u2018Convivir co lume. O baleiro que arde: un territorio a merc\u00e9 do lume\u2019<\/strong>, publicada orixinalmente no suplemento <em>Sermos Galiza <\/em>de<em> N\u00f3s Diario<\/em>, reivindicou facer un xornalismo \u201cno que creo, que consiste en escoitar e po\u00f1er as palabras ao servizo das persoas e da verdade\u201d. As\u00ed mesmo, explicou que a reportaxe naceu da necesidade e querenza por \u201cvalorar e amar a terra, que \u00e9 algo que me legaron os meus pais e av\u00f3s e avoas, porque precisamos lembrar que o rural ten natureza, historia e vida\u201d e que \u201co xornalismo deber\u00eda ser conxunto e pausado, con tempo para escoitar e volver\u201d.<\/p>\n\n\n\n<p>F\u00e9lix Juncal, alcalde de Bueu, salientou que os premiados \u201cte\u00f1en en com\u00fan a preocupaci\u00f3n pola lingua que nos constr\u00fae e nos conforma, esa lingua que nos legaron os nosos maiores e pola que c\u00f3mpre empurrar forte\u201d. Tam\u00e9n fixo fincap\u00e9 en que ambos traballos destacan polo compromiso social, o de Cl\u00e1udia pola s\u00faa indagaci\u00f3n nos porqu\u00e9s do desmantelamento das aldeas e da problem\u00e1tica dos lumes, coa reivindicaci\u00f3n das persoas que no seu d\u00eda a d\u00eda habitan un baleiro que non deber\u00eda ser iso; e o de Eugenio cun poemario no que conta a represi\u00f3n na Illa de Arousa, \u201cunha represi\u00f3n que foi parella \u00e1 vivida en Bueu e \u00e1 padecida polo alcalde Johan Carballeira e os seus compa\u00f1eiros, na defensa dos dereitos dos mari\u00f1eiros e das causas xustas\u201d, referendou.<\/p>\n\n\n\n<p>Manuel A. Mosteiro, presidente da Asociaci\u00f3n de Amigos de Johan Carballeira, reivindicou tam\u00e9n a Carballeira na s\u00faa intervenci\u00f3n e salientou que \u201ca trav\u00e9s dos premios mantemos viva a figura de carballeira, poeta, home e xornalista, e debemos agradecer aos que apostan pola poes\u00eda e xornalismo en galego, coa reivindicaci\u00f3n das voces que entre tanto ru\u00eddo medi\u00e1tico quedan nun segundo plano e que forman parte do que nos define\u201d.<\/p>\n\n\n\n<p>Os premios, dotados con 1.500 euros en cada categor\u00eda, naceron coma unha homenaxe ao pol\u00edtico, poeta e xornalista bueu\u00e9s, Jos\u00e9 G\u00f3mez de la Cueva, m\u00e1is co\u00f1ecido como Johan Carballeira, quen tam\u00e9n fora alcalde da vila bueuesa ata o seu asasinato a mans dos franquistas.<\/p>\n\n\n\n<p><\/p>\n","protected":false},"excerpt":{"rendered":"<div class=\"mh-excerpt\"><p>O acto, que se celebrou este s\u00e1bado no sal\u00f3n de plenos da Casa Consistorial, contou coa presenza de ambos premiados <a class=\"mh-excerpt-more\" href=\"https:\/\/www.anovapeneira.gal\/index.php\/2025\/11\/27\/o-concello-de-bueu-entregou-os-premios-johan-carballeira-a-claudia-moran-e-eugenio-outeiro-lojo\/\" title=\"O Concello de Bueu entregou os premios Johan Carballeira a Cl\u00e1udia Mor\u00e1n e Eugenio Outeiro Lojo\">[&#8230;]<\/a><\/p>\n<\/div>","protected":false},"author":3,"featured_media":14997,"comment_status":"open","ping_status":"open","sticky":false,"template":"","format":"standard","meta":{"_exactmetrics_skip_tracking":false,"_exactmetrics_sitenote_active":false,"_exactmetrics_sitenote_note":"","_exactmetrics_sitenote_category":0,"footnotes":""},"categories":[22],"tags":[440],"class_list":{"0":"post-14996","1":"post","2":"type-post","3":"status-publish","4":"format-standard","5":"has-post-thumbnail","7":"category-morrazo","8":"tag-concello-de-bueu"},"yoast_head":"<!-- This site is optimized with the Yoast SEO plugin v27.4 - https:\/\/yoast.com\/product\/yoast-seo-wordpress\/ -->\n<title>O Concello de Bueu entregou os premios Johan Carballeira a Cl\u00e1udia Mor\u00e1n e Eugenio Outeiro Lojo -<\/title>\n<meta name=\"robots\" content=\"index, follow, max-snippet:-1, max-image-preview:large, max-video-preview:-1\" \/>\n<link rel=\"canonical\" href=\"https:\/\/www.anovapeneira.gal\/index.php\/2025\/11\/27\/o-concello-de-bueu-entregou-os-premios-johan-carballeira-a-claudia-moran-e-eugenio-outeiro-lojo\/\" \/>\n<meta property=\"og:locale\" content=\"gl_ES\" \/>\n<meta property=\"og:type\" content=\"article\" \/>\n<meta property=\"og:title\" content=\"O Concello de Bueu entregou os premios Johan Carballeira a Cl\u00e1udia Mor\u00e1n e Eugenio Outeiro Lojo -\" \/>\n<meta property=\"og:description\" content=\"O acto, que se celebrou este s\u00e1bado no sal\u00f3n de plenos da Casa Consistorial, contou coa presenza de ambos premiados [...]\" \/>\n<meta property=\"og:url\" content=\"https:\/\/www.anovapeneira.gal\/index.php\/2025\/11\/27\/o-concello-de-bueu-entregou-os-premios-johan-carballeira-a-claudia-moran-e-eugenio-outeiro-lojo\/\" \/>\n<meta property=\"article:publisher\" content=\"https:\/\/www.facebook.com\/anovapeneira\" \/>\n<meta property=\"article:published_time\" content=\"2025-11-27T11:00:46+00:00\" \/>\n<meta property=\"og:image\" content=\"https:\/\/www.anovapeneira.gal\/wp-content\/uploads\/2025\/11\/johan_carballeira.png\" \/>\n\t<meta property=\"og:image:width\" content=\"720\" \/>\n\t<meta property=\"og:image:height\" content=\"432\" \/>\n\t<meta property=\"og:image:type\" content=\"image\/png\" \/>\n<meta name=\"author\" content=\"Redacci\u00f3n A Nova Peneira\" \/>\n<meta name=\"twitter:card\" content=\"summary_large_image\" \/>\n<meta name=\"twitter:creator\" content=\"@APeneira\" \/>\n<meta name=\"twitter:site\" content=\"@APeneira\" \/>\n<meta name=\"twitter:label1\" content=\"Escrito por\" \/>\n\t<meta name=\"twitter:data1\" content=\"Redacci\u00f3n A Nova Peneira\" \/>\n\t<meta name=\"twitter:label2\" content=\"Tempo de lectura\" \/>\n\t<meta name=\"twitter:data2\" content=\"4 minutos\" \/>\n<script type=\"application\/ld+json\" class=\"yoast-schema-graph\">{\"@context\":\"https:\\\/\\\/schema.org\",\"@graph\":[{\"@type\":\"Article\",\"@id\":\"https:\\\/\\\/www.anovapeneira.gal\\\/index.php\\\/2025\\\/11\\\/27\\\/o-concello-de-bueu-entregou-os-premios-johan-carballeira-a-claudia-moran-e-eugenio-outeiro-lojo\\\/#article\",\"isPartOf\":{\"@id\":\"https:\\\/\\\/www.anovapeneira.gal\\\/index.php\\\/2025\\\/11\\\/27\\\/o-concello-de-bueu-entregou-os-premios-johan-carballeira-a-claudia-moran-e-eugenio-outeiro-lojo\\\/\"},\"author\":{\"name\":\"Redacci\u00f3n A Nova Peneira\",\"@id\":\"https:\\\/\\\/www.anovapeneira.gal\\\/#\\\/schema\\\/person\\\/b93e3f8932e3f8da96334607eb6ac6aa\"},\"headline\":\"O Concello de Bueu entregou os premios Johan Carballeira a Cl\u00e1udia Mor\u00e1n e Eugenio Outeiro Lojo\",\"datePublished\":\"2025-11-27T11:00:46+00:00\",\"mainEntityOfPage\":{\"@id\":\"https:\\\/\\\/www.anovapeneira.gal\\\/index.php\\\/2025\\\/11\\\/27\\\/o-concello-de-bueu-entregou-os-premios-johan-carballeira-a-claudia-moran-e-eugenio-outeiro-lojo\\\/\"},\"wordCount\":710,\"commentCount\":0,\"publisher\":{\"@id\":\"https:\\\/\\\/www.anovapeneira.gal\\\/#organization\"},\"image\":{\"@id\":\"https:\\\/\\\/www.anovapeneira.gal\\\/index.php\\\/2025\\\/11\\\/27\\\/o-concello-de-bueu-entregou-os-premios-johan-carballeira-a-claudia-moran-e-eugenio-outeiro-lojo\\\/#primaryimage\"},\"thumbnailUrl\":\"https:\\\/\\\/www.anovapeneira.gal\\\/wp-content\\\/uploads\\\/2025\\\/11\\\/johan_carballeira.png\",\"keywords\":[\"Concello de Bueu\"],\"articleSection\":[\"Morrazo\"],\"inLanguage\":\"gl-ES\",\"potentialAction\":[{\"@type\":\"CommentAction\",\"name\":\"Comment\",\"target\":[\"https:\\\/\\\/www.anovapeneira.gal\\\/index.php\\\/2025\\\/11\\\/27\\\/o-concello-de-bueu-entregou-os-premios-johan-carballeira-a-claudia-moran-e-eugenio-outeiro-lojo\\\/#respond\"]}]},{\"@type\":\"WebPage\",\"@id\":\"https:\\\/\\\/www.anovapeneira.gal\\\/index.php\\\/2025\\\/11\\\/27\\\/o-concello-de-bueu-entregou-os-premios-johan-carballeira-a-claudia-moran-e-eugenio-outeiro-lojo\\\/\",\"url\":\"https:\\\/\\\/www.anovapeneira.gal\\\/index.php\\\/2025\\\/11\\\/27\\\/o-concello-de-bueu-entregou-os-premios-johan-carballeira-a-claudia-moran-e-eugenio-outeiro-lojo\\\/\",\"name\":\"O Concello de Bueu entregou os premios Johan Carballeira a Cl\u00e1udia Mor\u00e1n e Eugenio Outeiro Lojo -\",\"isPartOf\":{\"@id\":\"https:\\\/\\\/www.anovapeneira.gal\\\/#website\"},\"primaryImageOfPage\":{\"@id\":\"https:\\\/\\\/www.anovapeneira.gal\\\/index.php\\\/2025\\\/11\\\/27\\\/o-concello-de-bueu-entregou-os-premios-johan-carballeira-a-claudia-moran-e-eugenio-outeiro-lojo\\\/#primaryimage\"},\"image\":{\"@id\":\"https:\\\/\\\/www.anovapeneira.gal\\\/index.php\\\/2025\\\/11\\\/27\\\/o-concello-de-bueu-entregou-os-premios-johan-carballeira-a-claudia-moran-e-eugenio-outeiro-lojo\\\/#primaryimage\"},\"thumbnailUrl\":\"https:\\\/\\\/www.anovapeneira.gal\\\/wp-content\\\/uploads\\\/2025\\\/11\\\/johan_carballeira.png\",\"datePublished\":\"2025-11-27T11:00:46+00:00\",\"breadcrumb\":{\"@id\":\"https:\\\/\\\/www.anovapeneira.gal\\\/index.php\\\/2025\\\/11\\\/27\\\/o-concello-de-bueu-entregou-os-premios-johan-carballeira-a-claudia-moran-e-eugenio-outeiro-lojo\\\/#breadcrumb\"},\"inLanguage\":\"gl-ES\",\"potentialAction\":[{\"@type\":\"ReadAction\",\"target\":[\"https:\\\/\\\/www.anovapeneira.gal\\\/index.php\\\/2025\\\/11\\\/27\\\/o-concello-de-bueu-entregou-os-premios-johan-carballeira-a-claudia-moran-e-eugenio-outeiro-lojo\\\/\"]}]},{\"@type\":\"ImageObject\",\"inLanguage\":\"gl-ES\",\"@id\":\"https:\\\/\\\/www.anovapeneira.gal\\\/index.php\\\/2025\\\/11\\\/27\\\/o-concello-de-bueu-entregou-os-premios-johan-carballeira-a-claudia-moran-e-eugenio-outeiro-lojo\\\/#primaryimage\",\"url\":\"https:\\\/\\\/www.anovapeneira.gal\\\/wp-content\\\/uploads\\\/2025\\\/11\\\/johan_carballeira.png\",\"contentUrl\":\"https:\\\/\\\/www.anovapeneira.gal\\\/wp-content\\\/uploads\\\/2025\\\/11\\\/johan_carballeira.png\",\"width\":720,\"height\":432},{\"@type\":\"BreadcrumbList\",\"@id\":\"https:\\\/\\\/www.anovapeneira.gal\\\/index.php\\\/2025\\\/11\\\/27\\\/o-concello-de-bueu-entregou-os-premios-johan-carballeira-a-claudia-moran-e-eugenio-outeiro-lojo\\\/#breadcrumb\",\"itemListElement\":[{\"@type\":\"ListItem\",\"position\":1,\"name\":\"Portada\",\"item\":\"https:\\\/\\\/www.anovapeneira.gal\\\/\"},{\"@type\":\"ListItem\",\"position\":2,\"name\":\"O Concello de Bueu entregou os premios Johan Carballeira a Cl\u00e1udia Mor\u00e1n e Eugenio Outeiro Lojo\"}]},{\"@type\":\"WebSite\",\"@id\":\"https:\\\/\\\/www.anovapeneira.gal\\\/#website\",\"url\":\"https:\\\/\\\/www.anovapeneira.gal\\\/\",\"name\":\"\",\"description\":\"Xornal galego de informaci\u00f3n xeral Publicaci\u00f3n mensual de novas de Galicia e en especial dos Concellos da sur da provincia de Pontevedra.\",\"publisher\":{\"@id\":\"https:\\\/\\\/www.anovapeneira.gal\\\/#organization\"},\"potentialAction\":[{\"@type\":\"SearchAction\",\"target\":{\"@type\":\"EntryPoint\",\"urlTemplate\":\"https:\\\/\\\/www.anovapeneira.gal\\\/?s={search_term_string}\"},\"query-input\":{\"@type\":\"PropertyValueSpecification\",\"valueRequired\":true,\"valueName\":\"search_term_string\"}}],\"inLanguage\":\"gl-ES\"},{\"@type\":\"Organization\",\"@id\":\"https:\\\/\\\/www.anovapeneira.gal\\\/#organization\",\"name\":\"A Nova Peneira\",\"url\":\"https:\\\/\\\/www.anovapeneira.gal\\\/\",\"logo\":{\"@type\":\"ImageObject\",\"inLanguage\":\"gl-ES\",\"@id\":\"https:\\\/\\\/www.anovapeneira.gal\\\/#\\\/schema\\\/logo\\\/image\\\/\",\"url\":\"http:\\\/\\\/www.anovapeneira.gal\\\/wp-content\\\/uploads\\\/2019\\\/06\\\/logo_a_nova_peneira_portal_web.png\",\"contentUrl\":\"http:\\\/\\\/www.anovapeneira.gal\\\/wp-content\\\/uploads\\\/2019\\\/06\\\/logo_a_nova_peneira_portal_web.png\",\"width\":300,\"height\":100,\"caption\":\"A Nova Peneira\"},\"image\":{\"@id\":\"https:\\\/\\\/www.anovapeneira.gal\\\/#\\\/schema\\\/logo\\\/image\\\/\"},\"sameAs\":[\"https:\\\/\\\/www.facebook.com\\\/anovapeneira\",\"https:\\\/\\\/x.com\\\/APeneira\"]},{\"@type\":\"Person\",\"@id\":\"https:\\\/\\\/www.anovapeneira.gal\\\/#\\\/schema\\\/person\\\/b93e3f8932e3f8da96334607eb6ac6aa\",\"name\":\"Redacci\u00f3n A Nova Peneira\",\"image\":{\"@type\":\"ImageObject\",\"inLanguage\":\"gl-ES\",\"@id\":\"https:\\\/\\\/secure.gravatar.com\\\/avatar\\\/c052a2551a06e23fac63626232eaa90abd78dbcf1700fc46a2b2c89fd27b735f?s=96&d=mm&r=g\",\"url\":\"https:\\\/\\\/secure.gravatar.com\\\/avatar\\\/c052a2551a06e23fac63626232eaa90abd78dbcf1700fc46a2b2c89fd27b735f?s=96&d=mm&r=g\",\"contentUrl\":\"https:\\\/\\\/secure.gravatar.com\\\/avatar\\\/c052a2551a06e23fac63626232eaa90abd78dbcf1700fc46a2b2c89fd27b735f?s=96&d=mm&r=g\",\"caption\":\"Redacci\u00f3n A Nova Peneira\"},\"sameAs\":[\"http:\\\/\\\/www.anovapeneira.gal\\\/\"],\"url\":\"https:\\\/\\\/www.anovapeneira.gal\\\/index.php\\\/author\\\/redactor\\\/\"}]}<\/script>\n<!-- \/ Yoast SEO plugin. -->","yoast_head_json":{"title":"O Concello de Bueu entregou os premios Johan Carballeira a Cl\u00e1udia Mor\u00e1n e Eugenio Outeiro Lojo -","robots":{"index":"index","follow":"follow","max-snippet":"max-snippet:-1","max-image-preview":"max-image-preview:large","max-video-preview":"max-video-preview:-1"},"canonical":"https:\/\/www.anovapeneira.gal\/index.php\/2025\/11\/27\/o-concello-de-bueu-entregou-os-premios-johan-carballeira-a-claudia-moran-e-eugenio-outeiro-lojo\/","og_locale":"gl_ES","og_type":"article","og_title":"O Concello de Bueu entregou os premios Johan Carballeira a Cl\u00e1udia Mor\u00e1n e Eugenio Outeiro Lojo -","og_description":"O acto, que se celebrou este s\u00e1bado no sal\u00f3n de plenos da Casa Consistorial, contou coa presenza de ambos premiados [...]","og_url":"https:\/\/www.anovapeneira.gal\/index.php\/2025\/11\/27\/o-concello-de-bueu-entregou-os-premios-johan-carballeira-a-claudia-moran-e-eugenio-outeiro-lojo\/","article_publisher":"https:\/\/www.facebook.com\/anovapeneira","article_published_time":"2025-11-27T11:00:46+00:00","og_image":[{"width":720,"height":432,"url":"https:\/\/www.anovapeneira.gal\/wp-content\/uploads\/2025\/11\/johan_carballeira.png","type":"image\/png"}],"author":"Redacci\u00f3n A Nova Peneira","twitter_card":"summary_large_image","twitter_creator":"@APeneira","twitter_site":"@APeneira","twitter_misc":{"Escrito por":"Redacci\u00f3n A Nova Peneira","Tempo de lectura":"4 minutos"},"schema":{"@context":"https:\/\/schema.org","@graph":[{"@type":"Article","@id":"https:\/\/www.anovapeneira.gal\/index.php\/2025\/11\/27\/o-concello-de-bueu-entregou-os-premios-johan-carballeira-a-claudia-moran-e-eugenio-outeiro-lojo\/#article","isPartOf":{"@id":"https:\/\/www.anovapeneira.gal\/index.php\/2025\/11\/27\/o-concello-de-bueu-entregou-os-premios-johan-carballeira-a-claudia-moran-e-eugenio-outeiro-lojo\/"},"author":{"name":"Redacci\u00f3n A Nova Peneira","@id":"https:\/\/www.anovapeneira.gal\/#\/schema\/person\/b93e3f8932e3f8da96334607eb6ac6aa"},"headline":"O Concello de Bueu entregou os premios Johan Carballeira a Cl\u00e1udia Mor\u00e1n e Eugenio Outeiro Lojo","datePublished":"2025-11-27T11:00:46+00:00","mainEntityOfPage":{"@id":"https:\/\/www.anovapeneira.gal\/index.php\/2025\/11\/27\/o-concello-de-bueu-entregou-os-premios-johan-carballeira-a-claudia-moran-e-eugenio-outeiro-lojo\/"},"wordCount":710,"commentCount":0,"publisher":{"@id":"https:\/\/www.anovapeneira.gal\/#organization"},"image":{"@id":"https:\/\/www.anovapeneira.gal\/index.php\/2025\/11\/27\/o-concello-de-bueu-entregou-os-premios-johan-carballeira-a-claudia-moran-e-eugenio-outeiro-lojo\/#primaryimage"},"thumbnailUrl":"https:\/\/www.anovapeneira.gal\/wp-content\/uploads\/2025\/11\/johan_carballeira.png","keywords":["Concello de Bueu"],"articleSection":["Morrazo"],"inLanguage":"gl-ES","potentialAction":[{"@type":"CommentAction","name":"Comment","target":["https:\/\/www.anovapeneira.gal\/index.php\/2025\/11\/27\/o-concello-de-bueu-entregou-os-premios-johan-carballeira-a-claudia-moran-e-eugenio-outeiro-lojo\/#respond"]}]},{"@type":"WebPage","@id":"https:\/\/www.anovapeneira.gal\/index.php\/2025\/11\/27\/o-concello-de-bueu-entregou-os-premios-johan-carballeira-a-claudia-moran-e-eugenio-outeiro-lojo\/","url":"https:\/\/www.anovapeneira.gal\/index.php\/2025\/11\/27\/o-concello-de-bueu-entregou-os-premios-johan-carballeira-a-claudia-moran-e-eugenio-outeiro-lojo\/","name":"O Concello de Bueu entregou os premios Johan Carballeira a Cl\u00e1udia Mor\u00e1n e Eugenio Outeiro Lojo -","isPartOf":{"@id":"https:\/\/www.anovapeneira.gal\/#website"},"primaryImageOfPage":{"@id":"https:\/\/www.anovapeneira.gal\/index.php\/2025\/11\/27\/o-concello-de-bueu-entregou-os-premios-johan-carballeira-a-claudia-moran-e-eugenio-outeiro-lojo\/#primaryimage"},"image":{"@id":"https:\/\/www.anovapeneira.gal\/index.php\/2025\/11\/27\/o-concello-de-bueu-entregou-os-premios-johan-carballeira-a-claudia-moran-e-eugenio-outeiro-lojo\/#primaryimage"},"thumbnailUrl":"https:\/\/www.anovapeneira.gal\/wp-content\/uploads\/2025\/11\/johan_carballeira.png","datePublished":"2025-11-27T11:00:46+00:00","breadcrumb":{"@id":"https:\/\/www.anovapeneira.gal\/index.php\/2025\/11\/27\/o-concello-de-bueu-entregou-os-premios-johan-carballeira-a-claudia-moran-e-eugenio-outeiro-lojo\/#breadcrumb"},"inLanguage":"gl-ES","potentialAction":[{"@type":"ReadAction","target":["https:\/\/www.anovapeneira.gal\/index.php\/2025\/11\/27\/o-concello-de-bueu-entregou-os-premios-johan-carballeira-a-claudia-moran-e-eugenio-outeiro-lojo\/"]}]},{"@type":"ImageObject","inLanguage":"gl-ES","@id":"https:\/\/www.anovapeneira.gal\/index.php\/2025\/11\/27\/o-concello-de-bueu-entregou-os-premios-johan-carballeira-a-claudia-moran-e-eugenio-outeiro-lojo\/#primaryimage","url":"https:\/\/www.anovapeneira.gal\/wp-content\/uploads\/2025\/11\/johan_carballeira.png","contentUrl":"https:\/\/www.anovapeneira.gal\/wp-content\/uploads\/2025\/11\/johan_carballeira.png","width":720,"height":432},{"@type":"BreadcrumbList","@id":"https:\/\/www.anovapeneira.gal\/index.php\/2025\/11\/27\/o-concello-de-bueu-entregou-os-premios-johan-carballeira-a-claudia-moran-e-eugenio-outeiro-lojo\/#breadcrumb","itemListElement":[{"@type":"ListItem","position":1,"name":"Portada","item":"https:\/\/www.anovapeneira.gal\/"},{"@type":"ListItem","position":2,"name":"O Concello de Bueu entregou os premios Johan Carballeira a Cl\u00e1udia Mor\u00e1n e Eugenio Outeiro Lojo"}]},{"@type":"WebSite","@id":"https:\/\/www.anovapeneira.gal\/#website","url":"https:\/\/www.anovapeneira.gal\/","name":"","description":"Xornal galego de informaci\u00f3n xeral Publicaci\u00f3n mensual de novas de Galicia e en especial dos Concellos da sur da provincia de Pontevedra.","publisher":{"@id":"https:\/\/www.anovapeneira.gal\/#organization"},"potentialAction":[{"@type":"SearchAction","target":{"@type":"EntryPoint","urlTemplate":"https:\/\/www.anovapeneira.gal\/?s={search_term_string}"},"query-input":{"@type":"PropertyValueSpecification","valueRequired":true,"valueName":"search_term_string"}}],"inLanguage":"gl-ES"},{"@type":"Organization","@id":"https:\/\/www.anovapeneira.gal\/#organization","name":"A Nova Peneira","url":"https:\/\/www.anovapeneira.gal\/","logo":{"@type":"ImageObject","inLanguage":"gl-ES","@id":"https:\/\/www.anovapeneira.gal\/#\/schema\/logo\/image\/","url":"http:\/\/www.anovapeneira.gal\/wp-content\/uploads\/2019\/06\/logo_a_nova_peneira_portal_web.png","contentUrl":"http:\/\/www.anovapeneira.gal\/wp-content\/uploads\/2019\/06\/logo_a_nova_peneira_portal_web.png","width":300,"height":100,"caption":"A Nova Peneira"},"image":{"@id":"https:\/\/www.anovapeneira.gal\/#\/schema\/logo\/image\/"},"sameAs":["https:\/\/www.facebook.com\/anovapeneira","https:\/\/x.com\/APeneira"]},{"@type":"Person","@id":"https:\/\/www.anovapeneira.gal\/#\/schema\/person\/b93e3f8932e3f8da96334607eb6ac6aa","name":"Redacci\u00f3n A Nova Peneira","image":{"@type":"ImageObject","inLanguage":"gl-ES","@id":"https:\/\/secure.gravatar.com\/avatar\/c052a2551a06e23fac63626232eaa90abd78dbcf1700fc46a2b2c89fd27b735f?s=96&d=mm&r=g","url":"https:\/\/secure.gravatar.com\/avatar\/c052a2551a06e23fac63626232eaa90abd78dbcf1700fc46a2b2c89fd27b735f?s=96&d=mm&r=g","contentUrl":"https:\/\/secure.gravatar.com\/avatar\/c052a2551a06e23fac63626232eaa90abd78dbcf1700fc46a2b2c89fd27b735f?s=96&d=mm&r=g","caption":"Redacci\u00f3n A Nova Peneira"},"sameAs":["http:\/\/www.anovapeneira.gal\/"],"url":"https:\/\/www.anovapeneira.gal\/index.php\/author\/redactor\/"}]}},"jetpack_featured_media_url":"https:\/\/www.anovapeneira.gal\/wp-content\/uploads\/2025\/11\/johan_carballeira.png","_links":{"self":[{"href":"https:\/\/www.anovapeneira.gal\/index.php\/wp-json\/wp\/v2\/posts\/14996","targetHints":{"allow":["GET"]}}],"collection":[{"href":"https:\/\/www.anovapeneira.gal\/index.php\/wp-json\/wp\/v2\/posts"}],"about":[{"href":"https:\/\/www.anovapeneira.gal\/index.php\/wp-json\/wp\/v2\/types\/post"}],"author":[{"embeddable":true,"href":"https:\/\/www.anovapeneira.gal\/index.php\/wp-json\/wp\/v2\/users\/3"}],"replies":[{"embeddable":true,"href":"https:\/\/www.anovapeneira.gal\/index.php\/wp-json\/wp\/v2\/comments?post=14996"}],"version-history":[{"count":1,"href":"https:\/\/www.anovapeneira.gal\/index.php\/wp-json\/wp\/v2\/posts\/14996\/revisions"}],"predecessor-version":[{"id":14998,"href":"https:\/\/www.anovapeneira.gal\/index.php\/wp-json\/wp\/v2\/posts\/14996\/revisions\/14998"}],"wp:featuredmedia":[{"embeddable":true,"href":"https:\/\/www.anovapeneira.gal\/index.php\/wp-json\/wp\/v2\/media\/14997"}],"wp:attachment":[{"href":"https:\/\/www.anovapeneira.gal\/index.php\/wp-json\/wp\/v2\/media?parent=14996"}],"wp:term":[{"taxonomy":"category","embeddable":true,"href":"https:\/\/www.anovapeneira.gal\/index.php\/wp-json\/wp\/v2\/categories?post=14996"},{"taxonomy":"post_tag","embeddable":true,"href":"https:\/\/www.anovapeneira.gal\/index.php\/wp-json\/wp\/v2\/tags?post=14996"}],"curies":[{"name":"wp","href":"https:\/\/api.w.org\/{rel}","templated":true}]}}