{"id":15008,"date":"2025-12-01T10:00:20","date_gmt":"2025-12-01T09:00:20","guid":{"rendered":"https:\/\/www.anovapeneira.gal\/?p=15008"},"modified":"2025-11-26T18:45:44","modified_gmt":"2025-11-26T17:45:44","slug":"o-bng-esixe-a-devolucion-ao-pleno-das-competencias-sobre-a-contratacion-do-servizo-de-recollida-de-residuos-urbanos-delegadas-no-alcalde","status":"publish","type":"post","link":"https:\/\/www.anovapeneira.gal\/index.php\/2025\/12\/01\/o-bng-esixe-a-devolucion-ao-pleno-das-competencias-sobre-a-contratacion-do-servizo-de-recollida-de-residuos-urbanos-delegadas-no-alcalde\/","title":{"rendered":"O BNG esixe a devoluci\u00f3n ao Pleno das competencias sobre a contrataci\u00f3n do servizo de recollida de residuos urbanos delegadas no alcalde"},"content":{"rendered":"\n<p>A tramitaci\u00f3n, lonxe de axilizarse, estivo encallada polas diverxencias entre a mesa de contrataci\u00f3n e o goberno municipal ao respecto da valoraci\u00f3n das ofertas<\/p>\n\n\n\n<p>Xavier Rodr\u00edguez eleva unha proposta ao Pleno para que recupere a competencia delegada \u00e1 vista das irregularidades feitas p\u00fablicas pola formaci\u00f3n nacionalista<\/p>\n\n\n\n<p>O pleno ordinario do mes de novembro, que se realizar\u00e1 o vindeiro venres 28, debater\u00e1 a proposta do BNG para que a Corporaci\u00f3n de Nigr\u00e1n recupere todas as s\u00faas competencias como \u00f3rgano de contrataci\u00f3n do servizo de recollida de residuos urbanos e limpeza viaria.<\/p>\n\n\n\n<p>En outubro de 2024, cos \u00fanicos votos do PSOE, o alcalde asumiu para si os tr\u00e1mites administrativos da contrataci\u00f3n, coa desculpa de axilizar a xesti\u00f3n administrativa, visto que a periodicidade dos plenos no Concello de Nigr\u00e1n \u00e9 mensual.<\/p>\n\n\n\n<p>Por\u00e9n, a tramitaci\u00f3n, lonxe de axilizarse, estivo encallada pola negativa da mesa de contrataci\u00f3n a aceptar a valoraci\u00f3n das ofertas realizada pola consultora externa contratada polo goberno, polo que aducir a periodicidade mensual dos plenos como xustificaci\u00f3n para a delegaci\u00f3n da competencia resulta agora irrisorio.<\/p>\n\n\n\n<p>Pola contra, as irregularidades postas de manifesto pola mesa de contrataci\u00f3n e que o BNG sacou \u00e1 luz, como son a pos\u00edbel exclusi\u00f3n da candidata mellor valorada por incumprimento das frecuencias m\u00ednimas, a desproporcionada vantaxe que lle outorga a esta candidata o informe de valoraci\u00f3n da consultora externa ou a falla de motivaci\u00f3n e coherencia nas puntuaci\u00f3ns, aconsellan que toda a tramitaci\u00f3n da licitaci\u00f3n se faga coas m\u00e1ximas garant\u00edas pola instancia a quen lle corresponden as competencias como \u00f3rgano de contrataci\u00f3n que, en virtude da normativa vixente, \u00e9 o Pleno.<\/p>\n\n\n\n<p>Por todo iso, \u201c\u00e9 imprescind\u00edbel, en aras da maior transparencia, revogar a delegaci\u00f3n de competencias feita no seu d\u00eda na Alcald\u00eda e que o Pleno asuma plenamente as facultades como \u00f3rgano de contrataci\u00f3n\u201d en palabras do portavoz municipal, Xavier Rodr\u00edguez.<\/p>\n\n\n\n<p>Finalmente, saudamos que grupos pol\u00edticos sen representaci\u00f3n saian a rebufo do traballo do BNG, sen o cal este asunto seguir\u00eda oculto, a\u00ednda que lamentamos que as s\u00faas ansias por facerse un oco lles fagan errar o tiro, como lles ocorre habitualmente, ao desculpar, indirectamente, ao m\u00e1ximo respons\u00e1bel da adxudicaci\u00f3n e quen asumiu para si as competencias da tramitaci\u00f3n da contrataci\u00f3n, que non \u00e9 outro mais que o alcalde de Nigr\u00e1n.<\/p>\n","protected":false},"excerpt":{"rendered":"<div class=\"mh-excerpt\"><p>A tramitaci\u00f3n, lonxe de axilizarse, estivo encallada polas diverxencias entre a mesa de contrataci\u00f3n e o goberno municipal ao respecto da valoraci\u00f3n das ofertas <a class=\"mh-excerpt-more\" href=\"https:\/\/www.anovapeneira.gal\/index.php\/2025\/12\/01\/o-bng-esixe-a-devolucion-ao-pleno-das-competencias-sobre-a-contratacion-do-servizo-de-recollida-de-residuos-urbanos-delegadas-no-alcalde\/\" title=\"O BNG esixe a devoluci\u00f3n ao Pleno das competencias sobre a contrataci\u00f3n do servizo de recollida de residuos urbanos delegadas no alcalde\">[&#8230;]<\/a><\/p>\n<\/div>","protected":false},"author":3,"featured_media":8144,"comment_status":"open","ping_status":"open","sticky":false,"template":"","format":"standard","meta":{"_exactmetrics_skip_tracking":false,"_exactmetrics_sitenote_active":false,"_exactmetrics_sitenote_note":"","_exactmetrics_sitenote_category":0,"footnotes":""},"categories":[1,20],"tags":[135],"class_list":{"0":"post-15008","1":"post","2":"type-post","3":"status-publish","4":"format-standard","5":"has-post-thumbnail","7":"category-sin-categoria","8":"category-val-minor","9":"tag-concello-de-nigran"},"yoast_head":"<!-- This site is optimized with the Yoast SEO plugin v27.4 - https:\/\/yoast.com\/product\/yoast-seo-wordpress\/ -->\n<title>O BNG esixe a devoluci\u00f3n ao Pleno das competencias sobre a contrataci\u00f3n do servizo de recollida de residuos urbanos delegadas no alcalde -<\/title>\n<meta name=\"robots\" content=\"index, follow, max-snippet:-1, max-image-preview:large, max-video-preview:-1\" \/>\n<link rel=\"canonical\" href=\"https:\/\/www.anovapeneira.gal\/index.php\/2025\/12\/01\/o-bng-esixe-a-devolucion-ao-pleno-das-competencias-sobre-a-contratacion-do-servizo-de-recollida-de-residuos-urbanos-delegadas-no-alcalde\/\" \/>\n<meta property=\"og:locale\" content=\"gl_ES\" \/>\n<meta property=\"og:type\" content=\"article\" \/>\n<meta property=\"og:title\" content=\"O BNG esixe a devoluci\u00f3n ao Pleno das competencias sobre a contrataci\u00f3n do servizo de recollida de residuos urbanos delegadas no alcalde -\" \/>\n<meta property=\"og:description\" content=\"A tramitaci\u00f3n, lonxe de axilizarse, estivo encallada polas diverxencias entre a mesa de contrataci\u00f3n e o goberno municipal ao respecto da valoraci\u00f3n das ofertas [...]\" \/>\n<meta property=\"og:url\" content=\"https:\/\/www.anovapeneira.gal\/index.php\/2025\/12\/01\/o-bng-esixe-a-devolucion-ao-pleno-das-competencias-sobre-a-contratacion-do-servizo-de-recollida-de-residuos-urbanos-delegadas-no-alcalde\/\" \/>\n<meta property=\"article:publisher\" content=\"https:\/\/www.facebook.com\/anovapeneira\" \/>\n<meta property=\"article:published_time\" content=\"2025-12-01T09:00:20+00:00\" \/>\n<meta property=\"og:image\" content=\"https:\/\/www.anovapeneira.gal\/wp-content\/uploads\/2022\/09\/xavier_rodriguez.jpg\" \/>\n\t<meta property=\"og:image:width\" content=\"720\" \/>\n\t<meta property=\"og:image:height\" content=\"432\" \/>\n\t<meta property=\"og:image:type\" content=\"image\/jpeg\" \/>\n<meta name=\"author\" content=\"Redacci\u00f3n A Nova Peneira\" \/>\n<meta name=\"twitter:card\" content=\"summary_large_image\" \/>\n<meta name=\"twitter:creator\" content=\"@APeneira\" \/>\n<meta name=\"twitter:site\" content=\"@APeneira\" \/>\n<meta name=\"twitter:label1\" content=\"Escrito por\" \/>\n\t<meta name=\"twitter:data1\" content=\"Redacci\u00f3n A Nova Peneira\" \/>\n\t<meta name=\"twitter:label2\" content=\"Tempo de lectura\" \/>\n\t<meta name=\"twitter:data2\" content=\"3 minutos\" \/>\n<script type=\"application\/ld+json\" class=\"yoast-schema-graph\">{\"@context\":\"https:\\\/\\\/schema.org\",\"@graph\":[{\"@type\":\"Article\",\"@id\":\"https:\\\/\\\/www.anovapeneira.gal\\\/index.php\\\/2025\\\/12\\\/01\\\/o-bng-esixe-a-devolucion-ao-pleno-das-competencias-sobre-a-contratacion-do-servizo-de-recollida-de-residuos-urbanos-delegadas-no-alcalde\\\/#article\",\"isPartOf\":{\"@id\":\"https:\\\/\\\/www.anovapeneira.gal\\\/index.php\\\/2025\\\/12\\\/01\\\/o-bng-esixe-a-devolucion-ao-pleno-das-competencias-sobre-a-contratacion-do-servizo-de-recollida-de-residuos-urbanos-delegadas-no-alcalde\\\/\"},\"author\":{\"name\":\"Redacci\u00f3n A Nova Peneira\",\"@id\":\"https:\\\/\\\/www.anovapeneira.gal\\\/#\\\/schema\\\/person\\\/b93e3f8932e3f8da96334607eb6ac6aa\"},\"headline\":\"O BNG esixe a devoluci\u00f3n ao Pleno das competencias sobre a contrataci\u00f3n do servizo de recollida de residuos urbanos delegadas no alcalde\",\"datePublished\":\"2025-12-01T09:00:20+00:00\",\"mainEntityOfPage\":{\"@id\":\"https:\\\/\\\/www.anovapeneira.gal\\\/index.php\\\/2025\\\/12\\\/01\\\/o-bng-esixe-a-devolucion-ao-pleno-das-competencias-sobre-a-contratacion-do-servizo-de-recollida-de-residuos-urbanos-delegadas-no-alcalde\\\/\"},\"wordCount\":438,\"commentCount\":0,\"publisher\":{\"@id\":\"https:\\\/\\\/www.anovapeneira.gal\\\/#organization\"},\"image\":{\"@id\":\"https:\\\/\\\/www.anovapeneira.gal\\\/index.php\\\/2025\\\/12\\\/01\\\/o-bng-esixe-a-devolucion-ao-pleno-das-competencias-sobre-a-contratacion-do-servizo-de-recollida-de-residuos-urbanos-delegadas-no-alcalde\\\/#primaryimage\"},\"thumbnailUrl\":\"https:\\\/\\\/www.anovapeneira.gal\\\/wp-content\\\/uploads\\\/2022\\\/09\\\/xavier_rodriguez.jpg\",\"keywords\":[\"Concello de Nigr\u00e1n\"],\"articleSection\":[\"Sin categor\u00eda\",\"Val Mi\u00f1or\"],\"inLanguage\":\"gl-ES\",\"potentialAction\":[{\"@type\":\"CommentAction\",\"name\":\"Comment\",\"target\":[\"https:\\\/\\\/www.anovapeneira.gal\\\/index.php\\\/2025\\\/12\\\/01\\\/o-bng-esixe-a-devolucion-ao-pleno-das-competencias-sobre-a-contratacion-do-servizo-de-recollida-de-residuos-urbanos-delegadas-no-alcalde\\\/#respond\"]}]},{\"@type\":\"WebPage\",\"@id\":\"https:\\\/\\\/www.anovapeneira.gal\\\/index.php\\\/2025\\\/12\\\/01\\\/o-bng-esixe-a-devolucion-ao-pleno-das-competencias-sobre-a-contratacion-do-servizo-de-recollida-de-residuos-urbanos-delegadas-no-alcalde\\\/\",\"url\":\"https:\\\/\\\/www.anovapeneira.gal\\\/index.php\\\/2025\\\/12\\\/01\\\/o-bng-esixe-a-devolucion-ao-pleno-das-competencias-sobre-a-contratacion-do-servizo-de-recollida-de-residuos-urbanos-delegadas-no-alcalde\\\/\",\"name\":\"O BNG esixe a devoluci\u00f3n ao Pleno das competencias sobre a contrataci\u00f3n do servizo de recollida de residuos urbanos delegadas no alcalde -\",\"isPartOf\":{\"@id\":\"https:\\\/\\\/www.anovapeneira.gal\\\/#website\"},\"primaryImageOfPage\":{\"@id\":\"https:\\\/\\\/www.anovapeneira.gal\\\/index.php\\\/2025\\\/12\\\/01\\\/o-bng-esixe-a-devolucion-ao-pleno-das-competencias-sobre-a-contratacion-do-servizo-de-recollida-de-residuos-urbanos-delegadas-no-alcalde\\\/#primaryimage\"},\"image\":{\"@id\":\"https:\\\/\\\/www.anovapeneira.gal\\\/index.php\\\/2025\\\/12\\\/01\\\/o-bng-esixe-a-devolucion-ao-pleno-das-competencias-sobre-a-contratacion-do-servizo-de-recollida-de-residuos-urbanos-delegadas-no-alcalde\\\/#primaryimage\"},\"thumbnailUrl\":\"https:\\\/\\\/www.anovapeneira.gal\\\/wp-content\\\/uploads\\\/2022\\\/09\\\/xavier_rodriguez.jpg\",\"datePublished\":\"2025-12-01T09:00:20+00:00\",\"breadcrumb\":{\"@id\":\"https:\\\/\\\/www.anovapeneira.gal\\\/index.php\\\/2025\\\/12\\\/01\\\/o-bng-esixe-a-devolucion-ao-pleno-das-competencias-sobre-a-contratacion-do-servizo-de-recollida-de-residuos-urbanos-delegadas-no-alcalde\\\/#breadcrumb\"},\"inLanguage\":\"gl-ES\",\"potentialAction\":[{\"@type\":\"ReadAction\",\"target\":[\"https:\\\/\\\/www.anovapeneira.gal\\\/index.php\\\/2025\\\/12\\\/01\\\/o-bng-esixe-a-devolucion-ao-pleno-das-competencias-sobre-a-contratacion-do-servizo-de-recollida-de-residuos-urbanos-delegadas-no-alcalde\\\/\"]}]},{\"@type\":\"ImageObject\",\"inLanguage\":\"gl-ES\",\"@id\":\"https:\\\/\\\/www.anovapeneira.gal\\\/index.php\\\/2025\\\/12\\\/01\\\/o-bng-esixe-a-devolucion-ao-pleno-das-competencias-sobre-a-contratacion-do-servizo-de-recollida-de-residuos-urbanos-delegadas-no-alcalde\\\/#primaryimage\",\"url\":\"https:\\\/\\\/www.anovapeneira.gal\\\/wp-content\\\/uploads\\\/2022\\\/09\\\/xavier_rodriguez.jpg\",\"contentUrl\":\"https:\\\/\\\/www.anovapeneira.gal\\\/wp-content\\\/uploads\\\/2022\\\/09\\\/xavier_rodriguez.jpg\",\"width\":720,\"height\":432,\"caption\":\"Xavier Rodr\u00edguez BNG \u00e1 de Nigr\u00e1n\"},{\"@type\":\"BreadcrumbList\",\"@id\":\"https:\\\/\\\/www.anovapeneira.gal\\\/index.php\\\/2025\\\/12\\\/01\\\/o-bng-esixe-a-devolucion-ao-pleno-das-competencias-sobre-a-contratacion-do-servizo-de-recollida-de-residuos-urbanos-delegadas-no-alcalde\\\/#breadcrumb\",\"itemListElement\":[{\"@type\":\"ListItem\",\"position\":1,\"name\":\"Portada\",\"item\":\"https:\\\/\\\/www.anovapeneira.gal\\\/\"},{\"@type\":\"ListItem\",\"position\":2,\"name\":\"O BNG esixe a devoluci\u00f3n ao Pleno das competencias sobre a contrataci\u00f3n do servizo de recollida de residuos urbanos delegadas no alcalde\"}]},{\"@type\":\"WebSite\",\"@id\":\"https:\\\/\\\/www.anovapeneira.gal\\\/#website\",\"url\":\"https:\\\/\\\/www.anovapeneira.gal\\\/\",\"name\":\"\",\"description\":\"Xornal galego de informaci\u00f3n xeral Publicaci\u00f3n mensual de novas de Galicia e en especial dos Concellos da sur da provincia de Pontevedra.\",\"publisher\":{\"@id\":\"https:\\\/\\\/www.anovapeneira.gal\\\/#organization\"},\"potentialAction\":[{\"@type\":\"SearchAction\",\"target\":{\"@type\":\"EntryPoint\",\"urlTemplate\":\"https:\\\/\\\/www.anovapeneira.gal\\\/?s={search_term_string}\"},\"query-input\":{\"@type\":\"PropertyValueSpecification\",\"valueRequired\":true,\"valueName\":\"search_term_string\"}}],\"inLanguage\":\"gl-ES\"},{\"@type\":\"Organization\",\"@id\":\"https:\\\/\\\/www.anovapeneira.gal\\\/#organization\",\"name\":\"A Nova Peneira\",\"url\":\"https:\\\/\\\/www.anovapeneira.gal\\\/\",\"logo\":{\"@type\":\"ImageObject\",\"inLanguage\":\"gl-ES\",\"@id\":\"https:\\\/\\\/www.anovapeneira.gal\\\/#\\\/schema\\\/logo\\\/image\\\/\",\"url\":\"http:\\\/\\\/www.anovapeneira.gal\\\/wp-content\\\/uploads\\\/2019\\\/06\\\/logo_a_nova_peneira_portal_web.png\",\"contentUrl\":\"http:\\\/\\\/www.anovapeneira.gal\\\/wp-content\\\/uploads\\\/2019\\\/06\\\/logo_a_nova_peneira_portal_web.png\",\"width\":300,\"height\":100,\"caption\":\"A Nova Peneira\"},\"image\":{\"@id\":\"https:\\\/\\\/www.anovapeneira.gal\\\/#\\\/schema\\\/logo\\\/image\\\/\"},\"sameAs\":[\"https:\\\/\\\/www.facebook.com\\\/anovapeneira\",\"https:\\\/\\\/x.com\\\/APeneira\"]},{\"@type\":\"Person\",\"@id\":\"https:\\\/\\\/www.anovapeneira.gal\\\/#\\\/schema\\\/person\\\/b93e3f8932e3f8da96334607eb6ac6aa\",\"name\":\"Redacci\u00f3n A Nova Peneira\",\"image\":{\"@type\":\"ImageObject\",\"inLanguage\":\"gl-ES\",\"@id\":\"https:\\\/\\\/secure.gravatar.com\\\/avatar\\\/c052a2551a06e23fac63626232eaa90abd78dbcf1700fc46a2b2c89fd27b735f?s=96&d=mm&r=g\",\"url\":\"https:\\\/\\\/secure.gravatar.com\\\/avatar\\\/c052a2551a06e23fac63626232eaa90abd78dbcf1700fc46a2b2c89fd27b735f?s=96&d=mm&r=g\",\"contentUrl\":\"https:\\\/\\\/secure.gravatar.com\\\/avatar\\\/c052a2551a06e23fac63626232eaa90abd78dbcf1700fc46a2b2c89fd27b735f?s=96&d=mm&r=g\",\"caption\":\"Redacci\u00f3n A Nova Peneira\"},\"sameAs\":[\"http:\\\/\\\/www.anovapeneira.gal\\\/\"],\"url\":\"https:\\\/\\\/www.anovapeneira.gal\\\/index.php\\\/author\\\/redactor\\\/\"}]}<\/script>\n<!-- \/ Yoast SEO plugin. -->","yoast_head_json":{"title":"O BNG esixe a devoluci\u00f3n ao Pleno das competencias sobre a contrataci\u00f3n do servizo de recollida de residuos urbanos delegadas no alcalde -","robots":{"index":"index","follow":"follow","max-snippet":"max-snippet:-1","max-image-preview":"max-image-preview:large","max-video-preview":"max-video-preview:-1"},"canonical":"https:\/\/www.anovapeneira.gal\/index.php\/2025\/12\/01\/o-bng-esixe-a-devolucion-ao-pleno-das-competencias-sobre-a-contratacion-do-servizo-de-recollida-de-residuos-urbanos-delegadas-no-alcalde\/","og_locale":"gl_ES","og_type":"article","og_title":"O BNG esixe a devoluci\u00f3n ao Pleno das competencias sobre a contrataci\u00f3n do servizo de recollida de residuos urbanos delegadas no alcalde -","og_description":"A tramitaci\u00f3n, lonxe de axilizarse, estivo encallada polas diverxencias entre a mesa de contrataci\u00f3n e o goberno municipal ao respecto da valoraci\u00f3n das ofertas [...]","og_url":"https:\/\/www.anovapeneira.gal\/index.php\/2025\/12\/01\/o-bng-esixe-a-devolucion-ao-pleno-das-competencias-sobre-a-contratacion-do-servizo-de-recollida-de-residuos-urbanos-delegadas-no-alcalde\/","article_publisher":"https:\/\/www.facebook.com\/anovapeneira","article_published_time":"2025-12-01T09:00:20+00:00","og_image":[{"width":720,"height":432,"url":"https:\/\/www.anovapeneira.gal\/wp-content\/uploads\/2022\/09\/xavier_rodriguez.jpg","type":"image\/jpeg"}],"author":"Redacci\u00f3n A Nova Peneira","twitter_card":"summary_large_image","twitter_creator":"@APeneira","twitter_site":"@APeneira","twitter_misc":{"Escrito por":"Redacci\u00f3n A Nova Peneira","Tempo de lectura":"3 minutos"},"schema":{"@context":"https:\/\/schema.org","@graph":[{"@type":"Article","@id":"https:\/\/www.anovapeneira.gal\/index.php\/2025\/12\/01\/o-bng-esixe-a-devolucion-ao-pleno-das-competencias-sobre-a-contratacion-do-servizo-de-recollida-de-residuos-urbanos-delegadas-no-alcalde\/#article","isPartOf":{"@id":"https:\/\/www.anovapeneira.gal\/index.php\/2025\/12\/01\/o-bng-esixe-a-devolucion-ao-pleno-das-competencias-sobre-a-contratacion-do-servizo-de-recollida-de-residuos-urbanos-delegadas-no-alcalde\/"},"author":{"name":"Redacci\u00f3n A Nova Peneira","@id":"https:\/\/www.anovapeneira.gal\/#\/schema\/person\/b93e3f8932e3f8da96334607eb6ac6aa"},"headline":"O BNG esixe a devoluci\u00f3n ao Pleno das competencias sobre a contrataci\u00f3n do servizo de recollida de residuos urbanos delegadas no alcalde","datePublished":"2025-12-01T09:00:20+00:00","mainEntityOfPage":{"@id":"https:\/\/www.anovapeneira.gal\/index.php\/2025\/12\/01\/o-bng-esixe-a-devolucion-ao-pleno-das-competencias-sobre-a-contratacion-do-servizo-de-recollida-de-residuos-urbanos-delegadas-no-alcalde\/"},"wordCount":438,"commentCount":0,"publisher":{"@id":"https:\/\/www.anovapeneira.gal\/#organization"},"image":{"@id":"https:\/\/www.anovapeneira.gal\/index.php\/2025\/12\/01\/o-bng-esixe-a-devolucion-ao-pleno-das-competencias-sobre-a-contratacion-do-servizo-de-recollida-de-residuos-urbanos-delegadas-no-alcalde\/#primaryimage"},"thumbnailUrl":"https:\/\/www.anovapeneira.gal\/wp-content\/uploads\/2022\/09\/xavier_rodriguez.jpg","keywords":["Concello de Nigr\u00e1n"],"articleSection":["Sin categor\u00eda","Val Mi\u00f1or"],"inLanguage":"gl-ES","potentialAction":[{"@type":"CommentAction","name":"Comment","target":["https:\/\/www.anovapeneira.gal\/index.php\/2025\/12\/01\/o-bng-esixe-a-devolucion-ao-pleno-das-competencias-sobre-a-contratacion-do-servizo-de-recollida-de-residuos-urbanos-delegadas-no-alcalde\/#respond"]}]},{"@type":"WebPage","@id":"https:\/\/www.anovapeneira.gal\/index.php\/2025\/12\/01\/o-bng-esixe-a-devolucion-ao-pleno-das-competencias-sobre-a-contratacion-do-servizo-de-recollida-de-residuos-urbanos-delegadas-no-alcalde\/","url":"https:\/\/www.anovapeneira.gal\/index.php\/2025\/12\/01\/o-bng-esixe-a-devolucion-ao-pleno-das-competencias-sobre-a-contratacion-do-servizo-de-recollida-de-residuos-urbanos-delegadas-no-alcalde\/","name":"O BNG esixe a devoluci\u00f3n ao Pleno das competencias sobre a contrataci\u00f3n do servizo de recollida de residuos urbanos delegadas no alcalde -","isPartOf":{"@id":"https:\/\/www.anovapeneira.gal\/#website"},"primaryImageOfPage":{"@id":"https:\/\/www.anovapeneira.gal\/index.php\/2025\/12\/01\/o-bng-esixe-a-devolucion-ao-pleno-das-competencias-sobre-a-contratacion-do-servizo-de-recollida-de-residuos-urbanos-delegadas-no-alcalde\/#primaryimage"},"image":{"@id":"https:\/\/www.anovapeneira.gal\/index.php\/2025\/12\/01\/o-bng-esixe-a-devolucion-ao-pleno-das-competencias-sobre-a-contratacion-do-servizo-de-recollida-de-residuos-urbanos-delegadas-no-alcalde\/#primaryimage"},"thumbnailUrl":"https:\/\/www.anovapeneira.gal\/wp-content\/uploads\/2022\/09\/xavier_rodriguez.jpg","datePublished":"2025-12-01T09:00:20+00:00","breadcrumb":{"@id":"https:\/\/www.anovapeneira.gal\/index.php\/2025\/12\/01\/o-bng-esixe-a-devolucion-ao-pleno-das-competencias-sobre-a-contratacion-do-servizo-de-recollida-de-residuos-urbanos-delegadas-no-alcalde\/#breadcrumb"},"inLanguage":"gl-ES","potentialAction":[{"@type":"ReadAction","target":["https:\/\/www.anovapeneira.gal\/index.php\/2025\/12\/01\/o-bng-esixe-a-devolucion-ao-pleno-das-competencias-sobre-a-contratacion-do-servizo-de-recollida-de-residuos-urbanos-delegadas-no-alcalde\/"]}]},{"@type":"ImageObject","inLanguage":"gl-ES","@id":"https:\/\/www.anovapeneira.gal\/index.php\/2025\/12\/01\/o-bng-esixe-a-devolucion-ao-pleno-das-competencias-sobre-a-contratacion-do-servizo-de-recollida-de-residuos-urbanos-delegadas-no-alcalde\/#primaryimage","url":"https:\/\/www.anovapeneira.gal\/wp-content\/uploads\/2022\/09\/xavier_rodriguez.jpg","contentUrl":"https:\/\/www.anovapeneira.gal\/wp-content\/uploads\/2022\/09\/xavier_rodriguez.jpg","width":720,"height":432,"caption":"Xavier Rodr\u00edguez BNG \u00e1 de Nigr\u00e1n"},{"@type":"BreadcrumbList","@id":"https:\/\/www.anovapeneira.gal\/index.php\/2025\/12\/01\/o-bng-esixe-a-devolucion-ao-pleno-das-competencias-sobre-a-contratacion-do-servizo-de-recollida-de-residuos-urbanos-delegadas-no-alcalde\/#breadcrumb","itemListElement":[{"@type":"ListItem","position":1,"name":"Portada","item":"https:\/\/www.anovapeneira.gal\/"},{"@type":"ListItem","position":2,"name":"O BNG esixe a devoluci\u00f3n ao Pleno das competencias sobre a contrataci\u00f3n do servizo de recollida de residuos urbanos delegadas no alcalde"}]},{"@type":"WebSite","@id":"https:\/\/www.anovapeneira.gal\/#website","url":"https:\/\/www.anovapeneira.gal\/","name":"","description":"Xornal galego de informaci\u00f3n xeral Publicaci\u00f3n mensual de novas de Galicia e en especial dos Concellos da sur da provincia de Pontevedra.","publisher":{"@id":"https:\/\/www.anovapeneira.gal\/#organization"},"potentialAction":[{"@type":"SearchAction","target":{"@type":"EntryPoint","urlTemplate":"https:\/\/www.anovapeneira.gal\/?s={search_term_string}"},"query-input":{"@type":"PropertyValueSpecification","valueRequired":true,"valueName":"search_term_string"}}],"inLanguage":"gl-ES"},{"@type":"Organization","@id":"https:\/\/www.anovapeneira.gal\/#organization","name":"A Nova Peneira","url":"https:\/\/www.anovapeneira.gal\/","logo":{"@type":"ImageObject","inLanguage":"gl-ES","@id":"https:\/\/www.anovapeneira.gal\/#\/schema\/logo\/image\/","url":"http:\/\/www.anovapeneira.gal\/wp-content\/uploads\/2019\/06\/logo_a_nova_peneira_portal_web.png","contentUrl":"http:\/\/www.anovapeneira.gal\/wp-content\/uploads\/2019\/06\/logo_a_nova_peneira_portal_web.png","width":300,"height":100,"caption":"A Nova Peneira"},"image":{"@id":"https:\/\/www.anovapeneira.gal\/#\/schema\/logo\/image\/"},"sameAs":["https:\/\/www.facebook.com\/anovapeneira","https:\/\/x.com\/APeneira"]},{"@type":"Person","@id":"https:\/\/www.anovapeneira.gal\/#\/schema\/person\/b93e3f8932e3f8da96334607eb6ac6aa","name":"Redacci\u00f3n A Nova Peneira","image":{"@type":"ImageObject","inLanguage":"gl-ES","@id":"https:\/\/secure.gravatar.com\/avatar\/c052a2551a06e23fac63626232eaa90abd78dbcf1700fc46a2b2c89fd27b735f?s=96&d=mm&r=g","url":"https:\/\/secure.gravatar.com\/avatar\/c052a2551a06e23fac63626232eaa90abd78dbcf1700fc46a2b2c89fd27b735f?s=96&d=mm&r=g","contentUrl":"https:\/\/secure.gravatar.com\/avatar\/c052a2551a06e23fac63626232eaa90abd78dbcf1700fc46a2b2c89fd27b735f?s=96&d=mm&r=g","caption":"Redacci\u00f3n A Nova Peneira"},"sameAs":["http:\/\/www.anovapeneira.gal\/"],"url":"https:\/\/www.anovapeneira.gal\/index.php\/author\/redactor\/"}]}},"jetpack_featured_media_url":"https:\/\/www.anovapeneira.gal\/wp-content\/uploads\/2022\/09\/xavier_rodriguez.jpg","_links":{"self":[{"href":"https:\/\/www.anovapeneira.gal\/index.php\/wp-json\/wp\/v2\/posts\/15008","targetHints":{"allow":["GET"]}}],"collection":[{"href":"https:\/\/www.anovapeneira.gal\/index.php\/wp-json\/wp\/v2\/posts"}],"about":[{"href":"https:\/\/www.anovapeneira.gal\/index.php\/wp-json\/wp\/v2\/types\/post"}],"author":[{"embeddable":true,"href":"https:\/\/www.anovapeneira.gal\/index.php\/wp-json\/wp\/v2\/users\/3"}],"replies":[{"embeddable":true,"href":"https:\/\/www.anovapeneira.gal\/index.php\/wp-json\/wp\/v2\/comments?post=15008"}],"version-history":[{"count":2,"href":"https:\/\/www.anovapeneira.gal\/index.php\/wp-json\/wp\/v2\/posts\/15008\/revisions"}],"predecessor-version":[{"id":15010,"href":"https:\/\/www.anovapeneira.gal\/index.php\/wp-json\/wp\/v2\/posts\/15008\/revisions\/15010"}],"wp:featuredmedia":[{"embeddable":true,"href":"https:\/\/www.anovapeneira.gal\/index.php\/wp-json\/wp\/v2\/media\/8144"}],"wp:attachment":[{"href":"https:\/\/www.anovapeneira.gal\/index.php\/wp-json\/wp\/v2\/media?parent=15008"}],"wp:term":[{"taxonomy":"category","embeddable":true,"href":"https:\/\/www.anovapeneira.gal\/index.php\/wp-json\/wp\/v2\/categories?post=15008"},{"taxonomy":"post_tag","embeddable":true,"href":"https:\/\/www.anovapeneira.gal\/index.php\/wp-json\/wp\/v2\/tags?post=15008"}],"curies":[{"name":"wp","href":"https:\/\/api.w.org\/{rel}","templated":true}]}}