{"id":15011,"date":"2025-12-01T12:00:07","date_gmt":"2025-12-01T11:00:07","guid":{"rendered":"https:\/\/www.anovapeneira.gal\/?p=15011"},"modified":"2025-11-26T18:50:42","modified_gmt":"2025-11-26T17:50:42","slug":"tomino-pioneiro-na-recollida-porta-a-porta-de-biorresiduos-para-produtores-singulares","status":"publish","type":"post","link":"https:\/\/www.anovapeneira.gal\/index.php\/2025\/12\/01\/tomino-pioneiro-na-recollida-porta-a-porta-de-biorresiduos-para-produtores-singulares\/","title":{"rendered":"Tomi\u00f1o, pioneiro na recollida porta a porta de biorresiduos para produtores singulares"},"content":{"rendered":"\n<h2 class=\"wp-block-heading\"><strong>O Concello presentou aos produtores este servizo innovador que mellorar\u00e1 a xesti\u00f3n dos residuos e permitir\u00e1 cumprir cos obxectivos ambientais marcados pola normativa europea<\/strong><\/h2>\n\n\n\n<p><strong>Tomi\u00f1o, 25 de novembro de 2025.-<\/strong> Nun momento no que Europa acelera a transici\u00f3n ecol\u00f3xica, <strong>Tomi\u00f1o avanza con decisi\u00f3n cara a un sistema de residuos m\u00e1is eficiente, moderno e sostible<\/strong>. O Concello v\u00e9n de manter unha reuni\u00f3n informativa cos posibles produtores singulares para presentar o novo servizo de <strong>recollida de biorresiduos porta a porta <\/strong>que planea por en marcha nas pr\u00f3ximas semanas para este sector. Unha alternativa voluntaria pensada para facilitar a xesti\u00f3n deste tipo de restos a aqueles produtores que non poidan empregar composteiro individual ou comunitario.<\/p>\n\n\n\n<p>Este novo modelo chega nun contexto marcado pola normativa auton\u00f3mica e estatal, que trasp\u00f3n a directiva marco europea e fixa obxectivos claros e obrigatorios de reutilizaci\u00f3n e reciclaxe: alcanzar o <strong>55% neste 2025<\/strong>, o <strong>60% en 2030<\/strong> e o <strong>65% en 2035<\/strong>. Para adaptarse \u00e1 normativa e seguir sendo un concello referente en xesti\u00f3n sostible, Tomi\u00f1o est\u00e1 traballando para renovar o seu servizo municipal de residuos con novas ferramentas e sistemas.<\/p>\n\n\n\n<p>A alcaldesa, Sandra Gonz\u00e1lez, subli\u00f1ou que co novo modelo de xesti\u00f3n de residuos \u201cestamos a dar un paso fundamental para situar a Tomi\u00f1o no cami\u00f1o que marcan Europa e a normativa estatal. Un modelo que nos permitir\u00e1 optimizar recursos, mellorar o servizo de recollida e xesti\u00f3n e seguir avanzando cara a unha vila m\u00e1is verde, responsable e comprometida co futuro\u201d.<\/p>\n\n\n\n<p>Pola s\u00faa banda, a concelleira de Medio Ambiente, Ana Bel\u00e9n Casaleiro, destacou a importancia desta nova fase. \u201cA recollida porta a porta de biorresiduos para produtores singulares \u00e9 unha oportunidade para facilitar a s\u00faa xesti\u00f3n diaria, reducir o que vai ao colector de resto e transformar a materia org\u00e1nica en recurso. Con estes primeiros pasos imos constru\u00edndo un sistema m\u00e1is eficiente e m\u00e1is sostible para toda a veci\u00f1anza\u201d, recalcou.<\/p>\n\n\n\n<p>Dentro da posta en marcha deste servizo de recollida de biorresiduos para produtores singulares e como primeiro paso cara ao novo modelo de xesti\u00f3n dos residuos, o Concello est\u00e1 a renovar os medios materiais necesarios para implantalo, entre eles <strong>dous novos cami\u00f3ns, o de biorresiduos e o de voluminosos e un punto limpo m\u00f3bil para residuos especiais,<\/strong> adquiridos co apoio da Xunta de Galicia, financiado pola Uni\u00f3n Europea \u2013 Next Generation EU, dentro das actuaci\u00f3ns destinadas \u00e1 mellora dos residuos municipais. Tr\u00e1tase dun proxecto que supor\u00e1 un investimento de m\u00e1is de 162.000 euros dos que se subvencionar\u00e1n arredor de 121.000 euros.<\/p>\n\n\n\n<p>A rexedora conclu\u00edu lembrando que \u201co \u00e9xito do novo modelo depende da colaboraci\u00f3n e da participaci\u00f3n activa dos sectores implicados\u201d, e animou a produtores e establecementos a sumarse \u00e1 iniciativa.<\/p>\n","protected":false},"excerpt":{"rendered":"<div class=\"mh-excerpt\"><p>O Concello presentou aos produtores este servizo innovador que mellorar\u00e1 a xesti\u00f3n dos residuos e permitir\u00e1 cumprir cos obxectivos ambientais marcados pola normativa europea <a class=\"mh-excerpt-more\" href=\"https:\/\/www.anovapeneira.gal\/index.php\/2025\/12\/01\/tomino-pioneiro-na-recollida-porta-a-porta-de-biorresiduos-para-produtores-singulares\/\" title=\"Tomi\u00f1o, pioneiro na recollida porta a porta de biorresiduos para produtores singulares\">[&#8230;]<\/a><\/p>\n<\/div>","protected":false},"author":3,"featured_media":15012,"comment_status":"open","ping_status":"open","sticky":false,"template":"","format":"standard","meta":{"_exactmetrics_skip_tracking":false,"_exactmetrics_sitenote_active":false,"_exactmetrics_sitenote_note":"","_exactmetrics_sitenote_category":0,"footnotes":""},"categories":[21],"tags":[81],"class_list":{"0":"post-15011","1":"post","2":"type-post","3":"status-publish","4":"format-standard","5":"has-post-thumbnail","7":"category-baixo-mino","8":"tag-concello-de-tomino"},"yoast_head":"<!-- This site is optimized with the Yoast SEO plugin v27.4 - https:\/\/yoast.com\/product\/yoast-seo-wordpress\/ -->\n<title>Tomi\u00f1o, pioneiro na recollida porta a porta de biorresiduos para produtores singulares -<\/title>\n<meta name=\"robots\" content=\"index, follow, max-snippet:-1, max-image-preview:large, max-video-preview:-1\" \/>\n<link rel=\"canonical\" href=\"https:\/\/www.anovapeneira.gal\/index.php\/2025\/12\/01\/tomino-pioneiro-na-recollida-porta-a-porta-de-biorresiduos-para-produtores-singulares\/\" \/>\n<meta property=\"og:locale\" content=\"gl_ES\" \/>\n<meta property=\"og:type\" content=\"article\" \/>\n<meta property=\"og:title\" content=\"Tomi\u00f1o, pioneiro na recollida porta a porta de biorresiduos para produtores singulares -\" \/>\n<meta property=\"og:description\" content=\"O Concello presentou aos produtores este servizo innovador que mellorar\u00e1 a xesti\u00f3n dos residuos e permitir\u00e1 cumprir cos obxectivos ambientais marcados pola normativa europea [...]\" \/>\n<meta property=\"og:url\" content=\"https:\/\/www.anovapeneira.gal\/index.php\/2025\/12\/01\/tomino-pioneiro-na-recollida-porta-a-porta-de-biorresiduos-para-produtores-singulares\/\" \/>\n<meta property=\"article:publisher\" content=\"https:\/\/www.facebook.com\/anovapeneira\" \/>\n<meta property=\"article:published_time\" content=\"2025-12-01T11:00:07+00:00\" \/>\n<meta property=\"og:image\" content=\"https:\/\/www.anovapeneira.gal\/wp-content\/uploads\/2025\/11\/Tomino_biorresiduos.png\" \/>\n\t<meta property=\"og:image:width\" content=\"720\" \/>\n\t<meta property=\"og:image:height\" content=\"432\" \/>\n\t<meta property=\"og:image:type\" content=\"image\/png\" \/>\n<meta name=\"author\" content=\"Redacci\u00f3n A Nova Peneira\" \/>\n<meta name=\"twitter:card\" content=\"summary_large_image\" \/>\n<meta name=\"twitter:creator\" content=\"@APeneira\" \/>\n<meta name=\"twitter:site\" content=\"@APeneira\" \/>\n<meta name=\"twitter:label1\" content=\"Escrito por\" \/>\n\t<meta name=\"twitter:data1\" content=\"Redacci\u00f3n A Nova Peneira\" \/>\n\t<meta name=\"twitter:label2\" content=\"Tempo de lectura\" \/>\n\t<meta name=\"twitter:data2\" content=\"3 minutos\" \/>\n<script type=\"application\/ld+json\" class=\"yoast-schema-graph\">{\"@context\":\"https:\\\/\\\/schema.org\",\"@graph\":[{\"@type\":\"Article\",\"@id\":\"https:\\\/\\\/www.anovapeneira.gal\\\/index.php\\\/2025\\\/12\\\/01\\\/tomino-pioneiro-na-recollida-porta-a-porta-de-biorresiduos-para-produtores-singulares\\\/#article\",\"isPartOf\":{\"@id\":\"https:\\\/\\\/www.anovapeneira.gal\\\/index.php\\\/2025\\\/12\\\/01\\\/tomino-pioneiro-na-recollida-porta-a-porta-de-biorresiduos-para-produtores-singulares\\\/\"},\"author\":{\"name\":\"Redacci\u00f3n A Nova Peneira\",\"@id\":\"https:\\\/\\\/www.anovapeneira.gal\\\/#\\\/schema\\\/person\\\/b93e3f8932e3f8da96334607eb6ac6aa\"},\"headline\":\"Tomi\u00f1o, pioneiro na recollida porta a porta de biorresiduos para produtores singulares\",\"datePublished\":\"2025-12-01T11:00:07+00:00\",\"mainEntityOfPage\":{\"@id\":\"https:\\\/\\\/www.anovapeneira.gal\\\/index.php\\\/2025\\\/12\\\/01\\\/tomino-pioneiro-na-recollida-porta-a-porta-de-biorresiduos-para-produtores-singulares\\\/\"},\"wordCount\":485,\"commentCount\":0,\"publisher\":{\"@id\":\"https:\\\/\\\/www.anovapeneira.gal\\\/#organization\"},\"image\":{\"@id\":\"https:\\\/\\\/www.anovapeneira.gal\\\/index.php\\\/2025\\\/12\\\/01\\\/tomino-pioneiro-na-recollida-porta-a-porta-de-biorresiduos-para-produtores-singulares\\\/#primaryimage\"},\"thumbnailUrl\":\"https:\\\/\\\/www.anovapeneira.gal\\\/wp-content\\\/uploads\\\/2025\\\/11\\\/Tomino_biorresiduos.png\",\"keywords\":[\"Concello de Tomi\u00f1o\"],\"articleSection\":[\"Baixo Mi\u00f1o\"],\"inLanguage\":\"gl-ES\",\"potentialAction\":[{\"@type\":\"CommentAction\",\"name\":\"Comment\",\"target\":[\"https:\\\/\\\/www.anovapeneira.gal\\\/index.php\\\/2025\\\/12\\\/01\\\/tomino-pioneiro-na-recollida-porta-a-porta-de-biorresiduos-para-produtores-singulares\\\/#respond\"]}]},{\"@type\":\"WebPage\",\"@id\":\"https:\\\/\\\/www.anovapeneira.gal\\\/index.php\\\/2025\\\/12\\\/01\\\/tomino-pioneiro-na-recollida-porta-a-porta-de-biorresiduos-para-produtores-singulares\\\/\",\"url\":\"https:\\\/\\\/www.anovapeneira.gal\\\/index.php\\\/2025\\\/12\\\/01\\\/tomino-pioneiro-na-recollida-porta-a-porta-de-biorresiduos-para-produtores-singulares\\\/\",\"name\":\"Tomi\u00f1o, pioneiro na recollida porta a porta de biorresiduos para produtores singulares -\",\"isPartOf\":{\"@id\":\"https:\\\/\\\/www.anovapeneira.gal\\\/#website\"},\"primaryImageOfPage\":{\"@id\":\"https:\\\/\\\/www.anovapeneira.gal\\\/index.php\\\/2025\\\/12\\\/01\\\/tomino-pioneiro-na-recollida-porta-a-porta-de-biorresiduos-para-produtores-singulares\\\/#primaryimage\"},\"image\":{\"@id\":\"https:\\\/\\\/www.anovapeneira.gal\\\/index.php\\\/2025\\\/12\\\/01\\\/tomino-pioneiro-na-recollida-porta-a-porta-de-biorresiduos-para-produtores-singulares\\\/#primaryimage\"},\"thumbnailUrl\":\"https:\\\/\\\/www.anovapeneira.gal\\\/wp-content\\\/uploads\\\/2025\\\/11\\\/Tomino_biorresiduos.png\",\"datePublished\":\"2025-12-01T11:00:07+00:00\",\"breadcrumb\":{\"@id\":\"https:\\\/\\\/www.anovapeneira.gal\\\/index.php\\\/2025\\\/12\\\/01\\\/tomino-pioneiro-na-recollida-porta-a-porta-de-biorresiduos-para-produtores-singulares\\\/#breadcrumb\"},\"inLanguage\":\"gl-ES\",\"potentialAction\":[{\"@type\":\"ReadAction\",\"target\":[\"https:\\\/\\\/www.anovapeneira.gal\\\/index.php\\\/2025\\\/12\\\/01\\\/tomino-pioneiro-na-recollida-porta-a-porta-de-biorresiduos-para-produtores-singulares\\\/\"]}]},{\"@type\":\"ImageObject\",\"inLanguage\":\"gl-ES\",\"@id\":\"https:\\\/\\\/www.anovapeneira.gal\\\/index.php\\\/2025\\\/12\\\/01\\\/tomino-pioneiro-na-recollida-porta-a-porta-de-biorresiduos-para-produtores-singulares\\\/#primaryimage\",\"url\":\"https:\\\/\\\/www.anovapeneira.gal\\\/wp-content\\\/uploads\\\/2025\\\/11\\\/Tomino_biorresiduos.png\",\"contentUrl\":\"https:\\\/\\\/www.anovapeneira.gal\\\/wp-content\\\/uploads\\\/2025\\\/11\\\/Tomino_biorresiduos.png\",\"width\":720,\"height\":432},{\"@type\":\"BreadcrumbList\",\"@id\":\"https:\\\/\\\/www.anovapeneira.gal\\\/index.php\\\/2025\\\/12\\\/01\\\/tomino-pioneiro-na-recollida-porta-a-porta-de-biorresiduos-para-produtores-singulares\\\/#breadcrumb\",\"itemListElement\":[{\"@type\":\"ListItem\",\"position\":1,\"name\":\"Portada\",\"item\":\"https:\\\/\\\/www.anovapeneira.gal\\\/\"},{\"@type\":\"ListItem\",\"position\":2,\"name\":\"Tomi\u00f1o, pioneiro na recollida porta a porta de biorresiduos para produtores singulares\"}]},{\"@type\":\"WebSite\",\"@id\":\"https:\\\/\\\/www.anovapeneira.gal\\\/#website\",\"url\":\"https:\\\/\\\/www.anovapeneira.gal\\\/\",\"name\":\"\",\"description\":\"Xornal galego de informaci\u00f3n xeral Publicaci\u00f3n mensual de novas de Galicia e en especial dos Concellos da sur da provincia de Pontevedra.\",\"publisher\":{\"@id\":\"https:\\\/\\\/www.anovapeneira.gal\\\/#organization\"},\"potentialAction\":[{\"@type\":\"SearchAction\",\"target\":{\"@type\":\"EntryPoint\",\"urlTemplate\":\"https:\\\/\\\/www.anovapeneira.gal\\\/?s={search_term_string}\"},\"query-input\":{\"@type\":\"PropertyValueSpecification\",\"valueRequired\":true,\"valueName\":\"search_term_string\"}}],\"inLanguage\":\"gl-ES\"},{\"@type\":\"Organization\",\"@id\":\"https:\\\/\\\/www.anovapeneira.gal\\\/#organization\",\"name\":\"A Nova Peneira\",\"url\":\"https:\\\/\\\/www.anovapeneira.gal\\\/\",\"logo\":{\"@type\":\"ImageObject\",\"inLanguage\":\"gl-ES\",\"@id\":\"https:\\\/\\\/www.anovapeneira.gal\\\/#\\\/schema\\\/logo\\\/image\\\/\",\"url\":\"http:\\\/\\\/www.anovapeneira.gal\\\/wp-content\\\/uploads\\\/2019\\\/06\\\/logo_a_nova_peneira_portal_web.png\",\"contentUrl\":\"http:\\\/\\\/www.anovapeneira.gal\\\/wp-content\\\/uploads\\\/2019\\\/06\\\/logo_a_nova_peneira_portal_web.png\",\"width\":300,\"height\":100,\"caption\":\"A Nova Peneira\"},\"image\":{\"@id\":\"https:\\\/\\\/www.anovapeneira.gal\\\/#\\\/schema\\\/logo\\\/image\\\/\"},\"sameAs\":[\"https:\\\/\\\/www.facebook.com\\\/anovapeneira\",\"https:\\\/\\\/x.com\\\/APeneira\"]},{\"@type\":\"Person\",\"@id\":\"https:\\\/\\\/www.anovapeneira.gal\\\/#\\\/schema\\\/person\\\/b93e3f8932e3f8da96334607eb6ac6aa\",\"name\":\"Redacci\u00f3n A Nova Peneira\",\"image\":{\"@type\":\"ImageObject\",\"inLanguage\":\"gl-ES\",\"@id\":\"https:\\\/\\\/secure.gravatar.com\\\/avatar\\\/c052a2551a06e23fac63626232eaa90abd78dbcf1700fc46a2b2c89fd27b735f?s=96&d=mm&r=g\",\"url\":\"https:\\\/\\\/secure.gravatar.com\\\/avatar\\\/c052a2551a06e23fac63626232eaa90abd78dbcf1700fc46a2b2c89fd27b735f?s=96&d=mm&r=g\",\"contentUrl\":\"https:\\\/\\\/secure.gravatar.com\\\/avatar\\\/c052a2551a06e23fac63626232eaa90abd78dbcf1700fc46a2b2c89fd27b735f?s=96&d=mm&r=g\",\"caption\":\"Redacci\u00f3n A Nova Peneira\"},\"sameAs\":[\"http:\\\/\\\/www.anovapeneira.gal\\\/\"],\"url\":\"https:\\\/\\\/www.anovapeneira.gal\\\/index.php\\\/author\\\/redactor\\\/\"}]}<\/script>\n<!-- \/ Yoast SEO plugin. -->","yoast_head_json":{"title":"Tomi\u00f1o, pioneiro na recollida porta a porta de biorresiduos para produtores singulares -","robots":{"index":"index","follow":"follow","max-snippet":"max-snippet:-1","max-image-preview":"max-image-preview:large","max-video-preview":"max-video-preview:-1"},"canonical":"https:\/\/www.anovapeneira.gal\/index.php\/2025\/12\/01\/tomino-pioneiro-na-recollida-porta-a-porta-de-biorresiduos-para-produtores-singulares\/","og_locale":"gl_ES","og_type":"article","og_title":"Tomi\u00f1o, pioneiro na recollida porta a porta de biorresiduos para produtores singulares -","og_description":"O Concello presentou aos produtores este servizo innovador que mellorar\u00e1 a xesti\u00f3n dos residuos e permitir\u00e1 cumprir cos obxectivos ambientais marcados pola normativa europea [...]","og_url":"https:\/\/www.anovapeneira.gal\/index.php\/2025\/12\/01\/tomino-pioneiro-na-recollida-porta-a-porta-de-biorresiduos-para-produtores-singulares\/","article_publisher":"https:\/\/www.facebook.com\/anovapeneira","article_published_time":"2025-12-01T11:00:07+00:00","og_image":[{"width":720,"height":432,"url":"https:\/\/www.anovapeneira.gal\/wp-content\/uploads\/2025\/11\/Tomino_biorresiduos.png","type":"image\/png"}],"author":"Redacci\u00f3n A Nova Peneira","twitter_card":"summary_large_image","twitter_creator":"@APeneira","twitter_site":"@APeneira","twitter_misc":{"Escrito por":"Redacci\u00f3n A Nova Peneira","Tempo de lectura":"3 minutos"},"schema":{"@context":"https:\/\/schema.org","@graph":[{"@type":"Article","@id":"https:\/\/www.anovapeneira.gal\/index.php\/2025\/12\/01\/tomino-pioneiro-na-recollida-porta-a-porta-de-biorresiduos-para-produtores-singulares\/#article","isPartOf":{"@id":"https:\/\/www.anovapeneira.gal\/index.php\/2025\/12\/01\/tomino-pioneiro-na-recollida-porta-a-porta-de-biorresiduos-para-produtores-singulares\/"},"author":{"name":"Redacci\u00f3n A Nova Peneira","@id":"https:\/\/www.anovapeneira.gal\/#\/schema\/person\/b93e3f8932e3f8da96334607eb6ac6aa"},"headline":"Tomi\u00f1o, pioneiro na recollida porta a porta de biorresiduos para produtores singulares","datePublished":"2025-12-01T11:00:07+00:00","mainEntityOfPage":{"@id":"https:\/\/www.anovapeneira.gal\/index.php\/2025\/12\/01\/tomino-pioneiro-na-recollida-porta-a-porta-de-biorresiduos-para-produtores-singulares\/"},"wordCount":485,"commentCount":0,"publisher":{"@id":"https:\/\/www.anovapeneira.gal\/#organization"},"image":{"@id":"https:\/\/www.anovapeneira.gal\/index.php\/2025\/12\/01\/tomino-pioneiro-na-recollida-porta-a-porta-de-biorresiduos-para-produtores-singulares\/#primaryimage"},"thumbnailUrl":"https:\/\/www.anovapeneira.gal\/wp-content\/uploads\/2025\/11\/Tomino_biorresiduos.png","keywords":["Concello de Tomi\u00f1o"],"articleSection":["Baixo Mi\u00f1o"],"inLanguage":"gl-ES","potentialAction":[{"@type":"CommentAction","name":"Comment","target":["https:\/\/www.anovapeneira.gal\/index.php\/2025\/12\/01\/tomino-pioneiro-na-recollida-porta-a-porta-de-biorresiduos-para-produtores-singulares\/#respond"]}]},{"@type":"WebPage","@id":"https:\/\/www.anovapeneira.gal\/index.php\/2025\/12\/01\/tomino-pioneiro-na-recollida-porta-a-porta-de-biorresiduos-para-produtores-singulares\/","url":"https:\/\/www.anovapeneira.gal\/index.php\/2025\/12\/01\/tomino-pioneiro-na-recollida-porta-a-porta-de-biorresiduos-para-produtores-singulares\/","name":"Tomi\u00f1o, pioneiro na recollida porta a porta de biorresiduos para produtores singulares -","isPartOf":{"@id":"https:\/\/www.anovapeneira.gal\/#website"},"primaryImageOfPage":{"@id":"https:\/\/www.anovapeneira.gal\/index.php\/2025\/12\/01\/tomino-pioneiro-na-recollida-porta-a-porta-de-biorresiduos-para-produtores-singulares\/#primaryimage"},"image":{"@id":"https:\/\/www.anovapeneira.gal\/index.php\/2025\/12\/01\/tomino-pioneiro-na-recollida-porta-a-porta-de-biorresiduos-para-produtores-singulares\/#primaryimage"},"thumbnailUrl":"https:\/\/www.anovapeneira.gal\/wp-content\/uploads\/2025\/11\/Tomino_biorresiduos.png","datePublished":"2025-12-01T11:00:07+00:00","breadcrumb":{"@id":"https:\/\/www.anovapeneira.gal\/index.php\/2025\/12\/01\/tomino-pioneiro-na-recollida-porta-a-porta-de-biorresiduos-para-produtores-singulares\/#breadcrumb"},"inLanguage":"gl-ES","potentialAction":[{"@type":"ReadAction","target":["https:\/\/www.anovapeneira.gal\/index.php\/2025\/12\/01\/tomino-pioneiro-na-recollida-porta-a-porta-de-biorresiduos-para-produtores-singulares\/"]}]},{"@type":"ImageObject","inLanguage":"gl-ES","@id":"https:\/\/www.anovapeneira.gal\/index.php\/2025\/12\/01\/tomino-pioneiro-na-recollida-porta-a-porta-de-biorresiduos-para-produtores-singulares\/#primaryimage","url":"https:\/\/www.anovapeneira.gal\/wp-content\/uploads\/2025\/11\/Tomino_biorresiduos.png","contentUrl":"https:\/\/www.anovapeneira.gal\/wp-content\/uploads\/2025\/11\/Tomino_biorresiduos.png","width":720,"height":432},{"@type":"BreadcrumbList","@id":"https:\/\/www.anovapeneira.gal\/index.php\/2025\/12\/01\/tomino-pioneiro-na-recollida-porta-a-porta-de-biorresiduos-para-produtores-singulares\/#breadcrumb","itemListElement":[{"@type":"ListItem","position":1,"name":"Portada","item":"https:\/\/www.anovapeneira.gal\/"},{"@type":"ListItem","position":2,"name":"Tomi\u00f1o, pioneiro na recollida porta a porta de biorresiduos para produtores singulares"}]},{"@type":"WebSite","@id":"https:\/\/www.anovapeneira.gal\/#website","url":"https:\/\/www.anovapeneira.gal\/","name":"","description":"Xornal galego de informaci\u00f3n xeral Publicaci\u00f3n mensual de novas de Galicia e en especial dos Concellos da sur da provincia de Pontevedra.","publisher":{"@id":"https:\/\/www.anovapeneira.gal\/#organization"},"potentialAction":[{"@type":"SearchAction","target":{"@type":"EntryPoint","urlTemplate":"https:\/\/www.anovapeneira.gal\/?s={search_term_string}"},"query-input":{"@type":"PropertyValueSpecification","valueRequired":true,"valueName":"search_term_string"}}],"inLanguage":"gl-ES"},{"@type":"Organization","@id":"https:\/\/www.anovapeneira.gal\/#organization","name":"A Nova Peneira","url":"https:\/\/www.anovapeneira.gal\/","logo":{"@type":"ImageObject","inLanguage":"gl-ES","@id":"https:\/\/www.anovapeneira.gal\/#\/schema\/logo\/image\/","url":"http:\/\/www.anovapeneira.gal\/wp-content\/uploads\/2019\/06\/logo_a_nova_peneira_portal_web.png","contentUrl":"http:\/\/www.anovapeneira.gal\/wp-content\/uploads\/2019\/06\/logo_a_nova_peneira_portal_web.png","width":300,"height":100,"caption":"A Nova Peneira"},"image":{"@id":"https:\/\/www.anovapeneira.gal\/#\/schema\/logo\/image\/"},"sameAs":["https:\/\/www.facebook.com\/anovapeneira","https:\/\/x.com\/APeneira"]},{"@type":"Person","@id":"https:\/\/www.anovapeneira.gal\/#\/schema\/person\/b93e3f8932e3f8da96334607eb6ac6aa","name":"Redacci\u00f3n A Nova Peneira","image":{"@type":"ImageObject","inLanguage":"gl-ES","@id":"https:\/\/secure.gravatar.com\/avatar\/c052a2551a06e23fac63626232eaa90abd78dbcf1700fc46a2b2c89fd27b735f?s=96&d=mm&r=g","url":"https:\/\/secure.gravatar.com\/avatar\/c052a2551a06e23fac63626232eaa90abd78dbcf1700fc46a2b2c89fd27b735f?s=96&d=mm&r=g","contentUrl":"https:\/\/secure.gravatar.com\/avatar\/c052a2551a06e23fac63626232eaa90abd78dbcf1700fc46a2b2c89fd27b735f?s=96&d=mm&r=g","caption":"Redacci\u00f3n A Nova Peneira"},"sameAs":["http:\/\/www.anovapeneira.gal\/"],"url":"https:\/\/www.anovapeneira.gal\/index.php\/author\/redactor\/"}]}},"jetpack_featured_media_url":"https:\/\/www.anovapeneira.gal\/wp-content\/uploads\/2025\/11\/Tomino_biorresiduos.png","_links":{"self":[{"href":"https:\/\/www.anovapeneira.gal\/index.php\/wp-json\/wp\/v2\/posts\/15011","targetHints":{"allow":["GET"]}}],"collection":[{"href":"https:\/\/www.anovapeneira.gal\/index.php\/wp-json\/wp\/v2\/posts"}],"about":[{"href":"https:\/\/www.anovapeneira.gal\/index.php\/wp-json\/wp\/v2\/types\/post"}],"author":[{"embeddable":true,"href":"https:\/\/www.anovapeneira.gal\/index.php\/wp-json\/wp\/v2\/users\/3"}],"replies":[{"embeddable":true,"href":"https:\/\/www.anovapeneira.gal\/index.php\/wp-json\/wp\/v2\/comments?post=15011"}],"version-history":[{"count":1,"href":"https:\/\/www.anovapeneira.gal\/index.php\/wp-json\/wp\/v2\/posts\/15011\/revisions"}],"predecessor-version":[{"id":15013,"href":"https:\/\/www.anovapeneira.gal\/index.php\/wp-json\/wp\/v2\/posts\/15011\/revisions\/15013"}],"wp:featuredmedia":[{"embeddable":true,"href":"https:\/\/www.anovapeneira.gal\/index.php\/wp-json\/wp\/v2\/media\/15012"}],"wp:attachment":[{"href":"https:\/\/www.anovapeneira.gal\/index.php\/wp-json\/wp\/v2\/media?parent=15011"}],"wp:term":[{"taxonomy":"category","embeddable":true,"href":"https:\/\/www.anovapeneira.gal\/index.php\/wp-json\/wp\/v2\/categories?post=15011"},{"taxonomy":"post_tag","embeddable":true,"href":"https:\/\/www.anovapeneira.gal\/index.php\/wp-json\/wp\/v2\/tags?post=15011"}],"curies":[{"name":"wp","href":"https:\/\/api.w.org\/{rel}","templated":true}]}}