{"id":15015,"date":"2025-12-02T12:00:44","date_gmt":"2025-12-02T11:00:44","guid":{"rendered":"https:\/\/www.anovapeneira.gal\/?p=15015"},"modified":"2025-12-02T12:05:59","modified_gmt":"2025-12-02T11:05:59","slug":"o-porrino-inaugura-a-praza-25n-nun-acto-cheo-de-memoria-e-compromiso-contra-a-violencia-machista","status":"publish","type":"post","link":"https:\/\/www.anovapeneira.gal\/index.php\/2025\/12\/02\/o-porrino-inaugura-a-praza-25n-nun-acto-cheo-de-memoria-e-compromiso-contra-a-violencia-machista\/","title":{"rendered":"O Porri\u00f1o inaugura a praza 25N nun acto cheo de memoria e compromiso contra a violencia machista"},"content":{"rendered":"\n<h2 class=\"wp-block-heading\">A nova praza nace como espazo simb\u00f3lico para lembrar \u00e1s v\u00edtimas e promover unha sociedade xusta, libre e segura<\/h2>\n\n\n\n<h2 class=\"wp-block-heading\">A xornada reuniu alumnado, autoridades e veci\u00f1anza nun lazo humano, varias intervenci\u00f3ns e a lectura do manifesto institucional<\/h2>\n\n\n\n<p><strong>O Porri\u00f1o, 25 de novembro de 2025.<\/strong><\/p>\n\n\n\n<p>O Porri\u00f1o celebra este 25 de novembro cunha intensa xornada de actos polo D\u00eda Internacional da Eliminaci\u00f3n da Violencia \u00e1 Muller, marcada pola inauguraci\u00f3n oficial da nova Praza 25N, un espazo dedicado \u00e1 memoria das v\u00edtimas e ao compromiso colectivo contra a violencia machista.<\/p>\n\n\n\n<p>A programaci\u00f3n comezou onte coa colocaci\u00f3n do lazo morado na fachada do Concello. Hoxe ao mediod\u00eda instalouse o Punto Violeta na Praza do Concello, seguido do acto de inauguraci\u00f3n da Praza 25N, fronte a igrexa parroquial de Santa Mar\u00eda do Porri\u00f1o, acompa\u00f1ada dunha peza de viol\u00edn que deu inicio a un momento especialmente emotivo.<\/p>\n\n\n\n<p>Tralo descubrimento da placa, o alcalde Alejandro Lorenzo lembrou que se trataba dun compromiso adquirido en pleno e que agora se fai realidade. \u201cEsta praza, ata agora sen nome, pasa a chamarse oficialmente Praza 25N, en homenaxe a todas as mulleres v\u00edtimas de violencia machista\u201d. O rexedor subli\u00f1ou que a loita non debe reducirse a un \u00fanico d\u00eda, sen\u00f3n que \u00e9 unha responsabilidade de toda a sociedade cada d\u00eda do ano. \u201cCada recuncho desta praza lembrar\u00e1 non s\u00f3 \u00e1s v\u00edtimas, sen\u00f3n tam\u00e9n a necesidade de educar en igualdade, promover o respecto e constru\u00edr relaci\u00f3ns libres de violencia\u201d. Pechou desexando que este novo espazo se convertese nun lugar \u201cde reflexi\u00f3n, de memoria e de compromiso colectivo\u201d.<\/p>\n\n\n\n<p>Un dos momentos m\u00e1is destacados foi o lazo humano formado polo alumnado de 2\u00ba e 4\u00ba da ESO do colexio Hermanos Quiroga, que portaba cartolinas moradas cos nomes das 39 v\u00edtimas mortais deste ano.<\/p>\n\n\n\n<p>Antes de iniciar a lectura de cada una desas v\u00edtimas, a concelleira de Igualdade, Carolina Gonz\u00e1lez, destacou que o 25N \u00e9 \u201cun d\u00eda de recordo, reflexi\u00f3n e compromiso coa prevenci\u00f3n e eliminaci\u00f3n da violencia machista\u201d. Subli\u00f1ou que \u201co respecto non \u00e9 s\u00f3 unha palabra, sen\u00f3n un modo de vida\u201d e lembrou que cada asasinato \u201c\u00e9 unha ferida colectiva que obriga a continuar alzando a voz\u201d. Alertou tam\u00e9n sobre as violencias coti\u00e1s \u2014insultos, humillaci\u00f3ns, silencios\u2014 e insistiu en que \u201ceducar en valores deb\u00eda seguir sendo unha prioridade\u201d. A concelleira reafirmou o compromiso do Concello coa creaci\u00f3n de espazos seguros e coa colaboraci\u00f3n con centros educativos, asociaci\u00f3ns, familias e cidadan\u00eda para constru\u00edr \u201cun lugar libre, sen medo e xusto\u201d.<\/p>\n\n\n\n<p>A continuaci\u00f3n, cada estudante foi abandonando a formaci\u00f3n do lazo para achegarse ao micr\u00f3fono e ler o nome da v\u00edtima correspondente, regresando logo ao seu sitio para depositar unha rosa morada sobre a s\u00faa cartolina. O alcalde Alejandro Lorenzo foi o encargado de portar a \u00faltima das cartolinas,<\/p>\n\n\n\n<p>correspondente \u00e1 v\u00edtima n\u00famero 39, unha muller de 60 anos asasinada en M\u00e1laga o pasado s\u00e1bado. Tras nomeala, pediu gardar un minuto de silencio, afirmando que \u201cO Porri\u00f1o \u00e9rguese unido para lembrar \u00e1s mulleres asasinadas e para reafirmar que non imos tolerar nin un s\u00f3 paso atr\u00e1s\u201d. A continuaci\u00f3n procedeuse \u00e1 lectura do manifesto institucional por parte da Ilustre Se\u00f1ora Xu\u00edza Mar\u00eda Jes\u00fas Mosteiro, encargada do Xulgado de violencia sobre a muller, no que se reafirmou o compromiso coa defensa dos dereitos humanos e coa erradicaci\u00f3n de todas as formas de violencia machista. A xu\u00edza subli\u00f1ou \u201ca necesidade de pol\u00edticas p\u00fablicas eficaces, a importancia da prevenci\u00f3n, a coordinaci\u00f3n institucional, a formaci\u00f3n de profesionais e a garant\u00eda de recursos accesibles para as v\u00edtimas e os seus fillos e fillas\u201d. Con firmeza, conclu\u00edu que \u201cs\u00f3 mediante o compromiso colectivo poderemos avanzar cara a unha sociedade libre de violencia machista\u201d.<\/p>\n\n\n\n<p>Un concerto de corda e piano da Escola Municipal de M\u00fasica puxo o broche emocional a unha programaci\u00f3n na que O Porri\u00f1o reivindicou, con unidade e determinaci\u00f3n, unha vida libre de violencia para todas as mulleres.<\/p>\n","protected":false},"excerpt":{"rendered":"<div class=\"mh-excerpt\"><p>A nova praza nace como espazo simb\u00f3lico para lembrar \u00e1s v\u00edtimas e promover unha sociedade xusta, libre e segura <a class=\"mh-excerpt-more\" href=\"https:\/\/www.anovapeneira.gal\/index.php\/2025\/12\/02\/o-porrino-inaugura-a-praza-25n-nun-acto-cheo-de-memoria-e-compromiso-contra-a-violencia-machista\/\" title=\"O Porri\u00f1o inaugura a praza 25N nun acto cheo de memoria e compromiso contra a violencia machista\">[&#8230;]<\/a><\/p>\n<\/div>","protected":false},"author":3,"featured_media":15016,"comment_status":"open","ping_status":"open","sticky":false,"template":"","format":"standard","meta":{"_exactmetrics_skip_tracking":false,"_exactmetrics_sitenote_active":false,"_exactmetrics_sitenote_note":"","_exactmetrics_sitenote_category":0,"footnotes":""},"categories":[23],"tags":[411],"class_list":{"0":"post-15015","1":"post","2":"type-post","3":"status-publish","4":"format-standard","5":"has-post-thumbnail","7":"category-a-lourina","8":"tag-concello-do-porrino"},"yoast_head":"<!-- This site is optimized with the Yoast SEO plugin v27.4 - https:\/\/yoast.com\/product\/yoast-seo-wordpress\/ -->\n<title>O Porri\u00f1o inaugura a praza 25N nun acto cheo de memoria e compromiso contra a violencia machista -<\/title>\n<meta name=\"robots\" content=\"index, follow, max-snippet:-1, max-image-preview:large, max-video-preview:-1\" \/>\n<link rel=\"canonical\" href=\"https:\/\/www.anovapeneira.gal\/index.php\/2025\/12\/02\/o-porrino-inaugura-a-praza-25n-nun-acto-cheo-de-memoria-e-compromiso-contra-a-violencia-machista\/\" \/>\n<meta property=\"og:locale\" content=\"gl_ES\" \/>\n<meta property=\"og:type\" content=\"article\" \/>\n<meta property=\"og:title\" content=\"O Porri\u00f1o inaugura a praza 25N nun acto cheo de memoria e compromiso contra a violencia machista -\" \/>\n<meta property=\"og:description\" content=\"A nova praza nace como espazo simb\u00f3lico para lembrar \u00e1s v\u00edtimas e promover unha sociedade xusta, libre e segura [...]\" \/>\n<meta property=\"og:url\" content=\"https:\/\/www.anovapeneira.gal\/index.php\/2025\/12\/02\/o-porrino-inaugura-a-praza-25n-nun-acto-cheo-de-memoria-e-compromiso-contra-a-violencia-machista\/\" \/>\n<meta property=\"article:publisher\" content=\"https:\/\/www.facebook.com\/anovapeneira\" \/>\n<meta property=\"article:published_time\" content=\"2025-12-02T11:00:44+00:00\" \/>\n<meta property=\"article:modified_time\" content=\"2025-12-02T11:05:59+00:00\" \/>\n<meta property=\"og:image\" content=\"https:\/\/www.anovapeneira.gal\/wp-content\/uploads\/2025\/12\/NP_25_N_porrino.jpg\" \/>\n\t<meta property=\"og:image:width\" content=\"720\" \/>\n\t<meta property=\"og:image:height\" content=\"432\" \/>\n\t<meta property=\"og:image:type\" content=\"image\/jpeg\" \/>\n<meta name=\"author\" content=\"Redacci\u00f3n A Nova Peneira\" \/>\n<meta name=\"twitter:card\" content=\"summary_large_image\" \/>\n<meta name=\"twitter:creator\" content=\"@APeneira\" \/>\n<meta name=\"twitter:site\" content=\"@APeneira\" \/>\n<meta name=\"twitter:label1\" content=\"Escrito por\" \/>\n\t<meta name=\"twitter:data1\" content=\"Redacci\u00f3n A Nova Peneira\" \/>\n\t<meta name=\"twitter:label2\" content=\"Tempo de lectura\" \/>\n\t<meta name=\"twitter:data2\" content=\"4 minutos\" \/>\n<script type=\"application\/ld+json\" class=\"yoast-schema-graph\">{\"@context\":\"https:\\\/\\\/schema.org\",\"@graph\":[{\"@type\":\"Article\",\"@id\":\"https:\\\/\\\/www.anovapeneira.gal\\\/index.php\\\/2025\\\/12\\\/02\\\/o-porrino-inaugura-a-praza-25n-nun-acto-cheo-de-memoria-e-compromiso-contra-a-violencia-machista\\\/#article\",\"isPartOf\":{\"@id\":\"https:\\\/\\\/www.anovapeneira.gal\\\/index.php\\\/2025\\\/12\\\/02\\\/o-porrino-inaugura-a-praza-25n-nun-acto-cheo-de-memoria-e-compromiso-contra-a-violencia-machista\\\/\"},\"author\":{\"name\":\"Redacci\u00f3n A Nova Peneira\",\"@id\":\"https:\\\/\\\/www.anovapeneira.gal\\\/#\\\/schema\\\/person\\\/b93e3f8932e3f8da96334607eb6ac6aa\"},\"headline\":\"O Porri\u00f1o inaugura a praza 25N nun acto cheo de memoria e compromiso contra a violencia machista\",\"datePublished\":\"2025-12-02T11:00:44+00:00\",\"dateModified\":\"2025-12-02T11:05:59+00:00\",\"mainEntityOfPage\":{\"@id\":\"https:\\\/\\\/www.anovapeneira.gal\\\/index.php\\\/2025\\\/12\\\/02\\\/o-porrino-inaugura-a-praza-25n-nun-acto-cheo-de-memoria-e-compromiso-contra-a-violencia-machista\\\/\"},\"wordCount\":720,\"commentCount\":0,\"publisher\":{\"@id\":\"https:\\\/\\\/www.anovapeneira.gal\\\/#organization\"},\"image\":{\"@id\":\"https:\\\/\\\/www.anovapeneira.gal\\\/index.php\\\/2025\\\/12\\\/02\\\/o-porrino-inaugura-a-praza-25n-nun-acto-cheo-de-memoria-e-compromiso-contra-a-violencia-machista\\\/#primaryimage\"},\"thumbnailUrl\":\"https:\\\/\\\/www.anovapeneira.gal\\\/wp-content\\\/uploads\\\/2025\\\/12\\\/NP_25_N_porrino.jpg\",\"keywords\":[\"Concello do Porri\u00f1o\"],\"articleSection\":[\"A Louri\u00f1a\"],\"inLanguage\":\"gl-ES\",\"potentialAction\":[{\"@type\":\"CommentAction\",\"name\":\"Comment\",\"target\":[\"https:\\\/\\\/www.anovapeneira.gal\\\/index.php\\\/2025\\\/12\\\/02\\\/o-porrino-inaugura-a-praza-25n-nun-acto-cheo-de-memoria-e-compromiso-contra-a-violencia-machista\\\/#respond\"]}]},{\"@type\":\"WebPage\",\"@id\":\"https:\\\/\\\/www.anovapeneira.gal\\\/index.php\\\/2025\\\/12\\\/02\\\/o-porrino-inaugura-a-praza-25n-nun-acto-cheo-de-memoria-e-compromiso-contra-a-violencia-machista\\\/\",\"url\":\"https:\\\/\\\/www.anovapeneira.gal\\\/index.php\\\/2025\\\/12\\\/02\\\/o-porrino-inaugura-a-praza-25n-nun-acto-cheo-de-memoria-e-compromiso-contra-a-violencia-machista\\\/\",\"name\":\"O Porri\u00f1o inaugura a praza 25N nun acto cheo de memoria e compromiso contra a violencia machista -\",\"isPartOf\":{\"@id\":\"https:\\\/\\\/www.anovapeneira.gal\\\/#website\"},\"primaryImageOfPage\":{\"@id\":\"https:\\\/\\\/www.anovapeneira.gal\\\/index.php\\\/2025\\\/12\\\/02\\\/o-porrino-inaugura-a-praza-25n-nun-acto-cheo-de-memoria-e-compromiso-contra-a-violencia-machista\\\/#primaryimage\"},\"image\":{\"@id\":\"https:\\\/\\\/www.anovapeneira.gal\\\/index.php\\\/2025\\\/12\\\/02\\\/o-porrino-inaugura-a-praza-25n-nun-acto-cheo-de-memoria-e-compromiso-contra-a-violencia-machista\\\/#primaryimage\"},\"thumbnailUrl\":\"https:\\\/\\\/www.anovapeneira.gal\\\/wp-content\\\/uploads\\\/2025\\\/12\\\/NP_25_N_porrino.jpg\",\"datePublished\":\"2025-12-02T11:00:44+00:00\",\"dateModified\":\"2025-12-02T11:05:59+00:00\",\"breadcrumb\":{\"@id\":\"https:\\\/\\\/www.anovapeneira.gal\\\/index.php\\\/2025\\\/12\\\/02\\\/o-porrino-inaugura-a-praza-25n-nun-acto-cheo-de-memoria-e-compromiso-contra-a-violencia-machista\\\/#breadcrumb\"},\"inLanguage\":\"gl-ES\",\"potentialAction\":[{\"@type\":\"ReadAction\",\"target\":[\"https:\\\/\\\/www.anovapeneira.gal\\\/index.php\\\/2025\\\/12\\\/02\\\/o-porrino-inaugura-a-praza-25n-nun-acto-cheo-de-memoria-e-compromiso-contra-a-violencia-machista\\\/\"]}]},{\"@type\":\"ImageObject\",\"inLanguage\":\"gl-ES\",\"@id\":\"https:\\\/\\\/www.anovapeneira.gal\\\/index.php\\\/2025\\\/12\\\/02\\\/o-porrino-inaugura-a-praza-25n-nun-acto-cheo-de-memoria-e-compromiso-contra-a-violencia-machista\\\/#primaryimage\",\"url\":\"https:\\\/\\\/www.anovapeneira.gal\\\/wp-content\\\/uploads\\\/2025\\\/12\\\/NP_25_N_porrino.jpg\",\"contentUrl\":\"https:\\\/\\\/www.anovapeneira.gal\\\/wp-content\\\/uploads\\\/2025\\\/12\\\/NP_25_N_porrino.jpg\",\"width\":720,\"height\":432},{\"@type\":\"BreadcrumbList\",\"@id\":\"https:\\\/\\\/www.anovapeneira.gal\\\/index.php\\\/2025\\\/12\\\/02\\\/o-porrino-inaugura-a-praza-25n-nun-acto-cheo-de-memoria-e-compromiso-contra-a-violencia-machista\\\/#breadcrumb\",\"itemListElement\":[{\"@type\":\"ListItem\",\"position\":1,\"name\":\"Portada\",\"item\":\"https:\\\/\\\/www.anovapeneira.gal\\\/\"},{\"@type\":\"ListItem\",\"position\":2,\"name\":\"O Porri\u00f1o inaugura a praza 25N nun acto cheo de memoria e compromiso contra a violencia machista\"}]},{\"@type\":\"WebSite\",\"@id\":\"https:\\\/\\\/www.anovapeneira.gal\\\/#website\",\"url\":\"https:\\\/\\\/www.anovapeneira.gal\\\/\",\"name\":\"\",\"description\":\"Xornal galego de informaci\u00f3n xeral Publicaci\u00f3n mensual de novas de Galicia e en especial dos Concellos da sur da provincia de Pontevedra.\",\"publisher\":{\"@id\":\"https:\\\/\\\/www.anovapeneira.gal\\\/#organization\"},\"potentialAction\":[{\"@type\":\"SearchAction\",\"target\":{\"@type\":\"EntryPoint\",\"urlTemplate\":\"https:\\\/\\\/www.anovapeneira.gal\\\/?s={search_term_string}\"},\"query-input\":{\"@type\":\"PropertyValueSpecification\",\"valueRequired\":true,\"valueName\":\"search_term_string\"}}],\"inLanguage\":\"gl-ES\"},{\"@type\":\"Organization\",\"@id\":\"https:\\\/\\\/www.anovapeneira.gal\\\/#organization\",\"name\":\"A Nova Peneira\",\"url\":\"https:\\\/\\\/www.anovapeneira.gal\\\/\",\"logo\":{\"@type\":\"ImageObject\",\"inLanguage\":\"gl-ES\",\"@id\":\"https:\\\/\\\/www.anovapeneira.gal\\\/#\\\/schema\\\/logo\\\/image\\\/\",\"url\":\"http:\\\/\\\/www.anovapeneira.gal\\\/wp-content\\\/uploads\\\/2019\\\/06\\\/logo_a_nova_peneira_portal_web.png\",\"contentUrl\":\"http:\\\/\\\/www.anovapeneira.gal\\\/wp-content\\\/uploads\\\/2019\\\/06\\\/logo_a_nova_peneira_portal_web.png\",\"width\":300,\"height\":100,\"caption\":\"A Nova Peneira\"},\"image\":{\"@id\":\"https:\\\/\\\/www.anovapeneira.gal\\\/#\\\/schema\\\/logo\\\/image\\\/\"},\"sameAs\":[\"https:\\\/\\\/www.facebook.com\\\/anovapeneira\",\"https:\\\/\\\/x.com\\\/APeneira\"]},{\"@type\":\"Person\",\"@id\":\"https:\\\/\\\/www.anovapeneira.gal\\\/#\\\/schema\\\/person\\\/b93e3f8932e3f8da96334607eb6ac6aa\",\"name\":\"Redacci\u00f3n A Nova Peneira\",\"image\":{\"@type\":\"ImageObject\",\"inLanguage\":\"gl-ES\",\"@id\":\"https:\\\/\\\/secure.gravatar.com\\\/avatar\\\/c052a2551a06e23fac63626232eaa90abd78dbcf1700fc46a2b2c89fd27b735f?s=96&d=mm&r=g\",\"url\":\"https:\\\/\\\/secure.gravatar.com\\\/avatar\\\/c052a2551a06e23fac63626232eaa90abd78dbcf1700fc46a2b2c89fd27b735f?s=96&d=mm&r=g\",\"contentUrl\":\"https:\\\/\\\/secure.gravatar.com\\\/avatar\\\/c052a2551a06e23fac63626232eaa90abd78dbcf1700fc46a2b2c89fd27b735f?s=96&d=mm&r=g\",\"caption\":\"Redacci\u00f3n A Nova Peneira\"},\"sameAs\":[\"http:\\\/\\\/www.anovapeneira.gal\\\/\"],\"url\":\"https:\\\/\\\/www.anovapeneira.gal\\\/index.php\\\/author\\\/redactor\\\/\"}]}<\/script>\n<!-- \/ Yoast SEO plugin. -->","yoast_head_json":{"title":"O Porri\u00f1o inaugura a praza 25N nun acto cheo de memoria e compromiso contra a violencia machista -","robots":{"index":"index","follow":"follow","max-snippet":"max-snippet:-1","max-image-preview":"max-image-preview:large","max-video-preview":"max-video-preview:-1"},"canonical":"https:\/\/www.anovapeneira.gal\/index.php\/2025\/12\/02\/o-porrino-inaugura-a-praza-25n-nun-acto-cheo-de-memoria-e-compromiso-contra-a-violencia-machista\/","og_locale":"gl_ES","og_type":"article","og_title":"O Porri\u00f1o inaugura a praza 25N nun acto cheo de memoria e compromiso contra a violencia machista -","og_description":"A nova praza nace como espazo simb\u00f3lico para lembrar \u00e1s v\u00edtimas e promover unha sociedade xusta, libre e segura [...]","og_url":"https:\/\/www.anovapeneira.gal\/index.php\/2025\/12\/02\/o-porrino-inaugura-a-praza-25n-nun-acto-cheo-de-memoria-e-compromiso-contra-a-violencia-machista\/","article_publisher":"https:\/\/www.facebook.com\/anovapeneira","article_published_time":"2025-12-02T11:00:44+00:00","article_modified_time":"2025-12-02T11:05:59+00:00","og_image":[{"width":720,"height":432,"url":"https:\/\/www.anovapeneira.gal\/wp-content\/uploads\/2025\/12\/NP_25_N_porrino.jpg","type":"image\/jpeg"}],"author":"Redacci\u00f3n A Nova Peneira","twitter_card":"summary_large_image","twitter_creator":"@APeneira","twitter_site":"@APeneira","twitter_misc":{"Escrito por":"Redacci\u00f3n A Nova Peneira","Tempo de lectura":"4 minutos"},"schema":{"@context":"https:\/\/schema.org","@graph":[{"@type":"Article","@id":"https:\/\/www.anovapeneira.gal\/index.php\/2025\/12\/02\/o-porrino-inaugura-a-praza-25n-nun-acto-cheo-de-memoria-e-compromiso-contra-a-violencia-machista\/#article","isPartOf":{"@id":"https:\/\/www.anovapeneira.gal\/index.php\/2025\/12\/02\/o-porrino-inaugura-a-praza-25n-nun-acto-cheo-de-memoria-e-compromiso-contra-a-violencia-machista\/"},"author":{"name":"Redacci\u00f3n A Nova Peneira","@id":"https:\/\/www.anovapeneira.gal\/#\/schema\/person\/b93e3f8932e3f8da96334607eb6ac6aa"},"headline":"O Porri\u00f1o inaugura a praza 25N nun acto cheo de memoria e compromiso contra a violencia machista","datePublished":"2025-12-02T11:00:44+00:00","dateModified":"2025-12-02T11:05:59+00:00","mainEntityOfPage":{"@id":"https:\/\/www.anovapeneira.gal\/index.php\/2025\/12\/02\/o-porrino-inaugura-a-praza-25n-nun-acto-cheo-de-memoria-e-compromiso-contra-a-violencia-machista\/"},"wordCount":720,"commentCount":0,"publisher":{"@id":"https:\/\/www.anovapeneira.gal\/#organization"},"image":{"@id":"https:\/\/www.anovapeneira.gal\/index.php\/2025\/12\/02\/o-porrino-inaugura-a-praza-25n-nun-acto-cheo-de-memoria-e-compromiso-contra-a-violencia-machista\/#primaryimage"},"thumbnailUrl":"https:\/\/www.anovapeneira.gal\/wp-content\/uploads\/2025\/12\/NP_25_N_porrino.jpg","keywords":["Concello do Porri\u00f1o"],"articleSection":["A Louri\u00f1a"],"inLanguage":"gl-ES","potentialAction":[{"@type":"CommentAction","name":"Comment","target":["https:\/\/www.anovapeneira.gal\/index.php\/2025\/12\/02\/o-porrino-inaugura-a-praza-25n-nun-acto-cheo-de-memoria-e-compromiso-contra-a-violencia-machista\/#respond"]}]},{"@type":"WebPage","@id":"https:\/\/www.anovapeneira.gal\/index.php\/2025\/12\/02\/o-porrino-inaugura-a-praza-25n-nun-acto-cheo-de-memoria-e-compromiso-contra-a-violencia-machista\/","url":"https:\/\/www.anovapeneira.gal\/index.php\/2025\/12\/02\/o-porrino-inaugura-a-praza-25n-nun-acto-cheo-de-memoria-e-compromiso-contra-a-violencia-machista\/","name":"O Porri\u00f1o inaugura a praza 25N nun acto cheo de memoria e compromiso contra a violencia machista -","isPartOf":{"@id":"https:\/\/www.anovapeneira.gal\/#website"},"primaryImageOfPage":{"@id":"https:\/\/www.anovapeneira.gal\/index.php\/2025\/12\/02\/o-porrino-inaugura-a-praza-25n-nun-acto-cheo-de-memoria-e-compromiso-contra-a-violencia-machista\/#primaryimage"},"image":{"@id":"https:\/\/www.anovapeneira.gal\/index.php\/2025\/12\/02\/o-porrino-inaugura-a-praza-25n-nun-acto-cheo-de-memoria-e-compromiso-contra-a-violencia-machista\/#primaryimage"},"thumbnailUrl":"https:\/\/www.anovapeneira.gal\/wp-content\/uploads\/2025\/12\/NP_25_N_porrino.jpg","datePublished":"2025-12-02T11:00:44+00:00","dateModified":"2025-12-02T11:05:59+00:00","breadcrumb":{"@id":"https:\/\/www.anovapeneira.gal\/index.php\/2025\/12\/02\/o-porrino-inaugura-a-praza-25n-nun-acto-cheo-de-memoria-e-compromiso-contra-a-violencia-machista\/#breadcrumb"},"inLanguage":"gl-ES","potentialAction":[{"@type":"ReadAction","target":["https:\/\/www.anovapeneira.gal\/index.php\/2025\/12\/02\/o-porrino-inaugura-a-praza-25n-nun-acto-cheo-de-memoria-e-compromiso-contra-a-violencia-machista\/"]}]},{"@type":"ImageObject","inLanguage":"gl-ES","@id":"https:\/\/www.anovapeneira.gal\/index.php\/2025\/12\/02\/o-porrino-inaugura-a-praza-25n-nun-acto-cheo-de-memoria-e-compromiso-contra-a-violencia-machista\/#primaryimage","url":"https:\/\/www.anovapeneira.gal\/wp-content\/uploads\/2025\/12\/NP_25_N_porrino.jpg","contentUrl":"https:\/\/www.anovapeneira.gal\/wp-content\/uploads\/2025\/12\/NP_25_N_porrino.jpg","width":720,"height":432},{"@type":"BreadcrumbList","@id":"https:\/\/www.anovapeneira.gal\/index.php\/2025\/12\/02\/o-porrino-inaugura-a-praza-25n-nun-acto-cheo-de-memoria-e-compromiso-contra-a-violencia-machista\/#breadcrumb","itemListElement":[{"@type":"ListItem","position":1,"name":"Portada","item":"https:\/\/www.anovapeneira.gal\/"},{"@type":"ListItem","position":2,"name":"O Porri\u00f1o inaugura a praza 25N nun acto cheo de memoria e compromiso contra a violencia machista"}]},{"@type":"WebSite","@id":"https:\/\/www.anovapeneira.gal\/#website","url":"https:\/\/www.anovapeneira.gal\/","name":"","description":"Xornal galego de informaci\u00f3n xeral Publicaci\u00f3n mensual de novas de Galicia e en especial dos Concellos da sur da provincia de Pontevedra.","publisher":{"@id":"https:\/\/www.anovapeneira.gal\/#organization"},"potentialAction":[{"@type":"SearchAction","target":{"@type":"EntryPoint","urlTemplate":"https:\/\/www.anovapeneira.gal\/?s={search_term_string}"},"query-input":{"@type":"PropertyValueSpecification","valueRequired":true,"valueName":"search_term_string"}}],"inLanguage":"gl-ES"},{"@type":"Organization","@id":"https:\/\/www.anovapeneira.gal\/#organization","name":"A Nova Peneira","url":"https:\/\/www.anovapeneira.gal\/","logo":{"@type":"ImageObject","inLanguage":"gl-ES","@id":"https:\/\/www.anovapeneira.gal\/#\/schema\/logo\/image\/","url":"http:\/\/www.anovapeneira.gal\/wp-content\/uploads\/2019\/06\/logo_a_nova_peneira_portal_web.png","contentUrl":"http:\/\/www.anovapeneira.gal\/wp-content\/uploads\/2019\/06\/logo_a_nova_peneira_portal_web.png","width":300,"height":100,"caption":"A Nova Peneira"},"image":{"@id":"https:\/\/www.anovapeneira.gal\/#\/schema\/logo\/image\/"},"sameAs":["https:\/\/www.facebook.com\/anovapeneira","https:\/\/x.com\/APeneira"]},{"@type":"Person","@id":"https:\/\/www.anovapeneira.gal\/#\/schema\/person\/b93e3f8932e3f8da96334607eb6ac6aa","name":"Redacci\u00f3n A Nova Peneira","image":{"@type":"ImageObject","inLanguage":"gl-ES","@id":"https:\/\/secure.gravatar.com\/avatar\/c052a2551a06e23fac63626232eaa90abd78dbcf1700fc46a2b2c89fd27b735f?s=96&d=mm&r=g","url":"https:\/\/secure.gravatar.com\/avatar\/c052a2551a06e23fac63626232eaa90abd78dbcf1700fc46a2b2c89fd27b735f?s=96&d=mm&r=g","contentUrl":"https:\/\/secure.gravatar.com\/avatar\/c052a2551a06e23fac63626232eaa90abd78dbcf1700fc46a2b2c89fd27b735f?s=96&d=mm&r=g","caption":"Redacci\u00f3n A Nova Peneira"},"sameAs":["http:\/\/www.anovapeneira.gal\/"],"url":"https:\/\/www.anovapeneira.gal\/index.php\/author\/redactor\/"}]}},"jetpack_featured_media_url":"https:\/\/www.anovapeneira.gal\/wp-content\/uploads\/2025\/12\/NP_25_N_porrino.jpg","_links":{"self":[{"href":"https:\/\/www.anovapeneira.gal\/index.php\/wp-json\/wp\/v2\/posts\/15015","targetHints":{"allow":["GET"]}}],"collection":[{"href":"https:\/\/www.anovapeneira.gal\/index.php\/wp-json\/wp\/v2\/posts"}],"about":[{"href":"https:\/\/www.anovapeneira.gal\/index.php\/wp-json\/wp\/v2\/types\/post"}],"author":[{"embeddable":true,"href":"https:\/\/www.anovapeneira.gal\/index.php\/wp-json\/wp\/v2\/users\/3"}],"replies":[{"embeddable":true,"href":"https:\/\/www.anovapeneira.gal\/index.php\/wp-json\/wp\/v2\/comments?post=15015"}],"version-history":[{"count":1,"href":"https:\/\/www.anovapeneira.gal\/index.php\/wp-json\/wp\/v2\/posts\/15015\/revisions"}],"predecessor-version":[{"id":15017,"href":"https:\/\/www.anovapeneira.gal\/index.php\/wp-json\/wp\/v2\/posts\/15015\/revisions\/15017"}],"wp:featuredmedia":[{"embeddable":true,"href":"https:\/\/www.anovapeneira.gal\/index.php\/wp-json\/wp\/v2\/media\/15016"}],"wp:attachment":[{"href":"https:\/\/www.anovapeneira.gal\/index.php\/wp-json\/wp\/v2\/media?parent=15015"}],"wp:term":[{"taxonomy":"category","embeddable":true,"href":"https:\/\/www.anovapeneira.gal\/index.php\/wp-json\/wp\/v2\/categories?post=15015"},{"taxonomy":"post_tag","embeddable":true,"href":"https:\/\/www.anovapeneira.gal\/index.php\/wp-json\/wp\/v2\/tags?post=15015"}],"curies":[{"name":"wp","href":"https:\/\/api.w.org\/{rel}","templated":true}]}}