{"id":15018,"date":"2025-12-03T10:00:54","date_gmt":"2025-12-03T09:00:54","guid":{"rendered":"https:\/\/www.anovapeneira.gal\/?p=15018"},"modified":"2025-12-01T11:08:48","modified_gmt":"2025-12-01T10:08:48","slug":"a-xustiza-canto-pesa-e-como-fede","status":"publish","type":"post","link":"https:\/\/www.anovapeneira.gal\/index.php\/2025\/12\/03\/a-xustiza-canto-pesa-e-como-fede\/","title":{"rendered":"A Xustiza: Canto pesa e como fede"},"content":{"rendered":"\n<figure class=\"wp-block-image size-full is-resized\"><img loading=\"lazy\" decoding=\"async\" width=\"190\" height=\"222\" src=\"https:\/\/www.anovapeneira.gal\/wp-content\/uploads\/2019\/07\/pedro_cortegoso_opinion_a_nova_peneira_bn.jpg\" alt=\"Pedro M. Cortegoso Gago Artigo Opini\u00f3n A Nova Peneira\" class=\"wp-image-464\" style=\"width:107px;height:auto\"\/><figcaption class=\"wp-element-caption\">Pedro M. Cortegoso Gago\nTraballador do Sergas<\/figcaption><\/figure>\n\n\n\n<p><strong>Mar\u00edn, 29 de novembro de 2025.<\/strong><\/p>\n\n\n\n<p>\u201c<em>O fetichismo da legalidade foi e segue sendo unha das caracter\u00edsticas definitorias do \u201csocialismo\u201d que favorece a colaboraci\u00f3n de clases. Isto implica a crenza na posibilidade de transformar a orde capitalista sen entrar en conflito coas s\u00faas clases privilexiadas.\u201d <\/em><em>O que todo revolucionario debe saber sobre a represi\u00f3n, Victor Serge.<\/em><\/p>\n\n\n\n<p>\u201c<em>Na sociedade burguesa, o poder ex\u00e9rcese pola minor\u00eda rica contra a maior\u00eda pobre. Un goberno non \u00e9 m\u00e1is que o comit\u00e9 executivo dunha oligarqu\u00eda de financeiros apoiada polas clases privilexiadas.\u201d Karl Marx.<\/em><\/p>\n\n\n\n<p>A recente condena ao Fiscal Xeral do Estado polo Tribunal Supremo escandalizou a m\u00e1is de un. Moitos bot\u00e1ronse as mans \u00e1 cabeza ante tama\u00f1a falcatruada da xustiza espa\u00f1ola, un golpe de estado xudicial onde os xu\u00edces fan pol\u00edtica desde os estrados para derrubar un goberno.<\/p>\n\n\n\n<p>\u00c9 evidente que a xustiza espa\u00f1ola est\u00e1 escorada \u00e1 dereita. Unha menos dereitosa, a que se chama progresista, e outra m\u00e1is ultra denominada conservadora. A xustiza xunto co estamento militar e policial, o empresariado e a Igrexa Cat\u00f3lica son garantes dun r\u00e9xime nacido da violencia dun golpe militar xenocida; para que a Espa\u00f1a de se\u00f1oritos latifundistas, empresarios sen escr\u00fapulos, banqueiros cheos de cartos poidan espremernos sen l\u00edmite.<\/p>\n\n\n\n<p>Por\u00e9n, isto non \u00e9 de hoxe, o Poder Xudicial non se transformou dun d\u00eda para outro en gardi\u00e1n das esencias do m\u00e1is rancio espa\u00f1olismo franquista. Non se transformaron dun d\u00eda para outro en fachas ansiosos por perseguir \u00e1 muller do Presidente do Goberno ou por cargarse a un Fiscal Xeral, nunha loita entre facci\u00f3ns do r\u00e9xime.<\/p>\n\n\n\n<p>A maior\u00eda de eses se\u00f1ores e se\u00f1oras, fillos e netos do r\u00e9xime franquista, sempre foron as\u00ed, venlles de familia e tradici\u00f3n. O problema \u00e9 que agora non precisan disimilar. Para que? Est\u00e1n amparados pola s\u00faa legalidade e pola impunidade que lles dan os medios de comunicaci\u00f3n.<\/p>\n\n\n\n<p>Mais desde a morte de Franco at\u00e9 hoxe o historial xur\u00eddico policial no estado espa\u00f1ol est\u00e1 cheo de actuaci\u00f3ns pol\u00edticas contra o \u201cinimigos\u201d de Espa\u00f1a.<\/p>\n\n\n\n<p><strong>Alg\u00fans exemplos t\u00e9molos na Galiza.<\/strong><\/p>\n\n\n\n<ul class=\"wp-block-list\">\n<li>Non dubidaron en expulsar a <strong>tres deputados nacionalistas<\/strong> dos seus escanos no Parlamento Galego, con car\u00e1cter retroactivo, por neg\u00e1rense a xurar a sacrosanta constituci\u00f3n espa\u00f1ola.<\/li>\n\n\n\n<li><strong>O dirixente nacionalista Francisco Rodr\u00edguez <\/strong>foi condenado inxustamente a dous anos, catro meses e un d\u00eda por queimar unha bandeira espa\u00f1ola, chegando a estar en prisi\u00f3n m\u00e1is de 20 d\u00edas. E tivo que esperar dez anos at\u00e9 que o Tribunal Constitucional anulara esta sentenza.<\/li>\n\n\n\n<li><strong>O sindicalista da CIG de Ferrol, Xes\u00fas Anxo L\u00f3pez Pintos,<\/strong> foi sentenciado a seis meses de prisi\u00f3n por unha suposta agresi\u00f3n a un axente da autoridade durante unha concentraci\u00f3n, na que foi detido e sometido a malos tratos.<\/li>\n\n\n\n<li>A montaxe m\u00e1is elaborada en Galiza foi a denominada <strong>Operaci\u00f3n Jaro,<\/strong> na que o estado espa\u00f1ol tentou incriminar \u00e1s organizaci\u00f3ns Causa Galiza e ao colectivo anti-represivo Ceivar-OPAR vincul\u00e1ndoas con Resistencia Galega.<\/li>\n<\/ul>\n\n\n\n<p><strong>No estado espa\u00f1ol a in-xustiza \u00e9 a norma.<\/strong><\/p>\n\n\n\n<p>Antes de destacar alg\u00fans casos de actuaci\u00f3ns xudiciais, claramente represivas e que cuestionan os dereitos fundamentais de calquera persoa, temos que salientar a guerra sucia que o estado espa\u00f1ol organizou desde o final do franquismo: o Batall\u00f3n Vasco Espa\u00f1ol, a Triple A ou os GAL, organizaci\u00f3ns que chegaban onde non pod\u00eda chegar oficialmente o estado.<\/p>\n\n\n\n<p>Nomes distintos cos mesmos m\u00e9todos e os mesmos fins, levar adiante unha guerra pola porta de atr\u00e1s para combater a disidencia, fora ou non armada. S\u00f3 os GAL asasinaron a 27 persoas, moitas delas sen conexi\u00f3n directa con ETA.<\/p>\n\n\n\n<ul class=\"wp-block-list\">\n<li><strong>Operaci\u00f3n Garz\u00f3n. <\/strong>Antes da celebraci\u00f3n do Mundial do ano 1992 o estado espa\u00f1ol da man do Xu\u00edz Baltasar Garz\u00f3n organizou unha operaci\u00f3n policial onde se detiveron a 45 persoas vinculadas co movemento independentista catal\u00e1n. Os detidos denunciaron detenci\u00f3ns indiscriminadas e torturas.<\/li>\n\n\n\n<li>Garz\u00f3n, o mesmo que no 1998 ordenou o peche do diario Egin e de Egin Irratia, o pai de \u201ctodo \u00e9 ETA\u201d para xustificar os peches e as ilegalizaci\u00f3ns de partidos, e que hoxe percorre as radios e televisi\u00f3ns <em>progres<\/em> denunciando o atropelo ao Fiscal Xeral do Estado.<\/li>\n\n\n\n<li>Son famosas as fotos da face de <strong>Unai Romano<\/strong> toda denegrida e con colar despois de pasar polas dependencias da Garda Civil. Esa evidencia non foi suficiente para que o daquela maxistrado Marlaska, hoxe Ministro do Interior, vise indicios de torturas.<\/li>\n<\/ul>\n\n\n\n<ul class=\"wp-block-list\">\n<li><strong>Os 6 Da Suiza,<\/strong> sindicalistas da CNT de Xix\u00f3n,son condenados por facer sindicalismo e denunciar o acoso laboral contra unha traballadora. Un caso onde queda ven clara a conexi\u00f3n entre a patronal e a xudicatura para facer calar ao sindicalismo combativo, o que non se fai nos despachos.<\/li>\n\n\n\n<li>Outro caso similar \u00e9 o <strong>dos 6 de Zaragoza<\/strong>. Seis mozos foron condenados por participar nunha manifestaci\u00f3n antifascista convocada para protestar por un mitin de Vox. Unha condena baseada unicamente en testemu\u00f1as policiais sen ter en conta as probas aportadas polas defensas.<\/li>\n\n\n\n<li>En <strong>Altsasu<\/strong> unha pelexa nun bar, cuns axentes da garda civil de paisano, transformase en terrorismo para condenar a oito persoas nun proceso escandaloso e desproporcionado.<\/li>\n\n\n\n<li><strong>O Proces catal\u00e1n<\/strong> provocou a utilizaci\u00f3n de todo o aparato xur\u00eddico, pol\u00edtico e policial do estado espa\u00f1ol, sen fisuras e indo da man todos os partidos espa\u00f1ois, contra unha naci\u00f3n que reclamaba o seu dereito \u00e1 libre autodeterminaci\u00f3n. Prisi\u00f3n, exilio, manifestaci\u00f3ns masivas e represi\u00f3n para impedir un proceso electoral onde o pobo catal\u00e1n quer\u00eda decidir o seu futuro.<\/li>\n<\/ul>\n\n\n\n<p><strong>Ser artista nun pa\u00eds como Espa\u00f1a \u00e9 perigoso.<\/strong><\/p>\n\n\n\n<ul class=\"wp-block-list\">\n<li><strong>Suso Vaamonde <\/strong>foi condenado por cantar a 6 anos de prisi\u00f3n por un delito de inxurias \u00e1 patria. Exiliouse para non entrar na cadea, a\u00ednda que despois regresou e foi encarcerado.<\/li>\n<\/ul>\n\n\n\n<ul class=\"wp-block-list\">\n<li>\u201c<strong>Titiriteros <\/strong>etarras\u201d, detidos e procesados despois dunha actuaci\u00f3n con monicreques por po\u00f1er unha pancarta en euskera.<\/li>\n\n\n\n<li><strong>Pablo Has\u00e9l,<\/strong> catro anos encerrado nunha cadea polo \u201cdelito\u201d de dicir a verdade nas s\u00faas canci\u00f3ns sobre a monarqu\u00eda e os Borb\u00f3ns.<\/li>\n\n\n\n<li>O cantante <strong>Valt\u00f3nyc <\/strong>at\u00f3pase exiliado en B\u00e9lixica despois de ser acusado e condenado por enaltecemento do terrorismo, apolox\u00eda do odio ideol\u00f3xico e inxurias \u00e1 coroa espa\u00f1ola.<\/li>\n<\/ul>\n\n\n\n<p>En definitiva a Xustiza neste sistema est\u00e1 ao servizo do capital para sufocar e impedir que os pobos levanten a cabeza. \u00c9 un instrumento m\u00e1is de control e represi\u00f3n ao servizo dos que mandan. Por moito que n\u00f3s vendan a idea de que a xustiza \u00e9 imparcial e non partidaria a realidade neste estado \u00e9 outra, unha realidade que cada d\u00eda \u00e9 m\u00e1is evidente.<\/p>\n\n\n\n<p><\/p>\n\n\n\n<p><\/p>\n","protected":false},"excerpt":{"rendered":"<div class=\"mh-excerpt\"><p>\u201cO fetichismo da legalidade foi e segue sendo unha das caracter\u00edsticas definitorias do \u201csocialismo\u201d que favorece a colaboraci\u00f3n de clases. Isto implica a crenza na posibilidade de transformar a orde capitalista sen entrar en conflito coas s\u00faas clases privilexiadas.\u201d  <a class=\"mh-excerpt-more\" href=\"https:\/\/www.anovapeneira.gal\/index.php\/2025\/12\/03\/a-xustiza-canto-pesa-e-como-fede\/\" title=\"A Xustiza: Canto pesa e como fede\">[&#8230;]<\/a><\/p>\n<\/div>","protected":false},"author":4,"featured_media":584,"comment_status":"open","ping_status":"open","sticky":false,"template":"","format":"standard","meta":{"_exactmetrics_skip_tracking":false,"_exactmetrics_sitenote_active":false,"_exactmetrics_sitenote_note":"","_exactmetrics_sitenote_category":0,"footnotes":""},"categories":[7],"tags":[],"class_list":{"0":"post-15018","1":"post","2":"type-post","3":"status-publish","4":"format-standard","5":"has-post-thumbnail","7":"category-artigos-de-opinion"},"yoast_head":"<!-- This site is optimized with the Yoast SEO plugin v27.4 - https:\/\/yoast.com\/product\/yoast-seo-wordpress\/ -->\n<title>A Xustiza: Canto pesa e como fede -<\/title>\n<meta name=\"robots\" content=\"index, follow, max-snippet:-1, max-image-preview:large, max-video-preview:-1\" \/>\n<link rel=\"canonical\" href=\"https:\/\/www.anovapeneira.gal\/index.php\/2025\/12\/03\/a-xustiza-canto-pesa-e-como-fede\/\" \/>\n<meta property=\"og:locale\" content=\"gl_ES\" \/>\n<meta property=\"og:type\" content=\"article\" \/>\n<meta property=\"og:title\" content=\"A Xustiza: Canto pesa e como fede -\" \/>\n<meta property=\"og:description\" content=\"\u201cO fetichismo da legalidade foi e segue sendo unha das caracter\u00edsticas definitorias do \u201csocialismo\u201d que favorece a colaboraci\u00f3n de clases. Isto implica a crenza na posibilidade de transformar a orde capitalista sen entrar en conflito coas s\u00faas clases privilexiadas.\u201d [...]\" \/>\n<meta property=\"og:url\" content=\"https:\/\/www.anovapeneira.gal\/index.php\/2025\/12\/03\/a-xustiza-canto-pesa-e-como-fede\/\" \/>\n<meta property=\"article:publisher\" content=\"https:\/\/www.facebook.com\/anovapeneira\" \/>\n<meta property=\"article:published_time\" content=\"2025-12-03T09:00:54+00:00\" \/>\n<meta property=\"og:image\" content=\"https:\/\/www.anovapeneira.gal\/wp-content\/uploads\/2019\/07\/ARTIGO_DE_OPINION_A_NOVA_PENEIRA.jpg\" \/>\n\t<meta property=\"og:image:width\" content=\"720\" \/>\n\t<meta property=\"og:image:height\" content=\"473\" \/>\n\t<meta property=\"og:image:type\" content=\"image\/jpeg\" \/>\n<meta name=\"author\" content=\"Pedro M. Cortegoso Gago\" \/>\n<meta name=\"twitter:card\" content=\"summary_large_image\" \/>\n<meta name=\"twitter:creator\" content=\"@APeneira\" \/>\n<meta name=\"twitter:site\" content=\"@APeneira\" \/>\n<meta name=\"twitter:label1\" content=\"Escrito por\" \/>\n\t<meta name=\"twitter:data1\" content=\"Pedro M. Cortegoso Gago\" \/>\n\t<meta name=\"twitter:label2\" content=\"Tempo de lectura\" \/>\n\t<meta name=\"twitter:data2\" content=\"7 minutos\" \/>\n<script type=\"application\/ld+json\" class=\"yoast-schema-graph\">{\"@context\":\"https:\\\/\\\/schema.org\",\"@graph\":[{\"@type\":\"Article\",\"@id\":\"https:\\\/\\\/www.anovapeneira.gal\\\/index.php\\\/2025\\\/12\\\/03\\\/a-xustiza-canto-pesa-e-como-fede\\\/#article\",\"isPartOf\":{\"@id\":\"https:\\\/\\\/www.anovapeneira.gal\\\/index.php\\\/2025\\\/12\\\/03\\\/a-xustiza-canto-pesa-e-como-fede\\\/\"},\"author\":{\"name\":\"Pedro M. Cortegoso Gago\",\"@id\":\"https:\\\/\\\/www.anovapeneira.gal\\\/#\\\/schema\\\/person\\\/c04a9c9f722c9446e71ae434c0353337\"},\"headline\":\"A Xustiza: Canto pesa e como fede\",\"datePublished\":\"2025-12-03T09:00:54+00:00\",\"mainEntityOfPage\":{\"@id\":\"https:\\\/\\\/www.anovapeneira.gal\\\/index.php\\\/2025\\\/12\\\/03\\\/a-xustiza-canto-pesa-e-como-fede\\\/\"},\"wordCount\":1159,\"commentCount\":0,\"publisher\":{\"@id\":\"https:\\\/\\\/www.anovapeneira.gal\\\/#organization\"},\"image\":{\"@id\":\"https:\\\/\\\/www.anovapeneira.gal\\\/index.php\\\/2025\\\/12\\\/03\\\/a-xustiza-canto-pesa-e-como-fede\\\/#primaryimage\"},\"thumbnailUrl\":\"https:\\\/\\\/www.anovapeneira.gal\\\/wp-content\\\/uploads\\\/2019\\\/07\\\/ARTIGO_DE_OPINION_A_NOVA_PENEIRA.jpg\",\"articleSection\":[\"Artigos de opini\u00f3n\"],\"inLanguage\":\"gl-ES\",\"potentialAction\":[{\"@type\":\"CommentAction\",\"name\":\"Comment\",\"target\":[\"https:\\\/\\\/www.anovapeneira.gal\\\/index.php\\\/2025\\\/12\\\/03\\\/a-xustiza-canto-pesa-e-como-fede\\\/#respond\"]}]},{\"@type\":\"WebPage\",\"@id\":\"https:\\\/\\\/www.anovapeneira.gal\\\/index.php\\\/2025\\\/12\\\/03\\\/a-xustiza-canto-pesa-e-como-fede\\\/\",\"url\":\"https:\\\/\\\/www.anovapeneira.gal\\\/index.php\\\/2025\\\/12\\\/03\\\/a-xustiza-canto-pesa-e-como-fede\\\/\",\"name\":\"A Xustiza: Canto pesa e como fede -\",\"isPartOf\":{\"@id\":\"https:\\\/\\\/www.anovapeneira.gal\\\/#website\"},\"primaryImageOfPage\":{\"@id\":\"https:\\\/\\\/www.anovapeneira.gal\\\/index.php\\\/2025\\\/12\\\/03\\\/a-xustiza-canto-pesa-e-como-fede\\\/#primaryimage\"},\"image\":{\"@id\":\"https:\\\/\\\/www.anovapeneira.gal\\\/index.php\\\/2025\\\/12\\\/03\\\/a-xustiza-canto-pesa-e-como-fede\\\/#primaryimage\"},\"thumbnailUrl\":\"https:\\\/\\\/www.anovapeneira.gal\\\/wp-content\\\/uploads\\\/2019\\\/07\\\/ARTIGO_DE_OPINION_A_NOVA_PENEIRA.jpg\",\"datePublished\":\"2025-12-03T09:00:54+00:00\",\"breadcrumb\":{\"@id\":\"https:\\\/\\\/www.anovapeneira.gal\\\/index.php\\\/2025\\\/12\\\/03\\\/a-xustiza-canto-pesa-e-como-fede\\\/#breadcrumb\"},\"inLanguage\":\"gl-ES\",\"potentialAction\":[{\"@type\":\"ReadAction\",\"target\":[\"https:\\\/\\\/www.anovapeneira.gal\\\/index.php\\\/2025\\\/12\\\/03\\\/a-xustiza-canto-pesa-e-como-fede\\\/\"]}]},{\"@type\":\"ImageObject\",\"inLanguage\":\"gl-ES\",\"@id\":\"https:\\\/\\\/www.anovapeneira.gal\\\/index.php\\\/2025\\\/12\\\/03\\\/a-xustiza-canto-pesa-e-como-fede\\\/#primaryimage\",\"url\":\"https:\\\/\\\/www.anovapeneira.gal\\\/wp-content\\\/uploads\\\/2019\\\/07\\\/ARTIGO_DE_OPINION_A_NOVA_PENEIRA.jpg\",\"contentUrl\":\"https:\\\/\\\/www.anovapeneira.gal\\\/wp-content\\\/uploads\\\/2019\\\/07\\\/ARTIGO_DE_OPINION_A_NOVA_PENEIRA.jpg\",\"width\":720,\"height\":473,\"caption\":\"Artigo de opini\u00f3n A Nova Peneira\"},{\"@type\":\"BreadcrumbList\",\"@id\":\"https:\\\/\\\/www.anovapeneira.gal\\\/index.php\\\/2025\\\/12\\\/03\\\/a-xustiza-canto-pesa-e-como-fede\\\/#breadcrumb\",\"itemListElement\":[{\"@type\":\"ListItem\",\"position\":1,\"name\":\"Portada\",\"item\":\"https:\\\/\\\/www.anovapeneira.gal\\\/\"},{\"@type\":\"ListItem\",\"position\":2,\"name\":\"A Xustiza: Canto pesa e como fede\"}]},{\"@type\":\"WebSite\",\"@id\":\"https:\\\/\\\/www.anovapeneira.gal\\\/#website\",\"url\":\"https:\\\/\\\/www.anovapeneira.gal\\\/\",\"name\":\"\",\"description\":\"Xornal galego de informaci\u00f3n xeral Publicaci\u00f3n mensual de novas de Galicia e en especial dos Concellos da sur da provincia de Pontevedra.\",\"publisher\":{\"@id\":\"https:\\\/\\\/www.anovapeneira.gal\\\/#organization\"},\"potentialAction\":[{\"@type\":\"SearchAction\",\"target\":{\"@type\":\"EntryPoint\",\"urlTemplate\":\"https:\\\/\\\/www.anovapeneira.gal\\\/?s={search_term_string}\"},\"query-input\":{\"@type\":\"PropertyValueSpecification\",\"valueRequired\":true,\"valueName\":\"search_term_string\"}}],\"inLanguage\":\"gl-ES\"},{\"@type\":\"Organization\",\"@id\":\"https:\\\/\\\/www.anovapeneira.gal\\\/#organization\",\"name\":\"A Nova Peneira\",\"url\":\"https:\\\/\\\/www.anovapeneira.gal\\\/\",\"logo\":{\"@type\":\"ImageObject\",\"inLanguage\":\"gl-ES\",\"@id\":\"https:\\\/\\\/www.anovapeneira.gal\\\/#\\\/schema\\\/logo\\\/image\\\/\",\"url\":\"http:\\\/\\\/www.anovapeneira.gal\\\/wp-content\\\/uploads\\\/2019\\\/06\\\/logo_a_nova_peneira_portal_web.png\",\"contentUrl\":\"http:\\\/\\\/www.anovapeneira.gal\\\/wp-content\\\/uploads\\\/2019\\\/06\\\/logo_a_nova_peneira_portal_web.png\",\"width\":300,\"height\":100,\"caption\":\"A Nova Peneira\"},\"image\":{\"@id\":\"https:\\\/\\\/www.anovapeneira.gal\\\/#\\\/schema\\\/logo\\\/image\\\/\"},\"sameAs\":[\"https:\\\/\\\/www.facebook.com\\\/anovapeneira\",\"https:\\\/\\\/x.com\\\/APeneira\"]},{\"@type\":\"Person\",\"@id\":\"https:\\\/\\\/www.anovapeneira.gal\\\/#\\\/schema\\\/person\\\/c04a9c9f722c9446e71ae434c0353337\",\"name\":\"Pedro M. Cortegoso Gago\",\"image\":{\"@type\":\"ImageObject\",\"inLanguage\":\"gl-ES\",\"@id\":\"https:\\\/\\\/secure.gravatar.com\\\/avatar\\\/1613b27278a972c04db5c2f04fb2cbfa9edb58d6c3e2547817ecb8240eb58381?s=96&d=mm&r=g\",\"url\":\"https:\\\/\\\/secure.gravatar.com\\\/avatar\\\/1613b27278a972c04db5c2f04fb2cbfa9edb58d6c3e2547817ecb8240eb58381?s=96&d=mm&r=g\",\"contentUrl\":\"https:\\\/\\\/secure.gravatar.com\\\/avatar\\\/1613b27278a972c04db5c2f04fb2cbfa9edb58d6c3e2547817ecb8240eb58381?s=96&d=mm&r=g\",\"caption\":\"Pedro M. Cortegoso Gago\"},\"sameAs\":[\"http:\\\/\\\/anovapeneira.gal\"],\"url\":\"https:\\\/\\\/www.anovapeneira.gal\\\/index.php\\\/author\\\/opinionpcortegoso\\\/\"}]}<\/script>\n<!-- \/ Yoast SEO plugin. -->","yoast_head_json":{"title":"A Xustiza: Canto pesa e como fede -","robots":{"index":"index","follow":"follow","max-snippet":"max-snippet:-1","max-image-preview":"max-image-preview:large","max-video-preview":"max-video-preview:-1"},"canonical":"https:\/\/www.anovapeneira.gal\/index.php\/2025\/12\/03\/a-xustiza-canto-pesa-e-como-fede\/","og_locale":"gl_ES","og_type":"article","og_title":"A Xustiza: Canto pesa e como fede -","og_description":"\u201cO fetichismo da legalidade foi e segue sendo unha das caracter\u00edsticas definitorias do \u201csocialismo\u201d que favorece a colaboraci\u00f3n de clases. Isto implica a crenza na posibilidade de transformar a orde capitalista sen entrar en conflito coas s\u00faas clases privilexiadas.\u201d [...]","og_url":"https:\/\/www.anovapeneira.gal\/index.php\/2025\/12\/03\/a-xustiza-canto-pesa-e-como-fede\/","article_publisher":"https:\/\/www.facebook.com\/anovapeneira","article_published_time":"2025-12-03T09:00:54+00:00","og_image":[{"width":720,"height":473,"url":"https:\/\/www.anovapeneira.gal\/wp-content\/uploads\/2019\/07\/ARTIGO_DE_OPINION_A_NOVA_PENEIRA.jpg","type":"image\/jpeg"}],"author":"Pedro M. Cortegoso Gago","twitter_card":"summary_large_image","twitter_creator":"@APeneira","twitter_site":"@APeneira","twitter_misc":{"Escrito por":"Pedro M. Cortegoso Gago","Tempo de lectura":"7 minutos"},"schema":{"@context":"https:\/\/schema.org","@graph":[{"@type":"Article","@id":"https:\/\/www.anovapeneira.gal\/index.php\/2025\/12\/03\/a-xustiza-canto-pesa-e-como-fede\/#article","isPartOf":{"@id":"https:\/\/www.anovapeneira.gal\/index.php\/2025\/12\/03\/a-xustiza-canto-pesa-e-como-fede\/"},"author":{"name":"Pedro M. Cortegoso Gago","@id":"https:\/\/www.anovapeneira.gal\/#\/schema\/person\/c04a9c9f722c9446e71ae434c0353337"},"headline":"A Xustiza: Canto pesa e como fede","datePublished":"2025-12-03T09:00:54+00:00","mainEntityOfPage":{"@id":"https:\/\/www.anovapeneira.gal\/index.php\/2025\/12\/03\/a-xustiza-canto-pesa-e-como-fede\/"},"wordCount":1159,"commentCount":0,"publisher":{"@id":"https:\/\/www.anovapeneira.gal\/#organization"},"image":{"@id":"https:\/\/www.anovapeneira.gal\/index.php\/2025\/12\/03\/a-xustiza-canto-pesa-e-como-fede\/#primaryimage"},"thumbnailUrl":"https:\/\/www.anovapeneira.gal\/wp-content\/uploads\/2019\/07\/ARTIGO_DE_OPINION_A_NOVA_PENEIRA.jpg","articleSection":["Artigos de opini\u00f3n"],"inLanguage":"gl-ES","potentialAction":[{"@type":"CommentAction","name":"Comment","target":["https:\/\/www.anovapeneira.gal\/index.php\/2025\/12\/03\/a-xustiza-canto-pesa-e-como-fede\/#respond"]}]},{"@type":"WebPage","@id":"https:\/\/www.anovapeneira.gal\/index.php\/2025\/12\/03\/a-xustiza-canto-pesa-e-como-fede\/","url":"https:\/\/www.anovapeneira.gal\/index.php\/2025\/12\/03\/a-xustiza-canto-pesa-e-como-fede\/","name":"A Xustiza: Canto pesa e como fede -","isPartOf":{"@id":"https:\/\/www.anovapeneira.gal\/#website"},"primaryImageOfPage":{"@id":"https:\/\/www.anovapeneira.gal\/index.php\/2025\/12\/03\/a-xustiza-canto-pesa-e-como-fede\/#primaryimage"},"image":{"@id":"https:\/\/www.anovapeneira.gal\/index.php\/2025\/12\/03\/a-xustiza-canto-pesa-e-como-fede\/#primaryimage"},"thumbnailUrl":"https:\/\/www.anovapeneira.gal\/wp-content\/uploads\/2019\/07\/ARTIGO_DE_OPINION_A_NOVA_PENEIRA.jpg","datePublished":"2025-12-03T09:00:54+00:00","breadcrumb":{"@id":"https:\/\/www.anovapeneira.gal\/index.php\/2025\/12\/03\/a-xustiza-canto-pesa-e-como-fede\/#breadcrumb"},"inLanguage":"gl-ES","potentialAction":[{"@type":"ReadAction","target":["https:\/\/www.anovapeneira.gal\/index.php\/2025\/12\/03\/a-xustiza-canto-pesa-e-como-fede\/"]}]},{"@type":"ImageObject","inLanguage":"gl-ES","@id":"https:\/\/www.anovapeneira.gal\/index.php\/2025\/12\/03\/a-xustiza-canto-pesa-e-como-fede\/#primaryimage","url":"https:\/\/www.anovapeneira.gal\/wp-content\/uploads\/2019\/07\/ARTIGO_DE_OPINION_A_NOVA_PENEIRA.jpg","contentUrl":"https:\/\/www.anovapeneira.gal\/wp-content\/uploads\/2019\/07\/ARTIGO_DE_OPINION_A_NOVA_PENEIRA.jpg","width":720,"height":473,"caption":"Artigo de opini\u00f3n A Nova Peneira"},{"@type":"BreadcrumbList","@id":"https:\/\/www.anovapeneira.gal\/index.php\/2025\/12\/03\/a-xustiza-canto-pesa-e-como-fede\/#breadcrumb","itemListElement":[{"@type":"ListItem","position":1,"name":"Portada","item":"https:\/\/www.anovapeneira.gal\/"},{"@type":"ListItem","position":2,"name":"A Xustiza: Canto pesa e como fede"}]},{"@type":"WebSite","@id":"https:\/\/www.anovapeneira.gal\/#website","url":"https:\/\/www.anovapeneira.gal\/","name":"","description":"Xornal galego de informaci\u00f3n xeral Publicaci\u00f3n mensual de novas de Galicia e en especial dos Concellos da sur da provincia de Pontevedra.","publisher":{"@id":"https:\/\/www.anovapeneira.gal\/#organization"},"potentialAction":[{"@type":"SearchAction","target":{"@type":"EntryPoint","urlTemplate":"https:\/\/www.anovapeneira.gal\/?s={search_term_string}"},"query-input":{"@type":"PropertyValueSpecification","valueRequired":true,"valueName":"search_term_string"}}],"inLanguage":"gl-ES"},{"@type":"Organization","@id":"https:\/\/www.anovapeneira.gal\/#organization","name":"A Nova Peneira","url":"https:\/\/www.anovapeneira.gal\/","logo":{"@type":"ImageObject","inLanguage":"gl-ES","@id":"https:\/\/www.anovapeneira.gal\/#\/schema\/logo\/image\/","url":"http:\/\/www.anovapeneira.gal\/wp-content\/uploads\/2019\/06\/logo_a_nova_peneira_portal_web.png","contentUrl":"http:\/\/www.anovapeneira.gal\/wp-content\/uploads\/2019\/06\/logo_a_nova_peneira_portal_web.png","width":300,"height":100,"caption":"A Nova Peneira"},"image":{"@id":"https:\/\/www.anovapeneira.gal\/#\/schema\/logo\/image\/"},"sameAs":["https:\/\/www.facebook.com\/anovapeneira","https:\/\/x.com\/APeneira"]},{"@type":"Person","@id":"https:\/\/www.anovapeneira.gal\/#\/schema\/person\/c04a9c9f722c9446e71ae434c0353337","name":"Pedro M. Cortegoso Gago","image":{"@type":"ImageObject","inLanguage":"gl-ES","@id":"https:\/\/secure.gravatar.com\/avatar\/1613b27278a972c04db5c2f04fb2cbfa9edb58d6c3e2547817ecb8240eb58381?s=96&d=mm&r=g","url":"https:\/\/secure.gravatar.com\/avatar\/1613b27278a972c04db5c2f04fb2cbfa9edb58d6c3e2547817ecb8240eb58381?s=96&d=mm&r=g","contentUrl":"https:\/\/secure.gravatar.com\/avatar\/1613b27278a972c04db5c2f04fb2cbfa9edb58d6c3e2547817ecb8240eb58381?s=96&d=mm&r=g","caption":"Pedro M. Cortegoso Gago"},"sameAs":["http:\/\/anovapeneira.gal"],"url":"https:\/\/www.anovapeneira.gal\/index.php\/author\/opinionpcortegoso\/"}]}},"jetpack_featured_media_url":"https:\/\/www.anovapeneira.gal\/wp-content\/uploads\/2019\/07\/ARTIGO_DE_OPINION_A_NOVA_PENEIRA.jpg","_links":{"self":[{"href":"https:\/\/www.anovapeneira.gal\/index.php\/wp-json\/wp\/v2\/posts\/15018","targetHints":{"allow":["GET"]}}],"collection":[{"href":"https:\/\/www.anovapeneira.gal\/index.php\/wp-json\/wp\/v2\/posts"}],"about":[{"href":"https:\/\/www.anovapeneira.gal\/index.php\/wp-json\/wp\/v2\/types\/post"}],"author":[{"embeddable":true,"href":"https:\/\/www.anovapeneira.gal\/index.php\/wp-json\/wp\/v2\/users\/4"}],"replies":[{"embeddable":true,"href":"https:\/\/www.anovapeneira.gal\/index.php\/wp-json\/wp\/v2\/comments?post=15018"}],"version-history":[{"count":1,"href":"https:\/\/www.anovapeneira.gal\/index.php\/wp-json\/wp\/v2\/posts\/15018\/revisions"}],"predecessor-version":[{"id":15019,"href":"https:\/\/www.anovapeneira.gal\/index.php\/wp-json\/wp\/v2\/posts\/15018\/revisions\/15019"}],"wp:featuredmedia":[{"embeddable":true,"href":"https:\/\/www.anovapeneira.gal\/index.php\/wp-json\/wp\/v2\/media\/584"}],"wp:attachment":[{"href":"https:\/\/www.anovapeneira.gal\/index.php\/wp-json\/wp\/v2\/media?parent=15018"}],"wp:term":[{"taxonomy":"category","embeddable":true,"href":"https:\/\/www.anovapeneira.gal\/index.php\/wp-json\/wp\/v2\/categories?post=15018"},{"taxonomy":"post_tag","embeddable":true,"href":"https:\/\/www.anovapeneira.gal\/index.php\/wp-json\/wp\/v2\/tags?post=15018"}],"curies":[{"name":"wp","href":"https:\/\/api.w.org\/{rel}","templated":true}]}}