{"id":15020,"date":"2025-12-02T10:00:26","date_gmt":"2025-12-02T09:00:26","guid":{"rendered":"https:\/\/www.anovapeneira.gal\/?p=15020"},"modified":"2025-12-01T11:02:49","modified_gmt":"2025-12-01T10:02:49","slug":"salceda-solicita-a-urbanizacion-do-poligono-ii-do-peri-no-plan-extra-da-deputacion-de-pontevedra","status":"publish","type":"post","link":"https:\/\/www.anovapeneira.gal\/index.php\/2025\/12\/02\/salceda-solicita-a-urbanizacion-do-poligono-ii-do-peri-no-plan-extra-da-deputacion-de-pontevedra\/","title":{"rendered":"Salceda solicita a urbanizaci\u00f3n do pol\u00edgono II do PERI no Plan Extra da Deputaci\u00f3n de Pontevedra"},"content":{"rendered":"\n<p><em>O proxecto, valorado en m\u00e1is de un mill\u00f3n de euros, sup\u00f3n a continuidade da R\u00faa M\u00e1rtires de Sobredo ata a r\u00faa G\u00e1ndara, na zona das piscinas municipais<\/em><\/p>\n\n\n\n<p>O equipo de goberno do Concello de Salceda de Caselas v\u00e9n de presentar o proxecto de urbanizaci\u00f3n do pol\u00edgono II do PERI UE-2 \u00e1 convocatoria do Plan Extra da Deputaci\u00f3n de Pontevedra. Tr\u00e1tase dun proxecto valorado en 1.040.228\u20ac, logo de realizar a actualizaci\u00f3n de prezos do proxecto inicial, vixente xa dende o ano 2019.<\/p>\n\n\n\n<p>O proxecto de urbanizaci\u00f3n vai supo\u00f1er na pr\u00e1ctica a posta en servizo de mais de 7000 metros cadrados de solo residencial, facilitando deste xeito a construci\u00f3n de vivenda nova, tan necesaria nestes momentos, ademais da \u00e1rea de 1.060 metros cadrados para vivenda protexida que o Concello ten xa ofrecida ao Instituto Galego de Vivenda e Solo. O proxecto supor\u00e1 as\u00ed mesmo a posta en marcha efectiva de 2.738 metros cadrados de chan para equipamentos, nos que poder instalar infraestruturas tan necesarias como un centro de d\u00eda, un pavill\u00f3n ou un novo auditorio. Tam\u00e9n se crea deste xeito o acceso a d\u00faas amplas zonas verdes con un total de 5.662 metros cadrados. Por outra banda, supor\u00e1 a mellora da accesibilidade ao novo centro de sa\u00fade, fundamentalmente para a veci\u00f1anza que se achegue dende a zona de Entenza, as\u00ed como a creaci\u00f3n de novas prazas de aparcamento en superficie ao longo dos viarios.<\/p>\n\n\n\n<p>Loli Casti\u00f1eira, Alcaldesa de Salceda, e o seu equipo de goberno, apostaron nesta ocasi\u00f3n pola urbanizaci\u00f3n do pol\u00edgono II do PERI, presentando un proxecto que doutro xeito ser\u00eda practicamente imposible de asumir polo Concello: \u201cse no Plan Extra do pasado ano decidimos que o prioritario era un servizo fundamental como \u00e9 o saneamento para a parroquia de Entenza, nesta ocasi\u00f3n consideramos fundamental o investimento no Plan de apertura de novas r\u00faas, fomentando deste xeito a expansi\u00f3n do casco urbano e a habilitaci\u00f3n de novas zonas para vivenda, equipamentos e espazos de lecer. A segunda transformaci\u00f3n de Salceda dar\u00e1 un paso importante con este ambicioso proxecto\u201d.<\/p>\n\n\n\n<p>A primeira fase da r\u00faa M\u00e1rtires de Sobredo urbanizouse para poder po\u00f1er en marcha o novo Centro de Sa\u00fade, e na zona cre\u00e1ronse novos aparcadoiros disuasorios. Agora esa zona poder\u00e1 continuar co seu desenvolvemento en canto se aprobe e execute o proxecto presentado, creando novas zonas verdes e po\u00f1endo a disposici\u00f3n novas parcelas para vivenda.<\/p>\n","protected":false},"excerpt":{"rendered":"<div class=\"mh-excerpt\"><p>O proxecto, valorado en m\u00e1is de un mill\u00f3n de euros, sup\u00f3n a continuidade da R\u00faa M\u00e1rtires de Sobredo ata a r\u00faa G\u00e1ndara, na zona das piscinas municipais <a class=\"mh-excerpt-more\" href=\"https:\/\/www.anovapeneira.gal\/index.php\/2025\/12\/02\/salceda-solicita-a-urbanizacion-do-poligono-ii-do-peri-no-plan-extra-da-deputacion-de-pontevedra\/\" title=\"Salceda solicita a urbanizaci\u00f3n do pol\u00edgono II do PERI no Plan Extra da Deputaci\u00f3n de Pontevedra\">[&#8230;]<\/a><\/p>\n<\/div>","protected":false},"author":3,"featured_media":15021,"comment_status":"open","ping_status":"open","sticky":false,"template":"","format":"standard","meta":{"_exactmetrics_skip_tracking":false,"_exactmetrics_sitenote_active":false,"_exactmetrics_sitenote_note":"","_exactmetrics_sitenote_category":0,"footnotes":""},"categories":[23],"tags":[1300],"class_list":{"0":"post-15020","1":"post","2":"type-post","3":"status-publish","4":"format-standard","5":"has-post-thumbnail","7":"category-a-lourina","8":"tag-concello-de-salvaterra-de-mino"},"yoast_head":"<!-- This site is optimized with the Yoast SEO plugin v27.4 - https:\/\/yoast.com\/product\/yoast-seo-wordpress\/ -->\n<title>Salceda solicita a urbanizaci\u00f3n do pol\u00edgono II do PERI no Plan Extra da Deputaci\u00f3n de Pontevedra -<\/title>\n<meta name=\"robots\" content=\"index, follow, max-snippet:-1, max-image-preview:large, max-video-preview:-1\" \/>\n<link rel=\"canonical\" href=\"https:\/\/www.anovapeneira.gal\/index.php\/2025\/12\/02\/salceda-solicita-a-urbanizacion-do-poligono-ii-do-peri-no-plan-extra-da-deputacion-de-pontevedra\/\" \/>\n<meta property=\"og:locale\" content=\"gl_ES\" \/>\n<meta property=\"og:type\" content=\"article\" \/>\n<meta property=\"og:title\" content=\"Salceda solicita a urbanizaci\u00f3n do pol\u00edgono II do PERI no Plan Extra da Deputaci\u00f3n de Pontevedra -\" \/>\n<meta property=\"og:description\" content=\"O proxecto, valorado en m\u00e1is de un mill\u00f3n de euros, sup\u00f3n a continuidade da R\u00faa M\u00e1rtires de Sobredo ata a r\u00faa G\u00e1ndara, na zona das piscinas municipais [...]\" \/>\n<meta property=\"og:url\" content=\"https:\/\/www.anovapeneira.gal\/index.php\/2025\/12\/02\/salceda-solicita-a-urbanizacion-do-poligono-ii-do-peri-no-plan-extra-da-deputacion-de-pontevedra\/\" \/>\n<meta property=\"article:publisher\" content=\"https:\/\/www.facebook.com\/anovapeneira\" \/>\n<meta property=\"article:published_time\" content=\"2025-12-02T09:00:26+00:00\" \/>\n<meta property=\"og:image\" content=\"https:\/\/www.anovapeneira.gal\/wp-content\/uploads\/2025\/12\/plan_xeral_salceda.png\" \/>\n\t<meta property=\"og:image:width\" content=\"720\" \/>\n\t<meta property=\"og:image:height\" content=\"432\" \/>\n\t<meta property=\"og:image:type\" content=\"image\/png\" \/>\n<meta name=\"author\" content=\"Redacci\u00f3n A Nova Peneira\" \/>\n<meta name=\"twitter:card\" content=\"summary_large_image\" \/>\n<meta name=\"twitter:creator\" content=\"@APeneira\" \/>\n<meta name=\"twitter:site\" content=\"@APeneira\" \/>\n<meta name=\"twitter:label1\" content=\"Escrito por\" \/>\n\t<meta name=\"twitter:data1\" content=\"Redacci\u00f3n A Nova Peneira\" \/>\n\t<meta name=\"twitter:label2\" content=\"Tempo de lectura\" \/>\n\t<meta name=\"twitter:data2\" content=\"3 minutos\" \/>\n<script type=\"application\/ld+json\" class=\"yoast-schema-graph\">{\"@context\":\"https:\\\/\\\/schema.org\",\"@graph\":[{\"@type\":\"Article\",\"@id\":\"https:\\\/\\\/www.anovapeneira.gal\\\/index.php\\\/2025\\\/12\\\/02\\\/salceda-solicita-a-urbanizacion-do-poligono-ii-do-peri-no-plan-extra-da-deputacion-de-pontevedra\\\/#article\",\"isPartOf\":{\"@id\":\"https:\\\/\\\/www.anovapeneira.gal\\\/index.php\\\/2025\\\/12\\\/02\\\/salceda-solicita-a-urbanizacion-do-poligono-ii-do-peri-no-plan-extra-da-deputacion-de-pontevedra\\\/\"},\"author\":{\"name\":\"Redacci\u00f3n A Nova Peneira\",\"@id\":\"https:\\\/\\\/www.anovapeneira.gal\\\/#\\\/schema\\\/person\\\/b93e3f8932e3f8da96334607eb6ac6aa\"},\"headline\":\"Salceda solicita a urbanizaci\u00f3n do pol\u00edgono II do PERI no Plan Extra da Deputaci\u00f3n de Pontevedra\",\"datePublished\":\"2025-12-02T09:00:26+00:00\",\"mainEntityOfPage\":{\"@id\":\"https:\\\/\\\/www.anovapeneira.gal\\\/index.php\\\/2025\\\/12\\\/02\\\/salceda-solicita-a-urbanizacion-do-poligono-ii-do-peri-no-plan-extra-da-deputacion-de-pontevedra\\\/\"},\"wordCount\":444,\"commentCount\":0,\"publisher\":{\"@id\":\"https:\\\/\\\/www.anovapeneira.gal\\\/#organization\"},\"image\":{\"@id\":\"https:\\\/\\\/www.anovapeneira.gal\\\/index.php\\\/2025\\\/12\\\/02\\\/salceda-solicita-a-urbanizacion-do-poligono-ii-do-peri-no-plan-extra-da-deputacion-de-pontevedra\\\/#primaryimage\"},\"thumbnailUrl\":\"https:\\\/\\\/www.anovapeneira.gal\\\/wp-content\\\/uploads\\\/2025\\\/12\\\/plan_xeral_salceda.png\",\"keywords\":[\"Concello de Salvaterra de Mi\u00f1o\"],\"articleSection\":[\"A Louri\u00f1a\"],\"inLanguage\":\"gl-ES\",\"potentialAction\":[{\"@type\":\"CommentAction\",\"name\":\"Comment\",\"target\":[\"https:\\\/\\\/www.anovapeneira.gal\\\/index.php\\\/2025\\\/12\\\/02\\\/salceda-solicita-a-urbanizacion-do-poligono-ii-do-peri-no-plan-extra-da-deputacion-de-pontevedra\\\/#respond\"]}]},{\"@type\":\"WebPage\",\"@id\":\"https:\\\/\\\/www.anovapeneira.gal\\\/index.php\\\/2025\\\/12\\\/02\\\/salceda-solicita-a-urbanizacion-do-poligono-ii-do-peri-no-plan-extra-da-deputacion-de-pontevedra\\\/\",\"url\":\"https:\\\/\\\/www.anovapeneira.gal\\\/index.php\\\/2025\\\/12\\\/02\\\/salceda-solicita-a-urbanizacion-do-poligono-ii-do-peri-no-plan-extra-da-deputacion-de-pontevedra\\\/\",\"name\":\"Salceda solicita a urbanizaci\u00f3n do pol\u00edgono II do PERI no Plan Extra da Deputaci\u00f3n de Pontevedra -\",\"isPartOf\":{\"@id\":\"https:\\\/\\\/www.anovapeneira.gal\\\/#website\"},\"primaryImageOfPage\":{\"@id\":\"https:\\\/\\\/www.anovapeneira.gal\\\/index.php\\\/2025\\\/12\\\/02\\\/salceda-solicita-a-urbanizacion-do-poligono-ii-do-peri-no-plan-extra-da-deputacion-de-pontevedra\\\/#primaryimage\"},\"image\":{\"@id\":\"https:\\\/\\\/www.anovapeneira.gal\\\/index.php\\\/2025\\\/12\\\/02\\\/salceda-solicita-a-urbanizacion-do-poligono-ii-do-peri-no-plan-extra-da-deputacion-de-pontevedra\\\/#primaryimage\"},\"thumbnailUrl\":\"https:\\\/\\\/www.anovapeneira.gal\\\/wp-content\\\/uploads\\\/2025\\\/12\\\/plan_xeral_salceda.png\",\"datePublished\":\"2025-12-02T09:00:26+00:00\",\"breadcrumb\":{\"@id\":\"https:\\\/\\\/www.anovapeneira.gal\\\/index.php\\\/2025\\\/12\\\/02\\\/salceda-solicita-a-urbanizacion-do-poligono-ii-do-peri-no-plan-extra-da-deputacion-de-pontevedra\\\/#breadcrumb\"},\"inLanguage\":\"gl-ES\",\"potentialAction\":[{\"@type\":\"ReadAction\",\"target\":[\"https:\\\/\\\/www.anovapeneira.gal\\\/index.php\\\/2025\\\/12\\\/02\\\/salceda-solicita-a-urbanizacion-do-poligono-ii-do-peri-no-plan-extra-da-deputacion-de-pontevedra\\\/\"]}]},{\"@type\":\"ImageObject\",\"inLanguage\":\"gl-ES\",\"@id\":\"https:\\\/\\\/www.anovapeneira.gal\\\/index.php\\\/2025\\\/12\\\/02\\\/salceda-solicita-a-urbanizacion-do-poligono-ii-do-peri-no-plan-extra-da-deputacion-de-pontevedra\\\/#primaryimage\",\"url\":\"https:\\\/\\\/www.anovapeneira.gal\\\/wp-content\\\/uploads\\\/2025\\\/12\\\/plan_xeral_salceda.png\",\"contentUrl\":\"https:\\\/\\\/www.anovapeneira.gal\\\/wp-content\\\/uploads\\\/2025\\\/12\\\/plan_xeral_salceda.png\",\"width\":720,\"height\":432},{\"@type\":\"BreadcrumbList\",\"@id\":\"https:\\\/\\\/www.anovapeneira.gal\\\/index.php\\\/2025\\\/12\\\/02\\\/salceda-solicita-a-urbanizacion-do-poligono-ii-do-peri-no-plan-extra-da-deputacion-de-pontevedra\\\/#breadcrumb\",\"itemListElement\":[{\"@type\":\"ListItem\",\"position\":1,\"name\":\"Portada\",\"item\":\"https:\\\/\\\/www.anovapeneira.gal\\\/\"},{\"@type\":\"ListItem\",\"position\":2,\"name\":\"Salceda solicita a urbanizaci\u00f3n do pol\u00edgono II do PERI no Plan Extra da Deputaci\u00f3n de Pontevedra\"}]},{\"@type\":\"WebSite\",\"@id\":\"https:\\\/\\\/www.anovapeneira.gal\\\/#website\",\"url\":\"https:\\\/\\\/www.anovapeneira.gal\\\/\",\"name\":\"\",\"description\":\"Xornal galego de informaci\u00f3n xeral Publicaci\u00f3n mensual de novas de Galicia e en especial dos Concellos da sur da provincia de Pontevedra.\",\"publisher\":{\"@id\":\"https:\\\/\\\/www.anovapeneira.gal\\\/#organization\"},\"potentialAction\":[{\"@type\":\"SearchAction\",\"target\":{\"@type\":\"EntryPoint\",\"urlTemplate\":\"https:\\\/\\\/www.anovapeneira.gal\\\/?s={search_term_string}\"},\"query-input\":{\"@type\":\"PropertyValueSpecification\",\"valueRequired\":true,\"valueName\":\"search_term_string\"}}],\"inLanguage\":\"gl-ES\"},{\"@type\":\"Organization\",\"@id\":\"https:\\\/\\\/www.anovapeneira.gal\\\/#organization\",\"name\":\"A Nova Peneira\",\"url\":\"https:\\\/\\\/www.anovapeneira.gal\\\/\",\"logo\":{\"@type\":\"ImageObject\",\"inLanguage\":\"gl-ES\",\"@id\":\"https:\\\/\\\/www.anovapeneira.gal\\\/#\\\/schema\\\/logo\\\/image\\\/\",\"url\":\"http:\\\/\\\/www.anovapeneira.gal\\\/wp-content\\\/uploads\\\/2019\\\/06\\\/logo_a_nova_peneira_portal_web.png\",\"contentUrl\":\"http:\\\/\\\/www.anovapeneira.gal\\\/wp-content\\\/uploads\\\/2019\\\/06\\\/logo_a_nova_peneira_portal_web.png\",\"width\":300,\"height\":100,\"caption\":\"A Nova Peneira\"},\"image\":{\"@id\":\"https:\\\/\\\/www.anovapeneira.gal\\\/#\\\/schema\\\/logo\\\/image\\\/\"},\"sameAs\":[\"https:\\\/\\\/www.facebook.com\\\/anovapeneira\",\"https:\\\/\\\/x.com\\\/APeneira\"]},{\"@type\":\"Person\",\"@id\":\"https:\\\/\\\/www.anovapeneira.gal\\\/#\\\/schema\\\/person\\\/b93e3f8932e3f8da96334607eb6ac6aa\",\"name\":\"Redacci\u00f3n A Nova Peneira\",\"image\":{\"@type\":\"ImageObject\",\"inLanguage\":\"gl-ES\",\"@id\":\"https:\\\/\\\/secure.gravatar.com\\\/avatar\\\/c052a2551a06e23fac63626232eaa90abd78dbcf1700fc46a2b2c89fd27b735f?s=96&d=mm&r=g\",\"url\":\"https:\\\/\\\/secure.gravatar.com\\\/avatar\\\/c052a2551a06e23fac63626232eaa90abd78dbcf1700fc46a2b2c89fd27b735f?s=96&d=mm&r=g\",\"contentUrl\":\"https:\\\/\\\/secure.gravatar.com\\\/avatar\\\/c052a2551a06e23fac63626232eaa90abd78dbcf1700fc46a2b2c89fd27b735f?s=96&d=mm&r=g\",\"caption\":\"Redacci\u00f3n A Nova Peneira\"},\"sameAs\":[\"http:\\\/\\\/www.anovapeneira.gal\\\/\"],\"url\":\"https:\\\/\\\/www.anovapeneira.gal\\\/index.php\\\/author\\\/redactor\\\/\"}]}<\/script>\n<!-- \/ Yoast SEO plugin. -->","yoast_head_json":{"title":"Salceda solicita a urbanizaci\u00f3n do pol\u00edgono II do PERI no Plan Extra da Deputaci\u00f3n de Pontevedra -","robots":{"index":"index","follow":"follow","max-snippet":"max-snippet:-1","max-image-preview":"max-image-preview:large","max-video-preview":"max-video-preview:-1"},"canonical":"https:\/\/www.anovapeneira.gal\/index.php\/2025\/12\/02\/salceda-solicita-a-urbanizacion-do-poligono-ii-do-peri-no-plan-extra-da-deputacion-de-pontevedra\/","og_locale":"gl_ES","og_type":"article","og_title":"Salceda solicita a urbanizaci\u00f3n do pol\u00edgono II do PERI no Plan Extra da Deputaci\u00f3n de Pontevedra -","og_description":"O proxecto, valorado en m\u00e1is de un mill\u00f3n de euros, sup\u00f3n a continuidade da R\u00faa M\u00e1rtires de Sobredo ata a r\u00faa G\u00e1ndara, na zona das piscinas municipais [...]","og_url":"https:\/\/www.anovapeneira.gal\/index.php\/2025\/12\/02\/salceda-solicita-a-urbanizacion-do-poligono-ii-do-peri-no-plan-extra-da-deputacion-de-pontevedra\/","article_publisher":"https:\/\/www.facebook.com\/anovapeneira","article_published_time":"2025-12-02T09:00:26+00:00","og_image":[{"width":720,"height":432,"url":"https:\/\/www.anovapeneira.gal\/wp-content\/uploads\/2025\/12\/plan_xeral_salceda.png","type":"image\/png"}],"author":"Redacci\u00f3n A Nova Peneira","twitter_card":"summary_large_image","twitter_creator":"@APeneira","twitter_site":"@APeneira","twitter_misc":{"Escrito por":"Redacci\u00f3n A Nova Peneira","Tempo de lectura":"3 minutos"},"schema":{"@context":"https:\/\/schema.org","@graph":[{"@type":"Article","@id":"https:\/\/www.anovapeneira.gal\/index.php\/2025\/12\/02\/salceda-solicita-a-urbanizacion-do-poligono-ii-do-peri-no-plan-extra-da-deputacion-de-pontevedra\/#article","isPartOf":{"@id":"https:\/\/www.anovapeneira.gal\/index.php\/2025\/12\/02\/salceda-solicita-a-urbanizacion-do-poligono-ii-do-peri-no-plan-extra-da-deputacion-de-pontevedra\/"},"author":{"name":"Redacci\u00f3n A Nova Peneira","@id":"https:\/\/www.anovapeneira.gal\/#\/schema\/person\/b93e3f8932e3f8da96334607eb6ac6aa"},"headline":"Salceda solicita a urbanizaci\u00f3n do pol\u00edgono II do PERI no Plan Extra da Deputaci\u00f3n de Pontevedra","datePublished":"2025-12-02T09:00:26+00:00","mainEntityOfPage":{"@id":"https:\/\/www.anovapeneira.gal\/index.php\/2025\/12\/02\/salceda-solicita-a-urbanizacion-do-poligono-ii-do-peri-no-plan-extra-da-deputacion-de-pontevedra\/"},"wordCount":444,"commentCount":0,"publisher":{"@id":"https:\/\/www.anovapeneira.gal\/#organization"},"image":{"@id":"https:\/\/www.anovapeneira.gal\/index.php\/2025\/12\/02\/salceda-solicita-a-urbanizacion-do-poligono-ii-do-peri-no-plan-extra-da-deputacion-de-pontevedra\/#primaryimage"},"thumbnailUrl":"https:\/\/www.anovapeneira.gal\/wp-content\/uploads\/2025\/12\/plan_xeral_salceda.png","keywords":["Concello de Salvaterra de Mi\u00f1o"],"articleSection":["A Louri\u00f1a"],"inLanguage":"gl-ES","potentialAction":[{"@type":"CommentAction","name":"Comment","target":["https:\/\/www.anovapeneira.gal\/index.php\/2025\/12\/02\/salceda-solicita-a-urbanizacion-do-poligono-ii-do-peri-no-plan-extra-da-deputacion-de-pontevedra\/#respond"]}]},{"@type":"WebPage","@id":"https:\/\/www.anovapeneira.gal\/index.php\/2025\/12\/02\/salceda-solicita-a-urbanizacion-do-poligono-ii-do-peri-no-plan-extra-da-deputacion-de-pontevedra\/","url":"https:\/\/www.anovapeneira.gal\/index.php\/2025\/12\/02\/salceda-solicita-a-urbanizacion-do-poligono-ii-do-peri-no-plan-extra-da-deputacion-de-pontevedra\/","name":"Salceda solicita a urbanizaci\u00f3n do pol\u00edgono II do PERI no Plan Extra da Deputaci\u00f3n de Pontevedra -","isPartOf":{"@id":"https:\/\/www.anovapeneira.gal\/#website"},"primaryImageOfPage":{"@id":"https:\/\/www.anovapeneira.gal\/index.php\/2025\/12\/02\/salceda-solicita-a-urbanizacion-do-poligono-ii-do-peri-no-plan-extra-da-deputacion-de-pontevedra\/#primaryimage"},"image":{"@id":"https:\/\/www.anovapeneira.gal\/index.php\/2025\/12\/02\/salceda-solicita-a-urbanizacion-do-poligono-ii-do-peri-no-plan-extra-da-deputacion-de-pontevedra\/#primaryimage"},"thumbnailUrl":"https:\/\/www.anovapeneira.gal\/wp-content\/uploads\/2025\/12\/plan_xeral_salceda.png","datePublished":"2025-12-02T09:00:26+00:00","breadcrumb":{"@id":"https:\/\/www.anovapeneira.gal\/index.php\/2025\/12\/02\/salceda-solicita-a-urbanizacion-do-poligono-ii-do-peri-no-plan-extra-da-deputacion-de-pontevedra\/#breadcrumb"},"inLanguage":"gl-ES","potentialAction":[{"@type":"ReadAction","target":["https:\/\/www.anovapeneira.gal\/index.php\/2025\/12\/02\/salceda-solicita-a-urbanizacion-do-poligono-ii-do-peri-no-plan-extra-da-deputacion-de-pontevedra\/"]}]},{"@type":"ImageObject","inLanguage":"gl-ES","@id":"https:\/\/www.anovapeneira.gal\/index.php\/2025\/12\/02\/salceda-solicita-a-urbanizacion-do-poligono-ii-do-peri-no-plan-extra-da-deputacion-de-pontevedra\/#primaryimage","url":"https:\/\/www.anovapeneira.gal\/wp-content\/uploads\/2025\/12\/plan_xeral_salceda.png","contentUrl":"https:\/\/www.anovapeneira.gal\/wp-content\/uploads\/2025\/12\/plan_xeral_salceda.png","width":720,"height":432},{"@type":"BreadcrumbList","@id":"https:\/\/www.anovapeneira.gal\/index.php\/2025\/12\/02\/salceda-solicita-a-urbanizacion-do-poligono-ii-do-peri-no-plan-extra-da-deputacion-de-pontevedra\/#breadcrumb","itemListElement":[{"@type":"ListItem","position":1,"name":"Portada","item":"https:\/\/www.anovapeneira.gal\/"},{"@type":"ListItem","position":2,"name":"Salceda solicita a urbanizaci\u00f3n do pol\u00edgono II do PERI no Plan Extra da Deputaci\u00f3n de Pontevedra"}]},{"@type":"WebSite","@id":"https:\/\/www.anovapeneira.gal\/#website","url":"https:\/\/www.anovapeneira.gal\/","name":"","description":"Xornal galego de informaci\u00f3n xeral Publicaci\u00f3n mensual de novas de Galicia e en especial dos Concellos da sur da provincia de Pontevedra.","publisher":{"@id":"https:\/\/www.anovapeneira.gal\/#organization"},"potentialAction":[{"@type":"SearchAction","target":{"@type":"EntryPoint","urlTemplate":"https:\/\/www.anovapeneira.gal\/?s={search_term_string}"},"query-input":{"@type":"PropertyValueSpecification","valueRequired":true,"valueName":"search_term_string"}}],"inLanguage":"gl-ES"},{"@type":"Organization","@id":"https:\/\/www.anovapeneira.gal\/#organization","name":"A Nova Peneira","url":"https:\/\/www.anovapeneira.gal\/","logo":{"@type":"ImageObject","inLanguage":"gl-ES","@id":"https:\/\/www.anovapeneira.gal\/#\/schema\/logo\/image\/","url":"http:\/\/www.anovapeneira.gal\/wp-content\/uploads\/2019\/06\/logo_a_nova_peneira_portal_web.png","contentUrl":"http:\/\/www.anovapeneira.gal\/wp-content\/uploads\/2019\/06\/logo_a_nova_peneira_portal_web.png","width":300,"height":100,"caption":"A Nova Peneira"},"image":{"@id":"https:\/\/www.anovapeneira.gal\/#\/schema\/logo\/image\/"},"sameAs":["https:\/\/www.facebook.com\/anovapeneira","https:\/\/x.com\/APeneira"]},{"@type":"Person","@id":"https:\/\/www.anovapeneira.gal\/#\/schema\/person\/b93e3f8932e3f8da96334607eb6ac6aa","name":"Redacci\u00f3n A Nova Peneira","image":{"@type":"ImageObject","inLanguage":"gl-ES","@id":"https:\/\/secure.gravatar.com\/avatar\/c052a2551a06e23fac63626232eaa90abd78dbcf1700fc46a2b2c89fd27b735f?s=96&d=mm&r=g","url":"https:\/\/secure.gravatar.com\/avatar\/c052a2551a06e23fac63626232eaa90abd78dbcf1700fc46a2b2c89fd27b735f?s=96&d=mm&r=g","contentUrl":"https:\/\/secure.gravatar.com\/avatar\/c052a2551a06e23fac63626232eaa90abd78dbcf1700fc46a2b2c89fd27b735f?s=96&d=mm&r=g","caption":"Redacci\u00f3n A Nova Peneira"},"sameAs":["http:\/\/www.anovapeneira.gal\/"],"url":"https:\/\/www.anovapeneira.gal\/index.php\/author\/redactor\/"}]}},"jetpack_featured_media_url":"https:\/\/www.anovapeneira.gal\/wp-content\/uploads\/2025\/12\/plan_xeral_salceda.png","_links":{"self":[{"href":"https:\/\/www.anovapeneira.gal\/index.php\/wp-json\/wp\/v2\/posts\/15020","targetHints":{"allow":["GET"]}}],"collection":[{"href":"https:\/\/www.anovapeneira.gal\/index.php\/wp-json\/wp\/v2\/posts"}],"about":[{"href":"https:\/\/www.anovapeneira.gal\/index.php\/wp-json\/wp\/v2\/types\/post"}],"author":[{"embeddable":true,"href":"https:\/\/www.anovapeneira.gal\/index.php\/wp-json\/wp\/v2\/users\/3"}],"replies":[{"embeddable":true,"href":"https:\/\/www.anovapeneira.gal\/index.php\/wp-json\/wp\/v2\/comments?post=15020"}],"version-history":[{"count":1,"href":"https:\/\/www.anovapeneira.gal\/index.php\/wp-json\/wp\/v2\/posts\/15020\/revisions"}],"predecessor-version":[{"id":15022,"href":"https:\/\/www.anovapeneira.gal\/index.php\/wp-json\/wp\/v2\/posts\/15020\/revisions\/15022"}],"wp:featuredmedia":[{"embeddable":true,"href":"https:\/\/www.anovapeneira.gal\/index.php\/wp-json\/wp\/v2\/media\/15021"}],"wp:attachment":[{"href":"https:\/\/www.anovapeneira.gal\/index.php\/wp-json\/wp\/v2\/media?parent=15020"}],"wp:term":[{"taxonomy":"category","embeddable":true,"href":"https:\/\/www.anovapeneira.gal\/index.php\/wp-json\/wp\/v2\/categories?post=15020"},{"taxonomy":"post_tag","embeddable":true,"href":"https:\/\/www.anovapeneira.gal\/index.php\/wp-json\/wp\/v2\/tags?post=15020"}],"curies":[{"name":"wp","href":"https:\/\/api.w.org\/{rel}","templated":true}]}}