{"id":15027,"date":"2025-12-04T10:00:20","date_gmt":"2025-12-04T09:00:20","guid":{"rendered":"https:\/\/www.anovapeneira.gal\/?p=15027"},"modified":"2025-12-02T13:55:44","modified_gmt":"2025-12-02T12:55:44","slug":"o-alcalde-de-nigran-rexeita-devolver-ao-pleno-as-competencias-delegadas-en-relacion-coa-contratacion-do-servizo-de-recollida-de-residuos-urbanos","status":"publish","type":"post","link":"https:\/\/www.anovapeneira.gal\/index.php\/2025\/12\/04\/o-alcalde-de-nigran-rexeita-devolver-ao-pleno-as-competencias-delegadas-en-relacion-coa-contratacion-do-servizo-de-recollida-de-residuos-urbanos\/","title":{"rendered":"O Alcalde de Nigr\u00e1n rexeita devolver ao Pleno as competencias delegadas en relaci\u00f3n coa contrataci\u00f3n do servizo de recollida de residuos urbanos"},"content":{"rendered":"\n<h2 class=\"wp-block-heading\">A proposta do BNG, que pretend\u00eda que a corporaci\u00f3n recuperara todas as competencias como \u00f3rgano de contrataci\u00f3n, foi desestimada cos votos do PSOE<\/h2>\n\n\n\n<h2 class=\"wp-block-heading\">\u201cO goberno de Nigr\u00e1n tivo a oportunidade de actuar a favor da transparencia e a limpeza do proceso e decidiu actuar a prol da ocultaci\u00f3n\u201d sinala o portavoz municipal<\/h2>\n\n\n\n<p>O Pleno municipal do Concello de Nigr\u00e1n decidiu rexeitar a proposta do BNG para recuperar as plenas competencias como \u00f3rgano de contrataci\u00f3n do servizo de recollida de residuos urbanos, inclu\u00eddas as relativas aos tr\u00e1mites administrativos que a corporaci\u00f3n delegara no alcalde en outubro do ano pasado. A moci\u00f3n do BNG, apoiada polo Partido Popular, foi desestimada pola maior\u00eda socialista, pese a que a argumentaci\u00f3n pola que fora concedida, unha suposta axilizaci\u00f3n administrativa, resulta agora irrisoria unha vez que o proceso se vise paralizado polas discrepancias entre a mesa de contrataci\u00f3n e o goberno municipal ao respecto da valoraci\u00f3n das ofertas presentadas, realizada a trav\u00e9s do informe dunha consultora externa contratada polo goberno.<\/p>\n\n\n\n<p>Ante as irregularidades postas de manifesto pola mesa de contrataci\u00f3n e feitas p\u00fablicas polo BNG, a proposici\u00f3n nacionalista pretend\u00eda que todas as decisi\u00f3ns relativas a este contrato recaesen no \u00f3rgano colexiado que ostenta a m\u00e1xima representaci\u00f3n da cidadan\u00eda, e que ademais \u00e9 a quen lle corresponden as competencias como \u00f3rgano de contrataci\u00f3n en virtude da normativa vixente.<\/p>\n\n\n\n<p>Pola contra, \u201co alcalde decidiu reter as competencias delegadas, nunha decisi\u00f3n que non fai sen\u00f3n reforzar a falla de transparencia e alimentar as sospeitas sobre o proceso\u201d segundo defende o portavoz municipal da formaci\u00f3n, Xavier Rodr\u00edguez.<\/p>\n\n\n\n<p>Este posicionamento, lonxe de constitu\u00edr un rev\u00e9s para o BNG, reaf\u00edrmanos na li\u00f1a a seguir, defendendo o interese xeral da veci\u00f1anza de Nigr\u00e1n a trav\u00e9s dun traballo de control serio, rigoroso e solvente que nos sit\u00faa como alternativa ao goberno municipal, pese aos ataques recibidos por grupos sen representaci\u00f3n que responden aos desesperados intentos dos seus portavoces por ter un lugar na pol\u00edtica local.<\/p>\n\n\n\n<p>O BNG continuar\u00e1 loitando contra un contrato oneroso e prexudicial para Nigr\u00e1n que acabar\u00e1 provocando que a s\u00faa veci\u00f1anza asuma un custo do servizo moi por riba do necesario.<\/p>\n","protected":false},"excerpt":{"rendered":"<div class=\"mh-excerpt\"><p>A proposta do BNG, que pretend\u00eda que a corporaci\u00f3n recuperara todas as competencias como \u00f3rgano de contrataci\u00f3n, foi desestimada cos votos do PSOE <a class=\"mh-excerpt-more\" href=\"https:\/\/www.anovapeneira.gal\/index.php\/2025\/12\/04\/o-alcalde-de-nigran-rexeita-devolver-ao-pleno-as-competencias-delegadas-en-relacion-coa-contratacion-do-servizo-de-recollida-de-residuos-urbanos\/\" title=\"O Alcalde de Nigr\u00e1n rexeita devolver ao Pleno as competencias delegadas en relaci\u00f3n coa contrataci\u00f3n do servizo de recollida de residuos urbanos\">[&#8230;]<\/a><\/p>\n<\/div>","protected":false},"author":3,"featured_media":13644,"comment_status":"open","ping_status":"open","sticky":false,"template":"","format":"standard","meta":{"_exactmetrics_skip_tracking":false,"_exactmetrics_sitenote_active":false,"_exactmetrics_sitenote_note":"","_exactmetrics_sitenote_category":0,"footnotes":""},"categories":[20],"tags":[135],"class_list":{"0":"post-15027","1":"post","2":"type-post","3":"status-publish","4":"format-standard","5":"has-post-thumbnail","7":"category-val-minor","8":"tag-concello-de-nigran"},"yoast_head":"<!-- This site is optimized with the Yoast SEO plugin v27.4 - https:\/\/yoast.com\/product\/yoast-seo-wordpress\/ -->\n<title>O Alcalde de Nigr\u00e1n rexeita devolver ao Pleno as competencias delegadas en relaci\u00f3n coa contrataci\u00f3n do servizo de recollida de residuos urbanos -<\/title>\n<meta name=\"robots\" content=\"index, follow, max-snippet:-1, max-image-preview:large, max-video-preview:-1\" \/>\n<link rel=\"canonical\" href=\"https:\/\/www.anovapeneira.gal\/index.php\/2025\/12\/04\/o-alcalde-de-nigran-rexeita-devolver-ao-pleno-as-competencias-delegadas-en-relacion-coa-contratacion-do-servizo-de-recollida-de-residuos-urbanos\/\" \/>\n<meta property=\"og:locale\" content=\"gl_ES\" \/>\n<meta property=\"og:type\" content=\"article\" \/>\n<meta property=\"og:title\" content=\"O Alcalde de Nigr\u00e1n rexeita devolver ao Pleno as competencias delegadas en relaci\u00f3n coa contrataci\u00f3n do servizo de recollida de residuos urbanos -\" \/>\n<meta property=\"og:description\" content=\"A proposta do BNG, que pretend\u00eda que a corporaci\u00f3n recuperara todas as competencias como \u00f3rgano de contrataci\u00f3n, foi desestimada cos votos do PSOE [...]\" \/>\n<meta property=\"og:url\" content=\"https:\/\/www.anovapeneira.gal\/index.php\/2025\/12\/04\/o-alcalde-de-nigran-rexeita-devolver-ao-pleno-as-competencias-delegadas-en-relacion-coa-contratacion-do-servizo-de-recollida-de-residuos-urbanos\/\" \/>\n<meta property=\"article:publisher\" content=\"https:\/\/www.facebook.com\/anovapeneira\" \/>\n<meta property=\"article:published_time\" content=\"2025-12-04T09:00:20+00:00\" \/>\n<meta property=\"og:image\" content=\"https:\/\/www.anovapeneira.gal\/wp-content\/uploads\/2025\/04\/xavier-nigran.png\" \/>\n\t<meta property=\"og:image:width\" content=\"720\" \/>\n\t<meta property=\"og:image:height\" content=\"432\" \/>\n\t<meta property=\"og:image:type\" content=\"image\/png\" \/>\n<meta name=\"author\" content=\"Redacci\u00f3n A Nova Peneira\" \/>\n<meta name=\"twitter:card\" content=\"summary_large_image\" \/>\n<meta name=\"twitter:creator\" content=\"@APeneira\" \/>\n<meta name=\"twitter:site\" content=\"@APeneira\" \/>\n<meta name=\"twitter:label1\" content=\"Escrito por\" \/>\n\t<meta name=\"twitter:data1\" content=\"Redacci\u00f3n A Nova Peneira\" \/>\n\t<meta name=\"twitter:label2\" content=\"Tempo de lectura\" \/>\n\t<meta name=\"twitter:data2\" content=\"3 minutos\" \/>\n<script type=\"application\/ld+json\" class=\"yoast-schema-graph\">{\"@context\":\"https:\\\/\\\/schema.org\",\"@graph\":[{\"@type\":\"Article\",\"@id\":\"https:\\\/\\\/www.anovapeneira.gal\\\/index.php\\\/2025\\\/12\\\/04\\\/o-alcalde-de-nigran-rexeita-devolver-ao-pleno-as-competencias-delegadas-en-relacion-coa-contratacion-do-servizo-de-recollida-de-residuos-urbanos\\\/#article\",\"isPartOf\":{\"@id\":\"https:\\\/\\\/www.anovapeneira.gal\\\/index.php\\\/2025\\\/12\\\/04\\\/o-alcalde-de-nigran-rexeita-devolver-ao-pleno-as-competencias-delegadas-en-relacion-coa-contratacion-do-servizo-de-recollida-de-residuos-urbanos\\\/\"},\"author\":{\"name\":\"Redacci\u00f3n A Nova Peneira\",\"@id\":\"https:\\\/\\\/www.anovapeneira.gal\\\/#\\\/schema\\\/person\\\/b93e3f8932e3f8da96334607eb6ac6aa\"},\"headline\":\"O Alcalde de Nigr\u00e1n rexeita devolver ao Pleno as competencias delegadas en relaci\u00f3n coa contrataci\u00f3n do servizo de recollida de residuos urbanos\",\"datePublished\":\"2025-12-04T09:00:20+00:00\",\"mainEntityOfPage\":{\"@id\":\"https:\\\/\\\/www.anovapeneira.gal\\\/index.php\\\/2025\\\/12\\\/04\\\/o-alcalde-de-nigran-rexeita-devolver-ao-pleno-as-competencias-delegadas-en-relacion-coa-contratacion-do-servizo-de-recollida-de-residuos-urbanos\\\/\"},\"wordCount\":417,\"commentCount\":0,\"publisher\":{\"@id\":\"https:\\\/\\\/www.anovapeneira.gal\\\/#organization\"},\"image\":{\"@id\":\"https:\\\/\\\/www.anovapeneira.gal\\\/index.php\\\/2025\\\/12\\\/04\\\/o-alcalde-de-nigran-rexeita-devolver-ao-pleno-as-competencias-delegadas-en-relacion-coa-contratacion-do-servizo-de-recollida-de-residuos-urbanos\\\/#primaryimage\"},\"thumbnailUrl\":\"https:\\\/\\\/www.anovapeneira.gal\\\/wp-content\\\/uploads\\\/2025\\\/04\\\/xavier-nigran.png\",\"keywords\":[\"Concello de Nigr\u00e1n\"],\"articleSection\":[\"Val Mi\u00f1or\"],\"inLanguage\":\"gl-ES\",\"potentialAction\":[{\"@type\":\"CommentAction\",\"name\":\"Comment\",\"target\":[\"https:\\\/\\\/www.anovapeneira.gal\\\/index.php\\\/2025\\\/12\\\/04\\\/o-alcalde-de-nigran-rexeita-devolver-ao-pleno-as-competencias-delegadas-en-relacion-coa-contratacion-do-servizo-de-recollida-de-residuos-urbanos\\\/#respond\"]}]},{\"@type\":\"WebPage\",\"@id\":\"https:\\\/\\\/www.anovapeneira.gal\\\/index.php\\\/2025\\\/12\\\/04\\\/o-alcalde-de-nigran-rexeita-devolver-ao-pleno-as-competencias-delegadas-en-relacion-coa-contratacion-do-servizo-de-recollida-de-residuos-urbanos\\\/\",\"url\":\"https:\\\/\\\/www.anovapeneira.gal\\\/index.php\\\/2025\\\/12\\\/04\\\/o-alcalde-de-nigran-rexeita-devolver-ao-pleno-as-competencias-delegadas-en-relacion-coa-contratacion-do-servizo-de-recollida-de-residuos-urbanos\\\/\",\"name\":\"O Alcalde de Nigr\u00e1n rexeita devolver ao Pleno as competencias delegadas en relaci\u00f3n coa contrataci\u00f3n do servizo de recollida de residuos urbanos -\",\"isPartOf\":{\"@id\":\"https:\\\/\\\/www.anovapeneira.gal\\\/#website\"},\"primaryImageOfPage\":{\"@id\":\"https:\\\/\\\/www.anovapeneira.gal\\\/index.php\\\/2025\\\/12\\\/04\\\/o-alcalde-de-nigran-rexeita-devolver-ao-pleno-as-competencias-delegadas-en-relacion-coa-contratacion-do-servizo-de-recollida-de-residuos-urbanos\\\/#primaryimage\"},\"image\":{\"@id\":\"https:\\\/\\\/www.anovapeneira.gal\\\/index.php\\\/2025\\\/12\\\/04\\\/o-alcalde-de-nigran-rexeita-devolver-ao-pleno-as-competencias-delegadas-en-relacion-coa-contratacion-do-servizo-de-recollida-de-residuos-urbanos\\\/#primaryimage\"},\"thumbnailUrl\":\"https:\\\/\\\/www.anovapeneira.gal\\\/wp-content\\\/uploads\\\/2025\\\/04\\\/xavier-nigran.png\",\"datePublished\":\"2025-12-04T09:00:20+00:00\",\"breadcrumb\":{\"@id\":\"https:\\\/\\\/www.anovapeneira.gal\\\/index.php\\\/2025\\\/12\\\/04\\\/o-alcalde-de-nigran-rexeita-devolver-ao-pleno-as-competencias-delegadas-en-relacion-coa-contratacion-do-servizo-de-recollida-de-residuos-urbanos\\\/#breadcrumb\"},\"inLanguage\":\"gl-ES\",\"potentialAction\":[{\"@type\":\"ReadAction\",\"target\":[\"https:\\\/\\\/www.anovapeneira.gal\\\/index.php\\\/2025\\\/12\\\/04\\\/o-alcalde-de-nigran-rexeita-devolver-ao-pleno-as-competencias-delegadas-en-relacion-coa-contratacion-do-servizo-de-recollida-de-residuos-urbanos\\\/\"]}]},{\"@type\":\"ImageObject\",\"inLanguage\":\"gl-ES\",\"@id\":\"https:\\\/\\\/www.anovapeneira.gal\\\/index.php\\\/2025\\\/12\\\/04\\\/o-alcalde-de-nigran-rexeita-devolver-ao-pleno-as-competencias-delegadas-en-relacion-coa-contratacion-do-servizo-de-recollida-de-residuos-urbanos\\\/#primaryimage\",\"url\":\"https:\\\/\\\/www.anovapeneira.gal\\\/wp-content\\\/uploads\\\/2025\\\/04\\\/xavier-nigran.png\",\"contentUrl\":\"https:\\\/\\\/www.anovapeneira.gal\\\/wp-content\\\/uploads\\\/2025\\\/04\\\/xavier-nigran.png\",\"width\":720,\"height\":432,\"caption\":\"Xavier Rodr\u00edguez Nigr\u00e1n BNG\"},{\"@type\":\"BreadcrumbList\",\"@id\":\"https:\\\/\\\/www.anovapeneira.gal\\\/index.php\\\/2025\\\/12\\\/04\\\/o-alcalde-de-nigran-rexeita-devolver-ao-pleno-as-competencias-delegadas-en-relacion-coa-contratacion-do-servizo-de-recollida-de-residuos-urbanos\\\/#breadcrumb\",\"itemListElement\":[{\"@type\":\"ListItem\",\"position\":1,\"name\":\"Portada\",\"item\":\"https:\\\/\\\/www.anovapeneira.gal\\\/\"},{\"@type\":\"ListItem\",\"position\":2,\"name\":\"O Alcalde de Nigr\u00e1n rexeita devolver ao Pleno as competencias delegadas en relaci\u00f3n coa contrataci\u00f3n do servizo de recollida de residuos urbanos\"}]},{\"@type\":\"WebSite\",\"@id\":\"https:\\\/\\\/www.anovapeneira.gal\\\/#website\",\"url\":\"https:\\\/\\\/www.anovapeneira.gal\\\/\",\"name\":\"\",\"description\":\"Xornal galego de informaci\u00f3n xeral Publicaci\u00f3n mensual de novas de Galicia e en especial dos Concellos da sur da provincia de Pontevedra.\",\"publisher\":{\"@id\":\"https:\\\/\\\/www.anovapeneira.gal\\\/#organization\"},\"potentialAction\":[{\"@type\":\"SearchAction\",\"target\":{\"@type\":\"EntryPoint\",\"urlTemplate\":\"https:\\\/\\\/www.anovapeneira.gal\\\/?s={search_term_string}\"},\"query-input\":{\"@type\":\"PropertyValueSpecification\",\"valueRequired\":true,\"valueName\":\"search_term_string\"}}],\"inLanguage\":\"gl-ES\"},{\"@type\":\"Organization\",\"@id\":\"https:\\\/\\\/www.anovapeneira.gal\\\/#organization\",\"name\":\"A Nova Peneira\",\"url\":\"https:\\\/\\\/www.anovapeneira.gal\\\/\",\"logo\":{\"@type\":\"ImageObject\",\"inLanguage\":\"gl-ES\",\"@id\":\"https:\\\/\\\/www.anovapeneira.gal\\\/#\\\/schema\\\/logo\\\/image\\\/\",\"url\":\"http:\\\/\\\/www.anovapeneira.gal\\\/wp-content\\\/uploads\\\/2019\\\/06\\\/logo_a_nova_peneira_portal_web.png\",\"contentUrl\":\"http:\\\/\\\/www.anovapeneira.gal\\\/wp-content\\\/uploads\\\/2019\\\/06\\\/logo_a_nova_peneira_portal_web.png\",\"width\":300,\"height\":100,\"caption\":\"A Nova Peneira\"},\"image\":{\"@id\":\"https:\\\/\\\/www.anovapeneira.gal\\\/#\\\/schema\\\/logo\\\/image\\\/\"},\"sameAs\":[\"https:\\\/\\\/www.facebook.com\\\/anovapeneira\",\"https:\\\/\\\/x.com\\\/APeneira\"]},{\"@type\":\"Person\",\"@id\":\"https:\\\/\\\/www.anovapeneira.gal\\\/#\\\/schema\\\/person\\\/b93e3f8932e3f8da96334607eb6ac6aa\",\"name\":\"Redacci\u00f3n A Nova Peneira\",\"image\":{\"@type\":\"ImageObject\",\"inLanguage\":\"gl-ES\",\"@id\":\"https:\\\/\\\/secure.gravatar.com\\\/avatar\\\/c052a2551a06e23fac63626232eaa90abd78dbcf1700fc46a2b2c89fd27b735f?s=96&d=mm&r=g\",\"url\":\"https:\\\/\\\/secure.gravatar.com\\\/avatar\\\/c052a2551a06e23fac63626232eaa90abd78dbcf1700fc46a2b2c89fd27b735f?s=96&d=mm&r=g\",\"contentUrl\":\"https:\\\/\\\/secure.gravatar.com\\\/avatar\\\/c052a2551a06e23fac63626232eaa90abd78dbcf1700fc46a2b2c89fd27b735f?s=96&d=mm&r=g\",\"caption\":\"Redacci\u00f3n A Nova Peneira\"},\"sameAs\":[\"http:\\\/\\\/www.anovapeneira.gal\\\/\"],\"url\":\"https:\\\/\\\/www.anovapeneira.gal\\\/index.php\\\/author\\\/redactor\\\/\"}]}<\/script>\n<!-- \/ Yoast SEO plugin. -->","yoast_head_json":{"title":"O Alcalde de Nigr\u00e1n rexeita devolver ao Pleno as competencias delegadas en relaci\u00f3n coa contrataci\u00f3n do servizo de recollida de residuos urbanos -","robots":{"index":"index","follow":"follow","max-snippet":"max-snippet:-1","max-image-preview":"max-image-preview:large","max-video-preview":"max-video-preview:-1"},"canonical":"https:\/\/www.anovapeneira.gal\/index.php\/2025\/12\/04\/o-alcalde-de-nigran-rexeita-devolver-ao-pleno-as-competencias-delegadas-en-relacion-coa-contratacion-do-servizo-de-recollida-de-residuos-urbanos\/","og_locale":"gl_ES","og_type":"article","og_title":"O Alcalde de Nigr\u00e1n rexeita devolver ao Pleno as competencias delegadas en relaci\u00f3n coa contrataci\u00f3n do servizo de recollida de residuos urbanos -","og_description":"A proposta do BNG, que pretend\u00eda que a corporaci\u00f3n recuperara todas as competencias como \u00f3rgano de contrataci\u00f3n, foi desestimada cos votos do PSOE [...]","og_url":"https:\/\/www.anovapeneira.gal\/index.php\/2025\/12\/04\/o-alcalde-de-nigran-rexeita-devolver-ao-pleno-as-competencias-delegadas-en-relacion-coa-contratacion-do-servizo-de-recollida-de-residuos-urbanos\/","article_publisher":"https:\/\/www.facebook.com\/anovapeneira","article_published_time":"2025-12-04T09:00:20+00:00","og_image":[{"width":720,"height":432,"url":"https:\/\/www.anovapeneira.gal\/wp-content\/uploads\/2025\/04\/xavier-nigran.png","type":"image\/png"}],"author":"Redacci\u00f3n A Nova Peneira","twitter_card":"summary_large_image","twitter_creator":"@APeneira","twitter_site":"@APeneira","twitter_misc":{"Escrito por":"Redacci\u00f3n A Nova Peneira","Tempo de lectura":"3 minutos"},"schema":{"@context":"https:\/\/schema.org","@graph":[{"@type":"Article","@id":"https:\/\/www.anovapeneira.gal\/index.php\/2025\/12\/04\/o-alcalde-de-nigran-rexeita-devolver-ao-pleno-as-competencias-delegadas-en-relacion-coa-contratacion-do-servizo-de-recollida-de-residuos-urbanos\/#article","isPartOf":{"@id":"https:\/\/www.anovapeneira.gal\/index.php\/2025\/12\/04\/o-alcalde-de-nigran-rexeita-devolver-ao-pleno-as-competencias-delegadas-en-relacion-coa-contratacion-do-servizo-de-recollida-de-residuos-urbanos\/"},"author":{"name":"Redacci\u00f3n A Nova Peneira","@id":"https:\/\/www.anovapeneira.gal\/#\/schema\/person\/b93e3f8932e3f8da96334607eb6ac6aa"},"headline":"O Alcalde de Nigr\u00e1n rexeita devolver ao Pleno as competencias delegadas en relaci\u00f3n coa contrataci\u00f3n do servizo de recollida de residuos urbanos","datePublished":"2025-12-04T09:00:20+00:00","mainEntityOfPage":{"@id":"https:\/\/www.anovapeneira.gal\/index.php\/2025\/12\/04\/o-alcalde-de-nigran-rexeita-devolver-ao-pleno-as-competencias-delegadas-en-relacion-coa-contratacion-do-servizo-de-recollida-de-residuos-urbanos\/"},"wordCount":417,"commentCount":0,"publisher":{"@id":"https:\/\/www.anovapeneira.gal\/#organization"},"image":{"@id":"https:\/\/www.anovapeneira.gal\/index.php\/2025\/12\/04\/o-alcalde-de-nigran-rexeita-devolver-ao-pleno-as-competencias-delegadas-en-relacion-coa-contratacion-do-servizo-de-recollida-de-residuos-urbanos\/#primaryimage"},"thumbnailUrl":"https:\/\/www.anovapeneira.gal\/wp-content\/uploads\/2025\/04\/xavier-nigran.png","keywords":["Concello de Nigr\u00e1n"],"articleSection":["Val Mi\u00f1or"],"inLanguage":"gl-ES","potentialAction":[{"@type":"CommentAction","name":"Comment","target":["https:\/\/www.anovapeneira.gal\/index.php\/2025\/12\/04\/o-alcalde-de-nigran-rexeita-devolver-ao-pleno-as-competencias-delegadas-en-relacion-coa-contratacion-do-servizo-de-recollida-de-residuos-urbanos\/#respond"]}]},{"@type":"WebPage","@id":"https:\/\/www.anovapeneira.gal\/index.php\/2025\/12\/04\/o-alcalde-de-nigran-rexeita-devolver-ao-pleno-as-competencias-delegadas-en-relacion-coa-contratacion-do-servizo-de-recollida-de-residuos-urbanos\/","url":"https:\/\/www.anovapeneira.gal\/index.php\/2025\/12\/04\/o-alcalde-de-nigran-rexeita-devolver-ao-pleno-as-competencias-delegadas-en-relacion-coa-contratacion-do-servizo-de-recollida-de-residuos-urbanos\/","name":"O Alcalde de Nigr\u00e1n rexeita devolver ao Pleno as competencias delegadas en relaci\u00f3n coa contrataci\u00f3n do servizo de recollida de residuos urbanos -","isPartOf":{"@id":"https:\/\/www.anovapeneira.gal\/#website"},"primaryImageOfPage":{"@id":"https:\/\/www.anovapeneira.gal\/index.php\/2025\/12\/04\/o-alcalde-de-nigran-rexeita-devolver-ao-pleno-as-competencias-delegadas-en-relacion-coa-contratacion-do-servizo-de-recollida-de-residuos-urbanos\/#primaryimage"},"image":{"@id":"https:\/\/www.anovapeneira.gal\/index.php\/2025\/12\/04\/o-alcalde-de-nigran-rexeita-devolver-ao-pleno-as-competencias-delegadas-en-relacion-coa-contratacion-do-servizo-de-recollida-de-residuos-urbanos\/#primaryimage"},"thumbnailUrl":"https:\/\/www.anovapeneira.gal\/wp-content\/uploads\/2025\/04\/xavier-nigran.png","datePublished":"2025-12-04T09:00:20+00:00","breadcrumb":{"@id":"https:\/\/www.anovapeneira.gal\/index.php\/2025\/12\/04\/o-alcalde-de-nigran-rexeita-devolver-ao-pleno-as-competencias-delegadas-en-relacion-coa-contratacion-do-servizo-de-recollida-de-residuos-urbanos\/#breadcrumb"},"inLanguage":"gl-ES","potentialAction":[{"@type":"ReadAction","target":["https:\/\/www.anovapeneira.gal\/index.php\/2025\/12\/04\/o-alcalde-de-nigran-rexeita-devolver-ao-pleno-as-competencias-delegadas-en-relacion-coa-contratacion-do-servizo-de-recollida-de-residuos-urbanos\/"]}]},{"@type":"ImageObject","inLanguage":"gl-ES","@id":"https:\/\/www.anovapeneira.gal\/index.php\/2025\/12\/04\/o-alcalde-de-nigran-rexeita-devolver-ao-pleno-as-competencias-delegadas-en-relacion-coa-contratacion-do-servizo-de-recollida-de-residuos-urbanos\/#primaryimage","url":"https:\/\/www.anovapeneira.gal\/wp-content\/uploads\/2025\/04\/xavier-nigran.png","contentUrl":"https:\/\/www.anovapeneira.gal\/wp-content\/uploads\/2025\/04\/xavier-nigran.png","width":720,"height":432,"caption":"Xavier Rodr\u00edguez Nigr\u00e1n BNG"},{"@type":"BreadcrumbList","@id":"https:\/\/www.anovapeneira.gal\/index.php\/2025\/12\/04\/o-alcalde-de-nigran-rexeita-devolver-ao-pleno-as-competencias-delegadas-en-relacion-coa-contratacion-do-servizo-de-recollida-de-residuos-urbanos\/#breadcrumb","itemListElement":[{"@type":"ListItem","position":1,"name":"Portada","item":"https:\/\/www.anovapeneira.gal\/"},{"@type":"ListItem","position":2,"name":"O Alcalde de Nigr\u00e1n rexeita devolver ao Pleno as competencias delegadas en relaci\u00f3n coa contrataci\u00f3n do servizo de recollida de residuos urbanos"}]},{"@type":"WebSite","@id":"https:\/\/www.anovapeneira.gal\/#website","url":"https:\/\/www.anovapeneira.gal\/","name":"","description":"Xornal galego de informaci\u00f3n xeral Publicaci\u00f3n mensual de novas de Galicia e en especial dos Concellos da sur da provincia de Pontevedra.","publisher":{"@id":"https:\/\/www.anovapeneira.gal\/#organization"},"potentialAction":[{"@type":"SearchAction","target":{"@type":"EntryPoint","urlTemplate":"https:\/\/www.anovapeneira.gal\/?s={search_term_string}"},"query-input":{"@type":"PropertyValueSpecification","valueRequired":true,"valueName":"search_term_string"}}],"inLanguage":"gl-ES"},{"@type":"Organization","@id":"https:\/\/www.anovapeneira.gal\/#organization","name":"A Nova Peneira","url":"https:\/\/www.anovapeneira.gal\/","logo":{"@type":"ImageObject","inLanguage":"gl-ES","@id":"https:\/\/www.anovapeneira.gal\/#\/schema\/logo\/image\/","url":"http:\/\/www.anovapeneira.gal\/wp-content\/uploads\/2019\/06\/logo_a_nova_peneira_portal_web.png","contentUrl":"http:\/\/www.anovapeneira.gal\/wp-content\/uploads\/2019\/06\/logo_a_nova_peneira_portal_web.png","width":300,"height":100,"caption":"A Nova Peneira"},"image":{"@id":"https:\/\/www.anovapeneira.gal\/#\/schema\/logo\/image\/"},"sameAs":["https:\/\/www.facebook.com\/anovapeneira","https:\/\/x.com\/APeneira"]},{"@type":"Person","@id":"https:\/\/www.anovapeneira.gal\/#\/schema\/person\/b93e3f8932e3f8da96334607eb6ac6aa","name":"Redacci\u00f3n A Nova Peneira","image":{"@type":"ImageObject","inLanguage":"gl-ES","@id":"https:\/\/secure.gravatar.com\/avatar\/c052a2551a06e23fac63626232eaa90abd78dbcf1700fc46a2b2c89fd27b735f?s=96&d=mm&r=g","url":"https:\/\/secure.gravatar.com\/avatar\/c052a2551a06e23fac63626232eaa90abd78dbcf1700fc46a2b2c89fd27b735f?s=96&d=mm&r=g","contentUrl":"https:\/\/secure.gravatar.com\/avatar\/c052a2551a06e23fac63626232eaa90abd78dbcf1700fc46a2b2c89fd27b735f?s=96&d=mm&r=g","caption":"Redacci\u00f3n A Nova Peneira"},"sameAs":["http:\/\/www.anovapeneira.gal\/"],"url":"https:\/\/www.anovapeneira.gal\/index.php\/author\/redactor\/"}]}},"jetpack_featured_media_url":"https:\/\/www.anovapeneira.gal\/wp-content\/uploads\/2025\/04\/xavier-nigran.png","_links":{"self":[{"href":"https:\/\/www.anovapeneira.gal\/index.php\/wp-json\/wp\/v2\/posts\/15027","targetHints":{"allow":["GET"]}}],"collection":[{"href":"https:\/\/www.anovapeneira.gal\/index.php\/wp-json\/wp\/v2\/posts"}],"about":[{"href":"https:\/\/www.anovapeneira.gal\/index.php\/wp-json\/wp\/v2\/types\/post"}],"author":[{"embeddable":true,"href":"https:\/\/www.anovapeneira.gal\/index.php\/wp-json\/wp\/v2\/users\/3"}],"replies":[{"embeddable":true,"href":"https:\/\/www.anovapeneira.gal\/index.php\/wp-json\/wp\/v2\/comments?post=15027"}],"version-history":[{"count":1,"href":"https:\/\/www.anovapeneira.gal\/index.php\/wp-json\/wp\/v2\/posts\/15027\/revisions"}],"predecessor-version":[{"id":15028,"href":"https:\/\/www.anovapeneira.gal\/index.php\/wp-json\/wp\/v2\/posts\/15027\/revisions\/15028"}],"wp:featuredmedia":[{"embeddable":true,"href":"https:\/\/www.anovapeneira.gal\/index.php\/wp-json\/wp\/v2\/media\/13644"}],"wp:attachment":[{"href":"https:\/\/www.anovapeneira.gal\/index.php\/wp-json\/wp\/v2\/media?parent=15027"}],"wp:term":[{"taxonomy":"category","embeddable":true,"href":"https:\/\/www.anovapeneira.gal\/index.php\/wp-json\/wp\/v2\/categories?post=15027"},{"taxonomy":"post_tag","embeddable":true,"href":"https:\/\/www.anovapeneira.gal\/index.php\/wp-json\/wp\/v2\/tags?post=15027"}],"curies":[{"name":"wp","href":"https:\/\/api.w.org\/{rel}","templated":true}]}}