{"id":15029,"date":"2025-12-04T12:00:09","date_gmt":"2025-12-04T11:00:09","guid":{"rendered":"https:\/\/www.anovapeneira.gal\/?p=15029"},"modified":"2025-12-03T12:30:36","modified_gmt":"2025-12-03T11:30:36","slug":"un-premio-vivo-para-unha-lingua-viva","status":"publish","type":"post","link":"https:\/\/www.anovapeneira.gal\/index.php\/2025\/12\/04\/un-premio-vivo-para-unha-lingua-viva\/","title":{"rendered":"Un premio vivo para unha lingua viva"},"content":{"rendered":"\n<p><em>O xurado do <\/em><em><strong>III Premio das Letras Galegas Vivas<\/strong><\/em><em>, outorgado pola<\/em><em> Bibli<\/em><em>oteca Sabela Labra\u00f1a <\/em><em>(que <\/em><em>forma<\/em><em> parte da<\/em><em> Asemblea Cultural Galega de Barcelona<\/em><em>)<\/em><em>, <\/em><em>decide <\/em><em>homenax<\/em><em>e<\/em><em>a<\/em><em>r<\/em><em> a <\/em><em>poetisa galega<\/em><em> <\/em><em><strong>Olga Novo<\/strong><\/em><em>,<\/em><em> <\/em><em>reco\u00f1ecemento que destaca <\/em><em>tanto a calidade da s\u00faa escrita coma <\/em><em>o compromiso coa lingua e a cultura galegas<\/em><em>.<\/em><\/p>\n\n\n\n<p>Nos pr\u00f3ximos meses ter\u00e1n lugar diversos actos ao redor da figura e a obra de Olga Novo, entre eles a entrega do propio galard\u00f3n, que consiste nunha escultura feita polo artista Anxo Baranga inspirada no universo dos libros, s\u00edmbolo do saber, da memoria e da resistencia cultural.<\/p>\n\n\n\n<p><strong>Premio das Letras Galegas Vivas<\/strong><\/p>\n\n\n\n<p>O premio, que concede a Biblioteca Sabela Labra\u00f1a, ten un car\u00e1cter honor\u00edfico e nace co obxectivo de reco\u00f1ecer anualmente a traxectoria dunha escritora ou escritor en lingua galega que estea vivo. A s\u00faa finalidade \u00e9 p\u00f3r en valor, non s\u00f3 a calidade literaria da s\u00faa obra, sen\u00f3n tam\u00e9n o compromiso cultural, social e pol\u00edtico da persoa premiada, con especial atenci\u00f3n \u00e1s mulleres e \u00e1 s\u00faa contribuci\u00f3n \u00e1 literatura e cultura galegas.<\/p>\n\n\n\n<p>A Biblioteca Sabela Labra\u00f1a prop\u00f3n \u00e1s instituci\u00f3ns galegas a creaci\u00f3n dun premio similar sen ter que agardar ao pasamento das persoas homenaxeadas, como acontece co D\u00eda das Letras Galegas, co fin de mostrar e <strong>celebrar <\/strong><strong>o dinamismo da lingua <\/strong><strong>galega<\/strong>.<\/p>\n\n\n\n<p><strong>Xurado e <\/strong><strong>escolla<\/strong><strong> da persoa premiada<\/strong><\/p>\n\n\n\n<p>A elecci\u00f3n da persoa premiada real\u00edzase anualmente a partir de propostas que se fan chegar \u00e1 Asemblea Cultural Galega de Barcelona. O xurado estivo composto por Lito Caram\u00e9s (profesor de secundaria, cr\u00edtico de arte e escritor), <a href=\"https:\/\/gl.wikipedia.org\/wiki\/Amador_Castro_Moure\">Amador Castro<\/a> (escritor), Alba Gonz\u00e1lez (propietaria da librar\u00eda La Repunantinha), <a href=\"https:\/\/gl.wikipedia.org\/wiki\/Helena_Gonz%C3%A1lez_Fern%C3%A1ndez\">Helena Gonz\u00e1lez<\/a> e <a href=\"https:\/\/gl.wikipedia.org\/wiki\/Mar%C3%ADa_Xes%C3%BAs_Lama\">Mar\u00eda Xes\u00fas Lama<\/a> (profesoras de Estudos Galegos e Portugueses na Universidade de Barcelona).<\/p>\n\n\n\n<p>Despois da avaliar a obra e o compromiso das 28 persoas candidatas presentadas e a s\u00faa implicaci\u00f3n no activismo social ou cultural, o xurado escolleu a Olga Novo como <strong>ga\u00f1adora <\/strong>do <strong>I<\/strong><strong>II Premio <\/strong><strong>das<\/strong><strong> Letras Galegas Vivas<\/strong>.<\/p>\n\n\n\n<p>O xurado salientou da profesora, poetisa e ensa\u00edsta <strong>Olga Novo<\/strong> que \u00e9 <strong>unha muller de luz mitol\u00f3xica; argonauta na escrita<\/strong>. Licenciada en Filolox\u00eda Galega pola Universidade de Santiago de Compostela, foi profesora de bacharelato en varios institutos galegos e, tam\u00e9n, profesora de galego na Universidade da Alta Breta\u00f1a en Rennes e de literatura na Universidade Breta\u00f1a Sur, en Lorient.<\/p>\n\n\n\n<p>Desde <em>A teta sobre o sol <\/em>(1996), <em>N\u00f3s nus<\/em> (1997) e <em>A cousa vermella<\/em> (2004) at\u00e9 <em>Cr\u00e1ter<\/em> (2011) e <em>Feliz idade <\/em>(2019), revelouse como <strong>a escritora que atopa xeitos novos nos seus poemas para dicir, no s\u00e9culo XXI, o corpo, o sexo, a necesidade dos v\u00ednculos e a experiencia do amor<\/strong>.<\/p>\n\n\n\n<p>Premio da cr\u00edtica espa\u00f1ola, premio da cr\u00edtica galega e Premio Nacional de poes\u00eda, considera nunha entrevista para <em>N\u00f3s diario<\/em> que \u2033todo poema nace da intensidade creativa, do trallazo, e desde logo non procura a perfecci\u00f3n formal, sen\u00f3n a emanaci\u00f3n do amor\u2033.<\/p>\n\n\n\n<p>Desde 2010 a Casa da Cultura da Pobra do Broll\u00f3n leva o seu nome.<\/p>\n\n\n\n<p><strong>Sobre a Biblioteca Sabela Labra\u00f1a e a ACGB<\/strong><\/p>\n\n\n\n<p>A Biblioteca Sabela Labra\u00f1a conta cun fondo de <strong>m\u00e1is<\/strong><strong> de 2.000 libros en galego <\/strong><strong>ou sobre a cultura galega<\/strong>, e desenvolve actividades continuadas para promover a lingua e a cultura galegas en Catalu\u00f1a. Organiza un <strong>c<\/strong><strong>lub de <\/strong><strong>l<\/strong><strong>ectura en galego<\/strong>, presentaci\u00f3ns de libros, unha xuntanza anual de escritoras e escritores galegos residentes en Catalu\u00f1a, unha \u2033ludotega\u2033 para crianzas e <strong>conta-contos infant\u00eds<\/strong> en bibliotecas p\u00fablicas catal\u00e1s.<\/p>\n\n\n\n<p>A Biblioteca Sabela Labra\u00f1a forma parte da <a href=\"https:\/\/acgb.gal\/\"><strong>Asemblea Cultural Galega de Barcelona<\/strong><\/a> (ACGB), unha entidade independente, asemblearia e comprometida co pa\u00eds e co desenvolvemento dunha cultura galega cr\u00edtica. A entidade organiza actividades relacionadas coa cultura e a m\u00fasica galegas, as\u00ed coma actos reivindicativos en defensa do pa\u00eds e en solidariedade con causas sociais. Entre as s\u00faas iniciativas destacan o festival <em>Primavera Son<\/em>, que se celebra no mes de maio. A entidade foi galardoada co <strong>Premi d\u2019honor col\u00b7lectiu Vila de Gr\u00e0cia 2024<\/strong>, outorgado polo Districte de Gr\u00e0cia de Barcelona.<\/p>\n","protected":false},"excerpt":{"rendered":"<div class=\"mh-excerpt\"><p>O xurado do III Premio das Letras Galegas Vivas, outorgado pola Biblioteca Sabela Labra\u00f1a (que forma parte da Asemblea Cultural Galega de Barcelona) <a class=\"mh-excerpt-more\" href=\"https:\/\/www.anovapeneira.gal\/index.php\/2025\/12\/04\/un-premio-vivo-para-unha-lingua-viva\/\" title=\"Un premio vivo para unha lingua viva\">[&#8230;]<\/a><\/p>\n<\/div>","protected":false},"author":3,"featured_media":15030,"comment_status":"open","ping_status":"open","sticky":false,"template":"","format":"standard","meta":{"_exactmetrics_skip_tracking":false,"_exactmetrics_sitenote_active":false,"_exactmetrics_sitenote_note":"","_exactmetrics_sitenote_category":0,"footnotes":""},"categories":[263],"tags":[],"class_list":{"0":"post-15029","1":"post","2":"type-post","3":"status-publish","4":"format-standard","5":"has-post-thumbnail","7":"category-novas"},"yoast_head":"<!-- This site is optimized with the Yoast SEO plugin v27.4 - https:\/\/yoast.com\/product\/yoast-seo-wordpress\/ -->\n<title>Un premio vivo para unha lingua viva -<\/title>\n<meta name=\"robots\" content=\"index, follow, max-snippet:-1, max-image-preview:large, max-video-preview:-1\" \/>\n<link rel=\"canonical\" href=\"https:\/\/www.anovapeneira.gal\/index.php\/2025\/12\/04\/un-premio-vivo-para-unha-lingua-viva\/\" \/>\n<meta property=\"og:locale\" content=\"gl_ES\" \/>\n<meta property=\"og:type\" content=\"article\" \/>\n<meta property=\"og:title\" content=\"Un premio vivo para unha lingua viva -\" \/>\n<meta property=\"og:description\" content=\"O xurado do III Premio das Letras Galegas Vivas, outorgado pola Biblioteca Sabela Labra\u00f1a (que forma parte da Asemblea Cultural Galega de Barcelona) [...]\" \/>\n<meta property=\"og:url\" content=\"https:\/\/www.anovapeneira.gal\/index.php\/2025\/12\/04\/un-premio-vivo-para-unha-lingua-viva\/\" \/>\n<meta property=\"article:publisher\" content=\"https:\/\/www.facebook.com\/anovapeneira\" \/>\n<meta property=\"article:published_time\" content=\"2025-12-04T11:00:09+00:00\" \/>\n<meta property=\"og:image\" content=\"https:\/\/www.anovapeneira.gal\/wp-content\/uploads\/2025\/12\/sabela_labrana.png\" \/>\n\t<meta property=\"og:image:width\" content=\"720\" \/>\n\t<meta property=\"og:image:height\" content=\"432\" \/>\n\t<meta property=\"og:image:type\" content=\"image\/png\" \/>\n<meta name=\"author\" content=\"Redacci\u00f3n A Nova Peneira\" \/>\n<meta name=\"twitter:card\" content=\"summary_large_image\" \/>\n<meta name=\"twitter:creator\" content=\"@APeneira\" \/>\n<meta name=\"twitter:site\" content=\"@APeneira\" \/>\n<meta name=\"twitter:label1\" content=\"Escrito por\" \/>\n\t<meta name=\"twitter:data1\" content=\"Redacci\u00f3n A Nova Peneira\" \/>\n\t<meta name=\"twitter:label2\" content=\"Tempo de lectura\" \/>\n\t<meta name=\"twitter:data2\" content=\"4 minutos\" \/>\n<script type=\"application\/ld+json\" class=\"yoast-schema-graph\">{\"@context\":\"https:\\\/\\\/schema.org\",\"@graph\":[{\"@type\":\"Article\",\"@id\":\"https:\\\/\\\/www.anovapeneira.gal\\\/index.php\\\/2025\\\/12\\\/04\\\/un-premio-vivo-para-unha-lingua-viva\\\/#article\",\"isPartOf\":{\"@id\":\"https:\\\/\\\/www.anovapeneira.gal\\\/index.php\\\/2025\\\/12\\\/04\\\/un-premio-vivo-para-unha-lingua-viva\\\/\"},\"author\":{\"name\":\"Redacci\u00f3n A Nova Peneira\",\"@id\":\"https:\\\/\\\/www.anovapeneira.gal\\\/#\\\/schema\\\/person\\\/b93e3f8932e3f8da96334607eb6ac6aa\"},\"headline\":\"Un premio vivo para unha lingua viva\",\"datePublished\":\"2025-12-04T11:00:09+00:00\",\"mainEntityOfPage\":{\"@id\":\"https:\\\/\\\/www.anovapeneira.gal\\\/index.php\\\/2025\\\/12\\\/04\\\/un-premio-vivo-para-unha-lingua-viva\\\/\"},\"wordCount\":717,\"commentCount\":0,\"publisher\":{\"@id\":\"https:\\\/\\\/www.anovapeneira.gal\\\/#organization\"},\"image\":{\"@id\":\"https:\\\/\\\/www.anovapeneira.gal\\\/index.php\\\/2025\\\/12\\\/04\\\/un-premio-vivo-para-unha-lingua-viva\\\/#primaryimage\"},\"thumbnailUrl\":\"https:\\\/\\\/www.anovapeneira.gal\\\/wp-content\\\/uploads\\\/2025\\\/12\\\/sabela_labrana.png\",\"articleSection\":[\"Novas\"],\"inLanguage\":\"gl-ES\",\"potentialAction\":[{\"@type\":\"CommentAction\",\"name\":\"Comment\",\"target\":[\"https:\\\/\\\/www.anovapeneira.gal\\\/index.php\\\/2025\\\/12\\\/04\\\/un-premio-vivo-para-unha-lingua-viva\\\/#respond\"]}]},{\"@type\":\"WebPage\",\"@id\":\"https:\\\/\\\/www.anovapeneira.gal\\\/index.php\\\/2025\\\/12\\\/04\\\/un-premio-vivo-para-unha-lingua-viva\\\/\",\"url\":\"https:\\\/\\\/www.anovapeneira.gal\\\/index.php\\\/2025\\\/12\\\/04\\\/un-premio-vivo-para-unha-lingua-viva\\\/\",\"name\":\"Un premio vivo para unha lingua viva -\",\"isPartOf\":{\"@id\":\"https:\\\/\\\/www.anovapeneira.gal\\\/#website\"},\"primaryImageOfPage\":{\"@id\":\"https:\\\/\\\/www.anovapeneira.gal\\\/index.php\\\/2025\\\/12\\\/04\\\/un-premio-vivo-para-unha-lingua-viva\\\/#primaryimage\"},\"image\":{\"@id\":\"https:\\\/\\\/www.anovapeneira.gal\\\/index.php\\\/2025\\\/12\\\/04\\\/un-premio-vivo-para-unha-lingua-viva\\\/#primaryimage\"},\"thumbnailUrl\":\"https:\\\/\\\/www.anovapeneira.gal\\\/wp-content\\\/uploads\\\/2025\\\/12\\\/sabela_labrana.png\",\"datePublished\":\"2025-12-04T11:00:09+00:00\",\"breadcrumb\":{\"@id\":\"https:\\\/\\\/www.anovapeneira.gal\\\/index.php\\\/2025\\\/12\\\/04\\\/un-premio-vivo-para-unha-lingua-viva\\\/#breadcrumb\"},\"inLanguage\":\"gl-ES\",\"potentialAction\":[{\"@type\":\"ReadAction\",\"target\":[\"https:\\\/\\\/www.anovapeneira.gal\\\/index.php\\\/2025\\\/12\\\/04\\\/un-premio-vivo-para-unha-lingua-viva\\\/\"]}]},{\"@type\":\"ImageObject\",\"inLanguage\":\"gl-ES\",\"@id\":\"https:\\\/\\\/www.anovapeneira.gal\\\/index.php\\\/2025\\\/12\\\/04\\\/un-premio-vivo-para-unha-lingua-viva\\\/#primaryimage\",\"url\":\"https:\\\/\\\/www.anovapeneira.gal\\\/wp-content\\\/uploads\\\/2025\\\/12\\\/sabela_labrana.png\",\"contentUrl\":\"https:\\\/\\\/www.anovapeneira.gal\\\/wp-content\\\/uploads\\\/2025\\\/12\\\/sabela_labrana.png\",\"width\":720,\"height\":432},{\"@type\":\"BreadcrumbList\",\"@id\":\"https:\\\/\\\/www.anovapeneira.gal\\\/index.php\\\/2025\\\/12\\\/04\\\/un-premio-vivo-para-unha-lingua-viva\\\/#breadcrumb\",\"itemListElement\":[{\"@type\":\"ListItem\",\"position\":1,\"name\":\"Portada\",\"item\":\"https:\\\/\\\/www.anovapeneira.gal\\\/\"},{\"@type\":\"ListItem\",\"position\":2,\"name\":\"Un premio vivo para unha lingua viva\"}]},{\"@type\":\"WebSite\",\"@id\":\"https:\\\/\\\/www.anovapeneira.gal\\\/#website\",\"url\":\"https:\\\/\\\/www.anovapeneira.gal\\\/\",\"name\":\"\",\"description\":\"Xornal galego de informaci\u00f3n xeral Publicaci\u00f3n mensual de novas de Galicia e en especial dos Concellos da sur da provincia de Pontevedra.\",\"publisher\":{\"@id\":\"https:\\\/\\\/www.anovapeneira.gal\\\/#organization\"},\"potentialAction\":[{\"@type\":\"SearchAction\",\"target\":{\"@type\":\"EntryPoint\",\"urlTemplate\":\"https:\\\/\\\/www.anovapeneira.gal\\\/?s={search_term_string}\"},\"query-input\":{\"@type\":\"PropertyValueSpecification\",\"valueRequired\":true,\"valueName\":\"search_term_string\"}}],\"inLanguage\":\"gl-ES\"},{\"@type\":\"Organization\",\"@id\":\"https:\\\/\\\/www.anovapeneira.gal\\\/#organization\",\"name\":\"A Nova Peneira\",\"url\":\"https:\\\/\\\/www.anovapeneira.gal\\\/\",\"logo\":{\"@type\":\"ImageObject\",\"inLanguage\":\"gl-ES\",\"@id\":\"https:\\\/\\\/www.anovapeneira.gal\\\/#\\\/schema\\\/logo\\\/image\\\/\",\"url\":\"http:\\\/\\\/www.anovapeneira.gal\\\/wp-content\\\/uploads\\\/2019\\\/06\\\/logo_a_nova_peneira_portal_web.png\",\"contentUrl\":\"http:\\\/\\\/www.anovapeneira.gal\\\/wp-content\\\/uploads\\\/2019\\\/06\\\/logo_a_nova_peneira_portal_web.png\",\"width\":300,\"height\":100,\"caption\":\"A Nova Peneira\"},\"image\":{\"@id\":\"https:\\\/\\\/www.anovapeneira.gal\\\/#\\\/schema\\\/logo\\\/image\\\/\"},\"sameAs\":[\"https:\\\/\\\/www.facebook.com\\\/anovapeneira\",\"https:\\\/\\\/x.com\\\/APeneira\"]},{\"@type\":\"Person\",\"@id\":\"https:\\\/\\\/www.anovapeneira.gal\\\/#\\\/schema\\\/person\\\/b93e3f8932e3f8da96334607eb6ac6aa\",\"name\":\"Redacci\u00f3n A Nova Peneira\",\"image\":{\"@type\":\"ImageObject\",\"inLanguage\":\"gl-ES\",\"@id\":\"https:\\\/\\\/secure.gravatar.com\\\/avatar\\\/c052a2551a06e23fac63626232eaa90abd78dbcf1700fc46a2b2c89fd27b735f?s=96&d=mm&r=g\",\"url\":\"https:\\\/\\\/secure.gravatar.com\\\/avatar\\\/c052a2551a06e23fac63626232eaa90abd78dbcf1700fc46a2b2c89fd27b735f?s=96&d=mm&r=g\",\"contentUrl\":\"https:\\\/\\\/secure.gravatar.com\\\/avatar\\\/c052a2551a06e23fac63626232eaa90abd78dbcf1700fc46a2b2c89fd27b735f?s=96&d=mm&r=g\",\"caption\":\"Redacci\u00f3n A Nova Peneira\"},\"sameAs\":[\"http:\\\/\\\/www.anovapeneira.gal\\\/\"],\"url\":\"https:\\\/\\\/www.anovapeneira.gal\\\/index.php\\\/author\\\/redactor\\\/\"}]}<\/script>\n<!-- \/ Yoast SEO plugin. -->","yoast_head_json":{"title":"Un premio vivo para unha lingua viva -","robots":{"index":"index","follow":"follow","max-snippet":"max-snippet:-1","max-image-preview":"max-image-preview:large","max-video-preview":"max-video-preview:-1"},"canonical":"https:\/\/www.anovapeneira.gal\/index.php\/2025\/12\/04\/un-premio-vivo-para-unha-lingua-viva\/","og_locale":"gl_ES","og_type":"article","og_title":"Un premio vivo para unha lingua viva -","og_description":"O xurado do III Premio das Letras Galegas Vivas, outorgado pola Biblioteca Sabela Labra\u00f1a (que forma parte da Asemblea Cultural Galega de Barcelona) [...]","og_url":"https:\/\/www.anovapeneira.gal\/index.php\/2025\/12\/04\/un-premio-vivo-para-unha-lingua-viva\/","article_publisher":"https:\/\/www.facebook.com\/anovapeneira","article_published_time":"2025-12-04T11:00:09+00:00","og_image":[{"width":720,"height":432,"url":"https:\/\/www.anovapeneira.gal\/wp-content\/uploads\/2025\/12\/sabela_labrana.png","type":"image\/png"}],"author":"Redacci\u00f3n A Nova Peneira","twitter_card":"summary_large_image","twitter_creator":"@APeneira","twitter_site":"@APeneira","twitter_misc":{"Escrito por":"Redacci\u00f3n A Nova Peneira","Tempo de lectura":"4 minutos"},"schema":{"@context":"https:\/\/schema.org","@graph":[{"@type":"Article","@id":"https:\/\/www.anovapeneira.gal\/index.php\/2025\/12\/04\/un-premio-vivo-para-unha-lingua-viva\/#article","isPartOf":{"@id":"https:\/\/www.anovapeneira.gal\/index.php\/2025\/12\/04\/un-premio-vivo-para-unha-lingua-viva\/"},"author":{"name":"Redacci\u00f3n A Nova Peneira","@id":"https:\/\/www.anovapeneira.gal\/#\/schema\/person\/b93e3f8932e3f8da96334607eb6ac6aa"},"headline":"Un premio vivo para unha lingua viva","datePublished":"2025-12-04T11:00:09+00:00","mainEntityOfPage":{"@id":"https:\/\/www.anovapeneira.gal\/index.php\/2025\/12\/04\/un-premio-vivo-para-unha-lingua-viva\/"},"wordCount":717,"commentCount":0,"publisher":{"@id":"https:\/\/www.anovapeneira.gal\/#organization"},"image":{"@id":"https:\/\/www.anovapeneira.gal\/index.php\/2025\/12\/04\/un-premio-vivo-para-unha-lingua-viva\/#primaryimage"},"thumbnailUrl":"https:\/\/www.anovapeneira.gal\/wp-content\/uploads\/2025\/12\/sabela_labrana.png","articleSection":["Novas"],"inLanguage":"gl-ES","potentialAction":[{"@type":"CommentAction","name":"Comment","target":["https:\/\/www.anovapeneira.gal\/index.php\/2025\/12\/04\/un-premio-vivo-para-unha-lingua-viva\/#respond"]}]},{"@type":"WebPage","@id":"https:\/\/www.anovapeneira.gal\/index.php\/2025\/12\/04\/un-premio-vivo-para-unha-lingua-viva\/","url":"https:\/\/www.anovapeneira.gal\/index.php\/2025\/12\/04\/un-premio-vivo-para-unha-lingua-viva\/","name":"Un premio vivo para unha lingua viva -","isPartOf":{"@id":"https:\/\/www.anovapeneira.gal\/#website"},"primaryImageOfPage":{"@id":"https:\/\/www.anovapeneira.gal\/index.php\/2025\/12\/04\/un-premio-vivo-para-unha-lingua-viva\/#primaryimage"},"image":{"@id":"https:\/\/www.anovapeneira.gal\/index.php\/2025\/12\/04\/un-premio-vivo-para-unha-lingua-viva\/#primaryimage"},"thumbnailUrl":"https:\/\/www.anovapeneira.gal\/wp-content\/uploads\/2025\/12\/sabela_labrana.png","datePublished":"2025-12-04T11:00:09+00:00","breadcrumb":{"@id":"https:\/\/www.anovapeneira.gal\/index.php\/2025\/12\/04\/un-premio-vivo-para-unha-lingua-viva\/#breadcrumb"},"inLanguage":"gl-ES","potentialAction":[{"@type":"ReadAction","target":["https:\/\/www.anovapeneira.gal\/index.php\/2025\/12\/04\/un-premio-vivo-para-unha-lingua-viva\/"]}]},{"@type":"ImageObject","inLanguage":"gl-ES","@id":"https:\/\/www.anovapeneira.gal\/index.php\/2025\/12\/04\/un-premio-vivo-para-unha-lingua-viva\/#primaryimage","url":"https:\/\/www.anovapeneira.gal\/wp-content\/uploads\/2025\/12\/sabela_labrana.png","contentUrl":"https:\/\/www.anovapeneira.gal\/wp-content\/uploads\/2025\/12\/sabela_labrana.png","width":720,"height":432},{"@type":"BreadcrumbList","@id":"https:\/\/www.anovapeneira.gal\/index.php\/2025\/12\/04\/un-premio-vivo-para-unha-lingua-viva\/#breadcrumb","itemListElement":[{"@type":"ListItem","position":1,"name":"Portada","item":"https:\/\/www.anovapeneira.gal\/"},{"@type":"ListItem","position":2,"name":"Un premio vivo para unha lingua viva"}]},{"@type":"WebSite","@id":"https:\/\/www.anovapeneira.gal\/#website","url":"https:\/\/www.anovapeneira.gal\/","name":"","description":"Xornal galego de informaci\u00f3n xeral Publicaci\u00f3n mensual de novas de Galicia e en especial dos Concellos da sur da provincia de Pontevedra.","publisher":{"@id":"https:\/\/www.anovapeneira.gal\/#organization"},"potentialAction":[{"@type":"SearchAction","target":{"@type":"EntryPoint","urlTemplate":"https:\/\/www.anovapeneira.gal\/?s={search_term_string}"},"query-input":{"@type":"PropertyValueSpecification","valueRequired":true,"valueName":"search_term_string"}}],"inLanguage":"gl-ES"},{"@type":"Organization","@id":"https:\/\/www.anovapeneira.gal\/#organization","name":"A Nova Peneira","url":"https:\/\/www.anovapeneira.gal\/","logo":{"@type":"ImageObject","inLanguage":"gl-ES","@id":"https:\/\/www.anovapeneira.gal\/#\/schema\/logo\/image\/","url":"http:\/\/www.anovapeneira.gal\/wp-content\/uploads\/2019\/06\/logo_a_nova_peneira_portal_web.png","contentUrl":"http:\/\/www.anovapeneira.gal\/wp-content\/uploads\/2019\/06\/logo_a_nova_peneira_portal_web.png","width":300,"height":100,"caption":"A Nova Peneira"},"image":{"@id":"https:\/\/www.anovapeneira.gal\/#\/schema\/logo\/image\/"},"sameAs":["https:\/\/www.facebook.com\/anovapeneira","https:\/\/x.com\/APeneira"]},{"@type":"Person","@id":"https:\/\/www.anovapeneira.gal\/#\/schema\/person\/b93e3f8932e3f8da96334607eb6ac6aa","name":"Redacci\u00f3n A Nova Peneira","image":{"@type":"ImageObject","inLanguage":"gl-ES","@id":"https:\/\/secure.gravatar.com\/avatar\/c052a2551a06e23fac63626232eaa90abd78dbcf1700fc46a2b2c89fd27b735f?s=96&d=mm&r=g","url":"https:\/\/secure.gravatar.com\/avatar\/c052a2551a06e23fac63626232eaa90abd78dbcf1700fc46a2b2c89fd27b735f?s=96&d=mm&r=g","contentUrl":"https:\/\/secure.gravatar.com\/avatar\/c052a2551a06e23fac63626232eaa90abd78dbcf1700fc46a2b2c89fd27b735f?s=96&d=mm&r=g","caption":"Redacci\u00f3n A Nova Peneira"},"sameAs":["http:\/\/www.anovapeneira.gal\/"],"url":"https:\/\/www.anovapeneira.gal\/index.php\/author\/redactor\/"}]}},"jetpack_featured_media_url":"https:\/\/www.anovapeneira.gal\/wp-content\/uploads\/2025\/12\/sabela_labrana.png","_links":{"self":[{"href":"https:\/\/www.anovapeneira.gal\/index.php\/wp-json\/wp\/v2\/posts\/15029","targetHints":{"allow":["GET"]}}],"collection":[{"href":"https:\/\/www.anovapeneira.gal\/index.php\/wp-json\/wp\/v2\/posts"}],"about":[{"href":"https:\/\/www.anovapeneira.gal\/index.php\/wp-json\/wp\/v2\/types\/post"}],"author":[{"embeddable":true,"href":"https:\/\/www.anovapeneira.gal\/index.php\/wp-json\/wp\/v2\/users\/3"}],"replies":[{"embeddable":true,"href":"https:\/\/www.anovapeneira.gal\/index.php\/wp-json\/wp\/v2\/comments?post=15029"}],"version-history":[{"count":1,"href":"https:\/\/www.anovapeneira.gal\/index.php\/wp-json\/wp\/v2\/posts\/15029\/revisions"}],"predecessor-version":[{"id":15031,"href":"https:\/\/www.anovapeneira.gal\/index.php\/wp-json\/wp\/v2\/posts\/15029\/revisions\/15031"}],"wp:featuredmedia":[{"embeddable":true,"href":"https:\/\/www.anovapeneira.gal\/index.php\/wp-json\/wp\/v2\/media\/15030"}],"wp:attachment":[{"href":"https:\/\/www.anovapeneira.gal\/index.php\/wp-json\/wp\/v2\/media?parent=15029"}],"wp:term":[{"taxonomy":"category","embeddable":true,"href":"https:\/\/www.anovapeneira.gal\/index.php\/wp-json\/wp\/v2\/categories?post=15029"},{"taxonomy":"post_tag","embeddable":true,"href":"https:\/\/www.anovapeneira.gal\/index.php\/wp-json\/wp\/v2\/tags?post=15029"}],"curies":[{"name":"wp","href":"https:\/\/api.w.org\/{rel}","templated":true}]}}