{"id":15036,"date":"2025-12-05T12:00:15","date_gmt":"2025-12-05T11:00:15","guid":{"rendered":"https:\/\/www.anovapeneira.gal\/?p=15036"},"modified":"2025-12-03T14:04:38","modified_gmt":"2025-12-03T13:04:38","slug":"luz-verde-no-congreso-a-iniciativa-do-bng-para-impulsar-o-proxecto-abrir-marin-ao-mar","status":"publish","type":"post","link":"https:\/\/www.anovapeneira.gal\/index.php\/2025\/12\/05\/luz-verde-no-congreso-a-iniciativa-do-bng-para-impulsar-o-proxecto-abrir-marin-ao-mar\/","title":{"rendered":"Luz verde no Congreso \u00e1 iniciativa do BNG para impulsar o proxecto \u201cAbrir Mar\u00edn ao mar\u201d"},"content":{"rendered":"\n<h2 class=\"wp-block-heading\"><strong>O Congreso avala a proposta presentada polo BNG para a cesi\u00f3n dos espazos en desuso do Porto de Mar\u00edn e os infrautilizados da Escola Naval para ampliar os espazos p\u00fablicos e zonas verdes dispo\u00f1\u00edbeis para a veci\u00f1anza<\/strong><\/h2>\n\n\n\n<p><strong>O deputado do BNG sinala que esta proposta \u00e9 unha posta en valor da esencia mari\u00f1eira de Mar\u00edn e contribuir\u00e1 para mellorar a calidade de vida: \u201co Goberno non se pode volver a negar a ceder os terreos, o Congreso falou\u201d<\/strong><\/p>\n\n\n\n<p><strong>Madrid, 27 de novembro de 2025.<\/strong> <\/p>\n\n\n\n<p>O deputado do BNG no Congreso, N\u00e9stor Rego, consegue sacar adiante unha iniciativa na Comisi\u00f3n de Defensa para reclamar ao Goberno do Estado impulsar o proxecto \u201cAbrir Mar\u00edn ao Mar\u201d e ceder de forma inmediata os espazos en desuso do porto de Mar\u00edn e os infrautilizados na entrada da Escola Naval Militar. A iniciativa do BNG aprobada ten o obxectivo de aumentar as zonas verdes e os espazos p\u00fablicos para uso e goce da cidadan\u00eda.<\/p>\n\n\n\n<p>\u201cMar\u00edn est\u00e1 fechada ao mar, ag\u00e1s en dous puntos, como consecuencia dos balados do Porto e da Escola Naval Militar. A humanizaci\u00f3n e o futuro deste espazo pasa por impulsar o proxecto de abrir Mar\u00edn ao mar para a recuperaci\u00f3n de espazos p\u00fablicos e zonas verdes que conecten a vila co mar\u201d defende o deputado nacionalista durante o debate da iniciativa. A cidadan\u00eda de Mar\u00edn, enfatiza Rego, ten dereito a recuperar o acceso ao mar e esta actuaci\u00f3n \u201cnon ir\u00eda en detrimento da ENM nin do porto\u201d sen\u00f3n que \u201caproveitar\u00eda aqueles espazos en desuso ou infrautilizados -e, por tanto, prescind\u00edbeis- o que resultar\u00eda nun beneficio para a cidadan\u00eda ofrecendo novos espazos\u201d.<\/p>\n\n\n\n<p>A iniciativa do BNG, a pesar de contar coa abstenci\u00f3n das forzas estatais -PP e PSOE-, sa\u00edu adiante e reclama ao Goberno do Estado iniciar a cesi\u00f3n de parte dos terreos de Portos do Estado e da Escola Naval para seren destinados a zonas verdes, de esparexemento p\u00fablico e favorecer a apertura de Mar\u00edn ao mar.<\/p>\n\n\n\n<p>No concreto, entre as actuaci\u00f3ns aprobadas rec\u00f3llese que o Ministerio de Transportes ceda de forma gratu\u00edta os espazos non afectados por explotaci\u00f3n portuaria a trav\u00e9s dun convenio co concello de Mar\u00edn e a Autoridade Portuaria que incl\u00faa o Paseo da Avenida de Ourense, o edificio de servizos e pista deportiva, o Parque de Cantodarea (Parque Azul), o paso inferior e novos accesos \u00e1 zona S\u2010O da zona de servizo, o dique embarcaci\u00f3ns menores e o Paseo Alcalde Blanco.<\/p>\n\n\n\n<p>As\u00ed mesmo, que incorpore ao expediente a d\u00e1rsena de embarcaci\u00f3ns menores, da parcela resultante da demolici\u00f3n da nave almac\u00e9n de P\u00e9rez Torres, do edificio destinado a cafeter\u00eda ao inicio do Paseo Alcalde Blanco e do inm\u00f3bel de d\u00faas plantas da Avenida de Ourense, n\u00famero 86 -para destinalo a centro social do barrio do Cantodarea-.<\/p>\n\n\n\n<p>\u201cA superficie das edificaci\u00f3ns destinadas a oficinas e almac\u00e9ns sitas na explanada do antigo Peirao da Ribeira, as\u00ed como o edificio de oficinas (Satlink), actualmente en r\u00e9xime de concesi\u00f3n, pasen, na s\u00faa totalidade, unha vez finalice o per\u00edodo de concesi\u00f3n, ao Concello de Mar\u00edn\u201d recolle a iniciativa do BNG aprobada no Congreso.<\/p>\n\n\n\n<p>As\u00ed mesmo, o deputado do BNG pon en valor a reclamaci\u00f3n aprobada para que o Ministerio de Defensa inicie a tramitaci\u00f3n do expediente para a cesi\u00f3n gratu\u00edta e permanente do terreo sito nas inmediaci\u00f3ns da entrada da Escola Naval ocupado na actualidade pola pista de atletismo, procedendo ao retranqueo do muro de fechamento perimetral e da entrada monumental at\u00e9 as inmediaci\u00f3ns do Edificio de Aulas en que se sit\u00faa a Torre do Reloxo e promover un Convenio de colaboraci\u00f3n para abrir ao uso p\u00fablico civil as instalaci\u00f3ns que permita promover zonas verdes para uso p\u00fablico e destinar a \u00e1rea do peirao a uso n\u00e1utico deportivo para os clubs de Mar\u00edn e para a apertura dun Museo Municipal, entre outras cuesti\u00f3ns.<\/p>\n","protected":false},"excerpt":{"rendered":"<div class=\"mh-excerpt\"><p>O Congreso avala a proposta presentada polo BNG para a cesi\u00f3n dos espazos en desuso do Porto de Mar\u00edn e os infrautilizados da Escola Naval para ampliar os espazos p\u00fablicos e zonas verdes dispo\u00f1\u00edbeis para a veci\u00f1anza <a class=\"mh-excerpt-more\" href=\"https:\/\/www.anovapeneira.gal\/index.php\/2025\/12\/05\/luz-verde-no-congreso-a-iniciativa-do-bng-para-impulsar-o-proxecto-abrir-marin-ao-mar\/\" title=\"Luz verde no Congreso \u00e1 iniciativa do BNG para impulsar o proxecto \u201cAbrir Mar\u00edn ao mar\u201d\">[&#8230;]<\/a><\/p>\n<\/div>","protected":false},"author":3,"featured_media":14401,"comment_status":"open","ping_status":"open","sticky":false,"template":"","format":"standard","meta":{"_exactmetrics_skip_tracking":false,"_exactmetrics_sitenote_active":false,"_exactmetrics_sitenote_note":"","_exactmetrics_sitenote_category":0,"footnotes":""},"categories":[22],"tags":[144],"class_list":{"0":"post-15036","1":"post","2":"type-post","3":"status-publish","4":"format-standard","5":"has-post-thumbnail","7":"category-morrazo","8":"tag-concello-de-marin"},"yoast_head":"<!-- This site is optimized with the Yoast SEO plugin v27.4 - https:\/\/yoast.com\/product\/yoast-seo-wordpress\/ -->\n<title>Luz verde no Congreso \u00e1 iniciativa do BNG para impulsar o proxecto \u201cAbrir Mar\u00edn ao mar\u201d -<\/title>\n<meta name=\"robots\" content=\"index, follow, max-snippet:-1, max-image-preview:large, max-video-preview:-1\" \/>\n<link rel=\"canonical\" href=\"https:\/\/www.anovapeneira.gal\/index.php\/2025\/12\/05\/luz-verde-no-congreso-a-iniciativa-do-bng-para-impulsar-o-proxecto-abrir-marin-ao-mar\/\" \/>\n<meta property=\"og:locale\" content=\"gl_ES\" \/>\n<meta property=\"og:type\" content=\"article\" \/>\n<meta property=\"og:title\" content=\"Luz verde no Congreso \u00e1 iniciativa do BNG para impulsar o proxecto \u201cAbrir Mar\u00edn ao mar\u201d -\" \/>\n<meta property=\"og:description\" content=\"O Congreso avala a proposta presentada polo BNG para a cesi\u00f3n dos espazos en desuso do Porto de Mar\u00edn e os infrautilizados da Escola Naval para ampliar os espazos p\u00fablicos e zonas verdes dispo\u00f1\u00edbeis para a veci\u00f1anza [...]\" \/>\n<meta property=\"og:url\" content=\"https:\/\/www.anovapeneira.gal\/index.php\/2025\/12\/05\/luz-verde-no-congreso-a-iniciativa-do-bng-para-impulsar-o-proxecto-abrir-marin-ao-mar\/\" \/>\n<meta property=\"article:publisher\" content=\"https:\/\/www.facebook.com\/anovapeneira\" \/>\n<meta property=\"article:published_time\" content=\"2025-12-05T11:00:15+00:00\" \/>\n<meta property=\"og:image\" content=\"https:\/\/www.anovapeneira.gal\/wp-content\/uploads\/2025\/08\/rego.jpg\" \/>\n\t<meta property=\"og:image:width\" content=\"720\" \/>\n\t<meta property=\"og:image:height\" content=\"432\" \/>\n\t<meta property=\"og:image:type\" content=\"image\/jpeg\" \/>\n<meta name=\"author\" content=\"Redacci\u00f3n A Nova Peneira\" \/>\n<meta name=\"twitter:card\" content=\"summary_large_image\" \/>\n<meta name=\"twitter:creator\" content=\"@APeneira\" \/>\n<meta name=\"twitter:site\" content=\"@APeneira\" \/>\n<meta name=\"twitter:label1\" content=\"Escrito por\" \/>\n\t<meta name=\"twitter:data1\" content=\"Redacci\u00f3n A Nova Peneira\" \/>\n\t<meta name=\"twitter:label2\" content=\"Tempo de lectura\" \/>\n\t<meta name=\"twitter:data2\" content=\"4 minutos\" \/>\n<script type=\"application\/ld+json\" class=\"yoast-schema-graph\">{\"@context\":\"https:\\\/\\\/schema.org\",\"@graph\":[{\"@type\":\"Article\",\"@id\":\"https:\\\/\\\/www.anovapeneira.gal\\\/index.php\\\/2025\\\/12\\\/05\\\/luz-verde-no-congreso-a-iniciativa-do-bng-para-impulsar-o-proxecto-abrir-marin-ao-mar\\\/#article\",\"isPartOf\":{\"@id\":\"https:\\\/\\\/www.anovapeneira.gal\\\/index.php\\\/2025\\\/12\\\/05\\\/luz-verde-no-congreso-a-iniciativa-do-bng-para-impulsar-o-proxecto-abrir-marin-ao-mar\\\/\"},\"author\":{\"name\":\"Redacci\u00f3n A Nova Peneira\",\"@id\":\"https:\\\/\\\/www.anovapeneira.gal\\\/#\\\/schema\\\/person\\\/b93e3f8932e3f8da96334607eb6ac6aa\"},\"headline\":\"Luz verde no Congreso \u00e1 iniciativa do BNG para impulsar o proxecto \u201cAbrir Mar\u00edn ao mar\u201d\",\"datePublished\":\"2025-12-05T11:00:15+00:00\",\"mainEntityOfPage\":{\"@id\":\"https:\\\/\\\/www.anovapeneira.gal\\\/index.php\\\/2025\\\/12\\\/05\\\/luz-verde-no-congreso-a-iniciativa-do-bng-para-impulsar-o-proxecto-abrir-marin-ao-mar\\\/\"},\"wordCount\":714,\"commentCount\":0,\"publisher\":{\"@id\":\"https:\\\/\\\/www.anovapeneira.gal\\\/#organization\"},\"image\":{\"@id\":\"https:\\\/\\\/www.anovapeneira.gal\\\/index.php\\\/2025\\\/12\\\/05\\\/luz-verde-no-congreso-a-iniciativa-do-bng-para-impulsar-o-proxecto-abrir-marin-ao-mar\\\/#primaryimage\"},\"thumbnailUrl\":\"https:\\\/\\\/www.anovapeneira.gal\\\/wp-content\\\/uploads\\\/2025\\\/08\\\/rego.jpg\",\"keywords\":[\"Concello de Mar\u00edn\"],\"articleSection\":[\"Morrazo\"],\"inLanguage\":\"gl-ES\",\"potentialAction\":[{\"@type\":\"CommentAction\",\"name\":\"Comment\",\"target\":[\"https:\\\/\\\/www.anovapeneira.gal\\\/index.php\\\/2025\\\/12\\\/05\\\/luz-verde-no-congreso-a-iniciativa-do-bng-para-impulsar-o-proxecto-abrir-marin-ao-mar\\\/#respond\"]}]},{\"@type\":\"WebPage\",\"@id\":\"https:\\\/\\\/www.anovapeneira.gal\\\/index.php\\\/2025\\\/12\\\/05\\\/luz-verde-no-congreso-a-iniciativa-do-bng-para-impulsar-o-proxecto-abrir-marin-ao-mar\\\/\",\"url\":\"https:\\\/\\\/www.anovapeneira.gal\\\/index.php\\\/2025\\\/12\\\/05\\\/luz-verde-no-congreso-a-iniciativa-do-bng-para-impulsar-o-proxecto-abrir-marin-ao-mar\\\/\",\"name\":\"Luz verde no Congreso \u00e1 iniciativa do BNG para impulsar o proxecto \u201cAbrir Mar\u00edn ao mar\u201d -\",\"isPartOf\":{\"@id\":\"https:\\\/\\\/www.anovapeneira.gal\\\/#website\"},\"primaryImageOfPage\":{\"@id\":\"https:\\\/\\\/www.anovapeneira.gal\\\/index.php\\\/2025\\\/12\\\/05\\\/luz-verde-no-congreso-a-iniciativa-do-bng-para-impulsar-o-proxecto-abrir-marin-ao-mar\\\/#primaryimage\"},\"image\":{\"@id\":\"https:\\\/\\\/www.anovapeneira.gal\\\/index.php\\\/2025\\\/12\\\/05\\\/luz-verde-no-congreso-a-iniciativa-do-bng-para-impulsar-o-proxecto-abrir-marin-ao-mar\\\/#primaryimage\"},\"thumbnailUrl\":\"https:\\\/\\\/www.anovapeneira.gal\\\/wp-content\\\/uploads\\\/2025\\\/08\\\/rego.jpg\",\"datePublished\":\"2025-12-05T11:00:15+00:00\",\"breadcrumb\":{\"@id\":\"https:\\\/\\\/www.anovapeneira.gal\\\/index.php\\\/2025\\\/12\\\/05\\\/luz-verde-no-congreso-a-iniciativa-do-bng-para-impulsar-o-proxecto-abrir-marin-ao-mar\\\/#breadcrumb\"},\"inLanguage\":\"gl-ES\",\"potentialAction\":[{\"@type\":\"ReadAction\",\"target\":[\"https:\\\/\\\/www.anovapeneira.gal\\\/index.php\\\/2025\\\/12\\\/05\\\/luz-verde-no-congreso-a-iniciativa-do-bng-para-impulsar-o-proxecto-abrir-marin-ao-mar\\\/\"]}]},{\"@type\":\"ImageObject\",\"inLanguage\":\"gl-ES\",\"@id\":\"https:\\\/\\\/www.anovapeneira.gal\\\/index.php\\\/2025\\\/12\\\/05\\\/luz-verde-no-congreso-a-iniciativa-do-bng-para-impulsar-o-proxecto-abrir-marin-ao-mar\\\/#primaryimage\",\"url\":\"https:\\\/\\\/www.anovapeneira.gal\\\/wp-content\\\/uploads\\\/2025\\\/08\\\/rego.jpg\",\"contentUrl\":\"https:\\\/\\\/www.anovapeneira.gal\\\/wp-content\\\/uploads\\\/2025\\\/08\\\/rego.jpg\",\"width\":720,\"height\":432},{\"@type\":\"BreadcrumbList\",\"@id\":\"https:\\\/\\\/www.anovapeneira.gal\\\/index.php\\\/2025\\\/12\\\/05\\\/luz-verde-no-congreso-a-iniciativa-do-bng-para-impulsar-o-proxecto-abrir-marin-ao-mar\\\/#breadcrumb\",\"itemListElement\":[{\"@type\":\"ListItem\",\"position\":1,\"name\":\"Portada\",\"item\":\"https:\\\/\\\/www.anovapeneira.gal\\\/\"},{\"@type\":\"ListItem\",\"position\":2,\"name\":\"Luz verde no Congreso \u00e1 iniciativa do BNG para impulsar o proxecto \u201cAbrir Mar\u00edn ao mar\u201d\"}]},{\"@type\":\"WebSite\",\"@id\":\"https:\\\/\\\/www.anovapeneira.gal\\\/#website\",\"url\":\"https:\\\/\\\/www.anovapeneira.gal\\\/\",\"name\":\"\",\"description\":\"Xornal galego de informaci\u00f3n xeral Publicaci\u00f3n mensual de novas de Galicia e en especial dos Concellos da sur da provincia de Pontevedra.\",\"publisher\":{\"@id\":\"https:\\\/\\\/www.anovapeneira.gal\\\/#organization\"},\"potentialAction\":[{\"@type\":\"SearchAction\",\"target\":{\"@type\":\"EntryPoint\",\"urlTemplate\":\"https:\\\/\\\/www.anovapeneira.gal\\\/?s={search_term_string}\"},\"query-input\":{\"@type\":\"PropertyValueSpecification\",\"valueRequired\":true,\"valueName\":\"search_term_string\"}}],\"inLanguage\":\"gl-ES\"},{\"@type\":\"Organization\",\"@id\":\"https:\\\/\\\/www.anovapeneira.gal\\\/#organization\",\"name\":\"A Nova Peneira\",\"url\":\"https:\\\/\\\/www.anovapeneira.gal\\\/\",\"logo\":{\"@type\":\"ImageObject\",\"inLanguage\":\"gl-ES\",\"@id\":\"https:\\\/\\\/www.anovapeneira.gal\\\/#\\\/schema\\\/logo\\\/image\\\/\",\"url\":\"http:\\\/\\\/www.anovapeneira.gal\\\/wp-content\\\/uploads\\\/2019\\\/06\\\/logo_a_nova_peneira_portal_web.png\",\"contentUrl\":\"http:\\\/\\\/www.anovapeneira.gal\\\/wp-content\\\/uploads\\\/2019\\\/06\\\/logo_a_nova_peneira_portal_web.png\",\"width\":300,\"height\":100,\"caption\":\"A Nova Peneira\"},\"image\":{\"@id\":\"https:\\\/\\\/www.anovapeneira.gal\\\/#\\\/schema\\\/logo\\\/image\\\/\"},\"sameAs\":[\"https:\\\/\\\/www.facebook.com\\\/anovapeneira\",\"https:\\\/\\\/x.com\\\/APeneira\"]},{\"@type\":\"Person\",\"@id\":\"https:\\\/\\\/www.anovapeneira.gal\\\/#\\\/schema\\\/person\\\/b93e3f8932e3f8da96334607eb6ac6aa\",\"name\":\"Redacci\u00f3n A Nova Peneira\",\"image\":{\"@type\":\"ImageObject\",\"inLanguage\":\"gl-ES\",\"@id\":\"https:\\\/\\\/secure.gravatar.com\\\/avatar\\\/c052a2551a06e23fac63626232eaa90abd78dbcf1700fc46a2b2c89fd27b735f?s=96&d=mm&r=g\",\"url\":\"https:\\\/\\\/secure.gravatar.com\\\/avatar\\\/c052a2551a06e23fac63626232eaa90abd78dbcf1700fc46a2b2c89fd27b735f?s=96&d=mm&r=g\",\"contentUrl\":\"https:\\\/\\\/secure.gravatar.com\\\/avatar\\\/c052a2551a06e23fac63626232eaa90abd78dbcf1700fc46a2b2c89fd27b735f?s=96&d=mm&r=g\",\"caption\":\"Redacci\u00f3n A Nova Peneira\"},\"sameAs\":[\"http:\\\/\\\/www.anovapeneira.gal\\\/\"],\"url\":\"https:\\\/\\\/www.anovapeneira.gal\\\/index.php\\\/author\\\/redactor\\\/\"}]}<\/script>\n<!-- \/ Yoast SEO plugin. -->","yoast_head_json":{"title":"Luz verde no Congreso \u00e1 iniciativa do BNG para impulsar o proxecto \u201cAbrir Mar\u00edn ao mar\u201d -","robots":{"index":"index","follow":"follow","max-snippet":"max-snippet:-1","max-image-preview":"max-image-preview:large","max-video-preview":"max-video-preview:-1"},"canonical":"https:\/\/www.anovapeneira.gal\/index.php\/2025\/12\/05\/luz-verde-no-congreso-a-iniciativa-do-bng-para-impulsar-o-proxecto-abrir-marin-ao-mar\/","og_locale":"gl_ES","og_type":"article","og_title":"Luz verde no Congreso \u00e1 iniciativa do BNG para impulsar o proxecto \u201cAbrir Mar\u00edn ao mar\u201d -","og_description":"O Congreso avala a proposta presentada polo BNG para a cesi\u00f3n dos espazos en desuso do Porto de Mar\u00edn e os infrautilizados da Escola Naval para ampliar os espazos p\u00fablicos e zonas verdes dispo\u00f1\u00edbeis para a veci\u00f1anza [...]","og_url":"https:\/\/www.anovapeneira.gal\/index.php\/2025\/12\/05\/luz-verde-no-congreso-a-iniciativa-do-bng-para-impulsar-o-proxecto-abrir-marin-ao-mar\/","article_publisher":"https:\/\/www.facebook.com\/anovapeneira","article_published_time":"2025-12-05T11:00:15+00:00","og_image":[{"width":720,"height":432,"url":"https:\/\/www.anovapeneira.gal\/wp-content\/uploads\/2025\/08\/rego.jpg","type":"image\/jpeg"}],"author":"Redacci\u00f3n A Nova Peneira","twitter_card":"summary_large_image","twitter_creator":"@APeneira","twitter_site":"@APeneira","twitter_misc":{"Escrito por":"Redacci\u00f3n A Nova Peneira","Tempo de lectura":"4 minutos"},"schema":{"@context":"https:\/\/schema.org","@graph":[{"@type":"Article","@id":"https:\/\/www.anovapeneira.gal\/index.php\/2025\/12\/05\/luz-verde-no-congreso-a-iniciativa-do-bng-para-impulsar-o-proxecto-abrir-marin-ao-mar\/#article","isPartOf":{"@id":"https:\/\/www.anovapeneira.gal\/index.php\/2025\/12\/05\/luz-verde-no-congreso-a-iniciativa-do-bng-para-impulsar-o-proxecto-abrir-marin-ao-mar\/"},"author":{"name":"Redacci\u00f3n A Nova Peneira","@id":"https:\/\/www.anovapeneira.gal\/#\/schema\/person\/b93e3f8932e3f8da96334607eb6ac6aa"},"headline":"Luz verde no Congreso \u00e1 iniciativa do BNG para impulsar o proxecto \u201cAbrir Mar\u00edn ao mar\u201d","datePublished":"2025-12-05T11:00:15+00:00","mainEntityOfPage":{"@id":"https:\/\/www.anovapeneira.gal\/index.php\/2025\/12\/05\/luz-verde-no-congreso-a-iniciativa-do-bng-para-impulsar-o-proxecto-abrir-marin-ao-mar\/"},"wordCount":714,"commentCount":0,"publisher":{"@id":"https:\/\/www.anovapeneira.gal\/#organization"},"image":{"@id":"https:\/\/www.anovapeneira.gal\/index.php\/2025\/12\/05\/luz-verde-no-congreso-a-iniciativa-do-bng-para-impulsar-o-proxecto-abrir-marin-ao-mar\/#primaryimage"},"thumbnailUrl":"https:\/\/www.anovapeneira.gal\/wp-content\/uploads\/2025\/08\/rego.jpg","keywords":["Concello de Mar\u00edn"],"articleSection":["Morrazo"],"inLanguage":"gl-ES","potentialAction":[{"@type":"CommentAction","name":"Comment","target":["https:\/\/www.anovapeneira.gal\/index.php\/2025\/12\/05\/luz-verde-no-congreso-a-iniciativa-do-bng-para-impulsar-o-proxecto-abrir-marin-ao-mar\/#respond"]}]},{"@type":"WebPage","@id":"https:\/\/www.anovapeneira.gal\/index.php\/2025\/12\/05\/luz-verde-no-congreso-a-iniciativa-do-bng-para-impulsar-o-proxecto-abrir-marin-ao-mar\/","url":"https:\/\/www.anovapeneira.gal\/index.php\/2025\/12\/05\/luz-verde-no-congreso-a-iniciativa-do-bng-para-impulsar-o-proxecto-abrir-marin-ao-mar\/","name":"Luz verde no Congreso \u00e1 iniciativa do BNG para impulsar o proxecto \u201cAbrir Mar\u00edn ao mar\u201d -","isPartOf":{"@id":"https:\/\/www.anovapeneira.gal\/#website"},"primaryImageOfPage":{"@id":"https:\/\/www.anovapeneira.gal\/index.php\/2025\/12\/05\/luz-verde-no-congreso-a-iniciativa-do-bng-para-impulsar-o-proxecto-abrir-marin-ao-mar\/#primaryimage"},"image":{"@id":"https:\/\/www.anovapeneira.gal\/index.php\/2025\/12\/05\/luz-verde-no-congreso-a-iniciativa-do-bng-para-impulsar-o-proxecto-abrir-marin-ao-mar\/#primaryimage"},"thumbnailUrl":"https:\/\/www.anovapeneira.gal\/wp-content\/uploads\/2025\/08\/rego.jpg","datePublished":"2025-12-05T11:00:15+00:00","breadcrumb":{"@id":"https:\/\/www.anovapeneira.gal\/index.php\/2025\/12\/05\/luz-verde-no-congreso-a-iniciativa-do-bng-para-impulsar-o-proxecto-abrir-marin-ao-mar\/#breadcrumb"},"inLanguage":"gl-ES","potentialAction":[{"@type":"ReadAction","target":["https:\/\/www.anovapeneira.gal\/index.php\/2025\/12\/05\/luz-verde-no-congreso-a-iniciativa-do-bng-para-impulsar-o-proxecto-abrir-marin-ao-mar\/"]}]},{"@type":"ImageObject","inLanguage":"gl-ES","@id":"https:\/\/www.anovapeneira.gal\/index.php\/2025\/12\/05\/luz-verde-no-congreso-a-iniciativa-do-bng-para-impulsar-o-proxecto-abrir-marin-ao-mar\/#primaryimage","url":"https:\/\/www.anovapeneira.gal\/wp-content\/uploads\/2025\/08\/rego.jpg","contentUrl":"https:\/\/www.anovapeneira.gal\/wp-content\/uploads\/2025\/08\/rego.jpg","width":720,"height":432},{"@type":"BreadcrumbList","@id":"https:\/\/www.anovapeneira.gal\/index.php\/2025\/12\/05\/luz-verde-no-congreso-a-iniciativa-do-bng-para-impulsar-o-proxecto-abrir-marin-ao-mar\/#breadcrumb","itemListElement":[{"@type":"ListItem","position":1,"name":"Portada","item":"https:\/\/www.anovapeneira.gal\/"},{"@type":"ListItem","position":2,"name":"Luz verde no Congreso \u00e1 iniciativa do BNG para impulsar o proxecto \u201cAbrir Mar\u00edn ao mar\u201d"}]},{"@type":"WebSite","@id":"https:\/\/www.anovapeneira.gal\/#website","url":"https:\/\/www.anovapeneira.gal\/","name":"","description":"Xornal galego de informaci\u00f3n xeral Publicaci\u00f3n mensual de novas de Galicia e en especial dos Concellos da sur da provincia de Pontevedra.","publisher":{"@id":"https:\/\/www.anovapeneira.gal\/#organization"},"potentialAction":[{"@type":"SearchAction","target":{"@type":"EntryPoint","urlTemplate":"https:\/\/www.anovapeneira.gal\/?s={search_term_string}"},"query-input":{"@type":"PropertyValueSpecification","valueRequired":true,"valueName":"search_term_string"}}],"inLanguage":"gl-ES"},{"@type":"Organization","@id":"https:\/\/www.anovapeneira.gal\/#organization","name":"A Nova Peneira","url":"https:\/\/www.anovapeneira.gal\/","logo":{"@type":"ImageObject","inLanguage":"gl-ES","@id":"https:\/\/www.anovapeneira.gal\/#\/schema\/logo\/image\/","url":"http:\/\/www.anovapeneira.gal\/wp-content\/uploads\/2019\/06\/logo_a_nova_peneira_portal_web.png","contentUrl":"http:\/\/www.anovapeneira.gal\/wp-content\/uploads\/2019\/06\/logo_a_nova_peneira_portal_web.png","width":300,"height":100,"caption":"A Nova Peneira"},"image":{"@id":"https:\/\/www.anovapeneira.gal\/#\/schema\/logo\/image\/"},"sameAs":["https:\/\/www.facebook.com\/anovapeneira","https:\/\/x.com\/APeneira"]},{"@type":"Person","@id":"https:\/\/www.anovapeneira.gal\/#\/schema\/person\/b93e3f8932e3f8da96334607eb6ac6aa","name":"Redacci\u00f3n A Nova Peneira","image":{"@type":"ImageObject","inLanguage":"gl-ES","@id":"https:\/\/secure.gravatar.com\/avatar\/c052a2551a06e23fac63626232eaa90abd78dbcf1700fc46a2b2c89fd27b735f?s=96&d=mm&r=g","url":"https:\/\/secure.gravatar.com\/avatar\/c052a2551a06e23fac63626232eaa90abd78dbcf1700fc46a2b2c89fd27b735f?s=96&d=mm&r=g","contentUrl":"https:\/\/secure.gravatar.com\/avatar\/c052a2551a06e23fac63626232eaa90abd78dbcf1700fc46a2b2c89fd27b735f?s=96&d=mm&r=g","caption":"Redacci\u00f3n A Nova Peneira"},"sameAs":["http:\/\/www.anovapeneira.gal\/"],"url":"https:\/\/www.anovapeneira.gal\/index.php\/author\/redactor\/"}]}},"jetpack_featured_media_url":"https:\/\/www.anovapeneira.gal\/wp-content\/uploads\/2025\/08\/rego.jpg","_links":{"self":[{"href":"https:\/\/www.anovapeneira.gal\/index.php\/wp-json\/wp\/v2\/posts\/15036","targetHints":{"allow":["GET"]}}],"collection":[{"href":"https:\/\/www.anovapeneira.gal\/index.php\/wp-json\/wp\/v2\/posts"}],"about":[{"href":"https:\/\/www.anovapeneira.gal\/index.php\/wp-json\/wp\/v2\/types\/post"}],"author":[{"embeddable":true,"href":"https:\/\/www.anovapeneira.gal\/index.php\/wp-json\/wp\/v2\/users\/3"}],"replies":[{"embeddable":true,"href":"https:\/\/www.anovapeneira.gal\/index.php\/wp-json\/wp\/v2\/comments?post=15036"}],"version-history":[{"count":1,"href":"https:\/\/www.anovapeneira.gal\/index.php\/wp-json\/wp\/v2\/posts\/15036\/revisions"}],"predecessor-version":[{"id":15037,"href":"https:\/\/www.anovapeneira.gal\/index.php\/wp-json\/wp\/v2\/posts\/15036\/revisions\/15037"}],"wp:featuredmedia":[{"embeddable":true,"href":"https:\/\/www.anovapeneira.gal\/index.php\/wp-json\/wp\/v2\/media\/14401"}],"wp:attachment":[{"href":"https:\/\/www.anovapeneira.gal\/index.php\/wp-json\/wp\/v2\/media?parent=15036"}],"wp:term":[{"taxonomy":"category","embeddable":true,"href":"https:\/\/www.anovapeneira.gal\/index.php\/wp-json\/wp\/v2\/categories?post=15036"},{"taxonomy":"post_tag","embeddable":true,"href":"https:\/\/www.anovapeneira.gal\/index.php\/wp-json\/wp\/v2\/tags?post=15036"}],"curies":[{"name":"wp","href":"https:\/\/api.w.org\/{rel}","templated":true}]}}