{"id":15038,"date":"2025-12-08T10:00:07","date_gmt":"2025-12-08T09:00:07","guid":{"rendered":"https:\/\/www.anovapeneira.gal\/?p=15038"},"modified":"2025-12-09T10:19:10","modified_gmt":"2025-12-09T09:19:10","slug":"carlota-gonzalez-tania-fernandez-eduardo-sousa-ivan-alonso-manu-garrido-e-roi-rodriguez-son-os-premios-deporte-tudense-2025","status":"publish","type":"post","link":"https:\/\/www.anovapeneira.gal\/index.php\/2025\/12\/08\/carlota-gonzalez-tania-fernandez-eduardo-sousa-ivan-alonso-manu-garrido-e-roi-rodriguez-son-os-premios-deporte-tudense-2025\/","title":{"rendered":"Carlota Gonz\u00e1lez, Tania Fern\u00e1ndez, Eduardo Sousa, Iv\u00e1n Alonso, Manu Garrido, e Roi Rodr\u00edguez son os Premios Deporte Tudense 2025"},"content":{"rendered":"\n<h2 class=\"wp-block-heading\">Na gala celebrada onte \u00e1 noite no Teatro Municipal p\u00faxose en valor o \u201cinvisible\u201d que sost\u00e9n o deporte tudense destacando a s\u00faa importancia e rendendo unha homenaxe<\/h2>\n\n\n\n<p><strong>Tui. S\u00e1bado, 29 de novembro de 2025.<\/strong><\/p>\n\n\n\n<p>Un teatro municipal repleto aplaudiu onte \u00e1 noite os \u00e9xitos do deporte tudense na XII Gala do Deporte Tudense celebrada co lema \u201cO invisible tam\u00e9n conta\u201d.<\/p>\n\n\n\n<p>O Concello de Tui quixo as\u00ed render homenaxe e p\u00f3r en valor todo e a todos os que soste\u00f1en o deporte tudense demostrando que \u201co cami\u00f1o compartido \u00e9 a base\u201d. A escenograf\u00eda, con alpacas, espellos e luces, evocaba o terreo onde nace o deporte, o reflexo de todas as persoas que aportan de seu, e as festas populares nas que deporte est\u00e1 tam\u00e9n presente.<\/p>\n\n\n\n<p>As\u00ed o explicaron o alcalde de Tui, Enrique Cabaleiro, e o concelleiro de Deportes, Rafael Est\u00e9vez nas s\u00faas intervenci\u00f3ns. O rexedor tudense sinalou o excepcional de que un concello coma Tui, de 17 mil habitantes, te\u00f1a o nivel deportivo que acada con este ano case 50 internacionais. Indicou que \u201co deporte \u00e9 unha gran ensinanza de valores, e dentro deses valores eu creo que o traballar de forma compartida \u00e9 fundamental, e \u00e9 fundamental xerar consensos para poder avanzar\u201d. Mentres Rafael Est\u00e9vez afirmou que \u201cnas cousas pequenas est\u00e1 a forza m\u00e1is grande\u201d amosando o seu convencemento en que \u201cse non traballamos xuntos, nunca chegaremos lonxe\u201d. Desexou que a gala \u201csexa unha festa, pero tam\u00e9n un recordo de que o invisible conta , e conta moito\u201d.<\/p>\n\n\n\n<p>Os premios Deporte Tudense na categor\u00eda absoluta foron para Carlota Gonz\u00e1lez do Remo do Mi\u00f1o, e Tania Fern\u00e1ndez do Kaiak Tudense. Carlota Gonz\u00e1lez \u00e9 campioa de Espa\u00f1a en 4-, 8+ e por selecci\u00f3ns auton\u00f3micas, e ter participado nos Campionatos de Europa e nos Xogos Mundiais Universitarios. E Tania Fern\u00e1ndez \u00e9 campioa do Mundo en K2 xunto a Tania Garc\u00eda. Premio compartido tam\u00e9n na categor\u00eda masculina, nesta ocasi\u00f3n por catro deportistas, os padexeiros Iv\u00e1n Alonso, Manu Garrido e Roi Rodr\u00edguez, e polo futbolista Eduardo Sousa. Iv\u00e1n Alonso do Pirag\u00fcismo As Torres pecha a temporada coma oitavo do Mundo de Marat\u00f3n de Pirag\u00fcismo. Manuel Garrido, do Kaiak Tudense, \u00e9 subcampi\u00f3n do Mundo en c2 con Jaime Duro, e Roi Rodr\u00edguez, tam\u00e9n do Kaiak Tudenses, foi campi\u00f3n de Espa\u00f1a en K1 1000 m e en k2 200 m. Eduardo Sousa, gardameta e capit\u00e1n do Pontevedra, recibiu o premio polo ascenso a 1\u00aa RFEF e polos 324 partidos que leva co equipo. Os catro subiron a recoller o galard\u00f3n acompa\u00f1ados dos seus fillos e fillas visibilizando as\u00ed \u00e1 familia.<\/p>\n\n\n\n<p>Logo de lograr o ascenso a Preferente a piques de cumprir os 100 anos o Tyde FC recibiu o premio Club ou Entidade Deportiva. Premio compartido na categor\u00eda de adestrador para Manuel L\u00f3pez Ram\u00edrez que este ver\u00e1n foi preparador f\u00edsico da Selecci\u00f3n de baloncesto de Chipre e para Diego Garc\u00eda Font\u00e1n preparador f\u00edsico no Sabah FK da liga de Azerbaix\u00e1n.<\/p>\n\n\n\n<p>Na gala viviuse un momento moi emotivo na entrega do reco\u00f1ecemento a toda unha carreira que recaeu no padexeiro Iv\u00e1n Alonso que deixa a competici\u00f3n profesional. O p\u00fablico en p\u00e9 premiou cun longo aplauso os \u00e9xitos deportivos de m\u00e1is de d\u00faas d\u00e9cadas no pirag\u00fcismo.<\/p>\n\n\n\n<p>Jos\u00e9 Besada Romero do Club Kaiak Tudense recibiu o premio en deporte adaptado.<\/p>\n\n\n\n<p>Na categor\u00eda promesa foron premiados os xogadores Miguel Gonz\u00e1lez Moyano do Club Baloncesto Tui, e Roque Est\u00e9vez do Club Balonm\u00e1n Tui, xunto a Vera \u00c1lvarez e Xiana Fern\u00e1ndez do Club Remo do Mi\u00f1o e Candela Alonso, Xulia Paramos, Zaira Pazos e Sabela Soutelo do Club Kaiak Tudense. Os Premios Deporte Tudense veterano foron concedidos \u00e1 Susana Font\u00e1n Verde, de tiro ol\u00edmpico, e \u00e1 Iv\u00e1n Pereira Iglesias, triatleta.<\/p>\n\n\n\n<p>A Quinta de Tui F.S. recibiu o Premio Club na promoci\u00f3n do deporte base.<\/p>\n\n\n\n<p>A Eurocidade Tui-Valen\u00e7a viu reco\u00f1ecido o seu traballo a prol do deporte co galard\u00f3n Outras Entidades. O Catering R\u00edo Tinto recibiu o premio Firma Comercial polo seu apoio ao deporte local.<\/p>\n\n\n\n<p>No acto reco\u00f1eceuse o papel que no deporte tudense xogaron Alsina Mart\u00ednez que foi presidenta do Guillarei, e Fernando Font\u00e1n que xogou ao f\u00fatbol en numerosos equipos. Tam\u00e9n reco\u00f1ecemento especial para Eduardo M\u00e9ndez Sanjurjo que v\u00e9n de lograr o m\u00e1ximo reco\u00f1ecemento de kung fu a nivel europeo: o grao de Cinturon Vermello &#8211; Negro 9\u00ba nivel; e Julio Conde Romero, que recibiu o cintur\u00f3n Negro-Vermello 8\u00ba Nivel.<\/p>\n\n\n\n<p>Houbo tam\u00e9n momento para lembrar \u00e1s persoas falecidas ao longo do \u00faltimo ano que deixaron a s\u00faa pegada no deporte local: Coral V\u00e1zquez Guerra, Xos\u00e9 Mart\u00ednez Tato, Santos P\u00e9rez Pereira, Manuel P\u00e9rez Ant\u00f3n, Manuel \u00c1lvarez Rocha, Daniel Est\u00e9vez Pi\u00f1o, e Ra\u00fal Lago Carvalho.<\/p>\n\n\n\n<p>Ao longo deste ano foron 43 os e as deportistas tudenses que participaron en competici\u00f3ns internacionais levando o nome de Tui m\u00e1is al\u00f3 das nosas fronteiras en remo, pirag\u00fcismo, baloncesto, f\u00fatbol, motocross, judo, triatl\u00f3n, tiro ol\u00edmpico e patinaxe. Na Gala recibiron tam\u00e9n o seu reco\u00f1ecemento.<\/p>\n\n\n\n<p>A Gala foi presentada pola xornalista Andrea Carrera e contou coa actuaci\u00f3n musical do grupo Mel.<\/p>\n","protected":false},"excerpt":{"rendered":"<div class=\"mh-excerpt\"><p>Na gala celebrada onte \u00e1 noite no Teatro Municipal p\u00faxose en valor o \u201cinvisible\u201d que sost\u00e9n o deporte tudense destacando a s\u00faa importancia e rendendo unha homenaxe <a class=\"mh-excerpt-more\" href=\"https:\/\/www.anovapeneira.gal\/index.php\/2025\/12\/08\/carlota-gonzalez-tania-fernandez-eduardo-sousa-ivan-alonso-manu-garrido-e-roi-rodriguez-son-os-premios-deporte-tudense-2025\/\" title=\"Carlota Gonz\u00e1lez, Tania Fern\u00e1ndez, Eduardo Sousa, Iv\u00e1n Alonso, Manu Garrido, e Roi Rodr\u00edguez son os Premios Deporte Tudense 2025\">[&#8230;]<\/a><\/p>\n<\/div>","protected":false},"author":3,"featured_media":15040,"comment_status":"open","ping_status":"open","sticky":false,"template":"","format":"standard","meta":{"_exactmetrics_skip_tracking":false,"_exactmetrics_sitenote_active":false,"_exactmetrics_sitenote_note":"","_exactmetrics_sitenote_category":0,"footnotes":""},"categories":[21],"tags":[426],"class_list":{"0":"post-15038","1":"post","2":"type-post","3":"status-publish","4":"format-standard","5":"has-post-thumbnail","7":"category-baixo-mino","8":"tag-concello-de-tui"},"yoast_head":"<!-- This site is optimized with the Yoast SEO plugin v27.4 - https:\/\/yoast.com\/product\/yoast-seo-wordpress\/ -->\n<title>Carlota Gonz\u00e1lez, Tania Fern\u00e1ndez, Eduardo Sousa, Iv\u00e1n Alonso, Manu Garrido, e Roi Rodr\u00edguez son os Premios Deporte Tudense 2025 -<\/title>\n<meta name=\"robots\" content=\"index, follow, max-snippet:-1, max-image-preview:large, max-video-preview:-1\" \/>\n<link rel=\"canonical\" href=\"https:\/\/www.anovapeneira.gal\/index.php\/2025\/12\/08\/carlota-gonzalez-tania-fernandez-eduardo-sousa-ivan-alonso-manu-garrido-e-roi-rodriguez-son-os-premios-deporte-tudense-2025\/\" \/>\n<meta property=\"og:locale\" content=\"gl_ES\" \/>\n<meta property=\"og:type\" content=\"article\" \/>\n<meta property=\"og:title\" content=\"Carlota Gonz\u00e1lez, Tania Fern\u00e1ndez, Eduardo Sousa, Iv\u00e1n Alonso, Manu Garrido, e Roi Rodr\u00edguez son os Premios Deporte Tudense 2025 -\" \/>\n<meta property=\"og:description\" content=\"Na gala celebrada onte \u00e1 noite no Teatro Municipal p\u00faxose en valor o \u201cinvisible\u201d que sost\u00e9n o deporte tudense destacando a s\u00faa importancia e rendendo unha homenaxe [...]\" \/>\n<meta property=\"og:url\" content=\"https:\/\/www.anovapeneira.gal\/index.php\/2025\/12\/08\/carlota-gonzalez-tania-fernandez-eduardo-sousa-ivan-alonso-manu-garrido-e-roi-rodriguez-son-os-premios-deporte-tudense-2025\/\" \/>\n<meta property=\"article:publisher\" content=\"https:\/\/www.facebook.com\/anovapeneira\" \/>\n<meta property=\"article:published_time\" content=\"2025-12-08T09:00:07+00:00\" \/>\n<meta property=\"article:modified_time\" content=\"2025-12-09T09:19:10+00:00\" \/>\n<meta property=\"og:image\" content=\"https:\/\/www.anovapeneira.gal\/wp-content\/uploads\/2025\/12\/Premio_Deporte.png\" \/>\n\t<meta property=\"og:image:width\" content=\"720\" \/>\n\t<meta property=\"og:image:height\" content=\"432\" \/>\n\t<meta property=\"og:image:type\" content=\"image\/png\" \/>\n<meta name=\"author\" content=\"Redacci\u00f3n A Nova Peneira\" \/>\n<meta name=\"twitter:card\" content=\"summary_large_image\" \/>\n<meta name=\"twitter:creator\" content=\"@APeneira\" \/>\n<meta name=\"twitter:site\" content=\"@APeneira\" \/>\n<meta name=\"twitter:label1\" content=\"Escrito por\" \/>\n\t<meta name=\"twitter:data1\" content=\"Redacci\u00f3n A Nova Peneira\" \/>\n\t<meta name=\"twitter:label2\" content=\"Tempo de lectura\" \/>\n\t<meta name=\"twitter:data2\" content=\"5 minutos\" \/>\n<script type=\"application\/ld+json\" class=\"yoast-schema-graph\">{\"@context\":\"https:\\\/\\\/schema.org\",\"@graph\":[{\"@type\":\"Article\",\"@id\":\"https:\\\/\\\/www.anovapeneira.gal\\\/index.php\\\/2025\\\/12\\\/08\\\/carlota-gonzalez-tania-fernandez-eduardo-sousa-ivan-alonso-manu-garrido-e-roi-rodriguez-son-os-premios-deporte-tudense-2025\\\/#article\",\"isPartOf\":{\"@id\":\"https:\\\/\\\/www.anovapeneira.gal\\\/index.php\\\/2025\\\/12\\\/08\\\/carlota-gonzalez-tania-fernandez-eduardo-sousa-ivan-alonso-manu-garrido-e-roi-rodriguez-son-os-premios-deporte-tudense-2025\\\/\"},\"author\":{\"name\":\"Redacci\u00f3n A Nova Peneira\",\"@id\":\"https:\\\/\\\/www.anovapeneira.gal\\\/#\\\/schema\\\/person\\\/b93e3f8932e3f8da96334607eb6ac6aa\"},\"headline\":\"Carlota Gonz\u00e1lez, Tania Fern\u00e1ndez, Eduardo Sousa, Iv\u00e1n Alonso, Manu Garrido, e Roi Rodr\u00edguez son os Premios Deporte Tudense 2025\",\"datePublished\":\"2025-12-08T09:00:07+00:00\",\"dateModified\":\"2025-12-09T09:19:10+00:00\",\"mainEntityOfPage\":{\"@id\":\"https:\\\/\\\/www.anovapeneira.gal\\\/index.php\\\/2025\\\/12\\\/08\\\/carlota-gonzalez-tania-fernandez-eduardo-sousa-ivan-alonso-manu-garrido-e-roi-rodriguez-son-os-premios-deporte-tudense-2025\\\/\"},\"wordCount\":927,\"commentCount\":0,\"publisher\":{\"@id\":\"https:\\\/\\\/www.anovapeneira.gal\\\/#organization\"},\"image\":{\"@id\":\"https:\\\/\\\/www.anovapeneira.gal\\\/index.php\\\/2025\\\/12\\\/08\\\/carlota-gonzalez-tania-fernandez-eduardo-sousa-ivan-alonso-manu-garrido-e-roi-rodriguez-son-os-premios-deporte-tudense-2025\\\/#primaryimage\"},\"thumbnailUrl\":\"https:\\\/\\\/www.anovapeneira.gal\\\/wp-content\\\/uploads\\\/2025\\\/12\\\/Premio_Deporte.png\",\"keywords\":[\"Concello de Tui\"],\"articleSection\":[\"Baixo Mi\u00f1o\"],\"inLanguage\":\"gl-ES\",\"potentialAction\":[{\"@type\":\"CommentAction\",\"name\":\"Comment\",\"target\":[\"https:\\\/\\\/www.anovapeneira.gal\\\/index.php\\\/2025\\\/12\\\/08\\\/carlota-gonzalez-tania-fernandez-eduardo-sousa-ivan-alonso-manu-garrido-e-roi-rodriguez-son-os-premios-deporte-tudense-2025\\\/#respond\"]}]},{\"@type\":\"WebPage\",\"@id\":\"https:\\\/\\\/www.anovapeneira.gal\\\/index.php\\\/2025\\\/12\\\/08\\\/carlota-gonzalez-tania-fernandez-eduardo-sousa-ivan-alonso-manu-garrido-e-roi-rodriguez-son-os-premios-deporte-tudense-2025\\\/\",\"url\":\"https:\\\/\\\/www.anovapeneira.gal\\\/index.php\\\/2025\\\/12\\\/08\\\/carlota-gonzalez-tania-fernandez-eduardo-sousa-ivan-alonso-manu-garrido-e-roi-rodriguez-son-os-premios-deporte-tudense-2025\\\/\",\"name\":\"Carlota Gonz\u00e1lez, Tania Fern\u00e1ndez, Eduardo Sousa, Iv\u00e1n Alonso, Manu Garrido, e Roi Rodr\u00edguez son os Premios Deporte Tudense 2025 -\",\"isPartOf\":{\"@id\":\"https:\\\/\\\/www.anovapeneira.gal\\\/#website\"},\"primaryImageOfPage\":{\"@id\":\"https:\\\/\\\/www.anovapeneira.gal\\\/index.php\\\/2025\\\/12\\\/08\\\/carlota-gonzalez-tania-fernandez-eduardo-sousa-ivan-alonso-manu-garrido-e-roi-rodriguez-son-os-premios-deporte-tudense-2025\\\/#primaryimage\"},\"image\":{\"@id\":\"https:\\\/\\\/www.anovapeneira.gal\\\/index.php\\\/2025\\\/12\\\/08\\\/carlota-gonzalez-tania-fernandez-eduardo-sousa-ivan-alonso-manu-garrido-e-roi-rodriguez-son-os-premios-deporte-tudense-2025\\\/#primaryimage\"},\"thumbnailUrl\":\"https:\\\/\\\/www.anovapeneira.gal\\\/wp-content\\\/uploads\\\/2025\\\/12\\\/Premio_Deporte.png\",\"datePublished\":\"2025-12-08T09:00:07+00:00\",\"dateModified\":\"2025-12-09T09:19:10+00:00\",\"breadcrumb\":{\"@id\":\"https:\\\/\\\/www.anovapeneira.gal\\\/index.php\\\/2025\\\/12\\\/08\\\/carlota-gonzalez-tania-fernandez-eduardo-sousa-ivan-alonso-manu-garrido-e-roi-rodriguez-son-os-premios-deporte-tudense-2025\\\/#breadcrumb\"},\"inLanguage\":\"gl-ES\",\"potentialAction\":[{\"@type\":\"ReadAction\",\"target\":[\"https:\\\/\\\/www.anovapeneira.gal\\\/index.php\\\/2025\\\/12\\\/08\\\/carlota-gonzalez-tania-fernandez-eduardo-sousa-ivan-alonso-manu-garrido-e-roi-rodriguez-son-os-premios-deporte-tudense-2025\\\/\"]}]},{\"@type\":\"ImageObject\",\"inLanguage\":\"gl-ES\",\"@id\":\"https:\\\/\\\/www.anovapeneira.gal\\\/index.php\\\/2025\\\/12\\\/08\\\/carlota-gonzalez-tania-fernandez-eduardo-sousa-ivan-alonso-manu-garrido-e-roi-rodriguez-son-os-premios-deporte-tudense-2025\\\/#primaryimage\",\"url\":\"https:\\\/\\\/www.anovapeneira.gal\\\/wp-content\\\/uploads\\\/2025\\\/12\\\/Premio_Deporte.png\",\"contentUrl\":\"https:\\\/\\\/www.anovapeneira.gal\\\/wp-content\\\/uploads\\\/2025\\\/12\\\/Premio_Deporte.png\",\"width\":720,\"height\":432},{\"@type\":\"BreadcrumbList\",\"@id\":\"https:\\\/\\\/www.anovapeneira.gal\\\/index.php\\\/2025\\\/12\\\/08\\\/carlota-gonzalez-tania-fernandez-eduardo-sousa-ivan-alonso-manu-garrido-e-roi-rodriguez-son-os-premios-deporte-tudense-2025\\\/#breadcrumb\",\"itemListElement\":[{\"@type\":\"ListItem\",\"position\":1,\"name\":\"Portada\",\"item\":\"https:\\\/\\\/www.anovapeneira.gal\\\/\"},{\"@type\":\"ListItem\",\"position\":2,\"name\":\"Carlota Gonz\u00e1lez, Tania Fern\u00e1ndez, Eduardo Sousa, Iv\u00e1n Alonso, Manu Garrido, e Roi Rodr\u00edguez son os Premios Deporte Tudense 2025\"}]},{\"@type\":\"WebSite\",\"@id\":\"https:\\\/\\\/www.anovapeneira.gal\\\/#website\",\"url\":\"https:\\\/\\\/www.anovapeneira.gal\\\/\",\"name\":\"\",\"description\":\"Xornal galego de informaci\u00f3n xeral Publicaci\u00f3n mensual de novas de Galicia e en especial dos Concellos da sur da provincia de Pontevedra.\",\"publisher\":{\"@id\":\"https:\\\/\\\/www.anovapeneira.gal\\\/#organization\"},\"potentialAction\":[{\"@type\":\"SearchAction\",\"target\":{\"@type\":\"EntryPoint\",\"urlTemplate\":\"https:\\\/\\\/www.anovapeneira.gal\\\/?s={search_term_string}\"},\"query-input\":{\"@type\":\"PropertyValueSpecification\",\"valueRequired\":true,\"valueName\":\"search_term_string\"}}],\"inLanguage\":\"gl-ES\"},{\"@type\":\"Organization\",\"@id\":\"https:\\\/\\\/www.anovapeneira.gal\\\/#organization\",\"name\":\"A Nova Peneira\",\"url\":\"https:\\\/\\\/www.anovapeneira.gal\\\/\",\"logo\":{\"@type\":\"ImageObject\",\"inLanguage\":\"gl-ES\",\"@id\":\"https:\\\/\\\/www.anovapeneira.gal\\\/#\\\/schema\\\/logo\\\/image\\\/\",\"url\":\"http:\\\/\\\/www.anovapeneira.gal\\\/wp-content\\\/uploads\\\/2019\\\/06\\\/logo_a_nova_peneira_portal_web.png\",\"contentUrl\":\"http:\\\/\\\/www.anovapeneira.gal\\\/wp-content\\\/uploads\\\/2019\\\/06\\\/logo_a_nova_peneira_portal_web.png\",\"width\":300,\"height\":100,\"caption\":\"A Nova Peneira\"},\"image\":{\"@id\":\"https:\\\/\\\/www.anovapeneira.gal\\\/#\\\/schema\\\/logo\\\/image\\\/\"},\"sameAs\":[\"https:\\\/\\\/www.facebook.com\\\/anovapeneira\",\"https:\\\/\\\/x.com\\\/APeneira\"]},{\"@type\":\"Person\",\"@id\":\"https:\\\/\\\/www.anovapeneira.gal\\\/#\\\/schema\\\/person\\\/b93e3f8932e3f8da96334607eb6ac6aa\",\"name\":\"Redacci\u00f3n A Nova Peneira\",\"image\":{\"@type\":\"ImageObject\",\"inLanguage\":\"gl-ES\",\"@id\":\"https:\\\/\\\/secure.gravatar.com\\\/avatar\\\/c052a2551a06e23fac63626232eaa90abd78dbcf1700fc46a2b2c89fd27b735f?s=96&d=mm&r=g\",\"url\":\"https:\\\/\\\/secure.gravatar.com\\\/avatar\\\/c052a2551a06e23fac63626232eaa90abd78dbcf1700fc46a2b2c89fd27b735f?s=96&d=mm&r=g\",\"contentUrl\":\"https:\\\/\\\/secure.gravatar.com\\\/avatar\\\/c052a2551a06e23fac63626232eaa90abd78dbcf1700fc46a2b2c89fd27b735f?s=96&d=mm&r=g\",\"caption\":\"Redacci\u00f3n A Nova Peneira\"},\"sameAs\":[\"http:\\\/\\\/www.anovapeneira.gal\\\/\"],\"url\":\"https:\\\/\\\/www.anovapeneira.gal\\\/index.php\\\/author\\\/redactor\\\/\"}]}<\/script>\n<!-- \/ Yoast SEO plugin. -->","yoast_head_json":{"title":"Carlota Gonz\u00e1lez, Tania Fern\u00e1ndez, Eduardo Sousa, Iv\u00e1n Alonso, Manu Garrido, e Roi Rodr\u00edguez son os Premios Deporte Tudense 2025 -","robots":{"index":"index","follow":"follow","max-snippet":"max-snippet:-1","max-image-preview":"max-image-preview:large","max-video-preview":"max-video-preview:-1"},"canonical":"https:\/\/www.anovapeneira.gal\/index.php\/2025\/12\/08\/carlota-gonzalez-tania-fernandez-eduardo-sousa-ivan-alonso-manu-garrido-e-roi-rodriguez-son-os-premios-deporte-tudense-2025\/","og_locale":"gl_ES","og_type":"article","og_title":"Carlota Gonz\u00e1lez, Tania Fern\u00e1ndez, Eduardo Sousa, Iv\u00e1n Alonso, Manu Garrido, e Roi Rodr\u00edguez son os Premios Deporte Tudense 2025 -","og_description":"Na gala celebrada onte \u00e1 noite no Teatro Municipal p\u00faxose en valor o \u201cinvisible\u201d que sost\u00e9n o deporte tudense destacando a s\u00faa importancia e rendendo unha homenaxe [...]","og_url":"https:\/\/www.anovapeneira.gal\/index.php\/2025\/12\/08\/carlota-gonzalez-tania-fernandez-eduardo-sousa-ivan-alonso-manu-garrido-e-roi-rodriguez-son-os-premios-deporte-tudense-2025\/","article_publisher":"https:\/\/www.facebook.com\/anovapeneira","article_published_time":"2025-12-08T09:00:07+00:00","article_modified_time":"2025-12-09T09:19:10+00:00","og_image":[{"width":720,"height":432,"url":"https:\/\/www.anovapeneira.gal\/wp-content\/uploads\/2025\/12\/Premio_Deporte.png","type":"image\/png"}],"author":"Redacci\u00f3n A Nova Peneira","twitter_card":"summary_large_image","twitter_creator":"@APeneira","twitter_site":"@APeneira","twitter_misc":{"Escrito por":"Redacci\u00f3n A Nova Peneira","Tempo de lectura":"5 minutos"},"schema":{"@context":"https:\/\/schema.org","@graph":[{"@type":"Article","@id":"https:\/\/www.anovapeneira.gal\/index.php\/2025\/12\/08\/carlota-gonzalez-tania-fernandez-eduardo-sousa-ivan-alonso-manu-garrido-e-roi-rodriguez-son-os-premios-deporte-tudense-2025\/#article","isPartOf":{"@id":"https:\/\/www.anovapeneira.gal\/index.php\/2025\/12\/08\/carlota-gonzalez-tania-fernandez-eduardo-sousa-ivan-alonso-manu-garrido-e-roi-rodriguez-son-os-premios-deporte-tudense-2025\/"},"author":{"name":"Redacci\u00f3n A Nova Peneira","@id":"https:\/\/www.anovapeneira.gal\/#\/schema\/person\/b93e3f8932e3f8da96334607eb6ac6aa"},"headline":"Carlota Gonz\u00e1lez, Tania Fern\u00e1ndez, Eduardo Sousa, Iv\u00e1n Alonso, Manu Garrido, e Roi Rodr\u00edguez son os Premios Deporte Tudense 2025","datePublished":"2025-12-08T09:00:07+00:00","dateModified":"2025-12-09T09:19:10+00:00","mainEntityOfPage":{"@id":"https:\/\/www.anovapeneira.gal\/index.php\/2025\/12\/08\/carlota-gonzalez-tania-fernandez-eduardo-sousa-ivan-alonso-manu-garrido-e-roi-rodriguez-son-os-premios-deporte-tudense-2025\/"},"wordCount":927,"commentCount":0,"publisher":{"@id":"https:\/\/www.anovapeneira.gal\/#organization"},"image":{"@id":"https:\/\/www.anovapeneira.gal\/index.php\/2025\/12\/08\/carlota-gonzalez-tania-fernandez-eduardo-sousa-ivan-alonso-manu-garrido-e-roi-rodriguez-son-os-premios-deporte-tudense-2025\/#primaryimage"},"thumbnailUrl":"https:\/\/www.anovapeneira.gal\/wp-content\/uploads\/2025\/12\/Premio_Deporte.png","keywords":["Concello de Tui"],"articleSection":["Baixo Mi\u00f1o"],"inLanguage":"gl-ES","potentialAction":[{"@type":"CommentAction","name":"Comment","target":["https:\/\/www.anovapeneira.gal\/index.php\/2025\/12\/08\/carlota-gonzalez-tania-fernandez-eduardo-sousa-ivan-alonso-manu-garrido-e-roi-rodriguez-son-os-premios-deporte-tudense-2025\/#respond"]}]},{"@type":"WebPage","@id":"https:\/\/www.anovapeneira.gal\/index.php\/2025\/12\/08\/carlota-gonzalez-tania-fernandez-eduardo-sousa-ivan-alonso-manu-garrido-e-roi-rodriguez-son-os-premios-deporte-tudense-2025\/","url":"https:\/\/www.anovapeneira.gal\/index.php\/2025\/12\/08\/carlota-gonzalez-tania-fernandez-eduardo-sousa-ivan-alonso-manu-garrido-e-roi-rodriguez-son-os-premios-deporte-tudense-2025\/","name":"Carlota Gonz\u00e1lez, Tania Fern\u00e1ndez, Eduardo Sousa, Iv\u00e1n Alonso, Manu Garrido, e Roi Rodr\u00edguez son os Premios Deporte Tudense 2025 -","isPartOf":{"@id":"https:\/\/www.anovapeneira.gal\/#website"},"primaryImageOfPage":{"@id":"https:\/\/www.anovapeneira.gal\/index.php\/2025\/12\/08\/carlota-gonzalez-tania-fernandez-eduardo-sousa-ivan-alonso-manu-garrido-e-roi-rodriguez-son-os-premios-deporte-tudense-2025\/#primaryimage"},"image":{"@id":"https:\/\/www.anovapeneira.gal\/index.php\/2025\/12\/08\/carlota-gonzalez-tania-fernandez-eduardo-sousa-ivan-alonso-manu-garrido-e-roi-rodriguez-son-os-premios-deporte-tudense-2025\/#primaryimage"},"thumbnailUrl":"https:\/\/www.anovapeneira.gal\/wp-content\/uploads\/2025\/12\/Premio_Deporte.png","datePublished":"2025-12-08T09:00:07+00:00","dateModified":"2025-12-09T09:19:10+00:00","breadcrumb":{"@id":"https:\/\/www.anovapeneira.gal\/index.php\/2025\/12\/08\/carlota-gonzalez-tania-fernandez-eduardo-sousa-ivan-alonso-manu-garrido-e-roi-rodriguez-son-os-premios-deporte-tudense-2025\/#breadcrumb"},"inLanguage":"gl-ES","potentialAction":[{"@type":"ReadAction","target":["https:\/\/www.anovapeneira.gal\/index.php\/2025\/12\/08\/carlota-gonzalez-tania-fernandez-eduardo-sousa-ivan-alonso-manu-garrido-e-roi-rodriguez-son-os-premios-deporte-tudense-2025\/"]}]},{"@type":"ImageObject","inLanguage":"gl-ES","@id":"https:\/\/www.anovapeneira.gal\/index.php\/2025\/12\/08\/carlota-gonzalez-tania-fernandez-eduardo-sousa-ivan-alonso-manu-garrido-e-roi-rodriguez-son-os-premios-deporte-tudense-2025\/#primaryimage","url":"https:\/\/www.anovapeneira.gal\/wp-content\/uploads\/2025\/12\/Premio_Deporte.png","contentUrl":"https:\/\/www.anovapeneira.gal\/wp-content\/uploads\/2025\/12\/Premio_Deporte.png","width":720,"height":432},{"@type":"BreadcrumbList","@id":"https:\/\/www.anovapeneira.gal\/index.php\/2025\/12\/08\/carlota-gonzalez-tania-fernandez-eduardo-sousa-ivan-alonso-manu-garrido-e-roi-rodriguez-son-os-premios-deporte-tudense-2025\/#breadcrumb","itemListElement":[{"@type":"ListItem","position":1,"name":"Portada","item":"https:\/\/www.anovapeneira.gal\/"},{"@type":"ListItem","position":2,"name":"Carlota Gonz\u00e1lez, Tania Fern\u00e1ndez, Eduardo Sousa, Iv\u00e1n Alonso, Manu Garrido, e Roi Rodr\u00edguez son os Premios Deporte Tudense 2025"}]},{"@type":"WebSite","@id":"https:\/\/www.anovapeneira.gal\/#website","url":"https:\/\/www.anovapeneira.gal\/","name":"","description":"Xornal galego de informaci\u00f3n xeral Publicaci\u00f3n mensual de novas de Galicia e en especial dos Concellos da sur da provincia de Pontevedra.","publisher":{"@id":"https:\/\/www.anovapeneira.gal\/#organization"},"potentialAction":[{"@type":"SearchAction","target":{"@type":"EntryPoint","urlTemplate":"https:\/\/www.anovapeneira.gal\/?s={search_term_string}"},"query-input":{"@type":"PropertyValueSpecification","valueRequired":true,"valueName":"search_term_string"}}],"inLanguage":"gl-ES"},{"@type":"Organization","@id":"https:\/\/www.anovapeneira.gal\/#organization","name":"A Nova Peneira","url":"https:\/\/www.anovapeneira.gal\/","logo":{"@type":"ImageObject","inLanguage":"gl-ES","@id":"https:\/\/www.anovapeneira.gal\/#\/schema\/logo\/image\/","url":"http:\/\/www.anovapeneira.gal\/wp-content\/uploads\/2019\/06\/logo_a_nova_peneira_portal_web.png","contentUrl":"http:\/\/www.anovapeneira.gal\/wp-content\/uploads\/2019\/06\/logo_a_nova_peneira_portal_web.png","width":300,"height":100,"caption":"A Nova Peneira"},"image":{"@id":"https:\/\/www.anovapeneira.gal\/#\/schema\/logo\/image\/"},"sameAs":["https:\/\/www.facebook.com\/anovapeneira","https:\/\/x.com\/APeneira"]},{"@type":"Person","@id":"https:\/\/www.anovapeneira.gal\/#\/schema\/person\/b93e3f8932e3f8da96334607eb6ac6aa","name":"Redacci\u00f3n A Nova Peneira","image":{"@type":"ImageObject","inLanguage":"gl-ES","@id":"https:\/\/secure.gravatar.com\/avatar\/c052a2551a06e23fac63626232eaa90abd78dbcf1700fc46a2b2c89fd27b735f?s=96&d=mm&r=g","url":"https:\/\/secure.gravatar.com\/avatar\/c052a2551a06e23fac63626232eaa90abd78dbcf1700fc46a2b2c89fd27b735f?s=96&d=mm&r=g","contentUrl":"https:\/\/secure.gravatar.com\/avatar\/c052a2551a06e23fac63626232eaa90abd78dbcf1700fc46a2b2c89fd27b735f?s=96&d=mm&r=g","caption":"Redacci\u00f3n A Nova Peneira"},"sameAs":["http:\/\/www.anovapeneira.gal\/"],"url":"https:\/\/www.anovapeneira.gal\/index.php\/author\/redactor\/"}]}},"jetpack_featured_media_url":"https:\/\/www.anovapeneira.gal\/wp-content\/uploads\/2025\/12\/Premio_Deporte.png","_links":{"self":[{"href":"https:\/\/www.anovapeneira.gal\/index.php\/wp-json\/wp\/v2\/posts\/15038","targetHints":{"allow":["GET"]}}],"collection":[{"href":"https:\/\/www.anovapeneira.gal\/index.php\/wp-json\/wp\/v2\/posts"}],"about":[{"href":"https:\/\/www.anovapeneira.gal\/index.php\/wp-json\/wp\/v2\/types\/post"}],"author":[{"embeddable":true,"href":"https:\/\/www.anovapeneira.gal\/index.php\/wp-json\/wp\/v2\/users\/3"}],"replies":[{"embeddable":true,"href":"https:\/\/www.anovapeneira.gal\/index.php\/wp-json\/wp\/v2\/comments?post=15038"}],"version-history":[{"count":1,"href":"https:\/\/www.anovapeneira.gal\/index.php\/wp-json\/wp\/v2\/posts\/15038\/revisions"}],"predecessor-version":[{"id":15039,"href":"https:\/\/www.anovapeneira.gal\/index.php\/wp-json\/wp\/v2\/posts\/15038\/revisions\/15039"}],"wp:featuredmedia":[{"embeddable":true,"href":"https:\/\/www.anovapeneira.gal\/index.php\/wp-json\/wp\/v2\/media\/15040"}],"wp:attachment":[{"href":"https:\/\/www.anovapeneira.gal\/index.php\/wp-json\/wp\/v2\/media?parent=15038"}],"wp:term":[{"taxonomy":"category","embeddable":true,"href":"https:\/\/www.anovapeneira.gal\/index.php\/wp-json\/wp\/v2\/categories?post=15038"},{"taxonomy":"post_tag","embeddable":true,"href":"https:\/\/www.anovapeneira.gal\/index.php\/wp-json\/wp\/v2\/tags?post=15038"}],"curies":[{"name":"wp","href":"https:\/\/api.w.org\/{rel}","templated":true}]}}