{"id":15041,"date":"2025-12-08T12:00:36","date_gmt":"2025-12-08T11:00:36","guid":{"rendered":"https:\/\/www.anovapeneira.gal\/?p=15041"},"modified":"2025-12-03T14:15:54","modified_gmt":"2025-12-03T13:15:54","slug":"o-tebra-f-c-sementa-a-paixon-polo-futbol-en-toda-a-parroquia","status":"publish","type":"post","link":"https:\/\/www.anovapeneira.gal\/index.php\/2025\/12\/08\/o-tebra-f-c-sementa-a-paixon-polo-futbol-en-toda-a-parroquia\/","title":{"rendered":"O Tebra F.C sementa a paix\u00f3n polo f\u00fatbol en toda a parroquia"},"content":{"rendered":"\n<p><strong>Hai pouco m\u00e1is dunha d\u00e9cada un grupo de veci\u00f1os de Tebra emprenderon a tit\u00e1nica tarefa de resucitar o f\u00fatbol na s\u00faa parroquia, pois o equipo de Tebra por mor de distintos problemas econ\u00f3micos acabara por desaparecer. A base de esforzo e dunha xesti\u00f3n responsable conseguiron crear un equipo novo en Tebra, que hoxe compite con dignidade en segunda categor\u00eda auton\u00f3mica e que ten moi serias posibilidades de ascenso \u00e1 categor\u00eda superior. A afecci\u00f3n do Tebra \u00e9 unha das m\u00e1is apaixonadas das que co\u00f1ezo, e co\u00f1ezo moitas, e todas as semanas, ben sexa no campo da Carballa ben sexa nos partidos que o equipo disputa f\u00f3ra da casa, acompa\u00f1a con ilusi\u00f3n aos seus xogadores. O seu presidente \u00e9 Jos\u00e9 Lorenzo, un home que ven de facer os 40 anos, enxe\u00f1eiro natural de Tebra e pai de dous nenos pequenos. N\u00f3s falamos con el. Vela\u00ed vai o que deu de si a nosa conversa.<\/strong><\/p>\n\n\n\n<pre class=\"wp-block-verse\"><strong>Jos\u00e9 Lorenzo presidente do Tebra F.C<\/strong><\/pre>\n\n\n\n<h2 class=\"wp-block-heading\">\u201c<strong>Estou enormemente agradecido polo v\u00ednculo tan importante que ten Tebra co seu equipo de f\u00fatbol\u201d<\/strong><\/h2>\n\n\n\n<p><strong>Queremos co\u00f1ecerte un pouco mellor?<\/strong><\/p>\n\n\n\n<blockquote class=\"wp-block-quote is-layout-flow wp-block-quote-is-layout-flow\">\n<p>Ben, son natural de Tebra, te\u00f1o 40 anos, son enxe\u00f1eiro e te\u00f1o dous nenos pequenos<\/p>\n<\/blockquote>\n\n\n\n<p><strong>Canto tempo levas na presidencia?<\/strong><\/p>\n\n\n\n<blockquote class=\"wp-block-quote is-layout-flow wp-block-quote-is-layout-flow\">\n<p>11 anos. Qu\u00e9dame un ano para rematar o meu terceiro mandato.<\/p>\n<\/blockquote>\n\n\n\n<p><strong>Est\u00e1s canso?, ou a\u00ednda tes folgos para seguir?<\/strong><\/p>\n\n\n\n<blockquote class=\"wp-block-quote is-layout-flow wp-block-quote-is-layout-flow\">\n<p>Ben. A verdade \u00e9 que me gusta moito o que fago. Pero o certo \u00e9 que levo moito tempo, que te\u00f1o que quitar da mi\u00f1a vida persoal. Seguramente seguirei, pero me gustar\u00eda que algu\u00e9n se fose animando a tomar o relevo.<\/p>\n<\/blockquote>\n\n\n\n<p><strong>O Tebra chegara a desaparecer e refix\u00e9stelos v\u00f3s, verdade?<\/strong><\/p>\n\n\n\n<blockquote class=\"wp-block-quote is-layout-flow wp-block-quote-is-layout-flow\">\n<p>Pois si. Os problemas econ\u00f3micos fix\u00e9rano desaparecer e levabamos como media ducia de anos sen equipo de f\u00fatbol na nosa parroquia.<\/p>\n<\/blockquote>\n\n\n\n<p><strong>Non hab\u00eda equipo, pero a afecci\u00f3n ao f\u00fatbol non se perdera?<\/strong><\/p>\n\n\n\n<blockquote class=\"wp-block-quote is-layout-flow wp-block-quote-is-layout-flow\">\n<p>Efectivamente. De feito foi montar o equipo e a repercusi\u00f3n que tivemos foi elevad\u00edsima. O primeiro ano chegamos a ter m\u00e1is de 400 socios.<\/p>\n<\/blockquote>\n\n\n\n<p><strong>Seguides xogando os vosos partidos no campo de Tebra?<\/strong><\/p>\n\n\n\n<blockquote class=\"wp-block-quote is-layout-flow wp-block-quote-is-layout-flow\">\n<p>Non, mud\u00e1monos e agora xogamos na Carballa en Tomi\u00f1o. O motivo \u00e9 porque o campo de Tebra estaba en moi mal estado e o seu mantemento supu\u00f1a un enorme esforzo moi dif\u00edcil de asumir para o noso equipo.<\/p>\n<\/blockquote>\n\n\n\n<p><strong>Malia que xa non xogades na parroquia a afecci\u00f3n so f\u00fatbol en Tebra segue a ser moi elevada?<\/strong><\/p>\n\n\n\n<blockquote class=\"wp-block-quote is-layout-flow wp-block-quote-is-layout-flow\">\n<p>Si, a verdade \u00e9 que si. N\u00f3s movemos un volume de xente moi elevada e eu estou enormemente agradecido pola vinculaci\u00f3n tan intensa e importante que ten a parroquia de Tebra co noso equipo. Incluso cando imos xogar f\u00f3ra podemos levar 50-60 persoas a arrouparnos e isto \u00e9 moi bonito e importante para os xogadores e para o club no seu conxunto.<\/p>\n<\/blockquote>\n\n\n\n<p><strong>Penso que sodes ademais de fieis, unha afecci\u00f3n moi apaixonada?<\/strong><\/p>\n\n\n\n<blockquote class=\"wp-block-quote is-layout-flow wp-block-quote-is-layout-flow\">\n<p>Ha, ha, ha, ha..Si. A afecci\u00f3n de Tebra \u00e9 unha afecci\u00f3n guerreira.<\/p>\n<\/blockquote>\n\n\n\n<p><strong>Cal \u00e9 o voso uniforme?<\/strong><\/p>\n\n\n\n<blockquote class=\"wp-block-quote is-layout-flow wp-block-quote-is-layout-flow\">\n<p>Azul mari\u00f1o cunha franxa branca no centro. \u00c9 distinto ao hist\u00f3rico do Tebra. N\u00f3s comezamos de 0 e decidimos facelo tam\u00e9n cun uniforme novo.<\/p>\n<\/blockquote>\n\n\n\n<p><strong>En que divisi\u00f3n estamos competindo agora?<\/strong><\/p>\n\n\n\n<blockquote class=\"wp-block-quote is-layout-flow wp-block-quote-is-layout-flow\">\n<p>Estamos en segunda auton\u00f3mica.<\/p>\n<\/blockquote>\n\n\n\n<p><strong>Cal \u00e9 o obxectivo deportivo para esta temporada?<\/strong><\/p>\n\n\n\n<blockquote class=\"wp-block-quote is-layout-flow wp-block-quote-is-layout-flow\">\n<p>O ano pasado chegamos a disputar a promoci\u00f3n de ascenso, promoci\u00f3n que perdemos co Bueu. Este ano queremos como m\u00ednimo repetir o da temporada anterior e xogar a promoci\u00f3n. Pero en absoluto desboto que poidamos aspirar ao ascenso directo. De feito antes de perder co Mosende estabamos no segundo posto, e os dous primeiros ascenden directamente. Os rapaces est\u00e1n moi motivados. Temos un moi bo equipo e te\u00f1o unha ilusi\u00f3n enorme en que poidamos culminar un gran ano.<\/p>\n<\/blockquote>\n\n\n\n<p><strong>Pola realidade econ\u00f3mica e demogr\u00e1fica que ten Tebra, cal cres que \u00e9 a categor\u00eda natural na que se debe de consolidar o equipo?<\/strong><\/p>\n\n\n\n<blockquote class=\"wp-block-quote is-layout-flow wp-block-quote-is-layout-flow\">\n<p>Eu creo que a 1\u00ba auton\u00f3mica. Debemos aspirar a subir e a consolidarnos nesa categor\u00eda. Por outra parte en primeira est\u00e1n moitos equipos da nosa comarca&#8230;e poder\u00edamos disputar uns marabillosos partidos de rivalidade que sempre atraen a moita m\u00e1is xente ao campo, e supo\u00f1en unha importante inxecci\u00f3n econ\u00f3mica coas taquillas que se fan eses d\u00edas.<\/p>\n<\/blockquote>\n\n\n\n<p><strong>S\u00f3 temos equipo s\u00e9nior, por que?<\/strong><\/p>\n\n\n\n<blockquote class=\"wp-block-quote is-layout-flow wp-block-quote-is-layout-flow\">\n<p>Si, s\u00f3 temos equipo s\u00e9nior porque no noso concello xa hai tres canteiras diferentes( Tomi\u00f1o, AD, e Goi\u00e1n) e resultar\u00eda practicamente imposible montar outra nova.<\/p>\n<\/blockquote>\n\n\n\n<p><strong>E montar un equipo de f\u00fatbol feminino?<\/strong><\/p>\n\n\n\n<blockquote class=\"wp-block-quote is-layout-flow wp-block-quote-is-layout-flow\">\n<p>\u00c9 que xa est\u00e1 o Tomi\u00f1o, que o est\u00e1 facendo marabillosamente ben. Se n\u00f3s mont\u00e1semos un o que fariamos ser\u00eda dividir e debilitar. Francamente non o vexo.<\/p>\n<\/blockquote>\n\n\n\n<p><strong>Como levades a cuesti\u00f3n econ\u00f3mica?<\/strong><\/p>\n\n\n\n<blockquote class=\"wp-block-quote is-layout-flow wp-block-quote-is-layout-flow\">\n<p>Eu creo que a levamos ben. Procuramos facer unha xesti\u00f3n responsable dos nosos recursos para non pasar apuros. Grazas aos nosos socios e aos noso patrocinadores, aproveito a entrevista para agradecerlles desde o m\u00e1is profundo de min a s\u00faa xenerosidade, vamos tirando no d\u00eda a d\u00eda.<\/p>\n<\/blockquote>\n\n\n\n<p><strong>Como se porta o concello con v\u00f3s?<\/strong><\/p>\n\n\n\n<blockquote class=\"wp-block-quote is-layout-flow wp-block-quote-is-layout-flow\">\n<p>O concello p\u00f3rtase ben con n\u00f3s. Temos unha relaci\u00f3n flu\u00edda e cordial con Rub\u00e9n, o concelleiro de deportes, e cando temos alg\u00fan problema ou necesidade eles te\u00f1en moi boa vontade para axudarnos a ama\u00f1ar. Estamos pendentes de que nos axuden coa cantina e agardo que o poidan facer o antes posible.<\/p>\n<\/blockquote>\n\n\n\n<p><strong>De onde son os xogadores?<\/strong><\/p>\n\n\n\n<blockquote class=\"wp-block-quote is-layout-flow wp-block-quote-is-layout-flow\">\n<p>Temos alg\u00fan de Gondomar e de Nigr\u00e1n, pero a maior\u00eda son de Tomi\u00f1o.<\/p>\n<\/blockquote>\n\n\n\n<p><strong>Cantos directivos sodes?<\/strong><\/p>\n\n\n\n<blockquote class=\"wp-block-quote is-layout-flow wp-block-quote-is-layout-flow\">\n<p>11.<\/p>\n<\/blockquote>\n\n\n\n<p><strong>Algunha muller?<\/strong><\/p>\n\n\n\n<blockquote class=\"wp-block-quote is-layout-flow wp-block-quote-is-layout-flow\">\n<p>Non, somo todos homes. Pero estariamos encantados de que se incorporase algunha muller.<\/p>\n<\/blockquote>\n\n\n\n<p><strong>O Tebra \u00e9 xa un proxecto consolidado ou pode haber risco de desaparici\u00f3n como xa lle pasou no pasado?<\/strong><\/p>\n\n\n\n<blockquote class=\"wp-block-quote is-layout-flow wp-block-quote-is-layout-flow\">\n<p>Imos ver: o Tebra desapareceu por problemas econ\u00f3micos. N\u00f3s, como che dixen antes, de momento non temos ese problema. Nunca se sabe o que pode pasar no futuro, pero penso que o noso equipo vai ter continuidade no tempo. O noso equipo ten unha media de idade moi baixa, a\u00ednda te\u00f1en moito tempo para poder seguir xogando,e a afecci\u00f3n na parroquia \u00e9 moi intensa. Agardo que non haxa problemas relevantes e que a nosa parroquia poida seguir tendo equipo de f\u00fatbol nas seguintes xeraci\u00f3ns<\/p>\n<\/blockquote>\n","protected":false},"excerpt":{"rendered":"<div class=\"mh-excerpt\"><p>Hai pouco m\u00e1is dunha d\u00e9cada un grupo de veci\u00f1os de Tebra emprenderon a tit\u00e1nica tarefa de resucitar o f\u00fatbol na s\u00faa parroquia, pois o equipo de Tebra por mor de distintos problemas econ\u00f3micos acabara por desaparecer <a class=\"mh-excerpt-more\" href=\"https:\/\/www.anovapeneira.gal\/index.php\/2025\/12\/08\/o-tebra-f-c-sementa-a-paixon-polo-futbol-en-toda-a-parroquia\/\" title=\"O Tebra F.C sementa a paix\u00f3n polo f\u00fatbol en toda a parroquia\">[&#8230;]<\/a><\/p>\n<\/div>","protected":false},"author":3,"featured_media":15042,"comment_status":"open","ping_status":"open","sticky":false,"template":"","format":"standard","meta":{"_exactmetrics_skip_tracking":false,"_exactmetrics_sitenote_active":false,"_exactmetrics_sitenote_note":"","_exactmetrics_sitenote_category":0,"footnotes":""},"categories":[21],"tags":[426],"class_list":{"0":"post-15041","1":"post","2":"type-post","3":"status-publish","4":"format-standard","5":"has-post-thumbnail","7":"category-baixo-mino","8":"tag-concello-de-tui"},"yoast_head":"<!-- This site is optimized with the Yoast SEO plugin v27.4 - https:\/\/yoast.com\/product\/yoast-seo-wordpress\/ -->\n<title>O Tebra F.C sementa a paix\u00f3n polo f\u00fatbol en toda a parroquia -<\/title>\n<meta name=\"robots\" content=\"index, follow, max-snippet:-1, max-image-preview:large, max-video-preview:-1\" \/>\n<link rel=\"canonical\" href=\"https:\/\/www.anovapeneira.gal\/index.php\/2025\/12\/08\/o-tebra-f-c-sementa-a-paixon-polo-futbol-en-toda-a-parroquia\/\" \/>\n<meta property=\"og:locale\" content=\"gl_ES\" \/>\n<meta property=\"og:type\" content=\"article\" \/>\n<meta property=\"og:title\" content=\"O Tebra F.C sementa a paix\u00f3n polo f\u00fatbol en toda a parroquia -\" \/>\n<meta property=\"og:description\" content=\"Hai pouco m\u00e1is dunha d\u00e9cada un grupo de veci\u00f1os de Tebra emprenderon a tit\u00e1nica tarefa de resucitar o f\u00fatbol na s\u00faa parroquia, pois o equipo de Tebra por mor de distintos problemas econ\u00f3micos acabara por desaparecer [...]\" \/>\n<meta property=\"og:url\" content=\"https:\/\/www.anovapeneira.gal\/index.php\/2025\/12\/08\/o-tebra-f-c-sementa-a-paixon-polo-futbol-en-toda-a-parroquia\/\" \/>\n<meta property=\"article:publisher\" content=\"https:\/\/www.facebook.com\/anovapeneira\" \/>\n<meta property=\"article:published_time\" content=\"2025-12-08T11:00:36+00:00\" \/>\n<meta property=\"og:image\" content=\"https:\/\/www.anovapeneira.gal\/wp-content\/uploads\/2025\/12\/tebra.jpg\" \/>\n\t<meta property=\"og:image:width\" content=\"720\" \/>\n\t<meta property=\"og:image:height\" content=\"432\" \/>\n\t<meta property=\"og:image:type\" content=\"image\/jpeg\" \/>\n<meta name=\"author\" content=\"Redacci\u00f3n A Nova Peneira\" \/>\n<meta name=\"twitter:card\" content=\"summary_large_image\" \/>\n<meta name=\"twitter:creator\" content=\"@APeneira\" \/>\n<meta name=\"twitter:site\" content=\"@APeneira\" \/>\n<meta name=\"twitter:label1\" content=\"Escrito por\" \/>\n\t<meta name=\"twitter:data1\" content=\"Redacci\u00f3n A Nova Peneira\" \/>\n\t<meta name=\"twitter:label2\" content=\"Tempo de lectura\" \/>\n\t<meta name=\"twitter:data2\" content=\"3 minutos\" \/>\n<script type=\"application\/ld+json\" class=\"yoast-schema-graph\">{\"@context\":\"https:\\\/\\\/schema.org\",\"@graph\":[{\"@type\":\"Article\",\"@id\":\"https:\\\/\\\/www.anovapeneira.gal\\\/index.php\\\/2025\\\/12\\\/08\\\/o-tebra-f-c-sementa-a-paixon-polo-futbol-en-toda-a-parroquia\\\/#article\",\"isPartOf\":{\"@id\":\"https:\\\/\\\/www.anovapeneira.gal\\\/index.php\\\/2025\\\/12\\\/08\\\/o-tebra-f-c-sementa-a-paixon-polo-futbol-en-toda-a-parroquia\\\/\"},\"author\":{\"name\":\"Redacci\u00f3n A Nova Peneira\",\"@id\":\"https:\\\/\\\/www.anovapeneira.gal\\\/#\\\/schema\\\/person\\\/b93e3f8932e3f8da96334607eb6ac6aa\"},\"headline\":\"O Tebra F.C sementa a paix\u00f3n polo f\u00fatbol en toda a parroquia\",\"datePublished\":\"2025-12-08T11:00:36+00:00\",\"mainEntityOfPage\":{\"@id\":\"https:\\\/\\\/www.anovapeneira.gal\\\/index.php\\\/2025\\\/12\\\/08\\\/o-tebra-f-c-sementa-a-paixon-polo-futbol-en-toda-a-parroquia\\\/\"},\"wordCount\":1097,\"commentCount\":0,\"publisher\":{\"@id\":\"https:\\\/\\\/www.anovapeneira.gal\\\/#organization\"},\"image\":{\"@id\":\"https:\\\/\\\/www.anovapeneira.gal\\\/index.php\\\/2025\\\/12\\\/08\\\/o-tebra-f-c-sementa-a-paixon-polo-futbol-en-toda-a-parroquia\\\/#primaryimage\"},\"thumbnailUrl\":\"https:\\\/\\\/www.anovapeneira.gal\\\/wp-content\\\/uploads\\\/2025\\\/12\\\/tebra.jpg\",\"keywords\":[\"Concello de Tui\"],\"articleSection\":[\"Baixo Mi\u00f1o\"],\"inLanguage\":\"gl-ES\",\"potentialAction\":[{\"@type\":\"CommentAction\",\"name\":\"Comment\",\"target\":[\"https:\\\/\\\/www.anovapeneira.gal\\\/index.php\\\/2025\\\/12\\\/08\\\/o-tebra-f-c-sementa-a-paixon-polo-futbol-en-toda-a-parroquia\\\/#respond\"]}]},{\"@type\":\"WebPage\",\"@id\":\"https:\\\/\\\/www.anovapeneira.gal\\\/index.php\\\/2025\\\/12\\\/08\\\/o-tebra-f-c-sementa-a-paixon-polo-futbol-en-toda-a-parroquia\\\/\",\"url\":\"https:\\\/\\\/www.anovapeneira.gal\\\/index.php\\\/2025\\\/12\\\/08\\\/o-tebra-f-c-sementa-a-paixon-polo-futbol-en-toda-a-parroquia\\\/\",\"name\":\"O Tebra F.C sementa a paix\u00f3n polo f\u00fatbol en toda a parroquia -\",\"isPartOf\":{\"@id\":\"https:\\\/\\\/www.anovapeneira.gal\\\/#website\"},\"primaryImageOfPage\":{\"@id\":\"https:\\\/\\\/www.anovapeneira.gal\\\/index.php\\\/2025\\\/12\\\/08\\\/o-tebra-f-c-sementa-a-paixon-polo-futbol-en-toda-a-parroquia\\\/#primaryimage\"},\"image\":{\"@id\":\"https:\\\/\\\/www.anovapeneira.gal\\\/index.php\\\/2025\\\/12\\\/08\\\/o-tebra-f-c-sementa-a-paixon-polo-futbol-en-toda-a-parroquia\\\/#primaryimage\"},\"thumbnailUrl\":\"https:\\\/\\\/www.anovapeneira.gal\\\/wp-content\\\/uploads\\\/2025\\\/12\\\/tebra.jpg\",\"datePublished\":\"2025-12-08T11:00:36+00:00\",\"breadcrumb\":{\"@id\":\"https:\\\/\\\/www.anovapeneira.gal\\\/index.php\\\/2025\\\/12\\\/08\\\/o-tebra-f-c-sementa-a-paixon-polo-futbol-en-toda-a-parroquia\\\/#breadcrumb\"},\"inLanguage\":\"gl-ES\",\"potentialAction\":[{\"@type\":\"ReadAction\",\"target\":[\"https:\\\/\\\/www.anovapeneira.gal\\\/index.php\\\/2025\\\/12\\\/08\\\/o-tebra-f-c-sementa-a-paixon-polo-futbol-en-toda-a-parroquia\\\/\"]}]},{\"@type\":\"ImageObject\",\"inLanguage\":\"gl-ES\",\"@id\":\"https:\\\/\\\/www.anovapeneira.gal\\\/index.php\\\/2025\\\/12\\\/08\\\/o-tebra-f-c-sementa-a-paixon-polo-futbol-en-toda-a-parroquia\\\/#primaryimage\",\"url\":\"https:\\\/\\\/www.anovapeneira.gal\\\/wp-content\\\/uploads\\\/2025\\\/12\\\/tebra.jpg\",\"contentUrl\":\"https:\\\/\\\/www.anovapeneira.gal\\\/wp-content\\\/uploads\\\/2025\\\/12\\\/tebra.jpg\",\"width\":720,\"height\":432},{\"@type\":\"BreadcrumbList\",\"@id\":\"https:\\\/\\\/www.anovapeneira.gal\\\/index.php\\\/2025\\\/12\\\/08\\\/o-tebra-f-c-sementa-a-paixon-polo-futbol-en-toda-a-parroquia\\\/#breadcrumb\",\"itemListElement\":[{\"@type\":\"ListItem\",\"position\":1,\"name\":\"Portada\",\"item\":\"https:\\\/\\\/www.anovapeneira.gal\\\/\"},{\"@type\":\"ListItem\",\"position\":2,\"name\":\"O Tebra F.C sementa a paix\u00f3n polo f\u00fatbol en toda a parroquia\"}]},{\"@type\":\"WebSite\",\"@id\":\"https:\\\/\\\/www.anovapeneira.gal\\\/#website\",\"url\":\"https:\\\/\\\/www.anovapeneira.gal\\\/\",\"name\":\"\",\"description\":\"Xornal galego de informaci\u00f3n xeral Publicaci\u00f3n mensual de novas de Galicia e en especial dos Concellos da sur da provincia de Pontevedra.\",\"publisher\":{\"@id\":\"https:\\\/\\\/www.anovapeneira.gal\\\/#organization\"},\"potentialAction\":[{\"@type\":\"SearchAction\",\"target\":{\"@type\":\"EntryPoint\",\"urlTemplate\":\"https:\\\/\\\/www.anovapeneira.gal\\\/?s={search_term_string}\"},\"query-input\":{\"@type\":\"PropertyValueSpecification\",\"valueRequired\":true,\"valueName\":\"search_term_string\"}}],\"inLanguage\":\"gl-ES\"},{\"@type\":\"Organization\",\"@id\":\"https:\\\/\\\/www.anovapeneira.gal\\\/#organization\",\"name\":\"A Nova Peneira\",\"url\":\"https:\\\/\\\/www.anovapeneira.gal\\\/\",\"logo\":{\"@type\":\"ImageObject\",\"inLanguage\":\"gl-ES\",\"@id\":\"https:\\\/\\\/www.anovapeneira.gal\\\/#\\\/schema\\\/logo\\\/image\\\/\",\"url\":\"http:\\\/\\\/www.anovapeneira.gal\\\/wp-content\\\/uploads\\\/2019\\\/06\\\/logo_a_nova_peneira_portal_web.png\",\"contentUrl\":\"http:\\\/\\\/www.anovapeneira.gal\\\/wp-content\\\/uploads\\\/2019\\\/06\\\/logo_a_nova_peneira_portal_web.png\",\"width\":300,\"height\":100,\"caption\":\"A Nova Peneira\"},\"image\":{\"@id\":\"https:\\\/\\\/www.anovapeneira.gal\\\/#\\\/schema\\\/logo\\\/image\\\/\"},\"sameAs\":[\"https:\\\/\\\/www.facebook.com\\\/anovapeneira\",\"https:\\\/\\\/x.com\\\/APeneira\"]},{\"@type\":\"Person\",\"@id\":\"https:\\\/\\\/www.anovapeneira.gal\\\/#\\\/schema\\\/person\\\/b93e3f8932e3f8da96334607eb6ac6aa\",\"name\":\"Redacci\u00f3n A Nova Peneira\",\"image\":{\"@type\":\"ImageObject\",\"inLanguage\":\"gl-ES\",\"@id\":\"https:\\\/\\\/secure.gravatar.com\\\/avatar\\\/c052a2551a06e23fac63626232eaa90abd78dbcf1700fc46a2b2c89fd27b735f?s=96&d=mm&r=g\",\"url\":\"https:\\\/\\\/secure.gravatar.com\\\/avatar\\\/c052a2551a06e23fac63626232eaa90abd78dbcf1700fc46a2b2c89fd27b735f?s=96&d=mm&r=g\",\"contentUrl\":\"https:\\\/\\\/secure.gravatar.com\\\/avatar\\\/c052a2551a06e23fac63626232eaa90abd78dbcf1700fc46a2b2c89fd27b735f?s=96&d=mm&r=g\",\"caption\":\"Redacci\u00f3n A Nova Peneira\"},\"sameAs\":[\"http:\\\/\\\/www.anovapeneira.gal\\\/\"],\"url\":\"https:\\\/\\\/www.anovapeneira.gal\\\/index.php\\\/author\\\/redactor\\\/\"}]}<\/script>\n<!-- \/ Yoast SEO plugin. -->","yoast_head_json":{"title":"O Tebra F.C sementa a paix\u00f3n polo f\u00fatbol en toda a parroquia -","robots":{"index":"index","follow":"follow","max-snippet":"max-snippet:-1","max-image-preview":"max-image-preview:large","max-video-preview":"max-video-preview:-1"},"canonical":"https:\/\/www.anovapeneira.gal\/index.php\/2025\/12\/08\/o-tebra-f-c-sementa-a-paixon-polo-futbol-en-toda-a-parroquia\/","og_locale":"gl_ES","og_type":"article","og_title":"O Tebra F.C sementa a paix\u00f3n polo f\u00fatbol en toda a parroquia -","og_description":"Hai pouco m\u00e1is dunha d\u00e9cada un grupo de veci\u00f1os de Tebra emprenderon a tit\u00e1nica tarefa de resucitar o f\u00fatbol na s\u00faa parroquia, pois o equipo de Tebra por mor de distintos problemas econ\u00f3micos acabara por desaparecer [...]","og_url":"https:\/\/www.anovapeneira.gal\/index.php\/2025\/12\/08\/o-tebra-f-c-sementa-a-paixon-polo-futbol-en-toda-a-parroquia\/","article_publisher":"https:\/\/www.facebook.com\/anovapeneira","article_published_time":"2025-12-08T11:00:36+00:00","og_image":[{"width":720,"height":432,"url":"https:\/\/www.anovapeneira.gal\/wp-content\/uploads\/2025\/12\/tebra.jpg","type":"image\/jpeg"}],"author":"Redacci\u00f3n A Nova Peneira","twitter_card":"summary_large_image","twitter_creator":"@APeneira","twitter_site":"@APeneira","twitter_misc":{"Escrito por":"Redacci\u00f3n A Nova Peneira","Tempo de lectura":"3 minutos"},"schema":{"@context":"https:\/\/schema.org","@graph":[{"@type":"Article","@id":"https:\/\/www.anovapeneira.gal\/index.php\/2025\/12\/08\/o-tebra-f-c-sementa-a-paixon-polo-futbol-en-toda-a-parroquia\/#article","isPartOf":{"@id":"https:\/\/www.anovapeneira.gal\/index.php\/2025\/12\/08\/o-tebra-f-c-sementa-a-paixon-polo-futbol-en-toda-a-parroquia\/"},"author":{"name":"Redacci\u00f3n A Nova Peneira","@id":"https:\/\/www.anovapeneira.gal\/#\/schema\/person\/b93e3f8932e3f8da96334607eb6ac6aa"},"headline":"O Tebra F.C sementa a paix\u00f3n polo f\u00fatbol en toda a parroquia","datePublished":"2025-12-08T11:00:36+00:00","mainEntityOfPage":{"@id":"https:\/\/www.anovapeneira.gal\/index.php\/2025\/12\/08\/o-tebra-f-c-sementa-a-paixon-polo-futbol-en-toda-a-parroquia\/"},"wordCount":1097,"commentCount":0,"publisher":{"@id":"https:\/\/www.anovapeneira.gal\/#organization"},"image":{"@id":"https:\/\/www.anovapeneira.gal\/index.php\/2025\/12\/08\/o-tebra-f-c-sementa-a-paixon-polo-futbol-en-toda-a-parroquia\/#primaryimage"},"thumbnailUrl":"https:\/\/www.anovapeneira.gal\/wp-content\/uploads\/2025\/12\/tebra.jpg","keywords":["Concello de Tui"],"articleSection":["Baixo Mi\u00f1o"],"inLanguage":"gl-ES","potentialAction":[{"@type":"CommentAction","name":"Comment","target":["https:\/\/www.anovapeneira.gal\/index.php\/2025\/12\/08\/o-tebra-f-c-sementa-a-paixon-polo-futbol-en-toda-a-parroquia\/#respond"]}]},{"@type":"WebPage","@id":"https:\/\/www.anovapeneira.gal\/index.php\/2025\/12\/08\/o-tebra-f-c-sementa-a-paixon-polo-futbol-en-toda-a-parroquia\/","url":"https:\/\/www.anovapeneira.gal\/index.php\/2025\/12\/08\/o-tebra-f-c-sementa-a-paixon-polo-futbol-en-toda-a-parroquia\/","name":"O Tebra F.C sementa a paix\u00f3n polo f\u00fatbol en toda a parroquia -","isPartOf":{"@id":"https:\/\/www.anovapeneira.gal\/#website"},"primaryImageOfPage":{"@id":"https:\/\/www.anovapeneira.gal\/index.php\/2025\/12\/08\/o-tebra-f-c-sementa-a-paixon-polo-futbol-en-toda-a-parroquia\/#primaryimage"},"image":{"@id":"https:\/\/www.anovapeneira.gal\/index.php\/2025\/12\/08\/o-tebra-f-c-sementa-a-paixon-polo-futbol-en-toda-a-parroquia\/#primaryimage"},"thumbnailUrl":"https:\/\/www.anovapeneira.gal\/wp-content\/uploads\/2025\/12\/tebra.jpg","datePublished":"2025-12-08T11:00:36+00:00","breadcrumb":{"@id":"https:\/\/www.anovapeneira.gal\/index.php\/2025\/12\/08\/o-tebra-f-c-sementa-a-paixon-polo-futbol-en-toda-a-parroquia\/#breadcrumb"},"inLanguage":"gl-ES","potentialAction":[{"@type":"ReadAction","target":["https:\/\/www.anovapeneira.gal\/index.php\/2025\/12\/08\/o-tebra-f-c-sementa-a-paixon-polo-futbol-en-toda-a-parroquia\/"]}]},{"@type":"ImageObject","inLanguage":"gl-ES","@id":"https:\/\/www.anovapeneira.gal\/index.php\/2025\/12\/08\/o-tebra-f-c-sementa-a-paixon-polo-futbol-en-toda-a-parroquia\/#primaryimage","url":"https:\/\/www.anovapeneira.gal\/wp-content\/uploads\/2025\/12\/tebra.jpg","contentUrl":"https:\/\/www.anovapeneira.gal\/wp-content\/uploads\/2025\/12\/tebra.jpg","width":720,"height":432},{"@type":"BreadcrumbList","@id":"https:\/\/www.anovapeneira.gal\/index.php\/2025\/12\/08\/o-tebra-f-c-sementa-a-paixon-polo-futbol-en-toda-a-parroquia\/#breadcrumb","itemListElement":[{"@type":"ListItem","position":1,"name":"Portada","item":"https:\/\/www.anovapeneira.gal\/"},{"@type":"ListItem","position":2,"name":"O Tebra F.C sementa a paix\u00f3n polo f\u00fatbol en toda a parroquia"}]},{"@type":"WebSite","@id":"https:\/\/www.anovapeneira.gal\/#website","url":"https:\/\/www.anovapeneira.gal\/","name":"","description":"Xornal galego de informaci\u00f3n xeral Publicaci\u00f3n mensual de novas de Galicia e en especial dos Concellos da sur da provincia de Pontevedra.","publisher":{"@id":"https:\/\/www.anovapeneira.gal\/#organization"},"potentialAction":[{"@type":"SearchAction","target":{"@type":"EntryPoint","urlTemplate":"https:\/\/www.anovapeneira.gal\/?s={search_term_string}"},"query-input":{"@type":"PropertyValueSpecification","valueRequired":true,"valueName":"search_term_string"}}],"inLanguage":"gl-ES"},{"@type":"Organization","@id":"https:\/\/www.anovapeneira.gal\/#organization","name":"A Nova Peneira","url":"https:\/\/www.anovapeneira.gal\/","logo":{"@type":"ImageObject","inLanguage":"gl-ES","@id":"https:\/\/www.anovapeneira.gal\/#\/schema\/logo\/image\/","url":"http:\/\/www.anovapeneira.gal\/wp-content\/uploads\/2019\/06\/logo_a_nova_peneira_portal_web.png","contentUrl":"http:\/\/www.anovapeneira.gal\/wp-content\/uploads\/2019\/06\/logo_a_nova_peneira_portal_web.png","width":300,"height":100,"caption":"A Nova Peneira"},"image":{"@id":"https:\/\/www.anovapeneira.gal\/#\/schema\/logo\/image\/"},"sameAs":["https:\/\/www.facebook.com\/anovapeneira","https:\/\/x.com\/APeneira"]},{"@type":"Person","@id":"https:\/\/www.anovapeneira.gal\/#\/schema\/person\/b93e3f8932e3f8da96334607eb6ac6aa","name":"Redacci\u00f3n A Nova Peneira","image":{"@type":"ImageObject","inLanguage":"gl-ES","@id":"https:\/\/secure.gravatar.com\/avatar\/c052a2551a06e23fac63626232eaa90abd78dbcf1700fc46a2b2c89fd27b735f?s=96&d=mm&r=g","url":"https:\/\/secure.gravatar.com\/avatar\/c052a2551a06e23fac63626232eaa90abd78dbcf1700fc46a2b2c89fd27b735f?s=96&d=mm&r=g","contentUrl":"https:\/\/secure.gravatar.com\/avatar\/c052a2551a06e23fac63626232eaa90abd78dbcf1700fc46a2b2c89fd27b735f?s=96&d=mm&r=g","caption":"Redacci\u00f3n A Nova Peneira"},"sameAs":["http:\/\/www.anovapeneira.gal\/"],"url":"https:\/\/www.anovapeneira.gal\/index.php\/author\/redactor\/"}]}},"jetpack_featured_media_url":"https:\/\/www.anovapeneira.gal\/wp-content\/uploads\/2025\/12\/tebra.jpg","_links":{"self":[{"href":"https:\/\/www.anovapeneira.gal\/index.php\/wp-json\/wp\/v2\/posts\/15041","targetHints":{"allow":["GET"]}}],"collection":[{"href":"https:\/\/www.anovapeneira.gal\/index.php\/wp-json\/wp\/v2\/posts"}],"about":[{"href":"https:\/\/www.anovapeneira.gal\/index.php\/wp-json\/wp\/v2\/types\/post"}],"author":[{"embeddable":true,"href":"https:\/\/www.anovapeneira.gal\/index.php\/wp-json\/wp\/v2\/users\/3"}],"replies":[{"embeddable":true,"href":"https:\/\/www.anovapeneira.gal\/index.php\/wp-json\/wp\/v2\/comments?post=15041"}],"version-history":[{"count":1,"href":"https:\/\/www.anovapeneira.gal\/index.php\/wp-json\/wp\/v2\/posts\/15041\/revisions"}],"predecessor-version":[{"id":15043,"href":"https:\/\/www.anovapeneira.gal\/index.php\/wp-json\/wp\/v2\/posts\/15041\/revisions\/15043"}],"wp:featuredmedia":[{"embeddable":true,"href":"https:\/\/www.anovapeneira.gal\/index.php\/wp-json\/wp\/v2\/media\/15042"}],"wp:attachment":[{"href":"https:\/\/www.anovapeneira.gal\/index.php\/wp-json\/wp\/v2\/media?parent=15041"}],"wp:term":[{"taxonomy":"category","embeddable":true,"href":"https:\/\/www.anovapeneira.gal\/index.php\/wp-json\/wp\/v2\/categories?post=15041"},{"taxonomy":"post_tag","embeddable":true,"href":"https:\/\/www.anovapeneira.gal\/index.php\/wp-json\/wp\/v2\/tags?post=15041"}],"curies":[{"name":"wp","href":"https:\/\/api.w.org\/{rel}","templated":true}]}}