{"id":15046,"date":"2025-12-09T10:00:41","date_gmt":"2025-12-09T09:00:41","guid":{"rendered":"https:\/\/www.anovapeneira.gal\/?p=15046"},"modified":"2025-12-04T10:48:30","modified_gmt":"2025-12-04T09:48:30","slug":"covelo-c-f","status":"publish","type":"post","link":"https:\/\/www.anovapeneira.gal\/index.php\/2025\/12\/09\/covelo-c-f\/","title":{"rendered":"Covelo C.F."},"content":{"rendered":"\n<p><strong>Covelo \u00e9 un pobo moi pequeno do interior do pa\u00eds que presenta, como case todo o rural galego, graves problemas de envellecemento e de despoboamento. C\u00f3ntanos o presidente do equipo de f\u00fatbol, un home de 60 anos, que cando el era novo os alumnos do colexio pasaban de 1.000 e hoxe, medio s\u00e9culo despois, apenas superan os 100.Por\u00e9n, Covelo \u00e9 tam\u00e9n un pobo fermoso, dos m\u00e1is bonitos que co\u00f1ezo, que ten innumerables atractivos naturais, gastron\u00f3micos, e antropol\u00f3xicos para facelo un pobo enormemente atractivo para decidirse a vivir al\u00ed, e merece que se invistan os recursos necesarios para que poida ter as condici\u00f3ns suficientes, servizos e oportunidades, para que os mozos e mozas que queiran constru\u00edr o seu proxecto de vida neste para\u00edso natural, o poidan facer.<\/strong><\/p>\n\n\n\n<p><strong>O seu equipo de f\u00fatbol \u00e9 un dos nexos que fornece \u00e1s veci\u00f1anza dun profundo orgullo de identidade e n\u00f3s quixemos co\u00f1ecelo polo mi\u00fado. Vela\u00ed vai a conversa que tivemos co seu presidente.<\/strong><\/p>\n\n\n\n<p><strong>Juan Vilasboas Troncoso, presidente.<\/strong><\/p>\n\n\n\n<h2 class=\"wp-block-heading\">\u201c <strong>O noso equipo de f\u00fatbol \u00e9 un dos s\u00edmbolos que nos identifica como pobo, e que nos fai sentir orgullosos de sermos de Covelo\u201d<\/strong><\/h2>\n\n\n\n<p><strong>Queremos co\u00f1ecerte un pouco mellor?.<\/strong><\/p>\n\n\n\n<blockquote class=\"wp-block-quote is-layout-flow wp-block-quote-is-layout-flow\">\n<p>Eu son natural de Para\u00f1os a\u00ednda que levo xa moitos anos vivindo en Covelo. Traballo como comercial desde hai m\u00e1is de catro d\u00e9cadas, nunha importante empresa c\u00e1rnica do noso pobo.<\/p>\n<\/blockquote>\n\n\n\n<p><strong>Cando e como comezou a t\u00faa relaci\u00f3n co equipo de Covelo?<\/strong><\/p>\n\n\n\n<blockquote class=\"wp-block-quote is-layout-flow wp-block-quote-is-layout-flow\">\n<p>A mi\u00f1a historia \u00e9 un pouco curiosa. Eu te\u00f1o dous rapaces que xa pasan dos 30 e cando eran nenos e xogaban ao f\u00fatbol o \u00fanico que fac\u00eda era levalos a xogar. Logo, durante varios anos o equipo desapareceu e Covelo quedouse sen equipo de f\u00fatbol. Ata que arredor de media ducia de persoas nos xuntamos e decidimos crear un equipo no pobo para que os rapaces que tiveran interese puideran xogar en Covelo.<\/p>\n<\/blockquote>\n\n\n\n<p><strong>De que ano estamos falando?<\/strong><\/p>\n\n\n\n<blockquote class=\"wp-block-quote is-layout-flow wp-block-quote-is-layout-flow\">\n<p>Do ano 2012.Empezamos de 0.<\/p>\n<\/blockquote>\n\n\n\n<p><strong>Xa entraches como presidente?<\/strong><\/p>\n\n\n\n<blockquote class=\"wp-block-quote is-layout-flow wp-block-quote-is-layout-flow\">\n<p>Non, entrei como secretario. Como presidente levo dous anos.<\/p>\n<\/blockquote>\n\n\n\n<p><strong>Cantas persoas estades agora na directiva?<\/strong><\/p>\n\n\n\n<blockquote class=\"wp-block-quote is-layout-flow wp-block-quote-is-layout-flow\">\n<p>Oito persoas, d\u00faas mulleres e seis homes.<\/p>\n<\/blockquote>\n\n\n\n<p><strong>Onde xogades os vosos partidos?<\/strong><\/p>\n\n\n\n<blockquote class=\"wp-block-quote is-layout-flow wp-block-quote-is-layout-flow\">\n<p>No campo municipal de Covelo, que agora se chama Amable Ram\u00f3n Mart\u00ednez Vidal.<\/p>\n<\/blockquote>\n\n\n\n<p><strong>Quen foi Amable?<\/strong><\/p>\n\n\n\n<blockquote class=\"wp-block-quote is-layout-flow wp-block-quote-is-layout-flow\">\n<p>\u00c9 o actual vicepresidente. \u00c9 un home que leva toda a s\u00faa vida vinculado ao f\u00fatbol en Covelo, xa desde a etapa anterior, facendo un traballo desinteresado e tremendamente xeneroso para que poida haber f\u00fatbol no noso pobo. Po\u00f1erlle o seu nome ao noso campo \u00e9 un reco\u00f1ecemento moi merecido.<\/p>\n<\/blockquote>\n\n\n\n<p><strong>Cal \u00e9 o voso uniforme?<\/strong><\/p>\n\n\n\n<blockquote class=\"wp-block-quote is-layout-flow wp-block-quote-is-layout-flow\">\n<p>Camiseta verde e pantal\u00f3n e medias brancas. A segunda equipaxe \u00e9 de cor azul na camiseta, e negra as medias e o pantal\u00f3n.<\/p>\n<\/blockquote>\n\n\n\n<p><strong>S\u00f3 tedes equipo s\u00e9nior, verdade?<\/strong><\/p>\n\n\n\n<blockquote class=\"wp-block-quote is-layout-flow wp-block-quote-is-layout-flow\">\n<p>Si, temos un equipo s\u00e9nior que actualmente compite en 3\u00ba auton\u00f3mica. Tam\u00e9n hai un equipo de veteranos, que son independentes, pero que temos unha moi boa relaci\u00f3n, flu\u00edda e cordial.<\/p>\n<\/blockquote>\n\n\n\n<p><strong>Por que non tendes canteira?<\/strong><\/p>\n\n\n\n<blockquote class=\"wp-block-quote is-layout-flow wp-block-quote-is-layout-flow\">\n<p>Encantar\u00edame tela, desde logo que si. Pero por desgraza en Covelo non hai rapaces suficientes. A Galicia rural ten un grave problema de despoboamento e o noso pobo non \u00e9 inmune a esa situaci\u00f3n. F\u00edxate se \u00e9 un problema grave que eu te\u00f1o 61 anos e cando \u00eda ao colexio pasabamos dos 1.000 alumnos, hoxe apenas pasan dos 100.<\/p>\n<\/blockquote>\n\n\n\n<p><strong>En Covelo non hai m\u00e1is equipos ?<\/strong><\/p>\n\n\n\n<blockquote class=\"wp-block-quote is-layout-flow wp-block-quote-is-layout-flow\">\n<p>Non, non hai. Somos n\u00f3s s\u00f3s. E mira que en tempos h\u00f3uboos: Na Lamosa, en Para\u00f1os, en Barcia de Mera, en Maceiras..De feito n\u00f3s cando comezamos a\u00ednda exist\u00eda o Barcia de Mera.<\/p>\n<\/blockquote>\n\n\n\n<p><strong>Cantas fichas temos?<\/strong><\/p>\n\n\n\n<blockquote class=\"wp-block-quote is-layout-flow wp-block-quote-is-layout-flow\">\n<p>Na actualidade temos 25 fichas.<\/p>\n<\/blockquote>\n\n\n\n<p><strong>De onde son os xogadores?<\/strong><\/p>\n\n\n\n<blockquote class=\"wp-block-quote is-layout-flow wp-block-quote-is-layout-flow\">\n<p>En xeral son da comarca. Temos arredor de 12 que son de Covelo, e o resto son de distintas localidades veci\u00f1as.<\/p>\n<\/blockquote>\n\n\n\n<p><strong>Estades en 3\u00ba auton\u00f3mica. Que tal ides nesta temporada?<\/strong><\/p>\n\n\n\n<blockquote class=\"wp-block-quote is-layout-flow wp-block-quote-is-layout-flow\">\n<p>Estabamos bastante ben, chegamos a estar de 5\u00ba, pero os \u00faltimos resultados non foron bos. Andamos m\u00e1is ou menos pola metade da t\u00e1boa.<\/p>\n<\/blockquote>\n\n\n\n<p><strong>Pensar en ascender este ano \u00e9 factible?<\/strong><\/p>\n\n\n\n<blockquote class=\"wp-block-quote is-layout-flow wp-block-quote-is-layout-flow\">\n<p>Este ano v\u00e9xoo dif\u00edcil. A principios de temporada era un obxectivo que entendiamos como posible. Pero visto como vai a cousa, sen renunciar a nada, penso que est\u00e1 complicado.<\/p>\n<\/blockquote>\n\n\n\n<p><strong>Como valoras a vinculaci\u00f3n que ten o pobo de Covelo co seu equipo de f\u00fatbol?<\/strong><\/p>\n\n\n\n<blockquote class=\"wp-block-quote is-layout-flow wp-block-quote-is-layout-flow\">\n<p>Temos moitos socios e colaboradores aos que lles estou moi agradecido. Sen o seu apoio ser\u00eda moi complicado poder seguir existindo. O equipo \u00e9 un s\u00edmbolo de identidade que nos une como pobo, que nos fai, xunto con moitas outras cousas, estar moi orgullosos de sermos de Covelo.<\/p>\n<\/blockquote>\n\n\n\n<blockquote class=\"wp-block-quote is-layout-flow wp-block-quote-is-layout-flow\">\n<p>A sociedade de Covelo responde moi ben co seu equipo de f\u00fatbol. Covelo era un sitio historicamente de vir pouca xente ao f\u00fatbol, pero cada vez notamos un maior apoio da nosa afecci\u00f3n. Tam\u00e9n \u00e9 verdade que n\u00f3s procuramos facer cousas para motivar \u00e1 xente.<\/p>\n<\/blockquote>\n\n\n\n<p><strong>Por exemplo?<\/strong><\/p>\n\n\n\n<blockquote class=\"wp-block-quote is-layout-flow wp-block-quote-is-layout-flow\">\n<p>Pois temos organizado por exemplo unha chocolatada con rosca que tivo moito \u00e9xito.<\/p>\n<\/blockquote>\n\n\n\n<p><strong>E cando ides f\u00f3ra levades p\u00fablico de Covelo?<\/strong><\/p>\n\n\n\n<blockquote class=\"wp-block-quote is-layout-flow wp-block-quote-is-layout-flow\">\n<p>Cada vez m\u00e1is. \u00c1s veces hai m\u00e1is xente de Covelo que afeccionados do equipo local.<\/p>\n<\/blockquote>\n\n\n\n<p><strong>Cantos socios tedes?<\/strong><\/p>\n\n\n\n<blockquote class=\"wp-block-quote is-layout-flow wp-block-quote-is-layout-flow\">\n<p>Arredor de 150.<\/p>\n<\/blockquote>\n\n\n\n<p><strong>A cuesti\u00f3n econ\u00f3mica como a levades?<\/strong><\/p>\n\n\n\n<blockquote class=\"wp-block-quote is-layout-flow wp-block-quote-is-layout-flow\">\n<p>Imos tirando como podemos. A verdade \u00e9 que est\u00e1 todo enormemente caro e resulta bastante dif\u00edcil. Procuramos facer unha xesti\u00f3n moi responsable dos nosos recursos para que non cheguemos a ter problemas serios. N\u00f3s temos unha subvenci\u00f3n do Concello pero s\u00f3 cubre o 30% do orzamento. O outro 70% temos que buscalo entre os socios, a publicidade e a cantina. \u00c1s veces hai que facer verdadeiros malabarismos para cadrar os n\u00fameros.<\/p>\n<\/blockquote>\n\n\n\n<p><strong>Que tal se porta o alcalde Pablo Castillo co equipo?<\/strong><\/p>\n\n\n\n<blockquote class=\"wp-block-quote is-layout-flow wp-block-quote-is-layout-flow\">\n<p>P\u00f3rtase moi ben. En realidade p\u00f3rtase de marabilla. Sempre est\u00e1 cando o necesitamos. E, no que est\u00e1 na s\u00faa man, resolve calquera incidencia que te\u00f1amos de maneira \u00e1xil e dilixente. N\u00f3tase que o noso alcalde est\u00e1 moi orgulloso do noso pobo. E calquera entidade ,colectivo ou individuo que po\u00f1a en valor Covelo sempre o vai ter para colaborar man con man.<\/p>\n<\/blockquote>\n\n\n\n<p><strong>En funci\u00f3n da realidade econ\u00f3mica e demogr\u00e1fica de Covelo, ti cal cres que ser\u00eda a categor\u00eda natural na que o equipo se debera de consolidar?<\/strong><\/p>\n\n\n\n<blockquote class=\"wp-block-quote is-layout-flow wp-block-quote-is-layout-flow\">\n<p>Eu creo que nos deberamos mover entre a segunda e a primeira auton\u00f3mica. Temos que ir paso a paso e o antes que poidamos subir a 2\u00ba e consolidarnos nesa categor\u00eda. E unha vez que iso aconteza, haber\u00eda que formularse metas maiores e pensar na 1\u00ba auton\u00f3mica. Pensar en m\u00e1is arriba v\u00e9xoo case imposible.<\/p>\n<\/blockquote>\n\n\n\n<p><strong>Ti non es ning\u00fan mozo, Juan. A\u00ednda tes o corpo para o esforzo tan grande que esixe dirixir un equipo de f\u00fatbol modesto?<\/strong><\/p>\n\n\n\n<blockquote class=\"wp-block-quote is-layout-flow wp-block-quote-is-layout-flow\">\n<p>A verdade \u00e9 que isto esixe moito tempo e moito esforzo, si. G\u00fastame moito o que fago, pero no momento no que tanto eu como os meus compa\u00f1eiros deamos un paso atr\u00e1s agardo que haxa quen tome o relevo. Non creo que a curto prazo te\u00f1amos problema para a continuidade no tempo. Pois na directiva hai d\u00faas mozas moi novas e moi preparadas, que a\u00ednda te\u00f1en corda para moitas m\u00e1is batallas.<\/p>\n<\/blockquote>\n","protected":false},"excerpt":{"rendered":"<div class=\"mh-excerpt\"><p>Covelo \u00e9 un pobo moi pequeno do interior do pa\u00eds que presenta, como case todo o rural galego, graves problemas de envellecemento e de despoboamento <a class=\"mh-excerpt-more\" href=\"https:\/\/www.anovapeneira.gal\/index.php\/2025\/12\/09\/covelo-c-f\/\" title=\"Covelo C.F.\">[&#8230;]<\/a><\/p>\n<\/div>","protected":false},"author":3,"featured_media":15047,"comment_status":"open","ping_status":"open","sticky":false,"template":"","format":"standard","meta":{"_exactmetrics_skip_tracking":false,"_exactmetrics_sitenote_active":false,"_exactmetrics_sitenote_note":"","_exactmetrics_sitenote_category":0,"footnotes":""},"categories":[1468],"tags":[1306],"class_list":{"0":"post-15046","1":"post","2":"type-post","3":"status-publish","4":"format-standard","5":"has-post-thumbnail","7":"category-paradanta-entrevistas","8":"tag-concello-de-covelo"},"yoast_head":"<!-- This site is optimized with the Yoast SEO plugin v27.4 - https:\/\/yoast.com\/product\/yoast-seo-wordpress\/ -->\n<title>Covelo C.F. -<\/title>\n<meta name=\"robots\" content=\"index, follow, max-snippet:-1, max-image-preview:large, max-video-preview:-1\" \/>\n<link rel=\"canonical\" href=\"https:\/\/www.anovapeneira.gal\/index.php\/2025\/12\/09\/covelo-c-f\/\" \/>\n<meta property=\"og:locale\" content=\"gl_ES\" \/>\n<meta property=\"og:type\" content=\"article\" \/>\n<meta property=\"og:title\" content=\"Covelo C.F. -\" \/>\n<meta property=\"og:description\" content=\"Covelo \u00e9 un pobo moi pequeno do interior do pa\u00eds que presenta, como case todo o rural galego, graves problemas de envellecemento e de despoboamento [...]\" \/>\n<meta property=\"og:url\" content=\"https:\/\/www.anovapeneira.gal\/index.php\/2025\/12\/09\/covelo-c-f\/\" \/>\n<meta property=\"article:publisher\" content=\"https:\/\/www.facebook.com\/anovapeneira\" \/>\n<meta property=\"article:published_time\" content=\"2025-12-09T09:00:41+00:00\" \/>\n<meta property=\"og:image\" content=\"https:\/\/www.anovapeneira.gal\/wp-content\/uploads\/2025\/12\/covelo.png\" \/>\n\t<meta property=\"og:image:width\" content=\"720\" \/>\n\t<meta property=\"og:image:height\" content=\"432\" \/>\n\t<meta property=\"og:image:type\" content=\"image\/png\" \/>\n<meta name=\"author\" content=\"Redacci\u00f3n A Nova Peneira\" \/>\n<meta name=\"twitter:card\" content=\"summary_large_image\" \/>\n<meta name=\"twitter:creator\" content=\"@APeneira\" \/>\n<meta name=\"twitter:site\" content=\"@APeneira\" \/>\n<meta name=\"twitter:label1\" content=\"Escrito por\" \/>\n\t<meta name=\"twitter:data1\" content=\"Redacci\u00f3n A Nova Peneira\" \/>\n\t<meta name=\"twitter:label2\" content=\"Tempo de lectura\" \/>\n\t<meta name=\"twitter:data2\" content=\"3 minutos\" \/>\n<script type=\"application\/ld+json\" class=\"yoast-schema-graph\">{\"@context\":\"https:\\\/\\\/schema.org\",\"@graph\":[{\"@type\":\"Article\",\"@id\":\"https:\\\/\\\/www.anovapeneira.gal\\\/index.php\\\/2025\\\/12\\\/09\\\/covelo-c-f\\\/#article\",\"isPartOf\":{\"@id\":\"https:\\\/\\\/www.anovapeneira.gal\\\/index.php\\\/2025\\\/12\\\/09\\\/covelo-c-f\\\/\"},\"author\":{\"name\":\"Redacci\u00f3n A Nova Peneira\",\"@id\":\"https:\\\/\\\/www.anovapeneira.gal\\\/#\\\/schema\\\/person\\\/b93e3f8932e3f8da96334607eb6ac6aa\"},\"headline\":\"Covelo C.F.\",\"datePublished\":\"2025-12-09T09:00:41+00:00\",\"mainEntityOfPage\":{\"@id\":\"https:\\\/\\\/www.anovapeneira.gal\\\/index.php\\\/2025\\\/12\\\/09\\\/covelo-c-f\\\/\"},\"wordCount\":1238,\"commentCount\":0,\"publisher\":{\"@id\":\"https:\\\/\\\/www.anovapeneira.gal\\\/#organization\"},\"image\":{\"@id\":\"https:\\\/\\\/www.anovapeneira.gal\\\/index.php\\\/2025\\\/12\\\/09\\\/covelo-c-f\\\/#primaryimage\"},\"thumbnailUrl\":\"https:\\\/\\\/www.anovapeneira.gal\\\/wp-content\\\/uploads\\\/2025\\\/12\\\/covelo.png\",\"keywords\":[\"Concello de Covelo\"],\"articleSection\":[\"Paradanta\"],\"inLanguage\":\"gl-ES\",\"potentialAction\":[{\"@type\":\"CommentAction\",\"name\":\"Comment\",\"target\":[\"https:\\\/\\\/www.anovapeneira.gal\\\/index.php\\\/2025\\\/12\\\/09\\\/covelo-c-f\\\/#respond\"]}]},{\"@type\":\"WebPage\",\"@id\":\"https:\\\/\\\/www.anovapeneira.gal\\\/index.php\\\/2025\\\/12\\\/09\\\/covelo-c-f\\\/\",\"url\":\"https:\\\/\\\/www.anovapeneira.gal\\\/index.php\\\/2025\\\/12\\\/09\\\/covelo-c-f\\\/\",\"name\":\"Covelo C.F. -\",\"isPartOf\":{\"@id\":\"https:\\\/\\\/www.anovapeneira.gal\\\/#website\"},\"primaryImageOfPage\":{\"@id\":\"https:\\\/\\\/www.anovapeneira.gal\\\/index.php\\\/2025\\\/12\\\/09\\\/covelo-c-f\\\/#primaryimage\"},\"image\":{\"@id\":\"https:\\\/\\\/www.anovapeneira.gal\\\/index.php\\\/2025\\\/12\\\/09\\\/covelo-c-f\\\/#primaryimage\"},\"thumbnailUrl\":\"https:\\\/\\\/www.anovapeneira.gal\\\/wp-content\\\/uploads\\\/2025\\\/12\\\/covelo.png\",\"datePublished\":\"2025-12-09T09:00:41+00:00\",\"breadcrumb\":{\"@id\":\"https:\\\/\\\/www.anovapeneira.gal\\\/index.php\\\/2025\\\/12\\\/09\\\/covelo-c-f\\\/#breadcrumb\"},\"inLanguage\":\"gl-ES\",\"potentialAction\":[{\"@type\":\"ReadAction\",\"target\":[\"https:\\\/\\\/www.anovapeneira.gal\\\/index.php\\\/2025\\\/12\\\/09\\\/covelo-c-f\\\/\"]}]},{\"@type\":\"ImageObject\",\"inLanguage\":\"gl-ES\",\"@id\":\"https:\\\/\\\/www.anovapeneira.gal\\\/index.php\\\/2025\\\/12\\\/09\\\/covelo-c-f\\\/#primaryimage\",\"url\":\"https:\\\/\\\/www.anovapeneira.gal\\\/wp-content\\\/uploads\\\/2025\\\/12\\\/covelo.png\",\"contentUrl\":\"https:\\\/\\\/www.anovapeneira.gal\\\/wp-content\\\/uploads\\\/2025\\\/12\\\/covelo.png\",\"width\":720,\"height\":432},{\"@type\":\"BreadcrumbList\",\"@id\":\"https:\\\/\\\/www.anovapeneira.gal\\\/index.php\\\/2025\\\/12\\\/09\\\/covelo-c-f\\\/#breadcrumb\",\"itemListElement\":[{\"@type\":\"ListItem\",\"position\":1,\"name\":\"Portada\",\"item\":\"https:\\\/\\\/www.anovapeneira.gal\\\/\"},{\"@type\":\"ListItem\",\"position\":2,\"name\":\"Covelo C.F.\"}]},{\"@type\":\"WebSite\",\"@id\":\"https:\\\/\\\/www.anovapeneira.gal\\\/#website\",\"url\":\"https:\\\/\\\/www.anovapeneira.gal\\\/\",\"name\":\"\",\"description\":\"Xornal galego de informaci\u00f3n xeral Publicaci\u00f3n mensual de novas de Galicia e en especial dos Concellos da sur da provincia de Pontevedra.\",\"publisher\":{\"@id\":\"https:\\\/\\\/www.anovapeneira.gal\\\/#organization\"},\"potentialAction\":[{\"@type\":\"SearchAction\",\"target\":{\"@type\":\"EntryPoint\",\"urlTemplate\":\"https:\\\/\\\/www.anovapeneira.gal\\\/?s={search_term_string}\"},\"query-input\":{\"@type\":\"PropertyValueSpecification\",\"valueRequired\":true,\"valueName\":\"search_term_string\"}}],\"inLanguage\":\"gl-ES\"},{\"@type\":\"Organization\",\"@id\":\"https:\\\/\\\/www.anovapeneira.gal\\\/#organization\",\"name\":\"A Nova Peneira\",\"url\":\"https:\\\/\\\/www.anovapeneira.gal\\\/\",\"logo\":{\"@type\":\"ImageObject\",\"inLanguage\":\"gl-ES\",\"@id\":\"https:\\\/\\\/www.anovapeneira.gal\\\/#\\\/schema\\\/logo\\\/image\\\/\",\"url\":\"http:\\\/\\\/www.anovapeneira.gal\\\/wp-content\\\/uploads\\\/2019\\\/06\\\/logo_a_nova_peneira_portal_web.png\",\"contentUrl\":\"http:\\\/\\\/www.anovapeneira.gal\\\/wp-content\\\/uploads\\\/2019\\\/06\\\/logo_a_nova_peneira_portal_web.png\",\"width\":300,\"height\":100,\"caption\":\"A Nova Peneira\"},\"image\":{\"@id\":\"https:\\\/\\\/www.anovapeneira.gal\\\/#\\\/schema\\\/logo\\\/image\\\/\"},\"sameAs\":[\"https:\\\/\\\/www.facebook.com\\\/anovapeneira\",\"https:\\\/\\\/x.com\\\/APeneira\"]},{\"@type\":\"Person\",\"@id\":\"https:\\\/\\\/www.anovapeneira.gal\\\/#\\\/schema\\\/person\\\/b93e3f8932e3f8da96334607eb6ac6aa\",\"name\":\"Redacci\u00f3n A Nova Peneira\",\"image\":{\"@type\":\"ImageObject\",\"inLanguage\":\"gl-ES\",\"@id\":\"https:\\\/\\\/secure.gravatar.com\\\/avatar\\\/c052a2551a06e23fac63626232eaa90abd78dbcf1700fc46a2b2c89fd27b735f?s=96&d=mm&r=g\",\"url\":\"https:\\\/\\\/secure.gravatar.com\\\/avatar\\\/c052a2551a06e23fac63626232eaa90abd78dbcf1700fc46a2b2c89fd27b735f?s=96&d=mm&r=g\",\"contentUrl\":\"https:\\\/\\\/secure.gravatar.com\\\/avatar\\\/c052a2551a06e23fac63626232eaa90abd78dbcf1700fc46a2b2c89fd27b735f?s=96&d=mm&r=g\",\"caption\":\"Redacci\u00f3n A Nova Peneira\"},\"sameAs\":[\"http:\\\/\\\/www.anovapeneira.gal\\\/\"],\"url\":\"https:\\\/\\\/www.anovapeneira.gal\\\/index.php\\\/author\\\/redactor\\\/\"}]}<\/script>\n<!-- \/ Yoast SEO plugin. -->","yoast_head_json":{"title":"Covelo C.F. -","robots":{"index":"index","follow":"follow","max-snippet":"max-snippet:-1","max-image-preview":"max-image-preview:large","max-video-preview":"max-video-preview:-1"},"canonical":"https:\/\/www.anovapeneira.gal\/index.php\/2025\/12\/09\/covelo-c-f\/","og_locale":"gl_ES","og_type":"article","og_title":"Covelo C.F. -","og_description":"Covelo \u00e9 un pobo moi pequeno do interior do pa\u00eds que presenta, como case todo o rural galego, graves problemas de envellecemento e de despoboamento [...]","og_url":"https:\/\/www.anovapeneira.gal\/index.php\/2025\/12\/09\/covelo-c-f\/","article_publisher":"https:\/\/www.facebook.com\/anovapeneira","article_published_time":"2025-12-09T09:00:41+00:00","og_image":[{"width":720,"height":432,"url":"https:\/\/www.anovapeneira.gal\/wp-content\/uploads\/2025\/12\/covelo.png","type":"image\/png"}],"author":"Redacci\u00f3n A Nova Peneira","twitter_card":"summary_large_image","twitter_creator":"@APeneira","twitter_site":"@APeneira","twitter_misc":{"Escrito por":"Redacci\u00f3n A Nova Peneira","Tempo de lectura":"3 minutos"},"schema":{"@context":"https:\/\/schema.org","@graph":[{"@type":"Article","@id":"https:\/\/www.anovapeneira.gal\/index.php\/2025\/12\/09\/covelo-c-f\/#article","isPartOf":{"@id":"https:\/\/www.anovapeneira.gal\/index.php\/2025\/12\/09\/covelo-c-f\/"},"author":{"name":"Redacci\u00f3n A Nova Peneira","@id":"https:\/\/www.anovapeneira.gal\/#\/schema\/person\/b93e3f8932e3f8da96334607eb6ac6aa"},"headline":"Covelo C.F.","datePublished":"2025-12-09T09:00:41+00:00","mainEntityOfPage":{"@id":"https:\/\/www.anovapeneira.gal\/index.php\/2025\/12\/09\/covelo-c-f\/"},"wordCount":1238,"commentCount":0,"publisher":{"@id":"https:\/\/www.anovapeneira.gal\/#organization"},"image":{"@id":"https:\/\/www.anovapeneira.gal\/index.php\/2025\/12\/09\/covelo-c-f\/#primaryimage"},"thumbnailUrl":"https:\/\/www.anovapeneira.gal\/wp-content\/uploads\/2025\/12\/covelo.png","keywords":["Concello de Covelo"],"articleSection":["Paradanta"],"inLanguage":"gl-ES","potentialAction":[{"@type":"CommentAction","name":"Comment","target":["https:\/\/www.anovapeneira.gal\/index.php\/2025\/12\/09\/covelo-c-f\/#respond"]}]},{"@type":"WebPage","@id":"https:\/\/www.anovapeneira.gal\/index.php\/2025\/12\/09\/covelo-c-f\/","url":"https:\/\/www.anovapeneira.gal\/index.php\/2025\/12\/09\/covelo-c-f\/","name":"Covelo C.F. -","isPartOf":{"@id":"https:\/\/www.anovapeneira.gal\/#website"},"primaryImageOfPage":{"@id":"https:\/\/www.anovapeneira.gal\/index.php\/2025\/12\/09\/covelo-c-f\/#primaryimage"},"image":{"@id":"https:\/\/www.anovapeneira.gal\/index.php\/2025\/12\/09\/covelo-c-f\/#primaryimage"},"thumbnailUrl":"https:\/\/www.anovapeneira.gal\/wp-content\/uploads\/2025\/12\/covelo.png","datePublished":"2025-12-09T09:00:41+00:00","breadcrumb":{"@id":"https:\/\/www.anovapeneira.gal\/index.php\/2025\/12\/09\/covelo-c-f\/#breadcrumb"},"inLanguage":"gl-ES","potentialAction":[{"@type":"ReadAction","target":["https:\/\/www.anovapeneira.gal\/index.php\/2025\/12\/09\/covelo-c-f\/"]}]},{"@type":"ImageObject","inLanguage":"gl-ES","@id":"https:\/\/www.anovapeneira.gal\/index.php\/2025\/12\/09\/covelo-c-f\/#primaryimage","url":"https:\/\/www.anovapeneira.gal\/wp-content\/uploads\/2025\/12\/covelo.png","contentUrl":"https:\/\/www.anovapeneira.gal\/wp-content\/uploads\/2025\/12\/covelo.png","width":720,"height":432},{"@type":"BreadcrumbList","@id":"https:\/\/www.anovapeneira.gal\/index.php\/2025\/12\/09\/covelo-c-f\/#breadcrumb","itemListElement":[{"@type":"ListItem","position":1,"name":"Portada","item":"https:\/\/www.anovapeneira.gal\/"},{"@type":"ListItem","position":2,"name":"Covelo C.F."}]},{"@type":"WebSite","@id":"https:\/\/www.anovapeneira.gal\/#website","url":"https:\/\/www.anovapeneira.gal\/","name":"","description":"Xornal galego de informaci\u00f3n xeral Publicaci\u00f3n mensual de novas de Galicia e en especial dos Concellos da sur da provincia de Pontevedra.","publisher":{"@id":"https:\/\/www.anovapeneira.gal\/#organization"},"potentialAction":[{"@type":"SearchAction","target":{"@type":"EntryPoint","urlTemplate":"https:\/\/www.anovapeneira.gal\/?s={search_term_string}"},"query-input":{"@type":"PropertyValueSpecification","valueRequired":true,"valueName":"search_term_string"}}],"inLanguage":"gl-ES"},{"@type":"Organization","@id":"https:\/\/www.anovapeneira.gal\/#organization","name":"A Nova Peneira","url":"https:\/\/www.anovapeneira.gal\/","logo":{"@type":"ImageObject","inLanguage":"gl-ES","@id":"https:\/\/www.anovapeneira.gal\/#\/schema\/logo\/image\/","url":"http:\/\/www.anovapeneira.gal\/wp-content\/uploads\/2019\/06\/logo_a_nova_peneira_portal_web.png","contentUrl":"http:\/\/www.anovapeneira.gal\/wp-content\/uploads\/2019\/06\/logo_a_nova_peneira_portal_web.png","width":300,"height":100,"caption":"A Nova Peneira"},"image":{"@id":"https:\/\/www.anovapeneira.gal\/#\/schema\/logo\/image\/"},"sameAs":["https:\/\/www.facebook.com\/anovapeneira","https:\/\/x.com\/APeneira"]},{"@type":"Person","@id":"https:\/\/www.anovapeneira.gal\/#\/schema\/person\/b93e3f8932e3f8da96334607eb6ac6aa","name":"Redacci\u00f3n A Nova Peneira","image":{"@type":"ImageObject","inLanguage":"gl-ES","@id":"https:\/\/secure.gravatar.com\/avatar\/c052a2551a06e23fac63626232eaa90abd78dbcf1700fc46a2b2c89fd27b735f?s=96&d=mm&r=g","url":"https:\/\/secure.gravatar.com\/avatar\/c052a2551a06e23fac63626232eaa90abd78dbcf1700fc46a2b2c89fd27b735f?s=96&d=mm&r=g","contentUrl":"https:\/\/secure.gravatar.com\/avatar\/c052a2551a06e23fac63626232eaa90abd78dbcf1700fc46a2b2c89fd27b735f?s=96&d=mm&r=g","caption":"Redacci\u00f3n A Nova Peneira"},"sameAs":["http:\/\/www.anovapeneira.gal\/"],"url":"https:\/\/www.anovapeneira.gal\/index.php\/author\/redactor\/"}]}},"jetpack_featured_media_url":"https:\/\/www.anovapeneira.gal\/wp-content\/uploads\/2025\/12\/covelo.png","_links":{"self":[{"href":"https:\/\/www.anovapeneira.gal\/index.php\/wp-json\/wp\/v2\/posts\/15046","targetHints":{"allow":["GET"]}}],"collection":[{"href":"https:\/\/www.anovapeneira.gal\/index.php\/wp-json\/wp\/v2\/posts"}],"about":[{"href":"https:\/\/www.anovapeneira.gal\/index.php\/wp-json\/wp\/v2\/types\/post"}],"author":[{"embeddable":true,"href":"https:\/\/www.anovapeneira.gal\/index.php\/wp-json\/wp\/v2\/users\/3"}],"replies":[{"embeddable":true,"href":"https:\/\/www.anovapeneira.gal\/index.php\/wp-json\/wp\/v2\/comments?post=15046"}],"version-history":[{"count":1,"href":"https:\/\/www.anovapeneira.gal\/index.php\/wp-json\/wp\/v2\/posts\/15046\/revisions"}],"predecessor-version":[{"id":15048,"href":"https:\/\/www.anovapeneira.gal\/index.php\/wp-json\/wp\/v2\/posts\/15046\/revisions\/15048"}],"wp:featuredmedia":[{"embeddable":true,"href":"https:\/\/www.anovapeneira.gal\/index.php\/wp-json\/wp\/v2\/media\/15047"}],"wp:attachment":[{"href":"https:\/\/www.anovapeneira.gal\/index.php\/wp-json\/wp\/v2\/media?parent=15046"}],"wp:term":[{"taxonomy":"category","embeddable":true,"href":"https:\/\/www.anovapeneira.gal\/index.php\/wp-json\/wp\/v2\/categories?post=15046"},{"taxonomy":"post_tag","embeddable":true,"href":"https:\/\/www.anovapeneira.gal\/index.php\/wp-json\/wp\/v2\/tags?post=15046"}],"curies":[{"name":"wp","href":"https:\/\/api.w.org\/{rel}","templated":true}]}}